{"id":430845,"date":"2025-01-22T05:35:01","date_gmt":"2025-01-22T04:35:01","guid":{"rendered":"https:\/\/www.radiopiu.net\/wordpress\/?p=430845"},"modified":"2025-01-22T05:41:44","modified_gmt":"2025-01-22T04:41:44","slug":"incidente-sul-lavoro-allo-stabilimento-di-unifarco","status":"publish","type":"post","link":"https:\/\/www.radiopiu.net\/wordpress\/incidente-sul-lavoro-allo-stabilimento-di-unifarco\/","title":{"rendered":"INCIDENTE SUL LAVORO ALLO STABILIMENTO DI UNIFARCO"},"content":{"rendered":"<p>******<\/p>\n<p>&nbsp;<\/p>\n<p><strong><a class=\"dt-pswp-item\" href=\"https:\/\/www.radiopiu.net\/wordpress\/wp-content\/uploads\/2024\/03\/e040112e-5e6f-4e7a-9965-35c6262d822e.jpg\" data-dt-img-description=\"\" data-large_image_width=\"1071\" data-large_image_height=\"679\"><img loading=\"lazy\" decoding=\"async\" class=\" wp-image-379219 alignleft\" src=\"https:\/\/www.radiopiu.net\/wordpress\/wp-content\/uploads\/2024\/03\/e040112e-5e6f-4e7a-9965-35c6262d822e-300x190.jpg\" alt=\"\" width=\"152\" height=\"96\" srcset=\"https:\/\/www.radiopiu.net\/wordpress\/wp-content\/uploads\/2024\/03\/e040112e-5e6f-4e7a-9965-35c6262d822e-300x190.jpg 300w, https:\/\/www.radiopiu.net\/wordpress\/wp-content\/uploads\/2024\/03\/e040112e-5e6f-4e7a-9965-35c6262d822e-1024x649.jpg 1024w, https:\/\/www.radiopiu.net\/wordpress\/wp-content\/uploads\/2024\/03\/e040112e-5e6f-4e7a-9965-35c6262d822e-768x487.jpg 768w, https:\/\/www.radiopiu.net\/wordpress\/wp-content\/uploads\/2024\/03\/e040112e-5e6f-4e7a-9965-35c6262d822e.jpg 1071w\" sizes=\"auto, (max-width: 152px) 100vw, 152px\" \/><\/a>SANTA GIUSTINA <\/strong>Un incidente sul lavoro si \u00e8 verificato oggi presso una struttura legata all&#8217;Unifarco. Un uomo, mentre stava lavorando sul tetto di un edificio, \u00e8 caduto da un&#8217;altezza di circa 15 metri. Nonostante la gravit\u00e0 della caduta, la vittima \u00e8 rimasta cosciente ed \u00e8 stata immediatamente soccorsa. Dopo le prime cure sul posto, \u00e8 stato trasportato in elicottero all&#8217;ospedale di Feltre per ulteriori accertamenti e trattamenti. Ispezioni in corso sul luogo dell&#8217;incidente.<\/p>\n<p>&nbsp;<\/p>\n<p><strong>LA NOTA STAMPA DI UNIFARCO<\/strong><\/p>\n<p style=\"font-weight: 400;\" data-ogsb=\"white\"><em><span data-ogsc=\"black\">La Societ\u00e0 informa che, presso lo stabilimento di Santa Giustina, nel pomeriggio di marted\u00ec 21 gennaio, si \u00e8 verificato un infortunio nell\u2019ambito del cantiere di ampliamento dell\u2019area confezionamento. <\/span><\/em><em><span data-ogsc=\"black\">Un operaio di 34 anni &#8211; lavoratore di una ditta appaltatrice operante nel cantiere &#8211; ha subito una caduta dall\u2019alto. <\/span><\/em><em><span data-ogsc=\"black\">A intervenire prontamente \u00e8 stata la squadra di emergenza interna di Unifarco che ha subito chiamato il 118. Sopraggiunti prontamente i soccorsi medici, il lavoratore \u00e8 stato stabilizzato e trasportato all\u2019ospedale di Feltre. Sono attualmente in corso accertamenti medici. <\/span><\/em><em><span data-ogsc=\"black\">Nell\u2019ambito della costante attenzione riservata all\u2019ambiente lavorativo e alle procedure di sicurezza a favore dei lavoratori, la Societ\u00e0 si \u00e8 messa a disposizione delle autorit\u00e0 intervenute sul posto per l\u2019accertamento delle dinamiche, collaborando con i Carabinieri e con il Servizio SPISAL intervenuti sul posto.\u00a0<\/span><\/em><em><span data-ogsc=\"black\">La ditta appaltatrice aveva superato le verifiche tecnico professionali preliminari all\u2019affidamento dell\u2019appalto.<\/span><\/em><\/p>\n<p>&nbsp;<\/p>\n<p>&nbsp;<\/p>\n<p>***********<\/p>\n","protected":false},"excerpt":{"rendered":"<p>****** &nbsp; SANTA GIUSTINA Un incidente sul lavoro si \u00e8 verificato oggi presso una struttura legata all&#8217;Unifarco. Un uomo, mentre stava lavorando sul tetto di un edificio, \u00e8 caduto da un&#8217;altezza di circa 15 metri. Nonostante la gravit\u00e0 della caduta, la vittima \u00e8 rimasta cosciente ed \u00e8 stata immediatamente soccorsa. Dopo le prime cure sul&hellip;<\/p>\n","protected":false},"author":4,"featured_media":379219,"comment_status":"closed","ping_status":"closed","sticky":false,"template":"","format":"standard","meta":{"_monsterinsights_skip_tracking":false,"_monsterinsights_sitenote_active":false,"_monsterinsights_sitenote_note":"","_monsterinsights_sitenote_category":0,"footnotes":""},"categories":[51,49],"tags":[],"class_list":["post-430845","post","type-post","status-publish","format-standard","has-post-thumbnail","hentry","category-evidenza-top","category-news-18","category-51","category-49","description-off"],"img_url":"https:\/\/www.radiopiu.net\/wordpress\/wp-content\/uploads\/2024\/03\/e040112e-5e6f-4e7a-9965-35c6262d822e.jpg","_links":{"self":[{"href":"https:\/\/www.radiopiu.net\/wordpress\/wp-json\/wp\/v2\/posts\/430845","targetHints":{"allow":["GET"]}}],"collection":[{"href":"https:\/\/www.radiopiu.net\/wordpress\/wp-json\/wp\/v2\/posts"}],"about":[{"href":"https:\/\/www.radiopiu.net\/wordpress\/wp-json\/wp\/v2\/types\/post"}],"author":[{"embeddable":true,"href":"https:\/\/www.radiopiu.net\/wordpress\/wp-json\/wp\/v2\/users\/4"}],"replies":[{"embeddable":true,"href":"https:\/\/www.radiopiu.net\/wordpress\/wp-json\/wp\/v2\/comments?post=430845"}],"version-history":[{"count":2,"href":"https:\/\/www.radiopiu.net\/wordpress\/wp-json\/wp\/v2\/posts\/430845\/revisions"}],"predecessor-version":[{"id":430859,"href":"https:\/\/www.radiopiu.net\/wordpress\/wp-json\/wp\/v2\/posts\/430845\/revisions\/430859"}],"wp:featuredmedia":[{"embeddable":true,"href":"https:\/\/www.radiopiu.net\/wordpress\/wp-json\/wp\/v2\/media\/379219"}],"wp:attachment":[{"href":"https:\/\/www.radiopiu.net\/wordpress\/wp-json\/wp\/v2\/media?parent=430845"}],"wp:term":[{"taxonomy":"category","embeddable":true,"href":"https:\/\/www.radiopiu.net\/wordpress\/wp-json\/wp\/v2\/categories?post=430845"},{"taxonomy":"post_tag","embeddable":true,"href":"https:\/\/www.radiopiu.net\/wordpress\/wp-json\/wp\/v2\/tags?post=430845"}],"curies":[{"name":"wp","href":"https:\/\/api.w.org\/{rel}","templated":true}]}}