{"id":430855,"date":"2025-01-21T19:41:00","date_gmt":"2025-01-21T18:41:00","guid":{"rendered":"https:\/\/www.radiopiu.net\/wordpress\/?p=430855"},"modified":"2025-01-22T05:42:47","modified_gmt":"2025-01-22T04:42:47","slug":"la-final-four-di-coppa-italia-di-volley-a3-a-longarone","status":"publish","type":"post","link":"https:\/\/www.radiopiu.net\/wordpress\/la-final-four-di-coppa-italia-di-volley-a3-a-longarone\/","title":{"rendered":"LA FINAL FOUR DI COPPA ITALIA DI VOLLEY A3 A LONGARONE"},"content":{"rendered":"<p>*******<\/p>\n<p>&nbsp;<\/p>\n<p><strong><a class=\"dt-pswp-item\" href=\"https:\/\/www.radiopiu.net\/wordpress\/wp-content\/uploads\/2025\/01\/Coppa_Italia_A3.jpg\" data-dt-img-description=\"\" data-large_image_width=\"1181\" data-large_image_height=\"788\"><img loading=\"lazy\" decoding=\"async\" class=\"size-medium wp-image-430861 alignleft\" src=\"https:\/\/www.radiopiu.net\/wordpress\/wp-content\/uploads\/2025\/01\/Coppa_Italia_A3-300x200.jpg\" alt=\"\" width=\"300\" height=\"200\" srcset=\"https:\/\/www.radiopiu.net\/wordpress\/wp-content\/uploads\/2025\/01\/Coppa_Italia_A3-300x200.jpg 300w, https:\/\/www.radiopiu.net\/wordpress\/wp-content\/uploads\/2025\/01\/Coppa_Italia_A3-1024x683.jpg 1024w, https:\/\/www.radiopiu.net\/wordpress\/wp-content\/uploads\/2025\/01\/Coppa_Italia_A3-768x512.jpg 768w, https:\/\/www.radiopiu.net\/wordpress\/wp-content\/uploads\/2025\/01\/Coppa_Italia_A3.jpg 1181w\" sizes=\"auto, (max-width: 300px) 100vw, 300px\" \/><\/a>BELLUNO <\/strong>La Lega Pallavolo Serie A comunica che la Final Four Del Monte\u00ae Coppa Italia A3 verr\u00e0 organizzata in collaborazione con il Belluno Volley. A ospitare l\u2019evento, nel weekend di sabato 22 e domenica 23 febbraio, sar\u00e0 il palasport di Longarone. Le semifinali vedranno sfidarsi i rinoceronti di coach Marco Marzola e Romeo Sorrento, capolista del girone blu al termine del girone di andata di regular season. L\u2019altra sfida, invece, metter\u00e0 di fronte Personal Time San Don\u00e0 di Piave e Sieco Service Ortona: \u00abQuella che si giocher\u00e0 il prossimo mese sar\u00e0 la quarta edizione di una competizione dedicata esclusivamente alla Serie A3. Per la terza volta, il trofeo verr\u00e0 assegnato al termine di una Final Four\u00bb. Non nasconde la sua soddisfazione il presidente del Belluno Volley, Sandro Da Rold: \u00ab\u00c8 un grande onore collaborare con la Lega Pallavolo Serie A per l\u2019organizzazione della Final Four della Del Monte\u00ae Coppa Italia A3. Avere l\u2019opportunit\u00e0 di ospitare un evento cos\u00ec prestigioso rappresenta un riconoscimento di rilievo per la nostra societ\u00e0, ma anche una straordinaria occasione per l\u2019intero territorio. Siamo entusiasti di accogliere atleti, tecnici e tifosi nel palasport di Longarone: una location che simboleggia il legame profondo tra lo sport e l\u2019intera provincia. Ci impegneremo al massimo per garantire un\u2019organizzazione impeccabile e un\u2019atmosfera speciale, in linea con l\u2019importanza dell\u2019appuntamento\u00bb. Immancabili i ringraziamenti: \u00abAlle istituzioni e, in particolare, al presidente della Provincia di Belluno e sindaco di Longarone, Roberto Padrin, che ci ha appoggiato in questo percorso. Grazie poi alla Lega Pallavolo per la fiducia riposta nella nostra realt\u00e0. Infine, un ringraziamento particolare va al cuore pulsante del Belluno Volley: i nostri volontari. Persone di assoluta affidabilit\u00e0, pronte a mettersi a disposizione con professionalit\u00e0, dedizione ed entusiasmo per allestire la Final Four. \u00c8 anche in virt\u00f9 del loro impegno se possiamo ambire a traguardi cos\u00ec importanti\u00bb. All\u2019ombra delle Dolomiti si respira aria di Olimpiadi e grande pallavolo: \u00abInvito tutti gli appassionati a unirsi a noi in questo weekend che promette spettacolo ed emozioni\u00bb.<span class=\"gmail-Apple-converted-space\">\u00a0<\/span><\/p>\n<p>&nbsp;<\/p>\n<p>&nbsp;<\/p>\n<p>&nbsp;<\/p>\n<p>********<\/p>\n","protected":false},"excerpt":{"rendered":"<p>******* &nbsp; BELLUNO La Lega Pallavolo Serie A comunica che la Final Four Del Monte\u00ae Coppa Italia A3 verr\u00e0 organizzata in collaborazione con il Belluno Volley. A ospitare l\u2019evento, nel weekend di sabato 22 e domenica 23 febbraio, sar\u00e0 il palasport di Longarone. Le semifinali vedranno sfidarsi i rinoceronti di coach Marco Marzola e Romeo&hellip;<\/p>\n","protected":false},"author":4,"featured_media":430861,"comment_status":"closed","ping_status":"closed","sticky":false,"template":"","format":"standard","meta":{"_monsterinsights_skip_tracking":false,"_monsterinsights_sitenote_active":false,"_monsterinsights_sitenote_note":"","_monsterinsights_sitenote_category":0,"footnotes":""},"categories":[104,49],"tags":[],"class_list":["post-430855","post","type-post","status-publish","format-standard","has-post-thumbnail","hentry","category-evidenza_3","category-news-18","category-104","category-49","description-off"],"img_url":"https:\/\/www.radiopiu.net\/wordpress\/wp-content\/uploads\/2025\/01\/Coppa_Italia_A3.jpg","_links":{"self":[{"href":"https:\/\/www.radiopiu.net\/wordpress\/wp-json\/wp\/v2\/posts\/430855","targetHints":{"allow":["GET"]}}],"collection":[{"href":"https:\/\/www.radiopiu.net\/wordpress\/wp-json\/wp\/v2\/posts"}],"about":[{"href":"https:\/\/www.radiopiu.net\/wordpress\/wp-json\/wp\/v2\/types\/post"}],"author":[{"embeddable":true,"href":"https:\/\/www.radiopiu.net\/wordpress\/wp-json\/wp\/v2\/users\/4"}],"replies":[{"embeddable":true,"href":"https:\/\/www.radiopiu.net\/wordpress\/wp-json\/wp\/v2\/comments?post=430855"}],"version-history":[{"count":1,"href":"https:\/\/www.radiopiu.net\/wordpress\/wp-json\/wp\/v2\/posts\/430855\/revisions"}],"predecessor-version":[{"id":430862,"href":"https:\/\/www.radiopiu.net\/wordpress\/wp-json\/wp\/v2\/posts\/430855\/revisions\/430862"}],"wp:featuredmedia":[{"embeddable":true,"href":"https:\/\/www.radiopiu.net\/wordpress\/wp-json\/wp\/v2\/media\/430861"}],"wp:attachment":[{"href":"https:\/\/www.radiopiu.net\/wordpress\/wp-json\/wp\/v2\/media?parent=430855"}],"wp:term":[{"taxonomy":"category","embeddable":true,"href":"https:\/\/www.radiopiu.net\/wordpress\/wp-json\/wp\/v2\/categories?post=430855"},{"taxonomy":"post_tag","embeddable":true,"href":"https:\/\/www.radiopiu.net\/wordpress\/wp-json\/wp\/v2\/tags?post=430855"}],"curies":[{"name":"wp","href":"https:\/\/api.w.org\/{rel}","templated":true}]}}