{"id":430879,"date":"2025-01-22T05:33:24","date_gmt":"2025-01-22T04:33:24","guid":{"rendered":"https:\/\/www.radiopiu.net\/wordpress\/?p=430879"},"modified":"2025-01-22T05:42:14","modified_gmt":"2025-01-22T04:42:14","slug":"titolo-ubriaco-dormiva-nellabitacolo-assolto-nonostante-il-tasso-alcolemico-elevato","status":"publish","type":"post","link":"https:\/\/www.radiopiu.net\/wordpress\/titolo-ubriaco-dormiva-nellabitacolo-assolto-nonostante-il-tasso-alcolemico-elevato\/","title":{"rendered":"Titolo: &#8220;Ubriaco dormiva nell&#8217;abitacolo: Assolto nonostante il tasso alcolemico elevato&#8221;"},"content":{"rendered":"<p>&nbsp;<\/p>\n<p>&nbsp;<\/p>\n<p><strong>LA GIUDIZIARIA OGGI<\/strong><br \/>\n<strong>DAL TRIBUNALE DI BELLUNO, OGGI SUL CORRIERE DELLE ALPI (SINTESI) DI GIGI SOSSO<\/strong><\/p>\n<p>&nbsp;<\/p>\n<div class=\"flex max-w-full flex-col flex-grow\">\n<div class=\"min-h-8 text-message flex w-full flex-col items-end gap-2 whitespace-normal break-words text-start [.text-message+&amp;]:mt-5\" dir=\"auto\" data-message-author-role=\"assistant\" data-message-id=\"14b3206a-6a23-4cb4-8c17-f241008d4b5b\" data-message-model-slug=\"gpt-4o\">\n<div class=\"flex w-full flex-col gap-1 empty:hidden first:pt-[3px]\">\n<div class=\"markdown prose w-full break-words dark:prose-invert dark\">\n<p><img loading=\"lazy\" decoding=\"async\" class=\"alignleft\" src=\"https:\/\/www.radiopiu.net\/wordpress\/wp-content\/uploads\/2022\/03\/TRIBUNALE-2.jpg\" width=\"243\" height=\"182\" \/> cittadino bosniaco di Ponte di Piave, sorpreso dalla polizia il 27 dicembre 2023 a Belluno mentre dormiva alla guida di un furgone con un alto tasso alcolemico (1,65 al primo test, 1,78 al secondo), \u00e8 stato inizialmente accusato di guida in stato di ebbrezza. Tuttavia, in tribunale \u00e8 stato assolto con formula piena, poich\u00e9 il veicolo era fermo e non stava creando pericolo per la circolazione. La difesa ha argomentato che, sebbene l&#8217;uomo avesse bevuto prima di addormentarsi, non stava guidando e quindi non poteva essere condannato per guida in stato di ebbrezza. Il giudice ha ritenuto insufficiente la prova per sostenere la contestazione<\/p>\n<\/div>\n<div class=\"flex-shrink-0 flex flex-col relative items-end\">\n<div>\n<div class=\"pt-0\">\n<div class=\"gizmo-bot-avatar flex h-8 w-8 items-center justify-center overflow-hidden rounded-full\">\n<div class=\"relative p-1 rounded-sm flex items-center justify-center bg-token-main-surface-primary text-token-text-primary h-8 w-8\"><strong>\u00a0&#8220;Rapina sul bus a Feltre: chiesti 9 anni per la baby gang&#8221;<\/strong><\/div>\n<\/div>\n<\/div>\n<\/div>\n<\/div>\n<div class=\"group\/conversation-turn relative flex w-full min-w-0 flex-col agent-turn\">\n<div class=\"flex-col gap-1 md:gap-3\">\n<div class=\"flex max-w-full flex-col flex-grow\">\n<div class=\"min-h-8 text-message flex w-full flex-col items-end gap-2 whitespace-normal break-words text-start [.text-message+&amp;]:mt-5\" dir=\"auto\" data-message-author-role=\"assistant\" data-message-id=\"061bdb9e-4086-40a7-bb7d-6b91f1ca43e3\" data-message-model-slug=\"gpt-4o\">\n<div class=\"flex w-full flex-col gap-1 empty:hidden first:pt-[3px]\">\n<div class=\"markdown prose w-full break-words dark:prose-invert dark\">\n<p>Una rapina a bordo di un autobus a Feltre ha coinvolto un gruppo di giovani, tra cui un minorenne, che hanno minacciato e aggredito un passeggero per sottrargli il telefonino, ma alla fine si sono accontentati di una cuffietta wireless da circa 200 euro. I quattro, di et\u00e0 inferiore ai 21 anni, sono stati arrestati dopo che la vittima, un ragazzo di origine colombiana, ha chiamato i carabinieri e fornito una descrizione dettagliata degli aggressori. Il pm Marta Tollardo ha chiesto pene fino a tre anni e mezzo di reclusione per i tre maggiorenni, con una multa di 1.400 euro. I difensori hanno richiesto l&#8217;assoluzione, puntando sulla derubricazione dei reati. Il caso si concluder\u00e0 a fine febbraio con la sentenza del giudice per le udienze preliminari. Il minorenne potrebbe essere sottoposto a un programma di messa alla prova.<\/p>\n<p>&nbsp;<\/p>\n<div class=\"flex-shrink-0 flex flex-col relative items-end\">\n<div>\n<div class=\"pt-0\">\n<div class=\"gizmo-bot-avatar flex h-8 w-8 items-center justify-center overflow-hidden rounded-full\">\n<blockquote>\n<div class=\"relative p-1 rounded-sm flex items-center justify-center bg-token-main-surface-primary text-token-text-primary h-8 w-8\"><strong>Borgo Valbelluna: Processati per minacce ai carabinieri<\/strong><\/div>\n<\/blockquote>\n<\/div>\n<\/div>\n<\/div>\n<\/div>\n<div class=\"group\/conversation-turn relative flex w-full min-w-0 flex-col agent-turn\">\n<div class=\"flex-col gap-1 md:gap-3\">\n<div class=\"flex max-w-full flex-col flex-grow\">\n<div class=\"min-h-8 text-message flex w-full flex-col items-end gap-2 whitespace-normal break-words text-start [.text-message+&amp;]:mt-5\" dir=\"auto\" data-message-author-role=\"assistant\" data-message-id=\"91bf3b9d-69dc-4a26-9cbf-66459b58c50c\" data-message-model-slug=\"gpt-4o\">\n<div class=\"flex w-full flex-col gap-1 empty:hidden first:pt-[3px]\">\n<div class=\"markdown prose w-full break-words dark:prose-invert dark\">\n<p>Due persone, Amos Colla e Emanuela Dalla Gasperina, sono state rinviate a processo per resistenza a pubblico ufficiale e minacce dopo un episodio del 3 giugno 2022 a Limana. Durante un controllo, Colla ha minacciato i carabinieri con frasi come \u00abti spacco la testa\u00bb e \u00absei fortunato che sei in divisa\u00bb. La Procura contesta la recidiva di Colla e il concorso della Dalla Gasperina, mentre entrambi sono difesi da avvocati d&#8217;ufficio. Il processo si svolger\u00e0 davanti al giudice Cristina Cittolin.<\/p>\n<\/div>\n<\/div>\n<\/div>\n<\/div>\n<\/div>\n<\/div>\n<\/div>\n<\/div>\n<\/div>\n<\/div>\n<\/div>\n<\/div>\n<\/div>\n<\/div>\n<\/div>\n<p>&nbsp;<\/p>\n<p>&nbsp;<\/p>\n<p>&nbsp;<\/p>\n<hr \/>\n<p>&nbsp;<\/p>\n","protected":false},"excerpt":{"rendered":"<p>&nbsp; &nbsp; LA GIUDIZIARIA OGGI DAL TRIBUNALE DI BELLUNO, OGGI SUL CORRIERE DELLE ALPI (SINTESI) DI GIGI SOSSO &nbsp; cittadino bosniaco di Ponte di Piave, sorpreso dalla polizia il 27 dicembre 2023 a Belluno mentre dormiva alla guida di un furgone con un alto tasso alcolemico (1,65 al primo test, 1,78 al secondo), \u00e8 stato&hellip;<\/p>\n","protected":false},"author":4,"featured_media":263776,"comment_status":"closed","ping_status":"closed","sticky":false,"template":"","format":"standard","meta":{"_monsterinsights_skip_tracking":false,"_monsterinsights_sitenote_active":false,"_monsterinsights_sitenote_note":"","_monsterinsights_sitenote_category":0,"footnotes":""},"categories":[51,49],"tags":[],"class_list":["post-430879","post","type-post","status-publish","format-standard","has-post-thumbnail","hentry","category-evidenza-top","category-news-18","category-51","category-49","description-off"],"img_url":"https:\/\/www.radiopiu.net\/wordpress\/wp-content\/uploads\/2022\/03\/TRIBUNALE-2.jpg","_links":{"self":[{"href":"https:\/\/www.radiopiu.net\/wordpress\/wp-json\/wp\/v2\/posts\/430879","targetHints":{"allow":["GET"]}}],"collection":[{"href":"https:\/\/www.radiopiu.net\/wordpress\/wp-json\/wp\/v2\/posts"}],"about":[{"href":"https:\/\/www.radiopiu.net\/wordpress\/wp-json\/wp\/v2\/types\/post"}],"author":[{"embeddable":true,"href":"https:\/\/www.radiopiu.net\/wordpress\/wp-json\/wp\/v2\/users\/4"}],"replies":[{"embeddable":true,"href":"https:\/\/www.radiopiu.net\/wordpress\/wp-json\/wp\/v2\/comments?post=430879"}],"version-history":[{"count":3,"href":"https:\/\/www.radiopiu.net\/wordpress\/wp-json\/wp\/v2\/posts\/430879\/revisions"}],"predecessor-version":[{"id":430884,"href":"https:\/\/www.radiopiu.net\/wordpress\/wp-json\/wp\/v2\/posts\/430879\/revisions\/430884"}],"wp:featuredmedia":[{"embeddable":true,"href":"https:\/\/www.radiopiu.net\/wordpress\/wp-json\/wp\/v2\/media\/263776"}],"wp:attachment":[{"href":"https:\/\/www.radiopiu.net\/wordpress\/wp-json\/wp\/v2\/media?parent=430879"}],"wp:term":[{"taxonomy":"category","embeddable":true,"href":"https:\/\/www.radiopiu.net\/wordpress\/wp-json\/wp\/v2\/categories?post=430879"},{"taxonomy":"post_tag","embeddable":true,"href":"https:\/\/www.radiopiu.net\/wordpress\/wp-json\/wp\/v2\/tags?post=430879"}],"curies":[{"name":"wp","href":"https:\/\/api.w.org\/{rel}","templated":true}]}}