{"id":430981,"date":"2025-01-23T05:19:04","date_gmt":"2025-01-23T04:19:04","guid":{"rendered":"https:\/\/www.radiopiu.net\/wordpress\/?p=430981"},"modified":"2025-01-23T05:40:16","modified_gmt":"2025-01-23T04:40:16","slug":"la-risposta-dellamministrazione-comunale-di-livinallongo-alla-lettera","status":"publish","type":"post","link":"https:\/\/www.radiopiu.net\/wordpress\/la-risposta-dellamministrazione-comunale-di-livinallongo-alla-lettera\/","title":{"rendered":"LA RISPOSTA DELL&#8217;AMMINISTRAZIONE COMUNALE DI LIVINALLONGO ALLA LETTERA PUBBLICATA STAMANE SUL SITO DI RADIO PIU&#8217;"},"content":{"rendered":"<p>*******<\/p>\n<p>&nbsp;<\/p>\n<p><strong>Riceviamo e pubblichiamo la risposta dell&#8217;amministrazione comunale di Livinallongo in merito al &#8220;Dillo a Radio Pi\u00f9&#8221; che \u00e8 stato pubblicato stamane sul nostro sito<\/strong><\/p>\n<p><span style=\"color: #ff0000;\"><strong>LA RISPOSTA<\/strong><\/span><\/p>\n<p>Esordiamo con il dire che \u00e8 triste vedere che non si abbia il coraggio di firmare una lamentela del genere, ma per fortuna la maggioranza delle persone che abitano il nostro comune hanno l\u2019audacia di esporsi con nome e cognome senza aver paura alcuna. In merito all\u2019articolo c\u2019\u00e8 poco da dire, poich\u00e9 l&#8217; autore misterioso ha gi\u00e0 evidenziato nel suo intervento la differenza fra le due situazioni, forse senza accorgersene. Un conto sono le corse notturne che fanno fuggire i clienti, un altro sono le manifestazioni organizzate regolarmente in un orario consono che non disturba la quiete pubblica. Stiamo parlando di un tour di automobili d\u2019epoca che abbiamo deciso di fare sostare per qualche ora nelle nostre localit\u00e0. Oltre a far godere i partecipanti del bel paesino di Arabba, portano un beneficio alla localit\u00e0 sia in termini di indotto economico che di offerta turistica. D\u2019altro canto le corse sul Pordoi alle 02:00 di notte beneficiano solo i piloti, danneggiando il soggiorno dei nostri visitatori. Dovremmo vietare a queste vetture di accedere ai piazzali del comune?! In questo modo le auto transiterebbero, godendo del nostro territorio senza tuttavia lasciarci nulla.<\/p>\n<p>Oscar Nagler, Gabriele Delmonego, Paolo Demattia, Marianna Crepaz, Riccardo Dorigo, Andrea Pezzei, Florin Da Roit, Davide Testor.<\/p>\n<p>&nbsp;<\/p>\n<h2><span style=\"color: #ff0000;\"><strong>DAL SITO DI RADIO PIU&#8217;<\/strong><\/span><\/h2>\n<blockquote>\n<h3>DILLO A RADIO PIU&#8217; &#8230; Motori e coerenza: il paradosso di Arabba<\/h3>\n<\/blockquote>\n<p><strong><a class=\"dt-pswp-item\" href=\"https:\/\/www.radiopiu.net\/wordpress\/wp-content\/uploads\/2018\/12\/arabba-by-night\u00a9Arabba_Fodom_Turismo0T8A6520.jpg\" data-dt-img-description=\"\" data-large_image_width=\"1280\" data-large_image_height=\"853\"><img loading=\"lazy\" decoding=\"async\" class=\" wp-image-70891 alignleft\" src=\"https:\/\/www.radiopiu.net\/wordpress\/wp-content\/uploads\/2018\/12\/arabba-by-night\u00a9Arabba_Fodom_Turismo0T8A6520-300x200.jpg\" alt=\"\" width=\"192\" height=\"128\" srcset=\"https:\/\/www.radiopiu.net\/wordpress\/wp-content\/uploads\/2018\/12\/arabba-by-night\u00a9Arabba_Fodom_Turismo0T8A6520-300x200.jpg 300w, https:\/\/www.radiopiu.net\/wordpress\/wp-content\/uploads\/2018\/12\/arabba-by-night\u00a9Arabba_Fodom_Turismo0T8A6520-768x512.jpg 768w, https:\/\/www.radiopiu.net\/wordpress\/wp-content\/uploads\/2018\/12\/arabba-by-night\u00a9Arabba_Fodom_Turismo0T8A6520-1024x682.jpg 1024w, https:\/\/www.radiopiu.net\/wordpress\/wp-content\/uploads\/2018\/12\/arabba-by-night\u00a9Arabba_Fodom_Turismo0T8A6520.jpg 1280w\" sizes=\"auto, (max-width: 192px) 100vw, 192px\" \/><\/a>Da Livinallongo riceviamo e pubblichiamo<\/strong><\/p>\n<p>Meno male che il rombo dei motori sui passi era un problema. O almeno cos\u00ec avevamo capito dopo la dichiarazione infuocata del vicesindaco Gabriele Delmonego, che non ha esitato a denunciare le notti insonni causate da auto e boati sui passi sopra Arabba. Secondo Delmonego, l\u2019amministrazione non sarebbe rimasta a guardare, decisa a proteggere il sacrosanto diritto al sonno dei cittadini. Applausi.<\/p>\n<p>Ma ecco che, come un&#8217;auto in derapata, arriva la curva della coerenza mancata. Proprio l\u2019amministrazione comunale ha dato il via libera a un evento motoristico: il parcheggio di via Mesd\u00ec, nel cuore di Arabba, si trasformer\u00e0 il 24 gennaio in un palcoscenico per le auto della Winter Marathon 2025, con tanto di divieto di accesso per gli altri veicoli dalle 17 alle 21.<\/p>\n<p>Le domande sorgono spontanee. Le auto della Winter Marathon sono dotate di silenziatori magici? Oppure il sindaco ha deciso di ignorare l\u2019intervento del suo vice, preferendo il fascino del rombo motoristico alla quiete pubblica? Certo, la Winter Marathon \u00e8 un evento di richiamo, ma non stride un po\u2019 questa contraddizione?<\/p>\n<p>Del resto, la coerenza sembra essere un optional. Da un lato, le auto notturne disturbano a tal punto da spingere i turisti a fare i bagagli anzitempo. Dall\u2019altro, quelle stesse auto, ben parcheggiate e accompagnate da fotografi e curiosi, diventano improvvisamente accettabili. Forse il problema non \u00e8 il rumore, ma chi lo produce e in quale contesto.<\/p>\n<p>Una saga amministrativa che sa tanto di motori accesi&#8230; e di coerenza spenta.<\/p>\n<p><strong>un cittadino di Arabba<\/strong><\/p>\n<p>&nbsp;<\/p>\n<p>&nbsp;<\/p>\n<p>********<\/p>\n<p>&nbsp;<\/p>\n","protected":false},"excerpt":{"rendered":"<p>******* &nbsp; Riceviamo e pubblichiamo la risposta dell&#8217;amministrazione comunale di Livinallongo in merito al &#8220;Dillo a Radio Pi\u00f9&#8221; che \u00e8 stato pubblicato stamane sul nostro sito LA RISPOSTA Esordiamo con il dire che \u00e8 triste vedere che non si abbia il coraggio di firmare una lamentela del genere, ma per fortuna la maggioranza delle persone&hellip;<\/p>\n","protected":false},"author":4,"featured_media":430983,"comment_status":"closed","ping_status":"closed","sticky":false,"template":"","format":"standard","meta":{"_monsterinsights_skip_tracking":false,"_monsterinsights_sitenote_active":false,"_monsterinsights_sitenote_note":"","_monsterinsights_sitenote_category":0,"footnotes":""},"categories":[104,49],"tags":[],"class_list":["post-430981","post","type-post","status-publish","format-standard","has-post-thumbnail","hentry","category-evidenza_3","category-news-18","category-104","category-49","description-off"],"img_url":"https:\/\/www.radiopiu.net\/wordpress\/wp-content\/uploads\/2025\/01\/ARABBA.jpg","_links":{"self":[{"href":"https:\/\/www.radiopiu.net\/wordpress\/wp-json\/wp\/v2\/posts\/430981","targetHints":{"allow":["GET"]}}],"collection":[{"href":"https:\/\/www.radiopiu.net\/wordpress\/wp-json\/wp\/v2\/posts"}],"about":[{"href":"https:\/\/www.radiopiu.net\/wordpress\/wp-json\/wp\/v2\/types\/post"}],"author":[{"embeddable":true,"href":"https:\/\/www.radiopiu.net\/wordpress\/wp-json\/wp\/v2\/users\/4"}],"replies":[{"embeddable":true,"href":"https:\/\/www.radiopiu.net\/wordpress\/wp-json\/wp\/v2\/comments?post=430981"}],"version-history":[{"count":1,"href":"https:\/\/www.radiopiu.net\/wordpress\/wp-json\/wp\/v2\/posts\/430981\/revisions"}],"predecessor-version":[{"id":430982,"href":"https:\/\/www.radiopiu.net\/wordpress\/wp-json\/wp\/v2\/posts\/430981\/revisions\/430982"}],"wp:featuredmedia":[{"embeddable":true,"href":"https:\/\/www.radiopiu.net\/wordpress\/wp-json\/wp\/v2\/media\/430983"}],"wp:attachment":[{"href":"https:\/\/www.radiopiu.net\/wordpress\/wp-json\/wp\/v2\/media?parent=430981"}],"wp:term":[{"taxonomy":"category","embeddable":true,"href":"https:\/\/www.radiopiu.net\/wordpress\/wp-json\/wp\/v2\/categories?post=430981"},{"taxonomy":"post_tag","embeddable":true,"href":"https:\/\/www.radiopiu.net\/wordpress\/wp-json\/wp\/v2\/tags?post=430981"}],"curies":[{"name":"wp","href":"https:\/\/api.w.org\/{rel}","templated":true}]}}