{"id":431002,"date":"2025-01-23T05:20:18","date_gmt":"2025-01-23T04:20:18","guid":{"rendered":"https:\/\/www.radiopiu.net\/wordpress\/?p=431002"},"modified":"2025-01-23T05:34:49","modified_gmt":"2025-01-23T04:34:49","slug":"incidenti-in-pista-e-sulle-strade-tra-gli-interventi-del-suem-118","status":"publish","type":"post","link":"https:\/\/www.radiopiu.net\/wordpress\/incidenti-in-pista-e-sulle-strade-tra-gli-interventi-del-suem-118\/","title":{"rendered":"INCIDENTI IN PISTA E SULLE STRADE TRA GLI INTERVENTI DEL SUEM 118"},"content":{"rendered":"<p>*******<\/p>\n<p>&nbsp;<\/p>\n<p><strong><a class=\"dt-pswp-item\" href=\"https:\/\/www.radiopiu.net\/wordpress\/wp-content\/uploads\/2024\/08\/SALT.jpg\" data-dt-img-description=\"\" data-large_image_width=\"2048\" data-large_image_height=\"1536\"><img loading=\"lazy\" decoding=\"async\" class=\" wp-image-404421 alignleft\" src=\"https:\/\/www.radiopiu.net\/wordpress\/wp-content\/uploads\/2024\/08\/SALT-300x225.jpg\" alt=\"\" width=\"181\" height=\"136\" srcset=\"https:\/\/www.radiopiu.net\/wordpress\/wp-content\/uploads\/2024\/08\/SALT-300x225.jpg 300w, https:\/\/www.radiopiu.net\/wordpress\/wp-content\/uploads\/2024\/08\/SALT-1024x768.jpg 1024w, https:\/\/www.radiopiu.net\/wordpress\/wp-content\/uploads\/2024\/08\/SALT-768x576.jpg 768w, https:\/\/www.radiopiu.net\/wordpress\/wp-content\/uploads\/2024\/08\/SALT-1536x1152.jpg 1536w, https:\/\/www.radiopiu.net\/wordpress\/wp-content\/uploads\/2024\/08\/SALT.jpg 2048w\" sizes=\"auto, (max-width: 181px) 100vw, 181px\" \/><\/a>REDAZIONE <\/strong>Ancora una giornata intensa per il Suem 118 impegnato su pi\u00f9 fronti nelle ultime ore. Sulle piste da sci, si sono verificati numerosi incidenti: sulla pista Tofana di Cortina, un 40enne \u00e8 stato trasportato in elicottero a Belluno per una caduta; ad Arabba, una giovane polacca \u00e8 stata soccorsa per un trauma agli arti; a Cortina, una donna di 27 anni ha riportato un trauma al rachide ed \u00e8 stata trasferita a Brunico. Complessivamente, le piste di Cortina, Arabba, Marmolada e Falcade hanno registrato 12 interventi. Sul fronte stradale, si segnalano due incidenti: a Puos d\u2019Alpago una 35enne \u00e8 stata trasportata a Belluno con codice di gravit\u00e0 2, mentre a Sedico una 19enne \u00e8 stata soccorsa e portata in ospedale.<\/p>\n<p>&nbsp;<\/p>\n<p>&nbsp;<\/p>\n<p>********<\/p>\n<p>&nbsp;<\/p>\n","protected":false},"excerpt":{"rendered":"<p>******* &nbsp; REDAZIONE Ancora una giornata intensa per il Suem 118 impegnato su pi\u00f9 fronti nelle ultime ore. Sulle piste da sci, si sono verificati numerosi incidenti: sulla pista Tofana di Cortina, un 40enne \u00e8 stato trasportato in elicottero a Belluno per una caduta; ad Arabba, una giovane polacca \u00e8 stata soccorsa per un trauma&hellip;<\/p>\n","protected":false},"author":4,"featured_media":404421,"comment_status":"closed","ping_status":"closed","sticky":false,"template":"","format":"standard","meta":{"_monsterinsights_skip_tracking":false,"_monsterinsights_sitenote_active":false,"_monsterinsights_sitenote_note":"","_monsterinsights_sitenote_category":0,"footnotes":""},"categories":[51,49],"tags":[],"class_list":["post-431002","post","type-post","status-publish","format-standard","has-post-thumbnail","hentry","category-evidenza-top","category-news-18","category-51","category-49","description-off"],"img_url":"https:\/\/www.radiopiu.net\/wordpress\/wp-content\/uploads\/2024\/08\/SALT.jpg","_links":{"self":[{"href":"https:\/\/www.radiopiu.net\/wordpress\/wp-json\/wp\/v2\/posts\/431002","targetHints":{"allow":["GET"]}}],"collection":[{"href":"https:\/\/www.radiopiu.net\/wordpress\/wp-json\/wp\/v2\/posts"}],"about":[{"href":"https:\/\/www.radiopiu.net\/wordpress\/wp-json\/wp\/v2\/types\/post"}],"author":[{"embeddable":true,"href":"https:\/\/www.radiopiu.net\/wordpress\/wp-json\/wp\/v2\/users\/4"}],"replies":[{"embeddable":true,"href":"https:\/\/www.radiopiu.net\/wordpress\/wp-json\/wp\/v2\/comments?post=431002"}],"version-history":[{"count":3,"href":"https:\/\/www.radiopiu.net\/wordpress\/wp-json\/wp\/v2\/posts\/431002\/revisions"}],"predecessor-version":[{"id":431005,"href":"https:\/\/www.radiopiu.net\/wordpress\/wp-json\/wp\/v2\/posts\/431002\/revisions\/431005"}],"wp:featuredmedia":[{"embeddable":true,"href":"https:\/\/www.radiopiu.net\/wordpress\/wp-json\/wp\/v2\/media\/404421"}],"wp:attachment":[{"href":"https:\/\/www.radiopiu.net\/wordpress\/wp-json\/wp\/v2\/media?parent=431002"}],"wp:term":[{"taxonomy":"category","embeddable":true,"href":"https:\/\/www.radiopiu.net\/wordpress\/wp-json\/wp\/v2\/categories?post=431002"},{"taxonomy":"post_tag","embeddable":true,"href":"https:\/\/www.radiopiu.net\/wordpress\/wp-json\/wp\/v2\/tags?post=431002"}],"curies":[{"name":"wp","href":"https:\/\/api.w.org\/{rel}","templated":true}]}}