{"id":431008,"date":"2025-01-24T05:35:20","date_gmt":"2025-01-24T04:35:20","guid":{"rendered":"https:\/\/www.radiopiu.net\/wordpress\/?p=431008"},"modified":"2025-01-24T08:22:32","modified_gmt":"2025-01-24T07:22:32","slug":"giornale-radiopiu-24-gennaio-2025-direttore-mirko-mezzacasada-41-anni-25-giugno-1983-25-giugno-2024","status":"publish","type":"post","link":"https:\/\/www.radiopiu.net\/wordpress\/giornale-radiopiu-24-gennaio-2025-direttore-mirko-mezzacasada-41-anni-25-giugno-1983-25-giugno-2024\/","title":{"rendered":"GIORNALE RADIOPIU 24 GENNAIO 2025 DIRETTORE MIRKO MEZZACASA\u2026DA 41 ANNI 25 GIUGNO 1983-25 GIUGNO 2024"},"content":{"rendered":"<p>********<\/p>\n<p>&nbsp;<\/p>\n<p><em><span style=\"color: #ff0000;\"><a class=\"dt-pswp-item\" href=\"https:\/\/www.radiopiu.net\/wordpress\/wp-content\/uploads\/2024\/10\/Senza-nome-8.png\" data-dt-img-description=\"\" data-large_image_width=\"343\" data-large_image_height=\"303\"><img loading=\"lazy\" decoding=\"async\" class=\"wp-image-412130 alignleft\" src=\"https:\/\/www.radiopiu.net\/wordpress\/wp-content\/uploads\/2024\/10\/Senza-nome-8-300x265.png\" alt=\"\" width=\"105\" height=\"93\" srcset=\"https:\/\/www.radiopiu.net\/wordpress\/wp-content\/uploads\/2024\/10\/Senza-nome-8-300x265.png 300w, https:\/\/www.radiopiu.net\/wordpress\/wp-content\/uploads\/2024\/10\/Senza-nome-8.png 343w\" sizes=\"auto, (max-width: 105px) 100vw, 105px\" \/><\/a><\/span><\/em><strong><em><span style=\"color: #ff0000;\"> LA\u00a0 APP PER IOS-IPHONE di Nicola Vettorello<\/span><\/em><\/strong><\/p>\n<p><strong><span style=\"color: #0000ff;\"><a style=\"color: #0000ff;\" href=\"https:\/\/apps.apple.com\/it\/app\/radio-pi%C3%B9-emittente-agordina\/id1515939845\">https:\/\/apps.apple.com\/it\/app\/radio-pi%C3%B9-emittente-agordina\/id1515939845<\/a><\/span><\/strong><\/p>\n<p><strong><em style=\"color: #ff0000;\">LA\u00a0 APP RADIO\u00a0 PER ANDROID di Nicola Vettorello<\/em><\/strong><\/p>\n<p><strong><span style=\"color: #0000ff;\"><a style=\"color: #0000ff;\" href=\"https:\/\/play.google.com\/store\/apps\/details?id=net.radiopiu.iniko\" target=\"_blank\" rel=\"noopener noreferrer\">https:\/\/<\/a><a style=\"color: #0000ff;\" href=\"https:\/\/play.google.com\/store\/apps\/details?id=net.radiopiu.iniko\" target=\"_blank\" rel=\"noopener noreferrer\">play.google.com\/store\/apps\/details?id=net.radiopiu.iniko\u00a0\u00a0\u00a0<\/a><\/span><\/strong><\/p>\n<p>&nbsp;<\/p>\n<p>&nbsp;<\/p>\n<p>&nbsp;<\/p>\n<hr \/>\n<p>&nbsp;<\/p>\n<p><span style=\"color: #ff0000;\"><strong>OGGI ALLA RADIO:\u00a0 ALLE 10.30 E ALLE 19.20,\u00a0 DALLO STUDIO2 DI RADIOPIU L&#8217;OSPITE: FRANCESCO ORRU, SEGRETARIO GENERALE CISL BELLUNO TREVISO. l&#8217;intervista di mirko mezzacasa\u00a0<\/strong><\/span><\/p>\n<p><strong><a class=\"dt-pswp-item\" href=\"https:\/\/www.radiopiu.net\/wordpress\/wp-content\/uploads\/2025\/01\/fd4ef874-b6b8-4ead-a12f-9515c8534539-scaled.jpg\" data-dt-img-description=\"\" data-large_image_width=\"2560\" data-large_image_height=\"1440\"><img loading=\"lazy\" decoding=\"async\" class=\"size-medium wp-image-431189 alignleft\" src=\"https:\/\/www.radiopiu.net\/wordpress\/wp-content\/uploads\/2025\/01\/fd4ef874-b6b8-4ead-a12f-9515c8534539-300x169.jpg\" alt=\"\" width=\"300\" height=\"169\" srcset=\"https:\/\/www.radiopiu.net\/wordpress\/wp-content\/uploads\/2025\/01\/fd4ef874-b6b8-4ead-a12f-9515c8534539-300x169.jpg 300w, https:\/\/www.radiopiu.net\/wordpress\/wp-content\/uploads\/2025\/01\/fd4ef874-b6b8-4ead-a12f-9515c8534539-1024x576.jpg 1024w, https:\/\/www.radiopiu.net\/wordpress\/wp-content\/uploads\/2025\/01\/fd4ef874-b6b8-4ead-a12f-9515c8534539-768x432.jpg 768w, https:\/\/www.radiopiu.net\/wordpress\/wp-content\/uploads\/2025\/01\/fd4ef874-b6b8-4ead-a12f-9515c8534539-1536x864.jpg 1536w, https:\/\/www.radiopiu.net\/wordpress\/wp-content\/uploads\/2025\/01\/fd4ef874-b6b8-4ead-a12f-9515c8534539-2048x1152.jpg 2048w\" sizes=\"auto, (max-width: 300px) 100vw, 300px\" \/><\/a>rassegna stampa nazionale,<\/strong> ogni giorno alle 5 e alle 6 del mattino.<br \/>\ngiornali locali 7 rassegna stampa flash, 8 rassegna stampa, gr flash alle 10 e alle 11, principale 12.30. Informazione pomeriggio ogni ora fino alle 20, in coda ai notiziari nazionali. Giornale radio nazionale: ogni ora dalle 4 del mattino, alle 20 della sera. Alle 19 le anticipazioni dal TG di Antenna 3 di Tiziana Bolognani.<\/p>\n<p><strong>OGGI ALLE <\/strong>\u00a0\u00a0<strong>9.00\u00a0 <\/strong>LE NOVITA&#8217; MUSICALI, PREMIERE IL VENERDI MATTINA CON MARCO GAZ <strong>940\u00a0<\/strong>\u00a0 LA MUSICA ANNI OTTANTA DI MONICA FONTANIVE\u00a0 <strong>10.10\u00a0 <\/strong>\u00a0LE NOVE IN LADIN, CON BEATRICE COLCUC SPAZIO MUSLA, IL MARTEDI E VENERDI ALLE 10.10 \u00a0<strong>14.00\u00a0<\/strong> MUSICA ABC&#8230; UNA SETTIMANA, UNA LETTERA, OGGI LA &#8220;M&#8221;<strong>\u00a0 15.10 <\/strong>WEEKEND CON MARINA DONA&#8217;, MUSICA E APPUNTAMENTI<strong> 16 45<\/strong> LE HIT,\u00a0 LE CLASSIFICHE, STORIA DELLA MUSICA CON MIRCO BENCIVENN<strong>I 18.00 <\/strong>APERITIVO IN MUSICA CON DJ JACK<\/p>\n<p>&nbsp;<\/p>\n<p>&nbsp;<\/p>\n<hr \/>\n<p>&nbsp;<\/p>\n<p>&nbsp;<\/p>\n<div class=\"x11i5rnm xat24cr x1mh8g0r x1vvkbs xtlvy1s x126k92a\">\n<div dir=\"auto\">\n<div dir=\"auto\">\n<p><strong><a class=\"dt-pswp-item\" href=\"https:\/\/www.radiopiu.net\/wordpress\/wp-content\/uploads\/2024\/02\/2d44e751-d8a8-461b-8e22-d8e4e853b032.jpg\" data-dt-img-description=\"\" data-large_image_width=\"1600\" data-large_image_height=\"1200\"><img loading=\"lazy\" decoding=\"async\" class=\"wp-image-373307 alignleft\" src=\"https:\/\/www.radiopiu.net\/wordpress\/wp-content\/uploads\/2024\/02\/2d44e751-d8a8-461b-8e22-d8e4e853b032-300x225.jpg\" alt=\"\" width=\"105\" height=\"79\" srcset=\"https:\/\/www.radiopiu.net\/wordpress\/wp-content\/uploads\/2024\/02\/2d44e751-d8a8-461b-8e22-d8e4e853b032-300x225.jpg 300w, https:\/\/www.radiopiu.net\/wordpress\/wp-content\/uploads\/2024\/02\/2d44e751-d8a8-461b-8e22-d8e4e853b032-1024x768.jpg 1024w, https:\/\/www.radiopiu.net\/wordpress\/wp-content\/uploads\/2024\/02\/2d44e751-d8a8-461b-8e22-d8e4e853b032-768x576.jpg 768w, https:\/\/www.radiopiu.net\/wordpress\/wp-content\/uploads\/2024\/02\/2d44e751-d8a8-461b-8e22-d8e4e853b032-1536x1152.jpg 1536w, https:\/\/www.radiopiu.net\/wordpress\/wp-content\/uploads\/2024\/02\/2d44e751-d8a8-461b-8e22-d8e4e853b032.jpg 1600w\" sizes=\"auto, (max-width: 105px) 100vw, 105px\" \/><\/a>EL BAL DEL FIOR, DI GIULIANA DA RONCH, 24 GENNAIO<\/strong><strong> 2025\u00a0<\/strong><\/p>\n<p>&nbsp;<\/p>\n<audio class=\"wp-audio-shortcode\" id=\"audio-431008-1\" preload=\"none\" style=\"width: 100%;\" controls=\"controls\"><source type=\"audio\/mpeg\" src=\"https:\/\/www.radiopiu.net\/wordpress\/wp-content\/uploads\/2025\/01\/GVE-2.mp3?_=1\" \/><a href=\"https:\/\/www.radiopiu.net\/wordpress\/wp-content\/uploads\/2025\/01\/GVE-2.mp3\">https:\/\/www.radiopiu.net\/wordpress\/wp-content\/uploads\/2025\/01\/GVE-2.mp3<\/a><\/audio>\n<p>&nbsp;<\/p>\n<hr \/>\n<p>&nbsp;<\/p>\n<\/div>\n<\/div>\n<\/div>\n<div class=\"x11i5rnm xat24cr x1mh8g0r x1vvkbs xtlvy1s x126k92a\">\n<blockquote>\n<h1><strong><a class=\"dt-pswp-item\" href=\"https:\/\/www.radiopiu.net\/wordpress\/wp-content\/uploads\/2024\/10\/629301fd-708d-4f53-95c2-d28cbefd500f.jpg\" data-dt-img-description=\"\" data-large_image_width=\"1600\" data-large_image_height=\"1322\"><img loading=\"lazy\" decoding=\"async\" class=\"wp-image-413782 alignright\" src=\"https:\/\/www.radiopiu.net\/wordpress\/wp-content\/uploads\/2024\/10\/629301fd-708d-4f53-95c2-d28cbefd500f-300x248.jpg\" alt=\"\" width=\"106\" height=\"88\" srcset=\"https:\/\/www.radiopiu.net\/wordpress\/wp-content\/uploads\/2024\/10\/629301fd-708d-4f53-95c2-d28cbefd500f-300x248.jpg 300w, https:\/\/www.radiopiu.net\/wordpress\/wp-content\/uploads\/2024\/10\/629301fd-708d-4f53-95c2-d28cbefd500f-1024x846.jpg 1024w, https:\/\/www.radiopiu.net\/wordpress\/wp-content\/uploads\/2024\/10\/629301fd-708d-4f53-95c2-d28cbefd500f-768x635.jpg 768w, https:\/\/www.radiopiu.net\/wordpress\/wp-content\/uploads\/2024\/10\/629301fd-708d-4f53-95c2-d28cbefd500f-1536x1269.jpg 1536w, https:\/\/www.radiopiu.net\/wordpress\/wp-content\/uploads\/2024\/10\/629301fd-708d-4f53-95c2-d28cbefd500f.jpg 1600w\" sizes=\"auto, (max-width: 106px) 100vw, 106px\" \/><\/a><\/strong><\/h1>\n<h1><strong><a class=\"dt-pswp-item\" href=\"https:\/\/www.radiopiu.net\/wordpress\/wp-content\/uploads\/2024\/11\/th-18.jpg\" data-dt-img-description=\"\" data-large_image_width=\"156\" data-large_image_height=\"180\"><img loading=\"lazy\" decoding=\"async\" class=\"size-full wp-image-421611 alignleft\" src=\"https:\/\/www.radiopiu.net\/wordpress\/wp-content\/uploads\/2024\/11\/th-18.jpg\" alt=\"\" width=\"156\" height=\"180\" \/><\/a><\/strong><\/h1>\n<h1><strong>N di parom &#8211; L Almanach de la nosta jent<\/strong><\/h1>\n<\/blockquote>\n<p>&nbsp;<\/p>\n<p>Le voci: Davide Conedera, Agordo, Michela Dell&#8217;Osbel, La Valle Agordina Simone Ganz, Falcade Veronica Lezuo, Colle Santa Lucia. La voce nella sigla \u00e8 di Giorgia Taio<\/p>\n<p><strong>LA PUNTATA DI OGGI, 24 GENNAIO 2025<\/strong><\/p>\n<p>&nbsp;<\/p>\n<audio class=\"wp-audio-shortcode\" id=\"audio-431008-2\" preload=\"none\" style=\"width: 100%;\" controls=\"controls\"><source type=\"audio\/mpeg\" src=\"https:\/\/www.radiopiu.net\/wordpress\/wp-content\/uploads\/2025\/01\/AL5-1.mp3?_=2\" \/><a href=\"https:\/\/www.radiopiu.net\/wordpress\/wp-content\/uploads\/2025\/01\/AL5-1.mp3\">https:\/\/www.radiopiu.net\/wordpress\/wp-content\/uploads\/2025\/01\/AL5-1.mp3<\/a><\/audio>\n<p>&nbsp;<\/p>\n<\/div>\n<div class=\"x11i5rnm xat24cr x1mh8g0r x1vvkbs xtlvy1s x126k92a\">\n<div dir=\"auto\">\n<hr \/>\n<\/div>\n<\/div>\n<blockquote>\n<blockquote>\n<h1><span style=\"color: #ff0000;\">\u00a0<\/span><\/h1>\n<h1><span style=\"color: #ff0000;\">I podcast informativi del mattino &#8211; audio &#8211;\u00a0\u00a0<\/span><\/h1>\n<\/blockquote>\n<p><strong><a class=\"dt-pswp-item\" href=\"https:\/\/www.radiopiu.net\/wordpress\/wp-content\/uploads\/2024\/11\/6.jpg\" data-dt-img-description=\"\" data-large_image_width=\"177\" data-large_image_height=\"180\"><img loading=\"lazy\" decoding=\"async\" class=\"size-full wp-image-417911 alignleft\" src=\"https:\/\/www.radiopiu.net\/wordpress\/wp-content\/uploads\/2024\/11\/6.jpg\" alt=\"\" width=\"177\" height=\"180\" \/><\/a>LA RASSEGNA STAMPA NAZIONALE ALLA RADIO, OGNI GIORNO ALLE 5 E ALLE 6 DEL MATTINO <span style=\"color: #0000ff;\">viene pubblicata alle 6.00 <span style=\"color: #ff0000;\">DIRETTA RADIO\u00a0 \u00a0\u00a0<\/span><\/span><\/strong><\/p><\/blockquote>\n<p>&nbsp;<\/p>\n<p><strong>NOTIZIE DELLA NOTTE<\/strong><\/p>\n<p><strong>Giappone<\/strong>, scandalo sessuale coinvolge network nazionale<br \/>\n<strong>&#8216;Mps<\/strong> valuta l&#8217;accordo per Mediobanca&#8217;<br \/>\n<strong>Borsa:<\/strong> Tokyo, apertura in aumento (+0,33%)<br \/>\n&#8216;<strong>Hegseth<\/strong> pag\u00f2 50.000 dollari a donna che lo accus\u00f2 abusi&#8217;<br \/>\n<strong>Trump,<\/strong> declassificare dossier su Jfk e Martin Luther King<br \/>\n<strong>Salvini,<\/strong> l&#8217;Italia non deve pi\u00f9 avere a che fare con l&#8217;Oms<br \/>\n<strong>Ranking mondiale<\/strong> &#8216;The&#8217;, al top Bologna, Sapienza e PoliMi<\/p>\n<h2>AUDIO dalle 6 del mattino<\/h2>\n<audio class=\"wp-audio-shortcode\" id=\"audio-431008-3\" preload=\"none\" style=\"width: 100%;\" controls=\"controls\"><source type=\"audio\/mpeg\" src=\"https:\/\/www.radiopiu.net\/wordpress\/wp-content\/uploads\/2025\/01\/GIORNALEDELLESEI-18.mp3?_=3\" \/><a href=\"https:\/\/www.radiopiu.net\/wordpress\/wp-content\/uploads\/2025\/01\/GIORNALEDELLESEI-18.mp3\">https:\/\/www.radiopiu.net\/wordpress\/wp-content\/uploads\/2025\/01\/GIORNALEDELLESEI-18.mp3<\/a><\/audio>\n<p>&nbsp;<\/p>\n<p>&nbsp;<\/p>\n<hr \/>\n<p>&nbsp;<\/p>\n<h1 style=\"text-align: center;\"><span style=\"color: #ff0000;\"><a class=\"dt-pswp-item\" href=\"https:\/\/www.radiopiu.net\/wordpress\/wp-content\/uploads\/2024\/11\/7.jpg\" data-dt-img-description=\"\" data-large_image_width=\"180\" data-large_image_height=\"180\"><img loading=\"lazy\" decoding=\"async\" class=\"size-full wp-image-417912 alignleft\" src=\"https:\/\/www.radiopiu.net\/wordpress\/wp-content\/uploads\/2024\/11\/7.jpg\" alt=\"\" width=\"180\" height=\"180\" srcset=\"https:\/\/www.radiopiu.net\/wordpress\/wp-content\/uploads\/2024\/11\/7.jpg 180w, https:\/\/www.radiopiu.net\/wordpress\/wp-content\/uploads\/2024\/11\/7-150x150.jpg 150w\" sizes=\"auto, (max-width: 180px) 100vw, 180px\" \/><\/a>I podcast informativi del mattino &#8211; audio &#8211;\u00a0<\/span><\/h1>\n<p><strong>OGNI GIORNO ALLE SETTE DEL MATTINO, LA RASSEGNA STAMPA LOCALE FLASH&#8230; PER CHI VA IN FRETTA. I TITOLI DAI GIORNALI E DAL SITO WWW.RADIOPIU.NET <span style=\"color: #0000ff;\">viene pubblicato alle 7.00<\/span> <span style=\"color: #ff0000;\">DIRETTA RADIO\u00a0<\/span><\/strong><\/p>\n<p><em><span style=\"color: #ff0000;\">per chi va in fretta&#8230; tante notizie in pochi minuti. L&#8217;informazione locale alla radio, ogni ora dalle 7 del mattino alle 19 della sera.<\/span><\/em><\/p>\n<h1>AUDIO dalle 7 del mattino<\/h1>\n<audio class=\"wp-audio-shortcode\" id=\"audio-431008-4\" preload=\"none\" style=\"width: 100%;\" controls=\"controls\"><source type=\"audio\/mpeg\" src=\"https:\/\/www.radiopiu.net\/wordpress\/wp-content\/uploads\/2025\/01\/GF07-18.mp3?_=4\" \/><a href=\"https:\/\/www.radiopiu.net\/wordpress\/wp-content\/uploads\/2025\/01\/GF07-18.mp3\">https:\/\/www.radiopiu.net\/wordpress\/wp-content\/uploads\/2025\/01\/GF07-18.mp3<\/a><\/audio>\n<p>&nbsp;<\/p>\n<hr \/>\n<p>&nbsp;<\/p>\n<h1><\/h1>\n<h1 style=\"text-align: center;\"><span style=\"color: #ff0000;\">I podcast informativi del mattino &#8211; audio &#8211;\u00a0<\/span><\/h1>\n<blockquote><p><strong>GIORNALE RADIO NAZIONALE, EDIZIONE DELLE SETTE <span style=\"color: #0000ff;\">viene pubblicato alle 7.05 <span style=\"color: #ff0000;\">DIRETTA RADIO\u00a0<\/span><\/span><\/strong><\/p><\/blockquote>\n<p><strong>il giornale radionazionale e&#8217; in onda ogni ora, dalle sette del mattino alle venti della sera\u00a0 \u00a0\u00a0<\/strong><\/p>\n<p><strong>ROMA<\/strong> Scattano i rincari, da oggi aumentano le sigarette Da +0,10 a +0,30 cent. Aumenti anche per sigari e trinciato <strong>COSENZA\u00a0<\/strong> La neonata rapita, la donna aveva finto la gravidanza<br \/>\n<strong>ROMA<\/strong> Morte Satnam Singh, arrestato chi lo abbandon\u00f2 senza un braccio<br \/>\nRenzo Lovato, padre di Antonello, imputato per la morte del bracciante <strong>VICENZA<\/strong> Resta il giallo dell&#8217;ereditiera sparita, le ossa sono di animali. Ex marito in cella a Miami. Il corpo potrebbe trovarsi a Cogollo. <strong>MILANO<\/strong> Abusi edilizi, in 8 a processo per la Torre Milano. Indagini sull&#8217;urbanistica milanese, primo caso a dibattimento ROMA Studente 17enne accoltellato a Roma dopo una lite a scuola. Ricoverato in ospedale, \u00e8 grave. <strong>PERUGIA<\/strong> Amanda Knox accusata di calunnia, il pg della Cassazione: &#8216;Confermare la condanna&#8217; <strong>ROMA<\/strong> Settanta tifosi spagnoli aggrediti da ultr\u00e0 della Lazio, 9 feriti Uno \u00e8 in gravi condizioni. Erano in un locale nel centro <strong>BOLZANO<\/strong> Il tycoon Benko arrestato in Austria dopo mega-crac. E&#8217; indagato anche in Italia e altre due Paesi<\/p>\n<h2><span style=\"color: #ff0000;\"><span style=\"color: #0000ff;\">ULTIM&#8217;ORA<\/span> <span style=\"color: #000000;\">AUDIO dalle sette del mattino, ogni ora alla radio EDIZIONE DELLE SETTE<\/span><\/span><\/h2>\n<audio class=\"wp-audio-shortcode\" id=\"audio-431008-5\" preload=\"none\" style=\"width: 100%;\" controls=\"controls\"><source type=\"audio\/mpeg\" src=\"https:\/\/www.radiopiu.net\/wordpress\/wp-content\/uploads\/2025\/01\/giornale07-22.mp3?_=5\" \/><a href=\"https:\/\/www.radiopiu.net\/wordpress\/wp-content\/uploads\/2025\/01\/giornale07-22.mp3\">https:\/\/www.radiopiu.net\/wordpress\/wp-content\/uploads\/2025\/01\/giornale07-22.mp3<\/a><\/audio>\n<p>&nbsp;<\/p>\n<p>&nbsp;<\/p>\n<hr \/>\n<p>&nbsp;<\/p>\n<p>&nbsp;<\/p>\n<h1><span style=\"color: #ff0000;\"><a class=\"dt-pswp-item\" href=\"https:\/\/www.radiopiu.net\/wordpress\/wp-content\/uploads\/2024\/11\/8.jpg\" data-dt-img-description=\"\" data-large_image_width=\"180\" data-large_image_height=\"180\"><img loading=\"lazy\" decoding=\"async\" class=\"size-full wp-image-417910 alignleft\" src=\"https:\/\/www.radiopiu.net\/wordpress\/wp-content\/uploads\/2024\/11\/8.jpg\" alt=\"\" width=\"180\" height=\"180\" srcset=\"https:\/\/www.radiopiu.net\/wordpress\/wp-content\/uploads\/2024\/11\/8.jpg 180w, https:\/\/www.radiopiu.net\/wordpress\/wp-content\/uploads\/2024\/11\/8-150x150.jpg 150w\" sizes=\"auto, (max-width: 180px) 100vw, 180px\" \/><\/a>I podcast informativi del mattino &#8211; video &#8211;\u00a0<\/span><\/h1>\n<h2 style=\"text-align: left;\"><strong>RASSEGNA STAMPA LOCALE, ORE OTTO<\/strong><\/h2>\n<h2><strong> <span style=\"color: #0000ff;\">viene\u00a0 <\/span><\/strong><strong><span style=\"color: #0000ff;\">pubblicata alle 8.05 <span style=\"color: #ff0000;\">DIRETTA RADIO\u00a0 \u00a0<\/span><\/span><\/strong><strong>DI MIRKO MEZZACASA<\/strong><\/h2>\n<h2><span style=\"color: #ff0000;\"><strong>\u00a0<\/strong><\/span><\/h2>\n<h2><span style=\"color: #ff0000;\"><strong>\u00a0<\/strong><\/span><span style=\"color: #ff0000;\"><strong>VIDEO\u00a0 \u00a0in diretta AGGIORNAMENTO\u00a0 dalle 8 del mattino\u00a0 \u00a0<\/strong><\/span><\/h2>\n<p>&nbsp;<\/p>\n<hr \/>\n<p><iframe loading=\"lazy\" style=\"border: none; overflow: hidden;\" src=\"https:\/\/www.facebook.com\/plugins\/video.php?height=314&amp;href=https%3A%2F%2Fwww.facebook.com%2Fradiopiu%2Fvideos%2F503365519445874%2F&amp;show_text=false&amp;width=560&amp;t=0\" width=\"560\" height=\"314\" frameborder=\"0\" scrolling=\"no\" allowfullscreen=\"allowfullscreen\"><\/iframe><\/p>\n<p>&nbsp;<\/p>\n<p>&nbsp;<\/p>\n<p><strong><a class=\"dt-pswp-item\" href=\"https:\/\/www.radiopiu.net\/wordpress\/wp-content\/uploads\/2023\/12\/ANTENNA.png\" data-dt-img-description=\"\" data-large_image_width=\"300\" data-large_image_height=\"166\"><img loading=\"lazy\" decoding=\"async\" class=\"wp-image-366306 alignright\" src=\"https:\/\/www.radiopiu.net\/wordpress\/wp-content\/uploads\/2023\/12\/ANTENNA.png\" alt=\"\" width=\"101\" height=\"56\" \/><\/a><a class=\"dt-pswp-item\" href=\"https:\/\/www.radiopiu.net\/wordpress\/wp-content\/uploads\/2025\/01\/465717758_10234394567309328_5429462129030185379_n.jpg\" data-dt-img-description=\"\" data-large_image_width=\"573\" data-large_image_height=\"741\"><img loading=\"lazy\" decoding=\"async\" class=\"wp-image-431192 alignleft\" src=\"https:\/\/www.radiopiu.net\/wordpress\/wp-content\/uploads\/2025\/01\/465717758_10234394567309328_5429462129030185379_n-232x300.jpg\" alt=\"\" width=\"137\" height=\"177\" srcset=\"https:\/\/www.radiopiu.net\/wordpress\/wp-content\/uploads\/2025\/01\/465717758_10234394567309328_5429462129030185379_n-232x300.jpg 232w, https:\/\/www.radiopiu.net\/wordpress\/wp-content\/uploads\/2025\/01\/465717758_10234394567309328_5429462129030185379_n.jpg 573w\" sizes=\"auto, (max-width: 137px) 100vw, 137px\" \/><\/a>ogni sera alle 19 le anticipazioni alla radio, quello che poi seguirete nel TELEGIORNALE BELLUNESE\u00a0 in onda alle 19.30 sul CANALE 10 del digitale terrestre.\u00a0\u00a0<\/strong><\/p>\n<p>&nbsp;<\/p>\n<p><b>\u00a0\u00a0<\/b><\/p>\n<p><strong>LE ANTICIPAZIONI DI STEFANO BOZZI (FOTO)<\/strong><\/p>\n<audio class=\"wp-audio-shortcode\" id=\"audio-431008-6\" preload=\"none\" style=\"width: 100%;\" controls=\"controls\"><source type=\"audio\/mpeg\" src=\"https:\/\/www.radiopiu.net\/wordpress\/wp-content\/uploads\/2025\/01\/ANTENNA3-15.mp3?_=6\" \/><a href=\"https:\/\/www.radiopiu.net\/wordpress\/wp-content\/uploads\/2025\/01\/ANTENNA3-15.mp3\">https:\/\/www.radiopiu.net\/wordpress\/wp-content\/uploads\/2025\/01\/ANTENNA3-15.mp3<\/a><\/audio>\n<p>&nbsp;<\/p>\n<p>&nbsp;<\/p>\n<p>&nbsp;<\/p>\n<hr \/>\n<p>&nbsp;<\/p>\n<blockquote>\n<h3>E&#8217; MORTO IL CONTE DAMIANO MIARI FULCIS<\/h3>\n<\/blockquote>\n<p><strong><a class=\"dt-pswp-item\" href=\"https:\/\/www.radiopiu.net\/wordpress\/wp-content\/uploads\/2025\/01\/SCR-20250123-qlpb.png\" data-dt-img-description=\"\" data-large_image_width=\"698\" data-large_image_height=\"480\"><img loading=\"lazy\" decoding=\"async\" class=\" wp-image-431150 alignleft\" src=\"https:\/\/www.radiopiu.net\/wordpress\/wp-content\/uploads\/2025\/01\/SCR-20250123-qlpb-300x206.png\" alt=\"\" width=\"205\" height=\"141\" srcset=\"https:\/\/www.radiopiu.net\/wordpress\/wp-content\/uploads\/2025\/01\/SCR-20250123-qlpb-300x206.png 300w, https:\/\/www.radiopiu.net\/wordpress\/wp-content\/uploads\/2025\/01\/SCR-20250123-qlpb.png 698w\" sizes=\"auto, (max-width: 205px) 100vw, 205px\" \/><\/a>BELLUNO<\/strong> \u00c8 scomparso mercoled\u00ec il conte Damiano Miari Fulcis, classe 1930, figura centrale nello sviluppo del Nevegal. Fu lui a inaugurare il primo albergo, il campeggio ancora attivo e un parco giochi gratuito per bambini, arricchendolo nel tempo con nuove attrazioni. Visionario e membro di una storica famiglia nobiliare, promosse numerosi progetti per valorizzare il Nevegal, come l\u2019ampliamento della pista Coca Bassa e la creazione di un piazzale multifunzionale. Nel 2012 ricevette il premio Amici del Nevegal per il suo impegno. Ultimo erede della societ\u00e0 che gestiva Palazzo Minerva, cerc\u00f2 a lungo di destinarlo a uso pubblico. Lascia la moglie Margherita, i figli Fulcio, Carlo e Michele, e molti nipoti. Il funerale si terr\u00e0 oggi alle 15 presso il Santuario Santa Maria Immacolata di Lourdes sul Nevegal. (foto: Corriere Delle Alpi)<\/p>\n<p>&nbsp;<\/p>\n<p>&nbsp;<\/p>\n<p>&nbsp;<\/p>\n<p>&nbsp;<\/p>\n<hr \/>\n<p>&nbsp;<\/p>\n<blockquote><p><strong><a class=\"dt-pswp-item\" href=\"https:\/\/www.radiopiu.net\/wordpress\/wp-content\/uploads\/2025\/01\/Senza-nome-76.png\" data-dt-img-description=\"\" data-large_image_width=\"737\" data-large_image_height=\"409\"><img loading=\"lazy\" decoding=\"async\" class=\"wp-image-431203 alignleft\" src=\"https:\/\/www.radiopiu.net\/wordpress\/wp-content\/uploads\/2025\/01\/Senza-nome-76-300x166.png\" alt=\"\" width=\"183\" height=\"101\" srcset=\"https:\/\/www.radiopiu.net\/wordpress\/wp-content\/uploads\/2025\/01\/Senza-nome-76-300x166.png 300w, https:\/\/www.radiopiu.net\/wordpress\/wp-content\/uploads\/2025\/01\/Senza-nome-76.png 737w\" sizes=\"auto, (max-width: 183px) 100vw, 183px\" \/><\/a>Pieve di Cadore, addio a Giovanni Tabacchi D&#8217;Amadio<\/strong><\/p><\/blockquote>\n<p>Si \u00e8 spento a 82 anni Giovanni Tabacchi D&#8217;Amadio, storico proprietario della Birreria Vecchia. Punto di riferimento per il Cadore, era appassionato di canto e bob. Oggi il funerale nella chiesa di Santa Maria Nascente.<\/p>\n<p>&nbsp;<\/p>\n<p>&nbsp;<\/p>\n<p>&nbsp;<\/p>\n<p>&nbsp;<\/p>\n<hr \/>\n<p>&nbsp;<\/p>\n<blockquote>\n<h3>OGGI L\u2019ULTIMO SALUTO A ROBERTO BORTOT<\/h3>\n<\/blockquote>\n<p><strong>TAIBON<\/strong> Saranno celebrati oggi alle 14:30 nella chiesa parrocchiale di Taibon i funerali di Roberto Bortot. A darne il triste annuncio Katia, la mamma Paolina, la sorella Katia, i cognati, zie e zii, cugini, nipoti, amici e parenti tutti. I funerali saranno preceduti dal santo rosario alle 14. Si proseguir\u00e0 per la cremazione. Si ringrazia quanti si uniranno nel ricordo e nella preghiera. Un ringraziamento particolare al personale medico e paramedico intervenuto nel soccorso.<\/p>\n<p>&nbsp;<\/p>\n<p>&nbsp;<\/p>\n<hr \/>\n<p>&nbsp;<\/p>\n<blockquote>\n<h3>CADE CON GLI SCI SULLE PISTE DI ALLEGHE. MINORENNE ELITRASPORTATO A BELLUNO<\/h3>\n<\/blockquote>\n<p><strong>REDAZIONE<\/strong> Un solo intervento nella giornata di ieri per il Suem 118. Poco prima delle 15:30 la centrale operativa \u00e8 stata allertata per una caduta sulle piste del comprensorio di Alleghe dove un minore, originario di La Valle Agordina, \u00e8 rimasto ferito. L&#8217;ambulanza di Alleghe ha raggiunto il Rifugio Fontana Bona dove si trovava il ragazzo e in supporto \u00e8 arrivato l&#8217;elicottero Falco che ha caricato il paziente per portarlo al San Martino di Belluno con ferite di media gravit\u00e0. Sui comprensori sciistici si sono registrati 9 interventi.<\/p>\n<p>&nbsp;<\/p>\n<p>&nbsp;<\/p>\n<hr \/>\n<p>&nbsp;<\/p>\n<blockquote>\n<h3>104 ANNI OPERATA AL FEMORE, IN PIEDI DOPO DUE GIORNI<\/h3>\n<\/blockquote>\n<p><strong>AGORDO<\/strong><\/p>\n<p>Ieri all&#8217;ospedale di Agordo, la conferenza stampa con il Primario Federico Botto e la sua equipe del reparto Ortopedia. Una nonna di 104 anni operata e rimessa in piedi in due giorni.<\/p>\n<p><strong>104 ANNI, OPERATA AL FEMORE, IN PIEDI DOPO 48 0RE<\/strong><\/p>\n<audio class=\"wp-audio-shortcode\" id=\"audio-431008-7\" preload=\"none\" style=\"width: 100%;\" controls=\"controls\"><source type=\"audio\/mpeg\" src=\"https:\/\/www.radiopiu.net\/wordpress\/wp-content\/uploads\/2025\/01\/gr-24-104-anni-operata-BOTTO.mp3?_=7\" \/><a href=\"https:\/\/www.radiopiu.net\/wordpress\/wp-content\/uploads\/2025\/01\/gr-24-104-anni-operata-BOTTO.mp3\">https:\/\/www.radiopiu.net\/wordpress\/wp-content\/uploads\/2025\/01\/gr-24-104-anni-operata-BOTTO.mp3<\/a><\/audio>\n<p><strong>IL GRAZIE AL COORDINAMENTO AGORDINO ZOLDANO, INTEREVENTO DI GIUSEPPE DALBEN<\/strong><\/p>\n<audio class=\"wp-audio-shortcode\" id=\"audio-431008-8\" preload=\"none\" style=\"width: 100%;\" controls=\"controls\"><source type=\"audio\/mpeg\" src=\"https:\/\/www.radiopiu.net\/wordpress\/wp-content\/uploads\/2025\/01\/gr-24-felice-gaiardo-ringrazia-DAL-BEN-E-GAIARDO.mp3?_=8\" \/><a href=\"https:\/\/www.radiopiu.net\/wordpress\/wp-content\/uploads\/2025\/01\/gr-24-felice-gaiardo-ringrazia-DAL-BEN-E-GAIARDO.mp3\">https:\/\/www.radiopiu.net\/wordpress\/wp-content\/uploads\/2025\/01\/gr-24-felice-gaiardo-ringrazia-DAL-BEN-E-GAIARDO.mp3<\/a><\/audio>\n<p>&nbsp;<\/p>\n\n\t\t\t<style type='text\/css'>\n\t\t\t\t#gallery-1 {\n\t\t\t\t\tmargin: auto;\n\t\t\t\t}\n\t\t\t\t#gallery-1 .gallery-item {\n\t\t\t\t\tfloat: left;\n\t\t\t\t\tmargin-top: 10px;\n\t\t\t\t\ttext-align: center;\n\t\t\t\t\twidth: 33%;\n\t\t\t\t}\n\t\t\t\t#gallery-1 img {\n\t\t\t\t\tborder: 2px solid #cfcfcf;\n\t\t\t\t}\n\t\t\t\t#gallery-1 .gallery-caption {\n\t\t\t\t\tmargin-left: 0;\n\t\t\t\t}\n\t\t\t\t\/* see gallery_shortcode() in wp-includes\/media.php *\/\n\t\t\t<\/style>\n\t\t<div id='gallery-1' class='dt-gallery-container gallery galleryid-431008 gallery-columns-3 gallery-size-medium'><dl class='gallery-item'>\n\t\t\t\t<dt class='gallery-icon landscape'>\n\t\t\t\t\t<a class=\"rollover rollover-zoom dt-pswp-item\" title=\"5ae2529f-f2ea-4f2a-9bee-83f95f2f944e\" data-dt-img-description=\"\" data-large_image_width=\"2048\" data-large_image_height=\"1152\"href='https:\/\/www.radiopiu.net\/wordpress\/wp-content\/uploads\/2025\/01\/5ae2529f-f2ea-4f2a-9bee-83f95f2f944e.jpeg'><img loading=\"lazy\" decoding=\"async\" width=\"300\" height=\"169\" src=\"https:\/\/www.radiopiu.net\/wordpress\/wp-content\/uploads\/2025\/01\/5ae2529f-f2ea-4f2a-9bee-83f95f2f944e-300x169.jpeg\" class=\"attachment-medium size-medium\" alt=\"\" srcset=\"https:\/\/www.radiopiu.net\/wordpress\/wp-content\/uploads\/2025\/01\/5ae2529f-f2ea-4f2a-9bee-83f95f2f944e-300x169.jpeg 300w, https:\/\/www.radiopiu.net\/wordpress\/wp-content\/uploads\/2025\/01\/5ae2529f-f2ea-4f2a-9bee-83f95f2f944e-1024x576.jpeg 1024w, https:\/\/www.radiopiu.net\/wordpress\/wp-content\/uploads\/2025\/01\/5ae2529f-f2ea-4f2a-9bee-83f95f2f944e-768x432.jpeg 768w, https:\/\/www.radiopiu.net\/wordpress\/wp-content\/uploads\/2025\/01\/5ae2529f-f2ea-4f2a-9bee-83f95f2f944e-1536x864.jpeg 1536w, https:\/\/www.radiopiu.net\/wordpress\/wp-content\/uploads\/2025\/01\/5ae2529f-f2ea-4f2a-9bee-83f95f2f944e.jpeg 2048w\" sizes=\"auto, (max-width: 300px) 100vw, 300px\" \/><\/a>\n\t\t\t\t<\/dt><\/dl><dl class='gallery-item'>\n\t\t\t\t<dt class='gallery-icon landscape'>\n\t\t\t\t\t<a class=\"rollover rollover-zoom dt-pswp-item\" title=\"99485cbe-eb3a-4bed-800d-5be3eecbe52d\" data-dt-img-description=\"\" data-large_image_width=\"2048\" data-large_image_height=\"1152\"href='https:\/\/www.radiopiu.net\/wordpress\/wp-content\/uploads\/2025\/01\/99485cbe-eb3a-4bed-800d-5be3eecbe52d.jpeg'><img loading=\"lazy\" decoding=\"async\" width=\"300\" height=\"169\" src=\"https:\/\/www.radiopiu.net\/wordpress\/wp-content\/uploads\/2025\/01\/99485cbe-eb3a-4bed-800d-5be3eecbe52d-300x169.jpeg\" class=\"attachment-medium size-medium\" alt=\"\" srcset=\"https:\/\/www.radiopiu.net\/wordpress\/wp-content\/uploads\/2025\/01\/99485cbe-eb3a-4bed-800d-5be3eecbe52d-300x169.jpeg 300w, https:\/\/www.radiopiu.net\/wordpress\/wp-content\/uploads\/2025\/01\/99485cbe-eb3a-4bed-800d-5be3eecbe52d-1024x576.jpeg 1024w, https:\/\/www.radiopiu.net\/wordpress\/wp-content\/uploads\/2025\/01\/99485cbe-eb3a-4bed-800d-5be3eecbe52d-768x432.jpeg 768w, https:\/\/www.radiopiu.net\/wordpress\/wp-content\/uploads\/2025\/01\/99485cbe-eb3a-4bed-800d-5be3eecbe52d-1536x864.jpeg 1536w, https:\/\/www.radiopiu.net\/wordpress\/wp-content\/uploads\/2025\/01\/99485cbe-eb3a-4bed-800d-5be3eecbe52d.jpeg 2048w\" sizes=\"auto, (max-width: 300px) 100vw, 300px\" \/><\/a>\n\t\t\t\t<\/dt><\/dl><dl class='gallery-item'>\n\t\t\t\t<dt class='gallery-icon landscape'>\n\t\t\t\t\t<a class=\"rollover rollover-zoom dt-pswp-item\" title=\"fbe5a259-30ef-4135-9158-dc835dad85b2\" data-dt-img-description=\"\" data-large_image_width=\"2048\" data-large_image_height=\"1152\"href='https:\/\/www.radiopiu.net\/wordpress\/wp-content\/uploads\/2025\/01\/fbe5a259-30ef-4135-9158-dc835dad85b2.jpeg'><img loading=\"lazy\" decoding=\"async\" width=\"300\" height=\"169\" src=\"https:\/\/www.radiopiu.net\/wordpress\/wp-content\/uploads\/2025\/01\/fbe5a259-30ef-4135-9158-dc835dad85b2-300x169.jpeg\" class=\"attachment-medium size-medium\" alt=\"\" srcset=\"https:\/\/www.radiopiu.net\/wordpress\/wp-content\/uploads\/2025\/01\/fbe5a259-30ef-4135-9158-dc835dad85b2-300x169.jpeg 300w, https:\/\/www.radiopiu.net\/wordpress\/wp-content\/uploads\/2025\/01\/fbe5a259-30ef-4135-9158-dc835dad85b2-1024x576.jpeg 1024w, https:\/\/www.radiopiu.net\/wordpress\/wp-content\/uploads\/2025\/01\/fbe5a259-30ef-4135-9158-dc835dad85b2-768x432.jpeg 768w, https:\/\/www.radiopiu.net\/wordpress\/wp-content\/uploads\/2025\/01\/fbe5a259-30ef-4135-9158-dc835dad85b2-1536x864.jpeg 1536w, https:\/\/www.radiopiu.net\/wordpress\/wp-content\/uploads\/2025\/01\/fbe5a259-30ef-4135-9158-dc835dad85b2.jpeg 2048w\" sizes=\"auto, (max-width: 300px) 100vw, 300px\" \/><\/a>\n\t\t\t\t<\/dt><\/dl><br style=\"clear: both\" \/><dl class='gallery-item'>\n\t\t\t\t<dt class='gallery-icon landscape'>\n\t\t\t\t\t<a class=\"rollover rollover-zoom dt-pswp-item\" title=\"a639b673-43a7-478c-b7c8-a28db048a768\" data-dt-img-description=\"\" data-large_image_width=\"2048\" data-large_image_height=\"1152\"href='https:\/\/www.radiopiu.net\/wordpress\/wp-content\/uploads\/2025\/01\/a639b673-43a7-478c-b7c8-a28db048a768.jpeg'><img loading=\"lazy\" decoding=\"async\" width=\"300\" height=\"169\" src=\"https:\/\/www.radiopiu.net\/wordpress\/wp-content\/uploads\/2025\/01\/a639b673-43a7-478c-b7c8-a28db048a768-300x169.jpeg\" class=\"attachment-medium size-medium\" alt=\"\" srcset=\"https:\/\/www.radiopiu.net\/wordpress\/wp-content\/uploads\/2025\/01\/a639b673-43a7-478c-b7c8-a28db048a768-300x169.jpeg 300w, https:\/\/www.radiopiu.net\/wordpress\/wp-content\/uploads\/2025\/01\/a639b673-43a7-478c-b7c8-a28db048a768-1024x576.jpeg 1024w, https:\/\/www.radiopiu.net\/wordpress\/wp-content\/uploads\/2025\/01\/a639b673-43a7-478c-b7c8-a28db048a768-768x432.jpeg 768w, https:\/\/www.radiopiu.net\/wordpress\/wp-content\/uploads\/2025\/01\/a639b673-43a7-478c-b7c8-a28db048a768-1536x864.jpeg 1536w, https:\/\/www.radiopiu.net\/wordpress\/wp-content\/uploads\/2025\/01\/a639b673-43a7-478c-b7c8-a28db048a768.jpeg 2048w\" sizes=\"auto, (max-width: 300px) 100vw, 300px\" \/><\/a>\n\t\t\t\t<\/dt><\/dl><dl class='gallery-item'>\n\t\t\t\t<dt class='gallery-icon landscape'>\n\t\t\t\t\t<a class=\"rollover rollover-zoom dt-pswp-item\" title=\"49253b67-5b73-4683-9295-1fc61513bc6c\" data-dt-img-description=\"\" data-large_image_width=\"2048\" data-large_image_height=\"1152\"href='https:\/\/www.radiopiu.net\/wordpress\/wp-content\/uploads\/2025\/01\/49253b67-5b73-4683-9295-1fc61513bc6c.jpeg'><img loading=\"lazy\" decoding=\"async\" width=\"300\" height=\"169\" src=\"https:\/\/www.radiopiu.net\/wordpress\/wp-content\/uploads\/2025\/01\/49253b67-5b73-4683-9295-1fc61513bc6c-300x169.jpeg\" class=\"attachment-medium size-medium\" alt=\"\" srcset=\"https:\/\/www.radiopiu.net\/wordpress\/wp-content\/uploads\/2025\/01\/49253b67-5b73-4683-9295-1fc61513bc6c-300x169.jpeg 300w, https:\/\/www.radiopiu.net\/wordpress\/wp-content\/uploads\/2025\/01\/49253b67-5b73-4683-9295-1fc61513bc6c-1024x576.jpeg 1024w, https:\/\/www.radiopiu.net\/wordpress\/wp-content\/uploads\/2025\/01\/49253b67-5b73-4683-9295-1fc61513bc6c-768x432.jpeg 768w, https:\/\/www.radiopiu.net\/wordpress\/wp-content\/uploads\/2025\/01\/49253b67-5b73-4683-9295-1fc61513bc6c-1536x864.jpeg 1536w, https:\/\/www.radiopiu.net\/wordpress\/wp-content\/uploads\/2025\/01\/49253b67-5b73-4683-9295-1fc61513bc6c.jpeg 2048w\" sizes=\"auto, (max-width: 300px) 100vw, 300px\" \/><\/a>\n\t\t\t\t<\/dt><\/dl><dl class='gallery-item'>\n\t\t\t\t<dt class='gallery-icon landscape'>\n\t\t\t\t\t<a class=\"rollover rollover-zoom dt-pswp-item\" title=\"130ed895-f2b8-4c28-ba7f-f4ff5cbd39ce\" data-dt-img-description=\"\" data-large_image_width=\"2048\" data-large_image_height=\"1152\"href='https:\/\/www.radiopiu.net\/wordpress\/wp-content\/uploads\/2025\/01\/130ed895-f2b8-4c28-ba7f-f4ff5cbd39ce.jpeg'><img loading=\"lazy\" decoding=\"async\" width=\"300\" height=\"169\" src=\"https:\/\/www.radiopiu.net\/wordpress\/wp-content\/uploads\/2025\/01\/130ed895-f2b8-4c28-ba7f-f4ff5cbd39ce-300x169.jpeg\" class=\"attachment-medium size-medium\" alt=\"\" srcset=\"https:\/\/www.radiopiu.net\/wordpress\/wp-content\/uploads\/2025\/01\/130ed895-f2b8-4c28-ba7f-f4ff5cbd39ce-300x169.jpeg 300w, https:\/\/www.radiopiu.net\/wordpress\/wp-content\/uploads\/2025\/01\/130ed895-f2b8-4c28-ba7f-f4ff5cbd39ce-1024x576.jpeg 1024w, https:\/\/www.radiopiu.net\/wordpress\/wp-content\/uploads\/2025\/01\/130ed895-f2b8-4c28-ba7f-f4ff5cbd39ce-768x432.jpeg 768w, https:\/\/www.radiopiu.net\/wordpress\/wp-content\/uploads\/2025\/01\/130ed895-f2b8-4c28-ba7f-f4ff5cbd39ce-1536x864.jpeg 1536w, https:\/\/www.radiopiu.net\/wordpress\/wp-content\/uploads\/2025\/01\/130ed895-f2b8-4c28-ba7f-f4ff5cbd39ce.jpeg 2048w\" sizes=\"auto, (max-width: 300px) 100vw, 300px\" \/><\/a>\n\t\t\t\t<\/dt><\/dl><br style=\"clear: both\" \/>\n\t\t\t<\/div>\n\n<p>&nbsp;<\/p>\n<p>DIRETTA YOUTUBE<\/p>\n<p><iframe loading=\"lazy\" title=\"In diretta dall\u2019Ospedale Papa Luciani di Agordo - 23 gennaio 2025\" width=\"1200\" height=\"900\" src=\"https:\/\/www.youtube.com\/embed\/D17UbcGCt6E?feature=oembed\" frameborder=\"0\" allow=\"accelerometer; autoplay; clipboard-write; encrypted-media; gyroscope; picture-in-picture; web-share\" referrerpolicy=\"strict-origin-when-cross-origin\" allowfullscreen><\/iframe><\/p>\n<p>&nbsp;<\/p>\n<p>&nbsp;<\/p>\n<hr \/>\n<p>&nbsp;<\/p>\n<blockquote>\n<h3 class=\"entry-title\">FELICE GAIARDO RINGRAZIA PER LE PAROLE RIVOLTE DA DAL BEN NEI CONFRONTI DEL MONDO DEL VOLONTARIATO DELLE AMBULANZE<\/h3>\n<\/blockquote>\n<p><strong><a class=\"dt-pswp-item\" href=\"https:\/\/www.radiopiu.net\/wordpress\/wp-content\/uploads\/2025\/01\/130ed895-f2b8-4c28-ba7f-f4ff5cbd39ce.jpeg\" data-dt-img-description=\"\" data-large_image_width=\"2048\" data-large_image_height=\"1152\"><img loading=\"lazy\" decoding=\"async\" class=\" wp-image-431065 alignleft\" src=\"https:\/\/www.radiopiu.net\/wordpress\/wp-content\/uploads\/2025\/01\/130ed895-f2b8-4c28-ba7f-f4ff5cbd39ce-300x169.jpeg\" alt=\"\" width=\"209\" height=\"118\" srcset=\"https:\/\/www.radiopiu.net\/wordpress\/wp-content\/uploads\/2025\/01\/130ed895-f2b8-4c28-ba7f-f4ff5cbd39ce-300x169.jpeg 300w, https:\/\/www.radiopiu.net\/wordpress\/wp-content\/uploads\/2025\/01\/130ed895-f2b8-4c28-ba7f-f4ff5cbd39ce-1024x576.jpeg 1024w, https:\/\/www.radiopiu.net\/wordpress\/wp-content\/uploads\/2025\/01\/130ed895-f2b8-4c28-ba7f-f4ff5cbd39ce-768x432.jpeg 768w, https:\/\/www.radiopiu.net\/wordpress\/wp-content\/uploads\/2025\/01\/130ed895-f2b8-4c28-ba7f-f4ff5cbd39ce-1536x864.jpeg 1536w, https:\/\/www.radiopiu.net\/wordpress\/wp-content\/uploads\/2025\/01\/130ed895-f2b8-4c28-ba7f-f4ff5cbd39ce.jpeg 2048w\" sizes=\"auto, (max-width: 209px) 100vw, 209px\" \/><\/a>REDAZIONE<\/strong> Il presidente del coordinamento Agordino-Zoldano dei volontari ambulanza Felice Gaiardo ha particolarmente gradito il messaggio arrivato tramite il direttore generale dell&#8217;Ulss 1 Dolomiti Giuseppe Dal Ben durante la conferenza stampa svoltasi all&#8217;ospedale Papa Luciani di Agordo.<\/p>\n<p>&nbsp;<\/p>\n<p><strong>FELICE GAIARDO<\/strong><\/p>\n<audio class=\"wp-audio-shortcode\" id=\"audio-431008-9\" preload=\"none\" style=\"width: 100%;\" controls=\"controls\"><source type=\"audio\/mpeg\" src=\"https:\/\/www.radiopiu.net\/wordpress\/wp-content\/uploads\/2025\/01\/GAIARDO-DAL-BEN.mp3?_=9\" \/><a href=\"https:\/\/www.radiopiu.net\/wordpress\/wp-content\/uploads\/2025\/01\/GAIARDO-DAL-BEN.mp3\">https:\/\/www.radiopiu.net\/wordpress\/wp-content\/uploads\/2025\/01\/GAIARDO-DAL-BEN.mp3<\/a><\/audio>\n<p>&nbsp;<\/p>\n<p>&nbsp;<\/p>\n<hr \/>\n<p>&nbsp;<\/p>\n<h1 class=\"_title post-title entry-title\"><a class=\"dt-pswp-item\" href=\"https:\/\/www.radiopiu.net\/wordpress\/wp-content\/uploads\/2023\/12\/ANTENNA.png\" data-dt-img-description=\"\" data-large_image_width=\"300\" data-large_image_height=\"166\"><img loading=\"lazy\" decoding=\"async\" class=\"size-full wp-image-366306 alignleft\" src=\"https:\/\/www.radiopiu.net\/wordpress\/wp-content\/uploads\/2023\/12\/ANTENNA.png\" alt=\"\" width=\"300\" height=\"166\" \/><\/a>AGORDO | OPERATA AL FEMORE A 104 ANNI, PER IL BELLUNESE E\u2019 UN RECORD<\/h1>\n<p>Intervistati FEDERICO BOTTO (DIRETTORE ORTOPEDIA AGORDO), GIUSEPPE DAL BEN (COMMISSARIO ULSS 1 DOLOMITI) (Servizio di\u00a0<a href=\"https:\/\/antennatre.medianordest.it\/redazione\/Stefano-Bozzi\/\">Stefano Bozzi<\/a>)<\/p>\n<p><iframe loading=\"lazy\" title=\"OPERATA AL FEMORE A 104 ANNI, PER IL BELLUNESE E&#039; UN RECORD | 23\/01\/2025\" width=\"1200\" height=\"675\" src=\"https:\/\/www.youtube.com\/embed\/zwWcAVp2Ni0?feature=oembed\" frameborder=\"0\" allow=\"accelerometer; autoplay; clipboard-write; encrypted-media; gyroscope; picture-in-picture; web-share\" referrerpolicy=\"strict-origin-when-cross-origin\" allowfullscreen><\/iframe><\/p>\n<hr \/>\n<p>&nbsp;<\/p>\n<blockquote>\n<h3>Agordo abbraccia Christian Selle: il giovane prosegue il recupero dopo il grave incidente<\/h3>\n<p>Prosegue la fase di riabilitazione e recupero di Christian Selle<\/p><\/blockquote>\n<p><strong><a class=\"dt-pswp-item\" href=\"https:\/\/www.radiopiu.net\/wordpress\/wp-content\/uploads\/2025\/01\/Senza-nome-72.png\" data-dt-img-description=\"\" data-large_image_width=\"148\" data-large_image_height=\"184\"><img loading=\"lazy\" decoding=\"async\" class=\"size-full wp-image-431059 alignleft\" src=\"https:\/\/www.radiopiu.net\/wordpress\/wp-content\/uploads\/2025\/01\/Senza-nome-72.png\" alt=\"\" width=\"148\" height=\"184\" \/><\/a>AGORDO<\/strong> \u2013 La comunit\u00e0 \u00a0continua a sostenere <strong>Christian Selle<\/strong>, il giovane che ha vissuto un drammatico incidente ed \u00e8 stato tra la vita e la morte. Dopo un lungo periodo di lotta e cure intensive, Christian ha superato la fase critica e ora \u00e8 impegnato in un percorso di riabilitazione e recupero, ben lontano dalla terapia intensiva.<\/p>\n<p>Oggi, il pensiero di tanti concittadini \u00e8 rivolto a lui. Fin dal giorno dell\u2019incidente, Agordo ha dimostrato vicinanza e affetto, unita nel desiderio di rivederlo presto tornare alla sua vita di sempre.<\/p>\n<p><em><a class=\"dt-pswp-item\" href=\"https:\/\/www.radiopiu.net\/wordpress\/wp-content\/uploads\/2025\/01\/Senza-nome-71.png\" data-dt-img-description=\"\" data-large_image_width=\"222\" data-large_image_height=\"102\"><img loading=\"lazy\" decoding=\"async\" class=\"size-full wp-image-431058 alignleft\" src=\"https:\/\/www.radiopiu.net\/wordpress\/wp-content\/uploads\/2025\/01\/Senza-nome-71.png\" alt=\"\" width=\"222\" height=\"102\" \/><\/a>&#8220;Christian, non passa giorno senza che qualcuno chieda di te, di come stai e di quando potrai tornare a \u2018giocare\u2019. Ti inviamo un grande in bocca al lupo, con la speranza di rivederti presto tra noi!&#8221;<\/em><\/p>\n<p>L\u2019affetto e la forza ulteriore spinta per il suo cammino verso la completa guarigione.<\/p>\n<p>&nbsp;<\/p>\n<p>&nbsp;<\/p>\n<hr \/>\n<p>&nbsp;<\/p>\n<blockquote>\n<h2>Mobilitazione ad Anz\u00f9: sette lavoratori senza casa dopo un incendio<\/h2>\n<\/blockquote>\n<p><img loading=\"lazy\" decoding=\"async\" class=\"alignleft\" src=\"https:\/\/www.radiopiu.net\/wordpress\/wp-content\/uploads\/2025\/01\/Senza-nome-74.png\" width=\"182\" height=\"125\" \/><strong>FELTRE<\/strong><\/p>\n<p>Un incendio scoppiato nel primo pomeriggio di ieri in una vecchia abitazione di vicolo De\u2019 Facci, ad Anz\u00f9, ha lasciato senza casa sette giovani lavoratori egiziani impiegati nella ristorazione. Le fiamme sarebbero state innescate da una termocoperta elettrica lasciata accesa su un divano in un\u2019abitazione priva di riscaldamento. Il rogo \u00e8 stato scoperto dai vicini, che hanno immediatamente allertato i vigili del fuoco, riusciti a domare le fiamme prima che si estendessero agli edifici circostanti. I sette giovani erano al lavoro al momento dell\u2019incendio e sono stati rintracciati dai carabinieri. Nessuno \u00e8 rimasto ferito, ma la casa \u00e8 stata dichiarata inagibile a causa dei danni provocati da fuoco, fumo e acqua. Il loro datore di lavoro si \u00e8 subito attivato per trovar loro una nuova sistemazione.<\/p>\n<p>&nbsp;<\/p>\n<p>&nbsp;<\/p>\n<hr \/>\n<blockquote>\n<h3>L&#8217;Astor spegne la musica: stop ai dj set dopo le proteste dei residenti<\/h3>\n<\/blockquote>\n<h3>BELLUNO<\/h3>\n<p><img loading=\"lazy\" decoding=\"async\" class=\"alignleft\" src=\"https:\/\/www.radiopiu.net\/wordpress\/wp-content\/uploads\/2025\/01\/Senza-nome-73.png\" width=\"252\" height=\"178\" \/>Il locale Astor di Piazza dei Martiri a Belluno ha annunciato la sospensione degli eventi con musica dal vivo e dj set, a seguito delle continue segnalazioni dei residenti per il volume eccessivo e il superamento degli orari consentiti. Dopo un controllo dell&#8217;Arpav durante una serata di giugno, che ha confermato il superamento dei limiti di decibel e portato a una multa di 2.400 euro, i titolari hanno deciso di fermare le serate musicali per evitare ulteriori sanzioni e il rischio di chiusura. Uno dei soci, Santi Di Noto, ha espresso rammarico per la situazione, sottolineando che l\u2019Astor ha sempre puntato a eventi di qualit\u00e0 per animare il centro cittadino senza mai registrare episodi di violenza. Tuttavia, l&#8217;inosservanza delle normative ha sollevato polemiche tra i residenti e gli avventori: da un lato, chi sostiene il diritto al riposo; dall&#8217;altro, chi teme che la citt\u00e0 perda vitalit\u00e0. I gestori stanno valutando soluzioni per l\u2019insonorizzazione e cercano un dialogo con i residenti per trovare un compromesso, ma per ora la musica rester\u00e0 spenta.<\/p>\n<p>&nbsp;<\/p>\n<hr \/>\n<p>&nbsp;<\/p>\n<blockquote>\n<h3>IL SINDACO E L&#8217;AMMINISTRAZIONE COMUNALE DI CANALE D&#8217;AGORDO INCONTRANO I CITTADINI<\/h3>\n<\/blockquote>\n<p><strong>CANALE D&#8217;AGORDO<\/strong> In sala degli emigranti di Via Lotta a Canale d\u2019Agordo, il sindaco con gli amministratori incontra i cittadini . Un\u2019occasione per aggiornarsi sulle attivit\u00e0 amministrative e far sentire la propria voce.<\/p>\n\n\t\t\t<style type='text\/css'>\n\t\t\t\t#gallery-2 {\n\t\t\t\t\tmargin: auto;\n\t\t\t\t}\n\t\t\t\t#gallery-2 .gallery-item {\n\t\t\t\t\tfloat: left;\n\t\t\t\t\tmargin-top: 10px;\n\t\t\t\t\ttext-align: center;\n\t\t\t\t\twidth: 25%;\n\t\t\t\t}\n\t\t\t\t#gallery-2 img {\n\t\t\t\t\tborder: 2px solid #cfcfcf;\n\t\t\t\t}\n\t\t\t\t#gallery-2 .gallery-caption {\n\t\t\t\t\tmargin-left: 0;\n\t\t\t\t}\n\t\t\t\t\/* see gallery_shortcode() in wp-includes\/media.php *\/\n\t\t\t<\/style>\n\t\t<div id='gallery-2' class='dt-gallery-container gallery galleryid-431008 gallery-columns-4 gallery-size-thumbnail'><dl class='gallery-item'>\n\t\t\t\t<dt class='gallery-icon landscape'>\n\t\t\t\t\t<a class=\"rollover rollover-zoom dt-pswp-item\" title=\"38680ab7-1081-4fc5-9a66-47c386fbb382\" data-dt-img-description=\"\" data-large_image_width=\"2048\" data-large_image_height=\"1152\"href='https:\/\/www.radiopiu.net\/wordpress\/wp-content\/uploads\/2025\/01\/38680ab7-1081-4fc5-9a66-47c386fbb382.jpg'><img loading=\"lazy\" decoding=\"async\" width=\"150\" height=\"150\" src=\"https:\/\/www.radiopiu.net\/wordpress\/wp-content\/uploads\/2025\/01\/38680ab7-1081-4fc5-9a66-47c386fbb382-150x150.jpg\" class=\"attachment-thumbnail size-thumbnail\" alt=\"\" \/><\/a>\n\t\t\t\t<\/dt><\/dl><dl class='gallery-item'>\n\t\t\t\t<dt class='gallery-icon landscape'>\n\t\t\t\t\t<a class=\"rollover rollover-zoom dt-pswp-item\" title=\"731de83e-9dbd-4676-9340-6a2a889d8990\" data-dt-img-description=\"\" data-large_image_width=\"2048\" data-large_image_height=\"1152\"href='https:\/\/www.radiopiu.net\/wordpress\/wp-content\/uploads\/2025\/01\/731de83e-9dbd-4676-9340-6a2a889d8990.jpg'><img loading=\"lazy\" decoding=\"async\" width=\"150\" height=\"150\" src=\"https:\/\/www.radiopiu.net\/wordpress\/wp-content\/uploads\/2025\/01\/731de83e-9dbd-4676-9340-6a2a889d8990-150x150.jpg\" class=\"attachment-thumbnail size-thumbnail\" alt=\"\" \/><\/a>\n\t\t\t\t<\/dt><\/dl><dl class='gallery-item'>\n\t\t\t\t<dt class='gallery-icon landscape'>\n\t\t\t\t\t<a class=\"rollover rollover-zoom dt-pswp-item\" title=\"2f1d25cf-beec-4eef-97bc-cadc9e21691f\" data-dt-img-description=\"\" data-large_image_width=\"2048\" data-large_image_height=\"1152\"href='https:\/\/www.radiopiu.net\/wordpress\/wp-content\/uploads\/2025\/01\/2f1d25cf-beec-4eef-97bc-cadc9e21691f.jpg'><img loading=\"lazy\" decoding=\"async\" width=\"150\" height=\"150\" src=\"https:\/\/www.radiopiu.net\/wordpress\/wp-content\/uploads\/2025\/01\/2f1d25cf-beec-4eef-97bc-cadc9e21691f-150x150.jpg\" class=\"attachment-thumbnail size-thumbnail\" alt=\"\" \/><\/a>\n\t\t\t\t<\/dt><\/dl><dl class='gallery-item'>\n\t\t\t\t<dt class='gallery-icon landscape'>\n\t\t\t\t\t<a class=\"rollover rollover-zoom dt-pswp-item\" title=\"fc166f90-1034-48f2-a121-976bfe0e3031\" data-dt-img-description=\"\" data-large_image_width=\"2048\" data-large_image_height=\"1152\"href='https:\/\/www.radiopiu.net\/wordpress\/wp-content\/uploads\/2025\/01\/fc166f90-1034-48f2-a121-976bfe0e3031.jpg'><img loading=\"lazy\" decoding=\"async\" width=\"150\" height=\"150\" src=\"https:\/\/www.radiopiu.net\/wordpress\/wp-content\/uploads\/2025\/01\/fc166f90-1034-48f2-a121-976bfe0e3031-150x150.jpg\" class=\"attachment-thumbnail size-thumbnail\" alt=\"\" \/><\/a>\n\t\t\t\t<\/dt><\/dl><br style=\"clear: both\" \/>\n\t\t\t<\/div>\n\n<p>&nbsp;<\/p>\n<p><strong>LA DIRETTA RADIO PIU&#8217;\u00a0<\/strong><\/p>\n<blockquote class=\"wp-embedded-content\" data-secret=\"Nfm04sEwNe\"><p><a href=\"https:\/\/www.radiopiu.net\/wordpress\/il-sindaco-e-lamministrazione-comunale-di-canale-dagordo-incontrano-i-cittadini-la-diretta\/\">IL SINDACO E L&#8217;AMMINISTRAZIONE COMUNALE DI CANALE D&#8217;AGORDO INCONTRANO I CITTADINI &#8211; LA DIRETTA<\/a><\/p><\/blockquote>\n<p><iframe loading=\"lazy\" class=\"wp-embedded-content\" sandbox=\"allow-scripts\" security=\"restricted\" style=\"position: absolute; visibility: hidden;\" title=\"&#8220;IL SINDACO E L&#8217;AMMINISTRAZIONE COMUNALE DI CANALE D&#8217;AGORDO INCONTRANO I CITTADINI &#8211; LA DIRETTA&#8221; &#8212; Radio Pi\u00f9\" src=\"https:\/\/www.radiopiu.net\/wordpress\/il-sindaco-e-lamministrazione-comunale-di-canale-dagordo-incontrano-i-cittadini-la-diretta\/embed\/#?secret=0aaAnEwgVJ#?secret=Nfm04sEwNe\" data-secret=\"Nfm04sEwNe\" width=\"600\" height=\"338\" frameborder=\"0\" marginwidth=\"0\" marginheight=\"0\" scrolling=\"no\"><\/iframe><\/p>\n<p>&nbsp;<\/p>\n<hr \/>\n<p>&nbsp;<\/p>\n<p>LA GIUDIZIARIA, OGGI SUL CORRIERE DELLE ALPI<br \/>\nSINTESTI ARTICOLI GIGI SOSSO<\/p>\n<div class=\"flex-shrink-0 flex flex-col relative items-end\">\n<div class=\"pt-0\">\n<div class=\"gizmo-bot-avatar flex h-8 w-8 items-center justify-center overflow-hidden rounded-full\">\n<div class=\"relative p-1 rounded-sm flex items-center justify-center bg-token-main-surface-primary text-token-text-primary h-8 w-8\"><\/div>\n<div>\n<blockquote>\n<h3><strong><a class=\"dt-pswp-item\" href=\"https:\/\/www.radiopiu.net\/wordpress\/wp-content\/uploads\/2025\/01\/Senza-nome-75.png\" data-dt-img-description=\"\" data-large_image_width=\"286\" data-large_image_height=\"353\"><img loading=\"lazy\" decoding=\"async\" class=\" wp-image-431200 alignleft\" src=\"https:\/\/www.radiopiu.net\/wordpress\/wp-content\/uploads\/2025\/01\/Senza-nome-75-243x300.png\" alt=\"\" width=\"147\" height=\"181\" srcset=\"https:\/\/www.radiopiu.net\/wordpress\/wp-content\/uploads\/2025\/01\/Senza-nome-75-243x300.png 243w, https:\/\/www.radiopiu.net\/wordpress\/wp-content\/uploads\/2025\/01\/Senza-nome-75.png 286w\" sizes=\"auto, (max-width: 147px) 100vw, 147px\" \/><\/a>Arsi\u00e8: cinque rinvii a giudizio per la morte di un ospite della casa di riposo<\/strong><\/h3>\n<\/blockquote>\n<p><a class=\"dt-pswp-item\" href=\"https:\/\/www.radiopiu.net\/wordpress\/wp-content\/uploads\/2023\/03\/20f5eef7-e3b7-48bc-b417-7851556e3842-300x187-1.jpg\" data-dt-img-description=\"\" data-large_image_width=\"300\" data-large_image_height=\"187\"><img loading=\"lazy\" decoding=\"async\" class=\"size-full wp-image-431205 alignright\" src=\"https:\/\/www.radiopiu.net\/wordpress\/wp-content\/uploads\/2023\/03\/20f5eef7-e3b7-48bc-b417-7851556e3842-300x187-1.jpg\" alt=\"\" width=\"300\" height=\"187\" \/><\/a>Il pm ha chiesto il rinvio a giudizio per cinque persone in relazione alla morte di Antonio Salina (foto), 65enne ospite della casa di riposo San Giuseppe di Arsi\u00e8, annegato in una vasca di liquami dopo essere uscito senza sorveglianza dalla struttura. Le difese contestano le indagini e il giudice decider\u00e0 il 16 maggio se procedere con il processo o prosciogliere gli imputati. Le accuse riguardano carenze nella gestione e sorveglianza della struttura, mancata segnalazione del rischio di fuga e scarsa sicurezza nel luogo dell\u2019incidente. La famiglia della vittima chiede un risarcimento.<\/p>\n<\/div>\n<div><\/div>\n<div><\/div>\n<div><strong>ARCHIVIO RADIOPIU 01 MARZO 2023<\/strong><br \/>\n<strong>ARSIE<\/strong>&#8216; Ritrovato dopo quattro giorni di ricerche, purtroppo senza vita. Antonio Salina (85 anni) sabato si era allontanato dalla casa di riposo. Il corpo dell&#8217;anziano \u00e8 stato trovato a poche centinaia di metri dalla casa di soggiorno che lo ospitava, adagiato nella vasca dei liquami della vicina stalla.<br \/>\nIl ritrovamento \u00e8 stato compiuto dai vigili del fuoco insieme ad alcune persone nell&#8217;area della stalla, segnalata durante le ricerche anche dai cani molecolari nell&#8217;azienda agricola in localit\u00e0 Novegno di Arsi\u00e8. Si presume l\u2019uomo possa essere scivolato all\u2019interno e solo nella giornata di oggi \u00e8 venuto a galla, quando \u00e8 stato notato dalla squadra di ricerca. I vigili del fuoco hanno effettuato il recupero e messo il corpo a disposizione dell\u2019autorit\u00e0 giudiziaria.<\/div>\n<\/div>\n<\/div>\n<\/div>\n<div class=\"group\/conversation-turn relative flex w-full min-w-0 flex-col agent-turn\">\n<div class=\"flex-col gap-1 md:gap-3\">\n<div class=\"flex max-w-full flex-col flex-grow\">\n<div class=\"min-h-8 text-message flex w-full flex-col items-end gap-2 whitespace-normal break-words text-start [.text-message+&amp;]:mt-5\" dir=\"auto\" data-message-author-role=\"assistant\" data-message-id=\"10bbe4ad-b3f8-4950-a89e-fbf1311b7582\" data-message-model-slug=\"gpt-4o\">\n<div class=\"flex w-full flex-col gap-1 empty:hidden first:pt-[3px]\">\n<div class=\"markdown prose w-full break-words dark:prose-invert dark\">\n<blockquote>\n<h3><strong>Feltre: tredici furti per 20mila euro, tre sospettati verso il processo<\/strong><\/h3>\n<\/blockquote>\n<p>Tre imputati dovranno affrontare il processo per tredici furti, per un valore complessivo di 20mila euro, commessi tra luglio 2022 e aprile 2023 ai danni di aziende agricole, casere e officine della provincia. L\u2019udienza preliminare \u00e8 stata rinviata al 15 marzo a causa di un legittimo impedimento di uno dei difensori. L\u2019indagine era partita dopo un inseguimento pericoloso, durante il quale l\u2019auto di uno degli imputati aveva speronato quella dei carabinieri.\u00a0 I militari hanno scoperto in un capannone un\u2019ingente quantit\u00e0 di refurtiva, tra cui macchinari, gruppi elettrogeni, attrezzatura agricola e migliaia di litri di gasolio. Parte del materiale \u00e8 gi\u00e0 stato riconosciuto dai proprietari, mentre alcune vittime intendono costituirsi parte civile per ottenere il risarcimento.<\/p>\n<\/div>\n<\/div>\n<\/div>\n<\/div>\n<\/div>\n<\/div>\n<div class=\"group\/conversation-turn relative flex w-full min-w-0 flex-col agent-turn\">\n<div class=\"flex-col gap-1 md:gap-3\">\n<div class=\"flex max-w-full flex-col flex-grow\">\n<div class=\"min-h-8 text-message flex w-full flex-col items-end gap-2 whitespace-normal break-words text-start [.text-message+&amp;]:mt-5\" dir=\"auto\" data-message-author-role=\"assistant\" data-message-id=\"5ed0b843-fb8d-44f9-a81b-aa7b119d27ac\" data-message-model-slug=\"gpt-4o\">\n<div class=\"flex w-full flex-col gap-1 empty:hidden first:pt-[3px]\">\n<div class=\"markdown prose w-full break-words dark:prose-invert dark\">\n<blockquote><p><strong>Valbelluna, collega raggira donna fragile: processo per circonvenzione<\/strong><\/p><\/blockquote>\n<p>Un uomo \u00e8 accusato di aver ottenuto 10.500 euro da una collega con difficolt\u00e0 cognitive, fingendo necessit\u00e0 economiche. Gi\u00e0 vittima di un precedente raggiro, la donna si \u00e8 costituita parte civile. Il processo inizier\u00e0 il 13 febbraio.<\/p>\n<\/div>\n<\/div>\n<\/div>\n<\/div>\n<\/div>\n<\/div>\n<blockquote><p><strong>Valbelluna, collega raggira donna fragile: processo per circonvenzione<\/strong><\/p><\/blockquote>\n<p>Un uomo \u00e8 accusato di aver ottenuto 10.500 euro da una collega con difficolt\u00e0 cognitive, fingendo necessit\u00e0 economiche. Gi\u00e0 vittima di un precedente raggiro, la donna si \u00e8 costituita parte civile. Il processo inizier\u00e0 il 13 febbraio.<\/p>\n<p>&nbsp;<\/p>\n<hr \/>\n<p>&nbsp;<\/p>\n<blockquote>\n<h3>TORNA L&#8217;INCUBO BOLLETTE. CONFARTIGIANATO CHIEDE INTERVENTI CONCRETI<\/h3>\n<\/blockquote>\n<p><strong><a class=\"dt-pswp-item\" href=\"https:\/\/www.radiopiu.net\/wordpress\/wp-content\/uploads\/2024\/12\/scarzanella-dic24-scaled.jpg\" data-dt-img-description=\"\" data-large_image_width=\"1969\" data-large_image_height=\"2560\"><img loading=\"lazy\" decoding=\"async\" class=\" wp-image-427054 alignleft\" src=\"https:\/\/www.radiopiu.net\/wordpress\/wp-content\/uploads\/2024\/12\/scarzanella-dic24-231x300.jpg\" alt=\"\" width=\"139\" height=\"181\" srcset=\"https:\/\/www.radiopiu.net\/wordpress\/wp-content\/uploads\/2024\/12\/scarzanella-dic24-231x300.jpg 231w, https:\/\/www.radiopiu.net\/wordpress\/wp-content\/uploads\/2024\/12\/scarzanella-dic24-787x1024.jpg 787w, https:\/\/www.radiopiu.net\/wordpress\/wp-content\/uploads\/2024\/12\/scarzanella-dic24-768x999.jpg 768w, https:\/\/www.radiopiu.net\/wordpress\/wp-content\/uploads\/2024\/12\/scarzanella-dic24-1181x1536.jpg 1181w, https:\/\/www.radiopiu.net\/wordpress\/wp-content\/uploads\/2024\/12\/scarzanella-dic24-1575x2048.jpg 1575w, https:\/\/www.radiopiu.net\/wordpress\/wp-content\/uploads\/2024\/12\/scarzanella-dic24-scaled.jpg 1969w\" sizes=\"auto, (max-width: 139px) 100vw, 139px\" \/><\/a>BELLUNO<\/strong> L\u2019incubo delle bollette energetiche torna a colpire famiglie e imprese, con aumenti significativi che, pur non raggiungendo i livelli del 2022 (0,570 \u20ac al kWh), stanno mettendo in difficolt\u00e0 settori come metalmeccanica e occhialeria, specialmente nella provincia di Belluno. Secondo Claudia Scarzanella, presidente di Confartigianato Belluno, dal 2021 al 2025 il costo del kWh \u00e8 aumentato del 70%, aggravato da oneri parafiscali che penalizzano le piccole imprese a favore delle grandi. Questo squilibrio compromette la competitivit\u00e0 delle realt\u00e0 pi\u00f9 piccole, cuore del sistema produttivo italiano. Dopo i picchi del 2022, le speranze di un ritorno ai costi del 2021 si sono infrante davanti a un continuo rialzo. Scarzanella sottolinea la necessit\u00e0 di interventi concreti, tra cui processi pi\u00f9 efficienti e autoproduzione di energia, per contrastare i rincari. Confartigianato Belluno supporta imprese e cittadini con consulenze mirate per ottimizzare i consumi e ridurre i costi energetici.<\/p>\n<p>&nbsp;<\/p>\n<hr \/>\n<h1 class=\"_title post-title entry-title\"><\/h1>\n<h1 class=\"_title post-title entry-title\"><a class=\"dt-pswp-item\" href=\"https:\/\/www.radiopiu.net\/wordpress\/wp-content\/uploads\/2023\/12\/ANTENNA.png\" data-dt-img-description=\"\" data-large_image_width=\"300\" data-large_image_height=\"166\"><img loading=\"lazy\" decoding=\"async\" class=\"size-full wp-image-366306 alignleft\" src=\"https:\/\/www.radiopiu.net\/wordpress\/wp-content\/uploads\/2023\/12\/ANTENNA.png\" alt=\"\" width=\"300\" height=\"166\" \/><\/a>BELLUNO | DA EDIM A CERAMICA DOLOMITE: IL QUADRO DELLE CRISI INDUSTRIALI A INIZIO 2025<\/h1>\n<p>Intervistati VALERIA MANTOVAN (ASSESSORA LAVORO REGIONE VENETO), GIULIANO BASCETTA (CAPO PROGETTO UNITA\u2019 CRISI AZIENDALI VENETO LAVORO) (Servizio di\u00a0<a href=\"https:\/\/antennatre.medianordest.it\/redazione\/Stefano-Bozzi\/\">Stefano Bozzi<\/a>)<\/p>\n<p><iframe loading=\"lazy\" title=\"DA EDIM A CERAMICA DOLOMITE: IL QUADRO DELLE CRISI INDUSTRIALI A INIZIO 2025 | 23\/01\/2025\" width=\"1200\" height=\"675\" src=\"https:\/\/www.youtube.com\/embed\/lVCKxYpYKYQ?feature=oembed\" frameborder=\"0\" allow=\"accelerometer; autoplay; clipboard-write; encrypted-media; gyroscope; picture-in-picture; web-share\" referrerpolicy=\"strict-origin-when-cross-origin\" allowfullscreen><\/iframe><\/p>\n<hr \/>\n<p>&nbsp;<\/p>\n<blockquote>\n<h3>LAVORO, UNITA&#8217; DI CRISI: 43 CASI DA INIZIO ANNO<\/h3>\n<\/blockquote>\n<p><strong><a class=\"dt-pswp-item\" href=\"https:\/\/www.radiopiu.net\/wordpress\/wp-content\/uploads\/2018\/05\/lavoro.jpg\" data-dt-img-description=\"\" data-large_image_width=\"1280\" data-large_image_height=\"720\"><img loading=\"lazy\" decoding=\"async\" class=\" wp-image-49672 alignleft\" src=\"https:\/\/www.radiopiu.net\/wordpress\/wp-content\/uploads\/2018\/05\/lavoro-300x169.jpg\" alt=\"\" width=\"195\" height=\"110\" srcset=\"https:\/\/www.radiopiu.net\/wordpress\/wp-content\/uploads\/2018\/05\/lavoro-300x169.jpg 300w, https:\/\/www.radiopiu.net\/wordpress\/wp-content\/uploads\/2018\/05\/lavoro-768x432.jpg 768w, https:\/\/www.radiopiu.net\/wordpress\/wp-content\/uploads\/2018\/05\/lavoro-1024x576.jpg 1024w, https:\/\/www.radiopiu.net\/wordpress\/wp-content\/uploads\/2018\/05\/lavoro.jpg 1280w\" sizes=\"auto, (max-width: 195px) 100vw, 195px\" \/><\/a>VENEZIA <\/strong>Dal 2012, l\u2019Unit\u00e0 di Crisi della Regione Veneto ha gestito 350 tavoli di trattativa, coinvolgendo circa 61mila lavoratori. Nel 2024 ha affrontato 71 crisi aziendali complesse, interessando 14mila lavoratori, mentre nel 2025 ha gi\u00e0 preso in carico 43 nuovi casi. I settori pi\u00f9 colpiti sono metalmeccanico, logistica, tessile e alimentare, con maggiore impatto nelle province di Venezia e Padova. Particolare attenzione \u00e8 rivolta ai comparti automotive e moda per prevenire situazioni critiche. L\u2019assessore Valeria Mantovan ha evidenziato il modello veneto come esempio unico a livello nazionale, in grado di rispondere ai cambiamenti globali. Giuliano Bascetta, capo progetto, ha sottolineato l\u2019importanza della concertazione tra aziende, sindacati e istituzioni per garantire continuit\u00e0 produttiva e occupazionale. Il direttore Tiziano Barone ha spiegato che le politiche attive del lavoro mirano a ricollocare i lavoratori esclusi dal mercato attraverso formazione, upskilling e reskilling, con l\u2019obiettivo di un rapido reinserimento lavorativo e il supporto continuo per chi \u00e8 in difficolt\u00e0.<\/p>\n<p>&nbsp;<\/p>\n<p>&nbsp;<\/p>\n<hr \/>\n<p>&nbsp;<\/p>\n<blockquote>\n<h3>CASCHETTO D&#8217;ORO 2025: PREMIATA TIZIANA CASAGRANDE, COMMISSARIO DELLA POLIZIA LOCALE DI BELLUNO<\/h3>\n<\/blockquote>\n<p><strong><a class=\"dt-pswp-item\" href=\"https:\/\/www.radiopiu.net\/wordpress\/wp-content\/uploads\/2025\/01\/Premio-Caschetto-dOro.jpeg\" data-dt-img-description=\"\" data-large_image_width=\"2048\" data-large_image_height=\"1536\"><img loading=\"lazy\" decoding=\"async\" class=\" wp-image-431108 alignleft\" src=\"https:\/\/www.radiopiu.net\/wordpress\/wp-content\/uploads\/2025\/01\/Premio-Caschetto-dOro-300x225.jpeg\" alt=\"\" width=\"176\" height=\"132\" srcset=\"https:\/\/www.radiopiu.net\/wordpress\/wp-content\/uploads\/2025\/01\/Premio-Caschetto-dOro-300x225.jpeg 300w, https:\/\/www.radiopiu.net\/wordpress\/wp-content\/uploads\/2025\/01\/Premio-Caschetto-dOro-1024x768.jpeg 1024w, https:\/\/www.radiopiu.net\/wordpress\/wp-content\/uploads\/2025\/01\/Premio-Caschetto-dOro-768x576.jpeg 768w, https:\/\/www.radiopiu.net\/wordpress\/wp-content\/uploads\/2025\/01\/Premio-Caschetto-dOro-1536x1152.jpeg 1536w, https:\/\/www.radiopiu.net\/wordpress\/wp-content\/uploads\/2025\/01\/Premio-Caschetto-dOro.jpeg 2048w\" sizes=\"auto, (max-width: 176px) 100vw, 176px\" \/><\/a>BELLUNO <\/strong>Tiziana Casagrande, commissario principale della Polizia locale di Belluno, ha ricevuto il Premio Caschetto d\u2019Oro 2025, un riconoscimento che celebra oltre 30 anni di servizio dedicato alla sicurezza pubblica e alla tutela della comunit\u00e0. Il premio, attribuito dal Circolo dei Tredici su segnalazione del comandante Antonio Codemo, sottolinea le sue competenze e l\u2019impegno civico. La carriera di Casagrande \u00e8 iniziata nei comuni montani bellunesi, per poi proseguire a Belluno, dove ha ricoperto ruoli di crescente responsabilit\u00e0, tra cui attivit\u00e0 di coordinamento, indagini di polizia giudiziaria, e formazione. Laureata in Giurisprudenza, si \u00e8 distinta per interventi in casi complessi, dalla sicurezza stradale a indagini su reati contro beni pubblici, truffe online e violenze di genere. Ha curato progetti educativi e partecipato a operazioni di soccorso durante calamit\u00e0 come la tempesta Vaia. Il sindaco De Pellegrin e il comandante Codemo hanno espresso orgoglio per questo prestigioso riconoscimento, che sottolinea il valore del lavoro svolto e ispira l\u2019intero corpo di Polizia locale a mantenere alti standard di servizio per la comunit\u00e0.<\/p>\n<p><strong>IL SINDACO DI BELLUNO OSCAR DE PELLEGRIN<\/strong><\/p>\n<div style=\"width: 1200px;\" class=\"wp-video\"><video class=\"wp-video-shortcode\" id=\"video-431008-1\" width=\"1200\" height=\"675\" preload=\"metadata\" controls=\"controls\"><source type=\"video\/mp4\" src=\"https:\/\/www.radiopiu.net\/wordpress\/wp-content\/uploads\/2025\/01\/20250123_132354.mp4?_=1\" \/><a href=\"https:\/\/www.radiopiu.net\/wordpress\/wp-content\/uploads\/2025\/01\/20250123_132354.mp4\">https:\/\/www.radiopiu.net\/wordpress\/wp-content\/uploads\/2025\/01\/20250123_132354.mp4<\/a><\/video><\/div>\n<p>&nbsp;<\/p>\n<hr \/>\n<p>&nbsp;<\/p>\n<blockquote>\n<h3><a class=\"dt-pswp-item\" href=\"https:\/\/www.radiopiu.net\/wordpress\/wp-content\/uploads\/2025\/01\/WhatsApp-Image-2025-01-20-at-15.31.03.jpeg\" data-dt-img-description=\"\" data-large_image_width=\"1030\" data-large_image_height=\"1676\"><img loading=\"lazy\" decoding=\"async\" class=\" wp-image-431095 alignleft\" src=\"https:\/\/www.radiopiu.net\/wordpress\/wp-content\/uploads\/2025\/01\/WhatsApp-Image-2025-01-20-at-15.31.03-184x300.jpeg\" alt=\"\" width=\"107\" height=\"174\" srcset=\"https:\/\/www.radiopiu.net\/wordpress\/wp-content\/uploads\/2025\/01\/WhatsApp-Image-2025-01-20-at-15.31.03-184x300.jpeg 184w, https:\/\/www.radiopiu.net\/wordpress\/wp-content\/uploads\/2025\/01\/WhatsApp-Image-2025-01-20-at-15.31.03-629x1024.jpeg 629w, https:\/\/www.radiopiu.net\/wordpress\/wp-content\/uploads\/2025\/01\/WhatsApp-Image-2025-01-20-at-15.31.03-768x1250.jpeg 768w, https:\/\/www.radiopiu.net\/wordpress\/wp-content\/uploads\/2025\/01\/WhatsApp-Image-2025-01-20-at-15.31.03-944x1536.jpeg 944w, https:\/\/www.radiopiu.net\/wordpress\/wp-content\/uploads\/2025\/01\/WhatsApp-Image-2025-01-20-at-15.31.03.jpeg 1030w\" sizes=\"auto, (max-width: 107px) 100vw, 107px\" \/><\/a>SICUREZZA E VIABILITA&#8217;: INCONTRO TRA QUESTURA E COMUNE DI LONGARONE<\/h3>\n<\/blockquote>\n<p><strong>LONGARONE<\/strong> Il Comune di Longarone e la Questura di Belluno hanno discusso temi di sicurezza, tra cui viabilit\u00e0 e prevenzione delle truffe. Al centro del confronto, l\u2019intenso traffico sulla statale 51 di Alemagna, con oltre 10 milioni di veicoli all\u2019anno, e la crescente presenza di motociclisti sulla 251, dove si registrano frequenti violazioni dei limiti di velocit\u00e0. Il sindaco Padrin ha evidenziato la necessit\u00e0 di migliorare la sicurezza stradale e ridurre i disagi, anche grazie alla futura variante. Inoltre, \u00e8 stato avviato un progetto di sensibilizzazione contro le truffe, con la pubblicazione di un vademecum informativo, rivolto in particolare agli anziani. L\u2019incontro si \u00e8 concluso con l\u2019impegno a rafforzare la collaborazione tra le istituzioni per migliorare la sicurezza e la qualit\u00e0 della vita dei cittadini.<\/p>\n<p>&nbsp;<\/p>\n<p>&nbsp;<\/p>\n<p>&nbsp;<\/p>\n<p>&nbsp;<\/p>\n<hr \/>\n<p>&nbsp;<\/p>\n<blockquote>\n<h3>COMUNE DI FELTRE E CAMERA DI COMMERCIO TREVISO BELLUNO SIGLANO UN ACCORDO PER LA DIGITALIZZAZIONE DELLE PRATICHE EDILIZIE<\/h3>\n<\/blockquote>\n<p><strong><a class=\"dt-pswp-item\" href=\"https:\/\/www.radiopiu.net\/wordpress\/wp-content\/uploads\/2024\/06\/CAMERA-COMMERCIO.jpg\" data-dt-img-description=\"\" data-large_image_width=\"1107\" data-large_image_height=\"1107\"><img loading=\"lazy\" decoding=\"async\" class=\" wp-image-394657 alignleft\" src=\"https:\/\/www.radiopiu.net\/wordpress\/wp-content\/uploads\/2024\/06\/CAMERA-COMMERCIO-300x300.jpg\" alt=\"\" width=\"176\" height=\"176\" srcset=\"https:\/\/www.radiopiu.net\/wordpress\/wp-content\/uploads\/2024\/06\/CAMERA-COMMERCIO-300x300.jpg 300w, https:\/\/www.radiopiu.net\/wordpress\/wp-content\/uploads\/2024\/06\/CAMERA-COMMERCIO-1024x1024.jpg 1024w, https:\/\/www.radiopiu.net\/wordpress\/wp-content\/uploads\/2024\/06\/CAMERA-COMMERCIO-150x150.jpg 150w, https:\/\/www.radiopiu.net\/wordpress\/wp-content\/uploads\/2024\/06\/CAMERA-COMMERCIO-768x768.jpg 768w, https:\/\/www.radiopiu.net\/wordpress\/wp-content\/uploads\/2024\/06\/CAMERA-COMMERCIO.jpg 1107w\" sizes=\"auto, (max-width: 176px) 100vw, 176px\" \/><\/a>FELTRE <\/strong>Presso il Comune di Feltre \u00e8 stato presentato l&#8217;accordo di collaborazione con la Camera di Commercio Treviso-Belluno | Dolomiti per la digitalizzazione delle pratiche edilizie e la semplificazione amministrativa. Il progetto prevede la dematerializzazione del patrimonio archivistico cartaceo, migliorando l&#8217;accesso a documenti e informazioni per cittadini e imprese. L&#8217;Assessore Andrea Bona ha sottolineato l&#8217;importanza dell&#8217;iniziativa come primo passo verso una gestione moderna e trasparente. Il Sindaco Viviana Fusaro ha evidenziato il valore strategico della sinergia tra istituzioni per semplificare il rapporto tra Pubblica Amministrazione, cittadini e imprese. Il Presidente della Camera di Commercio Mario Pozza ha spiegato come l&#8217;accordo si inserisca nel programma di digitalizzazione e interoperabilit\u00e0, garantendo vantaggi in termini di efficienza, trasparenza e qualit\u00e0 dei servizi. Dal 2017, il sistema Impresainungiorno \u00e8 stato esteso anche alle pratiche edilizie dei cittadini, e l\u2019accordo odierno rappresenta un ulteriore passo verso un\u2019amministrazione innovativa. Questo progetto \u00e8 un modello virtuoso di gestione pubblica, con benefici per la comunit\u00e0 e il territorio.<\/p>\n<p>&nbsp;<\/p>\n<p>&nbsp;<\/p>\n<hr \/>\n<p>&nbsp;<\/p>\n<blockquote>\n<h3>PARCO DOLOMITI BELLUNESI: PRONTO IL PIANO DI AGGIORNAMENTO<\/h3>\n<\/blockquote>\n<p><strong><a class=\"dt-pswp-item\" href=\"https:\/\/www.radiopiu.net\/wordpress\/wp-content\/uploads\/2022\/08\/Puppato.jpg\" data-dt-img-description=\"\" data-large_image_width=\"1088\" data-large_image_height=\"1088\"><img loading=\"lazy\" decoding=\"async\" class=\" wp-image-290707 alignleft\" src=\"https:\/\/www.radiopiu.net\/wordpress\/wp-content\/uploads\/2022\/08\/Puppato-300x300.jpg\" alt=\"\" width=\"116\" height=\"116\" srcset=\"https:\/\/www.radiopiu.net\/wordpress\/wp-content\/uploads\/2022\/08\/Puppato-300x300.jpg 300w, https:\/\/www.radiopiu.net\/wordpress\/wp-content\/uploads\/2022\/08\/Puppato-1024x1024.jpg 1024w, https:\/\/www.radiopiu.net\/wordpress\/wp-content\/uploads\/2022\/08\/Puppato-150x150.jpg 150w, https:\/\/www.radiopiu.net\/wordpress\/wp-content\/uploads\/2022\/08\/Puppato-768x768.jpg 768w, https:\/\/www.radiopiu.net\/wordpress\/wp-content\/uploads\/2022\/08\/Puppato.jpg 1088w\" sizes=\"auto, (max-width: 116px) 100vw, 116px\" \/><\/a>BELLUNO <\/strong>Il Parco delle Dolomiti Bellunesi, unico parco nazionale del Veneto, rappresenta un&#8217;area fondamentale per la tutela del patrimonio naturalistico e per promuovere ricerca scientifica e attivit\u00e0 economiche. Il nuovo piano di gestione, illustrato da Stefano Mariech e Gianni Poloniato, interessa 31mila ettari distribuiti in 15 Comuni e 5 unioni montane, coinvolgendo 103mila abitanti, quasi due terzi della popolazione bellunese. Secondo il consigliere regionale Giovanni Puppato, l&#8217;aggiornamento del piano favorir\u00e0 la conservazione del paesaggio, lo sviluppo economico sostenibile e il miglioramento della vita nelle aree interne, incentivando il ripristino delle attivit\u00e0 agro-silvo-pastorali. Il piano sar\u00e0 presto esaminato dal Consiglio regionale per diventare operativo, beneficiando l&#8217;intero Veneto.<\/p>\n<p>&nbsp;<\/p>\n<p>&nbsp;<\/p>\n<p>&nbsp;<\/p>\n<hr \/>\n<p>&nbsp;<\/p>\n<blockquote>\n<h3>I PROSSIMI IMPEGNI PER SINISTRA ITALIANA BELLUNO<\/h3>\n<\/blockquote>\n<p><strong><a class=\"dt-pswp-item\" href=\"https:\/\/www.radiopiu.net\/wordpress\/wp-content\/uploads\/2018\/09\/PAOLO-PERENZIN.jpg\" data-dt-img-description=\"\" data-large_image_width=\"225\" data-large_image_height=\"225\"><img loading=\"lazy\" decoding=\"async\" class=\" wp-image-60040 alignleft\" src=\"https:\/\/www.radiopiu.net\/wordpress\/wp-content\/uploads\/2018\/09\/PAOLO-PERENZIN.jpg\" alt=\"\" width=\"130\" height=\"130\" srcset=\"https:\/\/www.radiopiu.net\/wordpress\/wp-content\/uploads\/2018\/09\/PAOLO-PERENZIN.jpg 225w, https:\/\/www.radiopiu.net\/wordpress\/wp-content\/uploads\/2018\/09\/PAOLO-PERENZIN-150x150.jpg 150w\" sizes=\"auto, (max-width: 130px) 100vw, 130px\" \/><\/a>BELLUNO<\/strong> I referendum della primavera, gli ottant&#8217;anni della Resistenza e lo sguardo sulle Olimpiadi di Cortina: questi gli impegni di Sinistra Italiana Belluno per il 2025.<\/p>\n<p><strong>DI DANIELE DALVIT<\/strong><\/p>\n<audio class=\"wp-audio-shortcode\" id=\"audio-431008-10\" preload=\"none\" style=\"width: 100%;\" controls=\"controls\"><source type=\"audio\/mpeg\" src=\"https:\/\/www.radiopiu.net\/wordpress\/wp-content\/uploads\/2025\/01\/Servizio-Sinistra-Italiana-2025.mp3?_=10\" \/><a href=\"https:\/\/www.radiopiu.net\/wordpress\/wp-content\/uploads\/2025\/01\/Servizio-Sinistra-Italiana-2025.mp3\">https:\/\/www.radiopiu.net\/wordpress\/wp-content\/uploads\/2025\/01\/Servizio-Sinistra-Italiana-2025.mp3<\/a><\/audio>\n<p>&nbsp;<\/p>\n<hr \/>\n<p>&nbsp;<\/p>\n<blockquote>\n<h3>I 70 ANNI DEL SOCCORSO ALPINO PROTAGONISTI A CORTINA IN AMBITO DI &#8220;UNA MONTAGNA DI LIBRI&#8221;<\/h3>\n<\/blockquote>\n<p><strong>CORTINA <\/strong>Domani, alle 18, presso la Sala Cultura del Palazzo delle Poste a Cortina d\u2019Ampezzo, si terr\u00e0 l\u2019evento \u201cDi roccia e di cuore\u201d nell\u2019ambito della rassegna Una Montagna di Libri. L\u2019incontro celebra i 70 anni del Corpo Nazionale Soccorso Alpino e Speleologico (CNSAS) attraverso i racconti e le testimonianze di chi ogni giorno \u00e8 in prima linea per garantire la sicurezza nelle terre alte. Tra i relatori, Fabio Rufus Bristot, membro della Direzione nazionale CNSAS, Michela Canova, autrice del libro <em>Di roccia e di cuore<\/em>, e i soccorritori Paolo Bellodis e Franco Gaspari, che racconteranno episodi significativi della loro esperienza. Saluti introduttivi saranno offerti da Federico Catania, responsabile nazionale comunicazione CNSAS, Rodolfo Selenati, presidente uscente del CNSAS Veneto, e Giuseppe Zandegiacomo, nuovo presidente. L\u2019evento vuole mettere in luce il valore umano e professionale dei soccorritori, attraverso 58 storie tratte dal libro, che narrano 70 anni di interventi tra gioie, dolori, e determinazione nelle montagne venete e oltre.<\/p>\n\n\t\t\t<style type='text\/css'>\n\t\t\t\t#gallery-3 {\n\t\t\t\t\tmargin: auto;\n\t\t\t\t}\n\t\t\t\t#gallery-3 .gallery-item {\n\t\t\t\t\tfloat: left;\n\t\t\t\t\tmargin-top: 10px;\n\t\t\t\t\ttext-align: center;\n\t\t\t\t\twidth: 50%;\n\t\t\t\t}\n\t\t\t\t#gallery-3 img {\n\t\t\t\t\tborder: 2px solid #cfcfcf;\n\t\t\t\t}\n\t\t\t\t#gallery-3 .gallery-caption {\n\t\t\t\t\tmargin-left: 0;\n\t\t\t\t}\n\t\t\t\t\/* see gallery_shortcode() in wp-includes\/media.php *\/\n\t\t\t<\/style>\n\t\t<div id='gallery-3' class='dt-gallery-container gallery galleryid-431008 gallery-columns-2 gallery-size-medium'><dl class='gallery-item'>\n\t\t\t\t<dt class='gallery-icon portrait'>\n\t\t\t\t\t<a class=\"rollover rollover-zoom dt-pswp-item\" title=\"Screenshot 2024-09-11 alle 18.02.22\" data-dt-img-description=\"\" data-large_image_width=\"1680\" data-large_image_height=\"2378\"href='https:\/\/www.radiopiu.net\/wordpress\/wp-content\/uploads\/2025\/01\/Screenshot-2024-09-11-alle-18.02.22.png'><img loading=\"lazy\" decoding=\"async\" width=\"212\" height=\"300\" src=\"https:\/\/www.radiopiu.net\/wordpress\/wp-content\/uploads\/2025\/01\/Screenshot-2024-09-11-alle-18.02.22-212x300.png\" class=\"attachment-medium size-medium\" alt=\"\" srcset=\"https:\/\/www.radiopiu.net\/wordpress\/wp-content\/uploads\/2025\/01\/Screenshot-2024-09-11-alle-18.02.22-212x300.png 212w, https:\/\/www.radiopiu.net\/wordpress\/wp-content\/uploads\/2025\/01\/Screenshot-2024-09-11-alle-18.02.22-723x1024.png 723w, https:\/\/www.radiopiu.net\/wordpress\/wp-content\/uploads\/2025\/01\/Screenshot-2024-09-11-alle-18.02.22-768x1087.png 768w, https:\/\/www.radiopiu.net\/wordpress\/wp-content\/uploads\/2025\/01\/Screenshot-2024-09-11-alle-18.02.22-1085x1536.png 1085w, https:\/\/www.radiopiu.net\/wordpress\/wp-content\/uploads\/2025\/01\/Screenshot-2024-09-11-alle-18.02.22-1447x2048.png 1447w, https:\/\/www.radiopiu.net\/wordpress\/wp-content\/uploads\/2025\/01\/Screenshot-2024-09-11-alle-18.02.22.png 1680w\" sizes=\"auto, (max-width: 212px) 100vw, 212px\" \/><\/a>\n\t\t\t\t<\/dt><\/dl><dl class='gallery-item'>\n\t\t\t\t<dt class='gallery-icon landscape'>\n\t\t\t\t\t<a class=\"rollover rollover-zoom dt-pswp-item\" title=\"logo CNSAS\" data-dt-img-description=\"\" data-large_image_width=\"960\" data-large_image_height=\"960\"href='https:\/\/www.radiopiu.net\/wordpress\/wp-content\/uploads\/2025\/01\/logo-CNSAS.jpeg'><img loading=\"lazy\" decoding=\"async\" width=\"300\" height=\"300\" src=\"https:\/\/www.radiopiu.net\/wordpress\/wp-content\/uploads\/2025\/01\/logo-CNSAS-300x300.jpeg\" class=\"attachment-medium size-medium\" alt=\"\" srcset=\"https:\/\/www.radiopiu.net\/wordpress\/wp-content\/uploads\/2025\/01\/logo-CNSAS-300x300.jpeg 300w, https:\/\/www.radiopiu.net\/wordpress\/wp-content\/uploads\/2025\/01\/logo-CNSAS-150x150.jpeg 150w, https:\/\/www.radiopiu.net\/wordpress\/wp-content\/uploads\/2025\/01\/logo-CNSAS-768x768.jpeg 768w, https:\/\/www.radiopiu.net\/wordpress\/wp-content\/uploads\/2025\/01\/logo-CNSAS.jpeg 960w\" sizes=\"auto, (max-width: 300px) 100vw, 300px\" \/><\/a>\n\t\t\t\t<\/dt><\/dl><br style=\"clear: both\" \/>\n\t\t\t<\/div>\n\n<p>&nbsp;<\/p>\n<p>&nbsp;<\/p>\n<hr \/>\n<p>&nbsp;<\/p>\n<blockquote>\n<h3>GLI INCONTRI PER IL GIUBILEO<\/h3>\n<\/blockquote>\n<p><strong> <a class=\"dt-pswp-item\" href=\"https:\/\/www.radiopiu.net\/wordpress\/wp-content\/uploads\/2025\/01\/giubileo2025.jpg\" data-dt-img-description=\"\" data-large_image_width=\"1024\" data-large_image_height=\"682\"><img loading=\"lazy\" decoding=\"async\" class=\" wp-image-431103 alignleft\" src=\"https:\/\/www.radiopiu.net\/wordpress\/wp-content\/uploads\/2025\/01\/giubileo2025-300x200.jpg\" alt=\"\" width=\"170\" height=\"113\" srcset=\"https:\/\/www.radiopiu.net\/wordpress\/wp-content\/uploads\/2025\/01\/giubileo2025-300x200.jpg 300w, https:\/\/www.radiopiu.net\/wordpress\/wp-content\/uploads\/2025\/01\/giubileo2025-768x512.jpg 768w, https:\/\/www.radiopiu.net\/wordpress\/wp-content\/uploads\/2025\/01\/giubileo2025.jpg 1024w\" sizes=\"auto, (max-width: 170px) 100vw, 170px\" \/><\/a>BELLUNO<\/strong> Il Museo Diocesano di Belluno-Feltre ospiter\u00e0 un ciclo di conferenze intitolato \u201cIl Giubileo della Speranza\u201d in preparazione al Giubileo ordinario 2025, indetto da papa Francesco. Promossa dal Museo e dalla Diocesi, l\u2019iniziativa esplorer\u00e0 il significato storico, spirituale e culturale del Giubileo, con interventi di figure di rilievo come il Vescovo Renato Marangoni e altri esperti. Cinque incontri, dal 31 gennaio al 31 maggio, affronteranno temi come la storia del Giubileo, le sue radici bibliche, la spiritualit\u00e0 e il dialogo con l\u2019arte. L\u2019obiettivo \u00e8 guidare i partecipanti in una riflessione profonda e collettiva sull\u2019Anno Santo come occasione di rinnovamento e speranza. La partecipazione, gratuita, \u00e8 aperta a tutti presso il Museo Diocesano.<\/p>\n<p>&nbsp;<\/p>\n<p>&nbsp;<\/p>\n<hr \/>\n<p>&nbsp;<\/p>\n<blockquote>\n<h3>Chiusura temporanea di Via VII Alpini a Falcade nei fine settimana invernali<\/h3>\n<\/blockquote>\n<p><strong><a class=\"dt-pswp-item\" href=\"https:\/\/www.radiopiu.net\/wordpress\/wp-content\/uploads\/2025\/01\/SCR-20250102-lmrl.jpg\" data-dt-img-description=\"Screenshot\" data-large_image_width=\"1244\" data-large_image_height=\"804\"><img loading=\"lazy\" decoding=\"async\" class=\" wp-image-431147 alignleft\" src=\"https:\/\/www.radiopiu.net\/wordpress\/wp-content\/uploads\/2025\/01\/SCR-20250102-lmrl-300x194.jpg\" alt=\"\" width=\"209\" height=\"135\" srcset=\"https:\/\/www.radiopiu.net\/wordpress\/wp-content\/uploads\/2025\/01\/SCR-20250102-lmrl-300x194.jpg 300w, https:\/\/www.radiopiu.net\/wordpress\/wp-content\/uploads\/2025\/01\/SCR-20250102-lmrl-1024x662.jpg 1024w, https:\/\/www.radiopiu.net\/wordpress\/wp-content\/uploads\/2025\/01\/SCR-20250102-lmrl-768x496.jpg 768w, https:\/\/www.radiopiu.net\/wordpress\/wp-content\/uploads\/2025\/01\/SCR-20250102-lmrl.jpg 1244w\" sizes=\"auto, (max-width: 209px) 100vw, 209px\" \/><\/a>FALCADE<\/strong> Il Comune di Falcade ha introdotto modifiche sperimentali alla viabilit\u00e0 per la stagione sciistica. Un\u2019ordinanza dispone la chiusura temporanea di Via VII Alpini il sabato e la domenica, dalle 7:30 alle 11:00, nei mesi di gennaio, febbraio e marzo 2025. La misura mira a gestire il traffico sulla SP 346 \u201cdel Passo San Pellegrino\u201d, spesso congestionata nei fine settimana invernali, e a migliorare la sicurezza su Via VII Alpini, caratterizzata da un senso unico, curve cieche e numerosi accessi privati. La chiusura alleggerir\u00e0 il traffico nel centro abitato e faciliter\u00e0 l&#8217;accesso agli impianti sciistici. Cittadini e turisti sono invitati a pianificare gli spostamenti in base alle modifiche, con segnaletica e comunicazioni a supporto.<\/p>\n<p><em>\u201cLe modfiche alla viabilit\u00e0 attuate in questa stagione \u2013 precisa il sindaco Mauro Salvaterra \u2013 sono in via sperimentale. In seguito, ragionando sulle soluzioni e conseguenze si capir\u00e0 come organizzare la viabilit\u00e0 anche per il futuro\u201d<\/em><em>\u00a0<\/em><\/p>\n<p>&nbsp;<\/p>\n<p>&nbsp;<\/p>\n<hr \/>\n<p>&nbsp;<\/p>\n<blockquote>\n<h3>OGGI CON LA CAMERA DI COMMERCIO DI TREVISO E BELLUNO<\/h3>\n<\/blockquote>\n<p><strong>TREVISO<\/strong> L\u2019evento, in programma oggi alle 11:30 presso la Camera di Commercio di Treviso \u2013 Belluno|Dolomiti (sede di Treviso, Piazza Borsa 3\/b), si focalizza sull\u2019agenda 2025 per l\u2019internazionalizzazione, offrendo spunti per la crescita delle PMI venete nei mercati globali.<\/p>\n<p>&nbsp;<\/p>\n<p>&nbsp;<\/p>\n<hr \/>\n<p>&nbsp;<\/p>\n<h2><span style=\"color: #ff0000;\">CONSIGLI COMUNALI IN AGORDINO<\/span><\/h2>\n<p><strong>SAN TOMASO<\/strong> Il sindaco Moreno De Val ha convocato il consiglio comunale per marted\u00ec alle 20. Saranno 6 i punti in discussione tra cui l&#8217;addizionale comunale IRPEF e l&#8217;IMU, il documento unico di programmazione 2025\/27 e l&#8217;approvazione del bilancio di previsione 2025\/27.<\/p>\n<p>&nbsp;<\/p>\n<p>&nbsp;<\/p>\n<hr \/>\n<p>&nbsp;<\/p>\n<blockquote>\n<h3>IL GRUPPO TEATRALE &#8220;I CONTASCIONE&#8221; DI SAN TOMASO<\/h3>\n<\/blockquote>\n<p><strong>SAN TOMASO<\/strong><\/p>\n<p>DI LUISA MANFROI<\/p>\n<audio class=\"wp-audio-shortcode\" id=\"audio-431008-11\" preload=\"none\" style=\"width: 100%;\" controls=\"controls\"><source type=\"audio\/mpeg\" src=\"https:\/\/www.radiopiu.net\/wordpress\/wp-content\/uploads\/2025\/01\/I-Contas-cione-gruppo-teatrale-di-San-Tomaso.mp3?_=11\" \/><a href=\"https:\/\/www.radiopiu.net\/wordpress\/wp-content\/uploads\/2025\/01\/I-Contas-cione-gruppo-teatrale-di-San-Tomaso.mp3\">https:\/\/www.radiopiu.net\/wordpress\/wp-content\/uploads\/2025\/01\/I-Contas-cione-gruppo-teatrale-di-San-Tomaso.mp3<\/a><\/audio>\n<p>&nbsp;<\/p>\n\n\t\t\t<style type='text\/css'>\n\t\t\t\t#gallery-4 {\n\t\t\t\t\tmargin: auto;\n\t\t\t\t}\n\t\t\t\t#gallery-4 .gallery-item {\n\t\t\t\t\tfloat: left;\n\t\t\t\t\tmargin-top: 10px;\n\t\t\t\t\ttext-align: center;\n\t\t\t\t\twidth: 33%;\n\t\t\t\t}\n\t\t\t\t#gallery-4 img {\n\t\t\t\t\tborder: 2px solid #cfcfcf;\n\t\t\t\t}\n\t\t\t\t#gallery-4 .gallery-caption {\n\t\t\t\t\tmargin-left: 0;\n\t\t\t\t}\n\t\t\t\t\/* see gallery_shortcode() in wp-includes\/media.php *\/\n\t\t\t<\/style>\n\t\t<div id='gallery-4' class='dt-gallery-container gallery galleryid-431008 gallery-columns-3 gallery-size-thumbnail'><dl class='gallery-item'>\n\t\t\t\t<dt class='gallery-icon landscape'>\n\t\t\t\t\t<a class=\"rollover rollover-zoom dt-pswp-item\" title=\"I Contas-cione - gruppo teatrale di San Tomaso\" data-dt-img-description=\"\" data-large_image_width=\"1600\" data-large_image_height=\"1200\"href='https:\/\/www.radiopiu.net\/wordpress\/wp-content\/uploads\/2025\/01\/I-Contas-cione-gruppo-teatrale-di-San-Tomaso.jpg'><img loading=\"lazy\" decoding=\"async\" width=\"150\" height=\"150\" src=\"https:\/\/www.radiopiu.net\/wordpress\/wp-content\/uploads\/2025\/01\/I-Contas-cione-gruppo-teatrale-di-San-Tomaso-150x150.jpg\" class=\"attachment-thumbnail size-thumbnail\" alt=\"\" \/><\/a>\n\t\t\t\t<\/dt><\/dl><dl class='gallery-item'>\n\t\t\t\t<dt class='gallery-icon landscape'>\n\t\t\t\t\t<a class=\"rollover rollover-zoom dt-pswp-item\" title=\"i Contas-cione (2)\" data-dt-img-description=\"\" data-large_image_width=\"1059\" data-large_image_height=\"330\"href='https:\/\/www.radiopiu.net\/wordpress\/wp-content\/uploads\/2025\/01\/i-Contas-cione-2.jpg'><img loading=\"lazy\" decoding=\"async\" width=\"150\" height=\"150\" src=\"https:\/\/www.radiopiu.net\/wordpress\/wp-content\/uploads\/2025\/01\/i-Contas-cione-2-150x150.jpg\" class=\"attachment-thumbnail size-thumbnail\" alt=\"\" \/><\/a>\n\t\t\t\t<\/dt><\/dl><dl class='gallery-item'>\n\t\t\t\t<dt class='gallery-icon landscape'>\n\t\t\t\t\t<a class=\"rollover rollover-zoom dt-pswp-item\" title=\"i Contas-cione (1)\" data-dt-img-description=\"\" data-large_image_width=\"1600\" data-large_image_height=\"1200\"href='https:\/\/www.radiopiu.net\/wordpress\/wp-content\/uploads\/2025\/01\/i-Contas-cione-1.jpg'><img loading=\"lazy\" decoding=\"async\" width=\"150\" height=\"150\" src=\"https:\/\/www.radiopiu.net\/wordpress\/wp-content\/uploads\/2025\/01\/i-Contas-cione-1-150x150.jpg\" class=\"attachment-thumbnail size-thumbnail\" alt=\"\" \/><\/a>\n\t\t\t\t<\/dt><\/dl><br style=\"clear: both\" \/>\n\t\t\t<\/div>\n\n<p>&nbsp;<\/p>\n<hr \/>\n<p>&nbsp;<\/p>\n<blockquote>\n<h2>Non Siete Soli: Conoscere il Parkinson per viverlo meglio<\/h2>\n<\/blockquote>\n<p><a href=\"https:\/\/www.radiopiu.net\/wordpress\/wp-content\/uploads\/2025\/01\/a904d925-4660-4d45-a2d8-0b57922bd65e.webp\"><img loading=\"lazy\" decoding=\"async\" class=\" wp-image-430495 alignleft\" src=\"https:\/\/www.radiopiu.net\/wordpress\/wp-content\/uploads\/2025\/01\/a904d925-4660-4d45-a2d8-0b57922bd65e-300x300.webp\" sizes=\"auto, (max-width: 165px) 100vw, 165px\" srcset=\"https:\/\/www.radiopiu.net\/wordpress\/wp-content\/uploads\/2025\/01\/a904d925-4660-4d45-a2d8-0b57922bd65e-300x300.webp 300w, https:\/\/www.radiopiu.net\/wordpress\/wp-content\/uploads\/2025\/01\/a904d925-4660-4d45-a2d8-0b57922bd65e-150x150.webp 150w, https:\/\/www.radiopiu.net\/wordpress\/wp-content\/uploads\/2025\/01\/a904d925-4660-4d45-a2d8-0b57922bd65e-768x768.webp 768w, https:\/\/www.radiopiu.net\/wordpress\/wp-content\/uploads\/2025\/01\/a904d925-4660-4d45-a2d8-0b57922bd65e.webp 1024w\" alt=\"\" width=\"165\" height=\"165\" \/><\/a>L\u2019Associazione Parkinson Alto Bellunese, in collaborazione con l\u2019Associazione Bellunesi Parkinson (A.B.P.) e con il patrocinio del Comune di Ponte nelle Alpi, organizza un incontro dedicato alla consapevolezza sul Parkinson. L\u2019evento si terr\u00e0 domani, alle ore 16.00, presso la Sala \u201cDavid Sassoli\u201d (ex Casa Rossa \u2013 Via Roma).<\/p>\n<p>L\u2019incontro vedr\u00e0 l\u2019intervento del Prof. Angelo Antonini, neurologo e responsabile dell\u2019Unit\u00e0 Parkinson dell\u2019Universit\u00e0 di Padova, che illustrer\u00e0 gli aspetti della malattia e le strategie per affrontarla. Sar\u00e0 presentato il Progetto \u201cRete Bellunese\u201d, che propone incontri formativi, supporto psicologico e programmi di esercizio fisico per i pazienti.<\/p>\n<p>L\u2019Associazione invita la cittadinanza a partecipare: conoscere il Parkinson significa affrontarlo con maggiore consapevolezza e serenit\u00e0.<\/p>\n<p>&nbsp;<\/p>\n<p>&nbsp;<\/p>\n<p>&nbsp;<\/p>\n<hr \/>\n<p>&nbsp;<\/p>\n<blockquote>\n<h3><a class=\"dt-pswp-item\" href=\"https:\/\/www.radiopiu.net\/wordpress\/wp-content\/uploads\/2025\/01\/Le-guerre-di-Umberto-e-Maria.png\" data-dt-img-description=\"\" data-large_image_width=\"615\" data-large_image_height=\"951\"><img loading=\"lazy\" decoding=\"async\" class=\" wp-image-431106 alignleft\" src=\"https:\/\/www.radiopiu.net\/wordpress\/wp-content\/uploads\/2025\/01\/Le-guerre-di-Umberto-e-Maria-194x300.png\" alt=\"\" width=\"116\" height=\"179\" srcset=\"https:\/\/www.radiopiu.net\/wordpress\/wp-content\/uploads\/2025\/01\/Le-guerre-di-Umberto-e-Maria-194x300.png 194w, https:\/\/www.radiopiu.net\/wordpress\/wp-content\/uploads\/2025\/01\/Le-guerre-di-Umberto-e-Maria.png 615w\" sizes=\"auto, (max-width: 116px) 100vw, 116px\" \/><\/a>LA PRESENTAZIONE DEL LIBRO &#8220;LE GUERRE DI UMBERTO E MARIA&#8221;<\/h3>\n<\/blockquote>\n<p><strong>BELLUNO <\/strong>L\u20198 settembre 1943 segn\u00f2 un tragico capitolo della storia italiana, con la deportazione di migliaia di soldati nei campi di internamento tedeschi. Per il Giorno della Memoria 2025, l\u2019Isbrec e l\u2019Anpi di Feltre organizzano a Feltre la presentazione del libro <em>Le guerre di Umberto e Maria. Corrispondenza 1943-1944<\/em>, curato da Adriana Lotto e Vittoriano Speranza. L\u2019opera raccoglie quasi 90 lettere scritte da Umberto Speranza e i suoi familiari tra il 1943 e il 1944, testimonianza delle sofferenze della guerra e della deportazione. Il carteggio, scoperto dal figlio Vittoriano e trascritto con l\u2019aiuto di studenti bellunesi, narra le vicende di Umberto, Maria e altri parenti, deportati nei campi tedeschi e costretti al lavoro coatto. L\u2019incontro, introdotto da Enrico Bacchetti e arricchito da letture di Nanni Dorigo, si terr\u00e0 luned\u00ec 27 gennaio alle 20.30 presso l\u2019Aula Magna Bonsembiante, con ingresso libero.<\/p>\n<p>&nbsp;<\/p>\n<p>&nbsp;<\/p>\n<p>&nbsp;<\/p>\n<p>&nbsp;<\/p>\n<hr \/>\n<p>&nbsp;<\/p>\n<blockquote>\n<h3>LE MUSE E LE DOLOMITI OFFRONO PROVE GRATUITE DI CANTO<\/h3>\n<\/blockquote>\n<p><strong><a class=\"dt-pswp-item\" href=\"https:\/\/www.radiopiu.net\/wordpress\/wp-content\/uploads\/2022\/07\/LE-MUSE.png\" data-dt-img-description=\"\" data-large_image_width=\"750\" data-large_image_height=\"750\"><img loading=\"lazy\" decoding=\"async\" class=\" wp-image-288787 alignleft\" src=\"https:\/\/www.radiopiu.net\/wordpress\/wp-content\/uploads\/2022\/07\/LE-MUSE-300x300.png\" alt=\"\" width=\"101\" height=\"101\" srcset=\"https:\/\/www.radiopiu.net\/wordpress\/wp-content\/uploads\/2022\/07\/LE-MUSE-300x300.png 300w, https:\/\/www.radiopiu.net\/wordpress\/wp-content\/uploads\/2022\/07\/LE-MUSE-150x150.png 150w, https:\/\/www.radiopiu.net\/wordpress\/wp-content\/uploads\/2022\/07\/LE-MUSE.png 750w\" sizes=\"auto, (max-width: 101px) 100vw, 101px\" \/><\/a>REDAZIONE<\/strong> La Scuola Interregionale di Canto e Teatro, promossa dall&#8217;Associazione Le Muse e le Dolomiti, offre una formazione unica per giovani talenti a partire dai 6 anni nelle Dolomiti, con sedi ad Agordo, Caprile, Cavalese, Moena e Vallada Agordina. Gli studenti partecipano a lezioni settimanali e si uniscono nel Coro Teatrale Dolomitico per eventi speciali. Il progetto mira a sviluppare talento artistico e favorire socialit\u00e0, conoscendo meglio le comunit\u00e0 locali e creando legami tra i partecipanti. Il progetto \u00e8 patrocinato da enti locali e offre lezioni di prova gratuite a gennaio e febbraio 2025.<\/p>\n<p>&nbsp;<\/p>\n<p>&nbsp;<\/p>\n<div class=\"mb-2 flex gap-3 empty:hidden -ml-2\">\n<div class=\"items-center justify-start rounded-xl p-1 flex\">\n<div class=\"flex items-center\">\n<p>&nbsp;<\/p>\n<hr \/>\n<p>&nbsp;<\/p>\n<\/div>\n<\/div>\n<\/div>\n<p><strong><a class=\"dt-pswp-item\" href=\"https:\/\/www.radiopiu.net\/wordpress\/wp-content\/uploads\/2024\/11\/AMICI-MINERARI.png\" data-dt-img-description=\"\" data-large_image_width=\"209\" data-large_image_height=\"174\"><img loading=\"lazy\" decoding=\"async\" class=\" wp-image-419180 alignleft\" src=\"https:\/\/www.radiopiu.net\/wordpress\/wp-content\/uploads\/2024\/11\/AMICI-MINERARI.png\" alt=\"\" width=\"168\" height=\"140\" \/><\/a>&#8220;Con gli Amici dei Minerari: Serate d&#8217;Inverno \u2013 un viaggio tra storia, scienza e meraviglie. Incontri presso la Sala con T\u00e0-Mis. Non mancare!&#8221;<\/strong><\/p>\n<ul>\n<li><em>Stasera ore 20:30<\/em>: &#8220;Il meraviglioso mondo dei fossili delle Dolomiti&#8221; \u2013 Relatore Danilo Giordano.<\/li>\n<li><em>Venerd\u00ec 21 febbraio, ore 20:30<\/em>: &#8220;Il traforo del Brennero: studio, progettazione e realizzazione&#8221; \u2013 Relatori Vittorio Fenti e Mario Guadagnini.<\/li>\n<\/ul>\n<p><strong>Vivi la cultura e la passione per la montagna!<\/strong><\/p>\n<p>&nbsp;<\/p>\n<h2><span style=\"color: #993300;\">IL MERAVIGLIOSO MONDO DEI FOSSILI, VENERDI 24 GENNAIO IN SALA DON TAMIS<\/span><\/h2>\n<p><strong>DI MIRKO MEZZACASA<\/strong><\/p>\n<p>OSPITI: Dino Praloran e Danilo Giordano<\/p>\n<audio class=\"wp-audio-shortcode\" id=\"audio-431008-12\" preload=\"none\" style=\"width: 100%;\" controls=\"controls\"><source type=\"audio\/mpeg\" src=\"https:\/\/www.radiopiu.net\/wordpress\/wp-content\/uploads\/2025\/01\/dino-e-danilo-amici-minerari.mp3?_=12\" \/><a href=\"https:\/\/www.radiopiu.net\/wordpress\/wp-content\/uploads\/2025\/01\/dino-e-danilo-amici-minerari.mp3\">https:\/\/www.radiopiu.net\/wordpress\/wp-content\/uploads\/2025\/01\/dino-e-danilo-amici-minerari.mp3<\/a><\/audio>\n<p>&nbsp;<\/p>\n<p>&nbsp;<\/p>\n<hr \/>\n<p>&nbsp;<\/p>\n<blockquote>\n<h2><a class=\"dt-pswp-item\" href=\"https:\/\/www.radiopiu.net\/wordpress\/wp-content\/uploads\/2025\/01\/222c1268-28ad-4f2a-b9c7-7e3a82831958.jpg\" data-dt-img-description=\"\" data-large_image_width=\"1131\" data-large_image_height=\"1600\"><img loading=\"lazy\" decoding=\"async\" class=\" wp-image-428503 alignleft\" src=\"https:\/\/www.radiopiu.net\/wordpress\/wp-content\/uploads\/2025\/01\/222c1268-28ad-4f2a-b9c7-7e3a82831958-212x300.jpg\" alt=\"\" width=\"113\" height=\"160\" srcset=\"https:\/\/www.radiopiu.net\/wordpress\/wp-content\/uploads\/2025\/01\/222c1268-28ad-4f2a-b9c7-7e3a82831958-212x300.jpg 212w, https:\/\/www.radiopiu.net\/wordpress\/wp-content\/uploads\/2025\/01\/222c1268-28ad-4f2a-b9c7-7e3a82831958-724x1024.jpg 724w, https:\/\/www.radiopiu.net\/wordpress\/wp-content\/uploads\/2025\/01\/222c1268-28ad-4f2a-b9c7-7e3a82831958-768x1086.jpg 768w, https:\/\/www.radiopiu.net\/wordpress\/wp-content\/uploads\/2025\/01\/222c1268-28ad-4f2a-b9c7-7e3a82831958-1086x1536.jpg 1086w, https:\/\/www.radiopiu.net\/wordpress\/wp-content\/uploads\/2025\/01\/222c1268-28ad-4f2a-b9c7-7e3a82831958.jpg 1131w\" sizes=\"auto, (max-width: 113px) 100vw, 113px\" \/><\/a>A TEATRO CON LA FILODRAMMATICA<\/h2>\n<\/blockquote>\n<p><strong>FALCADE<\/strong> La Filodrammatica SAN BASTIAN di Falcade Alto, in collaborazione con la parrocchia di Falcade e Caviola, presenta la commedia brillante in due atti di Camillo Vittici:<br \/>\nEN DI EN OSPEDAL<br \/>\nSabato 25 e domenica 26 gennaio sempre alle 20.30 presso la Casa della Giovent\u00f9 di Caviola<br \/>\nNon perdetevi questa serata di risate e divertimento! Vi aspettiamo numerosi! in valle del biois a falcade e caviola<\/p>\n<p>&nbsp;<\/p>\n<p>&nbsp;<\/p>\n<hr \/>\n<p>&nbsp;<\/p>\n<h2><span style=\"color: #ff00ff;\">IL NUOVO LIBRO DI LUISA MANFROI E MORENO DE ZAIACOMO<\/span><\/h2>\n<p><strong><a class=\"dt-pswp-item\" href=\"https:\/\/www.radiopiu.net\/wordpress\/wp-content\/uploads\/2024\/12\/Libro-Agordino-oltre-le-montagne-e-loceano.jpg\" data-dt-img-description=\"\" data-large_image_width=\"2048\" data-large_image_height=\"1457\"><img loading=\"lazy\" decoding=\"async\" class=\" wp-image-426201 alignleft\" src=\"https:\/\/www.radiopiu.net\/wordpress\/wp-content\/uploads\/2024\/12\/Libro-Agordino-oltre-le-montagne-e-loceano-300x213.jpg\" alt=\"\" width=\"201\" height=\"143\" srcset=\"https:\/\/www.radiopiu.net\/wordpress\/wp-content\/uploads\/2024\/12\/Libro-Agordino-oltre-le-montagne-e-loceano-300x213.jpg 300w, https:\/\/www.radiopiu.net\/wordpress\/wp-content\/uploads\/2024\/12\/Libro-Agordino-oltre-le-montagne-e-loceano-1024x729.jpg 1024w, https:\/\/www.radiopiu.net\/wordpress\/wp-content\/uploads\/2024\/12\/Libro-Agordino-oltre-le-montagne-e-loceano-768x546.jpg 768w, https:\/\/www.radiopiu.net\/wordpress\/wp-content\/uploads\/2024\/12\/Libro-Agordino-oltre-le-montagne-e-loceano-1536x1093.jpg 1536w, https:\/\/www.radiopiu.net\/wordpress\/wp-content\/uploads\/2024\/12\/Libro-Agordino-oltre-le-montagne-e-loceano.jpg 2048w\" sizes=\"auto, (max-width: 201px) 100vw, 201px\" \/><\/a>DI MIRKO MEZZACASA<\/strong><\/p>\n<p>OSPITI: Luisa Manfroi e Moreno De Zaiacomo<\/p>\n<audio class=\"wp-audio-shortcode\" id=\"audio-431008-13\" preload=\"none\" style=\"width: 100%;\" controls=\"controls\"><source type=\"audio\/mpeg\" src=\"https:\/\/www.radiopiu.net\/wordpress\/wp-content\/uploads\/2025\/01\/luisa-e-moreno-libro-oceano.mp3?_=13\" \/><a href=\"https:\/\/www.radiopiu.net\/wordpress\/wp-content\/uploads\/2025\/01\/luisa-e-moreno-libro-oceano.mp3\">https:\/\/www.radiopiu.net\/wordpress\/wp-content\/uploads\/2025\/01\/luisa-e-moreno-libro-oceano.mp3<\/a><\/audio>\n<p>&nbsp;<\/p>\n<blockquote>\n<h3>Recensione del libro \u201cDell\u2019Agordino: Cenni storici, statistici, naturali\u201d \u2013 A cura di Giuliano Laveder<\/h3>\n<\/blockquote>\n<p>La nuova pubblicazione <em>Dell\u2019Agordino: Cenni storici, statistici, naturali<\/em>, curata da Giuliano Laveder, rappresenta un&#8217;opera di grande valore per chi desidera approfondire la storia, la cultura e l\u2019ambiente di questo affascinante territorio montano. Edito dalla <strong>Tipografia Castaldi<\/strong>, il libro offre un viaggio attraverso i secoli, esplorando le tradizioni, i dati storici e le peculiarit\u00e0 naturali che caratterizzano l\u2019Agordino.<\/p>\n<p>L\u2019uscita dell\u2019opera \u00e8 accompagnata dal <strong>bollettino \u201cLe Campane del Poi\u201d<\/strong>, diretto da <strong>don Fabiano Del Favero<\/strong>, a testimonianza dell\u2019attenzione e dell\u2019impegno nel mantenere viva la memoria storica locale. Il volume \u00e8 disponibile presso Luigi Cadorin Fotografo <strong>(Agordo),<\/strong> l\u2019Ufficio Turistico\u00a0<strong> (Agordo),\u00a0<\/strong> Filo&#8217; di De Toffol Roberta a (<strong>Canale d&#8217;Agordo),\u00a0<\/strong> Ristorante Pizzeria Stella Alpina e il Bar J\u00e4ger<strong> (Voltago)\u00a0<\/strong> Latteria Agordina di Vallata a Toccol <strong>(Agordo)<\/strong><\/p>\n<p>Un libro imperdibile per appassionati di storia locale e amanti delle Dolomiti.<\/p>\n<p><a class=\"dt-pswp-item\" href=\"https:\/\/www.radiopiu.net\/wordpress\/wp-content\/uploads\/2025\/01\/Senza-nome-63.png\" data-dt-img-description=\"\" data-large_image_width=\"462\" data-large_image_height=\"338\"><img loading=\"lazy\" decoding=\"async\" class=\"size-medium wp-image-430520 aligncenter\" src=\"https:\/\/www.radiopiu.net\/wordpress\/wp-content\/uploads\/2025\/01\/Senza-nome-63-300x219.png\" alt=\"\" width=\"300\" height=\"219\" srcset=\"https:\/\/www.radiopiu.net\/wordpress\/wp-content\/uploads\/2025\/01\/Senza-nome-63-300x219.png 300w, https:\/\/www.radiopiu.net\/wordpress\/wp-content\/uploads\/2025\/01\/Senza-nome-63.png 462w\" sizes=\"auto, (max-width: 300px) 100vw, 300px\" \/><\/a><\/p>\n<p>&nbsp;<\/p>\n<p>&nbsp;<\/p>\n<p>&nbsp;<\/p>\n<hr \/>\n<p>&nbsp;<\/p>\n<blockquote>\n<h2><a class=\"dt-pswp-item\" href=\"https:\/\/www.radiopiu.net\/wordpress\/wp-content\/uploads\/2024\/01\/Foto-Carnevale_0001-9-scaled.jpg\" data-dt-img-description=\"\" data-large_image_width=\"1825\" data-large_image_height=\"2560\"><img loading=\"lazy\" decoding=\"async\" class=\"wp-image-371954 alignleft\" src=\"https:\/\/www.radiopiu.net\/wordpress\/wp-content\/uploads\/2024\/01\/Foto-Carnevale_0001-9-214x300.jpg\" alt=\"\" width=\"85\" height=\"119\" srcset=\"https:\/\/www.radiopiu.net\/wordpress\/wp-content\/uploads\/2024\/01\/Foto-Carnevale_0001-9-214x300.jpg 214w, https:\/\/www.radiopiu.net\/wordpress\/wp-content\/uploads\/2024\/01\/Foto-Carnevale_0001-9-730x1024.jpg 730w, https:\/\/www.radiopiu.net\/wordpress\/wp-content\/uploads\/2024\/01\/Foto-Carnevale_0001-9-768x1078.jpg 768w, https:\/\/www.radiopiu.net\/wordpress\/wp-content\/uploads\/2024\/01\/Foto-Carnevale_0001-9-1095x1536.jpg 1095w, https:\/\/www.radiopiu.net\/wordpress\/wp-content\/uploads\/2024\/01\/Foto-Carnevale_0001-9-1460x2048.jpg 1460w, https:\/\/www.radiopiu.net\/wordpress\/wp-content\/uploads\/2024\/01\/Foto-Carnevale_0001-9-scaled.jpg 1825w\" sizes=\"auto, (max-width: 85px) 100vw, 85px\" \/><\/a>CINQUE APPUNTAMENTI COL CARNEVALE<\/h2>\n<\/blockquote>\n<p>Ritorna carnevai de la vai, mascherate tradizionali delle dolomiti agordine.\u00a0 5 appuntamenti con la tradizione e il divertimento: 26 gennaio a SELVA DI CADORE, 22 febbraio LASTE DI ROCCA PIETORE, 23 febbraio a Rivamonte Agordino, 1 Marzo Sottoguda di Rocca Pietore, e 2 marzo a CANALE D&#8217;AGORDO aspettiamo anche te, con la tua maschera, tradizionale o di fantasia<\/p>\n<p>&nbsp;<\/p>\n<p>&nbsp;<\/p>\n<hr \/>\n<p>&nbsp;<\/p>\n<blockquote>\n<h3>IL PRIMO FEBBRAIO TORNA LA CASPARETHA A CANALE D&#8217;AGORDO<\/h3>\n<\/blockquote>\n<p><strong>CANALE D&#8217;AGORDO<\/strong> La 16\u00aa edizione della Casparetha si terr\u00e0 il 1\u00b0 febbraio alle 19 con partenza dalla piazza di Canale d&#8217;Agordo. Una camminata non competitiva di 5 km, con ciaspe o ramponcini. Le iscrizioni online, disponibili dal 15 gennaio 2025 su casparetha.com, sono limitate a 1.000 partecipanti: 20\u20ac per adulti e 10\u20ac per i nati dal 2015 in poi. In loco, il costo sar\u00e0 di 23\u20ac per adulti e 12\u20ac per i nati dal 2015 in poi, con iscrizioni presso la Pro Loco il 28, 29 e 30 gennaio (17:00-19:00). \u00c8 possibile noleggiare ciaspe a 7\u20ac, ma non \u00e8 obbligatorio. Per dettagli, visita casparetha.com o i social @casparetha.<\/p>\n<p><span style=\"color: #ff0000;\"><strong>PRESENTAZIONE UFFICIALE ALLA RADIO&#8230; LA PROSSIMA SETTIMANA NEL REPORTER DELLE 10.30<\/strong><\/span><\/p>\n\n\t\t\t<style type='text\/css'>\n\t\t\t\t#gallery-5 {\n\t\t\t\t\tmargin: auto;\n\t\t\t\t}\n\t\t\t\t#gallery-5 .gallery-item {\n\t\t\t\t\tfloat: left;\n\t\t\t\t\tmargin-top: 10px;\n\t\t\t\t\ttext-align: center;\n\t\t\t\t\twidth: 50%;\n\t\t\t\t}\n\t\t\t\t#gallery-5 img {\n\t\t\t\t\tborder: 2px solid #cfcfcf;\n\t\t\t\t}\n\t\t\t\t#gallery-5 .gallery-caption {\n\t\t\t\t\tmargin-left: 0;\n\t\t\t\t}\n\t\t\t\t\/* see gallery_shortcode() in wp-includes\/media.php *\/\n\t\t\t<\/style>\n\t\t<div id='gallery-5' class='dt-gallery-container gallery galleryid-431008 gallery-columns-2 gallery-size-medium'><dl class='gallery-item'>\n\t\t\t\t<dt class='gallery-icon landscape'>\n\t\t\t\t\t<a class=\"rollover rollover-zoom dt-pswp-item\" title=\"Fronte\" data-dt-img-description=\"\" data-large_image_width=\"1600\" data-large_image_height=\"1150\"href='https:\/\/www.radiopiu.net\/wordpress\/wp-content\/uploads\/2025\/01\/Fronte.jpeg'><img loading=\"lazy\" decoding=\"async\" width=\"300\" height=\"216\" src=\"https:\/\/www.radiopiu.net\/wordpress\/wp-content\/uploads\/2025\/01\/Fronte-300x216.jpeg\" class=\"attachment-medium size-medium\" alt=\"\" srcset=\"https:\/\/www.radiopiu.net\/wordpress\/wp-content\/uploads\/2025\/01\/Fronte-300x216.jpeg 300w, https:\/\/www.radiopiu.net\/wordpress\/wp-content\/uploads\/2025\/01\/Fronte-1024x736.jpeg 1024w, https:\/\/www.radiopiu.net\/wordpress\/wp-content\/uploads\/2025\/01\/Fronte-768x552.jpeg 768w, https:\/\/www.radiopiu.net\/wordpress\/wp-content\/uploads\/2025\/01\/Fronte-1536x1104.jpeg 1536w, https:\/\/www.radiopiu.net\/wordpress\/wp-content\/uploads\/2025\/01\/Fronte.jpeg 1600w\" sizes=\"auto, (max-width: 300px) 100vw, 300px\" \/><\/a>\n\t\t\t\t<\/dt><\/dl><dl class='gallery-item'>\n\t\t\t\t<dt class='gallery-icon landscape'>\n\t\t\t\t\t<a class=\"rollover rollover-zoom dt-pswp-item\" title=\"Retro\" data-dt-img-description=\"\" data-large_image_width=\"1600\" data-large_image_height=\"1143\"href='https:\/\/www.radiopiu.net\/wordpress\/wp-content\/uploads\/2025\/01\/Retro.jpeg'><img loading=\"lazy\" decoding=\"async\" width=\"300\" height=\"214\" src=\"https:\/\/www.radiopiu.net\/wordpress\/wp-content\/uploads\/2025\/01\/Retro-300x214.jpeg\" class=\"attachment-medium size-medium\" alt=\"\" srcset=\"https:\/\/www.radiopiu.net\/wordpress\/wp-content\/uploads\/2025\/01\/Retro-300x214.jpeg 300w, https:\/\/www.radiopiu.net\/wordpress\/wp-content\/uploads\/2025\/01\/Retro-1024x732.jpeg 1024w, https:\/\/www.radiopiu.net\/wordpress\/wp-content\/uploads\/2025\/01\/Retro-768x549.jpeg 768w, https:\/\/www.radiopiu.net\/wordpress\/wp-content\/uploads\/2025\/01\/Retro-1536x1097.jpeg 1536w, https:\/\/www.radiopiu.net\/wordpress\/wp-content\/uploads\/2025\/01\/Retro.jpeg 1600w\" sizes=\"auto, (max-width: 300px) 100vw, 300px\" \/><\/a>\n\t\t\t\t<\/dt><\/dl><br style=\"clear: both\" \/>\n\t\t\t<\/div>\n\n<p>&nbsp;<\/p>\n<h2><span style=\"color: #ff9900;\">TORNA LA CASPARETHA A CANALE D&#8217;AGORDO<\/span><\/h2>\n<p><strong><a class=\"dt-pswp-item\" href=\"https:\/\/www.radiopiu.net\/wordpress\/wp-content\/uploads\/2025\/01\/casparetha-cover-e1626294765175.jpg\" data-dt-img-description=\"\" data-large_image_width=\"1000\" data-large_image_height=\"650\"><img loading=\"lazy\" decoding=\"async\" class=\" wp-image-429697 alignleft\" src=\"https:\/\/www.radiopiu.net\/wordpress\/wp-content\/uploads\/2025\/01\/casparetha-cover-e1626294765175-300x195.jpg\" alt=\"\" width=\"212\" height=\"138\" srcset=\"https:\/\/www.radiopiu.net\/wordpress\/wp-content\/uploads\/2025\/01\/casparetha-cover-e1626294765175-300x195.jpg 300w, https:\/\/www.radiopiu.net\/wordpress\/wp-content\/uploads\/2025\/01\/casparetha-cover-e1626294765175-768x499.jpg 768w, https:\/\/www.radiopiu.net\/wordpress\/wp-content\/uploads\/2025\/01\/casparetha-cover-e1626294765175.jpg 1000w\" sizes=\"auto, (max-width: 212px) 100vw, 212px\" \/><\/a>DI MIRKO MEZZACASA<\/strong><\/p>\n<p>OSPITI: Mirko Tancon ed Emil Tancon<\/p>\n<audio class=\"wp-audio-shortcode\" id=\"audio-431008-14\" preload=\"none\" style=\"width: 100%;\" controls=\"controls\"><source type=\"audio\/mpeg\" src=\"https:\/\/www.radiopiu.net\/wordpress\/wp-content\/uploads\/2025\/01\/casparegha-2025-canale.mp3?_=14\" \/><a href=\"https:\/\/www.radiopiu.net\/wordpress\/wp-content\/uploads\/2025\/01\/casparegha-2025-canale.mp3\">https:\/\/www.radiopiu.net\/wordpress\/wp-content\/uploads\/2025\/01\/casparegha-2025-canale.mp3<\/a><\/audio>\n<p>&nbsp;<\/p>\n<p>&nbsp;<\/p>\n<p>&nbsp;<\/p>\n<hr \/>\n<p>&nbsp;<\/p>\n<blockquote>\n<h3>ASSEMBLEA DELLA SINISTRA ITALIANA BELLUNO<\/h3>\n<\/blockquote>\n<p><strong>BELLUNO<\/strong> Oggi alle 18:00, presso l\u2019Insolita Storia-Pop Bar di Belluno, si terr\u00e0 un\u2019assemblea pubblica organizzata dalla federazione provinciale di Sinistra Italiana. L\u2019incontro \u00e8 aperto a tutti, non solo agli iscritti, ed \u00e8 finalizzato a promuovere un dibattito collettivo. L\u2019obiettivo \u00e8 costruire insieme il calendario delle iniziative e delle battaglie politiche in provincia, con particolare attenzione ai temi promossi da Sinistra Italiana e dall&#8217;Alleanza Verdi-Sinistra. Un\u2019occasione per confrontarsi e delineare strategie condivise per il territorio.<\/p>\n<p>&nbsp;<\/p>\n<p>&nbsp;<\/p>\n<hr \/>\n<p>&nbsp;<\/p>\n<h1><span style=\"color: #ff6600;\">IERI ALLA RADIO<\/span><\/h1>\n<h2><span style=\"color: #993366;\">OGGI COME IERI, TERZO ANNO. CON SILVIA BALDO<\/span><\/h2>\n<p><strong><a class=\"dt-pswp-item\" href=\"https:\/\/www.radiopiu.net\/wordpress\/wp-content\/uploads\/2025\/01\/LoHSLJHGAOo.jpg\" data-dt-img-description=\"\" data-large_image_width=\"641\" data-large_image_height=\"358\"><img loading=\"lazy\" decoding=\"async\" class=\" wp-image-431124 alignleft\" src=\"https:\/\/www.radiopiu.net\/wordpress\/wp-content\/uploads\/2025\/01\/LoHSLJHGAOo-300x168.jpg\" alt=\"\" width=\"193\" height=\"108\" srcset=\"https:\/\/www.radiopiu.net\/wordpress\/wp-content\/uploads\/2025\/01\/LoHSLJHGAOo-300x168.jpg 300w, https:\/\/www.radiopiu.net\/wordpress\/wp-content\/uploads\/2025\/01\/LoHSLJHGAOo.jpg 641w\" sizes=\"auto, (max-width: 193px) 100vw, 193px\" \/><\/a>23 GENNAIO 2025 LA SETTIMANA ENIGMISTICA<\/strong><\/p>\n<audio class=\"wp-audio-shortcode\" id=\"audio-431008-15\" preload=\"none\" style=\"width: 100%;\" controls=\"controls\"><source type=\"audio\/mpeg\" src=\"https:\/\/www.radiopiu.net\/wordpress\/wp-content\/uploads\/2025\/01\/SIBI3-2.mp3?_=15\" \/><a href=\"https:\/\/www.radiopiu.net\/wordpress\/wp-content\/uploads\/2025\/01\/SIBI3-2.mp3\">https:\/\/www.radiopiu.net\/wordpress\/wp-content\/uploads\/2025\/01\/SIBI3-2.mp3<\/a><\/audio>\n<p>&nbsp;<\/p>\n<p><strong>LA RACCOLTA COMPLETA <a href=\"https:\/\/www.radiopiu.net\/wordpress\/oggi-come-ieri-terzo-anno-con-silvia-baldo\/\"><span style=\"color: #3366ff;\">CLICCA QUI<\/span><\/a><\/strong><\/p>\n<p>&nbsp;<\/p>\n<hr \/>\n<p>&nbsp;<\/p>\n<h2><span style=\"color: #ff0000;\">SPECIALE SPI CGIL<\/span><\/h2>\n<p><strong><a class=\"dt-pswp-item\" href=\"https:\/\/www.radiopiu.net\/wordpress\/wp-content\/uploads\/2023\/02\/SPI-CGIL.png\" data-dt-img-description=\"\" data-large_image_width=\"278\" data-large_image_height=\"244\"><img loading=\"lazy\" decoding=\"async\" class=\" wp-image-322694 alignleft\" src=\"https:\/\/www.radiopiu.net\/wordpress\/wp-content\/uploads\/2023\/02\/SPI-CGIL.png\" alt=\"\" width=\"123\" height=\"108\" \/><\/a>DI MIRKO MEZZACASA<\/strong><\/p>\n<p>CON MARIA RITA GENTILIN<\/p>\n<audio class=\"wp-audio-shortcode\" id=\"audio-431008-16\" preload=\"none\" style=\"width: 100%;\" controls=\"controls\"><source type=\"audio\/mpeg\" src=\"https:\/\/www.radiopiu.net\/wordpress\/wp-content\/uploads\/2025\/01\/spi-cgil-in-onda-giovedi-23.mp3?_=16\" \/><a href=\"https:\/\/www.radiopiu.net\/wordpress\/wp-content\/uploads\/2025\/01\/spi-cgil-in-onda-giovedi-23.mp3\">https:\/\/www.radiopiu.net\/wordpress\/wp-content\/uploads\/2025\/01\/spi-cgil-in-onda-giovedi-23.mp3<\/a><\/audio>\n<p>&nbsp;<\/p>\n<hr \/>\n<p>&nbsp;<\/p>\n<h2><span style=\"color: #ff00ff;\">TIME 4 ME&#8230;CON KATIA ZANVIT<\/span><\/h2>\n<p><strong><a class=\"dt-pswp-item\" href=\"https:\/\/www.radiopiu.net\/wordpress\/wp-content\/uploads\/2025\/01\/4d75feef-cb60-4bb5-bb48-3bbd56d54077.jpg\" data-dt-img-description=\"\" data-large_image_width=\"1080\" data-large_image_height=\"1006\"><img loading=\"lazy\" decoding=\"async\" class=\" wp-image-431015 alignleft\" src=\"https:\/\/www.radiopiu.net\/wordpress\/wp-content\/uploads\/2025\/01\/4d75feef-cb60-4bb5-bb48-3bbd56d54077-300x279.jpg\" alt=\"\" width=\"203\" height=\"189\" srcset=\"https:\/\/www.radiopiu.net\/wordpress\/wp-content\/uploads\/2025\/01\/4d75feef-cb60-4bb5-bb48-3bbd56d54077-300x279.jpg 300w, https:\/\/www.radiopiu.net\/wordpress\/wp-content\/uploads\/2025\/01\/4d75feef-cb60-4bb5-bb48-3bbd56d54077-1024x954.jpg 1024w, https:\/\/www.radiopiu.net\/wordpress\/wp-content\/uploads\/2025\/01\/4d75feef-cb60-4bb5-bb48-3bbd56d54077-768x715.jpg 768w, https:\/\/www.radiopiu.net\/wordpress\/wp-content\/uploads\/2025\/01\/4d75feef-cb60-4bb5-bb48-3bbd56d54077.jpg 1080w\" sizes=\"auto, (max-width: 203px) 100vw, 203px\" \/><\/a>DI MARINA DONA&#8217;<\/strong><\/p>\n<p>OSPITE KATIA ZANVIT<\/p>\n<p><span style=\"color: #0000ff;\"><strong>PRIMA PARTE<\/strong><\/span><\/p>\n<audio class=\"wp-audio-shortcode\" id=\"audio-431008-17\" preload=\"none\" style=\"width: 100%;\" controls=\"controls\"><source type=\"audio\/mpeg\" src=\"https:\/\/www.radiopiu.net\/wordpress\/wp-content\/uploads\/2025\/01\/TIME1-1.mp3?_=17\" \/><a href=\"https:\/\/www.radiopiu.net\/wordpress\/wp-content\/uploads\/2025\/01\/TIME1-1.mp3\">https:\/\/www.radiopiu.net\/wordpress\/wp-content\/uploads\/2025\/01\/TIME1-1.mp3<\/a><\/audio>\n<p><span style=\"color: #0000ff;\">\u00a0<\/span><\/p>\n<p><span style=\"color: #0000ff;\"><strong>SECONDA PARTE<\/strong><\/span><\/p>\n<audio class=\"wp-audio-shortcode\" id=\"audio-431008-18\" preload=\"none\" style=\"width: 100%;\" controls=\"controls\"><source type=\"audio\/mpeg\" src=\"https:\/\/www.radiopiu.net\/wordpress\/wp-content\/uploads\/2025\/01\/TIME2-1.mp3?_=18\" \/><a href=\"https:\/\/www.radiopiu.net\/wordpress\/wp-content\/uploads\/2025\/01\/TIME2-1.mp3\">https:\/\/www.radiopiu.net\/wordpress\/wp-content\/uploads\/2025\/01\/TIME2-1.mp3<\/a><\/audio>\n<p><span style=\"color: #0000ff;\">\u00a0<\/span><\/p>\n<p><span style=\"color: #0000ff;\"><strong>TERZA PARTE<\/strong><\/span><\/p>\n<audio class=\"wp-audio-shortcode\" id=\"audio-431008-19\" preload=\"none\" style=\"width: 100%;\" controls=\"controls\"><source type=\"audio\/mpeg\" src=\"https:\/\/www.radiopiu.net\/wordpress\/wp-content\/uploads\/2025\/01\/TIME3-1.mp3?_=19\" \/><a href=\"https:\/\/www.radiopiu.net\/wordpress\/wp-content\/uploads\/2025\/01\/TIME3-1.mp3\">https:\/\/www.radiopiu.net\/wordpress\/wp-content\/uploads\/2025\/01\/TIME3-1.mp3<\/a><\/audio>\n<p>&nbsp;<\/p>\n<hr \/>\n<p>&nbsp;<\/p>\n<h2><span style=\"color: #ffcc00;\">COSA GUARDO STASERA IN TV?&#8230;CON PAOLA LANCIATO<\/span><\/h2>\n<h1><span style=\"color: #ff0000;\"><strong><a class=\"dt-pswp-item\" href=\"https:\/\/www.radiopiu.net\/wordpress\/wp-content\/uploads\/2025\/01\/5531c8ee-5059-4053-92ef-da4b82559513.jpg\" data-dt-img-description=\"\" data-large_image_width=\"700\" data-large_image_height=\"1000\"><img loading=\"lazy\" decoding=\"async\" class=\"size-medium wp-image-431132 alignleft\" src=\"https:\/\/www.radiopiu.net\/wordpress\/wp-content\/uploads\/2025\/01\/5531c8ee-5059-4053-92ef-da4b82559513-210x300.jpg\" alt=\"\" width=\"210\" height=\"300\" srcset=\"https:\/\/www.radiopiu.net\/wordpress\/wp-content\/uploads\/2025\/01\/5531c8ee-5059-4053-92ef-da4b82559513-210x300.jpg 210w, https:\/\/www.radiopiu.net\/wordpress\/wp-content\/uploads\/2025\/01\/5531c8ee-5059-4053-92ef-da4b82559513.jpg 700w\" sizes=\"auto, (max-width: 210px) 100vw, 210px\" \/><\/a>Puntata 18 del 23 gennaio 2025<\/strong><\/span><\/h1>\n<audio class=\"wp-audio-shortcode\" id=\"audio-431008-20\" preload=\"none\" style=\"width: 100%;\" controls=\"controls\"><source type=\"audio\/mpeg\" src=\"https:\/\/www.radiopiu.net\/wordpress\/wp-content\/uploads\/2025\/01\/CIAK2-1.mp3?_=20\" \/><a href=\"https:\/\/www.radiopiu.net\/wordpress\/wp-content\/uploads\/2025\/01\/CIAK2-1.mp3\">https:\/\/www.radiopiu.net\/wordpress\/wp-content\/uploads\/2025\/01\/CIAK2-1.mp3<\/a><\/audio>\n<p>&nbsp;<\/p>\n<p><strong>LA RACCOLTA COMPLETA <a href=\"https:\/\/www.radiopiu.net\/wordpress\/cosa-guardo-stasera-in-tv-con-paola-lanciato-la-raccolta\/\"><span style=\"color: #3366ff;\">CLICCA QUI<\/span><\/a><\/strong><\/p>\n<p>&nbsp;<\/p>\n<hr \/>\n<p>&nbsp;<\/p>\n<h2><span style=\"color: #ff0000;\"><a class=\"dt-pswp-item\" href=\"https:\/\/www.radiopiu.net\/wordpress\/wp-content\/uploads\/2018\/09\/appuntamenti.jpeg\" data-dt-img-description=\"\" data-large_image_width=\"800\" data-large_image_height=\"100\"><img loading=\"lazy\" decoding=\"async\" class=\"wp-image-61958 size-full aligncenter\" src=\"https:\/\/www.radiopiu.net\/wordpress\/wp-content\/uploads\/2018\/09\/appuntamenti.jpeg\" alt=\"\" width=\"800\" height=\"100\" srcset=\"https:\/\/www.radiopiu.net\/wordpress\/wp-content\/uploads\/2018\/09\/appuntamenti.jpeg 800w, https:\/\/www.radiopiu.net\/wordpress\/wp-content\/uploads\/2018\/09\/appuntamenti-300x38.jpeg 300w, https:\/\/www.radiopiu.net\/wordpress\/wp-content\/uploads\/2018\/09\/appuntamenti-768x96.jpeg 768w\" sizes=\"auto, (max-width: 800px) 100vw, 800px\" \/><\/a><\/span><\/h2>\n<div dir=\"auto\"><\/div>\n<div class=\"xdj266r x11i5rnm xat24cr x1mh8g0r x1vvkbs x126k92a\">\n<div dir=\"auto\"><\/div>\n<\/div>\n<div>\n<div class=\"\" dir=\"auto\">\n<div id=\":r9h:\" class=\"x1iorvi4 x1pi30zi x1l90r2v x1swvt13\" data-ad-comet-preview=\"message\" data-ad-preview=\"message\">\n<div>\n<div class=\"\" dir=\"auto\">\n<div id=\":r9h:\" class=\"x1iorvi4 x1pi30zi x1l90r2v x1swvt13\" data-ad-comet-preview=\"message\" data-ad-preview=\"message\">\n<div class=\"xdj266r x11i5rnm xat24cr x1mh8g0r x1vvkbs x126k92a\">\n<div dir=\"auto\"><\/div>\n<\/div>\n<div>\n<div class=\"\" dir=\"auto\">\n<div id=\":r9h:\" class=\"x1iorvi4 x1pi30zi x1l90r2v x1swvt13\" data-ad-comet-preview=\"message\" data-ad-preview=\"message\">\n<div>\n<div class=\"\" dir=\"auto\">\n<div id=\":r9h:\" class=\"x1iorvi4 x1pi30zi x1l90r2v x1swvt13\" data-ad-comet-preview=\"message\" data-ad-preview=\"message\">\n\n\t\t\t<style type='text\/css'>\n\t\t\t\t#gallery-6 {\n\t\t\t\t\tmargin: auto;\n\t\t\t\t}\n\t\t\t\t#gallery-6 .gallery-item {\n\t\t\t\t\tfloat: left;\n\t\t\t\t\tmargin-top: 10px;\n\t\t\t\t\ttext-align: center;\n\t\t\t\t\twidth: 20%;\n\t\t\t\t}\n\t\t\t\t#gallery-6 img {\n\t\t\t\t\tborder: 2px solid #cfcfcf;\n\t\t\t\t}\n\t\t\t\t#gallery-6 .gallery-caption {\n\t\t\t\t\tmargin-left: 0;\n\t\t\t\t}\n\t\t\t\t\/* see gallery_shortcode() in wp-includes\/media.php *\/\n\t\t\t<\/style>\n\t\t<div id='gallery-6' class='dt-gallery-container gallery galleryid-431008 gallery-columns-5 gallery-size-thumbnail'><dl class='gallery-item'>\n\t\t\t\t<dt class='gallery-icon portrait'>\n\t\t\t\t\t<a class=\"rollover rollover-zoom dt-pswp-item\" title=\"manifesto serate invernali\" data-dt-img-description=\"\" data-large_image_width=\"1683\" data-large_image_height=\"2383\"href='https:\/\/www.radiopiu.net\/wordpress\/wp-content\/uploads\/2024\/11\/manifesto-serate-invernali.jpg'><img loading=\"lazy\" decoding=\"async\" width=\"150\" height=\"150\" src=\"https:\/\/www.radiopiu.net\/wordpress\/wp-content\/uploads\/2024\/11\/manifesto-serate-invernali-150x150.jpg\" class=\"attachment-thumbnail size-thumbnail\" alt=\"\" aria-describedby=\"gallery-6-418816\" \/><\/a>\n\t\t\t\t<\/dt>\n\t\t\t\t\t<dd class='wp-caption-text gallery-caption' id='gallery-6-418816'>\n\t\t\t\t\t21 FEBBRAIO\n\t\t\t\t\t<\/dd><\/dl><dl class='gallery-item'>\n\t\t\t\t<dt class='gallery-icon portrait'>\n\t\t\t\t\t<a class=\"rollover rollover-zoom dt-pswp-item\" title=\"222c1268-28ad-4f2a-b9c7-7e3a82831958\" data-dt-img-description=\"\" data-large_image_width=\"1131\" data-large_image_height=\"1600\"href='https:\/\/www.radiopiu.net\/wordpress\/wp-content\/uploads\/2025\/01\/222c1268-28ad-4f2a-b9c7-7e3a82831958.jpg'><img loading=\"lazy\" decoding=\"async\" width=\"150\" height=\"150\" src=\"https:\/\/www.radiopiu.net\/wordpress\/wp-content\/uploads\/2025\/01\/222c1268-28ad-4f2a-b9c7-7e3a82831958-150x150.jpg\" class=\"attachment-thumbnail size-thumbnail\" alt=\"\" \/><\/a>\n\t\t\t\t<\/dt><\/dl><dl class='gallery-item'>\n\t\t\t\t<dt class='gallery-icon portrait'>\n\t\t\t\t\t<a class=\"rollover rollover-zoom dt-pswp-item\" title=\"Gennaio\" data-dt-img-description=\"\" data-large_image_width=\"841\" data-large_image_height=\"1190\"href='https:\/\/www.radiopiu.net\/wordpress\/wp-content\/uploads\/2024\/12\/Gennaio.jpg'><img loading=\"lazy\" decoding=\"async\" width=\"150\" height=\"150\" src=\"https:\/\/www.radiopiu.net\/wordpress\/wp-content\/uploads\/2024\/12\/Gennaio-150x150.jpg\" class=\"attachment-thumbnail size-thumbnail\" alt=\"\" aria-describedby=\"gallery-6-427015\" \/><\/a>\n\t\t\t\t<\/dt>\n\t\t\t\t\t<dd class='wp-caption-text gallery-caption' id='gallery-6-427015'>\n\t\t\t\t\tA GENNAIO A FELTRE\n\t\t\t\t\t<\/dd><\/dl><dl class='gallery-item'>\n\t\t\t\t<dt class='gallery-icon portrait'>\n\t\t\t\t\t<a class=\"rollover rollover-zoom dt-pswp-item\" title=\"921dc2b9-84ff-433f-bdf0-12b966e4d28c\" data-dt-img-description=\"\" data-large_image_width=\"1132\" data-large_image_height=\"1600\"href='https:\/\/www.radiopiu.net\/wordpress\/wp-content\/uploads\/2025\/01\/921dc2b9-84ff-433f-bdf0-12b966e4d28c.jpg'><img loading=\"lazy\" decoding=\"async\" width=\"150\" height=\"150\" src=\"https:\/\/www.radiopiu.net\/wordpress\/wp-content\/uploads\/2025\/01\/921dc2b9-84ff-433f-bdf0-12b966e4d28c-150x150.jpg\" class=\"attachment-thumbnail size-thumbnail\" alt=\"\" aria-describedby=\"gallery-6-430056\" \/><\/a>\n\t\t\t\t<\/dt>\n\t\t\t\t\t<dd class='wp-caption-text gallery-caption' id='gallery-6-430056'>\n\t\t\t\t\tLA CENA ALLA REVERSA\n\t\t\t\t\t<\/dd><\/dl><dl class='gallery-item'>\n\t\t\t\t<dt class='gallery-icon portrait'>\n\t\t\t\t\t<a class=\"rollover rollover-zoom dt-pswp-item\" title=\"Beretta_gennaio_2025\" data-dt-img-description=\"\" data-large_image_width=\"1414\" data-large_image_height=\"2000\"href='https:\/\/www.radiopiu.net\/wordpress\/wp-content\/uploads\/2025\/01\/Beretta_gennaio_2025.jpg'><img loading=\"lazy\" decoding=\"async\" width=\"150\" height=\"150\" src=\"https:\/\/www.radiopiu.net\/wordpress\/wp-content\/uploads\/2025\/01\/Beretta_gennaio_2025-150x150.jpg\" class=\"attachment-thumbnail size-thumbnail\" alt=\"\" \/><\/a>\n\t\t\t\t<\/dt><\/dl><br style=\"clear: both\" \/><dl class='gallery-item'>\n\t\t\t\t<dt class='gallery-icon portrait'>\n\t\t\t\t\t<a class=\"rollover rollover-zoom dt-pswp-item\" title=\"e353010f-a09e-439a-aa68-6e7aaf93fc09\" data-dt-img-description=\"\" data-large_image_width=\"1146\" data-large_image_height=\"1600\"href='https:\/\/www.radiopiu.net\/wordpress\/wp-content\/uploads\/2025\/01\/e353010f-a09e-439a-aa68-6e7aaf93fc09.jpg'><img loading=\"lazy\" decoding=\"async\" width=\"150\" height=\"150\" src=\"https:\/\/www.radiopiu.net\/wordpress\/wp-content\/uploads\/2025\/01\/e353010f-a09e-439a-aa68-6e7aaf93fc09-150x150.jpg\" class=\"attachment-thumbnail size-thumbnail\" alt=\"\" \/><\/a>\n\t\t\t\t<\/dt><\/dl><dl class='gallery-item'>\n\t\t\t\t<dt class='gallery-icon portrait'>\n\t\t\t\t\t<a class=\"rollover rollover-zoom dt-pswp-item\" title=\"Locandina giornata degli Alpini 25 gennaio 2025\" data-dt-img-description=\"\" data-large_image_width=\"1447\" data-large_image_height=\"2048\"href='https:\/\/www.radiopiu.net\/wordpress\/wp-content\/uploads\/2025\/01\/Locandina-giornata-degli-Alpini-25-gennaio-2025.jpg'><img loading=\"lazy\" decoding=\"async\" width=\"150\" height=\"150\" src=\"https:\/\/www.radiopiu.net\/wordpress\/wp-content\/uploads\/2025\/01\/Locandina-giornata-degli-Alpini-25-gennaio-2025-150x150.jpg\" class=\"attachment-thumbnail size-thumbnail\" alt=\"\" aria-describedby=\"gallery-6-430786\" \/><\/a>\n\t\t\t\t<\/dt>\n\t\t\t\t\t<dd class='wp-caption-text gallery-caption' id='gallery-6-430786'>\n\t\t\t\t\tSABATO A BELLUNO\n\t\t\t\t\t<\/dd><\/dl><dl class='gallery-item'>\n\t\t\t\t<dt class='gallery-icon portrait'>\n\t\t\t\t\t<a class=\"rollover rollover-zoom dt-pswp-item\" title=\"opera lirica arte nuova circolo astra\" data-dt-img-description=\"\" data-large_image_width=\"1414\" data-large_image_height=\"2000\"href='https:\/\/www.radiopiu.net\/wordpress\/wp-content\/uploads\/2025\/01\/opera-lirica-arte-nuova-circolo-astra.jpeg'><img loading=\"lazy\" decoding=\"async\" width=\"150\" height=\"150\" src=\"https:\/\/www.radiopiu.net\/wordpress\/wp-content\/uploads\/2025\/01\/opera-lirica-arte-nuova-circolo-astra-150x150.jpeg\" class=\"attachment-thumbnail size-thumbnail\" alt=\"\" aria-describedby=\"gallery-6-430925\" \/><\/a>\n\t\t\t\t<\/dt>\n\t\t\t\t\t<dd class='wp-caption-text gallery-caption' id='gallery-6-430925'>\n\t\t\t\t\tGIUSEPPE VERDI A BELLUNO\n\t\t\t\t\t<\/dd><\/dl><dl class='gallery-item'>\n\t\t\t\t<dt class='gallery-icon portrait'>\n\t\t\t\t\t<a class=\"rollover rollover-zoom dt-pswp-item\" title=\"Don Bosco - LocandinaTerrazza-finale\" data-dt-img-description=\"\" data-large_image_width=\"1240\" data-large_image_height=\"1755\"href='https:\/\/www.radiopiu.net\/wordpress\/wp-content\/uploads\/2025\/01\/Don-Bosco-LocandinaTerrazza-finale.jpg'><img loading=\"lazy\" decoding=\"async\" width=\"150\" height=\"150\" src=\"https:\/\/www.radiopiu.net\/wordpress\/wp-content\/uploads\/2025\/01\/Don-Bosco-LocandinaTerrazza-finale-150x150.jpg\" class=\"attachment-thumbnail size-thumbnail\" alt=\"\" aria-describedby=\"gallery-6-431006\" \/><\/a>\n\t\t\t\t<\/dt>\n\t\t\t\t\t<dd class='wp-caption-text gallery-caption' id='gallery-6-431006'>\n\t\t\t\t\tIL 16 FEBBRAIO A SOSPIROLO\n\t\t\t\t\t<\/dd><\/dl><dl class='gallery-item'>\n\t\t\t\t<dt class='gallery-icon portrait'>\n\t\t\t\t\t<a class=\"rollover rollover-zoom dt-pswp-item\" title=\"INVITO IL MEDICO VAGANTE\" data-dt-img-description=\"\" data-large_image_width=\"1240\" data-large_image_height=\"1755\"href='https:\/\/www.radiopiu.net\/wordpress\/wp-content\/uploads\/2025\/01\/INVITO-IL-MEDICO-VAGANTE.jpg'><img loading=\"lazy\" decoding=\"async\" width=\"150\" height=\"150\" src=\"https:\/\/www.radiopiu.net\/wordpress\/wp-content\/uploads\/2025\/01\/INVITO-IL-MEDICO-VAGANTE-150x150.jpg\" class=\"attachment-thumbnail size-thumbnail\" alt=\"\" aria-describedby=\"gallery-6-431085\" \/><\/a>\n\t\t\t\t<\/dt>\n\t\t\t\t\t<dd class='wp-caption-text gallery-caption' id='gallery-6-431085'>\n\t\t\t\t\tLUNEDI A BELLUNO\n\t\t\t\t\t<\/dd><\/dl><br style=\"clear: both\" \/>\n\t\t\t<\/div>\n\n<\/div>\n<\/div>\n<\/div>\n<\/div>\n<\/div>\n<\/div>\n<\/div>\n<\/div>\n<\/div>\n<\/div>\n<\/div>\n<\/div>\n<p>&nbsp;<\/p>\n<hr \/>\n<p>&nbsp;<\/p>\n<p class=\"mceTemp\"><a class=\"dt-pswp-item\" href=\"https:\/\/www.radiopiu.net\/wordpress\/wp-content\/uploads\/2018\/09\/WhatsApp-Image-2018-09-20-at-16.04.06.jpeg\" data-dt-img-description=\"\" data-large_image_width=\"800\" data-large_image_height=\"100\"><img loading=\"lazy\" decoding=\"async\" class=\"wp-image-61378 size-full aligncenter\" src=\"https:\/\/www.radiopiu.net\/wordpress\/wp-content\/uploads\/2018\/09\/WhatsApp-Image-2018-09-20-at-16.04.06.jpeg\" alt=\"\" width=\"800\" height=\"100\" srcset=\"https:\/\/www.radiopiu.net\/wordpress\/wp-content\/uploads\/2018\/09\/WhatsApp-Image-2018-09-20-at-16.04.06.jpeg 800w, https:\/\/www.radiopiu.net\/wordpress\/wp-content\/uploads\/2018\/09\/WhatsApp-Image-2018-09-20-at-16.04.06-300x38.jpeg 300w, https:\/\/www.radiopiu.net\/wordpress\/wp-content\/uploads\/2018\/09\/WhatsApp-Image-2018-09-20-at-16.04.06-768x96.jpeg 768w\" sizes=\"auto, (max-width: 800px) 100vw, 800px\" \/><\/a><\/p>\n<p><center><\/center><center><\/center>&nbsp;<\/p>\n<p><center><b>OGGI<\/b><\/center>Tratti di sereno e sottili nubi alte in grado di velare il cielo, a tratti tale copertura potr\u00e0 essere estesa, ma il sole continuer\u00e0 a essere presente filtrando attraverso tali nubi. In alcuni fondovalle prealpini probabile presenza di nebbia o di nubi basse nelle ore pi\u00f9 fredde e non solo.<br \/>\n<b>Precipitazioni: <\/b>Assenti<br \/>\n<b>Temperature: <\/b>Minime in calo nelle valli ed in aumento in alta quota; massime in generale ripresa, maggiore nei settori assolati.<\/p>\n<hr \/>\n<p><center><b>DOMANI<\/b><\/center>Sulle Dolomiti cielo sereno o al pi\u00f9 poco nuvoloso per sottili nubi alte, quindi ampi tratti soleggiati fino al pomeriggio, prima che nubi basse possano insinuarsi su alcuni settori. Sulle Prealpi situazione ben diversa con maggiore nuvolosit\u00e0 bassa e probabile assenza di sole, in un contesto assai pi\u00f9 umido con debole escursione termica.<br \/>\n<b>Precipitazioni: <\/b>Assenti<br \/>\n<b>Temperature: <\/b>Minime in generale aumento a tutte le quote; massime in aumento oltre i 2000-2200 m, stazionarie o in leggera flessione sotto tali quote.<\/p>\n<hr \/>\n<p><center><b>DOMENICA<\/b><\/center>Peggioramento del tempo con cielo coperto associato a precipitazioni sempre pi\u00f9 diffuse, perlopi\u00f9 di modesta entit\u00e0 sulle Dolomiti e pi\u00f9 significative e di moderata intensit\u00e0 sulle Prealpi. Limite neve a 1100-1400 m sulle Dolomiti e 1200-1500 m su Prealpi, ovunque in lieve abbassamento alla sera. Temperature in generale calo, eccetto aumento delle minime nelle valli.<\/p>\n<hr \/>\n<p><center><b>LUNEDI<\/b><\/center>Residuo maltempo notturno, poi probabile intervallo di variabilit\u00e0, prima che il tempo peggiori di nuovo dal pomeriggio in poi con nuove precipitazioni, nevose oltre i 1000-1400 m, in abbassamento nel corso della notte successiva. Temperature minime in calo e massime in leggera ripresa<\/p>\n<p>&nbsp;<\/p>\n<hr \/>\n<p>&nbsp;<\/p>\n<p class=\"mceTemp\"><a class=\"dt-pswp-item\" href=\"https:\/\/www.radiopiu.net\/wordpress\/wp-content\/uploads\/2018\/09\/sport.jpg\" data-dt-img-description=\"\" data-large_image_width=\"800\" data-large_image_height=\"100\"><img loading=\"lazy\" decoding=\"async\" class=\"aligncenter wp-image-60761 size-full\" src=\"https:\/\/www.radiopiu.net\/wordpress\/wp-content\/uploads\/2018\/09\/sport.jpg\" alt=\"\" width=\"800\" height=\"100\" srcset=\"https:\/\/www.radiopiu.net\/wordpress\/wp-content\/uploads\/2018\/09\/sport.jpg 800w, https:\/\/www.radiopiu.net\/wordpress\/wp-content\/uploads\/2018\/09\/sport-300x38.jpg 300w, https:\/\/www.radiopiu.net\/wordpress\/wp-content\/uploads\/2018\/09\/sport-768x96.jpg 768w\" sizes=\"auto, (max-width: 800px) 100vw, 800px\" \/> <\/a><\/p>\n<p class=\"mceTemp\"><span style=\"color: #0000ff;\"><strong>\u00a0 \u00a0\u00a0<\/strong><\/span><\/p>\n<p><span style=\"color: #0000ff;\"><strong>CORSA IN MONTAGNA<\/strong><\/span><\/p>\n<blockquote>\n<h3>IMPENNATA DI ISCRIZIONI ALLA DOLOMITI EXTREME TRAIL DELLA VAL DI ZOLDO<\/h3>\n<\/blockquote>\n<p><a class=\"dt-pswp-item\" href=\"https:\/\/www.radiopiu.net\/wordpress\/wp-content\/uploads\/2025\/01\/DXT2024_photo_Giacomo_Bocola1.jpg\" data-dt-img-description=\"\" data-large_image_width=\"2000\" data-large_image_height=\"1333\"><img loading=\"lazy\" decoding=\"async\" class=\" wp-image-431088 alignleft\" src=\"https:\/\/www.radiopiu.net\/wordpress\/wp-content\/uploads\/2025\/01\/DXT2024_photo_Giacomo_Bocola1-300x200.jpg\" alt=\"\" width=\"224\" height=\"149\" srcset=\"https:\/\/www.radiopiu.net\/wordpress\/wp-content\/uploads\/2025\/01\/DXT2024_photo_Giacomo_Bocola1-300x200.jpg 300w, https:\/\/www.radiopiu.net\/wordpress\/wp-content\/uploads\/2025\/01\/DXT2024_photo_Giacomo_Bocola1-1024x682.jpg 1024w, https:\/\/www.radiopiu.net\/wordpress\/wp-content\/uploads\/2025\/01\/DXT2024_photo_Giacomo_Bocola1-768x512.jpg 768w, https:\/\/www.radiopiu.net\/wordpress\/wp-content\/uploads\/2025\/01\/DXT2024_photo_Giacomo_Bocola1-1536x1024.jpg 1536w, https:\/\/www.radiopiu.net\/wordpress\/wp-content\/uploads\/2025\/01\/DXT2024_photo_Giacomo_Bocola1.jpg 2000w\" sizes=\"auto, (max-width: 224px) 100vw, 224px\" \/><\/a>Il 2025 si apre con entusiasmo per il <strong>Dolomiti Extreme Trail<\/strong>, celebre evento di corsa in montagna che dal 6 all\u20198 giugno porter\u00e0 gli atleti sui suggestivi sentieri della Val di Zoldo, nel cuore delle Dolomiti Bellunesi, patrimonio UNESCO. Le iscrizioni hanno registrato un incremento del 68% rispetto al 2024, con 2.160 partecipanti gi\u00e0 confermati. Grande successo per la nuova gara <strong>35K<\/strong>, che ha esaurito i 600 pettorali disponibili, e per le classiche <strong>103K<\/strong> e <strong>55K<\/strong>, ormai vicine al sold out. Gli atleti stranieri rappresentano oltre il 50% degli iscritti, con una forte partecipazione da Francia, Olanda e Germania. L\u2019evento \u00e8 un\u2019importante vetrina per promuovere il territorio, grazie anche alla sinergia con partner internazionali e la presenza agli expo di trail running. Le gare, di varie distanze (da 11K a 103K), sono qualificanti per l\u2019UTMB Mont-Blanc e parte dell\u2019ITRA National League. Novit\u00e0 anche per i pi\u00f9 piccoli con la <strong>Mini DXT<\/strong>, una gymkana di 2 km.<\/p>\n<p>&nbsp;<\/p>\n<p><span style=\"color: #0000ff;\"><strong>NUOTO<\/strong><\/span><\/p>\n<blockquote>\n<h3>I RAGAZZI DELLA STAGIONE AGONISTICA 2024 DELLA PISCINA DI AGORDO CON LA LORO MASCOTTE &#8220;SHAGORT&#8221;<\/h3>\n<\/blockquote>\n<p><strong>DI MARINA DONA&#8217;<\/strong><\/p>\n<p><strong>AGORDO<\/strong> Alla piscina di Agordo sempre idee innovative con l&#8217;intento di fare gruppo. Nella stagione agonistica 2024 i ragazzi hanno adottato una mascotte: uno squalo che hanno chiamato &#8220;Shagort&#8221;, nome che fa venire in mente e non a caso la cittadina di Agordo. La mascotte, ad ogni gara, trovava ospitalit\u00e0 in abitazioni diverse, infatti i ragazzi, lo hanno ospitato in casa loro a rotazione, offrendogli ospitalit\u00e0, e dandogli la possibilit\u00e0 di vivere varie esperienze tra le pi\u00f9 svariate, che poi sono state scritte e raccontate dai ragazzi e raccolte in un unico diario. &#8220;Shagort&#8221; infatti \u00e8 stato portato da loro sempre appresso nel tempo libero: \u00e8 stato fotografato sulle piste da sci al museo davanti alla televisione nel letto nello zaino e tante altre cose. Grazie a questi ragazzi la mascotte, ha avuto la possibilit\u00e0 di vivere un sacco di esperienze con famiglie diverse. Il diario poi \u00e8 stato duplicato per essere consegnato ad ogni ragazzo come ricordo.<\/p>\n<p><strong>I RAGAZZI DELLA PISCINA DI AGORDO<\/strong><\/p>\n<audio class=\"wp-audio-shortcode\" id=\"audio-431008-21\" preload=\"none\" style=\"width: 100%;\" controls=\"controls\"><source type=\"audio\/mpeg\" src=\"https:\/\/www.radiopiu.net\/wordpress\/wp-content\/uploads\/2025\/01\/piscina.mp3?_=21\" \/><a href=\"https:\/\/www.radiopiu.net\/wordpress\/wp-content\/uploads\/2025\/01\/piscina.mp3\">https:\/\/www.radiopiu.net\/wordpress\/wp-content\/uploads\/2025\/01\/piscina.mp3<\/a><\/audio>\n<p>&nbsp;<\/p>\n\n\t\t\t<style type='text\/css'>\n\t\t\t\t#gallery-7 {\n\t\t\t\t\tmargin: auto;\n\t\t\t\t}\n\t\t\t\t#gallery-7 .gallery-item {\n\t\t\t\t\tfloat: left;\n\t\t\t\t\tmargin-top: 10px;\n\t\t\t\t\ttext-align: center;\n\t\t\t\t\twidth: 25%;\n\t\t\t\t}\n\t\t\t\t#gallery-7 img {\n\t\t\t\t\tborder: 2px solid #cfcfcf;\n\t\t\t\t}\n\t\t\t\t#gallery-7 .gallery-caption {\n\t\t\t\t\tmargin-left: 0;\n\t\t\t\t}\n\t\t\t\t\/* see gallery_shortcode() in wp-includes\/media.php *\/\n\t\t\t<\/style>\n\t\t<div id='gallery-7' class='dt-gallery-container gallery galleryid-431008 gallery-columns-4 gallery-size-medium'><dl class='gallery-item'>\n\t\t\t\t<dt class='gallery-icon landscape'>\n\t\t\t\t\t<a class=\"rollover rollover-zoom dt-pswp-item\" title=\"db0ef299-37dc-4f18-b177-91d59df089b2\" data-dt-img-description=\"\" data-large_image_width=\"1599\" data-large_image_height=\"1186\"href='https:\/\/www.radiopiu.net\/wordpress\/wp-content\/uploads\/2025\/01\/db0ef299-37dc-4f18-b177-91d59df089b2.jpg'><img loading=\"lazy\" decoding=\"async\" width=\"300\" height=\"223\" src=\"https:\/\/www.radiopiu.net\/wordpress\/wp-content\/uploads\/2025\/01\/db0ef299-37dc-4f18-b177-91d59df089b2-300x223.jpg\" class=\"attachment-medium size-medium\" alt=\"\" srcset=\"https:\/\/www.radiopiu.net\/wordpress\/wp-content\/uploads\/2025\/01\/db0ef299-37dc-4f18-b177-91d59df089b2-300x223.jpg 300w, https:\/\/www.radiopiu.net\/wordpress\/wp-content\/uploads\/2025\/01\/db0ef299-37dc-4f18-b177-91d59df089b2-1024x760.jpg 1024w, https:\/\/www.radiopiu.net\/wordpress\/wp-content\/uploads\/2025\/01\/db0ef299-37dc-4f18-b177-91d59df089b2-768x570.jpg 768w, https:\/\/www.radiopiu.net\/wordpress\/wp-content\/uploads\/2025\/01\/db0ef299-37dc-4f18-b177-91d59df089b2-1536x1139.jpg 1536w, https:\/\/www.radiopiu.net\/wordpress\/wp-content\/uploads\/2025\/01\/db0ef299-37dc-4f18-b177-91d59df089b2.jpg 1599w\" sizes=\"auto, (max-width: 300px) 100vw, 300px\" \/><\/a>\n\t\t\t\t<\/dt><\/dl><dl class='gallery-item'>\n\t\t\t\t<dt class='gallery-icon landscape'>\n\t\t\t\t\t<a class=\"rollover rollover-zoom dt-pswp-item\" title=\"d07a4095-211d-4eb9-b140-870e89f13ebe\" data-dt-img-description=\"\" data-large_image_width=\"1373\" data-large_image_height=\"1018\"href='https:\/\/www.radiopiu.net\/wordpress\/wp-content\/uploads\/2025\/01\/d07a4095-211d-4eb9-b140-870e89f13ebe.jpg'><img loading=\"lazy\" decoding=\"async\" width=\"300\" height=\"222\" src=\"https:\/\/www.radiopiu.net\/wordpress\/wp-content\/uploads\/2025\/01\/d07a4095-211d-4eb9-b140-870e89f13ebe-300x222.jpg\" class=\"attachment-medium size-medium\" alt=\"\" srcset=\"https:\/\/www.radiopiu.net\/wordpress\/wp-content\/uploads\/2025\/01\/d07a4095-211d-4eb9-b140-870e89f13ebe-300x222.jpg 300w, https:\/\/www.radiopiu.net\/wordpress\/wp-content\/uploads\/2025\/01\/d07a4095-211d-4eb9-b140-870e89f13ebe-1024x759.jpg 1024w, https:\/\/www.radiopiu.net\/wordpress\/wp-content\/uploads\/2025\/01\/d07a4095-211d-4eb9-b140-870e89f13ebe-768x569.jpg 768w, https:\/\/www.radiopiu.net\/wordpress\/wp-content\/uploads\/2025\/01\/d07a4095-211d-4eb9-b140-870e89f13ebe.jpg 1373w\" sizes=\"auto, (max-width: 300px) 100vw, 300px\" \/><\/a>\n\t\t\t\t<\/dt><\/dl><dl class='gallery-item'>\n\t\t\t\t<dt class='gallery-icon landscape'>\n\t\t\t\t\t<a class=\"rollover rollover-zoom dt-pswp-item\" title=\"99918be4-7632-4bd1-b045-a0e757fe4edd\" data-dt-img-description=\"\" data-large_image_width=\"1599\" data-large_image_height=\"1186\"href='https:\/\/www.radiopiu.net\/wordpress\/wp-content\/uploads\/2025\/01\/99918be4-7632-4bd1-b045-a0e757fe4edd.jpg'><img loading=\"lazy\" decoding=\"async\" width=\"300\" height=\"223\" src=\"https:\/\/www.radiopiu.net\/wordpress\/wp-content\/uploads\/2025\/01\/99918be4-7632-4bd1-b045-a0e757fe4edd-300x223.jpg\" class=\"attachment-medium size-medium\" alt=\"\" srcset=\"https:\/\/www.radiopiu.net\/wordpress\/wp-content\/uploads\/2025\/01\/99918be4-7632-4bd1-b045-a0e757fe4edd-300x223.jpg 300w, https:\/\/www.radiopiu.net\/wordpress\/wp-content\/uploads\/2025\/01\/99918be4-7632-4bd1-b045-a0e757fe4edd-1024x760.jpg 1024w, https:\/\/www.radiopiu.net\/wordpress\/wp-content\/uploads\/2025\/01\/99918be4-7632-4bd1-b045-a0e757fe4edd-768x570.jpg 768w, https:\/\/www.radiopiu.net\/wordpress\/wp-content\/uploads\/2025\/01\/99918be4-7632-4bd1-b045-a0e757fe4edd-1536x1139.jpg 1536w, https:\/\/www.radiopiu.net\/wordpress\/wp-content\/uploads\/2025\/01\/99918be4-7632-4bd1-b045-a0e757fe4edd.jpg 1599w\" sizes=\"auto, (max-width: 300px) 100vw, 300px\" \/><\/a>\n\t\t\t\t<\/dt><\/dl><dl class='gallery-item'>\n\t\t\t\t<dt class='gallery-icon landscape'>\n\t\t\t\t\t<a class=\"rollover rollover-zoom dt-pswp-item\" title=\"9e9336a0-686b-4fa6-8fbc-e63253b64ee2\" data-dt-img-description=\"\" data-large_image_width=\"1080\" data-large_image_height=\"599\"href='https:\/\/www.radiopiu.net\/wordpress\/wp-content\/uploads\/2025\/01\/9e9336a0-686b-4fa6-8fbc-e63253b64ee2.jpg'><img loading=\"lazy\" decoding=\"async\" width=\"300\" height=\"166\" src=\"https:\/\/www.radiopiu.net\/wordpress\/wp-content\/uploads\/2025\/01\/9e9336a0-686b-4fa6-8fbc-e63253b64ee2-300x166.jpg\" class=\"attachment-medium size-medium\" alt=\"\" srcset=\"https:\/\/www.radiopiu.net\/wordpress\/wp-content\/uploads\/2025\/01\/9e9336a0-686b-4fa6-8fbc-e63253b64ee2-300x166.jpg 300w, https:\/\/www.radiopiu.net\/wordpress\/wp-content\/uploads\/2025\/01\/9e9336a0-686b-4fa6-8fbc-e63253b64ee2-1024x568.jpg 1024w, https:\/\/www.radiopiu.net\/wordpress\/wp-content\/uploads\/2025\/01\/9e9336a0-686b-4fa6-8fbc-e63253b64ee2-768x426.jpg 768w, https:\/\/www.radiopiu.net\/wordpress\/wp-content\/uploads\/2025\/01\/9e9336a0-686b-4fa6-8fbc-e63253b64ee2.jpg 1080w\" sizes=\"auto, (max-width: 300px) 100vw, 300px\" \/><\/a>\n\t\t\t\t<\/dt><\/dl><br style=\"clear: both\" \/>\n\t\t\t<\/div>\n\n<p>&nbsp;<\/p>\n<p><strong>IL VIDEO E L&#8217;INTERVISTA<\/strong><\/p>\n<div style=\"width: 848px;\" class=\"wp-video\"><video class=\"wp-video-shortcode\" id=\"video-431008-2\" width=\"848\" height=\"480\" preload=\"metadata\" controls=\"controls\"><source type=\"video\/mp4\" src=\"https:\/\/www.radiopiu.net\/wordpress\/wp-content\/uploads\/2025\/01\/WhatsApp-Video-2025-01-23-at-18.55.09.mp4?_=2\" \/><a href=\"https:\/\/www.radiopiu.net\/wordpress\/wp-content\/uploads\/2025\/01\/WhatsApp-Video-2025-01-23-at-18.55.09.mp4\">https:\/\/www.radiopiu.net\/wordpress\/wp-content\/uploads\/2025\/01\/WhatsApp-Video-2025-01-23-at-18.55.09.mp4<\/a><\/video><\/div>\n<p>&nbsp;<\/p>\n<p>&nbsp;<\/p>\n<p>&nbsp;<\/p>\n<p>&nbsp;<\/p>\n","protected":false},"excerpt":{"rendered":"<p>******** &nbsp; LA\u00a0 APP PER IOS-IPHONE di Nicola Vettorello https:\/\/apps.apple.com\/it\/app\/radio-pi%C3%B9-emittente-agordina\/id1515939845 LA\u00a0 APP RADIO\u00a0 PER ANDROID di Nicola Vettorello https:\/\/play.google.com\/store\/apps\/details?id=net.radiopiu.iniko\u00a0\u00a0\u00a0 &nbsp; &nbsp; &nbsp; &nbsp; OGGI ALLA RADIO:\u00a0 ALLE 10.30 E ALLE 19.20,\u00a0 DALLO STUDIO2 DI RADIOPIU L&#8217;OSPITE: FRANCESCO ORRU, SEGRETARIO GENERALE CISL BELLUNO TREVISO. l&#8217;intervista di mirko mezzacasa\u00a0 rassegna stampa nazionale, ogni giorno alle 5 e&hellip;<\/p>\n","protected":false},"author":4,"featured_media":431072,"comment_status":"closed","ping_status":"closed","sticky":false,"template":"","format":"standard","meta":{"_monsterinsights_skip_tracking":false,"_monsterinsights_sitenote_active":false,"_monsterinsights_sitenote_note":"","_monsterinsights_sitenote_category":0,"footnotes":""},"categories":[51,86,49],"tags":[],"class_list":["post-431008","post","type-post","status-publish","format-standard","has-post-thumbnail","hentry","category-evidenza-top","category-gr","category-news-18","category-51","category-86","category-49","description-off"],"img_url":"https:\/\/www.radiopiu.net\/wordpress\/wp-content\/uploads\/2025\/01\/49253b67-5b73-4683-9295-1fc61513bc6c.jpeg","_links":{"self":[{"href":"https:\/\/www.radiopiu.net\/wordpress\/wp-json\/wp\/v2\/posts\/431008","targetHints":{"allow":["GET"]}}],"collection":[{"href":"https:\/\/www.radiopiu.net\/wordpress\/wp-json\/wp\/v2\/posts"}],"about":[{"href":"https:\/\/www.radiopiu.net\/wordpress\/wp-json\/wp\/v2\/types\/post"}],"author":[{"embeddable":true,"href":"https:\/\/www.radiopiu.net\/wordpress\/wp-json\/wp\/v2\/users\/4"}],"replies":[{"embeddable":true,"href":"https:\/\/www.radiopiu.net\/wordpress\/wp-json\/wp\/v2\/comments?post=431008"}],"version-history":[{"count":37,"href":"https:\/\/www.radiopiu.net\/wordpress\/wp-json\/wp\/v2\/posts\/431008\/revisions"}],"predecessor-version":[{"id":431285,"href":"https:\/\/www.radiopiu.net\/wordpress\/wp-json\/wp\/v2\/posts\/431008\/revisions\/431285"}],"wp:featuredmedia":[{"embeddable":true,"href":"https:\/\/www.radiopiu.net\/wordpress\/wp-json\/wp\/v2\/media\/431072"}],"wp:attachment":[{"href":"https:\/\/www.radiopiu.net\/wordpress\/wp-json\/wp\/v2\/media?parent=431008"}],"wp:term":[{"taxonomy":"category","embeddable":true,"href":"https:\/\/www.radiopiu.net\/wordpress\/wp-json\/wp\/v2\/categories?post=431008"},{"taxonomy":"post_tag","embeddable":true,"href":"https:\/\/www.radiopiu.net\/wordpress\/wp-json\/wp\/v2\/tags?post=431008"}],"curies":[{"name":"wp","href":"https:\/\/api.w.org\/{rel}","templated":true}]}}