{"id":431146,"date":"2025-01-24T05:25:49","date_gmt":"2025-01-24T04:25:49","guid":{"rendered":"https:\/\/www.radiopiu.net\/wordpress\/?p=431146"},"modified":"2025-01-24T05:32:23","modified_gmt":"2025-01-24T04:32:23","slug":"chiusura-temporanea-di-via-vii-alpini-a-falcade-nei-fine-settimana-invernali","status":"publish","type":"post","link":"https:\/\/www.radiopiu.net\/wordpress\/chiusura-temporanea-di-via-vii-alpini-a-falcade-nei-fine-settimana-invernali\/","title":{"rendered":"Chiusura temporanea di Via VII Alpini a Falcade nei fine settimana invernali"},"content":{"rendered":"<p data-pm-slice=\"1 1 []\">__<\/p>\n<blockquote>\n<p data-pm-slice=\"1 1 []\"><em>&#8220;Le modfiche alla viabilit\u00e0 attuate in questa stagione &#8211; precisa il sindaco Mauro Salvaterra &#8211; sono in via sperimentale. In seguito, ragionando sulle soluzioni e conseguenze si capir\u00e0 come organizzare la viabilit\u00e0 anche per il futuro&#8221;<\/em><\/p>\n<\/blockquote>\n<p data-pm-slice=\"1 1 []\">\n<p data-pm-slice=\"1 1 []\"><strong>il Comune di Falcade adotter\u00e0 misure straordinarie per la gestione del traffico durante la stagione sciistica. Con un&#8217;ordinanza ufficiale, si dispone la chiusura temporanea al traffico veicolare di Via VII Alpini nelle giornate di sabato e domenica dei mesi di gennaio, febbraio e marzo 2025, dalle ore 7:30 alle ore 11:00.<\/strong><\/p>\n<h3><\/h3>\n<p><a class=\"dt-pswp-item\" href=\"https:\/\/www.radiopiu.net\/wordpress\/wp-content\/uploads\/2025\/01\/SCR-20250102-lmrl.jpg\" data-dt-img-description=\"Screenshot\" data-large_image_width=\"1244\" data-large_image_height=\"804\"><img loading=\"lazy\" decoding=\"async\" class=\"size-medium wp-image-431147 alignleft\" src=\"https:\/\/www.radiopiu.net\/wordpress\/wp-content\/uploads\/2025\/01\/SCR-20250102-lmrl-300x194.jpg\" alt=\"\" width=\"300\" height=\"194\" srcset=\"https:\/\/www.radiopiu.net\/wordpress\/wp-content\/uploads\/2025\/01\/SCR-20250102-lmrl-300x194.jpg 300w, https:\/\/www.radiopiu.net\/wordpress\/wp-content\/uploads\/2025\/01\/SCR-20250102-lmrl-1024x662.jpg 1024w, https:\/\/www.radiopiu.net\/wordpress\/wp-content\/uploads\/2025\/01\/SCR-20250102-lmrl-768x496.jpg 768w, https:\/\/www.radiopiu.net\/wordpress\/wp-content\/uploads\/2025\/01\/SCR-20250102-lmrl.jpg 1244w\" sizes=\"auto, (max-width: 300px) 100vw, 300px\" \/><\/a>L&#8217;ordinanza nasce dalla necessit\u00e0 di regolamentare il flusso veicolare lungo la SP 346 &#8220;del Passo San Pellegrino&#8221;, arteria principale di collegamento tra Falcade e il Trentino Alto Adige, che durante i mesi invernali registra un notevole incremento del traffico, specialmente nei fine settimana. Inoltre, la Strada Comunale Via VII Alpini, che conduce a Piazza Col de Rif, presenta caratteristiche morfologiche particolari: un senso unico di marcia, curve cieche e numerosi accessi privati. Il rischio di congestionamento e incidenti ha quindi spinto l&#8217;amministrazione a prendere provvedimenti per garantire maggiore sicurezza a residenti e turisti.<\/p>\n<h3><strong>Impatto sulle viabilit\u00e0 locale<\/strong><\/h3>\n<p>La chiusura di Via VII Alpini nelle fasce orarie indicate obbligher\u00e0 i veicoli a concentrarsi sulla SP 346, riducendo il traffico nei punti critici del centro abitato e migliorando la fluidit\u00e0 della circolazione nei pressi degli impianti sciistici. L\u2019obiettivo principale \u00e8 quello di prevenire situazioni di pericolo e agevolare l\u2019accesso sicuro alla localit\u00e0 durante il picco di afflusso turistico.<\/p>\n<h3><strong>Raccomandazioni per cittadini e turisti<\/strong><\/h3>\n<p>L\u2019amministrazione comunale invita i cittadini e i turisti a prendere atto di queste modifiche e a organizzare i propri spostamenti tenendo conto delle fasce orarie di chiusura. Sar\u00e0 inoltre garantita un&#8217;adeguata segnaletica informativa lungo le principali vie di accesso, oltre alla comunicazione attraverso i canali ufficiali del Comune di Falcade.<\/p>\n<p>&nbsp;<\/p>\n","protected":false},"excerpt":{"rendered":"<p>__ &#8220;Le modfiche alla viabilit\u00e0 attuate in questa stagione &#8211; precisa il sindaco Mauro Salvaterra &#8211; sono in via sperimentale. In seguito, ragionando sulle soluzioni e conseguenze si capir\u00e0 come organizzare la viabilit\u00e0 anche per il futuro&#8221; il Comune di Falcade adotter\u00e0 misure straordinarie per la gestione del traffico durante la stagione sciistica. Con un&#8217;ordinanza&hellip;<\/p>\n","protected":false},"author":4,"featured_media":431147,"comment_status":"closed","ping_status":"closed","sticky":false,"template":"","format":"standard","meta":{"_monsterinsights_skip_tracking":false,"_monsterinsights_sitenote_active":false,"_monsterinsights_sitenote_note":"","_monsterinsights_sitenote_category":0,"footnotes":""},"categories":[51,49],"tags":[],"class_list":["post-431146","post","type-post","status-publish","format-standard","has-post-thumbnail","hentry","category-evidenza-top","category-news-18","category-51","category-49","description-off"],"img_url":"https:\/\/www.radiopiu.net\/wordpress\/wp-content\/uploads\/2025\/01\/SCR-20250102-lmrl.jpg","_links":{"self":[{"href":"https:\/\/www.radiopiu.net\/wordpress\/wp-json\/wp\/v2\/posts\/431146","targetHints":{"allow":["GET"]}}],"collection":[{"href":"https:\/\/www.radiopiu.net\/wordpress\/wp-json\/wp\/v2\/posts"}],"about":[{"href":"https:\/\/www.radiopiu.net\/wordpress\/wp-json\/wp\/v2\/types\/post"}],"author":[{"embeddable":true,"href":"https:\/\/www.radiopiu.net\/wordpress\/wp-json\/wp\/v2\/users\/4"}],"replies":[{"embeddable":true,"href":"https:\/\/www.radiopiu.net\/wordpress\/wp-json\/wp\/v2\/comments?post=431146"}],"version-history":[{"count":1,"href":"https:\/\/www.radiopiu.net\/wordpress\/wp-json\/wp\/v2\/posts\/431146\/revisions"}],"predecessor-version":[{"id":431148,"href":"https:\/\/www.radiopiu.net\/wordpress\/wp-json\/wp\/v2\/posts\/431146\/revisions\/431148"}],"wp:featuredmedia":[{"embeddable":true,"href":"https:\/\/www.radiopiu.net\/wordpress\/wp-json\/wp\/v2\/media\/431147"}],"wp:attachment":[{"href":"https:\/\/www.radiopiu.net\/wordpress\/wp-json\/wp\/v2\/media?parent=431146"}],"wp:term":[{"taxonomy":"category","embeddable":true,"href":"https:\/\/www.radiopiu.net\/wordpress\/wp-json\/wp\/v2\/categories?post=431146"},{"taxonomy":"post_tag","embeddable":true,"href":"https:\/\/www.radiopiu.net\/wordpress\/wp-json\/wp\/v2\/tags?post=431146"}],"curies":[{"name":"wp","href":"https:\/\/api.w.org\/{rel}","templated":true}]}}