{"id":431197,"date":"2025-01-25T04:28:21","date_gmt":"2025-01-25T03:28:21","guid":{"rendered":"https:\/\/www.radiopiu.net\/wordpress\/?p=431197"},"modified":"2025-01-25T05:05:24","modified_gmt":"2025-01-25T04:05:24","slug":"emergenza-abitativa-a-feltre-il-comune-interviene-per-aiutare-sette-lavoratori-rimasti-senza-casa","status":"publish","type":"post","link":"https:\/\/www.radiopiu.net\/wordpress\/emergenza-abitativa-a-feltre-il-comune-interviene-per-aiutare-sette-lavoratori-rimasti-senza-casa\/","title":{"rendered":"Emergenza abitativa a Feltre: il Comune interviene per aiutare sette lavoratori rimasti senza casa"},"content":{"rendered":"<p>***<\/p>\n<p>&nbsp;<\/p>\n<p><img loading=\"lazy\" decoding=\"async\" class=\"alignleft\" src=\"https:\/\/www.radiopiu.net\/wordpress\/wp-content\/uploads\/2025\/01\/Senza-nome-74.png\" width=\"204\" height=\"140\" \/>Sette giovani lavoratori egiziani, impiegati in un&#8217;azienda di ristorazione, sono rimasti senza casa dopo l&#8217;incendio che ha reso inagibile la loro abitazione ad Anz\u00f9. L&#8217;incidente, probabilmente causato da una termocoperta, ha evidenziato le difficolt\u00e0 abitative di chi arriva a Feltre per lavorare. L\u2019assessore alle politiche sociali Maurizio Zatta ha effettuato un sopralluogo, assicurandosi che i lavoratori abbiano trovato una sistemazione temporanea presso amici e offrendo supporto per una soluzione pi\u00f9 stabile. L\u2019episodio mette in luce un problema diffuso nel Bellunese, dove trovare alloggi per lavoratori, compresi medici e operatori sanitari, \u00e8 sempre pi\u00f9 difficile. Il Comune sta valutando interventi, come il recupero delle ex case Incis, per affrontare l\u2019emergenza.<\/p>\n<p>&nbsp;<\/p>\n<blockquote>\n<h1>IERI ALLA RADIO<\/h1>\n<\/blockquote>\n<p>Mobilitazione ad Anz\u00f9: sette lavoratori senza casa dopo un incendio<\/p>\n<p><strong>FELTRE<\/strong><\/p>\n<p>Un incendio scoppiato nel primo pomeriggio di ieri in una vecchia abitazione di vicolo De\u2019 Facci, ad Anz\u00f9, ha lasciato senza casa sette giovani lavoratori egiziani impiegati nella ristorazione. Le fiamme sarebbero state innescate da una termocoperta elettrica lasciata accesa su un divano in un\u2019abitazione priva di riscaldamento. Il rogo \u00e8 stato scoperto dai vicini, che hanno immediatamente allertato i vigili del fuoco, riusciti a domare le fiamme prima che si estendessero agli edifici circostanti. I sette giovani erano al lavoro al momento dell\u2019incendio e sono stati rintracciati dai carabinieri. Nessuno \u00e8 rimasto ferito, ma la casa \u00e8 stata dichiarata inagibile a causa dei danni provocati da fuoco, fumo e acqua. Il loro datore di lavoro si \u00e8 subito attivato per trovar loro una nuova sistemazione.<\/p>\n<p>&nbsp;<\/p>\n<p>&nbsp;<\/p>\n<hr \/>\n<p>&nbsp;<\/p>\n","protected":false},"excerpt":{"rendered":"<p>*** &nbsp; Sette giovani lavoratori egiziani, impiegati in un&#8217;azienda di ristorazione, sono rimasti senza casa dopo l&#8217;incendio che ha reso inagibile la loro abitazione ad Anz\u00f9. L&#8217;incidente, probabilmente causato da una termocoperta, ha evidenziato le difficolt\u00e0 abitative di chi arriva a Feltre per lavorare. L\u2019assessore alle politiche sociali Maurizio Zatta ha effettuato un sopralluogo, assicurandosi&hellip;<\/p>\n","protected":false},"author":4,"featured_media":431198,"comment_status":"closed","ping_status":"closed","sticky":false,"template":"","format":"standard","meta":{"_monsterinsights_skip_tracking":false,"_monsterinsights_sitenote_active":false,"_monsterinsights_sitenote_note":"","_monsterinsights_sitenote_category":0,"footnotes":""},"categories":[51,49],"tags":[],"class_list":["post-431197","post","type-post","status-publish","format-standard","has-post-thumbnail","hentry","category-evidenza-top","category-news-18","category-51","category-49","description-off"],"img_url":"https:\/\/www.radiopiu.net\/wordpress\/wp-content\/uploads\/2025\/01\/Senza-nome-74.png","_links":{"self":[{"href":"https:\/\/www.radiopiu.net\/wordpress\/wp-json\/wp\/v2\/posts\/431197","targetHints":{"allow":["GET"]}}],"collection":[{"href":"https:\/\/www.radiopiu.net\/wordpress\/wp-json\/wp\/v2\/posts"}],"about":[{"href":"https:\/\/www.radiopiu.net\/wordpress\/wp-json\/wp\/v2\/types\/post"}],"author":[{"embeddable":true,"href":"https:\/\/www.radiopiu.net\/wordpress\/wp-json\/wp\/v2\/users\/4"}],"replies":[{"embeddable":true,"href":"https:\/\/www.radiopiu.net\/wordpress\/wp-json\/wp\/v2\/comments?post=431197"}],"version-history":[{"count":3,"href":"https:\/\/www.radiopiu.net\/wordpress\/wp-json\/wp\/v2\/posts\/431197\/revisions"}],"predecessor-version":[{"id":431385,"href":"https:\/\/www.radiopiu.net\/wordpress\/wp-json\/wp\/v2\/posts\/431197\/revisions\/431385"}],"wp:featuredmedia":[{"embeddable":true,"href":"https:\/\/www.radiopiu.net\/wordpress\/wp-json\/wp\/v2\/media\/431198"}],"wp:attachment":[{"href":"https:\/\/www.radiopiu.net\/wordpress\/wp-json\/wp\/v2\/media?parent=431197"}],"wp:term":[{"taxonomy":"category","embeddable":true,"href":"https:\/\/www.radiopiu.net\/wordpress\/wp-json\/wp\/v2\/categories?post=431197"},{"taxonomy":"post_tag","embeddable":true,"href":"https:\/\/www.radiopiu.net\/wordpress\/wp-json\/wp\/v2\/tags?post=431197"}],"curies":[{"name":"wp","href":"https:\/\/api.w.org\/{rel}","templated":true}]}}