{"id":431300,"date":"2025-01-24T17:15:25","date_gmt":"2025-01-24T16:15:25","guid":{"rendered":"https:\/\/www.radiopiu.net\/wordpress\/?p=431300"},"modified":"2025-01-24T17:15:25","modified_gmt":"2025-01-24T16:15:25","slug":"gli-alunni-dellistituto-comprensivo-di-sedico-in-piazza-per-le-arance-della-salute","status":"publish","type":"post","link":"https:\/\/www.radiopiu.net\/wordpress\/gli-alunni-dellistituto-comprensivo-di-sedico-in-piazza-per-le-arance-della-salute\/","title":{"rendered":"GLI ALUNNI DELL&#8217;ISTITUTO COMPRENSIVO DI SEDICO IN PIAZZA PER LE ARANCE DELLA SALUTE"},"content":{"rendered":"<p>*******<\/p>\n<p>&nbsp;<\/p>\n<p><strong><a class=\"dt-pswp-item\" href=\"https:\/\/www.radiopiu.net\/wordpress\/wp-content\/uploads\/2025\/01\/download-8.jpg\" data-dt-img-description=\"\" data-large_image_width=\"299\" data-large_image_height=\"168\"><img loading=\"lazy\" decoding=\"async\" class=\" wp-image-431311 alignleft\" src=\"https:\/\/www.radiopiu.net\/wordpress\/wp-content\/uploads\/2025\/01\/download-8.jpg\" alt=\"\" width=\"199\" height=\"112\" \/><\/a>SEDICO <\/strong>Per il terzo anno consecutivo gli alunni della scuola media \u201cUgo Foscolo\u201d di Sedico sosterranno l\u2019Airc, l\u2019Associazione italiana ricerca sul cancro. Lo faranno oggi pomeriggio e domani mattina diventando protagonisti attivi nella vendita delle Arance della salute, l\u2019iniziativa che ogni anno si svolge in oltre 3 mila piazze italiane. Per quanto riguarda le medie di Sedico, l\u2019attivit\u00e0 \u00e8 inserita nel Ptof ed \u00e8 vista come un vero e proprio \u201ccompito di realt\u00e0\u201d di educazione civica per gli studenti delle classi seconde. Questi saranno presenti domani (sabato) dalle 14.30 alle 18.30 al Kanguro di Sedico e domenica dalle 9 alle 13 sul sagrato della chiesa parrocchiale di Sedico per vendere le reticelle di arance (2,5 chili l\u2019una al prezzo di 13 euro) e raccogliere fondi da devolvere quindi all\u2019Airc. Una realt\u00e0, quest\u2019ultima, che le ragazze e i ragazzi sedicensi hanno potuto conoscere e approfondire in queste settimane con i propri insegnanti che li hanno anche guidati nella realizzazione di cartelloni e materiale per promuovere la vendita fra gli amici e il personale della scuola. Componente fondamentale per la concretizzazione del progetto sono stati i genitori che hanno svolto gli incarichi burocratici necessari e hanno collaborato fra loro per l\u2019organizzazione logistica e, in definitiva, per garantire ai propri figli un\u2019occasione di crescita personale e di impegno sociale.<\/p>\n<p>&nbsp;<\/p>\n<p>&nbsp;<\/p>\n<p>&nbsp;<\/p>\n<p>*********<\/p>\n","protected":false},"excerpt":{"rendered":"<p>******* &nbsp; SEDICO Per il terzo anno consecutivo gli alunni della scuola media \u201cUgo Foscolo\u201d di Sedico sosterranno l\u2019Airc, l\u2019Associazione italiana ricerca sul cancro. Lo faranno oggi pomeriggio e domani mattina diventando protagonisti attivi nella vendita delle Arance della salute, l\u2019iniziativa che ogni anno si svolge in oltre 3 mila piazze italiane. Per quanto riguarda&hellip;<\/p>\n","protected":false},"author":4,"featured_media":431311,"comment_status":"closed","ping_status":"closed","sticky":false,"template":"","format":"standard","meta":{"_monsterinsights_skip_tracking":false,"_monsterinsights_sitenote_active":false,"_monsterinsights_sitenote_note":"","_monsterinsights_sitenote_category":0,"footnotes":""},"categories":[49],"tags":[],"class_list":["post-431300","post","type-post","status-publish","format-standard","has-post-thumbnail","hentry","category-news-18","category-49","description-off"],"img_url":"https:\/\/www.radiopiu.net\/wordpress\/wp-content\/uploads\/2025\/01\/download-8.jpg","_links":{"self":[{"href":"https:\/\/www.radiopiu.net\/wordpress\/wp-json\/wp\/v2\/posts\/431300","targetHints":{"allow":["GET"]}}],"collection":[{"href":"https:\/\/www.radiopiu.net\/wordpress\/wp-json\/wp\/v2\/posts"}],"about":[{"href":"https:\/\/www.radiopiu.net\/wordpress\/wp-json\/wp\/v2\/types\/post"}],"author":[{"embeddable":true,"href":"https:\/\/www.radiopiu.net\/wordpress\/wp-json\/wp\/v2\/users\/4"}],"replies":[{"embeddable":true,"href":"https:\/\/www.radiopiu.net\/wordpress\/wp-json\/wp\/v2\/comments?post=431300"}],"version-history":[{"count":1,"href":"https:\/\/www.radiopiu.net\/wordpress\/wp-json\/wp\/v2\/posts\/431300\/revisions"}],"predecessor-version":[{"id":431312,"href":"https:\/\/www.radiopiu.net\/wordpress\/wp-json\/wp\/v2\/posts\/431300\/revisions\/431312"}],"wp:featuredmedia":[{"embeddable":true,"href":"https:\/\/www.radiopiu.net\/wordpress\/wp-json\/wp\/v2\/media\/431311"}],"wp:attachment":[{"href":"https:\/\/www.radiopiu.net\/wordpress\/wp-json\/wp\/v2\/media?parent=431300"}],"wp:term":[{"taxonomy":"category","embeddable":true,"href":"https:\/\/www.radiopiu.net\/wordpress\/wp-json\/wp\/v2\/categories?post=431300"},{"taxonomy":"post_tag","embeddable":true,"href":"https:\/\/www.radiopiu.net\/wordpress\/wp-json\/wp\/v2\/tags?post=431300"}],"curies":[{"name":"wp","href":"https:\/\/api.w.org\/{rel}","templated":true}]}}