{"id":431354,"date":"2025-01-24T20:05:25","date_gmt":"2025-01-24T19:05:25","guid":{"rendered":"https:\/\/www.radiopiu.net\/wordpress\/?p=431354"},"modified":"2025-01-24T20:05:25","modified_gmt":"2025-01-24T19:05:25","slug":"falco-tre-volte-sulle-piste-da-sci","status":"publish","type":"post","link":"https:\/\/www.radiopiu.net\/wordpress\/falco-tre-volte-sulle-piste-da-sci\/","title":{"rendered":"FALCO TRE VOLTE SULLE PISTE DA SCI"},"content":{"rendered":"<p>******<\/p>\n<p>&nbsp;<\/p>\n<p><strong><a class=\"dt-pswp-item\" href=\"https:\/\/www.radiopiu.net\/wordpress\/wp-content\/uploads\/2025\/01\/WhatsApp-Image-2025-01-16-at-13.19.20.jpeg\" data-dt-img-description=\"\" data-large_image_width=\"2048\" data-large_image_height=\"1152\"><img loading=\"lazy\" decoding=\"async\" class=\" wp-image-430064 alignleft\" src=\"https:\/\/www.radiopiu.net\/wordpress\/wp-content\/uploads\/2025\/01\/WhatsApp-Image-2025-01-16-at-13.19.20-300x169.jpeg\" alt=\"\" width=\"236\" height=\"133\" srcset=\"https:\/\/www.radiopiu.net\/wordpress\/wp-content\/uploads\/2025\/01\/WhatsApp-Image-2025-01-16-at-13.19.20-300x169.jpeg 300w, https:\/\/www.radiopiu.net\/wordpress\/wp-content\/uploads\/2025\/01\/WhatsApp-Image-2025-01-16-at-13.19.20-1024x576.jpeg 1024w, https:\/\/www.radiopiu.net\/wordpress\/wp-content\/uploads\/2025\/01\/WhatsApp-Image-2025-01-16-at-13.19.20-768x432.jpeg 768w, https:\/\/www.radiopiu.net\/wordpress\/wp-content\/uploads\/2025\/01\/WhatsApp-Image-2025-01-16-at-13.19.20-1536x864.jpeg 1536w, https:\/\/www.radiopiu.net\/wordpress\/wp-content\/uploads\/2025\/01\/WhatsApp-Image-2025-01-16-at-13.19.20.jpeg 2048w\" sizes=\"auto, (max-width: 236px) 100vw, 236px\" \/><\/a>REDAZIONE<\/strong> Giornata intensa per il Suem 118 sui comprensori sciistici. Nella giornata appena conclusa si sono registrati 15 interventi sulle piste bellunesi. I pi\u00f9 significativi a Cortina sulla pista Tofana dove l&#8217;elicottero Falco \u00e8 atterrato due volte. La prima alle 13 per soccorrere un 21enne spagnolo che \u00e8 stato portato al San Martino di Belluno. Alle 14:17 il secondo intervento sulla Tofana per un bambino di 6 anni che si era fatto male. Anche in questo caso il paziente \u00e8 stato portato al nosocomio di Belluno. Ultimo intervento di Falco alle 16 quando la centrale operativa era stata contatta per un 68enne spagnolo che si era fatto male sulle piste di Passo Campolongo.<\/p>\n<p>&nbsp;<\/p>\n<p>&nbsp;<\/p>\n<p>&nbsp;<\/p>\n<p>*********<\/p>\n","protected":false},"excerpt":{"rendered":"<p>****** &nbsp; REDAZIONE Giornata intensa per il Suem 118 sui comprensori sciistici. Nella giornata appena conclusa si sono registrati 15 interventi sulle piste bellunesi. I pi\u00f9 significativi a Cortina sulla pista Tofana dove l&#8217;elicottero Falco \u00e8 atterrato due volte. La prima alle 13 per soccorrere un 21enne spagnolo che \u00e8 stato portato al San Martino&hellip;<\/p>\n","protected":false},"author":4,"featured_media":430064,"comment_status":"closed","ping_status":"closed","sticky":false,"template":"","format":"standard","meta":{"_monsterinsights_skip_tracking":false,"_monsterinsights_sitenote_active":false,"_monsterinsights_sitenote_note":"","_monsterinsights_sitenote_category":0,"footnotes":""},"categories":[51,49],"tags":[],"class_list":["post-431354","post","type-post","status-publish","format-standard","has-post-thumbnail","hentry","category-evidenza-top","category-news-18","category-51","category-49","description-off"],"img_url":"https:\/\/www.radiopiu.net\/wordpress\/wp-content\/uploads\/2025\/01\/WhatsApp-Image-2025-01-16-at-13.19.20.jpeg","_links":{"self":[{"href":"https:\/\/www.radiopiu.net\/wordpress\/wp-json\/wp\/v2\/posts\/431354","targetHints":{"allow":["GET"]}}],"collection":[{"href":"https:\/\/www.radiopiu.net\/wordpress\/wp-json\/wp\/v2\/posts"}],"about":[{"href":"https:\/\/www.radiopiu.net\/wordpress\/wp-json\/wp\/v2\/types\/post"}],"author":[{"embeddable":true,"href":"https:\/\/www.radiopiu.net\/wordpress\/wp-json\/wp\/v2\/users\/4"}],"replies":[{"embeddable":true,"href":"https:\/\/www.radiopiu.net\/wordpress\/wp-json\/wp\/v2\/comments?post=431354"}],"version-history":[{"count":1,"href":"https:\/\/www.radiopiu.net\/wordpress\/wp-json\/wp\/v2\/posts\/431354\/revisions"}],"predecessor-version":[{"id":431355,"href":"https:\/\/www.radiopiu.net\/wordpress\/wp-json\/wp\/v2\/posts\/431354\/revisions\/431355"}],"wp:featuredmedia":[{"embeddable":true,"href":"https:\/\/www.radiopiu.net\/wordpress\/wp-json\/wp\/v2\/media\/430064"}],"wp:attachment":[{"href":"https:\/\/www.radiopiu.net\/wordpress\/wp-json\/wp\/v2\/media?parent=431354"}],"wp:term":[{"taxonomy":"category","embeddable":true,"href":"https:\/\/www.radiopiu.net\/wordpress\/wp-json\/wp\/v2\/categories?post=431354"},{"taxonomy":"post_tag","embeddable":true,"href":"https:\/\/www.radiopiu.net\/wordpress\/wp-json\/wp\/v2\/tags?post=431354"}],"curies":[{"name":"wp","href":"https:\/\/api.w.org\/{rel}","templated":true}]}}