{"id":431458,"date":"2025-01-27T05:21:24","date_gmt":"2025-01-27T04:21:24","guid":{"rendered":"https:\/\/www.radiopiu.net\/wordpress\/?p=431458"},"modified":"2025-01-27T05:23:48","modified_gmt":"2025-01-27T04:23:48","slug":"due-giorni-di-precipitazioni-diffuse","status":"publish","type":"post","link":"https:\/\/www.radiopiu.net\/wordpress\/due-giorni-di-precipitazioni-diffuse\/","title":{"rendered":"DUE GIORNI DI PRECIPITAZIONI DIFFUSE"},"content":{"rendered":"<p>******<\/p>\n<p>&nbsp;<\/p>\n<p><strong><a class=\"dt-pswp-item\" href=\"https:\/\/www.radiopiu.net\/wordpress\/wp-content\/uploads\/2020\/06\/PIOGGIA.jpg\" data-dt-img-description=\"\" data-large_image_width=\"1920\" data-large_image_height=\"1271\"><img loading=\"lazy\" decoding=\"async\" class=\" wp-image-144264 alignleft\" src=\"https:\/\/www.radiopiu.net\/wordpress\/wp-content\/uploads\/2020\/06\/PIOGGIA-300x199.jpg\" alt=\"\" width=\"213\" height=\"141\" srcset=\"https:\/\/www.radiopiu.net\/wordpress\/wp-content\/uploads\/2020\/06\/PIOGGIA-300x199.jpg 300w, https:\/\/www.radiopiu.net\/wordpress\/wp-content\/uploads\/2020\/06\/PIOGGIA-1024x678.jpg 1024w, https:\/\/www.radiopiu.net\/wordpress\/wp-content\/uploads\/2020\/06\/PIOGGIA-768x508.jpg 768w, https:\/\/www.radiopiu.net\/wordpress\/wp-content\/uploads\/2020\/06\/PIOGGIA-1536x1017.jpg 1536w, https:\/\/www.radiopiu.net\/wordpress\/wp-content\/uploads\/2020\/06\/PIOGGIA.jpg 1920w\" sizes=\"auto, (max-width: 213px) 100vw, 213px\" \/><\/a>VENEZIA <\/strong>Il Centro Funzionale Decentrato della Protezione Civile della Regione del Veneto, al fine di garantire un monitoraggio costante della situazione e la massima prontezza operativa, ha emesso un nuovo avviso che evidenzia una criticit\u00e0 idrogeologica gialla relativa alle zone di allerta Piave Pedemontano, Alto Brenta-Bacchiglione-Alpone, Adige-Garda e Monti Lessini. In queste zone, denominate Vene-B-C-H, possibile innesco di frane superficiali e colate rapide; possibile innalzamento dei livelli della rete idrografica secondaria; rigurgito dei sistemi di smaltimento delle acque piovane con possibili allagamenti di locali interrati e\/o sottopassi. Per quanto riguarda le previsioni meteo, tra le ore centrali di luned\u00ec 27 e il tardo pomeriggio\/sera di marted\u00ec 28 precipitazioni diffuse, pi\u00f9 consistenti sulle zone centro settentrionali e in particolare su quelle prealpine, pedemontane e Dolomiti meridionali, dove i quantitativi potranno essere abbondanti. Fase pi\u00f9 intensa tra la serata di luned\u00ec 27 e le ore centrali di marted\u00ec 28, anche con dei forti rovesci. Limite delle nevicate assai variabile: sulle Prealpi partir\u00e0 da 1400-1700 m luned\u00ec per poi alzarsi tra la sera e il primo mattino di marted\u00ec fino a 1700-2000 m ed abbassarsi di nuovo nel resto della giornata; sulle Dolomiti intorno a 1200-1500 m ma anche a quote superiore in alcune fasi ed inferiore a tratti nelle valli pi\u00f9 chiuse. Rinforzo dei venti meridionali in quota, soprattutto in alta quota gi\u00e0 nel corso di luned\u00ec, sulla costa\/pianura limitrofa dalla serata di luned\u00ec. L\u2019avviso vale dalle ore 18 di domani luned\u00ec 27 gennaio alla mezzanotte di mercoled\u00ec 29 gennaio 2025.<\/p>\n<p>&nbsp;<\/p>\n<p>&nbsp;<\/p>\n<p>&nbsp;<\/p>\n<p>********<\/p>\n","protected":false},"excerpt":{"rendered":"<p>****** &nbsp; VENEZIA Il Centro Funzionale Decentrato della Protezione Civile della Regione del Veneto, al fine di garantire un monitoraggio costante della situazione e la massima prontezza operativa, ha emesso un nuovo avviso che evidenzia una criticit\u00e0 idrogeologica gialla relativa alle zone di allerta Piave Pedemontano, Alto Brenta-Bacchiglione-Alpone, Adige-Garda e Monti Lessini. In queste zone,&hellip;<\/p>\n","protected":false},"author":4,"featured_media":144264,"comment_status":"closed","ping_status":"closed","sticky":false,"template":"","format":"standard","meta":{"_monsterinsights_skip_tracking":false,"_monsterinsights_sitenote_active":false,"_monsterinsights_sitenote_note":"","_monsterinsights_sitenote_category":0,"footnotes":""},"categories":[51,49],"tags":[],"class_list":["post-431458","post","type-post","status-publish","format-standard","has-post-thumbnail","hentry","category-evidenza-top","category-news-18","category-51","category-49","description-off"],"img_url":"https:\/\/www.radiopiu.net\/wordpress\/wp-content\/uploads\/2020\/06\/PIOGGIA.jpg","_links":{"self":[{"href":"https:\/\/www.radiopiu.net\/wordpress\/wp-json\/wp\/v2\/posts\/431458","targetHints":{"allow":["GET"]}}],"collection":[{"href":"https:\/\/www.radiopiu.net\/wordpress\/wp-json\/wp\/v2\/posts"}],"about":[{"href":"https:\/\/www.radiopiu.net\/wordpress\/wp-json\/wp\/v2\/types\/post"}],"author":[{"embeddable":true,"href":"https:\/\/www.radiopiu.net\/wordpress\/wp-json\/wp\/v2\/users\/4"}],"replies":[{"embeddable":true,"href":"https:\/\/www.radiopiu.net\/wordpress\/wp-json\/wp\/v2\/comments?post=431458"}],"version-history":[{"count":2,"href":"https:\/\/www.radiopiu.net\/wordpress\/wp-json\/wp\/v2\/posts\/431458\/revisions"}],"predecessor-version":[{"id":431520,"href":"https:\/\/www.radiopiu.net\/wordpress\/wp-json\/wp\/v2\/posts\/431458\/revisions\/431520"}],"wp:featuredmedia":[{"embeddable":true,"href":"https:\/\/www.radiopiu.net\/wordpress\/wp-json\/wp\/v2\/media\/144264"}],"wp:attachment":[{"href":"https:\/\/www.radiopiu.net\/wordpress\/wp-json\/wp\/v2\/media?parent=431458"}],"wp:term":[{"taxonomy":"category","embeddable":true,"href":"https:\/\/www.radiopiu.net\/wordpress\/wp-json\/wp\/v2\/categories?post=431458"},{"taxonomy":"post_tag","embeddable":true,"href":"https:\/\/www.radiopiu.net\/wordpress\/wp-json\/wp\/v2\/tags?post=431458"}],"curies":[{"name":"wp","href":"https:\/\/api.w.org\/{rel}","templated":true}]}}