{"id":431563,"date":"2025-01-28T05:29:19","date_gmt":"2025-01-28T04:29:19","guid":{"rendered":"https:\/\/www.radiopiu.net\/wordpress\/?p=431563"},"modified":"2025-01-28T07:57:12","modified_gmt":"2025-01-28T06:57:12","slug":"giornale-radiopiu-28-gennaio-2025-direttore-mirko-mezzacasada-41-anni-25-giugno-1983-25-giugno-2024","status":"publish","type":"post","link":"https:\/\/www.radiopiu.net\/wordpress\/giornale-radiopiu-28-gennaio-2025-direttore-mirko-mezzacasada-41-anni-25-giugno-1983-25-giugno-2024\/","title":{"rendered":"GIORNALE RADIOPIU 28 GENNAIO 2025 DIRETTORE MIRKO MEZZACASA\u2026DA 41 ANNI 25 GIUGNO 1983-25 GIUGNO 2024"},"content":{"rendered":"<p>********<\/p>\n<p>&nbsp;<\/p>\n<p><em><span style=\"color: #ff0000;\"><a class=\"dt-pswp-item\" href=\"https:\/\/www.radiopiu.net\/wordpress\/wp-content\/uploads\/2024\/10\/Senza-nome-8.png\" data-dt-img-description=\"\" data-large_image_width=\"343\" data-large_image_height=\"303\"><img loading=\"lazy\" decoding=\"async\" class=\"wp-image-412130 alignleft\" src=\"https:\/\/www.radiopiu.net\/wordpress\/wp-content\/uploads\/2024\/10\/Senza-nome-8-300x265.png\" alt=\"\" width=\"105\" height=\"93\" srcset=\"https:\/\/www.radiopiu.net\/wordpress\/wp-content\/uploads\/2024\/10\/Senza-nome-8-300x265.png 300w, https:\/\/www.radiopiu.net\/wordpress\/wp-content\/uploads\/2024\/10\/Senza-nome-8.png 343w\" sizes=\"auto, (max-width: 105px) 100vw, 105px\" \/><\/a><\/span><\/em><strong><em><span style=\"color: #ff0000;\"> LA\u00a0 APP PER IOS-IPHONE di Nicola Vettorello<\/span><\/em><\/strong><\/p>\n<p><strong><span style=\"color: #0000ff;\"><a style=\"color: #0000ff;\" href=\"https:\/\/apps.apple.com\/it\/app\/radio-pi%C3%B9-emittente-agordina\/id1515939845\">https:\/\/apps.apple.com\/it\/app\/radio-pi%C3%B9-emittente-agordina\/id1515939845<\/a><\/span><\/strong><\/p>\n<p><strong><em style=\"color: #ff0000;\">LA\u00a0 APP RADIO\u00a0 PER ANDROID di Nicola Vettorello<\/em><\/strong><\/p>\n<p><strong><span style=\"color: #0000ff;\"><a style=\"color: #0000ff;\" href=\"https:\/\/play.google.com\/store\/apps\/details?id=net.radiopiu.iniko\" target=\"_blank\" rel=\"noopener noreferrer\">https:\/\/<\/a><a style=\"color: #0000ff;\" href=\"https:\/\/play.google.com\/store\/apps\/details?id=net.radiopiu.iniko\" target=\"_blank\" rel=\"noopener noreferrer\">play.google.com\/store\/apps\/details?id=net.radiopiu.iniko\u00a0\u00a0\u00a0\u00a0<\/a><\/span><\/strong><\/p>\n<p>&nbsp;<\/p>\n<p><strong>dichiarata la fase operativa di attenzione per vento forte su costa e pianura limitrofa, da riconfigurare, a livello locale, in pre-allarme o allarme a seconda dell\u2019intensit\u00e0 del vento\u00a0 fino alle 15. La pioggia \u00e8 attesa nelle zone montane e pedemontane con massimi sulle zone prealpine; per quanto riguarda il vento l\u2019allerta vale per le zone costiere e pianura nord-orientale limitrofa.\u00a0<\/strong><\/p>\n<p>&nbsp;<\/p>\n\n\t\t\t<style type='text\/css'>\n\t\t\t\t#gallery-1 {\n\t\t\t\t\tmargin: auto;\n\t\t\t\t}\n\t\t\t\t#gallery-1 .gallery-item {\n\t\t\t\t\tfloat: left;\n\t\t\t\t\tmargin-top: 10px;\n\t\t\t\t\ttext-align: center;\n\t\t\t\t\twidth: 50%;\n\t\t\t\t}\n\t\t\t\t#gallery-1 img {\n\t\t\t\t\tborder: 2px solid #cfcfcf;\n\t\t\t\t}\n\t\t\t\t#gallery-1 .gallery-caption {\n\t\t\t\t\tmargin-left: 0;\n\t\t\t\t}\n\t\t\t\t\/* see gallery_shortcode() in wp-includes\/media.php *\/\n\t\t\t<\/style>\n\t\t<div id='gallery-1' class='dt-gallery-container gallery galleryid-431563 gallery-columns-2 gallery-size-medium'><dl class='gallery-item'>\n\t\t\t\t<dt class='gallery-icon landscape'>\n\t\t\t\t\t<a class=\"rollover rollover-zoom dt-pswp-item\" title=\"Senza nome\" data-dt-img-description=\"\" data-large_image_width=\"586\" data-large_image_height=\"341\"href='https:\/\/www.radiopiu.net\/wordpress\/wp-content\/uploads\/2025\/01\/Senza-nome-92.png'><img loading=\"lazy\" decoding=\"async\" width=\"300\" height=\"175\" src=\"https:\/\/www.radiopiu.net\/wordpress\/wp-content\/uploads\/2025\/01\/Senza-nome-92-300x175.png\" class=\"attachment-medium size-medium\" alt=\"\" aria-describedby=\"gallery-1-431745\" srcset=\"https:\/\/www.radiopiu.net\/wordpress\/wp-content\/uploads\/2025\/01\/Senza-nome-92-300x175.png 300w, https:\/\/www.radiopiu.net\/wordpress\/wp-content\/uploads\/2025\/01\/Senza-nome-92.png 586w\" sizes=\"auto, (max-width: 300px) 100vw, 300px\" \/><\/a>\n\t\t\t\t<\/dt>\n\t\t\t\t\t<dd class='wp-caption-text gallery-caption' id='gallery-1-431745'>\n\t\t\t\t\tLIVINALLONGO ORE 5.00\n\t\t\t\t\t<\/dd><\/dl><dl class='gallery-item'>\n\t\t\t\t<dt class='gallery-icon landscape'>\n\t\t\t\t\t<a class=\"rollover rollover-zoom dt-pswp-item\" title=\"Senza nome\" data-dt-img-description=\"PASSO ROLLE ORE 5.00\" data-large_image_width=\"505\" data-large_image_height=\"293\"href='https:\/\/www.radiopiu.net\/wordpress\/wp-content\/uploads\/2025\/01\/Senza-nome-91.png'><img loading=\"lazy\" decoding=\"async\" width=\"300\" height=\"174\" src=\"https:\/\/www.radiopiu.net\/wordpress\/wp-content\/uploads\/2025\/01\/Senza-nome-91-300x174.png\" class=\"attachment-medium size-medium\" alt=\"\" aria-describedby=\"gallery-1-431743\" srcset=\"https:\/\/www.radiopiu.net\/wordpress\/wp-content\/uploads\/2025\/01\/Senza-nome-91-300x174.png 300w, https:\/\/www.radiopiu.net\/wordpress\/wp-content\/uploads\/2025\/01\/Senza-nome-91.png 505w\" sizes=\"auto, (max-width: 300px) 100vw, 300px\" \/><\/a>\n\t\t\t\t<\/dt>\n\t\t\t\t\t<dd class='wp-caption-text gallery-caption' id='gallery-1-431743'>\n\t\t\t\t\tPASSO ROLLE ORE 5.00\n\t\t\t\t\t<\/dd><\/dl><br style=\"clear: both\" \/>\n\t\t\t<\/div>\n\n<p><strong>foto, vpb (viabilita provincia belluno) Passo Rolle, ore 5.30<\/strong><\/p>\n<p>&nbsp;<\/p>\n<p>&nbsp;<\/p>\n<p>&nbsp;<\/p>\n<p><a class=\"dt-pswp-item\" href=\"https:\/\/www.radiopiu.net\/wordpress\/wp-content\/uploads\/2025\/01\/Senza-nome-86.png\" data-dt-img-description=\"\" data-large_image_width=\"557\" data-large_image_height=\"173\"><img loading=\"lazy\" decoding=\"async\" class=\"wp-image-431708 size-full aligncenter\" src=\"https:\/\/www.radiopiu.net\/wordpress\/wp-content\/uploads\/2025\/01\/Senza-nome-86.png\" alt=\"\" width=\"557\" height=\"173\" srcset=\"https:\/\/www.radiopiu.net\/wordpress\/wp-content\/uploads\/2025\/01\/Senza-nome-86.png 557w, https:\/\/www.radiopiu.net\/wordpress\/wp-content\/uploads\/2025\/01\/Senza-nome-86-300x93.png 300w\" sizes=\"auto, (max-width: 557px) 100vw, 557px\" \/><\/a><\/p>\n<hr \/>\n<p>&nbsp;<\/p>\n<p><span style=\"color: #ff0000;\"><strong>OGGI ALLA RADIO:\u00a0\u00a0<\/strong><\/span><\/p>\n<p><strong><a class=\"dt-pswp-item\" href=\"https:\/\/www.radiopiu.net\/wordpress\/wp-content\/uploads\/2025\/01\/475104245_10221386241525212_3665251127489370211_n.jpg\" data-dt-img-description=\"\" data-large_image_width=\"503\" data-large_image_height=\"720\"><img loading=\"lazy\" decoding=\"async\" class=\" wp-image-431664 alignleft\" src=\"https:\/\/www.radiopiu.net\/wordpress\/wp-content\/uploads\/2025\/01\/475104245_10221386241525212_3665251127489370211_n-210x300.jpg\" alt=\"\" width=\"163\" height=\"233\" srcset=\"https:\/\/www.radiopiu.net\/wordpress\/wp-content\/uploads\/2025\/01\/475104245_10221386241525212_3665251127489370211_n-210x300.jpg 210w, https:\/\/www.radiopiu.net\/wordpress\/wp-content\/uploads\/2025\/01\/475104245_10221386241525212_3665251127489370211_n.jpg 503w\" sizes=\"auto, (max-width: 163px) 100vw, 163px\" \/><\/a>rassegna stampa nazionale,<\/strong> ogni giorno alle 5 e alle 6 del mattino.<br \/>\ngiornali locali 7 rassegna stampa flash, 8 rassegna stampa, gr flash alle 10 e alle 11, principale 12.30. Informazione pomeriggio ogni ora fino alle 20, in coda ai notiziari nazionali. Giornale radio nazionale: ogni ora dalle 4 del mattino, alle 20 della sera. Alle 19 le anticipazioni dal TG di Antenna 3 di Tiziana Bolognani.<\/p>\n<p><strong>OGGI ALLE 8.30<\/strong> la rassegna stampa, da 42 anni puntuale alle otto del mattino\u00a0 <strong>9.00\u00a0 <\/strong>LA MUSICA COUNTRY DI ALEX NASCINBEN \u00a0<strong>940\u00a0<\/strong> LA STORIA DELLE OLIMPIADI <strong>10.10\u00a0<\/strong> MUSLA, LE NOVE IN LADIN <strong>10.30<\/strong> CLAUDIA E FABRIZIO, GEMELLAGGIO AGORDO-DOLOMIEU <strong>\u00a015.00 <\/strong>IL MARTEDI POMERIGGIO CON LUISA ALCHINI, OSPITE STEFANO FERRI<strong>\u00a016 45<\/strong> LE HIT,\u00a0 LE CLASSIFICHE, STORIA DELLA MUSICA CON MIRCO BENCIVENN<strong>I 18.00 <\/strong>APERITIVO IN MUSICA CON DJ JACK <strong>19.20<\/strong> LA CASPARETHA&#8230; QUASI CI SIAMO CON MIRCO ED EMIL TANCON<\/p>\n<div dir=\"auto\">Oggi dalle 15 e 10 su <span class=\"html-span xdj266r x11i5rnm xat24cr x1mh8g0r xexx8yu x4uap5 x18d9i69 xkhd6sd x1hl2dhg x16tdsg8 x1vvkbs\"><a class=\"x1i10hfl xjbqb8w x1ejq31n xd10rxx x1sy0etr x17r0tee x972fbf xcfux6l x1qhh985 xm0m39n x9f619 x1ypdohk xt0psk2 xe8uvvx xdj266r x11i5rnm xat24cr x1mh8g0r xexx8yu x4uap5 x18d9i69 xkhd6sd x16tdsg8 x1hl2dhg xggy1nq x1a2a7pz x1sur9pj xkrqix3 x1fey0fg x1s688f\" tabindex=\"0\" role=\"link\" href=\"https:\/\/www.facebook.com\/radiopiu?__cft__[0]=AZU6BbtOuf8ZXTpKwu_keYvfdocgIPcQ2tMO2MvsMbXUQlZwN5tToEOWwL_RuY19V8i6V6XNBwSBXg5ki4uYkUx9kvb0UMCI4J7wAVZ7vF6aAm4oFxz9_L_oELtvSSLRz5OYNubFlKdO3-vjXFZlPRb9F_FK7sSjVVc5RcWfL78W1A&amp;__tn__=-]K-R\"><span class=\"xt0psk2\"><span class=\"xjp7ctv\"><span aria-describedby=\":r3f7:\">Radio Pi\u00f9<\/span><\/span><\/span><\/a><\/span>\u00a0 gradito ospite di Luisa Alchini sar\u00e0 Stefano Ferri manager milanese che opera nel business travel, scrittore e giornalista, ci racconter\u00e0 la sua conquistata libert\u00e0 dalle convenzioni e il profondo significato del crossdresser. Da non perdere !<\/div>\n<div dir=\"auto\"><\/div>\n<p>&nbsp;<\/p>\n<hr \/>\n<p>&nbsp;<\/p>\n<p>&nbsp;<\/p>\n<div class=\"x11i5rnm xat24cr x1mh8g0r x1vvkbs xtlvy1s x126k92a\">\n<div dir=\"auto\">\n<div dir=\"auto\">\n<p><strong><a class=\"dt-pswp-item\" href=\"https:\/\/www.radiopiu.net\/wordpress\/wp-content\/uploads\/2024\/02\/2d44e751-d8a8-461b-8e22-d8e4e853b032.jpg\" data-dt-img-description=\"\" data-large_image_width=\"1600\" data-large_image_height=\"1200\"><img loading=\"lazy\" decoding=\"async\" class=\"wp-image-373307 alignleft\" src=\"https:\/\/www.radiopiu.net\/wordpress\/wp-content\/uploads\/2024\/02\/2d44e751-d8a8-461b-8e22-d8e4e853b032-300x225.jpg\" alt=\"\" width=\"105\" height=\"79\" srcset=\"https:\/\/www.radiopiu.net\/wordpress\/wp-content\/uploads\/2024\/02\/2d44e751-d8a8-461b-8e22-d8e4e853b032-300x225.jpg 300w, https:\/\/www.radiopiu.net\/wordpress\/wp-content\/uploads\/2024\/02\/2d44e751-d8a8-461b-8e22-d8e4e853b032-1024x768.jpg 1024w, https:\/\/www.radiopiu.net\/wordpress\/wp-content\/uploads\/2024\/02\/2d44e751-d8a8-461b-8e22-d8e4e853b032-768x576.jpg 768w, https:\/\/www.radiopiu.net\/wordpress\/wp-content\/uploads\/2024\/02\/2d44e751-d8a8-461b-8e22-d8e4e853b032-1536x1152.jpg 1536w, https:\/\/www.radiopiu.net\/wordpress\/wp-content\/uploads\/2024\/02\/2d44e751-d8a8-461b-8e22-d8e4e853b032.jpg 1600w\" sizes=\"auto, (max-width: 105px) 100vw, 105px\" \/><\/a>EL BAL DEL FIOR, DI GIULIANA DA RONCH, 27 GENNAIO<\/strong><strong> 2025\u00a0<\/strong><\/p>\n<p>&nbsp;<\/p>\n<audio class=\"wp-audio-shortcode\" id=\"audio-431563-1\" preload=\"none\" style=\"width: 100%;\" controls=\"controls\"><source type=\"audio\/mpeg\" src=\"https:\/\/www.radiopiu.net\/wordpress\/wp-content\/uploads\/2025\/01\/GMA-3.mp3?_=1\" \/><a href=\"https:\/\/www.radiopiu.net\/wordpress\/wp-content\/uploads\/2025\/01\/GMA-3.mp3\">https:\/\/www.radiopiu.net\/wordpress\/wp-content\/uploads\/2025\/01\/GMA-3.mp3<\/a><\/audio>\n<p>&nbsp;<\/p>\n<hr \/>\n<p>&nbsp;<\/p>\n<\/div>\n<\/div>\n<\/div>\n<div class=\"x11i5rnm xat24cr x1mh8g0r x1vvkbs xtlvy1s x126k92a\">\n<blockquote>\n<h1><strong><a class=\"dt-pswp-item\" href=\"https:\/\/www.radiopiu.net\/wordpress\/wp-content\/uploads\/2024\/10\/629301fd-708d-4f53-95c2-d28cbefd500f.jpg\" data-dt-img-description=\"\" data-large_image_width=\"1600\" data-large_image_height=\"1322\"><img loading=\"lazy\" decoding=\"async\" class=\"wp-image-413782 alignright\" src=\"https:\/\/www.radiopiu.net\/wordpress\/wp-content\/uploads\/2024\/10\/629301fd-708d-4f53-95c2-d28cbefd500f-300x248.jpg\" alt=\"\" width=\"106\" height=\"88\" srcset=\"https:\/\/www.radiopiu.net\/wordpress\/wp-content\/uploads\/2024\/10\/629301fd-708d-4f53-95c2-d28cbefd500f-300x248.jpg 300w, https:\/\/www.radiopiu.net\/wordpress\/wp-content\/uploads\/2024\/10\/629301fd-708d-4f53-95c2-d28cbefd500f-1024x846.jpg 1024w, https:\/\/www.radiopiu.net\/wordpress\/wp-content\/uploads\/2024\/10\/629301fd-708d-4f53-95c2-d28cbefd500f-768x635.jpg 768w, https:\/\/www.radiopiu.net\/wordpress\/wp-content\/uploads\/2024\/10\/629301fd-708d-4f53-95c2-d28cbefd500f-1536x1269.jpg 1536w, https:\/\/www.radiopiu.net\/wordpress\/wp-content\/uploads\/2024\/10\/629301fd-708d-4f53-95c2-d28cbefd500f.jpg 1600w\" sizes=\"auto, (max-width: 106px) 100vw, 106px\" \/><\/a><\/strong><\/h1>\n<h1><strong><a class=\"dt-pswp-item\" href=\"https:\/\/www.radiopiu.net\/wordpress\/wp-content\/uploads\/2024\/11\/th-18.jpg\" data-dt-img-description=\"\" data-large_image_width=\"156\" data-large_image_height=\"180\"><img loading=\"lazy\" decoding=\"async\" class=\"size-full wp-image-421611 alignleft\" src=\"https:\/\/www.radiopiu.net\/wordpress\/wp-content\/uploads\/2024\/11\/th-18.jpg\" alt=\"\" width=\"156\" height=\"180\" \/><\/a><\/strong><\/h1>\n<h1><strong>N di parom &#8211; L Almanach de la nosta jent<\/strong><\/h1>\n<\/blockquote>\n<p>&nbsp;<\/p>\n<p>Le voci: Davide Conedera, Agordo, Michela Dell&#8217;Osbel, La Valle Agordina Simone Ganz, Falcade Veronica Lezuo, Colle Santa Lucia. La voce nella sigla \u00e8 di Giorgia Taio<\/p>\n<p><strong>LA PUNTATA DI OGGI, 27 GENNAIO 2025<\/strong><\/p>\n<audio class=\"wp-audio-shortcode\" id=\"audio-431563-2\" preload=\"none\" style=\"width: 100%;\" controls=\"controls\"><source type=\"audio\/mpeg\" src=\"https:\/\/www.radiopiu.net\/wordpress\/wp-content\/uploads\/2025\/01\/AL2-3.mp3?_=2\" \/><a href=\"https:\/\/www.radiopiu.net\/wordpress\/wp-content\/uploads\/2025\/01\/AL2-3.mp3\">https:\/\/www.radiopiu.net\/wordpress\/wp-content\/uploads\/2025\/01\/AL2-3.mp3<\/a><\/audio>\n<p>&nbsp;<\/p>\n<\/div>\n<div class=\"x11i5rnm xat24cr x1mh8g0r x1vvkbs xtlvy1s x126k92a\">\n<div dir=\"auto\">\n<hr \/>\n<\/div>\n<\/div>\n<blockquote>\n<blockquote>\n<h1><span style=\"color: #ff0000;\">\u00a0<\/span><\/h1>\n<h1><span style=\"color: #ff0000;\">I podcast informativi del mattino &#8211; audio &#8211;\u00a0\u00a0<\/span><\/h1>\n<\/blockquote>\n<p><strong><a class=\"dt-pswp-item\" href=\"https:\/\/www.radiopiu.net\/wordpress\/wp-content\/uploads\/2024\/11\/6.jpg\" data-dt-img-description=\"\" data-large_image_width=\"177\" data-large_image_height=\"180\"><img loading=\"lazy\" decoding=\"async\" class=\"size-full wp-image-417911 alignleft\" src=\"https:\/\/www.radiopiu.net\/wordpress\/wp-content\/uploads\/2024\/11\/6.jpg\" alt=\"\" width=\"177\" height=\"180\" \/><\/a>LA RASSEGNA STAMPA NAZIONALE ALLA RADIO, OGNI GIORNO ALLE 5 E ALLE 6 DEL MATTINO <span style=\"color: #0000ff;\">viene pubblicata alle 6.00 <span style=\"color: #ff0000;\">DIRETTA RADIO\u00a0 \u00a0\u00a0<\/span><\/span><\/strong><\/p><\/blockquote>\n<p>&nbsp;<\/p>\n<p><strong>NOTIZIE DELLA NOTTE<\/strong><\/p>\n<p><strong>Idf<\/strong> vigila su palestinesi in viaggio verso nord di Gaza <strong>Melania Trump<\/strong>, la foto ufficiale da power woman &#8216;<strong>Trump,<\/strong> Microsoft \u00e8 in trattative per TikTok&#8217;<br \/>\n<strong>Borsa<\/strong>: Tokyo, apertura in ribasso (-0,37%) <strong>Migranti deportati<\/strong>, per Brasile &#8216;trattamento degradante&#8217; <strong>Trump,<\/strong> presto 4 decreti,anche su &#8216;iron dome&#8217; per gli Stati Uniti <strong>Bessent<\/strong> confermato ministro del Tesoro di Trump <strong>La Jihad<\/strong> islamica pubblica un video dell&#8217;ostaggio Arbel Yehoud<\/p>\n<h2>AUDIO dalle 6 del mattino<\/h2>\n<audio class=\"wp-audio-shortcode\" id=\"audio-431563-3\" preload=\"none\" style=\"width: 100%;\" controls=\"controls\"><source type=\"audio\/mpeg\" src=\"https:\/\/www.radiopiu.net\/wordpress\/wp-content\/uploads\/2025\/01\/GIORNALEDELLESEI-21.mp3?_=3\" \/><a href=\"https:\/\/www.radiopiu.net\/wordpress\/wp-content\/uploads\/2025\/01\/GIORNALEDELLESEI-21.mp3\">https:\/\/www.radiopiu.net\/wordpress\/wp-content\/uploads\/2025\/01\/GIORNALEDELLESEI-21.mp3<\/a><\/audio>\n<p>&nbsp;<\/p>\n<p>&nbsp;<\/p>\n<hr \/>\n<p>&nbsp;<\/p>\n<h1 style=\"text-align: center;\"><span style=\"color: #ff0000;\"><a class=\"dt-pswp-item\" href=\"https:\/\/www.radiopiu.net\/wordpress\/wp-content\/uploads\/2024\/11\/7.jpg\" data-dt-img-description=\"\" data-large_image_width=\"180\" data-large_image_height=\"180\"><img loading=\"lazy\" decoding=\"async\" class=\"size-full wp-image-417912 alignleft\" src=\"https:\/\/www.radiopiu.net\/wordpress\/wp-content\/uploads\/2024\/11\/7.jpg\" alt=\"\" width=\"180\" height=\"180\" srcset=\"https:\/\/www.radiopiu.net\/wordpress\/wp-content\/uploads\/2024\/11\/7.jpg 180w, https:\/\/www.radiopiu.net\/wordpress\/wp-content\/uploads\/2024\/11\/7-150x150.jpg 150w\" sizes=\"auto, (max-width: 180px) 100vw, 180px\" \/><\/a>I podcast informativi del mattino &#8211; audio &#8211;\u00a0<\/span><\/h1>\n<p><strong>OGNI GIORNO ALLE SETTE DEL MATTINO, LA RASSEGNA STAMPA LOCALE FLASH&#8230; PER CHI VA IN FRETTA. I TITOLI DAI GIORNALI E DAL SITO WWW.RADIOPIU.NET <span style=\"color: #0000ff;\">viene pubblicato alle 7.00<\/span> <span style=\"color: #ff0000;\">DIRETTA RADIO\u00a0<\/span><\/strong><\/p>\n<p><em><span style=\"color: #ff0000;\">per chi va in fretta&#8230; tante notizie in pochi minuti. L&#8217;informazione locale alla radio, ogni ora dalle 7 del mattino alle 19 della sera.<\/span><\/em><\/p>\n<h1>AUDIO dalle 7 del mattino<\/h1>\n<audio class=\"wp-audio-shortcode\" id=\"audio-431563-4\" preload=\"none\" style=\"width: 100%;\" controls=\"controls\"><source type=\"audio\/mpeg\" src=\"https:\/\/www.radiopiu.net\/wordpress\/wp-content\/uploads\/2025\/01\/GF07-21.mp3?_=4\" \/><a href=\"https:\/\/www.radiopiu.net\/wordpress\/wp-content\/uploads\/2025\/01\/GF07-21.mp3\">https:\/\/www.radiopiu.net\/wordpress\/wp-content\/uploads\/2025\/01\/GF07-21.mp3<\/a><\/audio>\n<p>&nbsp;<\/p>\n<p>&nbsp;<\/p>\n<hr \/>\n<p>&nbsp;<\/p>\n<h1><\/h1>\n<h1 style=\"text-align: center;\"><span style=\"color: #ff0000;\"><a class=\"dt-pswp-item\" href=\"https:\/\/www.radiopiu.net\/wordpress\/wp-content\/uploads\/2024\/11\/th.jpg\" data-dt-img-description=\"\" data-large_image_width=\"148\" data-large_image_height=\"179\"><img loading=\"lazy\" decoding=\"async\" class=\"size-full wp-image-417913 alignleft\" src=\"https:\/\/www.radiopiu.net\/wordpress\/wp-content\/uploads\/2024\/11\/th.jpg\" alt=\"\" width=\"148\" height=\"179\" \/><\/a>I podcast informativi del mattino &#8211; audio &#8211;\u00a0<\/span><\/h1>\n<blockquote><p><strong>GIORNALE RADIO NAZIONALE, EDIZIONE DELLE SETTE <span style=\"color: #0000ff;\">viene pubblicato alle 7.05 <span style=\"color: #ff0000;\">DIRETTA RADIO\u00a0<\/span><\/span><\/strong><\/p><\/blockquote>\n<p><strong>il giornale radionazionale e&#8217; in onda ogni ora, dalle sette del mattino alle venti della sera\u00a0 \u00a0<\/strong><\/p>\n<p><strong>MILANO<\/strong> Rintracciato all&#8217;ospedale di Magenta Catturato il boss Errante Parrino, era irreperibile <strong>RAGUSA<\/strong> Incidente in casa Una scarica elettrica in bocca: bimbo di due anni si ustiona, \u00e8 grave <strong>ROMA<\/strong>\u00a0L&#8217;indagine,\u00a0 Droga e favori ai detenuti, uno psicologo a capo della banda <strong>FERRARA<\/strong> Precipita in parapendio a Tenerife, muore un ferrarese 60enne Stefano Venturi \u00e8 precipitato sulla spiaggia Benijo di Santa Cruz <strong>MILANO<\/strong> Pm di Milano chiede i domiciliari per Stefano Boeri e Zucchi<br \/>\nNell&#8217;inchiesta per turbativa sul progetto Beic. Decide il gip. <strong>ISTANBUL<\/strong> Il figlio 14enne del cuoco italiano Minguzzi accoltellato a Istanbul Il ragazzo \u00e8 in terapia intensiva, due arrestati. <strong>ROMA<\/strong> Rallentamenti su Av Roma Napoli, ritardi oltre 60 minuti. Per un inconveniente tecnico vicino ad Anagni <strong>MILANO<\/strong> Morto un uomo investito da un tram, cause da accertare.<\/p>\n<h2><span style=\"color: #ff0000;\"><span style=\"color: #0000ff;\">ULTIM&#8217;ORA<\/span> <span style=\"color: #000000;\">AUDIO dalle sette del mattino, ogni ora alla radio EDIZIONE DELLE SETTE<\/span><\/span><\/h2>\n<audio class=\"wp-audio-shortcode\" id=\"audio-431563-5\" preload=\"none\" style=\"width: 100%;\" controls=\"controls\"><source type=\"audio\/mpeg\" src=\"https:\/\/www.radiopiu.net\/wordpress\/wp-content\/uploads\/2025\/01\/GF07-21.mp3?_=5\" \/><a href=\"https:\/\/www.radiopiu.net\/wordpress\/wp-content\/uploads\/2025\/01\/GF07-21.mp3\">https:\/\/www.radiopiu.net\/wordpress\/wp-content\/uploads\/2025\/01\/GF07-21.mp3<\/a><\/audio>\n<p>&nbsp;<\/p>\n<p>&nbsp;<\/p>\n<hr \/>\n<p>&nbsp;<\/p>\n<p>&nbsp;<\/p>\n<h1><span style=\"color: #ff0000;\"><a class=\"dt-pswp-item\" href=\"https:\/\/www.radiopiu.net\/wordpress\/wp-content\/uploads\/2024\/11\/8.jpg\" data-dt-img-description=\"\" data-large_image_width=\"180\" data-large_image_height=\"180\"><img loading=\"lazy\" decoding=\"async\" class=\"size-full wp-image-417910 alignleft\" src=\"https:\/\/www.radiopiu.net\/wordpress\/wp-content\/uploads\/2024\/11\/8.jpg\" alt=\"\" width=\"180\" height=\"180\" srcset=\"https:\/\/www.radiopiu.net\/wordpress\/wp-content\/uploads\/2024\/11\/8.jpg 180w, https:\/\/www.radiopiu.net\/wordpress\/wp-content\/uploads\/2024\/11\/8-150x150.jpg 150w\" sizes=\"auto, (max-width: 180px) 100vw, 180px\" \/><\/a>I podcast informativi del mattino &#8211; video &#8211;\u00a0<\/span><\/h1>\n<h2 style=\"text-align: left;\"><strong>RASSEGNA STAMPA LOCALE, ORE OTTO<\/strong><\/h2>\n<h2><strong> <span style=\"color: #0000ff;\">viene\u00a0 <\/span><\/strong><strong><span style=\"color: #0000ff;\">pubblicata alle 8.05 <span style=\"color: #ff0000;\">DIRETTA RADIO\u00a0 \u00a0<\/span><\/span><\/strong><strong>DI MIRKO MEZZACASA<\/strong><\/h2>\n<h2><span style=\"color: #ff0000;\"><strong>\u00a0<\/strong><\/span><\/h2>\n<h2><span style=\"color: #ff0000;\"><strong>\u00a0<\/strong><\/span><span style=\"color: #ff0000;\"><strong>VIDEO\u00a0 \u00a0in diretta AGGIORNAMENTO\u00a0 dalle 8 del mattino\u00a0<\/strong><\/span><\/h2>\n<h2><\/h2>\n<p><iframe loading=\"lazy\" style=\"border: none; overflow: hidden;\" src=\"https:\/\/www.facebook.com\/plugins\/video.php?height=314&amp;href=https%3A%2F%2Fwww.facebook.com%2Fradiopiu%2Fvideos%2F1318462752619887%2F&amp;show_text=false&amp;width=560&amp;t=0\" width=\"560\" height=\"314\" frameborder=\"0\" scrolling=\"no\" allowfullscreen=\"allowfullscreen\"><\/iframe><\/p>\n<h2><span style=\"color: #ff0000;\"><strong> \u00a0<\/strong><\/span><\/h2>\n<p><a class=\"dt-pswp-item\" href=\"https:\/\/www.radiopiu.net\/wordpress\/wp-content\/uploads\/2025\/01\/COOP1-12.png\" data-dt-img-description=\"\" data-large_image_width=\"567\" data-large_image_height=\"291\"><img loading=\"lazy\" decoding=\"async\" class=\"alignnone size-medium wp-image-431734\" src=\"https:\/\/www.radiopiu.net\/wordpress\/wp-content\/uploads\/2025\/01\/COOP1-12-300x154.png\" alt=\"\" width=\"300\" height=\"154\" srcset=\"https:\/\/www.radiopiu.net\/wordpress\/wp-content\/uploads\/2025\/01\/COOP1-12-300x154.png 300w, https:\/\/www.radiopiu.net\/wordpress\/wp-content\/uploads\/2025\/01\/COOP1-12.png 567w\" sizes=\"auto, (max-width: 300px) 100vw, 300px\" \/><\/a><a class=\"dt-pswp-item\" href=\"https:\/\/www.radiopiu.net\/wordpress\/wp-content\/uploads\/2025\/01\/COOP2-13.png\" data-dt-img-description=\"\" data-large_image_width=\"496\" data-large_image_height=\"208\"><img loading=\"lazy\" decoding=\"async\" class=\"alignnone wp-image-431735\" src=\"https:\/\/www.radiopiu.net\/wordpress\/wp-content\/uploads\/2025\/01\/COOP2-13-300x126.png\" alt=\"\" width=\"353\" height=\"148\" srcset=\"https:\/\/www.radiopiu.net\/wordpress\/wp-content\/uploads\/2025\/01\/COOP2-13-300x126.png 300w, https:\/\/www.radiopiu.net\/wordpress\/wp-content\/uploads\/2025\/01\/COOP2-13.png 496w\" sizes=\"auto, (max-width: 353px) 100vw, 353px\" \/>\u00a0<\/a><\/p>\n<p>&nbsp;<\/p>\n<hr \/>\n<p>&nbsp;<\/p>\n<p>&nbsp;<\/p>\n<p><strong><a class=\"dt-pswp-item\" href=\"https:\/\/www.radiopiu.net\/wordpress\/wp-content\/uploads\/2023\/12\/ANTENNA.png\" data-dt-img-description=\"\" data-large_image_width=\"300\" data-large_image_height=\"166\"><img loading=\"lazy\" decoding=\"async\" class=\"wp-image-366306 alignright\" src=\"https:\/\/www.radiopiu.net\/wordpress\/wp-content\/uploads\/2023\/12\/ANTENNA.png\" alt=\"\" width=\"101\" height=\"56\" \/><\/a><a class=\"dt-pswp-item\" href=\"https:\/\/www.radiopiu.net\/wordpress\/wp-content\/uploads\/2024\/11\/th-17.jpg\" data-dt-img-description=\"\" data-large_image_width=\"224\" data-large_image_height=\"180\"><img loading=\"lazy\" decoding=\"async\" class=\" wp-image-421610 alignleft\" src=\"https:\/\/www.radiopiu.net\/wordpress\/wp-content\/uploads\/2024\/11\/th-17.jpg\" alt=\"\" width=\"167\" height=\"134\" \/><\/a>ogni sera alle 19 le anticipazioni alla radio, quello che poi seguirete nel TELEGIORNALE BELLUNESE\u00a0 in onda alle 19.30 sul CANALE 10 del digitale terrestre.\u00a0\u00a0<\/strong><\/p>\n<p>&nbsp;<\/p>\n<p><b>\u00a0\u00a0<\/b><\/p>\n<p>&nbsp;<\/p>\n<p><span style=\"color: #ff0000;\"><strong>LE ANTICIPAZIONI DI TIZIANA BOLOGNANI<\/strong><\/span><\/p>\n<audio class=\"wp-audio-shortcode\" id=\"audio-431563-6\" preload=\"none\" style=\"width: 100%;\" controls=\"controls\"><source type=\"audio\/mpeg\" src=\"https:\/\/www.radiopiu.net\/wordpress\/wp-content\/uploads\/2025\/01\/ANTENNA3-17.mp3?_=6\" \/><a href=\"https:\/\/www.radiopiu.net\/wordpress\/wp-content\/uploads\/2025\/01\/ANTENNA3-17.mp3\">https:\/\/www.radiopiu.net\/wordpress\/wp-content\/uploads\/2025\/01\/ANTENNA3-17.mp3<\/a><\/audio>\n<p>&nbsp;<\/p>\n<p>&nbsp;<\/p>\n<hr \/>\n<p>&nbsp;<\/p>\n<blockquote>\n<h3 class=\"entry-title\">FONZASO, INCIDENTE TRA DUE AUTO: TRE FERITI<\/h3>\n<p><em>Un ventenne alla guida di un&#8217;Alfa Romeo Mito ha perduto il controllo del proprio veicolo finendo addosso a una Jeep condotta da una donna di 57 anni che non \u00e8 riuscita a evitare l&#8217;impatto. Lo scontro frontale ha causato danni notevoli alle due auto, mentre, per fortuna le tre persone coinvolte sono state portate in ambulanza all&#8217;ospedale di Feltre per le botte riportate nella collisione, ma nulla di preoccupante.<\/em><\/p><\/blockquote>\n<p><strong><img loading=\"lazy\" decoding=\"async\" class=\"alignleft\" src=\"https:\/\/www.radiopiu.net\/wordpress\/wp-content\/uploads\/2025\/01\/5dd436a0-c461-43c4-b2e0-29c2e8fdcdd9.jpg\" width=\"274\" height=\"182\" \/>FONZASO <\/strong>Poco prima della mezzanotte di luned\u00ec, un incidente stradale ha coinvolto due auto lungo la SR 50\u00a0a\u00a0Fonzaso, causando tre feriti.<\/p>\n<p>Sul posto sono intervenuti i\u00a0vigili del fuoco\u00a0di Feltre, che hanno provveduto a mettere in sicurezza l\u2019area dell\u2019incidente, mentre il\u00a0personale del Suem\u00a0ha prestato soccorso alle persone rimaste ferite.<\/p>\n<p>I\u00a0carabinieri\u00a0hanno gestito la viabilit\u00e0, deviando il traffico e procedendo ai rilievi necessari per ricostruire la dinamica del sinistro. Presenti sul luogo anche gli operatori di\u00a0Veneto Strade\u00a0per la gestione dell\u2019area.<\/p>\n<p>&nbsp;<\/p>\n<p>&nbsp;<\/p>\n<p>&nbsp;<\/p>\n<p>&nbsp;<\/p>\n<p>&nbsp;<\/p>\n<hr \/>\n<p>&nbsp;<\/p>\n<blockquote>\n<h3><strong>Addio ad Antonio Caldart, storico imprenditore del settore funebre<\/strong><\/h3>\n<\/blockquote>\n<p><a class=\"dt-pswp-item\" href=\"https:\/\/www.radiopiu.net\/wordpress\/wp-content\/uploads\/2025\/01\/Senza-nome-87.png\" data-dt-img-description=\"\" data-large_image_width=\"269\" data-large_image_height=\"234\"><img loading=\"lazy\" decoding=\"async\" class=\" wp-image-431709 alignleft\" src=\"https:\/\/www.radiopiu.net\/wordpress\/wp-content\/uploads\/2025\/01\/Senza-nome-87.png\" alt=\"\" width=\"195\" height=\"170\" \/><\/a><strong>BELLUNO<\/strong> Si \u00e8 spento a 73 anni Antonio Caldart, titolare dell\u2019omonima agenzia funebre di Belluno, fondata dal padre Giuseppe nel 1956. Assieme al fratello Walter, ha ampliato l\u2019attivit\u00e0 con seriet\u00e0 e discrezione, contribuendo all\u2019apertura della sede di Ponte nelle Alpi e alla realizzazione della casa del commiato di via Cappellari.<\/p>\n<p>Antonio, pur essendo in pensione da qualche anno, continuava a offrire consigli e idee per migliorare il servizio. I suoi storici collaboratori lo ricordano con affetto, sottolineando il suo insegnamento: <em>&#8220;Esserci sempre, ma senza comparire&#8221;<\/em>.<\/p>\n<p>I funerali si terranno gioved\u00ec alle 10:30 nella chiesa di Santo Stefano. La salma sar\u00e0 poi cremata. Oggi e domani sar\u00e0 possibile rendergli omaggio alla casa del commiato.<\/p>\n<p>&nbsp;<\/p>\n<p>&nbsp;<\/p>\n<p>&nbsp;<\/p>\n<hr \/>\n<p>&nbsp;<\/p>\n<blockquote>\n<h2>Alpago, morte di Fiorella Galleazzi: indagini chiuse, nessun segno di violenza<\/h2>\n<\/blockquote>\n<p><strong><img decoding=\"async\" class=\"alignleft\" src=\"https:\/\/www.radiopiu.net\/wordpress\/wp-content\/uploads\/2025\/01\/download-11.jpg\" \/>ALPAGO<\/strong><\/p>\n<p>L\u2019autopsia ha escluso cause violente nella morte di Fiorella Galleazzi, 72enne trovata senza vita il 17 gennaio a Buscole di Alpago. Il corpo presentava tumefazioni compatibili con una caduta su strada ghiacciata. La Procura ha concesso il nulla osta alla sepoltura, chiudendo il fascicolo senza indagati. Resta da chiarire se il decesso sia avvenuto per malore o caduta, ma non risultano segni di aggressione o furto. I funerali saranno fissati nelle prossime ore.<\/p>\n<p>&nbsp;<\/p>\n<p>&nbsp;<\/p>\n<p>&nbsp;<\/p>\n<p>&nbsp;<\/p>\n<hr \/>\n<p>&nbsp;<\/p>\n<blockquote>\n<h3><strong>Camino surriscaldato ad Anz\u00f9: intervengono i vigili del fuoco<\/strong><\/h3>\n<\/blockquote>\n<p><a class=\"dt-pswp-item\" href=\"https:\/\/www.radiopiu.net\/wordpress\/wp-content\/uploads\/2024\/10\/generico-novembre-2022-449214.jpg\" data-dt-img-description=\"\" data-large_image_width=\"1024\" data-large_image_height=\"557\"><img loading=\"lazy\" decoding=\"async\" class=\" wp-image-416152 alignleft\" src=\"https:\/\/www.radiopiu.net\/wordpress\/wp-content\/uploads\/2024\/10\/generico-novembre-2022-449214-300x163.jpg\" alt=\"\" width=\"271\" height=\"147\" srcset=\"https:\/\/www.radiopiu.net\/wordpress\/wp-content\/uploads\/2024\/10\/generico-novembre-2022-449214-300x163.jpg 300w, https:\/\/www.radiopiu.net\/wordpress\/wp-content\/uploads\/2024\/10\/generico-novembre-2022-449214-768x418.jpg 768w, https:\/\/www.radiopiu.net\/wordpress\/wp-content\/uploads\/2024\/10\/generico-novembre-2022-449214.jpg 1024w\" sizes=\"auto, (max-width: 271px) 100vw, 271px\" \/><\/a><strong>FELTRE<\/strong> Paura a Feltre, nella frazione di Anz\u00f9, dove ieri poco dopo mezzogiorno il surriscaldamento di una canna fumaria ha generato una densa emissione di fumo. La famiglia residente, accortasi del problema, ha subito allertato i vigili del fuoco di Feltre, intervenuti prontamente per mettere in sicurezza l\u2019abitazione.<\/p>\n<p>Grazie al rapido intervento, i danni si sono limitati al condotto di aerazione del camino, senza compromettere la struttura muraria. Dopo accurate verifiche, i pompieri hanno dichiarato la situazione sotto controllo. La famiglia, scampato il pericolo, dovr\u00e0 ora effettuare una manutenzione prima di riattivare la stufa.<\/p>\n<p>&nbsp;<\/p>\n<p>&nbsp;<\/p>\n<p>&nbsp;<\/p>\n<hr \/>\n<p>&nbsp;<\/p>\n<div class=\"page-title-head hgroup\">\n<blockquote>\n<h2 class=\"entry-title\">Allarme furti: segnalazioni e controlli intensificati<\/h2>\n<\/blockquote>\n<\/div>\n<p><strong><img loading=\"lazy\" decoding=\"async\" class=\"alignleft\" src=\"https:\/\/www.radiopiu.net\/wordpress\/wp-content\/uploads\/2020\/04\/Lamon-1.jpg\" width=\"193\" height=\"145\" \/>LAMON<\/strong> Cresce la preoccupazione a Lamon per una serie di tentativi di furto in abitazioni. Dopo un colpo messo a segno nei giorni scorsi in localit\u00e0 Campagna, i residenti hanno segnalato la presenza di una Toyota bianca sospetta con persone a bordo.<\/p>\n<p>Nuovi tentativi di effrazione sono stati registrati domenica in via Antonio Slongo e via Straa, vicino al centro del paese. L\u2019allerta si diffonde sui social, mentre i carabinieri hanno intensificato i controlli per prevenire ulteriori episodi.<\/p>\n<p>&nbsp;<\/p>\n<p>&nbsp;<\/p>\n<p>&nbsp;<\/p>\n<p>&nbsp;<\/p>\n<hr \/>\n<p>&nbsp;<\/p>\n<blockquote>\n<h3>VANDALISMO AL &#8220;TIGLIO DELL&#8217;AMICIZIA&#8221;: INDIGNAZIONE DEL COMITATO GEMELLAGGIO DI AGORDO<\/h3>\n<\/blockquote>\n<p><b><a class=\"dt-pswp-item\" href=\"https:\/\/www.radiopiu.net\/wordpress\/wp-content\/uploads\/2024\/08\/BROI-AGORDO.jpg\" data-dt-img-description=\"\" data-large_image_width=\"1024\" data-large_image_height=\"768\"><img loading=\"lazy\" decoding=\"async\" class=\" wp-image-406589 alignleft\" src=\"https:\/\/www.radiopiu.net\/wordpress\/wp-content\/uploads\/2024\/08\/BROI-AGORDO-300x225.jpg\" alt=\"\" width=\"173\" height=\"130\" srcset=\"https:\/\/www.radiopiu.net\/wordpress\/wp-content\/uploads\/2024\/08\/BROI-AGORDO-300x225.jpg 300w, https:\/\/www.radiopiu.net\/wordpress\/wp-content\/uploads\/2024\/08\/BROI-AGORDO-768x576.jpg 768w, https:\/\/www.radiopiu.net\/wordpress\/wp-content\/uploads\/2024\/08\/BROI-AGORDO.jpg 1024w\" sizes=\"auto, (max-width: 173px) 100vw, 173px\" \/><\/a>AGORDO <\/b>Un nuovo episodio di vandalismo colpisce il cuore del legame tra Agordo e Dolomieu. Il Comitato di Gemellaggio di Agordo ha espresso la propria indignazione per l\u2019atto vandalico che ha danneggiato il cippo commemorativo posto di fronte al Tiglio dell\u2019Amicizia, piantato per celebrare il decennale del gemellaggio tra le due comunit\u00e0. A denunciare l\u2019accaduto \u00e8 la presidente del comitato, Michela Paganin, che, dopo la segnalazione di un insegnante dell\u2019Istituto Follador, ha deciso di rivolgersi a Radio Pi\u00f9, sempre attenta e sensibile agli eventi del territorio. \u00abIl cippo con la targhetta \u00e8 stato intenzionalmente piegato \u2013 dichiara Paganin \u2013 ma vogliamo ribadire con forza che nessun atto di vandalismo potr\u00e0 mai piegare il legame che unisce Agordo e Dolomieu\u00bb. L\u2019appello del Comitato \u00e8 chiaro: preservare e rispettare i simboli della nostra amicizia. Un invito rivolto a tutti gli agordini, affinch\u00e9 questi gesti incivili non mettano in ombra il valore della fratellanza tra le due comunit\u00e0.<\/p>\n<p>&nbsp;<\/p>\n\n\t\t\t<style type='text\/css'>\n\t\t\t\t#gallery-2 {\n\t\t\t\t\tmargin: auto;\n\t\t\t\t}\n\t\t\t\t#gallery-2 .gallery-item {\n\t\t\t\t\tfloat: left;\n\t\t\t\t\tmargin-top: 10px;\n\t\t\t\t\ttext-align: center;\n\t\t\t\t\twidth: 50%;\n\t\t\t\t}\n\t\t\t\t#gallery-2 img {\n\t\t\t\t\tborder: 2px solid #cfcfcf;\n\t\t\t\t}\n\t\t\t\t#gallery-2 .gallery-caption {\n\t\t\t\t\tmargin-left: 0;\n\t\t\t\t}\n\t\t\t\t\/* see gallery_shortcode() in wp-includes\/media.php *\/\n\t\t\t<\/style>\n\t\t<div id='gallery-2' class='dt-gallery-container gallery galleryid-431563 gallery-columns-2 gallery-size-medium'><dl class='gallery-item'>\n\t\t\t\t<dt class='gallery-icon portrait'>\n\t\t\t\t\t<a class=\"rollover rollover-zoom dt-pswp-item\" title=\"4b4ff3cf-a408-4e22-b58a-cfb2d221fab9\" data-dt-img-description=\"\" data-large_image_width=\"1200\" data-large_image_height=\"1600\"href='https:\/\/www.radiopiu.net\/wordpress\/wp-content\/uploads\/2025\/01\/4b4ff3cf-a408-4e22-b58a-cfb2d221fab9.jpg'><img loading=\"lazy\" decoding=\"async\" width=\"225\" height=\"300\" src=\"https:\/\/www.radiopiu.net\/wordpress\/wp-content\/uploads\/2025\/01\/4b4ff3cf-a408-4e22-b58a-cfb2d221fab9-225x300.jpg\" class=\"attachment-medium size-medium\" alt=\"\" srcset=\"https:\/\/www.radiopiu.net\/wordpress\/wp-content\/uploads\/2025\/01\/4b4ff3cf-a408-4e22-b58a-cfb2d221fab9-225x300.jpg 225w, https:\/\/www.radiopiu.net\/wordpress\/wp-content\/uploads\/2025\/01\/4b4ff3cf-a408-4e22-b58a-cfb2d221fab9-768x1024.jpg 768w, https:\/\/www.radiopiu.net\/wordpress\/wp-content\/uploads\/2025\/01\/4b4ff3cf-a408-4e22-b58a-cfb2d221fab9-1152x1536.jpg 1152w, https:\/\/www.radiopiu.net\/wordpress\/wp-content\/uploads\/2025\/01\/4b4ff3cf-a408-4e22-b58a-cfb2d221fab9.jpg 1200w\" sizes=\"auto, (max-width: 225px) 100vw, 225px\" \/><\/a>\n\t\t\t\t<\/dt><\/dl><dl class='gallery-item'>\n\t\t\t\t<dt class='gallery-icon portrait'>\n\t\t\t\t\t<a class=\"rollover rollover-zoom dt-pswp-item\" title=\"55472cec-e3e2-4dde-98b6-e5d0b53e5b15\" data-dt-img-description=\"\" data-large_image_width=\"1200\" data-large_image_height=\"1600\"href='https:\/\/www.radiopiu.net\/wordpress\/wp-content\/uploads\/2025\/01\/55472cec-e3e2-4dde-98b6-e5d0b53e5b15.jpg'><img loading=\"lazy\" decoding=\"async\" width=\"225\" height=\"300\" src=\"https:\/\/www.radiopiu.net\/wordpress\/wp-content\/uploads\/2025\/01\/55472cec-e3e2-4dde-98b6-e5d0b53e5b15-225x300.jpg\" class=\"attachment-medium size-medium\" alt=\"\" srcset=\"https:\/\/www.radiopiu.net\/wordpress\/wp-content\/uploads\/2025\/01\/55472cec-e3e2-4dde-98b6-e5d0b53e5b15-225x300.jpg 225w, https:\/\/www.radiopiu.net\/wordpress\/wp-content\/uploads\/2025\/01\/55472cec-e3e2-4dde-98b6-e5d0b53e5b15-768x1024.jpg 768w, https:\/\/www.radiopiu.net\/wordpress\/wp-content\/uploads\/2025\/01\/55472cec-e3e2-4dde-98b6-e5d0b53e5b15-1152x1536.jpg 1152w, https:\/\/www.radiopiu.net\/wordpress\/wp-content\/uploads\/2025\/01\/55472cec-e3e2-4dde-98b6-e5d0b53e5b15.jpg 1200w\" sizes=\"auto, (max-width: 225px) 100vw, 225px\" \/><\/a>\n\t\t\t\t<\/dt><\/dl><br style=\"clear: both\" \/>\n\t\t\t<\/div>\n\n<p>&nbsp;<\/p>\n<hr \/>\n<p>&nbsp;<\/p>\n<blockquote>\n<h2>Pieve di Cadore, accoltell\u00f2 un poliziotto: processo in corso<\/h2>\n<\/blockquote>\n<p><strong><a href=\"https:\/\/www.radiopiu.net\/wordpress\/wp-content\/uploads\/2025\/01\/1ea18173-1b87-48e0-bd5c-7fce1da0b261.webp\"><img loading=\"lazy\" decoding=\"async\" class=\"wp-image-431729 alignleft\" src=\"https:\/\/www.radiopiu.net\/wordpress\/wp-content\/uploads\/2025\/01\/1ea18173-1b87-48e0-bd5c-7fce1da0b261-300x300.webp\" alt=\"\" width=\"171\" height=\"171\" srcset=\"https:\/\/www.radiopiu.net\/wordpress\/wp-content\/uploads\/2025\/01\/1ea18173-1b87-48e0-bd5c-7fce1da0b261-300x300.webp 300w, https:\/\/www.radiopiu.net\/wordpress\/wp-content\/uploads\/2025\/01\/1ea18173-1b87-48e0-bd5c-7fce1da0b261-150x150.webp 150w, https:\/\/www.radiopiu.net\/wordpress\/wp-content\/uploads\/2025\/01\/1ea18173-1b87-48e0-bd5c-7fce1da0b261-768x768.webp 768w, https:\/\/www.radiopiu.net\/wordpress\/wp-content\/uploads\/2025\/01\/1ea18173-1b87-48e0-bd5c-7fce1da0b261.webp 1024w\" sizes=\"auto, (max-width: 171px) 100vw, 171px\" \/><\/a><span style=\"color: #ff0000;\">LA GIUDIZIARIA OGGI<\/span><\/strong><br \/>\n<span style=\"color: #ff0000;\"><strong>DAL CORRIERE DELLE ALPI, SINTESI<\/strong><\/span><br \/>\n<span style=\"color: #ff0000;\"><strong>GIGI SOSSO<\/strong><\/span><\/p>\n<p><strong>CORTINA<\/strong> C. Z. di Cortina, \u00e8 a processo per resistenza a pubblico ufficiale, lesioni aggravate e porto illegale di arma, dopo aver accoltellato un poliziotto durante la fuga dal Pronto Soccorso nel maggio 2020. Il giudice ha rinviato al 12 giugno.<\/p>\n<p><strong>ALPAGO <\/strong>A.F. \u00e8 a processo per minacce e persecuzioni nei confronti della cognata, che lo ha accusato di insulti e minacce con un martello e una roncola. L\u2019uomo nega ogni addebito. Il giudice decider\u00e0 il 24 febbraio, valutando il ritiro della querela.<\/p>\n<p><strong>SANTA GIUSTINA <\/strong>E.S. \u00e8 sotto processo per atti persecutori e danneggiamento aggravato ai danni dei vicini, con cartelli offensivi, musica ad alto volume e danni alle propriet\u00e0. Dopo diverse querele, il giudice ha rinviato la sentenza a giugno.<\/p>\n<div class=\"mb-2 flex gap-3 empty:hidden -ml-2\">\n<div class=\"items-center justify-start rounded-xl p-1 flex\">\n<div class=\"flex items-center\">\n<div class=\"flex items-center pb-0\"><\/div>\n<\/div>\n<\/div>\n<\/div>\n<p>&nbsp;<\/p>\n<hr \/>\n<p>&nbsp;<\/p>\n<blockquote>\n<h3>CASA DI SOGGIORNO DI TAIBON: CERCASI 20 OPERATORI ECONOMICI PER LA GARA DI APPALTO<\/h3>\n<\/blockquote>\n<p><strong><img loading=\"lazy\" decoding=\"async\" class=\"alignleft\" src=\"https:\/\/www.radiopiu.net\/wordpress\/wp-content\/uploads\/2024\/01\/CASA-SOGGIORNO-TAIBON.png\" width=\"255\" height=\"182\" \/>TAIBON<\/strong><\/p>\n<p>Progetto da oltre 3 milioni di euro, con i contributi dei fondi di confine, fondi Odi e fondi di bilancio dell&#8217;Unione Montana. Una struttura da sistemare, oggi in gestione ad Asca<\/p>\n<p><strong>DI GIANNI SANTOMASO<\/strong><\/p>\n<audio class=\"wp-audio-shortcode\" id=\"audio-431563-7\" preload=\"none\" style=\"width: 100%;\" controls=\"controls\"><source type=\"audio\/mpeg\" src=\"https:\/\/www.radiopiu.net\/wordpress\/wp-content\/uploads\/2025\/01\/GIANNI-UNIONE-MONTANA.mp3?_=7\" \/><a href=\"https:\/\/www.radiopiu.net\/wordpress\/wp-content\/uploads\/2025\/01\/GIANNI-UNIONE-MONTANA.mp3\">https:\/\/www.radiopiu.net\/wordpress\/wp-content\/uploads\/2025\/01\/GIANNI-UNIONE-MONTANA.mp3<\/a><\/audio>\n<p>&nbsp;<\/p>\n<hr \/>\n<p>&nbsp;<\/p>\n<blockquote>\n<h3>SIMONA ALLA DANTEBUS DI FIRENZE, NEL RICORDO DI PAPA&#8217; &#8220;MAMO&#8221; CREPAZ<\/h3>\n<\/blockquote>\n<p><strong>LIVINALLONGO<\/strong><\/p>\n<p>La giovane artista Simona Crepaz, di Livinallongo, ha esposto la sua opera <em>La semplicit\u00e0<\/em> alla prestigiosa galleria Dantebus di Firenze, riscoprendo la passione per l\u2019arte ereditata dal padre Massimo &#8220;Mamo&#8221; Crepaz.Pur non potendo dedicarsi all\u2019arte a tempo pieno, Simona continuer\u00e0 a studiare tecniche pittoriche e a dipingere nei momenti liberi, con la possibilit\u00e0 di partecipare in futuro a mostre internazionali.<\/p>\n<p><strong>DI LORENZO SORATROI<\/strong><\/p>\n<audio class=\"wp-audio-shortcode\" id=\"audio-431563-8\" preload=\"none\" style=\"width: 100%;\" controls=\"controls\"><source type=\"audio\/mpeg\" src=\"https:\/\/www.radiopiu.net\/wordpress\/wp-content\/uploads\/2025\/01\/LORENZO-4-FOTO.mp3?_=8\" \/><a href=\"https:\/\/www.radiopiu.net\/wordpress\/wp-content\/uploads\/2025\/01\/LORENZO-4-FOTO.mp3\">https:\/\/www.radiopiu.net\/wordpress\/wp-content\/uploads\/2025\/01\/LORENZO-4-FOTO.mp3<\/a><\/audio>\n\n\t\t\t<style type='text\/css'>\n\t\t\t\t#gallery-3 {\n\t\t\t\t\tmargin: auto;\n\t\t\t\t}\n\t\t\t\t#gallery-3 .gallery-item {\n\t\t\t\t\tfloat: left;\n\t\t\t\t\tmargin-top: 10px;\n\t\t\t\t\ttext-align: center;\n\t\t\t\t\twidth: 25%;\n\t\t\t\t}\n\t\t\t\t#gallery-3 img {\n\t\t\t\t\tborder: 2px solid #cfcfcf;\n\t\t\t\t}\n\t\t\t\t#gallery-3 .gallery-caption {\n\t\t\t\t\tmargin-left: 0;\n\t\t\t\t}\n\t\t\t\t\/* see gallery_shortcode() in wp-includes\/media.php *\/\n\t\t\t<\/style>\n\t\t<div id='gallery-3' class='dt-gallery-container gallery galleryid-431563 gallery-columns-4 gallery-size-thumbnail'><dl class='gallery-item'>\n\t\t\t\t<dt class='gallery-icon portrait'>\n\t\t\t\t\t<a class=\"rollover rollover-zoom dt-pswp-item\" title=\"simona_crepaz_1\" data-dt-img-description=\"\" data-large_image_width=\"1920\" data-large_image_height=\"2560\"href='https:\/\/www.radiopiu.net\/wordpress\/wp-content\/uploads\/2025\/01\/simona_crepaz_1-scaled.jpeg'><img loading=\"lazy\" decoding=\"async\" width=\"150\" height=\"150\" src=\"https:\/\/www.radiopiu.net\/wordpress\/wp-content\/uploads\/2025\/01\/simona_crepaz_1-150x150.jpeg\" class=\"attachment-thumbnail size-thumbnail\" alt=\"\" \/><\/a>\n\t\t\t\t<\/dt><\/dl><dl class='gallery-item'>\n\t\t\t\t<dt class='gallery-icon portrait'>\n\t\t\t\t\t<a class=\"rollover rollover-zoom dt-pswp-item\" title=\"IMG_0990\" data-dt-img-description=\"\" data-large_image_width=\"1280\" data-large_image_height=\"1920\"href='https:\/\/www.radiopiu.net\/wordpress\/wp-content\/uploads\/2025\/01\/IMG_0990.jpeg'><img loading=\"lazy\" decoding=\"async\" width=\"150\" height=\"150\" src=\"https:\/\/www.radiopiu.net\/wordpress\/wp-content\/uploads\/2025\/01\/IMG_0990-150x150.jpeg\" class=\"attachment-thumbnail size-thumbnail\" alt=\"\" \/><\/a>\n\t\t\t\t<\/dt><\/dl><dl class='gallery-item'>\n\t\t\t\t<dt class='gallery-icon portrait'>\n\t\t\t\t\t<a class=\"rollover rollover-zoom dt-pswp-item\" title=\"simona_crepaz_2\" data-dt-img-description=\"\" data-large_image_width=\"1920\" data-large_image_height=\"2560\"href='https:\/\/www.radiopiu.net\/wordpress\/wp-content\/uploads\/2025\/01\/simona_crepaz_2-scaled.jpeg'><img loading=\"lazy\" decoding=\"async\" width=\"150\" height=\"150\" src=\"https:\/\/www.radiopiu.net\/wordpress\/wp-content\/uploads\/2025\/01\/simona_crepaz_2-150x150.jpeg\" class=\"attachment-thumbnail size-thumbnail\" alt=\"\" \/><\/a>\n\t\t\t\t<\/dt><\/dl><dl class='gallery-item'>\n\t\t\t\t<dt class='gallery-icon portrait'>\n\t\t\t\t\t<a class=\"rollover rollover-zoom dt-pswp-item\" title=\"IMG_0376\" data-dt-img-description=\"\" data-large_image_width=\"1920\" data-large_image_height=\"2560\"href='https:\/\/www.radiopiu.net\/wordpress\/wp-content\/uploads\/2025\/01\/IMG_0376-scaled.jpeg'><img loading=\"lazy\" decoding=\"async\" width=\"150\" height=\"150\" src=\"https:\/\/www.radiopiu.net\/wordpress\/wp-content\/uploads\/2025\/01\/IMG_0376-150x150.jpeg\" class=\"attachment-thumbnail size-thumbnail\" alt=\"\" \/><\/a>\n\t\t\t\t<\/dt><\/dl><br style=\"clear: both\" \/>\n\t\t\t<\/div>\n\n<p>&nbsp;<\/p>\n<hr \/>\n<p>&nbsp;<\/p>\n<blockquote>\n<h3>RC AUTO: IN VENETO AUMENTANO GLI INCIDENTI E ANCHE IL PREMIO MEDIO<\/h3>\n<\/blockquote>\n<p><strong><a class=\"dt-pswp-item\" href=\"https:\/\/www.radiopiu.net\/wordpress\/wp-content\/uploads\/2024\/08\/Osservatorio-RC-auto_c-Pixavril.jpeg\" data-dt-img-description=\"\" data-large_image_width=\"1320\" data-large_image_height=\"880\"><img loading=\"lazy\" decoding=\"async\" class=\" wp-image-406474 alignleft\" src=\"https:\/\/www.radiopiu.net\/wordpress\/wp-content\/uploads\/2024\/08\/Osservatorio-RC-auto_c-Pixavril-300x200.jpeg\" alt=\"\" width=\"209\" height=\"139\" srcset=\"https:\/\/www.radiopiu.net\/wordpress\/wp-content\/uploads\/2024\/08\/Osservatorio-RC-auto_c-Pixavril-300x200.jpeg 300w, https:\/\/www.radiopiu.net\/wordpress\/wp-content\/uploads\/2024\/08\/Osservatorio-RC-auto_c-Pixavril-1024x683.jpeg 1024w, https:\/\/www.radiopiu.net\/wordpress\/wp-content\/uploads\/2024\/08\/Osservatorio-RC-auto_c-Pixavril-768x512.jpeg 768w, https:\/\/www.radiopiu.net\/wordpress\/wp-content\/uploads\/2024\/08\/Osservatorio-RC-auto_c-Pixavril.jpeg 1320w\" sizes=\"auto, (max-width: 209px) 100vw, 209px\" \/><\/a>MILANO<\/strong> Il 2024 si chiude con cattive notizie per gli automobilisti veneti: le tariffe RC auto continuano a crescere, con un aumento medio del 9,5% in sei mesi, raggiungendo i 533,48 euro a dicembre. Nonostante il rallentamento dell\u2019inflazione e la stabilizzazione dei tassi di sinistrosit\u00e0, i premi restano elevati, ma si intravedono segnali di stabilizzazione. Secondo Facile.it, oltre 46.500 automobilisti veneti subiranno un peggioramento della classe di merito a causa di sinistri con colpa dichiarati nel 2024, con rincari per il 1,63% degli assicurati. Belluno \u00e8 la provincia con la quota pi\u00f9 alta di sinistri con colpa (2,13%), mentre Rovigo registra la percentuale pi\u00f9 bassa (1%). I pensionati risultano essere la categoria pi\u00f9 coinvolta in sinistri con colpa (2,33%), seguiti da insegnanti (1,77%) e imprenditori (1,74%). Confrontare le offerte assicurative rimane essenziale per risparmiare.<\/p>\n<p>&nbsp;<\/p>\n<p>&nbsp;<\/p>\n<p>&nbsp;<\/p>\n<hr \/>\n<p>&nbsp;<\/p>\n<blockquote>\n<h2>&#8220;From the Ground Up&#8221;: giovani e territorio protagonisti a Borgo Valbelluna<\/h2>\n<\/blockquote>\n<p>BORGO VALBELLUNA<\/p>\n<p><img loading=\"lazy\" decoding=\"async\" class=\"alignleft\" src=\"https:\/\/www.radiopiu.net\/wordpress\/wp-content\/uploads\/2025\/01\/foto-evento-Ground-Up.jpeg\" width=\"323\" height=\"242\" \/>Si \u00e8 concluso con successo l\u2019evento <em>From the Ground Up<\/em>, organizzato dal GAL Prealpi e Dolomiti e dal Centro Europe Direct Montagna Veneta, con la partecipazione di oltre 30 giovani bellunesi provenienti da consulte giovanili, comuni e associazioni non profit. L&#8217;iniziativa, parte di un progetto europeo che coinvolge 15 paesi, ha visto anche la presenza di 10 giovani amministratori locali under 35, tra cui sindaci, assessori e consiglieri europei della rete <em>BELC<\/em>. L&#8217;evento, ospitato dal Comune di Borgo Valbelluna, si \u00e8 concentrato su temi chiave per il futuro del territorio: valorizzazione delle opportunit\u00e0 locali, partecipazione giovanile alla vita politica e sociale, rafforzamento del legame tra Europa e comunit\u00e0 locali.<\/p>\n<p>&nbsp;<\/p>\n<p>&nbsp;<\/p>\n<p>&nbsp;<\/p>\n<p>&nbsp;<\/p>\n<p>&nbsp;<\/p>\n<p>&nbsp;<\/p>\n<p>&nbsp;<\/p>\n<hr \/>\n<p>&nbsp;<\/p>\n<blockquote>\n<h3><a class=\"dt-pswp-item\" href=\"https:\/\/www.radiopiu.net\/wordpress\/wp-content\/uploads\/2025\/01\/Locandina-Ecosistema-Belluno-Borca.jpg\" data-dt-img-description=\"\" data-large_image_width=\"1131\" data-large_image_height=\"1600\"><img loading=\"lazy\" decoding=\"async\" class=\" wp-image-431616 alignleft\" src=\"https:\/\/www.radiopiu.net\/wordpress\/wp-content\/uploads\/2025\/01\/Locandina-Ecosistema-Belluno-Borca-212x300.jpg\" alt=\"\" width=\"145\" height=\"205\" srcset=\"https:\/\/www.radiopiu.net\/wordpress\/wp-content\/uploads\/2025\/01\/Locandina-Ecosistema-Belluno-Borca-212x300.jpg 212w, https:\/\/www.radiopiu.net\/wordpress\/wp-content\/uploads\/2025\/01\/Locandina-Ecosistema-Belluno-Borca-724x1024.jpg 724w, https:\/\/www.radiopiu.net\/wordpress\/wp-content\/uploads\/2025\/01\/Locandina-Ecosistema-Belluno-Borca-768x1086.jpg 768w, https:\/\/www.radiopiu.net\/wordpress\/wp-content\/uploads\/2025\/01\/Locandina-Ecosistema-Belluno-Borca-1086x1536.jpg 1086w, https:\/\/www.radiopiu.net\/wordpress\/wp-content\/uploads\/2025\/01\/Locandina-Ecosistema-Belluno-Borca.jpg 1131w\" sizes=\"auto, (max-width: 145px) 100vw, 145px\" \/><\/a>RIPARTE A BORCA LA RASSEGNA \u201cLE NUOVE DOLOMITI\u201d<\/h3>\n<\/blockquote>\n<p><strong>BORCA DI CADORE<\/strong> La rassegna \u201cLe nuove Dolomiti\u201d torna nel 2025 con una serie di incontri dedicati al rilancio del territorio dolomitico. Il primo appuntamento si terr\u00e0 venerd\u00ec 31 gennaio alle 18:30 presso la Gellner Lounge dell&#8217;Hotel Boite di Borca di Cadore, con un focus su \u201cInnovazione e collaborazione contro lo spopolamento: l\u2019esempio di Ecosistema Belluno a Danta di Cadore\u201d. Interverranno Thomas Menia Corbanese, Sindaco di Danta di Cadore, Andrea Ferrazzi di Confindustria Belluno-Dolomiti, Cristian Sacchet di Appia CNA Belluno e Luca Frescura di Giovani&amp;Futuro, moderati dalla giornalista Katia Tafner. Il progetto punta a valorizzare il binomio \u201cgiovani e lavoro\u201d per incentivare l\u2019occupazione e attrarre nuove famiglie, con un approccio integrato tra amministrazioni locali, enti pubblici e privati. Il sindaco invita i colleghi a partecipare per conoscere e adottare il modello, ritenuto fondamentale per il futuro della provincia.<\/p>\n<p>&nbsp;<\/p>\n<p>&nbsp;<\/p>\n<hr \/>\n<p>&nbsp;<\/p>\n<blockquote>\n<h3>FEDERICO E IL GELATO, MIGLIORE DI QUELLO FRANCESE E ITALIANO<\/h3>\n<\/blockquote>\n<p><strong><img loading=\"lazy\" decoding=\"async\" class=\"alignleft\" src=\"https:\/\/www.radiopiu.net\/wordpress\/wp-content\/uploads\/2025\/01\/Senza-nome-85.png\" width=\"269\" height=\"194\" \/>REDAZIONE<\/strong> Federico Sacchet, originario di Longarone, ha vinto la Gelato Europe Cup-Sigep 2025 con il team della Germania. Federico \u00e8 il proprietario dell&#8217;Eiscafe&#8217; Gusto Mosena ad Hamein.<\/p>\n<p>Team manager Stefano Lucchini dell\u2019 Eiscaf\u00e9 Venezia a Krefeld, capitano e gelatiere Federico Sacchet dell\u2019 Eiscaf\u00e9 Gusto Mosena di Hameln e Tiziano Santin dell\u2019 Eiscaf\u00e9 Venezia Santin di Wernigerode. Tiziano Santin pasticcere Impresa epica essere riusciti a battere le sempre prime posizionate Francia e Italia.<\/p>\n<p>&nbsp;<\/p>\n<h3><strong>Gelato Europe Cup: Germania, Francia, Italia e Belgio Qualificate alla Finale Mondiale<\/strong><\/h3>\n<p>Sono stati selezionati i finalisti della <strong>Gelato Europe Cup<\/strong>, che accederanno alla <strong>Gelato World Cup 2026<\/strong> al <strong>Sigep di Rimini<\/strong>. A vincere la competizione europea sono stati <strong>Germania (1\u00b0), Francia (2\u00b0), Italia (3\u00b0) e Belgio (4\u00b0)<\/strong>, che hanno conquistato il pass per l\u2019evento mondiale. Le squadre hanno realizzato sei elaborati con temi dedicati: <strong>Amazzonia (Germania), Haute Couture (Francia), Luna Park (Italia) e Luna (Belgio)<\/strong>. La competizione ha coinvolto otto squadre europee, valutate da una doppia giuria tecnica e artistica. Oltre ai quattro finalisti europei, alla <strong>Gelato World Cup 2026<\/strong> parteciperanno anche le squadre di <strong>Giappone, Singapore e Corea del Sud<\/strong>, gi\u00e0 qualificate alla <strong>Gelato Asia Cup<\/strong>, e altre cinque squadre che verranno selezionate nei prossimi tornei in <strong>Cina e America Latina<\/strong>. L\u2019evento, organizzato da <strong>Gelato e Cultura<\/strong> e <strong>Sigep World<\/strong>, celebra l\u2019eccellenza dell\u2019arte gelatiera e pasticcera, anticipando le nuove tendenze e innovazioni del settore.<\/p>\n<p>&nbsp;<\/p>\n<hr \/>\n<p>&nbsp;<\/p>\n<blockquote>\n<h2>Longarone Fiere Dolomiti: 80mila visitatori e un futuro da hub olimpico<\/h2>\n<\/blockquote>\n<div class=\"flex-shrink-0 flex flex-col relative items-end\">\n<div>\n<div class=\"pt-0\">\n<div class=\"gizmo-bot-avatar flex h-8 w-8 items-center justify-center overflow-hidden rounded-full\">\n<div><a class=\"dt-pswp-item\" href=\"https:\/\/www.radiopiu.net\/wordpress\/wp-content\/uploads\/2025\/01\/AAA.png\" data-dt-img-description=\"\" data-large_image_width=\"343\" data-large_image_height=\"327\"><img loading=\"lazy\" decoding=\"async\" class=\" wp-image-431682 alignleft\" src=\"https:\/\/www.radiopiu.net\/wordpress\/wp-content\/uploads\/2025\/01\/AAA-300x286.png\" alt=\"\" width=\"197\" height=\"188\" srcset=\"https:\/\/www.radiopiu.net\/wordpress\/wp-content\/uploads\/2025\/01\/AAA-300x286.png 300w, https:\/\/www.radiopiu.net\/wordpress\/wp-content\/uploads\/2025\/01\/AAA.png 343w\" sizes=\"auto, (max-width: 197px) 100vw, 197px\" \/><\/a><strong>LONGARONE<\/strong><\/div>\n<\/div>\n<\/div>\n<\/div>\n<\/div>\n<div class=\"group\/conversation-turn relative flex w-full min-w-0 flex-col agent-turn\">\n<div class=\"flex-col gap-1 md:gap-3\">\n<div class=\"flex max-w-full flex-col flex-grow\">\n<div class=\"min-h-8 text-message flex w-full flex-col items-end gap-2 whitespace-normal break-words text-start [.text-message+&amp;]:mt-5\" dir=\"auto\" data-message-author-role=\"assistant\" data-message-id=\"cc638d97-b862-477b-93d3-c0410261f261\" data-message-model-slug=\"gpt-4o\">\n<div class=\"flex w-full flex-col gap-1 empty:hidden first:pt-[3px]\">\n<div class=\"markdown prose w-full break-words dark:prose-invert dark\">\n<p>Longarone Fiere Dolomiti chiude il 2024 con numeri da record: 80mila visitatori, oltre 20 milioni di impression digitali e un aumento del 30% di traffico su sito e social. Il presidente Michele Dal Farra attribuisce il successo al progetto <em>Emerge Tech<\/em>, che ha rafforzato la presenza digitale senza trascurare i canali tradizionali.<\/p>\n<h3><strong>Un ruolo chiave per il turismo<\/strong><\/h3>\n<p>Due terzi dei visitatori si concentrano tra <em>Arredamont<\/em> e <em>Agrimont<\/em>, confermando la fiera come motore economico e turistico del territorio. La recente ricapitalizzazione rafforza il suo posizionamento nazionale e internazionale, con un occhio puntato su Milano Cortina 2026.<\/p>\n<h3><strong>Longarone diventa hub olimpico<\/strong><\/h3>\n<p>Durante le Olimpiadi, la fiera ospiter\u00e0 una stazione di transito per le navette verso Cortina e gli uffici logistici dei Giochi. Sar\u00e0 anche un\u2019area di promozione per le eccellenze locali.<\/p>\n<h3><strong>Le novit\u00e0 del 2025<\/strong><\/h3>\n<p>Torna, dopo cinque anni, la fiera <em>Costruire<\/em> (febbraio), mentre a giugno debutter\u00e0 lo <em>Sport Business Forum<\/em>, con un focus sul cicloturismo e il turismo sostenibile. L\u2019obiettivo per il 2025? Superare i 90mila visitatori.<\/p>\n<\/div>\n<\/div>\n<\/div>\n<\/div>\n<\/div>\n<\/div>\n<p>&nbsp;<\/p>\n<hr \/>\n<p>&nbsp;<\/p>\n<blockquote>\n<h2 class=\"_title post-title entry-title\">LONGARONE | LONGARONE POLO OLIMPICO: RAGGIUNTA L\u2019INTESA FRA FONDAZIONE MICO E ENTE FIERA<\/h2>\n<\/blockquote>\n<p>Intervistati MICHELE DAL FARRA (PRESIDENTE LONGARONE FIERE DOLOMITI) (Servizio di\u00a0<a href=\"https:\/\/antennatre.medianordest.it\/redazione\/Tiziana-Bolognani\/\">Tiziana Bolognani<\/a>)<\/p>\n<p><iframe loading=\"lazy\" title=\"LONGARONE POLO OLIMPICO: RAGGIUNTA L&#039;INTESA FRA FONDAZIONE MICO E ENTE FIERA | 27\/01\/2025\" width=\"1200\" height=\"675\" src=\"https:\/\/www.youtube.com\/embed\/YRlbii-70pE?feature=oembed\" frameborder=\"0\" allow=\"accelerometer; autoplay; clipboard-write; encrypted-media; gyroscope; picture-in-picture; web-share\" referrerpolicy=\"strict-origin-when-cross-origin\" allowfullscreen><\/iframe><\/p>\n<p>&nbsp;<\/p>\n<hr \/>\n<p>&nbsp;<\/p>\n<div class=\"page-title-head hgroup\">\n<blockquote>\n<h2 class=\"entry-title\">Veneto: 14 milioni per innovazione e sostenibilit\u00e0 nel turismo<\/h2>\n<\/blockquote>\n<\/div>\n<p><strong><img loading=\"lazy\" decoding=\"async\" class=\"alignleft\" src=\"https:\/\/www.radiopiu.net\/wordpress\/wp-content\/uploads\/2024\/12\/CANER.jpeg\" width=\"245\" height=\"163\" \/>VENEZIA<\/strong> \u2013 La Regione Veneto investe 14 milioni di euro per la rigenerazione e l\u2019innovazione delle imprese turistiche, con un\u2019attenzione particolare alle PMI e alle aree interne individuate dalla Strategia Nazionale Aree Interne (SNAI). Il bando, annunciato dall\u2019assessore al Turismo Federico Caner nell\u2019ambito del Programma Regionale FESR 2021-2027, punta a migliorare l\u2019accessibilit\u00e0 delle strutture ricettive, favorire la transizione digitale ed ecologica e promuovere lo sviluppo tecnologico.\u00a0 Sei milioni di euro sono riservati ai Comuni delle aree interne gi\u00e0 individuate dalla Giunta, tra cui Agordino, Comelico, Cadore e Delta del Po. L\u2019iniziativa mira a rafforzare la competitivit\u00e0 del settore turistico e a valorizzare il territorio come motore di sviluppo economico regionale. Il bando sar\u00e0 disponibile sul sito della Regione Veneto, nella sezione \u201cBandi Avvisi Concorsi\u201d.<\/p>\n<p>&nbsp;<\/p>\n<p>&nbsp;<\/p>\n<p>&nbsp;<\/p>\n<p>&nbsp;<\/p>\n<p>&nbsp;<\/p>\n<hr \/>\n<p>&nbsp;<\/p>\n<blockquote>\n<h2>Veneto: 30 Milioni per l\u2019Economia Circolare, Nuovo Bando per Imprese e Comuni<\/h2>\n<\/blockquote>\n<p><strong>VENEZIA<\/strong><\/p>\n<p><img loading=\"lazy\" decoding=\"async\" class=\"alignleft\" src=\"https:\/\/www.radiopiu.net\/wordpress\/wp-content\/uploads\/2023\/11\/BOTTACIN.png\" width=\"243\" height=\"164\" \/>La Giunta regionale del Veneto ha stanziato 30 milioni di euro per incentivare l\u2019economia circolare, destinando nuovi finanziamenti a imprese, Consigli di bacino e Comuni. L\u2019iniziativa, proposta dagli assessori Gianpaolo Bottacin e Federico Caner, prevede contributi a fondo perduto fino al 100% della spesa ammissibile.<\/p>\n<p>Dopo un primo bando rivolto alle imprese, il nuovo avviso\u2014attivo dal 4 febbraio al 26 giugno\u2014riserva 22 milioni di euro a EGATO e Comuni, sostenendo progetti di digitalizzazione della raccolta rifiuti e impianti di recupero. \u201cUn\u2019opportunit\u00e0 concreta per migliorare efficienza e sostenibilit\u00e0\u201d, sottolineano Bottacin e Caner, evidenziando il ruolo centrale del Veneto nell\u2019innovazione ambientale.<\/p>\n<p>&nbsp;<\/p>\n<p>&nbsp;<\/p>\n<p>&nbsp;<\/p>\n<p>&nbsp;<\/p>\n<hr \/>\n<p>&nbsp;<\/p>\n<blockquote>\n<h2>Diga del Vanoi, la Provincia di Belluno ribadisce il no: \u00abLa sicurezza prima di tutto\u00bb<\/h2>\n<\/blockquote>\n<p><strong><a class=\"dt-pswp-item\" href=\"https:\/\/www.radiopiu.net\/wordpress\/wp-content\/uploads\/2025\/01\/download-10.jpg\" data-dt-img-description=\"\" data-large_image_width=\"259\" data-large_image_height=\"194\"><img loading=\"lazy\" decoding=\"async\" class=\"size-full wp-image-431715 alignleft\" src=\"https:\/\/www.radiopiu.net\/wordpress\/wp-content\/uploads\/2025\/01\/download-10.jpg\" alt=\"\" width=\"259\" height=\"194\" \/><\/a>BELLUNO<\/strong> \u2013 La Provincia di Belluno mantiene ferma la sua posizione contro la realizzazione della diga del Vanoi, ribadendo che non si tratta di una contrapposizione tra montagna e pianura, ma di una questione di sicurezza e tutela del corpo idrico.<\/p>\n<p>Il presidente Roberto Padrin e il consigliere delegato Massimo Bortoluzzi criticano il Consorzio di Bonifica Brenta, accusandolo di non ascoltare le alternative proposte, come il cambio di colture e la riqualificazione dei sistemi irrigui. Il Vanoi si trova in un\u2019area ad alto rischio idrogeologico (zona P4), rendendo impossibile la realizzazione della diga, secondo la Provincia.<\/p>\n<p>\u00abNon sono mai state date risposte esaustive sui problemi di sicurezza\u00bb sottolinea Bortoluzzi, mentre Padrin respinge l\u2019idea che le acque a monte debbano essere messe a disposizione della pianura. \u00abLa solidariet\u00e0 non pu\u00f2 essere a senso unico\u00bb conclude, confermando l\u2019opposizione della Provincia al progetto.<\/p>\n<p>&nbsp;<\/p>\n<p>&nbsp;<\/p>\n<p>&nbsp;<\/p>\n<p>&nbsp;<\/p>\n<hr \/>\n<p>&nbsp;<\/p>\n<blockquote>\n<h2>Al Via la Raccolta Firme della Lega per il Terzo Mandato di Zaia<\/h2>\n<\/blockquote>\n<p><strong><img loading=\"lazy\" decoding=\"async\" class=\"alignleft\" src=\"https:\/\/www.radiopiu.net\/wordpress\/wp-content\/uploads\/2025\/01\/30ea3d27-a89d-47a6-96f8-1f82fc9c827c.jpg\" width=\"295\" height=\"221\" \/>BELLUNO<\/strong><\/p>\n<p>\u00c8 partita sabato anche a Belluno la raccolta firme promossa dalla Lega per sostenere un terzo mandato di Luca Zaia alla guida della Regione Veneto. L\u2019iniziativa ha riscosso un buon successo, con oltre un centinaio di firme raccolte al mercato di Cavarzano, contribuendo al totale regionale che ha gi\u00e0 superato quota 10mila.<\/p>\n<p>DI DANIELE DALVIT<\/p>\n<audio class=\"wp-audio-shortcode\" id=\"audio-431563-9\" preload=\"none\" style=\"width: 100%;\" controls=\"controls\"><source type=\"audio\/mpeg\" src=\"https:\/\/www.radiopiu.net\/wordpress\/wp-content\/uploads\/2025\/01\/Servizio-Firme-Lega-terzo-mandato.mp3?_=9\" \/><a href=\"https:\/\/www.radiopiu.net\/wordpress\/wp-content\/uploads\/2025\/01\/Servizio-Firme-Lega-terzo-mandato.mp3\">https:\/\/www.radiopiu.net\/wordpress\/wp-content\/uploads\/2025\/01\/Servizio-Firme-Lega-terzo-mandato.mp3<\/a><\/audio>\n<p>&nbsp;<\/p>\n<hr \/>\n<p>&nbsp;<\/p>\n<blockquote>\n<h1>Sedico Con Gioia contro l\u2019aumento delle rette della casa di riposo<\/h1>\n<\/blockquote>\n<p>&nbsp;<\/p>\n<p><img loading=\"lazy\" decoding=\"async\" class=\"alignleft\" src=\"https:\/\/www.radiopiu.net\/wordpress\/wp-content\/uploads\/2024\/11\/MUNICIPIO-SEDICO.jpeg\" width=\"263\" height=\"201\" \/>Il gruppo consiliare <em>Sedico Con Gioia<\/em> esprime la propria contrariet\u00e0 all\u2019aumento delle tariffe di <em>Sedico Servizi<\/em>, con particolare attenzione alle rette della casa di riposo. Durante il Consiglio Comunale del 30 dicembre, il gruppo ha sottolineato l\u2019impatto economico che questi aumenti avranno sugli ospiti della Residenza Sanitaria Assistenziale (RSA), soprattutto per i nuovi ingressi nel 2025. Per gli attuali residenti, le tariffe giornaliere subiranno incrementi tra i 3\u20ac e i 4\u20ac, con aumenti annui che vanno da 1.095\u20ac a 1.460\u20ac. Ancora pi\u00f9 significativi saranno gli aumenti per i nuovi ingressi, per i quali verr\u00e0 applicata una tariffa unica di 60\u20ac\/giorno, con una maggiorazione annua che pu\u00f2 arrivare a 5.840\u20ac. Ancora pi\u00f9 pesante l\u2019impatto per chi entrer\u00e0 senza impegnativa di residenzialit\u00e0, con una tariffa unica di 75\u20ac\/giorno, pari a 27.375\u20ac annui, con aumenti che in alcuni casi superano gli 11.000\u20ac rispetto al 2024.<\/p>\n<p>Il gruppo esprime preoccupazione per l\u2019effetto di queste misure sulle famiglie e sugli anziani pi\u00f9 fragili, evidenziando che l\u2019aumento \u00e8 stato giustificato da spese per il rinnovo contrattuale degli OSS (ancora in fase di definizione) e da accantonamenti per una controversia di cui il gruppo ha chiesto chiarimenti. Pur condividendo la necessit\u00e0 di garantire una retribuzione equa agli operatori sanitari, <em>Sedico Con Gioia<\/em> critica la scelta di scaricare interamente questi costi sulle famiglie, senza valutare altre coperture, come i maggiori introiti dell\u2019Addizionale Comunale (+90.000\u20ac). Il gruppo conclude denunciando la scarsa sensibilit\u00e0 dell\u2019amministrazione verso la tutela sociale e il supporto alle fasce pi\u00f9 deboli della popolazione.<\/p>\n<p>&nbsp;<\/p>\n<p>&nbsp;<\/p>\n<hr \/>\n<p>&nbsp;<\/p>\n<h1 class=\"_title post-title entry-title\">BELLUNO | 27 GENNAIO 1945 \u2013 27 GENNAIO 2025: IL DOVERE DELLA MEMORIA<\/h1>\n<p>Intervistati OSCAR DE PELLEGRIN (SINDACO DI BELLUNO), ROSSELLA CARUSO (VICE PREFETTO AGGIUNTO BELLUNO), RAFFAELE ADDAMIANO (ASSESSORE CULTURA COMUNE DI BELLUNO) (Servizio di\u00a0<a href=\"https:\/\/antennatre.medianordest.it\/redazione\/Tiziana-Bolognani\/\">Tiziana Bolognani<\/a>)<\/p>\n<p><iframe loading=\"lazy\" title=\"27 GENNAIO 1945 - 27 GENNAIO 2025: IL DOVERE DELLA MEMORIA | 27\/01\/2025\" width=\"1200\" height=\"675\" src=\"https:\/\/www.youtube.com\/embed\/fP2p5wgI7Gg?feature=oembed\" frameborder=\"0\" allow=\"accelerometer; autoplay; clipboard-write; encrypted-media; gyroscope; picture-in-picture; web-share\" referrerpolicy=\"strict-origin-when-cross-origin\" allowfullscreen><\/iframe><\/p>\n<p>&nbsp;<\/p>\n<hr \/>\n<p>&nbsp;<\/p>\n<blockquote>\n<h2>NEVICATE RECORD 2025&#8230; SOTTO ALL&#8217;AGNER ore 4.30 del 28 gennaio 2025<\/h2>\n<\/blockquote>\n<p><a class=\"dt-pswp-item\" href=\"https:\/\/www.radiopiu.net\/wordpress\/wp-content\/uploads\/2025\/01\/a9783cce-60e7-4e74-8bb6-921692e9a4cd.jpg\" data-dt-img-description=\"\" data-large_image_width=\"700\" data-large_image_height=\"410\"><img loading=\"lazy\" decoding=\"async\" class=\"alignnone wp-image-431733 size-full\" src=\"https:\/\/www.radiopiu.net\/wordpress\/wp-content\/uploads\/2025\/01\/a9783cce-60e7-4e74-8bb6-921692e9a4cd.jpg\" alt=\"\" width=\"700\" height=\"410\" srcset=\"https:\/\/www.radiopiu.net\/wordpress\/wp-content\/uploads\/2025\/01\/a9783cce-60e7-4e74-8bb6-921692e9a4cd.jpg 700w, https:\/\/www.radiopiu.net\/wordpress\/wp-content\/uploads\/2025\/01\/a9783cce-60e7-4e74-8bb6-921692e9a4cd-300x176.jpg 300w\" sizes=\"auto, (max-width: 700px) 100vw, 700px\" \/><\/a><\/p>\n<p>&nbsp;<\/p>\n<hr \/>\n<p>&nbsp;<\/p>\n<blockquote>\n<h1><a class=\"dt-pswp-item\" href=\"https:\/\/www.radiopiu.net\/wordpress\/wp-content\/uploads\/2025\/01\/Senza-nome-83.png\" data-dt-img-description=\"\" data-large_image_width=\"688\" data-large_image_height=\"523\"><img loading=\"lazy\" decoding=\"async\" class=\" wp-image-431647 alignleft\" src=\"https:\/\/www.radiopiu.net\/wordpress\/wp-content\/uploads\/2025\/01\/Senza-nome-83-300x228.png\" alt=\"\" width=\"223\" height=\"169\" srcset=\"https:\/\/www.radiopiu.net\/wordpress\/wp-content\/uploads\/2025\/01\/Senza-nome-83-300x228.png 300w, https:\/\/www.radiopiu.net\/wordpress\/wp-content\/uploads\/2025\/01\/Senza-nome-83.png 688w\" sizes=\"auto, (max-width: 223px) 100vw, 223px\" \/><\/a>BOLZANO SUL LAGO<\/h1>\n<\/blockquote>\n<p><strong>BOLZANO<\/strong> Il capoluogo alto atesino si \u00e8 svegliato come un un sogno affacciato sul lago, dove si specchia la Civetta. Pi\u00f9 che un sogno, l&#8217;immagine sul video del computer di un noto sito Ceko che alla citt\u00e0 di Bolzano ha aggiunto le bellezze alleghesi, in altra provincia e regione, come noto.<\/p>\n<blockquote><p><em>&#8220;Dove andare in inverno? Dovresti assolutamente pianificare un viaggio nella citt\u00e0 dove la precisione austriaca incontra lo stile italiano. Esperienze indimenticabili e tante bellezze ti offrono Bolzano, Italia&#8221;.<\/em><\/p><\/blockquote>\n<p><strong>sito <span style=\"color: #0000ff;\"><a style=\"color: #0000ff;\" href=\"https:\/\/www.svetcestovatele.cz\/bolzano-jako-nejmalebnejsi-zimni-destinace-na-svete-ktera-je-rajem-i-pro-cechy\/?fbclid=IwY2xjawIEckdleHRuA2FlbQIxMAABHfqTvB3oSD9l2wjtLeW1zWGdwdmbZ-V2z8v4ZTN0f8XARdoNwvRUDvXSww_aem_yBemWIrma005JdAHYsR3-g\">CLICCA QUI\u00a0<\/a><\/span><\/strong><\/p>\n<p>&nbsp;<\/p>\n<p>&nbsp;<\/p>\n<p>&nbsp;<\/p>\n<hr \/>\n<p>&nbsp;<\/p>\n<blockquote>\n<h3><strong>A Falcade la 41\u00aa Settimana Bianca per non vedenti, con il supporto del 7\u00b0 Alpini<\/strong><\/h3>\n<\/blockquote>\n<p><a class=\"dt-pswp-item\" href=\"https:\/\/www.radiopiu.net\/wordpress\/wp-content\/uploads\/2025\/01\/download-9.jpg\" data-dt-img-description=\"\" data-large_image_width=\"276\" data-large_image_height=\"183\"><img loading=\"lazy\" decoding=\"async\" class=\"size-full wp-image-431712 alignleft\" src=\"https:\/\/www.radiopiu.net\/wordpress\/wp-content\/uploads\/2025\/01\/download-9.jpg\" alt=\"\" width=\"276\" height=\"183\" \/><\/a>Dal 19 al 26 gennaio Falcade ha ospitato la 41\u00aa Settimana Bianca per non vedenti e ipovedenti, evento di riferimento a livello europeo. Oltre cento partecipanti da tutta Italia hanno vissuto un\u2019esperienza di sport e inclusione, grazie al supporto del <em>7\u00b0 Alpini<\/em>, dell\u2019Associazione Nazionale Disabili Visivi e di istruttori specializzati.<\/p>\n<p>Le attivit\u00e0 si sono svolte sulle piste del <em>Centro Fondo Pietro Scola<\/em>, con sci di fondo, trekking e sci alpino, sempre sotto la guida di esperti. L\u2019iniziativa conferma l\u2019importanza dello sport nel superare barriere e valorizzare le abilit\u00e0 individuali.<\/p>\n<p>\u00abDa oltre dieci anni collaboriamo a questa manifestazione, rafforzando il nostro impegno per la crescita sociale e culturale delle persone con disabilit\u00e0 visive\u00bb \u2013 dichiarano gli Alpini del <em>7\u00b0 Reggimento<\/em>.<\/p>\n<p>&nbsp;<\/p>\n<p>&nbsp;<\/p>\n<p>&nbsp;<\/p>\n<p>&nbsp;<\/p>\n<hr \/>\n<blockquote>\n<h3><\/h3>\n<h3>PAOLO MALAGUTI ALL&#8217;ISTITUTO CATULLO DI BELLUNO<\/h3>\n<\/blockquote>\n<p><strong>BELLUNO<\/strong> Venerd\u00ec, dalle 10.30 alle 12.30, l\u2019Istituto superiore \u201cCatullo\u201d ospiter\u00e0 lo scrittore Paolo Malaguti per un incontro con gli studenti. Coordinati dalle docenti Bartolini, Celato, Ortolan, Piazza e Sarzetto, gli studenti accoglieranno l\u2019autore nell\u2019Aula Magna del Seminario. Malaguti presenter\u00e0 il suo romanzo <em>Piero fa la Merica<\/em> (Einaudi 2023), che gli alunni hanno letto e analizzato in classe con i docenti di lettere e lingua spagnola. Durante l\u2019incontro ci sar\u00e0 spazio per un dibattito, arricchito dagli interventi preparati dalle classi.<\/p>\n<p>&nbsp;<\/p>\n<p>&nbsp;<\/p>\n<hr \/>\n<p>&nbsp;<\/p>\n<blockquote>\n<h3>UNO SPETTACOLO SPECIALE AL TEATRO DINO BUZZATI DI BELLUNO<\/h3>\n<\/blockquote>\n<p><strong><a class=\"dt-pswp-item\" href=\"https:\/\/www.radiopiu.net\/wordpress\/wp-content\/uploads\/2025\/01\/periferia-scaled.jpg\" data-dt-img-description=\"\" data-large_image_width=\"2560\" data-large_image_height=\"1920\"><img loading=\"lazy\" decoding=\"async\" class=\" wp-image-431454 alignleft\" src=\"https:\/\/www.radiopiu.net\/wordpress\/wp-content\/uploads\/2025\/01\/periferia-300x225.jpg\" alt=\"\" width=\"181\" height=\"136\" srcset=\"https:\/\/www.radiopiu.net\/wordpress\/wp-content\/uploads\/2025\/01\/periferia-300x225.jpg 300w, https:\/\/www.radiopiu.net\/wordpress\/wp-content\/uploads\/2025\/01\/periferia-1024x768.jpg 1024w, https:\/\/www.radiopiu.net\/wordpress\/wp-content\/uploads\/2025\/01\/periferia-768x576.jpg 768w, https:\/\/www.radiopiu.net\/wordpress\/wp-content\/uploads\/2025\/01\/periferia-1536x1152.jpg 1536w, https:\/\/www.radiopiu.net\/wordpress\/wp-content\/uploads\/2025\/01\/periferia-2048x1536.jpg 2048w\" sizes=\"auto, (max-width: 181px) 100vw, 181px\" \/><\/a>BELLUNO <\/strong>Al Cartiere, micro-impresa che coinvolge persone con disabilit\u00e0, presenta il progetto teatrale <strong>\u201cPeriferia\u201d<\/strong>, in scena il 2 febbraio al Teatro Dino Buzzati. Realizzato grazie ai fondi regionali per il benessere delle persone con disturbi dello spettro autistico, il progetto include laboratori teatrali condotti da Grazia Capraro e Alberto Fornasati e musicali curati da Davide Rizzardi e Alessandro Casol. Il tema centrale \u00e8 la casa: un luogo immaginato come spazio personale e relazionale, dove i partecipanti hanno esplorato desideri e aspirazioni. Attraverso il teatro, si affronta il rapporto tra individualit\u00e0 e societ\u00e0, tra il \u201cdentro\u201d e il \u201cfuori\u201d, riflettendo sulla normalit\u00e0 e sull\u2019inclusione. I partecipanti sono attori, autori e musicisti, per un\u2019esperienza artistica collettiva che valorizza l\u2019unicit\u00e0 di ogni individuo.<\/p>\n<p>&nbsp;<\/p>\n<p>&nbsp;<\/p>\n<hr \/>\n<p>&nbsp;<\/p>\n<blockquote>\n<h3>LE MUSE E LE DOLOMITI OFFRONO PROVE GRATUITE DI CANTO<\/h3>\n<\/blockquote>\n<p><strong><a class=\"dt-pswp-item\" href=\"https:\/\/www.radiopiu.net\/wordpress\/wp-content\/uploads\/2022\/07\/LE-MUSE.png\" data-dt-img-description=\"\" data-large_image_width=\"750\" data-large_image_height=\"750\"><img loading=\"lazy\" decoding=\"async\" class=\" wp-image-288787 alignleft\" src=\"https:\/\/www.radiopiu.net\/wordpress\/wp-content\/uploads\/2022\/07\/LE-MUSE-300x300.png\" alt=\"\" width=\"101\" height=\"101\" srcset=\"https:\/\/www.radiopiu.net\/wordpress\/wp-content\/uploads\/2022\/07\/LE-MUSE-300x300.png 300w, https:\/\/www.radiopiu.net\/wordpress\/wp-content\/uploads\/2022\/07\/LE-MUSE-150x150.png 150w, https:\/\/www.radiopiu.net\/wordpress\/wp-content\/uploads\/2022\/07\/LE-MUSE.png 750w\" sizes=\"auto, (max-width: 101px) 100vw, 101px\" \/><\/a>REDAZIONE<\/strong> La Scuola Interregionale di Canto e Teatro, promossa dall&#8217;Associazione Le Muse e le Dolomiti, offre una formazione unica per giovani talenti a partire dai 6 anni nelle Dolomiti, con sedi ad Agordo, Caprile, Cavalese, Moena e Vallada Agordina. Gli studenti partecipano a lezioni settimanali e si uniscono nel Coro Teatrale Dolomitico per eventi speciali. Il progetto mira a sviluppare talento artistico e favorire socialit\u00e0, conoscendo meglio le comunit\u00e0 locali e creando legami tra i partecipanti. Il progetto \u00e8 patrocinato da enti locali e offre lezioni di prova gratuite a gennaio e febbraio 2025.<\/p>\n<p>&nbsp;<\/p>\n<div class=\"mb-2 flex gap-3 empty:hidden -ml-2\">\n<div class=\"items-center justify-start rounded-xl p-1 flex\">\n<div class=\"flex items-center\">\n<p>&nbsp;<\/p>\n<p>&nbsp;<\/p>\n<hr \/>\n<p>&nbsp;<\/p>\n<\/div>\n<\/div>\n<\/div>\n<p><strong><a class=\"dt-pswp-item\" href=\"https:\/\/www.radiopiu.net\/wordpress\/wp-content\/uploads\/2024\/11\/AMICI-MINERARI.png\" data-dt-img-description=\"\" data-large_image_width=\"209\" data-large_image_height=\"174\"><img loading=\"lazy\" decoding=\"async\" class=\" wp-image-419180 alignleft\" src=\"https:\/\/www.radiopiu.net\/wordpress\/wp-content\/uploads\/2024\/11\/AMICI-MINERARI.png\" alt=\"\" width=\"168\" height=\"140\" \/><\/a>&#8220;Con gli Amici dei Minerari: Serate d&#8217;Inverno \u2013 un viaggio tra storia, scienza e meraviglie. Incontri presso la Sala con T\u00e0-Mis. Non mancare!&#8221;<\/strong><\/p>\n<ul>\n<li><em>Venerd\u00ec 21 febbraio, ore 20:30<\/em>: &#8220;Il traforo del Brennero: studio, progettazione e realizzazione&#8221; \u2013 Relatori Vittorio Fenti e Mario Guadagnini.<\/li>\n<\/ul>\n<p><strong>Vivi la cultura e la passione per la montagna!<\/strong><\/p>\n<p>&nbsp;<\/p>\n<p>&nbsp;<\/p>\n<p>&nbsp;<\/p>\n<hr \/>\n<p>&nbsp;<\/p>\n<h2><span style=\"color: #ff00ff;\">IL NUOVO LIBRO DI LUISA MANFROI E MORENO DE ZAIACOMO<\/span><\/h2>\n<p><strong><a class=\"dt-pswp-item\" href=\"https:\/\/www.radiopiu.net\/wordpress\/wp-content\/uploads\/2024\/12\/Libro-Agordino-oltre-le-montagne-e-loceano.jpg\" data-dt-img-description=\"\" data-large_image_width=\"2048\" data-large_image_height=\"1457\"><img loading=\"lazy\" decoding=\"async\" class=\" wp-image-426201 alignleft\" src=\"https:\/\/www.radiopiu.net\/wordpress\/wp-content\/uploads\/2024\/12\/Libro-Agordino-oltre-le-montagne-e-loceano-300x213.jpg\" alt=\"\" width=\"201\" height=\"143\" srcset=\"https:\/\/www.radiopiu.net\/wordpress\/wp-content\/uploads\/2024\/12\/Libro-Agordino-oltre-le-montagne-e-loceano-300x213.jpg 300w, https:\/\/www.radiopiu.net\/wordpress\/wp-content\/uploads\/2024\/12\/Libro-Agordino-oltre-le-montagne-e-loceano-1024x729.jpg 1024w, https:\/\/www.radiopiu.net\/wordpress\/wp-content\/uploads\/2024\/12\/Libro-Agordino-oltre-le-montagne-e-loceano-768x546.jpg 768w, https:\/\/www.radiopiu.net\/wordpress\/wp-content\/uploads\/2024\/12\/Libro-Agordino-oltre-le-montagne-e-loceano-1536x1093.jpg 1536w, https:\/\/www.radiopiu.net\/wordpress\/wp-content\/uploads\/2024\/12\/Libro-Agordino-oltre-le-montagne-e-loceano.jpg 2048w\" sizes=\"auto, (max-width: 201px) 100vw, 201px\" \/><\/a>DI MIRKO MEZZACASA<\/strong><\/p>\n<p>OSPITI: Luisa Manfroi e Moreno De Zaiacomo<\/p>\n<audio class=\"wp-audio-shortcode\" id=\"audio-431563-10\" preload=\"none\" style=\"width: 100%;\" controls=\"controls\"><source type=\"audio\/mpeg\" src=\"https:\/\/www.radiopiu.net\/wordpress\/wp-content\/uploads\/2025\/01\/luisa-e-moreno-libro-oceano.mp3?_=10\" \/><a href=\"https:\/\/www.radiopiu.net\/wordpress\/wp-content\/uploads\/2025\/01\/luisa-e-moreno-libro-oceano.mp3\">https:\/\/www.radiopiu.net\/wordpress\/wp-content\/uploads\/2025\/01\/luisa-e-moreno-libro-oceano.mp3<\/a><\/audio>\n<p>&nbsp;<\/p>\n<blockquote>\n<h3>Recensione del libro \u201cDell\u2019Agordino: Cenni storici, statistici, naturali\u201d \u2013 A cura di Giuliano Laveder<\/h3>\n<\/blockquote>\n<p>La nuova pubblicazione <em>Dell\u2019Agordino: Cenni storici, statistici, naturali<\/em>, curata da Giuliano Laveder, rappresenta un&#8217;opera di grande valore per chi desidera approfondire la storia, la cultura e l\u2019ambiente di questo affascinante territorio montano. Edito dalla <strong>Tipografia Castaldi<\/strong>, il libro offre un viaggio attraverso i secoli, esplorando le tradizioni, i dati storici e le peculiarit\u00e0 naturali che caratterizzano l\u2019Agordino.<\/p>\n<p>L\u2019uscita dell\u2019opera \u00e8 accompagnata dal <strong>bollettino \u201cLe Campane del Poi\u201d<\/strong>, diretto da <strong>don Fabiano Del Favero<\/strong>, a testimonianza dell\u2019attenzione e dell\u2019impegno nel mantenere viva la memoria storica locale. Il volume \u00e8 disponibile presso Luigi Cadorin Fotografo <strong>(Agordo),<\/strong> l\u2019Ufficio Turistico\u00a0<strong> (Agordo),\u00a0<\/strong> Filo&#8217; di De Toffol Roberta a (<strong>Canale d&#8217;Agordo),\u00a0<\/strong> Ristorante Pizzeria Stella Alpina e il Bar J\u00e4ger<strong> (Voltago)\u00a0<\/strong> Latteria Agordina di Vallata a Toccol <strong>(Agordo)<\/strong><\/p>\n<p>Un libro imperdibile per appassionati di storia locale e amanti delle Dolomiti.<\/p>\n<p><a class=\"dt-pswp-item\" href=\"https:\/\/www.radiopiu.net\/wordpress\/wp-content\/uploads\/2025\/01\/Senza-nome-63.png\" data-dt-img-description=\"\" data-large_image_width=\"462\" data-large_image_height=\"338\"><img loading=\"lazy\" decoding=\"async\" class=\"size-medium wp-image-430520 aligncenter\" src=\"https:\/\/www.radiopiu.net\/wordpress\/wp-content\/uploads\/2025\/01\/Senza-nome-63-300x219.png\" alt=\"\" width=\"300\" height=\"219\" srcset=\"https:\/\/www.radiopiu.net\/wordpress\/wp-content\/uploads\/2025\/01\/Senza-nome-63-300x219.png 300w, https:\/\/www.radiopiu.net\/wordpress\/wp-content\/uploads\/2025\/01\/Senza-nome-63.png 462w\" sizes=\"auto, (max-width: 300px) 100vw, 300px\" \/><\/a><\/p>\n<p>&nbsp;<\/p>\n<p>&nbsp;<\/p>\n<p>&nbsp;<\/p>\n<hr \/>\n<p>&nbsp;<\/p>\n<blockquote>\n<h2><a class=\"dt-pswp-item\" href=\"https:\/\/www.radiopiu.net\/wordpress\/wp-content\/uploads\/2024\/01\/Foto-Carnevale_0001-9-scaled.jpg\" data-dt-img-description=\"\" data-large_image_width=\"1825\" data-large_image_height=\"2560\"><img loading=\"lazy\" decoding=\"async\" class=\"wp-image-371954 alignleft\" src=\"https:\/\/www.radiopiu.net\/wordpress\/wp-content\/uploads\/2024\/01\/Foto-Carnevale_0001-9-214x300.jpg\" alt=\"\" width=\"85\" height=\"119\" srcset=\"https:\/\/www.radiopiu.net\/wordpress\/wp-content\/uploads\/2024\/01\/Foto-Carnevale_0001-9-214x300.jpg 214w, https:\/\/www.radiopiu.net\/wordpress\/wp-content\/uploads\/2024\/01\/Foto-Carnevale_0001-9-730x1024.jpg 730w, https:\/\/www.radiopiu.net\/wordpress\/wp-content\/uploads\/2024\/01\/Foto-Carnevale_0001-9-768x1078.jpg 768w, https:\/\/www.radiopiu.net\/wordpress\/wp-content\/uploads\/2024\/01\/Foto-Carnevale_0001-9-1095x1536.jpg 1095w, https:\/\/www.radiopiu.net\/wordpress\/wp-content\/uploads\/2024\/01\/Foto-Carnevale_0001-9-1460x2048.jpg 1460w, https:\/\/www.radiopiu.net\/wordpress\/wp-content\/uploads\/2024\/01\/Foto-Carnevale_0001-9-scaled.jpg 1825w\" sizes=\"auto, (max-width: 85px) 100vw, 85px\" \/><\/a>APPUNTAMENTI COL CARNEVALE<\/h2>\n<\/blockquote>\n<p>Ritorna carnevai de la vai, mascherate tradizionali delle dolomiti agordine.\u00a0 I prossimi appuntamenti: 22 febbraio LASTE DI ROCCA PIETORE, 23 febbraio a Rivamonte Agordino, 1 Marzo Sottoguda di Rocca Pietore, e 2 marzo a CANALE D&#8217;AGORDO aspettiamo anche te, con la tua maschera, tradizionale o di fantasia<\/p>\n<p>&nbsp;<\/p>\n<p>&nbsp;<\/p>\n<hr \/>\n<p>&nbsp;<\/p>\n<blockquote>\n<h3>IL PRIMO FEBBRAIO TORNA LA CASPARETHA A CANALE D&#8217;AGORDO<\/h3>\n<\/blockquote>\n<p><strong>CANALE D&#8217;AGORDO<\/strong> La 16\u00aa edizione della Casparetha si terr\u00e0 il 1\u00b0 febbraio alle 19 con partenza dalla piazza di Canale d&#8217;Agordo. Una camminata non competitiva di 5 km, con ciaspe o ramponcini. Le iscrizioni online, disponibili dal 15 gennaio 2025 su casparetha.com, sono limitate a 1.000 partecipanti: 20\u20ac per adulti e 10\u20ac per i nati dal 2015 in poi. In loco, il costo sar\u00e0 di 23\u20ac per adulti e 12\u20ac per i nati dal 2015 in poi, con iscrizioni presso la Pro Loco il 28, 29 e 30 gennaio (17:00-19:00). \u00c8 possibile noleggiare ciaspe a 7\u20ac, ma non \u00e8 obbligatorio. Per dettagli, visita casparetha.com o i social @casparetha.<\/p>\n<p><span style=\"color: #ff0000;\"><strong>PRESENTAZIONE UFFICIALE ALLA RADIO&#8230; LA PROSSIMA SETTIMANA NEL REPORTER DELLE 10.30<\/strong><\/span><\/p>\n\n\t\t\t<style type='text\/css'>\n\t\t\t\t#gallery-4 {\n\t\t\t\t\tmargin: auto;\n\t\t\t\t}\n\t\t\t\t#gallery-4 .gallery-item {\n\t\t\t\t\tfloat: left;\n\t\t\t\t\tmargin-top: 10px;\n\t\t\t\t\ttext-align: center;\n\t\t\t\t\twidth: 50%;\n\t\t\t\t}\n\t\t\t\t#gallery-4 img {\n\t\t\t\t\tborder: 2px solid #cfcfcf;\n\t\t\t\t}\n\t\t\t\t#gallery-4 .gallery-caption {\n\t\t\t\t\tmargin-left: 0;\n\t\t\t\t}\n\t\t\t\t\/* see gallery_shortcode() in wp-includes\/media.php *\/\n\t\t\t<\/style>\n\t\t<div id='gallery-4' class='dt-gallery-container gallery galleryid-431563 gallery-columns-2 gallery-size-medium'><dl class='gallery-item'>\n\t\t\t\t<dt class='gallery-icon landscape'>\n\t\t\t\t\t<a class=\"rollover rollover-zoom dt-pswp-item\" title=\"Fronte\" data-dt-img-description=\"\" data-large_image_width=\"1600\" data-large_image_height=\"1150\"href='https:\/\/www.radiopiu.net\/wordpress\/wp-content\/uploads\/2025\/01\/Fronte.jpeg'><img loading=\"lazy\" decoding=\"async\" width=\"300\" height=\"216\" src=\"https:\/\/www.radiopiu.net\/wordpress\/wp-content\/uploads\/2025\/01\/Fronte-300x216.jpeg\" class=\"attachment-medium size-medium\" alt=\"\" srcset=\"https:\/\/www.radiopiu.net\/wordpress\/wp-content\/uploads\/2025\/01\/Fronte-300x216.jpeg 300w, https:\/\/www.radiopiu.net\/wordpress\/wp-content\/uploads\/2025\/01\/Fronte-1024x736.jpeg 1024w, https:\/\/www.radiopiu.net\/wordpress\/wp-content\/uploads\/2025\/01\/Fronte-768x552.jpeg 768w, https:\/\/www.radiopiu.net\/wordpress\/wp-content\/uploads\/2025\/01\/Fronte-1536x1104.jpeg 1536w, https:\/\/www.radiopiu.net\/wordpress\/wp-content\/uploads\/2025\/01\/Fronte.jpeg 1600w\" sizes=\"auto, (max-width: 300px) 100vw, 300px\" \/><\/a>\n\t\t\t\t<\/dt><\/dl><dl class='gallery-item'>\n\t\t\t\t<dt class='gallery-icon landscape'>\n\t\t\t\t\t<a class=\"rollover rollover-zoom dt-pswp-item\" title=\"Retro\" data-dt-img-description=\"\" data-large_image_width=\"1600\" data-large_image_height=\"1143\"href='https:\/\/www.radiopiu.net\/wordpress\/wp-content\/uploads\/2025\/01\/Retro.jpeg'><img loading=\"lazy\" decoding=\"async\" width=\"300\" height=\"214\" src=\"https:\/\/www.radiopiu.net\/wordpress\/wp-content\/uploads\/2025\/01\/Retro-300x214.jpeg\" class=\"attachment-medium size-medium\" alt=\"\" srcset=\"https:\/\/www.radiopiu.net\/wordpress\/wp-content\/uploads\/2025\/01\/Retro-300x214.jpeg 300w, https:\/\/www.radiopiu.net\/wordpress\/wp-content\/uploads\/2025\/01\/Retro-1024x732.jpeg 1024w, https:\/\/www.radiopiu.net\/wordpress\/wp-content\/uploads\/2025\/01\/Retro-768x549.jpeg 768w, https:\/\/www.radiopiu.net\/wordpress\/wp-content\/uploads\/2025\/01\/Retro-1536x1097.jpeg 1536w, https:\/\/www.radiopiu.net\/wordpress\/wp-content\/uploads\/2025\/01\/Retro.jpeg 1600w\" sizes=\"auto, (max-width: 300px) 100vw, 300px\" \/><\/a>\n\t\t\t\t<\/dt><\/dl><br style=\"clear: both\" \/>\n\t\t\t<\/div>\n\n<p>&nbsp;<\/p>\n<h2><span style=\"color: #ff9900;\">TORNA LA CASPARETHA A CANALE D&#8217;AGORDO<\/span><\/h2>\n<p><strong><a class=\"dt-pswp-item\" href=\"https:\/\/www.radiopiu.net\/wordpress\/wp-content\/uploads\/2025\/01\/casparetha-cover-e1626294765175.jpg\" data-dt-img-description=\"\" data-large_image_width=\"1000\" data-large_image_height=\"650\"><img loading=\"lazy\" decoding=\"async\" class=\" wp-image-429697 alignleft\" src=\"https:\/\/www.radiopiu.net\/wordpress\/wp-content\/uploads\/2025\/01\/casparetha-cover-e1626294765175-300x195.jpg\" alt=\"\" width=\"212\" height=\"138\" srcset=\"https:\/\/www.radiopiu.net\/wordpress\/wp-content\/uploads\/2025\/01\/casparetha-cover-e1626294765175-300x195.jpg 300w, https:\/\/www.radiopiu.net\/wordpress\/wp-content\/uploads\/2025\/01\/casparetha-cover-e1626294765175-768x499.jpg 768w, https:\/\/www.radiopiu.net\/wordpress\/wp-content\/uploads\/2025\/01\/casparetha-cover-e1626294765175.jpg 1000w\" sizes=\"auto, (max-width: 212px) 100vw, 212px\" \/><\/a>DI MIRKO MEZZACASA<\/strong><\/p>\n<p>OSPITI: Mirko Tancon ed Emil Tancon<\/p>\n<audio class=\"wp-audio-shortcode\" id=\"audio-431563-11\" preload=\"none\" style=\"width: 100%;\" controls=\"controls\"><source type=\"audio\/mpeg\" src=\"https:\/\/www.radiopiu.net\/wordpress\/wp-content\/uploads\/2025\/01\/casparegha-2025-canale.mp3?_=11\" \/><a href=\"https:\/\/www.radiopiu.net\/wordpress\/wp-content\/uploads\/2025\/01\/casparegha-2025-canale.mp3\">https:\/\/www.radiopiu.net\/wordpress\/wp-content\/uploads\/2025\/01\/casparegha-2025-canale.mp3<\/a><\/audio>\n<p>&nbsp;<\/p>\n<p>&nbsp;<\/p>\n<hr \/>\n<p>&nbsp;<\/p>\n<p>&nbsp;<\/p>\n<p><strong><a class=\"dt-pswp-item\" href=\"https:\/\/www.radiopiu.net\/wordpress\/wp-content\/uploads\/2025\/01\/d8ab62da-aba7-455c-8632-184910af88dc.jpg\" data-dt-img-description=\"\" data-large_image_width=\"1134\" data-large_image_height=\"1600\"><img loading=\"lazy\" decoding=\"async\" class=\"wp-image-431685 alignleft\" src=\"https:\/\/www.radiopiu.net\/wordpress\/wp-content\/uploads\/2025\/01\/d8ab62da-aba7-455c-8632-184910af88dc-213x300.jpg\" alt=\"\" width=\"142\" height=\"200\" srcset=\"https:\/\/www.radiopiu.net\/wordpress\/wp-content\/uploads\/2025\/01\/d8ab62da-aba7-455c-8632-184910af88dc-213x300.jpg 213w, https:\/\/www.radiopiu.net\/wordpress\/wp-content\/uploads\/2025\/01\/d8ab62da-aba7-455c-8632-184910af88dc-726x1024.jpg 726w, https:\/\/www.radiopiu.net\/wordpress\/wp-content\/uploads\/2025\/01\/d8ab62da-aba7-455c-8632-184910af88dc-768x1084.jpg 768w, https:\/\/www.radiopiu.net\/wordpress\/wp-content\/uploads\/2025\/01\/d8ab62da-aba7-455c-8632-184910af88dc-1089x1536.jpg 1089w, https:\/\/www.radiopiu.net\/wordpress\/wp-content\/uploads\/2025\/01\/d8ab62da-aba7-455c-8632-184910af88dc.jpg 1134w\" sizes=\"auto, (max-width: 142px) 100vw, 142px\" \/><\/a>La famiglia ex emigranti dell&#8217;agordino ti invita al gran ballo di San Valentino<\/strong><\/p>\n<p>Venerdi 14 febbraio al Nof Filo&#8217; di Cencenighe&#8230;<br \/>\nPer l&#8217;ultima volta, gli ultimi balli prima della ristrutturazione della storica e gloriosa sala.<br \/>\nDalle 21&#8230; con la musica degli ORO PURO&#8230;all other music<br \/>\nBiglietto ridotto per i coscritti del 2005, 1985, 1965 e 1945 dell&#8217;Agordino<\/p>\n<p>Gran Ballo di San Valentino, venerdi 14 febbraio&#8230; nof filo&#8217;&#8230;. cencenighe<\/p>\n<p>&nbsp;<\/p>\n<p>&nbsp;<\/p>\n<p>&nbsp;<\/p>\n<p>&nbsp;<\/p>\n<hr \/>\n<p>&nbsp;<\/p>\n<p><strong><a class=\"dt-pswp-item\" href=\"https:\/\/www.radiopiu.net\/wordpress\/wp-content\/uploads\/2025\/01\/f3df1628-8254-4b99-80ee-8393db63af21.jpg\" data-dt-img-description=\"\" data-large_image_width=\"1446\" data-large_image_height=\"2048\"><img loading=\"lazy\" decoding=\"async\" class=\"size-medium wp-image-431684 alignleft\" src=\"https:\/\/www.radiopiu.net\/wordpress\/wp-content\/uploads\/2025\/01\/f3df1628-8254-4b99-80ee-8393db63af21-212x300.jpg\" alt=\"\" width=\"212\" height=\"300\" srcset=\"https:\/\/www.radiopiu.net\/wordpress\/wp-content\/uploads\/2025\/01\/f3df1628-8254-4b99-80ee-8393db63af21-212x300.jpg 212w, https:\/\/www.radiopiu.net\/wordpress\/wp-content\/uploads\/2025\/01\/f3df1628-8254-4b99-80ee-8393db63af21-723x1024.jpg 723w, https:\/\/www.radiopiu.net\/wordpress\/wp-content\/uploads\/2025\/01\/f3df1628-8254-4b99-80ee-8393db63af21-768x1088.jpg 768w, https:\/\/www.radiopiu.net\/wordpress\/wp-content\/uploads\/2025\/01\/f3df1628-8254-4b99-80ee-8393db63af21-1085x1536.jpg 1085w, https:\/\/www.radiopiu.net\/wordpress\/wp-content\/uploads\/2025\/01\/f3df1628-8254-4b99-80ee-8393db63af21.jpg 1446w\" sizes=\"auto, (max-width: 212px) 100vw, 212px\" \/><\/a>NOF FILO&#8217;&#8230; The last night.<\/strong><br \/>\nRivivi in una notte 40 anni di musica dance.\u00a0 Ottanta voglia di dance&#8230; e la paura fa Novanta<br \/>\nLE ROCCE: Moreno Tocchetto, Dj Fabio Lazzarini, Dj Morgan e Battaglia<br \/>\ncocktail lounge by Oh per Bacco WIne<br \/>\nConsumazione gratuita con dress code winter, vintage anni ottanta e novanta<br \/>\nIngresso libero e servizio &#8220;taxy Thomas&#8221;<br \/>\nIn diretta su RADIOPIU<\/p>\n<p>con il sostegno di Mobilificio Collarin Emozioni in legno, qualit\u00e0 artigianale per arredare i tuoi spazi. Concessionario Cucine Scavolini, \u00a0 arredamenti, mobili e finiture su misura nel caratteristico stile di montagna come con l\u2019abete massiccio. Progettazione, arredamento di montagna e moderno per il giorno e per la notte. A\u00a0 Cencenighe in via xx settembre<\/p>\n<p>&nbsp;<\/p>\n<p>&nbsp;<\/p>\n<p>&nbsp;<\/p>\n<p>&nbsp;<\/p>\n<p>&nbsp;<\/p>\n<hr \/>\n<p>&nbsp;<\/p>\n<blockquote>\n<h3>LA MOSTRA ITINERANTE SUI GEMELLAGGI E PATTI D&#8217;AMICIZIA<\/h3>\n<\/blockquote>\n<p><strong>BELLUNO<\/strong> La mostra itinerante \u201cGemellaggi e Patti di amicizia in provincia di Belluno\u201d arriva a Puos d\u2019Alpago, con inaugurazione il 2 febbraio alle 17:00. Durante l\u2019evento sar\u00e0 presentato il libro di Egidio Pasuch sulla tragedia di Marcinelle. L\u2019esposizione, lunga 25 metri, coinvolge 25 Comuni e celebra i legami internazionali del Bellunese. Visitabile fino al 2 marzo con ingresso gratuito.<\/p>\n<p>&nbsp;<\/p>\n<p>&nbsp;<\/p>\n<hr \/>\n<p>&nbsp;<\/p>\n<blockquote class=\"wp-embedded-content\" data-secret=\"ES5wnyD8pK\"><p><a href=\"https:\/\/www.radiopiu.net\/wordpress\/lad08aaaa\/\">&#8220;NCONTONSE&#8221; IN LADINO SU RADIO PI\u00d9<\/a><\/p><\/blockquote>\n<p><iframe loading=\"lazy\" class=\"wp-embedded-content\" sandbox=\"allow-scripts\" security=\"restricted\" style=\"position: absolute; visibility: hidden;\" title=\"&#8220;&#8220;NCONTONSE&#8221; IN LADINO SU RADIO PI\u00d9&#8221; &#8212; Radio Pi\u00f9\" src=\"https:\/\/www.radiopiu.net\/wordpress\/lad08aaaa\/embed\/#?secret=4G3DHVDmA2#?secret=ES5wnyD8pK\" data-secret=\"ES5wnyD8pK\" width=\"600\" height=\"338\" frameborder=\"0\" marginwidth=\"0\" marginheight=\"0\" scrolling=\"no\"><\/iframe><\/p>\n<hr \/>\n<p>&nbsp;<\/p>\n<h1><span style=\"color: #ff6600;\">IERI ALLA RADIO<\/span><\/h1>\n<h2><span style=\"color: #008000;\">PERDITE IDRICHE DEGLI ACQUEDOTTI, LA PRIORITA&#8217; DI SIB<\/span><\/h2>\n<p><strong><a class=\"dt-pswp-item\" href=\"https:\/\/www.radiopiu.net\/wordpress\/wp-content\/uploads\/2025\/01\/Bim-GSP-Distrettualizzazione-Agordo-Posa-nuove-valvole-3.jpg\" data-dt-img-description=\"\" data-large_image_width=\"1920\" data-large_image_height=\"1080\"><img loading=\"lazy\" decoding=\"async\" class=\" wp-image-431597 alignleft\" src=\"https:\/\/www.radiopiu.net\/wordpress\/wp-content\/uploads\/2025\/01\/Bim-GSP-Distrettualizzazione-Agordo-Posa-nuove-valvole-3-300x169.jpg\" alt=\"\" width=\"202\" height=\"114\" srcset=\"https:\/\/www.radiopiu.net\/wordpress\/wp-content\/uploads\/2025\/01\/Bim-GSP-Distrettualizzazione-Agordo-Posa-nuove-valvole-3-300x169.jpg 300w, https:\/\/www.radiopiu.net\/wordpress\/wp-content\/uploads\/2025\/01\/Bim-GSP-Distrettualizzazione-Agordo-Posa-nuove-valvole-3-1024x576.jpg 1024w, https:\/\/www.radiopiu.net\/wordpress\/wp-content\/uploads\/2025\/01\/Bim-GSP-Distrettualizzazione-Agordo-Posa-nuove-valvole-3-768x432.jpg 768w, https:\/\/www.radiopiu.net\/wordpress\/wp-content\/uploads\/2025\/01\/Bim-GSP-Distrettualizzazione-Agordo-Posa-nuove-valvole-3-1536x864.jpg 1536w, https:\/\/www.radiopiu.net\/wordpress\/wp-content\/uploads\/2025\/01\/Bim-GSP-Distrettualizzazione-Agordo-Posa-nuove-valvole-3.jpg 1920w\" sizes=\"auto, (max-width: 202px) 100vw, 202px\" \/><\/a>DI BARBARA PAOLAZZI PER RADIO CLUB 103 DOLOMITI E RADIO PIU EMITTENTE AGORDINA\u00a0<\/strong><\/p>\n<p>OSPITE: Chiara Ciampolillo, ingegnere civile<\/p>\n<p>&nbsp;<\/p>\n<p>&nbsp;<\/p>\n<p><strong> AUDIO<\/strong><\/p>\n<audio class=\"wp-audio-shortcode\" id=\"audio-431563-12\" preload=\"none\" style=\"width: 100%;\" controls=\"controls\"><source type=\"audio\/mpeg\" src=\"https:\/\/www.radiopiu.net\/wordpress\/wp-content\/uploads\/2025\/01\/GSP-PUNTATA-01-GENNAIO-2025.mp3?_=12\" \/><a href=\"https:\/\/www.radiopiu.net\/wordpress\/wp-content\/uploads\/2025\/01\/GSP-PUNTATA-01-GENNAIO-2025.mp3\">https:\/\/www.radiopiu.net\/wordpress\/wp-content\/uploads\/2025\/01\/GSP-PUNTATA-01-GENNAIO-2025.mp3<\/a><\/audio>\n<p>&nbsp;<\/p>\n<p><strong>LA RACCOLTA COMPLETA<\/strong><\/p>\n<blockquote class=\"wp-embedded-content\" data-secret=\"URdiUmCtgi\"><p><a href=\"https:\/\/www.radiopiu.net\/wordpress\/gsp-informa\/\">SIB informa<\/a><\/p><\/blockquote>\n<p><iframe loading=\"lazy\" class=\"wp-embedded-content\" sandbox=\"allow-scripts\" security=\"restricted\" style=\"position: absolute; visibility: hidden;\" title=\"&#8220;SIB informa&#8221; &#8212; Radio Pi\u00f9\" src=\"https:\/\/www.radiopiu.net\/wordpress\/gsp-informa\/embed\/#?secret=ctrsUlT8qy#?secret=URdiUmCtgi\" data-secret=\"URdiUmCtgi\" width=\"600\" height=\"338\" frameborder=\"0\" marginwidth=\"0\" marginheight=\"0\" scrolling=\"no\"><\/iframe><\/p>\n<header class=\"entry-header\" aria-label=\"Contenuto\">\n<h1 class=\"entry-title\"><a class=\"dt-pswp-item\" href=\"https:\/\/www.radiopiu.net\/wordpress\/wp-content\/uploads\/2024\/12\/WhatsApp-Image-2024-12-13-at-11.29.03-1.jpg\" data-dt-img-description=\"\" data-large_image_width=\"800\" data-large_image_height=\"382\"><img loading=\"lazy\" decoding=\"async\" class=\"size-medium wp-image-426333 alignleft\" src=\"https:\/\/www.radiopiu.net\/wordpress\/wp-content\/uploads\/2024\/12\/WhatsApp-Image-2024-12-13-at-11.29.03-1-300x143.jpg\" alt=\"\" width=\"300\" height=\"143\" srcset=\"https:\/\/www.radiopiu.net\/wordpress\/wp-content\/uploads\/2024\/12\/WhatsApp-Image-2024-12-13-at-11.29.03-1-300x143.jpg 300w, https:\/\/www.radiopiu.net\/wordpress\/wp-content\/uploads\/2024\/12\/WhatsApp-Image-2024-12-13-at-11.29.03-1-768x367.jpg 768w, https:\/\/www.radiopiu.net\/wordpress\/wp-content\/uploads\/2024\/12\/WhatsApp-Image-2024-12-13-at-11.29.03-1.jpg 800w\" sizes=\"auto, (max-width: 300px) 100vw, 300px\" \/><\/a><span style=\"color: #cc99ff;\">\u201cL\u2019eredit\u00e0\u00a0delle\u00a0Olimpiadi\u00a01956\u201d \u00e8 la trasmissione prodotta da Radio Club 103 e in onda su \u201cLe Tre Radio\u201d con il patrocinio della Fondazione Cortina. Audio<\/span><\/h1>\n<div class=\"entry-meta\"><span class=\"posted-on\"><time class=\"entry-date published\" datetime=\"2024-12-17T09:48:00+01:00\">17 Dicembre 2024<\/time><\/span><\/div>\n<\/header>\n<div class=\"entry-content\">\n<p class=\"has-text-align-center\">Un viaggio nel passato che dal\u00a0<strong>17 dic<\/strong>embre e\u00a0per\u00a0due mesi\u00a0e\u00a0mezzo, accompagner\u00e0 alla\u00a0<strong>riscoperta\u00a0delle\u00a0storiche\u00a0Olimpiadi\u00a0Invernali di\u00a0Cortina\u00a0d\u2019Ampezzo\u00a0del\u00a01956<\/strong>, un evento che ha segnato la storia di\u00a0Cortina\u00a0e\u00a0dell\u2019Italia tutta.<\/p>\n<p><strong>PUNTATA 07<\/strong><\/p>\n<audio class=\"wp-audio-shortcode\" id=\"audio-431563-13\" preload=\"none\" style=\"width: 100%;\" controls=\"controls\"><source type=\"audio\/mpeg\" src=\"https:\/\/www.radiopiu.net\/wordpress\/wp-content\/uploads\/2025\/01\/ERIDITA-OLIMPIADI-7.mp3?_=13\" \/><a href=\"https:\/\/www.radiopiu.net\/wordpress\/wp-content\/uploads\/2025\/01\/ERIDITA-OLIMPIADI-7.mp3\">https:\/\/www.radiopiu.net\/wordpress\/wp-content\/uploads\/2025\/01\/ERIDITA-OLIMPIADI-7.mp3<\/a><\/audio>\n<p>&nbsp;<\/p>\n<p><strong>LA RACCOLTA COMPLETA <a href=\"https:\/\/www.radiopiu.net\/wordpress\/tre-radio-ununica-voce-tra-le-dolomiti-il-programma-olimpico\/\"><span style=\"color: #3366ff;\">CLICCA QUI<\/span><\/a><\/strong><\/p>\n<p>&nbsp;<\/p>\n<\/div>\n<p>&nbsp;<\/p>\n<hr \/>\n<p>&nbsp;<\/p>\n<h2><span style=\"color: #ff0000;\">OGGI COME IERI, TERZO ANNO. CON SILVIA BALDO<\/span><\/h2>\n<p><strong><a class=\"dt-pswp-item\" href=\"https:\/\/www.radiopiu.net\/wordpress\/wp-content\/uploads\/2022\/01\/1637310723897_Giornata-della-Memoria.jpg\" data-dt-img-description=\"\" data-large_image_width=\"1900\" data-large_image_height=\"1069\"><img loading=\"lazy\" decoding=\"async\" class=\" wp-image-256367 alignleft\" src=\"https:\/\/www.radiopiu.net\/wordpress\/wp-content\/uploads\/2022\/01\/1637310723897_Giornata-della-Memoria-300x169.jpg\" alt=\"\" width=\"185\" height=\"104\" srcset=\"https:\/\/www.radiopiu.net\/wordpress\/wp-content\/uploads\/2022\/01\/1637310723897_Giornata-della-Memoria-300x169.jpg 300w, https:\/\/www.radiopiu.net\/wordpress\/wp-content\/uploads\/2022\/01\/1637310723897_Giornata-della-Memoria-1024x576.jpg 1024w, https:\/\/www.radiopiu.net\/wordpress\/wp-content\/uploads\/2022\/01\/1637310723897_Giornata-della-Memoria-768x432.jpg 768w, https:\/\/www.radiopiu.net\/wordpress\/wp-content\/uploads\/2022\/01\/1637310723897_Giornata-della-Memoria-1536x864.jpg 1536w, https:\/\/www.radiopiu.net\/wordpress\/wp-content\/uploads\/2022\/01\/1637310723897_Giornata-della-Memoria.jpg 1900w\" sizes=\"auto, (max-width: 185px) 100vw, 185px\" \/><\/a>27 GENNAIO 2025 LA GIORNATA DELLA MEMORIA<\/strong><\/p>\n<audio class=\"wp-audio-shortcode\" id=\"audio-431563-14\" preload=\"none\" style=\"width: 100%;\" controls=\"controls\"><source type=\"audio\/mpeg\" src=\"https:\/\/www.radiopiu.net\/wordpress\/wp-content\/uploads\/2025\/01\/SIBI-4.mp3?_=14\" \/><a href=\"https:\/\/www.radiopiu.net\/wordpress\/wp-content\/uploads\/2025\/01\/SIBI-4.mp3\">https:\/\/www.radiopiu.net\/wordpress\/wp-content\/uploads\/2025\/01\/SIBI-4.mp3<\/a><\/audio>\n<p>&nbsp;<\/p>\n<p><strong>LA RACCOLTA COMPLETA <span style=\"color: #0000ff;\"><a style=\"color: #0000ff;\" href=\"https:\/\/www.radiopiu.net\/wordpress\/oggi-come-ieri-terzo-anno-con-silvia-baldo\/\">CLICCA QUI<\/a><\/span><\/strong><\/p>\n<p>&nbsp;<\/p>\n<blockquote class=\"wp-embedded-content\" data-secret=\"S3qsQj6PrX\"><p><a href=\"https:\/\/www.radiopiu.net\/wordpress\/il-bianco-e-nero-dagli-archivi-di-giuliano-laveder\/\">IL BIANCO E NERO DAGLI ARCHIVI DI GIULIANO LAVEDER<\/a><\/p><\/blockquote>\n<p><iframe loading=\"lazy\" class=\"wp-embedded-content\" sandbox=\"allow-scripts\" security=\"restricted\" style=\"position: absolute; visibility: hidden;\" title=\"&#8220;IL BIANCO E NERO DAGLI ARCHIVI DI GIULIANO LAVEDER&#8221; &#8212; Radio Pi\u00f9\" src=\"https:\/\/www.radiopiu.net\/wordpress\/il-bianco-e-nero-dagli-archivi-di-giuliano-laveder\/embed\/#?secret=PwWkVKqbj1#?secret=S3qsQj6PrX\" data-secret=\"S3qsQj6PrX\" width=\"600\" height=\"338\" frameborder=\"0\" marginwidth=\"0\" marginheight=\"0\" scrolling=\"no\"><\/iframe><\/p>\n<p>&nbsp;<\/p>\n<p>&nbsp;<\/p>\n<blockquote class=\"wp-embedded-content\" data-secret=\"Eja86b3KsE\"><p><a href=\"https:\/\/www.radiopiu.net\/wordpress\/431653-2\/\">ANNI TRENTA, LE SCUOLE DI LISTOLADE (TAIBON AGORDINO)<\/a><\/p><\/blockquote>\n<p><iframe loading=\"lazy\" class=\"wp-embedded-content\" sandbox=\"allow-scripts\" security=\"restricted\" style=\"position: absolute; visibility: hidden;\" title=\"&#8220;ANNI TRENTA, LE SCUOLE DI LISTOLADE (TAIBON AGORDINO)&#8221; &#8212; Radio Pi\u00f9\" src=\"https:\/\/www.radiopiu.net\/wordpress\/431653-2\/embed\/#?secret=GPnFavzxLT#?secret=Eja86b3KsE\" data-secret=\"Eja86b3KsE\" width=\"600\" height=\"338\" frameborder=\"0\" marginwidth=\"0\" marginheight=\"0\" scrolling=\"no\"><\/iframe><\/p>\n<hr \/>\n<p>&nbsp;<\/p>\n<h2><span style=\"color: #000080;\">RITRATTI SONORI, IL PROGRAMMA DI ALESSIA DALL&#8217;O&#8217; <\/span><\/h2>\n<p><span style=\"color: #ff0000;\"><strong><a class=\"dt-pswp-item\" href=\"https:\/\/www.radiopiu.net\/wordpress\/wp-content\/uploads\/2025\/01\/cd853be1-1e20-48c7-b605-9f6f089d9c82.jpg\" data-dt-img-description=\"\" data-large_image_width=\"2048\" data-large_image_height=\"1536\"><img loading=\"lazy\" decoding=\"async\" class=\" wp-image-431587 alignleft\" src=\"https:\/\/www.radiopiu.net\/wordpress\/wp-content\/uploads\/2025\/01\/cd853be1-1e20-48c7-b605-9f6f089d9c82-300x225.jpg\" alt=\"\" width=\"175\" height=\"131\" srcset=\"https:\/\/www.radiopiu.net\/wordpress\/wp-content\/uploads\/2025\/01\/cd853be1-1e20-48c7-b605-9f6f089d9c82-300x225.jpg 300w, https:\/\/www.radiopiu.net\/wordpress\/wp-content\/uploads\/2025\/01\/cd853be1-1e20-48c7-b605-9f6f089d9c82-1024x768.jpg 1024w, https:\/\/www.radiopiu.net\/wordpress\/wp-content\/uploads\/2025\/01\/cd853be1-1e20-48c7-b605-9f6f089d9c82-768x576.jpg 768w, https:\/\/www.radiopiu.net\/wordpress\/wp-content\/uploads\/2025\/01\/cd853be1-1e20-48c7-b605-9f6f089d9c82-1536x1152.jpg 1536w, https:\/\/www.radiopiu.net\/wordpress\/wp-content\/uploads\/2025\/01\/cd853be1-1e20-48c7-b605-9f6f089d9c82.jpg 2048w\" sizes=\"auto, (max-width: 175px) 100vw, 175px\" \/><\/a>PUNTATA 12 &#8211; BRICIOLE DI LUCE<\/strong><\/span><\/p>\n<p>PRIMA PARTE<\/p>\n<audio class=\"wp-audio-shortcode\" id=\"audio-431563-15\" preload=\"none\" style=\"width: 100%;\" controls=\"controls\"><source type=\"audio\/mpeg\" src=\"https:\/\/www.radiopiu.net\/wordpress\/wp-content\/uploads\/2025\/01\/RF1-3.mp3?_=15\" \/><a href=\"https:\/\/www.radiopiu.net\/wordpress\/wp-content\/uploads\/2025\/01\/RF1-3.mp3\">https:\/\/www.radiopiu.net\/wordpress\/wp-content\/uploads\/2025\/01\/RF1-3.mp3<\/a><\/audio>\n<p>&nbsp;<\/p>\n<p>SECONDA PARTE<\/p>\n<audio class=\"wp-audio-shortcode\" id=\"audio-431563-16\" preload=\"none\" style=\"width: 100%;\" controls=\"controls\"><source type=\"audio\/mpeg\" src=\"https:\/\/www.radiopiu.net\/wordpress\/wp-content\/uploads\/2025\/01\/RF2-3.mp3?_=16\" \/><a href=\"https:\/\/www.radiopiu.net\/wordpress\/wp-content\/uploads\/2025\/01\/RF2-3.mp3\">https:\/\/www.radiopiu.net\/wordpress\/wp-content\/uploads\/2025\/01\/RF2-3.mp3<\/a><\/audio>\n<p>&nbsp;<\/p>\n<p>TERZA PARTE<\/p>\n<audio class=\"wp-audio-shortcode\" id=\"audio-431563-17\" preload=\"none\" style=\"width: 100%;\" controls=\"controls\"><source type=\"audio\/mpeg\" src=\"https:\/\/www.radiopiu.net\/wordpress\/wp-content\/uploads\/2025\/01\/RF3-3.mp3?_=17\" \/><a href=\"https:\/\/www.radiopiu.net\/wordpress\/wp-content\/uploads\/2025\/01\/RF3-3.mp3\">https:\/\/www.radiopiu.net\/wordpress\/wp-content\/uploads\/2025\/01\/RF3-3.mp3<\/a><\/audio>\n<p>&nbsp;<\/p>\n<p><strong>LA RACCOLTA COMPLETA <a href=\"https:\/\/www.radiopiu.net\/wordpress\/ritratti-sonori-il-programma-di-alessia-dallo-la-raccolta\/\"><span style=\"color: #3366ff;\">CLICCA QUI<\/span><\/a><\/strong><\/p>\n<p>&nbsp;<\/p>\n<hr \/>\n<p>&nbsp;<\/p>\n<h2><span style=\"color: #00ccff;\">SALUTE E SOCIETA&#8217;<\/span><\/h2>\n<p><strong><a class=\"dt-pswp-item\" href=\"https:\/\/www.radiopiu.net\/wordpress\/wp-content\/uploads\/2025\/01\/1c1e54b7-d09f-1125-0184-e72bf881dfdc.jpg\" data-dt-img-description=\"\" data-large_image_width=\"800\" data-large_image_height=\"445\"><img loading=\"lazy\" decoding=\"async\" class=\" wp-image-431578 alignleft\" src=\"https:\/\/www.radiopiu.net\/wordpress\/wp-content\/uploads\/2025\/01\/1c1e54b7-d09f-1125-0184-e72bf881dfdc-300x167.jpg\" alt=\"\" width=\"198\" height=\"110\" srcset=\"https:\/\/www.radiopiu.net\/wordpress\/wp-content\/uploads\/2025\/01\/1c1e54b7-d09f-1125-0184-e72bf881dfdc-300x167.jpg 300w, https:\/\/www.radiopiu.net\/wordpress\/wp-content\/uploads\/2025\/01\/1c1e54b7-d09f-1125-0184-e72bf881dfdc-768x427.jpg 768w, https:\/\/www.radiopiu.net\/wordpress\/wp-content\/uploads\/2025\/01\/1c1e54b7-d09f-1125-0184-e72bf881dfdc.jpg 800w\" sizes=\"auto, (max-width: 198px) 100vw, 198px\" \/><\/a>PUNTATA DEL 27 GENNAIO 2025<\/strong><\/p>\n<p><strong>Target Therapy <\/strong>Ivosidenib \u00e8 un nuovo trattamento orale a bersaglio molecolare, inibitore selettivo dell&#8217;enzima Isocitrato Deidrogenasi 1 mutato (IDH1), coinvolto nel processo di oncogenesi di molti tumori, tra cui il colangiocarcinoma e la leucemia mieloide acuta. <strong>Vaccino antipneumococcico <\/strong>Presentato in Regione Lombardia un progetto sperimentale di per la somministrazione nelle farmacie del vaccino antipneumococcico che, nei prossimi 6 mesi, interesser\u00e0 le ATS Brianza e Val Padana nelle province di Monza-Brianza, Lecco, Cremona e che sar\u00e0 riservato ai residenti in et\u00e0 compresa tra i 65 e i 72 anni.<\/p>\n<audio class=\"wp-audio-shortcode\" id=\"audio-431563-18\" preload=\"none\" style=\"width: 100%;\" controls=\"controls\"><source type=\"audio\/mpeg\" src=\"https:\/\/www.radiopiu.net\/wordpress\/wp-content\/uploads\/2025\/01\/SALUTE-3.mp3?_=18\" \/><a href=\"https:\/\/www.radiopiu.net\/wordpress\/wp-content\/uploads\/2025\/01\/SALUTE-3.mp3\">https:\/\/www.radiopiu.net\/wordpress\/wp-content\/uploads\/2025\/01\/SALUTE-3.mp3<\/a><\/audio>\n<p><strong>RACCOLTA COMPLETA DAL SITO DI RADOPIU <span style=\"color: #0000ff;\"><a style=\"color: #0000ff;\" href=\"https:\/\/www.radiopiu.net\/wordpress\/saluteesocieta\/\">CLICCA QUI<\/a><\/span><\/strong><\/p>\n<p>&nbsp;<\/p>\n<hr \/>\n<p>&nbsp;<\/p>\n<h2><span style=\"color: #99cc00;\">COSA GUARDO STASERA IN TV?&#8230;CON PAOLA LANCIATO<\/span><\/h2>\n<h1><span style=\"color: #ff0000;\"><strong><a class=\"dt-pswp-item\" href=\"https:\/\/www.radiopiu.net\/wordpress\/wp-content\/uploads\/2025\/01\/ab2bd379-2e08-41a4-8c1e-e00cd9b5536e.jpg\" data-dt-img-description=\"\" data-large_image_width=\"750\" data-large_image_height=\"1000\"><img loading=\"lazy\" decoding=\"async\" class=\"size-medium wp-image-431590 alignleft\" src=\"https:\/\/www.radiopiu.net\/wordpress\/wp-content\/uploads\/2025\/01\/ab2bd379-2e08-41a4-8c1e-e00cd9b5536e-225x300.jpg\" alt=\"\" width=\"225\" height=\"300\" srcset=\"https:\/\/www.radiopiu.net\/wordpress\/wp-content\/uploads\/2025\/01\/ab2bd379-2e08-41a4-8c1e-e00cd9b5536e-225x300.jpg 225w, https:\/\/www.radiopiu.net\/wordpress\/wp-content\/uploads\/2025\/01\/ab2bd379-2e08-41a4-8c1e-e00cd9b5536e.jpg 750w\" sizes=\"auto, (max-width: 225px) 100vw, 225px\" \/><\/a>Puntata 19 del 27 gennaio 2025<\/strong><\/span><\/h1>\n<audio class=\"wp-audio-shortcode\" id=\"audio-431563-19\" preload=\"none\" style=\"width: 100%;\" controls=\"controls\"><source type=\"audio\/mpeg\" src=\"https:\/\/www.radiopiu.net\/wordpress\/wp-content\/uploads\/2025\/01\/CIAK1-2.mp3?_=19\" \/><a href=\"https:\/\/www.radiopiu.net\/wordpress\/wp-content\/uploads\/2025\/01\/CIAK1-2.mp3\">https:\/\/www.radiopiu.net\/wordpress\/wp-content\/uploads\/2025\/01\/CIAK1-2.mp3<\/a><\/audio>\n<p>&nbsp;<\/p>\n<p><strong>LA RACCOLTA COMPLETA <a href=\"https:\/\/www.radiopiu.net\/wordpress\/cosa-guardo-stasera-in-tv-con-paola-lanciato-la-raccolta\/\"><span style=\"color: #0000ff;\">CLICCA QUI<\/span><\/a><\/strong><\/p>\n<p>&nbsp;<\/p>\n<hr \/>\n<p>&nbsp;<\/p>\n<h2><span style=\"color: #ffcc00;\">I RACCONTI DI PAOLO SOPPELSA<\/span><\/h2>\n<p><strong>ARRIVA LA NEVE<\/strong><\/p>\n<p><strong>AUDIO<\/strong><\/p>\n<audio class=\"wp-audio-shortcode\" id=\"audio-431563-20\" preload=\"none\" style=\"width: 100%;\" controls=\"controls\"><source type=\"audio\/mpeg\" src=\"https:\/\/www.radiopiu.net\/wordpress\/wp-content\/uploads\/2025\/01\/PAOLOS-3.mp3?_=20\" \/><a href=\"https:\/\/www.radiopiu.net\/wordpress\/wp-content\/uploads\/2025\/01\/PAOLOS-3.mp3\">https:\/\/www.radiopiu.net\/wordpress\/wp-content\/uploads\/2025\/01\/PAOLOS-3.mp3<\/a><\/audio>\n<p>&nbsp;<\/p>\n<p><a class=\"dt-pswp-item\" href=\"https:\/\/www.radiopiu.net\/wordpress\/wp-content\/uploads\/2025\/01\/da193a1a-2dbd-455a-b3c1-646e89bcfa23.jpg\" data-dt-img-description=\"\" data-large_image_width=\"1600\" data-large_image_height=\"1200\"><img loading=\"lazy\" decoding=\"async\" class=\" wp-image-431463 alignleft\" src=\"https:\/\/www.radiopiu.net\/wordpress\/wp-content\/uploads\/2025\/01\/da193a1a-2dbd-455a-b3c1-646e89bcfa23-300x225.jpg\" alt=\"\" width=\"176\" height=\"132\" srcset=\"https:\/\/www.radiopiu.net\/wordpress\/wp-content\/uploads\/2025\/01\/da193a1a-2dbd-455a-b3c1-646e89bcfa23-300x225.jpg 300w, https:\/\/www.radiopiu.net\/wordpress\/wp-content\/uploads\/2025\/01\/da193a1a-2dbd-455a-b3c1-646e89bcfa23-1024x768.jpg 1024w, https:\/\/www.radiopiu.net\/wordpress\/wp-content\/uploads\/2025\/01\/da193a1a-2dbd-455a-b3c1-646e89bcfa23-768x576.jpg 768w, https:\/\/www.radiopiu.net\/wordpress\/wp-content\/uploads\/2025\/01\/da193a1a-2dbd-455a-b3c1-646e89bcfa23-1536x1152.jpg 1536w, https:\/\/www.radiopiu.net\/wordpress\/wp-content\/uploads\/2025\/01\/da193a1a-2dbd-455a-b3c1-646e89bcfa23.jpg 1600w\" sizes=\"auto, (max-width: 176px) 100vw, 176px\" \/><\/a>Quell\u2019inverno di tanti anni fa si era presentato agli uomini delle valli con una nevicata leggera. Quella prima neve era scesa di notte, imbiancando i prati e appoggiandosi delicatamente sui rami ormai spogli dei larici che, in quei giorni, si stavano abbandonando al lungo sonno della stagione dei freddi silenzi. Al termine di quella breve nevicata, il cielo si era aperto e durante la notte successiva il termometro aveva mostrato un pungente sottozero a due cifre che aveva ghiacciato quella neve di Sant\u2019Andrea. L&#8217;autunno aveva lasciato la valle e gli uomini e le montagne avevano vissuto ancora una volta il pi\u00f9 classico inizio d&#8217;inverno. Nei giorni successivi, per\u00f2, qualcosa in quella nuova stagione fredda si era inceppato. Non si sentiva pi\u00f9 quell&#8217;aria da neve cos\u00ec familiare nei sempre pi\u00f9 corti giorni che precedevano il Natale e il cielo si mostrava di un azzurro che sembrava essere diventato immutabile. I giorni trascorrevano sempre uguali e alla sera in televisione, il Colonnello Baroni raccontava di un vasto campo di alta pressione presente sulle Alpi. E poi c&#8217;era pure il Meteosat a confermare le sue parole; le immagini del satellite non mostravano alcun tipo di nuvola nel raggio di centinaia di km\/q, e nel frattempo quella neve di Sant\u2019Andrea era quasi del tutto sparita e ne era rimasta traccia solamente alla curva della val, dove lo stanco sole di dicembre non riusciva proprio ad arrivare. Il tempo delle feste di Natale era scivolato via con quel clima di prati aridi e montagne asciutte che reclamavano quella neve che iniziava a mancarmi. Ogni domenica, quando salivamo al paese, ritrovavo ancora quel cielo celeste sgombro di nubi, polvere sull&#8217;asfalto della strada provinciale e nessun cenno di un qualche cambiamento imminente. L&#8217;inverno si era arenato in una calma apparentemente immutabile e quel clima strano aveva iniziato a preoccupare quei vecchi che di inverni ne avevano vissuti parecchi. La siccit\u00e0 e quel clima bloccato assenti erano diventati gli argomenti principali dei dialoghi che si tenevano mentre aspettavano la corriera oppure mentre acquistavano il pane in negozio. Sto an \u2018no se spala, dicevano scherzando, ma era uno scherzare amaro perch\u00e9 sapevano che la neve era preziosa per la terra dei loro campi e per il vigore futuro dei torrenti. Osservavano il cielo e scavavano nei loro innumerevoli ricordi cercando un qualche inverno simile che, dicevano, c&#8217;era gi\u00e0 stato al tempo della loro giovent\u00f9. Ci furono un altro paio di settimane di cielo perfettamente azzurro e poi, a fine gennaio, finalmente qualcosa inizi\u00f2 a cambiare. Durante un sabato pomeriggio aveva iniziato a soffiare un vento nuovo e il cielo sopra la valle era diventato grigio chiaro. Al tramonto erano nuvole che sfioravano le cime e all&#8217;alba del mattino successivo l&#8217;orizzonte non c&#8217;era pi\u00f9. Non si vedevano le montagne, tutto il paesaggio era coperto da una fitta coltre di nuvole bianche e pesanti. C&#8217;era l&#8217;aria giusta, dicevano i vecchi, aria da nef. Furono lunghi attimi di tempo sospeso e poi finalmente iniziarono a scendere i primi fiocchi. C&#8217;erano anche loro alla finestra a guardare l&#8217;inizio di quella sospirata nevicata. I loro occhi erano ritornati bambini e c&#8217;era un entusiasmo nuovo nei loro volti. Ades el \u2018ne la peta, dicevano con aria sicura mentre il primo centimetro di neve aveva cambiato radicalmente il paesaggio intorno a casa. All&#8217;ora di pranzo erano quasi venti centimetri, la nevicata si era fatta potente e sulla valle era sceso il solenne silenzio del vero inverno. Al tempo dello scendere della sera non si vedevano pi\u00f9 gli scalini che tagliavano in due la scarpata che saliva fino alla provinciale. Anche il tetto del tabi\u00e0 era ormai coperto da una spessa coltre bianca ed io, prima di andare a letto, avevo dato un&#8217;ultima occhiata dalla finestra della stua;<br \/>\nasto vist che la e lugada?&#8230;avevano detto &#8230;ocorea domai av\u00e8 pasienza, come par tute le robe\u2026<\/p>\n<p>&nbsp;<\/p>\n<p>&nbsp;<\/p>\n<p>&nbsp;<\/p>\n<div class=\"entry-content\">\n<hr \/>\n<p>&nbsp;<\/p>\n<\/div>\n<h2><span style=\"color: #ff0000;\"><a class=\"dt-pswp-item\" href=\"https:\/\/www.radiopiu.net\/wordpress\/wp-content\/uploads\/2018\/09\/appuntamenti.jpeg\" data-dt-img-description=\"\" data-large_image_width=\"800\" data-large_image_height=\"100\"><img loading=\"lazy\" decoding=\"async\" class=\"wp-image-61958 size-full aligncenter\" src=\"https:\/\/www.radiopiu.net\/wordpress\/wp-content\/uploads\/2018\/09\/appuntamenti.jpeg\" alt=\"\" width=\"800\" height=\"100\" srcset=\"https:\/\/www.radiopiu.net\/wordpress\/wp-content\/uploads\/2018\/09\/appuntamenti.jpeg 800w, https:\/\/www.radiopiu.net\/wordpress\/wp-content\/uploads\/2018\/09\/appuntamenti-300x38.jpeg 300w, https:\/\/www.radiopiu.net\/wordpress\/wp-content\/uploads\/2018\/09\/appuntamenti-768x96.jpeg 768w\" sizes=\"auto, (max-width: 800px) 100vw, 800px\" \/><\/a><\/span><\/h2>\n<div dir=\"auto\"><\/div>\n<div class=\"xdj266r x11i5rnm xat24cr x1mh8g0r x1vvkbs x126k92a\">\n<div dir=\"auto\"><\/div>\n<\/div>\n<div>\n<div class=\"\" dir=\"auto\">\n<div id=\":r9h:\" class=\"x1iorvi4 x1pi30zi x1l90r2v x1swvt13\" data-ad-comet-preview=\"message\" data-ad-preview=\"message\">\n<div>\n<div class=\"\" dir=\"auto\">\n<div id=\":r9h:\" class=\"x1iorvi4 x1pi30zi x1l90r2v x1swvt13\" data-ad-comet-preview=\"message\" data-ad-preview=\"message\">\n<div class=\"xdj266r x11i5rnm xat24cr x1mh8g0r x1vvkbs x126k92a\">\n<div dir=\"auto\"><\/div>\n<\/div>\n<div>\n<div class=\"\" dir=\"auto\">\n<div id=\":r9h:\" class=\"x1iorvi4 x1pi30zi x1l90r2v x1swvt13\" data-ad-comet-preview=\"message\" data-ad-preview=\"message\">\n<div>\n<div class=\"\" dir=\"auto\">\n<div id=\":r9h:\" class=\"x1iorvi4 x1pi30zi x1l90r2v x1swvt13\" data-ad-comet-preview=\"message\" data-ad-preview=\"message\">\n\n\t\t\t<style type='text\/css'>\n\t\t\t\t#gallery-5 {\n\t\t\t\t\tmargin: auto;\n\t\t\t\t}\n\t\t\t\t#gallery-5 .gallery-item {\n\t\t\t\t\tfloat: left;\n\t\t\t\t\tmargin-top: 10px;\n\t\t\t\t\ttext-align: center;\n\t\t\t\t\twidth: 20%;\n\t\t\t\t}\n\t\t\t\t#gallery-5 img {\n\t\t\t\t\tborder: 2px solid #cfcfcf;\n\t\t\t\t}\n\t\t\t\t#gallery-5 .gallery-caption {\n\t\t\t\t\tmargin-left: 0;\n\t\t\t\t}\n\t\t\t\t\/* see gallery_shortcode() in wp-includes\/media.php *\/\n\t\t\t<\/style>\n\t\t<div id='gallery-5' class='dt-gallery-container gallery galleryid-431563 gallery-columns-5 gallery-size-thumbnail'><dl class='gallery-item'>\n\t\t\t\t<dt class='gallery-icon portrait'>\n\t\t\t\t\t<a class=\"rollover rollover-zoom dt-pswp-item\" title=\"manifesto serate invernali\" data-dt-img-description=\"\" data-large_image_width=\"1683\" data-large_image_height=\"2383\"href='https:\/\/www.radiopiu.net\/wordpress\/wp-content\/uploads\/2024\/11\/manifesto-serate-invernali.jpg'><img loading=\"lazy\" decoding=\"async\" width=\"150\" height=\"150\" src=\"https:\/\/www.radiopiu.net\/wordpress\/wp-content\/uploads\/2024\/11\/manifesto-serate-invernali-150x150.jpg\" class=\"attachment-thumbnail size-thumbnail\" alt=\"\" aria-describedby=\"gallery-5-418816\" \/><\/a>\n\t\t\t\t<\/dt>\n\t\t\t\t\t<dd class='wp-caption-text gallery-caption' id='gallery-5-418816'>\n\t\t\t\t\t21 FEBBRAIO\n\t\t\t\t\t<\/dd><\/dl><dl class='gallery-item'>\n\t\t\t\t<dt class='gallery-icon portrait'>\n\t\t\t\t\t<a class=\"rollover rollover-zoom dt-pswp-item\" title=\"921dc2b9-84ff-433f-bdf0-12b966e4d28c\" data-dt-img-description=\"\" data-large_image_width=\"1132\" data-large_image_height=\"1600\"href='https:\/\/www.radiopiu.net\/wordpress\/wp-content\/uploads\/2025\/01\/921dc2b9-84ff-433f-bdf0-12b966e4d28c.jpg'><img loading=\"lazy\" decoding=\"async\" width=\"150\" height=\"150\" src=\"https:\/\/www.radiopiu.net\/wordpress\/wp-content\/uploads\/2025\/01\/921dc2b9-84ff-433f-bdf0-12b966e4d28c-150x150.jpg\" class=\"attachment-thumbnail size-thumbnail\" alt=\"\" aria-describedby=\"gallery-5-430056\" \/><\/a>\n\t\t\t\t<\/dt>\n\t\t\t\t\t<dd class='wp-caption-text gallery-caption' id='gallery-5-430056'>\n\t\t\t\t\tLA CENA ALLA REVERSA\n\t\t\t\t\t<\/dd><\/dl><dl class='gallery-item'>\n\t\t\t\t<dt class='gallery-icon portrait'>\n\t\t\t\t\t<a class=\"rollover rollover-zoom dt-pswp-item\" title=\"e353010f-a09e-439a-aa68-6e7aaf93fc09\" data-dt-img-description=\"\" data-large_image_width=\"1146\" data-large_image_height=\"1600\"href='https:\/\/www.radiopiu.net\/wordpress\/wp-content\/uploads\/2025\/01\/e353010f-a09e-439a-aa68-6e7aaf93fc09.jpg'><img loading=\"lazy\" decoding=\"async\" width=\"150\" height=\"150\" src=\"https:\/\/www.radiopiu.net\/wordpress\/wp-content\/uploads\/2025\/01\/e353010f-a09e-439a-aa68-6e7aaf93fc09-150x150.jpg\" class=\"attachment-thumbnail size-thumbnail\" alt=\"\" \/><\/a>\n\t\t\t\t<\/dt><\/dl><dl class='gallery-item'>\n\t\t\t\t<dt class='gallery-icon portrait'>\n\t\t\t\t\t<a class=\"rollover rollover-zoom dt-pswp-item\" title=\"Don Bosco - LocandinaTerrazza-finale\" data-dt-img-description=\"\" data-large_image_width=\"1240\" data-large_image_height=\"1755\"href='https:\/\/www.radiopiu.net\/wordpress\/wp-content\/uploads\/2025\/01\/Don-Bosco-LocandinaTerrazza-finale.jpg'><img loading=\"lazy\" decoding=\"async\" width=\"150\" height=\"150\" src=\"https:\/\/www.radiopiu.net\/wordpress\/wp-content\/uploads\/2025\/01\/Don-Bosco-LocandinaTerrazza-finale-150x150.jpg\" class=\"attachment-thumbnail size-thumbnail\" alt=\"\" aria-describedby=\"gallery-5-431006\" \/><\/a>\n\t\t\t\t<\/dt>\n\t\t\t\t\t<dd class='wp-caption-text gallery-caption' id='gallery-5-431006'>\n\t\t\t\t\tIL 16 FEBBRAIO A SOSPIROLO\n\t\t\t\t\t<\/dd><\/dl><dl class='gallery-item'>\n\t\t\t\t<dt class='gallery-icon portrait'>\n\t\t\t\t\t<a class=\"rollover rollover-zoom dt-pswp-item\" title=\"Giornata della memoria e del ricordo 2025\" data-dt-img-description=\"\" data-large_image_width=\"1240\" data-large_image_height=\"1754\"href='https:\/\/www.radiopiu.net\/wordpress\/wp-content\/uploads\/2025\/01\/Giornata-della-memoria-e-del-ricordo-2025.jpg'><img loading=\"lazy\" decoding=\"async\" width=\"150\" height=\"150\" src=\"https:\/\/www.radiopiu.net\/wordpress\/wp-content\/uploads\/2025\/01\/Giornata-della-memoria-e-del-ricordo-2025-150x150.jpg\" class=\"attachment-thumbnail size-thumbnail\" alt=\"\" aria-describedby=\"gallery-5-431411\" \/><\/a>\n\t\t\t\t<\/dt>\n\t\t\t\t\t<dd class='wp-caption-text gallery-caption' id='gallery-5-431411'>\n\t\t\t\t\tCON LA BIBLIOTECA DI LIMANA\n\t\t\t\t\t<\/dd><\/dl><br style=\"clear: both\" \/><dl class='gallery-item'>\n\t\t\t\t<dt class='gallery-icon landscape'>\n\t\t\t\t\t<a class=\"rollover rollover-zoom dt-pswp-item\" title=\"bagno di gong\" data-dt-img-description=\"\" data-large_image_width=\"841\" data-large_image_height=\"595\"href='https:\/\/www.radiopiu.net\/wordpress\/wp-content\/uploads\/2025\/01\/bagno-di-gong.jpg'><img loading=\"lazy\" decoding=\"async\" width=\"150\" height=\"150\" src=\"https:\/\/www.radiopiu.net\/wordpress\/wp-content\/uploads\/2025\/01\/bagno-di-gong-150x150.jpg\" class=\"attachment-thumbnail size-thumbnail\" alt=\"\" aria-describedby=\"gallery-5-431421\" \/><\/a>\n\t\t\t\t<\/dt>\n\t\t\t\t\t<dd class='wp-caption-text gallery-caption' id='gallery-5-431421'>\n\t\t\t\t\tBAGNO DI GONG A LA VALLE\n\t\t\t\t\t<\/dd><\/dl><dl class='gallery-item'>\n\t\t\t\t<dt class='gallery-icon portrait'>\n\t\t\t\t\t<a class=\"rollover rollover-zoom dt-pswp-item\" title=\"df2b0862-a430-4afa-8e2b-8579fa15f25a\" data-dt-img-description=\"\" data-large_image_width=\"1134\" data-large_image_height=\"1600\"href='https:\/\/www.radiopiu.net\/wordpress\/wp-content\/uploads\/2025\/01\/df2b0862-a430-4afa-8e2b-8579fa15f25a.jpg'><img loading=\"lazy\" decoding=\"async\" width=\"150\" height=\"150\" src=\"https:\/\/www.radiopiu.net\/wordpress\/wp-content\/uploads\/2025\/01\/df2b0862-a430-4afa-8e2b-8579fa15f25a-150x150.jpg\" class=\"attachment-thumbnail size-thumbnail\" alt=\"\" \/><\/a>\n\t\t\t\t<\/dt><\/dl><dl class='gallery-item'>\n\t\t\t\t<dt class='gallery-icon portrait'>\n\t\t\t\t\t<a class=\"rollover rollover-zoom dt-pswp-item\" title=\"dad1d0d2-12e8-494a-9390-929e17ce5985\" data-dt-img-description=\"\" data-large_image_width=\"900\" data-large_image_height=\"1600\"href='https:\/\/www.radiopiu.net\/wordpress\/wp-content\/uploads\/2025\/01\/dad1d0d2-12e8-494a-9390-929e17ce5985.jpg'><img loading=\"lazy\" decoding=\"async\" width=\"150\" height=\"150\" src=\"https:\/\/www.radiopiu.net\/wordpress\/wp-content\/uploads\/2025\/01\/dad1d0d2-12e8-494a-9390-929e17ce5985-150x150.jpg\" class=\"attachment-thumbnail size-thumbnail\" alt=\"\" \/><\/a>\n\t\t\t\t<\/dt><\/dl><dl class='gallery-item'>\n\t\t\t\t<dt class='gallery-icon portrait'>\n\t\t\t\t\t<a class=\"rollover rollover-zoom dt-pswp-item\" title=\"Locandina proiezione 30 Gennaio CHIES -Terremoto 150\" data-dt-img-description=\"\" data-large_image_width=\"1768\" data-large_image_height=\"2500\"href='https:\/\/www.radiopiu.net\/wordpress\/wp-content\/uploads\/2025\/01\/Locandina-proiezione-30-Gennaio-CHIES-Terremoto-150.jpg'><img loading=\"lazy\" decoding=\"async\" width=\"150\" height=\"150\" src=\"https:\/\/www.radiopiu.net\/wordpress\/wp-content\/uploads\/2025\/01\/Locandina-proiezione-30-Gennaio-CHIES-Terremoto-150-150x150.jpg\" class=\"attachment-thumbnail size-thumbnail\" alt=\"\" aria-describedby=\"gallery-5-431608\" \/><\/a>\n\t\t\t\t<\/dt>\n\t\t\t\t\t<dd class='wp-caption-text gallery-caption' id='gallery-5-431608'>\n\t\t\t\t\tLA PROIEZIONE DEL DOCUFILM\n\t\t\t\t\t<\/dd><\/dl><dl class='gallery-item'>\n\t\t\t\t<dt class='gallery-icon portrait'>\n\t\t\t\t\t<a class=\"rollover rollover-zoom dt-pswp-item\" title=\"Unknown\" data-dt-img-description=\"\" data-large_image_width=\"1754\" data-large_image_height=\"2480\"href='https:\/\/www.radiopiu.net\/wordpress\/wp-content\/uploads\/2025\/01\/Unknown-2.jpeg'><img loading=\"lazy\" decoding=\"async\" width=\"150\" height=\"150\" src=\"https:\/\/www.radiopiu.net\/wordpress\/wp-content\/uploads\/2025\/01\/Unknown-2-150x150.jpeg\" class=\"attachment-thumbnail size-thumbnail\" alt=\"\" \/><\/a>\n\t\t\t\t<\/dt><\/dl><br style=\"clear: both\" \/>\n\t\t\t<\/div>\n\n<\/div>\n<\/div>\n<\/div>\n<\/div>\n<\/div>\n<\/div>\n<\/div>\n<\/div>\n<\/div>\n<\/div>\n<\/div>\n<\/div>\n<blockquote class=\"wp-embedded-content\" data-secret=\"tcvUPabWWA\"><p><a href=\"https:\/\/www.radiopiu.net\/wordpress\/raccolta-anno-2024-pirole-de-lenga-dalla-puntata-1-alla-250\/\">RACCOLTA ANNO 2024-25 PIROLE DE LENGA&#8230;DALLA PUNTATA 1<\/a><\/p><\/blockquote>\n<p><iframe loading=\"lazy\" class=\"wp-embedded-content\" sandbox=\"allow-scripts\" security=\"restricted\" style=\"position: absolute; visibility: hidden;\" title=\"&#8220;RACCOLTA ANNO 2024-25 PIROLE DE LENGA&#8230;DALLA PUNTATA 1&#8221; &#8212; Radio Pi\u00f9\" src=\"https:\/\/www.radiopiu.net\/wordpress\/raccolta-anno-2024-pirole-de-lenga-dalla-puntata-1-alla-250\/embed\/#?secret=93bhOVzsUm#?secret=tcvUPabWWA\" data-secret=\"tcvUPabWWA\" width=\"600\" height=\"338\" frameborder=\"0\" marginwidth=\"0\" marginheight=\"0\" scrolling=\"no\"><\/iframe><\/p>\n<hr \/>\n<p>&nbsp;<\/p>\n<p class=\"mceTemp\"><a class=\"dt-pswp-item\" href=\"https:\/\/www.radiopiu.net\/wordpress\/wp-content\/uploads\/2018\/09\/WhatsApp-Image-2018-09-20-at-16.04.06.jpeg\" data-dt-img-description=\"\" data-large_image_width=\"800\" data-large_image_height=\"100\"><img loading=\"lazy\" decoding=\"async\" class=\"wp-image-61378 size-full aligncenter\" src=\"https:\/\/www.radiopiu.net\/wordpress\/wp-content\/uploads\/2018\/09\/WhatsApp-Image-2018-09-20-at-16.04.06.jpeg\" alt=\"\" width=\"800\" height=\"100\" srcset=\"https:\/\/www.radiopiu.net\/wordpress\/wp-content\/uploads\/2018\/09\/WhatsApp-Image-2018-09-20-at-16.04.06.jpeg 800w, https:\/\/www.radiopiu.net\/wordpress\/wp-content\/uploads\/2018\/09\/WhatsApp-Image-2018-09-20-at-16.04.06-300x38.jpeg 300w, https:\/\/www.radiopiu.net\/wordpress\/wp-content\/uploads\/2018\/09\/WhatsApp-Image-2018-09-20-at-16.04.06-768x96.jpeg 768w\" sizes=\"auto, (max-width: 800px) 100vw, 800px\" \/><\/a><\/p>\n<p><center><\/center><center><\/center>&nbsp;<\/p>\n<p><center><b>OGGI<\/b><\/center>Nottetempo ed al mattino, maltempo perlopi\u00f9 moderato, a tratti forte su alcuni settori della fascia prealpina. Il cielo risulter\u00e0 coperto fino al pomeriggio, poi non escluso qualche schiarita, ma la copertura nuvolosa continuer\u00e0 a prevalere, assieme a fasi d&#8217;instabilit\u00e0.<br \/>\n<b>Precipitazioni: <\/b>Nottetempo e al mattino moderate ovunque, a tratti forti, specie su Prealpi, anche a carattere di rovescio senza escludere fasi temporalesche. Attenuazione dei fenomeni dal pomeriggio in poi, anche se ancora presenti. Quota neve assai variabile tra un settore e l&#8217;altro: 1000-1200 m nelle valli dolomitiche pi\u00f9 chiuse e 1400-1500 m in quelle aperte; sulle Prealpi inizialmente a 1700\/2000 m, prima di calare fino a 1200-1300 m a fine episodio.<br \/>\n<b>Temperature: <\/b>In quota minime in calo, registrate alla sera, massime stazionarie o in ulteriore lieve aumento, registrate nella notte precedente; nelle valli senza notevoli variazioni.<\/p>\n<hr \/>\n<p><center><b>DOMANI<\/b><\/center>Miglioramento del tempo con ritorno del sole e cielo sereno sulle Dolomiti, salvo residue nubi medie all&#8217;alba e qualche nuovo annuvolamento da met\u00e0 pomeriggio in poi. Sulle Prealpi occorrer\u00e0 considerare la presenza di nubi basse, il cui diradamento non avverr\u00e0 ovunque, ma su alcuni settori il tempo sar\u00e0 simile a quello osservato sulle Dolomiti.<br \/>\n<b>Precipitazioni: <\/b>Generalmente assenti, salvo qualche fiocco serale<br \/>\n<b>Temperature: <\/b>In calo, salvo rialzo delle massime nelle valli pi\u00f9 assolate.<\/p>\n<hr \/>\n<p><center><b>GIOVEDI<\/b><\/center>Tempo variabile con qualche momento soleggiato e nuvolosit\u00e0 medio-alta stratiforme, a tratti estesa sui settori pi\u00f9 occidentali, ma senza fenomeni. Contesto termico freddo in alta quota e pi\u00f9 fresco nelle valli con debole escursione termica.<\/p>\n<hr \/>\n<p><center><b>VENERDI<\/b><\/center>Al mattino in prevalenza soleggiato con cielo perlopi\u00f9 sereno, salvo temporaneo transito di sottili nubi alte. Su alcuni settori prealpini insidia nubi basse durante le ore pi\u00f9 fredde. Al pomeriggio aumento nuvolosit\u00e0 e probabili deboli fenomeni serali, nevosi oltre i 900-1200 m. Temperature minime in calo, anche per irraggiamento notturno, e massime in rialzo.<\/p>\n<p>&nbsp;<\/p>\n<blockquote class=\"wp-embedded-content\" data-secret=\"vkYBz09BHz\"><p><a href=\"https:\/\/www.radiopiu.net\/wordpress\/tra-i-10-e-i-15-cm-di-neve-fresca-sulle-cime-dolomitiche-il-bollettino-neve-al-suolo-di-arpav\/\">TRA  I 10 E I 15 CM DI NEVE FRESCA SULLE CIME DOLOMITICHE. IL BOLLETTINO NEVE AL SUOLO DI ARPAV<\/a><\/p><\/blockquote>\n<p><iframe loading=\"lazy\" class=\"wp-embedded-content\" sandbox=\"allow-scripts\" security=\"restricted\" style=\"position: absolute; visibility: hidden;\" title=\"&#8220;TRA  I 10 E I 15 CM DI NEVE FRESCA SULLE CIME DOLOMITICHE. IL BOLLETTINO NEVE AL SUOLO DI ARPAV&#8221; &#8212; Radio Pi\u00f9\" src=\"https:\/\/www.radiopiu.net\/wordpress\/tra-i-10-e-i-15-cm-di-neve-fresca-sulle-cime-dolomitiche-il-bollettino-neve-al-suolo-di-arpav\/embed\/#?secret=uOahOLjQFZ#?secret=vkYBz09BHz\" data-secret=\"vkYBz09BHz\" width=\"600\" height=\"338\" frameborder=\"0\" marginwidth=\"0\" marginheight=\"0\" scrolling=\"no\"><\/iframe><\/p>\n<p>&nbsp;<\/p>\n<hr \/>\n<p>&nbsp;<\/p>\n<p class=\"mceTemp\"><a class=\"dt-pswp-item\" href=\"https:\/\/www.radiopiu.net\/wordpress\/wp-content\/uploads\/2018\/09\/sport.jpg\" data-dt-img-description=\"\" data-large_image_width=\"800\" data-large_image_height=\"100\"><img loading=\"lazy\" decoding=\"async\" class=\"aligncenter wp-image-60761 size-full\" src=\"https:\/\/www.radiopiu.net\/wordpress\/wp-content\/uploads\/2018\/09\/sport.jpg\" alt=\"\" width=\"800\" height=\"100\" srcset=\"https:\/\/www.radiopiu.net\/wordpress\/wp-content\/uploads\/2018\/09\/sport.jpg 800w, https:\/\/www.radiopiu.net\/wordpress\/wp-content\/uploads\/2018\/09\/sport-300x38.jpg 300w, https:\/\/www.radiopiu.net\/wordpress\/wp-content\/uploads\/2018\/09\/sport-768x96.jpg 768w\" sizes=\"auto, (max-width: 800px) 100vw, 800px\" \/> <\/a><\/p>\n<p class=\"mceTemp\"><span style=\"color: #0000ff;\"><strong>\u00a0 \u00a0\u00a0<\/strong><\/span><\/p>\n<p><span style=\"color: #0000ff;\"><strong>HOCKEY SU GHIACCIO<\/strong><\/span><\/p>\n<blockquote>\n<h3>UN FINE SETTIMANA POSITIVO PER LE GIOVANILI DELL&#8217;ALLEGHE HOCKEY<\/h3>\n<\/blockquote>\n<p><span style=\"color: #ff0000;\"><strong><a class=\"dt-pswp-item\" href=\"https:\/\/www.radiopiu.net\/wordpress\/wp-content\/uploads\/2023\/10\/hockey.jpg\" data-dt-img-description=\"\" data-large_image_width=\"1280\" data-large_image_height=\"961\"><img loading=\"lazy\" decoding=\"async\" class=\" wp-image-359038 alignleft\" src=\"https:\/\/www.radiopiu.net\/wordpress\/wp-content\/uploads\/2023\/10\/hockey-300x225.jpg\" alt=\"\" width=\"175\" height=\"131\" srcset=\"https:\/\/www.radiopiu.net\/wordpress\/wp-content\/uploads\/2023\/10\/hockey-300x225.jpg 300w, https:\/\/www.radiopiu.net\/wordpress\/wp-content\/uploads\/2023\/10\/hockey-1024x769.jpg 1024w, https:\/\/www.radiopiu.net\/wordpress\/wp-content\/uploads\/2023\/10\/hockey-768x577.jpg 768w, https:\/\/www.radiopiu.net\/wordpress\/wp-content\/uploads\/2023\/10\/hockey.jpg 1280w\" sizes=\"auto, (max-width: 175px) 100vw, 175px\" \/><\/a>UNDER 19<\/strong><\/span><\/p>\n<p><strong>ALPS ICE ACADEMY &#8211; CORTINA\/ALLEGHE 4-3 dot<\/strong><\/p>\n<p>La squadra mista bellunese torna dalla trasferta di Brunico con una sconfitta all&#8217;overtime. Match rimasto in bilico fino al 35&#8242; e poi le squadre si sono scatenate. L&#8217;Alps Ice Academy passa in doppio vantaggio ma il Cortina\/Alleghe accorcia con Zandegiacomo. Padroni di casa che trovano il terzo gol ma i bellunesi nel giro di 2&#8242; riescono a pareggiare i conti con Viel e Sudiro. Si va all&#8217;overtime dove gli altoatesini trovano il gol della vittoria<\/p>\n<p><span style=\"color: #ff0000;\"><strong>UNDER 16<\/strong><\/span><\/p>\n<p><strong>APPIANO &#8211; CORTINA\/DOBBIACO 1-2<\/strong><\/p>\n<p>Dopo una sfida giocata sul filo del rasoio, il Cortina\/Dobbiaco la spunta contro l&#8217;Appiano. Bella prestazione della squadra mista, in cui ci sono anche giocatori agordini, che vanno sotto contro gli altoatesini ma rispondono subito con No\u00e8 Fontanive. A regalare la vittoria agli scoiattoli ci pensa Wierer. Gol che arriva al 28&#8242; e Cortina\/Dobbiaco che gestisce al meglio la sfid incamerando i 3 punti.<\/p>\n<p><span style=\"color: #ff0000;\"><strong>UNDER 14<\/strong><\/span><\/p>\n<p><strong>ALLEGHE\/CORTINA &#8211; ASIAGO 2-1<\/strong><\/p>\n<p>Vittoria di misura per le giovani civette che incamerano 3 punti importanti contro l&#8217;Asiago. Dopo un primo tempo a reti inviolate, l&#8217;Alleghe\/Cortina passa in vantaggio nel secondo drittel. Civette che vanno a segno di nuovo e vicentini che riaprono la sfida. Ma la vittoria \u00e8 della squadra mista bellunese.<\/p>\n<p><span style=\"color: #ff0000;\"><strong>I PIU&#8217; GIOVANI<\/strong><\/span><\/p>\n<p>Nel fine settimana in campo anche l&#8217;Under 12 dell&#8217;Alleghe Hockey che ha giocato ad Alleghe contro il Feltre e si \u00e8 imposta per 9 a 1. Under 10 al De Toni di Alleghe per un&#8217;amichevole con il Feltre dove le giovani civette si sono divertite dimostrando passione in campo.<\/p>\n<p>&nbsp;<\/p>\n<p>&nbsp;<\/p>\n<p>&nbsp;<\/p>\n","protected":false},"excerpt":{"rendered":"<p>******** &nbsp; LA\u00a0 APP PER IOS-IPHONE di Nicola Vettorello https:\/\/apps.apple.com\/it\/app\/radio-pi%C3%B9-emittente-agordina\/id1515939845 LA\u00a0 APP RADIO\u00a0 PER ANDROID di Nicola Vettorello https:\/\/play.google.com\/store\/apps\/details?id=net.radiopiu.iniko\u00a0\u00a0\u00a0\u00a0 &nbsp; dichiarata la fase operativa di attenzione per vento forte su costa e pianura limitrofa, da riconfigurare, a livello locale, in pre-allarme o allarme a seconda dell\u2019intensit\u00e0 del vento\u00a0 fino alle 15. La pioggia \u00e8 attesa&hellip;<\/p>\n","protected":false},"author":4,"featured_media":431738,"comment_status":"closed","ping_status":"closed","sticky":false,"template":"","format":"standard","meta":{"_monsterinsights_skip_tracking":false,"_monsterinsights_sitenote_active":false,"_monsterinsights_sitenote_note":"","_monsterinsights_sitenote_category":0,"footnotes":""},"categories":[51,86,49],"tags":[],"class_list":["post-431563","post","type-post","status-publish","format-standard","has-post-thumbnail","hentry","category-evidenza-top","category-gr","category-news-18","category-51","category-86","category-49","description-off"],"img_url":"https:\/\/www.radiopiu.net\/wordpress\/wp-content\/uploads\/2025\/01\/Senza-nome-90.png","_links":{"self":[{"href":"https:\/\/www.radiopiu.net\/wordpress\/wp-json\/wp\/v2\/posts\/431563","targetHints":{"allow":["GET"]}}],"collection":[{"href":"https:\/\/www.radiopiu.net\/wordpress\/wp-json\/wp\/v2\/posts"}],"about":[{"href":"https:\/\/www.radiopiu.net\/wordpress\/wp-json\/wp\/v2\/types\/post"}],"author":[{"embeddable":true,"href":"https:\/\/www.radiopiu.net\/wordpress\/wp-json\/wp\/v2\/users\/4"}],"replies":[{"embeddable":true,"href":"https:\/\/www.radiopiu.net\/wordpress\/wp-json\/wp\/v2\/comments?post=431563"}],"version-history":[{"count":30,"href":"https:\/\/www.radiopiu.net\/wordpress\/wp-json\/wp\/v2\/posts\/431563\/revisions"}],"predecessor-version":[{"id":431778,"href":"https:\/\/www.radiopiu.net\/wordpress\/wp-json\/wp\/v2\/posts\/431563\/revisions\/431778"}],"wp:featuredmedia":[{"embeddable":true,"href":"https:\/\/www.radiopiu.net\/wordpress\/wp-json\/wp\/v2\/media\/431738"}],"wp:attachment":[{"href":"https:\/\/www.radiopiu.net\/wordpress\/wp-json\/wp\/v2\/media?parent=431563"}],"wp:term":[{"taxonomy":"category","embeddable":true,"href":"https:\/\/www.radiopiu.net\/wordpress\/wp-json\/wp\/v2\/categories?post=431563"},{"taxonomy":"post_tag","embeddable":true,"href":"https:\/\/www.radiopiu.net\/wordpress\/wp-json\/wp\/v2\/tags?post=431563"}],"curies":[{"name":"wp","href":"https:\/\/api.w.org\/{rel}","templated":true}]}}