{"id":431572,"date":"2025-01-29T05:48:13","date_gmt":"2025-01-29T04:48:13","guid":{"rendered":"https:\/\/www.radiopiu.net\/wordpress\/?p=431572"},"modified":"2025-01-29T16:06:40","modified_gmt":"2025-01-29T15:06:40","slug":"giornale-radiopiu-29-gennaio-2025-direttore-mirko-mezzacasada-41-anni-25-giugno-1983-25-giugno-2024","status":"publish","type":"post","link":"https:\/\/www.radiopiu.net\/wordpress\/giornale-radiopiu-29-gennaio-2025-direttore-mirko-mezzacasada-41-anni-25-giugno-1983-25-giugno-2024\/","title":{"rendered":"GIORNALE RADIOPIU 29 GENNAIO 2025 DIRETTORE MIRKO MEZZACASA\u2026DA 41 ANNI 25 GIUGNO 1983-25 GIUGNO 2024"},"content":{"rendered":"<p>********<\/p>\n<p>&nbsp;<\/p>\n<p><em><span style=\"color: #ff0000;\"><a class=\"dt-pswp-item\" href=\"https:\/\/www.radiopiu.net\/wordpress\/wp-content\/uploads\/2024\/10\/Senza-nome-8.png\" data-dt-img-description=\"\" data-large_image_width=\"343\" data-large_image_height=\"303\"><img loading=\"lazy\" decoding=\"async\" class=\"wp-image-412130 alignleft\" src=\"https:\/\/www.radiopiu.net\/wordpress\/wp-content\/uploads\/2024\/10\/Senza-nome-8-300x265.png\" alt=\"\" width=\"105\" height=\"93\" srcset=\"https:\/\/www.radiopiu.net\/wordpress\/wp-content\/uploads\/2024\/10\/Senza-nome-8-300x265.png 300w, https:\/\/www.radiopiu.net\/wordpress\/wp-content\/uploads\/2024\/10\/Senza-nome-8.png 343w\" sizes=\"auto, (max-width: 105px) 100vw, 105px\" \/><\/a><\/span><\/em><strong><em><span style=\"color: #ff0000;\"> LA\u00a0 APP PER IOS-IPHONE di Nicola Vettorello<\/span><\/em><\/strong><\/p>\n<p><strong><span style=\"color: #0000ff;\"><a style=\"color: #0000ff;\" href=\"https:\/\/apps.apple.com\/it\/app\/radio-pi%C3%B9-emittente-agordina\/id1515939845\">https:\/\/apps.apple.com\/it\/app\/radio-pi%C3%B9-emittente-agordina\/id1515939845<\/a><\/span><\/strong><\/p>\n<p><strong><em style=\"color: #ff0000;\">LA\u00a0 APP RADIO\u00a0 PER ANDROID di Nicola Vettorello<\/em><\/strong><\/p>\n<p><strong><span style=\"color: #0000ff;\"><a style=\"color: #0000ff;\" href=\"https:\/\/play.google.com\/store\/apps\/details?id=net.radiopiu.iniko\" target=\"_blank\" rel=\"noopener noreferrer\">https:\/\/<\/a><a style=\"color: #0000ff;\" href=\"https:\/\/play.google.com\/store\/apps\/details?id=net.radiopiu.iniko\" target=\"_blank\" rel=\"noopener noreferrer\">play.google.com\/store\/apps\/details?id=net.radiopiu.iniko\u00a0\u00a0\u00a0\u00a0<\/a><\/span><\/strong><\/p>\n<p>&nbsp;<\/p>\n<p>&nbsp;<\/p>\n<hr \/>\n<p>&nbsp;<\/p>\n<p><span style=\"color: #ff0000;\"><strong><a class=\"dt-pswp-item\" href=\"https:\/\/www.radiopiu.net\/wordpress\/wp-content\/uploads\/2025\/01\/fe0762d6-b70d-4e17-84d3-15f21906d24c.jpg\" data-dt-img-description=\"\" data-large_image_width=\"449\" data-large_image_height=\"701\"><img loading=\"lazy\" decoding=\"async\" class=\" wp-image-431840 alignleft\" src=\"https:\/\/www.radiopiu.net\/wordpress\/wp-content\/uploads\/2025\/01\/fe0762d6-b70d-4e17-84d3-15f21906d24c-192x300.jpg\" alt=\"\" width=\"124\" height=\"194\" srcset=\"https:\/\/www.radiopiu.net\/wordpress\/wp-content\/uploads\/2025\/01\/fe0762d6-b70d-4e17-84d3-15f21906d24c-192x300.jpg 192w, https:\/\/www.radiopiu.net\/wordpress\/wp-content\/uploads\/2025\/01\/fe0762d6-b70d-4e17-84d3-15f21906d24c.jpg 449w\" sizes=\"auto, (max-width: 124px) 100vw, 124px\" \/><\/a>OGGI ALLA RADIO:\u00a0\u00a0<\/strong><\/span><\/p>\n<p><strong>rassegna stampa nazionale,<\/strong> ogni giorno alle 5 e alle 6 del mattino.<br \/>\ngiornali locali 7 rassegna stampa flash, 8 rassegna stampa, gr flash alle 10 e alle 11, principale 12.30. Informazione pomeriggio ogni ora fino alle 20, in coda ai notiziari nazionali. Giornale radio nazionale: ogni ora dalle 4 del mattino, alle 20 della sera. Alle 19 le anticipazioni dal TG di Antenna 3 di Tiziana Bolognani.<\/p>\n<p><strong>OGGI ALLE<\/strong>\u00a0 \u00a0<strong>9.00 <\/strong>LIBER DI LIANA CAVALLET (FOTO)\u00a0\u00a0<strong>940\u00a0<\/strong> oggi come ieri con SILVIA BALDO\u00a0 \u00a0<strong>10.30<\/strong> SE NON LA SMETTI TI MANDO DAL PRESIDE, CON LA PROF. MARIA ROSA SALMAZO <strong>14.00<\/strong> LA CLASSIFICA UFFICIALE DI MARCO GAZ<strong> 15.00\u00a0 batticinque con alessio e marina !<span style=\"color: #ff0000;\">\u00a0<\/span><\/strong><strong>16 45<\/strong> LE HIT,\u00a0 LE CLASSIFICHE, STORIA DELLA MUSICA CON MIRCO BENCIVENN<strong>I 18.00 <\/strong>APERITIVO IN MUSICA CON DJ JACK<\/p>\n<div dir=\"auto\"><\/div>\n<div dir=\"auto\"><\/div>\n<p>&nbsp;<\/p>\n<hr \/>\n<p>&nbsp;<\/p>\n<p>&nbsp;<\/p>\n<div class=\"x11i5rnm xat24cr x1mh8g0r x1vvkbs xtlvy1s x126k92a\">\n<div dir=\"auto\">\n<div dir=\"auto\">\n<p><strong><a class=\"dt-pswp-item\" href=\"https:\/\/www.radiopiu.net\/wordpress\/wp-content\/uploads\/2024\/02\/2d44e751-d8a8-461b-8e22-d8e4e853b032.jpg\" data-dt-img-description=\"\" data-large_image_width=\"1600\" data-large_image_height=\"1200\"><img loading=\"lazy\" decoding=\"async\" class=\"wp-image-373307 alignleft\" src=\"https:\/\/www.radiopiu.net\/wordpress\/wp-content\/uploads\/2024\/02\/2d44e751-d8a8-461b-8e22-d8e4e853b032-300x225.jpg\" alt=\"\" width=\"105\" height=\"79\" srcset=\"https:\/\/www.radiopiu.net\/wordpress\/wp-content\/uploads\/2024\/02\/2d44e751-d8a8-461b-8e22-d8e4e853b032-300x225.jpg 300w, https:\/\/www.radiopiu.net\/wordpress\/wp-content\/uploads\/2024\/02\/2d44e751-d8a8-461b-8e22-d8e4e853b032-1024x768.jpg 1024w, https:\/\/www.radiopiu.net\/wordpress\/wp-content\/uploads\/2024\/02\/2d44e751-d8a8-461b-8e22-d8e4e853b032-768x576.jpg 768w, https:\/\/www.radiopiu.net\/wordpress\/wp-content\/uploads\/2024\/02\/2d44e751-d8a8-461b-8e22-d8e4e853b032-1536x1152.jpg 1536w, https:\/\/www.radiopiu.net\/wordpress\/wp-content\/uploads\/2024\/02\/2d44e751-d8a8-461b-8e22-d8e4e853b032.jpg 1600w\" sizes=\"auto, (max-width: 105px) 100vw, 105px\" \/><\/a>EL BAL DEL FIOR, DI GIULIANA DA RONCH, 29 GENNAIO<\/strong><strong> 2025\u00a0<\/strong><\/p>\n<p>&nbsp;<\/p>\n<audio class=\"wp-audio-shortcode\" id=\"audio-431572-1\" preload=\"none\" style=\"width: 100%;\" controls=\"controls\"><source type=\"audio\/mpeg\" src=\"https:\/\/www.radiopiu.net\/wordpress\/wp-content\/uploads\/2025\/01\/GME-3.mp3?_=1\" \/><a href=\"https:\/\/www.radiopiu.net\/wordpress\/wp-content\/uploads\/2025\/01\/GME-3.mp3\">https:\/\/www.radiopiu.net\/wordpress\/wp-content\/uploads\/2025\/01\/GME-3.mp3<\/a><\/audio>\n<p>&nbsp;<\/p>\n<hr \/>\n<p>&nbsp;<\/p>\n<\/div>\n<\/div>\n<\/div>\n<div class=\"x11i5rnm xat24cr x1mh8g0r x1vvkbs xtlvy1s x126k92a\">\n<blockquote>\n<h1><strong><a class=\"dt-pswp-item\" href=\"https:\/\/www.radiopiu.net\/wordpress\/wp-content\/uploads\/2024\/10\/629301fd-708d-4f53-95c2-d28cbefd500f.jpg\" data-dt-img-description=\"\" data-large_image_width=\"1600\" data-large_image_height=\"1322\"><img loading=\"lazy\" decoding=\"async\" class=\"wp-image-413782 alignright\" src=\"https:\/\/www.radiopiu.net\/wordpress\/wp-content\/uploads\/2024\/10\/629301fd-708d-4f53-95c2-d28cbefd500f-300x248.jpg\" alt=\"\" width=\"106\" height=\"88\" srcset=\"https:\/\/www.radiopiu.net\/wordpress\/wp-content\/uploads\/2024\/10\/629301fd-708d-4f53-95c2-d28cbefd500f-300x248.jpg 300w, https:\/\/www.radiopiu.net\/wordpress\/wp-content\/uploads\/2024\/10\/629301fd-708d-4f53-95c2-d28cbefd500f-1024x846.jpg 1024w, https:\/\/www.radiopiu.net\/wordpress\/wp-content\/uploads\/2024\/10\/629301fd-708d-4f53-95c2-d28cbefd500f-768x635.jpg 768w, https:\/\/www.radiopiu.net\/wordpress\/wp-content\/uploads\/2024\/10\/629301fd-708d-4f53-95c2-d28cbefd500f-1536x1269.jpg 1536w, https:\/\/www.radiopiu.net\/wordpress\/wp-content\/uploads\/2024\/10\/629301fd-708d-4f53-95c2-d28cbefd500f.jpg 1600w\" sizes=\"auto, (max-width: 106px) 100vw, 106px\" \/><\/a><\/strong><\/h1>\n<h1><strong><a class=\"dt-pswp-item\" href=\"https:\/\/www.radiopiu.net\/wordpress\/wp-content\/uploads\/2024\/11\/th-18.jpg\" data-dt-img-description=\"\" data-large_image_width=\"156\" data-large_image_height=\"180\"><img loading=\"lazy\" decoding=\"async\" class=\"size-full wp-image-421611 alignleft\" src=\"https:\/\/www.radiopiu.net\/wordpress\/wp-content\/uploads\/2024\/11\/th-18.jpg\" alt=\"\" width=\"156\" height=\"180\" \/><\/a><\/strong><\/h1>\n<h1><strong>N di parom &#8211; L Almanach de la nosta jent<\/strong><\/h1>\n<\/blockquote>\n<p>&nbsp;<\/p>\n<p>Le voci: Davide Conedera, Agordo, Michela Dell&#8217;Osbel, La Valle Agordina Simone Ganz, Falcade Veronica Lezuo, Colle Santa Lucia. La voce nella sigla \u00e8 di Giorgia Taio<\/p>\n<p><strong>LA PUNTATA DI OGGI, 29 GENNAIO 2025<\/strong><\/p>\n<audio class=\"wp-audio-shortcode\" id=\"audio-431572-2\" preload=\"none\" style=\"width: 100%;\" controls=\"controls\"><source type=\"audio\/mpeg\" src=\"https:\/\/www.radiopiu.net\/wordpress\/wp-content\/uploads\/2025\/01\/AL3-2.mp3?_=2\" \/><a href=\"https:\/\/www.radiopiu.net\/wordpress\/wp-content\/uploads\/2025\/01\/AL3-2.mp3\">https:\/\/www.radiopiu.net\/wordpress\/wp-content\/uploads\/2025\/01\/AL3-2.mp3<\/a><\/audio>\n<p>&nbsp;<\/p>\n<p>&nbsp;<\/p>\n<\/div>\n<div class=\"x11i5rnm xat24cr x1mh8g0r x1vvkbs xtlvy1s x126k92a\">\n<div dir=\"auto\">\n<hr \/>\n<\/div>\n<\/div>\n<blockquote>\n<blockquote>\n<h1><span style=\"color: #ff0000;\">\u00a0<\/span><\/h1>\n<h1><span style=\"color: #ff0000;\">I podcast informativi del mattino &#8211; audio &#8211;\u00a0\u00a0<\/span><\/h1>\n<\/blockquote>\n<p><strong><a class=\"dt-pswp-item\" href=\"https:\/\/www.radiopiu.net\/wordpress\/wp-content\/uploads\/2024\/11\/6.jpg\" data-dt-img-description=\"\" data-large_image_width=\"177\" data-large_image_height=\"180\"><img loading=\"lazy\" decoding=\"async\" class=\"size-full wp-image-417911 alignleft\" src=\"https:\/\/www.radiopiu.net\/wordpress\/wp-content\/uploads\/2024\/11\/6.jpg\" alt=\"\" width=\"177\" height=\"180\" \/><\/a>LA RASSEGNA STAMPA NAZIONALE ALLA RADIO, OGNI GIORNO ALLE 5 E ALLE 6 DEL MATTINO <span style=\"color: #0000ff;\">viene pubblicata alle 6.00 <span style=\"color: #ff0000;\">DIRETTA RADIO\u00a0 \u00a0\u00a0<\/span><\/span><\/strong><\/p><\/blockquote>\n<p>&nbsp;<\/p>\n<p><strong>NOTIZIE DELLA NOTTE<\/strong><\/p>\n<p><strong>Droni ucraini<\/strong> attaccano impianti energetici in Russia <strong>Scontri in Congo,<\/strong> Usa chiedono immediato cessate il fuoco <strong>Manifesto di Jara<\/strong> tra le migliori canzoni di protesta di sempre<br \/>\n<strong>India<\/strong>, almeno 15 morti in ressa durante pellegrinaggio ind\u00f9 <strong>Onu,<\/strong> operazioni ridotte dopo stop aiuti disposto da Trump <strong>Usa<\/strong>, giudice blocca la sospensione dei fondi federali <strong>Trump<\/strong> limita le transizioni di genere per gli under 19 <strong>Oltre 100 morti<\/strong> e mille feriti nei combattimenti a Goma<\/p>\n<h2>AUDIO dalle 6 del mattino<\/h2>\n<audio class=\"wp-audio-shortcode\" id=\"audio-431572-3\" preload=\"none\" style=\"width: 100%;\" controls=\"controls\"><source type=\"audio\/mpeg\" src=\"https:\/\/www.radiopiu.net\/wordpress\/wp-content\/uploads\/2025\/01\/GIORNALEDELLESEI-22.mp3?_=3\" \/><a href=\"https:\/\/www.radiopiu.net\/wordpress\/wp-content\/uploads\/2025\/01\/GIORNALEDELLESEI-22.mp3\">https:\/\/www.radiopiu.net\/wordpress\/wp-content\/uploads\/2025\/01\/GIORNALEDELLESEI-22.mp3<\/a><\/audio>\n<p>&nbsp;<\/p>\n<p>&nbsp;<\/p>\n<hr \/>\n<p>&nbsp;<\/p>\n<h1 style=\"text-align: center;\"><span style=\"color: #ff0000;\"><a class=\"dt-pswp-item\" href=\"https:\/\/www.radiopiu.net\/wordpress\/wp-content\/uploads\/2024\/11\/7.jpg\" data-dt-img-description=\"\" data-large_image_width=\"180\" data-large_image_height=\"180\"><img loading=\"lazy\" decoding=\"async\" class=\"size-full wp-image-417912 alignleft\" src=\"https:\/\/www.radiopiu.net\/wordpress\/wp-content\/uploads\/2024\/11\/7.jpg\" alt=\"\" width=\"180\" height=\"180\" srcset=\"https:\/\/www.radiopiu.net\/wordpress\/wp-content\/uploads\/2024\/11\/7.jpg 180w, https:\/\/www.radiopiu.net\/wordpress\/wp-content\/uploads\/2024\/11\/7-150x150.jpg 150w\" sizes=\"auto, (max-width: 180px) 100vw, 180px\" \/><\/a>I podcast informativi del mattino &#8211; audio &#8211;\u00a0<\/span><\/h1>\n<p><strong>OGNI GIORNO ALLE SETTE DEL MATTINO, LA RASSEGNA STAMPA LOCALE FLASH&#8230; PER CHI VA IN FRETTA. I TITOLI DAI GIORNALI E DAL SITO WWW.RADIOPIU.NET <span style=\"color: #0000ff;\">viene pubblicato alle 7.00<\/span> <span style=\"color: #ff0000;\">DIRETTA RADIO\u00a0<\/span><\/strong><\/p>\n<p><em><span style=\"color: #ff0000;\">per chi va in fretta&#8230; tante notizie in pochi minuti. L&#8217;informazione locale alla radio, ogni ora dalle 7 del mattino alle 19 della sera.<\/span><\/em><\/p>\n<h1>AUDIO dalle 7 del mattino<\/h1>\n<audio class=\"wp-audio-shortcode\" id=\"audio-431572-4\" preload=\"none\" style=\"width: 100%;\" controls=\"controls\"><source type=\"audio\/mpeg\" src=\"https:\/\/www.radiopiu.net\/wordpress\/wp-content\/uploads\/2025\/01\/GF07-22.mp3?_=4\" \/><a href=\"https:\/\/www.radiopiu.net\/wordpress\/wp-content\/uploads\/2025\/01\/GF07-22.mp3\">https:\/\/www.radiopiu.net\/wordpress\/wp-content\/uploads\/2025\/01\/GF07-22.mp3<\/a><\/audio>\n<p>&nbsp;<\/p>\n<p>&nbsp;<\/p>\n<hr \/>\n<p>&nbsp;<\/p>\n<h1><\/h1>\n<h1 style=\"text-align: center;\"><span style=\"color: #ff0000;\"><a class=\"dt-pswp-item\" href=\"https:\/\/www.radiopiu.net\/wordpress\/wp-content\/uploads\/2024\/11\/th.jpg\" data-dt-img-description=\"\" data-large_image_width=\"148\" data-large_image_height=\"179\"><img loading=\"lazy\" decoding=\"async\" class=\"size-full wp-image-417913 alignleft\" src=\"https:\/\/www.radiopiu.net\/wordpress\/wp-content\/uploads\/2024\/11\/th.jpg\" alt=\"\" width=\"148\" height=\"179\" \/><\/a>I podcast informativi del mattino &#8211; audio &#8211;\u00a0<\/span><\/h1>\n<blockquote><p><strong>GIORNALE RADIO NAZIONALE, EDIZIONE DELLE SETTE <span style=\"color: #0000ff;\">viene pubblicato alle 7.05 <span style=\"color: #ff0000;\">DIRETTA RADIO\u00a0<\/span><\/span><\/strong><\/p><\/blockquote>\n<p><strong>il giornale radionazionale e&#8217; in onda ogni ora, dalle sette del mattino alle venti della sera\u00a0 \u00a0<\/strong><\/p>\n<p><strong>L&#8217;assalto in montagna<\/strong> Invasione di turisti a Roccaraso, il sindaco: &#8216;Il paese sia presidiato&#8217; <strong>NAPOLI<\/strong> La Corte di Assise di Napoli <strong>Madre del tiktoker<\/strong> uccisa, ergastolo per la vicina di casa<strong> MILANO<\/strong> \u00a0A processo la presunta stalker di Madalina Ghenea <strong>Nainggolan indagato<\/strong> per associazione criminale, otto gli arresti confermati\u00a0 <strong>ROMA<\/strong> Crolla una gru sul balcone di un palazzo a Roma, nessun ferito<br \/>\nEvacuate tre famiglie, distrutta una macchina in sosta\u00a0 <strong>ALESSANDRIA<\/strong> Un giudice: &#8216;Le norme anticovid erano ingiuste, 10 euro di risarcimento ai cittadini&#8217; <strong>Sbarcati in Albania,<\/strong> 4 dei 49 migranti tornano in Italia <strong>VERONA<\/strong> 15enne trovata morta in un edificio abbandonato, disposta l&#8217;autopsia<\/p>\n<h2><span style=\"color: #ff0000;\"><span style=\"color: #0000ff;\">ULTIM&#8217;ORA<\/span> <span style=\"color: #000000;\">AUDIO dalle sette del mattino, ogni ora alla radio EDIZIONE DELLE SETTE<\/span><\/span><\/h2>\n<audio class=\"wp-audio-shortcode\" id=\"audio-431572-5\" preload=\"none\" style=\"width: 100%;\" controls=\"controls\"><source type=\"audio\/mpeg\" src=\"https:\/\/www.radiopiu.net\/wordpress\/wp-content\/uploads\/2025\/01\/giornale07-26.mp3?_=5\" \/><a href=\"https:\/\/www.radiopiu.net\/wordpress\/wp-content\/uploads\/2025\/01\/giornale07-26.mp3\">https:\/\/www.radiopiu.net\/wordpress\/wp-content\/uploads\/2025\/01\/giornale07-26.mp3<\/a><\/audio>\n<p>&nbsp;<\/p>\n<p>&nbsp;<\/p>\n<hr \/>\n<p>&nbsp;<\/p>\n<p>&nbsp;<\/p>\n<h1><span style=\"color: #ff0000;\"><a class=\"dt-pswp-item\" href=\"https:\/\/www.radiopiu.net\/wordpress\/wp-content\/uploads\/2024\/11\/8.jpg\" data-dt-img-description=\"\" data-large_image_width=\"180\" data-large_image_height=\"180\"><img loading=\"lazy\" decoding=\"async\" class=\"size-full wp-image-417910 alignleft\" src=\"https:\/\/www.radiopiu.net\/wordpress\/wp-content\/uploads\/2024\/11\/8.jpg\" alt=\"\" width=\"180\" height=\"180\" srcset=\"https:\/\/www.radiopiu.net\/wordpress\/wp-content\/uploads\/2024\/11\/8.jpg 180w, https:\/\/www.radiopiu.net\/wordpress\/wp-content\/uploads\/2024\/11\/8-150x150.jpg 150w\" sizes=\"auto, (max-width: 180px) 100vw, 180px\" \/><\/a>I podcast informativi del mattino &#8211; video &#8211;\u00a0<\/span><\/h1>\n<h2 style=\"text-align: left;\"><strong>RASSEGNA STAMPA LOCALE, ORE OTTO<\/strong><\/h2>\n<h2><strong> <span style=\"color: #0000ff;\">viene\u00a0 <\/span><\/strong><strong><span style=\"color: #0000ff;\">pubblicata alle 8.05 <span style=\"color: #ff0000;\">DIRETTA RADIO\u00a0 \u00a0<\/span><\/span><\/strong><strong>DI MIRKO MEZZACASA<\/strong><\/h2>\n<h2><span style=\"color: #ff0000;\"><strong>\u00a0<\/strong><\/span><\/h2>\n<h2><span style=\"color: #ff0000;\"><strong>\u00a0<\/strong><\/span><span style=\"color: #ff0000;\"><strong>VIDEO\u00a0 \u00a0in diretta AGGIORNAMENTO\u00a0 dalle 8 del mattino\u00a0<\/strong><\/span><\/h2>\n<p><a class=\"dt-pswp-item\" href=\"https:\/\/www.radiopiu.net\/wordpress\/wp-content\/uploads\/2025\/01\/coop1-13.png\" data-dt-img-description=\"\" data-large_image_width=\"600\" data-large_image_height=\"304\"><img loading=\"lazy\" decoding=\"async\" class=\"alignnone size-medium wp-image-431884\" src=\"https:\/\/www.radiopiu.net\/wordpress\/wp-content\/uploads\/2025\/01\/coop1-13-300x152.png\" alt=\"\" width=\"300\" height=\"152\" srcset=\"https:\/\/www.radiopiu.net\/wordpress\/wp-content\/uploads\/2025\/01\/coop1-13-300x152.png 300w, https:\/\/www.radiopiu.net\/wordpress\/wp-content\/uploads\/2025\/01\/coop1-13.png 600w\" sizes=\"auto, (max-width: 300px) 100vw, 300px\" \/><\/a><a class=\"dt-pswp-item\" href=\"https:\/\/www.radiopiu.net\/wordpress\/wp-content\/uploads\/2025\/01\/coop2-14.png\" data-dt-img-description=\"\" data-large_image_width=\"1208\" data-large_image_height=\"368\"><img loading=\"lazy\" decoding=\"async\" class=\"alignnone size-medium wp-image-431883\" src=\"https:\/\/www.radiopiu.net\/wordpress\/wp-content\/uploads\/2025\/01\/coop2-14-300x91.png\" alt=\"\" width=\"300\" height=\"91\" srcset=\"https:\/\/www.radiopiu.net\/wordpress\/wp-content\/uploads\/2025\/01\/coop2-14-300x91.png 300w, https:\/\/www.radiopiu.net\/wordpress\/wp-content\/uploads\/2025\/01\/coop2-14-1024x312.png 1024w, https:\/\/www.radiopiu.net\/wordpress\/wp-content\/uploads\/2025\/01\/coop2-14-768x234.png 768w, https:\/\/www.radiopiu.net\/wordpress\/wp-content\/uploads\/2025\/01\/coop2-14.png 1208w\" sizes=\"auto, (max-width: 300px) 100vw, 300px\" \/><\/a><\/p>\n<p>&nbsp;<\/p>\n<p><iframe loading=\"lazy\" style=\"border: none; overflow: hidden;\" src=\"https:\/\/www.facebook.com\/plugins\/video.php?height=314&amp;href=https%3A%2F%2Fwww.facebook.com%2Fradiopiu%2Fvideos%2F1884634251943629%2F&amp;show_text=false&amp;width=560&amp;t=0\" width=\"560\" height=\"314\" frameborder=\"0\" scrolling=\"no\" allowfullscreen=\"allowfullscreen\"><\/iframe><\/p>\n<hr \/>\n<p>&nbsp;<\/p>\n<p>&nbsp;<\/p>\n<p><strong><a class=\"dt-pswp-item\" href=\"https:\/\/www.radiopiu.net\/wordpress\/wp-content\/uploads\/2023\/12\/ANTENNA.png\" data-dt-img-description=\"\" data-large_image_width=\"300\" data-large_image_height=\"166\"><img loading=\"lazy\" decoding=\"async\" class=\"wp-image-366306 alignright\" src=\"https:\/\/www.radiopiu.net\/wordpress\/wp-content\/uploads\/2023\/12\/ANTENNA.png\" alt=\"\" width=\"101\" height=\"56\" \/><\/a><a class=\"dt-pswp-item\" href=\"https:\/\/www.radiopiu.net\/wordpress\/wp-content\/uploads\/2024\/11\/th-17.jpg\" data-dt-img-description=\"\" data-large_image_width=\"224\" data-large_image_height=\"180\"><img loading=\"lazy\" decoding=\"async\" class=\" wp-image-421610 alignleft\" src=\"https:\/\/www.radiopiu.net\/wordpress\/wp-content\/uploads\/2024\/11\/th-17.jpg\" alt=\"\" width=\"167\" height=\"134\" \/><\/a>ogni sera alle 19 le anticipazioni alla radio, quello che poi seguirete nel TELEGIORNALE BELLUNESE\u00a0 in onda alle 19.30 sul CANALE 10 del digitale terrestre.\u00a0\u00a0<\/strong><\/p>\n<p>&nbsp;<\/p>\n<p><b>\u00a0\u00a0<\/b><\/p>\n<p>&nbsp;<\/p>\n<p><span style=\"color: #ff0000;\"><strong>LE ANTICIPAZIONI DI TIZIANA BOLOGNANI<\/strong><\/span><\/p>\n<audio class=\"wp-audio-shortcode\" id=\"audio-431572-6\" preload=\"none\" style=\"width: 100%;\" controls=\"controls\"><source type=\"audio\/mpeg\" src=\"https:\/\/www.radiopiu.net\/wordpress\/wp-content\/uploads\/2025\/01\/ANTENNA3-18.mp3?_=6\" \/><a href=\"https:\/\/www.radiopiu.net\/wordpress\/wp-content\/uploads\/2025\/01\/ANTENNA3-18.mp3\">https:\/\/www.radiopiu.net\/wordpress\/wp-content\/uploads\/2025\/01\/ANTENNA3-18.mp3<\/a><\/audio>\n<p>&nbsp;<\/p>\n<p>&nbsp;<\/p>\n<hr \/>\n<p>&nbsp;<\/p>\n<blockquote>\n<h3>TANTA PIOGGIA E NEVE IN ALTA QUOTA, black out in valle del biois<\/h3>\n<\/blockquote>\n<p><strong>VOLTAGO <\/strong>Nonostante il periodo invernale sembri lontano, le alte quote sono state imbiancate da una nevicata improvvisa, regalando uno scenario suggestivo ma insolito per il periodo. Nel frattempo, a valle, i torrenti si sono innalzati a causa delle piogge intense e persistenti, che hanno causato un rapido scioglimento della neve caduta in quota.<br \/>\n<strong>IERI MATTINA<\/strong> \u00e8 mancata l&#8217; energia elettrica in Valle del Biois sembra ci sia stato un problema su un traliccio tra Listolade di Taibon e Canale d&#8217;Agordo. Gli impianti in Val Biois hanno avuto continuit\u00e0 perch\u00e9 alimentati dalle centrali della Val di Fassa<\/p>\n<p><strong>IL VIDEO DI MARIO DE MARCO<\/strong><\/p>\n<div style=\"width: 1200px;\" class=\"wp-video\"><video class=\"wp-video-shortcode\" id=\"video-431572-1\" width=\"1200\" height=\"675\" preload=\"metadata\" controls=\"controls\"><source type=\"video\/mp4\" src=\"https:\/\/www.radiopiu.net\/wordpress\/wp-content\/uploads\/2025\/01\/WhatsApp-Video-2025-01-28-at-09.55.43.mp4?_=1\" \/><a href=\"https:\/\/www.radiopiu.net\/wordpress\/wp-content\/uploads\/2025\/01\/WhatsApp-Video-2025-01-28-at-09.55.43.mp4\">https:\/\/www.radiopiu.net\/wordpress\/wp-content\/uploads\/2025\/01\/WhatsApp-Video-2025-01-28-at-09.55.43.mp4<\/a><\/video><\/div>\n<p>&nbsp;<\/p>\n\n\t\t\t<style type='text\/css'>\n\t\t\t\t#gallery-1 {\n\t\t\t\t\tmargin: auto;\n\t\t\t\t}\n\t\t\t\t#gallery-1 .gallery-item {\n\t\t\t\t\tfloat: left;\n\t\t\t\t\tmargin-top: 10px;\n\t\t\t\t\ttext-align: center;\n\t\t\t\t\twidth: 50%;\n\t\t\t\t}\n\t\t\t\t#gallery-1 img {\n\t\t\t\t\tborder: 2px solid #cfcfcf;\n\t\t\t\t}\n\t\t\t\t#gallery-1 .gallery-caption {\n\t\t\t\t\tmargin-left: 0;\n\t\t\t\t}\n\t\t\t\t\/* see gallery_shortcode() in wp-includes\/media.php *\/\n\t\t\t<\/style>\n\t\t<div id='gallery-1' class='dt-gallery-container gallery galleryid-431572 gallery-columns-2 gallery-size-medium'><dl class='gallery-item'>\n\t\t\t\t<dt class='gallery-icon landscape'>\n\t\t\t\t\t<a class=\"rollover rollover-zoom dt-pswp-item\" title=\"b9205ecd-b714-44d7-a84f-26fecd84d6b0\" data-dt-img-description=\"\" data-large_image_width=\"1600\" data-large_image_height=\"974\"href='https:\/\/www.radiopiu.net\/wordpress\/wp-content\/uploads\/2025\/01\/b9205ecd-b714-44d7-a84f-26fecd84d6b0.jpg'><img loading=\"lazy\" decoding=\"async\" width=\"300\" height=\"183\" src=\"https:\/\/www.radiopiu.net\/wordpress\/wp-content\/uploads\/2025\/01\/b9205ecd-b714-44d7-a84f-26fecd84d6b0-300x183.jpg\" class=\"attachment-medium size-medium\" alt=\"\" aria-describedby=\"gallery-1-431823\" srcset=\"https:\/\/www.radiopiu.net\/wordpress\/wp-content\/uploads\/2025\/01\/b9205ecd-b714-44d7-a84f-26fecd84d6b0-300x183.jpg 300w, https:\/\/www.radiopiu.net\/wordpress\/wp-content\/uploads\/2025\/01\/b9205ecd-b714-44d7-a84f-26fecd84d6b0-1024x623.jpg 1024w, https:\/\/www.radiopiu.net\/wordpress\/wp-content\/uploads\/2025\/01\/b9205ecd-b714-44d7-a84f-26fecd84d6b0-768x468.jpg 768w, https:\/\/www.radiopiu.net\/wordpress\/wp-content\/uploads\/2025\/01\/b9205ecd-b714-44d7-a84f-26fecd84d6b0-1536x935.jpg 1536w, https:\/\/www.radiopiu.net\/wordpress\/wp-content\/uploads\/2025\/01\/b9205ecd-b714-44d7-a84f-26fecd84d6b0.jpg 1600w\" sizes=\"auto, (max-width: 300px) 100vw, 300px\" \/><\/a>\n\t\t\t\t<\/dt>\n\t\t\t\t\t<dd class='wp-caption-text gallery-caption' id='gallery-1-431823'>\n\t\t\t\t\tVOLTAGO&#8230; ARCOBALENO A GENNAIO\n\t\t\t\t\t<\/dd><\/dl><dl class='gallery-item'>\n\t\t\t\t<dt class='gallery-icon landscape'>\n\t\t\t\t\t<a class=\"rollover rollover-zoom dt-pswp-item\" title=\"bc7a8bfb-ed69-43e4-a92c-ea3c22a60d1f\" data-dt-img-description=\"\" data-large_image_width=\"2048\" data-large_image_height=\"1536\"href='https:\/\/www.radiopiu.net\/wordpress\/wp-content\/uploads\/2025\/01\/bc7a8bfb-ed69-43e4-a92c-ea3c22a60d1f.jpg'><img loading=\"lazy\" decoding=\"async\" width=\"300\" height=\"225\" src=\"https:\/\/www.radiopiu.net\/wordpress\/wp-content\/uploads\/2025\/01\/bc7a8bfb-ed69-43e4-a92c-ea3c22a60d1f-300x225.jpg\" class=\"attachment-medium size-medium\" alt=\"\" aria-describedby=\"gallery-1-431820\" srcset=\"https:\/\/www.radiopiu.net\/wordpress\/wp-content\/uploads\/2025\/01\/bc7a8bfb-ed69-43e4-a92c-ea3c22a60d1f-300x225.jpg 300w, https:\/\/www.radiopiu.net\/wordpress\/wp-content\/uploads\/2025\/01\/bc7a8bfb-ed69-43e4-a92c-ea3c22a60d1f-1024x768.jpg 1024w, https:\/\/www.radiopiu.net\/wordpress\/wp-content\/uploads\/2025\/01\/bc7a8bfb-ed69-43e4-a92c-ea3c22a60d1f-768x576.jpg 768w, https:\/\/www.radiopiu.net\/wordpress\/wp-content\/uploads\/2025\/01\/bc7a8bfb-ed69-43e4-a92c-ea3c22a60d1f-1536x1152.jpg 1536w, https:\/\/www.radiopiu.net\/wordpress\/wp-content\/uploads\/2025\/01\/bc7a8bfb-ed69-43e4-a92c-ea3c22a60d1f.jpg 2048w\" sizes=\"auto, (max-width: 300px) 100vw, 300px\" \/><\/a>\n\t\t\t\t<\/dt>\n\t\t\t\t\t<dd class='wp-caption-text gallery-caption' id='gallery-1-431820'>\n\t\t\t\t\t203 AGORDINA- LA STANGA\n\t\t\t\t\t<\/dd><\/dl><br style=\"clear: both\" \/>\n\t\t\t<\/div>\n\n<hr \/>\n<p>&nbsp;<\/p>\n<p><strong>IERI LATO TRENTO<\/strong><\/p>\n<blockquote>\n<h2>Passo Fedaia: chiusa la SS 641 per sicurezza<\/h2>\n<\/blockquote>\n<p><img loading=\"lazy\" decoding=\"async\" class=\"alignleft\" src=\"https:\/\/www.radiopiu.net\/wordpress\/wp-content\/uploads\/2025\/01\/Senza-nome-93.png\" width=\"387\" height=\"135\" \/>Il Passo Fedaia\u00a0 \u00e8 stato chiuso al traffico in entrambe le direzioni nella tarda mattinata di ieri oggi a causa della caduta di neve dal versante sovrastante. L&#8217;evento ha reso impraticabile la Statale 641, bloccando momentaneamente alcuni veicoli in transito. Fortunatamente, non si sono registrati feriti. Il Servizio Gestione Strade e i Vigili del Fuoco volontari sono intervenuti tempestivamente per sgomberare la carreggiata, permettendo ai mezzi bloccati di ripartire in sicurezza. Tuttavia, per garantire la stabilit\u00e0 della strada, la SS 641 \u00e8 stata chiusa dalla diga (km 11+500) al confine provinciale (km 14+200).<\/p>\n<p>&nbsp;<\/p>\n<hr \/>\n<p>&nbsp;<\/p>\n<blockquote>\n<h2>Giornata intensa per il Suem: malori e incidenti nel Bellunese<\/h2>\n<\/blockquote>\n<div class=\"flex max-w-full flex-col flex-grow\">\n<div class=\"min-h-8 text-message flex w-full flex-col items-end gap-2 whitespace-normal break-words text-start [.text-message+&amp;]:mt-5\" dir=\"auto\" data-message-author-role=\"assistant\" data-message-id=\"98efce47-5d37-45d1-8921-bdbb41e9362f\" data-message-model-slug=\"gpt-4o\">\n<div class=\"flex w-full flex-col gap-1 empty:hidden first:pt-[3px]\">\n<div class=\"markdown prose w-full break-words dark:prose-invert dark\">\n<p><strong><img decoding=\"async\" class=\"alignleft\" src=\"https:\/\/www.radiopiu.net\/wordpress\/wp-content\/uploads\/2025\/01\/Senza-nome-94.png\" \/>BELLUNO<\/strong> \u2013 Una giornata di intenso lavoro per il Suem 118, impegnato in diversi interventi di soccorso nel Bellunese. Le emergenze sono iniziate poco dopo mezzogiorno a Ponte nelle Alpi, dove un 59enne dell&#8217;Alpago \u00e8 stato soccorso per un malore e trasportato in ospedale con un codice di media gravit\u00e0. Poco dopo, un altro malore ha richiesto l\u2019intervento dei sanitari a Listolade, nell\u2019Agordino: un uomo di 50 anni \u00e8 stato portato all\u2019ospedale di Agordo. Nel pomeriggio, due incidenti stradali nel Feltrino hanno reso necessario il trasporto in ospedale di un 77enne e di una donna di 63 anni, entrambi residenti a Feltre. La giornata si \u00e8 conclusa con un investimento, fortunatamente senza gravi conseguenze. Un pedone di 20 anni \u00e8 stato visitato al Pronto Soccorso dell\u2019ospedale Santa Maria del Prato per accertamenti.<\/p>\n<\/div>\n<\/div>\n<\/div>\n<\/div>\n<p>&nbsp;<\/p>\n<hr \/>\n<p>&nbsp;<\/p>\n<blockquote>\n<h2>**Mogliano, scomparso Michele Negrello: ricerche in tutta la regione<\/h2>\n<\/blockquote>\n<p><a class=\"dt-pswp-item\" href=\"https:\/\/www.radiopiu.net\/wordpress\/wp-content\/uploads\/2025\/01\/download-12.jpg\" data-dt-img-description=\"\" data-large_image_width=\"230\" data-large_image_height=\"126\"><img loading=\"lazy\" decoding=\"async\" class=\"size-full wp-image-431876 alignleft\" src=\"https:\/\/www.radiopiu.net\/wordpress\/wp-content\/uploads\/2025\/01\/download-12.jpg\" alt=\"\" width=\"230\" height=\"126\" \/><\/a>Ore di apprensione per Michele Negrello, 42enne scomparso luned\u00ec da Villa Napoleon a Preganziol. L\u2019uomo, noto anche in provincia di Belluno per il suo tirocinio sanitario, \u00e8 stato segnalato per l\u2019ultima volta tra Jesolo ed Eraclea, facendo pensare a uno spostamento verso il mare.Negrello \u00e8 alto 160 cm, di corporatura robusta, con capelli neri, occhi azzurri e un piercing alla narice destra. Si \u00e8 allontanato probabilmente a bordo di una Dacia GM460SK, indossando un giubbotto a strisce rosse, bianche e blu. Le ricerche proseguono e chiunque abbia informazioni \u00e8 invitato a contattare il 112.<\/p>\n<p>&nbsp;<\/p>\n<hr \/>\n<p>&nbsp;<\/p>\n<blockquote>\n<h3><strong><a class=\"dt-pswp-item\" href=\"https:\/\/www.radiopiu.net\/wordpress\/wp-content\/uploads\/2025\/01\/Senza-nome-96.png\" data-dt-img-description=\"\" data-large_image_width=\"296\" data-large_image_height=\"206\"><img loading=\"lazy\" decoding=\"async\" class=\" wp-image-431878 alignleft\" src=\"https:\/\/www.radiopiu.net\/wordpress\/wp-content\/uploads\/2025\/01\/Senza-nome-96.png\" alt=\"\" width=\"204\" height=\"142\" \/><\/a>Feltre, mancata precedenza all\u2019Uniera: donna ferita in un incidente<\/strong><\/h3>\n<\/blockquote>\n<p><strong>FELTRE<\/strong> Un incidente stradale si \u00e8 verificato all\u2019incrocio dell\u2019Uniera a Feltre, a causa di una mancata precedenza. Una Alfa Romeo Mito, uscendo dallo stop, \u00e8 stata centrata da un pick-up Mitsubishi, il cui conducente non ha potuto evitare l\u2019impatto. La donna alla guida dell\u2019Alfa Romeo \u00e8 stata trasportata al Pronto Soccorso, ma non ha riportato ferite gravi. Sul posto sono intervenuti l\u2019ambulanza del 118, i Vigili del Fuoco di Feltre e due pattuglie della Polizia Locale per i rilievi dell\u2019accaduto.<\/p>\n<p>&nbsp;<\/p>\n<p>&nbsp;<\/p>\n<hr \/>\n<p>&nbsp;<\/p>\n<blockquote>\n<h3>Cesiomaggiore, odore di gas alla scuola media: evacuazione e controlli<\/h3>\n<\/blockquote>\n<p><strong><img loading=\"lazy\" decoding=\"async\" class=\"alignleft\" src=\"https:\/\/www.radiopiu.net\/wordpress\/wp-content\/uploads\/2021\/07\/70769fc5-3640-49e1-8477-7a766fdc847f.jpg\" width=\"153\" height=\"173\" \/>CESIOMAGGIORE<\/strong><\/p>\n<p>Paura ieri mattina alla scuola media di Cesiomaggiore, dove un forte odore di gas ha portato all&#8217;evacuazione degli alunni e all&#8217;intervento dei vigili del fuoco, dei tecnici Italgas e della ditta responsabile della manutenzione dell\u2019impianto di riscaldamento.<\/p>\n<p>Dopo accurati controlli, non sono state rilevate perdite o guasti alla rete. Si ipotizza che l\u2019odore provenisse da un camion che trasportava GPL o da uno sfiato della cabina Italgas. Gli studenti sono rientrati in aula alle 11:40, e l&#8217;episodio ha permesso di testare le procedure di sicurezza.<\/p>\n<p>&nbsp;<\/p>\n<p>&nbsp;<\/p>\n<hr \/>\n<p>&nbsp;<\/p>\n<blockquote>\n<h2>Canale piange Corina Lorenzi, storica cuoca e volontaria<\/h2>\n<\/blockquote>\n<div class=\"group\/conversation-turn relative flex w-full min-w-0 flex-col agent-turn\">\n<div class=\"flex-col gap-1 md:gap-3\">\n<div class=\"flex max-w-full flex-col flex-grow\">\n<div class=\"min-h-8 text-message flex w-full flex-col items-end gap-2 whitespace-normal break-words text-start [.text-message+&amp;]:mt-5\" dir=\"auto\" data-message-author-role=\"assistant\" data-message-id=\"fbf7a934-5682-4aa4-8e31-0e25606bc654\" data-message-model-slug=\"gpt-4o\">\n<div class=\"flex w-full flex-col gap-1 empty:hidden first:pt-[3px]\">\n<div class=\"markdown prose w-full break-words dark:prose-invert dark\">\n<h3><img loading=\"lazy\" decoding=\"async\" class=\"alignleft\" src=\"https:\/\/www.radiopiu.net\/wordpress\/wp-content\/uploads\/2024\/07\/Musal-e-piazza-Luciani.jpg\" width=\"187\" height=\"140\" \/>CANALE D&#8217;AGORDO<\/h3>\n<p>Si \u00e8 spenta all\u2019et\u00e0 di 86 anni Corina Lorenzi, dopo essere stata ricoverata in coma per dieci giorni all\u2019ospedale Giovanni Paolo I di Agordo. La sua scomparsa lascia un profondo vuoto nella comunit\u00e0 di Canale, dove \u00e8 stata un punto di riferimento per il volontariato e l\u2019asilo parrocchiale. Dal 1985 al 2003, Corina \u00e8 stata la cuoca dell\u2019asilo &#8220;Giovanni Paolo I&#8221;, aiutando le suore non solo in cucina ma anche nelle pulizie e nell\u2019organizzazione di eventi benefici. Anche dopo la pensione ha continuato a servire la comunit\u00e0 con generosit\u00e0. I funerali si terranno gioved\u00ec 30 gennaio alle 14:30 nella chiesa arcipretale di Canale, mentre il rosario sar\u00e0 recitato questa sera alle 20.<\/p>\n<\/div>\n<\/div>\n<\/div>\n<\/div>\n<\/div>\n<\/div>\n<p>&nbsp;<\/p>\n<p>&nbsp;<\/p>\n<hr \/>\n<p>&nbsp;<\/p>\n<blockquote>\n<h3>Cestaro e Puppato (Lega-LV): \u201cIl Bellunese contrario alla diga del Vanoi<\/h3>\n<\/blockquote>\n<div class=\"flex-shrink-0 flex flex-col relative items-end\">\n<div class=\"pt-0\">\n<div class=\"gizmo-bot-avatar flex h-8 w-8 items-center justify-center overflow-hidden rounded-full\">\n<div class=\"relative p-1 rounded-sm flex items-center justify-center bg-token-main-surface-primary text-token-text-primary h-8 w-8\">\n<blockquote>\n<h3><img loading=\"lazy\" decoding=\"async\" class=\"alignleft\" src=\"https:\/\/www.radiopiu.net\/wordpress\/wp-content\/uploads\/2025\/01\/th-2.jpg\" width=\"242\" height=\"136\" \/><\/h3>\n<p><em><strong> Il PD strumentalizza in modo ideologico un problema complesso\u201d<\/strong><\/em><strong>\u00a0<\/strong><\/p><\/blockquote>\n<p><strong>VENEZIA\u00a0<\/strong> &#8211; \u201cIl tema della diga del Vanoi \u00e8 molto complesso e ne discutiamo per la quinta volta nell\u2019assemblea legislativa regionale. Ma in questi mesi la societ\u00e0 civile si \u00e8 mossa per dire chiaramente di no. Parere contrario e inappellabile pure dai tecnici della Regione Veneto che avevano preso in esame il progetto. E contrari sono sempre stati sia il Comune che la Provincia di Belluno. Ma il Consorzio di bonifica Brenta, che ha in mano il progetto, non ha mai fatto un\u2019audizione nel territorio bellunese. Solo il Partito Democratico e\u2019 rimasto a fare inutile e dannosa polemica\u201d. Sono le parole della consigliera regionale della <strong>Lega \u2013 Liga Veneta Silvia Cestaro<\/strong> che con il collega consigliere <strong>Giovanni Puppato<\/strong> ha espresso contrariet\u00e0 al progetto della diga. Sul voto finale, l\u2019intergruppo ha lasciato libert\u00e0 di voto ai consiglieri territorialmente interessati: Cestaro e Puppato hanno votato contro il progetto. Ha aggiunto Puppato: \u201cCome rappresentanti del Bellunese siamo ovviamente contrari, non c\u2019era bisogno della mozione delle opposizioni. Che nemmeno ha voluto provare a mediare su un testo pieno solo di inutile ideologia. C&#8217;era stato anche il parere di esperti come il professor Luigi d&#8217;Alpaos. Non si pu\u00f2 arrivare a un compromesso sulla diga. Speravamo di arrivare a una quadra, che purtroppo per colpa delle opposizioni non c&#8217;\u00e8 stata\u201d.<\/p>\n<\/div>\n<div>\n<h3><strong><a class=\"dt-pswp-item\" href=\"https:\/\/www.radiopiu.net\/wordpress\/wp-content\/uploads\/2024\/08\/ANDREA-DE-BERNARDIN.jpeg\" data-dt-img-description=\"\" data-large_image_width=\"1356\" data-large_image_height=\"880\"><img loading=\"lazy\" decoding=\"async\" class=\"size-medium wp-image-407067 alignleft\" src=\"https:\/\/www.radiopiu.net\/wordpress\/wp-content\/uploads\/2024\/08\/ANDREA-DE-BERNARDIN-300x195.jpeg\" alt=\"\" width=\"300\" height=\"195\" srcset=\"https:\/\/www.radiopiu.net\/wordpress\/wp-content\/uploads\/2024\/08\/ANDREA-DE-BERNARDIN-300x195.jpeg 300w, https:\/\/www.radiopiu.net\/wordpress\/wp-content\/uploads\/2024\/08\/ANDREA-DE-BERNARDIN-1024x665.jpeg 1024w, https:\/\/www.radiopiu.net\/wordpress\/wp-content\/uploads\/2024\/08\/ANDREA-DE-BERNARDIN-768x498.jpeg 768w, https:\/\/www.radiopiu.net\/wordpress\/wp-content\/uploads\/2024\/08\/ANDREA-DE-BERNARDIN.jpeg 1356w\" sizes=\"auto, (max-width: 300px) 100vw, 300px\" \/><\/a>Diga del Vanoi, la Lega Bellunese contraria al progetto: il sostegno dei consiglieri regionali<\/strong><\/h3>\n<p>La <strong>Lega Veneta<\/strong> ribadisce la propria opposizione alla costruzione della <strong>diga sul torrente Vanoi<\/strong>, sostenendo che il territorio bellunese ha gi\u00e0 dato troppo alle centrali idroelettriche. Il <strong>Segretario Provinciale della Lega<\/strong>, <strong>Andrea De Bernardin<\/strong>, ha espresso soddisfazione per il voto contrario dei consiglieri regionali <strong>Cestaro e Puppato<\/strong>, affermando che il <strong>volere della comunit\u00e0 locale<\/strong> deve essere rispettato<\/p>\n<audio class=\"wp-audio-shortcode\" id=\"audio-431572-7\" preload=\"none\" style=\"width: 100%;\" controls=\"controls\"><source type=\"audio\/mpeg\" src=\"https:\/\/www.radiopiu.net\/wordpress\/wp-content\/uploads\/2025\/01\/de-berbardin.mp3?_=7\" \/><a href=\"https:\/\/www.radiopiu.net\/wordpress\/wp-content\/uploads\/2025\/01\/de-berbardin.mp3\">https:\/\/www.radiopiu.net\/wordpress\/wp-content\/uploads\/2025\/01\/de-berbardin.mp3<\/a><\/audio>\n<p>&nbsp;<\/p>\n<p>Anche il <strong>Commissario della Lega di Feltre<\/strong>, <strong>Stefano Scardanzan<\/strong>, ha sottolineato come la provincia di <strong>Trento e Belluno si siano gi\u00e0 espresse negativamente<\/strong> sul progetto e che molti cittadini abbiano chiesto il suo blocco. <em>\u201cDecidono i territori per i territori\u201d<\/em>, ha dichiarato, apprezzando l\u2019impegno dei consiglieri regionali che hanno sostenuto la mozione per fermare l\u2019invaso.<\/p>\n<audio class=\"wp-audio-shortcode\" id=\"audio-431572-8\" preload=\"none\" style=\"width: 100%;\" controls=\"controls\"><source type=\"audio\/mpeg\" src=\"https:\/\/www.radiopiu.net\/wordpress\/wp-content\/uploads\/2025\/01\/scarda.mp3?_=8\" \/><a href=\"https:\/\/www.radiopiu.net\/wordpress\/wp-content\/uploads\/2025\/01\/scarda.mp3\">https:\/\/www.radiopiu.net\/wordpress\/wp-content\/uploads\/2025\/01\/scarda.mp3<\/a><\/audio>\n<p>&nbsp;<\/p>\n<\/div>\n<h1 class=\"_title post-title entry-title\"><a class=\"dt-pswp-item\" href=\"https:\/\/www.radiopiu.net\/wordpress\/wp-content\/uploads\/2023\/12\/ANTENNA.png\" data-dt-img-description=\"\" data-large_image_width=\"300\" data-large_image_height=\"166\"><img loading=\"lazy\" decoding=\"async\" class=\"wp-image-366306 alignleft\" src=\"https:\/\/www.radiopiu.net\/wordpress\/wp-content\/uploads\/2023\/12\/ANTENNA.png\" alt=\"\" width=\"217\" height=\"120\" \/><\/a>VENEZIA | DIGA VANOI: \u2018PRIMA I BELLUNESI\u2019 AFFERMA CESTARO. MA A PALAZZO FERRO FINI NON BASTA<\/h1>\n<p>(Servizio di\u00a0<a href=\"https:\/\/antennatre.medianordest.it\/redazione\/Tiziana-Bolognani\/\">Tiziana Bolognani<\/a>)<\/p>\n<div>\n<p><iframe loading=\"lazy\" title=\"DIGA VANOI: &#039;PRIMA I BELLUNESI&#039; AFFERMA CESTARO. MA A PALAZZO FERRO FINI NON BASTA  | 28\/01\/2025\" width=\"1200\" height=\"675\" src=\"https:\/\/www.youtube.com\/embed\/8T7rjwmCxZ8?feature=oembed\" frameborder=\"0\" allow=\"accelerometer; autoplay; clipboard-write; encrypted-media; gyroscope; picture-in-picture; web-share\" referrerpolicy=\"strict-origin-when-cross-origin\" allowfullscreen><\/iframe><\/p>\n<\/div>\n<div><\/div>\n<div>\n<hr \/>\n<\/div>\n<div><\/div>\n<blockquote>\n<h2>APPUNTAMENTO CON LA TRUFFA, CONVOCATI DA POLIZIA E CARABINIERI&#8230;<\/h2>\n<\/blockquote>\n<div>\n<p>di\u00a0 mirko mezzacasa<a href=\"https:\/\/www.radiopiu.net\/wordpress\/wp-content\/uploads\/2025\/01\/dbacb7fe-f603-44de-86bc-e829c7e17d10.webp\"><img loading=\"lazy\" decoding=\"async\" class=\"size-medium wp-image-431859 alignleft\" src=\"https:\/\/www.radiopiu.net\/wordpress\/wp-content\/uploads\/2025\/01\/dbacb7fe-f603-44de-86bc-e829c7e17d10-300x300.webp\" alt=\"\" width=\"300\" height=\"300\" srcset=\"https:\/\/www.radiopiu.net\/wordpress\/wp-content\/uploads\/2025\/01\/dbacb7fe-f603-44de-86bc-e829c7e17d10-300x300.webp 300w, https:\/\/www.radiopiu.net\/wordpress\/wp-content\/uploads\/2025\/01\/dbacb7fe-f603-44de-86bc-e829c7e17d10-150x150.webp 150w, https:\/\/www.radiopiu.net\/wordpress\/wp-content\/uploads\/2025\/01\/dbacb7fe-f603-44de-86bc-e829c7e17d10-768x768.webp 768w, https:\/\/www.radiopiu.net\/wordpress\/wp-content\/uploads\/2025\/01\/dbacb7fe-f603-44de-86bc-e829c7e17d10.webp 1024w\" sizes=\"auto, (max-width: 300px) 100vw, 300px\" \/><\/a><\/p>\n<p><strong>REDAZIONE<\/strong> Questa notte \u00e8 successo a noi. Abbiamo ricevuto un mail con la convocazione non solo dal Comando Carabinieri, ma anche della Questura.<\/p>\n<p>&nbsp;<\/p>\n<h3><strong>Attenzione alla truffa delle false forze dell\u2019ordine: come riconoscerla e difendersi<\/strong><\/h3>\n<p>Negli ultimi giorni, sta circolando un\u2019<strong>e-mail fraudolenta<\/strong> in cui falsi rappresentanti delle <strong>forze dell\u2019ordine<\/strong> (Polizia di Stato e Carabinieri) intimano ai destinatari di rispondere entro <strong>72 ore<\/strong> per evitare presunte <strong>azioni legali<\/strong>. Il messaggio, firmato da un fantomatico <em>Ufficio centrale per la lotta alla criminalit\u00e0 informatica<\/em>, invita i destinatari a scrivere a un indirizzo e-mail sospetto (<strong><a rel=\"noopener\">anticrimine.studicrimsta.pa@poliziadistato.it<\/a><\/strong>), con la scusa di verificare le giustificazioni e valutare eventuali <strong>sanzioni<\/strong>.<\/p>\n<\/div>\n<div>\n<h3><strong><a class=\"dt-pswp-item\" href=\"https:\/\/www.radiopiu.net\/wordpress\/wp-content\/uploads\/2025\/01\/Senza-nome-95.png\" data-dt-img-description=\"\" data-large_image_width=\"733\" data-large_image_height=\"708\"><img loading=\"lazy\" decoding=\"async\" class=\" wp-image-431861 alignleft\" src=\"https:\/\/www.radiopiu.net\/wordpress\/wp-content\/uploads\/2025\/01\/Senza-nome-95-300x290.png\" alt=\"\" width=\"189\" height=\"183\" srcset=\"https:\/\/www.radiopiu.net\/wordpress\/wp-content\/uploads\/2025\/01\/Senza-nome-95-300x290.png 300w, https:\/\/www.radiopiu.net\/wordpress\/wp-content\/uploads\/2025\/01\/Senza-nome-95.png 733w\" sizes=\"auto, (max-width: 189px) 100vw, 189px\" \/><\/a>Come riconoscere la truffa?<\/strong><\/h3>\n<ol>\n<li><strong>Errori ortografici e grammaticali<\/strong>, tipici dei tentativi di phishing.<\/li>\n<li><strong>Indirizzi e-mail non ufficiali<\/strong>, senza dominio governativo (.gov.it).<\/li>\n<li><strong>Minacce e richieste urgenti<\/strong>, con un limite di 72 ore per rispondere.<\/li>\n<li><strong>Nessun riferimento a procedimenti ufficiali<\/strong> o numeri di protocollo.<\/li>\n<\/ol>\n<h3><strong>Cosa fare?<\/strong><\/h3>\n<ul>\n<li><strong>Non rispondere<\/strong> e <strong>non cliccare su link sospetti<\/strong>.<\/li>\n<li><strong>Segnalare immediatamente alla Polizia Postale<\/strong> tramite il sito ufficiale.<\/li>\n<li><strong>Bloccare e segnalare l\u2019indirizzo e-mail<\/strong> ai provider di posta elettronica.<\/li>\n<\/ul>\n<p><strong>Attenzione: le forze dell\u2019ordine non contattano mai via e-mail per questioni legali<\/strong>. Se ricevete messaggi simili, \u00e8 sicuramente una truffa.<\/p>\n<p>&nbsp;<\/p>\n<hr \/>\n<p>&nbsp;<\/p>\n<p><strong>oggi la giudiziaria<\/strong><\/p>\n<p><strong>I PROCESSI SEGUITI DAL CORRIERE DELLE ALPI CON GIGI SOSSO, sintesi<\/strong><\/p>\n<div class=\"flex-shrink-0 flex flex-col relative items-end\">\n<div>\n<div class=\"pt-0\">\n<div class=\"gizmo-bot-avatar flex h-8 w-8 items-center justify-center overflow-hidden rounded-full\">\n<div class=\"relative p-1 rounded-sm flex items-center justify-center bg-token-main-surface-primary text-token-text-primary h-8 w-8\"><\/div>\n<\/div>\n<\/div>\n<\/div>\n<\/div>\n<div class=\"group\/conversation-turn relative flex w-full min-w-0 flex-col agent-turn\">\n<div class=\"flex-col gap-1 md:gap-3\">\n<div class=\"flex max-w-full flex-col flex-grow\">\n<div class=\"min-h-8 text-message flex w-full flex-col items-end gap-2 whitespace-normal break-words text-start [.text-message+&amp;]:mt-5\" dir=\"auto\" data-message-author-role=\"assistant\" data-message-id=\"bdae4817-1eab-4afe-aba7-03f507e6122a\" data-message-model-slug=\"gpt-4o\">\n<div class=\"flex w-full flex-col gap-1 empty:hidden first:pt-[3px]\">\n<div class=\"markdown prose w-full break-words dark:prose-invert dark\">\n<blockquote>\n<h3><strong>Belluno, aggredisce l\u2019inquilino con una mazza da baseball: a processo<\/strong><\/h3>\n<\/blockquote>\n<p><strong>BELLUNO<\/strong> \u00c8 iniziato il processo contro NB, accusato di lesioni aggravate e tentato esercizio arbitrario delle proprie ragioni con violenza. L\u2019uomo avrebbe aggredito l\u2019inquilino che non pagava l\u2019affitto, colpendolo con una mazza da baseball. Secondo l\u2019accusa, il 1\u00b0 aprile 2022 Borci avrebbe minacciato l\u2019affittuario con un ultimatum di dieci secondi per restituire le chiavi e il denaro, tentando di trascinarlo in garage. Non riuscendoci, lo avrebbe colpito ripetutamente, provocandogli contusioni all\u2019avambraccio e alla coscia, con una prognosi di otto giorni. Il processo, avviato davanti al giudice Luca Berletti, prevede l\u2019audizione dei testimoni dell\u2019accusa, mentre la difesa proceder\u00e0 con il controesame.<\/p>\n<p>&nbsp;<\/p>\n<\/div>\n<\/div>\n<\/div>\n<\/div>\n<\/div>\n<\/div>\n<blockquote>\n<h3><strong>Belluno, insulti ai carabinieri a Capodanno: nessun procedimento<\/strong><\/h3>\n<\/blockquote>\n<p><strong>BELLUNO<\/strong> La sera di San Silvestro 2021, GT, 29enne di Pieve di Cadore, insult\u00f2 due carabinieri in piazza dei Martiri per la chiusura anticipata delle casette del brul\u00e8, imposta dall\u2019ordinanza anti-Covid. Dopo aver inveito contro le forze dell\u2019ordine, cerc\u00f2 di farsi arrestare, senza successo. Il giudice Luca Berletti ha deciso di non procedere per la particolare tenuit\u00e0 del fatto, accogliendo la richiesta della pubblica accusa e della difesa. Eventuali risarcimenti dovranno essere richiesti in sede civile.<\/p>\n<div class=\"group\/conversation-turn relative flex w-full min-w-0 flex-col agent-turn\">\n<div class=\"flex-col gap-1 md:gap-3\">\n<div class=\"flex max-w-full flex-col flex-grow\">\n<div class=\"min-h-8 text-message flex w-full flex-col items-end gap-2 whitespace-normal break-words text-start [.text-message+&amp;]:mt-5\" dir=\"auto\" data-message-author-role=\"assistant\" data-message-id=\"91990474-b366-40a9-a3ef-21f8e40988dd\" data-message-model-slug=\"gpt-4o\">\n<div class=\"flex w-full flex-col gap-1 empty:hidden first:pt-[3px]\">\n<div class=\"markdown prose w-full break-words dark:prose-invert dark\">\n<blockquote>\n<h3><strong>Belluno, lavoratore senza permesso: imprenditore assolto<\/strong><\/h3>\n<\/blockquote>\n<p><strong>BELLUNO<\/strong> Il giudice Luca Berletti ha assolto QW, accusato di aver impiegato il connazionale CW\u00a0senza permesso di soggiorno per ristrutturare un appartamento a Baldenich. La difesa, rappresentata dall\u2019avvocato Gino Moroni, ha ottenuto l\u2019assoluzione per insufficienza o contraddittoriet\u00e0 della prova, nonostante la pubblica accusa chiedesse la condanna. L\u2019imprenditore, titolare di un\u2019azienda in Emilia Romagna, era stato denunciato dopo un\u2019ispezione nell\u2019agosto 2021.<\/p>\n<p>&nbsp;<\/p>\n<blockquote>\n<h3><strong>Fototrappola rubata a Tambre, in corso il processo per favoreggiamento<\/strong><\/h3>\n<\/blockquote>\n<p><strong>FELTRE<\/strong> Un minorenne \u00e8 stato identificato come responsabile del furto di una fototrappola, sottratta al fotografo naturalista Giuseppe Zopp\u00e8 in un bosco di Tambre. Il giovane sarebbe stato aiutato da FA, ora a processo per favoreggiamento personale. L\u2019apparecchiatura era posizionata per immortalare la fauna locale, in particolare i lupi, ma il 4 giugno 2021 \u00e8 stata rimossa. Secondo l\u2019accusa, FA avrebbe usato una cesoia per cancellare le tracce del furto. Il giudice Luca Berletti ha rinviato la fase istruttoria all\u20198 aprile, quando si ricostruir\u00e0 il contesto dell\u2019accaduto.<\/p>\n<p>&nbsp;<\/p>\n<p>&nbsp;<\/p>\n<p>&nbsp;<\/p>\n<\/div>\n<\/div>\n<\/div>\n<\/div>\n<\/div>\n<\/div>\n<\/div>\n<div>\n<hr \/>\n<\/div>\n<div><\/div>\n<\/div>\n<\/div>\n<\/div>\n<div class=\"group\/conversation-turn relative flex w-full min-w-0 flex-col agent-turn\">\n<div class=\"flex-col gap-1 md:gap-3\">\n<div class=\"flex max-w-full flex-col flex-grow\">\n<div class=\"min-h-8 text-message flex w-full flex-col items-end gap-2 whitespace-normal break-words text-start [.text-message+&amp;]:mt-5\" dir=\"auto\" data-message-author-role=\"assistant\" data-message-id=\"2958ec74-5c19-42f6-8737-908892170cd9\" data-message-model-slug=\"gpt-4o\">\n<div class=\"flex w-full flex-col gap-1 empty:hidden first:pt-[3px]\">\n<div class=\"markdown prose w-full break-words dark:prose-invert dark\">\n<blockquote>\n<h3><strong>Belluno, completate le elezioni frazionali: nominati tutti i capifrazione<\/strong><\/h3>\n<\/blockquote>\n<p><strong>BELLUNO<\/strong> Si \u00e8 concluso il tour delle assemblee elettive frazionali che ha portato alla nomina dei capifrazione in tutte le comunit\u00e0 di Belluno. Nelle ultime tappe sono stati eletti Maurizio Vettorel (via Feltre), Mario Calvi (Bolzano Bellunese) e Imerio Fant (Faverga). Dopo 27 assemblee svoltesi tra ottobre e gennaio, il Sindaco Oscar De Pellegrin ha sottolineato l\u2019importanza di questo strumento per rafforzare il legame tra cittadini e amministrazione. La nomina ufficiale avverr\u00e0 con decreto, seguita dalla prima assemblea generale dei capifrazione.<\/p>\n<\/div>\n<\/div>\n<\/div>\n<\/div>\n<\/div>\n<\/div>\n<p>&nbsp;<\/p>\n<p>&nbsp;<\/p>\n<hr \/>\n<p>&nbsp;<\/p>\n<blockquote>\n<h3>BELLUNO ALPINA, AL VIA IL TESSERAMENTO 2025<\/h3>\n<\/blockquote>\n<p><strong><a class=\"dt-pswp-item\" href=\"https:\/\/www.radiopiu.net\/wordpress\/wp-content\/uploads\/2021\/01\/BELLUNO-ALPINA.jpg\" data-dt-img-description=\"\" data-large_image_width=\"588\" data-large_image_height=\"537\"><img loading=\"lazy\" decoding=\"async\" class=\" wp-image-185689 alignleft\" src=\"https:\/\/www.radiopiu.net\/wordpress\/wp-content\/uploads\/2021\/01\/BELLUNO-ALPINA-300x274.jpg\" alt=\"\" width=\"163\" height=\"149\" srcset=\"https:\/\/www.radiopiu.net\/wordpress\/wp-content\/uploads\/2021\/01\/BELLUNO-ALPINA-300x274.jpg 300w, https:\/\/www.radiopiu.net\/wordpress\/wp-content\/uploads\/2021\/01\/BELLUNO-ALPINA.jpg 588w\" sizes=\"auto, (max-width: 163px) 100vw, 163px\" \/><\/a>BELLUNO<\/strong> L\u2019associazione Belluno Alpina apre il tesseramento 2025 con l\u2019obiettivo di valorizzare e preservare il territorio prealpino. Il presidente Gimmy Dal Farra annuncia l\u2019apertura ai non residenti per coinvolgere chiunque condivida la missione dell\u2019associazione. Priorit\u00e0 del nuovo anno sar\u00e0 l\u2019individuazione di un punto ricreativo per i borghi del comprensorio Quantin-Ronce-Nevegal-Valmorel, con particolare attenzione ai bisogni delle famiglie giovani. Confermate le tradizionali attivit\u00e0, tra cui la pulizia dei sentieri, il completamento della silvopastorale Ronce-Valmorel, la gestione boschiva e il miglioramento della viabilit\u00e0 locale. L\u2019associazione mira a fermare lo spopolamento della media montagna puntando su progetti mirati per servizi, lavoro e turismo green, fondamentale per attrarre residenti e visitatori. Per tesseramenti: <a rel=\"noopener\">bellunoalpina@gmail.com<\/a>.<\/p>\n<p>&nbsp;<\/p>\n<p>&nbsp;<\/p>\n<hr \/>\n<p>&nbsp;<\/p>\n<blockquote>\n<h1>Uno skatepark in provincia di Belluno<\/h1>\n<p>&nbsp;<\/p><\/blockquote>\n<blockquote><p><strong><img loading=\"lazy\" decoding=\"async\" class=\"alignleft\" src=\"https:\/\/www.radiopiu.net\/wordpress\/wp-content\/uploads\/2025\/01\/20981dbd-7642-4f71-9b63-cdb4b5edcc57-300x300.webp\" width=\"167\" height=\"167\" \/>BELLUNO<\/strong><\/p>\n<p>\u00c8 nata a fine novembre dall&#8217;idea di un giovane bellunese e in questi nemmeno due mesi ha raccolto gi\u00e0 754 firme: \u00e8 la sottoscrizione online lanciata sulla piattaforma Change.org per proporre la realizzazione di un parco multifunzionale in provincia. L&#8217;idea \u00e8 chiara fin dalla descrizione del progetto: \u201cCome tanti altri ragazzi, abbiamo bisogno di luoghi in cui poterci riunire e praticare sport all&#8217;aperto. &#8211; si legge infatti in apertura della petizione &#8211; Uno skatepark nella nostra provincia sarebbe una soluzione ideale\u201d.<\/p>\n<p>&nbsp;<\/p>\n<p><strong>DI DANIELE DALVIT<\/strong><\/p><\/blockquote>\n<audio class=\"wp-audio-shortcode\" id=\"audio-431572-9\" preload=\"none\" style=\"width: 100%;\" controls=\"controls\"><source type=\"audio\/mpeg\" src=\"https:\/\/www.radiopiu.net\/wordpress\/wp-content\/uploads\/2025\/01\/Servizio-Petizione-skatepark.mp3?_=9\" \/><a href=\"https:\/\/www.radiopiu.net\/wordpress\/wp-content\/uploads\/2025\/01\/Servizio-Petizione-skatepark.mp3\">https:\/\/www.radiopiu.net\/wordpress\/wp-content\/uploads\/2025\/01\/Servizio-Petizione-skatepark.mp3<\/a><\/audio>\n<p>&nbsp;<\/p>\n<hr \/>\n<p>&nbsp;<\/p>\n<p>&nbsp;<\/p>\n<h2 align=\"CENTER\">Altri 15 \u201cRifugi Sani e Sicuri\u201d nelle Dolomiti<\/h2>\n<p align=\"CENTER\"><span style=\"font-family: Calibri, sans-serif;\"><b><img loading=\"lazy\" decoding=\"async\" class=\"alignleft\" src=\"https:\/\/www.radiopiu.net\/wordpress\/wp-content\/uploads\/2025\/01\/WhatsApp-Image-2025-01-28-at-17.40.43-scaled.jpeg\" width=\"340\" height=\"255\" \/>Consegnato anche un defibrillatore per ciascun rifugio<\/b><\/span><\/p>\n<p><span style=\"font-family: Calibri, sans-serif;\">Continua il progetto \u201cRifugi sani e sicuri\u201d: ieri al Rifugio Laresei, in localit\u00e0 Cima Pradazzo a Falcade sono stati consegnati altri 15 riconoscimenti alle strutture che hanno completato il percorso, aggiungendosi ai 27 rifugi gi\u00e0 accreditati la scorsa estate. In totale sono, quindi, 42 le strutture che hanno completato ad oggi la certificazione.<\/span><\/p>\n<p><strong>PER LE TRE RADIO<\/strong><\/p>\n<p><strong>BARBARA PAOLAZZI<\/strong><\/p>\n<audio class=\"wp-audio-shortcode\" id=\"audio-431572-10\" preload=\"none\" style=\"width: 100%;\" controls=\"controls\"><source type=\"audio\/mpeg\" src=\"https:\/\/www.radiopiu.net\/wordpress\/wp-content\/uploads\/2025\/01\/BARBARA.mp3?_=10\" \/><a href=\"https:\/\/www.radiopiu.net\/wordpress\/wp-content\/uploads\/2025\/01\/BARBARA.mp3\">https:\/\/www.radiopiu.net\/wordpress\/wp-content\/uploads\/2025\/01\/BARBARA.mp3<\/a><\/audio>\n<p>&nbsp;<\/p>\n<p><strong><span style=\"font-family: Calibri, sans-serif;\">I rifugi che ieri hanno ottenuto il riconoscimento sono:\u00a0<\/span><\/strong><\/p>\n<ol>\n<li><span style=\"font-family: Calibri, sans-serif;\">Antelao \u2013 Pozzale di Cadore<\/span><\/li>\n<li><span style=\"font-family: Calibri, sans-serif;\">Capanna Cima Comelle \u2013 Canale d\u2019Agordo<\/span><\/li>\n<li><span style=\"font-family: Calibri, sans-serif;\">Casera Ere \u2013 San Gregorio nelle Alpi<\/span><\/li>\n<li><span style=\"font-family: Calibri, sans-serif;\">Ciareido \u2013 Lozzo di Cadore<\/span><\/li>\n<li><span style=\"font-family: Calibri, sans-serif;\">Faloria \u2013 Cortina d\u2019Ampezzo<\/span><\/li>\n<li><span style=\"font-family: Calibri, sans-serif;\">Pietro Galassi \u2013 Calalzo di Cadore<\/span><\/li>\n<li><span style=\"font-family: Calibri, sans-serif;\">Kekeglo \u2013 Borgo Valbelluna<\/span><\/li>\n<li><span style=\"font-family: Calibri, sans-serif;\">Laresei &#8211; Falcade<\/span><\/li>\n<li><span style=\"font-family: Calibri, sans-serif;\">Volpi al Mulaz &#8211; Falcade<\/span><\/li>\n<li><span style=\"font-family: Calibri, sans-serif;\">Palafavera \u2013 Val di Zoldo<\/span><\/li>\n<li><span style=\"font-family: Calibri, sans-serif;\">Remauro \u2013 Passo Cibiana<\/span><\/li>\n<li><span style=\"font-family: Calibri, sans-serif;\">Pelmo \u2013 Val di Zoldo<\/span><\/li>\n<li><span style=\"font-family: Calibri, sans-serif;\">Staulanza \u2013 Val di Zoldo<\/span><\/li>\n<li><span style=\"font-family: Calibri, sans-serif;\">Vallorch \u2013 Pian del Cansiglio<\/span><\/li>\n<li><span style=\"font-family: Calibri, sans-serif;\">Vazzoler \u2013 Taibon Agordino<\/span><\/li>\n<\/ol>\n<p>&nbsp;<\/p>\n<hr \/>\n<blockquote><p>&nbsp;<\/p>\n<h3>OLTRE 12 MILA RAGAZZI IN CAMPO DI 38 SCUOLE PER LA QUARTA EDIZIONE DI \u201cGENERAZIONE2026\u201d PER I GIOCHI DI MILANO CORTINA 2026<\/h3>\n<\/blockquote>\n<p><strong><a class=\"dt-pswp-item\" href=\"https:\/\/www.radiopiu.net\/wordpress\/wp-content\/uploads\/2025\/01\/Senza-titolo.jpg\" data-dt-img-description=\"\" data-large_image_width=\"1112\" data-large_image_height=\"656\"><img loading=\"lazy\" decoding=\"async\" class=\" wp-image-431809 alignleft\" src=\"https:\/\/www.radiopiu.net\/wordpress\/wp-content\/uploads\/2025\/01\/Senza-titolo-300x177.jpg\" alt=\"\" width=\"197\" height=\"116\" srcset=\"https:\/\/www.radiopiu.net\/wordpress\/wp-content\/uploads\/2025\/01\/Senza-titolo-300x177.jpg 300w, https:\/\/www.radiopiu.net\/wordpress\/wp-content\/uploads\/2025\/01\/Senza-titolo-1024x604.jpg 1024w, https:\/\/www.radiopiu.net\/wordpress\/wp-content\/uploads\/2025\/01\/Senza-titolo-768x453.jpg 768w, https:\/\/www.radiopiu.net\/wordpress\/wp-content\/uploads\/2025\/01\/Senza-titolo.jpg 1112w\" sizes=\"auto, (max-width: 197px) 100vw, 197px\" \/><\/a>TREVISO<\/strong> La quarta edizione del progetto \u201cGenerAZIONE2026 &#8211; Sport powered by youth and education\u201d, organizzata con la Regione Veneto, le Camere di Commercio di Treviso-Belluno e Verona e l\u2019Ufficio Scolastico Regionale, coinvolge le Scuole Primarie e Secondarie delle aree interessate dai Giochi Olimpici Invernali Milano Cortina 2026. Nel 2025, il programma prevede la partecipazione di oltre 12.000 studenti di 38 scuole, offrendo attivit\u00e0 educative e formative strutturate in sei sezioni tematiche legate a sport, sostenibilit\u00e0, benessere e tecnologia. L&#8217;iniziativa mira a promuovere i valori olimpici e paralimpici, favorendo l&#8217;inclusione sociale, lo sviluppo personale e il benessere psicofisico dei giovani. Tra gli eventi principali, le \u201cGiornate dello Sport\u201d e laboratori creativi ispirano i partecipanti attraverso esperienze interattive e culturali. Il progetto, gemellato con i \u201cTrofei di Milano Cortina 2026\u201d, prevede premi per studenti e insegnanti e ospiter\u00e0 una delegazione internazionale per promuovere collaborazioni economiche e culturali.<\/p>\n<p>&nbsp;<\/p>\n<hr \/>\n<p>&nbsp;<\/p>\n<blockquote>\n<h3>Nuovo Codice della Strada: risoluzione respinta, polemica del PD<\/h3>\n<\/blockquote>\n<p><strong>VENEZIA<\/strong> La consigliera regionale Chiara Luisetto (PD) critica la bocciatura della risoluzione dell&#8217;opposizione sul nuovo Codice della Strada, accusando la maggioranza di agire contro il buon senso. Luisetto denuncia la riduzione dei poteri dei sindaci sulle zone 30 e le piste ciclabili, oltre alla confusione normativa sugli psicofarmaci alla guida. Il PD chiedeva coerenza con il Piano Nazionale per la Sicurezza Stradale e le direttive ONU-OMS, ma ha prevalso la logica politica.<\/p>\n<p>&nbsp;<\/p>\n<hr \/>\n<p>&nbsp;<\/p>\n<p>&nbsp;<\/p>\n<blockquote>\n<h3><strong>\u201cCi sto bene\u201d: un contest per trattenere i giovani a Belluno<\/strong><\/h3>\n<\/blockquote>\n<p><strong>BELLUNO<\/strong> La Fondazione Welfare Dolomiti lancia il concorso \u201cCi sto bene\u201d, rivolto ai giovani bellunesi tra i 15 e i 25 anni, per promuovere il territorio attraverso brevi video o reel. L&#8217;obiettivo \u00e8 mostrare le opportunit\u00e0 che Belluno offre senza rinunciare ai sogni. I partecipanti dovranno convincere un coetaneo a rimanere o tornare a vivere a Belluno. Il concorso, che scade il 28 febbraio, mette in palio premi fino a 800 euro.<em>\u00abVogliamo far emergere quell\u2019amore che i giovani hanno verso la loro terra, che troppo spesso non vediamo; e insieme quei talenti di cui abbiamo un gran bisogno e che vogliamo trattenere a Belluno\u00bb spiega Francesca De Biasi, presidente della Fondazione.\u00a0<\/em><\/p>\n<p>&nbsp;<\/p>\n<p>&nbsp;<\/p>\n<hr \/>\n<p>&nbsp;<\/p>\n<blockquote>\n<h3>ANNULLATA LA CASPARETHA 2025<\/h3>\n<\/blockquote>\n<p><strong><a class=\"dt-pswp-item\" href=\"https:\/\/www.radiopiu.net\/wordpress\/wp-content\/uploads\/2023\/02\/CASPARETHA-2023-scaled.jpg\" data-dt-img-description=\"\" data-large_image_width=\"2560\" data-large_image_height=\"1918\"><img loading=\"lazy\" decoding=\"async\" class=\" wp-image-320590 alignleft\" src=\"https:\/\/www.radiopiu.net\/wordpress\/wp-content\/uploads\/2023\/02\/CASPARETHA-2023-300x225.jpg\" alt=\"\" width=\"181\" height=\"136\" srcset=\"https:\/\/www.radiopiu.net\/wordpress\/wp-content\/uploads\/2023\/02\/CASPARETHA-2023-300x225.jpg 300w, https:\/\/www.radiopiu.net\/wordpress\/wp-content\/uploads\/2023\/02\/CASPARETHA-2023-1024x767.jpg 1024w, https:\/\/www.radiopiu.net\/wordpress\/wp-content\/uploads\/2023\/02\/CASPARETHA-2023-768x575.jpg 768w, https:\/\/www.radiopiu.net\/wordpress\/wp-content\/uploads\/2023\/02\/CASPARETHA-2023-1536x1151.jpg 1536w, https:\/\/www.radiopiu.net\/wordpress\/wp-content\/uploads\/2023\/02\/CASPARETHA-2023-2048x1534.jpg 2048w\" sizes=\"auto, (max-width: 181px) 100vw, 181px\" \/><\/a>CANALE D&#8217;AGORDO <\/strong>A causa delle condizioni meteorologiche avverse e dell\u2019elevata pericolosit\u00e0 del tracciato, il comitato organizzatore ha annunciato ufficialmente l&#8217;annullamento della Casparetha 2025. La decisione, presa con grande rammarico, \u00e8 stata dettata prioritariamente dalla necessit\u00e0 di garantire la sicurezza di tutti i partecipanti.\u00a0 L&#8217;evento, da sempre atteso con entusiasmo da appassionati e comunit\u00e0 locale, ma le recenti condizioni meteorologiche hanno reso impraticabile e rischioso il suo svolgimento. Coloro che si sono iscritti online riceveranno a breve tutte le informazioni relative alla procedura di rimborso. L&#8217;organizzazione da appuntamento al prossimo anno.<\/p>\n<p>&nbsp;<\/p>\n<p>&nbsp;<\/p>\n<hr \/>\n<blockquote>\n<h3><\/h3>\n<h3>LICEO LOLLINO, UNA SETTIMANA DEDICATA ALL&#8217;EDUCAZIONE CIVICA<\/h3>\n<\/blockquote>\n<p><strong><a class=\"dt-pswp-item\" href=\"https:\/\/www.radiopiu.net\/wordpress\/wp-content\/uploads\/2021\/04\/LOLLINO.jpg\" data-dt-img-description=\"\" data-large_image_width=\"1618\" data-large_image_height=\"1078\"><img loading=\"lazy\" decoding=\"async\" class=\" wp-image-203612 alignleft\" src=\"https:\/\/www.radiopiu.net\/wordpress\/wp-content\/uploads\/2021\/04\/LOLLINO-300x200.jpg\" alt=\"\" width=\"209\" height=\"139\" srcset=\"https:\/\/www.radiopiu.net\/wordpress\/wp-content\/uploads\/2021\/04\/LOLLINO-300x200.jpg 300w, https:\/\/www.radiopiu.net\/wordpress\/wp-content\/uploads\/2021\/04\/LOLLINO-1024x682.jpg 1024w, https:\/\/www.radiopiu.net\/wordpress\/wp-content\/uploads\/2021\/04\/LOLLINO-768x512.jpg 768w, https:\/\/www.radiopiu.net\/wordpress\/wp-content\/uploads\/2021\/04\/LOLLINO-1536x1023.jpg 1536w, https:\/\/www.radiopiu.net\/wordpress\/wp-content\/uploads\/2021\/04\/LOLLINO.jpg 1618w\" sizes=\"auto, (max-width: 209px) 100vw, 209px\" \/><\/a>BELLUNO<\/strong> Dal 27 al 31 gennaio il Liceo &#8220;Lollino&#8221; di Belluno dedica una settimana all\u2019educazione civica, sospendendo le lezioni tradizionali per attivit\u00e0 formative con associazioni locali. Le classi affrontano temi diversificati: la prima si occupa di accoglienza con l\u2019ODAR, la seconda approfondisce la sostenibilit\u00e0 e la tutela ambientale con il CAI, la terza lavora sui diritti umani con il progetto \u201cInsieme si Pu\u00f2\u201d a sostegno dei campi profughi di Aleppo. La quarta analizza temi di guerra e pace con Croce Rossa e ANVCG, mentre la quinta esplora le istituzioni italiane ed europee con visite a Roma, Bruxelles e L\u2019Aia. Inoltre, tutti gli studenti partecipano a incontri su defibrillazione, donazione di organi e midollo osseo, promuovendo una cittadinanza attiva e consapevole.<\/p>\n<p>&nbsp;<\/p>\n<hr \/>\n<p>&nbsp;<\/p>\n<h3><strong>Belluno, incontri informativi per il Servizio Civile Universale<\/strong><\/h3>\n<p><strong>BELLUNO<\/strong> Il Centro Italiano di Solidariet\u00e0 di Belluno onlus organizza due incontri il 7 e 8 febbraio 2025 presso l\u2019Urban Hub di Belluno per illustrare il progetto &#8220;Reti di Solidariet\u00e0&#8221;, che ricerca 10 volontari tra i 18 e i 28 anni.<\/p>\n<p>&nbsp;<\/p>\n<hr \/>\n<p>&nbsp;<\/p>\n<div class=\"flex-shrink-0 flex flex-col relative items-end\">\n<div>\n<div class=\"pt-0\">\n<div class=\"gizmo-bot-avatar flex h-8 w-8 items-center justify-center overflow-hidden rounded-full\">\n<div class=\"relative p-1 rounded-sm flex items-center justify-center bg-token-main-surface-primary text-token-text-primary h-8 w-8\"><\/div>\n<\/div>\n<\/div>\n<\/div>\n<\/div>\n<div class=\"group\/conversation-turn relative flex w-full min-w-0 flex-col agent-turn\">\n<div class=\"flex-col gap-1 md:gap-3\">\n<div class=\"flex max-w-full flex-col flex-grow\">\n<div class=\"min-h-8 text-message flex w-full flex-col items-end gap-2 whitespace-normal break-words text-start [.text-message+&amp;]:mt-5\" dir=\"auto\" data-message-author-role=\"assistant\" data-message-id=\"4aa5d208-3bd4-453d-8b7d-c0c5a76f2e77\" data-message-model-slug=\"gpt-4o\">\n<div class=\"flex w-full flex-col gap-1 empty:hidden first:pt-[3px]\">\n<div class=\"markdown prose w-full break-words dark:prose-invert dark\">\n<blockquote>\n<h3><strong>&#8220;Vajont Skopje&#8221; tra i Luoghi del Cuore FAI: arte e solidariet\u00e0 intrecciate<\/strong><\/h3>\n<\/blockquote>\n<p>La collezione d\u2019arte &#8220;Vajont Skopje&#8221;, simbolo di solidariet\u00e0 tra Longarone e Skopje dopo le tragedie del Vajont e del terremoto del 1963, \u00e8 stata inserita tra i Luoghi del Cuore FAI, attualmente al 225\u00b0 posto nazionale. Nel 1963, artisti balcanici donarono 77 opere a Longarone in segno di vicinanza.<\/p>\n<\/div>\n<\/div>\n<\/div>\n<\/div>\n<\/div>\n<\/div>\n\n\t\t\t<style type='text\/css'>\n\t\t\t\t#gallery-2 {\n\t\t\t\t\tmargin: auto;\n\t\t\t\t}\n\t\t\t\t#gallery-2 .gallery-item {\n\t\t\t\t\tfloat: left;\n\t\t\t\t\tmargin-top: 10px;\n\t\t\t\t\ttext-align: center;\n\t\t\t\t\twidth: 50%;\n\t\t\t\t}\n\t\t\t\t#gallery-2 img {\n\t\t\t\t\tborder: 2px solid #cfcfcf;\n\t\t\t\t}\n\t\t\t\t#gallery-2 .gallery-caption {\n\t\t\t\t\tmargin-left: 0;\n\t\t\t\t}\n\t\t\t\t\/* see gallery_shortcode() in wp-includes\/media.php *\/\n\t\t\t<\/style>\n\t\t<div id='gallery-2' class='dt-gallery-container gallery galleryid-431572 gallery-columns-2 gallery-size-thumbnail'><dl class='gallery-item'>\n\t\t\t\t<dt class='gallery-icon portrait'>\n\t\t\t\t\t<a class=\"rollover rollover-zoom dt-pswp-item\" title=\"vajont skopje 1\" data-dt-img-description=\"\" data-large_image_width=\"1133\" data-large_image_height=\"1600\"href='https:\/\/www.radiopiu.net\/wordpress\/wp-content\/uploads\/2025\/01\/vajont-skopje-1.jpg'><img loading=\"lazy\" decoding=\"async\" width=\"150\" height=\"150\" src=\"https:\/\/www.radiopiu.net\/wordpress\/wp-content\/uploads\/2025\/01\/vajont-skopje-1-150x150.jpg\" class=\"attachment-thumbnail size-thumbnail\" alt=\"\" \/><\/a>\n\t\t\t\t<\/dt><\/dl><dl class='gallery-item'>\n\t\t\t\t<dt class='gallery-icon landscape'>\n\t\t\t\t\t<a class=\"rollover rollover-zoom dt-pswp-item\" title=\"vajont skopje 2\" data-dt-img-description=\"\" data-large_image_width=\"1600\" data-large_image_height=\"1142\"href='https:\/\/www.radiopiu.net\/wordpress\/wp-content\/uploads\/2025\/01\/vajont-skopje-2.jpg'><img loading=\"lazy\" decoding=\"async\" width=\"150\" height=\"150\" src=\"https:\/\/www.radiopiu.net\/wordpress\/wp-content\/uploads\/2025\/01\/vajont-skopje-2-150x150.jpg\" class=\"attachment-thumbnail size-thumbnail\" alt=\"\" \/><\/a>\n\t\t\t\t<\/dt><\/dl><br style=\"clear: both\" \/>\n\t\t\t<\/div>\n\n<p>&nbsp;<\/p>\n<p>&nbsp;<\/p>\n<hr \/>\n<p>&nbsp;<\/p>\n<div class=\"flex-shrink-0 flex flex-col relative items-end\">\n<div>\n<div class=\"pt-0\">\n<div class=\"gizmo-bot-avatar flex h-8 w-8 items-center justify-center overflow-hidden rounded-full\">\n<blockquote>\n<h2 class=\"relative p-1 rounded-sm flex items-center justify-center bg-token-main-surface-primary text-token-text-primary h-8 w-8\">Escursioni invernali con il CAI Agordino: adattarsi ai cambiamenti climatici<\/h2>\n<\/blockquote>\n<\/div>\n<\/div>\n<\/div>\n<\/div>\n<div class=\"group\/conversation-turn relative flex w-full min-w-0 flex-col agent-turn\">\n<div class=\"flex-col gap-1 md:gap-3\">\n<div class=\"flex max-w-full flex-col flex-grow\">\n<div class=\"min-h-8 text-message flex w-full flex-col items-end gap-2 whitespace-normal break-words text-start [.text-message+&amp;]:mt-5\" dir=\"auto\" data-message-author-role=\"assistant\" data-message-id=\"ff938b58-332d-4168-99b2-ce1be1913697\" data-message-model-slug=\"gpt-4o\">\n<div class=\"flex w-full flex-col gap-1 empty:hidden first:pt-[3px]\">\n<div class=\"markdown prose w-full break-words dark:prose-invert dark\">\n<h3>AGORDO<\/h3>\n<p><a href=\"https:\/\/www.radiopiu.net\/wordpress\/wp-content\/uploads\/2025\/01\/322d6c59-829c-4064-8e27-39e9beb05bde.webp\"><img loading=\"lazy\" decoding=\"async\" class=\" wp-image-431855 alignleft\" src=\"https:\/\/www.radiopiu.net\/wordpress\/wp-content\/uploads\/2025\/01\/322d6c59-829c-4064-8e27-39e9beb05bde-300x300.webp\" alt=\"\" width=\"195\" height=\"195\" srcset=\"https:\/\/www.radiopiu.net\/wordpress\/wp-content\/uploads\/2025\/01\/322d6c59-829c-4064-8e27-39e9beb05bde-300x300.webp 300w, https:\/\/www.radiopiu.net\/wordpress\/wp-content\/uploads\/2025\/01\/322d6c59-829c-4064-8e27-39e9beb05bde-150x150.webp 150w, https:\/\/www.radiopiu.net\/wordpress\/wp-content\/uploads\/2025\/01\/322d6c59-829c-4064-8e27-39e9beb05bde-768x768.webp 768w, https:\/\/www.radiopiu.net\/wordpress\/wp-content\/uploads\/2025\/01\/322d6c59-829c-4064-8e27-39e9beb05bde.webp 1024w\" sizes=\"auto, (max-width: 195px) 100vw, 195px\" \/><\/a>Nonostante il cambiamento climatico, il gruppo escursionistico della Sezione Agordina del CAI non si ferma e continua a condividere la passione per la montagna. Le escursioni invernali, inizialmente pensate con l&#8217;uso delle ciaspole, spesso richiedono adattamenti, sostituendole con ramponcini per maggiore sicurezza. L\u2019obiettivo rimane lo stesso: scoprire nuovi luoghi e vivere la montagna in compagnia, anche quando il paesaggio innevato da fiaba \u00e8 solo immaginato. Il clima incerto non scoraggia il gruppo, che prosegue con entusiasmo e coinvolge sempre pi\u00f9 appassionati.<\/p>\n<h3>Domenica 2 febbraio: escursione al Sass de Formedal<\/h3>\n<p>Tra gli appuntamenti in programma, spicca l\u2019escursione al Sass de Formedal, nel gruppo del Pelmo. Questo rilievo poco noto segna il termine della dorsale che parte dal Monte Ponta, offrendo un percorso immerso tra boschi radi e distese innevate, con panorami suggestivi sulla Val Zoldana. L\u2019escursione \u00e8 classificata EAI \u2013 Facile, ideale per chi vuole avvicinarsi alle uscite invernali e scoprire la montagna in tutta sicurezza.<\/p>\n<\/div>\n<\/div>\n<\/div>\n<\/div>\n<\/div>\n<\/div>\n<p>&nbsp;<\/p>\n<p>&nbsp;<\/p>\n<hr \/>\n<p>&nbsp;<\/p>\n<blockquote>\n<h3>PAOLO MALAGUTI ALL&#8217;ISTITUTO CATULLO DI BELLUNO<\/h3>\n<\/blockquote>\n<p><strong>BELLUNO<\/strong> Venerd\u00ec, dalle 10.30 alle 12.30, l\u2019Istituto superiore \u201cCatullo\u201d ospiter\u00e0 lo scrittore Paolo Malaguti per un incontro con gli studenti. Coordinati dalle docenti Bartolini, Celato, Ortolan, Piazza e Sarzetto, gli studenti accoglieranno l\u2019autore nell\u2019Aula Magna del Seminario. Malaguti presenter\u00e0 il suo romanzo <em>Piero fa la Merica<\/em> (Einaudi 2023), che gli alunni hanno letto e analizzato in classe con i docenti di lettere e lingua spagnola. Durante l\u2019incontro ci sar\u00e0 spazio per un dibattito, arricchito dagli interventi preparati dalle classi.<\/p>\n<p>&nbsp;<\/p>\n<p>&nbsp;<\/p>\n<hr \/>\n<p>&nbsp;<\/p>\n<blockquote>\n<h3>UNO SPETTACOLO SPECIALE AL TEATRO DINO BUZZATI DI BELLUNO<\/h3>\n<\/blockquote>\n<p><strong><a class=\"dt-pswp-item\" href=\"https:\/\/www.radiopiu.net\/wordpress\/wp-content\/uploads\/2025\/01\/periferia-scaled.jpg\" data-dt-img-description=\"\" data-large_image_width=\"2560\" data-large_image_height=\"1920\"><img loading=\"lazy\" decoding=\"async\" class=\" wp-image-431454 alignleft\" src=\"https:\/\/www.radiopiu.net\/wordpress\/wp-content\/uploads\/2025\/01\/periferia-300x225.jpg\" alt=\"\" width=\"181\" height=\"136\" srcset=\"https:\/\/www.radiopiu.net\/wordpress\/wp-content\/uploads\/2025\/01\/periferia-300x225.jpg 300w, https:\/\/www.radiopiu.net\/wordpress\/wp-content\/uploads\/2025\/01\/periferia-1024x768.jpg 1024w, https:\/\/www.radiopiu.net\/wordpress\/wp-content\/uploads\/2025\/01\/periferia-768x576.jpg 768w, https:\/\/www.radiopiu.net\/wordpress\/wp-content\/uploads\/2025\/01\/periferia-1536x1152.jpg 1536w, https:\/\/www.radiopiu.net\/wordpress\/wp-content\/uploads\/2025\/01\/periferia-2048x1536.jpg 2048w\" sizes=\"auto, (max-width: 181px) 100vw, 181px\" \/><\/a>BELLUNO <\/strong>Al Cartiere, micro-impresa che coinvolge persone con disabilit\u00e0, presenta il progetto teatrale <strong>\u201cPeriferia\u201d<\/strong>, in scena il 2 febbraio al Teatro Dino Buzzati. Realizzato grazie ai fondi regionali per il benessere delle persone con disturbi dello spettro autistico, il progetto include laboratori teatrali condotti da Grazia Capraro e Alberto Fornasati e musicali curati da Davide Rizzardi e Alessandro Casol. Il tema centrale \u00e8 la casa: un luogo immaginato come spazio personale e relazionale, dove i partecipanti hanno esplorato desideri e aspirazioni. Attraverso il teatro, si affronta il rapporto tra individualit\u00e0 e societ\u00e0, tra il \u201cdentro\u201d e il \u201cfuori\u201d, riflettendo sulla normalit\u00e0 e sull\u2019inclusione. I partecipanti sono attori, autori e musicisti, per un\u2019esperienza artistica collettiva che valorizza l\u2019unicit\u00e0 di ogni individuo.<\/p>\n<p>&nbsp;<\/p>\n<p>&nbsp;<\/p>\n<hr \/>\n<p>&nbsp;<\/p>\n<blockquote>\n<h3>LE MUSE E LE DOLOMITI OFFRONO PROVE GRATUITE DI CANTO<\/h3>\n<\/blockquote>\n<p><strong><a class=\"dt-pswp-item\" href=\"https:\/\/www.radiopiu.net\/wordpress\/wp-content\/uploads\/2022\/07\/LE-MUSE.png\" data-dt-img-description=\"\" data-large_image_width=\"750\" data-large_image_height=\"750\"><img loading=\"lazy\" decoding=\"async\" class=\" wp-image-288787 alignleft\" src=\"https:\/\/www.radiopiu.net\/wordpress\/wp-content\/uploads\/2022\/07\/LE-MUSE-300x300.png\" alt=\"\" width=\"101\" height=\"101\" srcset=\"https:\/\/www.radiopiu.net\/wordpress\/wp-content\/uploads\/2022\/07\/LE-MUSE-300x300.png 300w, https:\/\/www.radiopiu.net\/wordpress\/wp-content\/uploads\/2022\/07\/LE-MUSE-150x150.png 150w, https:\/\/www.radiopiu.net\/wordpress\/wp-content\/uploads\/2022\/07\/LE-MUSE.png 750w\" sizes=\"auto, (max-width: 101px) 100vw, 101px\" \/><\/a>REDAZIONE<\/strong> La Scuola Interregionale di Canto e Teatro, promossa dall&#8217;Associazione Le Muse e le Dolomiti, offre una formazione unica per giovani talenti a partire dai 6 anni nelle Dolomiti, con sedi ad Agordo, Caprile, Cavalese, Moena e Vallada Agordina. Gli studenti partecipano a lezioni settimanali e si uniscono nel Coro Teatrale Dolomitico per eventi speciali. Il progetto mira a sviluppare talento artistico e favorire socialit\u00e0, conoscendo meglio le comunit\u00e0 locali e creando legami tra i partecipanti. Il progetto \u00e8 patrocinato da enti locali e offre lezioni di prova gratuite a gennaio e febbraio 2025.<\/p>\n<p>&nbsp;<\/p>\n<div class=\"mb-2 flex gap-3 empty:hidden -ml-2\">\n<div class=\"items-center justify-start rounded-xl p-1 flex\">\n<div class=\"flex items-center\">\n<p>&nbsp;<\/p>\n<p>&nbsp;<\/p>\n<hr \/>\n<p>&nbsp;<\/p>\n<\/div>\n<\/div>\n<\/div>\n<p><strong><a class=\"dt-pswp-item\" href=\"https:\/\/www.radiopiu.net\/wordpress\/wp-content\/uploads\/2024\/11\/AMICI-MINERARI.png\" data-dt-img-description=\"\" data-large_image_width=\"209\" data-large_image_height=\"174\"><img loading=\"lazy\" decoding=\"async\" class=\" wp-image-419180 alignleft\" src=\"https:\/\/www.radiopiu.net\/wordpress\/wp-content\/uploads\/2024\/11\/AMICI-MINERARI.png\" alt=\"\" width=\"168\" height=\"140\" \/><\/a>&#8220;Con gli Amici dei Minerari: Serate d&#8217;Inverno \u2013 un viaggio tra storia, scienza e meraviglie. Incontri presso la Sala con T\u00e0-Mis. Non mancare!&#8221;<\/strong><\/p>\n<ul>\n<li><em>Venerd\u00ec 21 febbraio, ore 20:30<\/em>: &#8220;Il traforo del Brennero: studio, progettazione e realizzazione&#8221; \u2013 Relatori Vittorio Fenti e Mario Guadagnini.<\/li>\n<\/ul>\n<p><strong>Vivi la cultura e la passione per la montagna!<\/strong><\/p>\n<p>&nbsp;<\/p>\n<p>&nbsp;<\/p>\n<p>&nbsp;<\/p>\n<hr \/>\n<p>&nbsp;<\/p>\n<h2><span style=\"color: #ff00ff;\">IL NUOVO LIBRO DI LUISA MANFROI E MORENO DE ZAIACOMO<\/span><\/h2>\n<p><strong><a class=\"dt-pswp-item\" href=\"https:\/\/www.radiopiu.net\/wordpress\/wp-content\/uploads\/2024\/12\/Libro-Agordino-oltre-le-montagne-e-loceano.jpg\" data-dt-img-description=\"\" data-large_image_width=\"2048\" data-large_image_height=\"1457\"><img loading=\"lazy\" decoding=\"async\" class=\" wp-image-426201 alignleft\" src=\"https:\/\/www.radiopiu.net\/wordpress\/wp-content\/uploads\/2024\/12\/Libro-Agordino-oltre-le-montagne-e-loceano-300x213.jpg\" alt=\"\" width=\"201\" height=\"143\" srcset=\"https:\/\/www.radiopiu.net\/wordpress\/wp-content\/uploads\/2024\/12\/Libro-Agordino-oltre-le-montagne-e-loceano-300x213.jpg 300w, https:\/\/www.radiopiu.net\/wordpress\/wp-content\/uploads\/2024\/12\/Libro-Agordino-oltre-le-montagne-e-loceano-1024x729.jpg 1024w, https:\/\/www.radiopiu.net\/wordpress\/wp-content\/uploads\/2024\/12\/Libro-Agordino-oltre-le-montagne-e-loceano-768x546.jpg 768w, https:\/\/www.radiopiu.net\/wordpress\/wp-content\/uploads\/2024\/12\/Libro-Agordino-oltre-le-montagne-e-loceano-1536x1093.jpg 1536w, https:\/\/www.radiopiu.net\/wordpress\/wp-content\/uploads\/2024\/12\/Libro-Agordino-oltre-le-montagne-e-loceano.jpg 2048w\" sizes=\"auto, (max-width: 201px) 100vw, 201px\" \/><\/a>DI MIRKO MEZZACASA<\/strong><\/p>\n<p>OSPITI: Luisa Manfroi e Moreno De Zaiacomo<\/p>\n<audio class=\"wp-audio-shortcode\" id=\"audio-431572-11\" preload=\"none\" style=\"width: 100%;\" controls=\"controls\"><source type=\"audio\/mpeg\" src=\"https:\/\/www.radiopiu.net\/wordpress\/wp-content\/uploads\/2025\/01\/luisa-e-moreno-libro-oceano.mp3?_=11\" \/><a href=\"https:\/\/www.radiopiu.net\/wordpress\/wp-content\/uploads\/2025\/01\/luisa-e-moreno-libro-oceano.mp3\">https:\/\/www.radiopiu.net\/wordpress\/wp-content\/uploads\/2025\/01\/luisa-e-moreno-libro-oceano.mp3<\/a><\/audio>\n<p>&nbsp;<\/p>\n<blockquote>\n<h3>Recensione del libro \u201cDell\u2019Agordino: Cenni storici, statistici, naturali\u201d \u2013 A cura di Giuliano Laveder<\/h3>\n<\/blockquote>\n<p>La nuova pubblicazione <em>Dell\u2019Agordino: Cenni storici, statistici, naturali<\/em>, curata da Giuliano Laveder, rappresenta un&#8217;opera di grande valore per chi desidera approfondire la storia, la cultura e l\u2019ambiente di questo affascinante territorio montano. Edito dalla <strong>Tipografia Castaldi<\/strong>, il libro offre un viaggio attraverso i secoli, esplorando le tradizioni, i dati storici e le peculiarit\u00e0 naturali che caratterizzano l\u2019Agordino.<\/p>\n<p>L\u2019uscita dell\u2019opera \u00e8 accompagnata dal <strong>bollettino \u201cLe Campane del Poi\u201d<\/strong>, diretto da <strong>don Fabiano Del Favero<\/strong>, a testimonianza dell\u2019attenzione e dell\u2019impegno nel mantenere viva la memoria storica locale. Il volume \u00e8 disponibile presso Luigi Cadorin Fotografo <strong>(Agordo),<\/strong> l\u2019Ufficio Turistico\u00a0<strong> (Agordo),\u00a0<\/strong> Filo&#8217; di De Toffol Roberta a (<strong>Canale d&#8217;Agordo),\u00a0<\/strong> Ristorante Pizzeria Stella Alpina e il Bar J\u00e4ger<strong> (Voltago)\u00a0<\/strong> Latteria Agordina di Vallata a Toccol <strong>(Agordo)<\/strong><\/p>\n<p>Un libro imperdibile per appassionati di storia locale e amanti delle Dolomiti.<\/p>\n<p><a class=\"dt-pswp-item\" href=\"https:\/\/www.radiopiu.net\/wordpress\/wp-content\/uploads\/2025\/01\/Senza-nome-63.png\" data-dt-img-description=\"\" data-large_image_width=\"462\" data-large_image_height=\"338\"><img loading=\"lazy\" decoding=\"async\" class=\"size-medium wp-image-430520 aligncenter\" src=\"https:\/\/www.radiopiu.net\/wordpress\/wp-content\/uploads\/2025\/01\/Senza-nome-63-300x219.png\" alt=\"\" width=\"300\" height=\"219\" srcset=\"https:\/\/www.radiopiu.net\/wordpress\/wp-content\/uploads\/2025\/01\/Senza-nome-63-300x219.png 300w, https:\/\/www.radiopiu.net\/wordpress\/wp-content\/uploads\/2025\/01\/Senza-nome-63.png 462w\" sizes=\"auto, (max-width: 300px) 100vw, 300px\" \/><\/a><\/p>\n<p>&nbsp;<\/p>\n<p>&nbsp;<\/p>\n<p>&nbsp;<\/p>\n<hr \/>\n<p>&nbsp;<\/p>\n<blockquote>\n<h2><a class=\"dt-pswp-item\" href=\"https:\/\/www.radiopiu.net\/wordpress\/wp-content\/uploads\/2024\/01\/Foto-Carnevale_0001-9-scaled.jpg\" data-dt-img-description=\"\" data-large_image_width=\"1825\" data-large_image_height=\"2560\"><img loading=\"lazy\" decoding=\"async\" class=\"wp-image-371954 alignleft\" src=\"https:\/\/www.radiopiu.net\/wordpress\/wp-content\/uploads\/2024\/01\/Foto-Carnevale_0001-9-214x300.jpg\" alt=\"\" width=\"85\" height=\"119\" srcset=\"https:\/\/www.radiopiu.net\/wordpress\/wp-content\/uploads\/2024\/01\/Foto-Carnevale_0001-9-214x300.jpg 214w, https:\/\/www.radiopiu.net\/wordpress\/wp-content\/uploads\/2024\/01\/Foto-Carnevale_0001-9-730x1024.jpg 730w, https:\/\/www.radiopiu.net\/wordpress\/wp-content\/uploads\/2024\/01\/Foto-Carnevale_0001-9-768x1078.jpg 768w, https:\/\/www.radiopiu.net\/wordpress\/wp-content\/uploads\/2024\/01\/Foto-Carnevale_0001-9-1095x1536.jpg 1095w, https:\/\/www.radiopiu.net\/wordpress\/wp-content\/uploads\/2024\/01\/Foto-Carnevale_0001-9-1460x2048.jpg 1460w, https:\/\/www.radiopiu.net\/wordpress\/wp-content\/uploads\/2024\/01\/Foto-Carnevale_0001-9-scaled.jpg 1825w\" sizes=\"auto, (max-width: 85px) 100vw, 85px\" \/><\/a>APPUNTAMENTI COL CARNEVALE<\/h2>\n<\/blockquote>\n<p>Ritorna carnevai de la vai, mascherate tradizionali delle dolomiti agordine.\u00a0 I prossimi appuntamenti: 22 febbraio LASTE DI ROCCA PIETORE, 23 febbraio a Rivamonte Agordino, 1 Marzo Sottoguda di Rocca Pietore, e 2 marzo a CANALE D&#8217;AGORDO aspettiamo anche te, con la tua maschera, tradizionale o di fantasia<\/p>\n<p>&nbsp;<\/p>\n<p>&nbsp;<\/p>\n<p>&nbsp;<\/p>\n<hr \/>\n<p>&nbsp;<\/p>\n<p>&nbsp;<\/p>\n<p><strong><a class=\"dt-pswp-item\" href=\"https:\/\/www.radiopiu.net\/wordpress\/wp-content\/uploads\/2025\/01\/d8ab62da-aba7-455c-8632-184910af88dc.jpg\" data-dt-img-description=\"\" data-large_image_width=\"1134\" data-large_image_height=\"1600\"><img loading=\"lazy\" decoding=\"async\" class=\"wp-image-431685 alignleft\" src=\"https:\/\/www.radiopiu.net\/wordpress\/wp-content\/uploads\/2025\/01\/d8ab62da-aba7-455c-8632-184910af88dc-213x300.jpg\" alt=\"\" width=\"142\" height=\"200\" srcset=\"https:\/\/www.radiopiu.net\/wordpress\/wp-content\/uploads\/2025\/01\/d8ab62da-aba7-455c-8632-184910af88dc-213x300.jpg 213w, https:\/\/www.radiopiu.net\/wordpress\/wp-content\/uploads\/2025\/01\/d8ab62da-aba7-455c-8632-184910af88dc-726x1024.jpg 726w, https:\/\/www.radiopiu.net\/wordpress\/wp-content\/uploads\/2025\/01\/d8ab62da-aba7-455c-8632-184910af88dc-768x1084.jpg 768w, https:\/\/www.radiopiu.net\/wordpress\/wp-content\/uploads\/2025\/01\/d8ab62da-aba7-455c-8632-184910af88dc-1089x1536.jpg 1089w, https:\/\/www.radiopiu.net\/wordpress\/wp-content\/uploads\/2025\/01\/d8ab62da-aba7-455c-8632-184910af88dc.jpg 1134w\" sizes=\"auto, (max-width: 142px) 100vw, 142px\" \/><\/a>La famiglia ex emigranti dell&#8217;agordino ti invita al gran ballo di San Valentino<\/strong><\/p>\n<p>Venerdi 14 febbraio al Nof Filo&#8217; di Cencenighe&#8230;<br \/>\nPer l&#8217;ultima volta, gli ultimi balli prima della ristrutturazione della storica e gloriosa sala.<br \/>\nDalle 21&#8230; con la musica degli ORO PURO&#8230;all other music<br \/>\nBiglietto ridotto per i coscritti del 2005, 1985, 1965 e 1945 dell&#8217;Agordino<\/p>\n<p>Gran Ballo di San Valentino, venerdi 14 febbraio&#8230; nof filo&#8217;&#8230;. cencenighe<\/p>\n<p>&nbsp;<\/p>\n<p>&nbsp;<\/p>\n<p>&nbsp;<\/p>\n<p>&nbsp;<\/p>\n<hr \/>\n<p>&nbsp;<\/p>\n<p><strong><a class=\"dt-pswp-item\" href=\"https:\/\/www.radiopiu.net\/wordpress\/wp-content\/uploads\/2025\/01\/f3df1628-8254-4b99-80ee-8393db63af21.jpg\" data-dt-img-description=\"\" data-large_image_width=\"1446\" data-large_image_height=\"2048\"><img loading=\"lazy\" decoding=\"async\" class=\"size-medium wp-image-431684 alignleft\" src=\"https:\/\/www.radiopiu.net\/wordpress\/wp-content\/uploads\/2025\/01\/f3df1628-8254-4b99-80ee-8393db63af21-212x300.jpg\" alt=\"\" width=\"212\" height=\"300\" srcset=\"https:\/\/www.radiopiu.net\/wordpress\/wp-content\/uploads\/2025\/01\/f3df1628-8254-4b99-80ee-8393db63af21-212x300.jpg 212w, https:\/\/www.radiopiu.net\/wordpress\/wp-content\/uploads\/2025\/01\/f3df1628-8254-4b99-80ee-8393db63af21-723x1024.jpg 723w, https:\/\/www.radiopiu.net\/wordpress\/wp-content\/uploads\/2025\/01\/f3df1628-8254-4b99-80ee-8393db63af21-768x1088.jpg 768w, https:\/\/www.radiopiu.net\/wordpress\/wp-content\/uploads\/2025\/01\/f3df1628-8254-4b99-80ee-8393db63af21-1085x1536.jpg 1085w, https:\/\/www.radiopiu.net\/wordpress\/wp-content\/uploads\/2025\/01\/f3df1628-8254-4b99-80ee-8393db63af21.jpg 1446w\" sizes=\"auto, (max-width: 212px) 100vw, 212px\" \/><\/a>NOF FILO&#8217;&#8230; The last night.<\/strong><br \/>\nRivivi in una notte 40 anni di musica dance.\u00a0 Ottanta voglia di dance&#8230; e la paura fa Novanta<br \/>\nLE ROCCE: Moreno Tocchetto, Dj Fabio Lazzarini, Dj Morgan e Battaglia<br \/>\ncocktail lounge by Oh per Bacco WIne<br \/>\nConsumazione gratuita con dress code winter, vintage anni ottanta e novanta<br \/>\nIngresso libero e servizio &#8220;taxy Thomas&#8221;<br \/>\nIn diretta su RADIOPIU<\/p>\n<p>con il sostegno di Mobilificio Collarin Emozioni in legno, qualit\u00e0 artigianale per arredare i tuoi spazi. Concessionario Cucine Scavolini, \u00a0 arredamenti, mobili e finiture su misura nel caratteristico stile di montagna come con l\u2019abete massiccio. Progettazione, arredamento di montagna e moderno per il giorno e per la notte. A\u00a0 Cencenighe in via xx settembre<\/p>\n<p>&nbsp;<\/p>\n<p>&nbsp;<\/p>\n<p>&nbsp;<\/p>\n<p>&nbsp;<\/p>\n<p>&nbsp;<\/p>\n<hr \/>\n<p>&nbsp;<\/p>\n<blockquote>\n<h3>LA MOSTRA ITINERANTE SUI GEMELLAGGI E PATTI D&#8217;AMICIZIA<\/h3>\n<\/blockquote>\n<p><strong>BELLUNO<\/strong> La mostra itinerante \u201cGemellaggi e Patti di amicizia in provincia di Belluno\u201d arriva a Puos d\u2019Alpago, con inaugurazione il 2 febbraio alle 17:00. Durante l\u2019evento sar\u00e0 presentato il libro di Egidio Pasuch sulla tragedia di Marcinelle. L\u2019esposizione, lunga 25 metri, coinvolge 25 Comuni e celebra i legami internazionali del Bellunese. Visitabile fino al 2 marzo con ingresso gratuito.<\/p>\n<p>&nbsp;<\/p>\n<p>&nbsp;<\/p>\n<hr \/>\n<p>&nbsp;<\/p>\n<blockquote class=\"wp-embedded-content\" data-secret=\"abdhkDpFWo\"><p><a href=\"https:\/\/www.radiopiu.net\/wordpress\/lad08aaaa\/\">&#8220;NCONTONSE&#8221; IN LADINO SU RADIO PI\u00d9<\/a><\/p><\/blockquote>\n<p><iframe loading=\"lazy\" class=\"wp-embedded-content\" sandbox=\"allow-scripts\" security=\"restricted\" style=\"position: absolute; visibility: hidden;\" title=\"&#8220;&#8220;NCONTONSE&#8221; IN LADINO SU RADIO PI\u00d9&#8221; &#8212; Radio Pi\u00f9\" src=\"https:\/\/www.radiopiu.net\/wordpress\/lad08aaaa\/embed\/#?secret=xYNYZqseT4#?secret=abdhkDpFWo\" data-secret=\"abdhkDpFWo\" width=\"600\" height=\"338\" frameborder=\"0\" marginwidth=\"0\" marginheight=\"0\" scrolling=\"no\"><\/iframe><\/p>\n<hr \/>\n<p>&nbsp;<\/p>\n<h1><span style=\"color: #ff6600;\">IERI ALLA RADIO<\/span><\/h1>\n<h2><span style=\"color: #cc99ff;\">&#8220;DINTORN E FORA VIA&#8221;\u00a0 IL PROGRAMMA\u00a0 A CURA DEL MUSLA<\/span><\/h2>\n<p><strong><a class=\"dt-pswp-item\" href=\"https:\/\/www.radiopiu.net\/wordpress\/wp-content\/uploads\/2023\/10\/GIORNALE-QUOTIDIANO.jpg\" data-dt-img-description=\"\" data-large_image_width=\"1280\" data-large_image_height=\"853\"><img loading=\"lazy\" decoding=\"async\" class=\" wp-image-356264 alignleft\" src=\"https:\/\/www.radiopiu.net\/wordpress\/wp-content\/uploads\/2023\/10\/GIORNALE-QUOTIDIANO-300x200.jpg\" alt=\"\" width=\"146\" height=\"97\" srcset=\"https:\/\/www.radiopiu.net\/wordpress\/wp-content\/uploads\/2023\/10\/GIORNALE-QUOTIDIANO-300x200.jpg 300w, https:\/\/www.radiopiu.net\/wordpress\/wp-content\/uploads\/2023\/10\/GIORNALE-QUOTIDIANO-1024x682.jpg 1024w, https:\/\/www.radiopiu.net\/wordpress\/wp-content\/uploads\/2023\/10\/GIORNALE-QUOTIDIANO-768x512.jpg 768w, https:\/\/www.radiopiu.net\/wordpress\/wp-content\/uploads\/2023\/10\/GIORNALE-QUOTIDIANO.jpg 1280w\" sizes=\"auto, (max-width: 146px) 100vw, 146px\" \/><\/a>PUNTATA DEL 28 GENNAIO 2025 ANNA VALT<\/strong><\/p>\n<audio class=\"wp-audio-shortcode\" id=\"audio-431572-12\" preload=\"none\" style=\"width: 100%;\" controls=\"controls\"><source type=\"audio\/mpeg\" src=\"https:\/\/www.radiopiu.net\/wordpress\/wp-content\/uploads\/2025\/01\/MUSLA-6.mp3?_=12\" \/><a href=\"https:\/\/www.radiopiu.net\/wordpress\/wp-content\/uploads\/2025\/01\/MUSLA-6.mp3\">https:\/\/www.radiopiu.net\/wordpress\/wp-content\/uploads\/2025\/01\/MUSLA-6.mp3<\/a><\/audio>\n<p>&nbsp;<\/p>\n<p><strong>LA RACCOLTA COMPLETA <a href=\"https:\/\/www.radiopiu.net\/wordpress\/musla\/\"><span style=\"color: #3366ff;\">CLICCA QUI<\/span><\/a><\/strong><\/p>\n<p>&nbsp;<\/p>\n<hr \/>\n<p>&nbsp;<\/p>\n<h2><span style=\"color: #ff00ff;\">DI MARTEDI&#8230; POMERIGGIO CON LUISA ALCHINI<\/span><\/h2>\n<p><span style=\"color: #ff0000;\"><strong><a class=\"dt-pswp-item\" href=\"https:\/\/www.radiopiu.net\/wordpress\/wp-content\/uploads\/2025\/01\/475104245_10221386241525212_3665251127489370211_n.jpg\" data-dt-img-description=\"\" data-large_image_width=\"503\" data-large_image_height=\"720\"><img loading=\"lazy\" decoding=\"async\" class=\" wp-image-431664 alignleft\" src=\"https:\/\/www.radiopiu.net\/wordpress\/wp-content\/uploads\/2025\/01\/475104245_10221386241525212_3665251127489370211_n-210x300.jpg\" alt=\"\" width=\"122\" height=\"174\" srcset=\"https:\/\/www.radiopiu.net\/wordpress\/wp-content\/uploads\/2025\/01\/475104245_10221386241525212_3665251127489370211_n-210x300.jpg 210w, https:\/\/www.radiopiu.net\/wordpress\/wp-content\/uploads\/2025\/01\/475104245_10221386241525212_3665251127489370211_n.jpg 503w\" sizes=\"auto, (max-width: 122px) 100vw, 122px\" \/><\/a>PUNTATA 29 PARTE UNO &#8211; STEFANO FERRI<\/strong><\/span><\/p>\n<audio class=\"wp-audio-shortcode\" id=\"audio-431572-13\" preload=\"none\" style=\"width: 100%;\" controls=\"controls\"><source type=\"audio\/mpeg\" src=\"https:\/\/www.radiopiu.net\/wordpress\/wp-content\/uploads\/2025\/01\/LP1-3.mp3?_=13\" \/><a href=\"https:\/\/www.radiopiu.net\/wordpress\/wp-content\/uploads\/2025\/01\/LP1-3.mp3\">https:\/\/www.radiopiu.net\/wordpress\/wp-content\/uploads\/2025\/01\/LP1-3.mp3<\/a><\/audio>\n<p><span style=\"color: #ff0000;\">\u00a0<\/span><\/p>\n<p><span style=\"color: #ff0000;\"><strong>PARTE DUE<\/strong><\/span><\/p>\n<audio class=\"wp-audio-shortcode\" id=\"audio-431572-14\" preload=\"none\" style=\"width: 100%;\" controls=\"controls\"><source type=\"audio\/mpeg\" src=\"https:\/\/www.radiopiu.net\/wordpress\/wp-content\/uploads\/2025\/01\/LP2-3.mp3?_=14\" \/><a href=\"https:\/\/www.radiopiu.net\/wordpress\/wp-content\/uploads\/2025\/01\/LP2-3.mp3\">https:\/\/www.radiopiu.net\/wordpress\/wp-content\/uploads\/2025\/01\/LP2-3.mp3<\/a><\/audio>\n<p><span style=\"color: #ff0000;\">\u00a0<\/span><\/p>\n<p><span style=\"color: #ff0000;\"><strong>PARTE TRE\u00a0<\/strong><\/span><\/p>\n<audio class=\"wp-audio-shortcode\" id=\"audio-431572-15\" preload=\"none\" style=\"width: 100%;\" controls=\"controls\"><source type=\"audio\/mpeg\" src=\"https:\/\/www.radiopiu.net\/wordpress\/wp-content\/uploads\/2025\/01\/LP3-3.mp3?_=15\" \/><a href=\"https:\/\/www.radiopiu.net\/wordpress\/wp-content\/uploads\/2025\/01\/LP3-3.mp3\">https:\/\/www.radiopiu.net\/wordpress\/wp-content\/uploads\/2025\/01\/LP3-3.mp3<\/a><\/audio>\n<p>&nbsp;<\/p>\n<p><strong>LA RACCOLTA COMPLETA <a href=\"https:\/\/www.radiopiu.net\/wordpress\/lmt29\/\"><span style=\"color: #3366ff;\">CLICCA QUI<\/span><\/a><\/strong><\/p>\n<p>&nbsp;<\/p>\n<hr \/>\n<p>&nbsp;<\/p>\n<h2><span style=\"color: #800080;\">COMITATO DI GEMELLAGGIO AGORDO-ZUGLIANO-DOLOMIEU<\/span><\/h2>\n<p><strong>di Mirko Mezzacasa<\/strong><\/p>\n<p><strong>ospiti, Claudia Cattadori, Fabrizio Campedel<\/strong><\/p>\n<audio class=\"wp-audio-shortcode\" id=\"audio-431572-16\" preload=\"none\" style=\"width: 100%;\" controls=\"controls\"><source type=\"audio\/mpeg\" src=\"https:\/\/www.radiopiu.net\/wordpress\/wp-content\/uploads\/2025\/01\/CLAUDIA-E-FABRIZIO-DOLOMIEU-ZUGLIANO.mp3?_=16\" \/><a href=\"https:\/\/www.radiopiu.net\/wordpress\/wp-content\/uploads\/2025\/01\/CLAUDIA-E-FABRIZIO-DOLOMIEU-ZUGLIANO.mp3\">https:\/\/www.radiopiu.net\/wordpress\/wp-content\/uploads\/2025\/01\/CLAUDIA-E-FABRIZIO-DOLOMIEU-ZUGLIANO.mp3<\/a><\/audio>\n<p>&nbsp;<\/p>\n<p><strong><a class=\"dt-pswp-item\" href=\"https:\/\/www.radiopiu.net\/wordpress\/wp-content\/uploads\/2025\/01\/Gruppo-visitaCastelloIMG-20230501-WA0102.jpg\" data-dt-img-description=\"\" data-large_image_width=\"1438\" data-large_image_height=\"848\"><img loading=\"lazy\" decoding=\"async\" class=\" wp-image-428161 alignleft\" src=\"https:\/\/www.radiopiu.net\/wordpress\/wp-content\/uploads\/2025\/01\/Gruppo-visitaCastelloIMG-20230501-WA0102-300x177.jpg\" alt=\"\" width=\"254\" height=\"150\" srcset=\"https:\/\/www.radiopiu.net\/wordpress\/wp-content\/uploads\/2025\/01\/Gruppo-visitaCastelloIMG-20230501-WA0102-300x177.jpg 300w, https:\/\/www.radiopiu.net\/wordpress\/wp-content\/uploads\/2025\/01\/Gruppo-visitaCastelloIMG-20230501-WA0102-1024x604.jpg 1024w, https:\/\/www.radiopiu.net\/wordpress\/wp-content\/uploads\/2025\/01\/Gruppo-visitaCastelloIMG-20230501-WA0102-768x453.jpg 768w, https:\/\/www.radiopiu.net\/wordpress\/wp-content\/uploads\/2025\/01\/Gruppo-visitaCastelloIMG-20230501-WA0102.jpg 1438w\" sizes=\"auto, (max-width: 254px) 100vw, 254px\" \/><\/a>AGORDO <\/strong>Il Comitato di Gemellaggio di Agordo \u00e8 lieto di annunciare che i nostri amici di Dolomieu (Francia) verranno ad Agordo dal 1\u00b0 al 4 maggio 2025 per celebrare i 20 anni di gemellaggio e il solido legame di amicizia che unisce le nostre due Comunit\u00e0. In occasione di questo importante anniversario, il Comitato di Gemellaggio \u00e8 alla ricerca di famiglie di Agordo e dei Comuni limitrofi che siano disponibili ad ospitare gli amici Francesi durante la loro visita. La disponibilit\u00e0 delle famiglie \u00e8 fondamentale per organizzare al meglio il soggiorno dei gemelli, in quanto le soluzioni logistiche richiedono che gli ospiti risiedano in zone facilmente raggiungibili per facilitare i trasporti. Chi fosse interessato a collaborare con il Comitato e ad ospitare una o pi\u00f9 persone, \u00e8 pregato di contattarci entro il 31 gennaio 2025 alla e-mail: <a href=\"mailto:cgemellaggio.agordo@libero.it\">cgemellaggio.agordo@libero.it<\/a> oppure al cell. 3489159626.<\/p>\n<p>&nbsp;<\/p>\n<blockquote class=\"wp-embedded-content\" data-secret=\"cNAr0qzt7U\"><p><a href=\"https:\/\/www.radiopiu.net\/wordpress\/il-bianco-e-nero-dallarchivio-di-giuliano-laveder\/\">IL BIANCO E NERO, DALL&#8217;ARCHIVIO DI GIULIANO LAVEDER<\/a><\/p><\/blockquote>\n<p><iframe loading=\"lazy\" class=\"wp-embedded-content\" sandbox=\"allow-scripts\" security=\"restricted\" style=\"position: absolute; visibility: hidden;\" title=\"&#8220;IL BIANCO E NERO, DALL&#8217;ARCHIVIO DI GIULIANO LAVEDER&#8221; &#8212; Radio Pi\u00f9\" src=\"https:\/\/www.radiopiu.net\/wordpress\/il-bianco-e-nero-dallarchivio-di-giuliano-laveder\/embed\/#?secret=NRE9GOdhVO#?secret=cNAr0qzt7U\" data-secret=\"cNAr0qzt7U\" width=\"600\" height=\"338\" frameborder=\"0\" marginwidth=\"0\" marginheight=\"0\" scrolling=\"no\"><\/iframe><\/p>\n<hr \/>\n<p>&nbsp;<\/p>\n<header class=\"entry-header\" aria-label=\"Contenuto\">\n<h1 class=\"entry-title\"><a class=\"dt-pswp-item\" href=\"https:\/\/www.radiopiu.net\/wordpress\/wp-content\/uploads\/2024\/12\/WhatsApp-Image-2024-12-13-at-11.29.03-1.jpg\" data-dt-img-description=\"\" data-large_image_width=\"800\" data-large_image_height=\"382\"><img loading=\"lazy\" decoding=\"async\" class=\"size-medium wp-image-426333 alignleft\" src=\"https:\/\/www.radiopiu.net\/wordpress\/wp-content\/uploads\/2024\/12\/WhatsApp-Image-2024-12-13-at-11.29.03-1-300x143.jpg\" alt=\"\" width=\"300\" height=\"143\" srcset=\"https:\/\/www.radiopiu.net\/wordpress\/wp-content\/uploads\/2024\/12\/WhatsApp-Image-2024-12-13-at-11.29.03-1-300x143.jpg 300w, https:\/\/www.radiopiu.net\/wordpress\/wp-content\/uploads\/2024\/12\/WhatsApp-Image-2024-12-13-at-11.29.03-1-768x367.jpg 768w, https:\/\/www.radiopiu.net\/wordpress\/wp-content\/uploads\/2024\/12\/WhatsApp-Image-2024-12-13-at-11.29.03-1.jpg 800w\" sizes=\"auto, (max-width: 300px) 100vw, 300px\" \/><\/a><span style=\"color: #33cccc;\">\u201cL\u2019eredit\u00e0\u00a0delle\u00a0Olimpiadi\u00a01956\u201d \u00e8 la trasmissione prodotta da Radio Club 103 e in onda su \u201cLe Tre Radio\u201d con il patrocinio della Fondazione Cortina. Audio<\/span><\/h1>\n<div class=\"entry-meta\"><\/div>\n<\/header>\n<div class=\"entry-content\">\n<p class=\"has-text-align-center\">Un viaggio nel passato che dal\u00a0<strong>17 dic<\/strong>embre e\u00a0per\u00a0due mesi\u00a0e\u00a0mezzo, accompagner\u00e0 alla\u00a0<strong>riscoperta\u00a0delle\u00a0storiche\u00a0Olimpiadi\u00a0Invernali di\u00a0Cortina\u00a0d\u2019Ampezzo\u00a0del\u00a01956<\/strong>, un evento che ha segnato la storia di\u00a0Cortina\u00a0e\u00a0dell\u2019Italia tutta.<\/p>\n<p><strong>PUNTATA 07<\/strong><\/p>\n<audio class=\"wp-audio-shortcode\" id=\"audio-431572-17\" preload=\"none\" style=\"width: 100%;\" controls=\"controls\"><source type=\"audio\/mpeg\" src=\"https:\/\/www.radiopiu.net\/wordpress\/wp-content\/uploads\/2025\/01\/EREDITA-OLIMPIADI-NR.7-CORRETTA.mp3?_=17\" \/><a href=\"https:\/\/www.radiopiu.net\/wordpress\/wp-content\/uploads\/2025\/01\/EREDITA-OLIMPIADI-NR.7-CORRETTA.mp3\">https:\/\/www.radiopiu.net\/wordpress\/wp-content\/uploads\/2025\/01\/EREDITA-OLIMPIADI-NR.7-CORRETTA.mp3<\/a><\/audio>\n<p>&nbsp;<\/p>\n<p><strong>LA RACCOLTA COMPLETA <a href=\"https:\/\/www.radiopiu.net\/wordpress\/tre-radio-ununica-voce-tra-le-dolomiti-il-programma-olimpico\/\"><span style=\"color: #3366ff;\">CLICCA QUI<\/span><\/a><\/strong><\/p>\n<p>&nbsp;<\/p>\n<hr \/>\n<p>&nbsp;<\/p>\n<\/div>\n<h2><span style=\"color: #ff0000;\"><a class=\"dt-pswp-item\" href=\"https:\/\/www.radiopiu.net\/wordpress\/wp-content\/uploads\/2018\/09\/appuntamenti.jpeg\" data-dt-img-description=\"\" data-large_image_width=\"800\" data-large_image_height=\"100\"><img loading=\"lazy\" decoding=\"async\" class=\"wp-image-61958 size-full aligncenter\" src=\"https:\/\/www.radiopiu.net\/wordpress\/wp-content\/uploads\/2018\/09\/appuntamenti.jpeg\" alt=\"\" width=\"800\" height=\"100\" srcset=\"https:\/\/www.radiopiu.net\/wordpress\/wp-content\/uploads\/2018\/09\/appuntamenti.jpeg 800w, https:\/\/www.radiopiu.net\/wordpress\/wp-content\/uploads\/2018\/09\/appuntamenti-300x38.jpeg 300w, https:\/\/www.radiopiu.net\/wordpress\/wp-content\/uploads\/2018\/09\/appuntamenti-768x96.jpeg 768w\" sizes=\"auto, (max-width: 800px) 100vw, 800px\" \/><\/a><\/span><\/h2>\n<div dir=\"auto\"><\/div>\n<div class=\"xdj266r x11i5rnm xat24cr x1mh8g0r x1vvkbs x126k92a\">\n<div dir=\"auto\"><\/div>\n<\/div>\n<div>\n<div class=\"\" dir=\"auto\">\n<div id=\":r9h:\" class=\"x1iorvi4 x1pi30zi x1l90r2v x1swvt13\" data-ad-comet-preview=\"message\" data-ad-preview=\"message\">\n<div>\n<div class=\"\" dir=\"auto\">\n<div id=\":r9h:\" class=\"x1iorvi4 x1pi30zi x1l90r2v x1swvt13\" data-ad-comet-preview=\"message\" data-ad-preview=\"message\">\n<div class=\"xdj266r x11i5rnm xat24cr x1mh8g0r x1vvkbs x126k92a\">\n<div dir=\"auto\"><\/div>\n<\/div>\n<div>\n<div class=\"\" dir=\"auto\">\n<div id=\":r9h:\" class=\"x1iorvi4 x1pi30zi x1l90r2v x1swvt13\" data-ad-comet-preview=\"message\" data-ad-preview=\"message\">\n<div>\n<div class=\"\" dir=\"auto\">\n<div id=\":r9h:\" class=\"x1iorvi4 x1pi30zi x1l90r2v x1swvt13\" data-ad-comet-preview=\"message\" data-ad-preview=\"message\">\n\n\t\t\t<style type='text\/css'>\n\t\t\t\t#gallery-3 {\n\t\t\t\t\tmargin: auto;\n\t\t\t\t}\n\t\t\t\t#gallery-3 .gallery-item {\n\t\t\t\t\tfloat: left;\n\t\t\t\t\tmargin-top: 10px;\n\t\t\t\t\ttext-align: center;\n\t\t\t\t\twidth: 20%;\n\t\t\t\t}\n\t\t\t\t#gallery-3 img {\n\t\t\t\t\tborder: 2px solid #cfcfcf;\n\t\t\t\t}\n\t\t\t\t#gallery-3 .gallery-caption {\n\t\t\t\t\tmargin-left: 0;\n\t\t\t\t}\n\t\t\t\t\/* see gallery_shortcode() in wp-includes\/media.php *\/\n\t\t\t<\/style>\n\t\t<div id='gallery-3' class='dt-gallery-container gallery galleryid-431572 gallery-columns-5 gallery-size-thumbnail'><dl class='gallery-item'>\n\t\t\t\t<dt class='gallery-icon portrait'>\n\t\t\t\t\t<a class=\"rollover rollover-zoom dt-pswp-item\" title=\"manifesto serate invernali\" data-dt-img-description=\"\" data-large_image_width=\"1683\" data-large_image_height=\"2383\"href='https:\/\/www.radiopiu.net\/wordpress\/wp-content\/uploads\/2024\/11\/manifesto-serate-invernali.jpg'><img loading=\"lazy\" decoding=\"async\" width=\"150\" height=\"150\" src=\"https:\/\/www.radiopiu.net\/wordpress\/wp-content\/uploads\/2024\/11\/manifesto-serate-invernali-150x150.jpg\" class=\"attachment-thumbnail size-thumbnail\" alt=\"\" aria-describedby=\"gallery-3-418816\" \/><\/a>\n\t\t\t\t<\/dt>\n\t\t\t\t\t<dd class='wp-caption-text gallery-caption' id='gallery-3-418816'>\n\t\t\t\t\t21 FEBBRAIO\n\t\t\t\t\t<\/dd><\/dl><dl class='gallery-item'>\n\t\t\t\t<dt class='gallery-icon portrait'>\n\t\t\t\t\t<a class=\"rollover rollover-zoom dt-pswp-item\" title=\"921dc2b9-84ff-433f-bdf0-12b966e4d28c\" data-dt-img-description=\"\" data-large_image_width=\"1132\" data-large_image_height=\"1600\"href='https:\/\/www.radiopiu.net\/wordpress\/wp-content\/uploads\/2025\/01\/921dc2b9-84ff-433f-bdf0-12b966e4d28c.jpg'><img loading=\"lazy\" decoding=\"async\" width=\"150\" height=\"150\" src=\"https:\/\/www.radiopiu.net\/wordpress\/wp-content\/uploads\/2025\/01\/921dc2b9-84ff-433f-bdf0-12b966e4d28c-150x150.jpg\" class=\"attachment-thumbnail size-thumbnail\" alt=\"\" aria-describedby=\"gallery-3-430056\" \/><\/a>\n\t\t\t\t<\/dt>\n\t\t\t\t\t<dd class='wp-caption-text gallery-caption' id='gallery-3-430056'>\n\t\t\t\t\tLA CENA ALLA REVERSA\n\t\t\t\t\t<\/dd><\/dl><dl class='gallery-item'>\n\t\t\t\t<dt class='gallery-icon portrait'>\n\t\t\t\t\t<a class=\"rollover rollover-zoom dt-pswp-item\" title=\"e353010f-a09e-439a-aa68-6e7aaf93fc09\" data-dt-img-description=\"\" data-large_image_width=\"1146\" data-large_image_height=\"1600\"href='https:\/\/www.radiopiu.net\/wordpress\/wp-content\/uploads\/2025\/01\/e353010f-a09e-439a-aa68-6e7aaf93fc09.jpg'><img loading=\"lazy\" decoding=\"async\" width=\"150\" height=\"150\" src=\"https:\/\/www.radiopiu.net\/wordpress\/wp-content\/uploads\/2025\/01\/e353010f-a09e-439a-aa68-6e7aaf93fc09-150x150.jpg\" class=\"attachment-thumbnail size-thumbnail\" alt=\"\" \/><\/a>\n\t\t\t\t<\/dt><\/dl><dl class='gallery-item'>\n\t\t\t\t<dt class='gallery-icon portrait'>\n\t\t\t\t\t<a class=\"rollover rollover-zoom dt-pswp-item\" title=\"Don Bosco - LocandinaTerrazza-finale\" data-dt-img-description=\"\" data-large_image_width=\"1240\" data-large_image_height=\"1755\"href='https:\/\/www.radiopiu.net\/wordpress\/wp-content\/uploads\/2025\/01\/Don-Bosco-LocandinaTerrazza-finale.jpg'><img loading=\"lazy\" decoding=\"async\" width=\"150\" height=\"150\" src=\"https:\/\/www.radiopiu.net\/wordpress\/wp-content\/uploads\/2025\/01\/Don-Bosco-LocandinaTerrazza-finale-150x150.jpg\" class=\"attachment-thumbnail size-thumbnail\" alt=\"\" aria-describedby=\"gallery-3-431006\" \/><\/a>\n\t\t\t\t<\/dt>\n\t\t\t\t\t<dd class='wp-caption-text gallery-caption' id='gallery-3-431006'>\n\t\t\t\t\tIL 16 FEBBRAIO A SOSPIROLO\n\t\t\t\t\t<\/dd><\/dl><dl class='gallery-item'>\n\t\t\t\t<dt class='gallery-icon portrait'>\n\t\t\t\t\t<a class=\"rollover rollover-zoom dt-pswp-item\" title=\"Giornata della memoria e del ricordo 2025\" data-dt-img-description=\"\" data-large_image_width=\"1240\" data-large_image_height=\"1754\"href='https:\/\/www.radiopiu.net\/wordpress\/wp-content\/uploads\/2025\/01\/Giornata-della-memoria-e-del-ricordo-2025.jpg'><img loading=\"lazy\" decoding=\"async\" width=\"150\" height=\"150\" src=\"https:\/\/www.radiopiu.net\/wordpress\/wp-content\/uploads\/2025\/01\/Giornata-della-memoria-e-del-ricordo-2025-150x150.jpg\" class=\"attachment-thumbnail size-thumbnail\" alt=\"\" aria-describedby=\"gallery-3-431411\" \/><\/a>\n\t\t\t\t<\/dt>\n\t\t\t\t\t<dd class='wp-caption-text gallery-caption' id='gallery-3-431411'>\n\t\t\t\t\tCON LA BIBLIOTECA DI LIMANA\n\t\t\t\t\t<\/dd><\/dl><br style=\"clear: both\" \/><dl class='gallery-item'>\n\t\t\t\t<dt class='gallery-icon landscape'>\n\t\t\t\t\t<a class=\"rollover rollover-zoom dt-pswp-item\" title=\"bagno di gong\" data-dt-img-description=\"\" data-large_image_width=\"841\" data-large_image_height=\"595\"href='https:\/\/www.radiopiu.net\/wordpress\/wp-content\/uploads\/2025\/01\/bagno-di-gong.jpg'><img loading=\"lazy\" decoding=\"async\" width=\"150\" height=\"150\" src=\"https:\/\/www.radiopiu.net\/wordpress\/wp-content\/uploads\/2025\/01\/bagno-di-gong-150x150.jpg\" class=\"attachment-thumbnail size-thumbnail\" alt=\"\" aria-describedby=\"gallery-3-431421\" \/><\/a>\n\t\t\t\t<\/dt>\n\t\t\t\t\t<dd class='wp-caption-text gallery-caption' id='gallery-3-431421'>\n\t\t\t\t\tBAGNO DI GONG A LA VALLE\n\t\t\t\t\t<\/dd><\/dl><dl class='gallery-item'>\n\t\t\t\t<dt class='gallery-icon portrait'>\n\t\t\t\t\t<a class=\"rollover rollover-zoom dt-pswp-item\" title=\"df2b0862-a430-4afa-8e2b-8579fa15f25a\" data-dt-img-description=\"\" data-large_image_width=\"1134\" data-large_image_height=\"1600\"href='https:\/\/www.radiopiu.net\/wordpress\/wp-content\/uploads\/2025\/01\/df2b0862-a430-4afa-8e2b-8579fa15f25a.jpg'><img loading=\"lazy\" decoding=\"async\" width=\"150\" height=\"150\" src=\"https:\/\/www.radiopiu.net\/wordpress\/wp-content\/uploads\/2025\/01\/df2b0862-a430-4afa-8e2b-8579fa15f25a-150x150.jpg\" class=\"attachment-thumbnail size-thumbnail\" alt=\"\" \/><\/a>\n\t\t\t\t<\/dt><\/dl><dl class='gallery-item'>\n\t\t\t\t<dt class='gallery-icon portrait'>\n\t\t\t\t\t<a class=\"rollover rollover-zoom dt-pswp-item\" title=\"dad1d0d2-12e8-494a-9390-929e17ce5985\" data-dt-img-description=\"\" data-large_image_width=\"900\" data-large_image_height=\"1600\"href='https:\/\/www.radiopiu.net\/wordpress\/wp-content\/uploads\/2025\/01\/dad1d0d2-12e8-494a-9390-929e17ce5985.jpg'><img loading=\"lazy\" decoding=\"async\" width=\"150\" height=\"150\" src=\"https:\/\/www.radiopiu.net\/wordpress\/wp-content\/uploads\/2025\/01\/dad1d0d2-12e8-494a-9390-929e17ce5985-150x150.jpg\" class=\"attachment-thumbnail size-thumbnail\" alt=\"\" \/><\/a>\n\t\t\t\t<\/dt><\/dl><dl class='gallery-item'>\n\t\t\t\t<dt class='gallery-icon portrait'>\n\t\t\t\t\t<a class=\"rollover rollover-zoom dt-pswp-item\" title=\"Locandina proiezione 30 Gennaio CHIES -Terremoto 150\" data-dt-img-description=\"\" data-large_image_width=\"1768\" data-large_image_height=\"2500\"href='https:\/\/www.radiopiu.net\/wordpress\/wp-content\/uploads\/2025\/01\/Locandina-proiezione-30-Gennaio-CHIES-Terremoto-150.jpg'><img loading=\"lazy\" decoding=\"async\" width=\"150\" height=\"150\" src=\"https:\/\/www.radiopiu.net\/wordpress\/wp-content\/uploads\/2025\/01\/Locandina-proiezione-30-Gennaio-CHIES-Terremoto-150-150x150.jpg\" class=\"attachment-thumbnail size-thumbnail\" alt=\"\" aria-describedby=\"gallery-3-431608\" \/><\/a>\n\t\t\t\t<\/dt>\n\t\t\t\t\t<dd class='wp-caption-text gallery-caption' id='gallery-3-431608'>\n\t\t\t\t\tLA PROIEZIONE DEL DOCUFILM\n\t\t\t\t\t<\/dd><\/dl><dl class='gallery-item'>\n\t\t\t\t<dt class='gallery-icon portrait'>\n\t\t\t\t\t<a class=\"rollover rollover-zoom dt-pswp-item\" title=\"Unknown\" data-dt-img-description=\"\" data-large_image_width=\"1754\" data-large_image_height=\"2480\"href='https:\/\/www.radiopiu.net\/wordpress\/wp-content\/uploads\/2025\/01\/Unknown-2.jpeg'><img loading=\"lazy\" decoding=\"async\" width=\"150\" height=\"150\" src=\"https:\/\/www.radiopiu.net\/wordpress\/wp-content\/uploads\/2025\/01\/Unknown-2-150x150.jpeg\" class=\"attachment-thumbnail size-thumbnail\" alt=\"\" \/><\/a>\n\t\t\t\t<\/dt><\/dl><br style=\"clear: both\" \/>\n\t\t\t<\/div>\n\n<\/div>\n<\/div>\n<\/div>\n<\/div>\n<\/div>\n<\/div>\n<\/div>\n<\/div>\n<\/div>\n<\/div>\n<\/div>\n<\/div>\n<blockquote class=\"wp-embedded-content\" data-secret=\"W3B4aXp2i7\"><p><a href=\"https:\/\/www.radiopiu.net\/wordpress\/raccolta-anno-2024-pirole-de-lenga-dalla-puntata-1-alla-250\/\">RACCOLTA ANNO 2024-25 PIROLE DE LENGA&#8230;DALLA PUNTATA 1<\/a><\/p><\/blockquote>\n<p><iframe loading=\"lazy\" class=\"wp-embedded-content\" sandbox=\"allow-scripts\" security=\"restricted\" style=\"position: absolute; visibility: hidden;\" title=\"&#8220;RACCOLTA ANNO 2024-25 PIROLE DE LENGA&#8230;DALLA PUNTATA 1&#8221; &#8212; Radio Pi\u00f9\" src=\"https:\/\/www.radiopiu.net\/wordpress\/raccolta-anno-2024-pirole-de-lenga-dalla-puntata-1-alla-250\/embed\/#?secret=ufRoC9MdVn#?secret=W3B4aXp2i7\" data-secret=\"W3B4aXp2i7\" width=\"600\" height=\"338\" frameborder=\"0\" marginwidth=\"0\" marginheight=\"0\" scrolling=\"no\"><\/iframe><\/p>\n<hr \/>\n<p>&nbsp;<\/p>\n<p class=\"mceTemp\"><a class=\"dt-pswp-item\" href=\"https:\/\/www.radiopiu.net\/wordpress\/wp-content\/uploads\/2018\/09\/WhatsApp-Image-2018-09-20-at-16.04.06.jpeg\" data-dt-img-description=\"\" data-large_image_width=\"800\" data-large_image_height=\"100\"><img loading=\"lazy\" decoding=\"async\" class=\"wp-image-61378 size-full aligncenter\" src=\"https:\/\/www.radiopiu.net\/wordpress\/wp-content\/uploads\/2018\/09\/WhatsApp-Image-2018-09-20-at-16.04.06.jpeg\" alt=\"\" width=\"800\" height=\"100\" srcset=\"https:\/\/www.radiopiu.net\/wordpress\/wp-content\/uploads\/2018\/09\/WhatsApp-Image-2018-09-20-at-16.04.06.jpeg 800w, https:\/\/www.radiopiu.net\/wordpress\/wp-content\/uploads\/2018\/09\/WhatsApp-Image-2018-09-20-at-16.04.06-300x38.jpeg 300w, https:\/\/www.radiopiu.net\/wordpress\/wp-content\/uploads\/2018\/09\/WhatsApp-Image-2018-09-20-at-16.04.06-768x96.jpeg 768w\" sizes=\"auto, (max-width: 800px) 100vw, 800px\" \/><\/a><\/p>\n<p><center><\/center><center><\/center>&nbsp;<\/p>\n<p><strong>OGGI<\/strong> Miglioramento del tempo con ritorno del sole e cielo sereno sulle Dolomiti, salvo residue nubi medie all&#8217;alba e qualche stratocumulo da met\u00e0 pomeriggio in poi. Sulle Prealpi occorrer\u00e0 considerare la presenza di nubi basse, il cui diradamento non avverr\u00e0 ovunque, ma su alcuni settori il tempo sar\u00e0 simile a quello osservato sulle Dolomiti.<br \/>\n<strong>Precipitazioni.<\/strong> Assenti<br \/>\n<strong>Temperature.<\/strong> In generale calo, salvo rialzo delle massime nelle valli pi\u00f9 assolate.<\/p>\n<hr \/>\n<p><strong>DOMANI<\/strong> Sulle Dolomiti tempo perlopi\u00f9 soleggiato con cielo in prevalenza sereno, salvo temporanee nubi alte. Sulle Prealpi condizioni di variabilit\u00e0 per maggiore presenza di nubi stratiformi, perlopi\u00f9 basse al mattino e medie al pomeriggio, a tratti estese sui settori pi\u00f9 occidentali, ma senza fenomeni.<br \/>\n<strong>Precipitazioni.<\/strong> Assenti<br \/>\n<strong>Temperature.<\/strong> Rialzo complessivo, eccetto calo delle minime in molte valli, specie in quelle non pi\u00f9 interessate da nubi basse come il giorno precedente.<\/p>\n<hr \/>\n<p><strong>VENERDI<\/strong> Al mattino in prevalenza soleggiato con cielo perlopi\u00f9 sereno, salvo temporaneo transito di sottili nubi alte. Su alcuni settori prealpini insidia nubi basse durante le ore pi\u00f9 fredde. Al pomeriggio aumento della nuvolosit\u00e0 e probabili deboli precipitazioni, dapprima sulle Prealpi e in serata sulle Dolomiti, nevose oltre i 1000-1300 m. la probabilit\u00e0 sar\u00e0 maggiore sulle Prealpi rispetto alle Dolomiti. Temperature minime in calo, anche per irraggiamento notturno, e massime in rialzo.<\/p>\n<hr \/>\n<p><strong>SABATO<\/strong> Nottetempo nuvolosit\u00e0 irregolare associata a qualche debole fenomeno sparso, nevoso oltre i 900-1100 m. In giornata miglioramento del tempo con diradamento nuvolosit\u00e0 e ritorno del sole. Temperature minime in aumento e massime in leggera flessione.<\/p>\n<p>&nbsp;<\/p>\n<p>&nbsp;<\/p>\n<blockquote class=\"wp-embedded-content\" data-secret=\"XBNc9jluiK\"><p><a href=\"https:\/\/www.radiopiu.net\/wordpress\/la-neve-scende-copiosa-sulle-cime-dolomitiche-il-bollettino-neve-al-suolo\/\">LA NEVE SCENDE COPIOSA SULLE CIME DOLOMITICHE. IL BOLLETTINO NEVE AL SUOLO<\/a><\/p><\/blockquote>\n<p><iframe loading=\"lazy\" class=\"wp-embedded-content\" sandbox=\"allow-scripts\" security=\"restricted\" style=\"position: absolute; visibility: hidden;\" title=\"&#8220;LA NEVE SCENDE COPIOSA SULLE CIME DOLOMITICHE. IL BOLLETTINO NEVE AL SUOLO&#8221; &#8212; Radio Pi\u00f9\" src=\"https:\/\/www.radiopiu.net\/wordpress\/la-neve-scende-copiosa-sulle-cime-dolomitiche-il-bollettino-neve-al-suolo\/embed\/#?secret=lY3lPScl7x#?secret=XBNc9jluiK\" data-secret=\"XBNc9jluiK\" width=\"600\" height=\"338\" frameborder=\"0\" marginwidth=\"0\" marginheight=\"0\" scrolling=\"no\"><\/iframe><\/p>\n<p>&nbsp;<\/p>\n<hr \/>\n<p>&nbsp;<\/p>\n<p><a class=\"dt-pswp-item\" href=\"https:\/\/www.radiopiu.net\/wordpress\/wp-content\/uploads\/2018\/09\/sport.jpg\" data-dt-img-description=\"\" data-large_image_width=\"800\" data-large_image_height=\"100\"><img loading=\"lazy\" decoding=\"async\" class=\"alignnone wp-image-60761 size-full\" src=\"https:\/\/www.radiopiu.net\/wordpress\/wp-content\/uploads\/2018\/09\/sport.jpg\" alt=\"\" width=\"800\" height=\"100\" srcset=\"https:\/\/www.radiopiu.net\/wordpress\/wp-content\/uploads\/2018\/09\/sport.jpg 800w, https:\/\/www.radiopiu.net\/wordpress\/wp-content\/uploads\/2018\/09\/sport-300x38.jpg 300w, https:\/\/www.radiopiu.net\/wordpress\/wp-content\/uploads\/2018\/09\/sport-768x96.jpg 768w\" sizes=\"auto, (max-width: 800px) 100vw, 800px\" \/><\/a><\/p>\n<p>&nbsp;<\/p>\n<p><span style=\"color: #0000ff;\"><strong>HOCKEY SU GHIACCIO<\/strong><\/span><\/p>\n<blockquote>\n<h3><a class=\"dt-pswp-item\" href=\"https:\/\/www.radiopiu.net\/wordpress\/wp-content\/uploads\/2025\/01\/475186883_18442071220078778_131583905470811600_n.jpg\" data-dt-img-description=\"\" data-large_image_width=\"1440\" data-large_image_height=\"960\"><img loading=\"lazy\" decoding=\"async\" class=\" wp-image-431928 alignleft\" src=\"https:\/\/www.radiopiu.net\/wordpress\/wp-content\/uploads\/2025\/01\/475186883_18442071220078778_131583905470811600_n-300x200.jpg\" alt=\"\" width=\"208\" height=\"138\" srcset=\"https:\/\/www.radiopiu.net\/wordpress\/wp-content\/uploads\/2025\/01\/475186883_18442071220078778_131583905470811600_n-300x200.jpg 300w, https:\/\/www.radiopiu.net\/wordpress\/wp-content\/uploads\/2025\/01\/475186883_18442071220078778_131583905470811600_n-1024x683.jpg 1024w, https:\/\/www.radiopiu.net\/wordpress\/wp-content\/uploads\/2025\/01\/475186883_18442071220078778_131583905470811600_n-768x512.jpg 768w, https:\/\/www.radiopiu.net\/wordpress\/wp-content\/uploads\/2025\/01\/475186883_18442071220078778_131583905470811600_n.jpg 1440w\" sizes=\"auto, (max-width: 208px) 100vw, 208px\" \/><\/a>CORTINA CAMPIONE D&#8217;ITALIA PER LA 18ESIMA VOLTA<\/h3>\n<\/blockquote>\n<p>Il Cortina vince il titolo italiano di hockey battendo il Rittner Baum SkyAlps in gara 2 della finale IHL Serie A. Protagonista assoluto Waltteri Lehtonen, autore di tre reti decisive. Dopo un inizio aggressivo, gli ampezzani passano in vantaggio nel secondo drittel sfruttando la superiorit\u00e0 numerica. I Buam tentano la rimonta ma senza successo. Nel terzo tempo, la terza rete di Lehtonen chiude il match. Il Cortina conquista cos\u00ec il suo 18\u00b0 scudetto. I complimenti per la vittoria arrivano anche dall&#8217;Alleghe Hockey.<\/p>\n<p>&nbsp;<\/p>\n<p>&nbsp;<\/p>\n","protected":false},"excerpt":{"rendered":"<p>******** &nbsp; LA\u00a0 APP PER IOS-IPHONE di Nicola Vettorello https:\/\/apps.apple.com\/it\/app\/radio-pi%C3%B9-emittente-agordina\/id1515939845 LA\u00a0 APP RADIO\u00a0 PER ANDROID di Nicola Vettorello https:\/\/play.google.com\/store\/apps\/details?id=net.radiopiu.iniko\u00a0\u00a0\u00a0\u00a0 &nbsp; &nbsp; &nbsp; OGGI ALLA RADIO:\u00a0\u00a0 rassegna stampa nazionale, ogni giorno alle 5 e alle 6 del mattino. giornali locali 7 rassegna stampa flash, 8 rassegna stampa, gr flash alle 10 e alle 11, principale 12.30.&hellip;<\/p>\n","protected":false},"author":4,"featured_media":431878,"comment_status":"closed","ping_status":"closed","sticky":false,"template":"","format":"standard","meta":{"_monsterinsights_skip_tracking":false,"_monsterinsights_sitenote_active":false,"_monsterinsights_sitenote_note":"","_monsterinsights_sitenote_category":0,"footnotes":""},"categories":[51,86,49],"tags":[],"class_list":["post-431572","post","type-post","status-publish","format-standard","has-post-thumbnail","hentry","category-evidenza-top","category-gr","category-news-18","category-51","category-86","category-49","description-off"],"img_url":"https:\/\/www.radiopiu.net\/wordpress\/wp-content\/uploads\/2025\/01\/Senza-nome-96.png","_links":{"self":[{"href":"https:\/\/www.radiopiu.net\/wordpress\/wp-json\/wp\/v2\/posts\/431572","targetHints":{"allow":["GET"]}}],"collection":[{"href":"https:\/\/www.radiopiu.net\/wordpress\/wp-json\/wp\/v2\/posts"}],"about":[{"href":"https:\/\/www.radiopiu.net\/wordpress\/wp-json\/wp\/v2\/types\/post"}],"author":[{"embeddable":true,"href":"https:\/\/www.radiopiu.net\/wordpress\/wp-json\/wp\/v2\/users\/4"}],"replies":[{"embeddable":true,"href":"https:\/\/www.radiopiu.net\/wordpress\/wp-json\/wp\/v2\/comments?post=431572"}],"version-history":[{"count":21,"href":"https:\/\/www.radiopiu.net\/wordpress\/wp-json\/wp\/v2\/posts\/431572\/revisions"}],"predecessor-version":[{"id":432000,"href":"https:\/\/www.radiopiu.net\/wordpress\/wp-json\/wp\/v2\/posts\/431572\/revisions\/432000"}],"wp:featuredmedia":[{"embeddable":true,"href":"https:\/\/www.radiopiu.net\/wordpress\/wp-json\/wp\/v2\/media\/431878"}],"wp:attachment":[{"href":"https:\/\/www.radiopiu.net\/wordpress\/wp-json\/wp\/v2\/media?parent=431572"}],"wp:term":[{"taxonomy":"category","embeddable":true,"href":"https:\/\/www.radiopiu.net\/wordpress\/wp-json\/wp\/v2\/categories?post=431572"},{"taxonomy":"post_tag","embeddable":true,"href":"https:\/\/www.radiopiu.net\/wordpress\/wp-json\/wp\/v2\/tags?post=431572"}],"curies":[{"name":"wp","href":"https:\/\/api.w.org\/{rel}","templated":true}]}}