{"id":431613,"date":"2025-01-28T06:14:20","date_gmt":"2025-01-28T05:14:20","guid":{"rendered":"https:\/\/www.radiopiu.net\/wordpress\/?p=431613"},"modified":"2025-01-28T06:14:08","modified_gmt":"2025-01-28T05:14:08","slug":"vandalismo-al-tiglio-dellam","status":"publish","type":"post","link":"https:\/\/www.radiopiu.net\/wordpress\/vandalismo-al-tiglio-dellam\/","title":{"rendered":"VANDALISMO AL &#8220;TIGLIO DELL&#8217;AMICIZIA&#8221;: INDIGNAZIONE DEL COMITATO GEMELLAGGIO DI AGORDO"},"content":{"rendered":"<p>*******<\/p>\n<p>&nbsp;<\/p>\n<p><b>AGORDO <\/b>Un nuovo episodio di vandalismo colpisce il cuore del legame tra Agordo e Dolomieu. Il Comitato di Gemellaggio di Agordo ha espresso la propria indignazione per l\u2019atto vandalico che ha danneggiato il cippo commemorativo posto di fronte al Tiglio dell\u2019Amicizia, piantato per celebrare il decennale del gemellaggio tra le due comunit\u00e0. A denunciare l\u2019accaduto \u00e8 la presidente del comitato, Michela Paganin, che, dopo la segnalazione di un insegnante dell\u2019Istituto Follador, ha deciso di rivolgersi a Radio Pi\u00f9, sempre attenta e sensibile agli eventi del territorio. \u00abIl cippo con la targhetta \u00e8 stato intenzionalmente piegato \u2013 dichiara Paganin \u2013 ma vogliamo ribadire con forza che nessun atto di vandalismo potr\u00e0 mai piegare il legame che unisce Agordo e Dolomieu\u00bb. L\u2019appello del Comitato \u00e8 chiaro: preservare e rispettare i simboli della nostra amicizia. Un invito rivolto a tutti gli agordini, affinch\u00e9 questi gesti incivili non mettano in ombra il valore della fratellanza tra le due comunit\u00e0.<\/p>\n<p>&nbsp;<\/p>\n\n\t\t\t<style type='text\/css'>\n\t\t\t\t#gallery-1 {\n\t\t\t\t\tmargin: auto;\n\t\t\t\t}\n\t\t\t\t#gallery-1 .gallery-item {\n\t\t\t\t\tfloat: left;\n\t\t\t\t\tmargin-top: 10px;\n\t\t\t\t\ttext-align: center;\n\t\t\t\t\twidth: 50%;\n\t\t\t\t}\n\t\t\t\t#gallery-1 img {\n\t\t\t\t\tborder: 2px solid #cfcfcf;\n\t\t\t\t}\n\t\t\t\t#gallery-1 .gallery-caption {\n\t\t\t\t\tmargin-left: 0;\n\t\t\t\t}\n\t\t\t\t\/* see gallery_shortcode() in wp-includes\/media.php *\/\n\t\t\t<\/style>\n\t\t<div id='gallery-1' class='dt-gallery-container gallery galleryid-431613 gallery-columns-2 gallery-size-large'><dl class='gallery-item'>\n\t\t\t\t<dt class='gallery-icon portrait'>\n\t\t\t\t\t<a class=\"rollover rollover-zoom dt-pswp-item\" title=\"4b4ff3cf-a408-4e22-b58a-cfb2d221fab9\" data-dt-img-description=\"\" data-large_image_width=\"1200\" data-large_image_height=\"1600\"href='https:\/\/www.radiopiu.net\/wordpress\/wp-content\/uploads\/2025\/01\/4b4ff3cf-a408-4e22-b58a-cfb2d221fab9.jpg'><img loading=\"lazy\" decoding=\"async\" width=\"768\" height=\"1024\" src=\"https:\/\/www.radiopiu.net\/wordpress\/wp-content\/uploads\/2025\/01\/4b4ff3cf-a408-4e22-b58a-cfb2d221fab9-768x1024.jpg\" class=\"attachment-large size-large\" alt=\"\" srcset=\"https:\/\/www.radiopiu.net\/wordpress\/wp-content\/uploads\/2025\/01\/4b4ff3cf-a408-4e22-b58a-cfb2d221fab9-768x1024.jpg 768w, https:\/\/www.radiopiu.net\/wordpress\/wp-content\/uploads\/2025\/01\/4b4ff3cf-a408-4e22-b58a-cfb2d221fab9-225x300.jpg 225w, https:\/\/www.radiopiu.net\/wordpress\/wp-content\/uploads\/2025\/01\/4b4ff3cf-a408-4e22-b58a-cfb2d221fab9-1152x1536.jpg 1152w, https:\/\/www.radiopiu.net\/wordpress\/wp-content\/uploads\/2025\/01\/4b4ff3cf-a408-4e22-b58a-cfb2d221fab9.jpg 1200w\" sizes=\"auto, (max-width: 768px) 100vw, 768px\" \/><\/a>\n\t\t\t\t<\/dt><\/dl><dl class='gallery-item'>\n\t\t\t\t<dt class='gallery-icon portrait'>\n\t\t\t\t\t<a class=\"rollover rollover-zoom dt-pswp-item\" title=\"55472cec-e3e2-4dde-98b6-e5d0b53e5b15\" data-dt-img-description=\"\" data-large_image_width=\"1200\" data-large_image_height=\"1600\"href='https:\/\/www.radiopiu.net\/wordpress\/wp-content\/uploads\/2025\/01\/55472cec-e3e2-4dde-98b6-e5d0b53e5b15.jpg'><img loading=\"lazy\" decoding=\"async\" width=\"768\" height=\"1024\" src=\"https:\/\/www.radiopiu.net\/wordpress\/wp-content\/uploads\/2025\/01\/55472cec-e3e2-4dde-98b6-e5d0b53e5b15-768x1024.jpg\" class=\"attachment-large size-large\" alt=\"\" srcset=\"https:\/\/www.radiopiu.net\/wordpress\/wp-content\/uploads\/2025\/01\/55472cec-e3e2-4dde-98b6-e5d0b53e5b15-768x1024.jpg 768w, https:\/\/www.radiopiu.net\/wordpress\/wp-content\/uploads\/2025\/01\/55472cec-e3e2-4dde-98b6-e5d0b53e5b15-225x300.jpg 225w, https:\/\/www.radiopiu.net\/wordpress\/wp-content\/uploads\/2025\/01\/55472cec-e3e2-4dde-98b6-e5d0b53e5b15-1152x1536.jpg 1152w, https:\/\/www.radiopiu.net\/wordpress\/wp-content\/uploads\/2025\/01\/55472cec-e3e2-4dde-98b6-e5d0b53e5b15.jpg 1200w\" sizes=\"auto, (max-width: 768px) 100vw, 768px\" \/><\/a>\n\t\t\t\t<\/dt><\/dl><br style=\"clear: both\" \/>\n\t\t\t<\/div>\n\n<p>&nbsp;<\/p>\n<p>********<\/p>\n<p>&nbsp;<\/p>\n","protected":false},"excerpt":{"rendered":"<p>******* &nbsp; AGORDO Un nuovo episodio di vandalismo colpisce il cuore del legame tra Agordo e Dolomieu. Il Comitato di Gemellaggio di Agordo ha espresso la propria indignazione per l\u2019atto vandalico che ha danneggiato il cippo commemorativo posto di fronte al Tiglio dell\u2019Amicizia, piantato per celebrare il decennale del gemellaggio tra le due comunit\u00e0. A&hellip;<\/p>\n","protected":false},"author":4,"featured_media":431699,"comment_status":"closed","ping_status":"closed","sticky":false,"template":"","format":"standard","meta":{"_monsterinsights_skip_tracking":false,"_monsterinsights_sitenote_active":false,"_monsterinsights_sitenote_note":"","_monsterinsights_sitenote_category":0,"footnotes":""},"categories":[51,49],"tags":[],"class_list":["post-431613","post","type-post","status-publish","format-standard","has-post-thumbnail","hentry","category-evidenza-top","category-news-18","category-51","category-49","description-off"],"img_url":"https:\/\/www.radiopiu.net\/wordpress\/wp-content\/uploads\/2025\/01\/4b4ff3cf-a408-4e22-b58a-cfb2d221fab9.jpg","_links":{"self":[{"href":"https:\/\/www.radiopiu.net\/wordpress\/wp-json\/wp\/v2\/posts\/431613","targetHints":{"allow":["GET"]}}],"collection":[{"href":"https:\/\/www.radiopiu.net\/wordpress\/wp-json\/wp\/v2\/posts"}],"about":[{"href":"https:\/\/www.radiopiu.net\/wordpress\/wp-json\/wp\/v2\/types\/post"}],"author":[{"embeddable":true,"href":"https:\/\/www.radiopiu.net\/wordpress\/wp-json\/wp\/v2\/users\/4"}],"replies":[{"embeddable":true,"href":"https:\/\/www.radiopiu.net\/wordpress\/wp-json\/wp\/v2\/comments?post=431613"}],"version-history":[{"count":3,"href":"https:\/\/www.radiopiu.net\/wordpress\/wp-json\/wp\/v2\/posts\/431613\/revisions"}],"predecessor-version":[{"id":431701,"href":"https:\/\/www.radiopiu.net\/wordpress\/wp-json\/wp\/v2\/posts\/431613\/revisions\/431701"}],"wp:featuredmedia":[{"embeddable":true,"href":"https:\/\/www.radiopiu.net\/wordpress\/wp-json\/wp\/v2\/media\/431699"}],"wp:attachment":[{"href":"https:\/\/www.radiopiu.net\/wordpress\/wp-json\/wp\/v2\/media?parent=431613"}],"wp:term":[{"taxonomy":"category","embeddable":true,"href":"https:\/\/www.radiopiu.net\/wordpress\/wp-json\/wp\/v2\/categories?post=431613"},{"taxonomy":"post_tag","embeddable":true,"href":"https:\/\/www.radiopiu.net\/wordpress\/wp-json\/wp\/v2\/tags?post=431613"}],"curies":[{"name":"wp","href":"https:\/\/api.w.org\/{rel}","templated":true}]}}