{"id":431646,"date":"2025-01-28T05:24:12","date_gmt":"2025-01-28T04:24:12","guid":{"rendered":"https:\/\/www.radiopiu.net\/wordpress\/?p=431646"},"modified":"2025-01-28T05:54:52","modified_gmt":"2025-01-28T04:54:52","slug":"bolzano-sul-lago","status":"publish","type":"post","link":"https:\/\/www.radiopiu.net\/wordpress\/bolzano-sul-lago\/","title":{"rendered":"BOLZANO SUL LAGO"},"content":{"rendered":"<p>&nbsp;<\/p>\n<p><strong>BOLZANO<\/strong> Il capoluogo alto atesino si \u00e8 svegliato come un un sogno affacciato sul lago, dove si specchia la Civetta. Pi\u00f9 che un sogno, l&#8217;immagine sul video del computer di un noto sito Ceko che alla citt\u00e0 di Bolzano ha aggiunto le bellezze alleghesi, in altra provincia e regione, come noto.<\/p>\n<blockquote><p><em>&#8220;Dove andare in inverno? Dovresti assolutamente pianificare un viaggio nella citt\u00e0 dove la precisione austriaca incontra lo stile italiano. Esperienze indimenticabili e tante bellezze ti offrono Bolzano, Italia&#8221;.<\/em><\/p><\/blockquote>\n<p>&nbsp;<\/p>\n<p><strong>sito <span style=\"color: #0000ff;\"><a style=\"color: #0000ff;\" href=\"https:\/\/www.svetcestovatele.cz\/bolzano-jako-nejmalebnejsi-zimni-destinace-na-svete-ktera-je-rajem-i-pro-cechy\/?fbclid=IwY2xjawIEckdleHRuA2FlbQIxMAABHfqTvB3oSD9l2wjtLeW1zWGdwdmbZ-V2z8v4ZTN0f8XARdoNwvRUDvXSww_aem_yBemWIrma005JdAHYsR3-g\">CLICCA QUI<\/a><\/span><\/strong><\/p>\n<p>&nbsp;<\/p>\n<p><img decoding=\"async\" src=\"https:\/\/www.radiopiu.net\/wordpress\/wp-content\/uploads\/2025\/01\/Senza-nome-83.png\" \/><\/p>\n","protected":false},"excerpt":{"rendered":"<p>&nbsp; BOLZANO Il capoluogo alto atesino si \u00e8 svegliato come un un sogno affacciato sul lago, dove si specchia la Civetta. Pi\u00f9 che un sogno, l&#8217;immagine sul video del computer di un noto sito Ceko che alla citt\u00e0 di Bolzano ha aggiunto le bellezze alleghesi, in altra provincia e regione, come noto. &#8220;Dove andare in&hellip;<\/p>\n","protected":false},"author":4,"featured_media":431647,"comment_status":"closed","ping_status":"closed","sticky":false,"template":"","format":"standard","meta":{"_monsterinsights_skip_tracking":false,"_monsterinsights_sitenote_active":false,"_monsterinsights_sitenote_note":"","_monsterinsights_sitenote_category":0,"footnotes":""},"categories":[104,49],"tags":[],"class_list":["post-431646","post","type-post","status-publish","format-standard","has-post-thumbnail","hentry","category-evidenza_3","category-news-18","category-104","category-49","description-off"],"img_url":"https:\/\/www.radiopiu.net\/wordpress\/wp-content\/uploads\/2025\/01\/Senza-nome-83.png","_links":{"self":[{"href":"https:\/\/www.radiopiu.net\/wordpress\/wp-json\/wp\/v2\/posts\/431646","targetHints":{"allow":["GET"]}}],"collection":[{"href":"https:\/\/www.radiopiu.net\/wordpress\/wp-json\/wp\/v2\/posts"}],"about":[{"href":"https:\/\/www.radiopiu.net\/wordpress\/wp-json\/wp\/v2\/types\/post"}],"author":[{"embeddable":true,"href":"https:\/\/www.radiopiu.net\/wordpress\/wp-json\/wp\/v2\/users\/4"}],"replies":[{"embeddable":true,"href":"https:\/\/www.radiopiu.net\/wordpress\/wp-json\/wp\/v2\/comments?post=431646"}],"version-history":[{"count":3,"href":"https:\/\/www.radiopiu.net\/wordpress\/wp-json\/wp\/v2\/posts\/431646\/revisions"}],"predecessor-version":[{"id":431650,"href":"https:\/\/www.radiopiu.net\/wordpress\/wp-json\/wp\/v2\/posts\/431646\/revisions\/431650"}],"wp:featuredmedia":[{"embeddable":true,"href":"https:\/\/www.radiopiu.net\/wordpress\/wp-json\/wp\/v2\/media\/431647"}],"wp:attachment":[{"href":"https:\/\/www.radiopiu.net\/wordpress\/wp-json\/wp\/v2\/media?parent=431646"}],"wp:term":[{"taxonomy":"category","embeddable":true,"href":"https:\/\/www.radiopiu.net\/wordpress\/wp-json\/wp\/v2\/categories?post=431646"},{"taxonomy":"post_tag","embeddable":true,"href":"https:\/\/www.radiopiu.net\/wordpress\/wp-json\/wp\/v2\/tags?post=431646"}],"curies":[{"name":"wp","href":"https:\/\/api.w.org\/{rel}","templated":true}]}}