{"id":431676,"date":"2025-01-27T16:26:06","date_gmt":"2025-01-27T15:26:06","guid":{"rendered":"https:\/\/www.radiopiu.net\/wordpress\/?p=431676"},"modified":"2025-01-27T16:26:06","modified_gmt":"2025-01-27T15:26:06","slug":"from-the-ground-up-giovani-e-territorio-protagonisti-a-borgo-valbelluna","status":"publish","type":"post","link":"https:\/\/www.radiopiu.net\/wordpress\/from-the-ground-up-giovani-e-territorio-protagonisti-a-borgo-valbelluna\/","title":{"rendered":"&#8220;From the Ground Up&#8221;: giovani e territorio protagonisti a Borgo Valbelluna"},"content":{"rendered":"<p>++<\/p>\n<p>BORGO VALBELLUNA<\/p>\n<p><img loading=\"lazy\" decoding=\"async\" class=\"alignleft\" src=\"https:\/\/www.radiopiu.net\/wordpress\/wp-content\/uploads\/2025\/01\/foto-evento-Ground-Up.jpeg\" width=\"323\" height=\"242\" \/>Si \u00e8 concluso con successo l\u2019evento <em>From the Ground Up<\/em>, organizzato dal GAL Prealpi e Dolomiti e dal Centro Europe Direct Montagna Veneta, con la partecipazione di oltre 30 giovani bellunesi provenienti da consulte giovanili, comuni e associazioni non profit. L&#8217;iniziativa, parte di un progetto europeo che coinvolge 15 paesi, ha visto anche la presenza di 10 giovani amministratori locali under 35, tra cui sindaci, assessori e consiglieri europei della rete <em>BELC<\/em>. L&#8217;evento, ospitato dal Comune di Borgo Valbelluna, si \u00e8 concentrato su temi chiave per il futuro del territorio: valorizzazione delle opportunit\u00e0 locali, partecipazione giovanile alla vita politica e sociale, rafforzamento del legame tra Europa e comunit\u00e0 locali. Il confronto ha portato alla definizione di idee e progetti innovativi, che saranno presentati ad aprile a Bruxelles durante un evento dedicato alle aree rurali europee. &#8220;La partecipazione dei giovani \u00e8 stata straordinaria&#8221; \u2013 ha dichiarato la presidente del GAL Milena De Zanet \u2013 &#8220;Le loro idee fresche e innovative ci indicano la strada per costruire un futuro pi\u00f9 sostenibile e inclusivo per le nostre comunit\u00e0&#8221;. Una delegazione di giovani amministratori locali, guidata dal GAL Prealpi e Dolomiti, rappresenter\u00e0 il territorio europeo, lavorando per trasformare queste idee in progetti concreti.<\/p>\n<p>&nbsp;<\/p>\n<p>&nbsp;<\/p>\n<p>&nbsp;<\/p>\n<p>&nbsp;<\/p>\n","protected":false},"excerpt":{"rendered":"<p>++ BORGO VALBELLUNA Si \u00e8 concluso con successo l\u2019evento From the Ground Up, organizzato dal GAL Prealpi e Dolomiti e dal Centro Europe Direct Montagna Veneta, con la partecipazione di oltre 30 giovani bellunesi provenienti da consulte giovanili, comuni e associazioni non profit. L&#8217;iniziativa, parte di un progetto europeo che coinvolge 15 paesi, ha visto&hellip;<\/p>\n","protected":false},"author":4,"featured_media":431677,"comment_status":"closed","ping_status":"closed","sticky":false,"template":"","format":"standard","meta":{"_monsterinsights_skip_tracking":false,"_monsterinsights_sitenote_active":false,"_monsterinsights_sitenote_note":"","_monsterinsights_sitenote_category":0,"footnotes":""},"categories":[49],"tags":[],"class_list":["post-431676","post","type-post","status-publish","format-standard","has-post-thumbnail","hentry","category-news-18","category-49","description-off"],"img_url":"https:\/\/www.radiopiu.net\/wordpress\/wp-content\/uploads\/2025\/01\/foto-evento-Ground-Up.jpeg","_links":{"self":[{"href":"https:\/\/www.radiopiu.net\/wordpress\/wp-json\/wp\/v2\/posts\/431676","targetHints":{"allow":["GET"]}}],"collection":[{"href":"https:\/\/www.radiopiu.net\/wordpress\/wp-json\/wp\/v2\/posts"}],"about":[{"href":"https:\/\/www.radiopiu.net\/wordpress\/wp-json\/wp\/v2\/types\/post"}],"author":[{"embeddable":true,"href":"https:\/\/www.radiopiu.net\/wordpress\/wp-json\/wp\/v2\/users\/4"}],"replies":[{"embeddable":true,"href":"https:\/\/www.radiopiu.net\/wordpress\/wp-json\/wp\/v2\/comments?post=431676"}],"version-history":[{"count":1,"href":"https:\/\/www.radiopiu.net\/wordpress\/wp-json\/wp\/v2\/posts\/431676\/revisions"}],"predecessor-version":[{"id":431678,"href":"https:\/\/www.radiopiu.net\/wordpress\/wp-json\/wp\/v2\/posts\/431676\/revisions\/431678"}],"wp:featuredmedia":[{"embeddable":true,"href":"https:\/\/www.radiopiu.net\/wordpress\/wp-json\/wp\/v2\/media\/431677"}],"wp:attachment":[{"href":"https:\/\/www.radiopiu.net\/wordpress\/wp-json\/wp\/v2\/media?parent=431676"}],"wp:term":[{"taxonomy":"category","embeddable":true,"href":"https:\/\/www.radiopiu.net\/wordpress\/wp-json\/wp\/v2\/categories?post=431676"},{"taxonomy":"post_tag","embeddable":true,"href":"https:\/\/www.radiopiu.net\/wordpress\/wp-json\/wp\/v2\/tags?post=431676"}],"curies":[{"name":"wp","href":"https:\/\/api.w.org\/{rel}","templated":true}]}}