{"id":431692,"date":"2025-01-28T05:23:47","date_gmt":"2025-01-28T04:23:47","guid":{"rendered":"https:\/\/www.radiopiu.net\/wordpress\/?p=431692"},"modified":"2025-01-28T05:55:15","modified_gmt":"2025-01-28T04:55:15","slug":"meteo-in-arrivo-perturbazione-in-veneto","status":"publish","type":"post","link":"https:\/\/www.radiopiu.net\/wordpress\/meteo-in-arrivo-perturbazione-in-veneto\/","title":{"rendered":"Meteo. In arrivo perturbazione in Veneto."},"content":{"rendered":"<table>\n<tbody>\n<tr>\n<td>\n<h2>\u00a0Dalla serata attese piogge intense su zone montane e pedemontane. Allerta per vento forte su coste e pianure limitrofe<\/h2>\n<\/td>\n<\/tr>\n<tr>\n<td><em>(AVN) \u2013 Venezia, 27 gennaio 2025<\/em><\/p>\n<p>Il Centro Funzione decentrato della Protezione Civile le Veneto, alla luce delle previsioni meteo, ha inviato un aggiornamento degli avvisi di criticit\u00e0 idraulica e idrogeologica, indicando lo stato di attenzione per criticit\u00e0 idraulica nei bacini Alto Brenta-Bacchiglione-Alpone e Livenza, Lemene e Tagliamento. Viene confermata l\u2019allerta gialla per criticit\u00e0 idrogeologica nei bacini: Piave Pedemontano, Alto Brenta-Bacchiglione-Alpone; Adige-Garda e Monti Lessini. L\u2019avviso \u00e8 valido dalle ore 18.00 di oggi fino alla mezzanotte di domani.<\/p>\n<p>Viene altres\u00ec dichiarata la fase operativa di attenzione per vento forte su costa e pianura limitrofa, da riconfigurare, a livello locale, in pre-allarme o allarme a seconda dell\u2019intensit\u00e0 del vento dalle ore 00:00 alle ore 15.00 di domani 28 gennaio 2025.<\/p>\n<p>La pioggia \u00e8 attesa nelle zone montane e pedemontane con massimi sulle zone prealpine; per quanto riguarda il vento l\u2019allerta vale per le zone costiere e pianura nord-orientale limitrofa. \u00c8 previsto il rinforzo dei venti meridionali in quota, soprattutto in alta quota, gi\u00e0 nel corso di luned\u00ec, sulla costa\/pianura limitrofa dalla tarda serata di luned\u00ec.<\/td>\n<\/tr>\n<\/tbody>\n<\/table>\n","protected":false},"excerpt":{"rendered":"<p>\u00a0Dalla serata attese piogge intense su zone montane e pedemontane. Allerta per vento forte su coste e pianure limitrofe (AVN) \u2013 Venezia, 27 gennaio 2025 Il Centro Funzione decentrato della Protezione Civile le Veneto, alla luce delle previsioni meteo, ha inviato un aggiornamento degli avvisi di criticit\u00e0 idraulica e idrogeologica, indicando lo stato di attenzione&hellip;<\/p>\n","protected":false},"author":4,"featured_media":57488,"comment_status":"closed","ping_status":"closed","sticky":false,"template":"","format":"standard","meta":{"_monsterinsights_skip_tracking":false,"_monsterinsights_sitenote_active":false,"_monsterinsights_sitenote_note":"","_monsterinsights_sitenote_category":0,"footnotes":""},"categories":[104,49],"tags":[],"class_list":["post-431692","post","type-post","status-publish","format-standard","has-post-thumbnail","hentry","category-evidenza_3","category-news-18","category-104","category-49","description-off"],"img_url":"https:\/\/www.radiopiu.net\/wordpress\/wp-content\/uploads\/2018\/08\/instabilita.jpg","_links":{"self":[{"href":"https:\/\/www.radiopiu.net\/wordpress\/wp-json\/wp\/v2\/posts\/431692","targetHints":{"allow":["GET"]}}],"collection":[{"href":"https:\/\/www.radiopiu.net\/wordpress\/wp-json\/wp\/v2\/posts"}],"about":[{"href":"https:\/\/www.radiopiu.net\/wordpress\/wp-json\/wp\/v2\/types\/post"}],"author":[{"embeddable":true,"href":"https:\/\/www.radiopiu.net\/wordpress\/wp-json\/wp\/v2\/users\/4"}],"replies":[{"embeddable":true,"href":"https:\/\/www.radiopiu.net\/wordpress\/wp-json\/wp\/v2\/comments?post=431692"}],"version-history":[{"count":1,"href":"https:\/\/www.radiopiu.net\/wordpress\/wp-json\/wp\/v2\/posts\/431692\/revisions"}],"predecessor-version":[{"id":431693,"href":"https:\/\/www.radiopiu.net\/wordpress\/wp-json\/wp\/v2\/posts\/431692\/revisions\/431693"}],"wp:featuredmedia":[{"embeddable":true,"href":"https:\/\/www.radiopiu.net\/wordpress\/wp-json\/wp\/v2\/media\/57488"}],"wp:attachment":[{"href":"https:\/\/www.radiopiu.net\/wordpress\/wp-json\/wp\/v2\/media?parent=431692"}],"wp:term":[{"taxonomy":"category","embeddable":true,"href":"https:\/\/www.radiopiu.net\/wordpress\/wp-json\/wp\/v2\/categories?post=431692"},{"taxonomy":"post_tag","embeddable":true,"href":"https:\/\/www.radiopiu.net\/wordpress\/wp-json\/wp\/v2\/tags?post=431692"}],"curies":[{"name":"wp","href":"https:\/\/api.w.org\/{rel}","templated":true}]}}