{"id":431710,"date":"2025-01-28T05:26:43","date_gmt":"2025-01-28T04:26:43","guid":{"rendered":"https:\/\/www.radiopiu.net\/wordpress\/?p=431710"},"modified":"2025-01-28T05:53:42","modified_gmt":"2025-01-28T04:53:42","slug":"addio-ad-antonio-caldart-storico-imprenditore-del-settore-funebre","status":"publish","type":"post","link":"https:\/\/www.radiopiu.net\/wordpress\/addio-ad-antonio-caldart-storico-imprenditore-del-settore-funebre\/","title":{"rendered":"Addio ad Antonio Caldart, storico imprenditore del settore funebre"},"content":{"rendered":"<blockquote>\n<h3>**<\/h3>\n<\/blockquote>\n<p><a class=\"dt-pswp-item\" href=\"https:\/\/www.radiopiu.net\/wordpress\/wp-content\/uploads\/2025\/01\/Senza-nome-87.png\" data-dt-img-description=\"\" data-large_image_width=\"269\" data-large_image_height=\"234\"><img loading=\"lazy\" decoding=\"async\" class=\" wp-image-431709 alignleft\" src=\"https:\/\/www.radiopiu.net\/wordpress\/wp-content\/uploads\/2025\/01\/Senza-nome-87.png\" alt=\"\" width=\"195\" height=\"170\" \/><\/a>Si \u00e8 spento a 73 anni Antonio Caldart, titolare dell\u2019omonima agenzia funebre di Belluno, fondata dal padre Giuseppe nel 1956. Assieme al fratello Walter, ha ampliato l\u2019attivit\u00e0 con seriet\u00e0 e discrezione, contribuendo all\u2019apertura della sede di Ponte nelle Alpi e alla realizzazione della casa del commiato di via Cappellari.<\/p>\n<p>Antonio, pur essendo in pensione da qualche anno, continuava a offrire consigli e idee per migliorare il servizio. I suoi storici collaboratori lo ricordano con affetto, sottolineando il suo insegnamento: <em>&#8220;Esserci sempre, ma senza comparire&#8221;<\/em>.<\/p>\n<p>I funerali si terranno gioved\u00ec alle 10:30 nella chiesa di Santo Stefano. La salma sar\u00e0 poi cremata. Oggi e domani sar\u00e0 possibile rendergli omaggio alla casa del commiato.<\/p>\n<p>__<\/p>\n","protected":false},"excerpt":{"rendered":"<p>** Si \u00e8 spento a 73 anni Antonio Caldart, titolare dell\u2019omonima agenzia funebre di Belluno, fondata dal padre Giuseppe nel 1956. Assieme al fratello Walter, ha ampliato l\u2019attivit\u00e0 con seriet\u00e0 e discrezione, contribuendo all\u2019apertura della sede di Ponte nelle Alpi e alla realizzazione della casa del commiato di via Cappellari. Antonio, pur essendo in pensione&hellip;<\/p>\n","protected":false},"author":4,"featured_media":431709,"comment_status":"closed","ping_status":"closed","sticky":false,"template":"","format":"standard","meta":{"_monsterinsights_skip_tracking":false,"_monsterinsights_sitenote_active":false,"_monsterinsights_sitenote_note":"","_monsterinsights_sitenote_category":0,"footnotes":""},"categories":[51,49],"tags":[],"class_list":["post-431710","post","type-post","status-publish","format-standard","has-post-thumbnail","hentry","category-evidenza-top","category-news-18","category-51","category-49","description-off"],"img_url":"https:\/\/www.radiopiu.net\/wordpress\/wp-content\/uploads\/2025\/01\/Senza-nome-87.png","_links":{"self":[{"href":"https:\/\/www.radiopiu.net\/wordpress\/wp-json\/wp\/v2\/posts\/431710","targetHints":{"allow":["GET"]}}],"collection":[{"href":"https:\/\/www.radiopiu.net\/wordpress\/wp-json\/wp\/v2\/posts"}],"about":[{"href":"https:\/\/www.radiopiu.net\/wordpress\/wp-json\/wp\/v2\/types\/post"}],"author":[{"embeddable":true,"href":"https:\/\/www.radiopiu.net\/wordpress\/wp-json\/wp\/v2\/users\/4"}],"replies":[{"embeddable":true,"href":"https:\/\/www.radiopiu.net\/wordpress\/wp-json\/wp\/v2\/comments?post=431710"}],"version-history":[{"count":1,"href":"https:\/\/www.radiopiu.net\/wordpress\/wp-json\/wp\/v2\/posts\/431710\/revisions"}],"predecessor-version":[{"id":431711,"href":"https:\/\/www.radiopiu.net\/wordpress\/wp-json\/wp\/v2\/posts\/431710\/revisions\/431711"}],"wp:featuredmedia":[{"embeddable":true,"href":"https:\/\/www.radiopiu.net\/wordpress\/wp-json\/wp\/v2\/media\/431709"}],"wp:attachment":[{"href":"https:\/\/www.radiopiu.net\/wordpress\/wp-json\/wp\/v2\/media?parent=431710"}],"wp:term":[{"taxonomy":"category","embeddable":true,"href":"https:\/\/www.radiopiu.net\/wordpress\/wp-json\/wp\/v2\/categories?post=431710"},{"taxonomy":"post_tag","embeddable":true,"href":"https:\/\/www.radiopiu.net\/wordpress\/wp-json\/wp\/v2\/tags?post=431710"}],"curies":[{"name":"wp","href":"https:\/\/api.w.org\/{rel}","templated":true}]}}