{"id":431782,"date":"2025-01-28T11:34:46","date_gmt":"2025-01-28T10:34:46","guid":{"rendered":"https:\/\/www.radiopiu.net\/wordpress\/?p=431782"},"modified":"2025-01-29T05:52:31","modified_gmt":"2025-01-29T04:52:31","slug":"oltre-12-mila-ragazzi-in-campo-di-38-scuole-per-la-quarta-edizione-di-generazione2026-per-i-giochi-di-milano-cortina-2026","status":"publish","type":"post","link":"https:\/\/www.radiopiu.net\/wordpress\/oltre-12-mila-ragazzi-in-campo-di-38-scuole-per-la-quarta-edizione-di-generazione2026-per-i-giochi-di-milano-cortina-2026\/","title":{"rendered":"OLTRE 12 MILA RAGAZZI IN CAMPO DI 38 SCUOLE  PER LA QUARTA EDIZIONE DI \u201cGENERAZIONE2026\u201d  PER I GIOCHI DI MILANO CORTINA 2026"},"content":{"rendered":"<p>*******<\/p>\n<p>&nbsp;<\/p>\n<p><strong><a class=\"dt-pswp-item\" href=\"https:\/\/www.radiopiu.net\/wordpress\/wp-content\/uploads\/2025\/01\/Senza-titolo.jpg\" data-dt-img-description=\"\" data-large_image_width=\"1112\" data-large_image_height=\"656\"><img loading=\"lazy\" decoding=\"async\" class=\" wp-image-431809 alignleft\" src=\"https:\/\/www.radiopiu.net\/wordpress\/wp-content\/uploads\/2025\/01\/Senza-titolo-300x177.jpg\" alt=\"\" width=\"242\" height=\"143\" srcset=\"https:\/\/www.radiopiu.net\/wordpress\/wp-content\/uploads\/2025\/01\/Senza-titolo-300x177.jpg 300w, https:\/\/www.radiopiu.net\/wordpress\/wp-content\/uploads\/2025\/01\/Senza-titolo-1024x604.jpg 1024w, https:\/\/www.radiopiu.net\/wordpress\/wp-content\/uploads\/2025\/01\/Senza-titolo-768x453.jpg 768w, https:\/\/www.radiopiu.net\/wordpress\/wp-content\/uploads\/2025\/01\/Senza-titolo.jpg 1112w\" sizes=\"auto, (max-width: 242px) 100vw, 242px\" \/><\/a>TREVISO <\/strong>Dopo il successo delle tre edizioni precedenti, continua la collaborazione anche nel 2025 tra FICTS &#8211; F\u00e9d\u00e9ration Internationale Cin\u00e9ma T\u00e9l\u00e9vision Sportifs (riconosciuta dal Comitato Internazionale Olimpico CIO), la Regione del Veneto, la Camera di Commercio di Treviso-Belluno | Dolomiti e la Camera di Commercio di Verona, con il supporto dell\u2019Ufficio Scolastico Regionale per il Veneto, per la realizzazione della quarta edizione del progetto \u201cGenerAZIONE2026 &#8211; Sport powered by youth and education\u201d . L\u2019iniziativa \u00e8 aperta alle Scuole Primarie e Secondarie di primo e secondo grado delle aree interessate dai Giochi. Il Programma 2025 &#8211; che ha gi\u00e0 registrato l\u2019iscrizione gratuita di 12.210 giovani in rappresentanza di 38 Scuole di Treviso-Belluno e Verona &#8211; determina un forte impatto mediatico, turistico-economico contribuendo alla promozione dell\u2019immagine del territorio, grazie all\u2019impegno delle Camere di Commercio, anche oltre i confini. Il Progetto formativo \u201cGenerAZIONE2026\u201d, articolato su diverse proposte per le Scuole, \u00e8 inserito nel Programma Education Gen26 di Fondazione Milano Cortina 2026 che riconosce ufficialmente le attivit\u00e0 della FICTS presso le Scuole. Si tratta di un ciclo di iniziative strutturato in sei Sezioni tematiche e nelle Giornate dello Sport promosse da Regione del Veneto, pensate per coinvolgere e ispirare le nuove generazioni attraverso esperienze educative e formative: Proiezioni \u201cEmozione Sportivi di Classe\u201d: incontri interattivi per le scuole con video dedicati al mondo Olimpico e Paralimpico. <strong>I Tuoi Giochi in un Video<\/strong>: un laboratorio creativo per raccontare i Giochi attraverso lo sguardo dei ragazzi. <strong>La Citt\u00e0 dei Giochi<\/strong>: un\u2019immersione nelle citt\u00e0 simbolo dei Giochi Olimpici e Paralimpici. <strong>Tu sei un Campione di Sostenibilit\u00e0<\/strong>: attivit\u00e0 per promuovere comportamenti responsabili e rispettosi dell\u2019ambiente. <strong>I Tuoi Stili di Vita<\/strong>: un percorso dedicato al benessere e agli stili di vita sani. <strong>Educazione 4.0<\/strong>: un\u2019opportunit\u00e0 per esplorare l\u2019intersezione tra tecnologia, sport e formazione. Le attivit\u00e0 proposte offrono ai partecipanti un\u2019ampia gamma di esperienze che spaziano dai \u201cGiochi\u201d, concepiti per stimolare una sana competizione, ai \u201cValori Olimpici e Paralimpici\u201d, come la solidariet\u00e0 e il rispetto reciproco. Inoltre, il progetto punta a fornire percorsi formativi e professionali nel mondo dello sport e dei grandi eventi, con uno sguardo rivolto ai Giochi Olimpici e Paralimpici Invernali Milano Cortina 2026. L\u2019obiettivo prioritario del Progetto &#8211; che ha registrato l\u2019adesione di 10.431 giovani nel 2024 e che prevede nel 2025 una partecipazione (aumentata del 20%), grazie all\u2019entusiasmo crescente delle Scuole e delle Comunit\u00e0 Locali \u2013 vuole mettere in evidenza lo spirito dell\u2019Olimpismo attraverso un\u2019azione educativa che consenta di acquisire attivi stili di vita in cui lo sport sia inteso, oltre che come veicolo di promozione del benessere psicofisico, quale strumento di inclusione ed integrazione sociale e di formazione mediante il coinvolgimento diretto dei giovani. \u201c<em>Sport come veicolo formativo e sociale<\/em>\u201d \u00e8 lo slogan del Progetto \u201cGenerAZIONE2026\u201d ossia un\u2019opportunit\u00e0 per avvicinare i giovani ai valori olimpici e paralimpici, formando cittadini consapevoli e protagonisti di un futuro inclusivo e sostenibile. Lo sport diventa cos\u00ec uno strumento di crescita personale, integrazione e promozione della salute psicofisica per lasciare un\u2019eredit\u00e0 culturale e sociale duratura, nel segno di Milano Cortina 2026. Il Progetto, gemellato con i \u201c<em>TROFEI DI MILANO CORTINA 2026<\/em>\u201d, prevede anche tre giornate all\u2019Arena Brera di Milano (7-8-9 Maggio) con un\u2019ampia partecipazione delle Scuole del Veneto. Sono in palio Premi per le Scuole, per gli Insegnanti e per i partecipanti. Regolamento ufficiale e Scheda di Iscrizione gratuita: <a href=\"https:\/\/www.trevisobellunosystem.com\/generazione-2026\/\">https:\/\/www.trevisobellunosystem.com\/generazione-2026\/<\/a>\u00a0 \u00a0Nel corso della \u201cTre Giorni\u201d (5-6-7 Giugno) (Venezia|Verona|Treviso|Belluno) \u00a0nella Regione Veneto (<em>sede, con la Lombardia<\/em>) sar\u00e0 presente una Delegazione Internazionale di imprenditori scelti tra i 130 Paesi affiliati alla FICTS per sviluppare le iniziative congiunte proposte dal \u201c<em>Tavolo di lavoro<\/em>\u201d individuate nel \u201c<em>Protocollo d\u2019Intesa<\/em>\u201d sottoscritto da Mario Pozza\u00a0 Presidente di Assocamerestero\u00a0\u2013 Associazione delle 86 Camere di Commercio Italiane all\u2019Estero (CCIE)\u00a0e Prof. Franco Ascani\u00a0Presidente FICTS \u2013 Federation Internationale Cinema Television Sportifs.<\/p>\n<p>&nbsp;<\/p>\n<p>&nbsp;<\/p>\n<p>*******<\/p>\n","protected":false},"excerpt":{"rendered":"<p>******* &nbsp; TREVISO Dopo il successo delle tre edizioni precedenti, continua la collaborazione anche nel 2025 tra FICTS &#8211; F\u00e9d\u00e9ration Internationale Cin\u00e9ma T\u00e9l\u00e9vision Sportifs (riconosciuta dal Comitato Internazionale Olimpico CIO), la Regione del Veneto, la Camera di Commercio di Treviso-Belluno | Dolomiti e la Camera di Commercio di Verona, con il supporto dell\u2019Ufficio Scolastico Regionale&hellip;<\/p>\n","protected":false},"author":4,"featured_media":431809,"comment_status":"closed","ping_status":"closed","sticky":false,"template":"","format":"standard","meta":{"_monsterinsights_skip_tracking":false,"_monsterinsights_sitenote_active":false,"_monsterinsights_sitenote_note":"","_monsterinsights_sitenote_category":0,"footnotes":""},"categories":[51,49],"tags":[],"class_list":["post-431782","post","type-post","status-publish","format-standard","has-post-thumbnail","hentry","category-evidenza-top","category-news-18","category-51","category-49","description-off"],"img_url":"https:\/\/www.radiopiu.net\/wordpress\/wp-content\/uploads\/2025\/01\/Senza-titolo.jpg","_links":{"self":[{"href":"https:\/\/www.radiopiu.net\/wordpress\/wp-json\/wp\/v2\/posts\/431782","targetHints":{"allow":["GET"]}}],"collection":[{"href":"https:\/\/www.radiopiu.net\/wordpress\/wp-json\/wp\/v2\/posts"}],"about":[{"href":"https:\/\/www.radiopiu.net\/wordpress\/wp-json\/wp\/v2\/types\/post"}],"author":[{"embeddable":true,"href":"https:\/\/www.radiopiu.net\/wordpress\/wp-json\/wp\/v2\/users\/4"}],"replies":[{"embeddable":true,"href":"https:\/\/www.radiopiu.net\/wordpress\/wp-json\/wp\/v2\/comments?post=431782"}],"version-history":[{"count":1,"href":"https:\/\/www.radiopiu.net\/wordpress\/wp-json\/wp\/v2\/posts\/431782\/revisions"}],"predecessor-version":[{"id":431810,"href":"https:\/\/www.radiopiu.net\/wordpress\/wp-json\/wp\/v2\/posts\/431782\/revisions\/431810"}],"wp:featuredmedia":[{"embeddable":true,"href":"https:\/\/www.radiopiu.net\/wordpress\/wp-json\/wp\/v2\/media\/431809"}],"wp:attachment":[{"href":"https:\/\/www.radiopiu.net\/wordpress\/wp-json\/wp\/v2\/media?parent=431782"}],"wp:term":[{"taxonomy":"category","embeddable":true,"href":"https:\/\/www.radiopiu.net\/wordpress\/wp-json\/wp\/v2\/categories?post=431782"},{"taxonomy":"post_tag","embeddable":true,"href":"https:\/\/www.radiopiu.net\/wordpress\/wp-json\/wp\/v2\/tags?post=431782"}],"curies":[{"name":"wp","href":"https:\/\/api.w.org\/{rel}","templated":true}]}}