{"id":431790,"date":"2025-01-29T05:41:07","date_gmt":"2025-01-29T04:41:07","guid":{"rendered":"https:\/\/www.radiopiu.net\/wordpress\/?p=431790"},"modified":"2025-01-29T05:50:11","modified_gmt":"2025-01-29T04:50:11","slug":"la-neve-scende-copiosa-sulle-cime-dolomitiche-il-bollettino-neve-al-suolo","status":"publish","type":"post","link":"https:\/\/www.radiopiu.net\/wordpress\/la-neve-scende-copiosa-sulle-cime-dolomitiche-il-bollettino-neve-al-suolo\/","title":{"rendered":"LA NEVE SCENDE COPIOSA SULLE CIME DOLOMITICHE. IL BOLLETTINO NEVE AL SUOLO"},"content":{"rendered":"<p>******<\/p>\n<p>&nbsp;<\/p>\n<p><strong>REDAZIONE<\/strong> Continua la perturbazione in Veneto e sulle cime Dolomitiche. Il Centro Valanghe ARPAV di Arabba ha diramato il nuovo bollettino neve al suolo. Dal documento si evince che nelle ultime 24 ore sono caduti 45 cm di neve a Ra vales di Cortina, zona dove la neve \u00e8 scesa pi\u00f9 copiosa. Nelle altre localit\u00e0 si registrano tra i 15 e i 25 cm di neve fresca. Passo Falzarego registra il maggior cumulo da inizio inverno.<\/p>\n<a href=\"https:\/\/www.radiopiu.net\/wordpress\/wp-content\/uploads\/2025\/01\/2025_01_28_Dolomiti-Neve-al-Suolo.pdf\" class=\"pdfemb-viewer\" style=\"\" data-width=\"max\" data-height=\"max\" data-toolbar=\"top\" data-toolbar-fixed=\"on\">2025_01_28_Dolomiti Neve al Suolo<\/a>\n<p>&nbsp;<\/p>\n<p>&nbsp;<\/p>\n<p>&nbsp;<\/p>\n<p>*******<\/p>\n","protected":false},"excerpt":{"rendered":"<p>****** &nbsp; REDAZIONE Continua la perturbazione in Veneto e sulle cime Dolomitiche. Il Centro Valanghe ARPAV di Arabba ha diramato il nuovo bollettino neve al suolo. Dal documento si evince che nelle ultime 24 ore sono caduti 45 cm di neve a Ra vales di Cortina, zona dove la neve \u00e8 scesa pi\u00f9 copiosa. Nelle&hellip;<\/p>\n","protected":false},"author":4,"featured_media":247467,"comment_status":"closed","ping_status":"closed","sticky":false,"template":"","format":"standard","meta":{"_monsterinsights_skip_tracking":false,"_monsterinsights_sitenote_active":false,"_monsterinsights_sitenote_note":"","_monsterinsights_sitenote_category":0,"footnotes":""},"categories":[51,49],"tags":[],"class_list":["post-431790","post","type-post","status-publish","format-standard","has-post-thumbnail","hentry","category-evidenza-top","category-news-18","category-51","category-49","description-off"],"img_url":"https:\/\/www.radiopiu.net\/wordpress\/wp-content\/uploads\/2021\/12\/NEVE-STRADA.jpg","_links":{"self":[{"href":"https:\/\/www.radiopiu.net\/wordpress\/wp-json\/wp\/v2\/posts\/431790","targetHints":{"allow":["GET"]}}],"collection":[{"href":"https:\/\/www.radiopiu.net\/wordpress\/wp-json\/wp\/v2\/posts"}],"about":[{"href":"https:\/\/www.radiopiu.net\/wordpress\/wp-json\/wp\/v2\/types\/post"}],"author":[{"embeddable":true,"href":"https:\/\/www.radiopiu.net\/wordpress\/wp-json\/wp\/v2\/users\/4"}],"replies":[{"embeddable":true,"href":"https:\/\/www.radiopiu.net\/wordpress\/wp-json\/wp\/v2\/comments?post=431790"}],"version-history":[{"count":1,"href":"https:\/\/www.radiopiu.net\/wordpress\/wp-json\/wp\/v2\/posts\/431790\/revisions"}],"predecessor-version":[{"id":431798,"href":"https:\/\/www.radiopiu.net\/wordpress\/wp-json\/wp\/v2\/posts\/431790\/revisions\/431798"}],"wp:featuredmedia":[{"embeddable":true,"href":"https:\/\/www.radiopiu.net\/wordpress\/wp-json\/wp\/v2\/media\/247467"}],"wp:attachment":[{"href":"https:\/\/www.radiopiu.net\/wordpress\/wp-json\/wp\/v2\/media?parent=431790"}],"wp:term":[{"taxonomy":"category","embeddable":true,"href":"https:\/\/www.radiopiu.net\/wordpress\/wp-json\/wp\/v2\/categories?post=431790"},{"taxonomy":"post_tag","embeddable":true,"href":"https:\/\/www.radiopiu.net\/wordpress\/wp-json\/wp\/v2\/tags?post=431790"}],"curies":[{"name":"wp","href":"https:\/\/api.w.org\/{rel}","templated":true}]}}