{"id":431836,"date":"2025-01-29T02:00:17","date_gmt":"2025-01-29T01:00:17","guid":{"rendered":"https:\/\/www.radiopiu.net\/wordpress\/?p=431836"},"modified":"2025-01-29T05:51:59","modified_gmt":"2025-01-29T04:51:59","slug":"uno-skatepark-in-provincia-di-belluno","status":"publish","type":"post","link":"https:\/\/www.radiopiu.net\/wordpress\/uno-skatepark-in-provincia-di-belluno\/","title":{"rendered":"Uno skatepark in provincia di Belluno"},"content":{"rendered":"<p>**<\/p>\n<p><strong><img loading=\"lazy\" decoding=\"async\" class=\"alignleft\" src=\"https:\/\/www.radiopiu.net\/wordpress\/wp-content\/uploads\/2025\/01\/20981dbd-7642-4f71-9b63-cdb4b5edcc57-300x300.webp\" width=\"167\" height=\"167\" \/>BELLUNO<\/strong><\/p>\n<p>\u00c8 nata a fine novembre dall&#8217;idea di un giovane bellunese e in questi nemmeno due mesi ha raccolto gi\u00e0 754 firme: \u00e8 la sottoscrizione online lanciata sulla piattaforma Change.org per proporre la realizzazione di un parco multifunzionale in provincia. L&#8217;idea \u00e8 chiara fin dalla descrizione del progetto: \u201cCome tanti altri ragazzi, abbiamo bisogno di luoghi in cui poterci riunire e praticare sport all&#8217;aperto. &#8211; si legge infatti in apertura della petizione &#8211; Uno skatepark nella nostra provincia sarebbe una soluzione ideale\u201d.<\/p>\n<p><strong>DI DANIELE DALVIT<\/strong><\/p>\n<audio class=\"wp-audio-shortcode\" id=\"audio-431836-1\" preload=\"none\" style=\"width: 100%;\" controls=\"controls\"><source type=\"audio\/mpeg\" src=\"https:\/\/www.radiopiu.net\/wordpress\/wp-content\/uploads\/2025\/01\/Servizio-Petizione-skatepark.mp3?_=1\" \/><a href=\"https:\/\/www.radiopiu.net\/wordpress\/wp-content\/uploads\/2025\/01\/Servizio-Petizione-skatepark.mp3\">https:\/\/www.radiopiu.net\/wordpress\/wp-content\/uploads\/2025\/01\/Servizio-Petizione-skatepark.mp3<\/a><\/audio>\n<p>&nbsp;<\/p>\n<p>&nbsp;<\/p>\n<hr \/>\n<p>&nbsp;<\/p>\n","protected":false},"excerpt":{"rendered":"<p>** BELLUNO \u00c8 nata a fine novembre dall&#8217;idea di un giovane bellunese e in questi nemmeno due mesi ha raccolto gi\u00e0 754 firme: \u00e8 la sottoscrizione online lanciata sulla piattaforma Change.org per proporre la realizzazione di un parco multifunzionale in provincia. L&#8217;idea \u00e8 chiara fin dalla descrizione del progetto: \u201cCome tanti altri ragazzi, abbiamo bisogno&hellip;<\/p>\n","protected":false},"author":4,"featured_media":431838,"comment_status":"closed","ping_status":"closed","sticky":false,"template":"","format":"standard","meta":{"_monsterinsights_skip_tracking":false,"_monsterinsights_sitenote_active":false,"_monsterinsights_sitenote_note":"","_monsterinsights_sitenote_category":0,"footnotes":""},"categories":[104,49],"tags":[],"class_list":["post-431836","post","type-post","status-publish","format-standard","has-post-thumbnail","hentry","category-evidenza_3","category-news-18","category-104","category-49","description-off"],"img_url":"https:\/\/www.radiopiu.net\/wordpress\/wp-content\/uploads\/2025\/01\/20981dbd-7642-4f71-9b63-cdb4b5edcc57.webp","_links":{"self":[{"href":"https:\/\/www.radiopiu.net\/wordpress\/wp-json\/wp\/v2\/posts\/431836","targetHints":{"allow":["GET"]}}],"collection":[{"href":"https:\/\/www.radiopiu.net\/wordpress\/wp-json\/wp\/v2\/posts"}],"about":[{"href":"https:\/\/www.radiopiu.net\/wordpress\/wp-json\/wp\/v2\/types\/post"}],"author":[{"embeddable":true,"href":"https:\/\/www.radiopiu.net\/wordpress\/wp-json\/wp\/v2\/users\/4"}],"replies":[{"embeddable":true,"href":"https:\/\/www.radiopiu.net\/wordpress\/wp-json\/wp\/v2\/comments?post=431836"}],"version-history":[{"count":1,"href":"https:\/\/www.radiopiu.net\/wordpress\/wp-json\/wp\/v2\/posts\/431836\/revisions"}],"predecessor-version":[{"id":431839,"href":"https:\/\/www.radiopiu.net\/wordpress\/wp-json\/wp\/v2\/posts\/431836\/revisions\/431839"}],"wp:featuredmedia":[{"embeddable":true,"href":"https:\/\/www.radiopiu.net\/wordpress\/wp-json\/wp\/v2\/media\/431838"}],"wp:attachment":[{"href":"https:\/\/www.radiopiu.net\/wordpress\/wp-json\/wp\/v2\/media?parent=431836"}],"wp:term":[{"taxonomy":"category","embeddable":true,"href":"https:\/\/www.radiopiu.net\/wordpress\/wp-json\/wp\/v2\/categories?post=431836"},{"taxonomy":"post_tag","embeddable":true,"href":"https:\/\/www.radiopiu.net\/wordpress\/wp-json\/wp\/v2\/tags?post=431836"}],"curies":[{"name":"wp","href":"https:\/\/api.w.org\/{rel}","templated":true}]}}