{"id":431881,"date":"2025-01-29T05:47:01","date_gmt":"2025-01-29T04:47:01","guid":{"rendered":"https:\/\/www.radiopiu.net\/wordpress\/?p=431881"},"modified":"2025-01-29T05:50:42","modified_gmt":"2025-01-29T04:50:42","slug":"canale-piange-corina-lorenzi-storica-cuoca-e-volontaria","status":"publish","type":"post","link":"https:\/\/www.radiopiu.net\/wordpress\/canale-piange-corina-lorenzi-storica-cuoca-e-volontaria\/","title":{"rendered":"Canale piange Corina Lorenzi, storica cuoca e volontaria"},"content":{"rendered":"<div class=\"flex-shrink-0 flex flex-col relative items-end\">\n<div>\n<div class=\"pt-0\">\n<div class=\"gizmo-bot-avatar flex h-8 w-8 items-center justify-center overflow-hidden rounded-full\">\n<div class=\"relative p-1 rounded-sm flex items-center justify-center bg-token-main-surface-primary text-token-text-primary h-8 w-8\"><\/div>\n<\/div>\n<\/div>\n<\/div>\n<\/div>\n<div class=\"group\/conversation-turn relative flex w-full min-w-0 flex-col agent-turn\">\n<div class=\"flex-col gap-1 md:gap-3\">\n<div class=\"flex max-w-full flex-col flex-grow\">\n<div class=\"min-h-8 text-message flex w-full flex-col items-end gap-2 whitespace-normal break-words text-start [.text-message+&amp;]:mt-5\" dir=\"auto\" data-message-author-role=\"assistant\" data-message-id=\"fbf7a934-5682-4aa4-8e31-0e25606bc654\" data-message-model-slug=\"gpt-4o\">\n<div class=\"flex w-full flex-col gap-1 empty:hidden first:pt-[3px]\">\n<div class=\"markdown prose w-full break-words dark:prose-invert dark\">\n<h3><img loading=\"lazy\" decoding=\"async\" class=\"alignleft\" src=\"https:\/\/www.radiopiu.net\/wordpress\/wp-content\/uploads\/2024\/07\/Musal-e-piazza-Luciani.jpg\" width=\"187\" height=\"140\" \/>CANALE D&#8217;AGORDO<\/h3>\n<p>Si \u00e8 spenta all\u2019et\u00e0 di 86 anni Corina Lorenzi, dopo essere stata ricoverata in coma per dieci giorni all\u2019ospedale Giovanni Paolo I di Agordo. La sua scomparsa lascia un profondo vuoto nella comunit\u00e0 di Canale, dove \u00e8 stata un punto di riferimento per il volontariato e l\u2019asilo parrocchiale. Dal 1985 al 2003, Corina \u00e8 stata la cuoca dell\u2019asilo &#8220;Giovanni Paolo I&#8221;, aiutando le suore non solo in cucina ma anche nelle pulizie e nell\u2019organizzazione di eventi benefici. Anche dopo la pensione ha continuato a servire la comunit\u00e0 con generosit\u00e0. I funerali si terranno gioved\u00ec 30 gennaio alle 14:30 nella chiesa arcipretale di Canale, mentre il rosario sar\u00e0 recitato questa sera alle 20.<\/p>\n<\/div>\n<\/div>\n<\/div>\n<\/div>\n<\/div>\n<\/div>\n<p>&nbsp;<\/p>\n<p>&nbsp;<\/p>\n<hr \/>\n<p>&nbsp;<\/p>\n","protected":false},"excerpt":{"rendered":"<p>CANALE D&#8217;AGORDO Si \u00e8 spenta all\u2019et\u00e0 di 86 anni Corina Lorenzi, dopo essere stata ricoverata in coma per dieci giorni all\u2019ospedale Giovanni Paolo I di Agordo. La sua scomparsa lascia un profondo vuoto nella comunit\u00e0 di Canale, dove \u00e8 stata un punto di riferimento per il volontariato e l\u2019asilo parrocchiale. Dal 1985 al 2003, Corina&hellip;<\/p>\n","protected":false},"author":4,"featured_media":399384,"comment_status":"closed","ping_status":"closed","sticky":false,"template":"","format":"standard","meta":{"_monsterinsights_skip_tracking":false,"_monsterinsights_sitenote_active":false,"_monsterinsights_sitenote_note":"","_monsterinsights_sitenote_category":0,"footnotes":""},"categories":[51,49],"tags":[],"class_list":["post-431881","post","type-post","status-publish","format-standard","has-post-thumbnail","hentry","category-evidenza-top","category-news-18","category-51","category-49","description-off"],"img_url":"https:\/\/www.radiopiu.net\/wordpress\/wp-content\/uploads\/2024\/07\/Musal-e-piazza-Luciani.jpg","_links":{"self":[{"href":"https:\/\/www.radiopiu.net\/wordpress\/wp-json\/wp\/v2\/posts\/431881","targetHints":{"allow":["GET"]}}],"collection":[{"href":"https:\/\/www.radiopiu.net\/wordpress\/wp-json\/wp\/v2\/posts"}],"about":[{"href":"https:\/\/www.radiopiu.net\/wordpress\/wp-json\/wp\/v2\/types\/post"}],"author":[{"embeddable":true,"href":"https:\/\/www.radiopiu.net\/wordpress\/wp-json\/wp\/v2\/users\/4"}],"replies":[{"embeddable":true,"href":"https:\/\/www.radiopiu.net\/wordpress\/wp-json\/wp\/v2\/comments?post=431881"}],"version-history":[{"count":1,"href":"https:\/\/www.radiopiu.net\/wordpress\/wp-json\/wp\/v2\/posts\/431881\/revisions"}],"predecessor-version":[{"id":431882,"href":"https:\/\/www.radiopiu.net\/wordpress\/wp-json\/wp\/v2\/posts\/431881\/revisions\/431882"}],"wp:featuredmedia":[{"embeddable":true,"href":"https:\/\/www.radiopiu.net\/wordpress\/wp-json\/wp\/v2\/media\/399384"}],"wp:attachment":[{"href":"https:\/\/www.radiopiu.net\/wordpress\/wp-json\/wp\/v2\/media?parent=431881"}],"wp:term":[{"taxonomy":"category","embeddable":true,"href":"https:\/\/www.radiopiu.net\/wordpress\/wp-json\/wp\/v2\/categories?post=431881"},{"taxonomy":"post_tag","embeddable":true,"href":"https:\/\/www.radiopiu.net\/wordpress\/wp-json\/wp\/v2\/tags?post=431881"}],"curies":[{"name":"wp","href":"https:\/\/api.w.org\/{rel}","templated":true}]}}