{"id":432055,"date":"2025-01-30T05:56:26","date_gmt":"2025-01-30T04:56:26","guid":{"rendered":"https:\/\/www.radiopiu.net\/wordpress\/?p=432055"},"modified":"2025-01-30T07:24:48","modified_gmt":"2025-01-30T06:24:48","slug":"oggi-i-funerali-di-corina-amata-cuoca-dellasilo","status":"publish","type":"post","link":"https:\/\/www.radiopiu.net\/wordpress\/oggi-i-funerali-di-corina-amata-cuoca-dellasilo\/","title":{"rendered":"OGGI I FUNERALI DI CORINA amata cuoca dell\u2019asilo"},"content":{"rendered":"<blockquote>\n<h2>**<\/h2>\n<p>&nbsp;<\/p><\/blockquote>\n<p><strong><a class=\"dt-pswp-item\" href=\"https:\/\/www.radiopiu.net\/wordpress\/wp-content\/uploads\/2025\/01\/Senza-nome-101.png\" data-dt-img-description=\"\" data-large_image_width=\"308\" data-large_image_height=\"245\"><img loading=\"lazy\" decoding=\"async\" class=\"size-medium wp-image-432085 alignleft\" src=\"https:\/\/www.radiopiu.net\/wordpress\/wp-content\/uploads\/2025\/01\/Senza-nome-101-300x239.png\" alt=\"\" width=\"300\" height=\"239\" srcset=\"https:\/\/www.radiopiu.net\/wordpress\/wp-content\/uploads\/2025\/01\/Senza-nome-101-300x239.png 300w, https:\/\/www.radiopiu.net\/wordpress\/wp-content\/uploads\/2025\/01\/Senza-nome-101.png 308w\" sizes=\"auto, (max-width: 300px) 100vw, 300px\" \/><\/a>CANALE D&#8217;AGORDO<\/strong> Verranno celebrati OGGI,\u00a0 alle 14.30 nella chiesa arcipretale di Canale d\u2019Agordo i funerali di Corina Lorenzi, 86 anni, per anni cuoca nel doposcuola dell\u2019asilo. La sua morte, avvenuta luned\u00ec,\u00a0ha destato un cordoglio generale in paese\u00a0dove la donna era molto conosciuta e apprezzata in particolare per il ruolo ricoperto in tanti anni nella vita sociale canalina.<\/p>\n<blockquote><p>Ad esprimere il pensiero della comunit\u00e0 \u00e8 stato\u00a0 \u00a0Loris Serafini, amministratore unico della Fondazione Papa Luciani onlus e direttore del Musal. \u00abIn questi giorni\u00bb,\u00a0\u00a0ha scritto Serafini via social, \u00abho vissuto, da parte e rispettando il dolore dei tuoi cari, il travaglio della tua anima, ormai pronta per il Cielo. Ho un grande grazie da dirti dal profondo del cuore. Grazie per quello che mi hai educato da ragazzo come cuoca nel &#8220;doposcuola&#8221; all&#8217;asilo, grazie per quanto hai fatto per i bambini, per le nostre suore, per l&#8217;asilo, per la parrocchia, per la comunit\u00e0 e per la tua famiglia. Sei un grande esempio di vita vera, vissuta nell&#8217;umilt\u00e0 pi\u00f9 assoluta. Quelli e quelle come te sono i veri grandi del vangelo, i grandi della Terra\u00bb.<\/p><\/blockquote>\n<p>&nbsp;<\/p>\n<p>&nbsp;<\/p>\n<blockquote>\n<h2>A CORINA, NEL RICORDO DI JOHN FRANCIS DELLA PIETRA<\/h2>\n<\/blockquote>\n<p>CANALE D&#8217;AGORDO<\/p>\n<p><strong>audio<\/strong><\/p>\n<audio class=\"wp-audio-shortcode\" id=\"audio-432055-1\" preload=\"none\" style=\"width: 100%;\" controls=\"controls\"><source type=\"audio\/mpeg\" src=\"https:\/\/www.radiopiu.net\/wordpress\/wp-content\/uploads\/2025\/01\/john-corina.mp3?_=1\" \/><a href=\"https:\/\/www.radiopiu.net\/wordpress\/wp-content\/uploads\/2025\/01\/john-corina.mp3\">https:\/\/www.radiopiu.net\/wordpress\/wp-content\/uploads\/2025\/01\/john-corina.mp3<\/a><\/audio>\n<p>&nbsp;<\/p>\n<p>In questa giornata d un leggero gelo<br \/>\nSeppur limpida e serena sugli occhi di molti scende d una dola il velo<br \/>\nL ultimo terreno saluto<br \/>\nAccorato e un po dispiaciuto<br \/>\nA quella unanime definita istituzione<br \/>\nChe negl anni d impegno ha dato profusione<br \/>\nE nel sociale dedizione<br \/>\nForse le sue origine in una grande famiglia<br \/>\nL hanno preparata adeguatamente a sostenere della vita ogni parapiglia<br \/>\nIn quel anni all asilo parocchiale<br \/>\nDa aiutare in modo cos\u00ec speciale<br \/>\nC erano veramente tanti bambini affamati<br \/>\nE lei li ha sempre al meglio con quanto c era sistemati<br \/>\nAssieme alle religiose suore<br \/>\nA tanti adesso uomini e donne hanno dedicato le loro ore<br \/>\nChe oggi li vedrai qui quest esequie presenziare<br \/>\nPer ringraziare<br \/>\nHa anche portato avanti per molti anni<br \/>\nLa tradizionale pesca benefica di s Giovanni<br \/>\nNei campi negl orti nel bosco<br \/>\nIl suo lavoro assieme alle sorelle \u00e8 sempre stato tosto<br \/>\nHa allevato col marito Bruno figlie e figlio e badato ai nipoti<br \/>\nChe le son sempre stati devoti<br \/>\nIn chiesa orgogliosa presenza<br \/>\nAlla messa noteremo la sua assenza<br \/>\nLa rivedo felice e contenta<br \/>\nAlla funzione del mattino dei coscritti<br \/>\nIl primo giorno dell anno a scambiare con tutti i suoi auguri semplici ma dritti<br \/>\nSi cos\u00ec con quel bel affabile sorriso<br \/>\nRicorderemo sempre il tuo viso<br \/>\nGrazie Corina<\/p>\n<p>&nbsp;<\/p>\n<p>&nbsp;<\/p>\n<p>&nbsp;<\/p>\n<p>&nbsp;<\/p>\n<p>&nbsp;<\/p>\n<hr \/>\n<blockquote><p>&nbsp;<\/p><\/blockquote>\n","protected":false},"excerpt":{"rendered":"<p>** &nbsp; CANALE D&#8217;AGORDO Verranno celebrati OGGI,\u00a0 alle 14.30 nella chiesa arcipretale di Canale d\u2019Agordo i funerali di Corina Lorenzi, 86 anni, per anni cuoca nel doposcuola dell\u2019asilo. La sua morte, avvenuta luned\u00ec,\u00a0ha destato un cordoglio generale in paese\u00a0dove la donna era molto conosciuta e apprezzata in particolare per il ruolo ricoperto in tanti anni&hellip;<\/p>\n","protected":false},"author":4,"featured_media":432085,"comment_status":"closed","ping_status":"closed","sticky":false,"template":"","format":"standard","meta":{"_monsterinsights_skip_tracking":false,"_monsterinsights_sitenote_active":false,"_monsterinsights_sitenote_note":"","_monsterinsights_sitenote_category":0,"footnotes":""},"categories":[51,49],"tags":[],"class_list":["post-432055","post","type-post","status-publish","format-standard","has-post-thumbnail","hentry","category-evidenza-top","category-news-18","category-51","category-49","description-off"],"img_url":"https:\/\/www.radiopiu.net\/wordpress\/wp-content\/uploads\/2025\/01\/Senza-nome-101.png","_links":{"self":[{"href":"https:\/\/www.radiopiu.net\/wordpress\/wp-json\/wp\/v2\/posts\/432055","targetHints":{"allow":["GET"]}}],"collection":[{"href":"https:\/\/www.radiopiu.net\/wordpress\/wp-json\/wp\/v2\/posts"}],"about":[{"href":"https:\/\/www.radiopiu.net\/wordpress\/wp-json\/wp\/v2\/types\/post"}],"author":[{"embeddable":true,"href":"https:\/\/www.radiopiu.net\/wordpress\/wp-json\/wp\/v2\/users\/4"}],"replies":[{"embeddable":true,"href":"https:\/\/www.radiopiu.net\/wordpress\/wp-json\/wp\/v2\/comments?post=432055"}],"version-history":[{"count":3,"href":"https:\/\/www.radiopiu.net\/wordpress\/wp-json\/wp\/v2\/posts\/432055\/revisions"}],"predecessor-version":[{"id":432088,"href":"https:\/\/www.radiopiu.net\/wordpress\/wp-json\/wp\/v2\/posts\/432055\/revisions\/432088"}],"wp:featuredmedia":[{"embeddable":true,"href":"https:\/\/www.radiopiu.net\/wordpress\/wp-json\/wp\/v2\/media\/432085"}],"wp:attachment":[{"href":"https:\/\/www.radiopiu.net\/wordpress\/wp-json\/wp\/v2\/media?parent=432055"}],"wp:term":[{"taxonomy":"category","embeddable":true,"href":"https:\/\/www.radiopiu.net\/wordpress\/wp-json\/wp\/v2\/categories?post=432055"},{"taxonomy":"post_tag","embeddable":true,"href":"https:\/\/www.radiopiu.net\/wordpress\/wp-json\/wp\/v2\/tags?post=432055"}],"curies":[{"name":"wp","href":"https:\/\/api.w.org\/{rel}","templated":true}]}}