{"id":432134,"date":"2025-01-31T05:10:27","date_gmt":"2025-01-31T04:10:27","guid":{"rendered":"https:\/\/www.radiopiu.net\/wordpress\/?p=432134"},"modified":"2025-01-31T05:32:15","modified_gmt":"2025-01-31T04:32:15","slug":"commissariato-il-comitato-regionale-fisi-veneto","status":"publish","type":"post","link":"https:\/\/www.radiopiu.net\/wordpress\/commissariato-il-comitato-regionale-fisi-veneto\/","title":{"rendered":"COMMISSARIATO IL COMITATO REGIONALE FISI VENETO"},"content":{"rendered":"<p>******<\/p>\n<p>&nbsp;<\/p>\n<p><a class=\"dt-pswp-item\" href=\"https:\/\/www.radiopiu.net\/wordpress\/wp-content\/uploads\/2021\/07\/FISI-VENETO.png\" data-dt-img-description=\"\" data-large_image_width=\"1094\" data-large_image_height=\"704\"><img loading=\"lazy\" decoding=\"async\" class=\" wp-image-220170 alignleft\" src=\"https:\/\/www.radiopiu.net\/wordpress\/wp-content\/uploads\/2021\/07\/FISI-VENETO-300x193.png\" alt=\"\" width=\"162\" height=\"104\" srcset=\"https:\/\/www.radiopiu.net\/wordpress\/wp-content\/uploads\/2021\/07\/FISI-VENETO-300x193.png 300w, https:\/\/www.radiopiu.net\/wordpress\/wp-content\/uploads\/2021\/07\/FISI-VENETO-1024x659.png 1024w, https:\/\/www.radiopiu.net\/wordpress\/wp-content\/uploads\/2021\/07\/FISI-VENETO-768x494.png 768w, https:\/\/www.radiopiu.net\/wordpress\/wp-content\/uploads\/2021\/07\/FISI-VENETO.png 1094w\" sizes=\"auto, (max-width: 162px) 100vw, 162px\" \/><\/a>Il Consiglio Federale della FISI ha commissariato il Comitato Regionale FISI Veneto, rimuovendo il presidente Roberto Visentin, eletto nel 2022. La gestione transitoria \u00e8 stata affidata a Stefano Longo come Commissario e a Carlo Dal Pozzo come Vice-Commissario. Il loro compito sar\u00e0 garantire continuit\u00e0 amministrativa e convocare entro due mesi un\u2019assemblea straordinaria per eleggere il nuovo Comitato. Il Collegio dei Revisori dei Conti manterr\u00e0 il proprio incarico per vigilare sulla gestione economica. Il commissariamento rappresenta un cambiamento significativo per il Comitato Veneto, con l\u2019obiettivo di assicurare un\u2019amministrazione efficace e conforme alle norme federali. Restano da chiarire le motivazioni della decisione e gli sviluppi futuri.<\/p>\n<p>&nbsp;<\/p>\n<p>&nbsp;<\/p>\n<p>&nbsp;<\/p>\n<p>********<\/p>\n","protected":false},"excerpt":{"rendered":"<p>****** &nbsp; Il Consiglio Federale della FISI ha commissariato il Comitato Regionale FISI Veneto, rimuovendo il presidente Roberto Visentin, eletto nel 2022. La gestione transitoria \u00e8 stata affidata a Stefano Longo come Commissario e a Carlo Dal Pozzo come Vice-Commissario. Il loro compito sar\u00e0 garantire continuit\u00e0 amministrativa e convocare entro due mesi un\u2019assemblea straordinaria per&hellip;<\/p>\n","protected":false},"author":4,"featured_media":220170,"comment_status":"closed","ping_status":"closed","sticky":false,"template":"","format":"standard","meta":{"_monsterinsights_skip_tracking":false,"_monsterinsights_sitenote_active":false,"_monsterinsights_sitenote_note":"","_monsterinsights_sitenote_category":0,"footnotes":""},"categories":[51,49],"tags":[],"class_list":["post-432134","post","type-post","status-publish","format-standard","has-post-thumbnail","hentry","category-evidenza-top","category-news-18","category-51","category-49","description-off"],"img_url":"https:\/\/www.radiopiu.net\/wordpress\/wp-content\/uploads\/2021\/07\/FISI-VENETO.png","_links":{"self":[{"href":"https:\/\/www.radiopiu.net\/wordpress\/wp-json\/wp\/v2\/posts\/432134","targetHints":{"allow":["GET"]}}],"collection":[{"href":"https:\/\/www.radiopiu.net\/wordpress\/wp-json\/wp\/v2\/posts"}],"about":[{"href":"https:\/\/www.radiopiu.net\/wordpress\/wp-json\/wp\/v2\/types\/post"}],"author":[{"embeddable":true,"href":"https:\/\/www.radiopiu.net\/wordpress\/wp-json\/wp\/v2\/users\/4"}],"replies":[{"embeddable":true,"href":"https:\/\/www.radiopiu.net\/wordpress\/wp-json\/wp\/v2\/comments?post=432134"}],"version-history":[{"count":1,"href":"https:\/\/www.radiopiu.net\/wordpress\/wp-json\/wp\/v2\/posts\/432134\/revisions"}],"predecessor-version":[{"id":432135,"href":"https:\/\/www.radiopiu.net\/wordpress\/wp-json\/wp\/v2\/posts\/432134\/revisions\/432135"}],"wp:featuredmedia":[{"embeddable":true,"href":"https:\/\/www.radiopiu.net\/wordpress\/wp-json\/wp\/v2\/media\/220170"}],"wp:attachment":[{"href":"https:\/\/www.radiopiu.net\/wordpress\/wp-json\/wp\/v2\/media?parent=432134"}],"wp:term":[{"taxonomy":"category","embeddable":true,"href":"https:\/\/www.radiopiu.net\/wordpress\/wp-json\/wp\/v2\/categories?post=432134"},{"taxonomy":"post_tag","embeddable":true,"href":"https:\/\/www.radiopiu.net\/wordpress\/wp-json\/wp\/v2\/tags?post=432134"}],"curies":[{"name":"wp","href":"https:\/\/api.w.org\/{rel}","templated":true}]}}