{"id":432185,"date":"2025-01-31T02:00:48","date_gmt":"2025-01-31T01:00:48","guid":{"rendered":"https:\/\/www.radiopiu.net\/wordpress\/?p=432185"},"modified":"2025-01-31T05:29:33","modified_gmt":"2025-01-31T04:29:33","slug":"due-feriti-nellincidente-di-questa-mattina-a-falcade","status":"publish","type":"post","link":"https:\/\/www.radiopiu.net\/wordpress\/due-feriti-nellincidente-di-questa-mattina-a-falcade\/","title":{"rendered":"DUE FERITI NELL&#8217;INCIDENTE DI QUESTA MATTINA A FALCADE"},"content":{"rendered":"<p>***<\/p>\n<p><strong><img loading=\"lazy\" decoding=\"async\" class=\"alignleft\" src=\"https:\/\/www.radiopiu.net\/wordpress\/wp-content\/uploads\/2020\/08\/CROCE-VERDE-VAL-BIOIS.jpg\" width=\"148\" height=\"111\" \/>ALPAGO\u00a0<\/strong> Sono due gli interventi del Suem 118, entrambi alle 8.30 del mattino. In Alpago l&#8217;accoppiata del personale dell&#8217; ambulanza dei volontari ed elicottero Falco, ha soccorso una 41enne colto da malore. L&#8217;uomo di Roncade \u00e8 stato assistito al San Martino di Belluno dove \u00e8 entrata con con codice di media gravit\u00e0.<br \/>\n<strong>FALCADE<\/strong> incidente stradale con due persone ferite. Un uomo di 53 anni di Modena \u00e8 stato portato al Papa Luciani di Agordo in condizioni di media gravit\u00e0, ferita in modo lieve una 26enne di Falcade trasportato per accertamenti al Pronto Soccorso dalla Croce Verde Val Biois.<\/p>\n<p><strong>Nel pomeriggio,<\/strong> tre gli interventi in pista, ad Arabba ( un minore di Roma elitrasportato a Belluno dalla Eli Treviso, codice 2). A Cortina soccorso un 33enne americano, anche egli in ospedale con un codice di media gravit\u00e0 come il 45enne tedesco caduto in pista ad Arabba, intervenuto l&#8217;Aiut Alpin.<\/p>\n<p>&nbsp;<\/p>\n<p>:_\u00e7_<\/p>\n","protected":false},"excerpt":{"rendered":"<p>*** ALPAGO\u00a0 Sono due gli interventi del Suem 118, entrambi alle 8.30 del mattino. In Alpago l&#8217;accoppiata del personale dell&#8217; ambulanza dei volontari ed elicottero Falco, ha soccorso una 41enne colto da malore. L&#8217;uomo di Roncade \u00e8 stato assistito al San Martino di Belluno dove \u00e8 entrata con con codice di media gravit\u00e0. FALCADE incidente&hellip;<\/p>\n","protected":false},"author":4,"featured_media":153811,"comment_status":"closed","ping_status":"closed","sticky":false,"template":"","format":"standard","meta":{"_monsterinsights_skip_tracking":false,"_monsterinsights_sitenote_active":false,"_monsterinsights_sitenote_note":"","_monsterinsights_sitenote_category":0,"footnotes":""},"categories":[104,49],"tags":[],"class_list":["post-432185","post","type-post","status-publish","format-standard","has-post-thumbnail","hentry","category-evidenza_3","category-news-18","category-104","category-49","description-off"],"img_url":"https:\/\/www.radiopiu.net\/wordpress\/wp-content\/uploads\/2020\/08\/CROCE-VERDE-VAL-BIOIS.jpg","_links":{"self":[{"href":"https:\/\/www.radiopiu.net\/wordpress\/wp-json\/wp\/v2\/posts\/432185","targetHints":{"allow":["GET"]}}],"collection":[{"href":"https:\/\/www.radiopiu.net\/wordpress\/wp-json\/wp\/v2\/posts"}],"about":[{"href":"https:\/\/www.radiopiu.net\/wordpress\/wp-json\/wp\/v2\/types\/post"}],"author":[{"embeddable":true,"href":"https:\/\/www.radiopiu.net\/wordpress\/wp-json\/wp\/v2\/users\/4"}],"replies":[{"embeddable":true,"href":"https:\/\/www.radiopiu.net\/wordpress\/wp-json\/wp\/v2\/comments?post=432185"}],"version-history":[{"count":6,"href":"https:\/\/www.radiopiu.net\/wordpress\/wp-json\/wp\/v2\/posts\/432185\/revisions"}],"predecessor-version":[{"id":432202,"href":"https:\/\/www.radiopiu.net\/wordpress\/wp-json\/wp\/v2\/posts\/432185\/revisions\/432202"}],"wp:featuredmedia":[{"embeddable":true,"href":"https:\/\/www.radiopiu.net\/wordpress\/wp-json\/wp\/v2\/media\/153811"}],"wp:attachment":[{"href":"https:\/\/www.radiopiu.net\/wordpress\/wp-json\/wp\/v2\/media?parent=432185"}],"wp:term":[{"taxonomy":"category","embeddable":true,"href":"https:\/\/www.radiopiu.net\/wordpress\/wp-json\/wp\/v2\/categories?post=432185"},{"taxonomy":"post_tag","embeddable":true,"href":"https:\/\/www.radiopiu.net\/wordpress\/wp-json\/wp\/v2\/tags?post=432185"}],"curies":[{"name":"wp","href":"https:\/\/api.w.org\/{rel}","templated":true}]}}