{"id":432193,"date":"2025-01-30T16:49:20","date_gmt":"2025-01-30T15:49:20","guid":{"rendered":"https:\/\/www.radiopiu.net\/wordpress\/?p=432193"},"modified":"2025-01-31T05:32:54","modified_gmt":"2025-01-31T04:32:54","slug":"longarone-fiere-dolomiti-nominato-il-nuovo-consiglio-di-amministrazione","status":"publish","type":"post","link":"https:\/\/www.radiopiu.net\/wordpress\/longarone-fiere-dolomiti-nominato-il-nuovo-consiglio-di-amministrazione\/","title":{"rendered":"Longarone Fiere Dolomiti: nominato il nuovo Consiglio di Amministrazione"},"content":{"rendered":"<blockquote>\n<h3><strong><a class=\"dt-pswp-item\" href=\"https:\/\/www.radiopiu.net\/wordpress\/wp-content\/uploads\/2021\/05\/LONGARONE-FIERE.jpg\" data-dt-img-description=\"\" data-large_image_width=\"556\" data-large_image_height=\"220\"><img loading=\"lazy\" decoding=\"async\" class=\" wp-image-207549 alignleft\" src=\"https:\/\/www.radiopiu.net\/wordpress\/wp-content\/uploads\/2021\/05\/LONGARONE-FIERE-300x119.jpg\" alt=\"\" width=\"262\" height=\"104\" srcset=\"https:\/\/www.radiopiu.net\/wordpress\/wp-content\/uploads\/2021\/05\/LONGARONE-FIERE-300x119.jpg 300w, https:\/\/www.radiopiu.net\/wordpress\/wp-content\/uploads\/2021\/05\/LONGARONE-FIERE.jpg 556w\" sizes=\"auto, (max-width: 262px) 100vw, 262px\" \/><\/a><br \/>\n<\/strong><\/h3>\n<\/blockquote>\n<p><strong>LONGARONE<\/strong> \u00c8 stato ufficialmente nominato oggi il nuovo Consiglio di Amministrazione di Longarone Fiere Dolomiti, con la designazione delle figure indicate dai soci. Alla presidenza della societ\u00e0 \u00e8 stata nominata Caterina Carrer, mentre il ruolo di vicepresidente \u00e8 stato affidato a Franco Conzato. Completano il cda i consiglieri Chiara Bortolas, Giovanni De Lorenzi e Michele Dal Farra. Il nuovo gruppo dirigente \u00e8 gi\u00e0 operativo e al lavoro per garantire il massimo impegno nell\u2019organizzazione delle fiere in programma nei prossimi mesi. Tra i primi appuntamenti in calendario c\u2019\u00e8 la manifestazione \u201cCostruire\u201d, che si svolger\u00e0 nei weekend del 15-16 e 21-22-23 febbraio. Longarone Fiere Dolomiti si conferma un punto di riferimento per il settore fieristico regionale e nazionale, con un team di amministratori pronti a consolidare e sviluppare ulteriormente il ruolo della societ\u00e0 nel panorama degli eventi espositivi.<\/p>\n<p><em>&#8220;La Fiera di Longarone si conferma un attore chiave nel mercato fieristico, con ricadute su industria, commercio e turismo. L\u2019obiettivo \u00e8 rafforzare il ruolo della Fiera come polo strategico per l\u2019intero Veneto, specie in vista delle Olimpiadi 2026&#8221;.<\/em> Il presidente Padrin ringrazia il cda uscente e auspica un futuro di crescita.<\/p>\n<p><em>&#8220;Buon lavoro\u00a0 al nuovo board di Longarone Fiere. A un anno da MilanoCortina2026 e a tre dalle Olimpiadi giovanili 2028, questo consiglio di amministrazione composto da quattro persone di grandissimo profilo si trover\u00e0 a gestire sfide importanti e nuovi eventi che ne consolideranno le rassegne storiche\u201d. <\/em>E\u2019 l\u2019augurio di buon lavoro che il presidente della Regione Luca Zaia rivolge al nuovo cda di Longarone Fiere Dolomiti, nominato oggi dall\u2019assemblea dei soci.<\/p>\n<p>&nbsp;<\/p>\n","protected":false},"excerpt":{"rendered":"<p>LONGARONE \u00c8 stato ufficialmente nominato oggi il nuovo Consiglio di Amministrazione di Longarone Fiere Dolomiti, con la designazione delle figure indicate dai soci. Alla presidenza della societ\u00e0 \u00e8 stata nominata Caterina Carrer, mentre il ruolo di vicepresidente \u00e8 stato affidato a Franco Conzato. Completano il cda i consiglieri Chiara Bortolas, Giovanni De Lorenzi e Michele&hellip;<\/p>\n","protected":false},"author":4,"featured_media":207549,"comment_status":"closed","ping_status":"closed","sticky":false,"template":"","format":"standard","meta":{"_monsterinsights_skip_tracking":false,"_monsterinsights_sitenote_active":false,"_monsterinsights_sitenote_note":"","_monsterinsights_sitenote_category":0,"footnotes":""},"categories":[104,49],"tags":[],"class_list":["post-432193","post","type-post","status-publish","format-standard","has-post-thumbnail","hentry","category-evidenza_3","category-news-18","category-104","category-49","description-off"],"img_url":"https:\/\/www.radiopiu.net\/wordpress\/wp-content\/uploads\/2021\/05\/LONGARONE-FIERE.jpg","_links":{"self":[{"href":"https:\/\/www.radiopiu.net\/wordpress\/wp-json\/wp\/v2\/posts\/432193","targetHints":{"allow":["GET"]}}],"collection":[{"href":"https:\/\/www.radiopiu.net\/wordpress\/wp-json\/wp\/v2\/posts"}],"about":[{"href":"https:\/\/www.radiopiu.net\/wordpress\/wp-json\/wp\/v2\/types\/post"}],"author":[{"embeddable":true,"href":"https:\/\/www.radiopiu.net\/wordpress\/wp-json\/wp\/v2\/users\/4"}],"replies":[{"embeddable":true,"href":"https:\/\/www.radiopiu.net\/wordpress\/wp-json\/wp\/v2\/comments?post=432193"}],"version-history":[{"count":6,"href":"https:\/\/www.radiopiu.net\/wordpress\/wp-json\/wp\/v2\/posts\/432193\/revisions"}],"predecessor-version":[{"id":432208,"href":"https:\/\/www.radiopiu.net\/wordpress\/wp-json\/wp\/v2\/posts\/432193\/revisions\/432208"}],"wp:featuredmedia":[{"embeddable":true,"href":"https:\/\/www.radiopiu.net\/wordpress\/wp-json\/wp\/v2\/media\/207549"}],"wp:attachment":[{"href":"https:\/\/www.radiopiu.net\/wordpress\/wp-json\/wp\/v2\/media?parent=432193"}],"wp:term":[{"taxonomy":"category","embeddable":true,"href":"https:\/\/www.radiopiu.net\/wordpress\/wp-json\/wp\/v2\/categories?post=432193"},{"taxonomy":"post_tag","embeddable":true,"href":"https:\/\/www.radiopiu.net\/wordpress\/wp-json\/wp\/v2\/tags?post=432193"}],"curies":[{"name":"wp","href":"https:\/\/api.w.org\/{rel}","templated":true}]}}