{"id":432210,"date":"2025-01-31T05:15:37","date_gmt":"2025-01-31T04:15:37","guid":{"rendered":"https:\/\/www.radiopiu.net\/wordpress\/?p=432210"},"modified":"2025-01-31T05:31:57","modified_gmt":"2025-01-31T04:31:57","slug":"olimpiadi-invernali-giovanili-dolomiti-valtellina-2028-videodichiarazione-del-presidente-zaia","status":"publish","type":"post","link":"https:\/\/www.radiopiu.net\/wordpress\/olimpiadi-invernali-giovanili-dolomiti-valtellina-2028-videodichiarazione-del-presidente-zaia\/","title":{"rendered":"Olimpiadi Invernali Giovanili, \u201cDolomiti Valtellina 2028\u201d. Videodichiarazione del presidente Zaia"},"content":{"rendered":"<p>***<\/p>\n<p>Dal 15 al 29 gennaio 2028, protagonisti giovani atleti tra i 15 e i 18 anni da tutto il mondo. Cortina ospiter\u00e0 le gare di bob, skeleton, slittino e curling. Saranno usati gli impianti dello Sliding Center e dello Stadio Olimpico, gi\u00e0 previsti per Milano Cortina 2026. Cortina d\u2019Ampezzo avr\u00e0 un ruolo centrale con\u00a0 gli impianti dello Sliding Center e dello Stadio Olimpico, gi\u00e0 previsti per Milano Cortina 2026<\/p>\n<blockquote>\n<h1>dichiarazione del Presidente della Regione del Veneto, Luca Zaia, sull\u2019assegnazione all\u2019Italia delle Olimpiadi Giovanili Invernali 2028.<\/h1>\n<\/blockquote>\n<div style=\"width: 1200px;\" class=\"wp-video\"><video class=\"wp-video-shortcode\" id=\"video-432210-1\" width=\"1200\" height=\"675\" preload=\"metadata\" controls=\"controls\"><source type=\"video\/mp4\" src=\"https:\/\/www.radiopiu.net\/wordpress\/wp-content\/uploads\/2025\/01\/Video-Zaia-Olimpiadi-Giovanili-invernali.mp4?_=1\" \/><a href=\"https:\/\/www.radiopiu.net\/wordpress\/wp-content\/uploads\/2025\/01\/Video-Zaia-Olimpiadi-Giovanili-invernali.mp4\">https:\/\/www.radiopiu.net\/wordpress\/wp-content\/uploads\/2025\/01\/Video-Zaia-Olimpiadi-Giovanili-invernali.mp4<\/a><\/video><\/div>\n<p>&nbsp;<\/p>\n<p><strong>IL PRESIDENTE DELLA PROVINCIA ROBERTO PADRIN\u00a0<\/strong><\/p>\n<p><span style=\"font-size: large;\">\u00abSe non avessimo ottenuto le Olimpiadi 2026 a Milano Cortina e non fosse stato messo a terra tutto il lavoro che vediamo in questi mesi per il grande evento, avremmo forse avuto occasioni nel giro di due anni per ospitare un\u2019altra manifestazione planetaria? Credo proprio di no. Il fatto che gli investimenti sportivi per Cortina avranno un utilizzo anche dopo i Giochi 2026 \u00e8 oggi realt\u00e0. E dovremo lavorare perch\u00e9 lo sia anche dopo il 2028. Ma sono certo che la capacit\u00e0 organizzativa dell\u2019Italia, oggi confermata dal Cio con la decisione assunta a Losanna, sar\u00e0 in grado di dare risposte in tal senso\u00bb.<span class=\"gmail-Apple-converted-space\">\u00a0<\/span><\/span><\/p>\n<p>&nbsp;<\/p>\n<hr \/>\n<p>&nbsp;<\/p>\n","protected":false},"excerpt":{"rendered":"<p>*** Dal 15 al 29 gennaio 2028, protagonisti giovani atleti tra i 15 e i 18 anni da tutto il mondo. Cortina ospiter\u00e0 le gare di bob, skeleton, slittino e curling. Saranno usati gli impianti dello Sliding Center e dello Stadio Olimpico, gi\u00e0 previsti per Milano Cortina 2026. Cortina d\u2019Ampezzo avr\u00e0 un ruolo centrale con\u00a0&hellip;<\/p>\n","protected":false},"author":4,"featured_media":432211,"comment_status":"closed","ping_status":"closed","sticky":false,"template":"","format":"standard","meta":{"_monsterinsights_skip_tracking":false,"_monsterinsights_sitenote_active":false,"_monsterinsights_sitenote_note":"","_monsterinsights_sitenote_category":0,"footnotes":""},"categories":[51,49],"tags":[],"class_list":["post-432210","post","type-post","status-publish","format-standard","has-post-thumbnail","hentry","category-evidenza-top","category-news-18","category-51","category-49","description-off"],"img_url":"https:\/\/www.radiopiu.net\/wordpress\/wp-content\/uploads\/2025\/01\/download-13.jpg","_links":{"self":[{"href":"https:\/\/www.radiopiu.net\/wordpress\/wp-json\/wp\/v2\/posts\/432210","targetHints":{"allow":["GET"]}}],"collection":[{"href":"https:\/\/www.radiopiu.net\/wordpress\/wp-json\/wp\/v2\/posts"}],"about":[{"href":"https:\/\/www.radiopiu.net\/wordpress\/wp-json\/wp\/v2\/types\/post"}],"author":[{"embeddable":true,"href":"https:\/\/www.radiopiu.net\/wordpress\/wp-json\/wp\/v2\/users\/4"}],"replies":[{"embeddable":true,"href":"https:\/\/www.radiopiu.net\/wordpress\/wp-json\/wp\/v2\/comments?post=432210"}],"version-history":[{"count":3,"href":"https:\/\/www.radiopiu.net\/wordpress\/wp-json\/wp\/v2\/posts\/432210\/revisions"}],"predecessor-version":[{"id":432229,"href":"https:\/\/www.radiopiu.net\/wordpress\/wp-json\/wp\/v2\/posts\/432210\/revisions\/432229"}],"wp:featuredmedia":[{"embeddable":true,"href":"https:\/\/www.radiopiu.net\/wordpress\/wp-json\/wp\/v2\/media\/432211"}],"wp:attachment":[{"href":"https:\/\/www.radiopiu.net\/wordpress\/wp-json\/wp\/v2\/media?parent=432210"}],"wp:term":[{"taxonomy":"category","embeddable":true,"href":"https:\/\/www.radiopiu.net\/wordpress\/wp-json\/wp\/v2\/categories?post=432210"},{"taxonomy":"post_tag","embeddable":true,"href":"https:\/\/www.radiopiu.net\/wordpress\/wp-json\/wp\/v2\/tags?post=432210"}],"curies":[{"name":"wp","href":"https:\/\/api.w.org\/{rel}","templated":true}]}}