{"id":432216,"date":"2025-01-30T18:02:03","date_gmt":"2025-01-30T17:02:03","guid":{"rendered":"https:\/\/www.radiopiu.net\/wordpress\/?p=432216"},"modified":"2025-01-31T05:33:18","modified_gmt":"2025-01-31T04:33:18","slug":"ulss-informa-zaia-a-belluno-lavori-a-feltre","status":"publish","type":"post","link":"https:\/\/www.radiopiu.net\/wordpress\/ulss-informa-zaia-a-belluno-lavori-a-feltre\/","title":{"rendered":"ULSS INFORMA: ZAIA A BELLUNO, LAVORI A FELTRE"},"content":{"rendered":"<blockquote><p><strong>**<\/strong><\/p>\n<p><strong>\u00a0<\/strong><\/p>\n<p><strong><br \/>\n<a class=\"dt-pswp-item\" href=\"https:\/\/www.radiopiu.net\/wordpress\/wp-content\/uploads\/2025\/01\/ULSS1.png\" data-dt-img-description=\"\" data-large_image_width=\"649\" data-large_image_height=\"401\"><img loading=\"lazy\" decoding=\"async\" class=\"wp-image-432215 alignleft\" src=\"https:\/\/www.radiopiu.net\/wordpress\/wp-content\/uploads\/2025\/01\/ULSS1-300x185.png\" alt=\"\" width=\"170\" height=\"105\" srcset=\"https:\/\/www.radiopiu.net\/wordpress\/wp-content\/uploads\/2025\/01\/ULSS1-300x185.png 300w, https:\/\/www.radiopiu.net\/wordpress\/wp-content\/uploads\/2025\/01\/ULSS1.png 649w\" sizes=\"auto, (max-width: 170px) 100vw, 170px\" \/><\/a>Inaugurazione della sala ibrida e di emodinamica all\u2019Ospedale San Martino<\/strong><\/p><\/blockquote>\n<p><strong>BELLUNO<\/strong> Luned\u00ec 3 febbraio 2025, alle 11.30, presso la Sala Convegni dell\u2019Ospedale San Martino di Belluno, si terr\u00e0 l\u2019inaugurazione della nuova sala ibrida e della sala di emodinamica. Presenti il Presidente della Regione Veneto, Luca Zaia, e il Commissario Ulss 1 Dolomiti, Giuseppe Dal Ben.<\/p>\n<div class=\"flex-shrink-0 flex flex-col relative items-end\">\n<div>\n<div class=\"pt-0\">\n<div class=\"gizmo-bot-avatar flex h-8 w-8 items-center justify-center overflow-hidden rounded-full\">\n<div class=\"relative p-1 rounded-sm flex items-center justify-center bg-token-main-surface-primary text-token-text-primary h-8 w-8\"><\/div>\n<\/div>\n<\/div>\n<\/div>\n<\/div>\n<div class=\"group\/conversation-turn relative flex w-full min-w-0 flex-col agent-turn\">\n<div class=\"flex-col gap-1 md:gap-3\">\n<div class=\"flex max-w-full flex-col flex-grow\">\n<div class=\"min-h-8 text-message flex w-full flex-col items-end gap-2 whitespace-normal break-words text-start [.text-message+&amp;]:mt-5\" dir=\"auto\" data-message-author-role=\"assistant\" data-message-id=\"ba574ef9-a25e-474b-8ca3-a82c1b1222fa\" data-message-model-slug=\"gpt-4o\">\n<div class=\"flex w-full flex-col gap-1 empty:hidden first:pt-[3px]\">\n<div class=\"markdown prose w-full break-words dark:prose-invert dark\">\n<blockquote><p><strong><a class=\"dt-pswp-item\" href=\"https:\/\/www.radiopiu.net\/wordpress\/wp-content\/uploads\/2023\/05\/ospedale-di-feltre.jpeg\" data-dt-img-description=\"\" data-large_image_width=\"650\" data-large_image_height=\"463\"><img loading=\"lazy\" decoding=\"async\" class=\"wp-image-336242 alignleft\" src=\"https:\/\/www.radiopiu.net\/wordpress\/wp-content\/uploads\/2023\/05\/ospedale-di-feltre-300x214.jpeg\" alt=\"\" width=\"163\" height=\"116\" srcset=\"https:\/\/www.radiopiu.net\/wordpress\/wp-content\/uploads\/2023\/05\/ospedale-di-feltre-300x214.jpeg 300w, https:\/\/www.radiopiu.net\/wordpress\/wp-content\/uploads\/2023\/05\/ospedale-di-feltre.jpeg 650w\" sizes=\"auto, (max-width: 163px) 100vw, 163px\" \/><\/a>Ospedale di Feltre: al via il secondo stralcio della pensilina d\u2019ingresso<\/strong><\/p><\/blockquote>\n<p><strong>FELTRE<\/strong> Luned\u00ec 3 febbraio iniziano i lavori per il secondo stralcio della pensilina all\u2019ospedale di Feltre. Fino ad aprile 2025, modifiche alla viabilit\u00e0: garantito l\u2019accesso pedonale, interdetto quello veicolare. Disponibili parcheggi per disabili e soluzioni per accompagnatori di persone con difficolt\u00e0 motorie.<\/p>\n<\/div>\n<\/div>\n<\/div>\n<\/div>\n<\/div>\n<\/div>\n<p>&nbsp;<\/p>\n<p><span style=\"color: #ff0000;\"><strong>SAN BIAGIO IN OTORINOLARINGOIATRIA<\/strong><\/span><\/p>\n<p><strong>Come da tradizione, luned\u00ec 3 febbraio alle 18.00 all&#8217;ospedale San Martino di Belluno nell&#8217;unit\u00e0 operativa di Otorinolaringoiatria sar\u00e0 celebrata una messa in onore di San Biagio<\/strong><\/p>\n<p>&nbsp;<\/p>\n<hr \/>\n<p>&nbsp;<\/p>\n","protected":false},"excerpt":{"rendered":"<p>** \u00a0 Inaugurazione della sala ibrida e di emodinamica all\u2019Ospedale San Martino BELLUNO Luned\u00ec 3 febbraio 2025, alle 11.30, presso la Sala Convegni dell\u2019Ospedale San Martino di Belluno, si terr\u00e0 l\u2019inaugurazione della nuova sala ibrida e della sala di emodinamica. Presenti il Presidente della Regione Veneto, Luca Zaia, e il Commissario Ulss 1 Dolomiti, Giuseppe&hellip;<\/p>\n","protected":false},"author":4,"featured_media":57211,"comment_status":"closed","ping_status":"closed","sticky":false,"template":"","format":"standard","meta":{"_monsterinsights_skip_tracking":false,"_monsterinsights_sitenote_active":false,"_monsterinsights_sitenote_note":"","_monsterinsights_sitenote_category":0,"footnotes":""},"categories":[51,49],"tags":[],"class_list":["post-432216","post","type-post","status-publish","format-standard","has-post-thumbnail","hentry","category-evidenza-top","category-news-18","category-51","category-49","description-off"],"img_url":"https:\/\/www.radiopiu.net\/wordpress\/wp-content\/uploads\/2018\/08\/ULSS1-DOLOMITI.jpeg","_links":{"self":[{"href":"https:\/\/www.radiopiu.net\/wordpress\/wp-json\/wp\/v2\/posts\/432216","targetHints":{"allow":["GET"]}}],"collection":[{"href":"https:\/\/www.radiopiu.net\/wordpress\/wp-json\/wp\/v2\/posts"}],"about":[{"href":"https:\/\/www.radiopiu.net\/wordpress\/wp-json\/wp\/v2\/types\/post"}],"author":[{"embeddable":true,"href":"https:\/\/www.radiopiu.net\/wordpress\/wp-json\/wp\/v2\/users\/4"}],"replies":[{"embeddable":true,"href":"https:\/\/www.radiopiu.net\/wordpress\/wp-json\/wp\/v2\/comments?post=432216"}],"version-history":[{"count":2,"href":"https:\/\/www.radiopiu.net\/wordpress\/wp-json\/wp\/v2\/posts\/432216\/revisions"}],"predecessor-version":[{"id":432227,"href":"https:\/\/www.radiopiu.net\/wordpress\/wp-json\/wp\/v2\/posts\/432216\/revisions\/432227"}],"wp:featuredmedia":[{"embeddable":true,"href":"https:\/\/www.radiopiu.net\/wordpress\/wp-json\/wp\/v2\/media\/57211"}],"wp:attachment":[{"href":"https:\/\/www.radiopiu.net\/wordpress\/wp-json\/wp\/v2\/media?parent=432216"}],"wp:term":[{"taxonomy":"category","embeddable":true,"href":"https:\/\/www.radiopiu.net\/wordpress\/wp-json\/wp\/v2\/categories?post=432216"},{"taxonomy":"post_tag","embeddable":true,"href":"https:\/\/www.radiopiu.net\/wordpress\/wp-json\/wp\/v2\/tags?post=432216"}],"curies":[{"name":"wp","href":"https:\/\/api.w.org\/{rel}","templated":true}]}}