{"id":432245,"date":"2025-01-31T04:00:09","date_gmt":"2025-01-31T03:00:09","guid":{"rendered":"https:\/\/www.radiopiu.net\/wordpress\/?p=432245"},"modified":"2025-01-31T05:28:44","modified_gmt":"2025-01-31T04:28:44","slug":"capitano-degli-alpini-a-processo-per-stalking-su-un-commilitone","status":"publish","type":"post","link":"https:\/\/www.radiopiu.net\/wordpress\/capitano-degli-alpini-a-processo-per-stalking-su-un-commilitone\/","title":{"rendered":"Capitano degli Alpini a processo per stalking su un commilitone"},"content":{"rendered":"<p>**<\/p>\n<p><strong>LA GIUDIZIARIA OGGI<\/strong><br \/>\n<strong>DAL CORRIERE DELLE ALPI<\/strong><\/p>\n<p><strong>SINTESI, ARTICOLI DI GIGI SOSSO\u00a0<\/strong><\/p>\n<div class=\"flex-shrink-0 flex flex-col relative items-end\">\n<div class=\"pt-0\">\n<p><a href=\"https:\/\/www.radiopiu.net\/wordpress\/wp-content\/uploads\/2025\/01\/b1c81fa2-8077-4842-9d4d-c9998fdbdd1c.webp\"><img loading=\"lazy\" decoding=\"async\" class=\" wp-image-432249 alignleft\" src=\"https:\/\/www.radiopiu.net\/wordpress\/wp-content\/uploads\/2025\/01\/b1c81fa2-8077-4842-9d4d-c9998fdbdd1c-300x300.webp\" alt=\"\" width=\"252\" height=\"252\" srcset=\"https:\/\/www.radiopiu.net\/wordpress\/wp-content\/uploads\/2025\/01\/b1c81fa2-8077-4842-9d4d-c9998fdbdd1c-300x300.webp 300w, https:\/\/www.radiopiu.net\/wordpress\/wp-content\/uploads\/2025\/01\/b1c81fa2-8077-4842-9d4d-c9998fdbdd1c-150x150.webp 150w, https:\/\/www.radiopiu.net\/wordpress\/wp-content\/uploads\/2025\/01\/b1c81fa2-8077-4842-9d4d-c9998fdbdd1c-768x768.webp 768w, https:\/\/www.radiopiu.net\/wordpress\/wp-content\/uploads\/2025\/01\/b1c81fa2-8077-4842-9d4d-c9998fdbdd1c.webp 1024w\" sizes=\"auto, (max-width: 252px) 100vw, 252px\" \/><\/a><\/p>\n<div class=\"gizmo-bot-avatar flex h-8 w-8 items-center justify-center overflow-hidden rounded-full\">\n<div class=\"relative p-1 rounded-sm flex items-center justify-center bg-token-main-surface-primary text-token-text-primary h-8 w-8\">\n<p><strong>BELLUNO<\/strong> Un capitano degli Alpini \u00e8 stato querelato per atti persecutori nei confronti di un subordinato del 7\u00ba Reggimento, accusandolo di essere l\u2019amante della moglie. Il processo inizier\u00e0 il 15 dicembre. Secondo la Procura, l\u2019imputato avrebbe molestato la vittima con minacce, pedinamenti e pressioni psicologiche, arrivando a travestirsi per seguirlo e inviare fotomontaggi diffamatori alla moglie. Il comportamento ha condizionato gravemente la vita del sottoposto. Il tribunale ha respinto le eccezioni della difesa, permettendo alla parte lesa di costituirsi parte civile e chiedere i danni.<\/p>\n<\/div>\n<p>&nbsp;<\/p>\n<blockquote><p><strong>Processo a Sandrine Jourone: da imputata a vittima?<\/strong><\/p><\/blockquote>\n<p><strong>FELTRE<\/strong> S J, imputata per violazione di domicilio, danneggiamento, porto illegale di arma, lesioni e minacce aggravate, ha ribaltato le accuse dichiarandosi vittima dell\u2019uomo che l\u2019ha denunciata. Secondo la sua versione, sarebbe stata aggredita a calci e pugni, negando ogni responsabilit\u00e0. Il processo, in cui l\u2019accusa chiede il risarcimento danni, si concluder\u00e0 il 26 giugno con la sentenza.<\/p>\n<\/div>\n<\/div>\n<\/div>\n<div class=\"group\/conversation-turn relative flex w-full min-w-0 flex-col agent-turn\">\n<div class=\"flex-col gap-1 md:gap-3\">\n<div class=\"flex max-w-full flex-col flex-grow\">\n<div class=\"min-h-8 text-message flex w-full flex-col items-end gap-2 whitespace-normal break-words text-start [.text-message+&amp;]:mt-5\" dir=\"auto\" data-message-author-role=\"assistant\" data-message-id=\"f87a67db-46ef-48f4-8c61-4d4a64f3e89a\" data-message-model-slug=\"gpt-4o\">\n<div class=\"flex w-full flex-col gap-1 empty:hidden first:pt-[3px]\">\n<div class=\"markdown prose w-full break-words dark:prose-invert dark\">\n<blockquote><p>&nbsp;<\/p>\n<p><strong>Stalking online: patteggia due anni per aver tormentato l\u2019ex<\/strong><\/p><\/blockquote>\n<p><strong>BELLUNO<\/strong> Un 38enne veneziano, E.H., ha patteggiato due anni, convertiti in lavori di pubblica utilit\u00e0, per stalking nei confronti della ex compagna bellunese. Dopo la fine della relazione, ha creato un profilo falso su un sito di appuntamenti, inviando uomini a casa della vittima. Minacce, molestie e revenge porn hanno portato alla denuncia.<\/p>\n<\/div>\n<blockquote><p>&nbsp;<\/p>\n<p><strong>Aggressione ai carabinieri: condannato a nove mesi<\/strong><\/p><\/blockquote>\n<p><strong>FELTRE<\/strong> M I, cittadino egiziano, \u00e8 stato condannato a nove mesi di reclusione e al pagamento di 3.000 euro di risarcimento per aver aggredito una carabiniera e colluttato con un vicebrigadiere il 29 luglio 2021. Ubriaco, aveva tentato di entrare nell\u2019abitazione della moglie, scatenando l\u2019intervento delle forze dell\u2019ordine. Dopo la resistenza, \u00e8 stato arrestato e portato in carcere a Baldenich. Il tribunale ha riconosciuto la sua responsabilit\u00e0 penale per resistenza a pubblico ufficiale e lesioni aggravate, respingendo la difesa basata su una caduta accidentale.<\/p>\n<\/div>\n<div class=\"flex-shrink-0 flex flex-col relative items-end\">\n<div>\n<div class=\"pt-0\">\n<div class=\"gizmo-bot-avatar flex h-8 w-8 items-center justify-center overflow-hidden rounded-full\">\n<div class=\"relative p-1 rounded-sm flex items-center justify-center bg-token-main-surface-primary text-token-text-primary h-8 w-8\"><\/div>\n<\/div>\n<\/div>\n<\/div>\n<\/div>\n<div class=\"group\/conversation-turn relative flex w-full min-w-0 flex-col agent-turn\">\n<div class=\"flex-col gap-1 md:gap-3\">\n<div class=\"flex max-w-full flex-col flex-grow\">\n<div class=\"min-h-8 text-message flex w-full flex-col items-end gap-2 whitespace-normal break-words text-start [.text-message+&amp;]:mt-5\" dir=\"auto\" data-message-author-role=\"assistant\" data-message-id=\"1b5db3dd-54ed-4c87-af75-b0ff4d7f5ea5\" data-message-model-slug=\"gpt-4o\">\n<div class=\"flex w-full flex-col gap-1 empty:hidden first:pt-[3px]\">\n<div class=\"markdown prose w-full break-words dark:prose-invert dark\">\n<blockquote><p><strong>Naturopata a processo per esercizio abusivo della professione<\/strong><\/p><\/blockquote>\n<p><strong>FELTRE<\/strong> La feltrina F.V. \u00e8 accusata di aver svolto attivit\u00e0 da nutrizionista senza titolo. L\u2019Ordine dei Biologi si \u00e8 costituito parte civile e chieder\u00e0 i danni. Il processo proseguir\u00e0 il 9 giugno con nuove testimonianze. La difesa sostiene che la donna non abbia mai prescritto diete o diagnosi mediche, ma solo consigliato integratori.<\/p>\n<\/div>\n<\/div>\n<\/div>\n<\/div>\n<\/div>\n<\/div>\n<\/div>\n<\/div>\n<\/div>\n<\/div>\n","protected":false},"excerpt":{"rendered":"<p>** LA GIUDIZIARIA OGGI DAL CORRIERE DELLE ALPI SINTESI, ARTICOLI DI GIGI SOSSO\u00a0 BELLUNO Un capitano degli Alpini \u00e8 stato querelato per atti persecutori nei confronti di un subordinato del 7\u00ba Reggimento, accusandolo di essere l\u2019amante della moglie. Il processo inizier\u00e0 il 15 dicembre. Secondo la Procura, l\u2019imputato avrebbe molestato la vittima con minacce, pedinamenti&hellip;<\/p>\n","protected":false},"author":4,"featured_media":432249,"comment_status":"closed","ping_status":"closed","sticky":false,"template":"","format":"standard","meta":{"_monsterinsights_skip_tracking":false,"_monsterinsights_sitenote_active":false,"_monsterinsights_sitenote_note":"","_monsterinsights_sitenote_category":0,"footnotes":""},"categories":[104,49],"tags":[],"class_list":["post-432245","post","type-post","status-publish","format-standard","has-post-thumbnail","hentry","category-evidenza_3","category-news-18","category-104","category-49","description-off"],"img_url":"https:\/\/www.radiopiu.net\/wordpress\/wp-content\/uploads\/2025\/01\/b1c81fa2-8077-4842-9d4d-c9998fdbdd1c.webp","_links":{"self":[{"href":"https:\/\/www.radiopiu.net\/wordpress\/wp-json\/wp\/v2\/posts\/432245","targetHints":{"allow":["GET"]}}],"collection":[{"href":"https:\/\/www.radiopiu.net\/wordpress\/wp-json\/wp\/v2\/posts"}],"about":[{"href":"https:\/\/www.radiopiu.net\/wordpress\/wp-json\/wp\/v2\/types\/post"}],"author":[{"embeddable":true,"href":"https:\/\/www.radiopiu.net\/wordpress\/wp-json\/wp\/v2\/users\/4"}],"replies":[{"embeddable":true,"href":"https:\/\/www.radiopiu.net\/wordpress\/wp-json\/wp\/v2\/comments?post=432245"}],"version-history":[{"count":1,"href":"https:\/\/www.radiopiu.net\/wordpress\/wp-json\/wp\/v2\/posts\/432245\/revisions"}],"predecessor-version":[{"id":432250,"href":"https:\/\/www.radiopiu.net\/wordpress\/wp-json\/wp\/v2\/posts\/432245\/revisions\/432250"}],"wp:featuredmedia":[{"embeddable":true,"href":"https:\/\/www.radiopiu.net\/wordpress\/wp-json\/wp\/v2\/media\/432249"}],"wp:attachment":[{"href":"https:\/\/www.radiopiu.net\/wordpress\/wp-json\/wp\/v2\/media?parent=432245"}],"wp:term":[{"taxonomy":"category","embeddable":true,"href":"https:\/\/www.radiopiu.net\/wordpress\/wp-json\/wp\/v2\/categories?post=432245"},{"taxonomy":"post_tag","embeddable":true,"href":"https:\/\/www.radiopiu.net\/wordpress\/wp-json\/wp\/v2\/tags?post=432245"}],"curies":[{"name":"wp","href":"https:\/\/api.w.org\/{rel}","templated":true}]}}