{"id":432407,"date":"2025-02-01T04:49:24","date_gmt":"2025-02-01T03:49:24","guid":{"rendered":"https:\/\/www.radiopiu.net\/wordpress\/?p=432407"},"modified":"2025-02-01T04:49:24","modified_gmt":"2025-02-01T03:49:24","slug":"intervento-del-sindaco-nuova-sede-per-la-polizia-locale-a-tutela-dei-dipendenti","status":"publish","type":"post","link":"https:\/\/www.radiopiu.net\/wordpress\/intervento-del-sindaco-nuova-sede-per-la-polizia-locale-a-tutela-dei-dipendenti\/","title":{"rendered":"Intervento del Sindaco: nuova sede per la Polizia Locale a tutela dei dipendenti"},"content":{"rendered":"<p>***<\/p>\n<p><img loading=\"lazy\" decoding=\"async\" class=\"alignleft\" src=\"https:\/\/www.radiopiu.net\/wordpress\/wp-content\/uploads\/2019\/07\/Oscar-De-Pellegrin.jpg\" width=\"275\" height=\"183\" \/><strong>BELLUNO<\/strong><\/p>\n<p>Il sindaco di Belluno, Oscar De Pellegrin, ha difeso la decisione di spostare il Comando di polizia locale dalle inadeguate strutture di via Gabelli all\u2019ex scuola Gabelli nel Parco Citt\u00e0 di Bologna. L\u2019edificio precedente soffriva di infiltrazioni d\u2019acqua e muffa, compromettendo sia la sicurezza dei dipendenti che la conservazione dei documenti.<\/p>\n<p>Il trasferimento, seppur provvisorio, \u00e8 stato necessario per garantire condizioni di lavoro dignitose. La decisione \u00e8 stata presa in linea con le richieste delle rappresentanze sindacali. Inoltre, la nuova sede, priva di barriere architettoniche, garantir\u00e0 accessibilit\u00e0 a tutti. Il Sindaco ha sottolineato che la presenza della Polizia Locale nel parco migliorer\u00e0 la sicurezza dell\u2019area senza alterarne la fruibilit\u00e0.<\/p>\n<p>&nbsp;<\/p>\n<hr \/>\n<p>&nbsp;<\/p>\n","protected":false},"excerpt":{"rendered":"<p>*** BELLUNO Il sindaco di Belluno, Oscar De Pellegrin, ha difeso la decisione di spostare il Comando di polizia locale dalle inadeguate strutture di via Gabelli all\u2019ex scuola Gabelli nel Parco Citt\u00e0 di Bologna. L\u2019edificio precedente soffriva di infiltrazioni d\u2019acqua e muffa, compromettendo sia la sicurezza dei dipendenti che la conservazione dei documenti. Il trasferimento,&hellip;<\/p>\n","protected":false},"author":4,"featured_media":93050,"comment_status":"closed","ping_status":"closed","sticky":false,"template":"","format":"standard","meta":{"_monsterinsights_skip_tracking":false,"_monsterinsights_sitenote_active":false,"_monsterinsights_sitenote_note":"","_monsterinsights_sitenote_category":0,"footnotes":""},"categories":[51,49],"tags":[],"class_list":["post-432407","post","type-post","status-publish","format-standard","has-post-thumbnail","hentry","category-evidenza-top","category-news-18","category-51","category-49","description-off"],"img_url":"https:\/\/www.radiopiu.net\/wordpress\/wp-content\/uploads\/2019\/07\/Oscar-De-Pellegrin.jpg","_links":{"self":[{"href":"https:\/\/www.radiopiu.net\/wordpress\/wp-json\/wp\/v2\/posts\/432407","targetHints":{"allow":["GET"]}}],"collection":[{"href":"https:\/\/www.radiopiu.net\/wordpress\/wp-json\/wp\/v2\/posts"}],"about":[{"href":"https:\/\/www.radiopiu.net\/wordpress\/wp-json\/wp\/v2\/types\/post"}],"author":[{"embeddable":true,"href":"https:\/\/www.radiopiu.net\/wordpress\/wp-json\/wp\/v2\/users\/4"}],"replies":[{"embeddable":true,"href":"https:\/\/www.radiopiu.net\/wordpress\/wp-json\/wp\/v2\/comments?post=432407"}],"version-history":[{"count":1,"href":"https:\/\/www.radiopiu.net\/wordpress\/wp-json\/wp\/v2\/posts\/432407\/revisions"}],"predecessor-version":[{"id":432408,"href":"https:\/\/www.radiopiu.net\/wordpress\/wp-json\/wp\/v2\/posts\/432407\/revisions\/432408"}],"wp:featuredmedia":[{"embeddable":true,"href":"https:\/\/www.radiopiu.net\/wordpress\/wp-json\/wp\/v2\/media\/93050"}],"wp:attachment":[{"href":"https:\/\/www.radiopiu.net\/wordpress\/wp-json\/wp\/v2\/media?parent=432407"}],"wp:term":[{"taxonomy":"category","embeddable":true,"href":"https:\/\/www.radiopiu.net\/wordpress\/wp-json\/wp\/v2\/categories?post=432407"},{"taxonomy":"post_tag","embeddable":true,"href":"https:\/\/www.radiopiu.net\/wordpress\/wp-json\/wp\/v2\/tags?post=432407"}],"curies":[{"name":"wp","href":"https:\/\/api.w.org\/{rel}","templated":true}]}}