{"id":432492,"date":"2025-02-03T05:37:20","date_gmt":"2025-02-03T04:37:20","guid":{"rendered":"https:\/\/www.radiopiu.net\/wordpress\/?p=432492"},"modified":"2025-02-03T08:50:58","modified_gmt":"2025-02-03T07:50:58","slug":"giornale-radiopiu-03-febbraio-2025-direttore-mirko-mezzacasada-41-anni-25-giugno-1983-25-giugno-2024","status":"publish","type":"post","link":"https:\/\/www.radiopiu.net\/wordpress\/giornale-radiopiu-03-febbraio-2025-direttore-mirko-mezzacasada-41-anni-25-giugno-1983-25-giugno-2024\/","title":{"rendered":"GIORNALE RADIOPIU 03 FEBBRAIO 2025 DIRETTORE MIRKO MEZZACASA\u2026DA 41 ANNI 25 GIUGNO 1983-25 GIUGNO 2024"},"content":{"rendered":"<p>********<\/p>\n<p>&nbsp;<\/p>\n<p><em><span style=\"color: #ff0000;\"><a class=\"dt-pswp-item\" href=\"https:\/\/www.radiopiu.net\/wordpress\/wp-content\/uploads\/2024\/10\/Senza-nome-8.png\" data-dt-img-description=\"\" data-large_image_width=\"343\" data-large_image_height=\"303\"><img loading=\"lazy\" decoding=\"async\" class=\"wp-image-412130 alignleft\" src=\"https:\/\/www.radiopiu.net\/wordpress\/wp-content\/uploads\/2024\/10\/Senza-nome-8-300x265.png\" alt=\"\" width=\"105\" height=\"93\" srcset=\"https:\/\/www.radiopiu.net\/wordpress\/wp-content\/uploads\/2024\/10\/Senza-nome-8-300x265.png 300w, https:\/\/www.radiopiu.net\/wordpress\/wp-content\/uploads\/2024\/10\/Senza-nome-8.png 343w\" sizes=\"auto, (max-width: 105px) 100vw, 105px\" \/><\/a><\/span><\/em><strong><em><span style=\"color: #ff0000;\"> LA\u00a0 APP PER IOS-IPHONE di Nicola Vettorello<\/span><\/em><\/strong><\/p>\n<p><strong><span style=\"color: #0000ff;\"><a style=\"color: #0000ff;\" href=\"https:\/\/apps.apple.com\/it\/app\/radio-pi%C3%B9-emittente-agordina\/id1515939845\">https:\/\/apps.apple.com\/it\/app\/radio-pi%C3%B9-emittente-agordina\/id1515939845<\/a><\/span><\/strong><\/p>\n<p><strong><em style=\"color: #ff0000;\">LA\u00a0 APP RADIO\u00a0 PER ANDROID di Nicola Vettorello<\/em><\/strong><\/p>\n<p><strong><span style=\"color: #0000ff;\"><a style=\"color: #0000ff;\" href=\"https:\/\/play.google.com\/store\/apps\/details?id=net.radiopiu.iniko\" target=\"_blank\" rel=\"noopener noreferrer\">https:\/\/<\/a><a style=\"color: #0000ff;\" href=\"https:\/\/play.google.com\/store\/apps\/details?id=net.radiopiu.iniko\" target=\"_blank\" rel=\"noopener noreferrer\">play.google.com\/store\/apps\/details?id=net.radiopiu.iniko\u00a0\u00a0\u00a0\u00a0<\/a><\/span><\/strong><\/p>\n<p>&nbsp;<\/p>\n<p>&nbsp;<\/p>\n<hr \/>\n<p>&nbsp;<\/p>\n<p><span style=\"color: #ff0000;\"><strong>OGGI ALLA RADIO:\u00a0\u00a0<\/strong><\/span><\/p>\n<p><strong>rassegna stampa nazionale,<\/strong> ogni giorno alle 5 e alle 6 del mattino.<br \/>\ngiornali locali 7 rassegna stampa flash, 8 rassegna stampa, gr flash alle 10 e alle 11, principale 12.30. Informazione pomeriggio ogni ora fino alle 20, in coda ai notiziari nazionali. Giornale radio nazionale: ogni ora dalle 4 del mattino, alle 20 della sera. Alle 19 le anticipazioni dal TG di Antenna 3 di Tiziana Bolognani.<\/p>\n<p><strong>OGGI ALLE<\/strong> <strong>8.30<\/strong> PIU SIAMO DI MARINA DONA \u00a0<strong>9.00<\/strong> OGGI COME IERI, IL LUNEDI, MERCOLEDI E GIOVEDI MATTINA CON SILVIA BALDO\u00a0\u00a0<strong>11.20 <\/strong>COSA GUARDO QUESTA SERA IN TV, IL PROGRAMMA CON PAOLA LANCIATO<strong>\u00a01400 <\/strong>PIU MUSICA\u00a0 <strong>15.00<\/strong> ritratti sonori\u00a0 IL PROGRAMMA DI ALESSIA DALL&#8217;O, ospite MATTEO DALL&#8217;O\u00a0 <strong>16 00<\/strong> IL ROCK DI MARCO COSTANTINI<\/p>\n<p><strong>ALLE 10.10 MARILISA LUCHETTA, LEGGE BEPI DE MARZI&#8230;. VANOI&#8230;&#8230;..<\/strong><\/p>\n<p><strong>ALLE 10.30 SARA CASAL&#8230;. LA PRESENTAZIONE DELLA MOSTRA SUL VAJONT<\/strong><\/p>\n<div dir=\"auto\"><strong>ALLE 9.30 I RACCONTI DI PAOLO SOPPELSA<\/strong><\/div>\n<p>&nbsp;<\/p>\n<hr \/>\n<p>&nbsp;<\/p>\n<p>&nbsp;<\/p>\n<div class=\"x11i5rnm xat24cr x1mh8g0r x1vvkbs xtlvy1s x126k92a\">\n<div dir=\"auto\">\n<div dir=\"auto\">\n<p><strong><a class=\"dt-pswp-item\" href=\"https:\/\/www.radiopiu.net\/wordpress\/wp-content\/uploads\/2024\/02\/2d44e751-d8a8-461b-8e22-d8e4e853b032.jpg\" data-dt-img-description=\"\" data-large_image_width=\"1600\" data-large_image_height=\"1200\"><img loading=\"lazy\" decoding=\"async\" class=\"wp-image-373307 alignleft\" src=\"https:\/\/www.radiopiu.net\/wordpress\/wp-content\/uploads\/2024\/02\/2d44e751-d8a8-461b-8e22-d8e4e853b032-300x225.jpg\" alt=\"\" width=\"105\" height=\"79\" srcset=\"https:\/\/www.radiopiu.net\/wordpress\/wp-content\/uploads\/2024\/02\/2d44e751-d8a8-461b-8e22-d8e4e853b032-300x225.jpg 300w, https:\/\/www.radiopiu.net\/wordpress\/wp-content\/uploads\/2024\/02\/2d44e751-d8a8-461b-8e22-d8e4e853b032-1024x768.jpg 1024w, https:\/\/www.radiopiu.net\/wordpress\/wp-content\/uploads\/2024\/02\/2d44e751-d8a8-461b-8e22-d8e4e853b032-768x576.jpg 768w, https:\/\/www.radiopiu.net\/wordpress\/wp-content\/uploads\/2024\/02\/2d44e751-d8a8-461b-8e22-d8e4e853b032-1536x1152.jpg 1536w, https:\/\/www.radiopiu.net\/wordpress\/wp-content\/uploads\/2024\/02\/2d44e751-d8a8-461b-8e22-d8e4e853b032.jpg 1600w\" sizes=\"auto, (max-width: 105px) 100vw, 105px\" \/><\/a>EL BAL DEL FIOR, DI GIULIANA DA RONCH, 03 FEBBRAIO<\/strong><strong> 2025\u00a0<\/strong><\/p>\n<p>&nbsp;<\/p>\n<p>&nbsp;<\/p>\n<audio class=\"wp-audio-shortcode\" id=\"audio-432492-1\" preload=\"none\" style=\"width: 100%;\" controls=\"controls\"><source type=\"audio\/mpeg\" src=\"https:\/\/www.radiopiu.net\/wordpress\/wp-content\/uploads\/2025\/02\/GLU.mp3?_=1\" \/><a href=\"https:\/\/www.radiopiu.net\/wordpress\/wp-content\/uploads\/2025\/02\/GLU.mp3\">https:\/\/www.radiopiu.net\/wordpress\/wp-content\/uploads\/2025\/02\/GLU.mp3<\/a><\/audio>\n<p>&nbsp;<\/p>\n<hr \/>\n<p>&nbsp;<\/p>\n<\/div>\n<\/div>\n<\/div>\n<div class=\"x11i5rnm xat24cr x1mh8g0r x1vvkbs xtlvy1s x126k92a\">\n<blockquote>\n<h1><strong><a class=\"dt-pswp-item\" href=\"https:\/\/www.radiopiu.net\/wordpress\/wp-content\/uploads\/2024\/10\/629301fd-708d-4f53-95c2-d28cbefd500f.jpg\" data-dt-img-description=\"\" data-large_image_width=\"1600\" data-large_image_height=\"1322\"><img loading=\"lazy\" decoding=\"async\" class=\"wp-image-413782 alignright\" src=\"https:\/\/www.radiopiu.net\/wordpress\/wp-content\/uploads\/2024\/10\/629301fd-708d-4f53-95c2-d28cbefd500f-300x248.jpg\" alt=\"\" width=\"106\" height=\"88\" srcset=\"https:\/\/www.radiopiu.net\/wordpress\/wp-content\/uploads\/2024\/10\/629301fd-708d-4f53-95c2-d28cbefd500f-300x248.jpg 300w, https:\/\/www.radiopiu.net\/wordpress\/wp-content\/uploads\/2024\/10\/629301fd-708d-4f53-95c2-d28cbefd500f-1024x846.jpg 1024w, https:\/\/www.radiopiu.net\/wordpress\/wp-content\/uploads\/2024\/10\/629301fd-708d-4f53-95c2-d28cbefd500f-768x635.jpg 768w, https:\/\/www.radiopiu.net\/wordpress\/wp-content\/uploads\/2024\/10\/629301fd-708d-4f53-95c2-d28cbefd500f-1536x1269.jpg 1536w, https:\/\/www.radiopiu.net\/wordpress\/wp-content\/uploads\/2024\/10\/629301fd-708d-4f53-95c2-d28cbefd500f.jpg 1600w\" sizes=\"auto, (max-width: 106px) 100vw, 106px\" \/><\/a><\/strong><\/h1>\n<h1><strong><a class=\"dt-pswp-item\" href=\"https:\/\/www.radiopiu.net\/wordpress\/wp-content\/uploads\/2024\/11\/th-18.jpg\" data-dt-img-description=\"\" data-large_image_width=\"156\" data-large_image_height=\"180\"><img loading=\"lazy\" decoding=\"async\" class=\"size-full wp-image-421611 alignleft\" src=\"https:\/\/www.radiopiu.net\/wordpress\/wp-content\/uploads\/2024\/11\/th-18.jpg\" alt=\"\" width=\"156\" height=\"180\" \/><\/a><\/strong><\/h1>\n<h1><strong>N di parom &#8211; L Almanach de la nosta jent<\/strong><\/h1>\n<\/blockquote>\n<p>&nbsp;<\/p>\n<p>Le voci: Davide Conedera, Agordo, Michela Dell&#8217;Osbel, La Valle Agordina Simone Ganz, Falcade Veronica Lezuo, Colle Santa Lucia. La voce nella sigla \u00e8 di Giorgia Taio<\/p>\n<p><strong>LA PUNTATA DI OGGI, 03 FEBBRAIO 2025<\/strong><\/p>\n<audio class=\"wp-audio-shortcode\" id=\"audio-432492-2\" preload=\"none\" style=\"width: 100%;\" controls=\"controls\"><source type=\"audio\/mpeg\" src=\"https:\/\/www.radiopiu.net\/wordpress\/wp-content\/uploads\/2025\/02\/AL1.mp3?_=2\" \/><a href=\"https:\/\/www.radiopiu.net\/wordpress\/wp-content\/uploads\/2025\/02\/AL1.mp3\">https:\/\/www.radiopiu.net\/wordpress\/wp-content\/uploads\/2025\/02\/AL1.mp3<\/a><\/audio>\n<p>&nbsp;<\/p>\n<p>&nbsp;<\/p>\n<\/div>\n<div class=\"x11i5rnm xat24cr x1mh8g0r x1vvkbs xtlvy1s x126k92a\">\n<div dir=\"auto\">\n<hr \/>\n<\/div>\n<\/div>\n<blockquote>\n<blockquote>\n<h1><span style=\"color: #ff0000;\">\u00a0<\/span><\/h1>\n<h1><span style=\"color: #ff0000;\">I podcast informativi del mattino &#8211; audio &#8211;\u00a0\u00a0<\/span><\/h1>\n<\/blockquote>\n<p><strong><a class=\"dt-pswp-item\" href=\"https:\/\/www.radiopiu.net\/wordpress\/wp-content\/uploads\/2024\/11\/6.jpg\" data-dt-img-description=\"\" data-large_image_width=\"177\" data-large_image_height=\"180\"><img loading=\"lazy\" decoding=\"async\" class=\"size-full wp-image-417911 alignleft\" src=\"https:\/\/www.radiopiu.net\/wordpress\/wp-content\/uploads\/2024\/11\/6.jpg\" alt=\"\" width=\"177\" height=\"180\" \/><\/a>LA RASSEGNA STAMPA NAZIONALE ALLA RADIO, OGNI GIORNO ALLE 5 E ALLE 6 DEL MATTINO <span style=\"color: #0000ff;\">viene pubblicata alle 6.00 <span style=\"color: #ff0000;\">DIRETTA RADIO\u00a0 \u00a0\u00a0<\/span><\/span><\/strong><\/p><\/blockquote>\n<p>&nbsp;<\/p>\n<p><strong>NOTIZIE DELLA NOTTE<\/strong><\/p>\n<p><strong>Trump:<\/strong> &#8216;Il Sudafrica confisca le terre, taglier\u00f2 i fondi Usa&#8217; <strong>Trump:<\/strong> &#8216;I colloqui con Russia e Ucraina stanno andando bene&#8217; <strong>Borsa<\/strong>, Hong Kong apre a -0,87% dopo i primi dazi di Trump<br \/>\n<strong>Trump<\/strong>: &#8216;Parler\u00f2 con Canada-Messico, presto dazi anche contro Ue&#8217; <strong>Borsa:<\/strong> Tokyo, apertura in ribasso (-1,69%) <strong>Pyongyang<\/strong> a Rubio, non tollereremo provocazioni degli Usa <strong>Il Canada<\/strong> far\u00e0 causa agli Usa presso l&#8217;Omc per i dazi <strong>Rubio a Panama<\/strong>, &#8216;subito cambiamenti al Canale o misure&#8217;<\/p>\n<h2>AUDIO dalle 6 del mattino<\/h2>\n<audio class=\"wp-audio-shortcode\" id=\"audio-432492-3\" preload=\"none\" style=\"width: 100%;\" controls=\"controls\"><source type=\"audio\/mpeg\" src=\"https:\/\/www.radiopiu.net\/wordpress\/wp-content\/uploads\/2025\/02\/GIORNALEDELLESEI-1.mp3?_=3\" \/><a href=\"https:\/\/www.radiopiu.net\/wordpress\/wp-content\/uploads\/2025\/02\/GIORNALEDELLESEI-1.mp3\">https:\/\/www.radiopiu.net\/wordpress\/wp-content\/uploads\/2025\/02\/GIORNALEDELLESEI-1.mp3<\/a><\/audio>\n<p>&nbsp;<\/p>\n<p>&nbsp;<\/p>\n<hr \/>\n<p>&nbsp;<\/p>\n<h1 style=\"text-align: center;\"><span style=\"color: #ff0000;\"><a class=\"dt-pswp-item\" href=\"https:\/\/www.radiopiu.net\/wordpress\/wp-content\/uploads\/2024\/11\/7.jpg\" data-dt-img-description=\"\" data-large_image_width=\"180\" data-large_image_height=\"180\"><img loading=\"lazy\" decoding=\"async\" class=\"size-full wp-image-417912 alignleft\" src=\"https:\/\/www.radiopiu.net\/wordpress\/wp-content\/uploads\/2024\/11\/7.jpg\" alt=\"\" width=\"180\" height=\"180\" srcset=\"https:\/\/www.radiopiu.net\/wordpress\/wp-content\/uploads\/2024\/11\/7.jpg 180w, https:\/\/www.radiopiu.net\/wordpress\/wp-content\/uploads\/2024\/11\/7-150x150.jpg 150w\" sizes=\"auto, (max-width: 180px) 100vw, 180px\" \/><\/a>I podcast informativi del mattino &#8211; audio &#8211;\u00a0<\/span><\/h1>\n<p><strong>OGNI GIORNO ALLE SETTE DEL MATTINO, LA RASSEGNA STAMPA LOCALE FLASH&#8230; PER CHI VA IN FRETTA. I TITOLI DAI GIORNALI E DAL SITO WWW.RADIOPIU.NET <span style=\"color: #0000ff;\">viene pubblicato alle 7.00<\/span> <span style=\"color: #ff0000;\">DIRETTA RADIO\u00a0<\/span><\/strong><\/p>\n<p><em><span style=\"color: #ff0000;\">per chi va in fretta&#8230; tante notizie in pochi minuti. L&#8217;informazione locale alla radio, ogni ora dalle 7 del mattino alle 19 della sera.\u00a0<\/span><\/em><\/p>\n<h1>AUDIO dalle 7 del mattino<\/h1>\n<audio class=\"wp-audio-shortcode\" id=\"audio-432492-4\" preload=\"none\" style=\"width: 100%;\" controls=\"controls\"><source type=\"audio\/mpeg\" src=\"https:\/\/www.radiopiu.net\/wordpress\/wp-content\/uploads\/2025\/02\/GF07-1.mp3?_=4\" \/><a href=\"https:\/\/www.radiopiu.net\/wordpress\/wp-content\/uploads\/2025\/02\/GF07-1.mp3\">https:\/\/www.radiopiu.net\/wordpress\/wp-content\/uploads\/2025\/02\/GF07-1.mp3<\/a><\/audio>\n<p>&nbsp;<\/p>\n<p>&nbsp;<\/p>\n<hr \/>\n<p>&nbsp;<\/p>\n<h1><\/h1>\n<h1 style=\"text-align: center;\"><span style=\"color: #ff0000;\"><a class=\"dt-pswp-item\" href=\"https:\/\/www.radiopiu.net\/wordpress\/wp-content\/uploads\/2024\/11\/th.jpg\" data-dt-img-description=\"\" data-large_image_width=\"148\" data-large_image_height=\"179\"><img loading=\"lazy\" decoding=\"async\" class=\"size-full wp-image-417913 alignleft\" src=\"https:\/\/www.radiopiu.net\/wordpress\/wp-content\/uploads\/2024\/11\/th.jpg\" alt=\"\" width=\"148\" height=\"179\" \/><\/a>I podcast informativi del mattino &#8211; audio &#8211;\u00a0<\/span><\/h1>\n<blockquote><p><strong>GIORNALE RADIO NAZIONALE, EDIZIONE DELLE SETTE <span style=\"color: #0000ff;\">viene pubblicato alle 7.05 <span style=\"color: #ff0000;\">DIRETTA RADIO\u00a0<\/span><\/span><\/strong><\/p><\/blockquote>\n<p><strong>il giornale radionazionale e&#8217; in onda ogni ora, dalle sette del mattino alle venti della sera\u00a0 \u00a0<\/strong><\/p>\n<p><strong>PISA<\/strong> Frana sulle auto a San Miniato a Pisa, nessun ferito <strong>NAPOLI<\/strong> vandalizzato viale John Lennon. Rubata la targa della strada pedonale dedicata al musicista <strong>ROMA<\/strong> Un 15enne ferito per strada &#8220;accoltellato per rapina&#8221; \u00c8 stato trasportato in ospedale in codice rosso <strong>SIENA<\/strong> Sciame sismico, chiuse tutte le scuole. Sta interessando la zona sud della provincia toscana, nel comune di Monteroni d&#8217;Arbia<br \/>\n<strong>FAVIGNANA<\/strong> Italiano pestato alle Canarie, vita appesa a un filo\u00a0 <strong>MESSINA <\/strong>Temporali in Sicilia orientale, torrenti in piena<br \/>\n<strong>NAPOLI<\/strong> Feriti tre turisti tedeschi, uno \u00e8 grave<\/p>\n<p><strong>MINORENNE ELITRASPORTATO A BELLUNO DOPO UN TRAUMA IN PISTA A FALCADE. MALORE A CANALE D&#8217;AGORDO<\/strong><br \/>\nCANALE D&#8217;AGORDO Falco poco dopo le 17:\u00a0 anziano colto da malore in frazione Carfon a Canale d&#8217;Agordo.\u00a0 Un 84enne della frazione, Riccardo Da Pos si \u00e8 sentito male ed \u00e8 stato richiesto l&#8217;intervento dei sanitari. \u00c8 intervenuto l&#8217;elicottero Faco e l&#8217;uomo era in condizioni molto gravi. Il paziente \u00e8 stato preso in carico in codice 3. L&#8217;uomo non usciva di casa da un paio di giorni, emigrante in Lussenburgo torna spesso nella sua abitazione dove \u00e8 molto conosciuto nella piccola frazione.<\/p>\n<p><strong>INCIDENTE SUL PASSO FEDAIA<\/strong><br \/>\nPASSO FEDAIA i Vigili del Fuoco Volontari di Caprile sono intervenuti sul Passo Fedaia per un incidente stradale. L&#8217;intervento \u00e8 avvenuto intorno a mezzogiorno in collaborazione con i Carabinieri di Caprile. Sul posto, i soccorritori hanno operato per mettere in sicurezza l&#8217;area e prestare assistenza.<\/p>\n<p><strong>INCIDENTE A SANTA GIUSTINA. FERITI DUE GIOVANI, INCIDENTE CON IL QUAD A CALALZO<\/strong><br \/>\nNella notte tra sabato e domenica un incidente stradale a Santa Giustina ha coinvolto due giovani che sono stati portati al Santa Maria Del Prato di Feltre con ferite di media gravit\u00e0. Si tratta di due uomini, un 21enne di Santa Giustina e un 20enne di San Gregorio Nelle Alpi, che sono stati soccorsi dall&#8217;ambulanza del nosocomiio feltrino. Sabato sono stati 13 gli interventi del Suem 118 sulle piste dei comprensori bellunesi. Il pi\u00f9 significativo a Padola dove un 67enne di Belluno \u00e8 stato elitrasportato al San Martino di Belluno per un trauma cranico.<\/p>\n<p><strong>CON I VIGILI DEL FUOCO DI AGORDO<\/strong><br \/>\nieri vari interventi per i Vigil del fuoco permanenti e volontari di Agordo.\u00a0 Nel pomeriggio-sera\u00a0 soccorso persona a Carfon di Canale d&#8217;Agordo, con Suem e Carabinieri. Apertura veicolo a Molino (Falcade). Recupero furgone sempre a Falcade, frazione Molino. Incidente stradale senza feriti a Listolade, Sr 203 Agordina.<\/p>\n<p><strong>ZAIA OGGI A BELLUNO<\/strong><br \/>\nBELLUNO Oggi alle 11.30, il Presidente della Regione Veneto, Luca Zaia, sar\u00e0 a Belluno in occasione dell\u2019inaugurazione della sala ibrida e della sala di emodinamica dell\u2019Ospedale San Martino. L\u2019appuntamento \u00e8 alle 11.30 nella sala convegni dell\u2019Ospedale, in Viale Europa 22. nel pomeriggio i servizi di DANIELE DALVIT su tutti i canali di radiopiu<\/p>\n<h2><span style=\"color: #ff0000;\"><span style=\"color: #0000ff;\">ULTIM&#8217;ORA<\/span> <span style=\"color: #000000;\">AUDIO dalle sette del mattino, ogni ora alla radio EDIZIONE DELLE SETTE<\/span><\/span><\/h2>\n<audio class=\"wp-audio-shortcode\" id=\"audio-432492-5\" preload=\"none\" style=\"width: 100%;\" controls=\"controls\"><source type=\"audio\/mpeg\" src=\"https:\/\/www.radiopiu.net\/wordpress\/wp-content\/uploads\/2025\/02\/giornale07-1.mp3?_=5\" \/><a href=\"https:\/\/www.radiopiu.net\/wordpress\/wp-content\/uploads\/2025\/02\/giornale07-1.mp3\">https:\/\/www.radiopiu.net\/wordpress\/wp-content\/uploads\/2025\/02\/giornale07-1.mp3<\/a><\/audio>\n<p>&nbsp;<\/p>\n<p>&nbsp;<\/p>\n<hr \/>\n<p>&nbsp;<\/p>\n<p>&nbsp;<\/p>\n<h1><span style=\"color: #ff0000;\"><a class=\"dt-pswp-item\" href=\"https:\/\/www.radiopiu.net\/wordpress\/wp-content\/uploads\/2024\/11\/8.jpg\" data-dt-img-description=\"\" data-large_image_width=\"180\" data-large_image_height=\"180\"><img loading=\"lazy\" decoding=\"async\" class=\"size-full wp-image-417910 alignleft\" src=\"https:\/\/www.radiopiu.net\/wordpress\/wp-content\/uploads\/2024\/11\/8.jpg\" alt=\"\" width=\"180\" height=\"180\" srcset=\"https:\/\/www.radiopiu.net\/wordpress\/wp-content\/uploads\/2024\/11\/8.jpg 180w, https:\/\/www.radiopiu.net\/wordpress\/wp-content\/uploads\/2024\/11\/8-150x150.jpg 150w\" sizes=\"auto, (max-width: 180px) 100vw, 180px\" \/><\/a>I podcast informativi del mattino &#8211; video &#8211;\u00a0<\/span><\/h1>\n<h2 style=\"text-align: left;\"><strong>RASSEGNA STAMPA LOCALE, ORE OTTO<\/strong><\/h2>\n<h2><strong> <span style=\"color: #0000ff;\">viene\u00a0 <\/span><\/strong><strong><span style=\"color: #0000ff;\">pubblicata alle 8.05 <span style=\"color: #ff0000;\">DIRETTA RADIO\u00a0 \u00a0<\/span><\/span><\/strong><strong>DI MIRKO MEZZACASA<\/strong><\/h2>\n<h2><span style=\"color: #ff0000;\"><strong>\u00a0<\/strong><\/span><\/h2>\n<h2><span style=\"color: #ff0000;\"><strong>\u00a0<\/strong><\/span><span style=\"color: #ff0000;\"><strong>VIDEO\u00a0 \u00a0in diretta AGGIORNAMENTO\u00a0 dalle 8 del mattino\u00a0<\/strong><\/span><\/h2>\n<h2><\/h2>\n<h2><span style=\"color: #ff0000;\"><strong>\u00a0\u00a0<\/strong><\/span><\/h2>\n<p><iframe loading=\"lazy\" style=\"border: none; overflow: hidden;\" src=\"https:\/\/www.facebook.com\/plugins\/video.php?height=314&amp;href=https%3A%2F%2Fwww.facebook.com%2Fradiopiu%2Fvideos%2F1542061873160024%2F&amp;show_text=false&amp;width=560&amp;t=0\" width=\"560\" height=\"314\" frameborder=\"0\" scrolling=\"no\" allowfullscreen=\"allowfullscreen\"><\/iframe><\/p>\n<p>&nbsp;<\/p>\n<p>&nbsp;<\/p>\n<hr \/>\n<p>&nbsp;<\/p>\n<p>&nbsp;<\/p>\n<p><strong><a class=\"dt-pswp-item\" style=\"border: none; overflow: hidden;\" href=\"https:\/\/www.radiopiu.net\/wordpress\/wp-content\/uploads\/2023\/12\/ANTENNA.png\" data-dt-img-de=\"\"><br \/>\n<img loading=\"lazy\" decoding=\"async\" class=\"wp-image-366306 alignright\" src=\"https:\/\/www.radiopiu.net\/wordpress\/wp-content\/uploads\/2023\/12\/ANTENNA.png\" alt=\"\" width=\"101\" height=\"56\" \/><\/a><a class=\"dt-pswp-item\" href=\"https:\/\/www.radiopiu.net\/wordpress\/wp-content\/uploads\/2024\/11\/th-17.jpg\" data-dt-img-description=\"\" data-large_image_width=\"224\" data-large_image_height=\"180\"><img loading=\"lazy\" decoding=\"async\" class=\" wp-image-421610 alignleft\" src=\"https:\/\/www.radiopiu.net\/wordpress\/wp-content\/uploads\/2024\/11\/th-17.jpg\" alt=\"\" width=\"167\" height=\"134\" \/><\/a>ogni sera alle 19 le anticipazioni alla radio, quello che poi seguirete nel TELEGIORNALE BELLUNESE\u00a0 in onda alle 19.30 sul CANALE 10 del digitale terrestre.\u00a0\u00a0<\/strong><\/p>\n<p><b>\u00a0\u00a0<\/b><\/p>\n<p>&nbsp;<\/p>\n<p>&nbsp;<\/p>\n<p>&nbsp;<\/p>\n<hr \/>\n<p>&nbsp;<\/p>\n<blockquote>\n<h3>L&#8217;ULTIMO SALUTO A DON LINO MOTTES<\/h3>\n<\/blockquote>\n<p><strong>FELTRE<\/strong> Si sono svolti nella Concattedrale di Feltre i funerali di Monsignor Lino Mottes. Funzione celebrata dal Vescovo della diocesi di Belluno e Feltre Renato Marangoni in una chiesa gremita di gente per dare l&#8217;ultimo saluto al parroco che per 37 anni era stato il pastore della comunit\u00e0 di Agordo e che negli ultimi anni era a Zermen di Feltre.<\/p>\n<p><strong>IL SERVIZIO DI GIANNI SANTOMASO<\/strong><\/p>\n<audio class=\"wp-audio-shortcode\" id=\"audio-432492-6\" preload=\"none\" style=\"width: 100%;\" controls=\"controls\"><source type=\"audio\/mpeg\" src=\"https:\/\/www.radiopiu.net\/wordpress\/wp-content\/uploads\/2025\/02\/GIANNI-IERI-LULTIMO-SALUTO-A-DON-LINO-MOTTES.mp3?_=6\" \/><a href=\"https:\/\/www.radiopiu.net\/wordpress\/wp-content\/uploads\/2025\/02\/GIANNI-IERI-LULTIMO-SALUTO-A-DON-LINO-MOTTES.mp3\">https:\/\/www.radiopiu.net\/wordpress\/wp-content\/uploads\/2025\/02\/GIANNI-IERI-LULTIMO-SALUTO-A-DON-LINO-MOTTES.mp3<\/a><\/audio>\n<p>&nbsp;<\/p>\n<p><strong>LA PREDICA DEL VESCOVO RENATO MARANGONI<\/strong><\/p>\n<audio class=\"wp-audio-shortcode\" id=\"audio-432492-7\" preload=\"none\" style=\"width: 100%;\" controls=\"controls\"><source type=\"audio\/mpeg\" src=\"https:\/\/www.radiopiu.net\/wordpress\/wp-content\/uploads\/2025\/02\/VESCOVO-RENATO-MARANGONI.mp3?_=7\" \/><a href=\"https:\/\/www.radiopiu.net\/wordpress\/wp-content\/uploads\/2025\/02\/VESCOVO-RENATO-MARANGONI.mp3\">https:\/\/www.radiopiu.net\/wordpress\/wp-content\/uploads\/2025\/02\/VESCOVO-RENATO-MARANGONI.mp3<\/a><\/audio>\n<p>&nbsp;<\/p>\n<p><strong>IL RICORDO DELLA COMUNITA&#8217; DI ZERMEN<\/strong><\/p>\n<audio class=\"wp-audio-shortcode\" id=\"audio-432492-8\" preload=\"none\" style=\"width: 100%;\" controls=\"controls\"><source type=\"audio\/mpeg\" src=\"https:\/\/www.radiopiu.net\/wordpress\/wp-content\/uploads\/2025\/02\/MEMBRI-DELLA-COMUNITA-DI-ZERMEN.mp3?_=8\" \/><a href=\"https:\/\/www.radiopiu.net\/wordpress\/wp-content\/uploads\/2025\/02\/MEMBRI-DELLA-COMUNITA-DI-ZERMEN.mp3\">https:\/\/www.radiopiu.net\/wordpress\/wp-content\/uploads\/2025\/02\/MEMBRI-DELLA-COMUNITA-DI-ZERMEN.mp3<\/a><\/audio>\n<p>&nbsp;<\/p>\n\n\t\t\t<style type='text\/css'>\n\t\t\t\t#gallery-1 {\n\t\t\t\t\tmargin: auto;\n\t\t\t\t}\n\t\t\t\t#gallery-1 .gallery-item {\n\t\t\t\t\tfloat: left;\n\t\t\t\t\tmargin-top: 10px;\n\t\t\t\t\ttext-align: center;\n\t\t\t\t\twidth: 50%;\n\t\t\t\t}\n\t\t\t\t#gallery-1 img {\n\t\t\t\t\tborder: 2px solid #cfcfcf;\n\t\t\t\t}\n\t\t\t\t#gallery-1 .gallery-caption {\n\t\t\t\t\tmargin-left: 0;\n\t\t\t\t}\n\t\t\t\t\/* see gallery_shortcode() in wp-includes\/media.php *\/\n\t\t\t<\/style>\n\t\t<div id='gallery-1' class='dt-gallery-container gallery galleryid-432492 gallery-columns-2 gallery-size-medium'><dl class='gallery-item'>\n\t\t\t\t<dt class='gallery-icon landscape'>\n\t\t\t\t\t<a class=\"rollover rollover-zoom dt-pswp-item\" title=\"c91c3b84-bfe5-48f0-bc3c-772c34a78577\" data-dt-img-description=\"\" data-large_image_width=\"2000\" data-large_image_height=\"1500\"href='https:\/\/www.radiopiu.net\/wordpress\/wp-content\/uploads\/2025\/02\/c91c3b84-bfe5-48f0-bc3c-772c34a78577.jpg'><img loading=\"lazy\" decoding=\"async\" width=\"300\" height=\"225\" src=\"https:\/\/www.radiopiu.net\/wordpress\/wp-content\/uploads\/2025\/02\/c91c3b84-bfe5-48f0-bc3c-772c34a78577-300x225.jpg\" class=\"attachment-medium size-medium\" alt=\"\" srcset=\"https:\/\/www.radiopiu.net\/wordpress\/wp-content\/uploads\/2025\/02\/c91c3b84-bfe5-48f0-bc3c-772c34a78577-300x225.jpg 300w, https:\/\/www.radiopiu.net\/wordpress\/wp-content\/uploads\/2025\/02\/c91c3b84-bfe5-48f0-bc3c-772c34a78577-1024x768.jpg 1024w, https:\/\/www.radiopiu.net\/wordpress\/wp-content\/uploads\/2025\/02\/c91c3b84-bfe5-48f0-bc3c-772c34a78577-768x576.jpg 768w, https:\/\/www.radiopiu.net\/wordpress\/wp-content\/uploads\/2025\/02\/c91c3b84-bfe5-48f0-bc3c-772c34a78577-1536x1152.jpg 1536w, https:\/\/www.radiopiu.net\/wordpress\/wp-content\/uploads\/2025\/02\/c91c3b84-bfe5-48f0-bc3c-772c34a78577.jpg 2000w\" sizes=\"auto, (max-width: 300px) 100vw, 300px\" \/><\/a>\n\t\t\t\t<\/dt><\/dl><dl class='gallery-item'>\n\t\t\t\t<dt class='gallery-icon landscape'>\n\t\t\t\t\t<a class=\"rollover rollover-zoom dt-pswp-item\" title=\"25253da0-659c-4aa6-8e55-b0e2a28ff82e\" data-dt-img-description=\"\" data-large_image_width=\"2000\" data-large_image_height=\"1500\"href='https:\/\/www.radiopiu.net\/wordpress\/wp-content\/uploads\/2025\/02\/25253da0-659c-4aa6-8e55-b0e2a28ff82e.jpg'><img loading=\"lazy\" decoding=\"async\" width=\"300\" height=\"225\" src=\"https:\/\/www.radiopiu.net\/wordpress\/wp-content\/uploads\/2025\/02\/25253da0-659c-4aa6-8e55-b0e2a28ff82e-300x225.jpg\" class=\"attachment-medium size-medium\" alt=\"\" srcset=\"https:\/\/www.radiopiu.net\/wordpress\/wp-content\/uploads\/2025\/02\/25253da0-659c-4aa6-8e55-b0e2a28ff82e-300x225.jpg 300w, https:\/\/www.radiopiu.net\/wordpress\/wp-content\/uploads\/2025\/02\/25253da0-659c-4aa6-8e55-b0e2a28ff82e-1024x768.jpg 1024w, https:\/\/www.radiopiu.net\/wordpress\/wp-content\/uploads\/2025\/02\/25253da0-659c-4aa6-8e55-b0e2a28ff82e-768x576.jpg 768w, https:\/\/www.radiopiu.net\/wordpress\/wp-content\/uploads\/2025\/02\/25253da0-659c-4aa6-8e55-b0e2a28ff82e-1536x1152.jpg 1536w, https:\/\/www.radiopiu.net\/wordpress\/wp-content\/uploads\/2025\/02\/25253da0-659c-4aa6-8e55-b0e2a28ff82e.jpg 2000w\" sizes=\"auto, (max-width: 300px) 100vw, 300px\" \/><\/a>\n\t\t\t\t<\/dt><\/dl><br style=\"clear: both\" \/>\n\t\t\t<\/div>\n\n<p>&nbsp;<\/p>\n<p><strong>LA TUMULAZIONE NEL CIMITERO DI RIVAMONTE AGORDINO<\/strong><\/p>\n\n\t\t\t<style type='text\/css'>\n\t\t\t\t#gallery-2 {\n\t\t\t\t\tmargin: auto;\n\t\t\t\t}\n\t\t\t\t#gallery-2 .gallery-item {\n\t\t\t\t\tfloat: left;\n\t\t\t\t\tmargin-top: 10px;\n\t\t\t\t\ttext-align: center;\n\t\t\t\t\twidth: 33%;\n\t\t\t\t}\n\t\t\t\t#gallery-2 img {\n\t\t\t\t\tborder: 2px solid #cfcfcf;\n\t\t\t\t}\n\t\t\t\t#gallery-2 .gallery-caption {\n\t\t\t\t\tmargin-left: 0;\n\t\t\t\t}\n\t\t\t\t\/* see gallery_shortcode() in wp-includes\/media.php *\/\n\t\t\t<\/style>\n\t\t<div id='gallery-2' class='dt-gallery-container gallery galleryid-432492 gallery-columns-3 gallery-size-medium'><dl class='gallery-item'>\n\t\t\t\t<dt class='gallery-icon landscape'>\n\t\t\t\t\t<a class=\"rollover rollover-zoom dt-pswp-item\" title=\"a5917ef5-c34b-4b6c-8313-9ae2794f6979\" data-dt-img-description=\"\" data-large_image_width=\"1600\" data-large_image_height=\"1200\"href='https:\/\/www.radiopiu.net\/wordpress\/wp-content\/uploads\/2025\/02\/a5917ef5-c34b-4b6c-8313-9ae2794f6979.jpg'><img loading=\"lazy\" decoding=\"async\" width=\"300\" height=\"225\" src=\"https:\/\/www.radiopiu.net\/wordpress\/wp-content\/uploads\/2025\/02\/a5917ef5-c34b-4b6c-8313-9ae2794f6979-300x225.jpg\" class=\"attachment-medium size-medium\" alt=\"\" srcset=\"https:\/\/www.radiopiu.net\/wordpress\/wp-content\/uploads\/2025\/02\/a5917ef5-c34b-4b6c-8313-9ae2794f6979-300x225.jpg 300w, https:\/\/www.radiopiu.net\/wordpress\/wp-content\/uploads\/2025\/02\/a5917ef5-c34b-4b6c-8313-9ae2794f6979-1024x768.jpg 1024w, https:\/\/www.radiopiu.net\/wordpress\/wp-content\/uploads\/2025\/02\/a5917ef5-c34b-4b6c-8313-9ae2794f6979-768x576.jpg 768w, https:\/\/www.radiopiu.net\/wordpress\/wp-content\/uploads\/2025\/02\/a5917ef5-c34b-4b6c-8313-9ae2794f6979-1536x1152.jpg 1536w, https:\/\/www.radiopiu.net\/wordpress\/wp-content\/uploads\/2025\/02\/a5917ef5-c34b-4b6c-8313-9ae2794f6979.jpg 1600w\" sizes=\"auto, (max-width: 300px) 100vw, 300px\" \/><\/a>\n\t\t\t\t<\/dt><\/dl><dl class='gallery-item'>\n\t\t\t\t<dt class='gallery-icon landscape'>\n\t\t\t\t\t<a class=\"rollover rollover-zoom dt-pswp-item\" title=\"2c2992be-009e-4d65-8a01-a3031a1f07f1\" data-dt-img-description=\"\" data-large_image_width=\"1600\" data-large_image_height=\"1200\"href='https:\/\/www.radiopiu.net\/wordpress\/wp-content\/uploads\/2025\/02\/2c2992be-009e-4d65-8a01-a3031a1f07f1.jpg'><img loading=\"lazy\" decoding=\"async\" width=\"300\" height=\"225\" src=\"https:\/\/www.radiopiu.net\/wordpress\/wp-content\/uploads\/2025\/02\/2c2992be-009e-4d65-8a01-a3031a1f07f1-300x225.jpg\" class=\"attachment-medium size-medium\" alt=\"\" srcset=\"https:\/\/www.radiopiu.net\/wordpress\/wp-content\/uploads\/2025\/02\/2c2992be-009e-4d65-8a01-a3031a1f07f1-300x225.jpg 300w, https:\/\/www.radiopiu.net\/wordpress\/wp-content\/uploads\/2025\/02\/2c2992be-009e-4d65-8a01-a3031a1f07f1-1024x768.jpg 1024w, https:\/\/www.radiopiu.net\/wordpress\/wp-content\/uploads\/2025\/02\/2c2992be-009e-4d65-8a01-a3031a1f07f1-768x576.jpg 768w, https:\/\/www.radiopiu.net\/wordpress\/wp-content\/uploads\/2025\/02\/2c2992be-009e-4d65-8a01-a3031a1f07f1-1536x1152.jpg 1536w, https:\/\/www.radiopiu.net\/wordpress\/wp-content\/uploads\/2025\/02\/2c2992be-009e-4d65-8a01-a3031a1f07f1.jpg 1600w\" sizes=\"auto, (max-width: 300px) 100vw, 300px\" \/><\/a>\n\t\t\t\t<\/dt><\/dl><dl class='gallery-item'>\n\t\t\t\t<dt class='gallery-icon landscape'>\n\t\t\t\t\t<a class=\"rollover rollover-zoom dt-pswp-item\" title=\"2c2992be-009e-4d65-8a01-a3031a1f07f1-1\" data-dt-img-description=\"\" data-large_image_width=\"1600\" data-large_image_height=\"1200\"href='https:\/\/www.radiopiu.net\/wordpress\/wp-content\/uploads\/2025\/02\/2c2992be-009e-4d65-8a01-a3031a1f07f1-1.jpg'><img loading=\"lazy\" decoding=\"async\" width=\"300\" height=\"225\" src=\"https:\/\/www.radiopiu.net\/wordpress\/wp-content\/uploads\/2025\/02\/2c2992be-009e-4d65-8a01-a3031a1f07f1-1-300x225.jpg\" class=\"attachment-medium size-medium\" alt=\"\" srcset=\"https:\/\/www.radiopiu.net\/wordpress\/wp-content\/uploads\/2025\/02\/2c2992be-009e-4d65-8a01-a3031a1f07f1-1-300x225.jpg 300w, https:\/\/www.radiopiu.net\/wordpress\/wp-content\/uploads\/2025\/02\/2c2992be-009e-4d65-8a01-a3031a1f07f1-1-1024x768.jpg 1024w, https:\/\/www.radiopiu.net\/wordpress\/wp-content\/uploads\/2025\/02\/2c2992be-009e-4d65-8a01-a3031a1f07f1-1-768x576.jpg 768w, https:\/\/www.radiopiu.net\/wordpress\/wp-content\/uploads\/2025\/02\/2c2992be-009e-4d65-8a01-a3031a1f07f1-1-1536x1152.jpg 1536w, https:\/\/www.radiopiu.net\/wordpress\/wp-content\/uploads\/2025\/02\/2c2992be-009e-4d65-8a01-a3031a1f07f1-1.jpg 1600w\" sizes=\"auto, (max-width: 300px) 100vw, 300px\" \/><\/a>\n\t\t\t\t<\/dt><\/dl><br style=\"clear: both\" \/>\n\t\t\t<\/div>\n\n<p>&nbsp;<\/p>\n<p>NELLA RACCOLTA DI RADIOPIU<br \/>\nL&#8217;INTERVISTA DI LUISA ALCHINI A MONSIGNOR LINO MOTTES<br \/>\nARCHIVIO RADIOPIU<\/p>\n<p>&nbsp;<\/p>\n<blockquote class=\"wp-embedded-content\" data-secret=\"R1jWfXNVqu\"><p><a href=\"https:\/\/www.radiopiu.net\/wordpress\/da-18\/\">EL DARLIN, RIASCOLTIAMOLI PUNTATA 18 ANGELO GENUIN<\/a><\/p><\/blockquote>\n<p><iframe loading=\"lazy\" class=\"wp-embedded-content\" sandbox=\"allow-scripts\" security=\"restricted\" style=\"position: absolute; visibility: hidden;\" title=\"&#8220;EL DARLIN, RIASCOLTIAMOLI PUNTATA 18 ANGELO GENUIN&#8221; &#8212; Radio Pi\u00f9\" src=\"https:\/\/www.radiopiu.net\/wordpress\/da-18\/embed\/#?secret=inuxZoXmP2#?secret=R1jWfXNVqu\" data-secret=\"R1jWfXNVqu\" width=\"600\" height=\"338\" frameborder=\"0\" marginwidth=\"0\" marginheight=\"0\" scrolling=\"no\"><\/iframe><\/p>\n<hr \/>\n<p>&nbsp;<\/p>\n<blockquote>\n<h3>MINORENNE ELITRASPORTATO A BELLUNO DOPO UN TRAUMA IN PISTA A FALCADE. MALORE A CANALE D&#8217;AGORDO<\/h3>\n<p><strong>CANALE D&#8217;AGORDO <\/strong>Falco poco dopo le 17:\u00a0 anziano colto da malore in frazione Carfon a Canale d&#8217;Agordo.\u00a0 Un 84enne della frazione, Riccardo Da Pos si \u00e8 sentito male ed \u00e8 stato richiesto l&#8217;intervento dei sanitari. \u00c8 intervenuto l&#8217;elicottero Falco e l&#8217;uomo era in condizioni molto gravi. Il paziente \u00e8 stato preso in carico in codice 3. L&#8217;uomo non usciva di casa da un paio di giorni, emigrante in Lussenburgo torna spesso nella sua abitazione dove \u00e8 molto conosciuto nella piccola frazione, proprio per questo \u00e8 stata notata la sua assenza, da almeno due giorni. I vigili del fuoco sono entrati in casa dopo aver forzato la porta d&#8217;ingresso.<\/p><\/blockquote>\n<p><strong>REDAZIONE<\/strong> Alle 15:30 di ieri \u00e8 stata allertata la centrale opertiva del Suem 118 per un minorenne che si era fatto male sulle piste di Falcade. In soccorso l&#8217;ambulanza di Agordo che ha portato in piazzola a Falcade il giovane che subito dopo \u00e8 stato elitrasportato al San Martino di Belluno. La giornata del Suem \u00e8 stata impegnativa. Alle 12 un 31enne di Treviso \u00e8 stato portato all&#8217;ospedale di Feltre dopo essere stato investito con la sua bicicletta a Quero. Ad Arabba, Bec de Roces, un uomo di 71 anni di Brolo \u00e8 stato elitrasportato a Belluno per politrauma. Sempre a Bec De Roces un giovane \u00e8 stato soccorso da Falco. A Cherz, Arabba, un polacco di 47 anni \u00e8 stato elitrasportato a Brunico in seguito ad un trauma cranico.<\/p>\n<p><strong>LE FOTO DI DIEGO COSTA DA FALCADE<\/strong><\/p>\n\n\t\t\t<style type='text\/css'>\n\t\t\t\t#gallery-3 {\n\t\t\t\t\tmargin: auto;\n\t\t\t\t}\n\t\t\t\t#gallery-3 .gallery-item {\n\t\t\t\t\tfloat: left;\n\t\t\t\t\tmargin-top: 10px;\n\t\t\t\t\ttext-align: center;\n\t\t\t\t\twidth: 25%;\n\t\t\t\t}\n\t\t\t\t#gallery-3 img {\n\t\t\t\t\tborder: 2px solid #cfcfcf;\n\t\t\t\t}\n\t\t\t\t#gallery-3 .gallery-caption {\n\t\t\t\t\tmargin-left: 0;\n\t\t\t\t}\n\t\t\t\t\/* see gallery_shortcode() in wp-includes\/media.php *\/\n\t\t\t<\/style>\n\t\t<div id='gallery-3' class='dt-gallery-container gallery galleryid-432492 gallery-columns-4 gallery-size-thumbnail'><dl class='gallery-item'>\n\t\t\t\t<dt class='gallery-icon landscape'>\n\t\t\t\t\t<a class=\"rollover rollover-zoom dt-pswp-item\" title=\"CROCE VERDE VALBIOIS DIEGO COSTA (3)\" data-dt-img-description=\"\" data-large_image_width=\"2048\" data-large_image_height=\"1536\"href='https:\/\/www.radiopiu.net\/wordpress\/wp-content\/uploads\/2025\/02\/CROCE-VERDE-VALBIOIS-DIEGO-COSTA-3.jpg'><img loading=\"lazy\" decoding=\"async\" width=\"150\" height=\"150\" src=\"https:\/\/www.radiopiu.net\/wordpress\/wp-content\/uploads\/2025\/02\/CROCE-VERDE-VALBIOIS-DIEGO-COSTA-3-150x150.jpg\" class=\"attachment-thumbnail size-thumbnail\" alt=\"\" \/><\/a>\n\t\t\t\t<\/dt><\/dl><dl class='gallery-item'>\n\t\t\t\t<dt class='gallery-icon portrait'>\n\t\t\t\t\t<a class=\"rollover rollover-zoom dt-pswp-item\" title=\"CROCE VERDE VALBIOIS DIEGO COSTA (2)\" data-dt-img-description=\"\" data-large_image_width=\"1536\" data-large_image_height=\"2048\"href='https:\/\/www.radiopiu.net\/wordpress\/wp-content\/uploads\/2025\/02\/CROCE-VERDE-VALBIOIS-DIEGO-COSTA-2.jpg'><img loading=\"lazy\" decoding=\"async\" width=\"150\" height=\"150\" src=\"https:\/\/www.radiopiu.net\/wordpress\/wp-content\/uploads\/2025\/02\/CROCE-VERDE-VALBIOIS-DIEGO-COSTA-2-150x150.jpg\" class=\"attachment-thumbnail size-thumbnail\" alt=\"\" \/><\/a>\n\t\t\t\t<\/dt><\/dl><dl class='gallery-item'>\n\t\t\t\t<dt class='gallery-icon landscape'>\n\t\t\t\t\t<a class=\"rollover rollover-zoom dt-pswp-item\" title=\"CROCE VERDE VALBIOIS DIEGO COSTA (1)\" data-dt-img-description=\"\" data-large_image_width=\"2048\" data-large_image_height=\"1536\"href='https:\/\/www.radiopiu.net\/wordpress\/wp-content\/uploads\/2025\/02\/CROCE-VERDE-VALBIOIS-DIEGO-COSTA-1.jpg'><img loading=\"lazy\" decoding=\"async\" width=\"150\" height=\"150\" src=\"https:\/\/www.radiopiu.net\/wordpress\/wp-content\/uploads\/2025\/02\/CROCE-VERDE-VALBIOIS-DIEGO-COSTA-1-150x150.jpg\" class=\"attachment-thumbnail size-thumbnail\" alt=\"\" \/><\/a>\n\t\t\t\t<\/dt><\/dl><dl class='gallery-item'>\n\t\t\t\t<dt class='gallery-icon landscape'>\n\t\t\t\t\t<a class=\"rollover rollover-zoom dt-pswp-item\" title=\"CROCE VERDE VAL BIOIS DIEGO COSTA\" data-dt-img-description=\"\" data-large_image_width=\"2048\" data-large_image_height=\"1536\"href='https:\/\/www.radiopiu.net\/wordpress\/wp-content\/uploads\/2025\/02\/CROCE-VERDE-VAL-BIOIS-DIEGO-COSTA.jpg'><img loading=\"lazy\" decoding=\"async\" width=\"150\" height=\"150\" src=\"https:\/\/www.radiopiu.net\/wordpress\/wp-content\/uploads\/2025\/02\/CROCE-VERDE-VAL-BIOIS-DIEGO-COSTA-150x150.jpg\" class=\"attachment-thumbnail size-thumbnail\" alt=\"\" \/><\/a>\n\t\t\t\t<\/dt><\/dl><br style=\"clear: both\" \/>\n\t\t\t<\/div>\n\n<div class=\"articlePlainText\"><strong>\u00a0LIVINALLONGO<\/strong> Due gli interventi ad Arabba: sul Bec de Roces per un ragazzino tedesco con un polirtrauma e a Cherz per un polacco di 41 anni alle prese con un trauma cranico. In questo secondo caso, \u00e8 arrivato l&#8217;Aiut Alpin con destinazione Brunico.<\/div>\n<div><\/div>\n<hr \/>\n<p>&nbsp;<\/p>\n<blockquote>\n<h3>INCIDENTE SUL PASSO FEDAIA<\/h3>\n<\/blockquote>\n<p><strong><a class=\"dt-pswp-item\" href=\"https:\/\/www.radiopiu.net\/wordpress\/wp-content\/uploads\/2025\/02\/6bd85826-1885-432e-a05d-195ae2090105.jpg\" data-dt-img-description=\"\" data-large_image_width=\"720\" data-large_image_height=\"540\"><img loading=\"lazy\" decoding=\"async\" class=\" wp-image-432553 alignleft\" src=\"https:\/\/www.radiopiu.net\/wordpress\/wp-content\/uploads\/2025\/02\/6bd85826-1885-432e-a05d-195ae2090105-300x225.jpg\" alt=\"\" width=\"160\" height=\"120\" srcset=\"https:\/\/www.radiopiu.net\/wordpress\/wp-content\/uploads\/2025\/02\/6bd85826-1885-432e-a05d-195ae2090105-300x225.jpg 300w, https:\/\/www.radiopiu.net\/wordpress\/wp-content\/uploads\/2025\/02\/6bd85826-1885-432e-a05d-195ae2090105.jpg 720w\" sizes=\"auto, (max-width: 160px) 100vw, 160px\" \/><\/a> <\/strong><\/p>\n<p><strong>\u00a0<\/strong><\/p>\n<p><strong>PASSO FEDAIA<\/strong> Nella tarda mattinata di sabato, i Vigili del Fuoco Volontari di Caprile sono intervenuti sul Passo Fedaia per un incidente stradale. L&#8217;intervento \u00e8 avvenuto intorno a mezzogiorno in collaborazione con i Carabinieri di Caprile. Sul posto, i soccorritori hanno operato per mettere in sicurezza l&#8217;area e prestare assistenza.<\/p>\n<p>&nbsp;<\/p>\n<p>&nbsp;<\/p>\n<hr \/>\n<p>&nbsp;<\/p>\n<blockquote>\n<h3>INCIDENTE A SANTA GIUSTINA. FERITI DUE GIOVANI, INCIDENTE CON IL QUAD A CALALZO<\/h3>\n<\/blockquote>\n<p><strong>REDAZIONE<\/strong> Nella notte tra sabato e domenica un incidente stradale a Santa Giustina ha coinvolto due giovani che sono stati portati al Santa Maria Del Prato di Feltre con ferite di media gravit\u00e0. Si tratta di due uomini, un 21enne di Santa Giustina e un 20enne di San Gregorio Nelle Alpi, che sono stati soccorsi dall&#8217;ambulanza del nosocomiio feltrino. Sabato sono stati 13 gli interventi del Suem 118 sulle piste dei comprensori bellunesi. Il pi\u00f9 significativo a Padola dove un 67enne di Belluno \u00e8 stato elitrasportato al San Martino di Belluno per un trauma cranico.<\/p>\n<div class=\"articlePlainSubHead\"><strong>CALALZO<\/strong>\u00a0 Nel pomeriggio di ieri, un 76enne del posto ha avuto un incidente con il quad a quattro ruote. Erano le 15.44. I sanitari si sono sincerati delle condizioni dell&#8217;uomo per poi trasportarlo al vicino ospedale Giovanni Paolo II di Pieve. Codice d&#8217;ingresso al Pronto soccorso 2, traumi di media gravit\u00e0.<\/div>\n<div><\/div>\n<p>&nbsp;<\/p>\n<p><strong>CON I VIGILI DEL FUOCO DI AGORDO<\/strong><\/p>\n<p><strong>AGORDO<\/strong> Ieri vari interventi per i Vigil del fuoco permanenti e volontari di Agordo.\u00a0 Nel pomeriggio-sera\u00a0 soccorso persona a Carfon di Canale d&#8217;Agordo, con Suem e Carabinieri. Apertura veicolo a Molino (Falcade). Recupero furgone sempre a Falcade, frazione Molino. Incidente stradale senza feriti a Listolade, Sr 203 Agordina.<\/p>\n<p>&nbsp;<\/p>\n<h2><strong>DILLO A\u00a0 RADIO PIU:<\/strong> Ieri pomeriggio un pulmino di una associazione sciistica locale, parcheggiato lungo la strada, \u00e8 scivolato dentro un prato. Non \u00e8 la prima volta che accadono episodi simili su quella discesa. Forse \u00e8 arrivato il momento di trovare una soluzione?<\/h2>\n<h2><\/h2>\n<h2><\/h2>\n<div>\n<hr \/>\n<\/div>\n<blockquote>\n<h2>Caccia ai ladri ad Alano: fuggiti verso il Trevigiano<\/h2>\n<\/blockquote>\n<div>\n<p>**<\/p>\n<p>SETTEVILLE<\/p>\n<div class=\"flex-shrink-0 flex flex-col relative items-end\">\n<div>\n<div class=\"pt-0\">\n<div class=\"gizmo-bot-avatar flex h-8 w-8 items-center justify-center overflow-hidden rounded-full\">\n<div class=\"relative p-1 rounded-sm flex items-center justify-center bg-token-main-surface-primary text-token-text-primary h-8 w-8\"><\/div>\n<\/div>\n<\/div>\n<\/div>\n<\/div>\n<div class=\"group\/conversation-turn relative flex w-full min-w-0 flex-col agent-turn\">\n<div class=\"flex-col gap-1 md:gap-3\">\n<div class=\"flex max-w-full flex-col flex-grow\">\n<div class=\"min-h-8 text-message flex w-full flex-col items-end gap-2 whitespace-normal break-words text-start [.text-message+&amp;]:mt-5\" dir=\"auto\" data-message-author-role=\"assistant\" data-message-id=\"34350fa8-7d2a-4c7f-914f-890d9bb41b9f\" data-message-model-slug=\"gpt-4o\">\n<div class=\"flex w-full flex-col gap-1 empty:hidden first:pt-[3px]\">\n<div class=\"markdown prose w-full break-words dark:prose-invert dark\">\n<p><img loading=\"lazy\" decoding=\"async\" class=\"alignleft\" src=\"https:\/\/www.radiopiu.net\/wordpress\/wp-content\/uploads\/2024\/11\/incidente-moto-agordo-e-carabinieri-1.jpg\" width=\"244\" height=\"183\" \/>Sabato sera ad Alano, nel comune di Setteville, \u00e8 scattata una vera e propria caccia ai ladri. Tre individui sospetti sono stati avvistati nella zona di via Monfenera, cercando poi di fuggire verso il monte omonimo, in direzione del territorio trevigiano.<\/p>\n<p>Nonostante l&#8217;impiego di visori notturni, posti di blocco e le verifiche dei carabinieri della Compagnia di Feltre, i tre sono riusciti a far perdere le loro tracce. Tra i residenti cresce la rabbia: i malviventi avrebbero fatto incursioni nelle propriet\u00e0 private, arrivando persino ad accendere un fuoco per scaldarsi. L\u2019episodio ha alimentato preoccupazione e richieste di maggiori controlli nella zona.<\/p>\n<\/div>\n<\/div>\n<p>FOTO ARCHIVIO RADIOPIU<\/p>\n<\/div>\n<\/div>\n<\/div>\n<\/div>\n<\/div>\n<div><\/div>\n<div>\n<hr \/>\n<\/div>\n<div><\/div>\n<blockquote>\n<h1>AGGREDISCE IL VIGILE IN PIAZZA, VIA AL PROCESSO<\/h1>\n<\/blockquote>\n<div>\n<p>&nbsp;<\/p>\n<p>OGGI LA GIUDIZIARIA<\/p>\n<p>SUL CORRIERE DELLE ALPI, SINTESI ARTICOLI GIGI SOSSO<\/p>\n<p>&nbsp;<\/p>\n<div class=\"group\/conversation-turn relative flex w-full min-w-0 flex-col agent-turn\">\n<div class=\"flex-col gap-1 md:gap-3\">\n<div class=\"flex max-w-full flex-col flex-grow\">\n<div class=\"min-h-8 text-message flex w-full flex-col items-end gap-2 whitespace-normal break-words text-start [.text-message+&amp;]:mt-5\" dir=\"auto\" data-message-author-role=\"assistant\" data-message-id=\"8a1d0993-125b-4a4b-8da5-2cbc4feae511\" data-message-model-slug=\"gpt-4o\">\n<div class=\"flex w-full flex-col gap-1 empty:hidden first:pt-[3px]\">\n<div class=\"markdown prose w-full break-words dark:prose-invert dark\">\n<blockquote><p><strong><img decoding=\"async\" class=\"alignleft\" src=\"https:\/\/www.radiopiu.net\/wordpress\/wp-content\/uploads\/2025\/02\/Senza-nome-5.png\" \/>Aggred\u00ec un vigile in piazza, a processo il 27 febbraio<\/strong><\/p><\/blockquote>\n<p><strong>BELLUNO<\/strong> Un 24enne albanese residente in citt\u00e0 andr\u00e0 a processo il 27 febbraio per l&#8217;aggressione a un vigile urbano in piazza dei Martiri, avvenuta il 27 gennaio 2023. Durante un controllo, l\u2019agente fu prima insultato e poi colpito, riportando una prognosi di cinque giorni. L\u2019imputato, gi\u00e0 noto alle forze dell\u2019ordine, \u00e8 accusato di oltraggio, resistenza a pubblico ufficiale, lesioni aggravate e rifiuto d\u2019identificazione. La strategia difensiva resta incerta, ma un risarcimento potrebbe rappresentare un\u2019attenuante. L\u2019allora comandante Rossetti e il sindaco De Pellegrin condannarono duramente l\u2019accaduto.<\/p>\n<blockquote><p><strong>Lite tra vicini: accuse di stalking, processo in corso<\/strong><\/p><\/blockquote>\n<p><strong>BELLUNO<\/strong> Un&#8217;accesa disputa tra vicini \u00e8 sfociata in un processo per stalking, violazione di domicilio e danneggiamento aggravato. Il querelante sostiene di aver subito minacce e danni, mentre l\u2019imputato si difende negando le accuse. Il giudice Federico Montalto ha avviato il dibattimento, con la prossima udienza fissata al 13 novembre.<\/p>\n<\/div>\n<\/div>\n<p>&nbsp;<\/p>\n<\/div>\n<\/div>\n<\/div>\n<\/div>\n<\/div>\n<div><\/div>\n<hr \/>\n<p>&nbsp;<\/p>\n<blockquote>\n<h3>ZAIA: CANTIERI IN LINEA PER GLI EVENTI SPORTIVI DI MILANO CORTINA 2026<\/h3>\n<\/blockquote>\n<p><strong>MARENO DI PIAVE<\/strong> Il Presidente del Veneto Luca Zaia precisa che i cantieri delle opere olimpiche sono perfettamente in linea. Pista da bob a Cortina che si presenta come una grande opera.<\/p>\n<div style=\"width: 1200px;\" class=\"wp-video\"><video class=\"wp-video-shortcode\" id=\"video-432492-1\" width=\"1200\" height=\"675\" preload=\"metadata\" controls=\"controls\"><source type=\"video\/mp4\" src=\"https:\/\/www.radiopiu.net\/wordpress\/wp-content\/uploads\/2025\/02\/WhatsApp-Video-2025-02-01-at-13.48.54.mp4?_=1\" \/><a href=\"https:\/\/www.radiopiu.net\/wordpress\/wp-content\/uploads\/2025\/02\/WhatsApp-Video-2025-02-01-at-13.48.54.mp4\">https:\/\/www.radiopiu.net\/wordpress\/wp-content\/uploads\/2025\/02\/WhatsApp-Video-2025-02-01-at-13.48.54.mp4<\/a><\/video><\/div>\n<p>&nbsp;<\/p>\n<p>&nbsp;<\/p>\n<hr \/>\n<p>&nbsp;<\/p>\n<blockquote>\n<h3>ZAIA OGGI A BELLUNO<\/h3>\n<\/blockquote>\n<p><strong>BELLUNO <\/strong>Oggi alle 11.30, il Presidente della Regione Veneto, Luca Zaia, sar\u00e0 a Belluno in occasione dell\u2019inaugurazione della sala ibrida e della sala di emodinamica dell\u2019Ospedale San Martino. L\u2019appuntamento \u00e8 alle 11.30 nella sala convegni dell\u2019Ospedale, in Viale Europa 22.<\/p>\n<p>&nbsp;<\/p>\n<p>&nbsp;<\/p>\n<hr \/>\n<p>&nbsp;<\/p>\n<blockquote>\n<h3>IL PATTO DIGITALE AGORDINO VERRA PRESENTATO A CENCENIGHE<\/h3>\n<\/blockquote>\n<p><strong><a class=\"dt-pswp-item\" href=\"https:\/\/www.radiopiu.net\/wordpress\/wp-content\/uploads\/2022\/11\/CENCENIGHE-NOF-FILO.png\" data-dt-img-description=\"\" data-large_image_width=\"1494\" data-large_image_height=\"962\"><img loading=\"lazy\" decoding=\"async\" class=\" wp-image-308445 alignleft\" src=\"https:\/\/www.radiopiu.net\/wordpress\/wp-content\/uploads\/2022\/11\/CENCENIGHE-NOF-FILO-300x193.png\" alt=\"\" width=\"219\" height=\"141\" srcset=\"https:\/\/www.radiopiu.net\/wordpress\/wp-content\/uploads\/2022\/11\/CENCENIGHE-NOF-FILO-300x193.png 300w, https:\/\/www.radiopiu.net\/wordpress\/wp-content\/uploads\/2022\/11\/CENCENIGHE-NOF-FILO-1024x659.png 1024w, https:\/\/www.radiopiu.net\/wordpress\/wp-content\/uploads\/2022\/11\/CENCENIGHE-NOF-FILO-768x495.png 768w, https:\/\/www.radiopiu.net\/wordpress\/wp-content\/uploads\/2022\/11\/CENCENIGHE-NOF-FILO.png 1494w\" sizes=\"auto, (max-width: 219px) 100vw, 219px\" \/><\/a>CENCENIGHE<\/strong><\/p>\n<p>DI GIANNI SANTOMASO<\/p>\n<audio class=\"wp-audio-shortcode\" id=\"audio-432492-9\" preload=\"none\" style=\"width: 100%;\" controls=\"controls\"><source type=\"audio\/mpeg\" src=\"https:\/\/www.radiopiu.net\/wordpress\/wp-content\/uploads\/2025\/02\/GIANNI-IL-PATTO-DIGITALE-AGORDINO-VERRA-PRESENTATO-A-CENCENIGHE.mp3?_=9\" \/><a href=\"https:\/\/www.radiopiu.net\/wordpress\/wp-content\/uploads\/2025\/02\/GIANNI-IL-PATTO-DIGITALE-AGORDINO-VERRA-PRESENTATO-A-CENCENIGHE.mp3\">https:\/\/www.radiopiu.net\/wordpress\/wp-content\/uploads\/2025\/02\/GIANNI-IL-PATTO-DIGITALE-AGORDINO-VERRA-PRESENTATO-A-CENCENIGHE.mp3<\/a><\/audio>\n<p>&nbsp;<\/p>\n<hr \/>\n<p>&nbsp;<\/p>\n<blockquote>\n<h3>INSIDE: UN GRANDE SUCCESSO PER L\u2019INTERNAZIONALIZZAZIONE DELLE IMPRESE VENETE<\/h3>\n<\/blockquote>\n<p><strong>TREVISO<\/strong> Il primo evento INSIDE ha registrato un grande successo, coinvolgendo 90 aziende venete interessate ai mercati internazionali. Organizzato da Venicepromex, ha favorito il confronto tra imprese e Camere di Commercio Italiane all\u2019estero, offrendo informazioni strategiche. Il format ha approfondito settori chiave come meccanica, moda e forniture ospedaliere, con interventi di esperti da vari Paesi. Mario Pozza ha sottolineato l\u2019importanza di espandere il Veneto oltre i mercati europei, ormai deboli. Le Camere di Commercio all\u2019estero sono fondamentali per questa missione, conoscendo bene sia i mercati locali che le imprese italiane. Diversificare i mercati \u00e8 essenziale per affrontare le sfide globali. L\u2019evento ha rafforzato la collaborazione tra sistema camerale e imprese, creando nuove opportunit\u00e0 di crescita. Un ringraziamento speciale \u00e8 stato rivolto ai rappresentanti delle Camere di Commercio di Vietnam, Emirati Arabi, Bulgaria, USA, Colombia e Mozambico. L\u2019iniziativa ha confermato il valore della cooperazione internazionale per lo sviluppo delle aziende venete.<\/p>\n\n\t\t\t<style type='text\/css'>\n\t\t\t\t#gallery-4 {\n\t\t\t\t\tmargin: auto;\n\t\t\t\t}\n\t\t\t\t#gallery-4 .gallery-item {\n\t\t\t\t\tfloat: left;\n\t\t\t\t\tmargin-top: 10px;\n\t\t\t\t\ttext-align: center;\n\t\t\t\t\twidth: 25%;\n\t\t\t\t}\n\t\t\t\t#gallery-4 img {\n\t\t\t\t\tborder: 2px solid #cfcfcf;\n\t\t\t\t}\n\t\t\t\t#gallery-4 .gallery-caption {\n\t\t\t\t\tmargin-left: 0;\n\t\t\t\t}\n\t\t\t\t\/* see gallery_shortcode() in wp-includes\/media.php *\/\n\t\t\t<\/style>\n\t\t<div id='gallery-4' class='dt-gallery-container gallery galleryid-432492 gallery-columns-4 gallery-size-thumbnail'><dl class='gallery-item'>\n\t\t\t\t<dt class='gallery-icon landscape'>\n\t\t\t\t\t<a class=\"rollover rollover-zoom dt-pswp-item\" title=\"INSIDE-CCIAATB-CCIE\" data-dt-img-description=\"\" data-large_image_width=\"1280\" data-large_image_height=\"1102\"href='https:\/\/www.radiopiu.net\/wordpress\/wp-content\/uploads\/2025\/02\/INSIDE-CCIAATB-CCIE.jpg'><img loading=\"lazy\" decoding=\"async\" width=\"150\" height=\"150\" src=\"https:\/\/www.radiopiu.net\/wordpress\/wp-content\/uploads\/2025\/02\/INSIDE-CCIAATB-CCIE-150x150.jpg\" class=\"attachment-thumbnail size-thumbnail\" alt=\"\" \/><\/a>\n\t\t\t\t<\/dt><\/dl><dl class='gallery-item'>\n\t\t\t\t<dt class='gallery-icon landscape'>\n\t\t\t\t\t<a class=\"rollover rollover-zoom dt-pswp-item\" title=\"Conzato-Pres.Pozza-Pres.Santi\" data-dt-img-description=\"\" data-large_image_width=\"1280\" data-large_image_height=\"720\"href='https:\/\/www.radiopiu.net\/wordpress\/wp-content\/uploads\/2025\/02\/Conzato-Pres.Pozza-Pres.Santi_.jpg'><img loading=\"lazy\" decoding=\"async\" width=\"150\" height=\"150\" src=\"https:\/\/www.radiopiu.net\/wordpress\/wp-content\/uploads\/2025\/02\/Conzato-Pres.Pozza-Pres.Santi_-150x150.jpg\" class=\"attachment-thumbnail size-thumbnail\" alt=\"\" \/><\/a>\n\t\t\t\t<\/dt><\/dl><dl class='gallery-item'>\n\t\t\t\t<dt class='gallery-icon landscape'>\n\t\t\t\t\t<a class=\"rollover rollover-zoom dt-pswp-item\" title=\"Camera-Ita-Estero-Vietnam\" data-dt-img-description=\"\" data-large_image_width=\"1242\" data-large_image_height=\"694\"href='https:\/\/www.radiopiu.net\/wordpress\/wp-content\/uploads\/2025\/02\/Camera-Ita-Estero-Vietnam.jpg'><img loading=\"lazy\" decoding=\"async\" width=\"150\" height=\"150\" src=\"https:\/\/www.radiopiu.net\/wordpress\/wp-content\/uploads\/2025\/02\/Camera-Ita-Estero-Vietnam-150x150.jpg\" class=\"attachment-thumbnail size-thumbnail\" alt=\"\" \/><\/a>\n\t\t\t\t<\/dt><\/dl><dl class='gallery-item'>\n\t\t\t\t<dt class='gallery-icon landscape'>\n\t\t\t\t\t<a class=\"rollover rollover-zoom dt-pswp-item\" title=\"Unknown-1\" data-dt-img-description=\"\" data-large_image_width=\"1280\" data-large_image_height=\"960\"href='https:\/\/www.radiopiu.net\/wordpress\/wp-content\/uploads\/2025\/02\/Unknown-1.jpeg'><img loading=\"lazy\" decoding=\"async\" width=\"150\" height=\"150\" src=\"https:\/\/www.radiopiu.net\/wordpress\/wp-content\/uploads\/2025\/02\/Unknown-1-150x150.jpeg\" class=\"attachment-thumbnail size-thumbnail\" alt=\"\" \/><\/a>\n\t\t\t\t<\/dt><\/dl><br style=\"clear: both\" \/>\n\t\t\t<\/div>\n\n<p>&nbsp;<\/p>\n<hr \/>\n<p>&nbsp;<\/p>\n<blockquote>\n<h3>INNER WHEEL BELLUNO E INSIEME SI PU\u00d2 PER \u201cTUTTI A SCUOLA?!\u201d<\/h3>\n<\/blockquote>\n<p><strong><a class=\"dt-pswp-item\" href=\"https:\/\/www.radiopiu.net\/wordpress\/wp-content\/uploads\/2025\/02\/Inner-Wheel-BL-e-ISP-per-Tutti-a-scuola-scaled.jpg\" data-dt-img-description=\"\" data-large_image_width=\"2560\" data-large_image_height=\"1438\"><img loading=\"lazy\" decoding=\"async\" class=\" wp-image-432509 alignleft\" src=\"https:\/\/www.radiopiu.net\/wordpress\/wp-content\/uploads\/2025\/02\/Inner-Wheel-BL-e-ISP-per-Tutti-a-scuola-300x169.jpg\" alt=\"\" width=\"231\" height=\"130\" srcset=\"https:\/\/www.radiopiu.net\/wordpress\/wp-content\/uploads\/2025\/02\/Inner-Wheel-BL-e-ISP-per-Tutti-a-scuola-300x169.jpg 300w, https:\/\/www.radiopiu.net\/wordpress\/wp-content\/uploads\/2025\/02\/Inner-Wheel-BL-e-ISP-per-Tutti-a-scuola-1024x575.jpg 1024w, https:\/\/www.radiopiu.net\/wordpress\/wp-content\/uploads\/2025\/02\/Inner-Wheel-BL-e-ISP-per-Tutti-a-scuola-768x431.jpg 768w, https:\/\/www.radiopiu.net\/wordpress\/wp-content\/uploads\/2025\/02\/Inner-Wheel-BL-e-ISP-per-Tutti-a-scuola-1536x863.jpg 1536w, https:\/\/www.radiopiu.net\/wordpress\/wp-content\/uploads\/2025\/02\/Inner-Wheel-BL-e-ISP-per-Tutti-a-scuola-2048x1150.jpg 2048w\" sizes=\"auto, (max-width: 231px) 100vw, 231px\" \/><\/a>BELLUNO<\/strong> Il Club Inner Wheel di Belluno ha donato 4.000 euro all\u2019Associazione \u201cInsieme si pu\u00f2\u2026\u201d per sostenere il progetto \u201cTutti a scuola?!\u201d, volto ad aiutare famiglie in difficolt\u00e0 a coprire le spese scolastiche. La raccolta fondi \u00e8 stata realizzata con un mercatino vintage nell\u2019ambito dell\u2019iniziativa \u201cCrescere sani e sereni\u201d, che si occupa di servizi per bambini e ragazzi. Il contributo si aggiunge ai 16.000 euro gi\u00e0 destinati nel 2024 a 71 studenti di 13 Comuni del Bellunese. Il direttore dell\u2019associazione, Daniele Giaffredo, sottolinea l\u2019importanza della rete solidale per garantire il diritto allo studio e promuovere l\u2019inclusione sociale. L\u2019Inner Wheel di Belluno, gi\u00e0 attiva in progetti di solidariet\u00e0, aveva sostenuto in passato le donne afghane. La collaborazione tra le due realt\u00e0 dimostra come l\u2019unione delle forze possa creare un cambiamento reale nel territorio.<\/p>\n<p>&nbsp;<\/p>\n<p>&nbsp;<\/p>\n<hr \/>\n<p>&nbsp;<\/p>\n<blockquote>\n<h3>GIORNATA NAZIONALE DELLE VITTIME CIVILI DI GUERRA<\/h3>\n<\/blockquote>\n<p><strong><a class=\"dt-pswp-item\" href=\"https:\/\/www.radiopiu.net\/wordpress\/wp-content\/uploads\/2025\/02\/Giornata-Nazionale-Vittime-Civili-di-Guerra.jpeg\" data-dt-img-description=\"\" data-large_image_width=\"1600\" data-large_image_height=\"1066\"><img loading=\"lazy\" decoding=\"async\" class=\" wp-image-432542 alignleft\" src=\"https:\/\/www.radiopiu.net\/wordpress\/wp-content\/uploads\/2025\/02\/Giornata-Nazionale-Vittime-Civili-di-Guerra-300x200.jpeg\" alt=\"\" width=\"191\" height=\"127\" srcset=\"https:\/\/www.radiopiu.net\/wordpress\/wp-content\/uploads\/2025\/02\/Giornata-Nazionale-Vittime-Civili-di-Guerra-300x200.jpeg 300w, https:\/\/www.radiopiu.net\/wordpress\/wp-content\/uploads\/2025\/02\/Giornata-Nazionale-Vittime-Civili-di-Guerra-1024x682.jpeg 1024w, https:\/\/www.radiopiu.net\/wordpress\/wp-content\/uploads\/2025\/02\/Giornata-Nazionale-Vittime-Civili-di-Guerra-768x512.jpeg 768w, https:\/\/www.radiopiu.net\/wordpress\/wp-content\/uploads\/2025\/02\/Giornata-Nazionale-Vittime-Civili-di-Guerra-1536x1023.jpeg 1536w, https:\/\/www.radiopiu.net\/wordpress\/wp-content\/uploads\/2025\/02\/Giornata-Nazionale-Vittime-Civili-di-Guerra.jpeg 1600w\" sizes=\"auto, (max-width: 191px) 100vw, 191px\" \/><\/a>BELLUNO<\/strong> Il sindaco di Belluno, Oscar De Pellegrin, sottolinea l&#8217;importanza della pace e dell&#8217;accoglienza quotidiana in occasione della Giornata nazionale delle vittime civili di guerra. Per celebrare l&#8217;evento, il Comune ha accolto una delegazione dell\u2019ANVCG e ha illuminato il Teatro comunale di blu. De Pellegrin ricorda che le guerre lasciano ferite profonde anche sui sopravvissuti, come dimostrano i rifugiati ucraini accolti in Italia. Il presidente provinciale dell\u2019ANVCG, Michele Vigne, evidenzia come l\u2019attenzione verso le vittime civili vari a seconda della vicinanza dei conflitti. Ribadisce inoltre che le conseguenze della guerra non finiscono con i trattati di pace, ma persistono per decenni. La giornata invita a riflettere sul principio universale di umanit\u00e0 e sulla necessit\u00e0 di protezione per i civili. L\u2019ANVCG si impegna a mantenere viva l\u2019attenzione su queste tematiche, anche quando risultano scomode.<\/p>\n<p>&nbsp;<\/p>\n<p>&nbsp;<\/p>\n<hr \/>\n<p>&nbsp;<\/p>\n<blockquote>\n<h3>CONTRIBUTI ALLE ASSOCIAZIONI CITTADINE DI BELLUNO PER IL 2025<\/h3>\n<\/blockquote>\n<p><strong><a class=\"dt-pswp-item\" href=\"https:\/\/www.radiopiu.net\/wordpress\/wp-content\/uploads\/2022\/12\/PALAZZO-ROSSO.png\" data-dt-img-description=\"\" data-large_image_width=\"2076\" data-large_image_height=\"1328\"><img loading=\"lazy\" decoding=\"async\" class=\" wp-image-313801 alignleft\" src=\"https:\/\/www.radiopiu.net\/wordpress\/wp-content\/uploads\/2022\/12\/PALAZZO-ROSSO-300x192.png\" alt=\"\" width=\"195\" height=\"125\" srcset=\"https:\/\/www.radiopiu.net\/wordpress\/wp-content\/uploads\/2022\/12\/PALAZZO-ROSSO-300x192.png 300w, https:\/\/www.radiopiu.net\/wordpress\/wp-content\/uploads\/2022\/12\/PALAZZO-ROSSO-1024x655.png 1024w, https:\/\/www.radiopiu.net\/wordpress\/wp-content\/uploads\/2022\/12\/PALAZZO-ROSSO-768x491.png 768w, https:\/\/www.radiopiu.net\/wordpress\/wp-content\/uploads\/2022\/12\/PALAZZO-ROSSO-1536x983.png 1536w, https:\/\/www.radiopiu.net\/wordpress\/wp-content\/uploads\/2022\/12\/PALAZZO-ROSSO-2048x1310.png 2048w\" sizes=\"auto, (max-width: 195px) 100vw, 195px\" \/><\/a>BELLUNO<\/strong> L\u2019assessore al turismo di Belluno, Paolo Luciani, ha risposto all\u2019interrogazione sui criteri per l\u2019assegnazione dei contributi 2025 alle associazioni cittadine. Ha spiegato che i fondi sono destinati a eventi di interesse per la collettivit\u00e0, in base al regolamento comunale del 2018. Le iniziative devono attrarre visitatori, valorizzare la citt\u00e0 e favorire un&#8217;ampia partecipazione. Il Comune stabilisce l\u2019entit\u00e0 del contributo in base all\u2019impatto sociale e culturale dell\u2019evento, senza superare il 50% della spesa sostenuta e rendicontata. Associazioni gi\u00e0 beneficiarie di altri fondi comunali nell&#8217;anno non possono presentare domanda. Il bando \u00e8 aperto a organizzatori di eventi singoli, continuativi o estemporanei. Anche le associazioni con sede fuori Belluno possono ricevere fondi, purch\u00e9 abbiano realizzato eventi nel territorio comunale, garantendo gli stessi benefici sociali delle associazioni locali.<\/p>\n<p>&nbsp;<\/p>\n<p>&nbsp;<\/p>\n<hr \/>\n<p>&nbsp;<\/p>\n<blockquote>\n<h3>NUOVO CANILE COMUNALE A LEVEGO<\/h3>\n<\/blockquote>\n<p><strong><a class=\"dt-pswp-item\" href=\"https:\/\/www.radiopiu.net\/wordpress\/wp-content\/uploads\/2023\/06\/CANE-FIUTA-OK.jpeg\" data-dt-img-description=\"\" data-large_image_width=\"1468\" data-large_image_height=\"1100\"><img loading=\"lazy\" decoding=\"async\" class=\" wp-image-339245 alignleft\" src=\"https:\/\/www.radiopiu.net\/wordpress\/wp-content\/uploads\/2023\/06\/CANE-FIUTA-OK-300x225.jpeg\" alt=\"\" width=\"175\" height=\"131\" srcset=\"https:\/\/www.radiopiu.net\/wordpress\/wp-content\/uploads\/2023\/06\/CANE-FIUTA-OK-300x225.jpeg 300w, https:\/\/www.radiopiu.net\/wordpress\/wp-content\/uploads\/2023\/06\/CANE-FIUTA-OK-1024x767.jpeg 1024w, https:\/\/www.radiopiu.net\/wordpress\/wp-content\/uploads\/2023\/06\/CANE-FIUTA-OK-768x575.jpeg 768w, https:\/\/www.radiopiu.net\/wordpress\/wp-content\/uploads\/2023\/06\/CANE-FIUTA-OK.jpeg 1468w\" sizes=\"auto, (max-width: 175px) 100vw, 175px\" \/><\/a>BELLUNO<\/strong> L\u2019assessore ai lavori pubblici di Belluno, Franco Roccon, ha risposto all\u2019interrogazione della consigliera Lucia Olivotto sul progetto del nuovo canile sanitario. L\u2019Amministrazione ha deciso di risolvere il problema, ignorato dalle precedenti giunte, utilizzando i 190 mila euro derivanti da un lascito testamentario. Tra settembre e novembre 2024, il Comune e l\u2019AULSS 1 Dolomiti hanno stabilito di dismettere il vecchio canile di via Cappellari e costruirne uno nuovo a Levego. La nuova struttura includer\u00e0 uffici e ambulatori veterinari e servir\u00e0 l\u2019intero territorio bellunese. Il Comune metter\u00e0 a disposizione il terreno e finanzier\u00e0 il progetto preliminare, mentre l\u2019AULSS stimer\u00e0 il valore dell\u2019attuale immobile per cofinanziare la nuova struttura con l\u2019eventuale vendita. Ulteriori finanziamenti saranno cercati dopo la redazione del progetto definitivo.<\/p>\n<p>&nbsp;<\/p>\n<p>&nbsp;<\/p>\n<hr \/>\n<p>&nbsp;<\/p>\n<blockquote>\n<h3>VARIANTE DI LONGARONE E IL COMITATO CIVICO<\/h3>\n<\/blockquote>\n<p><strong><a class=\"dt-pswp-item\" href=\"https:\/\/www.radiopiu.net\/wordpress\/wp-content\/uploads\/2021\/10\/SS-51-Longarone-Castellavazzo.jpeg\" data-dt-img-description=\"\" data-large_image_width=\"1600\" data-large_image_height=\"1200\"><img loading=\"lazy\" decoding=\"async\" class=\" wp-image-234808 alignleft\" src=\"https:\/\/www.radiopiu.net\/wordpress\/wp-content\/uploads\/2021\/10\/SS-51-Longarone-Castellavazzo-300x225.jpeg\" alt=\"\" width=\"156\" height=\"117\" srcset=\"https:\/\/www.radiopiu.net\/wordpress\/wp-content\/uploads\/2021\/10\/SS-51-Longarone-Castellavazzo-300x225.jpeg 300w, https:\/\/www.radiopiu.net\/wordpress\/wp-content\/uploads\/2021\/10\/SS-51-Longarone-Castellavazzo-1024x768.jpeg 1024w, https:\/\/www.radiopiu.net\/wordpress\/wp-content\/uploads\/2021\/10\/SS-51-Longarone-Castellavazzo-768x576.jpeg 768w, https:\/\/www.radiopiu.net\/wordpress\/wp-content\/uploads\/2021\/10\/SS-51-Longarone-Castellavazzo-1536x1152.jpeg 1536w, https:\/\/www.radiopiu.net\/wordpress\/wp-content\/uploads\/2021\/10\/SS-51-Longarone-Castellavazzo.jpeg 1600w\" sizes=\"auto, (max-width: 156px) 100vw, 156px\" \/><\/a>LONGARONE<\/strong> Il Comitato Civico per la Variante di Longarone \u00e8 nato tra aprile e maggio 2024 per migliorare il progetto definitivo dell\u2019ANAS, garantendo il rispetto ambientale, storico e sociale. Apolitico e senza scopo di lucro, sostiene la Variante proponendo modifiche per ridurne l\u2019impatto. Ha avanzato richieste come l\u2019eliminazione di un viadotto in zona Fiere, la revisione delle barriere acustiche e l\u2019adeguamento della viabilit\u00e0 industriale. Ha scelto un profilo discreto per favorire il dialogo istituzionale, ottenendo gi\u00e0 alcuni risultati. Continua a monitorare i lavori per garantire un\u2019infrastruttura sostenibile e rispettosa del territorio, collaborando con enti e cittadini.<\/p>\n<p>&nbsp;<\/p>\n<p>&nbsp;<\/p>\n<hr \/>\n<p>&nbsp;<\/p>\n<blockquote>\n<h3>GIORNATA DEL MALATO: LE CELEBRAZIONI IN ULSS 1 DOLOMITI<\/h3>\n<\/blockquote>\n<p><strong><a class=\"dt-pswp-item\" href=\"https:\/\/www.radiopiu.net\/wordpress\/wp-content\/uploads\/2025\/02\/Giornata-del-malato_2025.jpg\" data-dt-img-description=\"\" data-large_image_width=\"841\" data-large_image_height=\"595\"><img loading=\"lazy\" decoding=\"async\" class=\" wp-image-432500 alignleft\" src=\"https:\/\/www.radiopiu.net\/wordpress\/wp-content\/uploads\/2025\/02\/Giornata-del-malato_2025-300x212.jpg\" alt=\"\" width=\"163\" height=\"115\" srcset=\"https:\/\/www.radiopiu.net\/wordpress\/wp-content\/uploads\/2025\/02\/Giornata-del-malato_2025-300x212.jpg 300w, https:\/\/www.radiopiu.net\/wordpress\/wp-content\/uploads\/2025\/02\/Giornata-del-malato_2025-768x543.jpg 768w, https:\/\/www.radiopiu.net\/wordpress\/wp-content\/uploads\/2025\/02\/Giornata-del-malato_2025.jpg 841w\" sizes=\"auto, (max-width: 163px) 100vw, 163px\" \/><\/a>BELLUNO <\/strong>Il prossimo 11 febbraio ricorre la XXXIII Giornata del Malato, memoria della Beata Vergine Maria di Lourdes, istituita da Giovanni Paolo II nel 1992 con lo scopo di testimoniare una speciale attenzione verso le persone malate, che si trovano nei luoghi di cura o che sono accudite in famiglia. Per questa giornata, come da tradizione, il Vescovo mons. Renato Marangoni, insieme ai cappellani degli ospedali, celebrer\u00e0 due messe in ospedale: <strong>domenica 9 febbriao 2025<\/strong> alle 15.00 \u2013 Ospedale di <strong>Belluno<\/strong> in Sala Convegni; <strong>marted\u00ec 11 febbraio 2025<\/strong> alle 15.30 \u2013 Ospedale di <strong>Feltre<\/strong> in Sala Convegni. Alle celebrazioni, oltre alle persone assistite e al personale sanitario, \u00e8 invitata la cittadinanza.<\/p>\n<p>&nbsp;<\/p>\n<p>&nbsp;<\/p>\n<hr \/>\n<p>&nbsp;<\/p>\n<blockquote>\n<h3>POSTE ITALIANE: IL MOVIMENTO LOTTIAMO INSIEME INCORAGGIA I PRECARI A DENUNCIARE IRREGOLARIT\u00c0<\/h3>\n<\/blockquote>\n<p><strong><a class=\"dt-pswp-item\" href=\"https:\/\/www.radiopiu.net\/wordpress\/wp-content\/uploads\/2025\/02\/355680735_2597394033746139_5349746203996927650_n-2.jpg\" data-dt-img-description=\"\" data-large_image_width=\"1215\" data-large_image_height=\"810\"><img loading=\"lazy\" decoding=\"async\" class=\" wp-image-432541 alignleft\" src=\"https:\/\/www.radiopiu.net\/wordpress\/wp-content\/uploads\/2025\/02\/355680735_2597394033746139_5349746203996927650_n-2-300x200.jpg\" alt=\"\" width=\"200\" height=\"133\" srcset=\"https:\/\/www.radiopiu.net\/wordpress\/wp-content\/uploads\/2025\/02\/355680735_2597394033746139_5349746203996927650_n-2-300x200.jpg 300w, https:\/\/www.radiopiu.net\/wordpress\/wp-content\/uploads\/2025\/02\/355680735_2597394033746139_5349746203996927650_n-2-1024x683.jpg 1024w, https:\/\/www.radiopiu.net\/wordpress\/wp-content\/uploads\/2025\/02\/355680735_2597394033746139_5349746203996927650_n-2-768x512.jpg 768w, https:\/\/www.radiopiu.net\/wordpress\/wp-content\/uploads\/2025\/02\/355680735_2597394033746139_5349746203996927650_n-2.jpg 1215w\" sizes=\"auto, (max-width: 200px) 100vw, 200px\" \/><\/a>ROMA<\/strong> In Poste Italiane molti lavoratori precari, soprattutto portalettere, svolgono ore extra senza retribuzione, prolungando il servizio per completare le consegne. L\u2019azienda considera queste ore come volontarie e non straordinarie, evitando cos\u00ec di pagarle, richiedendo un\u2019autorizzazione preventiva per il riconoscimento. Questo ha portato a un uso sistematico di lavoro gratuito, permettendo a Poste di compensare la carenza di personale senza assumere nuovi dipendenti. Tuttavia, la legge stabilisce che ogni ora lavorata debba essere retribuita. Il Movimento Lottiamo Insieme elogia chi ha denunciato questa ingiustizia, auspicando che altri lavoratori facciano valere i propri diritti per una questione di giustizia e dignit\u00e0.<\/p>\n<p>&nbsp;<\/p>\n<p>&nbsp;<\/p>\n<hr \/>\n<p>&nbsp;<\/p>\n<blockquote>\n<h3>IL FASCINO DEL CALCIO BALILLA, UNO SPORT PER TUTTI<\/h3>\n<\/blockquote>\n<p><strong><a class=\"dt-pswp-item\" href=\"https:\/\/www.radiopiu.net\/wordpress\/wp-content\/uploads\/2025\/02\/calcio-balilla.jpg\" data-dt-img-description=\"\" data-large_image_width=\"1280\" data-large_image_height=\"848\"><img loading=\"lazy\" decoding=\"async\" class=\" wp-image-432629 alignleft\" src=\"https:\/\/www.radiopiu.net\/wordpress\/wp-content\/uploads\/2025\/02\/calcio-balilla-300x199.jpg\" alt=\"\" width=\"205\" height=\"136\" srcset=\"https:\/\/www.radiopiu.net\/wordpress\/wp-content\/uploads\/2025\/02\/calcio-balilla-300x199.jpg 300w, https:\/\/www.radiopiu.net\/wordpress\/wp-content\/uploads\/2025\/02\/calcio-balilla-1024x678.jpg 1024w, https:\/\/www.radiopiu.net\/wordpress\/wp-content\/uploads\/2025\/02\/calcio-balilla-768x509.jpg 768w, https:\/\/www.radiopiu.net\/wordpress\/wp-content\/uploads\/2025\/02\/calcio-balilla.jpg 1280w\" sizes=\"auto, (max-width: 205px) 100vw, 205px\" \/><\/a>BORGO VALBELLUNA<\/strong> Un gruppo di studenti dell\u2019I.C. di Mel ha partecipato al Torneo di Calcio Balilla Integrato presso l&#8217;IIS &#8220;Della Lucia&#8221; di Vellai, un evento che ha coinvolto 78 ragazzi delle scuole bellunesi. Il torneo, organizzato dall&#8217;Ufficio Scolastico Provinciale e dall&#8217;ASD ASSI Sport, ha promosso lo sport inclusivo attraverso partite avvincenti e tifo entusiasta. L\u2019iniziativa rientra nel progetto \u201cIntegralmente Sport e Cultura\u201d, che include anche eventi come la corsa campestre d&#8217;Istituto. L\u2019attivit\u00e0 ha dimostrato come lo sport possa abbattere barriere e favorire l\u2019inclusione. Una coppia di studenti di Mel si \u00e8 classificata al quarto posto, ma l\u2019importante \u00e8 stato il divertimento e la partecipazione. L&#8217;evento anticipa simbolicamente la Giornata dei Calzini Spaiati e l\u2019incontro con l\u2019esploratore disabile Daniele Matterazzo, valorizzando il messaggio di inclusione e condivisione.<\/p>\n<p>&nbsp;<\/p>\n<p>&nbsp;<\/p>\n<hr \/>\n<p>&nbsp;<\/p>\n<blockquote>\n<h3>GLI STUDENTI DEL CATULLO HANNO INCONTRATO LO SCRITTORE PAOLO MALAGUTI<\/h3>\n<\/blockquote>\n<p><strong><a class=\"dt-pswp-item\" href=\"https:\/\/www.radiopiu.net\/wordpress\/wp-content\/uploads\/2025\/02\/SCR-20250202-rddg.jpeg\" data-dt-img-description=\"\" data-large_image_width=\"1156\" data-large_image_height=\"782\"><img loading=\"lazy\" decoding=\"async\" class=\" wp-image-432637 alignleft\" src=\"https:\/\/www.radiopiu.net\/wordpress\/wp-content\/uploads\/2025\/02\/SCR-20250202-rddg-300x203.jpeg\" alt=\"\" width=\"177\" height=\"120\" srcset=\"https:\/\/www.radiopiu.net\/wordpress\/wp-content\/uploads\/2025\/02\/SCR-20250202-rddg-300x203.jpeg 300w, https:\/\/www.radiopiu.net\/wordpress\/wp-content\/uploads\/2025\/02\/SCR-20250202-rddg-1024x693.jpeg 1024w, https:\/\/www.radiopiu.net\/wordpress\/wp-content\/uploads\/2025\/02\/SCR-20250202-rddg-768x520.jpeg 768w, https:\/\/www.radiopiu.net\/wordpress\/wp-content\/uploads\/2025\/02\/SCR-20250202-rddg.jpeg 1156w\" sizes=\"auto, (max-width: 177px) 100vw, 177px\" \/><\/a>BELLUNO<\/strong> Venerd\u00ec 31 gennaio, alcune classi dell&#8217;Istituto \u201cCatullo\u201d hanno incontrato lo scrittore Paolo Malaguti nell\u2019aula magna del Seminario Gregoriano per discutere il suo romanzo <em>Piero fa la Merica<\/em>. Il libro, che racconta l\u2019emigrazione italiana in Brasile alla fine dell\u2019800 attraverso la crescita del giovane Piero, \u00e8 stato analizzato dagli studenti nei mesi precedenti. Durante l\u2019incontro, Malaguti ha stimolato riflessioni su temi come il cambiamento, le scelte, le relazioni e il coraggio, collegandoli anche alla letteratura. Il finale aperto del romanzo ha suscitato grande interesse e dibattito tra i ragazzi, sottolineando il valore della letteratura come spazio di espressione e interpretazione.<\/p>\n<p>&nbsp;<\/p>\n<p>&nbsp;<\/p>\n<hr \/>\n<p>&nbsp;<\/p>\n<blockquote>\n<h3>NUMERO DI GIOVANI VENETI: NEGLI ULTIMI 10 ANNI E\u2019 RIMASTO STABILE<\/h3>\n<\/blockquote>\n<p><strong>Ma il declino demografico \u00e8 alle porte.<\/strong><\/p>\n<p><em><strong>Una curiosit\u00e0: nel 1943 in Veneto avevamo il 170% in pi\u00f9 di nascite rispetto a oggi<\/strong><\/em><\/p>\n<p><a class=\"dt-pswp-item\" href=\"https:\/\/www.radiopiu.net\/wordpress\/wp-content\/uploads\/2025\/02\/20250201085751.png\" data-dt-img-description=\"\" data-large_image_width=\"620\" data-large_image_height=\"584\"><img loading=\"lazy\" decoding=\"async\" class=\"size-medium wp-image-432488 alignleft\" src=\"https:\/\/www.radiopiu.net\/wordpress\/wp-content\/uploads\/2025\/02\/20250201085751-300x283.png\" alt=\"\" width=\"300\" height=\"283\" srcset=\"https:\/\/www.radiopiu.net\/wordpress\/wp-content\/uploads\/2025\/02\/20250201085751-300x283.png 300w, https:\/\/www.radiopiu.net\/wordpress\/wp-content\/uploads\/2025\/02\/20250201085751.png 620w\" sizes=\"auto, (max-width: 300px) 100vw, 300px\" \/><\/a>Il numero dei giovani presenti in Veneto \u00e8 rimasto praticamente stabile. Negli ultimi dieci anni, infatti, la popolazione presente nella nostra regione nella fascia di et\u00e0 tra i 15 e i 34 anni \u00e8 diminuita di quasi 5.500 unit\u00e0, pari al -0,6 per cento. Nel 2014 avevamo 989.127 giovani; nel 2024 il numero \u00e8 leggermente sceso a 983.679. Assieme alla Valle d\u2019Aosta e al Piemonte siamo le uniche regioni del Nord che in questo arco temporale hanno registrato un saldo negativo (vedi Tab. 1). Possiamo ipotizzare che questo risultato sia riconducibile al fatto che il calo della denatalit\u00e0 avvenuta in Veneto \u00e8 stata compensata dall\u2019arrivo di giovani provenienti dal Sud Italia e, soprattutto, dagli stranieri. Le previsioni, per\u00f2, non sono affatto rassicuranti: la denatalit\u00e0 far\u00e0 sentire in suoi effetti negativi in tutto il Paese, cosicch\u00e9 anche nel Veneto la popolazione giovanile \u00e8 destinata a ridursi in misura importante. A dirlo \u00e8 l\u2019Ufficio studi della CGIA.<\/p>\n<p><strong>In difficolt\u00e0 soprattutto Rovigo e Belluno<\/strong><br \/>\nLe province venete che hanno registrato le contrazioni della platea giovanile pi\u00f9 importanti sono state Rovigo e Belluno. Se nel capoluogo polesano il saldo \u00e8 stato pari a -5.855 (-12,8 per cento), in quello dolomitico la diminuzione \u00e8 stata di 1.012 unit\u00e0 (-2,6 per cento). Le pi\u00f9 virtuose, invece, sono state Venezia con il +972 giovani (+0,6 per cento) e, in particolare, Treviso con il +1.073 (+0,9 per cento) (vedi Tab. 2).<\/p>\n<p><strong><a class=\"dt-pswp-item\" href=\"https:\/\/www.radiopiu.net\/wordpress\/wp-content\/uploads\/2025\/02\/20250201085808.png\" data-dt-img-description=\"\" data-large_image_width=\"622\" data-large_image_height=\"262\"><img loading=\"lazy\" decoding=\"async\" class=\"size-medium wp-image-432487 alignleft\" src=\"https:\/\/www.radiopiu.net\/wordpress\/wp-content\/uploads\/2025\/02\/20250201085808-300x126.png\" alt=\"\" width=\"300\" height=\"126\" srcset=\"https:\/\/www.radiopiu.net\/wordpress\/wp-content\/uploads\/2025\/02\/20250201085808-300x126.png 300w, https:\/\/www.radiopiu.net\/wordpress\/wp-content\/uploads\/2025\/02\/20250201085808.png 622w\" sizes=\"auto, (max-width: 300px) 100vw, 300px\" \/><\/a>Investire di pi\u00f9 nella scuola, nell\u2019universit\u00e0 e nella formazione professionale<\/strong><\/p>\n<p>In aggiunta alla diminuzione, quando analizziamo la platea giovanile italiana e per certi versi anche veneta, emergono due aspetti abbastanza preoccupanti: il tasso di occupazione e il livello di istruzione sono inferiori ai rispettivi dati medi europei. Nei prossimi decenni queste criticit\u00e0 potrebbero avere ripercussioni gravissime sul mondo imprenditoriale. Gi\u00e0 da qualche anno avvertiamo il grido di allarme sollevato dagli imprenditori veneti: le aziende incontrano sempre maggiori difficolt\u00e0 nel reperire personale qualificato; questo sia per la mancanza di candidati idonei che per l&#8217;insufficienza delle competenze delle persone chi si presentano ai colloqui. Il disallineamento tra domanda e offerta di lavoro \u00e8 sempre pi\u00f9 evidente e richiede scelte politiche urgenti; investendo, in particolare, molte pi\u00f9 risorse nella scuola, nell\u2019universit\u00e0 e, soprattutto, nella formazione professionale.<\/p>\n<p><strong>Una curiosit\u00e0: nel 1943 +170% di nascite rispetto a oggi<\/strong><br \/>\n<a class=\"dt-pswp-item\" href=\"https:\/\/www.radiopiu.net\/wordpress\/wp-content\/uploads\/2025\/02\/20250201085822.png\" data-dt-img-description=\"\" data-large_image_width=\"419\" data-large_image_height=\"244\"><img loading=\"lazy\" decoding=\"async\" class=\"size-medium wp-image-432486 alignleft\" src=\"https:\/\/www.radiopiu.net\/wordpress\/wp-content\/uploads\/2025\/02\/20250201085822-300x175.png\" alt=\"\" width=\"300\" height=\"175\" srcset=\"https:\/\/www.radiopiu.net\/wordpress\/wp-content\/uploads\/2025\/02\/20250201085822-300x175.png 300w, https:\/\/www.radiopiu.net\/wordpress\/wp-content\/uploads\/2025\/02\/20250201085822.png 419w\" sizes=\"auto, (max-width: 300px) 100vw, 300px\" \/><\/a>Confrontare dati relativi a periodi cos\u00ec distanti nel tempo presenta sempre delle insidie, soprattutto quando si parla di un intervallo di 80 anni. Tuttavia, per quanto riguarda le nascite, il metodo di calcolo non \u00e8 mai cambiato nel corso dei decenni. Continua a basarsi sulle dichiarazioni registrate presso gli sportelli dell\u2019anagrafe di ciascun Comune. Detto ci\u00f2, l\u2019Ufficio studi della CGIA ha effettuato un confronto tra i nati vivi del 1943 e quelli del 2023. I risultati sono sorprendenti: nel pieno della seconda guerra mondiale, le nascite in Veneto furono pari a 82.504, oltre il 170 per cento in pi\u00f9 rispetto alle 30.438 registrate nel 2023. Con tutte le dovute precauzioni, la Tab. 3 permette anche di confrontare tutte le province italiane, evidenziando che nel 1943 ce n&#8217;erano 16 in meno rispetto a quelle attuali1. \u00c8 fondamentale sottolineare che, se nel 1943 il Veneto aveva 1,1 milioni di abitanti in meno rispetto ad oggi ma registrava al contempo 52mila nascite in pi\u00f9, non possiamo continuare a sostenere che la denatalit\u00e0 degli ultimi anni sia esclusivamente attribuibile alla mancanza di servizi per l&#8217;infanzia e all&#8217;insufficienza degli aiuti pubblici alle giovani famiglie. Certo, questi aspetti sono rilevanti, ma \u00e8 altrettanto vero che 80 anni fa, con il Paese in guerra, le condizioni di vita e le prospettive future erano decisamente peggiori rispetto a quelle attuali.<\/p>\n<p><strong>S\u00ec agli immigrati, purch\u00e9 nel loro Paese abbiano imparato l\u2019italiano e un mestiere<\/strong><br \/>\n\u00c8 essenziale chiarire che l&#8217;immigrazione non pu\u00f2 costituire l&#8217;unica risposta ai problemi derivanti dal declino demografico. Tuttavia, nel breve periodo, essa pu\u00f2 rappresentare un valido strumento per affrontare questa sfida, a condizione di essere in grado di preparare adeguatamente le persone che intendono entrare in Italia. Cos\u00ec come ha avuto modo di sottolineare anche il CNEL2, il nostro Paese dovrebbe prevedere delle corsie preferenziali nell&#8217;assegnazione delle quote di ingresso riservate a coloro che, nel proprio paese d&#8217;origine, abbiano frequentato per almeno due anni un corso di lingua italiana e ottenuto una qualifica che attesti il possesso delle competenze professionali richieste dalle nostre imprese. A queste ultime, inoltre, spetterebbe il compito di garantire a questi extracomunitari un&#8217;occupazione stabile e fornire un aiuto concreto nella ricerca di un alloggio a prezzo accessibile.<\/p>\n<p><strong>Quasi il 98% del calo \u00e8 avvenuto al Sud<\/strong><br \/>\nDei 747.672 giovani in meno registrati nell\u2019ultimo decennio (2024-2014) ben 730.756 (pari al 97,7 per cento del totale) sono riconducibili al Mezzogiorno. Altri 119.157 si riferiscono al Centro, mentre il Nord ha ottenuto un buon risultato, in parte ascrivibile alla presenza degli stranieri. Sempre tra il 2014 e il 2024 la popolazione tra i 15 e i 34 \u00e8 aumentata di 46.821 unit\u00e0 nel Nordest e di 55.420 nel Nordovest (vedi Tab. 1). A livello provinciale, invece, le contrazioni pi\u00f9 importanti hanno interessato la Sud Sardegna (-25,4 per cento), Oristano (-23,4), Isernia (-21,5), Reggio Calabria (-19,6) e Catanzaro (-19,3). Delle 107 province monitorate, solo 26 hanno registrato un saldo positivo. Spiccano in particolar modo i risultati ottenuti a Gorizia (+9,7 per cento), Trieste (+9,8), Milano (+10,1) e Bologna (+11,5).<\/p>\n<p>&nbsp;<\/p>\n<p>&nbsp;<\/p>\n<hr \/>\n<p>&nbsp;<\/p>\n<blockquote>\n<h3>AL VIA I NUOVI CORSI DEL PROGETTO DIGITALE FACILE<\/h3>\n<\/blockquote>\n<p><strong>BELLUNO<\/strong> La rete dei Punti di Facilitazione Digitale, finanziata dai fondi PNRR, offre corsi gratuiti per aiutare i cittadini a migliorare le proprie competenze digitali. Il progetto, promosso dal Sistema Informatico Territoriale (SIT), \u00e8 rivolto a persone di tutte le et\u00e0 e alle aziende, con l\u2019obiettivo di ridurre il divario digitale e favorire l\u2019uso consapevole di Internet e delle tecnologie. I corsi, disponibili online e in presenza nella provincia di Belluno, spaziano dalle basi informatiche all\u2019intelligenza artificiale e ai servizi digitali quotidiani. Le iscrizioni sono aperte sulla piattaforma <a href=\"https:\/\/app.innovationlabdolomiti.it\/register\" target=\"_new\" rel=\"noopener\">innovationlabdolomiti.it<\/a>.<\/p>\n<p>&nbsp;<\/p>\n<h1>A Belluno l\u2019arte si fa memoria: inaugurata la mostra di Sara Casal, in arrivo un grande evento a Longarone<\/h1>\n<p>&nbsp;<\/p>\n<p>&nbsp;<\/p>\n<p><strong>BELLUNO<\/strong> Si \u00e8 tenuta all&#8217;azienda agricola Casera di Cavarzano\u00a0 l\u2019inaugurazione della mostra dell\u2019artista <strong>Sara Casal<\/strong> &#8220;Vajont, ricucire con l&#8217;acqua, opera grafica&#8221; una mostra personale che ha unito arte, memoria e riflessione storica. All\u2019incontro erano presenti, tra gli altri\u00a0<strong>Erminio Mazzucco<\/strong> e <strong>Renato Migotti<\/strong> dell\u2019<strong>Associazione Vajont \u2013 Il Futuro della Memoria<\/strong>, che hanno offerto interventi significativi sull\u2019importanza della memoria storica e sulla necessit\u00e0 di trasmettere il ricordo alle nuove generazioni.<\/p>\n<p><a class=\"dt-pswp-item\" href=\"https:\/\/www.radiopiu.net\/wordpress\/wp-content\/uploads\/2025\/02\/69023497_2631169003601480_5163017376643416064_n.jpg\" data-dt-img-description=\"\" data-large_image_width=\"1440\" data-large_image_height=\"1435\"><img loading=\"lazy\" decoding=\"async\" class=\" wp-image-432616 alignright\" src=\"https:\/\/www.radiopiu.net\/wordpress\/wp-content\/uploads\/2025\/02\/69023497_2631169003601480_5163017376643416064_n-300x300.jpg\" alt=\"\" width=\"215\" height=\"215\" srcset=\"https:\/\/www.radiopiu.net\/wordpress\/wp-content\/uploads\/2025\/02\/69023497_2631169003601480_5163017376643416064_n-300x300.jpg 300w, https:\/\/www.radiopiu.net\/wordpress\/wp-content\/uploads\/2025\/02\/69023497_2631169003601480_5163017376643416064_n-1024x1020.jpg 1024w, https:\/\/www.radiopiu.net\/wordpress\/wp-content\/uploads\/2025\/02\/69023497_2631169003601480_5163017376643416064_n-150x150.jpg 150w, https:\/\/www.radiopiu.net\/wordpress\/wp-content\/uploads\/2025\/02\/69023497_2631169003601480_5163017376643416064_n-768x765.jpg 768w, https:\/\/www.radiopiu.net\/wordpress\/wp-content\/uploads\/2025\/02\/69023497_2631169003601480_5163017376643416064_n.jpg 1440w\" sizes=\"auto, (max-width: 215px) 100vw, 215px\" \/><\/a>L\u2019evento segna solo il primo passo di un progetto pi\u00f9 ampio: a <strong>fine aprile &#8211; inizio maggio<\/strong>, infatti, sar\u00e0 allestita una <strong>mostra pi\u00f9 grande a Longarone<\/strong>, un luogo emblematico per la tragedia del Vajont del 1963. L\u2019esposizione vedr\u00e0 protagoniste le opere di <strong>Sara Casal<\/strong> accanto a quelle dell\u2019artista cadorino <strong>Gino Fossali<\/strong>, che realizz\u00f2 i suoi lavori poco dopo il disastro. L\u2019intento \u00e8 quello di raccontare attraverso l\u2019arte il dolore, la resilienza e la memoria di una delle pi\u00f9 grandi sciagure della storia italiana.<\/p>\n<p>La mostra di Longarone si preannuncia come un\u2019importante occasione per approfondire il legame tra arte e memoria storica, permettendo ai visitatori di riflettere su eventi che hanno segnato profondamente il territorio e le comunit\u00e0 locali.L\u2019arte, ancora una volta, si fa strumento di testimonianza e dialogo, invitando a non dimenticare e a costruire un futuro consapevole partendo dalla memoria del passato.<\/p>\n<p>INAUGURAZIONE<\/p>\n<p><strong>AUDIO<\/strong><\/p>\n<audio class=\"wp-audio-shortcode\" id=\"audio-432492-10\" preload=\"none\" style=\"width: 100%;\" controls=\"controls\"><source type=\"audio\/mpeg\" src=\"https:\/\/www.radiopiu.net\/wordpress\/wp-content\/uploads\/2025\/02\/video5834671745440684546-1.mp3?_=10\" \/><a href=\"https:\/\/www.radiopiu.net\/wordpress\/wp-content\/uploads\/2025\/02\/video5834671745440684546-1.mp3\">https:\/\/www.radiopiu.net\/wordpress\/wp-content\/uploads\/2025\/02\/video5834671745440684546-1.mp3<\/a><\/audio>\n<p>&nbsp;<\/p>\n<p><strong>VIDEO<\/strong><\/p>\n<div style=\"width: 848px;\" class=\"wp-video\"><video class=\"wp-video-shortcode\" id=\"video-432492-2\" width=\"848\" height=\"464\" preload=\"metadata\" controls=\"controls\"><source type=\"video\/mp4\" src=\"https:\/\/www.radiopiu.net\/wordpress\/wp-content\/uploads\/2025\/02\/video5834671745440684546-1.mp4?_=2\" \/><a href=\"https:\/\/www.radiopiu.net\/wordpress\/wp-content\/uploads\/2025\/02\/video5834671745440684546-1.mp4\">https:\/\/www.radiopiu.net\/wordpress\/wp-content\/uploads\/2025\/02\/video5834671745440684546-1.mp4<\/a><\/video><\/div>\n<p>&nbsp;<\/p>\n<p>&nbsp;<\/p>\n<p>&nbsp;<\/p>\n<p>&nbsp;<\/p>\n<hr \/>\n<p>&nbsp;<\/p>\n<blockquote>\n<h3>IL PIANTO SULLA VALLE DEL VANOI, DI BEPI DE MARZI<\/h3>\n<\/blockquote>\n<p><strong><a class=\"dt-pswp-item\" href=\"https:\/\/www.radiopiu.net\/wordpress\/wp-content\/uploads\/2025\/02\/Senza-nome-3-e1738487103337.png\" data-dt-img-description=\"\" data-large_image_width=\"244\" data-large_image_height=\"247\"><img loading=\"lazy\" decoding=\"async\" class=\" wp-image-432586 alignleft\" src=\"https:\/\/www.radiopiu.net\/wordpress\/wp-content\/uploads\/2025\/02\/Senza-nome-3-e1738487103337.png\" alt=\"\" width=\"141\" height=\"143\" \/><\/a>Giuseppe &#8220;Bepi&#8221; De Marzi<\/strong> (nato nel 1935 ad Arzignano) \u00e8 un compositore, organista e direttore di coro. Ha insegnato educazione musicale a Valdagno e organo presso istituti musicali di Vicenza e Padova. \u00c8 noto per aver fondato e diretto il coro <strong>&#8220;I Crodaioli&#8221;<\/strong>, con cui ha composto oltre cento brani di ispirazione popolare, tra cui il celebre <strong>&#8220;Signore delle cime&#8221;<\/strong>. Ha collaborato con il poeta Carlo Geminiani e Mario Rigoni Stern, scrivendo canti legati alla tradizione alpina. Autore di musica didattica e sacra, ha pubblicato articoli e saggi sul <em>Giornale di Vicenza<\/em>. Nel 2018 \u00e8 stato insignito del titolo di <strong>commendatore dell&#8217;Ordine al Merito della Repubblica<\/strong>.<\/p>\n<p><strong>L&#8217;AUDIO A CURA DI MARILISA LUCHETTA<\/strong><\/p>\n<audio class=\"wp-audio-shortcode\" id=\"audio-432492-11\" preload=\"none\" style=\"width: 100%;\" controls=\"controls\"><source type=\"audio\/mpeg\" src=\"https:\/\/www.radiopiu.net\/wordpress\/wp-content\/uploads\/2025\/02\/marilisa-luchetta.mp3?_=11\" \/><a href=\"https:\/\/www.radiopiu.net\/wordpress\/wp-content\/uploads\/2025\/02\/marilisa-luchetta.mp3\">https:\/\/www.radiopiu.net\/wordpress\/wp-content\/uploads\/2025\/02\/marilisa-luchetta.mp3<\/a><\/audio>\n<p>&nbsp;<\/p>\n<p><a class=\"dt-pswp-item\" href=\"https:\/\/www.radiopiu.net\/wordpress\/wp-content\/uploads\/2025\/02\/Senza-nome-2.png\" data-dt-img-description=\"\" data-large_image_width=\"815\" data-large_image_height=\"900\"><img loading=\"lazy\" decoding=\"async\" class=\"alignnone wp-image-432584 size-full\" src=\"https:\/\/www.radiopiu.net\/wordpress\/wp-content\/uploads\/2025\/02\/Senza-nome-2.png\" alt=\"\" width=\"815\" height=\"900\" srcset=\"https:\/\/www.radiopiu.net\/wordpress\/wp-content\/uploads\/2025\/02\/Senza-nome-2.png 815w, https:\/\/www.radiopiu.net\/wordpress\/wp-content\/uploads\/2025\/02\/Senza-nome-2-272x300.png 272w, https:\/\/www.radiopiu.net\/wordpress\/wp-content\/uploads\/2025\/02\/Senza-nome-2-768x848.png 768w\" sizes=\"auto, (max-width: 815px) 100vw, 815px\" \/><\/a><\/p>\n<p>&nbsp;<\/p>\n<p>Bepi De Marzi, premiato nel 2007 con il Pelmo d\u2019Oro per la Cultura alpina a Livinallongo, \u00e8 un amico storico del Coro Agordo, con cui mantiene un forte legame affettivo. Ricorda con particolare affetto Salvatore e Lamberto Pietropoli. Nella foto \u00e8 ritratto con Sergio Reolon e Matteo Fiori.<\/p>\n<p><a class=\"dt-pswp-item\" href=\"https:\/\/www.radiopiu.net\/wordpress\/wp-content\/uploads\/2025\/02\/d4b09eba-b54d-445d-8d2c-8fbfa77c7dbf.jpg\" data-dt-img-description=\"\" data-large_image_width=\"640\" data-large_image_height=\"480\"><img loading=\"lazy\" decoding=\"async\" class=\"alignnone wp-image-432593 size-full\" src=\"https:\/\/www.radiopiu.net\/wordpress\/wp-content\/uploads\/2025\/02\/d4b09eba-b54d-445d-8d2c-8fbfa77c7dbf.jpg\" alt=\"\" width=\"640\" height=\"480\" srcset=\"https:\/\/www.radiopiu.net\/wordpress\/wp-content\/uploads\/2025\/02\/d4b09eba-b54d-445d-8d2c-8fbfa77c7dbf.jpg 640w, https:\/\/www.radiopiu.net\/wordpress\/wp-content\/uploads\/2025\/02\/d4b09eba-b54d-445d-8d2c-8fbfa77c7dbf-300x225.jpg 300w\" sizes=\"auto, (max-width: 640px) 100vw, 640px\" \/><\/a><\/p>\n<p>&nbsp;<\/p>\n<hr \/>\n<p>&nbsp;<\/p>\n<blockquote>\n<h3>IL GAMP RINNOVA IL DIRETTIVO<\/h3>\n<\/blockquote>\n<p><strong>AGORDO<\/strong> Il Consiglio Direttivo del GAMP convoca l&#8217;Assemblea Ordinaria dei Soci il 1\u00b0 marzo 2025 alle 17:00 ad Agordo, Sala Don Ferdinando Tamis. All&#8217;ordine del giorno: relazione sulle attivit\u00e0 2024, bilancio 2024, programma 2025, elezioni del Consiglio Direttivo e del Presidente per il biennio 2025\/27, e varie ed eventuali. Possono votare i soci in regola con la quota 2025 e iscritti almeno dal 2024. A seguire la cena con lotteria aperta a tutti, soci, parenti, amici, che si terr\u00e0 alle ore 19:30 presso il ristorante-pizzeria \u201cAgordina\u201d ad Agordo<\/p>\n<p>&nbsp;<\/p>\n<p>&nbsp;<\/p>\n<hr \/>\n<p>&nbsp;<\/p>\n<blockquote>\n<h2>PREMIO TRICHIANA PAESE DEL LIBRO, DA UN&#8217;IDEA DEI FRATELLI MARIO, ALDO E RENZO CORTINA<\/h2>\n<\/blockquote>\n<p>&nbsp;<\/p>\n<p><strong><img loading=\"lazy\" decoding=\"async\" class=\"alignleft\" src=\"https:\/\/www.radiopiu.net\/wordpress\/wp-content\/uploads\/2025\/01\/51814602-60fc-47fd-b4ca-03c62e278a76.jpg\" width=\"225\" height=\"222\" \/>TRICHIANA<\/strong><\/p>\n<p><strong>DI ROBERTO BONA<\/strong><\/p>\n<audio class=\"wp-audio-shortcode\" id=\"audio-432492-12\" preload=\"none\" style=\"width: 100%;\" controls=\"controls\"><source type=\"audio\/mpeg\" src=\"https:\/\/www.radiopiu.net\/wordpress\/wp-content\/uploads\/2025\/01\/trichiana-roberto.mp3?_=12\" \/><a href=\"https:\/\/www.radiopiu.net\/wordpress\/wp-content\/uploads\/2025\/01\/trichiana-roberto.mp3\">https:\/\/www.radiopiu.net\/wordpress\/wp-content\/uploads\/2025\/01\/trichiana-roberto.mp3<\/a><\/audio>\n<p>&nbsp;<\/p>\n<p>&nbsp;<\/p>\n<p>&nbsp;<\/p>\n<p>&nbsp;<\/p>\n<hr \/>\n<p>&nbsp;<\/p>\n<blockquote>\n<h3>LE MUSE E LE DOLOMITI OFFRONO PROVE GRATUITE DI CANTO<\/h3>\n<\/blockquote>\n<p><strong><a class=\"dt-pswp-item\" href=\"https:\/\/www.radiopiu.net\/wordpress\/wp-content\/uploads\/2022\/07\/LE-MUSE.png\" data-dt-img-description=\"\" data-large_image_width=\"750\" data-large_image_height=\"750\"><img loading=\"lazy\" decoding=\"async\" class=\" wp-image-288787 alignleft\" src=\"https:\/\/www.radiopiu.net\/wordpress\/wp-content\/uploads\/2022\/07\/LE-MUSE-300x300.png\" alt=\"\" width=\"101\" height=\"101\" srcset=\"https:\/\/www.radiopiu.net\/wordpress\/wp-content\/uploads\/2022\/07\/LE-MUSE-300x300.png 300w, https:\/\/www.radiopiu.net\/wordpress\/wp-content\/uploads\/2022\/07\/LE-MUSE-150x150.png 150w, https:\/\/www.radiopiu.net\/wordpress\/wp-content\/uploads\/2022\/07\/LE-MUSE.png 750w\" sizes=\"auto, (max-width: 101px) 100vw, 101px\" \/><\/a>REDAZIONE<\/strong> La Scuola Interregionale di Canto e Teatro, promossa dall&#8217;Associazione Le Muse e le Dolomiti, offre una formazione unica per giovani talenti a partire dai 6 anni nelle Dolomiti, con sedi ad Agordo, Caprile, Cavalese, Moena e Vallada Agordina. Gli studenti partecipano a lezioni settimanali e si uniscono nel Coro Teatrale Dolomitico per eventi speciali. Il progetto mira a sviluppare talento artistico e favorire socialit\u00e0, conoscendo meglio le comunit\u00e0 locali e creando legami tra i partecipanti. Il progetto \u00e8 patrocinato da enti locali e offre lezioni di prova gratuite a gennaio e febbraio 2025.<\/p>\n<p>&nbsp;<\/p>\n<div class=\"mb-2 flex gap-3 empty:hidden -ml-2\">\n<div class=\"items-center justify-start rounded-xl p-1 flex\">\n<div class=\"flex items-center\">\n<p>&nbsp;<\/p>\n<p>&nbsp;<\/p>\n<hr \/>\n<p>&nbsp;<\/p>\n<\/div>\n<\/div>\n<\/div>\n<p><strong><a class=\"dt-pswp-item\" href=\"https:\/\/www.radiopiu.net\/wordpress\/wp-content\/uploads\/2024\/11\/AMICI-MINERARI.png\" data-dt-img-description=\"\" data-large_image_width=\"209\" data-large_image_height=\"174\"><img loading=\"lazy\" decoding=\"async\" class=\" wp-image-419180 alignleft\" src=\"https:\/\/www.radiopiu.net\/wordpress\/wp-content\/uploads\/2024\/11\/AMICI-MINERARI.png\" alt=\"\" width=\"168\" height=\"140\" \/><\/a>&#8220;Con gli Amici dei Minerari: Serate d&#8217;Inverno \u2013 un viaggio tra storia, scienza e meraviglie. Incontri presso la Sala con Tamis. Non mancare!&#8221;<\/strong><\/p>\n<ul>\n<li><em>Venerd\u00ec 21 febbraio, ore 20:30<\/em>: &#8220;Il traforo del Brennero: studio, progettazione e realizzazione&#8221; \u2013 Relatori Vittorio Fenti e Mario Guadagnini.<\/li>\n<\/ul>\n<p><strong>Vivi la cultura e la passione per la montagna!<\/strong><\/p>\n<p>&nbsp;<\/p>\n<p>&nbsp;<\/p>\n<hr \/>\n<p>&nbsp;<\/p>\n<blockquote>\n<h2><a class=\"dt-pswp-item\" href=\"https:\/\/www.radiopiu.net\/wordpress\/wp-content\/uploads\/2024\/01\/Foto-Carnevale_0001-9-scaled.jpg\" data-dt-img-description=\"\" data-large_image_width=\"1825\" data-large_image_height=\"2560\"><img loading=\"lazy\" decoding=\"async\" class=\"wp-image-371954 alignleft\" src=\"https:\/\/www.radiopiu.net\/wordpress\/wp-content\/uploads\/2024\/01\/Foto-Carnevale_0001-9-214x300.jpg\" alt=\"\" width=\"85\" height=\"119\" srcset=\"https:\/\/www.radiopiu.net\/wordpress\/wp-content\/uploads\/2024\/01\/Foto-Carnevale_0001-9-214x300.jpg 214w, https:\/\/www.radiopiu.net\/wordpress\/wp-content\/uploads\/2024\/01\/Foto-Carnevale_0001-9-730x1024.jpg 730w, https:\/\/www.radiopiu.net\/wordpress\/wp-content\/uploads\/2024\/01\/Foto-Carnevale_0001-9-768x1078.jpg 768w, https:\/\/www.radiopiu.net\/wordpress\/wp-content\/uploads\/2024\/01\/Foto-Carnevale_0001-9-1095x1536.jpg 1095w, https:\/\/www.radiopiu.net\/wordpress\/wp-content\/uploads\/2024\/01\/Foto-Carnevale_0001-9-1460x2048.jpg 1460w, https:\/\/www.radiopiu.net\/wordpress\/wp-content\/uploads\/2024\/01\/Foto-Carnevale_0001-9-scaled.jpg 1825w\" sizes=\"auto, (max-width: 85px) 100vw, 85px\" \/><\/a>APPUNTAMENTI COL CARNEVALE<\/h2>\n<\/blockquote>\n<p>Ritorna carnevai de la vai, mascherate tradizionali delle dolomiti agordine.\u00a0 I prossimi appuntamenti: 22 febbraio LASTE DI ROCCA PIETORE, 23 febbraio a Rivamonte Agordino, 1 Marzo Sottoguda di Rocca Pietore, e 2 marzo a CANALE D&#8217;AGORDO aspettiamo anche te, con la tua maschera, tradizionale o di fantasia<\/p>\n<p>&nbsp;<\/p>\n<p>&nbsp;<\/p>\n<hr \/>\n<p>&nbsp;<\/p>\n<p>&nbsp;<\/p>\n<p><strong><a class=\"dt-pswp-item\" href=\"https:\/\/www.radiopiu.net\/wordpress\/wp-content\/uploads\/2025\/01\/d8ab62da-aba7-455c-8632-184910af88dc.jpg\" data-dt-img-description=\"\" data-large_image_width=\"1134\" data-large_image_height=\"1600\"><img loading=\"lazy\" decoding=\"async\" class=\"wp-image-431685 alignleft\" src=\"https:\/\/www.radiopiu.net\/wordpress\/wp-content\/uploads\/2025\/01\/d8ab62da-aba7-455c-8632-184910af88dc-213x300.jpg\" alt=\"\" width=\"142\" height=\"200\" srcset=\"https:\/\/www.radiopiu.net\/wordpress\/wp-content\/uploads\/2025\/01\/d8ab62da-aba7-455c-8632-184910af88dc-213x300.jpg 213w, https:\/\/www.radiopiu.net\/wordpress\/wp-content\/uploads\/2025\/01\/d8ab62da-aba7-455c-8632-184910af88dc-726x1024.jpg 726w, https:\/\/www.radiopiu.net\/wordpress\/wp-content\/uploads\/2025\/01\/d8ab62da-aba7-455c-8632-184910af88dc-768x1084.jpg 768w, https:\/\/www.radiopiu.net\/wordpress\/wp-content\/uploads\/2025\/01\/d8ab62da-aba7-455c-8632-184910af88dc-1089x1536.jpg 1089w, https:\/\/www.radiopiu.net\/wordpress\/wp-content\/uploads\/2025\/01\/d8ab62da-aba7-455c-8632-184910af88dc.jpg 1134w\" sizes=\"auto, (max-width: 142px) 100vw, 142px\" \/><\/a>La famiglia ex emigranti dell&#8217;agordino ti invita al gran ballo di San Valentino<\/strong><\/p>\n<p>Venerdi 14 febbraio al Nof Filo&#8217; di Cencenighe&#8230;<br \/>\nPer l&#8217;ultima volta, gli ultimi balli prima della ristrutturazione della storica e gloriosa sala.<br \/>\nDalle 21&#8230; con la musica degli ORO PURO&#8230;all other music<br \/>\nBiglietto ridotto per i coscritti del 2005, 1985, 1965 e 1945 dell&#8217;Agordino<\/p>\n<p>Gran Ballo di San Valentino, venerdi 14 febbraio&#8230; nof filo&#8217;&#8230;. cencenighe<\/p>\n<p>&nbsp;<\/p>\n<p>&nbsp;<\/p>\n<p>&nbsp;<\/p>\n<p>&nbsp;<\/p>\n<hr \/>\n<p>&nbsp;<\/p>\n<p><strong><a class=\"dt-pswp-item\" href=\"https:\/\/www.radiopiu.net\/wordpress\/wp-content\/uploads\/2025\/01\/f3df1628-8254-4b99-80ee-8393db63af21.jpg\" data-dt-img-description=\"\" data-large_image_width=\"1446\" data-large_image_height=\"2048\"><img loading=\"lazy\" decoding=\"async\" class=\"size-medium wp-image-431684 alignleft\" src=\"https:\/\/www.radiopiu.net\/wordpress\/wp-content\/uploads\/2025\/01\/f3df1628-8254-4b99-80ee-8393db63af21-212x300.jpg\" alt=\"\" width=\"212\" height=\"300\" srcset=\"https:\/\/www.radiopiu.net\/wordpress\/wp-content\/uploads\/2025\/01\/f3df1628-8254-4b99-80ee-8393db63af21-212x300.jpg 212w, https:\/\/www.radiopiu.net\/wordpress\/wp-content\/uploads\/2025\/01\/f3df1628-8254-4b99-80ee-8393db63af21-723x1024.jpg 723w, https:\/\/www.radiopiu.net\/wordpress\/wp-content\/uploads\/2025\/01\/f3df1628-8254-4b99-80ee-8393db63af21-768x1088.jpg 768w, https:\/\/www.radiopiu.net\/wordpress\/wp-content\/uploads\/2025\/01\/f3df1628-8254-4b99-80ee-8393db63af21-1085x1536.jpg 1085w, https:\/\/www.radiopiu.net\/wordpress\/wp-content\/uploads\/2025\/01\/f3df1628-8254-4b99-80ee-8393db63af21.jpg 1446w\" sizes=\"auto, (max-width: 212px) 100vw, 212px\" \/><\/a>NOF FILO&#8217;&#8230; The last night.<\/strong><br \/>\nRivivi in una notte 40 anni di musica dance.\u00a0 Ottanta voglia di dance&#8230; e la paura fa Novanta<br \/>\nLE ROCCE: Moreno Tocchetto, Dj Fabio Lazzarini, Dj Morgan e Battaglia<br \/>\ncocktail lounge by Oh per Bacco WIne<br \/>\nConsumazione gratuita con dress code winter, vintage anni ottanta e novanta<br \/>\nIngresso libero e servizio &#8220;taxy Thomas&#8221;<br \/>\nIn diretta su RADIOPIU<\/p>\n<p>con il sostegno di Mobilificio Collarin Emozioni in legno, qualit\u00e0 artigianale per arredare i tuoi spazi. Concessionario Cucine Scavolini, \u00a0 arredamenti, mobili e finiture su misura nel caratteristico stile di montagna come con l\u2019abete massiccio. Progettazione, arredamento di montagna e moderno per il giorno e per la notte. A\u00a0 Cencenighe in via xx settembre<\/p>\n<p>&nbsp;<\/p>\n<p>&nbsp;<\/p>\n<p>&nbsp;<\/p>\n<hr \/>\n<p>&nbsp;<\/p>\n<blockquote>\n<h3>L&#8217;ARTE PER SENSIBILIZZARE LA STOMIA<\/h3>\n<\/blockquote>\n<p><strong><a class=\"dt-pswp-item\" href=\"https:\/\/www.radiopiu.net\/wordpress\/wp-content\/uploads\/2025\/02\/Ais-Dolomiti-il-gruppo.jpg\" data-dt-img-description=\"\" data-large_image_width=\"1024\" data-large_image_height=\"610\"><img loading=\"lazy\" decoding=\"async\" class=\" wp-image-432499 alignleft\" src=\"https:\/\/www.radiopiu.net\/wordpress\/wp-content\/uploads\/2025\/02\/Ais-Dolomiti-il-gruppo-300x179.jpg\" alt=\"\" width=\"208\" height=\"124\" srcset=\"https:\/\/www.radiopiu.net\/wordpress\/wp-content\/uploads\/2025\/02\/Ais-Dolomiti-il-gruppo-300x179.jpg 300w, https:\/\/www.radiopiu.net\/wordpress\/wp-content\/uploads\/2025\/02\/Ais-Dolomiti-il-gruppo-768x458.jpg 768w, https:\/\/www.radiopiu.net\/wordpress\/wp-content\/uploads\/2025\/02\/Ais-Dolomiti-il-gruppo.jpg 1024w\" sizes=\"auto, (max-width: 208px) 100vw, 208px\" \/><\/a>BELLUNO <\/strong>Il progetto di comunicazione sociale <em>\u201cSiamo un\u2019Opera d\u2019Arte\u201d<\/em> utilizza la visual art per raffigurare capolavori come la <em>Venere<\/em> di Botticelli o il <em>Perseo<\/em> di Cellini con presidi per incontinenza e stomia. La mostra, promossa dall\u2019Associazione AIS Dolomiti Belluno Odv in collaborazione con FAIS e AISVE Veneto, mira a rompere tab\u00f9 su un tema delicato. L\u2019esposizione sar\u00e0 ospitata negli ospedali della provincia di Belluno: <strong>Belluno<\/strong> (6 febbraio), <strong>Feltre<\/strong> (26 febbraio), <strong>Pieve di Cadore<\/strong> (5 marzo), <strong>Agordo<\/strong> (3 aprile). Con oltre 75.000 persone stomizzate in Italia e pi\u00f9 di 4.500 nella sola provincia di Belluno, l\u2019iniziativa vuole informare e supportare i pazienti e le loro famiglie. Dal 2018, AIS Dolomiti Belluno lavora per migliorare la qualit\u00e0 della vita dei pazienti con servizi di supporto e nuovi ambulatori sul territorio.<\/p>\n<p>&nbsp;<\/p>\n<p>&nbsp;<\/p>\n<hr \/>\n<p>&nbsp;<\/p>\n<blockquote>\n<h3><a class=\"dt-pswp-item\" href=\"https:\/\/www.radiopiu.net\/wordpress\/wp-content\/uploads\/2025\/02\/Lo-zoo-di-vetro-DABBRACCIO-MIRRA-2-ph-Michele-Crosera.jpg\" data-dt-img-description=\"\" data-large_image_width=\"1669\" data-large_image_height=\"2153\"><img loading=\"lazy\" decoding=\"async\" class=\" wp-image-432498 alignleft\" src=\"https:\/\/www.radiopiu.net\/wordpress\/wp-content\/uploads\/2025\/02\/Lo-zoo-di-vetro-DABBRACCIO-MIRRA-2-ph-Michele-Crosera-233x300.jpg\" alt=\"\" width=\"127\" height=\"164\" srcset=\"https:\/\/www.radiopiu.net\/wordpress\/wp-content\/uploads\/2025\/02\/Lo-zoo-di-vetro-DABBRACCIO-MIRRA-2-ph-Michele-Crosera-233x300.jpg 233w, https:\/\/www.radiopiu.net\/wordpress\/wp-content\/uploads\/2025\/02\/Lo-zoo-di-vetro-DABBRACCIO-MIRRA-2-ph-Michele-Crosera-794x1024.jpg 794w, https:\/\/www.radiopiu.net\/wordpress\/wp-content\/uploads\/2025\/02\/Lo-zoo-di-vetro-DABBRACCIO-MIRRA-2-ph-Michele-Crosera-768x991.jpg 768w, https:\/\/www.radiopiu.net\/wordpress\/wp-content\/uploads\/2025\/02\/Lo-zoo-di-vetro-DABBRACCIO-MIRRA-2-ph-Michele-Crosera-1191x1536.jpg 1191w, https:\/\/www.radiopiu.net\/wordpress\/wp-content\/uploads\/2025\/02\/Lo-zoo-di-vetro-DABBRACCIO-MIRRA-2-ph-Michele-Crosera-1588x2048.jpg 1588w, https:\/\/www.radiopiu.net\/wordpress\/wp-content\/uploads\/2025\/02\/Lo-zoo-di-vetro-DABBRACCIO-MIRRA-2-ph-Michele-Crosera.jpg 1669w\" sizes=\"auto, (max-width: 127px) 100vw, 127px\" \/><\/a>LO ZOO DI VETRO AL TEATRO DINO BUZZATI DI BELLUNO<\/h3>\n<\/blockquote>\n<p><strong>BELLUNO<\/strong> Domenica 9 febbraio alle 20.45, al Teatro Dino Buzzati di Belluno, andr\u00e0 in scena <em>Lo zoo di vetro<\/em> di Tennessee Williams, nell\u2019ambito della 48\u00b0 Stagione di Prosa. Diretto da Pier Luigi Pizzi, con una straordinaria Mariangela D\u2019Abbraccio, lo spettacolo racconta la fragile esistenza della famiglia Wingfield tra sogni, illusioni e rimorsi. La storia della timida Laura, di suo fratello Tom e della madre Amanda tocca profondamente il pubblico, che si riconosce nelle loro emozioni. I biglietti sono acquistabili online, mentre il botteghino aprir\u00e0 alle 19.30 la sera dello spettacolo.<\/p>\n<p>&nbsp;<\/p>\n<p>&nbsp;<\/p>\n<hr \/>\n<p>&nbsp;<\/p>\n<h1><span style=\"color: #ff6600;\">IERI ALLA RADIO<\/span><\/h1>\n<h2><span style=\"color: #ffcc00;\">DUE MINUTI PER TE <\/span><\/h2>\n<p><strong><a class=\"dt-pswp-item\" href=\"https:\/\/www.radiopiu.net\/wordpress\/wp-content\/uploads\/2020\/12\/DON-GIORGIO-LISE.jpg\" data-dt-img-description=\"\" data-large_image_width=\"1600\" data-large_image_height=\"901\"><img loading=\"lazy\" decoding=\"async\" class=\" wp-image-177420 alignleft\" src=\"https:\/\/www.radiopiu.net\/wordpress\/wp-content\/uploads\/2020\/12\/DON-GIORGIO-LISE-300x169.jpg\" alt=\"\" width=\"201\" height=\"113\" srcset=\"https:\/\/www.radiopiu.net\/wordpress\/wp-content\/uploads\/2020\/12\/DON-GIORGIO-LISE-300x169.jpg 300w, https:\/\/www.radiopiu.net\/wordpress\/wp-content\/uploads\/2020\/12\/DON-GIORGIO-LISE-1024x577.jpg 1024w, https:\/\/www.radiopiu.net\/wordpress\/wp-content\/uploads\/2020\/12\/DON-GIORGIO-LISE-768x432.jpg 768w, https:\/\/www.radiopiu.net\/wordpress\/wp-content\/uploads\/2020\/12\/DON-GIORGIO-LISE-1536x865.jpg 1536w, https:\/\/www.radiopiu.net\/wordpress\/wp-content\/uploads\/2020\/12\/DON-GIORGIO-LISE.jpg 1600w\" sizes=\"auto, (max-width: 201px) 100vw, 201px\" \/><\/a>APPUNTAMENTO DELLA DOMENICA CON IL PENSIERO DI MONSIGNOR GIORGIO LISE<\/strong><\/p>\n<audio class=\"wp-audio-shortcode\" id=\"audio-432492-13\" preload=\"none\" style=\"width: 100%;\" controls=\"controls\"><source type=\"audio\/mpeg\" src=\"https:\/\/www.radiopiu.net\/wordpress\/wp-content\/uploads\/2025\/02\/DON-GIORGIO.mp3?_=13\" \/><a href=\"https:\/\/www.radiopiu.net\/wordpress\/wp-content\/uploads\/2025\/02\/DON-GIORGIO.mp3\">https:\/\/www.radiopiu.net\/wordpress\/wp-content\/uploads\/2025\/02\/DON-GIORGIO.mp3<\/a><\/audio>\n<p>&nbsp;<\/p>\n<h2><span style=\"color: #800080;\">LA RASSEGNA STAMPA DA L&#8217;AMICO DEL POPOLO<\/span><\/h2>\n<p><strong><a class=\"dt-pswp-item\" href=\"https:\/\/www.radiopiu.net\/wordpress\/wp-content\/uploads\/2023\/08\/SCR-20230831-suof.png\" data-dt-img-description=\"\" data-large_image_width=\"426\" data-large_image_height=\"310\"><img loading=\"lazy\" decoding=\"async\" class=\" wp-image-350838 alignleft\" src=\"https:\/\/www.radiopiu.net\/wordpress\/wp-content\/uploads\/2023\/08\/SCR-20230831-suof-300x218.png\" alt=\"\" width=\"200\" height=\"145\" srcset=\"https:\/\/www.radiopiu.net\/wordpress\/wp-content\/uploads\/2023\/08\/SCR-20230831-suof-300x218.png 300w, https:\/\/www.radiopiu.net\/wordpress\/wp-content\/uploads\/2023\/08\/SCR-20230831-suof.png 426w\" sizes=\"auto, (max-width: 200px) 100vw, 200px\" \/><\/a>DI GIANNI SANTOMASO<\/strong><\/p>\n<p>OSPITE: Giuseppe Schena sindaco di Voltago<\/p>\n<audio class=\"wp-audio-shortcode\" id=\"audio-432492-14\" preload=\"none\" style=\"width: 100%;\" controls=\"controls\"><source type=\"audio\/mpeg\" src=\"https:\/\/www.radiopiu.net\/wordpress\/wp-content\/uploads\/2025\/02\/RASSEGNA-GIANNI.mp3?_=14\" \/><a href=\"https:\/\/www.radiopiu.net\/wordpress\/wp-content\/uploads\/2025\/02\/RASSEGNA-GIANNI.mp3\">https:\/\/www.radiopiu.net\/wordpress\/wp-content\/uploads\/2025\/02\/RASSEGNA-GIANNI.mp3<\/a><\/audio>\n<p>&nbsp;<\/p>\n<hr \/>\n<p>&nbsp;<\/p>\n<h2><span style=\"color: #ff0000;\"><a class=\"dt-pswp-item\" href=\"https:\/\/www.radiopiu.net\/wordpress\/wp-content\/uploads\/2018\/09\/appuntamenti.jpeg\" data-dt-img-description=\"\" data-large_image_width=\"800\" data-large_image_height=\"100\"><img loading=\"lazy\" decoding=\"async\" class=\"wp-image-61958 size-full aligncenter\" src=\"https:\/\/www.radiopiu.net\/wordpress\/wp-content\/uploads\/2018\/09\/appuntamenti.jpeg\" alt=\"\" width=\"800\" height=\"100\" srcset=\"https:\/\/www.radiopiu.net\/wordpress\/wp-content\/uploads\/2018\/09\/appuntamenti.jpeg 800w, https:\/\/www.radiopiu.net\/wordpress\/wp-content\/uploads\/2018\/09\/appuntamenti-300x38.jpeg 300w, https:\/\/www.radiopiu.net\/wordpress\/wp-content\/uploads\/2018\/09\/appuntamenti-768x96.jpeg 768w\" sizes=\"auto, (max-width: 800px) 100vw, 800px\" \/><\/a><\/span><\/h2>\n<div dir=\"auto\"><\/div>\n<div class=\"xdj266r x11i5rnm xat24cr x1mh8g0r x1vvkbs x126k92a\">\n<div dir=\"auto\"><\/div>\n<\/div>\n<div>\n<div class=\"\" dir=\"auto\">\n<div id=\":r9h:\" class=\"x1iorvi4 x1pi30zi x1l90r2v x1swvt13\" data-ad-comet-preview=\"message\" data-ad-preview=\"message\">\n<div>\n<div class=\"\" dir=\"auto\">\n<div id=\":r9h:\" class=\"x1iorvi4 x1pi30zi x1l90r2v x1swvt13\" data-ad-comet-preview=\"message\" data-ad-preview=\"message\">\n<div class=\"xdj266r x11i5rnm xat24cr x1mh8g0r x1vvkbs x126k92a\">\n<div dir=\"auto\"><\/div>\n<\/div>\n<div>\n<div class=\"\" dir=\"auto\">\n<div id=\":r9h:\" class=\"x1iorvi4 x1pi30zi x1l90r2v x1swvt13\" data-ad-comet-preview=\"message\" data-ad-preview=\"message\">\n<div>\n<div class=\"\" dir=\"auto\">\n<div id=\":r9h:\" class=\"x1iorvi4 x1pi30zi x1l90r2v x1swvt13\" data-ad-comet-preview=\"message\" data-ad-preview=\"message\">\n\n\t\t\t<style type='text\/css'>\n\t\t\t\t#gallery-5 {\n\t\t\t\t\tmargin: auto;\n\t\t\t\t}\n\t\t\t\t#gallery-5 .gallery-item {\n\t\t\t\t\tfloat: left;\n\t\t\t\t\tmargin-top: 10px;\n\t\t\t\t\ttext-align: center;\n\t\t\t\t\twidth: 25%;\n\t\t\t\t}\n\t\t\t\t#gallery-5 img {\n\t\t\t\t\tborder: 2px solid #cfcfcf;\n\t\t\t\t}\n\t\t\t\t#gallery-5 .gallery-caption {\n\t\t\t\t\tmargin-left: 0;\n\t\t\t\t}\n\t\t\t\t\/* see gallery_shortcode() in wp-includes\/media.php *\/\n\t\t\t<\/style>\n\t\t<div id='gallery-5' class='dt-gallery-container gallery galleryid-432492 gallery-columns-4 gallery-size-thumbnail'><dl class='gallery-item'>\n\t\t\t\t<dt class='gallery-icon portrait'>\n\t\t\t\t\t<a class=\"rollover rollover-zoom dt-pswp-item\" title=\"manifesto serate invernali\" data-dt-img-description=\"\" data-large_image_width=\"1683\" data-large_image_height=\"2383\"href='https:\/\/www.radiopiu.net\/wordpress\/wp-content\/uploads\/2024\/11\/manifesto-serate-invernali.jpg'><img loading=\"lazy\" decoding=\"async\" width=\"150\" height=\"150\" src=\"https:\/\/www.radiopiu.net\/wordpress\/wp-content\/uploads\/2024\/11\/manifesto-serate-invernali-150x150.jpg\" class=\"attachment-thumbnail size-thumbnail\" alt=\"\" aria-describedby=\"gallery-5-418816\" \/><\/a>\n\t\t\t\t<\/dt>\n\t\t\t\t\t<dd class='wp-caption-text gallery-caption' id='gallery-5-418816'>\n\t\t\t\t\t21 FEBBRAIO\n\t\t\t\t\t<\/dd><\/dl><dl class='gallery-item'>\n\t\t\t\t<dt class='gallery-icon portrait'>\n\t\t\t\t\t<a class=\"rollover rollover-zoom dt-pswp-item\" title=\"921dc2b9-84ff-433f-bdf0-12b966e4d28c\" data-dt-img-description=\"\" data-large_image_width=\"1132\" data-large_image_height=\"1600\"href='https:\/\/www.radiopiu.net\/wordpress\/wp-content\/uploads\/2025\/01\/921dc2b9-84ff-433f-bdf0-12b966e4d28c.jpg'><img loading=\"lazy\" decoding=\"async\" width=\"150\" height=\"150\" src=\"https:\/\/www.radiopiu.net\/wordpress\/wp-content\/uploads\/2025\/01\/921dc2b9-84ff-433f-bdf0-12b966e4d28c-150x150.jpg\" class=\"attachment-thumbnail size-thumbnail\" alt=\"\" aria-describedby=\"gallery-5-430056\" \/><\/a>\n\t\t\t\t<\/dt>\n\t\t\t\t\t<dd class='wp-caption-text gallery-caption' id='gallery-5-430056'>\n\t\t\t\t\tLA CENA ALLA REVERSA\n\t\t\t\t\t<\/dd><\/dl><dl class='gallery-item'>\n\t\t\t\t<dt class='gallery-icon portrait'>\n\t\t\t\t\t<a class=\"rollover rollover-zoom dt-pswp-item\" title=\"e353010f-a09e-439a-aa68-6e7aaf93fc09\" data-dt-img-description=\"\" data-large_image_width=\"1146\" data-large_image_height=\"1600\"href='https:\/\/www.radiopiu.net\/wordpress\/wp-content\/uploads\/2025\/01\/e353010f-a09e-439a-aa68-6e7aaf93fc09.jpg'><img loading=\"lazy\" decoding=\"async\" width=\"150\" height=\"150\" src=\"https:\/\/www.radiopiu.net\/wordpress\/wp-content\/uploads\/2025\/01\/e353010f-a09e-439a-aa68-6e7aaf93fc09-150x150.jpg\" class=\"attachment-thumbnail size-thumbnail\" alt=\"\" \/><\/a>\n\t\t\t\t<\/dt><\/dl><dl class='gallery-item'>\n\t\t\t\t<dt class='gallery-icon portrait'>\n\t\t\t\t\t<a class=\"rollover rollover-zoom dt-pswp-item\" title=\"Don Bosco - LocandinaTerrazza-finale\" data-dt-img-description=\"\" data-large_image_width=\"1240\" data-large_image_height=\"1755\"href='https:\/\/www.radiopiu.net\/wordpress\/wp-content\/uploads\/2025\/01\/Don-Bosco-LocandinaTerrazza-finale.jpg'><img loading=\"lazy\" decoding=\"async\" width=\"150\" height=\"150\" src=\"https:\/\/www.radiopiu.net\/wordpress\/wp-content\/uploads\/2025\/01\/Don-Bosco-LocandinaTerrazza-finale-150x150.jpg\" class=\"attachment-thumbnail size-thumbnail\" alt=\"\" aria-describedby=\"gallery-5-431006\" \/><\/a>\n\t\t\t\t<\/dt>\n\t\t\t\t\t<dd class='wp-caption-text gallery-caption' id='gallery-5-431006'>\n\t\t\t\t\tIL 16 FEBBRAIO A SOSPIROLO\n\t\t\t\t\t<\/dd><\/dl><br style=\"clear: both\" \/><dl class='gallery-item'>\n\t\t\t\t<dt class='gallery-icon landscape'>\n\t\t\t\t\t<a class=\"rollover rollover-zoom dt-pswp-item\" title=\"bagno di gong\" data-dt-img-description=\"\" data-large_image_width=\"841\" data-large_image_height=\"595\"href='https:\/\/www.radiopiu.net\/wordpress\/wp-content\/uploads\/2025\/01\/bagno-di-gong.jpg'><img loading=\"lazy\" decoding=\"async\" width=\"150\" height=\"150\" src=\"https:\/\/www.radiopiu.net\/wordpress\/wp-content\/uploads\/2025\/01\/bagno-di-gong-150x150.jpg\" class=\"attachment-thumbnail size-thumbnail\" alt=\"\" aria-describedby=\"gallery-5-431421\" \/><\/a>\n\t\t\t\t<\/dt>\n\t\t\t\t\t<dd class='wp-caption-text gallery-caption' id='gallery-5-431421'>\n\t\t\t\t\tBAGNO DI GONG A LA VALLE\n\t\t\t\t\t<\/dd><\/dl><dl class='gallery-item'>\n\t\t\t\t<dt class='gallery-icon portrait'>\n\t\t\t\t\t<a class=\"rollover rollover-zoom dt-pswp-item\" title=\"df2b0862-a430-4afa-8e2b-8579fa15f25a\" data-dt-img-description=\"\" data-large_image_width=\"1134\" data-large_image_height=\"1600\"href='https:\/\/www.radiopiu.net\/wordpress\/wp-content\/uploads\/2025\/01\/df2b0862-a430-4afa-8e2b-8579fa15f25a.jpg'><img loading=\"lazy\" decoding=\"async\" width=\"150\" height=\"150\" src=\"https:\/\/www.radiopiu.net\/wordpress\/wp-content\/uploads\/2025\/01\/df2b0862-a430-4afa-8e2b-8579fa15f25a-150x150.jpg\" class=\"attachment-thumbnail size-thumbnail\" alt=\"\" \/><\/a>\n\t\t\t\t<\/dt><\/dl><dl class='gallery-item'>\n\t\t\t\t<dt class='gallery-icon portrait'>\n\t\t\t\t\t<a class=\"rollover rollover-zoom dt-pswp-item\" title=\"dad1d0d2-12e8-494a-9390-929e17ce5985\" data-dt-img-description=\"\" data-large_image_width=\"900\" data-large_image_height=\"1600\"href='https:\/\/www.radiopiu.net\/wordpress\/wp-content\/uploads\/2025\/01\/dad1d0d2-12e8-494a-9390-929e17ce5985.jpg'><img loading=\"lazy\" decoding=\"async\" width=\"150\" height=\"150\" src=\"https:\/\/www.radiopiu.net\/wordpress\/wp-content\/uploads\/2025\/01\/dad1d0d2-12e8-494a-9390-929e17ce5985-150x150.jpg\" class=\"attachment-thumbnail size-thumbnail\" alt=\"\" \/><\/a>\n\t\t\t\t<\/dt><\/dl><dl class='gallery-item'>\n\t\t\t\t<dt class='gallery-icon portrait'>\n\t\t\t\t\t<a class=\"rollover rollover-zoom dt-pswp-item\" title=\"Unknown\" data-dt-img-description=\"\" data-large_image_width=\"1754\" data-large_image_height=\"2480\"href='https:\/\/www.radiopiu.net\/wordpress\/wp-content\/uploads\/2025\/01\/Unknown-2.jpeg'><img loading=\"lazy\" decoding=\"async\" width=\"150\" height=\"150\" src=\"https:\/\/www.radiopiu.net\/wordpress\/wp-content\/uploads\/2025\/01\/Unknown-2-150x150.jpeg\" class=\"attachment-thumbnail size-thumbnail\" alt=\"\" \/><\/a>\n\t\t\t\t<\/dt><\/dl><br style=\"clear: both\" \/><dl class='gallery-item'>\n\t\t\t\t<dt class='gallery-icon portrait'>\n\t\t\t\t\t<a class=\"rollover rollover-zoom dt-pswp-item\" title=\"98c08a82-572c-4113-bead-264f62e1626a\" data-dt-img-description=\"\" data-large_image_width=\"1810\" data-large_image_height=\"2560\"href='https:\/\/www.radiopiu.net\/wordpress\/wp-content\/uploads\/2025\/01\/98c08a82-572c-4113-bead-264f62e1626a-scaled.jpg'><img loading=\"lazy\" decoding=\"async\" width=\"150\" height=\"150\" src=\"https:\/\/www.radiopiu.net\/wordpress\/wp-content\/uploads\/2025\/01\/98c08a82-572c-4113-bead-264f62e1626a-150x150.jpg\" class=\"attachment-thumbnail size-thumbnail\" alt=\"\" \/><\/a>\n\t\t\t\t<\/dt><\/dl><dl class='gallery-item'>\n\t\t\t\t<dt class='gallery-icon portrait'>\n\t\t\t\t\t<a class=\"rollover rollover-zoom dt-pswp-item\" title=\"WhatsApp Image 2025-01-31 at 06.55.42\" data-dt-img-description=\"\" data-large_image_width=\"1131\" data-large_image_height=\"1600\"href='https:\/\/www.radiopiu.net\/wordpress\/wp-content\/uploads\/2025\/01\/WhatsApp-Image-2025-01-31-at-06.55.42.jpeg'><img loading=\"lazy\" decoding=\"async\" width=\"150\" height=\"150\" src=\"https:\/\/www.radiopiu.net\/wordpress\/wp-content\/uploads\/2025\/01\/WhatsApp-Image-2025-01-31-at-06.55.42-150x150.jpeg\" class=\"attachment-thumbnail size-thumbnail\" alt=\"\" \/><\/a>\n\t\t\t\t<\/dt><\/dl><dl class='gallery-item'>\n\t\t\t\t<dt class='gallery-icon landscape'>\n\t\t\t\t\t<a class=\"rollover rollover-zoom dt-pswp-item\" title=\"51814602-60fc-47fd-b4ca-03c62e278a76\" data-dt-img-description=\"\" data-large_image_width=\"689\" data-large_image_height=\"679\"href='https:\/\/www.radiopiu.net\/wordpress\/wp-content\/uploads\/2025\/01\/51814602-60fc-47fd-b4ca-03c62e278a76.jpg'><img loading=\"lazy\" decoding=\"async\" width=\"150\" height=\"150\" src=\"https:\/\/www.radiopiu.net\/wordpress\/wp-content\/uploads\/2025\/01\/51814602-60fc-47fd-b4ca-03c62e278a76-150x150.jpg\" class=\"attachment-thumbnail size-thumbnail\" alt=\"\" \/><\/a>\n\t\t\t\t<\/dt><\/dl><dl class='gallery-item'>\n\t\t\t\t<dt class='gallery-icon portrait'>\n\t\t\t\t\t<a class=\"rollover rollover-zoom dt-pswp-item\" title=\"e258e2fd-cc57-4b7b-9b81-49c4e8fccab1\" data-dt-img-description=\"\" data-large_image_width=\"1123\" data-large_image_height=\"1600\"href='https:\/\/www.radiopiu.net\/wordpress\/wp-content\/uploads\/2025\/02\/e258e2fd-cc57-4b7b-9b81-49c4e8fccab1.jpg'><img loading=\"lazy\" decoding=\"async\" width=\"150\" height=\"150\" src=\"https:\/\/www.radiopiu.net\/wordpress\/wp-content\/uploads\/2025\/02\/e258e2fd-cc57-4b7b-9b81-49c4e8fccab1-150x150.jpg\" class=\"attachment-thumbnail size-thumbnail\" alt=\"\" \/><\/a>\n\t\t\t\t<\/dt><\/dl><br style=\"clear: both\" \/><dl class='gallery-item'>\n\t\t\t\t<dt class='gallery-icon portrait'>\n\t\t\t\t\t<a class=\"rollover rollover-zoom dt-pswp-item\" title=\"50d42b86-70ee-4299-b8c1-a03c3d2e1e6a\" data-dt-img-description=\"\" data-large_image_width=\"908\" data-large_image_height=\"1600\"href='https:\/\/www.radiopiu.net\/wordpress\/wp-content\/uploads\/2025\/02\/50d42b86-70ee-4299-b8c1-a03c3d2e1e6a.jpg'><img loading=\"lazy\" decoding=\"async\" width=\"150\" height=\"150\" src=\"https:\/\/www.radiopiu.net\/wordpress\/wp-content\/uploads\/2025\/02\/50d42b86-70ee-4299-b8c1-a03c3d2e1e6a-150x150.jpg\" class=\"attachment-thumbnail size-thumbnail\" alt=\"\" \/><\/a>\n\t\t\t\t<\/dt><\/dl>\n\t\t\t\t<br style='clear: both' \/>\n\t\t\t<\/div>\n\n<p>&nbsp;<\/p>\n<p>&nbsp;<\/p>\n<\/div>\n<\/div>\n<\/div>\n<\/div>\n<\/div>\n<\/div>\n<\/div>\n<\/div>\n<\/div>\n<\/div>\n<\/div>\n<\/div>\n<hr \/>\n<p>&nbsp;<\/p>\n<p class=\"mceTemp\"><a class=\"dt-pswp-item\" href=\"https:\/\/www.radiopiu.net\/wordpress\/wp-content\/uploads\/2018\/09\/WhatsApp-Image-2018-09-20-at-16.04.06.jpeg\" data-dt-img-description=\"\" data-large_image_width=\"800\" data-large_image_height=\"100\"><img loading=\"lazy\" decoding=\"async\" class=\"wp-image-61378 size-full aligncenter\" src=\"https:\/\/www.radiopiu.net\/wordpress\/wp-content\/uploads\/2018\/09\/WhatsApp-Image-2018-09-20-at-16.04.06.jpeg\" alt=\"\" width=\"800\" height=\"100\" srcset=\"https:\/\/www.radiopiu.net\/wordpress\/wp-content\/uploads\/2018\/09\/WhatsApp-Image-2018-09-20-at-16.04.06.jpeg 800w, https:\/\/www.radiopiu.net\/wordpress\/wp-content\/uploads\/2018\/09\/WhatsApp-Image-2018-09-20-at-16.04.06-300x38.jpeg 300w, https:\/\/www.radiopiu.net\/wordpress\/wp-content\/uploads\/2018\/09\/WhatsApp-Image-2018-09-20-at-16.04.06-768x96.jpeg 768w\" sizes=\"auto, (max-width: 800px) 100vw, 800px\" \/><\/a><\/p>\n<p><center><\/center><center><\/center>&nbsp;<\/p>\n<p><center><b>OGGI<\/b><\/center>Cielo sereno o al pi\u00f9 poco nuvoloso per qualche velatura e qualche annuvolamento su Prealpi nel pomeriggio. Aria limpida ed ottima visibilit\u00e0 in quota. Nei fondovalle prealpini probabile nebbia o nubi basse fino al mattino.<br \/>\n<b>Precipitazioni: <\/b>Assenti<br \/>\n<b>Temperature: <\/b>Temperature massime in generale lieve aumento, minime stazionarie o in calo a fondovalle con marcata inversione termica notturna ed escursione termica giornaliera nelle valli.<\/p>\n<hr \/>\n<p><center><b>DOMANI<\/b><\/center>Tempo stabile con cielo sereno o al pi\u00f9 poco nuvoloso per il transito di qualche velatura. Aria limpida ed ottima visibilit\u00e0 in quota. Nei fondovalle prealpini probabile nebbia o nubi basse fino al mattino.<br \/>\n<b>Precipitazioni: <\/b>Assenti<br \/>\n<b>Temperature: <\/b>Stazionarie.<\/p>\n<hr \/>\n<p><center><b>MERCOLEDI<\/b><\/center>Cielo sereno ed ottima visibilit\u00e0. nei fondovalle prealpini possibile nebbia o nubi basse fino al mattino. Temperature massime in aumento con valori ben oltre la media del periodo.<\/p>\n<hr \/>\n<p><center><b>GIOVEDI<\/b><\/center>Al mattino sereno, nel pomeriggio aumento irregolare della nuvolosit\u00e0 fino a tratti nuvoloso ed entro la tarda serata seppur poco probabile non \u00e8 escluso qualche isolato fenomeno qua e l\u00e0. Temperature in graduale marcato calo specie le massime e in quota con minime raggiunte in serata<\/p>\n<p>&nbsp;<\/p>\n<p>&nbsp;<\/p>\n<hr \/>\n<p>&nbsp;<\/p>\n<p class=\"mceTemp\"><a class=\"dt-pswp-item\" href=\"https:\/\/www.radiopiu.net\/wordpress\/wp-content\/uploads\/2018\/09\/sport.jpg\" data-dt-img-description=\"\" data-large_image_width=\"800\" data-large_image_height=\"100\"><img loading=\"lazy\" decoding=\"async\" class=\"aligncenter wp-image-60761 size-full\" src=\"https:\/\/www.radiopiu.net\/wordpress\/wp-content\/uploads\/2018\/09\/sport.jpg\" alt=\"\" width=\"800\" height=\"100\" srcset=\"https:\/\/www.radiopiu.net\/wordpress\/wp-content\/uploads\/2018\/09\/sport.jpg 800w, https:\/\/www.radiopiu.net\/wordpress\/wp-content\/uploads\/2018\/09\/sport-300x38.jpg 300w, https:\/\/www.radiopiu.net\/wordpress\/wp-content\/uploads\/2018\/09\/sport-768x96.jpg 768w\" sizes=\"auto, (max-width: 800px) 100vw, 800px\" \/> <\/a><\/p>\n<p class=\"mceTemp\"><span style=\"color: #0000ff;\"><strong>\u00a0 \u00a0\u00a0<\/strong><\/span><\/p>\n<p><span style=\"color: #0000ff;\"><strong>HOCKEY SU GHIACCIO<\/strong><\/span><\/p>\n<blockquote>\n<h3>L&#8217;ALLEGHE VINCE E CONVINCE CON IL VARESE. IL FELTRE FA UN SOL BOCCONE DELL&#8217;APPIANO<\/h3>\n<\/blockquote>\n<p><strong>DI MARCO GAZ<\/strong><\/p>\n<p><span style=\"color: #ff0000;\"><strong>IHL \u2013 7\u00b0 GIORNATA MASTER ROUND<\/strong><\/span><\/p>\n<p><strong>ALLEGHE \u2013 VARESE 6-3<\/strong><\/p>\n<p>PARZIALI: 1-0, 3-2, 2-1<\/p>\n<p>GOL: pt. 3\u201949\u201d Aleksandrov. st. 5\u201937\u201d Iori, 8\u201923\u201d e 10\u201947\u201d Aleksandrov, 13\u201915\u201d Mazzacane, 15\u201940\u201d Perino. tt. 5\u201937\u201d e 18\u201907\u201d Iori, 14\u201901\u201d Kuronen<\/p>\n<p>L\u2019Alleghe atterra i mastini al De Toni ed incamera tre punti importanti in vista dei playoff. Le civette fanno la voce grossa e dettano legge per tutta la partita lasciando qualche spazio di troppo ad un Varese che ha saputo colpire al momento giusto. Finalmente gli agordini trovano i gol in una delle migliori partite della stagione. Ora 15 giorni di riposo per gli alleghesi che ritorneranno in campo sabato 15 febbraio in trasferta con il Caldaro. Primi minuti di gioco con le squadre che giocano a viso aperto. Batti e ribatti tra le due contendenti ma ad avere la meglio \u00e8 l\u2019Alleghe che si porta in vantaggio con Aleksandrov che da distanza ravvicinata trova il pertugio per battere il portiere. Le civette sono affiatate e i mastini faticano a contenere le incursioni avversarie. Biancorossi che prendono d\u2019assalto la porta dei lombardi sfiorando la rete pi\u00f9 volte. A fare la differenza \u00e8 il golie varesotto che non lascia passare un disco. A fine primo tempo il Varese prova ad alzare la testa ma senza creare problemi alla difesa agordina. I mastini provano a reagire nella seconda frazione ma Scola \u00e8 attento e non si fa sorprendere. Lo spettacolo non manca con le squadre che fanno botta e risposta. Al primo powerplay a favore del secondo drittel, le civette raddoppiano con Iori. Ci prendono gusto gli agordini che portano a 3 i gol di scarto. Tiro di Aleksandrov e deviazione vincente di Iori. Il poker arriva poco dopo e ancora una volta \u00e8 Aleksandrov che trova il gol si assist di Iori. Il Varese non ci sta e in contropiede sigla la prima della serata con Mazzacane. I mastini prendono coraggio e accorciano ulteriormente le distanze poco dopo. Penalit\u00e0 per l\u2019Alleghe e ospiti che vanno a segno con Perino. Nella terza frazione le squadre giocano a viso aperto. Si scaldano gli animi e gli arbitri sono costretti ad usare le maniere forti. La squadra lombarda \u00e8 costretta a giocare con l\u2019uomo in meno e l\u2019Alleghe le prova tutte trovando la quinta marcatura della serata con Iori. Calano i ritmi e il gioco viene spezzettato pi\u00f9 volte. Il Varese accorcia ancora le distanze alla prima disattenzione difensiva dei biancorossi. Negli ultimi minuti l\u2019Alleghe trova il sesto gol della serata con Iori che si fa tutto il campo prima di colpire nel segno.<\/p>\n<p><strong>LE FOTO DI MATTEO FLORIDIA<\/strong><\/p>\n\n\t\t\t<style type='text\/css'>\n\t\t\t\t#gallery-6 {\n\t\t\t\t\tmargin: auto;\n\t\t\t\t}\n\t\t\t\t#gallery-6 .gallery-item {\n\t\t\t\t\tfloat: left;\n\t\t\t\t\tmargin-top: 10px;\n\t\t\t\t\ttext-align: center;\n\t\t\t\t\twidth: 33%;\n\t\t\t\t}\n\t\t\t\t#gallery-6 img {\n\t\t\t\t\tborder: 2px solid #cfcfcf;\n\t\t\t\t}\n\t\t\t\t#gallery-6 .gallery-caption {\n\t\t\t\t\tmargin-left: 0;\n\t\t\t\t}\n\t\t\t\t\/* see gallery_shortcode() in wp-includes\/media.php *\/\n\t\t\t<\/style>\n\t\t<div id='gallery-6' class='dt-gallery-container gallery galleryid-432492 gallery-columns-3 gallery-size-medium'><dl class='gallery-item'>\n\t\t\t\t<dt class='gallery-icon landscape'>\n\t\t\t\t\t<a class=\"rollover rollover-zoom dt-pswp-item\" title=\"D3S_6179\" data-dt-img-description=\"\" data-large_image_width=\"2000\" data-large_image_height=\"1343\"href='https:\/\/www.radiopiu.net\/wordpress\/wp-content\/uploads\/2025\/02\/D3S_6179.jpg'><img loading=\"lazy\" decoding=\"async\" width=\"300\" height=\"201\" src=\"https:\/\/www.radiopiu.net\/wordpress\/wp-content\/uploads\/2025\/02\/D3S_6179-300x201.jpg\" class=\"attachment-medium size-medium\" alt=\"\" srcset=\"https:\/\/www.radiopiu.net\/wordpress\/wp-content\/uploads\/2025\/02\/D3S_6179-300x201.jpg 300w, https:\/\/www.radiopiu.net\/wordpress\/wp-content\/uploads\/2025\/02\/D3S_6179-1024x688.jpg 1024w, https:\/\/www.radiopiu.net\/wordpress\/wp-content\/uploads\/2025\/02\/D3S_6179-768x516.jpg 768w, https:\/\/www.radiopiu.net\/wordpress\/wp-content\/uploads\/2025\/02\/D3S_6179-1536x1031.jpg 1536w, https:\/\/www.radiopiu.net\/wordpress\/wp-content\/uploads\/2025\/02\/D3S_6179.jpg 2000w\" sizes=\"auto, (max-width: 300px) 100vw, 300px\" \/><\/a>\n\t\t\t\t<\/dt><\/dl><dl class='gallery-item'>\n\t\t\t\t<dt class='gallery-icon landscape'>\n\t\t\t\t\t<a class=\"rollover rollover-zoom dt-pswp-item\" title=\"D3S_6192\" data-dt-img-description=\"\" data-large_image_width=\"2000\" data-large_image_height=\"1331\"href='https:\/\/www.radiopiu.net\/wordpress\/wp-content\/uploads\/2025\/02\/D3S_6192.jpg'><img loading=\"lazy\" decoding=\"async\" width=\"300\" height=\"200\" src=\"https:\/\/www.radiopiu.net\/wordpress\/wp-content\/uploads\/2025\/02\/D3S_6192-300x200.jpg\" class=\"attachment-medium size-medium\" alt=\"\" srcset=\"https:\/\/www.radiopiu.net\/wordpress\/wp-content\/uploads\/2025\/02\/D3S_6192-300x200.jpg 300w, https:\/\/www.radiopiu.net\/wordpress\/wp-content\/uploads\/2025\/02\/D3S_6192-1024x681.jpg 1024w, https:\/\/www.radiopiu.net\/wordpress\/wp-content\/uploads\/2025\/02\/D3S_6192-768x511.jpg 768w, https:\/\/www.radiopiu.net\/wordpress\/wp-content\/uploads\/2025\/02\/D3S_6192-1536x1022.jpg 1536w, https:\/\/www.radiopiu.net\/wordpress\/wp-content\/uploads\/2025\/02\/D3S_6192.jpg 2000w\" sizes=\"auto, (max-width: 300px) 100vw, 300px\" \/><\/a>\n\t\t\t\t<\/dt><\/dl><dl class='gallery-item'>\n\t\t\t\t<dt class='gallery-icon landscape'>\n\t\t\t\t\t<a class=\"rollover rollover-zoom dt-pswp-item\" title=\"D3S_6197\" data-dt-img-description=\"\" data-large_image_width=\"2000\" data-large_image_height=\"1458\"href='https:\/\/www.radiopiu.net\/wordpress\/wp-content\/uploads\/2025\/02\/D3S_6197.jpg'><img loading=\"lazy\" decoding=\"async\" width=\"300\" height=\"219\" src=\"https:\/\/www.radiopiu.net\/wordpress\/wp-content\/uploads\/2025\/02\/D3S_6197-300x219.jpg\" class=\"attachment-medium size-medium\" alt=\"\" srcset=\"https:\/\/www.radiopiu.net\/wordpress\/wp-content\/uploads\/2025\/02\/D3S_6197-300x219.jpg 300w, https:\/\/www.radiopiu.net\/wordpress\/wp-content\/uploads\/2025\/02\/D3S_6197-1024x746.jpg 1024w, https:\/\/www.radiopiu.net\/wordpress\/wp-content\/uploads\/2025\/02\/D3S_6197-768x560.jpg 768w, https:\/\/www.radiopiu.net\/wordpress\/wp-content\/uploads\/2025\/02\/D3S_6197-1536x1120.jpg 1536w, https:\/\/www.radiopiu.net\/wordpress\/wp-content\/uploads\/2025\/02\/D3S_6197.jpg 2000w\" sizes=\"auto, (max-width: 300px) 100vw, 300px\" \/><\/a>\n\t\t\t\t<\/dt><\/dl><br style=\"clear: both\" \/><dl class='gallery-item'>\n\t\t\t\t<dt class='gallery-icon landscape'>\n\t\t\t\t\t<a class=\"rollover rollover-zoom dt-pswp-item\" title=\"D3S_6227\" data-dt-img-description=\"\" data-large_image_width=\"2000\" data-large_image_height=\"1254\"href='https:\/\/www.radiopiu.net\/wordpress\/wp-content\/uploads\/2025\/02\/D3S_6227.jpg'><img loading=\"lazy\" decoding=\"async\" width=\"300\" height=\"188\" src=\"https:\/\/www.radiopiu.net\/wordpress\/wp-content\/uploads\/2025\/02\/D3S_6227-300x188.jpg\" class=\"attachment-medium size-medium\" alt=\"\" srcset=\"https:\/\/www.radiopiu.net\/wordpress\/wp-content\/uploads\/2025\/02\/D3S_6227-300x188.jpg 300w, https:\/\/www.radiopiu.net\/wordpress\/wp-content\/uploads\/2025\/02\/D3S_6227-1024x642.jpg 1024w, https:\/\/www.radiopiu.net\/wordpress\/wp-content\/uploads\/2025\/02\/D3S_6227-768x482.jpg 768w, https:\/\/www.radiopiu.net\/wordpress\/wp-content\/uploads\/2025\/02\/D3S_6227-1536x963.jpg 1536w, https:\/\/www.radiopiu.net\/wordpress\/wp-content\/uploads\/2025\/02\/D3S_6227.jpg 2000w\" sizes=\"auto, (max-width: 300px) 100vw, 300px\" \/><\/a>\n\t\t\t\t<\/dt><\/dl><dl class='gallery-item'>\n\t\t\t\t<dt class='gallery-icon landscape'>\n\t\t\t\t\t<a class=\"rollover rollover-zoom dt-pswp-item\" title=\"D3S_6250\" data-dt-img-description=\"\" data-large_image_width=\"2000\" data-large_image_height=\"1544\"href='https:\/\/www.radiopiu.net\/wordpress\/wp-content\/uploads\/2025\/02\/D3S_6250.jpg'><img loading=\"lazy\" decoding=\"async\" width=\"300\" height=\"232\" src=\"https:\/\/www.radiopiu.net\/wordpress\/wp-content\/uploads\/2025\/02\/D3S_6250-300x232.jpg\" class=\"attachment-medium size-medium\" alt=\"\" srcset=\"https:\/\/www.radiopiu.net\/wordpress\/wp-content\/uploads\/2025\/02\/D3S_6250-300x232.jpg 300w, https:\/\/www.radiopiu.net\/wordpress\/wp-content\/uploads\/2025\/02\/D3S_6250-1024x791.jpg 1024w, https:\/\/www.radiopiu.net\/wordpress\/wp-content\/uploads\/2025\/02\/D3S_6250-768x593.jpg 768w, https:\/\/www.radiopiu.net\/wordpress\/wp-content\/uploads\/2025\/02\/D3S_6250-1536x1186.jpg 1536w, https:\/\/www.radiopiu.net\/wordpress\/wp-content\/uploads\/2025\/02\/D3S_6250.jpg 2000w\" sizes=\"auto, (max-width: 300px) 100vw, 300px\" \/><\/a>\n\t\t\t\t<\/dt><\/dl><dl class='gallery-item'>\n\t\t\t\t<dt class='gallery-icon landscape'>\n\t\t\t\t\t<a class=\"rollover rollover-zoom dt-pswp-item\" title=\"D3S_6320\" data-dt-img-description=\"\" data-large_image_width=\"2000\" data-large_image_height=\"1387\"href='https:\/\/www.radiopiu.net\/wordpress\/wp-content\/uploads\/2025\/02\/D3S_6320.jpg'><img loading=\"lazy\" decoding=\"async\" width=\"300\" height=\"208\" src=\"https:\/\/www.radiopiu.net\/wordpress\/wp-content\/uploads\/2025\/02\/D3S_6320-300x208.jpg\" class=\"attachment-medium size-medium\" alt=\"\" srcset=\"https:\/\/www.radiopiu.net\/wordpress\/wp-content\/uploads\/2025\/02\/D3S_6320-300x208.jpg 300w, https:\/\/www.radiopiu.net\/wordpress\/wp-content\/uploads\/2025\/02\/D3S_6320-1024x710.jpg 1024w, https:\/\/www.radiopiu.net\/wordpress\/wp-content\/uploads\/2025\/02\/D3S_6320-768x533.jpg 768w, https:\/\/www.radiopiu.net\/wordpress\/wp-content\/uploads\/2025\/02\/D3S_6320-1536x1065.jpg 1536w, https:\/\/www.radiopiu.net\/wordpress\/wp-content\/uploads\/2025\/02\/D3S_6320.jpg 2000w\" sizes=\"auto, (max-width: 300px) 100vw, 300px\" \/><\/a>\n\t\t\t\t<\/dt><\/dl><br style=\"clear: both\" \/>\n\t\t\t<\/div>\n\n<p>&nbsp;<\/p>\n<p><strong>FELTRE \u2013 APPIANO 7-2<\/strong><\/p>\n<p>PARZIALI: 2-1, 5-0, 0-1<\/p>\n<p>GOL: pt. 0\u201917\u201d Kadlec, 7\u201922\u201d Tombolato, 19\u201952\u201d Broch. st. 2\u201947\u201d Foltin, 5\u201931\u201d De Giacinto, 7\u201956\u201d Kadlec, 12\u201947\u201d e 17\u201945\u201d Korkiakoski. tt. 5\u201902\u201d Frick<\/p>\n<p>Nell\u2019anticipo del venerd\u00ec sera il Feltre fa un sol boccone dell\u2019Appiano e conquista 3 punti importanti per la classifica. Di fronte a 800 spettatori i picchi sotterrano di gol i pirati in una partita rimasta aperta solo fino ad inizio secondo tempo, poi i padroni di casa hanno dilagato mettendo a segno una rete dopo l\u2019altra. Bastano pochi secondi e Kadlec sblocca la sfida. Gli altoatesini non ci stanno e tengono il ritmo dei feltrini tanto che pareggiano i conti al 7\u2019. A fine primo tempo il Feltre torna in vantaggio con Broch. Nel secondo drittel \u00e8 un monologo dei picchi che chiudono la sfida trovando 5 marcature con Foltin, De Giacinto, Kadlec e una doppietta di Korkiakoski. Cala il ritmo dell\u2019incontro nel terzo tempo e i pirati trovano la seconda rete della serata.<\/p>\n<p>&nbsp;<\/p>\n<p><span style=\"color: #0000ff;\"><strong>PALLAVOLO\u00a0<\/strong><\/span><\/p>\n<div class=\"group\/conversation-turn relative flex w-full min-w-0 flex-col agent-turn\">\n<div class=\"flex-col gap-1 md:gap-3\">\n<div class=\"flex max-w-full flex-col flex-grow\">\n<div class=\"min-h-8 text-message flex w-full flex-col items-end gap-2 whitespace-normal break-words text-start [.text-message+&amp;]:mt-5\" dir=\"auto\" data-message-author-role=\"assistant\" data-message-id=\"ac35a943-fe56-4a61-b53a-b57f7ebccbfd\" data-message-model-slug=\"gpt-4o\">\n<div class=\"flex w-full flex-col gap-1 empty:hidden first:pt-[3px]\">\n<div class=\"markdown prose w-full break-words dark:prose-invert dark\">\n<h1 style=\"text-align: left;\"><strong><a class=\"dt-pswp-item\" href=\"https:\/\/www.radiopiu.net\/wordpress\/wp-content\/uploads\/2025\/02\/Ferrato_a_braccia_alzate.jpg\" data-dt-img-description=\"\" data-large_image_width=\"1616\" data-large_image_height=\"1080\"><img loading=\"lazy\" decoding=\"async\" class=\"size-medium wp-image-432686 alignleft\" src=\"https:\/\/www.radiopiu.net\/wordpress\/wp-content\/uploads\/2025\/02\/Ferrato_a_braccia_alzate-300x200.jpg\" alt=\"\" width=\"300\" height=\"200\" srcset=\"https:\/\/www.radiopiu.net\/wordpress\/wp-content\/uploads\/2025\/02\/Ferrato_a_braccia_alzate-300x200.jpg 300w, https:\/\/www.radiopiu.net\/wordpress\/wp-content\/uploads\/2025\/02\/Ferrato_a_braccia_alzate-1024x684.jpg 1024w, https:\/\/www.radiopiu.net\/wordpress\/wp-content\/uploads\/2025\/02\/Ferrato_a_braccia_alzate-768x513.jpg 768w, https:\/\/www.radiopiu.net\/wordpress\/wp-content\/uploads\/2025\/02\/Ferrato_a_braccia_alzate-1536x1027.jpg 1536w, https:\/\/www.radiopiu.net\/wordpress\/wp-content\/uploads\/2025\/02\/Ferrato_a_braccia_alzate.jpg 1616w\" sizes=\"auto, (max-width: 300px) 100vw, 300px\" \/><\/a>Belluno Volley trionfa ad Ancona: ora \u00e8 terzo in classifica\u00a0<\/strong><\/h1>\n<p><b>THE BEGIN VOLLEY ANCONA-BELLUNO VOLLEY 1-3 <\/b><b>PARZIALI: <\/b>17-25, 22-25, 25-22, 21-25.<span class=\"gmail-Apple-converted-space\"> \u00a0<\/span><b>BELLUNO VOLLEY:<\/b> Ferrato 5, Mian 30, Basso 14, Mozzato 3, Saibene 7, Loglisci 15; Martinez (L), Luisetto 4, Schiro 1, Bisi, Guizzardi. N.e. Bassanello. Allenatore: M. Marzola.<\/p>\n<\/div>\n<\/div>\n<\/div>\n<\/div>\n<\/div>\n<\/div>\n<blockquote>\n<div class=\"group\/conversation-turn relative flex w-full min-w-0 flex-col agent-turn\">\n<div class=\"flex-col gap-1 md:gap-3\">\n<div class=\"flex max-w-full flex-col flex-grow\">\n<div class=\"min-h-8 text-message flex w-full flex-col items-end gap-2 whitespace-normal break-words text-start [.text-message+&amp;]:mt-5\" dir=\"auto\" data-message-author-role=\"assistant\" data-message-id=\"ac35a943-fe56-4a61-b53a-b57f7ebccbfd\" data-message-model-slug=\"gpt-4o\">\n<div class=\"flex w-full flex-col gap-1 empty:hidden first:pt-[3px]\">\n<div class=\"markdown prose w-full break-words dark:prose-invert dark\">\n<p>Il <strong>Belluno Volley<\/strong> conquista una vittoria preziosa ad <strong>Ancona<\/strong> (1-3) e sale al <strong>terzo posto<\/strong> in classifica, a un solo punto dalla vice capolista <strong>Acqui Terme<\/strong>. Protagonista assoluto del match \u00e8 <strong>Riccardo Mian<\/strong>, autore di <strong>30 punti<\/strong>, con il <strong>65% in attacco<\/strong>, 2 muri e 4 ace. Ottima anche la prova di <strong>Enrico Basso<\/strong> con 14 punti e un 8\/10 in attacco.<\/p>\n<p>Dopo un primo set dominato, i bellunesi mantengono alta la concentrazione nel secondo, resistono alla reazione di Ancona nel terzo e chiudono con autorit\u00e0 nel quarto. Sabato prossimo, sfida casalinga alla <strong>Sarlux Sarroch<\/strong> alla <strong>VHV Arena<\/strong>. Coach <strong>Marzola<\/strong> soddisfatto: \u00abAbbiamo giocato un\u2019ottima pallavolo, con attenzione nei momenti decisivi\u00bb.<\/p>\n<\/div>\n<\/div>\n<\/div>\n<\/div>\n<\/div>\n<\/div>\n<\/blockquote>\n<p>&nbsp;<\/p>\n<p>&nbsp;<\/p>\n<blockquote>\n<h3>SCONFITTA PER LA SB VOLLEY IN CASA DELLA CAPOLISTA<\/h3>\n<\/blockquote>\n<p><b><a class=\"dt-pswp-item\" href=\"https:\/\/www.radiopiu.net\/wordpress\/wp-content\/uploads\/2025\/02\/Elena_Barp_in_palleggio.jpg\" data-dt-img-description=\"\" data-large_image_width=\"954\" data-large_image_height=\"718\"><img loading=\"lazy\" decoding=\"async\" class=\" wp-image-432585 alignleft\" src=\"https:\/\/www.radiopiu.net\/wordpress\/wp-content\/uploads\/2025\/02\/Elena_Barp_in_palleggio-300x226.jpg\" alt=\"\" width=\"226\" height=\"170\" srcset=\"https:\/\/www.radiopiu.net\/wordpress\/wp-content\/uploads\/2025\/02\/Elena_Barp_in_palleggio-300x226.jpg 300w, https:\/\/www.radiopiu.net\/wordpress\/wp-content\/uploads\/2025\/02\/Elena_Barp_in_palleggio-768x578.jpg 768w, https:\/\/www.radiopiu.net\/wordpress\/wp-content\/uploads\/2025\/02\/Elena_Barp_in_palleggio.jpg 954w\" sizes=\"auto, (max-width: 226px) 100vw, 226px\" \/><\/a>TERRAGLIO-SB VOLLEY 3-0<span class=\"gmail-Apple-converted-space\">\u00a0 (<\/span><\/b><strong>26-24, 25-16, 25-22)<\/strong><\/p>\n<p>Dopo sette vittorie consecutive, la SB Volley subisce una sconfitta contro la capolista Terraglio, che resta imbattuta. Nonostante il 3-0 subito, la squadra di Sedico-Belluno ha mostrato carattere, tenendo testa alle avversarie in due set. Nel primo parziale, la SB parte forte ma cede nel finale per 25-24 a causa di un&#8217;invasione a rete. Nel secondo, il Terraglio domina, approfittando di alcuni errori delle ospiti. Nel terzo set, la SB Volley reagisce e si porta avanti, ma un parziale di 10-2 ribalta il risultato. Coach Salvadego si dice soddisfatto della prestazione e del contributo delle riserve, nonostante qualche rammarico. Anche il presidente De Barba elogia la squadra per la grinta mostrata, sottolineando la necessit\u00e0 di migliorare in alcune fasi del gioco.<\/p>\n<p>&nbsp;<\/p>\n<p><span style=\"color: #0000ff;\"><strong>SCI DI FONDO\u00a0<\/strong><\/span><\/p>\n<blockquote>\n<h3>LORENZO BUSIN CHIUDE AL QUARTO POSTO ALLA DOBBIACO CORTINA<\/h3>\n<\/blockquote>\n<p><a class=\"dt-pswp-item\" href=\"https:\/\/www.radiopiu.net\/wordpress\/wp-content\/uploads\/2025\/02\/Partenza-scaled-1.jpg\" data-dt-img-description=\"Newspower.it Trento www.newspower.it\" data-large_image_width=\"2560\" data-large_image_height=\"1707\"><img loading=\"lazy\" decoding=\"async\" class=\"wp-image-432550 alignleft\" src=\"https:\/\/www.radiopiu.net\/wordpress\/wp-content\/uploads\/2025\/02\/Partenza-scaled-1-300x200.jpg\" alt=\"\" width=\"188\" height=\"125\" srcset=\"https:\/\/www.radiopiu.net\/wordpress\/wp-content\/uploads\/2025\/02\/Partenza-scaled-1-300x200.jpg 300w, https:\/\/www.radiopiu.net\/wordpress\/wp-content\/uploads\/2025\/02\/Partenza-scaled-1-1024x683.jpg 1024w, https:\/\/www.radiopiu.net\/wordpress\/wp-content\/uploads\/2025\/02\/Partenza-scaled-1-768x512.jpg 768w, https:\/\/www.radiopiu.net\/wordpress\/wp-content\/uploads\/2025\/02\/Partenza-scaled-1-1536x1024.jpg 1536w, https:\/\/www.radiopiu.net\/wordpress\/wp-content\/uploads\/2025\/02\/Partenza-scaled-1-2048x1366.jpg 2048w\" sizes=\"auto, (max-width: 188px) 100vw, 188px\" \/> <\/a><strong>CORTINA <\/strong>Dopo una giornata ricca di azione, l&#8217;evento Ski Classics Challengers in Italia, la Granfondo Dobbiaco\/Toblach \u2013 Cortina Classic, ha visto una dura battaglia per tutti i posti sul podio. Alla fine, Andreas Nygaard e Malin B\u00f6rjesj\u00f6 hanno vinto le rispettive gare con prestazioni solide. Nella competizione maschile, il vincitore Andreas Nygaard ha completato la gara in 1:33:04.8. Francesco Ferrari si \u00e8 classificato al secondo posto, con un distacco di 0.4 secondi, seguito da Lauri Lepisto che ha completato il podio in terza posizione con un ritardo di 0.5 secondi. In quarta posizione Lorenzo Busin. Nella competizione femminile, la vincitrice \u00e8 stata Malin B\u00f6rjesj\u00f6 che ha terminato la gara con un tempo totale di 1:36:06.7. Oda Nerdrum ha chiuso al secondo posto con un ritardo di 1:10.7, seguita da Heli Heiskanen terza classificata con un distacco di 1:14.2 dalla vincitrice. (foto: NewsPower)<\/p>\n<p>&nbsp;<\/p>\n<blockquote>\n<h2>\u00a0Memorial Fabio Pellegrini a Malga Ciapela<\/h2>\n<\/blockquote>\n<p><strong>ROCCA PIETORE<\/strong><\/p>\n<p><span style=\"color: #0000ff;\"><strong><a class=\"dt-pswp-item\" href=\"https:\/\/www.radiopiu.net\/wordpress\/wp-content\/uploads\/2025\/02\/podio-memorial-pellegrini.jpg\" data-dt-img-description=\"\" data-large_image_width=\"1500\" data-large_image_height=\"1000\"><img loading=\"lazy\" decoding=\"async\" class=\"size-medium wp-image-432677 alignleft\" src=\"https:\/\/www.radiopiu.net\/wordpress\/wp-content\/uploads\/2025\/02\/podio-memorial-pellegrini-300x200.jpg\" alt=\"\" width=\"300\" height=\"200\" srcset=\"https:\/\/www.radiopiu.net\/wordpress\/wp-content\/uploads\/2025\/02\/podio-memorial-pellegrini-300x200.jpg 300w, https:\/\/www.radiopiu.net\/wordpress\/wp-content\/uploads\/2025\/02\/podio-memorial-pellegrini-1024x683.jpg 1024w, https:\/\/www.radiopiu.net\/wordpress\/wp-content\/uploads\/2025\/02\/podio-memorial-pellegrini-768x512.jpg 768w, https:\/\/www.radiopiu.net\/wordpress\/wp-content\/uploads\/2025\/02\/podio-memorial-pellegrini.jpg 1500w\" sizes=\"auto, (max-width: 300px) 100vw, 300px\" \/><\/a><\/strong><\/span>Domenica indimenticabile a <strong>Malga Ciapela<\/strong>, dove si \u00e8 svolto il <strong>Memorial Fabio Pellegrini<\/strong>, terza prova del Campionato Regionale e del <strong>Grand Prix Lattebusche<\/strong>. Numerosi atleti di tutte le et\u00e0 hanno affrontato circuiti sui prati e nei boschi ai piedi della <strong>Regina delle Dolomiti<\/strong>.<\/p>\n<p>Consegnati anche due premi speciali alla memoria dell\u2019olimpionico <strong>Marcello De Dorigo<\/strong> e di <strong>Angelo Bassot<\/strong>, giovane fondista recentemente scomparso.<\/p>\n<p>Un plauso speciale alla Maestra <strong>Nadia Costa<\/strong>, che da decenni forma generazioni di giovani fondisti.<\/p>\n<p>&nbsp;<\/p>\n<p>&nbsp;<\/p>\n<p><span style=\"color: #0000ff;\"><strong>SCI ALPINISMO<\/strong><\/span><\/p>\n<blockquote>\n<h3>TROFEO SKI ALP 4 VALLI: OBERBACHER E CUMERLATO VINCONO LA 28ESIMA EDIZIONE DELLO SKIALP CAURIOL<\/h3>\n<\/blockquote>\n<p dir=\"ltr\"><a class=\"dt-pswp-item\" href=\"https:\/\/www.radiopiu.net\/wordpress\/wp-content\/uploads\/2025\/02\/Podio-28\u00b0-Skialp-Cauriol-da-sx-Sostizzo-Oberbacher-Debertolis-scaled.jpg\" data-dt-img-description=\"\" data-large_image_width=\"1707\" data-large_image_height=\"2560\"><img loading=\"lazy\" decoding=\"async\" class=\" wp-image-432530 alignleft\" src=\"https:\/\/www.radiopiu.net\/wordpress\/wp-content\/uploads\/2025\/02\/Podio-28\u00b0-Skialp-Cauriol-da-sx-Sostizzo-Oberbacher-Debertolis-200x300.jpg\" alt=\"\" width=\"119\" height=\"179\" srcset=\"https:\/\/www.radiopiu.net\/wordpress\/wp-content\/uploads\/2025\/02\/Podio-28\u00b0-Skialp-Cauriol-da-sx-Sostizzo-Oberbacher-Debertolis-200x300.jpg 200w, https:\/\/www.radiopiu.net\/wordpress\/wp-content\/uploads\/2025\/02\/Podio-28\u00b0-Skialp-Cauriol-da-sx-Sostizzo-Oberbacher-Debertolis-683x1024.jpg 683w, https:\/\/www.radiopiu.net\/wordpress\/wp-content\/uploads\/2025\/02\/Podio-28\u00b0-Skialp-Cauriol-da-sx-Sostizzo-Oberbacher-Debertolis-768x1152.jpg 768w, https:\/\/www.radiopiu.net\/wordpress\/wp-content\/uploads\/2025\/02\/Podio-28\u00b0-Skialp-Cauriol-da-sx-Sostizzo-Oberbacher-Debertolis-1024x1536.jpg 1024w, https:\/\/www.radiopiu.net\/wordpress\/wp-content\/uploads\/2025\/02\/Podio-28\u00b0-Skialp-Cauriol-da-sx-Sostizzo-Oberbacher-Debertolis-1365x2048.jpg 1365w, https:\/\/www.radiopiu.net\/wordpress\/wp-content\/uploads\/2025\/02\/Podio-28\u00b0-Skialp-Cauriol-da-sx-Sostizzo-Oberbacher-Debertolis-scaled.jpg 1707w\" sizes=\"auto, (max-width: 119px) 100vw, 119px\" \/><\/a><strong>CASTELIR DI BELLAMONTE (TN)<\/strong> Il gardenese del Team La Sportiva fa sua la prima tappa del circuito di gare di scialpinismo di Fiemme, Fassa, Primiero e Biois, fermando il cronometro a 32\u201902\u201d davanti a Matteo Sostizzo (C. S. Carabinieri) 32\u201923\u201d e al primierotto Hermann Debertolis (G.S. Fiamme Oro) 32\u201932\u201d. Al femminile podio di questo venerd\u00ec 31 gennaio per Martina Cumerlato (Bela Ladinia) 42\u201927\u201d seguita da Kristel Mottin (Bela Ladinia) 44\u201930\u201d e Margit Zulian 44\u201941\u201d. Pi\u00f9 di 270 gli atleti e amatori al via per i 600 metri di dislivello e 6 chilometri di sviluppo totali del tracciato agonistico, di questa prima tappa del circuito 4 Valli andata in scena al Castelir di Bellamonte (TN). La manifestazione organizzata dall\u2019 A.S.D. Cauriol di Ziano di Fiemme insieme all\u2019associazione Bel da Matti \u00e8 stata nel segno del ricordo di Elisa Deflorian scomparsa nel 2021. Prossimo appuntamento per gli amanti delle pelli venerd\u00ec 14 febbraio a San Martino di Castrozza per il ventiseiesimo Memorial Maurizio Zagonel, iscrizioni al sito: <a href=\"https:\/\/keepsporting.com\/home\">https:\/\/keepsporting.com\/home<\/a><\/p>\n<p dir=\"ltr\"><strong>IL SERVIZIO DI MATTIA VALENTINI<\/strong><\/p>\n<audio class=\"wp-audio-shortcode\" id=\"audio-432492-15\" preload=\"none\" style=\"width: 100%;\" controls=\"controls\"><source type=\"audio\/mpeg\" src=\"https:\/\/www.radiopiu.net\/wordpress\/wp-content\/uploads\/2025\/02\/Trofeo-4-Valli-28\u00b0-Ski-Alp-Cauriol-Recap.mp3?_=15\" \/><a href=\"https:\/\/www.radiopiu.net\/wordpress\/wp-content\/uploads\/2025\/02\/Trofeo-4-Valli-28\u00b0-Ski-Alp-Cauriol-Recap.mp3\">https:\/\/www.radiopiu.net\/wordpress\/wp-content\/uploads\/2025\/02\/Trofeo-4-Valli-28\u00b0-Ski-Alp-Cauriol-Recap.mp3<\/a><\/audio>\n<p>&nbsp;<\/p>\n<p><span style=\"color: #0000ff;\"><strong>ATLETICA<\/strong><\/span><\/p>\n<blockquote>\n<h3><a class=\"dt-pswp-item\" href=\"https:\/\/www.radiopiu.net\/wordpress\/wp-content\/uploads\/2025\/02\/SCR-20250202-rtjn.jpeg\" data-dt-img-description=\"\" data-large_image_width=\"1248\" data-large_image_height=\"906\"><img loading=\"lazy\" decoding=\"async\" class=\" wp-image-432642 alignleft\" src=\"https:\/\/www.radiopiu.net\/wordpress\/wp-content\/uploads\/2025\/02\/SCR-20250202-rtjn-300x218.jpeg\" alt=\"\" width=\"198\" height=\"144\" srcset=\"https:\/\/www.radiopiu.net\/wordpress\/wp-content\/uploads\/2025\/02\/SCR-20250202-rtjn-300x218.jpeg 300w, https:\/\/www.radiopiu.net\/wordpress\/wp-content\/uploads\/2025\/02\/SCR-20250202-rtjn-1024x743.jpeg 1024w, https:\/\/www.radiopiu.net\/wordpress\/wp-content\/uploads\/2025\/02\/SCR-20250202-rtjn-768x558.jpeg 768w, https:\/\/www.radiopiu.net\/wordpress\/wp-content\/uploads\/2025\/02\/SCR-20250202-rtjn.jpeg 1248w\" sizes=\"auto, (max-width: 198px) 100vw, 198px\" \/><\/a>GRANDI RISULTATI PER IL GS LA PIAVE 2000<\/h3>\n<\/blockquote>\n<p>Il Gs La Piave 2000 ha ottenuto risultati storici ai Campionati Italiani Juniores e Promesse indoor di Ancona, conquistando la prima maglia tricolore della sua storia grazie a Elena Nessenzia, vincitrice dei 60 ostacoli promesse con 8\u201d34 in finale. La 21enne di Borgo Valbelluna ha dominato la gara, confermando il suo talento. Oltre al suo oro, il club ha piazzato altre tre atlete tra le prime otto: Giorgia Zambon (7\u00aa nei 60 hs juniores), Rofiat Adetoro (5\u00aa nel lungo juniores) e Angelica Balest (7\u00aa nell\u2019alto juniores). Un inizio di stagione straordinario per la societ\u00e0.<\/p>\n<p>&nbsp;<\/p>\n<p>&nbsp;<\/p>\n","protected":false},"excerpt":{"rendered":"<p>******** &nbsp; LA\u00a0 APP PER IOS-IPHONE di Nicola Vettorello https:\/\/apps.apple.com\/it\/app\/radio-pi%C3%B9-emittente-agordina\/id1515939845 LA\u00a0 APP RADIO\u00a0 PER ANDROID di Nicola Vettorello https:\/\/play.google.com\/store\/apps\/details?id=net.radiopiu.iniko\u00a0\u00a0\u00a0\u00a0 &nbsp; &nbsp; &nbsp; OGGI ALLA RADIO:\u00a0\u00a0 rassegna stampa nazionale, ogni giorno alle 5 e alle 6 del mattino. giornali locali 7 rassegna stampa flash, 8 rassegna stampa, gr flash alle 10 e alle 11, principale 12.30.&hellip;<\/p>\n","protected":false},"author":4,"featured_media":432621,"comment_status":"closed","ping_status":"closed","sticky":false,"template":"","format":"standard","meta":{"_monsterinsights_skip_tracking":false,"_monsterinsights_sitenote_active":false,"_monsterinsights_sitenote_note":"","_monsterinsights_sitenote_category":0,"footnotes":""},"categories":[51,86,49],"tags":[],"class_list":["post-432492","post","type-post","status-publish","format-standard","has-post-thumbnail","hentry","category-evidenza-top","category-gr","category-news-18","category-51","category-86","category-49","description-off"],"img_url":"https:\/\/www.radiopiu.net\/wordpress\/wp-content\/uploads\/2025\/02\/CROCE-VERDE-VALBIOIS-DIEGO-COSTA-1.jpg","_links":{"self":[{"href":"https:\/\/www.radiopiu.net\/wordpress\/wp-json\/wp\/v2\/posts\/432492","targetHints":{"allow":["GET"]}}],"collection":[{"href":"https:\/\/www.radiopiu.net\/wordpress\/wp-json\/wp\/v2\/posts"}],"about":[{"href":"https:\/\/www.radiopiu.net\/wordpress\/wp-json\/wp\/v2\/types\/post"}],"author":[{"embeddable":true,"href":"https:\/\/www.radiopiu.net\/wordpress\/wp-json\/wp\/v2\/users\/4"}],"replies":[{"embeddable":true,"href":"https:\/\/www.radiopiu.net\/wordpress\/wp-json\/wp\/v2\/comments?post=432492"}],"version-history":[{"count":45,"href":"https:\/\/www.radiopiu.net\/wordpress\/wp-json\/wp\/v2\/posts\/432492\/revisions"}],"predecessor-version":[{"id":432731,"href":"https:\/\/www.radiopiu.net\/wordpress\/wp-json\/wp\/v2\/posts\/432492\/revisions\/432731"}],"wp:featuredmedia":[{"embeddable":true,"href":"https:\/\/www.radiopiu.net\/wordpress\/wp-json\/wp\/v2\/media\/432621"}],"wp:attachment":[{"href":"https:\/\/www.radiopiu.net\/wordpress\/wp-json\/wp\/v2\/media?parent=432492"}],"wp:term":[{"taxonomy":"category","embeddable":true,"href":"https:\/\/www.radiopiu.net\/wordpress\/wp-json\/wp\/v2\/categories?post=432492"},{"taxonomy":"post_tag","embeddable":true,"href":"https:\/\/www.radiopiu.net\/wordpress\/wp-json\/wp\/v2\/tags?post=432492"}],"curies":[{"name":"wp","href":"https:\/\/api.w.org\/{rel}","templated":true}]}}