{"id":432502,"date":"2025-02-01T10:38:33","date_gmt":"2025-02-01T09:38:33","guid":{"rendered":"https:\/\/www.radiopiu.net\/wordpress\/?p=432502"},"modified":"2025-02-01T10:38:33","modified_gmt":"2025-02-01T09:38:33","slug":"inside-un-grande-successo-per-linternazionalizzazione-delle-imprese-venete","status":"publish","type":"post","link":"https:\/\/www.radiopiu.net\/wordpress\/inside-un-grande-successo-per-linternazionalizzazione-delle-imprese-venete\/","title":{"rendered":"INSIDE: UN GRANDE SUCCESSO PER L\u2019INTERNAZIONALIZZAZIONE  DELLE IMPRESE VENETE"},"content":{"rendered":"<p>******<\/p>\n<p>&nbsp;<\/p>\n<p><strong>TREVISO <\/strong>Un risultato straordinario per il primo evento INSIDE, che ha visto la partecipazione attiva di 90 aziende venete interessate a espandere la propria presenza sui mercati internazionali. L\u2019iniziativa si \u00e8 confermata un\u2019importante occasione di confronto diretto tra le Camere di Commercio Italiane all\u2019estero e le imprese, offrendo informazioni strategiche e opportunit\u00e0 concrete di crescita sui mercati esteri. L\u2019evento \u00e8 stato organizzato da Venicepromex \u2013 Agenzia per l\u2019Internazionalizzazione del sistema camerale veneto, che con questa iniziativa ha ribadito il proprio impegno nel supportare le imprese venete nel loro percorso di espansione globale. Il format di INSIDE ha permesso alle aziende di approfondire le dinamiche di settori chiave come meccanica, medicale, edilizia, sistema casa, moda e forniture ospedaliere, grazie agli interventi dei Segretari Generali \u00a0delle Camere di Commercio Italiane in Vietnam, Emirati Arabi Uniti, Bulgaria, Stati Uniti, Colombia e del Presidente della Camera di Commercio italiana in Mozambico. <em>Per un\u2019 unica\u00a0 missione, sono qui con tre giacche <\/em>&#8211; evidenzia Mario Pozza &#8211; <em>quella di Presidente della Camera di Commercio di Treviso \u2013 Belluno| Dolomiti, di Venicepromex \u2013 l\u2019agenzia per l\u2019internazionalizzazione del sistema camerale veneto e di Assocamerestero, l\u2019associazione delle 86 Camere di Commercio Italiane all\u2019estero presenti in 63 Paesi. <\/em><em>Il Veneto \u00e8 terza in Italia per valore delle esportazioni, una posizione che dobbiamo mantenere e consolidare. Per questo, il sistema camerale \u00e8 in rete per offrire alle nostre imprese e al nostro territorio nuove opportunit\u00e0, andando oltre i mercati domestici, come quelli europei che sono ormai troppo deboli, proponendo mercati esteri che invece sono praterie di opportunit\u00e0 per le nostre imprese. <\/em><em>Lo facciamo attraverso le Camere di Commercio Italiane all\u2019estero, realt\u00e0 che vivono quotidianamente i mercati internazionali, vi operano da anni e incarnano l\u2019italianit\u00e0, con la particolarit\u00e0 che conoscono a fondo le nostre imprese e le loro esigenze, condividendo il punto di vista privilegiato perch\u00e9 vivono nel mercato d\u2019interesse. I<\/em><em>n un contesto globale in continua evoluzione, \u00e8 inoltre indispensabile diversificare i mercati di riferimento, cos\u00ec da assorbire meglio i contraccolpi e i cambiamenti, anche quelli pi\u00f9 repentini, che stiamo vivendo. <\/em><em>Rivolgo dunque, per questa prima diretta di INSIDE, un ringraziamento a Quyet TRAN, Segretario Generale Camera di Commercio Italiana in Vietnam \u2013 ICHAM, a Lina Terrana, Vice Segretario Generale Italian Industry &amp; Commerce Office in the UAE, \u00a0Anselmo Caporossi\u00a0 Segretario Generale Camera di Commercio Italiana in Bulgaria, Federico Tozzi\u00a0 Segretario Generale Italy-America Chamber of Commerce, Inc., Angelo Gobbo\u00a0 Segretario Generale Camera di Commercio Italiana per la Colombia. <\/em><em>Un ringraziamento speciale al Presidente della Camera di Commercio Italiana in Mozambico,\u00a0 Simone Santi che \u00e8 intervenuto in presenza a Treviso.\u00a0 <\/em>L\u2019evento ha dimostrato ancora una volta il valore della collaborazione tra il sistema camerale e il tessuto imprenditoriale veneto, rafforzando le connessioni internazionali e aprendo nuove prospettive di sviluppo per le imprese del territorio.<\/p>\n\n\t\t\t<style type='text\/css'>\n\t\t\t\t#gallery-1 {\n\t\t\t\t\tmargin: auto;\n\t\t\t\t}\n\t\t\t\t#gallery-1 .gallery-item {\n\t\t\t\t\tfloat: left;\n\t\t\t\t\tmargin-top: 10px;\n\t\t\t\t\ttext-align: center;\n\t\t\t\t\twidth: 25%;\n\t\t\t\t}\n\t\t\t\t#gallery-1 img {\n\t\t\t\t\tborder: 2px solid #cfcfcf;\n\t\t\t\t}\n\t\t\t\t#gallery-1 .gallery-caption {\n\t\t\t\t\tmargin-left: 0;\n\t\t\t\t}\n\t\t\t\t\/* see gallery_shortcode() in wp-includes\/media.php *\/\n\t\t\t<\/style>\n\t\t<div id='gallery-1' class='dt-gallery-container gallery galleryid-432502 gallery-columns-4 gallery-size-thumbnail'><dl class='gallery-item'>\n\t\t\t\t<dt class='gallery-icon landscape'>\n\t\t\t\t\t<a class=\"rollover rollover-zoom dt-pswp-item\" title=\"INSIDE-CCIAATB-CCIE\" data-dt-img-description=\"\" data-large_image_width=\"1280\" data-large_image_height=\"1102\"href='https:\/\/www.radiopiu.net\/wordpress\/wp-content\/uploads\/2025\/02\/INSIDE-CCIAATB-CCIE.jpg'><img loading=\"lazy\" decoding=\"async\" width=\"150\" height=\"150\" src=\"https:\/\/www.radiopiu.net\/wordpress\/wp-content\/uploads\/2025\/02\/INSIDE-CCIAATB-CCIE-150x150.jpg\" class=\"attachment-thumbnail size-thumbnail\" alt=\"\" \/><\/a>\n\t\t\t\t<\/dt><\/dl><dl class='gallery-item'>\n\t\t\t\t<dt class='gallery-icon landscape'>\n\t\t\t\t\t<a class=\"rollover rollover-zoom dt-pswp-item\" title=\"Conzato-Pres.Pozza-Pres.Santi\" data-dt-img-description=\"\" data-large_image_width=\"1280\" data-large_image_height=\"720\"href='https:\/\/www.radiopiu.net\/wordpress\/wp-content\/uploads\/2025\/02\/Conzato-Pres.Pozza-Pres.Santi_.jpg'><img loading=\"lazy\" decoding=\"async\" width=\"150\" height=\"150\" src=\"https:\/\/www.radiopiu.net\/wordpress\/wp-content\/uploads\/2025\/02\/Conzato-Pres.Pozza-Pres.Santi_-150x150.jpg\" class=\"attachment-thumbnail size-thumbnail\" alt=\"\" \/><\/a>\n\t\t\t\t<\/dt><\/dl><dl class='gallery-item'>\n\t\t\t\t<dt class='gallery-icon landscape'>\n\t\t\t\t\t<a class=\"rollover rollover-zoom dt-pswp-item\" title=\"Camera-Ita-Estero-Vietnam\" data-dt-img-description=\"\" data-large_image_width=\"1242\" data-large_image_height=\"694\"href='https:\/\/www.radiopiu.net\/wordpress\/wp-content\/uploads\/2025\/02\/Camera-Ita-Estero-Vietnam.jpg'><img loading=\"lazy\" decoding=\"async\" width=\"150\" height=\"150\" src=\"https:\/\/www.radiopiu.net\/wordpress\/wp-content\/uploads\/2025\/02\/Camera-Ita-Estero-Vietnam-150x150.jpg\" class=\"attachment-thumbnail size-thumbnail\" alt=\"\" \/><\/a>\n\t\t\t\t<\/dt><\/dl><dl class='gallery-item'>\n\t\t\t\t<dt class='gallery-icon landscape'>\n\t\t\t\t\t<a class=\"rollover rollover-zoom dt-pswp-item\" title=\"Unknown-1\" data-dt-img-description=\"\" data-large_image_width=\"1280\" data-large_image_height=\"960\"href='https:\/\/www.radiopiu.net\/wordpress\/wp-content\/uploads\/2025\/02\/Unknown-1.jpeg'><img loading=\"lazy\" decoding=\"async\" width=\"150\" height=\"150\" src=\"https:\/\/www.radiopiu.net\/wordpress\/wp-content\/uploads\/2025\/02\/Unknown-1-150x150.jpeg\" class=\"attachment-thumbnail size-thumbnail\" alt=\"\" \/><\/a>\n\t\t\t\t<\/dt><\/dl><br style=\"clear: both\" \/>\n\t\t\t<\/div>\n\n<p>&nbsp;<\/p>\n<p>&nbsp;<\/p>\n<p>&nbsp;<\/p>\n<p>*********<\/p>\n","protected":false},"excerpt":{"rendered":"<p>****** &nbsp; TREVISO Un risultato straordinario per il primo evento INSIDE, che ha visto la partecipazione attiva di 90 aziende venete interessate a espandere la propria presenza sui mercati internazionali. L\u2019iniziativa si \u00e8 confermata un\u2019importante occasione di confronto diretto tra le Camere di Commercio Italiane all\u2019estero e le imprese, offrendo informazioni strategiche e opportunit\u00e0 concrete&hellip;<\/p>\n","protected":false},"author":4,"featured_media":432505,"comment_status":"closed","ping_status":"closed","sticky":false,"template":"","format":"standard","meta":{"_monsterinsights_skip_tracking":false,"_monsterinsights_sitenote_active":false,"_monsterinsights_sitenote_note":"","_monsterinsights_sitenote_category":0,"footnotes":""},"categories":[49],"tags":[],"class_list":["post-432502","post","type-post","status-publish","format-standard","has-post-thumbnail","hentry","category-news-18","category-49","description-off"],"img_url":"https:\/\/www.radiopiu.net\/wordpress\/wp-content\/uploads\/2025\/02\/Camera-Ita-Estero-Vietnam.jpg","_links":{"self":[{"href":"https:\/\/www.radiopiu.net\/wordpress\/wp-json\/wp\/v2\/posts\/432502","targetHints":{"allow":["GET"]}}],"collection":[{"href":"https:\/\/www.radiopiu.net\/wordpress\/wp-json\/wp\/v2\/posts"}],"about":[{"href":"https:\/\/www.radiopiu.net\/wordpress\/wp-json\/wp\/v2\/types\/post"}],"author":[{"embeddable":true,"href":"https:\/\/www.radiopiu.net\/wordpress\/wp-json\/wp\/v2\/users\/4"}],"replies":[{"embeddable":true,"href":"https:\/\/www.radiopiu.net\/wordpress\/wp-json\/wp\/v2\/comments?post=432502"}],"version-history":[{"count":1,"href":"https:\/\/www.radiopiu.net\/wordpress\/wp-json\/wp\/v2\/posts\/432502\/revisions"}],"predecessor-version":[{"id":432507,"href":"https:\/\/www.radiopiu.net\/wordpress\/wp-json\/wp\/v2\/posts\/432502\/revisions\/432507"}],"wp:featuredmedia":[{"embeddable":true,"href":"https:\/\/www.radiopiu.net\/wordpress\/wp-json\/wp\/v2\/media\/432505"}],"wp:attachment":[{"href":"https:\/\/www.radiopiu.net\/wordpress\/wp-json\/wp\/v2\/media?parent=432502"}],"wp:term":[{"taxonomy":"category","embeddable":true,"href":"https:\/\/www.radiopiu.net\/wordpress\/wp-json\/wp\/v2\/categories?post=432502"},{"taxonomy":"post_tag","embeddable":true,"href":"https:\/\/www.radiopiu.net\/wordpress\/wp-json\/wp\/v2\/tags?post=432502"}],"curies":[{"name":"wp","href":"https:\/\/api.w.org\/{rel}","templated":true}]}}