{"id":432528,"date":"2025-02-22T12:00:18","date_gmt":"2025-02-22T11:00:18","guid":{"rendered":"https:\/\/www.radiopiu.net\/wordpress\/?p=432528"},"modified":"2025-03-08T14:16:33","modified_gmt":"2025-03-08T13:16:33","slug":"trofeo-ski-alp-4-valli-molino-caverson","status":"publish","type":"post","link":"https:\/\/www.radiopiu.net\/wordpress\/trofeo-ski-alp-4-valli-molino-caverson\/","title":{"rendered":"TROFEO SKI ALP 4 VALLI: GARDENER E ZULIAN SI AGGIUDICANO LA MOLINO CAVERSON"},"content":{"rendered":"<p>*******<\/p>\n<p>&nbsp;<\/p>\n<p><strong>DI MATTIA VALENTINI<\/strong><\/p>\n<h2><span style=\"color: #ff0000;\">QUARTA TAPPA TROFEO SKI ALP 4 VALLI<\/span><\/h2>\n<div>\n<p dir=\"ltr\">A Caverson cala il sipario sul circuito La Sportiva Trofeo Ski Alp 4 Valli. Con l\u2019edizione numero 27 della Molino &#8211; Caverson di Falcade, si chiude in bellezza il circuito dedicato agli amanti delle pelli che per quattro venerd\u00ec, a partire dal 31 gennaio scorso, ha visto protagoniste le vallate di Fiemme, Primiero, Fassa e Biois. A vincere nell\u2019ultima frazione con un tracciato caratterizzato da 400 metri di dislivello per uno sviluppo di 2 chilometri, \u00e8 il fondista della Val di Fiemme Stefano Gardener (U.S. Cornacci) che chiude la prova in 13\u201957\u201d seguito da Simone Manfroi (Dolomiti Adventure) 14\u201931\u201d e Marco Zanoner (Bela Ladinia) 14\u201955\u201d. Al femminile, vittoria per Margit Zulian 18\u201904\u201d che si impone davanti alla giovane promessa dello skialp Veronica Bandiera (Ski Alp Valdobbiadene) 18\u201953\u201d e a Kristel Mottin (Bela Ladinia) 19\u201926\u201d.\u00a0 Sono proprio i bronzi di giornata Marco Zanoner e Kristel Mottin a vincere l\u2019edizione 2025 del circuito 4 Valli. Il fassano,infatti, chiude le quattro prove con un tempo complessivo di 1:35:03, seguito da Raffaele Teza (Ski Alp Valdobbiadene) 1:38:06 e Thomas Trettel (A.S.D. Cauriol) 1:38:12. Kristel Mottin, invece, trova per la terza volta la vittoria generale, quest\u2019anno con un crono totale di 1:59:41 davanti a Veronica Bandiera (Ski Alp Valdobbiadene) 2:01:01 e ad Anna Santini (U.S. Cermis) 2:06:39. Si chiude cos\u00ec l\u2019insieme di manifestazioni scialpinistiche in notturna organizzate con passione dai team A.S.D Cauriol, Memorial Zagonel, Bela Ladinia e Caverson Night, con l\u2019intento di proseguire insieme anche nel 2026. Tutte le classifiche al sito <a href=\"http:\/\/www.keepsporting.com\/\">www.keepsporting.com<\/a><\/p>\n<audio class=\"wp-audio-shortcode\" id=\"audio-432528-1\" preload=\"none\" style=\"width: 100%;\" controls=\"controls\"><source type=\"audio\/mpeg\" src=\"https:\/\/www.radiopiu.net\/wordpress\/wp-content\/uploads\/2025\/02\/Trofeo-4-Valli-27\u00b0-Molino-Caverson-Radio-Piu.mp3?_=1\" \/><a href=\"https:\/\/www.radiopiu.net\/wordpress\/wp-content\/uploads\/2025\/02\/Trofeo-4-Valli-27\u00b0-Molino-Caverson-Radio-Piu.mp3\">https:\/\/www.radiopiu.net\/wordpress\/wp-content\/uploads\/2025\/02\/Trofeo-4-Valli-27\u00b0-Molino-Caverson-Radio-Piu.mp3<\/a><\/audio>\n<p>&nbsp;<\/p>\n\n\t\t\t<style type='text\/css'>\n\t\t\t\t#gallery-1 {\n\t\t\t\t\tmargin: auto;\n\t\t\t\t}\n\t\t\t\t#gallery-1 .gallery-item {\n\t\t\t\t\tfloat: left;\n\t\t\t\t\tmargin-top: 10px;\n\t\t\t\t\ttext-align: center;\n\t\t\t\t\twidth: 33%;\n\t\t\t\t}\n\t\t\t\t#gallery-1 img {\n\t\t\t\t\tborder: 2px solid #cfcfcf;\n\t\t\t\t}\n\t\t\t\t#gallery-1 .gallery-caption {\n\t\t\t\t\tmargin-left: 0;\n\t\t\t\t}\n\t\t\t\t\/* see gallery_shortcode() in wp-includes\/media.php *\/\n\t\t\t<\/style>\n\t\t<div id='gallery-1' class='dt-gallery-container gallery galleryid-432528 gallery-columns-3 gallery-size-thumbnail'><dl class='gallery-item'>\n\t\t\t\t<dt class='gallery-icon portrait'>\n\t\t\t\t\t<a class=\"rollover rollover-zoom dt-pswp-item\" title=\"4 Valli 2025 - Podio Generale Maschile\" data-dt-img-description=\"\" data-large_image_width=\"1920\" data-large_image_height=\"2560\"href='https:\/\/www.radiopiu.net\/wordpress\/wp-content\/uploads\/2025\/02\/4-Valli-2025-Podio-Generale-Maschile-scaled.jpg'><img loading=\"lazy\" decoding=\"async\" width=\"150\" height=\"150\" src=\"https:\/\/www.radiopiu.net\/wordpress\/wp-content\/uploads\/2025\/02\/4-Valli-2025-Podio-Generale-Maschile-150x150.jpg\" class=\"attachment-thumbnail size-thumbnail\" alt=\"\" \/><\/a>\n\t\t\t\t<\/dt><\/dl><dl class='gallery-item'>\n\t\t\t\t<dt class='gallery-icon portrait'>\n\t\t\t\t\t<a class=\"rollover rollover-zoom dt-pswp-item\" title=\"4 Valli 2025 - Podio Generale Femminile\" data-dt-img-description=\"\" data-large_image_width=\"1920\" data-large_image_height=\"2560\"href='https:\/\/www.radiopiu.net\/wordpress\/wp-content\/uploads\/2025\/02\/4-Valli-2025-Podio-Generale-Femminile-scaled.jpg'><img loading=\"lazy\" decoding=\"async\" width=\"150\" height=\"150\" src=\"https:\/\/www.radiopiu.net\/wordpress\/wp-content\/uploads\/2025\/02\/4-Valli-2025-Podio-Generale-Femminile-150x150.jpg\" class=\"attachment-thumbnail size-thumbnail\" alt=\"\" \/><\/a>\n\t\t\t\t<\/dt><\/dl><dl class='gallery-item'>\n\t\t\t\t<dt class='gallery-icon portrait'>\n\t\t\t\t\t<a class=\"rollover rollover-zoom dt-pswp-item\" title=\"4 Valli 2025 - Organizzatori delle 4 tappe\" data-dt-img-description=\"\" data-large_image_width=\"1920\" data-large_image_height=\"2560\"href='https:\/\/www.radiopiu.net\/wordpress\/wp-content\/uploads\/2025\/02\/4-Valli-2025-Organizzatori-delle-4-tappe-scaled.jpg'><img loading=\"lazy\" decoding=\"async\" width=\"150\" height=\"150\" src=\"https:\/\/www.radiopiu.net\/wordpress\/wp-content\/uploads\/2025\/02\/4-Valli-2025-Organizzatori-delle-4-tappe-150x150.jpg\" class=\"attachment-thumbnail size-thumbnail\" alt=\"\" \/><\/a>\n\t\t\t\t<\/dt><\/dl><br style=\"clear: both\" \/>\n\t\t\t<\/div>\n\n<p>&nbsp;<\/p>\n<p dir=\"ltr\">\n<hr \/>\n<p dir=\"ltr\">\n<\/div>\n<p><strong>DI MATTIA VALENTINI<\/strong><\/p>\n<h2><span style=\"color: #ff0000;\">TERZA TAPPA TROFEO SKI ALP 4 VALLI<\/span><\/h2>\n<p dir=\"ltr\"><a class=\"dt-pswp-item\" href=\"https:\/\/www.radiopiu.net\/wordpress\/wp-content\/uploads\/2025\/02\/IMG-20250221-WA0026-scaled.jpg\" data-dt-img-description=\"\" data-large_image_width=\"2560\" data-large_image_height=\"1840\"><img loading=\"lazy\" decoding=\"async\" class=\" wp-image-436056 alignleft\" src=\"https:\/\/www.radiopiu.net\/wordpress\/wp-content\/uploads\/2025\/02\/IMG-20250221-WA0026-300x216.jpg\" alt=\"\" width=\"207\" height=\"149\" srcset=\"https:\/\/www.radiopiu.net\/wordpress\/wp-content\/uploads\/2025\/02\/IMG-20250221-WA0026-300x216.jpg 300w, https:\/\/www.radiopiu.net\/wordpress\/wp-content\/uploads\/2025\/02\/IMG-20250221-WA0026-1024x736.jpg 1024w, https:\/\/www.radiopiu.net\/wordpress\/wp-content\/uploads\/2025\/02\/IMG-20250221-WA0026-768x552.jpg 768w, https:\/\/www.radiopiu.net\/wordpress\/wp-content\/uploads\/2025\/02\/IMG-20250221-WA0026-1536x1104.jpg 1536w, https:\/\/www.radiopiu.net\/wordpress\/wp-content\/uploads\/2025\/02\/IMG-20250221-WA0026-2048x1472.jpg 2048w\" sizes=\"auto, (max-width: 207px) 100vw, 207px\" \/><\/a>Il portacolori di Bela Ladinia fa suo anche il 10\u00b0 Moena Ski Alp, terza tappa del circuito La Sportiva Trofeo Ski Alp 4 Valli. Dopo il primo posto nella gara di San Martino, l\u2019atleta di Moena vince la gara di casa chiudendo la sua prova con un tempo di 21\u201936\u201d davanti a\u00a0 Daniele Felicetti 21\u201945\u201d e Raffaele Teza (Ski Alp Valdobbiadene) 22\u201926\u201d. Margit Zulian si aggiudica il primo posto del podio femminile fermando il cronometro a 26\u201950\u201d seguita dalla giovane Veronica Bandiera (Ski Alp Valdobbiadene) 27\u201930\u201d e Kristel Mottin (Bela Ladinia) 27\u201936\u201d. Pi\u00f9 di 250 gli atleti al via nella serata di venerd\u00ec 21 febbraio, che hanno affrontato i 450 metri di dislivello per uno sviluppo di 3 chilometri dalla localit\u00e0 Ronchi di Moena a Valbona. Un ringraziamento ai volontari di Bela Ladinia per aver reso praticabile l\u2019intero tracciato portando la neve, con l\u2019ausilio di motoslitta e pala, lungo il percorso. L\u2019appuntamento per gli amanti delle pelli \u00e8 venerd\u00ec 07 marzo, ultima tappa del circuito, a Falcade per la 27ma Molino Caverson. Iscrizioni al sito <a href=\"https:\/\/keepsporting.com\/home\">https:\/\/keepsporting.com\/home<\/a><\/p>\n<audio class=\"wp-audio-shortcode\" id=\"audio-432528-2\" preload=\"none\" style=\"width: 100%;\" controls=\"controls\"><source type=\"audio\/mpeg\" src=\"https:\/\/www.radiopiu.net\/wordpress\/wp-content\/uploads\/2025\/02\/Trofeo-4-Valli-10\u00b0-Moena-Ski-Alp-Radio-Piu.mp3?_=2\" \/><a href=\"https:\/\/www.radiopiu.net\/wordpress\/wp-content\/uploads\/2025\/02\/Trofeo-4-Valli-10\u00b0-Moena-Ski-Alp-Radio-Piu.mp3\">https:\/\/www.radiopiu.net\/wordpress\/wp-content\/uploads\/2025\/02\/Trofeo-4-Valli-10\u00b0-Moena-Ski-Alp-Radio-Piu.mp3<\/a><\/audio>\n<p>&nbsp;<\/p>\n<hr \/>\n<p>&nbsp;<\/p>\n<p><strong>DI MATTIA VALENTINI<\/strong><\/p>\n<h2><span style=\"color: #ff0000;\">SECONDA TAPPA TROFEO SKI ALP 4 VALLI<\/span><\/h2>\n<p><strong><a class=\"dt-pswp-item\" href=\"https:\/\/www.radiopiu.net\/wordpress\/wp-content\/uploads\/2025\/02\/20250215_113229.jpg\" data-dt-img-description=\"\" data-large_image_width=\"2268\" data-large_image_height=\"1726\"><img loading=\"lazy\" decoding=\"async\" class=\" wp-image-434811 alignleft\" src=\"https:\/\/www.radiopiu.net\/wordpress\/wp-content\/uploads\/2025\/02\/20250215_113229-300x228.jpg\" alt=\"\" width=\"199\" height=\"151\" srcset=\"https:\/\/www.radiopiu.net\/wordpress\/wp-content\/uploads\/2025\/02\/20250215_113229-300x228.jpg 300w, https:\/\/www.radiopiu.net\/wordpress\/wp-content\/uploads\/2025\/02\/20250215_113229-1024x779.jpg 1024w, https:\/\/www.radiopiu.net\/wordpress\/wp-content\/uploads\/2025\/02\/20250215_113229-768x584.jpg 768w, https:\/\/www.radiopiu.net\/wordpress\/wp-content\/uploads\/2025\/02\/20250215_113229-1536x1169.jpg 1536w, https:\/\/www.radiopiu.net\/wordpress\/wp-content\/uploads\/2025\/02\/20250215_113229-2048x1559.jpg 2048w\" sizes=\"auto, (max-width: 199px) 100vw, 199px\" \/><\/a>SAN MARTINO DI CASTROZZA (TN)\u00a0<\/strong> Bela Ladinia trionfa con Marco Zanoner e Kristel Mottin al 26\u00b0 Memorial Maurizio Zagonel &#8211; 5\u00b0 Trofeo Aldo Giovannelli, valevole come seconda tappa del circuito La Sportiva Trofeo Ski Alp 4 Valli 2025. Con un tempo di 22\u201909\u201d l\u2019atleta fassano vince a San Martino di Castrozza davanti a Daniele Felicetti 22\u201919\u201d e Thomas Trettel (A.S.D. Cauriol) 23\u201900\u201d. Kristel Mottin dopo l\u2019argento della prima tappa conferma la sua buona condizione, andando a conquistare il podio femminile con un crono di 28\u201909\u201d seguita dalla giovane Veronica Bandiera (Skialp Valdobbiadene) 28\u201917\u201d e Anna Santini (U.S. Cermis) 29\u201916\u201d. Al via in piazzetta la Crodaroi anche tanti turisti che incuriositi hanno seguito la caratteristica partenza dei pi\u00f9 di 190 atleti che hanno affrontato i primi 500 metri di corsa e poi 440 metri di dislivello per circa 5 chilometri di sviluppo con le pelli sugli sci. Durante le premiazioni \u00e8 stato dedicato un momento in ricordo di Maurizio Zagonel e Aldo Giovannelli scomparsi sulle montagne del Primiero nel 1998 e nel 2018. <span id=\"gmail-docs-internal-guid-e6ec5d5c-7fff-5755-65bd-044b03bcc594\">Prossima tappa del 4 Valli venerd\u00ec prossimo, 21 febbraio a Moena per la decima edizione della Moena Skialp. Iscrizioni al sito <a href=\"https:\/\/keepsporting.com\/home\">https:\/\/keepsporting.com\/home<\/a><\/span><\/p>\n<audio class=\"wp-audio-shortcode\" id=\"audio-432528-3\" preload=\"none\" style=\"width: 100%;\" controls=\"controls\"><source type=\"audio\/mpeg\" src=\"https:\/\/www.radiopiu.net\/wordpress\/wp-content\/uploads\/2025\/02\/Trofeo-4-Valli-26\u00b0-Memorial-Zagonel-Recap-Radio-Piu.mp3?_=3\" \/><a href=\"https:\/\/www.radiopiu.net\/wordpress\/wp-content\/uploads\/2025\/02\/Trofeo-4-Valli-26\u00b0-Memorial-Zagonel-Recap-Radio-Piu.mp3\">https:\/\/www.radiopiu.net\/wordpress\/wp-content\/uploads\/2025\/02\/Trofeo-4-Valli-26\u00b0-Memorial-Zagonel-Recap-Radio-Piu.mp3<\/a><\/audio>\n<p>&nbsp;<\/p>\n<hr \/>\n<p>&nbsp;<\/p>\n<p><strong>DI MATTIA VALENTINI<\/strong><\/p>\n<h2><span style=\"color: #ff0000;\">PRIMA TAPPA TROFEO SKI ALP 4 VALLI<\/span><\/h2>\n<p dir=\"ltr\"><a class=\"dt-pswp-item\" href=\"https:\/\/www.radiopiu.net\/wordpress\/wp-content\/uploads\/2025\/02\/Podio-28\u00b0-Skialp-Cauriol-da-sx-Sostizzo-Oberbacher-Debertolis-scaled.jpg\" data-dt-img-description=\"\" data-large_image_width=\"1707\" data-large_image_height=\"2560\"><img loading=\"lazy\" decoding=\"async\" class=\" wp-image-432530 alignleft\" src=\"https:\/\/www.radiopiu.net\/wordpress\/wp-content\/uploads\/2025\/02\/Podio-28\u00b0-Skialp-Cauriol-da-sx-Sostizzo-Oberbacher-Debertolis-200x300.jpg\" alt=\"\" width=\"119\" height=\"179\" srcset=\"https:\/\/www.radiopiu.net\/wordpress\/wp-content\/uploads\/2025\/02\/Podio-28\u00b0-Skialp-Cauriol-da-sx-Sostizzo-Oberbacher-Debertolis-200x300.jpg 200w, https:\/\/www.radiopiu.net\/wordpress\/wp-content\/uploads\/2025\/02\/Podio-28\u00b0-Skialp-Cauriol-da-sx-Sostizzo-Oberbacher-Debertolis-683x1024.jpg 683w, https:\/\/www.radiopiu.net\/wordpress\/wp-content\/uploads\/2025\/02\/Podio-28\u00b0-Skialp-Cauriol-da-sx-Sostizzo-Oberbacher-Debertolis-768x1152.jpg 768w, https:\/\/www.radiopiu.net\/wordpress\/wp-content\/uploads\/2025\/02\/Podio-28\u00b0-Skialp-Cauriol-da-sx-Sostizzo-Oberbacher-Debertolis-1024x1536.jpg 1024w, https:\/\/www.radiopiu.net\/wordpress\/wp-content\/uploads\/2025\/02\/Podio-28\u00b0-Skialp-Cauriol-da-sx-Sostizzo-Oberbacher-Debertolis-1365x2048.jpg 1365w, https:\/\/www.radiopiu.net\/wordpress\/wp-content\/uploads\/2025\/02\/Podio-28\u00b0-Skialp-Cauriol-da-sx-Sostizzo-Oberbacher-Debertolis-scaled.jpg 1707w\" sizes=\"auto, (max-width: 119px) 100vw, 119px\" \/><\/a><strong>CASTELIR DI BELLAMONTE (TN)<\/strong> Il gardenese del Team La Sportiva fa sua la prima tappa del circuito di gare di scialpinismo di Fiemme, Fassa, Primiero e Biois, fermando il cronometro a 32\u201902\u201d davanti a Matteo Sostizzo (C. S. Carabinieri) 32\u201923\u201d e al primierotto Hermann Debertolis (G.S. Fiamme Oro) 32\u201932\u201d. Al femminile podio di questo venerd\u00ec 31 gennaio per Martina Cumerlato (Bela Ladinia) 42\u201927\u201d seguita da Kristel Mottin (Bela Ladinia) 44\u201930\u201d e Margit Zulian 44\u201941\u201d. Pi\u00f9 di 270 gli atleti e amatori al via per i 600 metri di dislivello e 6 chilometri di sviluppo totali del tracciato agonistico, di questa prima tappa del circuito 4 Valli andata in scena al Castelir di Bellamonte (TN). La manifestazione organizzata dall\u2019 A.S.D. Cauriol di Ziano di Fiemme insieme all\u2019associazione Bel da Matti \u00e8 stata nel segno del ricordo di Elisa Deflorian scomparsa nel 2021. Prossimo appuntamento per gli amanti delle pelli venerd\u00ec 14 febbraio a San Martino di Castrozza per il <img loading=\"lazy\" decoding=\"async\" class=\"alignleft\" src=\"https:\/\/www.radiopiu.net\/wordpress\/wp-content\/uploads\/2025\/02\/Senza-nome-1.png\" width=\"267\" height=\"139\" \/>ventiseiesimo Memorial Maurizio Zagonel, iscrizioni al sito: <a href=\"https:\/\/keepsporting.com\/home\">https:\/\/keepsporting.com\/home<\/a><\/p>\n<audio class=\"wp-audio-shortcode\" id=\"audio-432528-4\" preload=\"none\" style=\"width: 100%;\" controls=\"controls\"><source type=\"audio\/mpeg\" src=\"https:\/\/www.radiopiu.net\/wordpress\/wp-content\/uploads\/2025\/02\/Trofeo-4-Valli-28\u00b0-Ski-Alp-Cauriol-Recap.mp3?_=4\" \/><a href=\"https:\/\/www.radiopiu.net\/wordpress\/wp-content\/uploads\/2025\/02\/Trofeo-4-Valli-28\u00b0-Ski-Alp-Cauriol-Recap.mp3\">https:\/\/www.radiopiu.net\/wordpress\/wp-content\/uploads\/2025\/02\/Trofeo-4-Valli-28\u00b0-Ski-Alp-Cauriol-Recap.mp3<\/a><\/audio>\n<p>&nbsp;<\/p>\n<p>&nbsp;<\/p>\n<p>********<\/p>\n","protected":false},"excerpt":{"rendered":"<p>******* &nbsp; DI MATTIA VALENTINI QUARTA TAPPA TROFEO SKI ALP 4 VALLI A Caverson cala il sipario sul circuito La Sportiva Trofeo Ski Alp 4 Valli. Con l\u2019edizione numero 27 della Molino &#8211; Caverson di Falcade, si chiude in bellezza il circuito dedicato agli amanti delle pelli che per quattro venerd\u00ec, a partire dal 31&hellip;<\/p>\n","protected":false},"author":4,"featured_media":438620,"comment_status":"closed","ping_status":"closed","sticky":false,"template":"","format":"standard","meta":{"_monsterinsights_skip_tracking":false,"_monsterinsights_sitenote_active":false,"_monsterinsights_sitenote_note":"","_monsterinsights_sitenote_category":0,"footnotes":""},"categories":[49],"tags":[],"class_list":["post-432528","post","type-post","status-publish","format-standard","has-post-thumbnail","hentry","category-news-18","category-49","description-off"],"img_url":"https:\/\/www.radiopiu.net\/wordpress\/wp-content\/uploads\/2025\/02\/SCR-20250308-mrvd.jpeg","_links":{"self":[{"href":"https:\/\/www.radiopiu.net\/wordpress\/wp-json\/wp\/v2\/posts\/432528","targetHints":{"allow":["GET"]}}],"collection":[{"href":"https:\/\/www.radiopiu.net\/wordpress\/wp-json\/wp\/v2\/posts"}],"about":[{"href":"https:\/\/www.radiopiu.net\/wordpress\/wp-json\/wp\/v2\/types\/post"}],"author":[{"embeddable":true,"href":"https:\/\/www.radiopiu.net\/wordpress\/wp-json\/wp\/v2\/users\/4"}],"replies":[{"embeddable":true,"href":"https:\/\/www.radiopiu.net\/wordpress\/wp-json\/wp\/v2\/comments?post=432528"}],"version-history":[{"count":9,"href":"https:\/\/www.radiopiu.net\/wordpress\/wp-json\/wp\/v2\/posts\/432528\/revisions"}],"predecessor-version":[{"id":438621,"href":"https:\/\/www.radiopiu.net\/wordpress\/wp-json\/wp\/v2\/posts\/432528\/revisions\/438621"}],"wp:featuredmedia":[{"embeddable":true,"href":"https:\/\/www.radiopiu.net\/wordpress\/wp-json\/wp\/v2\/media\/438620"}],"wp:attachment":[{"href":"https:\/\/www.radiopiu.net\/wordpress\/wp-json\/wp\/v2\/media?parent=432528"}],"wp:term":[{"taxonomy":"category","embeddable":true,"href":"https:\/\/www.radiopiu.net\/wordpress\/wp-json\/wp\/v2\/categories?post=432528"},{"taxonomy":"post_tag","embeddable":true,"href":"https:\/\/www.radiopiu.net\/wordpress\/wp-json\/wp\/v2\/tags?post=432528"}],"curies":[{"name":"wp","href":"https:\/\/api.w.org\/{rel}","templated":true}]}}