{"id":432549,"date":"2025-02-01T18:18:33","date_gmt":"2025-02-01T17:18:33","guid":{"rendered":"https:\/\/www.radiopiu.net\/wordpress\/?p=432549"},"modified":"2025-02-02T08:30:32","modified_gmt":"2025-02-02T07:30:32","slug":"lorenzo-busin-chiude-al-quarto-posto-alla-dobbiaco-cortina","status":"publish","type":"post","link":"https:\/\/www.radiopiu.net\/wordpress\/lorenzo-busin-chiude-al-quarto-posto-alla-dobbiaco-cortina\/","title":{"rendered":"LORENZO BUSIN CHIUDE AL QUARTO POSTO ALLA DOBBIACO CORTINA"},"content":{"rendered":"<p>******<\/p>\n<p>&nbsp;<\/p>\n<p><a class=\"dt-pswp-item\" href=\"https:\/\/www.radiopiu.net\/wordpress\/wp-content\/uploads\/2025\/02\/Partenza-scaled-1.jpg\" data-dt-img-description=\"Newspower.it Trento www.newspower.it\" data-large_image_width=\"2560\" data-large_image_height=\"1707\"><img loading=\"lazy\" decoding=\"async\" class=\"wp-image-432550 alignleft\" src=\"https:\/\/www.radiopiu.net\/wordpress\/wp-content\/uploads\/2025\/02\/Partenza-scaled-1-300x200.jpg\" alt=\"\" width=\"188\" height=\"125\" srcset=\"https:\/\/www.radiopiu.net\/wordpress\/wp-content\/uploads\/2025\/02\/Partenza-scaled-1-300x200.jpg 300w, https:\/\/www.radiopiu.net\/wordpress\/wp-content\/uploads\/2025\/02\/Partenza-scaled-1-1024x683.jpg 1024w, https:\/\/www.radiopiu.net\/wordpress\/wp-content\/uploads\/2025\/02\/Partenza-scaled-1-768x512.jpg 768w, https:\/\/www.radiopiu.net\/wordpress\/wp-content\/uploads\/2025\/02\/Partenza-scaled-1-1536x1024.jpg 1536w, https:\/\/www.radiopiu.net\/wordpress\/wp-content\/uploads\/2025\/02\/Partenza-scaled-1-2048x1366.jpg 2048w\" sizes=\"auto, (max-width: 188px) 100vw, 188px\" \/> <\/a><strong>CORTINA <\/strong>Dopo una giornata ricca di azione, l&#8217;evento Ski Classics Challengers in Italia, la Granfondo Dobbiaco\/Toblach \u2013 Cortina Classic, ha visto una dura battaglia per tutti i posti sul podio. Alla fine, Andreas Nygaard, del Team Ragde Charge, e Malin B\u00f6rjesj\u00f6, del Team Internorm Trentino GSG, hanno vinto le rispettive gare con prestazioni solide. Nella competizione maschile, il vincitore Andreas Nygaard, del Team Ragde Charge, ha completato la gara in 1:33:04.8. Francesco Ferrari, del Team Internorm Trentino GSG, si \u00e8 classificato al secondo posto, con un distacco di 0.4 secondi, seguito da Lauri Lepisto, del Team Electrofit, che ha completato il podio in terza posizione con un ritardo di 0.5 secondi.In quarta posizione Lorenzo Busin. Nella competizione femminile, la vincitrice \u00e8 stata Malin B\u00f6rjesj\u00f6, del Team Internorm Trentino GSG, che ha terminato la gara con un tempo totale di 1:36:06.7. Oda Nerdrum, del Team Robinson Trentino, ha chiuso al secondo posto con un ritardo di 1:10.7, seguita da Heli Heiskanen, del Team Internorm Trentino GSG, terza classificata con un distacco di 1:14.2 dalla vincitrice. (foto: NewsPower)<\/p>\n<p>&nbsp;<\/p>\n<p>&nbsp;<\/p>\n<p>&nbsp;<\/p>\n<p>**********<\/p>\n","protected":false},"excerpt":{"rendered":"<p>****** &nbsp; CORTINA Dopo una giornata ricca di azione, l&#8217;evento Ski Classics Challengers in Italia, la Granfondo Dobbiaco\/Toblach \u2013 Cortina Classic, ha visto una dura battaglia per tutti i posti sul podio. Alla fine, Andreas Nygaard, del Team Ragde Charge, e Malin B\u00f6rjesj\u00f6, del Team Internorm Trentino GSG, hanno vinto le rispettive gare con prestazioni&hellip;<\/p>\n","protected":false},"author":4,"featured_media":432550,"comment_status":"closed","ping_status":"closed","sticky":false,"template":"","format":"standard","meta":{"_monsterinsights_skip_tracking":false,"_monsterinsights_sitenote_active":false,"_monsterinsights_sitenote_note":"","_monsterinsights_sitenote_category":0,"footnotes":""},"categories":[86,49],"tags":[],"class_list":["post-432549","post","type-post","status-publish","format-standard","has-post-thumbnail","hentry","category-gr","category-news-18","category-86","category-49","description-off"],"img_url":"https:\/\/www.radiopiu.net\/wordpress\/wp-content\/uploads\/2025\/02\/Partenza-scaled-1.jpg","_links":{"self":[{"href":"https:\/\/www.radiopiu.net\/wordpress\/wp-json\/wp\/v2\/posts\/432549","targetHints":{"allow":["GET"]}}],"collection":[{"href":"https:\/\/www.radiopiu.net\/wordpress\/wp-json\/wp\/v2\/posts"}],"about":[{"href":"https:\/\/www.radiopiu.net\/wordpress\/wp-json\/wp\/v2\/types\/post"}],"author":[{"embeddable":true,"href":"https:\/\/www.radiopiu.net\/wordpress\/wp-json\/wp\/v2\/users\/4"}],"replies":[{"embeddable":true,"href":"https:\/\/www.radiopiu.net\/wordpress\/wp-json\/wp\/v2\/comments?post=432549"}],"version-history":[{"count":2,"href":"https:\/\/www.radiopiu.net\/wordpress\/wp-json\/wp\/v2\/posts\/432549\/revisions"}],"predecessor-version":[{"id":432574,"href":"https:\/\/www.radiopiu.net\/wordpress\/wp-json\/wp\/v2\/posts\/432549\/revisions\/432574"}],"wp:featuredmedia":[{"embeddable":true,"href":"https:\/\/www.radiopiu.net\/wordpress\/wp-json\/wp\/v2\/media\/432550"}],"wp:attachment":[{"href":"https:\/\/www.radiopiu.net\/wordpress\/wp-json\/wp\/v2\/media?parent=432549"}],"wp:term":[{"taxonomy":"category","embeddable":true,"href":"https:\/\/www.radiopiu.net\/wordpress\/wp-json\/wp\/v2\/categories?post=432549"},{"taxonomy":"post_tag","embeddable":true,"href":"https:\/\/www.radiopiu.net\/wordpress\/wp-json\/wp\/v2\/tags?post=432549"}],"curies":[{"name":"wp","href":"https:\/\/api.w.org\/{rel}","templated":true}]}}