{"id":432603,"date":"2025-02-02T19:30:10","date_gmt":"2025-02-02T18:30:10","guid":{"rendered":"https:\/\/www.radiopiu.net\/wordpress\/?p=432603"},"modified":"2025-02-03T08:52:07","modified_gmt":"2025-02-03T07:52:07","slug":"grave-in-casa-a-carfon-di-canale-dagordo-minorenne-elitrasportato-a-belluno","status":"publish","type":"post","link":"https:\/\/www.radiopiu.net\/wordpress\/grave-in-casa-a-carfon-di-canale-dagordo-minorenne-elitrasportato-a-belluno\/","title":{"rendered":"GRAVE IN CASA A CARFON DI CANALE D&#8217;AGORDO, MINORENNE ELITRASPORTATO A BELLUNO"},"content":{"rendered":"<p>********<\/p>\n<p>&nbsp;<\/p>\n<p><strong>CANALE D&#8217;AGORDO <\/strong>Falco poco dopo le 17:\u00a0 anziano colto da malore in frazione Carfon a Canale d&#8217;Agordo.\u00a0 Un 84enne della frazione, Riccardo Da Pos si \u00e8 sentito male ed \u00e8 stato richiesto l&#8217;intervento dei sanitari. \u00c8 intervenuto l&#8217;elicottero Falco e l&#8217;uomo era in condizioni molto gravi. Il paziente \u00e8 stato preso in carico in codice 3. L&#8217;uomo non usciva di casa da un paio di giorni, emigrante in Lussenburgo torna spesso nella sua abitazione dove \u00e8 molto conosciuto nella piccola frazione, proprio per questo \u00e8 stata notata la sua assenza, da almeno due giorni. I vigili del fuoco sono entrati in casa dopo aver forzato la porta d&#8217;ingresso.<\/p>\n<p>&nbsp;<\/p>\n<p><strong>REDAZIONE<\/strong> Alle 15:30 \u00e8 stata allertata la centrale opertiva del Suem 118 per un minorenne che si era fatto male sulle piste di Falcade. In soccorso l&#8217;ambulanza di Agordo che ha portato in piazzola a Falcade il giovane che subito dopo \u00e8 stato elitrasportato al San Martino di Belluno. La giornata del Suem \u00e8 stata impegnativa. Alle 12 un 31enne di Treviso \u00e8 stato portato all&#8217;ospedale di Feltre dopo essere stato investito con la sua bicicletta a Quero. Ad Arabba, Bec de Roces, un uomo di 71 anni di Brolo \u00e8 stato elitrasportato a Belluno per politrauma. Sempre a Bec De Roces un giovane \u00e8 stato soccorso da Falco. A Cherz, Arabba, un polacco di 47 anni \u00e8 stato elitrasportato a Brunico in seguito ad un trauma cranico.<\/p>\n<p><strong>CON I VIGILI DEL FUOCO DI AGORDO<\/strong><\/p>\n<p><strong>AGORDO<\/strong> Ieri vari interventi per i Vigil del fuoco permanenti e volontari di Agordo.\u00a0 Nel pomeriggio-sera\u00a0 soccorso persona a Carfon di Canale d&#8217;Agordo, con Suem e Carabinieri. Apertura veicolo a Molino (Falcade). Recupero furgone sempre a Falcade, frazione Molino. Incidente stradale senza feriti a Listolade, Sr 203 Agordina.<\/p>\n<p>&nbsp;<\/p>\n<h2><strong>DILLO A\u00a0 RADIO PIU:<\/strong> Ieri pomeriggio un pulmino di una associazione sciistica locale, parcheggiato lungo la strada, \u00e8 scivolato dentro un prato. Non \u00e8 la prima volta che accadono episodi simili su quella discesa. Forse \u00e8 arrivato il momento di trovare una soluzione?<\/h2>\n<h2><\/h2>\n<p><strong>LE FOTO DI DIEGO COSTA DA FALCADE<\/strong><\/p>\n\n\t\t\t<style type='text\/css'>\n\t\t\t\t#gallery-1 {\n\t\t\t\t\tmargin: auto;\n\t\t\t\t}\n\t\t\t\t#gallery-1 .gallery-item {\n\t\t\t\t\tfloat: left;\n\t\t\t\t\tmargin-top: 10px;\n\t\t\t\t\ttext-align: center;\n\t\t\t\t\twidth: 25%;\n\t\t\t\t}\n\t\t\t\t#gallery-1 img {\n\t\t\t\t\tborder: 2px solid #cfcfcf;\n\t\t\t\t}\n\t\t\t\t#gallery-1 .gallery-caption {\n\t\t\t\t\tmargin-left: 0;\n\t\t\t\t}\n\t\t\t\t\/* see gallery_shortcode() in wp-includes\/media.php *\/\n\t\t\t<\/style>\n\t\t<div id='gallery-1' class='dt-gallery-container gallery galleryid-432603 gallery-columns-4 gallery-size-thumbnail'><dl class='gallery-item'>\n\t\t\t\t<dt class='gallery-icon landscape'>\n\t\t\t\t\t<a class=\"rollover rollover-zoom dt-pswp-item\" title=\"CROCE VERDE VALBIOIS DIEGO COSTA (3)\" data-dt-img-description=\"\" data-large_image_width=\"2048\" data-large_image_height=\"1536\"href='https:\/\/www.radiopiu.net\/wordpress\/wp-content\/uploads\/2025\/02\/CROCE-VERDE-VALBIOIS-DIEGO-COSTA-3.jpg'><img loading=\"lazy\" decoding=\"async\" width=\"150\" height=\"150\" src=\"https:\/\/www.radiopiu.net\/wordpress\/wp-content\/uploads\/2025\/02\/CROCE-VERDE-VALBIOIS-DIEGO-COSTA-3-150x150.jpg\" class=\"attachment-thumbnail size-thumbnail\" alt=\"\" \/><\/a>\n\t\t\t\t<\/dt><\/dl><dl class='gallery-item'>\n\t\t\t\t<dt class='gallery-icon portrait'>\n\t\t\t\t\t<a class=\"rollover rollover-zoom dt-pswp-item\" title=\"CROCE VERDE VALBIOIS DIEGO COSTA (2)\" data-dt-img-description=\"\" data-large_image_width=\"1536\" data-large_image_height=\"2048\"href='https:\/\/www.radiopiu.net\/wordpress\/wp-content\/uploads\/2025\/02\/CROCE-VERDE-VALBIOIS-DIEGO-COSTA-2.jpg'><img loading=\"lazy\" decoding=\"async\" width=\"150\" height=\"150\" src=\"https:\/\/www.radiopiu.net\/wordpress\/wp-content\/uploads\/2025\/02\/CROCE-VERDE-VALBIOIS-DIEGO-COSTA-2-150x150.jpg\" class=\"attachment-thumbnail size-thumbnail\" alt=\"\" \/><\/a>\n\t\t\t\t<\/dt><\/dl><dl class='gallery-item'>\n\t\t\t\t<dt class='gallery-icon landscape'>\n\t\t\t\t\t<a class=\"rollover rollover-zoom dt-pswp-item\" title=\"CROCE VERDE VALBIOIS DIEGO COSTA (1)\" data-dt-img-description=\"\" data-large_image_width=\"2048\" data-large_image_height=\"1536\"href='https:\/\/www.radiopiu.net\/wordpress\/wp-content\/uploads\/2025\/02\/CROCE-VERDE-VALBIOIS-DIEGO-COSTA-1.jpg'><img loading=\"lazy\" decoding=\"async\" width=\"150\" height=\"150\" src=\"https:\/\/www.radiopiu.net\/wordpress\/wp-content\/uploads\/2025\/02\/CROCE-VERDE-VALBIOIS-DIEGO-COSTA-1-150x150.jpg\" class=\"attachment-thumbnail size-thumbnail\" alt=\"\" \/><\/a>\n\t\t\t\t<\/dt><\/dl><dl class='gallery-item'>\n\t\t\t\t<dt class='gallery-icon landscape'>\n\t\t\t\t\t<a class=\"rollover rollover-zoom dt-pswp-item\" title=\"CROCE VERDE VAL BIOIS DIEGO COSTA\" data-dt-img-description=\"\" data-large_image_width=\"2048\" data-large_image_height=\"1536\"href='https:\/\/www.radiopiu.net\/wordpress\/wp-content\/uploads\/2025\/02\/CROCE-VERDE-VAL-BIOIS-DIEGO-COSTA.jpg'><img loading=\"lazy\" decoding=\"async\" width=\"150\" height=\"150\" src=\"https:\/\/www.radiopiu.net\/wordpress\/wp-content\/uploads\/2025\/02\/CROCE-VERDE-VAL-BIOIS-DIEGO-COSTA-150x150.jpg\" class=\"attachment-thumbnail size-thumbnail\" alt=\"\" \/><\/a>\n\t\t\t\t<\/dt><\/dl><br style=\"clear: both\" \/>\n\t\t\t<\/div>\n\n<p>&nbsp;<\/p>\n<p>&nbsp;<\/p>\n<p>&nbsp;<\/p>\n<p>*********<\/p>\n","protected":false},"excerpt":{"rendered":"<p>******** &nbsp; CANALE D&#8217;AGORDO Falco poco dopo le 17:\u00a0 anziano colto da malore in frazione Carfon a Canale d&#8217;Agordo.\u00a0 Un 84enne della frazione, Riccardo Da Pos si \u00e8 sentito male ed \u00e8 stato richiesto l&#8217;intervento dei sanitari. \u00c8 intervenuto l&#8217;elicottero Falco e l&#8217;uomo era in condizioni molto gravi. Il paziente \u00e8 stato preso in carico&hellip;<\/p>\n","protected":false},"author":4,"featured_media":432622,"comment_status":"closed","ping_status":"closed","sticky":false,"template":"","format":"standard","meta":{"_monsterinsights_skip_tracking":false,"_monsterinsights_sitenote_active":false,"_monsterinsights_sitenote_note":"","_monsterinsights_sitenote_category":0,"footnotes":""},"categories":[51,49],"tags":[],"class_list":["post-432603","post","type-post","status-publish","format-standard","has-post-thumbnail","hentry","category-evidenza-top","category-news-18","category-51","category-49","description-off"],"img_url":"https:\/\/www.radiopiu.net\/wordpress\/wp-content\/uploads\/2025\/02\/CROCE-VERDE-VAL-BIOIS-DIEGO-COSTA.jpg","_links":{"self":[{"href":"https:\/\/www.radiopiu.net\/wordpress\/wp-json\/wp\/v2\/posts\/432603","targetHints":{"allow":["GET"]}}],"collection":[{"href":"https:\/\/www.radiopiu.net\/wordpress\/wp-json\/wp\/v2\/posts"}],"about":[{"href":"https:\/\/www.radiopiu.net\/wordpress\/wp-json\/wp\/v2\/types\/post"}],"author":[{"embeddable":true,"href":"https:\/\/www.radiopiu.net\/wordpress\/wp-json\/wp\/v2\/users\/4"}],"replies":[{"embeddable":true,"href":"https:\/\/www.radiopiu.net\/wordpress\/wp-json\/wp\/v2\/comments?post=432603"}],"version-history":[{"count":9,"href":"https:\/\/www.radiopiu.net\/wordpress\/wp-json\/wp\/v2\/posts\/432603\/revisions"}],"predecessor-version":[{"id":432732,"href":"https:\/\/www.radiopiu.net\/wordpress\/wp-json\/wp\/v2\/posts\/432603\/revisions\/432732"}],"wp:featuredmedia":[{"embeddable":true,"href":"https:\/\/www.radiopiu.net\/wordpress\/wp-json\/wp\/v2\/media\/432622"}],"wp:attachment":[{"href":"https:\/\/www.radiopiu.net\/wordpress\/wp-json\/wp\/v2\/media?parent=432603"}],"wp:term":[{"taxonomy":"category","embeddable":true,"href":"https:\/\/www.radiopiu.net\/wordpress\/wp-json\/wp\/v2\/categories?post=432603"},{"taxonomy":"post_tag","embeddable":true,"href":"https:\/\/www.radiopiu.net\/wordpress\/wp-json\/wp\/v2\/tags?post=432603"}],"curies":[{"name":"wp","href":"https:\/\/api.w.org\/{rel}","templated":true}]}}