{"id":432682,"date":"2025-02-03T05:28:52","date_gmt":"2025-02-03T04:28:52","guid":{"rendered":"https:\/\/www.radiopiu.net\/wordpress\/?p=432682"},"modified":"2025-02-03T05:28:52","modified_gmt":"2025-02-03T04:28:52","slug":"aggredisce-il-vigile-in-piazza-via-al-processo","status":"publish","type":"post","link":"https:\/\/www.radiopiu.net\/wordpress\/aggredisce-il-vigile-in-piazza-via-al-processo\/","title":{"rendered":"AGGREDISCE IL VIGILE IN PIAZZA, VIA AL PROCESSO"},"content":{"rendered":"<p>&nbsp;<\/p>\n<p>OGGI LA GIUDIZIARIA<\/p>\n<p>SUL CORRIERE DELLE ALPI, SINTESI ARTICOLI GIGI SOSSO<\/p>\n<p>&nbsp;<\/p>\n<div class=\"group\/conversation-turn relative flex w-full min-w-0 flex-col agent-turn\">\n<div class=\"flex-col gap-1 md:gap-3\">\n<div class=\"flex max-w-full flex-col flex-grow\">\n<div class=\"min-h-8 text-message flex w-full flex-col items-end gap-2 whitespace-normal break-words text-start [.text-message+&amp;]:mt-5\" dir=\"auto\" data-message-author-role=\"assistant\" data-message-id=\"8a1d0993-125b-4a4b-8da5-2cbc4feae511\" data-message-model-slug=\"gpt-4o\">\n<div class=\"flex w-full flex-col gap-1 empty:hidden first:pt-[3px]\">\n<div class=\"markdown prose w-full break-words dark:prose-invert dark\">\n<blockquote><p><strong><img decoding=\"async\" class=\"alignleft\" src=\"https:\/\/www.radiopiu.net\/wordpress\/wp-content\/uploads\/2025\/02\/Senza-nome-5.png\" \/>Aggred\u00ec un vigile in piazza, a processo il 27 febbraio<\/strong><\/p><\/blockquote>\n<p><strong>BELLUNO<\/strong> Un 24enne albanese residente in citt\u00e0 andr\u00e0 a processo il 27 febbraio per l&#8217;aggressione a un vigile urbano in piazza dei Martiri, avvenuta il 27 gennaio 2023. Durante un controllo, l\u2019agente fu prima insultato e poi colpito, riportando una prognosi di cinque giorni. L\u2019imputato, gi\u00e0 noto alle forze dell\u2019ordine, \u00e8 accusato di oltraggio, resistenza a pubblico ufficiale, lesioni aggravate e rifiuto d\u2019identificazione. La strategia difensiva resta incerta, ma un risarcimento potrebbe rappresentare un\u2019attenuante. L\u2019allora comandante Rossetti e il sindaco De Pellegrin condannarono duramente l\u2019accaduto.<\/p>\n<blockquote><p><strong>Lite tra vicini: accuse di stalking, processo in corso<\/strong><\/p><\/blockquote>\n<p><strong>BELLUNO<\/strong> Un&#8217;accesa disputa tra vicini \u00e8 sfociata in un processo per stalking, violazione di domicilio e danneggiamento aggravato. Il querelante sostiene di aver subito minacce e danni, mentre l\u2019imputato si difende negando le accuse. Il giudice Federico Montalto ha avviato il dibattimento, con la prossima udienza fissata al 13 novembre.<\/p>\n<\/div>\n<\/div>\n<p>&nbsp;<\/p>\n<\/div>\n<\/div>\n<\/div>\n<\/div>\n","protected":false},"excerpt":{"rendered":"<p>&nbsp; OGGI LA GIUDIZIARIA SUL CORRIERE DELLE ALPI, SINTESI ARTICOLI GIGI SOSSO &nbsp; Aggred\u00ec un vigile in piazza, a processo il 27 febbraio BELLUNO Un 24enne albanese residente in citt\u00e0 andr\u00e0 a processo il 27 febbraio per l&#8217;aggressione a un vigile urbano in piazza dei Martiri, avvenuta il 27 gennaio 2023. Durante un controllo, l\u2019agente&hellip;<\/p>\n","protected":false},"author":4,"featured_media":432684,"comment_status":"closed","ping_status":"closed","sticky":false,"template":"","format":"standard","meta":{"_monsterinsights_skip_tracking":false,"_monsterinsights_sitenote_active":false,"_monsterinsights_sitenote_note":"","_monsterinsights_sitenote_category":0,"footnotes":""},"categories":[51,49],"tags":[],"class_list":["post-432682","post","type-post","status-publish","format-standard","has-post-thumbnail","hentry","category-evidenza-top","category-news-18","category-51","category-49","description-off"],"img_url":"https:\/\/www.radiopiu.net\/wordpress\/wp-content\/uploads\/2025\/02\/Senza-nome-5.png","_links":{"self":[{"href":"https:\/\/www.radiopiu.net\/wordpress\/wp-json\/wp\/v2\/posts\/432682","targetHints":{"allow":["GET"]}}],"collection":[{"href":"https:\/\/www.radiopiu.net\/wordpress\/wp-json\/wp\/v2\/posts"}],"about":[{"href":"https:\/\/www.radiopiu.net\/wordpress\/wp-json\/wp\/v2\/types\/post"}],"author":[{"embeddable":true,"href":"https:\/\/www.radiopiu.net\/wordpress\/wp-json\/wp\/v2\/users\/4"}],"replies":[{"embeddable":true,"href":"https:\/\/www.radiopiu.net\/wordpress\/wp-json\/wp\/v2\/comments?post=432682"}],"version-history":[{"count":1,"href":"https:\/\/www.radiopiu.net\/wordpress\/wp-json\/wp\/v2\/posts\/432682\/revisions"}],"predecessor-version":[{"id":432685,"href":"https:\/\/www.radiopiu.net\/wordpress\/wp-json\/wp\/v2\/posts\/432682\/revisions\/432685"}],"wp:featuredmedia":[{"embeddable":true,"href":"https:\/\/www.radiopiu.net\/wordpress\/wp-json\/wp\/v2\/media\/432684"}],"wp:attachment":[{"href":"https:\/\/www.radiopiu.net\/wordpress\/wp-json\/wp\/v2\/media?parent=432682"}],"wp:term":[{"taxonomy":"category","embeddable":true,"href":"https:\/\/www.radiopiu.net\/wordpress\/wp-json\/wp\/v2\/categories?post=432682"},{"taxonomy":"post_tag","embeddable":true,"href":"https:\/\/www.radiopiu.net\/wordpress\/wp-json\/wp\/v2\/tags?post=432682"}],"curies":[{"name":"wp","href":"https:\/\/api.w.org\/{rel}","templated":true}]}}