{"id":432832,"date":"2025-02-03T16:27:14","date_gmt":"2025-02-03T15:27:14","guid":{"rendered":"https:\/\/www.radiopiu.net\/wordpress\/?p=432832"},"modified":"2025-02-04T05:42:38","modified_gmt":"2025-02-04T04:42:38","slug":"incendio-a-fies-di-valle-di-cadore-raccolti-oltre-15-mila-euro","status":"publish","type":"post","link":"https:\/\/www.radiopiu.net\/wordpress\/incendio-a-fies-di-valle-di-cadore-raccolti-oltre-15-mila-euro\/","title":{"rendered":"INCENDIO A FIES DI VALLE DI CADORE. RACCOLTI OLTRE 15 MILA EURO"},"content":{"rendered":"<p>********<\/p>\n<p>&nbsp;<\/p>\n<p><strong><a class=\"dt-pswp-item\" href=\"https:\/\/www.radiopiu.net\/wordpress\/wp-content\/uploads\/2025\/01\/ab78a259-651c-4c21-94d9-18f9a7bf3e54.jpg\" data-dt-img-description=\"\" data-large_image_width=\"1280\" data-large_image_height=\"960\"><img loading=\"lazy\" decoding=\"async\" class=\"alignleft wp-image-432113\" src=\"https:\/\/www.radiopiu.net\/wordpress\/wp-content\/uploads\/2025\/01\/ab78a259-651c-4c21-94d9-18f9a7bf3e54-300x225.jpg\" alt=\"\" width=\"200\" height=\"150\" srcset=\"https:\/\/www.radiopiu.net\/wordpress\/wp-content\/uploads\/2025\/01\/ab78a259-651c-4c21-94d9-18f9a7bf3e54-300x225.jpg 300w, https:\/\/www.radiopiu.net\/wordpress\/wp-content\/uploads\/2025\/01\/ab78a259-651c-4c21-94d9-18f9a7bf3e54-1024x768.jpg 1024w, https:\/\/www.radiopiu.net\/wordpress\/wp-content\/uploads\/2025\/01\/ab78a259-651c-4c21-94d9-18f9a7bf3e54-768x576.jpg 768w, https:\/\/www.radiopiu.net\/wordpress\/wp-content\/uploads\/2025\/01\/ab78a259-651c-4c21-94d9-18f9a7bf3e54.jpg 1280w\" sizes=\"auto, (max-width: 200px) 100vw, 200px\" \/><\/a>VALLE DI CADORE <\/strong>Sono gi\u00e0 stati raccolti 15mila euro per la borgata di Fies, nel Comune di Valle di Cadore, colpita da un violento incendio la notte del 29 gennaio. \u201cAlcuni nostri compaesani hanno subito gravi danni a cui si pu\u00f2 rimediare. Tutte le abitazioni colpite sono inagibili\u201d recita il testo su <a href=\"https:\/\/www.gofundme.com\/f\/insieme-per-fies\" target=\"_blank\" rel=\"noopener\">GoFundMe<\/a> firmato dal parroco, Don Alessandro, e dal sindaco, Marianna Hofer. \u201cTra le cose di cui andare orgogliosi nel nostro paese &#8211; scrivono gli organizzatori &#8211; c&#8217;\u00e8 proprio la solidariet\u00e0 che scatta immediatamente, nel momento in cui qualcuno si trova in difficolt\u00e0 e di questo vogliamo sinceramente ringraziare tutti i compaesani per averci ancora una volta dimostrato quale sia il significato vero della solidariet\u00e0, dell\u2019esserci e sapersi stringere forte nei momenti di difficolt\u00e0\u201d. \u201cGi\u00e0 tanti &#8211; proseguono &#8211; si sono fatti avanti per far sapere alle due famiglie che ora si trovano \u201csenza un tetto sulla testa\u201d che non rimarranno e non sono sole. Al dolore per ci\u00f2 che si \u00e8 perso, vogliamo rispondere con il nostro \u201cfare rete\u201d e nel rinnovato senso di fraternit\u00e0 che ci rende parte di una stessa Famiglia\u201d. \u201cLa somma che verr\u00e0 raccolta &#8211; spiegano &#8211; sar\u00e0 utilizzata per le spese che le famiglie stanno affrontando in questi primi giorni, per l\u2019acquisto, ad esempio, dell\u2019abbigliamento, dei medicinali etc, poich\u00e9 tutto \u00e8 andato distrutto\u201d. \u201cNaturalmente &#8211; precisano &#8211; parte del ricavato verr\u00e0 anche utilizzato per la ricostruzione dei fabbricati o delle opere che si rendono necessarie per la sicurezza\u201d. \u201cUna volta terminata la raccolta la somma verr\u00e0 suddivisa, in modo equo, tra i proprietari degli immobili che hanno subito i danni\u201d, concludono. In tre giorni sono arrivate pi\u00f9 di duecento donazioni. Si pu\u00f2 contribuire al link <a href=\"https:\/\/www.gofundme.com\/f\/insieme-per-fies\" target=\"_blank\" rel=\"noopener\">https:\/\/www.gofundme.com\/f\/insieme-per-fies<\/a><\/p>\n<p>&nbsp;<\/p>\n<p>&nbsp;<\/p>\n<p>********<\/p>\n","protected":false},"excerpt":{"rendered":"<p>******** &nbsp; VALLE DI CADORE Sono gi\u00e0 stati raccolti 15mila euro per la borgata di Fies, nel Comune di Valle di Cadore, colpita da un violento incendio la notte del 29 gennaio. \u201cAlcuni nostri compaesani hanno subito gravi danni a cui si pu\u00f2 rimediare. Tutte le abitazioni colpite sono inagibili\u201d recita il testo su GoFundMe&hellip;<\/p>\n","protected":false},"author":4,"featured_media":432113,"comment_status":"closed","ping_status":"closed","sticky":false,"template":"","format":"standard","meta":{"_monsterinsights_skip_tracking":false,"_monsterinsights_sitenote_active":false,"_monsterinsights_sitenote_note":"","_monsterinsights_sitenote_category":0,"footnotes":""},"categories":[51,49],"tags":[],"class_list":["post-432832","post","type-post","status-publish","format-standard","has-post-thumbnail","hentry","category-evidenza-top","category-news-18","category-51","category-49","description-off"],"img_url":"https:\/\/www.radiopiu.net\/wordpress\/wp-content\/uploads\/2025\/01\/ab78a259-651c-4c21-94d9-18f9a7bf3e54.jpg","_links":{"self":[{"href":"https:\/\/www.radiopiu.net\/wordpress\/wp-json\/wp\/v2\/posts\/432832","targetHints":{"allow":["GET"]}}],"collection":[{"href":"https:\/\/www.radiopiu.net\/wordpress\/wp-json\/wp\/v2\/posts"}],"about":[{"href":"https:\/\/www.radiopiu.net\/wordpress\/wp-json\/wp\/v2\/types\/post"}],"author":[{"embeddable":true,"href":"https:\/\/www.radiopiu.net\/wordpress\/wp-json\/wp\/v2\/users\/4"}],"replies":[{"embeddable":true,"href":"https:\/\/www.radiopiu.net\/wordpress\/wp-json\/wp\/v2\/comments?post=432832"}],"version-history":[{"count":1,"href":"https:\/\/www.radiopiu.net\/wordpress\/wp-json\/wp\/v2\/posts\/432832\/revisions"}],"predecessor-version":[{"id":432833,"href":"https:\/\/www.radiopiu.net\/wordpress\/wp-json\/wp\/v2\/posts\/432832\/revisions\/432833"}],"wp:featuredmedia":[{"embeddable":true,"href":"https:\/\/www.radiopiu.net\/wordpress\/wp-json\/wp\/v2\/media\/432113"}],"wp:attachment":[{"href":"https:\/\/www.radiopiu.net\/wordpress\/wp-json\/wp\/v2\/media?parent=432832"}],"wp:term":[{"taxonomy":"category","embeddable":true,"href":"https:\/\/www.radiopiu.net\/wordpress\/wp-json\/wp\/v2\/categories?post=432832"},{"taxonomy":"post_tag","embeddable":true,"href":"https:\/\/www.radiopiu.net\/wordpress\/wp-json\/wp\/v2\/tags?post=432832"}],"curies":[{"name":"wp","href":"https:\/\/api.w.org\/{rel}","templated":true}]}}