{"id":432898,"date":"2025-02-05T05:40:17","date_gmt":"2025-02-05T04:40:17","guid":{"rendered":"https:\/\/www.radiopiu.net\/wordpress\/?p=432898"},"modified":"2025-02-05T12:57:32","modified_gmt":"2025-02-05T11:57:32","slug":"giornale-radiopiu-05-febbraio-2025-direttore-mirko-mezzacasada-41-anni-25-giugno-1983-25-giugno-2024","status":"publish","type":"post","link":"https:\/\/www.radiopiu.net\/wordpress\/giornale-radiopiu-05-febbraio-2025-direttore-mirko-mezzacasada-41-anni-25-giugno-1983-25-giugno-2024\/","title":{"rendered":"GIORNALE RADIOPIU 05 FEBBRAIO 2025 DIRETTORE MIRKO MEZZACASA\u2026DA 41 ANNI 25 GIUGNO 1983-25 GIUGNO 2024"},"content":{"rendered":"<p>********<\/p>\n<p>&nbsp;<\/p>\n<p><em><span style=\"color: #ff0000;\"><a class=\"dt-pswp-item\" href=\"https:\/\/www.radiopiu.net\/wordpress\/wp-content\/uploads\/2024\/10\/Senza-nome-8.png\" data-dt-img-description=\"\" data-large_image_width=\"343\" data-large_image_height=\"303\"><img loading=\"lazy\" decoding=\"async\" class=\"wp-image-412130 alignleft\" src=\"https:\/\/www.radiopiu.net\/wordpress\/wp-content\/uploads\/2024\/10\/Senza-nome-8-300x265.png\" alt=\"\" width=\"105\" height=\"93\" srcset=\"https:\/\/www.radiopiu.net\/wordpress\/wp-content\/uploads\/2024\/10\/Senza-nome-8-300x265.png 300w, https:\/\/www.radiopiu.net\/wordpress\/wp-content\/uploads\/2024\/10\/Senza-nome-8.png 343w\" sizes=\"auto, (max-width: 105px) 100vw, 105px\" \/><\/a><\/span><\/em><strong><em><span style=\"color: #ff0000;\"> LA\u00a0 APP PER IOS-IPHONE di Nicola Vettorello<\/span><\/em><\/strong><\/p>\n<p><strong><span style=\"color: #0000ff;\"><a style=\"color: #0000ff;\" href=\"https:\/\/apps.apple.com\/it\/app\/radio-pi%C3%B9-emittente-agordina\/id1515939845\">https:\/\/apps.apple.com\/it\/app\/radio-pi%C3%B9-emittente-agordina\/id1515939845<\/a><\/span><\/strong><\/p>\n<p><strong><em style=\"color: #ff0000;\">LA\u00a0 APP RADIO\u00a0 PER ANDROID di Nicola Vettorello<\/em><\/strong><\/p>\n<p><strong><span style=\"color: #0000ff;\"><a style=\"color: #0000ff;\" href=\"https:\/\/play.google.com\/store\/apps\/details?id=net.radiopiu.iniko\" target=\"_blank\" rel=\"noopener noreferrer\">https:\/\/<\/a><a style=\"color: #0000ff;\" href=\"https:\/\/play.google.com\/store\/apps\/details?id=net.radiopiu.iniko\" target=\"_blank\" rel=\"noopener noreferrer\">play.google.com\/store\/apps\/details?id=net.radiopiu.iniko\u00a0\u00a0\u00a0\u00a0<\/a><\/span><\/strong><\/p>\n<p>&nbsp;<\/p>\n<p>&nbsp;<\/p>\n<hr \/>\n<p>&nbsp;<\/p>\n<h1><span style=\"color: #ff0000;\"><strong>OGGI ALLA RADIO&#8230;ALLE 15.10 DALLA NEVEGAL TOUR DI BELLUNO, CON MIKY E MARINA<\/strong><\/span><\/h1>\n<p><strong><a class=\"dt-pswp-item\" href=\"https:\/\/www.radiopiu.net\/wordpress\/wp-content\/uploads\/2025\/02\/26f08289-cbd9-4650-8259-2eb1b0862500-300x225-1.jpg\" data-dt-img-description=\"\" data-large_image_width=\"300\" data-large_image_height=\"225\"><img loading=\"lazy\" decoding=\"async\" class=\" wp-image-433086 alignleft\" src=\"https:\/\/www.radiopiu.net\/wordpress\/wp-content\/uploads\/2025\/02\/26f08289-cbd9-4650-8259-2eb1b0862500-300x225-1.jpg\" alt=\"\" width=\"212\" height=\"159\" \/><\/a>rassegna stampa nazionale,<\/strong> ogni giorno alle 5 e alle 6 del mattino.<br \/>\ngiornali locali 7 rassegna stampa flash, 8 rassegna stampa, gr flash alle 10 e alle 11, principale 12.30. Informazione pomeriggio ogni ora fino alle 20, in coda ai notiziari nazionali. Giornale radio nazionale: ogni ora dalle 4 del mattino, alle 20 della sera. Alle 19 le anticipazioni dal TG di Antenna 3 di Tiziana Bolognani.<\/p>\n<p><strong>OGGI ALLE<\/strong>\u00a0 \u00a0<strong>9.00 <\/strong>LIBER, IL LIBRO PRESENTATO DA LIANA CAVALLET\u00a0\u00a0<strong>10.10\u00a0<\/strong> CISL LA VOCE PER I LAVORATORI, LO SPAZIO DEL MERCOLEDI MATTINA, OSPITE ALESSIO PICCOLI IN STUDIO CON MARCO GAZ\u00a0 <strong>10.30<\/strong> SE NON LA SMETTI DI MANDO DAL PRESIDE, PUNTATA 19-2025 CON LA PROF. MARIA ROSA SALMAZO <strong>14.00<\/strong> LA CLASSIFICA UFFICIALE DI RADIOP IU CON MARCO GAZ <strong>15.00<\/strong>\u00a0 AMAZING CALENDAR CON MIKY E MARINA DALLA NEVEGAL TOUR DI BELLUNO <strong>\u00a0alle 19<\/strong> le anticipazioni del tg di antenna 3 con tiziana bolognani<\/p>\n<p>&nbsp;<\/p>\n<hr \/>\n<p>&nbsp;<\/p>\n<p><strong>VIP<\/strong>: Pieraldo Vignazia, bellunese doc, da un po&#8217; di tempo tra tangheros e consolle per dj scafati. Ma soprattutto Vip \u00e8 stato il vignettista pi\u00f9 amato e seguito e non solo in provincia di Belluno, non solo con l&#8217;allora &#8220;grande &#8221; Gazzettino, quando il giornale era il quotidiano dei bellunesi (solo pi\u00f9 tardi \u00e8 arrivata la Gazzetta delle Dolomiti di Longarini, il Corriere delle Alpi (Alto Adige)\u00a0 con un direttore come Giorgio Lago, un grande direttore che aveva saputo creare una redazione fantastica di amici e colleghi. E come mi ricorda Pieraldo &#8220;Grazie\u00a0a <span class=\"html-span xdj266r x11i5rnm xat24cr x1mh8g0r xexx8yu x4uap5 x18d9i69 xkhd6sd x1hl2dhg x16tdsg8 x1vvkbs\"><a class=\"x1i10hfl xjbqb8w x1ejq31n xd10rxx x1sy0etr x17r0tee x972fbf xcfux6l x1qhh985 xm0m39n x9f619 x1ypdohk xt0psk2 xe8uvvx xdj266r x11i5rnm xat24cr x1mh8g0r xexx8yu x4uap5 x18d9i69 xkhd6sd x16tdsg8 x1hl2dhg xggy1nq x1a2a7pz x1sur9pj xkrqix3 x1fey0fg x1s688f\" tabindex=\"0\" role=\"link\" href=\"https:\/\/www.facebook.com\/renatobruno.bona?__cft__[0]=AZVI_swcPST8kYDq_Oyf0kNhskyAybRHQyH_6qVsiWT4J9eqiyF-HiWskU2dfDVbwXnLFeC_4eSFH5-kZMC0fDm2I6JQIEbHnLCRXH1giaQkaw&amp;__tn__=-]K-R\"><span class=\"xt0psk2\"><span class=\"xjp7ctv\"><span aria-describedby=\":r1jb:\">Renatobruno<\/span><\/span><\/span><\/a><\/span> <span class=\"html-span xdj266r x11i5rnm xat24cr x1mh8g0r xexx8yu x4uap5 x18d9i69 xkhd6sd x1hl2dhg x16tdsg8 x1vvkbs\"><a class=\"x1i10hfl xjbqb8w x1ejq31n xd10rxx x1sy0etr x17r0tee x972fbf xcfux6l x1qhh985 xm0m39n x9f619 x1ypdohk xt0psk2 xe8uvvx xdj266r x11i5rnm xat24cr x1mh8g0r xexx8yu x4uap5 x18d9i69 xkhd6sd x16tdsg8 x1hl2dhg xggy1nq x1a2a7pz x1sur9pj xkrqix3 x1fey0fg x1s688f\" tabindex=\"0\" role=\"link\" href=\"https:\/\/www.facebook.com\/renatobruno.bona?__cft__[0]=AZVI_swcPST8kYDq_Oyf0kNhskyAybRHQyH_6qVsiWT4J9eqiyF-HiWskU2dfDVbwXnLFeC_4eSFH5-kZMC0fDm2I6JQIEbHnLCRXH1giaQkaw&amp;__tn__=-]K-R\"><span class=\"xt0psk2\"><span class=\"xjp7ctv\"><span aria-describedby=\":r1jc:\">Bona<\/span><\/span><\/span><\/a><\/span>, allora caporedattore, che mi concesse di pubblicare le prime vignette&#8221; Tornando a Vip&#8230; ecco i due capolavori mattutini con un a saluto all&#8217;amico Pieraldo<\/p>\n\n\t\t\t<style type='text\/css'>\n\t\t\t\t#gallery-1 {\n\t\t\t\t\tmargin: auto;\n\t\t\t\t}\n\t\t\t\t#gallery-1 .gallery-item {\n\t\t\t\t\tfloat: left;\n\t\t\t\t\tmargin-top: 10px;\n\t\t\t\t\ttext-align: center;\n\t\t\t\t\twidth: 50%;\n\t\t\t\t}\n\t\t\t\t#gallery-1 img {\n\t\t\t\t\tborder: 2px solid #cfcfcf;\n\t\t\t\t}\n\t\t\t\t#gallery-1 .gallery-caption {\n\t\t\t\t\tmargin-left: 0;\n\t\t\t\t}\n\t\t\t\t\/* see gallery_shortcode() in wp-includes\/media.php *\/\n\t\t\t<\/style>\n\t\t<div id='gallery-1' class='dt-gallery-container gallery galleryid-432898 gallery-columns-2 gallery-size-medium'><dl class='gallery-item'>\n\t\t\t\t<dt class='gallery-icon landscape'>\n\t\t\t\t\t<a class=\"rollover rollover-zoom dt-pswp-item\" title=\"25bf9e53-3c75-4eba-afcb-d78c763c2440\" data-dt-img-description=\"\" data-large_image_width=\"1600\" data-large_image_height=\"1289\"href='https:\/\/www.radiopiu.net\/wordpress\/wp-content\/uploads\/2025\/02\/25bf9e53-3c75-4eba-afcb-d78c763c2440.jpg'><img loading=\"lazy\" decoding=\"async\" width=\"300\" height=\"242\" src=\"https:\/\/www.radiopiu.net\/wordpress\/wp-content\/uploads\/2025\/02\/25bf9e53-3c75-4eba-afcb-d78c763c2440-300x242.jpg\" class=\"attachment-medium size-medium\" alt=\"\" srcset=\"https:\/\/www.radiopiu.net\/wordpress\/wp-content\/uploads\/2025\/02\/25bf9e53-3c75-4eba-afcb-d78c763c2440-300x242.jpg 300w, https:\/\/www.radiopiu.net\/wordpress\/wp-content\/uploads\/2025\/02\/25bf9e53-3c75-4eba-afcb-d78c763c2440-1024x825.jpg 1024w, https:\/\/www.radiopiu.net\/wordpress\/wp-content\/uploads\/2025\/02\/25bf9e53-3c75-4eba-afcb-d78c763c2440-768x619.jpg 768w, https:\/\/www.radiopiu.net\/wordpress\/wp-content\/uploads\/2025\/02\/25bf9e53-3c75-4eba-afcb-d78c763c2440-1536x1237.jpg 1536w, https:\/\/www.radiopiu.net\/wordpress\/wp-content\/uploads\/2025\/02\/25bf9e53-3c75-4eba-afcb-d78c763c2440.jpg 1600w\" sizes=\"auto, (max-width: 300px) 100vw, 300px\" \/><\/a>\n\t\t\t\t<\/dt><\/dl><dl class='gallery-item'>\n\t\t\t\t<dt class='gallery-icon landscape'>\n\t\t\t\t\t<a class=\"rollover rollover-zoom dt-pswp-item\" title=\"633531b4-99bc-42a2-b4a3-5fdf85cea283\" data-dt-img-description=\"\" data-large_image_width=\"562\" data-large_image_height=\"498\"href='https:\/\/www.radiopiu.net\/wordpress\/wp-content\/uploads\/2025\/02\/633531b4-99bc-42a2-b4a3-5fdf85cea283.jpg'><img loading=\"lazy\" decoding=\"async\" width=\"300\" height=\"266\" src=\"https:\/\/www.radiopiu.net\/wordpress\/wp-content\/uploads\/2025\/02\/633531b4-99bc-42a2-b4a3-5fdf85cea283-300x266.jpg\" class=\"attachment-medium size-medium\" alt=\"\" srcset=\"https:\/\/www.radiopiu.net\/wordpress\/wp-content\/uploads\/2025\/02\/633531b4-99bc-42a2-b4a3-5fdf85cea283-300x266.jpg 300w, https:\/\/www.radiopiu.net\/wordpress\/wp-content\/uploads\/2025\/02\/633531b4-99bc-42a2-b4a3-5fdf85cea283.jpg 562w\" sizes=\"auto, (max-width: 300px) 100vw, 300px\" \/><\/a>\n\t\t\t\t<\/dt><\/dl><br style=\"clear: both\" \/>\n\t\t\t<\/div>\n\n<p>&nbsp;<\/p>\n<hr \/>\n<p>&nbsp;<\/p>\n<blockquote>\n<h3>Un anno di El Bal del Fior: la saggezza popolare continua su RADIOPI\u00d9<\/h3>\n<\/blockquote>\n<p><strong><a class=\"dt-pswp-item\" href=\"https:\/\/www.radiopiu.net\/wordpress\/wp-content\/uploads\/2025\/02\/giuliana.png\" data-dt-img-description=\"\" data-large_image_width=\"266\" data-large_image_height=\"187\"><img loading=\"lazy\" decoding=\"async\" class=\"size-full wp-image-433073 alignleft\" src=\"https:\/\/www.radiopiu.net\/wordpress\/wp-content\/uploads\/2025\/02\/giuliana.png\" alt=\"\" width=\"266\" height=\"187\" \/><\/a>Redazione<\/strong> \u2013 Un anno di detti, proverbi e modi di dire che hanno accompagnato gli ascoltatori ogni mattina: <em>El Bal del Fior<\/em> festeggia il suo primo anniversario su RADIOPI\u00d9, grazie alla passione e all\u2019impegno di <strong>Giuliana Da Ronch<\/strong>. Quella che era nata come una rubrica a ciclo annuale si \u00e8 trasformata in un appuntamento imprescindibile per chi ama riscoprire la saggezza popolare, le espressioni di una volta e le tradizioni del nostro territorio. Il merito \u00e8 tutto di Giuliana, che con dedizione ha saputo raccogliere, raccontare e far vivere questi preziosi frammenti di cultura. Ma non \u00e8 finita qui! La passione di Giuliana ha superato ogni scadenza e <em>El Bal del Fior<\/em> continuer\u00e0 a tenerci compagnia ancora a lungo. Perch\u00e9, come si dice, \u201c<em>t&#8217;ha ancora tante robe da cont\u00e0<\/em>\u201d! Grazie, Giuliana, per questo straordinario lavoro di ricerca e divulgazione. E lunga vita a <em>El Bal del Fior<\/em>!Mirko<\/p>\n<p>&nbsp;<\/p>\n<div class=\"x11i5rnm xat24cr x1mh8g0r x1vvkbs xtlvy1s x126k92a\">\n<div dir=\"auto\">\n<div dir=\"auto\">\n<p><strong><a href=\"https:\/\/www.radiopiu.net\/wordpress\/wp-content\/uploads\/2025\/02\/e79164a8-ae7c-4df2-ace9-a0336222440f.webp\"><img loading=\"lazy\" decoding=\"async\" class=\"wp-image-433074 alignleft\" src=\"https:\/\/www.radiopiu.net\/wordpress\/wp-content\/uploads\/2025\/02\/e79164a8-ae7c-4df2-ace9-a0336222440f-300x300.webp\" alt=\"\" width=\"201\" height=\"201\" srcset=\"https:\/\/www.radiopiu.net\/wordpress\/wp-content\/uploads\/2025\/02\/e79164a8-ae7c-4df2-ace9-a0336222440f-300x300.webp 300w, https:\/\/www.radiopiu.net\/wordpress\/wp-content\/uploads\/2025\/02\/e79164a8-ae7c-4df2-ace9-a0336222440f-150x150.webp 150w, https:\/\/www.radiopiu.net\/wordpress\/wp-content\/uploads\/2025\/02\/e79164a8-ae7c-4df2-ace9-a0336222440f-768x768.webp 768w, https:\/\/www.radiopiu.net\/wordpress\/wp-content\/uploads\/2025\/02\/e79164a8-ae7c-4df2-ace9-a0336222440f.webp 1024w\" sizes=\"auto, (max-width: 201px) 100vw, 201px\" \/><\/a>EL BAL DEL FIOR, DI GIULIANA DA RONCH, 05 FEBBRAIO<\/strong><strong> 2025<\/strong><\/p>\n<p>&nbsp;<\/p>\n<audio class=\"wp-audio-shortcode\" id=\"audio-432898-1\" preload=\"none\" style=\"width: 100%;\" controls=\"controls\"><source type=\"audio\/mpeg\" src=\"https:\/\/www.radiopiu.net\/wordpress\/wp-content\/uploads\/2025\/02\/GME.mp3?_=1\" \/><a href=\"https:\/\/www.radiopiu.net\/wordpress\/wp-content\/uploads\/2025\/02\/GME.mp3\">https:\/\/www.radiopiu.net\/wordpress\/wp-content\/uploads\/2025\/02\/GME.mp3<\/a><\/audio>\n<p>&nbsp;<\/p>\n<p>&nbsp;<\/p>\n<p>&nbsp;<\/p>\n<hr \/>\n<p>&nbsp;<\/p>\n<p>&nbsp;<\/p>\n<\/div>\n<\/div>\n<\/div>\n<div class=\"x11i5rnm xat24cr x1mh8g0r x1vvkbs xtlvy1s x126k92a\">\n<blockquote>\n<h1><strong><a class=\"dt-pswp-item\" href=\"https:\/\/www.radiopiu.net\/wordpress\/wp-content\/uploads\/2024\/10\/629301fd-708d-4f53-95c2-d28cbefd500f.jpg\" data-dt-img-description=\"\" data-large_image_width=\"1600\" data-large_image_height=\"1322\"><img loading=\"lazy\" decoding=\"async\" class=\"wp-image-413782 alignright\" src=\"https:\/\/www.radiopiu.net\/wordpress\/wp-content\/uploads\/2024\/10\/629301fd-708d-4f53-95c2-d28cbefd500f-300x248.jpg\" alt=\"\" width=\"106\" height=\"88\" srcset=\"https:\/\/www.radiopiu.net\/wordpress\/wp-content\/uploads\/2024\/10\/629301fd-708d-4f53-95c2-d28cbefd500f-300x248.jpg 300w, https:\/\/www.radiopiu.net\/wordpress\/wp-content\/uploads\/2024\/10\/629301fd-708d-4f53-95c2-d28cbefd500f-1024x846.jpg 1024w, https:\/\/www.radiopiu.net\/wordpress\/wp-content\/uploads\/2024\/10\/629301fd-708d-4f53-95c2-d28cbefd500f-768x635.jpg 768w, https:\/\/www.radiopiu.net\/wordpress\/wp-content\/uploads\/2024\/10\/629301fd-708d-4f53-95c2-d28cbefd500f-1536x1269.jpg 1536w, https:\/\/www.radiopiu.net\/wordpress\/wp-content\/uploads\/2024\/10\/629301fd-708d-4f53-95c2-d28cbefd500f.jpg 1600w\" sizes=\"auto, (max-width: 106px) 100vw, 106px\" \/><\/a><\/strong><\/h1>\n<h1><strong><a class=\"dt-pswp-item\" href=\"https:\/\/www.radiopiu.net\/wordpress\/wp-content\/uploads\/2024\/11\/th-18.jpg\" data-dt-img-description=\"\" data-large_image_width=\"156\" data-large_image_height=\"180\"><img loading=\"lazy\" decoding=\"async\" class=\"size-full wp-image-421611 alignleft\" src=\"https:\/\/www.radiopiu.net\/wordpress\/wp-content\/uploads\/2024\/11\/th-18.jpg\" alt=\"\" width=\"156\" height=\"180\" \/><\/a><\/strong><\/h1>\n<h1><strong>N di parom &#8211; L Almanach de la nosta jent<\/strong><\/h1>\n<\/blockquote>\n<p>&nbsp;<\/p>\n<p>Le voci: Davide Conedera, Agordo, Michela Dell&#8217;Osbel, La Valle Agordina Simone Ganz, Falcade Veronica Lezuo, Colle Santa Lucia. La voce nella sigla \u00e8 di Giorgia Taio<\/p>\n<p><strong>LA PUNTATA DI OGGI, 05 FEBBRAIO 2025<\/strong><\/p>\n<audio class=\"wp-audio-shortcode\" id=\"audio-432898-2\" preload=\"none\" style=\"width: 100%;\" controls=\"controls\"><source type=\"audio\/mpeg\" src=\"https:\/\/www.radiopiu.net\/wordpress\/wp-content\/uploads\/2025\/02\/AL3.mp3?_=2\" \/><a href=\"https:\/\/www.radiopiu.net\/wordpress\/wp-content\/uploads\/2025\/02\/AL3.mp3\">https:\/\/www.radiopiu.net\/wordpress\/wp-content\/uploads\/2025\/02\/AL3.mp3<\/a><\/audio>\n<p>&nbsp;<\/p>\n<\/div>\n<div class=\"x11i5rnm xat24cr x1mh8g0r x1vvkbs xtlvy1s x126k92a\">\n<div dir=\"auto\">\n<hr \/>\n<\/div>\n<\/div>\n<blockquote>\n<blockquote>\n<h1><span style=\"color: #ff0000;\">\u00a0<\/span><\/h1>\n<h1><span style=\"color: #ff0000;\">I podcast informativi del mattino &#8211; audio &#8211;\u00a0\u00a0<\/span><\/h1>\n<\/blockquote>\n<p><strong><a class=\"dt-pswp-item\" href=\"https:\/\/www.radiopiu.net\/wordpress\/wp-content\/uploads\/2024\/11\/6.jpg\" data-dt-img-description=\"\" data-large_image_width=\"177\" data-large_image_height=\"180\"><img loading=\"lazy\" decoding=\"async\" class=\"size-full wp-image-417911 alignleft\" src=\"https:\/\/www.radiopiu.net\/wordpress\/wp-content\/uploads\/2024\/11\/6.jpg\" alt=\"\" width=\"177\" height=\"180\" \/><\/a>LA RASSEGNA STAMPA NAZIONALE ALLA RADIO, OGNI GIORNO ALLE 5 E ALLE 6 DEL MATTINO <span style=\"color: #0000ff;\">viene pubblicata alle 6.00 <span style=\"color: #ff0000;\">DIRETTA RADIO\u00a0 \u00a0\u00a0<\/span><\/span><\/strong><\/p><\/blockquote>\n<p>&nbsp;<\/p>\n<p><strong>NOTIZIE DELLA NOTTE<\/strong><\/p>\n<p><strong>Poste Usa,<\/strong> stop a pacchi da Cina e Hong Kong <strong>Ryad,<\/strong> nessuna &#8216;pace&#8217; con Israele senza Stato Palestinese <strong>Borsa di Shanghai<\/strong> apre a +0,60% dopo tensioni dazi Cina-Usa<br \/>\n<strong>Proteste pro-Gaza<\/strong> alla Casa Bianca, &#8216;Palestina non \u00e8 in vendita&#8217; <strong>Venezuela<\/strong>: Roger Waters, &#8216;io sto con Maduro&#8217; <strong>Borsa di Tokyo,<\/strong> apertura in rialzo (+0,55%) <strong>Trump<\/strong>, &#8216;i legami tra Usa e Israele sono indistruttibili&#8217; <strong>Morto<\/strong> a Lisbona il principe Aga Khan, aveva 88 anni<\/p>\n<h2>AUDIO dalle 6 del mattino<\/h2>\n<audio class=\"wp-audio-shortcode\" id=\"audio-432898-3\" preload=\"none\" style=\"width: 100%;\" controls=\"controls\"><source type=\"audio\/mpeg\" src=\"https:\/\/www.radiopiu.net\/wordpress\/wp-content\/uploads\/2025\/02\/GIORNALEDELLESEI-3.mp3?_=3\" \/><a href=\"https:\/\/www.radiopiu.net\/wordpress\/wp-content\/uploads\/2025\/02\/GIORNALEDELLESEI-3.mp3\">https:\/\/www.radiopiu.net\/wordpress\/wp-content\/uploads\/2025\/02\/GIORNALEDELLESEI-3.mp3<\/a><\/audio>\n<p>&nbsp;<\/p>\n<p>&nbsp;<\/p>\n<hr \/>\n<p>&nbsp;<\/p>\n<h1 style=\"text-align: center;\"><span style=\"color: #ff0000;\"><a class=\"dt-pswp-item\" href=\"https:\/\/www.radiopiu.net\/wordpress\/wp-content\/uploads\/2024\/11\/7.jpg\" data-dt-img-description=\"\" data-large_image_width=\"180\" data-large_image_height=\"180\"><img loading=\"lazy\" decoding=\"async\" class=\"size-full wp-image-417912 alignleft\" src=\"https:\/\/www.radiopiu.net\/wordpress\/wp-content\/uploads\/2024\/11\/7.jpg\" alt=\"\" width=\"180\" height=\"180\" srcset=\"https:\/\/www.radiopiu.net\/wordpress\/wp-content\/uploads\/2024\/11\/7.jpg 180w, https:\/\/www.radiopiu.net\/wordpress\/wp-content\/uploads\/2024\/11\/7-150x150.jpg 150w\" sizes=\"auto, (max-width: 180px) 100vw, 180px\" \/><\/a>I podcast informativi del mattino &#8211; audio &#8211;\u00a0<\/span><\/h1>\n<p><strong>OGNI GIORNO ALLE SETTE DEL MATTINO, LA RASSEGNA STAMPA LOCALE FLASH&#8230; PER CHI VA IN FRETTA. I TITOLI DAI GIORNALI E DAL SITO WWW.RADIOPIU.NET <span style=\"color: #0000ff;\">viene pubblicato alle 7.00<\/span> <span style=\"color: #ff0000;\">DIRETTA RADIO\u00a0<\/span><\/strong><\/p>\n<p><em><span style=\"color: #ff0000;\">per chi va in fretta&#8230; tante notizie in pochi minuti. L&#8217;informazione locale alla radio, ogni ora dalle 7 del mattino alle 19 della sera.<\/span><\/em><\/p>\n<h1>AUDIO dalle 7 del mattino<\/h1>\n<audio class=\"wp-audio-shortcode\" id=\"audio-432898-4\" preload=\"none\" style=\"width: 100%;\" controls=\"controls\"><source type=\"audio\/mpeg\" src=\"https:\/\/www.radiopiu.net\/wordpress\/wp-content\/uploads\/2025\/02\/GF07-3.mp3?_=4\" \/><a href=\"https:\/\/www.radiopiu.net\/wordpress\/wp-content\/uploads\/2025\/02\/GF07-3.mp3\">https:\/\/www.radiopiu.net\/wordpress\/wp-content\/uploads\/2025\/02\/GF07-3.mp3<\/a><\/audio>\n<p>&nbsp;<\/p>\n<p>&nbsp;<\/p>\n<hr \/>\n<p>&nbsp;<\/p>\n<h1><\/h1>\n<h1 style=\"text-align: center;\"><span style=\"color: #ff0000;\"><a class=\"dt-pswp-item\" href=\"https:\/\/www.radiopiu.net\/wordpress\/wp-content\/uploads\/2024\/11\/th.jpg\" data-dt-img-description=\"\" data-large_image_width=\"148\" data-large_image_height=\"179\"><img loading=\"lazy\" decoding=\"async\" class=\"size-full wp-image-417913 alignleft\" src=\"https:\/\/www.radiopiu.net\/wordpress\/wp-content\/uploads\/2024\/11\/th.jpg\" alt=\"\" width=\"148\" height=\"179\" \/><\/a>I podcast informativi del mattino &#8211; audio &#8211;\u00a0<\/span><\/h1>\n<blockquote><p><strong>GIORNALE RADIO NAZIONALE, EDIZIONE DELLE SETTE <span style=\"color: #0000ff;\">viene pubblicato alle 7.05 <span style=\"color: #ff0000;\">DIRETTA RADIO\u00a0<\/span><\/span><\/strong><\/p><\/blockquote>\n<p><strong>il giornale radionazionale e&#8217; in onda ogni ora, dalle sette del mattino alle venti della sera\u00a0 \u00a0<\/strong><\/p>\n<p><span style=\"color: #0000ff;\">VERONA<\/span> Rapina turista e quando viene arrestato ingoia una collana d&#8217;oro Portato in ospedale, scardina una porta d&#8217;ingresso <span style=\"color: #0000ff;\">VERONA<\/span> Aviaria: Confagricoltura,2 nuovi focolai in allevamenti veronesi. Da ottobre 2024 in Veneto si sono verificati 25 casi <span style=\"color: #ff0000;\">BELLUNO<\/span> Milano-Cortina: Varnier &#8216;su opere accelerazione importante&#8217; Ceo della Fondazione: &#8220;Conferma spirito olimpico ci d\u00e0 forza&#8221;<br \/>\n<span style=\"color: #0000ff;\">VICENZA<\/span> FdI mostra le manette contro i centri sociali. Pronti a manifestare dopo nuova occupazione &#8216;Bocciodromo&#8217; <span style=\"color: #0000ff;\">VENEZIA<\/span> Dazi: Zaia, non mi risultano grosse operazioni su Europa &#8216;Dichiarazioni elettorali sono una cosa, fatti un&#8217;altra&#8217; <strong>ROMA<\/strong> Ai domiciliari per stupro evade, nuova denuncia per abusi <strong>TORINO<\/strong> Lanciarono una bici dai Murazzi, 16 anni all&#8217;imputato maggiorenne <strong>RIMINI<\/strong> Insulti razzisti durante una partita di basket giovanile\u00a0 <strong>PRATO<\/strong> Alluvione 2023, indagato l&#8217;ex sindaco\u00a0 e il sindaco di Montemurlo <strong>ANCONA<\/strong> Chiede il divorzio per ripudio islamico, accolto il ricorso della donna\u00a0 <strong>MILANO<\/strong> A scuola col niqab, per le studentesse il\u00a0 riconoscimento dei prof<\/p>\n<h2><span style=\"color: #ff0000;\"><span style=\"color: #0000ff;\">ULTIM&#8217;ORA<\/span> <span style=\"color: #000000;\">AUDIO dalle sette del mattino, ogni ora alla radio EDIZIONE DELLE SETTE\u00a0<\/span><\/span><\/h2>\n<audio class=\"wp-audio-shortcode\" id=\"audio-432898-5\" preload=\"none\" style=\"width: 100%;\" controls=\"controls\"><source type=\"audio\/mpeg\" src=\"https:\/\/www.radiopiu.net\/wordpress\/wp-content\/uploads\/2025\/02\/giornale07-3.mp3?_=5\" \/><a href=\"https:\/\/www.radiopiu.net\/wordpress\/wp-content\/uploads\/2025\/02\/giornale07-3.mp3\">https:\/\/www.radiopiu.net\/wordpress\/wp-content\/uploads\/2025\/02\/giornale07-3.mp3<\/a><\/audio>\n<p>&nbsp;<\/p>\n<hr \/>\n<p>&nbsp;<\/p>\n<p>&nbsp;<\/p>\n<h1><span style=\"color: #ff0000;\"><a class=\"dt-pswp-item\" href=\"https:\/\/www.radiopiu.net\/wordpress\/wp-content\/uploads\/2024\/11\/8.jpg\" data-dt-img-description=\"\" data-large_image_width=\"180\" data-large_image_height=\"180\"><img loading=\"lazy\" decoding=\"async\" class=\"size-full wp-image-417910 alignleft\" src=\"https:\/\/www.radiopiu.net\/wordpress\/wp-content\/uploads\/2024\/11\/8.jpg\" alt=\"\" width=\"180\" height=\"180\" srcset=\"https:\/\/www.radiopiu.net\/wordpress\/wp-content\/uploads\/2024\/11\/8.jpg 180w, https:\/\/www.radiopiu.net\/wordpress\/wp-content\/uploads\/2024\/11\/8-150x150.jpg 150w\" sizes=\"auto, (max-width: 180px) 100vw, 180px\" \/><\/a>I podcast informativi del mattino &#8211; video &#8211;\u00a0<\/span><\/h1>\n<h2 style=\"text-align: left;\"><strong>RASSEGNA STAMPA LOCALE, ORE OTTO<\/strong><\/h2>\n<h2><strong> <span style=\"color: #0000ff;\">viene\u00a0 <\/span><\/strong><strong><span style=\"color: #0000ff;\">pubblicata alle 8.05 <span style=\"color: #ff0000;\">DIRETTA RADIO\u00a0 \u00a0<\/span><\/span><\/strong><strong>DI MIRKO MEZZACASA<\/strong><\/h2>\n<h2><span style=\"color: #ff0000;\"><strong>\u00a0<\/strong><\/span><\/h2>\n<h2><span style=\"color: #ff0000;\"><strong>\u00a0<\/strong><\/span><span style=\"color: #ff0000;\"><strong>VIDEO\u00a0 \u00a0in diretta AGGIORNAMENTO\u00a0 dalle 8 del mattino\u00a0<\/strong><\/span><\/h2>\n<h2><\/h2>\n<p><iframe loading=\"lazy\" style=\"border: none; overflow: hidden;\" src=\"https:\/\/www.facebook.com\/plugins\/video.php?height=314&amp;href=https%3A%2F%2Fwww.facebook.com%2Fradiopiu%2Fvideos%2F1692135621659567%2F&amp;show_text=false&amp;width=560&amp;t=0\" width=\"560\" height=\"314\" frameborder=\"0\" scrolling=\"no\" allowfullscreen=\"allowfullscreen\"><\/iframe><\/p>\n<p>&nbsp;<\/p>\n<hr \/>\n<p>&nbsp;<\/p>\n<p>&nbsp;<\/p>\n<p><strong><a class=\"dt-pswp-item\" href=\"https:\/\/www.radiopiu.net\/wordpress\/wp-content\/uploads\/2023\/12\/ANTENNA.png\" data-dt-img-description=\"\" data-large_image_width=\"300\" data-large_image_height=\"166\"><img loading=\"lazy\" decoding=\"async\" class=\"wp-image-366306 alignright\" src=\"https:\/\/www.radiopiu.net\/wordpress\/wp-content\/uploads\/2023\/12\/ANTENNA.png\" alt=\"\" width=\"101\" height=\"56\" \/><\/a><a class=\"dt-pswp-item\" href=\"https:\/\/www.radiopiu.net\/wordpress\/wp-content\/uploads\/2024\/11\/th-17.jpg\" data-dt-img-description=\"\" data-large_image_width=\"224\" data-large_image_height=\"180\"><img loading=\"lazy\" decoding=\"async\" class=\" wp-image-421610 alignleft\" src=\"https:\/\/www.radiopiu.net\/wordpress\/wp-content\/uploads\/2024\/11\/th-17.jpg\" alt=\"\" width=\"167\" height=\"134\" \/><\/a>ogni sera alle 19 le anticipazioni alla radio, quello che poi seguirete nel TELEGIORNALE BELLUNESE\u00a0 in onda alle 19.30 sul CANALE 10 del digitale terrestre.\u00a0\u00a0<\/strong><\/p>\n<p>&nbsp;<\/p>\n<p><b>\u00a0\u00a0<\/b><span style=\"color: #ff0000;\"><strong>LE ANTICIPAZIONI DI\u00a0 FABIO FIORAVANZI<\/strong><\/span><\/p>\n<audio class=\"wp-audio-shortcode\" id=\"audio-432898-6\" preload=\"none\" style=\"width: 100%;\" controls=\"controls\"><source type=\"audio\/mpeg\" src=\"https:\/\/www.radiopiu.net\/wordpress\/wp-content\/uploads\/2025\/02\/ANTENNA3-2.mp3?_=6\" \/><a href=\"https:\/\/www.radiopiu.net\/wordpress\/wp-content\/uploads\/2025\/02\/ANTENNA3-2.mp3\">https:\/\/www.radiopiu.net\/wordpress\/wp-content\/uploads\/2025\/02\/ANTENNA3-2.mp3<\/a><\/audio>\n<p>&nbsp;<\/p>\n<p>&nbsp;<\/p>\n<hr \/>\n<p>&nbsp;<\/p>\n<h3><strong><a class=\"dt-pswp-item\" href=\"https:\/\/www.radiopiu.net\/wordpress\/wp-content\/uploads\/2025\/02\/Senza-nome-13.png\" data-dt-img-description=\"\" data-large_image_width=\"179\" data-large_image_height=\"109\"><img loading=\"lazy\" decoding=\"async\" class=\"size-full wp-image-433078 alignleft\" src=\"https:\/\/www.radiopiu.net\/wordpress\/wp-content\/uploads\/2025\/02\/Senza-nome-13.png\" alt=\"\" width=\"179\" height=\"109\" \/><\/a>L&#8217;INCIDENTE<\/strong><\/h3>\n<p><strong>FELTRE<\/strong> \u2013 Una donna \u00e8 inciampata sugli scalini del marciapiede in via Tezze, vicino al negozio Original Marines, riportando una lesione a un braccio. Soccorsa dai passanti, \u00e8 stata trasportata in ospedale dal 118. Non \u00e8 il primo incidente in quel punto: si suggerisce maggiore visibilit\u00e0 per prevenire altre cadute.<\/p>\n<p>&nbsp;<\/p>\n<hr \/>\n<p>&nbsp;<\/p>\n<blockquote>\n<h3>UNA GIORNATA DI INTERVENTI SULLE PISTE DA SCI PER IL SUEM 118<\/h3>\n<\/blockquote>\n<p><strong>REDAZIONE <\/strong>Il Servizio di Urgenza ed Emergenza Medica (SUEM) ha effettuato diversi interventi nella giornata di ieri sulle piste da sci delle Dolomiti per traumi in pista. Tre gli interventi significativi. Alle 10:38 ad Arabba, un uomo tedesco di 62 anni \u00e8 stato soccorso dall\u2019elicottero Falco e trasportato a Belluno. Alle 10:40 a Padola, un uomo di 86 anni di Sappada \u00e8 stato trasportato all\u2019ospedale di Santo Stefano di Cadore. Alle 13:25 a Cortina, una sciatrice olandese di 21 anni \u00e8 stata portata a Pieve di Cadore. In totale sono 12 gli interventi sui comprensori sciistici della provincia.<\/p>\n<p>&nbsp;<\/p>\n<p>&nbsp;<\/p>\n<hr \/>\n<p>&nbsp;<\/p>\n<blockquote>\n<h3>Un mese dopo l\u2019incendio a Frassen\u00e8: solidariet\u00e0 e gratitudine, donazioni per 96mila euro<\/h3>\n<\/blockquote>\n<p><strong><a class=\"dt-pswp-item\" href=\"https:\/\/www.radiopiu.net\/wordpress\/wp-content\/uploads\/2025\/02\/maxresdefault.jpg\" data-dt-img-description=\"\" data-large_image_width=\"1280\" data-large_image_height=\"720\"><img loading=\"lazy\" decoding=\"async\" class=\" wp-image-433045 alignleft\" src=\"https:\/\/www.radiopiu.net\/wordpress\/wp-content\/uploads\/2025\/02\/maxresdefault-300x169.jpg\" alt=\"\" width=\"233\" height=\"131\" srcset=\"https:\/\/www.radiopiu.net\/wordpress\/wp-content\/uploads\/2025\/02\/maxresdefault-300x169.jpg 300w, https:\/\/www.radiopiu.net\/wordpress\/wp-content\/uploads\/2025\/02\/maxresdefault-1024x576.jpg 1024w, https:\/\/www.radiopiu.net\/wordpress\/wp-content\/uploads\/2025\/02\/maxresdefault-768x432.jpg 768w, https:\/\/www.radiopiu.net\/wordpress\/wp-content\/uploads\/2025\/02\/maxresdefault.jpg 1280w\" sizes=\"auto, (max-width: 233px) 100vw, 233px\" \/><\/a>VOLTAGO<\/strong><\/p>\n<p>DI GIANNI SANTOMASO<\/p>\n<audio class=\"wp-audio-shortcode\" id=\"audio-432898-7\" preload=\"none\" style=\"width: 100%;\" controls=\"controls\"><source type=\"audio\/mpeg\" src=\"https:\/\/www.radiopiu.net\/wordpress\/wp-content\/uploads\/2025\/02\/GIANNI-QUASI-100-MILA-EURO-RACCOLTI-PER-LE-PERSONE-COLPITE-DALLINCENDIO-DI-FRASSENE.mp3?_=7\" \/><a href=\"https:\/\/www.radiopiu.net\/wordpress\/wp-content\/uploads\/2025\/02\/GIANNI-QUASI-100-MILA-EURO-RACCOLTI-PER-LE-PERSONE-COLPITE-DALLINCENDIO-DI-FRASSENE.mp3\">https:\/\/www.radiopiu.net\/wordpress\/wp-content\/uploads\/2025\/02\/GIANNI-QUASI-100-MILA-EURO-RACCOLTI-PER-LE-PERSONE-COLPITE-DALLINCENDIO-DI-FRASSENE.mp3<\/a><\/audio>\n<p>&nbsp;<\/p>\n<div class=\"flex max-w-full flex-col flex-grow\">\n<div class=\"min-h-8 text-message flex w-full flex-col items-end gap-2 whitespace-normal break-words text-start [.text-message+&amp;]:mt-5\" dir=\"auto\" data-message-author-role=\"assistant\" data-message-id=\"ccb74a29-9873-4830-80a6-42e392b656a2\" data-message-model-slug=\"gpt-4o\">\n<div class=\"flex w-full flex-col gap-1 empty:hidden first:pt-[3px]\">\n<div class=\"markdown prose w-full break-words dark:prose-invert dark\"><\/div>\n<\/div>\n<\/div>\n<\/div>\n<p>&nbsp;<\/p>\n<hr \/>\n<p>&nbsp;<\/p>\n<blockquote>\n<h3>GIORNATA MONDIALE CONTRO IL CANCRO: IL NUOVO RAPPORTO DEL REGISTRO TUMORI DEL VENETO<\/h3>\n<\/blockquote>\n<p><strong><a class=\"dt-pswp-item\" href=\"https:\/\/www.radiopiu.net\/wordpress\/wp-content\/uploads\/2025\/02\/4-02-2025-PUNTO-STAMPA-SANITA-7908-scaled.jpg\" data-dt-img-description=\"\" data-large_image_width=\"2560\" data-large_image_height=\"1708\"><img loading=\"lazy\" decoding=\"async\" class=\" wp-image-432976 alignleft\" src=\"https:\/\/www.radiopiu.net\/wordpress\/wp-content\/uploads\/2025\/02\/4-02-2025-PUNTO-STAMPA-SANITA-7908-300x200.jpg\" alt=\"\" width=\"203\" height=\"135\" srcset=\"https:\/\/www.radiopiu.net\/wordpress\/wp-content\/uploads\/2025\/02\/4-02-2025-PUNTO-STAMPA-SANITA-7908-300x200.jpg 300w, https:\/\/www.radiopiu.net\/wordpress\/wp-content\/uploads\/2025\/02\/4-02-2025-PUNTO-STAMPA-SANITA-7908-1024x683.jpg 1024w, https:\/\/www.radiopiu.net\/wordpress\/wp-content\/uploads\/2025\/02\/4-02-2025-PUNTO-STAMPA-SANITA-7908-768x512.jpg 768w, https:\/\/www.radiopiu.net\/wordpress\/wp-content\/uploads\/2025\/02\/4-02-2025-PUNTO-STAMPA-SANITA-7908-1536x1025.jpg 1536w, https:\/\/www.radiopiu.net\/wordpress\/wp-content\/uploads\/2025\/02\/4-02-2025-PUNTO-STAMPA-SANITA-7908-2048x1366.jpg 2048w\" sizes=\"auto, (max-width: 203px) 100vw, 203px\" \/><\/a>VENEZIA<\/strong> Il Registro Tumori del Veneto ha presentato un nuovo Rapporto in occasione della Giornata Mondiale contro il Cancro, analizzando incidenza, sopravvivenza e mortalit\u00e0 delle neoplasie. Il Presidente Luca Zaia ha evidenziato il calo dell\u2019incidenza tumorale in Veneto, con una riduzione annua dell\u20191,8% negli uomini e dello 0,2% nelle donne, e il miglioramento della sopravvivenza a 5 anni, che per il tumore al seno ha raggiunto il 91,1%. L\u2019Assessore Manuela Lanzarin ha sottolineato il ruolo fondamentale della prevenzione e degli screening. Nel 2023 in Veneto sono stati diagnosticati 34.512 nuovi casi di tumore, con le neoplasie pi\u00f9 diffuse rappresentate dal tumore al seno, al colon-retto, alla prostata e al polmone. Negli uomini si registra un calo dell\u2019incidenza dei tumori pi\u00f9 frequenti, tranne il melanoma (+3,7% annuo), mentre nelle donne la stabilizzazione dell\u2019incidenza del tumore al seno \u00e8 accompagnata da un lieve aumento tra i 70 e 74 anni, dovuto all\u2019estensione dello screening mammografico. La mortalit\u00e0 tumorale nel 2023 ha registrato 13.691 decessi, con il tumore al polmone come principale causa di morte negli uomini e quello al seno nelle donne. Nel tempo, si osserva un calo costante della mortalit\u00e0, con una riduzione annua dell\u20191,9% nei maschi e dell\u20191,1% nelle femmine, grazie ai progressi nella diagnosi precoce e nelle cure.<\/p>\n<p>&nbsp;<\/p>\n<p><strong>A MARGINE DEL PUNTO STAMPA DI PALAZZO BALBI A VENEZIA, LE DICHIARAZIONI DEL PRESIDENTE DEL VENETO LUCA ZAIA<\/strong><\/p>\n<p><iframe loading=\"lazy\" title=\"04 02 2025 ZAIA\" width=\"1200\" height=\"675\" src=\"https:\/\/www.youtube.com\/embed\/pxHUB-yMy_Q?feature=oembed\" frameborder=\"0\" allow=\"accelerometer; autoplay; clipboard-write; encrypted-media; gyroscope; picture-in-picture; web-share\" referrerpolicy=\"strict-origin-when-cross-origin\" allowfullscreen><\/iframe><\/p>\n<p>&nbsp;<\/p>\n<p>&nbsp;<\/p>\n<hr \/>\n<p>&nbsp;<\/p>\n<blockquote>\n<h3>IL CONSIGLIO REGIONALE APPROVA LA PROROGA DELLE CENTRALINE IDROELETTRICHE<\/h3>\n<\/blockquote>\n<p><strong>VENEZIA<\/strong> Ieri il Consiglio regionale ha approvato una legge che modifica alcune disposizioni in materia di concessioni idrauliche a scopo idroelettrico, disponendo la proroga delle concessioni fino al 2029. La materia delle derivazioni per usi idroelettrici coinvolge infatti tematiche che interessano trasversalmente competenze legislative esclusive statali e competenze concorrenti tra Stato e Regioni.<\/p>\n<p><strong>GIANPAOLO BOTTACIN, ASSESSORE REGIONALE<\/strong><\/p>\n<div style=\"width: 848px;\" class=\"wp-video\"><video class=\"wp-video-shortcode\" id=\"video-432898-1\" width=\"848\" height=\"480\" preload=\"metadata\" controls=\"controls\"><source type=\"video\/mp4\" src=\"https:\/\/www.radiopiu.net\/wordpress\/wp-content\/uploads\/2025\/02\/WhatsApp-Video-2025-02-04-at-18.51.14.mp4?_=1\" \/><a href=\"https:\/\/www.radiopiu.net\/wordpress\/wp-content\/uploads\/2025\/02\/WhatsApp-Video-2025-02-04-at-18.51.14.mp4\">https:\/\/www.radiopiu.net\/wordpress\/wp-content\/uploads\/2025\/02\/WhatsApp-Video-2025-02-04-at-18.51.14.mp4<\/a><\/video><\/div>\n<p>&nbsp;<\/p>\n<hr \/>\n<p>&nbsp;<\/p>\n<blockquote>\n<h3>SICUREZZA STRADALE: VENERDI AL VIA IL BANDO PER I COMUNI<\/h3>\n<\/blockquote>\n<p><strong><a class=\"dt-pswp-item\" href=\"https:\/\/www.radiopiu.net\/wordpress\/wp-content\/uploads\/2020\/06\/ELISA-DE-BERTI.jpg\" data-dt-img-description=\"\" data-large_image_width=\"960\" data-large_image_height=\"959\"><img loading=\"lazy\" decoding=\"async\" class=\" wp-image-141960 alignleft\" src=\"https:\/\/www.radiopiu.net\/wordpress\/wp-content\/uploads\/2020\/06\/ELISA-DE-BERTI-300x300.jpg\" alt=\"\" width=\"138\" height=\"138\" srcset=\"https:\/\/www.radiopiu.net\/wordpress\/wp-content\/uploads\/2020\/06\/ELISA-DE-BERTI-300x300.jpg 300w, https:\/\/www.radiopiu.net\/wordpress\/wp-content\/uploads\/2020\/06\/ELISA-DE-BERTI-150x150.jpg 150w, https:\/\/www.radiopiu.net\/wordpress\/wp-content\/uploads\/2020\/06\/ELISA-DE-BERTI-768x767.jpg 768w, https:\/\/www.radiopiu.net\/wordpress\/wp-content\/uploads\/2020\/06\/ELISA-DE-BERTI.jpg 960w\" sizes=\"auto, (max-width: 138px) 100vw, 138px\" \/><\/a>VENEZIA<\/strong> Venerd\u00ec 7 febbraio sar\u00e0 pubblicato sul Bollettino Ufficiale della Regione Veneto il bando per l\u2019assegnazione ai Comuni dei contributi previsti dalla Legge 39\/1991 per la mobilit\u00e0 e la sicurezza stradale nel 2025. Le amministrazioni locali avranno 30 giorni per presentare domanda. Dal 2016 al 2024, la Regione ha stanziato 105 milioni di euro per 636 progetti, tra cui rotatorie, piste ciclabili e riqualificazioni stradali. La Vicepresidente Elisa De Berti ha sottolineato l\u2019importanza di questi interventi per la sicurezza stradale. Il bando 2025 introduce indicazioni operative per agevolare i Comuni nelle procedure di affidamento lavori. Il finanziamento coprir\u00e0 fino al 70% della spesa per Comuni sotto i 10.000 abitanti (massimo 700.000 euro) e il 50% per quelli pi\u00f9 grandi (massimo 500.000 euro). Per gli interventi finanziati sar\u00e0 stipulato un Accordo di Programma.<\/p>\n<p>&nbsp;<\/p>\n<p>&nbsp;<\/p>\n<hr \/>\n<p>&nbsp;<\/p>\n<blockquote>\n<h3><a class=\"dt-pswp-item\" href=\"https:\/\/www.radiopiu.net\/wordpress\/wp-content\/uploads\/2025\/02\/9d937d1f-5517-4302-a1a1-9a34625d3735.jpg\" data-dt-img-description=\"\" data-large_image_width=\"1131\" data-large_image_height=\"1600\"><img loading=\"lazy\" decoding=\"async\" class=\" wp-image-433027 alignleft\" src=\"https:\/\/www.radiopiu.net\/wordpress\/wp-content\/uploads\/2025\/02\/9d937d1f-5517-4302-a1a1-9a34625d3735-212x300.jpg\" alt=\"\" width=\"103\" height=\"146\" srcset=\"https:\/\/www.radiopiu.net\/wordpress\/wp-content\/uploads\/2025\/02\/9d937d1f-5517-4302-a1a1-9a34625d3735-212x300.jpg 212w, https:\/\/www.radiopiu.net\/wordpress\/wp-content\/uploads\/2025\/02\/9d937d1f-5517-4302-a1a1-9a34625d3735-724x1024.jpg 724w, https:\/\/www.radiopiu.net\/wordpress\/wp-content\/uploads\/2025\/02\/9d937d1f-5517-4302-a1a1-9a34625d3735-768x1086.jpg 768w, https:\/\/www.radiopiu.net\/wordpress\/wp-content\/uploads\/2025\/02\/9d937d1f-5517-4302-a1a1-9a34625d3735-1086x1536.jpg 1086w, https:\/\/www.radiopiu.net\/wordpress\/wp-content\/uploads\/2025\/02\/9d937d1f-5517-4302-a1a1-9a34625d3735.jpg 1131w\" sizes=\"auto, (max-width: 103px) 100vw, 103px\" \/><\/a>ON YEAR TO GO&#8230;UN ANNO ALLE OLIMPIADI<\/h3>\n<\/blockquote>\n<p><strong>CORTINA<\/strong> Il 6 febbraio mancheranno 365 giorni alle Olimpiadi invernali Milano Cortina 2026. Per festeggiare questo momento importante, tutti sono invitati a partecipare all&#8217;evento che si terr\u00e0 il 6 febbraio a Cortina d&#8217;Ampezzo, in piazza Roma alle ore 18.00. Emozioni, spettacolo e passione olimpica a sorpresa<\/p>\n<p><strong>PER LE TRE RADIO BARBARA PAOLAZZI<\/strong><\/p>\n<audio class=\"wp-audio-shortcode\" id=\"audio-432898-8\" preload=\"none\" style=\"width: 100%;\" controls=\"controls\"><source type=\"audio\/mpeg\" src=\"https:\/\/www.radiopiu.net\/wordpress\/wp-content\/uploads\/2025\/02\/PAOLAZZI-ON-YEAR-TO-GO.mp3?_=8\" \/><a href=\"https:\/\/www.radiopiu.net\/wordpress\/wp-content\/uploads\/2025\/02\/PAOLAZZI-ON-YEAR-TO-GO.mp3\">https:\/\/www.radiopiu.net\/wordpress\/wp-content\/uploads\/2025\/02\/PAOLAZZI-ON-YEAR-TO-GO.mp3<\/a><\/audio>\n<p>&nbsp;<\/p>\n<hr \/>\n<p>&nbsp;<\/p>\n<blockquote>\n<h3>DUE SABATI DI STRAORDINARIO INCENTIVATO NELLO STABILIMENTO ESSILORLUXOTTICA DI AGORDO<\/h3>\n<\/blockquote>\n<p><strong><a class=\"dt-pswp-item\" href=\"https:\/\/www.radiopiu.net\/wordpress\/wp-content\/uploads\/2024\/11\/luxottica.jpeg\" data-dt-img-description=\"\" data-large_image_width=\"2048\" data-large_image_height=\"1536\"><img loading=\"lazy\" decoding=\"async\" class=\" wp-image-418269 alignleft\" src=\"https:\/\/www.radiopiu.net\/wordpress\/wp-content\/uploads\/2024\/11\/luxottica-300x225.jpeg\" alt=\"\" width=\"157\" height=\"118\" srcset=\"https:\/\/www.radiopiu.net\/wordpress\/wp-content\/uploads\/2024\/11\/luxottica-300x225.jpeg 300w, https:\/\/www.radiopiu.net\/wordpress\/wp-content\/uploads\/2024\/11\/luxottica-1024x768.jpeg 1024w, https:\/\/www.radiopiu.net\/wordpress\/wp-content\/uploads\/2024\/11\/luxottica-768x576.jpeg 768w, https:\/\/www.radiopiu.net\/wordpress\/wp-content\/uploads\/2024\/11\/luxottica-1536x1152.jpeg 1536w, https:\/\/www.radiopiu.net\/wordpress\/wp-content\/uploads\/2024\/11\/luxottica.jpeg 2048w\" sizes=\"auto, (max-width: 157px) 100vw, 157px\" \/><\/a>AGORDO <\/strong>Azienda e RSU hanno concordato nelle ultime ore un pacchetto di straordinari incentivati. Sono chiamate al lavoro le maestranze in quattro sabati, ma in realt\u00e0 gli operai lavoreranno due giornate visto che saranno chiamati al lavoro solo coloro che nella settimana indicata lavoreranno al turno mattina. Le date concordate sono del 8, 15, 22 febbraio e 01 marzo. Saranno o coinvolti alcuni reparti della filiera del metallo. Tutti i particolari sullo straordinario incentivato sono disponibili sulle bacheche aziendali dei reparti coinvolti.<strong><br \/>\n<\/strong><\/p>\n<p>&nbsp;<\/p>\n<p>&nbsp;<\/p>\n<hr \/>\n<p>&nbsp;<\/p>\n<blockquote>\n<h3>TAGLIO DEL NASTRO AL NUOVO COMANDO DI POLIZIA LOCALE DI BELLUNO<\/h3>\n<\/blockquote>\n<p><strong><a class=\"dt-pswp-item\" href=\"https:\/\/www.radiopiu.net\/wordpress\/wp-content\/uploads\/2022\/12\/polizia-locale-belluno.jpg\" data-dt-img-description=\"\" data-large_image_width=\"733\" data-large_image_height=\"436\"><img loading=\"lazy\" decoding=\"async\" class=\" wp-image-311737 alignleft\" src=\"https:\/\/www.radiopiu.net\/wordpress\/wp-content\/uploads\/2022\/12\/polizia-locale-belluno-300x178.jpg\" alt=\"\" width=\"192\" height=\"114\" srcset=\"https:\/\/www.radiopiu.net\/wordpress\/wp-content\/uploads\/2022\/12\/polizia-locale-belluno-300x178.jpg 300w, https:\/\/www.radiopiu.net\/wordpress\/wp-content\/uploads\/2022\/12\/polizia-locale-belluno.jpg 733w\" sizes=\"auto, (max-width: 192px) 100vw, 192px\" \/><\/a>BELLUNO <\/strong>Inaugurata oggi la nuova sede provvisoria del Comando di polizia locale di Belluno, situata nell\u2019ex scuola primaria Gabelli nel Parco Citt\u00e0 di Bologna. Il trasferimento dal vecchio edificio di via Gabelli \u00e8 stato necessario a causa di infiltrazioni d\u2019acqua, muffa e barriere architettoniche che rendevano la struttura insalubre e inaccessibile. Il nuovo stabile, pi\u00f9 centrale e distribuito su un unico piano, offre spazi pi\u00f9 ampi e attrezzati. Durante la cerimonia inaugurale, il vescovo Marangoni ha benedetto i locali. La nuova sede dispone di 17 stanze, tra cui aule per corsi di aggiornamento, una sala per foto segnalazione e interrogatori, con attenzione alla protezione delle vittime di violenza. Il trasloco \u00e8 avvenuto a dicembre e la sede \u00e8 ora pienamente operativa.<\/p>\n<p><strong>IL SINDACO DI BELLUNO OSCAR DE PELLEGRIN<\/strong><\/p>\n<audio class=\"wp-audio-shortcode\" id=\"audio-432898-9\" preload=\"none\" style=\"width: 100%;\" controls=\"controls\"><source type=\"audio\/mpeg\" src=\"https:\/\/www.radiopiu.net\/wordpress\/wp-content\/uploads\/2025\/02\/OSCAR-DE-PELLEGRIN.mp3?_=9\" \/><a href=\"https:\/\/www.radiopiu.net\/wordpress\/wp-content\/uploads\/2025\/02\/OSCAR-DE-PELLEGRIN.mp3\">https:\/\/www.radiopiu.net\/wordpress\/wp-content\/uploads\/2025\/02\/OSCAR-DE-PELLEGRIN.mp3<\/a><\/audio>\n<p>&nbsp;<\/p>\n<p><strong>ANTONIO CODEMO COMANDANTE POLIZIA LOCALE BELLUNO<\/strong><\/p>\n<audio class=\"wp-audio-shortcode\" id=\"audio-432898-10\" preload=\"none\" style=\"width: 100%;\" controls=\"controls\"><source type=\"audio\/mpeg\" src=\"https:\/\/www.radiopiu.net\/wordpress\/wp-content\/uploads\/2025\/02\/ANTONIO-CODEMO-COMANDANTE-POLIZIA-LOCALE-BELLUNO.mp3?_=10\" \/><a href=\"https:\/\/www.radiopiu.net\/wordpress\/wp-content\/uploads\/2025\/02\/ANTONIO-CODEMO-COMANDANTE-POLIZIA-LOCALE-BELLUNO.mp3\">https:\/\/www.radiopiu.net\/wordpress\/wp-content\/uploads\/2025\/02\/ANTONIO-CODEMO-COMANDANTE-POLIZIA-LOCALE-BELLUNO.mp3<\/a><\/audio>\n<p>&nbsp;<\/p>\n<hr \/>\n<p>&nbsp;<\/p>\n<blockquote>\n<h3>ELETTA LA NUOVA RSU DA UNIFARCO<\/h3>\n<\/blockquote>\n<p><strong><a class=\"dt-pswp-item\" href=\"https:\/\/www.radiopiu.net\/wordpress\/wp-content\/uploads\/2025\/02\/UNIFARCO.jpg\" data-dt-img-description=\"\" data-large_image_width=\"800\" data-large_image_height=\"400\"><img loading=\"lazy\" decoding=\"async\" class=\" wp-image-432970 alignleft\" src=\"https:\/\/www.radiopiu.net\/wordpress\/wp-content\/uploads\/2025\/02\/UNIFARCO-300x150.jpg\" alt=\"\" width=\"206\" height=\"103\" srcset=\"https:\/\/www.radiopiu.net\/wordpress\/wp-content\/uploads\/2025\/02\/UNIFARCO-300x150.jpg 300w, https:\/\/www.radiopiu.net\/wordpress\/wp-content\/uploads\/2025\/02\/UNIFARCO-768x384.jpg 768w, https:\/\/www.radiopiu.net\/wordpress\/wp-content\/uploads\/2025\/02\/UNIFARCO.jpg 800w\" sizes=\"auto, (max-width: 206px) 100vw, 206px\" \/><\/a>BELLUNO<\/strong> La Femca Cisl rafforza la sua rappresentanza in Unifarco, azienda farmaceutica di Santa Giustina (Belluno), dopo le elezioni della Rsu svoltesi il 28 e 29 gennaio. Su 585 aventi diritto, hanno votato oltre il 60%, con 355 voti validi: la Femca ha ottenuto 214 preferenze (60%), la Filctem Cgil 125 e la Uiltec Uil 13. Con il sistema proporzionale, la Femca ha eletto 7 delegati, la Filctem 4. Mauro Dalla Rosa, sindacalista Femca, si \u00e8 detto soddisfatto, evidenziando l\u2019aumento del 30% dei voti e il passaggio da 5 a 7 rappresentanti. Tra i candidati, spiccano Nilay Bilgin (81 voti) e Paola Gramegna (44). Femca punta ora a realizzare il programma \u201cPrendiamoci cura del lavoro\u201d e al rinnovo del contratto aziendale. Unifarco ha visto una crescita degli occupati da 420 a quasi 590 in quattro anni.<\/p>\n<p><strong>MAURO DALLA ROSA, FEMCA CISL<\/strong><\/p>\n<audio class=\"wp-audio-shortcode\" id=\"audio-432898-11\" preload=\"none\" style=\"width: 100%;\" controls=\"controls\"><source type=\"audio\/mpeg\" src=\"https:\/\/www.radiopiu.net\/wordpress\/wp-content\/uploads\/2025\/02\/MAURO-DALLA-ROSA-CISL.mp3?_=11\" \/><a href=\"https:\/\/www.radiopiu.net\/wordpress\/wp-content\/uploads\/2025\/02\/MAURO-DALLA-ROSA-CISL.mp3\">https:\/\/www.radiopiu.net\/wordpress\/wp-content\/uploads\/2025\/02\/MAURO-DALLA-ROSA-CISL.mp3<\/a><\/audio>\n<p>&nbsp;<\/p>\n<hr \/>\n<p>&nbsp;<\/p>\n<blockquote>\n<h3>DAL 26 FEBBRAIO I CORSI PER VOLONTARI DI PETTIROSSO AGORDINO<\/h3>\n<\/blockquote>\n<p><strong><a class=\"dt-pswp-item\" href=\"https:\/\/www.radiopiu.net\/wordpress\/wp-content\/uploads\/2022\/11\/th-21.jpg\" data-dt-img-description=\"\" data-large_image_width=\"474\" data-large_image_height=\"335\"><img loading=\"lazy\" decoding=\"async\" class=\" wp-image-309972 alignleft\" src=\"https:\/\/www.radiopiu.net\/wordpress\/wp-content\/uploads\/2022\/11\/th-21-300x212.jpg\" alt=\"\" width=\"175\" height=\"124\" srcset=\"https:\/\/www.radiopiu.net\/wordpress\/wp-content\/uploads\/2022\/11\/th-21-300x212.jpg 300w, https:\/\/www.radiopiu.net\/wordpress\/wp-content\/uploads\/2022\/11\/th-21.jpg 474w\" sizes=\"auto, (max-width: 175px) 100vw, 175px\" \/><\/a>AGORDO<\/strong><\/p>\n<p>DI GIANNI SANTOMASO<\/p>\n<audio class=\"wp-audio-shortcode\" id=\"audio-432898-12\" preload=\"none\" style=\"width: 100%;\" controls=\"controls\"><source type=\"audio\/mpeg\" src=\"https:\/\/www.radiopiu.net\/wordpress\/wp-content\/uploads\/2025\/02\/GIANNI-DAL-26-FEBBRAIO-I-CORSI-PER-VOLONTARI-DI-PETTIROSSO-AGORDINO-OK.mp3?_=12\" \/><a href=\"https:\/\/www.radiopiu.net\/wordpress\/wp-content\/uploads\/2025\/02\/GIANNI-DAL-26-FEBBRAIO-I-CORSI-PER-VOLONTARI-DI-PETTIROSSO-AGORDINO-OK.mp3\">https:\/\/www.radiopiu.net\/wordpress\/wp-content\/uploads\/2025\/02\/GIANNI-DAL-26-FEBBRAIO-I-CORSI-PER-VOLONTARI-DI-PETTIROSSO-AGORDINO-OK.mp3<\/a><\/audio>\n<p>&nbsp;<\/p>\n<hr \/>\n<p>&nbsp;<\/p>\n<p><strong>LA GIUDIZIARIA OGGI<\/strong><br \/>\n<span style=\"color: #ff0000;\">DAL TRIBUNALE DI BELLUNO, SINTESI ARTICOLI GIGI SOSSO, CORRIERE DELLE ALPI<\/span><\/p>\n<div class=\"group\/conversation-turn relative flex w-full min-w-0 flex-col agent-turn px-4 @xs\/thread:px-0 @sm\/thread:px-1.5\">\n<div class=\"flex-col gap-1 md:gap-3\">\n<div class=\"flex max-w-full flex-col flex-grow\">\n<div class=\"min-h-8 text-message flex w-full flex-col items-end gap-2 whitespace-normal break-words text-start [.text-message+&amp;]:mt-5\" dir=\"auto\" data-message-author-role=\"assistant\" data-message-id=\"261c7d0f-18e1-4d0e-9d73-c1b0ce1fada2\" data-message-model-slug=\"gpt-4o\">\n<div class=\"flex w-full flex-col gap-1 empty:hidden first:pt-[3px]\">\n<div class=\"markdown prose w-full break-words dark:prose-invert dark\">\n<blockquote>\n<h3><strong><a href=\"https:\/\/www.radiopiu.net\/wordpress\/wp-content\/uploads\/2025\/02\/f13b617e-7c82-456f-987d-8946cfd10fc3.webp\"><img loading=\"lazy\" decoding=\"async\" class=\"size-medium wp-image-433082 alignleft\" src=\"https:\/\/www.radiopiu.net\/wordpress\/wp-content\/uploads\/2025\/02\/f13b617e-7c82-456f-987d-8946cfd10fc3-300x300.webp\" alt=\"\" width=\"300\" height=\"300\" srcset=\"https:\/\/www.radiopiu.net\/wordpress\/wp-content\/uploads\/2025\/02\/f13b617e-7c82-456f-987d-8946cfd10fc3-300x300.webp 300w, https:\/\/www.radiopiu.net\/wordpress\/wp-content\/uploads\/2025\/02\/f13b617e-7c82-456f-987d-8946cfd10fc3-150x150.webp 150w, https:\/\/www.radiopiu.net\/wordpress\/wp-content\/uploads\/2025\/02\/f13b617e-7c82-456f-987d-8946cfd10fc3-768x768.webp 768w, https:\/\/www.radiopiu.net\/wordpress\/wp-content\/uploads\/2025\/02\/f13b617e-7c82-456f-987d-8946cfd10fc3.webp 1024w\" sizes=\"auto, (max-width: 300px) 100vw, 300px\" \/><\/a>Ubriaco contromano in autostrada: condannato<\/strong><\/h3>\n<\/blockquote>\n<p><strong>BELLUNO<\/strong> Un 47enne marocchino ha percorso contromano l&#8217;A27, convinto di essere nel centro di Belluno. Fermato dalla polizia, ha registrato un tasso alcolemico in calo, ma comunque elevato. Il tribunale lo ha condannato a nove mesi di arresto, 2.000 euro di ammenda e 10 mesi di sospensione della patente.<\/p>\n<\/div>\n<\/div>\n<\/div>\n<\/div>\n<\/div>\n<\/div>\n<blockquote>\n<h3><strong>Belluno: furto al Casinet, ladro identificato<\/strong><\/h3>\n<\/blockquote>\n<p><strong>FELTRE <\/strong>Grazie alle telecamere e alle impronte lasciate sul posto, K F \u00e8 stato identificato per il furto al bar Casinet di via Feltre, avvenuto nella notte del 9 settembre 2021. Dopo aver infranto la vetrata, ha rubato 150 euro, Gratta e vinci e sigarette. Il processo si concluder\u00e0 entro giugno.<\/p>\n<div class=\"flex max-w-full flex-col flex-grow\">\n<div class=\"min-h-8 text-message flex w-full flex-col items-end gap-2 whitespace-normal break-words text-start [.text-message+&amp;]:mt-5\" dir=\"auto\" data-message-author-role=\"assistant\" data-message-id=\"78fd365d-1869-45a1-8f28-68bcf9e796d6\" data-message-model-slug=\"gpt-4o\">\n<div class=\"flex w-full flex-col gap-1 empty:hidden first:pt-[3px]\">\n<div class=\"markdown prose w-full break-words dark:prose-invert dark\">\n<blockquote><p><strong>Maltratt\u00f2 la madre: revocati i domiciliari, torna in carcere<\/strong><\/p><\/blockquote>\n<div class=\"flex max-w-full flex-col flex-grow\">\n<div class=\"min-h-8 text-message flex w-full flex-col items-end gap-2 whitespace-normal break-words text-start [.text-message+&amp;]:mt-5\" dir=\"auto\" data-message-author-role=\"assistant\" data-message-id=\"c54b4346-79b8-469b-a849-e20f7f207cf1\" data-message-model-slug=\"gpt-4o\">\n<div class=\"flex w-full flex-col gap-1 empty:hidden first:pt-[3px]\">\n<div class=\"markdown prose w-full break-words dark:prose-invert dark\">\n<p><strong>SETTEVILLE<\/strong> Revocati i domiciliari, MB \u00e8 tornato in carcere in attesa dell\u2019udienza del 18 febbraio. Condannato per maltrattamenti alla madre, aveva ottenuto misure alternative, poi revocate. La cooperativa che lo ospitava ha interrotto l\u2019accoglienza. I legali cercano una soluzione diversa per la sua detenzione, che potrebbe durare solo pochi giorni.<\/p>\n<\/div>\n<\/div>\n<\/div>\n<\/div>\n<div class=\"mb-2 flex gap-3 empty:hidden -ml-2\">\n<div class=\"items-center justify-start rounded-xl p-1 z-10 -mt-1 bg-token-main-surface-primary screen-arch:mt-1 md:absolute flex\">\n<div class=\"flex items-center\">\n<div class=\"flex items-center pb-0\"><\/div>\n<\/div>\n<\/div>\n<\/div>\n<\/div>\n<\/div>\n<\/div>\n<\/div>\n<div class=\"mb-2 flex gap-3 empty:hidden -ml-2\">\n<div class=\"items-center justify-start rounded-xl p-1 flex\">\n<div class=\"flex items-center\"><\/div>\n<\/div>\n<\/div>\n<hr \/>\n<p>&nbsp;<\/p>\n<blockquote>\n<h3>IL COMUNE DI ALPAGO BENEFICIARIO DEL BANDO DEL GAL PREALPI E DOLOMITI. ASSEGNATI \u20ac188.000 PER LA MANUTENZIONE STRAORDINARIA DI CASERA MEZZOMIGLIO<\/h3>\n<\/blockquote>\n<p><strong>ALPAGO<\/strong> Il Comune di Alpago ha ottenuto un finanziamento di circa 188.000 euro dal GAL Prealpi e Dolomiti per la riqualificazione della &#8220;Casera Mezzomiglio&#8221;, situata a 1180 metri nella Conca dell\u2019Alpago. L\u2019intervento mira a migliorare l\u2019edificio con nuove coperture, isolamento, ristrutturazione interna ed esterna e adeguamento della strada di accesso. La struttura sar\u00e0 destinata a spazio aggregativo per giovani, ospitando campi estivi, escursioni scolastiche e attivit\u00e0 didattiche tutto l\u2019anno. I lavori dureranno 14 mesi e restituiranno alla comunit\u00e0 un luogo per socializzazione, formazione e valorizzazione del territorio naturale e culturale.<\/p>\n\n\t\t\t<style type='text\/css'>\n\t\t\t\t#gallery-2 {\n\t\t\t\t\tmargin: auto;\n\t\t\t\t}\n\t\t\t\t#gallery-2 .gallery-item {\n\t\t\t\t\tfloat: left;\n\t\t\t\t\tmargin-top: 10px;\n\t\t\t\t\ttext-align: center;\n\t\t\t\t\twidth: 50%;\n\t\t\t\t}\n\t\t\t\t#gallery-2 img {\n\t\t\t\t\tborder: 2px solid #cfcfcf;\n\t\t\t\t}\n\t\t\t\t#gallery-2 .gallery-caption {\n\t\t\t\t\tmargin-left: 0;\n\t\t\t\t}\n\t\t\t\t\/* see gallery_shortcode() in wp-includes\/media.php *\/\n\t\t\t<\/style>\n\t\t<div id='gallery-2' class='dt-gallery-container gallery galleryid-432898 gallery-columns-2 gallery-size-medium'><dl class='gallery-item'>\n\t\t\t\t<dt class='gallery-icon landscape'>\n\t\t\t\t\t<a class=\"rollover rollover-zoom dt-pswp-item\" title=\"foto casera\" data-dt-img-description=\"\" data-large_image_width=\"1999\" data-large_image_height=\"1121\"href='https:\/\/www.radiopiu.net\/wordpress\/wp-content\/uploads\/2025\/02\/foto-casera.jpg'><img loading=\"lazy\" decoding=\"async\" width=\"300\" height=\"168\" src=\"https:\/\/www.radiopiu.net\/wordpress\/wp-content\/uploads\/2025\/02\/foto-casera-300x168.jpg\" class=\"attachment-medium size-medium\" alt=\"\" srcset=\"https:\/\/www.radiopiu.net\/wordpress\/wp-content\/uploads\/2025\/02\/foto-casera-300x168.jpg 300w, https:\/\/www.radiopiu.net\/wordpress\/wp-content\/uploads\/2025\/02\/foto-casera-1024x574.jpg 1024w, https:\/\/www.radiopiu.net\/wordpress\/wp-content\/uploads\/2025\/02\/foto-casera-768x431.jpg 768w, https:\/\/www.radiopiu.net\/wordpress\/wp-content\/uploads\/2025\/02\/foto-casera-1536x861.jpg 1536w, https:\/\/www.radiopiu.net\/wordpress\/wp-content\/uploads\/2025\/02\/foto-casera.jpg 1999w\" sizes=\"auto, (max-width: 300px) 100vw, 300px\" \/><\/a>\n\t\t\t\t<\/dt><\/dl><dl class='gallery-item'>\n\t\t\t\t<dt class='gallery-icon landscape'>\n\t\t\t\t\t<a class=\"rollover rollover-zoom dt-pswp-item\" title=\"foto casera 2\" data-dt-img-description=\"\" data-large_image_width=\"1987\" data-large_image_height=\"1102\"href='https:\/\/www.radiopiu.net\/wordpress\/wp-content\/uploads\/2025\/02\/foto-casera-2.jpg'><img loading=\"lazy\" decoding=\"async\" width=\"300\" height=\"166\" src=\"https:\/\/www.radiopiu.net\/wordpress\/wp-content\/uploads\/2025\/02\/foto-casera-2-300x166.jpg\" class=\"attachment-medium size-medium\" alt=\"\" srcset=\"https:\/\/www.radiopiu.net\/wordpress\/wp-content\/uploads\/2025\/02\/foto-casera-2-300x166.jpg 300w, https:\/\/www.radiopiu.net\/wordpress\/wp-content\/uploads\/2025\/02\/foto-casera-2-1024x568.jpg 1024w, https:\/\/www.radiopiu.net\/wordpress\/wp-content\/uploads\/2025\/02\/foto-casera-2-768x426.jpg 768w, https:\/\/www.radiopiu.net\/wordpress\/wp-content\/uploads\/2025\/02\/foto-casera-2-1536x852.jpg 1536w, https:\/\/www.radiopiu.net\/wordpress\/wp-content\/uploads\/2025\/02\/foto-casera-2.jpg 1987w\" sizes=\"auto, (max-width: 300px) 100vw, 300px\" \/><\/a>\n\t\t\t\t<\/dt><\/dl><br style=\"clear: both\" \/>\n\t\t\t<\/div>\n\n<p>&nbsp;<\/p>\n<hr \/>\n<p>&nbsp;<\/p>\n<blockquote>\n<h3 class=\"entry-title\">Leonardo Maria Del Vecchio investe nel futuro del grafene<\/h3>\n<\/blockquote>\n<p><img loading=\"lazy\" decoding=\"async\" class=\"alignleft\" src=\"https:\/\/www.radiopiu.net\/wordpress\/wp-content\/uploads\/2025\/02\/Senza-nome-10.png\" width=\"232\" height=\"198\" \/><strong>MILANO<\/strong><\/p>\n<p>Leonardo Maria Del Vecchio, attraverso il suo family office LMDV Capital, ha acquisito il 68% di\u00a0<strong>ESANanoTech<\/strong>, (ne da notizia\u00a0forbes.it)\u00a0azienda innovativa specializzata nella produzione di grafene e nello sviluppo di soluzioni industriali avanzate. L\u2019operazione segna un passo cruciale per la fase di\u00a0<strong>scale-up<\/strong>\u00a0della societ\u00e0, con l\u2019obiettivo di consolidarla come leader globale nell\u2019innovazione del grafene.<\/p>\n<p>Del Vecchio nell\u2019articolo la redazone di Forbes sottolinea il potenziale rivoluzionario del grafene e l\u2019ambizione di trasformare la vita quotidiana attraverso nuove tecnologie. Il consiglio di amministrazione vedr\u00e0 la presenza di figure di spicco, tra cui\u00a0<strong>Gabriele Benedetto<\/strong>, che guider\u00e0 il lancio della societ\u00e0 sul mercato..<\/p>\n<p>ARTICOLO SU FORBES.IT\u00a0<a href=\"https:\/\/forbes.it\/2025\/02\/04\/leonardo-maria-del-vecchio-punta-sul-grafene-e-acquista-esananotech\/?utm_source=flipboard&amp;utm_content=ForbesItalia\/magazine\/Tecnologia\">CLICCA QUI<\/a><\/p>\n<p>&nbsp;<\/p>\n<p>&nbsp;<\/p>\n<hr \/>\n<p>&nbsp;<\/p>\n<blockquote>\n<h3>KTIPS E TURISMO DIGITALE<\/h3>\n<\/blockquote>\n<p><strong><a class=\"dt-pswp-item\" href=\"https:\/\/www.radiopiu.net\/wordpress\/wp-content\/uploads\/2022\/06\/DMO-DOLOMITI-LOGO.png\" data-dt-img-description=\"\" data-large_image_width=\"640\" data-large_image_height=\"292\"><img loading=\"lazy\" decoding=\"async\" class=\" wp-image-281802 alignleft\" src=\"https:\/\/www.radiopiu.net\/wordpress\/wp-content\/uploads\/2022\/06\/DMO-DOLOMITI-LOGO-300x137.png\" alt=\"\" width=\"193\" height=\"88\" srcset=\"https:\/\/www.radiopiu.net\/wordpress\/wp-content\/uploads\/2022\/06\/DMO-DOLOMITI-LOGO-300x137.png 300w, https:\/\/www.radiopiu.net\/wordpress\/wp-content\/uploads\/2022\/06\/DMO-DOLOMITI-LOGO.png 640w\" sizes=\"auto, (max-width: 193px) 100vw, 193px\" \/><\/a>BELLUNO<\/strong> La DMO Dolomiti Bellunesi avvia il 2025 con nuove strategie operative in vista delle Olimpiadi di Milano Cortina 2026. L&#8217;obiettivo \u00e8 preparare il territorio con un ecosistema digitale avanzato per promuovere il turismo. Un&#8217;importante novit\u00e0 \u00e8 KTips, una web app che funge da concierge digitale, offrendo ai turisti informazioni su attivit\u00e0, eventi e cultura in cinque macroaree. La Fondazione Dolomiti Bellunesi sta testando la piattaforma con i Consorzi e gli IAT, con un rodaggio di tre mesi per garantire contenuti coerenti e tradotti. Gli investimenti digitali proseguono, con circa 8000 euro mensili in pubblicit\u00e0 online, concentrati su Italia, Germania e Regno Unito. Il sito web ha registrato un +155% di utenti nel 2024, grazie anche alla promozione su Autostrade per l&#8217;Italia, eventi di rilievo e la visibilit\u00e0 all&#8217;aeroporto di Venezia.<\/p>\n<p>&nbsp;<\/p>\n<hr \/>\n<p>&nbsp;<\/p>\n<p>&nbsp;<\/p>\n<p><strong><a class=\"dt-pswp-item\" href=\"https:\/\/www.radiopiu.net\/wordpress\/wp-content\/uploads\/2021\/06\/244f56bc-9696-40f1-b3e8-f2f5b3cf36c3.jpg\" data-dt-img-description=\"\" data-large_image_width=\"768\" data-large_image_height=\"1024\"><img loading=\"lazy\" decoding=\"async\" class=\"wp-image-215002 alignleft\" src=\"https:\/\/www.radiopiu.net\/wordpress\/wp-content\/uploads\/2021\/06\/244f56bc-9696-40f1-b3e8-f2f5b3cf36c3-225x300.jpg\" alt=\"\" width=\"116\" height=\"155\" srcset=\"https:\/\/www.radiopiu.net\/wordpress\/wp-content\/uploads\/2021\/06\/244f56bc-9696-40f1-b3e8-f2f5b3cf36c3-225x300.jpg 225w, https:\/\/www.radiopiu.net\/wordpress\/wp-content\/uploads\/2021\/06\/244f56bc-9696-40f1-b3e8-f2f5b3cf36c3.jpg 768w\" sizes=\"auto, (max-width: 116px) 100vw, 116px\" \/><\/a>ROCCA PIETORE<\/strong><\/p>\n<p>l&#8217;Amministrazione comunale ha istituito per l&#8217;anno scolastico 2024-2025 un contributo economico in favore delle famiglie per il contenimento della spesa legata al trasporto scolastico e ai costi per l&#8217;alloggio degli studenti residenti nel\u00a0 comune e frequentanti le scuole secondarie di secondo grado. Maggiori informazioni, scadenze e modalit\u00e0 delle domande sul sito istituzionale del Comune.<\/p>\n<p>&nbsp;<\/p>\n<p>&nbsp;<\/p>\n<p>&nbsp;<\/p>\n<hr \/>\n<p>&nbsp;<\/p>\n<blockquote>\n<h3>TAVOLA ROTONDA SUL TURISMO SOSTENIBILE<\/h3>\n<\/blockquote>\n<p><strong><a class=\"dt-pswp-item\" href=\"https:\/\/www.radiopiu.net\/wordpress\/wp-content\/uploads\/2025\/02\/WhatsApp-Image-2025-01-31-at-16.27.32.jpeg\" data-dt-img-description=\"\" data-large_image_width=\"1600\" data-large_image_height=\"1199\"><img loading=\"lazy\" decoding=\"async\" class=\" wp-image-433024 alignleft\" src=\"https:\/\/www.radiopiu.net\/wordpress\/wp-content\/uploads\/2025\/02\/WhatsApp-Image-2025-01-31-at-16.27.32-300x225.jpeg\" alt=\"\" width=\"185\" height=\"139\" srcset=\"https:\/\/www.radiopiu.net\/wordpress\/wp-content\/uploads\/2025\/02\/WhatsApp-Image-2025-01-31-at-16.27.32-300x225.jpeg 300w, https:\/\/www.radiopiu.net\/wordpress\/wp-content\/uploads\/2025\/02\/WhatsApp-Image-2025-01-31-at-16.27.32-1024x767.jpeg 1024w, https:\/\/www.radiopiu.net\/wordpress\/wp-content\/uploads\/2025\/02\/WhatsApp-Image-2025-01-31-at-16.27.32-768x576.jpeg 768w, https:\/\/www.radiopiu.net\/wordpress\/wp-content\/uploads\/2025\/02\/WhatsApp-Image-2025-01-31-at-16.27.32-1536x1151.jpeg 1536w, https:\/\/www.radiopiu.net\/wordpress\/wp-content\/uploads\/2025\/02\/WhatsApp-Image-2025-01-31-at-16.27.32.jpeg 1600w\" sizes=\"auto, (max-width: 185px) 100vw, 185px\" \/><\/a>BORGO VALBELLUNA<\/strong> Il 31 gennaio, presso Palazzo Ducale a Venezia, si \u00e8 tenuto l\u2019incontro \u201cI viaggi del patrimonio vivente \u2013 Living Heritage Journeys\u201d, a cui ha partecipato il comune di Borgo Valbelluna insieme alla comunit\u00e0 di Farra di Mel. Il progetto mira a integrare il patrimonio culturale immateriale nel turismo sostenibile. Organizzato dall&#8217;Associazione Giochi Antichi, l\u2019evento ha presentato i risultati della fase preliminare e avviato progetti pilota. Borgo Valbelluna ha partecipato con la tradizione del To\u2019 Vegna, affiancata da Verona con lo S-cianco e Venezia con la voga alla veneta. Partner internazionali hanno illustrato i loro progetti: la Svezia con lo Storytelling Network, le Fiandre con la cultura del carillon, la Croazia con il progetto sulla batana e la Polonia con la tradizione del presepe. Il convegno ha discusso strategie per valorizzare il Patrimonio Immateriale Unesco nel turismo sostenibile.<\/p>\n<p>&nbsp;<\/p>\n<p>&nbsp;<\/p>\n<hr \/>\n<p>&nbsp;<\/p>\n<blockquote>\n<h3>DOPOSCUOLA SCUOLE MEDIE AD AGORDO E SERVIZIO MENSA<\/h3>\n<\/blockquote>\n<p><strong>DI MARINA DONA&#8217;<\/strong><\/p>\n<p><strong>AGORDO <\/strong>Il tema della conciliazione vita lavoro, \u00e8 un argomento molto sentito. Oggigiorno molto spesso i genitori con figli lavorano entrambi e se mancano le strutture a supporto della gestione dei figli questo diventa un problema. Forse non tutti sanno che il comune di Agordo nella palazzina del piazzale delle scuole medie, ha istituito un servizio di doposcuola proprio per i ragazzi delle scuole medie ed anche un servizio mensa. Si pu\u00f2 usufruire solo dell&#8217; uno o dell&#8217;altro servizio oppure di entrambi. In questa struttura si fanno i compiti e si studia e si prepara tutto l&#8217;occorrente per il giorno dopo, e poi si fanno anche altre attivit\u00e0 come laboratori vari, educazione alimentare, focus group e tanta voglia di stare assieme. Per informazioni 347 0034669.<\/p>\n\n\t\t\t<style type='text\/css'>\n\t\t\t\t#gallery-3 {\n\t\t\t\t\tmargin: auto;\n\t\t\t\t}\n\t\t\t\t#gallery-3 .gallery-item {\n\t\t\t\t\tfloat: left;\n\t\t\t\t\tmargin-top: 10px;\n\t\t\t\t\ttext-align: center;\n\t\t\t\t\twidth: 20%;\n\t\t\t\t}\n\t\t\t\t#gallery-3 img {\n\t\t\t\t\tborder: 2px solid #cfcfcf;\n\t\t\t\t}\n\t\t\t\t#gallery-3 .gallery-caption {\n\t\t\t\t\tmargin-left: 0;\n\t\t\t\t}\n\t\t\t\t\/* see gallery_shortcode() in wp-includes\/media.php *\/\n\t\t\t<\/style>\n\t\t<div id='gallery-3' class='dt-gallery-container gallery galleryid-432898 gallery-columns-5 gallery-size-thumbnail'><dl class='gallery-item'>\n\t\t\t\t<dt class='gallery-icon landscape'>\n\t\t\t\t\t<a class=\"rollover rollover-zoom dt-pswp-item\" title=\"65ac3fa6-e493-4de9-8fa4-a72467166f57\" data-dt-img-description=\"\" data-large_image_width=\"1080\" data-large_image_height=\"869\"href='https:\/\/www.radiopiu.net\/wordpress\/wp-content\/uploads\/2025\/02\/65ac3fa6-e493-4de9-8fa4-a72467166f57.jpg'><img loading=\"lazy\" decoding=\"async\" width=\"150\" height=\"150\" src=\"https:\/\/www.radiopiu.net\/wordpress\/wp-content\/uploads\/2025\/02\/65ac3fa6-e493-4de9-8fa4-a72467166f57-150x150.jpg\" class=\"attachment-thumbnail size-thumbnail\" alt=\"\" \/><\/a>\n\t\t\t\t<\/dt><\/dl><dl class='gallery-item'>\n\t\t\t\t<dt class='gallery-icon landscape'>\n\t\t\t\t\t<a class=\"rollover rollover-zoom dt-pswp-item\" title=\"d53696ea-1431-4535-b43b-2ddee7c35fa7\" data-dt-img-description=\"\" data-large_image_width=\"1600\" data-large_image_height=\"1200\"href='https:\/\/www.radiopiu.net\/wordpress\/wp-content\/uploads\/2025\/02\/d53696ea-1431-4535-b43b-2ddee7c35fa7.jpg'><img loading=\"lazy\" decoding=\"async\" width=\"150\" height=\"150\" src=\"https:\/\/www.radiopiu.net\/wordpress\/wp-content\/uploads\/2025\/02\/d53696ea-1431-4535-b43b-2ddee7c35fa7-150x150.jpg\" class=\"attachment-thumbnail size-thumbnail\" alt=\"\" \/><\/a>\n\t\t\t\t<\/dt><\/dl><dl class='gallery-item'>\n\t\t\t\t<dt class='gallery-icon landscape'>\n\t\t\t\t\t<a class=\"rollover rollover-zoom dt-pswp-item\" title=\"821c4862-53fc-477d-a025-ed531387c368\" data-dt-img-description=\"\" data-large_image_width=\"1080\" data-large_image_height=\"598\"href='https:\/\/www.radiopiu.net\/wordpress\/wp-content\/uploads\/2025\/02\/821c4862-53fc-477d-a025-ed531387c368.jpg'><img loading=\"lazy\" decoding=\"async\" width=\"150\" height=\"150\" src=\"https:\/\/www.radiopiu.net\/wordpress\/wp-content\/uploads\/2025\/02\/821c4862-53fc-477d-a025-ed531387c368-150x150.jpg\" class=\"attachment-thumbnail size-thumbnail\" alt=\"\" \/><\/a>\n\t\t\t\t<\/dt><\/dl><dl class='gallery-item'>\n\t\t\t\t<dt class='gallery-icon landscape'>\n\t\t\t\t\t<a class=\"rollover rollover-zoom dt-pswp-item\" title=\"0db2cfb0-2dce-49c5-8d17-8549779113ab\" data-dt-img-description=\"\" data-large_image_width=\"1600\" data-large_image_height=\"1530\"href='https:\/\/www.radiopiu.net\/wordpress\/wp-content\/uploads\/2025\/02\/0db2cfb0-2dce-49c5-8d17-8549779113ab.jpg'><img loading=\"lazy\" decoding=\"async\" width=\"150\" height=\"150\" src=\"https:\/\/www.radiopiu.net\/wordpress\/wp-content\/uploads\/2025\/02\/0db2cfb0-2dce-49c5-8d17-8549779113ab-150x150.jpg\" class=\"attachment-thumbnail size-thumbnail\" alt=\"\" \/><\/a>\n\t\t\t\t<\/dt><\/dl><dl class='gallery-item'>\n\t\t\t\t<dt class='gallery-icon landscape'>\n\t\t\t\t\t<a class=\"rollover rollover-zoom dt-pswp-item\" title=\"91025849-db8f-4737-96d6-00eb77c71cbb\" data-dt-img-description=\"\" data-large_image_width=\"1600\" data-large_image_height=\"1200\"href='https:\/\/www.radiopiu.net\/wordpress\/wp-content\/uploads\/2025\/02\/91025849-db8f-4737-96d6-00eb77c71cbb.jpg'><img loading=\"lazy\" decoding=\"async\" width=\"150\" height=\"150\" src=\"https:\/\/www.radiopiu.net\/wordpress\/wp-content\/uploads\/2025\/02\/91025849-db8f-4737-96d6-00eb77c71cbb-150x150.jpg\" class=\"attachment-thumbnail size-thumbnail\" alt=\"\" \/><\/a>\n\t\t\t\t<\/dt><\/dl><br style=\"clear: both\" \/>\n\t\t\t<\/div>\n\n<p>&nbsp;<\/p>\n<p><strong>IL VIDEO<\/strong><\/p>\n<p><iframe loading=\"lazy\" title=\"DOPOSCUOLA SCUOLE MEDIE AD AGORDO E SERVIZIO MENSA\" width=\"1200\" height=\"675\" src=\"https:\/\/www.youtube.com\/embed\/kXJYTIaOo6g?feature=oembed\" frameborder=\"0\" allow=\"accelerometer; autoplay; clipboard-write; encrypted-media; gyroscope; picture-in-picture; web-share\" referrerpolicy=\"strict-origin-when-cross-origin\" allowfullscreen><\/iframe><\/p>\n<p>&nbsp;<\/p>\n<hr \/>\n<p>&nbsp;<\/p>\n<blockquote>\n<h3>TAVOLA ROTONDA SU DIPENDENZE E RESPONSABILIT\u00c0, LA COMUNIT\u00c0 SI METTE IN GIOCO<\/h3>\n<\/blockquote>\n<p><strong>AGORDO<\/strong><\/p>\n<p><strong><a class=\"dt-pswp-item\" href=\"https:\/\/www.radiopiu.net\/wordpress\/wp-content\/uploads\/2025\/02\/Senza-nome-6.png\" data-dt-img-description=\"\" data-large_image_width=\"742\" data-large_image_height=\"339\"><img loading=\"lazy\" decoding=\"async\" class=\"size-medium wp-image-432779 alignleft\" src=\"https:\/\/www.radiopiu.net\/wordpress\/wp-content\/uploads\/2025\/02\/Senza-nome-6-300x137.png\" alt=\"\" width=\"300\" height=\"137\" srcset=\"https:\/\/www.radiopiu.net\/wordpress\/wp-content\/uploads\/2025\/02\/Senza-nome-6-300x137.png 300w, https:\/\/www.radiopiu.net\/wordpress\/wp-content\/uploads\/2025\/02\/Senza-nome-6.png 742w\" sizes=\"auto, (max-width: 300px) 100vw, 300px\" \/><\/a><\/strong> Le parrocchie di Agordo, La Valle e Taibon Agordino promuovono un incontro dedicato al tema delle dipendenze e delle responsabilit\u00e0 della comunit\u00e0, in programma il 7 febbraio 2025 alle ore 20:30 presso l\u2019Auditorium del Centro Parrocchiale \u201cV. Savio\u201d di Agordo. L\u2019evento, intitolato &#8220;Dipendenze e responsabilit\u00e0: la comunit\u00e0 si mette in gioco!&#8221;, si propone di affrontare un tema di grande rilevanza sociale, con il coinvolgimento di esperti e istituzioni. Interverranno: Dott. Alfio De Sandre, rappresentante del Ser.D di Agordo ULSS 1 Dolomiti; Dott.ssa Giulia Gallinari, direttrice della comunit\u00e0 per tossicodipendenti di Landris; Un rappresentante del Comando Provinciale dell\u2019Arma dei Carabinieri; Testimonianza di Daniela, che condivider\u00e0 la sua esperienza personale. Al termine degli interventi, ci sar\u00e0 spazio per un dibattito aperto, offrendo ai presenti l\u2019opportunit\u00e0 di porre domande e confrontarsi direttamente con gli esperti. L\u2019incontro si propone di sensibilizzare la comunit\u00e0 sul problema delle dipendenze e sulle azioni di prevenzione e supporto necessarie per affrontarlo insieme.<\/p>\n<p>&nbsp;<\/p>\n<p>&nbsp;<\/p>\n<hr \/>\n<p>&nbsp;<\/p>\n<blockquote>\n<h3><a class=\"dt-pswp-item\" href=\"https:\/\/www.radiopiu.net\/wordpress\/wp-content\/uploads\/2025\/02\/JKLAGHHLAK.jpg\" data-dt-img-description=\"\" data-large_image_width=\"1124\" data-large_image_height=\"760\"><img loading=\"lazy\" decoding=\"async\" class=\" wp-image-432993 alignleft\" src=\"https:\/\/www.radiopiu.net\/wordpress\/wp-content\/uploads\/2025\/02\/JKLAGHHLAK-300x203.jpg\" alt=\"\" width=\"232\" height=\"157\" srcset=\"https:\/\/www.radiopiu.net\/wordpress\/wp-content\/uploads\/2025\/02\/JKLAGHHLAK-300x203.jpg 300w, https:\/\/www.radiopiu.net\/wordpress\/wp-content\/uploads\/2025\/02\/JKLAGHHLAK-1024x692.jpg 1024w, https:\/\/www.radiopiu.net\/wordpress\/wp-content\/uploads\/2025\/02\/JKLAGHHLAK-768x519.jpg 768w, https:\/\/www.radiopiu.net\/wordpress\/wp-content\/uploads\/2025\/02\/JKLAGHHLAK.jpg 1124w\" sizes=\"auto, (max-width: 232px) 100vw, 232px\" \/><\/a>ALLA LIBRERIA QUATTRO SASS A RASAI IL SECONDO INCONTRO DI \u201cALPINIA\u201d<\/h3>\n<\/blockquote>\n<p><strong>SEREN DEL GRAPPA<\/strong> Venerd\u00ec 7 febbraio alle 20.30, presso la Libreria Quattro Sass a Rasai di Seren del Grappa, si terr\u00e0 il secondo incontro della serie &#8220;Alpinia&#8221; organizzata dal Centro Studi A.N.A. di Feltre. Il Tenente Colonnello Mario Renna presenter\u00e0 il suo libro sugli Alpini, ripercorrendo la loro storia dal 1872 fino alle missioni e alle sfide moderne. L\u2019opera esplora il legame tra Alpini e montagna, includendo successi sportivi e spedizioni alpinistiche. L\u2019incontro \u00e8 a ingresso libero. Renna, ufficiale esperto in comunicazione e giornalista, ha partecipato a numerose missioni internazionali con NATO e UE.<\/p>\n<p>&nbsp;<\/p>\n<p>&nbsp;<\/p>\n<hr \/>\n<p>&nbsp;<\/p>\n<blockquote>\n<h3>LA GIORNATA DELLA LINGUA MADRE<\/h3>\n<\/blockquote>\n<p><strong><a class=\"dt-pswp-item\" href=\"https:\/\/www.radiopiu.net\/wordpress\/wp-content\/uploads\/2025\/02\/busatta_celentin_de_bona.jpeg\" data-dt-img-description=\"\" data-large_image_width=\"2016\" data-large_image_height=\"1134\"><img loading=\"lazy\" decoding=\"async\" class=\" wp-image-432968 alignleft\" src=\"https:\/\/www.radiopiu.net\/wordpress\/wp-content\/uploads\/2025\/02\/busatta_celentin_de_bona-300x169.jpeg\" alt=\"\" width=\"213\" height=\"120\" srcset=\"https:\/\/www.radiopiu.net\/wordpress\/wp-content\/uploads\/2025\/02\/busatta_celentin_de_bona-300x169.jpeg 300w, https:\/\/www.radiopiu.net\/wordpress\/wp-content\/uploads\/2025\/02\/busatta_celentin_de_bona-1024x576.jpeg 1024w, https:\/\/www.radiopiu.net\/wordpress\/wp-content\/uploads\/2025\/02\/busatta_celentin_de_bona-768x432.jpeg 768w, https:\/\/www.radiopiu.net\/wordpress\/wp-content\/uploads\/2025\/02\/busatta_celentin_de_bona-1536x864.jpeg 1536w, https:\/\/www.radiopiu.net\/wordpress\/wp-content\/uploads\/2025\/02\/busatta_celentin_de_bona.jpeg 2016w\" sizes=\"auto, (max-width: 213px) 100vw, 213px\" \/><\/a>BELLUNO<\/strong> Belluno celebra la Giornata della Lingua Madre con l\u2019evento &#8220;Le lingue del cuore&#8221; il 15 febbraio, promosso da diverse associazioni per valorizzare il plurilinguismo. La giornata prevede convegni, mostre e laboratori interattivi per bambini, con il coinvolgimento di esperti e docenti. Il programma include un convegno sulla diversit\u00e0 linguistica presso l\u2019Associazione Bellunesi nel Mondo e attivit\u00e0 pomeridiane al Museo Etnografico Dolomiti. Tra le iniziative, una mostra sui richiedenti asilo e un reading poetico plurilingue. L\u2019evento mira a riscoprire il valore identitario delle lingue, favorendo il dialogo interculturale. Tutte le attivit\u00e0 sono gratuite, con prenotazione per i laboratori infantili scrivendo a <a class=\"moz-txt-link-freetext\" href=\"mailto:servizieducativi@isoipse.it\">servizieducativi@isoipse.it<\/a>.<\/p>\n<p>&nbsp;<\/p>\n<p>&nbsp;<\/p>\n<hr \/>\n<p>&nbsp;<\/p>\n<blockquote>\n<h3><a class=\"dt-pswp-item\" href=\"https:\/\/www.radiopiu.net\/wordpress\/wp-content\/uploads\/2025\/02\/SCR-20250203-rjbn.jpeg\" data-dt-img-description=\"\" data-large_image_width=\"1324\" data-large_image_height=\"994\"><img loading=\"lazy\" decoding=\"async\" class=\" wp-image-432891 alignleft\" src=\"https:\/\/www.radiopiu.net\/wordpress\/wp-content\/uploads\/2025\/02\/SCR-20250203-rjbn-300x225.jpeg\" alt=\"\" width=\"205\" height=\"154\" srcset=\"https:\/\/www.radiopiu.net\/wordpress\/wp-content\/uploads\/2025\/02\/SCR-20250203-rjbn-300x225.jpeg 300w, https:\/\/www.radiopiu.net\/wordpress\/wp-content\/uploads\/2025\/02\/SCR-20250203-rjbn-1024x769.jpeg 1024w, https:\/\/www.radiopiu.net\/wordpress\/wp-content\/uploads\/2025\/02\/SCR-20250203-rjbn-768x577.jpeg 768w, https:\/\/www.radiopiu.net\/wordpress\/wp-content\/uploads\/2025\/02\/SCR-20250203-rjbn.jpeg 1324w\" sizes=\"auto, (max-width: 205px) 100vw, 205px\" \/><\/a>STASERA A BORGO VALBELLUNA SI PARLA DI RETTILI<\/h3>\n<\/blockquote>\n<p><strong>BORGO VALBELLUNA<\/strong><\/p>\n<p>DI ROBERTO BONA<\/p>\n<audio class=\"wp-audio-shortcode\" id=\"audio-432898-13\" preload=\"none\" style=\"width: 100%;\" controls=\"controls\"><source type=\"audio\/mpeg\" src=\"https:\/\/www.radiopiu.net\/wordpress\/wp-content\/uploads\/2025\/02\/BONA-SERATA-RETTILI-MEL.mp3?_=13\" \/><a href=\"https:\/\/www.radiopiu.net\/wordpress\/wp-content\/uploads\/2025\/02\/BONA-SERATA-RETTILI-MEL.mp3\">https:\/\/www.radiopiu.net\/wordpress\/wp-content\/uploads\/2025\/02\/BONA-SERATA-RETTILI-MEL.mp3<\/a><\/audio>\n<p>&nbsp;<\/p>\n<hr \/>\n<p>&nbsp;<\/p>\n<blockquote>\n<h3>PISCINA DI BELLUNO: OGGI CAMBIANO GLI ORARI<\/h3>\n<\/blockquote>\n<p><strong>BELLUNO <\/strong>La Sportivamente Belluno desidera avvisare gli utenti che oggi la piscina aprir\u00e0 alle ore 13.15 per permettere lo svolgimento dei Campionati Studenteschi di nuoto. I corsi di ginnastica funzionale e di acqua fitness della mattina non si terranno.<\/p>\n<p>&nbsp;<\/p>\n<p>&nbsp;<\/p>\n<hr \/>\n<p>&nbsp;<\/p>\n<blockquote>\n<blockquote>\n<h3>IL GAMP RINNOVA IL DIRETTIVO<\/h3>\n<\/blockquote>\n<p><strong>AGORDO<\/strong> Il Consiglio Direttivo del GAMP convoca l&#8217;Assemblea Ordinaria dei Soci il 1\u00b0 marzo 2025 alle 17:00 ad Agordo, Sala Don Ferdinando Tamis. All&#8217;ordine del giorno: relazione sulle attivit\u00e0 2024, bilancio 2024, programma 2025, elezioni del Consiglio Direttivo e del Presidente per il biennio 2025\/27, e varie ed eventuali. Possono votare i soci in regola con la quota 2025 e iscritti almeno dal 2024. A seguire la cena con lotteria aperta a tutti, soci, parenti, amici, che si terr\u00e0 alle ore 19:30 presso il ristorante-pizzeria \u201cAgordina\u201d ad Agordo<\/p>\n<p>&nbsp;<\/p><\/blockquote>\n<p>&nbsp;<\/p>\n<div class=\"mb-2 flex gap-3 empty:hidden -ml-2\">\n<div class=\"items-center justify-start rounded-xl p-1 flex\">\n<div class=\"flex items-center\">\n<hr \/>\n<p>&nbsp;<\/p>\n<\/div>\n<\/div>\n<\/div>\n<p><strong><a class=\"dt-pswp-item\" href=\"https:\/\/www.radiopiu.net\/wordpress\/wp-content\/uploads\/2024\/11\/AMICI-MINERARI.png\" data-dt-img-description=\"\" data-large_image_width=\"209\" data-large_image_height=\"174\"><img loading=\"lazy\" decoding=\"async\" class=\" wp-image-419180 alignleft\" src=\"https:\/\/www.radiopiu.net\/wordpress\/wp-content\/uploads\/2024\/11\/AMICI-MINERARI.png\" alt=\"\" width=\"168\" height=\"140\" \/><\/a>&#8220;Con gli Amici dei Minerari: Serate d&#8217;Inverno \u2013 un viaggio tra storia, scienza e meraviglie. Incontri presso la Sala con Tamis. Non mancare!&#8221;<\/strong><\/p>\n<ul>\n<li><em>Venerd\u00ec 21 febbraio, ore 20:30<\/em>: &#8220;Il traforo del Brennero: studio, progettazione e realizzazione&#8221; \u2013 Relatori Vittorio Fenti e Mario Guadagnini.<\/li>\n<\/ul>\n<p><strong>Vivi la cultura e la passione per la montagna!<\/strong><\/p>\n<p>&nbsp;<\/p>\n<hr \/>\n<p>&nbsp;<\/p>\n<blockquote>\n<h3><strong>Grigory Sokolov torna a Belluno: recital al Teatro Dino Buzzati<\/strong><\/h3>\n<\/blockquote>\n<p><strong>BELLUNO<\/strong> Venerd\u00ec\u00a0 alle 20:30 Grigory Sokolov torna a incantare il pubblico bellunese con un recital al Teatro Dino Buzzati. Considerato uno dei pi\u00f9 grandi pianisti viventi, proporr\u00e0 un programma che include William Byrd E \u00a0Johannes Brahms. Maggiori dettagli sulla 72\u00aa Stagione 2025 su belcircolo.org.<\/p>\n<p>&nbsp;<\/p>\n<hr \/>\n<p>&nbsp;<\/p>\n<blockquote>\n<h2><a class=\"dt-pswp-item\" href=\"https:\/\/www.radiopiu.net\/wordpress\/wp-content\/uploads\/2024\/01\/Foto-Carnevale_0001-9-scaled.jpg\" data-dt-img-description=\"\" data-large_image_width=\"1825\" data-large_image_height=\"2560\"><img loading=\"lazy\" decoding=\"async\" class=\"wp-image-371954 alignleft\" src=\"https:\/\/www.radiopiu.net\/wordpress\/wp-content\/uploads\/2024\/01\/Foto-Carnevale_0001-9-214x300.jpg\" alt=\"\" width=\"85\" height=\"119\" srcset=\"https:\/\/www.radiopiu.net\/wordpress\/wp-content\/uploads\/2024\/01\/Foto-Carnevale_0001-9-214x300.jpg 214w, https:\/\/www.radiopiu.net\/wordpress\/wp-content\/uploads\/2024\/01\/Foto-Carnevale_0001-9-730x1024.jpg 730w, https:\/\/www.radiopiu.net\/wordpress\/wp-content\/uploads\/2024\/01\/Foto-Carnevale_0001-9-768x1078.jpg 768w, https:\/\/www.radiopiu.net\/wordpress\/wp-content\/uploads\/2024\/01\/Foto-Carnevale_0001-9-1095x1536.jpg 1095w, https:\/\/www.radiopiu.net\/wordpress\/wp-content\/uploads\/2024\/01\/Foto-Carnevale_0001-9-1460x2048.jpg 1460w, https:\/\/www.radiopiu.net\/wordpress\/wp-content\/uploads\/2024\/01\/Foto-Carnevale_0001-9-scaled.jpg 1825w\" sizes=\"auto, (max-width: 85px) 100vw, 85px\" \/><\/a>APPUNTAMENTI COL CARNEVALE<\/h2>\n<\/blockquote>\n<p>Ritorna carnevai de la vai, mascherate tradizionali delle dolomiti agordine.\u00a0 I prossimi appuntamenti: 22 febbraio LASTE DI ROCCA PIETORE, 23 febbraio a Rivamonte Agordino, 1 Marzo Sottoguda di Rocca Pietore, e 2 marzo a CANALE D&#8217;AGORDO aspettiamo anche te, con la tua maschera, tradizionale o di fantasia<\/p>\n<p>&nbsp;<\/p>\n<p>&nbsp;<\/p>\n<hr \/>\n<p>&nbsp;<\/p>\n<div class=\"flex-shrink-0 flex flex-col relative items-end\">\n<div>\n<div class=\"pt-0\">\n<div class=\"gizmo-bot-avatar flex h-8 w-8 items-center justify-center overflow-hidden rounded-full\">\n<div class=\"relative p-1 rounded-sm flex items-center justify-center bg-token-main-surface-primary text-token-text-primary h-8 w-8\"><\/div>\n<\/div>\n<\/div>\n<\/div>\n<\/div>\n<div class=\"group\/conversation-turn relative flex w-full min-w-0 flex-col agent-turn\">\n<div class=\"flex-col gap-1 md:gap-3\">\n<div class=\"flex max-w-full flex-col flex-grow\">\n<div class=\"min-h-8 text-message flex w-full flex-col items-end gap-2 whitespace-normal break-words text-start [.text-message+&amp;]:mt-5\" dir=\"auto\" data-message-author-role=\"assistant\" data-message-id=\"94dc06cb-667d-4e7b-8d2f-fcbd1dcd5f3d\" data-message-model-slug=\"gpt-4o\">\n<div class=\"flex w-full flex-col gap-1 empty:hidden first:pt-[3px]\">\n<div class=\"markdown prose w-full break-words dark:prose-invert dark\">\n<blockquote><p><strong><a href=\"https:\/\/www.radiopiu.net\/wordpress\/wp-content\/uploads\/2025\/02\/niwp0cpy-scaled.bmp\"><img loading=\"lazy\" decoding=\"async\" class=\" wp-image-432740 alignleft\" src=\"https:\/\/www.radiopiu.net\/wordpress\/wp-content\/uploads\/2025\/02\/niwp0cpy-300x227.jpg\" alt=\"\" width=\"248\" height=\"188\" srcset=\"https:\/\/www.radiopiu.net\/wordpress\/wp-content\/uploads\/2025\/02\/niwp0cpy-300x227.jpg 300w, https:\/\/www.radiopiu.net\/wordpress\/wp-content\/uploads\/2025\/02\/niwp0cpy-1024x776.jpg 1024w, https:\/\/www.radiopiu.net\/wordpress\/wp-content\/uploads\/2025\/02\/niwp0cpy-768x582.jpg 768w, https:\/\/www.radiopiu.net\/wordpress\/wp-content\/uploads\/2025\/02\/niwp0cpy-1536x1163.jpg 1536w, https:\/\/www.radiopiu.net\/wordpress\/wp-content\/uploads\/2025\/02\/niwp0cpy-2048x1551.jpg 2048w\" sizes=\"auto, (max-width: 248px) 100vw, 248px\" \/><\/a>Daniele Matterazzo torna a &#8220;Camminando&#8221; per raccontare il suo viaggio di rinascita<\/strong><\/p><\/blockquote>\n<p><strong>BORGO VALBELLUNA<\/strong> Venerd\u00ec 7 febbraio, alle 20:45 nella Sala San Felice di Trichiana, torna Daniele Matterazzo, giovane esploratore e testimone di resilienza. Dopo un grave incidente a 15 anni, ha trovato nel cammino una terapia per l\u2019anima, trasformando il dolore in forza. Dal Cammino di Santiago alla Groenlandia, ha affrontato sfide estreme, dimostrando come lo sport possa essere uno strumento di riscatto. Il giorno successivo incontrer\u00e0 gli studenti nell\u2019ambito del progetto &#8220;Integralmente cultura e sport&#8221;, condividendo il suo messaggio di coraggio e determinazione. Un esempio di come superare i limiti e trasformare le difficolt\u00e0 in opportunit\u00e0 di crescita.<\/p>\n<\/div>\n<\/div>\n<\/div>\n<\/div>\n<\/div>\n<\/div>\n<p>&nbsp;<\/p>\n<p>&nbsp;<\/p>\n<hr \/>\n<p>&nbsp;<\/p>\n<p>&nbsp;<\/p>\n<h1 style=\"text-align: center;\">LA FESTA STUDENTESCA<\/h1>\n<p><a class=\"dt-pswp-item\" href=\"https:\/\/www.radiopiu.net\/wordpress\/wp-content\/uploads\/2025\/01\/98c08a82-572c-4113-bead-264f62e1626a-scaled.jpg\" data-dt-img-description=\"\" data-large_image_width=\"1810\" data-large_image_height=\"2560\"><img loading=\"lazy\" decoding=\"async\" class=\"size-medium wp-image-432012 aligncenter\" src=\"https:\/\/www.radiopiu.net\/wordpress\/wp-content\/uploads\/2025\/01\/98c08a82-572c-4113-bead-264f62e1626a-212x300.jpg\" alt=\"\" width=\"212\" height=\"300\" srcset=\"https:\/\/www.radiopiu.net\/wordpress\/wp-content\/uploads\/2025\/01\/98c08a82-572c-4113-bead-264f62e1626a-212x300.jpg 212w, https:\/\/www.radiopiu.net\/wordpress\/wp-content\/uploads\/2025\/01\/98c08a82-572c-4113-bead-264f62e1626a-724x1024.jpg 724w, https:\/\/www.radiopiu.net\/wordpress\/wp-content\/uploads\/2025\/01\/98c08a82-572c-4113-bead-264f62e1626a-768x1086.jpg 768w, https:\/\/www.radiopiu.net\/wordpress\/wp-content\/uploads\/2025\/01\/98c08a82-572c-4113-bead-264f62e1626a-1086x1536.jpg 1086w, https:\/\/www.radiopiu.net\/wordpress\/wp-content\/uploads\/2025\/01\/98c08a82-572c-4113-bead-264f62e1626a-1448x2048.jpg 1448w, https:\/\/www.radiopiu.net\/wordpress\/wp-content\/uploads\/2025\/01\/98c08a82-572c-4113-bead-264f62e1626a-scaled.jpg 1810w\" sizes=\"auto, (max-width: 212px) 100vw, 212px\" \/><\/a><\/p>\n<p>&nbsp;<\/p>\n<p><strong>FALCADE<\/strong> Paradise Lost&#8230;ritorno alle origini 7-8 febbraio, al Palafalcade venerdi 7 febbraio dalle 15 torneo di briscola e beer pong, alle 18 estrazione lotteria e dalle 21 ballo liscio con Dino e la nuova stagione. Sabato 8 febbraio dalle 15.30 apre ski con dj set, dalle 21 party con Komoro 7-8 febbraio, Palafalcadef, la festa studentesca, con la quinta liceo sportivo di Agordo<\/p>\n<p>&nbsp;<\/p>\n<p>&nbsp;<\/p>\n<p>&nbsp;<\/p>\n<p>&nbsp;<\/p>\n<hr \/>\n<p><strong><a class=\"dt-pswp-item\" href=\"https:\/\/www.radiopiu.net\/wordpress\/wp-content\/uploads\/2025\/01\/d8ab62da-aba7-455c-8632-184910af88dc.jpg\" data-dt-img-description=\"\" data-large_image_width=\"1134\" data-large_image_height=\"1600\"><img loading=\"lazy\" decoding=\"async\" class=\"wp-image-431685 alignleft\" src=\"https:\/\/www.radiopiu.net\/wordpress\/wp-content\/uploads\/2025\/01\/d8ab62da-aba7-455c-8632-184910af88dc-213x300.jpg\" alt=\"\" width=\"142\" height=\"200\" srcset=\"https:\/\/www.radiopiu.net\/wordpress\/wp-content\/uploads\/2025\/01\/d8ab62da-aba7-455c-8632-184910af88dc-213x300.jpg 213w, https:\/\/www.radiopiu.net\/wordpress\/wp-content\/uploads\/2025\/01\/d8ab62da-aba7-455c-8632-184910af88dc-726x1024.jpg 726w, https:\/\/www.radiopiu.net\/wordpress\/wp-content\/uploads\/2025\/01\/d8ab62da-aba7-455c-8632-184910af88dc-768x1084.jpg 768w, https:\/\/www.radiopiu.net\/wordpress\/wp-content\/uploads\/2025\/01\/d8ab62da-aba7-455c-8632-184910af88dc-1089x1536.jpg 1089w, https:\/\/www.radiopiu.net\/wordpress\/wp-content\/uploads\/2025\/01\/d8ab62da-aba7-455c-8632-184910af88dc.jpg 1134w\" sizes=\"auto, (max-width: 142px) 100vw, 142px\" \/><\/a>La famiglia ex emigranti dell&#8217;agordino ti invita al gran ballo di San Valentino<\/strong><\/p>\n<p>Venerdi 14 febbraio al Nof Filo&#8217; di Cencenighe&#8230;<br \/>\nPer l&#8217;ultima volta, gli ultimi balli prima della ristrutturazione della storica e gloriosa sala.<br \/>\nDalle 21&#8230; con la musica degli ORO PURO&#8230;all other music<br \/>\nBiglietto ridotto per i coscritti del 2005, 1985, 1965 e 1945 dell&#8217;Agordino<\/p>\n<p>Gran Ballo di San Valentino, venerdi 14 febbraio&#8230; nof filo&#8217;&#8230;. cencenighe<\/p>\n<p>&nbsp;<\/p>\n<p>&nbsp;<\/p>\n<p>&nbsp;<\/p>\n<p>&nbsp;<\/p>\n<hr \/>\n<p>&nbsp;<\/p>\n<p><strong><a class=\"dt-pswp-item\" href=\"https:\/\/www.radiopiu.net\/wordpress\/wp-content\/uploads\/2025\/01\/f3df1628-8254-4b99-80ee-8393db63af21.jpg\" data-dt-img-description=\"\" data-large_image_width=\"1446\" data-large_image_height=\"2048\"><img loading=\"lazy\" decoding=\"async\" class=\"size-medium wp-image-431684 alignleft\" src=\"https:\/\/www.radiopiu.net\/wordpress\/wp-content\/uploads\/2025\/01\/f3df1628-8254-4b99-80ee-8393db63af21-212x300.jpg\" alt=\"\" width=\"212\" height=\"300\" srcset=\"https:\/\/www.radiopiu.net\/wordpress\/wp-content\/uploads\/2025\/01\/f3df1628-8254-4b99-80ee-8393db63af21-212x300.jpg 212w, https:\/\/www.radiopiu.net\/wordpress\/wp-content\/uploads\/2025\/01\/f3df1628-8254-4b99-80ee-8393db63af21-723x1024.jpg 723w, https:\/\/www.radiopiu.net\/wordpress\/wp-content\/uploads\/2025\/01\/f3df1628-8254-4b99-80ee-8393db63af21-768x1088.jpg 768w, https:\/\/www.radiopiu.net\/wordpress\/wp-content\/uploads\/2025\/01\/f3df1628-8254-4b99-80ee-8393db63af21-1085x1536.jpg 1085w, https:\/\/www.radiopiu.net\/wordpress\/wp-content\/uploads\/2025\/01\/f3df1628-8254-4b99-80ee-8393db63af21.jpg 1446w\" sizes=\"auto, (max-width: 212px) 100vw, 212px\" \/><\/a>NOF FILO&#8217;&#8230; The last night.<\/strong><br \/>\nRivivi in una notte 40 anni di musica dance.\u00a0 Ottanta voglia di dance&#8230; e la paura fa Novanta<br \/>\nLE ROCCE: Moreno Tocchetto, Dj Fabio Lazzarini, Dj Morgan e Battaglia<br \/>\ncocktail lounge by Oh per Bacco WIne<br \/>\nConsumazione gratuita con dress code winter, vintage anni ottanta e novanta<br \/>\nIngresso libero e servizio &#8220;taxy Thomas&#8221;<br \/>\nIn diretta su RADIOPIU<\/p>\n<p>con il sostegno di Mobilificio Collarin Emozioni in legno, qualit\u00e0 artigianale per arredare i tuoi spazi. Concessionario Cucine Scavolini, \u00a0 arredamenti, mobili e finiture su misura nel caratteristico stile di montagna come con l\u2019abete massiccio. Progettazione, arredamento di montagna e moderno per il giorno e per la notte. A\u00a0 Cencenighe in via xx settembre<\/p>\n<p>&nbsp;<\/p>\n<p>&nbsp;<\/p>\n<p>&nbsp;<\/p>\n<hr \/>\n<p>&nbsp;<\/p>\n<blockquote>\n<h3>L&#8217;ARTE PER SENSIBILIZZARE LA STOMIA<\/h3>\n<\/blockquote>\n<p><strong><a class=\"dt-pswp-item\" href=\"https:\/\/www.radiopiu.net\/wordpress\/wp-content\/uploads\/2025\/02\/Ais-Dolomiti-il-gruppo.jpg\" data-dt-img-description=\"\" data-large_image_width=\"1024\" data-large_image_height=\"610\"><img loading=\"lazy\" decoding=\"async\" class=\" wp-image-432499 alignleft\" src=\"https:\/\/www.radiopiu.net\/wordpress\/wp-content\/uploads\/2025\/02\/Ais-Dolomiti-il-gruppo-300x179.jpg\" alt=\"\" width=\"208\" height=\"124\" srcset=\"https:\/\/www.radiopiu.net\/wordpress\/wp-content\/uploads\/2025\/02\/Ais-Dolomiti-il-gruppo-300x179.jpg 300w, https:\/\/www.radiopiu.net\/wordpress\/wp-content\/uploads\/2025\/02\/Ais-Dolomiti-il-gruppo-768x458.jpg 768w, https:\/\/www.radiopiu.net\/wordpress\/wp-content\/uploads\/2025\/02\/Ais-Dolomiti-il-gruppo.jpg 1024w\" sizes=\"auto, (max-width: 208px) 100vw, 208px\" \/><\/a>BELLUNO <\/strong>Il progetto di comunicazione sociale <em>\u201cSiamo un\u2019Opera d\u2019Arte\u201d<\/em> utilizza la visual art per raffigurare capolavori come la <em>Venere<\/em> di Botticelli o il <em>Perseo<\/em> di Cellini con presidi per incontinenza e stomia. La mostra, promossa dall\u2019Associazione AIS Dolomiti Belluno Odv in collaborazione con FAIS e AISVE Veneto, mira a rompere tab\u00f9 su un tema delicato. L\u2019esposizione sar\u00e0 ospitata negli ospedali della provincia di Belluno: <strong>Belluno<\/strong> (6 febbraio), <strong>Feltre<\/strong> (26 febbraio), <strong>Pieve di Cadore<\/strong> (5 marzo), <strong>Agordo<\/strong> (3 aprile). Con oltre 75.000 persone stomizzate in Italia e pi\u00f9 di 4.500 nella sola provincia di Belluno, l\u2019iniziativa vuole informare e supportare i pazienti e le loro famiglie. Dal 2018, AIS Dolomiti Belluno lavora per migliorare la qualit\u00e0 della vita dei pazienti con servizi di supporto e nuovi ambulatori sul territorio.<\/p>\n<p>&nbsp;<\/p>\n<p>&nbsp;<\/p>\n<hr \/>\n<p>&nbsp;<\/p>\n<blockquote>\n<h3><a class=\"dt-pswp-item\" href=\"https:\/\/www.radiopiu.net\/wordpress\/wp-content\/uploads\/2025\/02\/Lo-zoo-di-vetro-DABBRACCIO-MIRRA-2-ph-Michele-Crosera.jpg\" data-dt-img-description=\"\" data-large_image_width=\"1669\" data-large_image_height=\"2153\"><img loading=\"lazy\" decoding=\"async\" class=\" wp-image-432498 alignleft\" src=\"https:\/\/www.radiopiu.net\/wordpress\/wp-content\/uploads\/2025\/02\/Lo-zoo-di-vetro-DABBRACCIO-MIRRA-2-ph-Michele-Crosera-233x300.jpg\" alt=\"\" width=\"127\" height=\"164\" srcset=\"https:\/\/www.radiopiu.net\/wordpress\/wp-content\/uploads\/2025\/02\/Lo-zoo-di-vetro-DABBRACCIO-MIRRA-2-ph-Michele-Crosera-233x300.jpg 233w, https:\/\/www.radiopiu.net\/wordpress\/wp-content\/uploads\/2025\/02\/Lo-zoo-di-vetro-DABBRACCIO-MIRRA-2-ph-Michele-Crosera-794x1024.jpg 794w, https:\/\/www.radiopiu.net\/wordpress\/wp-content\/uploads\/2025\/02\/Lo-zoo-di-vetro-DABBRACCIO-MIRRA-2-ph-Michele-Crosera-768x991.jpg 768w, https:\/\/www.radiopiu.net\/wordpress\/wp-content\/uploads\/2025\/02\/Lo-zoo-di-vetro-DABBRACCIO-MIRRA-2-ph-Michele-Crosera-1191x1536.jpg 1191w, https:\/\/www.radiopiu.net\/wordpress\/wp-content\/uploads\/2025\/02\/Lo-zoo-di-vetro-DABBRACCIO-MIRRA-2-ph-Michele-Crosera-1588x2048.jpg 1588w, https:\/\/www.radiopiu.net\/wordpress\/wp-content\/uploads\/2025\/02\/Lo-zoo-di-vetro-DABBRACCIO-MIRRA-2-ph-Michele-Crosera.jpg 1669w\" sizes=\"auto, (max-width: 127px) 100vw, 127px\" \/><\/a>LO ZOO DI VETRO AL TEATRO DINO BUZZATI DI BELLUNO<\/h3>\n<\/blockquote>\n<p><strong>BELLUNO<\/strong> Domenica 9 febbraio alle 20.45, al Teatro Dino Buzzati di Belluno, andr\u00e0 in scena <em>Lo zoo di vetro<\/em> di Tennessee Williams, nell\u2019ambito della 48\u00b0 Stagione di Prosa. Diretto da Pier Luigi Pizzi, con una straordinaria Mariangela D\u2019Abbraccio, lo spettacolo racconta la fragile esistenza della famiglia Wingfield tra sogni, illusioni e rimorsi. La storia della timida Laura, di suo fratello Tom e della madre Amanda tocca profondamente il pubblico, che si riconosce nelle loro emozioni. I biglietti sono acquistabili online, mentre il botteghino aprir\u00e0 alle 19.30 la sera dello spettacolo.<\/p>\n<p>&nbsp;<\/p>\n<p>&nbsp;<\/p>\n<hr \/>\n<p>&nbsp;<\/p>\n<h1><span style=\"color: #ff6600;\">IERI ALLA RADIO<\/span><\/h1>\n<h2><span style=\"color: #ff99cc;\">&#8220;DINTORN E FORA VIA&#8221;\u00a0 IL PROGRAMMA\u00a0 A CURA DEL MUSLA<\/span><\/h2>\n<p><strong><a class=\"dt-pswp-item\" href=\"https:\/\/www.radiopiu.net\/wordpress\/wp-content\/uploads\/2023\/08\/GIORNALI.jpg\" data-dt-img-description=\"\" data-large_image_width=\"1280\" data-large_image_height=\"853\"><img loading=\"lazy\" decoding=\"async\" class=\" wp-image-350810 alignleft\" src=\"https:\/\/www.radiopiu.net\/wordpress\/wp-content\/uploads\/2023\/08\/GIORNALI-300x200.jpg\" alt=\"\" width=\"167\" height=\"111\" srcset=\"https:\/\/www.radiopiu.net\/wordpress\/wp-content\/uploads\/2023\/08\/GIORNALI-300x200.jpg 300w, https:\/\/www.radiopiu.net\/wordpress\/wp-content\/uploads\/2023\/08\/GIORNALI-1024x682.jpg 1024w, https:\/\/www.radiopiu.net\/wordpress\/wp-content\/uploads\/2023\/08\/GIORNALI-768x512.jpg 768w, https:\/\/www.radiopiu.net\/wordpress\/wp-content\/uploads\/2023\/08\/GIORNALI.jpg 1280w\" sizes=\"auto, (max-width: 167px) 100vw, 167px\" \/><\/a>PUNTATA DEL 04 FEBBRAIO 2025 <span style=\"color: #ff0000;\"><span style=\"color: #000000;\">LORENZO DE VALLIER<\/span><\/span><\/strong><\/p>\n<audio class=\"wp-audio-shortcode\" id=\"audio-432898-14\" preload=\"none\" style=\"width: 100%;\" controls=\"controls\"><source type=\"audio\/mpeg\" src=\"https:\/\/www.radiopiu.net\/wordpress\/wp-content\/uploads\/2025\/02\/MUSLA.mp3?_=14\" \/><a href=\"https:\/\/www.radiopiu.net\/wordpress\/wp-content\/uploads\/2025\/02\/MUSLA.mp3\">https:\/\/www.radiopiu.net\/wordpress\/wp-content\/uploads\/2025\/02\/MUSLA.mp3<\/a><\/audio>\n<p>&nbsp;<\/p>\n<p><strong>LA RACCOLTA COMPLETA <a href=\"https:\/\/www.radiopiu.net\/wordpress\/musla\/\"><span style=\"color: #3366ff;\">CLICCA QUI<\/span><\/a><\/strong><\/p>\n<p>&nbsp;<\/p>\n<hr \/>\n<p>&nbsp;<\/p>\n<h2><span style=\"color: #800080;\">DI MARTEDI&#8230; POMERIGGIO CON LUISA ALCHINI<\/span><\/h2>\n<p><span style=\"color: #ff0000;\"><strong><a class=\"dt-pswp-item\" href=\"https:\/\/www.radiopiu.net\/wordpress\/wp-content\/uploads\/2025\/02\/dc21b3e0-aa12-4d2a-98d4-230a5abe0903.jpg\" data-dt-img-description=\"\" data-large_image_width=\"1080\" data-large_image_height=\"1110\"><img loading=\"lazy\" decoding=\"async\" class=\" wp-image-432747 alignleft\" src=\"https:\/\/www.radiopiu.net\/wordpress\/wp-content\/uploads\/2025\/02\/dc21b3e0-aa12-4d2a-98d4-230a5abe0903-292x300.jpg\" alt=\"\" width=\"167\" height=\"172\" srcset=\"https:\/\/www.radiopiu.net\/wordpress\/wp-content\/uploads\/2025\/02\/dc21b3e0-aa12-4d2a-98d4-230a5abe0903-292x300.jpg 292w, https:\/\/www.radiopiu.net\/wordpress\/wp-content\/uploads\/2025\/02\/dc21b3e0-aa12-4d2a-98d4-230a5abe0903-996x1024.jpg 996w, https:\/\/www.radiopiu.net\/wordpress\/wp-content\/uploads\/2025\/02\/dc21b3e0-aa12-4d2a-98d4-230a5abe0903-768x789.jpg 768w, https:\/\/www.radiopiu.net\/wordpress\/wp-content\/uploads\/2025\/02\/dc21b3e0-aa12-4d2a-98d4-230a5abe0903.jpg 1080w\" sizes=\"auto, (max-width: 167px) 100vw, 167px\" \/><\/a>PUNTATA 30 PARTE UNO &#8211; MARCO FARINELLA<\/strong><\/span><\/p>\n<audio class=\"wp-audio-shortcode\" id=\"audio-432898-15\" preload=\"none\" style=\"width: 100%;\" controls=\"controls\"><source type=\"audio\/mpeg\" src=\"https:\/\/www.radiopiu.net\/wordpress\/wp-content\/uploads\/2025\/01\/LP1-4.mp3?_=15\" \/><a href=\"https:\/\/www.radiopiu.net\/wordpress\/wp-content\/uploads\/2025\/01\/LP1-4.mp3\">https:\/\/www.radiopiu.net\/wordpress\/wp-content\/uploads\/2025\/01\/LP1-4.mp3<\/a><\/audio>\n<p><span style=\"color: #ff0000;\"><strong>\u00a0<\/strong><\/span><\/p>\n<p><span style=\"color: #ff0000;\"><strong>PARTE DUE<\/strong><\/span><\/p>\n<audio class=\"wp-audio-shortcode\" id=\"audio-432898-16\" preload=\"none\" style=\"width: 100%;\" controls=\"controls\"><source type=\"audio\/mpeg\" src=\"https:\/\/www.radiopiu.net\/wordpress\/wp-content\/uploads\/2025\/01\/LP2-4.mp3?_=16\" \/><a href=\"https:\/\/www.radiopiu.net\/wordpress\/wp-content\/uploads\/2025\/01\/LP2-4.mp3\">https:\/\/www.radiopiu.net\/wordpress\/wp-content\/uploads\/2025\/01\/LP2-4.mp3<\/a><\/audio>\n<p>&nbsp;<\/p>\n<p><strong>LA RACCOLTA COMPLETA <a href=\"https:\/\/www.radiopiu.net\/wordpress\/lmt30\/\"><span style=\"color: #3366ff;\">CLICCA QUI<\/span><\/a><\/strong><\/p>\n<p>&nbsp;<\/p>\n<hr \/>\n<p>&nbsp;<\/p>\n<blockquote class=\"wp-embedded-content\" data-secret=\"wkg4duCskZ\"><p><a href=\"https:\/\/www.radiopiu.net\/wordpress\/archivio-giuliano-laveder-la-ragazzina-di-cencenighe-a-casa-di-paolo-e-maria\/\">ARCHIVIO GIULIANO LAVEDER&#8230;LA RAGAZZINA DI CENCENIGHE A CASA DI PAOLO E MARIA<\/a><\/p><\/blockquote>\n<p><iframe loading=\"lazy\" class=\"wp-embedded-content\" sandbox=\"allow-scripts\" security=\"restricted\" style=\"position: absolute; visibility: hidden;\" title=\"&#8220;ARCHIVIO GIULIANO LAVEDER&#8230;LA RAGAZZINA DI CENCENIGHE A CASA DI PAOLO E MARIA&#8221; &#8212; Radio Pi\u00f9\" src=\"https:\/\/www.radiopiu.net\/wordpress\/archivio-giuliano-laveder-la-ragazzina-di-cencenighe-a-casa-di-paolo-e-maria\/embed\/#?secret=8U2wLus5uQ#?secret=wkg4duCskZ\" data-secret=\"wkg4duCskZ\" width=\"600\" height=\"338\" frameborder=\"0\" marginwidth=\"0\" marginheight=\"0\" scrolling=\"no\"><\/iframe><\/p>\n<p>&nbsp;<\/p>\n<hr \/>\n<p>&nbsp;<\/p>\n<h2><span style=\"color: #ff0000;\"><a class=\"dt-pswp-item\" href=\"https:\/\/www.radiopiu.net\/wordpress\/wp-content\/uploads\/2018\/09\/appuntamenti.jpeg\" data-dt-img-description=\"\" data-large_image_width=\"800\" data-large_image_height=\"100\"><img loading=\"lazy\" decoding=\"async\" class=\"wp-image-61958 size-full aligncenter\" src=\"https:\/\/www.radiopiu.net\/wordpress\/wp-content\/uploads\/2018\/09\/appuntamenti.jpeg\" alt=\"\" width=\"800\" height=\"100\" srcset=\"https:\/\/www.radiopiu.net\/wordpress\/wp-content\/uploads\/2018\/09\/appuntamenti.jpeg 800w, https:\/\/www.radiopiu.net\/wordpress\/wp-content\/uploads\/2018\/09\/appuntamenti-300x38.jpeg 300w, https:\/\/www.radiopiu.net\/wordpress\/wp-content\/uploads\/2018\/09\/appuntamenti-768x96.jpeg 768w\" sizes=\"auto, (max-width: 800px) 100vw, 800px\" \/><\/a><\/span><\/h2>\n<div dir=\"auto\"><\/div>\n<div class=\"xdj266r x11i5rnm xat24cr x1mh8g0r x1vvkbs x126k92a\">\n<div dir=\"auto\"><\/div>\n<\/div>\n<div>\n<div class=\"\" dir=\"auto\">\n<div id=\":r9h:\" class=\"x1iorvi4 x1pi30zi x1l90r2v x1swvt13\" data-ad-comet-preview=\"message\" data-ad-preview=\"message\">\n<div>\n<div class=\"\" dir=\"auto\">\n<div id=\":r9h:\" class=\"x1iorvi4 x1pi30zi x1l90r2v x1swvt13\" data-ad-comet-preview=\"message\" data-ad-preview=\"message\">\n<div class=\"xdj266r x11i5rnm xat24cr x1mh8g0r x1vvkbs x126k92a\">\n<div dir=\"auto\"><\/div>\n<\/div>\n<div>\n<div class=\"\" dir=\"auto\">\n<div id=\":r9h:\" class=\"x1iorvi4 x1pi30zi x1l90r2v x1swvt13\" data-ad-comet-preview=\"message\" data-ad-preview=\"message\">\n<div>\n<div class=\"\" dir=\"auto\">\n<div id=\":r9h:\" class=\"x1iorvi4 x1pi30zi x1l90r2v x1swvt13\" data-ad-comet-preview=\"message\" data-ad-preview=\"message\">\n<div dir=\"auto\"><\/div>\n<div class=\"xdj266r x11i5rnm xat24cr x1mh8g0r x1vvkbs x126k92a\">\n<div dir=\"auto\"><\/div>\n<\/div>\n<div>\n<div class=\"\" dir=\"auto\">\n<div id=\":r9h:\" class=\"x1iorvi4 x1pi30zi x1l90r2v x1swvt13\" data-ad-comet-preview=\"message\" data-ad-preview=\"message\">\n<div>\n<div class=\"\" dir=\"auto\">\n<div id=\":r9h:\" class=\"x1iorvi4 x1pi30zi x1l90r2v x1swvt13\" data-ad-comet-preview=\"message\" data-ad-preview=\"message\">\n<div class=\"xdj266r x11i5rnm xat24cr x1mh8g0r x1vvkbs x126k92a\">\n<div dir=\"auto\"><\/div>\n<\/div>\n<div>\n<div class=\"\" dir=\"auto\">\n<div id=\":r9h:\" class=\"x1iorvi4 x1pi30zi x1l90r2v x1swvt13\" data-ad-comet-preview=\"message\" data-ad-preview=\"message\">\n<div>\n<div class=\"\" dir=\"auto\">\n<div id=\":r9h:\" class=\"x1iorvi4 x1pi30zi x1l90r2v x1swvt13\" data-ad-comet-preview=\"message\" data-ad-preview=\"message\">\n\n\t\t\t<style type='text\/css'>\n\t\t\t\t#gallery-4 {\n\t\t\t\t\tmargin: auto;\n\t\t\t\t}\n\t\t\t\t#gallery-4 .gallery-item {\n\t\t\t\t\tfloat: left;\n\t\t\t\t\tmargin-top: 10px;\n\t\t\t\t\ttext-align: center;\n\t\t\t\t\twidth: 25%;\n\t\t\t\t}\n\t\t\t\t#gallery-4 img {\n\t\t\t\t\tborder: 2px solid #cfcfcf;\n\t\t\t\t}\n\t\t\t\t#gallery-4 .gallery-caption {\n\t\t\t\t\tmargin-left: 0;\n\t\t\t\t}\n\t\t\t\t\/* see gallery_shortcode() in wp-includes\/media.php *\/\n\t\t\t<\/style>\n\t\t<div id='gallery-4' class='dt-gallery-container gallery galleryid-432898 gallery-columns-4 gallery-size-thumbnail'><dl class='gallery-item'>\n\t\t\t\t<dt class='gallery-icon portrait'>\n\t\t\t\t\t<a class=\"rollover rollover-zoom dt-pswp-item\" title=\"manifesto serate invernali\" data-dt-img-description=\"\" data-large_image_width=\"1683\" data-large_image_height=\"2383\"href='https:\/\/www.radiopiu.net\/wordpress\/wp-content\/uploads\/2024\/11\/manifesto-serate-invernali.jpg'><img loading=\"lazy\" decoding=\"async\" width=\"150\" height=\"150\" src=\"https:\/\/www.radiopiu.net\/wordpress\/wp-content\/uploads\/2024\/11\/manifesto-serate-invernali-150x150.jpg\" class=\"attachment-thumbnail size-thumbnail\" alt=\"\" aria-describedby=\"gallery-4-418816\" \/><\/a>\n\t\t\t\t<\/dt>\n\t\t\t\t\t<dd class='wp-caption-text gallery-caption' id='gallery-4-418816'>\n\t\t\t\t\t21 FEBBRAIO\n\t\t\t\t\t<\/dd><\/dl><dl class='gallery-item'>\n\t\t\t\t<dt class='gallery-icon portrait'>\n\t\t\t\t\t<a class=\"rollover rollover-zoom dt-pswp-item\" title=\"921dc2b9-84ff-433f-bdf0-12b966e4d28c\" data-dt-img-description=\"\" data-large_image_width=\"1132\" data-large_image_height=\"1600\"href='https:\/\/www.radiopiu.net\/wordpress\/wp-content\/uploads\/2025\/01\/921dc2b9-84ff-433f-bdf0-12b966e4d28c.jpg'><img loading=\"lazy\" decoding=\"async\" width=\"150\" height=\"150\" src=\"https:\/\/www.radiopiu.net\/wordpress\/wp-content\/uploads\/2025\/01\/921dc2b9-84ff-433f-bdf0-12b966e4d28c-150x150.jpg\" class=\"attachment-thumbnail size-thumbnail\" alt=\"\" aria-describedby=\"gallery-4-430056\" \/><\/a>\n\t\t\t\t<\/dt>\n\t\t\t\t\t<dd class='wp-caption-text gallery-caption' id='gallery-4-430056'>\n\t\t\t\t\tLA CENA ALLA REVERSA\n\t\t\t\t\t<\/dd><\/dl><dl class='gallery-item'>\n\t\t\t\t<dt class='gallery-icon portrait'>\n\t\t\t\t\t<a class=\"rollover rollover-zoom dt-pswp-item\" title=\"e353010f-a09e-439a-aa68-6e7aaf93fc09\" data-dt-img-description=\"\" data-large_image_width=\"1146\" data-large_image_height=\"1600\"href='https:\/\/www.radiopiu.net\/wordpress\/wp-content\/uploads\/2025\/01\/e353010f-a09e-439a-aa68-6e7aaf93fc09.jpg'><img loading=\"lazy\" decoding=\"async\" width=\"150\" height=\"150\" src=\"https:\/\/www.radiopiu.net\/wordpress\/wp-content\/uploads\/2025\/01\/e353010f-a09e-439a-aa68-6e7aaf93fc09-150x150.jpg\" class=\"attachment-thumbnail size-thumbnail\" alt=\"\" \/><\/a>\n\t\t\t\t<\/dt><\/dl><dl class='gallery-item'>\n\t\t\t\t<dt class='gallery-icon portrait'>\n\t\t\t\t\t<a class=\"rollover rollover-zoom dt-pswp-item\" title=\"Don Bosco - LocandinaTerrazza-finale\" data-dt-img-description=\"\" data-large_image_width=\"1240\" data-large_image_height=\"1755\"href='https:\/\/www.radiopiu.net\/wordpress\/wp-content\/uploads\/2025\/01\/Don-Bosco-LocandinaTerrazza-finale.jpg'><img loading=\"lazy\" decoding=\"async\" width=\"150\" height=\"150\" src=\"https:\/\/www.radiopiu.net\/wordpress\/wp-content\/uploads\/2025\/01\/Don-Bosco-LocandinaTerrazza-finale-150x150.jpg\" class=\"attachment-thumbnail size-thumbnail\" alt=\"\" aria-describedby=\"gallery-4-431006\" \/><\/a>\n\t\t\t\t<\/dt>\n\t\t\t\t\t<dd class='wp-caption-text gallery-caption' id='gallery-4-431006'>\n\t\t\t\t\tIL 16 FEBBRAIO A SOSPIROLO\n\t\t\t\t\t<\/dd><\/dl><br style=\"clear: both\" \/><dl class='gallery-item'>\n\t\t\t\t<dt class='gallery-icon landscape'>\n\t\t\t\t\t<a class=\"rollover rollover-zoom dt-pswp-item\" title=\"bagno di gong\" data-dt-img-description=\"\" data-large_image_width=\"841\" data-large_image_height=\"595\"href='https:\/\/www.radiopiu.net\/wordpress\/wp-content\/uploads\/2025\/01\/bagno-di-gong.jpg'><img loading=\"lazy\" decoding=\"async\" width=\"150\" height=\"150\" src=\"https:\/\/www.radiopiu.net\/wordpress\/wp-content\/uploads\/2025\/01\/bagno-di-gong-150x150.jpg\" class=\"attachment-thumbnail size-thumbnail\" alt=\"\" aria-describedby=\"gallery-4-431421\" \/><\/a>\n\t\t\t\t<\/dt>\n\t\t\t\t\t<dd class='wp-caption-text gallery-caption' id='gallery-4-431421'>\n\t\t\t\t\tBAGNO DI GONG A LA VALLE\n\t\t\t\t\t<\/dd><\/dl><dl class='gallery-item'>\n\t\t\t\t<dt class='gallery-icon portrait'>\n\t\t\t\t\t<a class=\"rollover rollover-zoom dt-pswp-item\" title=\"df2b0862-a430-4afa-8e2b-8579fa15f25a\" data-dt-img-description=\"\" data-large_image_width=\"1134\" data-large_image_height=\"1600\"href='https:\/\/www.radiopiu.net\/wordpress\/wp-content\/uploads\/2025\/01\/df2b0862-a430-4afa-8e2b-8579fa15f25a.jpg'><img loading=\"lazy\" decoding=\"async\" width=\"150\" height=\"150\" src=\"https:\/\/www.radiopiu.net\/wordpress\/wp-content\/uploads\/2025\/01\/df2b0862-a430-4afa-8e2b-8579fa15f25a-150x150.jpg\" class=\"attachment-thumbnail size-thumbnail\" alt=\"\" \/><\/a>\n\t\t\t\t<\/dt><\/dl><dl class='gallery-item'>\n\t\t\t\t<dt class='gallery-icon portrait'>\n\t\t\t\t\t<a class=\"rollover rollover-zoom dt-pswp-item\" title=\"dad1d0d2-12e8-494a-9390-929e17ce5985\" data-dt-img-description=\"\" data-large_image_width=\"900\" data-large_image_height=\"1600\"href='https:\/\/www.radiopiu.net\/wordpress\/wp-content\/uploads\/2025\/01\/dad1d0d2-12e8-494a-9390-929e17ce5985.jpg'><img loading=\"lazy\" decoding=\"async\" width=\"150\" height=\"150\" src=\"https:\/\/www.radiopiu.net\/wordpress\/wp-content\/uploads\/2025\/01\/dad1d0d2-12e8-494a-9390-929e17ce5985-150x150.jpg\" class=\"attachment-thumbnail size-thumbnail\" alt=\"\" \/><\/a>\n\t\t\t\t<\/dt><\/dl><dl class='gallery-item'>\n\t\t\t\t<dt class='gallery-icon portrait'>\n\t\t\t\t\t<a class=\"rollover rollover-zoom dt-pswp-item\" title=\"Unknown\" data-dt-img-description=\"\" data-large_image_width=\"1754\" data-large_image_height=\"2480\"href='https:\/\/www.radiopiu.net\/wordpress\/wp-content\/uploads\/2025\/01\/Unknown-2.jpeg'><img loading=\"lazy\" decoding=\"async\" width=\"150\" height=\"150\" src=\"https:\/\/www.radiopiu.net\/wordpress\/wp-content\/uploads\/2025\/01\/Unknown-2-150x150.jpeg\" class=\"attachment-thumbnail size-thumbnail\" alt=\"\" \/><\/a>\n\t\t\t\t<\/dt><\/dl><br style=\"clear: both\" \/><dl class='gallery-item'>\n\t\t\t\t<dt class='gallery-icon portrait'>\n\t\t\t\t\t<a class=\"rollover rollover-zoom dt-pswp-item\" title=\"98c08a82-572c-4113-bead-264f62e1626a\" data-dt-img-description=\"\" data-large_image_width=\"1810\" data-large_image_height=\"2560\"href='https:\/\/www.radiopiu.net\/wordpress\/wp-content\/uploads\/2025\/01\/98c08a82-572c-4113-bead-264f62e1626a-scaled.jpg'><img loading=\"lazy\" decoding=\"async\" width=\"150\" height=\"150\" src=\"https:\/\/www.radiopiu.net\/wordpress\/wp-content\/uploads\/2025\/01\/98c08a82-572c-4113-bead-264f62e1626a-150x150.jpg\" class=\"attachment-thumbnail size-thumbnail\" alt=\"\" \/><\/a>\n\t\t\t\t<\/dt><\/dl><dl class='gallery-item'>\n\t\t\t\t<dt class='gallery-icon portrait'>\n\t\t\t\t\t<a class=\"rollover rollover-zoom dt-pswp-item\" title=\"WhatsApp Image 2025-01-31 at 06.55.42\" data-dt-img-description=\"\" data-large_image_width=\"1131\" data-large_image_height=\"1600\"href='https:\/\/www.radiopiu.net\/wordpress\/wp-content\/uploads\/2025\/01\/WhatsApp-Image-2025-01-31-at-06.55.42.jpeg'><img loading=\"lazy\" decoding=\"async\" width=\"150\" height=\"150\" src=\"https:\/\/www.radiopiu.net\/wordpress\/wp-content\/uploads\/2025\/01\/WhatsApp-Image-2025-01-31-at-06.55.42-150x150.jpeg\" class=\"attachment-thumbnail size-thumbnail\" alt=\"\" \/><\/a>\n\t\t\t\t<\/dt><\/dl><dl class='gallery-item'>\n\t\t\t\t<dt class='gallery-icon landscape'>\n\t\t\t\t\t<a class=\"rollover rollover-zoom dt-pswp-item\" title=\"51814602-60fc-47fd-b4ca-03c62e278a76\" data-dt-img-description=\"\" data-large_image_width=\"689\" data-large_image_height=\"679\"href='https:\/\/www.radiopiu.net\/wordpress\/wp-content\/uploads\/2025\/01\/51814602-60fc-47fd-b4ca-03c62e278a76.jpg'><img loading=\"lazy\" decoding=\"async\" width=\"150\" height=\"150\" src=\"https:\/\/www.radiopiu.net\/wordpress\/wp-content\/uploads\/2025\/01\/51814602-60fc-47fd-b4ca-03c62e278a76-150x150.jpg\" class=\"attachment-thumbnail size-thumbnail\" alt=\"\" \/><\/a>\n\t\t\t\t<\/dt><\/dl><dl class='gallery-item'>\n\t\t\t\t<dt class='gallery-icon portrait'>\n\t\t\t\t\t<a class=\"rollover rollover-zoom dt-pswp-item\" title=\"e258e2fd-cc57-4b7b-9b81-49c4e8fccab1\" data-dt-img-description=\"\" data-large_image_width=\"1123\" data-large_image_height=\"1600\"href='https:\/\/www.radiopiu.net\/wordpress\/wp-content\/uploads\/2025\/02\/e258e2fd-cc57-4b7b-9b81-49c4e8fccab1.jpg'><img loading=\"lazy\" decoding=\"async\" width=\"150\" height=\"150\" src=\"https:\/\/www.radiopiu.net\/wordpress\/wp-content\/uploads\/2025\/02\/e258e2fd-cc57-4b7b-9b81-49c4e8fccab1-150x150.jpg\" class=\"attachment-thumbnail size-thumbnail\" alt=\"\" \/><\/a>\n\t\t\t\t<\/dt><\/dl><br style=\"clear: both\" \/><dl class='gallery-item'>\n\t\t\t\t<dt class='gallery-icon portrait'>\n\t\t\t\t\t<a class=\"rollover rollover-zoom dt-pswp-item\" title=\"50d42b86-70ee-4299-b8c1-a03c3d2e1e6a\" data-dt-img-description=\"\" data-large_image_width=\"908\" data-large_image_height=\"1600\"href='https:\/\/www.radiopiu.net\/wordpress\/wp-content\/uploads\/2025\/02\/50d42b86-70ee-4299-b8c1-a03c3d2e1e6a.jpg'><img loading=\"lazy\" decoding=\"async\" width=\"150\" height=\"150\" src=\"https:\/\/www.radiopiu.net\/wordpress\/wp-content\/uploads\/2025\/02\/50d42b86-70ee-4299-b8c1-a03c3d2e1e6a-150x150.jpg\" class=\"attachment-thumbnail size-thumbnail\" alt=\"\" \/><\/a>\n\t\t\t\t<\/dt><\/dl>\n\t\t\t\t<br style='clear: both' \/>\n\t\t\t<\/div>\n\n<p>&nbsp;<\/p>\n<p>&nbsp;<\/p>\n<\/div>\n<\/div>\n<\/div>\n<\/div>\n<\/div>\n<\/div>\n<\/div>\n<\/div>\n<\/div>\n<\/div>\n<\/div>\n<\/div>\n<p>&nbsp;<\/p>\n<\/div>\n<\/div>\n<\/div>\n<\/div>\n<\/div>\n<\/div>\n<\/div>\n<\/div>\n<\/div>\n<\/div>\n<\/div>\n<\/div>\n<hr \/>\n<p>&nbsp;<\/p>\n<p class=\"mceTemp\"><a class=\"dt-pswp-item\" href=\"https:\/\/www.radiopiu.net\/wordpress\/wp-content\/uploads\/2018\/09\/WhatsApp-Image-2018-09-20-at-16.04.06.jpeg\" data-dt-img-description=\"\" data-large_image_width=\"800\" data-large_image_height=\"100\"><img loading=\"lazy\" decoding=\"async\" class=\"wp-image-61378 size-full aligncenter\" src=\"https:\/\/www.radiopiu.net\/wordpress\/wp-content\/uploads\/2018\/09\/WhatsApp-Image-2018-09-20-at-16.04.06.jpeg\" alt=\"\" width=\"800\" height=\"100\" srcset=\"https:\/\/www.radiopiu.net\/wordpress\/wp-content\/uploads\/2018\/09\/WhatsApp-Image-2018-09-20-at-16.04.06.jpeg 800w, https:\/\/www.radiopiu.net\/wordpress\/wp-content\/uploads\/2018\/09\/WhatsApp-Image-2018-09-20-at-16.04.06-300x38.jpeg 300w, https:\/\/www.radiopiu.net\/wordpress\/wp-content\/uploads\/2018\/09\/WhatsApp-Image-2018-09-20-at-16.04.06-768x96.jpeg 768w\" sizes=\"auto, (max-width: 800px) 100vw, 800px\" \/><\/a><\/p>\n<p><center><\/center><center><\/center>&nbsp;<\/p>\n<p><center><b>OGGI<\/b><\/center>Cielo sereno ed ottima visibilit\u00e0. Nei fondovalle prealpini probabile nebbia o nubi basse fino al mattino.<br \/>\n<b>Precipitazioni: <\/b>Assenti (0%)<br \/>\nTemperature massime in aumento con valori ben oltre la media del periodo.<\/p>\n<hr \/>\n<p><center><b>DOMANI<\/b><\/center>Fino al pomeriggio cielo sereno. In tarda serata aumento irregolare della nuvolosit\u00e0 a partire da Dolomiti.<br \/>\n<b>Precipitazioni: <\/b>Assenti (0%)<br \/>\nTemperature in graduale marcato calo specie le massime e in quota con minime raggiunte in serata.<\/p>\n<hr \/>\n<p><center><b>VENERDI<\/b><\/center>Nuvolosit\u00e0 in aumento fino a nuvoloso, qualche schiarita sar\u00e0 pi\u00f9 probabile su Dolomiti settentrionali. Non escluso qualche fiocco specie verso sera, oltre gli 800-1000 m. Temperature in ulteriore calo specie le massime con valori che si porteranno un p\u00f2 sotto la media in quota.<\/p>\n<hr \/>\n<p><center><b>SABATO<\/b><\/center>Irregolarmente nuvoloso con qualche schiarita un p\u00f2 pi\u00f9 probabile su Dolomiti nord. La probabilit\u00e0 di debolissime precipitazioni sparse \u00e8 bassa su Prealpi, molto bassa su Dolomiti. Temperature in lieve aumento.<\/p>\n<p>&nbsp;<\/p>\n<hr \/>\n<p>&nbsp;<\/p>\n<p class=\"mceTemp\"><a class=\"dt-pswp-item\" href=\"https:\/\/www.radiopiu.net\/wordpress\/wp-content\/uploads\/2018\/09\/sport.jpg\" data-dt-img-description=\"\" data-large_image_width=\"800\" data-large_image_height=\"100\"><img loading=\"lazy\" decoding=\"async\" class=\"aligncenter wp-image-60761 size-full\" src=\"https:\/\/www.radiopiu.net\/wordpress\/wp-content\/uploads\/2018\/09\/sport.jpg\" alt=\"\" width=\"800\" height=\"100\" srcset=\"https:\/\/www.radiopiu.net\/wordpress\/wp-content\/uploads\/2018\/09\/sport.jpg 800w, https:\/\/www.radiopiu.net\/wordpress\/wp-content\/uploads\/2018\/09\/sport-300x38.jpg 300w, https:\/\/www.radiopiu.net\/wordpress\/wp-content\/uploads\/2018\/09\/sport-768x96.jpg 768w\" sizes=\"auto, (max-width: 800px) 100vw, 800px\" \/> <\/a><\/p>\n<p class=\"mceTemp\"><span style=\"color: #0000ff;\"><strong>\u00a0 \u00a0\u00a0<\/strong><\/span><\/p>\n<p>&nbsp;<\/p>\n<p><span style=\"color: #0000ff;\"><strong>NUOTO<\/strong><\/span><\/p>\n<blockquote>\n<h2>II^ Giornata Campionato Provinciale Swim Teen<\/h2>\n<\/blockquote>\n<p>&nbsp;<\/p>\n<p>&nbsp;<\/p>\n<p><a class=\"dt-pswp-item\" href=\"https:\/\/www.radiopiu.net\/wordpress\/wp-content\/uploads\/2025\/02\/fd82c6d4-0169-4804-98fd-353660e5dd71.jpg\" data-dt-img-description=\"\" data-large_image_width=\"1200\" data-large_image_height=\"1600\"><img loading=\"lazy\" decoding=\"async\" class=\"size-medium wp-image-433065 alignleft\" src=\"https:\/\/www.radiopiu.net\/wordpress\/wp-content\/uploads\/2025\/02\/fd82c6d4-0169-4804-98fd-353660e5dd71-225x300.jpg\" alt=\"\" width=\"225\" height=\"300\" srcset=\"https:\/\/www.radiopiu.net\/wordpress\/wp-content\/uploads\/2025\/02\/fd82c6d4-0169-4804-98fd-353660e5dd71-225x300.jpg 225w, https:\/\/www.radiopiu.net\/wordpress\/wp-content\/uploads\/2025\/02\/fd82c6d4-0169-4804-98fd-353660e5dd71-768x1024.jpg 768w, https:\/\/www.radiopiu.net\/wordpress\/wp-content\/uploads\/2025\/02\/fd82c6d4-0169-4804-98fd-353660e5dd71-1152x1536.jpg 1152w, https:\/\/www.radiopiu.net\/wordpress\/wp-content\/uploads\/2025\/02\/fd82c6d4-0169-4804-98fd-353660e5dd71.jpg 1200w\" sizes=\"auto, (max-width: 225px) 100vw, 225px\" \/><\/a>Giornata di gare quella che si \u00e8 disputata sabato 1\u00b0 febbraio presso la piscina di Belluno. Si sono affrontati gli atleti delle medie inferiori e superiori delle societ\u00e0 Sportivamente Belluno, Ondabl\u00f9, Dolomiti nuoto, Sporting Club Lessinia e <strong>Attivamente Agordino.<\/strong><\/p>\n<p>Ottime le prove dei ragazzi e ragazze di \u00a0<strong>Attivamente Agordino<\/strong> che nelle gare disputate si sono ben distinti ottenendo numerose medaglie. Nei 50 torpedo oro per Cosimo Di Chiera\u00a0 nella categoria ragazzi, argento per Carlotta Fusina\u00a0 categoria ragazze e argento anche per Alessio Savio\u00a0 nella categoria juniores.<\/p>\n<p>Nei 100 dorso vincono l\u2019oro\u00a0 Ilenia Venialetti nella categoria ragazze, Gaia Bristot\u00a0 categoria seniores e Samuele Zasso Cucchini\u00a0 per gli juniores.<\/p>\n<p>Nella gara dei 50 sl\u00a0 Cosimo Di Chiera\u00a0 e Samuele\u00a0 Zasso Cucchini bissano il precedente successo con un\u2019altra medaglia d\u2019oro, altro argento per\u00a0 Alessio Savio mentre, nella categoria cadetti, Giulia Carlin\u00a0 \u00e8 medaglia di bronzo.<\/p>\n<p>Infine nei 50 farfalla oro per Ilenia Venialetti, Dalia Fadig\u00e0\u00a0 e Gaia Bristot, argento per\u00a0 Giulia Carlin\u00a0 e bronzo per\u00a0 Giulia Carrera. Tutta la squadra si \u00e8 comunque distinta e anche le prestazioni di\u00a0 Alessandro Lena, Nicola Fadig\u00e0\u00a0 Fabio Deon, Greta Tommasi,\u00a0 Ginevra Longo,\u00a0 Sara Masoch sono state notevoli. Una menzione particolare la merita Rebecca Buxaj che solo uno sfortunato inconveniente col torpedo l\u2019ha privata di una sicura medaglia d\u2019oro. Soddisfazione per i tecnici e tutto lo staff di Attivamente Agordino che con passione e competenza portano avanti il movimento natatorio per questi ragazzi.<\/p>\n\n\t\t\t<style type='text\/css'>\n\t\t\t\t#gallery-5 {\n\t\t\t\t\tmargin: auto;\n\t\t\t\t}\n\t\t\t\t#gallery-5 .gallery-item {\n\t\t\t\t\tfloat: left;\n\t\t\t\t\tmargin-top: 10px;\n\t\t\t\t\ttext-align: center;\n\t\t\t\t\twidth: 33%;\n\t\t\t\t}\n\t\t\t\t#gallery-5 img {\n\t\t\t\t\tborder: 2px solid #cfcfcf;\n\t\t\t\t}\n\t\t\t\t#gallery-5 .gallery-caption {\n\t\t\t\t\tmargin-left: 0;\n\t\t\t\t}\n\t\t\t\t\/* see gallery_shortcode() in wp-includes\/media.php *\/\n\t\t\t<\/style>\n\t\t<div id='gallery-5' class='dt-gallery-container gallery galleryid-432898 gallery-columns-3 gallery-size-thumbnail'><dl class='gallery-item'>\n\t\t\t\t<dt class='gallery-icon portrait'>\n\t\t\t\t\t<a class=\"rollover rollover-zoom dt-pswp-item\" title=\"b560e0a0-3fb0-4ec8-8f98-067708003f5c\" data-dt-img-description=\"\" data-large_image_width=\"1200\" data-large_image_height=\"1600\"href='https:\/\/www.radiopiu.net\/wordpress\/wp-content\/uploads\/2025\/02\/b560e0a0-3fb0-4ec8-8f98-067708003f5c.jpg'><img loading=\"lazy\" decoding=\"async\" width=\"150\" height=\"150\" src=\"https:\/\/www.radiopiu.net\/wordpress\/wp-content\/uploads\/2025\/02\/b560e0a0-3fb0-4ec8-8f98-067708003f5c-150x150.jpg\" class=\"attachment-thumbnail size-thumbnail\" alt=\"\" \/><\/a>\n\t\t\t\t<\/dt><\/dl><dl class='gallery-item'>\n\t\t\t\t<dt class='gallery-icon portrait'>\n\t\t\t\t\t<a class=\"rollover rollover-zoom dt-pswp-item\" title=\"e1f7bd1a-c5db-4e2d-8a41-f6e32601a42d\" data-dt-img-description=\"\" data-large_image_width=\"1200\" data-large_image_height=\"1600\"href='https:\/\/www.radiopiu.net\/wordpress\/wp-content\/uploads\/2025\/02\/e1f7bd1a-c5db-4e2d-8a41-f6e32601a42d.jpg'><img loading=\"lazy\" decoding=\"async\" width=\"150\" height=\"150\" src=\"https:\/\/www.radiopiu.net\/wordpress\/wp-content\/uploads\/2025\/02\/e1f7bd1a-c5db-4e2d-8a41-f6e32601a42d-150x150.jpg\" class=\"attachment-thumbnail size-thumbnail\" alt=\"\" \/><\/a>\n\t\t\t\t<\/dt><\/dl><dl class='gallery-item'>\n\t\t\t\t<dt class='gallery-icon portrait'>\n\t\t\t\t\t<a class=\"rollover rollover-zoom dt-pswp-item\" title=\"6166576e-e2d0-48ea-aa7a-677a4aeaaedd\" data-dt-img-description=\"\" data-large_image_width=\"1200\" data-large_image_height=\"1600\"href='https:\/\/www.radiopiu.net\/wordpress\/wp-content\/uploads\/2025\/02\/6166576e-e2d0-48ea-aa7a-677a4aeaaedd.jpg'><img loading=\"lazy\" decoding=\"async\" width=\"150\" height=\"150\" src=\"https:\/\/www.radiopiu.net\/wordpress\/wp-content\/uploads\/2025\/02\/6166576e-e2d0-48ea-aa7a-677a4aeaaedd-150x150.jpg\" class=\"attachment-thumbnail size-thumbnail\" alt=\"\" \/><\/a>\n\t\t\t\t<\/dt><\/dl><br style=\"clear: both\" \/>\n\t\t\t<\/div>\n\n<h3 style=\"text-align: center;\" data-pm-slice=\"1 1 []\">Risultati delle Gare<\/h3>\n<table class=\" aligncenter\">\n<tbody>\n<tr>\n<th>Gara<\/th>\n<th>Categoria<\/th>\n<th>Atleta<\/th>\n<th>Medaglia<\/th>\n<\/tr>\n<tr>\n<td>50 Torpedo<\/td>\n<td>Ragazzi<\/td>\n<td>Di Chiera Cosimo<\/td>\n<td>Oro<\/td>\n<\/tr>\n<tr>\n<td>50 Torpedo<\/td>\n<td>Ragazze<\/td>\n<td>Fusina Carlotta<\/td>\n<td>Argento<\/td>\n<\/tr>\n<tr>\n<td>50 Torpedo<\/td>\n<td>Juniores<\/td>\n<td>Savio Alessio<\/td>\n<td>Argento<\/td>\n<\/tr>\n<tr>\n<td>100 Dorso<\/td>\n<td>Ragazze<\/td>\n<td>Venialetti Ilenia<\/td>\n<td>Oro<\/td>\n<\/tr>\n<tr>\n<td>100 Dorso<\/td>\n<td>Seniores<\/td>\n<td>Bristot Gaia<\/td>\n<td>Oro<\/td>\n<\/tr>\n<tr>\n<td>100 Dorso<\/td>\n<td>Juniores<\/td>\n<td>Zasso Cucchini Samuele<\/td>\n<td>Oro<\/td>\n<\/tr>\n<tr>\n<td>50 Stile Libero<\/td>\n<td>Ragazzi<\/td>\n<td>Di Chiera Cosimo<\/td>\n<td>Oro<\/td>\n<\/tr>\n<tr>\n<td>50 Stile Libero<\/td>\n<td>Juniores<\/td>\n<td>Zasso Cucchini Samuele<\/td>\n<td>Oro<\/td>\n<\/tr>\n<tr>\n<td>50 Stile Libero<\/td>\n<td>Juniores<\/td>\n<td>Savio Alessio<\/td>\n<td>Argento<\/td>\n<\/tr>\n<tr>\n<td>50 Stile Libero<\/td>\n<td>Cadetti<\/td>\n<td>Carlin Giulia<\/td>\n<td>Bronzo<\/td>\n<\/tr>\n<tr>\n<td>50 Farfalla<\/td>\n<td>Ragazze<\/td>\n<td>Venialetti Ilenia<\/td>\n<td>Oro<\/td>\n<\/tr>\n<tr>\n<td>50 Farfalla<\/td>\n<td>Ragazze<\/td>\n<td>Fadig\u00e0 Dalia<\/td>\n<td>Oro<\/td>\n<\/tr>\n<tr>\n<td>50 Farfalla<\/td>\n<td>Seniores<\/td>\n<td>Bristot Gaia<\/td>\n<td>Oro<\/td>\n<\/tr>\n<tr>\n<td>50 Farfalla<\/td>\n<td>Cadetti<\/td>\n<td>Carlin Giulia<\/td>\n<td>Argento<\/td>\n<\/tr>\n<tr>\n<td>50 Farfalla<\/td>\n<td>Cadetti<\/td>\n<td>Carrera Giulia<\/td>\n<td>Bronzo<\/td>\n<\/tr>\n<\/tbody>\n<\/table>\n<p>Tutta la squadra si \u00e8 comunque distinta e anche le prestazioni di Lena Alessandro, Fadig\u00e0 Nicola, Deon Fabio, Tommasi Greta, Ginevra Longo, Masoch Sara sono state notevoli. Una menzione particolare la merita Rebecca Buxaj che solo uno sfortunato inconveniente col torpedo l\u2019ha privata di una sicura medaglia d\u2019oro. Soddisfazione per i tecnici e tutto lo staff di Attivamente Agordino che con passione e competenza portano avanti il movimento natatorio per questi ragazzi.<\/p>\n<p>&nbsp;<\/p>\n<p>&nbsp;<\/p>\n<p>&nbsp;<\/p>\n","protected":false},"excerpt":{"rendered":"<p>******** &nbsp; LA\u00a0 APP PER IOS-IPHONE di Nicola Vettorello https:\/\/apps.apple.com\/it\/app\/radio-pi%C3%B9-emittente-agordina\/id1515939845 LA\u00a0 APP RADIO\u00a0 PER ANDROID di Nicola Vettorello https:\/\/play.google.com\/store\/apps\/details?id=net.radiopiu.iniko\u00a0\u00a0\u00a0\u00a0 &nbsp; &nbsp; &nbsp; OGGI ALLA RADIO&#8230;ALLE 15.10 DALLA NEVEGAL TOUR DI BELLUNO, CON MIKY E MARINA rassegna stampa nazionale, ogni giorno alle 5 e alle 6 del mattino. giornali locali 7 rassegna stampa flash, 8 rassegna&hellip;<\/p>\n","protected":false},"author":4,"featured_media":433070,"comment_status":"closed","ping_status":"closed","sticky":false,"template":"","format":"standard","meta":{"_monsterinsights_skip_tracking":false,"_monsterinsights_sitenote_active":false,"_monsterinsights_sitenote_note":"","_monsterinsights_sitenote_category":0,"footnotes":""},"categories":[51,86,49],"tags":[],"class_list":["post-432898","post","type-post","status-publish","format-standard","has-post-thumbnail","hentry","category-evidenza-top","category-gr","category-news-18","category-51","category-86","category-49","description-off"],"img_url":"https:\/\/www.radiopiu.net\/wordpress\/wp-content\/uploads\/2025\/02\/633531b4-99bc-42a2-b4a3-5fdf85cea283.jpg","_links":{"self":[{"href":"https:\/\/www.radiopiu.net\/wordpress\/wp-json\/wp\/v2\/posts\/432898","targetHints":{"allow":["GET"]}}],"collection":[{"href":"https:\/\/www.radiopiu.net\/wordpress\/wp-json\/wp\/v2\/posts"}],"about":[{"href":"https:\/\/www.radiopiu.net\/wordpress\/wp-json\/wp\/v2\/types\/post"}],"author":[{"embeddable":true,"href":"https:\/\/www.radiopiu.net\/wordpress\/wp-json\/wp\/v2\/users\/4"}],"replies":[{"embeddable":true,"href":"https:\/\/www.radiopiu.net\/wordpress\/wp-json\/wp\/v2\/comments?post=432898"}],"version-history":[{"count":39,"href":"https:\/\/www.radiopiu.net\/wordpress\/wp-json\/wp\/v2\/posts\/432898\/revisions"}],"predecessor-version":[{"id":433170,"href":"https:\/\/www.radiopiu.net\/wordpress\/wp-json\/wp\/v2\/posts\/432898\/revisions\/433170"}],"wp:featuredmedia":[{"embeddable":true,"href":"https:\/\/www.radiopiu.net\/wordpress\/wp-json\/wp\/v2\/media\/433070"}],"wp:attachment":[{"href":"https:\/\/www.radiopiu.net\/wordpress\/wp-json\/wp\/v2\/media?parent=432898"}],"wp:term":[{"taxonomy":"category","embeddable":true,"href":"https:\/\/www.radiopiu.net\/wordpress\/wp-json\/wp\/v2\/categories?post=432898"},{"taxonomy":"post_tag","embeddable":true,"href":"https:\/\/www.radiopiu.net\/wordpress\/wp-json\/wp\/v2\/tags?post=432898"}],"curies":[{"name":"wp","href":"https:\/\/api.w.org\/{rel}","templated":true}]}}