{"id":433060,"date":"2025-02-06T05:36:53","date_gmt":"2025-02-06T04:36:53","guid":{"rendered":"https:\/\/www.radiopiu.net\/wordpress\/?p=433060"},"modified":"2025-02-06T08:46:42","modified_gmt":"2025-02-06T07:46:42","slug":"giornale-radiopiu-06-febbraio-2025-direttore-mirko-mezzacasada-41-anni-25-giugno-1983-25-giugno-2024","status":"publish","type":"post","link":"https:\/\/www.radiopiu.net\/wordpress\/giornale-radiopiu-06-febbraio-2025-direttore-mirko-mezzacasada-41-anni-25-giugno-1983-25-giugno-2024\/","title":{"rendered":"GIORNALE RADIOPIU 06 FEBBRAIO 2025 DIRETTORE MIRKO MEZZACASA\u2026DA 41 ANNI 25 GIUGNO 1983-25 GIUGNO 2024"},"content":{"rendered":"<p>********<\/p>\n<p>&nbsp;<\/p>\n<p><em><span style=\"color: #ff0000;\"><a class=\"dt-pswp-item\" href=\"https:\/\/www.radiopiu.net\/wordpress\/wp-content\/uploads\/2024\/10\/Senza-nome-8.png\" data-dt-img-description=\"\" data-large_image_width=\"343\" data-large_image_height=\"303\"><img loading=\"lazy\" decoding=\"async\" class=\"wp-image-412130 alignleft\" src=\"https:\/\/www.radiopiu.net\/wordpress\/wp-content\/uploads\/2024\/10\/Senza-nome-8-300x265.png\" alt=\"\" width=\"105\" height=\"93\" srcset=\"https:\/\/www.radiopiu.net\/wordpress\/wp-content\/uploads\/2024\/10\/Senza-nome-8-300x265.png 300w, https:\/\/www.radiopiu.net\/wordpress\/wp-content\/uploads\/2024\/10\/Senza-nome-8.png 343w\" sizes=\"auto, (max-width: 105px) 100vw, 105px\" \/><\/a><\/span><\/em><strong><em><span style=\"color: #ff0000;\"> LA\u00a0 APP PER IOS-IPHONE di Nicola Vettorello<\/span><\/em><\/strong><\/p>\n<p><strong><span style=\"color: #0000ff;\"><a style=\"color: #0000ff;\" href=\"https:\/\/apps.apple.com\/it\/app\/radio-pi%C3%B9-emittente-agordina\/id1515939845\">https:\/\/apps.apple.com\/it\/app\/radio-pi%C3%B9-emittente-agordina\/id1515939845<\/a><\/span><\/strong><\/p>\n<p><strong><em style=\"color: #ff0000;\">LA\u00a0 APP RADIO\u00a0 PER ANDROID di Nicola Vettorello<\/em><\/strong><\/p>\n<p><strong><span style=\"color: #0000ff;\"><a style=\"color: #0000ff;\" href=\"https:\/\/play.google.com\/store\/apps\/details?id=net.radiopiu.iniko\" target=\"_blank\" rel=\"noopener noreferrer\">https:\/\/<\/a><a style=\"color: #0000ff;\" href=\"https:\/\/play.google.com\/store\/apps\/details?id=net.radiopiu.iniko\" target=\"_blank\" rel=\"noopener noreferrer\">play.google.com\/store\/apps\/details?id=net.radiopiu.iniko\u00a0\u00a0\u00a0\u00a0<\/a><\/span><\/strong><\/p>\n<p>&nbsp;<\/p>\n<h1>ULTIMO MINUTO 4.47 DEL MATTINO<\/h1>\n<blockquote>\n<h2>TREMA LA TERRA IN VALBELLUNA&#8230; E AD AGORDO<\/h2>\n<\/blockquote>\n<p>LENTIAI \u2013 Un terremoto di magnitudo 1.4 \u00e8 stato registrato questa mattina alle <strong>4:47<\/strong> a <strong>Lentiai<\/strong>, con una profondit\u00e0 di <strong>10 chilometri<\/strong>. La scossa \u00e8 stata rilevata anche dal sismografo di <strong>Agordo<\/strong>.<\/p>\n<p>Non si segnalano danni a persone o cose, ma l\u2019evento ha destato l\u2019attenzione di alcuni residenti. La bassa magnitudo ha reso il sisma poco percepibile, ma gli strumenti dell\u2019<strong>INGV<\/strong> lo hanno registrato con precisione. Fenomeni di questa entit\u00e0 sono frequenti nella zona e rientrano nella normale attivit\u00e0 sismica locale.<\/p>\n\n\t\t\t<style type='text\/css'>\n\t\t\t\t#gallery-1 {\n\t\t\t\t\tmargin: auto;\n\t\t\t\t}\n\t\t\t\t#gallery-1 .gallery-item {\n\t\t\t\t\tfloat: left;\n\t\t\t\t\tmargin-top: 10px;\n\t\t\t\t\ttext-align: center;\n\t\t\t\t\twidth: 50%;\n\t\t\t\t}\n\t\t\t\t#gallery-1 img {\n\t\t\t\t\tborder: 2px solid #cfcfcf;\n\t\t\t\t}\n\t\t\t\t#gallery-1 .gallery-caption {\n\t\t\t\t\tmargin-left: 0;\n\t\t\t\t}\n\t\t\t\t\/* see gallery_shortcode() in wp-includes\/media.php *\/\n\t\t\t<\/style>\n\t\t<div id='gallery-1' class='dt-gallery-container gallery galleryid-433060 gallery-columns-2 gallery-size-thumbnail'><dl class='gallery-item'>\n\t\t\t\t<dt class='gallery-icon portrait'>\n\t\t\t\t\t<a class=\"rollover rollover-zoom dt-pswp-item\" title=\"7e8daf5d-f921-45b0-87be-b1a234f55677\" data-dt-img-description=\"\" data-large_image_width=\"720\" data-large_image_height=\"1600\"href='https:\/\/www.radiopiu.net\/wordpress\/wp-content\/uploads\/2025\/02\/7e8daf5d-f921-45b0-87be-b1a234f55677.jpg'><img loading=\"lazy\" decoding=\"async\" width=\"150\" height=\"150\" src=\"https:\/\/www.radiopiu.net\/wordpress\/wp-content\/uploads\/2025\/02\/7e8daf5d-f921-45b0-87be-b1a234f55677-150x150.jpg\" class=\"attachment-thumbnail size-thumbnail\" alt=\"\" \/><\/a>\n\t\t\t\t<\/dt><\/dl><dl class='gallery-item'>\n\t\t\t\t<dt class='gallery-icon portrait'>\n\t\t\t\t\t<a class=\"rollover rollover-zoom dt-pswp-item\" title=\"5047a73d-7520-43e0-a637-dacef5edb23f\" data-dt-img-description=\"\" data-large_image_width=\"720\" data-large_image_height=\"1600\"href='https:\/\/www.radiopiu.net\/wordpress\/wp-content\/uploads\/2025\/02\/5047a73d-7520-43e0-a637-dacef5edb23f.jpg'><img loading=\"lazy\" decoding=\"async\" width=\"150\" height=\"150\" src=\"https:\/\/www.radiopiu.net\/wordpress\/wp-content\/uploads\/2025\/02\/5047a73d-7520-43e0-a637-dacef5edb23f-150x150.jpg\" class=\"attachment-thumbnail size-thumbnail\" alt=\"\" \/><\/a>\n\t\t\t\t<\/dt><\/dl><br style=\"clear: both\" \/>\n\t\t\t<\/div>\n\n<p>&nbsp;<\/p>\n<hr \/>\n<p>&nbsp;<\/p>\n<p><span style=\"color: #ff0000;\"><strong>OGGI ALLA RADIO:\u00a0\u00a0<\/strong><\/span><\/p>\n<p><strong><a class=\"dt-pswp-item\" href=\"https:\/\/www.radiopiu.net\/wordpress\/wp-content\/uploads\/2025\/02\/7822f1bf-82ea-4488-bafc-fa3b0f7634c0.jpg\" data-dt-img-description=\"\" data-large_image_width=\"1080\" data-large_image_height=\"951\"><img loading=\"lazy\" decoding=\"async\" class=\" wp-image-433267 alignleft\" src=\"https:\/\/www.radiopiu.net\/wordpress\/wp-content\/uploads\/2025\/02\/7822f1bf-82ea-4488-bafc-fa3b0f7634c0-300x264.jpg\" alt=\"\" width=\"219\" height=\"193\" srcset=\"https:\/\/www.radiopiu.net\/wordpress\/wp-content\/uploads\/2025\/02\/7822f1bf-82ea-4488-bafc-fa3b0f7634c0-300x264.jpg 300w, https:\/\/www.radiopiu.net\/wordpress\/wp-content\/uploads\/2025\/02\/7822f1bf-82ea-4488-bafc-fa3b0f7634c0-1024x902.jpg 1024w, https:\/\/www.radiopiu.net\/wordpress\/wp-content\/uploads\/2025\/02\/7822f1bf-82ea-4488-bafc-fa3b0f7634c0-768x676.jpg 768w, https:\/\/www.radiopiu.net\/wordpress\/wp-content\/uploads\/2025\/02\/7822f1bf-82ea-4488-bafc-fa3b0f7634c0.jpg 1080w\" sizes=\"auto, (max-width: 219px) 100vw, 219px\" \/><\/a>rassegna stampa nazionale,<\/strong> ogni giorno alle 5 e alle 6 del mattino.<br \/>\ngiornali locali 7 rassegna stampa flash, 8 rassegna stampa, gr flash alle 10 e alle 11, principale 12.30. Informazione pomeriggio ogni ora fino alle 20, in coda ai notiziari nazionali. Giornale radio nazionale: ogni ora dalle 4 del mattino, alle 20 della sera. Alle 19 le anticipazioni dal TG di Antenna 3 di Tiziana Bolognani.<\/p>\n<p><strong>OGGI ALLE<\/strong>\u00a0 \u00a0<strong>9.00\u00a0<\/strong> LA MUSICA COUNTRY CON ALEX NASCINBEN <strong>9.40<\/strong> OGGI COME IERI,\u00a0 CON SILVIA BALDO <strong>\u00a010.30<\/strong> spi cgil APPUNTAMENTO QUINDICINALE CON LE SEGRETARIA PROVINCIALE MARIA RITA GENTILIN<strong> 11.20<\/strong> COSA GUARDO STASERA IN TV? DALLE PIATTAFORME TELEVISIVE CON PAOLA LANCIATO <strong>13.05<\/strong> NOTE DI NEVE, LA MUSICA DEL PRIMO POMERIGGIO, LE SELEZIONI RAGIONATE <strong>15.00<\/strong>\u00a0 TIME FOR ME, DI MARINA DONA dalla piscina comprensoriale di Agordo con &#8220;Shagort&#8221; <strong>Alle 19<\/strong> le anticipazioni del tg di antenna 3 con TIZIANA BOLOGNANI<\/p>\n<p>&nbsp;<\/p>\n<p>&nbsp;<\/p>\n<p>&nbsp;<\/p>\n<hr \/>\n<p>&nbsp;<\/p>\n<p>&nbsp;<\/p>\n<div class=\"x11i5rnm xat24cr x1mh8g0r x1vvkbs xtlvy1s x126k92a\">\n<div dir=\"auto\">\n<div dir=\"auto\">\n<p><strong><a class=\"dt-pswp-item\" href=\"https:\/\/www.radiopiu.net\/wordpress\/wp-content\/uploads\/2024\/02\/2d44e751-d8a8-461b-8e22-d8e4e853b032.jpg\" data-dt-img-description=\"\" data-large_image_width=\"1600\" data-large_image_height=\"1200\"><img loading=\"lazy\" decoding=\"async\" class=\"wp-image-373307 alignleft\" src=\"https:\/\/www.radiopiu.net\/wordpress\/wp-content\/uploads\/2024\/02\/2d44e751-d8a8-461b-8e22-d8e4e853b032-300x225.jpg\" alt=\"\" width=\"105\" height=\"79\" srcset=\"https:\/\/www.radiopiu.net\/wordpress\/wp-content\/uploads\/2024\/02\/2d44e751-d8a8-461b-8e22-d8e4e853b032-300x225.jpg 300w, https:\/\/www.radiopiu.net\/wordpress\/wp-content\/uploads\/2024\/02\/2d44e751-d8a8-461b-8e22-d8e4e853b032-1024x768.jpg 1024w, https:\/\/www.radiopiu.net\/wordpress\/wp-content\/uploads\/2024\/02\/2d44e751-d8a8-461b-8e22-d8e4e853b032-768x576.jpg 768w, https:\/\/www.radiopiu.net\/wordpress\/wp-content\/uploads\/2024\/02\/2d44e751-d8a8-461b-8e22-d8e4e853b032-1536x1152.jpg 1536w, https:\/\/www.radiopiu.net\/wordpress\/wp-content\/uploads\/2024\/02\/2d44e751-d8a8-461b-8e22-d8e4e853b032.jpg 1600w\" sizes=\"auto, (max-width: 105px) 100vw, 105px\" \/><\/a>EL BAL DEL FIOR, DI GIULIANA DA RONCH, 06 FEBBRAIO<\/strong><strong> 2025<\/strong><\/p>\n<p>&nbsp;<\/p>\n<audio class=\"wp-audio-shortcode\" id=\"audio-433060-1\" preload=\"none\" style=\"width: 100%;\" controls=\"controls\"><source type=\"audio\/mpeg\" src=\"https:\/\/www.radiopiu.net\/wordpress\/wp-content\/uploads\/2025\/02\/GGI.mp3?_=1\" \/><a href=\"https:\/\/www.radiopiu.net\/wordpress\/wp-content\/uploads\/2025\/02\/GGI.mp3\">https:\/\/www.radiopiu.net\/wordpress\/wp-content\/uploads\/2025\/02\/GGI.mp3<\/a><\/audio>\n<p>&nbsp;<\/p>\n<hr \/>\n<p>&nbsp;<\/p>\n<p>&nbsp;<\/p>\n<\/div>\n<\/div>\n<\/div>\n<div class=\"x11i5rnm xat24cr x1mh8g0r x1vvkbs xtlvy1s x126k92a\">\n<blockquote>\n<h1><strong><a class=\"dt-pswp-item\" href=\"https:\/\/www.radiopiu.net\/wordpress\/wp-content\/uploads\/2024\/10\/629301fd-708d-4f53-95c2-d28cbefd500f.jpg\" data-dt-img-description=\"\" data-large_image_width=\"1600\" data-large_image_height=\"1322\"><img loading=\"lazy\" decoding=\"async\" class=\"wp-image-413782 alignright\" src=\"https:\/\/www.radiopiu.net\/wordpress\/wp-content\/uploads\/2024\/10\/629301fd-708d-4f53-95c2-d28cbefd500f-300x248.jpg\" alt=\"\" width=\"106\" height=\"88\" srcset=\"https:\/\/www.radiopiu.net\/wordpress\/wp-content\/uploads\/2024\/10\/629301fd-708d-4f53-95c2-d28cbefd500f-300x248.jpg 300w, https:\/\/www.radiopiu.net\/wordpress\/wp-content\/uploads\/2024\/10\/629301fd-708d-4f53-95c2-d28cbefd500f-1024x846.jpg 1024w, https:\/\/www.radiopiu.net\/wordpress\/wp-content\/uploads\/2024\/10\/629301fd-708d-4f53-95c2-d28cbefd500f-768x635.jpg 768w, https:\/\/www.radiopiu.net\/wordpress\/wp-content\/uploads\/2024\/10\/629301fd-708d-4f53-95c2-d28cbefd500f-1536x1269.jpg 1536w, https:\/\/www.radiopiu.net\/wordpress\/wp-content\/uploads\/2024\/10\/629301fd-708d-4f53-95c2-d28cbefd500f.jpg 1600w\" sizes=\"auto, (max-width: 106px) 100vw, 106px\" \/><\/a><\/strong><\/h1>\n<h1><strong><a class=\"dt-pswp-item\" href=\"https:\/\/www.radiopiu.net\/wordpress\/wp-content\/uploads\/2024\/11\/th-18.jpg\" data-dt-img-description=\"\" data-large_image_width=\"156\" data-large_image_height=\"180\"><img loading=\"lazy\" decoding=\"async\" class=\"size-full wp-image-421611 alignleft\" src=\"https:\/\/www.radiopiu.net\/wordpress\/wp-content\/uploads\/2024\/11\/th-18.jpg\" alt=\"\" width=\"156\" height=\"180\" \/><\/a><\/strong><\/h1>\n<h1><strong>N di parom &#8211; L Almanach de la nosta jent<\/strong><\/h1>\n<\/blockquote>\n<p>&nbsp;<\/p>\n<p>Le voci: Davide Conedera, Agordo, Michela Dell&#8217;Osbel, La Valle Agordina Simone Ganz, Falcade Veronica Lezuo, Colle Santa Lucia. La voce nella sigla \u00e8 di Giorgia Taio<\/p>\n<p><strong>LA PUNTATA DI OGGI, 06 FEBBRAIO 2025<\/strong><\/p>\n<audio class=\"wp-audio-shortcode\" id=\"audio-433060-2\" preload=\"none\" style=\"width: 100%;\" controls=\"controls\"><source type=\"audio\/mpeg\" src=\"https:\/\/www.radiopiu.net\/wordpress\/wp-content\/uploads\/2025\/02\/AL4-1.mp3?_=2\" \/><a href=\"https:\/\/www.radiopiu.net\/wordpress\/wp-content\/uploads\/2025\/02\/AL4-1.mp3\">https:\/\/www.radiopiu.net\/wordpress\/wp-content\/uploads\/2025\/02\/AL4-1.mp3<\/a><\/audio>\n<p>&nbsp;<\/p>\n<\/div>\n<div class=\"x11i5rnm xat24cr x1mh8g0r x1vvkbs xtlvy1s x126k92a\">\n<div dir=\"auto\">\n<hr \/>\n<\/div>\n<\/div>\n<blockquote>\n<blockquote>\n<h1><span style=\"color: #ff0000;\">\u00a0<\/span><\/h1>\n<h1><span style=\"color: #ff0000;\">I podcast informativi del mattino &#8211; audio &#8211;\u00a0\u00a0<\/span><\/h1>\n<\/blockquote>\n<p><strong><a class=\"dt-pswp-item\" href=\"https:\/\/www.radiopiu.net\/wordpress\/wp-content\/uploads\/2024\/11\/6.jpg\" data-dt-img-description=\"\" data-large_image_width=\"177\" data-large_image_height=\"180\"><img loading=\"lazy\" decoding=\"async\" class=\"size-full wp-image-417911 alignleft\" src=\"https:\/\/www.radiopiu.net\/wordpress\/wp-content\/uploads\/2024\/11\/6.jpg\" alt=\"\" width=\"177\" height=\"180\" \/><\/a>LA RASSEGNA STAMPA NAZIONALE ALLA RADIO, OGNI GIORNO ALLE 5 E ALLE 6 DEL MATTINO <span style=\"color: #0000ff;\">viene pubblicata alle 6.00 <span style=\"color: #ff0000;\">DIRETTA RADIO\u00a0 \u00a0\u00a0<\/span><\/span><\/strong><\/p><\/blockquote>\n<p>&nbsp;<\/p>\n<p><strong>NOTIZIE DELLA NOTTE\u00a0<\/strong><\/p>\n<p><strong>Copernicus,<\/strong> gennaio 2025 il pi\u00f9 caldo della storia <strong>Seul,<\/strong> ministeri Difesa e Commercio mettono al bando DeepSeek<br \/>\n<strong>Haiti,<\/strong> Rubio manda 40 milioni per la missione multinazionale <strong>L&#8217;ex consigliere<\/strong> di Ocasio-Cortez sfida Nancy Pelosi alla Camera <strong>L&#8217;aeroporto di Bogot\u00e0<\/strong> supera quello di Citt\u00e0 del Messico <strong>Borsa:<\/strong> Hong Kong negativa, apre a -0,08%<br \/>\n<strong>Borsa<\/strong>: Shanghai apre a -0,09%, Shenzhen a -0,21% <strong>La procura del Cile<\/strong>, &#8216;Cabello ha commissionato l&#8217;omicidio Ojeda&#8217;<\/p>\n<p><span style=\"color: #ff0000;\">FIRENZE\u00a0<\/span> Crollo nel cantiere di Esselunga, 3 indagati <span style=\"color: #ff0000;\">AOSTA<\/span> Tac al gatto, la procura di Aosta apre un fascicolo <span style=\"color: #ff0000;\">NAPOLI<\/span> Sciame sismico ai Campi Flegrei, registrate pi\u00f9 di 50 scosse <span style=\"color: #ff0000;\">NAPOLI<\/span> Truffe sui migranti, il ruolo del tesoriere sospeso dal Pd in Campania <span style=\"color: #ff0000;\">TORINO<\/span> Falsi dossier sui pm di Torino, indagato un investigatore privato <span style=\"color: #ff0000;\">VERONA<\/span> Nora morta di overdose a 15 anni, i familiari: &#8216;Venduta dai pusher&#8217;<\/p>\n<h2>AUDIO dalle 6 del mattino<\/h2>\n<audio class=\"wp-audio-shortcode\" id=\"audio-433060-3\" preload=\"none\" style=\"width: 100%;\" controls=\"controls\"><source type=\"audio\/mpeg\" src=\"https:\/\/www.radiopiu.net\/wordpress\/wp-content\/uploads\/2025\/02\/GIORNALEDELLESEI-4.mp3?_=3\" \/><a href=\"https:\/\/www.radiopiu.net\/wordpress\/wp-content\/uploads\/2025\/02\/GIORNALEDELLESEI-4.mp3\">https:\/\/www.radiopiu.net\/wordpress\/wp-content\/uploads\/2025\/02\/GIORNALEDELLESEI-4.mp3<\/a><\/audio>\n<p>&nbsp;<\/p>\n<p>&nbsp;<\/p>\n<hr \/>\n<p>&nbsp;<\/p>\n<h1 style=\"text-align: center;\"><span style=\"color: #ff0000;\"><a class=\"dt-pswp-item\" href=\"https:\/\/www.radiopiu.net\/wordpress\/wp-content\/uploads\/2024\/11\/7.jpg\" data-dt-img-description=\"\" data-large_image_width=\"180\" data-large_image_height=\"180\"><img loading=\"lazy\" decoding=\"async\" class=\"size-full wp-image-417912 alignleft\" src=\"https:\/\/www.radiopiu.net\/wordpress\/wp-content\/uploads\/2024\/11\/7.jpg\" alt=\"\" width=\"180\" height=\"180\" srcset=\"https:\/\/www.radiopiu.net\/wordpress\/wp-content\/uploads\/2024\/11\/7.jpg 180w, https:\/\/www.radiopiu.net\/wordpress\/wp-content\/uploads\/2024\/11\/7-150x150.jpg 150w\" sizes=\"auto, (max-width: 180px) 100vw, 180px\" \/><\/a>I podcast informativi del mattino &#8211; audio &#8211;\u00a0<\/span><\/h1>\n<p><strong>OGNI GIORNO ALLE SETTE DEL MATTINO, LA RASSEGNA STAMPA LOCALE FLASH&#8230; PER CHI VA IN FRETTA. I TITOLI DAI GIORNALI E DAL SITO WWW.RADIOPIU.NET <span style=\"color: #0000ff;\">viene pubblicato alle 7.00<\/span> <span style=\"color: #ff0000;\">DIRETTA RADIO\u00a0<\/span><\/strong><\/p>\n<p><em><span style=\"color: #ff0000;\">per chi va in fretta&#8230; tante notizie in pochi minuti. L&#8217;informazione locale alla radio, ogni ora dalle 7 del mattino alle 19 della sera.<\/span><\/em><\/p>\n<h1>AUDIO dalle 7 del mattino<\/h1>\n<audio class=\"wp-audio-shortcode\" id=\"audio-433060-4\" preload=\"none\" style=\"width: 100%;\" controls=\"controls\"><source type=\"audio\/mpeg\" src=\"https:\/\/www.radiopiu.net\/wordpress\/wp-content\/uploads\/2025\/02\/GF07-4.mp3?_=4\" \/><a href=\"https:\/\/www.radiopiu.net\/wordpress\/wp-content\/uploads\/2025\/02\/GF07-4.mp3\">https:\/\/www.radiopiu.net\/wordpress\/wp-content\/uploads\/2025\/02\/GF07-4.mp3<\/a><\/audio>\n<p>&nbsp;<\/p>\n<p>&nbsp;<\/p>\n<hr \/>\n<p>&nbsp;<\/p>\n<h1><\/h1>\n<h1 style=\"text-align: center;\"><span style=\"color: #ff0000;\"><a class=\"dt-pswp-item\" href=\"https:\/\/www.radiopiu.net\/wordpress\/wp-content\/uploads\/2024\/11\/th.jpg\" data-dt-img-description=\"\" data-large_image_width=\"148\" data-large_image_height=\"179\"><img loading=\"lazy\" decoding=\"async\" class=\"size-full wp-image-417913 alignleft\" src=\"https:\/\/www.radiopiu.net\/wordpress\/wp-content\/uploads\/2024\/11\/th.jpg\" alt=\"\" width=\"148\" height=\"179\" \/><\/a>I podcast informativi del mattino &#8211; audio &#8211;\u00a0<\/span><\/h1>\n<blockquote><p><strong>GIORNALE RADIO NAZIONALE, EDIZIONE DELLE SETTE <span style=\"color: #0000ff;\">viene pubblicato alle 7.05 <span style=\"color: #ff0000;\">DIRETTA RADIO\u00a0<\/span><\/span><\/strong><\/p><\/blockquote>\n<p><strong>il giornale radionazionale e&#8217; in onda ogni ora, dalle sette del mattino alle venti della sera\u00a0 \u00a0<\/strong><\/p>\n<p><strong>BELLUNO<\/strong> Perquisita sede associazione che denuncia sindaci su autovelox Altvelox indagata per diffamazione del Prefetto di <strong>VENEZIA<\/strong> La Banca degli Occhi del Veneto cresce, quasi 7mila donazioni <strong>TREVISO<\/strong> In aeroporto con documenti falsi, tre arresti.\u00a0 Albanesi erano diretti in Irlanda <strong>TREVISO<\/strong> Recuperati 40.000 euro da truffe ad anziani, una denuncia <strong>VENEZIA<\/strong> Controlli su sicurezza lavoro, 15 sanzioni dei carabinieri Nil <strong>PADOVA<\/strong> Finto &#8216;maresciallo&#8217; estorce denaro a una donna, arrestato<br \/>\n<strong>VENEZIA<\/strong> Malore alla guida, camionista muore in A4 E&#8217; riuscito ad accostare continuando la corsa per 200 metri <strong>VERONA<\/strong> Rapina turista e quando viene arrestato ingoia una collana d&#8217;oro Portato in ospedale, scardina una porta d&#8217;ingresso<\/p>\n<h2><span style=\"color: #ff0000;\"><span style=\"color: #0000ff;\">ULTIM&#8217;ORA<\/span> <span style=\"color: #000000;\">AUDIO dalle sette del mattino, ogni ora alla radio EDIZIONE DELLE SETTE<\/span><\/span><\/h2>\n<audio class=\"wp-audio-shortcode\" id=\"audio-433060-5\" preload=\"none\" style=\"width: 100%;\" controls=\"controls\"><source type=\"audio\/mpeg\" src=\"https:\/\/www.radiopiu.net\/wordpress\/wp-content\/uploads\/2025\/02\/giornale07-4.mp3?_=5\" \/><a href=\"https:\/\/www.radiopiu.net\/wordpress\/wp-content\/uploads\/2025\/02\/giornale07-4.mp3\">https:\/\/www.radiopiu.net\/wordpress\/wp-content\/uploads\/2025\/02\/giornale07-4.mp3<\/a><\/audio>\n<p>&nbsp;<\/p>\n<p>&nbsp;<\/p>\n<hr \/>\n<p>&nbsp;<\/p>\n<p>&nbsp;<\/p>\n<h1><span style=\"color: #ff0000;\"><a class=\"dt-pswp-item\" href=\"https:\/\/www.radiopiu.net\/wordpress\/wp-content\/uploads\/2024\/11\/8.jpg\" data-dt-img-description=\"\" data-large_image_width=\"180\" data-large_image_height=\"180\"><img loading=\"lazy\" decoding=\"async\" class=\"size-full wp-image-417910 alignleft\" src=\"https:\/\/www.radiopiu.net\/wordpress\/wp-content\/uploads\/2024\/11\/8.jpg\" alt=\"\" width=\"180\" height=\"180\" srcset=\"https:\/\/www.radiopiu.net\/wordpress\/wp-content\/uploads\/2024\/11\/8.jpg 180w, https:\/\/www.radiopiu.net\/wordpress\/wp-content\/uploads\/2024\/11\/8-150x150.jpg 150w\" sizes=\"auto, (max-width: 180px) 100vw, 180px\" \/><\/a>I podcast informativi del mattino &#8211; video &#8211;\u00a0<\/span><\/h1>\n<h2 style=\"text-align: left;\"><strong>RASSEGNA STAMPA LOCALE, ORE OTTO<\/strong><\/h2>\n<h2><strong> <span style=\"color: #0000ff;\">viene\u00a0 <\/span><\/strong><strong><span style=\"color: #0000ff;\">pubblicata alle 8.05 <span style=\"color: #ff0000;\">DIRETTA RADIO\u00a0 \u00a0<\/span><\/span><\/strong><strong>DI MIRKO MEZZACASA<\/strong><\/h2>\n<h2><span style=\"color: #ff0000;\"><strong>\u00a0<\/strong><\/span><\/h2>\n<h2><span style=\"color: #ff0000;\"><strong>\u00a0<\/strong><\/span><span style=\"color: #ff0000;\"><strong>VIDEO\u00a0 \u00a0in diretta AGGIORNAMENTO\u00a0 dalle 8 del mattino\u00a0<\/strong><\/span><\/h2>\n<h2><iframe loading=\"lazy\" style=\"border: none; overflow: hidden;\" src=\"https:\/\/www.facebook.com\/plugins\/video.php?height=314&amp;href=https%3A%2F%2Fwww.facebook.com%2Fradiopiu%2Fvideos%2F631610856185279%2F&amp;show_text=false&amp;width=560&amp;t=0\" width=\"560\" height=\"314\" frameborder=\"0\" scrolling=\"no\" allowfullscreen=\"allowfullscreen\"><\/iframe><\/h2>\n<h2><span style=\"color: #ff0000;\"><strong> \u00a0<\/strong><\/span><\/h2>\n<p>&nbsp;<\/p>\n<p>&nbsp;<\/p>\n<hr \/>\n<p>&nbsp;<\/p>\n<p>&nbsp;<\/p>\n<p><strong><a class=\"dt-pswp-item\" href=\"https:\/\/www.radiopiu.net\/wordpress\/wp-content\/uploads\/2023\/12\/ANTENNA.png\" data-dt-img-description=\"\" data-large_image_width=\"300\" data-large_image_height=\"166\"><img loading=\"lazy\" decoding=\"async\" class=\"wp-image-366306 alignright\" src=\"https:\/\/www.radiopiu.net\/wordpress\/wp-content\/uploads\/2023\/12\/ANTENNA.png\" alt=\"\" width=\"101\" height=\"56\" \/><\/a><a class=\"dt-pswp-item\" href=\"https:\/\/www.radiopiu.net\/wordpress\/wp-content\/uploads\/2024\/11\/th-17.jpg\" data-dt-img-description=\"\" data-large_image_width=\"224\" data-large_image_height=\"180\"><img loading=\"lazy\" decoding=\"async\" class=\" wp-image-421610 alignleft\" src=\"https:\/\/www.radiopiu.net\/wordpress\/wp-content\/uploads\/2024\/11\/th-17.jpg\" alt=\"\" width=\"167\" height=\"134\" \/><\/a>ogni sera alle 19 le anticipazioni alla radio, quello che poi seguirete nel TELEGIORNALE BELLUNESE\u00a0 in onda alle 19.30 sul CANALE 10 del digitale terrestre.\u00a0\u00a0<\/strong><\/p>\n<p>&nbsp;<\/p>\n<p><b>\u00a0\u00a0<\/b><\/p>\n<p>&nbsp;<\/p>\n<p><span style=\"color: #ff0000;\"><strong>LE ANTICIPAZIONI DI TIZIANA BOLOGNANI\u00a0 \u00a0 <span style=\"color: #000000;\">&#8220;PERQUISITA LA SEDE DI ALTVELOX, DIFFAMAZIONE? LO STABILIRANNO, PROCURA, GIUDICI E LEGALI&#8221;<\/span><\/strong><\/span><\/p>\n<audio class=\"wp-audio-shortcode\" id=\"audio-433060-6\" preload=\"none\" style=\"width: 100%;\" controls=\"controls\"><source type=\"audio\/mpeg\" src=\"https:\/\/www.radiopiu.net\/wordpress\/wp-content\/uploads\/2025\/02\/ANTENNA3-3.mp3?_=6\" \/><a href=\"https:\/\/www.radiopiu.net\/wordpress\/wp-content\/uploads\/2025\/02\/ANTENNA3-3.mp3\">https:\/\/www.radiopiu.net\/wordpress\/wp-content\/uploads\/2025\/02\/ANTENNA3-3.mp3<\/a><\/audio>\n<p>&nbsp;<\/p>\n<hr \/>\n<p>&nbsp;<\/p>\n<blockquote>\n<h3>347 DEL DURAN E CEREDA: SENSO UNICO A BRUGNACH<\/h3>\n<\/blockquote>\n<p><img loading=\"lazy\" decoding=\"async\" class=\"alignleft\" src=\"https:\/\/www.radiopiu.net\/wordpress\/wp-content\/uploads\/2022\/08\/08445607-590e-4bb1-a25f-88d593548286.jpg\" width=\"108\" height=\"81\" \/>Veneto Strade informa che dal 14 febbraio all&#8217;8 marzo, sabato e domenica compresi, \u00e8 previsto il senso unico regolato da semaforo lungo la 347 del Duran e Cereda in localit\u00e0 Brugnach di Agordo.<\/p>\n<p>&nbsp;<\/p>\n<p>&nbsp;<\/p>\n<p>&nbsp;<\/p>\n<hr \/>\n<p>&nbsp;<\/p>\n<blockquote>\n<h3>ADDIO AD ARMANDO DAL COL, MAESTRO DEI BONSAI<\/h3>\n<\/blockquote>\n<p><strong><a class=\"dt-pswp-item\" href=\"https:\/\/www.radiopiu.net\/wordpress\/wp-content\/uploads\/2025\/02\/SCR-20250205-rbay.jpeg\" data-dt-img-description=\"\" data-large_image_width=\"700\" data-large_image_height=\"468\"><img loading=\"lazy\" decoding=\"async\" class=\" wp-image-433244 alignleft\" src=\"https:\/\/www.radiopiu.net\/wordpress\/wp-content\/uploads\/2025\/02\/SCR-20250205-rbay-300x201.jpeg\" alt=\"\" width=\"184\" height=\"123\" srcset=\"https:\/\/www.radiopiu.net\/wordpress\/wp-content\/uploads\/2025\/02\/SCR-20250205-rbay-300x201.jpeg 300w, https:\/\/www.radiopiu.net\/wordpress\/wp-content\/uploads\/2025\/02\/SCR-20250205-rbay.jpeg 700w\" sizes=\"auto, (max-width: 184px) 100vw, 184px\" \/><\/a>BELLUNO<\/strong> Armando Dal Col, maestro del bonsai, \u00e8 scomparso a 90 anni. Nato a Tarzo nel 1935, ha vissuto tra Longarone e Belluno, coltivando fin da giovane la passione per gli alberi in miniatura. Scampato al disastro del Vajont, ha dedicato la vita all\u2019arte del bonsai, approfondendola con viaggi in Giappone e nelle Filippine. Nel 1981 ha fondato l\u2019Associazione Italiana Bonsai, contribuendo alla diffusione dell\u2019arte in Italia. Nel 1996 si \u00e8 trasferito a Tarzo, dove ha creato il Giardino Museo Bonsai della Serenit\u00e0. Il suo Faggio Patriarca, con oltre 250 anni, \u00e8 stato premiato dalla Nippon Bonsai Association.<\/p>\n<p>&nbsp;<\/p>\n<p>&nbsp;<\/p>\n<hr \/>\n<p>&nbsp;<\/p>\n<blockquote>\n<h3>LA GIORNATA DEL SUEM 118 TRA INTERVENTI IN PISTA E UN INCIDENTE STRADALE<\/h3>\n<\/blockquote>\n<p><strong><a class=\"dt-pswp-item\" href=\"https:\/\/www.radiopiu.net\/wordpress\/wp-content\/uploads\/2023\/08\/suem.png\" data-dt-img-description=\"\" data-large_image_width=\"273\" data-large_image_height=\"127\"><img loading=\"lazy\" decoding=\"async\" class=\" wp-image-348238 alignleft\" src=\"https:\/\/www.radiopiu.net\/wordpress\/wp-content\/uploads\/2023\/08\/suem.png\" alt=\"\" width=\"213\" height=\"99\" \/><\/a>REDAZIONE<\/strong> Nelle ultime 24 ore, il SUEM 118 dell&#8217;ULSS Dolomiti ha gestito diversi interventi, principalmente su piste da sci e per emergenze mediche. Ad Alleghe, una sciatrice svedese di 63 anni ha riportato un trauma agli arti ed \u00e8 stata trasportata in elicottero a Belluno. A Cortina d&#8217;Ampezzo, una sciatrice polacca minorenne con trauma cranico \u00e8 stata soccorsa e trasferita in ospedale. A Sedico, un uomo di 43 anni coinvolto in un incidente stradale ha rifiutato il trasporto in ambulanza. A Zoldo, una donna di 65 anni con un problema medico \u00e8 stata assistita dall\u2019ambulanza e dall\u2019elicottero Falco.<\/p>\n<p>&nbsp;<\/p>\n<p>&nbsp;<\/p>\n<hr \/>\n<p>&nbsp;<\/p>\n<blockquote>\n<h1>Scoperta discarica abusiva vicino al ponte sul Biotis: la denuncia sui social<\/h1>\n<\/blockquote>\n<p><strong>SEREN DEL GRAPPA \u2013<\/strong> Una segnalazione accompagnata da fotografie da Seren del Grappa. Sulla pagina Facebook <em>&#8220;Te se da Seren se&#8230;&#8221;<\/em>, Bruno Marchesin ha denunciato la presenza di una discarica abusiva a fianco della superstrada, proprio sotto la piazzola di sosta vicino al ponte sul Biotis. Le immagini pubblicate mostrano rifiuti abbandonati in modo indiscriminato. Marchesin, oltre a documentare lo stato di degrado, ha anche avanzato una proposta concreta per contrastare il fenomeno: <em>\u201cSuggerirei l\u2019installazione di una fotocamera\u201d<\/em>, scrive nel post, per individuare e sanzionare i responsabili di questi atti di incivilt\u00e0. Tra i commenti alla denuncia, spicca quello di Angelo Sebben, che sottolinea come il problema sia ancora pi\u00f9 grave considerando che esistono gi\u00e0 soluzioni efficienti per lo smaltimento dei rifiuti: <em>\u201cCi sono gli ecocentri che funzionano bene e ancora succedono queste cose, possono solo vergognarsi\u201d<\/em>. Il fenomeno dell\u2019abbandono di rifiuti nelle aree pubbliche \u00e8 un problema che purtroppo si ripresenta ciclicamente, nonostante i servizi di raccolta differenziata e gli ecocentri attivi sul territorio.<\/p>\n<div class=\"flex-1 overflow-hidden @container\/thread translate-y-[1.5rem] -mt-[1.5rem]\">\n<div class=\"h-full\">\n<div class=\"react-scroll-to-bottom--css-kyqeh-79elbk h-full\">\n<div class=\"react-scroll-to-bottom--css-kyqeh-1n7m0yu\">\n<div class=\"flex flex-col text-sm md:pb-9\">\n<article class=\"w-full text-token-text-primary focus-visible:outline-2 focus-visible:outline-offset-[-4px]\" dir=\"auto\" data-testid=\"conversation-turn-3\" data-scroll-anchor=\"true\">\n<div class=\"m-auto text-base py-[18px] px-3 md:px-4 w-full md:px-5 lg:px-4 xl:px-5\">\n<div class=\"mx-auto flex flex-1 gap-4 text-base md:gap-5 lg:gap-6 md:max-w-3xl lg:max-w-[40rem] xl:max-w-[48rem]\">\n<div class=\"group\/conversation-turn relative flex w-full min-w-0 flex-col agent-turn px-4 @xs\/thread:px-0 @sm\/thread:px-1.5\">\n<div class=\"flex-col gap-1 md:gap-3\">\n<div class=\"flex max-w-full flex-col flex-grow\">\n<div class=\"min-h-8 text-message flex w-full flex-col items-end gap-2 whitespace-normal break-words text-start [.text-message+&amp;]:mt-5\" dir=\"auto\" data-message-author-role=\"assistant\" data-message-id=\"a7bbad52-4345-47bb-9441-5042a9d28b7d\" data-message-model-slug=\"gpt-4o\">\n<div class=\"flex w-full flex-col gap-1 empty:hidden first:pt-[3px]\">\n<div class=\"markdown prose w-full break-words dark:prose-invert dark\">\n\n\t\t\t<style type='text\/css'>\n\t\t\t\t#gallery-2 {\n\t\t\t\t\tmargin: auto;\n\t\t\t\t}\n\t\t\t\t#gallery-2 .gallery-item {\n\t\t\t\t\tfloat: left;\n\t\t\t\t\tmargin-top: 10px;\n\t\t\t\t\ttext-align: center;\n\t\t\t\t\twidth: 50%;\n\t\t\t\t}\n\t\t\t\t#gallery-2 img {\n\t\t\t\t\tborder: 2px solid #cfcfcf;\n\t\t\t\t}\n\t\t\t\t#gallery-2 .gallery-caption {\n\t\t\t\t\tmargin-left: 0;\n\t\t\t\t}\n\t\t\t\t\/* see gallery_shortcode() in wp-includes\/media.php *\/\n\t\t\t<\/style>\n\t\t<div id='gallery-2' class='dt-gallery-container gallery galleryid-433060 gallery-columns-2 gallery-size-thumbnail'><dl class='gallery-item'>\n\t\t\t\t<dt class='gallery-icon portrait'>\n\t\t\t\t\t<a class=\"rollover rollover-zoom dt-pswp-item\" title=\"476016691_10222707789998295_7586108071940298271_n\" data-dt-img-description=\"\" data-large_image_width=\"450\" data-large_image_height=\"600\"href='https:\/\/www.radiopiu.net\/wordpress\/wp-content\/uploads\/2025\/02\/476016691_10222707789998295_7586108071940298271_n.jpg'><img loading=\"lazy\" decoding=\"async\" width=\"150\" height=\"150\" src=\"https:\/\/www.radiopiu.net\/wordpress\/wp-content\/uploads\/2025\/02\/476016691_10222707789998295_7586108071940298271_n-150x150.jpg\" class=\"attachment-thumbnail size-thumbnail\" alt=\"\" \/><\/a>\n\t\t\t\t<\/dt><\/dl><dl class='gallery-item'>\n\t\t\t\t<dt class='gallery-icon portrait'>\n\t\t\t\t\t<a class=\"rollover rollover-zoom dt-pswp-item\" title=\"475977130_10222707790678312_2698384113321439095_n\" data-dt-img-description=\"\" data-large_image_width=\"450\" data-large_image_height=\"600\"href='https:\/\/www.radiopiu.net\/wordpress\/wp-content\/uploads\/2025\/02\/475977130_10222707790678312_2698384113321439095_n.jpg'><img loading=\"lazy\" decoding=\"async\" width=\"150\" height=\"150\" src=\"https:\/\/www.radiopiu.net\/wordpress\/wp-content\/uploads\/2025\/02\/475977130_10222707790678312_2698384113321439095_n-150x150.jpg\" class=\"attachment-thumbnail size-thumbnail\" alt=\"\" \/><\/a>\n\t\t\t\t<\/dt><\/dl><br style=\"clear: both\" \/>\n\t\t\t<\/div>\n\n<\/div>\n<p>&nbsp;<\/p>\n<\/div>\n<\/div>\n<\/div>\n<\/div>\n<\/div>\n<\/div>\n<\/div>\n<\/article>\n<\/div>\n<\/div>\n<\/div>\n<\/div>\n<\/div>\n<p>&nbsp;<\/p>\n<hr \/>\n<p>&nbsp;<\/p>\n<blockquote>\n<h3>PERQUISITA LA SEDE DI ALTVELOX<\/h3>\n<\/blockquote>\n<p><strong><a class=\"dt-pswp-item\" href=\"https:\/\/www.radiopiu.net\/wordpress\/wp-content\/uploads\/2024\/01\/369536985_252779490923240_4904751416599422507_n.jpg\" data-dt-img-description=\"\" data-large_image_width=\"2048\" data-large_image_height=\"2048\"><img loading=\"lazy\" decoding=\"async\" class=\" wp-image-368308 alignleft\" src=\"https:\/\/www.radiopiu.net\/wordpress\/wp-content\/uploads\/2024\/01\/369536985_252779490923240_4904751416599422507_n-300x300.jpg\" alt=\"\" width=\"97\" height=\"97\" srcset=\"https:\/\/www.radiopiu.net\/wordpress\/wp-content\/uploads\/2024\/01\/369536985_252779490923240_4904751416599422507_n-300x300.jpg 300w, https:\/\/www.radiopiu.net\/wordpress\/wp-content\/uploads\/2024\/01\/369536985_252779490923240_4904751416599422507_n-1024x1024.jpg 1024w, https:\/\/www.radiopiu.net\/wordpress\/wp-content\/uploads\/2024\/01\/369536985_252779490923240_4904751416599422507_n-150x150.jpg 150w, https:\/\/www.radiopiu.net\/wordpress\/wp-content\/uploads\/2024\/01\/369536985_252779490923240_4904751416599422507_n-768x768.jpg 768w, https:\/\/www.radiopiu.net\/wordpress\/wp-content\/uploads\/2024\/01\/369536985_252779490923240_4904751416599422507_n-1536x1536.jpg 1536w, https:\/\/www.radiopiu.net\/wordpress\/wp-content\/uploads\/2024\/01\/369536985_252779490923240_4904751416599422507_n.jpg 2048w\" sizes=\"auto, (max-width: 97px) 100vw, 97px\" \/><\/a>BELLUNO<\/strong> La Digos di Belluno ha perquisito la sede dell\u2019associazione &#8220;Altvelox&#8221;, ovvero l\u2019abitazione del presidente Gianantonio Sottile. L&#8217;associazione aveva presentato denunce contro sindaci e prefetti per l\u2019uso degli autovelox, coinvolgendo anche il sindaco di Treviso e il prefetto. La perquisizione \u00e8 avvenuta dopo una querela per diffamazione del prefetto di Belluno, Antonello Roccoberton. Sono stati sequestrati un computer e un telefono di Sottile. &#8220;Altvelox&#8221; aveva accusato il prefetto di omissione di atti d&#8217;ufficio riguardo ai piani urbani di sicurezza non attuati dai Comuni.<\/p>\n<h1 class=\"_title post-title entry-title\">BELLUNO | LA DIGOS PERQUISISCE LA SEDE DI ALTVELOX E L\u2019ABITAZIONE DEL SUO PRESIDENTE<\/h1>\n<p>Intervistati GIANANTONIO SOTTILE \u2013 PRESIDENTE ALTVELOX (AL TELEFONO) (Servizio di <a href=\"https:\/\/antennatre.medianordest.it\/redazione\/Fabio-Fioravanzi\/\">Fabio Fioravanzi<\/a>)<\/p>\n<p><iframe loading=\"lazy\" title=\"LA DIGOS PERQUISISCE LA SEDE DI ALTVELOX E L&#039;ABITAZIONE DEL SUO PRESIDENTE | 05\/02\/2025\" width=\"1200\" height=\"675\" src=\"https:\/\/www.youtube.com\/embed\/Ni7PWJh0UxY?feature=oembed\" frameborder=\"0\" allow=\"accelerometer; autoplay; clipboard-write; encrypted-media; gyroscope; picture-in-picture; web-share\" referrerpolicy=\"strict-origin-when-cross-origin\" allowfullscreen><\/iframe><\/p>\n<p>&nbsp;<\/p>\n<p>&nbsp;<\/p>\n<p>&nbsp;<\/p>\n<hr \/>\n<p>&nbsp;<\/p>\n<blockquote>\n<h3><a class=\"dt-pswp-item\" href=\"https:\/\/www.radiopiu.net\/wordpress\/wp-content\/uploads\/2020\/04\/PREFETTURA-BELLUNO.jpeg\" data-dt-img-description=\"\" data-large_image_width=\"384\" data-large_image_height=\"384\"><img loading=\"lazy\" decoding=\"async\" class=\" wp-image-133575 alignleft\" src=\"https:\/\/www.radiopiu.net\/wordpress\/wp-content\/uploads\/2020\/04\/PREFETTURA-BELLUNO-300x300.jpeg\" alt=\"\" width=\"135\" height=\"135\" srcset=\"https:\/\/www.radiopiu.net\/wordpress\/wp-content\/uploads\/2020\/04\/PREFETTURA-BELLUNO-300x300.jpeg 300w, https:\/\/www.radiopiu.net\/wordpress\/wp-content\/uploads\/2020\/04\/PREFETTURA-BELLUNO-150x150.jpeg 150w, https:\/\/www.radiopiu.net\/wordpress\/wp-content\/uploads\/2020\/04\/PREFETTURA-BELLUNO.jpeg 384w\" sizes=\"auto, (max-width: 135px) 100vw, 135px\" \/><\/a>INCONTRO IN PREFETTURA SULLA SICUREZZA STRADALE<\/h3>\n<\/blockquote>\n<p><strong>BELLUNO\u00a0 <\/strong>Ieri si \u00e8 tenuta in Prefettura una riunione dell&#8217;Osservatorio provinciale della sicurezza stradale, con la partecipazione delle Forze dell&#8217;Ordine, della Polizia Stradale, degli Enti Gestori delle strade e dei Sindaci con la Polizia Locale. Durante l&#8217;incontro, il Comandante della Polizia Stradale ha presentato i risultati degli accertamenti sui dispositivi autovelox, resi necessari dal Decreto dell&#8217;11 aprile 2024, che impone la verifica entro un anno. Una nuova riunione \u00e8 prevista per aprile 2025 per il riscontro definitivo e la conferma delle postazioni conformi.<\/p>\n<p>&nbsp;<\/p>\n<hr \/>\n<p>&nbsp;<\/p>\n<blockquote>\n<h3><strong>Istituto Catullo: lezioni sospese per un guasto alla caldaia<\/strong><\/h3>\n<\/blockquote>\n<p><strong><a class=\"dt-pswp-item\" href=\"https:\/\/www.radiopiu.net\/wordpress\/wp-content\/uploads\/2024\/10\/Istituto-Catullo-chiostro_edited.jpg\" data-dt-img-description=\"\" data-large_image_width=\"1000\" data-large_image_height=\"750\"><img loading=\"lazy\" decoding=\"async\" class=\"wp-image-413573 alignleft\" src=\"https:\/\/www.radiopiu.net\/wordpress\/wp-content\/uploads\/2024\/10\/Istituto-Catullo-chiostro_edited-300x225.jpg\" alt=\"\" width=\"175\" height=\"131\" srcset=\"https:\/\/www.radiopiu.net\/wordpress\/wp-content\/uploads\/2024\/10\/Istituto-Catullo-chiostro_edited-300x225.jpg 300w, https:\/\/www.radiopiu.net\/wordpress\/wp-content\/uploads\/2024\/10\/Istituto-Catullo-chiostro_edited-768x576.jpg 768w, https:\/\/www.radiopiu.net\/wordpress\/wp-content\/uploads\/2024\/10\/Istituto-Catullo-chiostro_edited.jpg 1000w\" sizes=\"auto, (max-width: 175px) 100vw, 175px\" \/><\/a>BELLUNO<\/strong> Lezioni sospese ieri alla sede centrale dell\u2019Istituto Catullo di Belluno a causa di un malfunzionamento della caldaia, che ha lasciato al freddo 500 studenti di 26 classi. L\u2019allarme \u00e8 scattato marted\u00ec sera per una fuga di gas, con l\u2019intervento dei vigili del fuoco che hanno sigillato l\u2019impianto.<\/p>\n<p>Dopo un primo avviso di chiusura prolungata, la dirigente Violetta Anesin ha comunicato la ripresa delle lezioni grazie alla ripartenza della caldaia in serata. La Provincia \u00e8 intervenuta per i necessari controlli. L\u2019istituto ha gi\u00e0 affrontato problemi simili quest\u2019anno, con disagi per le classi ospitate al Seminario, dove studenti e docenti erano rimasti in aula con il cappotto.<\/p>\n<p>&nbsp;<\/p>\n<p>&nbsp;<\/p>\n<hr \/>\n<p>&nbsp;<\/p>\n<blockquote>\n<h2>Cervi sulle piste: sciatrice si schianta contro un ungulato a Cortina<\/h2>\n<\/blockquote>\n<p><strong><a href=\"https:\/\/www.radiopiu.net\/wordpress\/wp-content\/uploads\/2025\/02\/ca421ab8-6b01-46bf-ada8-4d88577d9436.webp\"><img loading=\"lazy\" decoding=\"async\" class=\" wp-image-433275 alignleft\" src=\"https:\/\/www.radiopiu.net\/wordpress\/wp-content\/uploads\/2025\/02\/ca421ab8-6b01-46bf-ada8-4d88577d9436-300x300.webp\" alt=\"\" width=\"116\" height=\"116\" srcset=\"https:\/\/www.radiopiu.net\/wordpress\/wp-content\/uploads\/2025\/02\/ca421ab8-6b01-46bf-ada8-4d88577d9436-300x300.webp 300w, https:\/\/www.radiopiu.net\/wordpress\/wp-content\/uploads\/2025\/02\/ca421ab8-6b01-46bf-ada8-4d88577d9436-150x150.webp 150w, https:\/\/www.radiopiu.net\/wordpress\/wp-content\/uploads\/2025\/02\/ca421ab8-6b01-46bf-ada8-4d88577d9436-768x768.webp 768w, https:\/\/www.radiopiu.net\/wordpress\/wp-content\/uploads\/2025\/02\/ca421ab8-6b01-46bf-ada8-4d88577d9436.webp 1024w\" sizes=\"auto, (max-width: 116px) 100vw, 116px\" \/><\/a><\/strong><\/p>\n<p><strong>CORTINA D\u2019AMPEZZO<\/strong> \u2013 Momenti di paura sulle piste del Muro de Ra Cioures, dove una sciatrice olandese di 21 anni si \u00e8 schiantata contro un cervo sbucato all\u2019improvviso. La giovane, colpita alla testa, al torace e all\u2019addome, \u00e8 stata immediatamente soccorsa da un medico presente sulla pista. Fortunatamente, le sue condizioni sono risultate stabili e il trauma non grave. L\u2019elisoccorso l\u2019ha trasportata in ospedale con codice giallo.<\/p>\n<p>..<\/p>\n<p>&nbsp;<\/p>\n<hr \/>\n<p>&nbsp;<\/p>\n<blockquote>\n<h3>FONDO COMUNI CONFINANTI: 27 MILIONI DI EURO PER COMPLETARE 62 PROGETTI GIA&#8217; AVVIATI<\/h3>\n<\/blockquote>\n<p><strong><a class=\"dt-pswp-item\" href=\"https:\/\/www.radiopiu.net\/wordpress\/wp-content\/uploads\/2020\/01\/uomo-disteso-che-conta-soldi-con-il-calcolatore_23-2148230056.jpg\" data-dt-img-description=\"\" data-large_image_width=\"626\" data-large_image_height=\"417\"><img loading=\"lazy\" decoding=\"async\" class=\" wp-image-115054 alignleft\" src=\"https:\/\/www.radiopiu.net\/wordpress\/wp-content\/uploads\/2020\/01\/uomo-disteso-che-conta-soldi-con-il-calcolatore_23-2148230056-300x200.jpg\" alt=\"\" width=\"188\" height=\"125\" srcset=\"https:\/\/www.radiopiu.net\/wordpress\/wp-content\/uploads\/2020\/01\/uomo-disteso-che-conta-soldi-con-il-calcolatore_23-2148230056-300x200.jpg 300w, https:\/\/www.radiopiu.net\/wordpress\/wp-content\/uploads\/2020\/01\/uomo-disteso-che-conta-soldi-con-il-calcolatore_23-2148230056.jpg 626w\" sizes=\"auto, (max-width: 188px) 100vw, 188px\" \/><\/a>BELLUNO <\/strong>Il Comitato paritetico di gestione del Fondo Comuni confinanti ha approvato l\u2019integrazione di risorse e tempistiche per progetti gi\u00e0 avviati in provincia di Belluno. L\u2019incremento finanziario \u00e8 dovuto all\u2019aumento dei costi causato da Covid, crisi energetica e rincaro delle materie prime. Sono coinvolte 31 progettualit\u00e0 della programmazione 2013-2018 (5,7 milioni aggiuntivi) e altrettante della programmazione 2019-2024 (21,6 milioni). Il presidente della Provincia, Roberto Padrin, sottolinea l\u2019importanza del provvedimento per evitare il blocco dei lavori. Dopo una ricognizione nel 2024, si \u00e8 deciso di applicare il regolamento che consente richieste di integrazione finanziaria per opere colpite dall\u2019inflazione. Il presidente del Comitato, Dario Bond, evidenzia il valore complessivo degli investimenti, pari a 277 milioni, e il loro impatto sul territorio in termini di opere e sviluppo economico. Nella programmazione 2013-2018 spiccano interventi sulle piste ciclabili (rete del basso Feltrino, Auronzo, Valbelluna-Agordino), adeguamenti a strutture sociali (casa di riposo di Taibon), potenziamenti sportivi (piscina di Pedavena) e turistici (ospitalit\u00e0 diffusa nel Feltrino). Per il periodo 2019-2024, le integrazioni riguardano ampliamenti di case di riposo (Val di Zoldo, Livinallongo), sanit\u00e0 e sicurezza in Comelico, potenziamento turistico (cicloturismo Venezia-Monaco, miniere del Fursil, innevamento Col dei Baldi) e impianti sportivi (palaghiaccio di Feltre, piscina di Agordo, campi da tennis di Rivamonte).<\/p>\n<p>&nbsp;<\/p>\n<p>&nbsp;<\/p>\n<hr \/>\n<p>&nbsp;<\/p>\n<blockquote>\n<h2>Sessualit\u00e0 e web: studenti a confronto sui rischi del digitale<\/h2>\n<\/blockquote>\n<p><strong><a class=\"dt-pswp-item\" href=\"https:\/\/www.radiopiu.net\/wordpress\/wp-content\/uploads\/2025\/02\/Senza-nome-15-e1738752373202.png\" data-dt-img-description=\"\" data-large_image_width=\"445\" data-large_image_height=\"288\"><img loading=\"lazy\" decoding=\"async\" class=\"size-medium wp-image-433157 alignleft\" src=\"https:\/\/www.radiopiu.net\/wordpress\/wp-content\/uploads\/2025\/02\/Senza-nome-15-e1738752373202-300x194.png\" alt=\"\" width=\"300\" height=\"194\" srcset=\"https:\/\/www.radiopiu.net\/wordpress\/wp-content\/uploads\/2025\/02\/Senza-nome-15-e1738752373202-300x194.png 300w, https:\/\/www.radiopiu.net\/wordpress\/wp-content\/uploads\/2025\/02\/Senza-nome-15-e1738752373202.png 445w\" sizes=\"auto, (max-width: 300px) 100vw, 300px\" \/><\/a>BELLUNO<\/strong> \u2013 nell\u2019ambito del progetto \u201cSessualit\u00e0 e web\u201d, circa 100 studenti delle classi terze dell\u2019Istituto tecnico economico &#8220;P.F. Calvi&#8221; hanno partecipato a un incontro di sensibilizzazione sui rischi della sessualit\u00e0 virtuale. L\u2019iniziativa, realizzata in collaborazione con l&#8217;Associazione Dafne, ha visto l\u2019intervento del Commissario Sofia Pierini, della psicologa Anna Dal Pan e del presidente Walter Marcer, che hanno approfondito temi come sexting, revenge porn e pornografia. Sono stati evidenziati i rischi per la privacy e le gravi conseguenze legali e psicologiche di comportamenti superficiali online. Gli studenti hanno interagito tramite un QR code anonimo, ponendo domande ai relatori. Un incontro analogo si era gi\u00e0 svolto il 28 gennaio con le classi seconde dell\u2019Istituto &#8220;Dolomieu&#8221; di Longarone.<\/p>\n<p>FONTE facebook <span style=\"color: #0000ff;\"><a style=\"color: #0000ff;\" href=\"https:\/\/www.facebook.com\/questuradibelluno\">QUESTURA DI BELLUNO\u00a0<\/a><\/span><\/p>\n<p>&nbsp;<\/p>\n<hr \/>\n<h1><\/h1>\n<h1 class=\"articlePlainSubHead\">Famiglie in festa<\/h1>\n<h1 class=\"articlePlainTitle\">La &#8220;Giornata della vita&#8221; celebrata ad Agordo<\/h1>\n<div class=\"addthis_sharing_toolbox\" data-url=\"https:\/\/sfoglio.grupponem.it\/share_article.php?article_id=16689399\" data-title=\"Era ubriaca al volante Il marito: \u00abGuidavo io\u00bb E finisce in tribunaleLa &quot;Giornata della vita&quot; cel...\">DI GIANNI SANTOMASO<\/div>\n<div data-url=\"https:\/\/sfoglio.grupponem.it\/share_article.php?article_id=16689399\" data-title=\"Era ubriaca al volante Il marito: \u00abGuidavo io\u00bb E finisce in tribunaleLa &quot;Giornata della vita&quot; cel...\"><\/div>\n<div class=\"articlePlainPhotoBox\"><a class=\"neptuneElement\" title=\"\" href=\"https:\/\/dshare-deploy.grupponem.it\/deploy\/corrierealpi\/20250206\/belluno\/images\/PHOTO\/2147483647\/d92c141831.jpg\"><img decoding=\"async\" class=\"articlePlainPhoto\" src=\"https:\/\/dshare-deploy.grupponem.it\/deploy\/corrierealpi\/20250206\/belluno\/images\/PHOTO\/2147483647\/d92c141831.jpg\" \/><\/a><\/div>\n<div class=\"articlePlainText\"><\/div>\n<div class=\"articlePlainText\">Nell&#8217;anno giubilare, il Consiglio pastorale riunito delle tre parrocchie di Agordo, La Valle e Taibon ha celebrato la &#8220;Giornata per la vita&#8221;, nella chiesa arcidiaconale di Agordo. Presente alla cerimonia un buon numero di genitori e figli (15 su 27) che hanno ricevuto il battesimo nel 2024.<\/div>\n<p>&nbsp;<\/p>\n<hr \/>\n<p>&nbsp;<\/p>\n<blockquote>\n<h2>Aree interne: Alpago Longaronese Zoldo e Cadore entrano nel piano di sviluppo<\/h2>\n<\/blockquote>\n<div class=\"flex-1 overflow-hidden @container\/thread translate-y-[1.5rem] -mt-[1.5rem]\">\n<div class=\"h-full\">\n<div class=\"react-scroll-to-bottom--css-kkedp-79elbk h-full\">\n<div class=\"react-scroll-to-bottom--css-kkedp-1n7m0yu\">\n<div class=\"flex flex-col text-sm md:pb-9\">\n<article class=\"w-full text-token-text-primary focus-visible:outline-2 focus-visible:outline-offset-[-4px]\" dir=\"auto\" data-testid=\"conversation-turn-19\" data-scroll-anchor=\"true\">\n<div class=\"m-auto text-base py-[18px] px-3 md:px-4 w-full md:px-5 lg:px-4 xl:px-5\">\n<div class=\"mx-auto flex flex-1 gap-4 text-base md:gap-5 lg:gap-6 md:max-w-3xl lg:max-w-[40rem] xl:max-w-[48rem]\">\n<div class=\"group\/conversation-turn relative flex w-full min-w-0 flex-col agent-turn px-4 @xs\/thread:px-0 @sm\/thread:px-1.5\">\n<div class=\"flex-col gap-1 md:gap-3\">\n<div class=\"flex max-w-full flex-col flex-grow\">\n<div class=\"min-h-8 text-message flex w-full flex-col items-end gap-2 whitespace-normal break-words text-start [.text-message+&amp;]:mt-5\" dir=\"auto\" data-message-author-role=\"assistant\" data-message-id=\"f044a4a1-5bb0-4c97-875c-8feedf927709\" data-message-model-slug=\"gpt-4o\">\n<div class=\"flex w-full flex-col gap-1 empty:hidden first:pt-[3px]\">\n<div class=\"markdown prose w-full break-words dark:prose-invert dark\">\n<p><strong><a href=\"https:\/\/www.radiopiu.net\/wordpress\/wp-content\/uploads\/2025\/02\/7510e1ba-fe1c-48e6-bec6-bd53c0d6a999.webp\"><img loading=\"lazy\" decoding=\"async\" class=\" wp-image-433153 alignleft\" src=\"https:\/\/www.radiopiu.net\/wordpress\/wp-content\/uploads\/2025\/02\/7510e1ba-fe1c-48e6-bec6-bd53c0d6a999-300x300.webp\" alt=\"\" width=\"203\" height=\"203\" srcset=\"https:\/\/www.radiopiu.net\/wordpress\/wp-content\/uploads\/2025\/02\/7510e1ba-fe1c-48e6-bec6-bd53c0d6a999-300x300.webp 300w, https:\/\/www.radiopiu.net\/wordpress\/wp-content\/uploads\/2025\/02\/7510e1ba-fe1c-48e6-bec6-bd53c0d6a999-150x150.webp 150w, https:\/\/www.radiopiu.net\/wordpress\/wp-content\/uploads\/2025\/02\/7510e1ba-fe1c-48e6-bec6-bd53c0d6a999-768x768.webp 768w, https:\/\/www.radiopiu.net\/wordpress\/wp-content\/uploads\/2025\/02\/7510e1ba-fe1c-48e6-bec6-bd53c0d6a999.webp 1024w\" sizes=\"auto, (max-width: 203px) 100vw, 203px\" \/><\/a>BELLUNO<\/strong> \u2013 Nuove risorse in arrivo per le aree interne del Veneto. Trattata in Conferenza delle Regioni la nuova programmazione per i territori considerati svantaggiati a causa della loro posizione periferica e del progressivo spopolamento. La grande novit\u00e0 riguarda l\u2019inserimento di due nuove aree all\u2019interno del piano di sviluppo: Alpago Longaronese Zoldo e Cadore. A darne l\u2019annuncio \u00e8 l\u2019assessore alla Specificit\u00e0 di Belluno, Gianpaolo Bottacin, che sottolinea come questa estensione sia frutto di una sua proposta avanzata nei mesi scorsi. \u201cOltre alle tre aree gi\u00e0 individuate in Veneto \u2013 Altopiano di Asiago, Agordino e Comelico \u2013 ora ve ne saranno altre due: una comprendente Alpago Longaronese Zoldo e l\u2019altra il Cadore\u201d.<\/p>\n<p><span style=\"color: #ff0000;\"><strong>L&#8217;ASSESSORE REGIONALE GIANPAOLO BOTTACIN<\/strong><\/span><\/p>\n<\/div>\n<\/div>\n<\/div>\n<\/div>\n<\/div>\n<\/div>\n<\/div>\n<\/div>\n<\/article>\n<\/div>\n<\/div>\n<\/div>\n<\/div>\n<\/div>\n<div class=\"md:pt-0 dark:border-white\/20 md:border-transparent md:dark:border-transparent w-full\">\n<div class=\"m-auto text-base px-3 md:px-4 w-full md:px-5 lg:px-4 xl:px-5\">\n<div class=\"mx-auto flex flex-1 gap-4 text-base md:gap-5 lg:gap-6 md:max-w-3xl lg:max-w-[40rem] xl:max-w-[48rem]\">\n<form class=\"w-full\" aria-haspopup=\"dialog\" aria-expanded=\"false\" aria-controls=\"radix-:r95:\" data-state=\"closed\">\n<div class=\"relative z-[1] flex h-full max-w-full flex-1 flex-col\">\n<div class=\"group relative z-[1] flex w-full items-center\">\n<div class=\"w-full\">\n<div id=\"composer-background\" class=\"flex w-full cursor-text flex-col rounded-3xl border border-token-border-light px-3 py-1 transition-colors contain-inline-size dark:border-none dark:shadow-none shadow-[0_9px_9px_0px_rgba(0,0,0,0.01),_0_2px_5px_0px_rgba(0,0,0,0.06)] bg-token-main-surface-primary dark:bg-[#303030]\">\n<div class=\"mb-2 mt-1 flex items-center justify-between sm:mt-5\">\n<div class=\"flex gap-x-1.5 text-token-text-primary\">\n<div class=\"whitespace-nowrap pl-1 pr-1 [display:--force-hide-label]\">\n<div style=\"width: 848px;\" class=\"wp-video\"><video class=\"wp-video-shortcode\" id=\"video-433060-1\" width=\"848\" height=\"478\" preload=\"metadata\" controls=\"controls\"><source type=\"video\/mp4\" src=\"https:\/\/www.radiopiu.net\/wordpress\/wp-content\/uploads\/2025\/02\/WhatsApp-Video-2025-02-05-at-11.29.58.mp4?_=1\" \/><a href=\"https:\/\/www.radiopiu.net\/wordpress\/wp-content\/uploads\/2025\/02\/WhatsApp-Video-2025-02-05-at-11.29.58.mp4\">https:\/\/www.radiopiu.net\/wordpress\/wp-content\/uploads\/2025\/02\/WhatsApp-Video-2025-02-05-at-11.29.58.mp4<\/a><\/video><\/div>\n<p>&nbsp;<\/p>\n<hr \/>\n<p>&nbsp;<\/p>\n<blockquote>\n<h3><strong>Veneto Strade: Montanariello (Pd) chiede risorse per la gestione delle strade provinciali<\/strong><\/h3>\n<\/blockquote>\n<p><strong><a class=\"dt-pswp-item\" href=\"https:\/\/www.radiopiu.net\/wordpress\/wp-content\/uploads\/2023\/11\/road-5089188_640.jpg\" data-dt-img-description=\"\" data-large_image_width=\"640\" data-large_image_height=\"429\"><img loading=\"lazy\" decoding=\"async\" class=\" wp-image-361495 alignleft\" src=\"https:\/\/www.radiopiu.net\/wordpress\/wp-content\/uploads\/2023\/11\/road-5089188_640-300x201.jpg\" alt=\"\" width=\"248\" height=\"166\" srcset=\"https:\/\/www.radiopiu.net\/wordpress\/wp-content\/uploads\/2023\/11\/road-5089188_640-300x201.jpg 300w, https:\/\/www.radiopiu.net\/wordpress\/wp-content\/uploads\/2023\/11\/road-5089188_640.jpg 640w\" sizes=\"auto, (max-width: 248px) 100vw, 248px\" \/><\/a>VENEZIA<\/strong> Il passaggio della gestione di alcune strade provinciali alla Regione Veneto \u00e8 stato accolto positivamente dal vicepresidente della Commissione Infrastrutture, Jonatan Montanariello (Pd), che lo considera un&#8217;opportunit\u00e0 per Veneto Strade. Tuttavia, solleva un punto cruciale: dove sono le risorse necessarie per far funzionare al meglio la macchina? L\u2019aumento delle competenze comporter\u00e0 costi pi\u00f9 elevati, dati anche dalle attuali condizioni delle strade trasferite. Per questo, Montanariello sollecita un incremento dei fondi regionali e un serio piano finanziario. <em>\u201cVeneto Strade non pu\u00f2 diventare una societ\u00e0 dalle grandi progettualit\u00e0 incompiute \u2013 avverte il consigliere \u2013. \u00c8 necessario garantire stabilit\u00e0 economica per trasformare le idee in opere concrete.\u201d<\/em><\/p>\n<p>&nbsp;<\/p>\n<p>&nbsp;<\/p>\n<\/div>\n<\/div>\n<\/div>\n<\/div>\n<\/div>\n<\/div>\n<\/div>\n<\/form>\n<\/div>\n<\/div>\n<\/div>\n<p>&nbsp;<\/p>\n<p>&nbsp;<\/p>\n<hr \/>\n<p>&nbsp;<\/p>\n<blockquote>\n<h3>RIFUGI TRENTINO, IL MESSAGGIO SU INSTAGRAM INVITO ALLA PRUDENZA<\/h3>\n<\/blockquote>\n<p><span class=\"x193iq5w xeuugli x1fj9vlw x13faqbe x1vvkbs xt0psk2 x1i0vuye xvs91rp xo1l8bm x5n08af x10wh9bi x1wdrske x8viiok x18hxmgj\"><a class=\"dt-pswp-item\" href=\"https:\/\/www.radiopiu.net\/wordpress\/wp-content\/uploads\/2025\/02\/Senza-nome-14.png\" data-dt-img-description=\"\" data-large_image_width=\"252\" data-large_image_height=\"221\"><img loading=\"lazy\" decoding=\"async\" class=\"size-full wp-image-433101 alignleft\" src=\"https:\/\/www.radiopiu.net\/wordpress\/wp-content\/uploads\/2025\/02\/Senza-nome-14.png\" alt=\"\" width=\"252\" height=\"221\" \/><\/a>Le immagini sono state girate casualmente sabato 1 febbraio in Val di Fassa, salendo verso la Forca Rossa, itinerario sci alpinistico molto conosciuto a ridosso del Costabella sopra il passo San Pellegrino, a circa 2.200 metri di quota. Visibilit\u00e0 molto scarsa, neve fresca soprattutto pericolo valanghe. Chi saliva ben attrezzato si \u00e8 accorto che c\u2019erano davanti a loro due ragazzi che procedevano a gattoni per cercare di non sprofondare nella neve pesante. Non avevano alcuna attrezzatura per affrontare questo tipo di itinerario a fronte delle condizioni che c\u2019erano. Questo video serve per far capire che una situazione del genere sottovalutata sotto tanti aspetti, pu\u00f2 portare a rischi molto alti per chi si avventura senza pensare ai rischi. \u00c8 stato subito suggerito di tornare indietro ed in futuro di attrezzarsi adeguatamente almeno con le ciaspole per affrontare questo tipo di terreno quando ci sono queste condizioni. Anche un eventuale intervento di soccorso pu\u00f2 essere altrettanto rischioso. L\u2019Associazione Rifugi del Trentino insieme agli altri stakeholder della montagna ha da tempo avviato una campagna che richiama alla prudenza in montagna cercando di dare informazioni e nozioni necessarie ad evitare situazioni pericolose. Neanche i professionisti che la frequentano quotidianamente devono sentirsi sicuri.<br \/>\nRicordate sempre di: consultare il meteo, il bollettino valanghe, di essere adeguatamente abbigliati ed attrezzati, di informare sull\u2019itinerario che volete percorrere e di non sottovalutare mai la forza dell\u2019ambiente e della natura.<br \/>\nLasciamo senza audio o musica per dare risalto al contenuto<br \/>\nVi raccomandiamo <a class=\"x1i10hfl xjbqb8w x1ejq31n xd10rxx x1sy0etr x17r0tee x972fbf xcfux6l x1qhh985 xm0m39n x9f619 x1ypdohk xt0psk2 xe8uvvx xdj266r x11i5rnm xat24cr x1mh8g0r xexx8yu x4uap5 x18d9i69 xkhd6sd x16tdsg8 x1hl2dhg xggy1nq x1a2a7pz _aa9_ _a6hd\" tabindex=\"0\" role=\"link\" href=\"https:\/\/www.instagram.com\/explore\/tags\/prudenzainmontagna\/\">#prudenzainmontagna<\/a><\/span><\/p>\n<div style=\"width: 1200px;\" class=\"wp-video\"><video class=\"wp-video-shortcode\" id=\"video-433060-2\" width=\"1200\" height=\"675\" preload=\"metadata\" controls=\"controls\"><source type=\"video\/mp4\" src=\"https:\/\/www.radiopiu.net\/wordpress\/wp-content\/uploads\/2025\/02\/WhatsApp-Video-2025-02-05-at-07.16.05.mp4?_=2\" \/><a href=\"https:\/\/www.radiopiu.net\/wordpress\/wp-content\/uploads\/2025\/02\/WhatsApp-Video-2025-02-05-at-07.16.05.mp4\">https:\/\/www.radiopiu.net\/wordpress\/wp-content\/uploads\/2025\/02\/WhatsApp-Video-2025-02-05-at-07.16.05.mp4<\/a><\/video><\/div>\n<p>&nbsp;<\/p>\n<hr \/>\n<p>&nbsp;<\/p>\n<blockquote>\n<h3><strong><a class=\"dt-pswp-item\" href=\"https:\/\/www.radiopiu.net\/wordpress\/wp-content\/uploads\/2025\/02\/e1f435bf-cead-489b-a6fe-d7ed399bf67d-scaled.jpg\" data-dt-img-description=\"\" data-large_image_width=\"2560\" data-large_image_height=\"1708\"><img loading=\"lazy\" decoding=\"async\" class=\"size-medium wp-image-433264 alignleft\" src=\"https:\/\/www.radiopiu.net\/wordpress\/wp-content\/uploads\/2025\/02\/e1f435bf-cead-489b-a6fe-d7ed399bf67d-300x200.jpg\" alt=\"\" width=\"300\" height=\"200\" srcset=\"https:\/\/www.radiopiu.net\/wordpress\/wp-content\/uploads\/2025\/02\/e1f435bf-cead-489b-a6fe-d7ed399bf67d-300x200.jpg 300w, https:\/\/www.radiopiu.net\/wordpress\/wp-content\/uploads\/2025\/02\/e1f435bf-cead-489b-a6fe-d7ed399bf67d-1024x683.jpg 1024w, https:\/\/www.radiopiu.net\/wordpress\/wp-content\/uploads\/2025\/02\/e1f435bf-cead-489b-a6fe-d7ed399bf67d-768x512.jpg 768w, https:\/\/www.radiopiu.net\/wordpress\/wp-content\/uploads\/2025\/02\/e1f435bf-cead-489b-a6fe-d7ed399bf67d-1536x1025.jpg 1536w, https:\/\/www.radiopiu.net\/wordpress\/wp-content\/uploads\/2025\/02\/e1f435bf-cead-489b-a6fe-d7ed399bf67d-2048x1366.jpg 2048w\" sizes=\"auto, (max-width: 300px) 100vw, 300px\" \/><\/a>Milano-Cortina 2026: inaugurato l\u2019Omega Countdown Clock<\/strong><\/h3>\n<\/blockquote>\n<p><strong>MILANO<\/strong> \u2013 \u00c8 ufficialmente iniziato il conto alla rovescia per le <strong>Olimpiadi Invernali Milano-Cortina 2026<\/strong>. Oggi, in <strong>Piazzetta Reale<\/strong>, \u00e8 stato inaugurato l\u2019<strong>Omega Countdown Clock<\/strong>, l\u2019orologio che scandir\u00e0 i giorni, le ore e i minuti fino all\u2019inizio dell\u2019evento sportivo pi\u00f9 atteso.L\u2019installazione rappresenta un <strong>simbolo tangibile dell\u2019attesa olimpica<\/strong>, coinvolgendo cittadini e turisti nell\u2019atmosfera dei Giochi. La presenza dell\u2019Omega Countdown Clock non \u00e8 solo un segnale temporale, ma un\u2019icona che richiama lo <strong>spirito olimpico<\/strong> e prepara la citt\u00e0 ad accogliere gli atleti di tutto il mondo.Con questa inaugurazione, l\u2019Italia entra ufficialmente nella fase finale di preparazione ai <strong>Giochi Olimpici e Paralimpici<\/strong>, un evento che lascer\u00e0 un segno indelebile nella storia dello sport e del territorio.<\/p>\n<p>&nbsp;<\/p>\n<blockquote>\n<h3><strong>Conto alla rovescia per Milano-Cortina 2026: la Valbelluna si veste a festa<\/strong><\/h3>\n<\/blockquote>\n<p><strong>BELLUNO <\/strong>Un \u00a0anno esatto dall\u2019inizio delle Olimpiadi e Paralimpiadi Milano-Cortina 2026. La citt\u00e0 si \u00e8 gi\u00e0 vestita con bandiere e striscioni olimpici, un primo passo di un percorso di city dressing che proseguir\u00e0 fino all\u2019evento. L&#8217;iniziativa coinvolge Sedico, Santa Giustina, Borgo Valbelluna, Cesiomaggiore e Feltre, rafforzando il legame tra sport e territorio.<em> \u201cLo sport \u00e8 inclusione e sfida ai propri limiti\u201d<\/em> \u2013 ha dichiarato il <strong><a class=\"dt-pswp-item\" href=\"https:\/\/www.radiopiu.net\/wordpress\/wp-content\/uploads\/2025\/02\/985b7e92-6d4c-4c45-935a-6e679622df1d-scaled-1.jpg\" data-dt-img-description=\"\" data-large_image_width=\"2560\" data-large_image_height=\"1920\"><img loading=\"lazy\" decoding=\"async\" class=\" wp-image-433188 alignleft\" src=\"https:\/\/www.radiopiu.net\/wordpress\/wp-content\/uploads\/2025\/02\/985b7e92-6d4c-4c45-935a-6e679622df1d-scaled-1-300x225.jpg\" alt=\"\" width=\"251\" height=\"188\" srcset=\"https:\/\/www.radiopiu.net\/wordpress\/wp-content\/uploads\/2025\/02\/985b7e92-6d4c-4c45-935a-6e679622df1d-scaled-1-300x225.jpg 300w, https:\/\/www.radiopiu.net\/wordpress\/wp-content\/uploads\/2025\/02\/985b7e92-6d4c-4c45-935a-6e679622df1d-scaled-1-1024x768.jpg 1024w, https:\/\/www.radiopiu.net\/wordpress\/wp-content\/uploads\/2025\/02\/985b7e92-6d4c-4c45-935a-6e679622df1d-scaled-1-768x576.jpg 768w, https:\/\/www.radiopiu.net\/wordpress\/wp-content\/uploads\/2025\/02\/985b7e92-6d4c-4c45-935a-6e679622df1d-scaled-1-1536x1152.jpg 1536w, https:\/\/www.radiopiu.net\/wordpress\/wp-content\/uploads\/2025\/02\/985b7e92-6d4c-4c45-935a-6e679622df1d-scaled-1-2048x1536.jpg 2048w\" sizes=\"auto, (max-width: 251px) 100vw, 251px\" \/><\/a><\/strong>sindaco di Belluno Oscar De Pellegrin. Nei prossimi mesi arriveranno anche cartonati delle mascotte e nuove installazioni per mantenere viva l\u2019attesa.<em> \u201cQueste Olimpiadi lasceranno un\u2019eredit\u00e0 importante alle future generazioni\u201d<\/em> \u2013 ha concluso il sindaco di Feltre, Viviana Fusaro.<\/p>\n<blockquote>\n<h3><strong>Milano-Cortina 2026: il piacere dell\u2019attesa e le opportunit\u00e0 per il futuro<\/strong><\/h3>\n<\/blockquote>\n<p><strong>BELLUNO<\/strong> L\u2019attesa delle Olimpiadi e Paralimpiadi di Milano-Cortina 2026 per il presidente della Provincia Roberto Padrin \u00e8 un\u2019occasione per vivere questi mesi con entusiasmo e consapevolezza. <em>&#8220;L\u2019evento &#8211; dice Padrin &#8211;\u00a0 porter\u00e0 flussi turistici, investimenti e crescita sportiva, come dimostrano i dati sulle discipline invernali. Le infrastrutture e le iniziative per l\u2019accessibilit\u00e0 e l\u2019inclusione lasceranno un\u2019eredit\u00e0 duratura&#8221;.<br \/>\n<\/em><\/p>\n<p><em>AUDIO, ROBERTO PADRIN<\/em><\/p>\n<audio class=\"wp-audio-shortcode\" id=\"audio-433060-7\" preload=\"none\" style=\"width: 100%;\" controls=\"controls\"><source type=\"audio\/mpeg\" src=\"https:\/\/www.radiopiu.net\/wordpress\/wp-content\/uploads\/2025\/02\/padrin-olimpiadi.mp3?_=7\" \/><a href=\"https:\/\/www.radiopiu.net\/wordpress\/wp-content\/uploads\/2025\/02\/padrin-olimpiadi.mp3\">https:\/\/www.radiopiu.net\/wordpress\/wp-content\/uploads\/2025\/02\/padrin-olimpiadi.mp3<\/a><\/audio>\n<p><em>\u00a0<\/em><\/p>\n<hr \/>\n<p><em>\u00a0\u00a0<\/em><\/p>\n<blockquote>\n<h3><a class=\"dt-pswp-item\" href=\"https:\/\/www.radiopiu.net\/wordpress\/wp-content\/uploads\/2021\/03\/LOGO-MILANO-CORTINA-2026.jpg\" data-dt-img-description=\"\" data-large_image_width=\"900\" data-large_image_height=\"838\"><img loading=\"lazy\" decoding=\"async\" class=\" wp-image-200160 alignleft\" src=\"https:\/\/www.radiopiu.net\/wordpress\/wp-content\/uploads\/2021\/03\/LOGO-MILANO-CORTINA-2026-300x279.jpg\" alt=\"\" width=\"149\" height=\"139\" \/><\/a>UN CAMPUS A CORTINA IN VISTA DELLE OLIMPIADI<\/h3>\n<\/blockquote>\n<p><strong>PER LE TRE RADIO BARBARA PAOLAZZI<\/strong><\/p>\n<p>PER IL PROGRAMMA DETTAGLIATO <a href=\"https:\/\/www.mim.gov.it\/web\/guest\/-\/scuola-futura-il-campus-itinerante-del-mim-a-cortina-dal-5-all-8-febbraio\"><span style=\"color: #3366ff;\">CLICCA QUI<\/span><\/a><\/p>\n<audio class=\"wp-audio-shortcode\" id=\"audio-433060-8\" preload=\"none\" style=\"width: 100%;\" controls=\"controls\"><source type=\"audio\/mpeg\" src=\"https:\/\/www.radiopiu.net\/wordpress\/wp-content\/uploads\/2025\/02\/PAOLAZZI-CAMPUS-OLIMPIADI-A-CORTINA.mp3?_=8\" \/><a href=\"https:\/\/www.radiopiu.net\/wordpress\/wp-content\/uploads\/2025\/02\/PAOLAZZI-CAMPUS-OLIMPIADI-A-CORTINA.mp3\">https:\/\/www.radiopiu.net\/wordpress\/wp-content\/uploads\/2025\/02\/PAOLAZZI-CAMPUS-OLIMPIADI-A-CORTINA.mp3<\/a><\/audio>\n<p>&nbsp;<\/p>\n<p>&nbsp;<\/p>\n<hr \/>\n<p>&nbsp;<\/p>\n<h1 class=\"_title post-title entry-title\">CORTINA D\u2019AMPEZZO | ECCO LA PISTA DA BOB. TOUR ESCLUSIVO LUNGO IL TRACCIATO CON L\u2019AD DI SIMICO, SALDINI<\/h1>\n<p>Intervistati FABIO SALDINI (COMMISSARIO DI GOVERNO E AD SIMICO), MICHELE TITTON (DIRETTORE LAVORI SLIDING CENTRE) (Servizio di <a href=\"https:\/\/antennatre.medianordest.it\/redazione\/Tiziana-Bolognani\/\">Tiziana Bolognani<\/a>)<\/p>\n<p><iframe loading=\"lazy\" title=\"ECCO LA PISTA DA BOB. TOUR ESCLUSIVO LUNGO IL TRACCIATO CON L&#039;AD DI SIMICO, SALDINI | 05\/02\/2025\" width=\"1200\" height=\"675\" src=\"https:\/\/www.youtube.com\/embed\/aItwO8XnqUc?feature=oembed\" frameborder=\"0\" allow=\"accelerometer; autoplay; clipboard-write; encrypted-media; gyroscope; picture-in-picture; web-share\" referrerpolicy=\"strict-origin-when-cross-origin\" allowfullscreen><\/iframe><\/p>\n<p>&nbsp;<\/p>\n<p>&nbsp;<\/p>\n<hr \/>\n<p>&nbsp;<\/p>\n<p><strong>LA GIUDIZIARIA OGGI<\/strong><br \/>\n<strong>SINTESI DAL CORRIERE DELLE ALPI<\/strong><br \/>\n<strong>GIGI SOSSO<\/strong><\/p>\n<blockquote>\n<h3><strong>Minaccia la fidanzata con un coltello: condannato a nove mesi<\/strong><\/h3>\n<\/blockquote>\n<p><strong>BORGO VALBELLUNA<\/strong> Una scenata di gelosia per una follower su Instagram \u00e8 costata nove mesi di reclusione a M B, condannato dal giudice Domenico Riposati. La sentenza ha superato la richiesta del PM Maria Luisa Pesco, che aveva proposto otto mesi. L&#8217;uomo aveva agitato un coltello davanti alla fidanzata durante una lite, danneggiandole anche il cellulare. La donna, che aveva sporto querela ai carabinieri di Mel, l\u2019ha poi ritirata e in aula ha ridimensionato l\u2019accaduto, rischiando un\u2019accusa di falsa testimonianza. L\u2019imputato, detenuto a Verona, ha minimizzato i fatti. La difesa ha annunciato ricorso in appello entro 60 giorni.<\/p>\n<blockquote>\n<h3><strong>Ruba la TV alla vicina: far\u00e0 volontariato per evitare il processo<\/strong><\/h3>\n<\/blockquote>\n<p><strong>GOSALDO<\/strong>\u00a0 Ha rotto il vetro della finestra con un martello e ha rubato un televisore da 32 pollici dalla casa della vicina. L.C., residente in Agordino, \u00e8 stato denunciato per furto aggravato e portato in tribunale. Il suo avvocato, Manola Lise, ha ottenuto la messa alla prova, che prevede lavori di pubblica utilit\u00e0 per evitare il processo. Se completati con successo, il reato sar\u00e0 estinto, altrimenti si proceder\u00e0 in aula. L\u2019episodio, avvenuto a Gosaldo nel giugno 2021, ha portato all\u2019identificazione dell\u2019imputato grazie alle prove raccolte.<\/p>\n<blockquote>\n<h3>Si assume la colpa dell\u2019incidente della moglie, finisce a processo<\/h3>\n<\/blockquote>\n<div class=\"flex max-w-full flex-col flex-grow\">\n<div class=\"min-h-8 text-message flex w-full flex-col items-end gap-2 whitespace-normal break-words text-start [.text-message+&amp;]:mt-5\" dir=\"auto\" data-message-author-role=\"assistant\" data-message-id=\"423f97fa-3943-4f8b-9827-943c91bac639\" data-message-model-slug=\"gpt-4o\">\n<div class=\"flex w-full flex-col gap-1 empty:hidden first:pt-[3px]\">\n<div class=\"markdown prose w-full break-words dark:prose-invert dark\">\n<p><strong>AURONZO<\/strong>\u00a0Ha cercato di proteggere la moglie, dichiarando ai carabinieri di essere lui alla guida dopo un incidente, ma ora rischia quattro anni di reclusione per favoreggiamento. L\u2019episodio risale al 20 aprile 2022, quando una Hyundai i20 usc\u00ec di strada. La donna al volante, in stato di ebbrezza, si rifiut\u00f2 di sottoporsi all\u2019alcoltest. Il marito, G.V., tent\u00f2 di coprirla, ma i carabinieri lo denunciarono. Ora il processo \u00e8 fissato per il 16 aprile, con rito abbreviato. L\u2019accusa si basa sulle prove raccolte dal PM Maria Luisa Pesco, senza bisogno di nuovi testimoni.<\/p>\n<\/div>\n<\/div>\n<\/div>\n<\/div>\n<div class=\"mb-2 flex gap-3 empty:hidden -ml-2\">\n<div class=\"items-center justify-start rounded-xl p-1 flex\">\n<div class=\"flex items-center\"><\/div>\n<div>\n<hr \/>\n<\/div>\n<div>\n<h1 class=\"_title post-title entry-title\">BELLUNO | SEMPRE GRAVI, MA NON IN PERICOLO DI VITA, I DUE DETENUTI USTIONATI NELL\u2019INCENDIO DEL\u2026<\/h1>\n<\/div>\n<div>Intervistati MARIA LOSITO \u2013 GARANTE DIRITTI DETENUTI COMUNE BELLUNO (AL TELEFONO) (Servizio di <a href=\"https:\/\/antennatre.medianordest.it\/redazione\/Fabio-Fioravanzi\/\">Fabio Fioravanzi<\/a>)<\/div>\n<div>\n<p><iframe loading=\"lazy\" title=\"SEMPRE GRAVI, MA NON IN PERICOLO DI VITA, I DUE DETENUTI USTIONATI NELL&#039;INCENDIO DEL... | 05\/02\/2025\" width=\"1200\" height=\"675\" src=\"https:\/\/www.youtube.com\/embed\/bvEOujHcp-4?feature=oembed\" frameborder=\"0\" allow=\"accelerometer; autoplay; clipboard-write; encrypted-media; gyroscope; picture-in-picture; web-share\" referrerpolicy=\"strict-origin-when-cross-origin\" allowfullscreen><\/iframe><\/p>\n<\/div>\n<\/div>\n<div><\/div>\n<\/div>\n<hr \/>\n<p>&nbsp;<\/p>\n<blockquote>\n<h3>PONTE DELLA VITTORIA A BELLUNO IN CORSA PER IL LUOGO DEL CUORE DEL FAI<\/h3>\n<\/blockquote>\n<p><strong>BELLUNO<\/strong> Non solo Feltre: anche Belluno \u201cspinge\u201d sulla candidatura di un suo monumento a Luogo del Cuore del Fondo Ambiente Italiano. In corsa per il capoluogo c&#8217;\u00e8 il Ponte della Vittoria.<\/p>\n<p><strong>DI DANIELE DALVIT<\/strong><\/p>\n<audio class=\"wp-audio-shortcode\" id=\"audio-433060-9\" preload=\"none\" style=\"width: 100%;\" controls=\"controls\"><source type=\"audio\/mpeg\" src=\"https:\/\/www.radiopiu.net\/wordpress\/wp-content\/uploads\/2025\/02\/Servizio-Ponte-Vittoria-FAI.mp3?_=9\" \/><a href=\"https:\/\/www.radiopiu.net\/wordpress\/wp-content\/uploads\/2025\/02\/Servizio-Ponte-Vittoria-FAI.mp3\">https:\/\/www.radiopiu.net\/wordpress\/wp-content\/uploads\/2025\/02\/Servizio-Ponte-Vittoria-FAI.mp3<\/a><\/audio>\n<p>&nbsp;<\/p>\n\n\t\t\t<style type='text\/css'>\n\t\t\t\t#gallery-3 {\n\t\t\t\t\tmargin: auto;\n\t\t\t\t}\n\t\t\t\t#gallery-3 .gallery-item {\n\t\t\t\t\tfloat: left;\n\t\t\t\t\tmargin-top: 10px;\n\t\t\t\t\ttext-align: center;\n\t\t\t\t\twidth: 50%;\n\t\t\t\t}\n\t\t\t\t#gallery-3 img {\n\t\t\t\t\tborder: 2px solid #cfcfcf;\n\t\t\t\t}\n\t\t\t\t#gallery-3 .gallery-caption {\n\t\t\t\t\tmargin-left: 0;\n\t\t\t\t}\n\t\t\t\t\/* see gallery_shortcode() in wp-includes\/media.php *\/\n\t\t\t<\/style>\n\t\t<div id='gallery-3' class='dt-gallery-container gallery galleryid-433060 gallery-columns-2 gallery-size-medium'><dl class='gallery-item'>\n\t\t\t\t<dt class='gallery-icon landscape'>\n\t\t\t\t\t<a class=\"rollover rollover-zoom dt-pswp-item\" title=\"1355b4b3-95ae-4ffa-b15e-113ebd72bd54\" data-dt-img-description=\"\" data-large_image_width=\"2560\" data-large_image_height=\"1920\"href='https:\/\/www.radiopiu.net\/wordpress\/wp-content\/uploads\/2025\/02\/1355b4b3-95ae-4ffa-b15e-113ebd72bd54-scaled.jpg'><img loading=\"lazy\" decoding=\"async\" width=\"300\" height=\"225\" src=\"https:\/\/www.radiopiu.net\/wordpress\/wp-content\/uploads\/2025\/02\/1355b4b3-95ae-4ffa-b15e-113ebd72bd54-300x225.jpg\" class=\"attachment-medium size-medium\" alt=\"\" srcset=\"https:\/\/www.radiopiu.net\/wordpress\/wp-content\/uploads\/2025\/02\/1355b4b3-95ae-4ffa-b15e-113ebd72bd54-300x225.jpg 300w, https:\/\/www.radiopiu.net\/wordpress\/wp-content\/uploads\/2025\/02\/1355b4b3-95ae-4ffa-b15e-113ebd72bd54-1024x768.jpg 1024w, https:\/\/www.radiopiu.net\/wordpress\/wp-content\/uploads\/2025\/02\/1355b4b3-95ae-4ffa-b15e-113ebd72bd54-768x576.jpg 768w, https:\/\/www.radiopiu.net\/wordpress\/wp-content\/uploads\/2025\/02\/1355b4b3-95ae-4ffa-b15e-113ebd72bd54-1536x1152.jpg 1536w, https:\/\/www.radiopiu.net\/wordpress\/wp-content\/uploads\/2025\/02\/1355b4b3-95ae-4ffa-b15e-113ebd72bd54-2048x1536.jpg 2048w\" sizes=\"auto, (max-width: 300px) 100vw, 300px\" \/><\/a>\n\t\t\t\t<\/dt><\/dl><dl class='gallery-item'>\n\t\t\t\t<dt class='gallery-icon landscape'>\n\t\t\t\t\t<a class=\"rollover rollover-zoom dt-pswp-item\" title=\"3c6f54da-0195-4851-b5fa-3feda8aa3090\" data-dt-img-description=\"\" data-large_image_width=\"2560\" data-large_image_height=\"1920\"href='https:\/\/www.radiopiu.net\/wordpress\/wp-content\/uploads\/2025\/02\/3c6f54da-0195-4851-b5fa-3feda8aa3090-scaled.jpg'><img loading=\"lazy\" decoding=\"async\" width=\"300\" height=\"225\" src=\"https:\/\/www.radiopiu.net\/wordpress\/wp-content\/uploads\/2025\/02\/3c6f54da-0195-4851-b5fa-3feda8aa3090-300x225.jpg\" class=\"attachment-medium size-medium\" alt=\"\" srcset=\"https:\/\/www.radiopiu.net\/wordpress\/wp-content\/uploads\/2025\/02\/3c6f54da-0195-4851-b5fa-3feda8aa3090-300x225.jpg 300w, https:\/\/www.radiopiu.net\/wordpress\/wp-content\/uploads\/2025\/02\/3c6f54da-0195-4851-b5fa-3feda8aa3090-1024x768.jpg 1024w, https:\/\/www.radiopiu.net\/wordpress\/wp-content\/uploads\/2025\/02\/3c6f54da-0195-4851-b5fa-3feda8aa3090-768x576.jpg 768w, https:\/\/www.radiopiu.net\/wordpress\/wp-content\/uploads\/2025\/02\/3c6f54da-0195-4851-b5fa-3feda8aa3090-1536x1152.jpg 1536w, https:\/\/www.radiopiu.net\/wordpress\/wp-content\/uploads\/2025\/02\/3c6f54da-0195-4851-b5fa-3feda8aa3090-2048x1536.jpg 2048w\" sizes=\"auto, (max-width: 300px) 100vw, 300px\" \/><\/a>\n\t\t\t\t<\/dt><\/dl><br style=\"clear: both\" \/>\n\t\t\t<\/div>\n\n<p>&nbsp;<\/p>\n<hr \/>\n<p>&nbsp;<\/p>\n<blockquote>\n<h3><a class=\"dt-pswp-item\" href=\"https:\/\/www.radiopiu.net\/wordpress\/wp-content\/uploads\/2025\/02\/82ffa591-df69-4b11-9b64-da685d5fbae9.jpg\" data-dt-img-description=\"\" data-large_image_width=\"1600\" data-large_image_height=\"1199\"><img loading=\"lazy\" decoding=\"async\" class=\" wp-image-433249 alignleft\" src=\"https:\/\/www.radiopiu.net\/wordpress\/wp-content\/uploads\/2025\/02\/82ffa591-df69-4b11-9b64-da685d5fbae9-300x225.jpg\" alt=\"\" width=\"164\" height=\"123\" srcset=\"https:\/\/www.radiopiu.net\/wordpress\/wp-content\/uploads\/2025\/02\/82ffa591-df69-4b11-9b64-da685d5fbae9-300x225.jpg 300w, https:\/\/www.radiopiu.net\/wordpress\/wp-content\/uploads\/2025\/02\/82ffa591-df69-4b11-9b64-da685d5fbae9-1024x767.jpg 1024w, https:\/\/www.radiopiu.net\/wordpress\/wp-content\/uploads\/2025\/02\/82ffa591-df69-4b11-9b64-da685d5fbae9-768x576.jpg 768w, https:\/\/www.radiopiu.net\/wordpress\/wp-content\/uploads\/2025\/02\/82ffa591-df69-4b11-9b64-da685d5fbae9-1536x1151.jpg 1536w, https:\/\/www.radiopiu.net\/wordpress\/wp-content\/uploads\/2025\/02\/82ffa591-df69-4b11-9b64-da685d5fbae9.jpg 1600w\" sizes=\"auto, (max-width: 164px) 100vw, 164px\" \/><\/a>TAVOLA ROTONDA SUL TURISMO SOSTENIBILE A ROMA<\/h3>\n<\/blockquote>\n<p><strong>BORGO VALBELLUNA<\/strong><\/p>\n<p>DI ROBERTO BONA<\/p>\n<audio class=\"wp-audio-shortcode\" id=\"audio-433060-10\" preload=\"none\" style=\"width: 100%;\" controls=\"controls\"><source type=\"audio\/mpeg\" src=\"https:\/\/www.radiopiu.net\/wordpress\/wp-content\/uploads\/2025\/02\/BONA-CONVEGNO-TURISMO-SOSTENIBILE-BORGO-VALBELLUNA.mp3?_=10\" \/><a href=\"https:\/\/www.radiopiu.net\/wordpress\/wp-content\/uploads\/2025\/02\/BONA-CONVEGNO-TURISMO-SOSTENIBILE-BORGO-VALBELLUNA.mp3\">https:\/\/www.radiopiu.net\/wordpress\/wp-content\/uploads\/2025\/02\/BONA-CONVEGNO-TURISMO-SOSTENIBILE-BORGO-VALBELLUNA.mp3<\/a><\/audio>\n<p>&nbsp;<\/p>\n<hr \/>\n<p>&nbsp;<\/p>\n<blockquote>\n<h3>IL GRUPPO FOLK HOLZHOCKAR FESTEGGIA I 50 ANNI<\/h3>\n<\/blockquote>\n<p><strong><a class=\"dt-pswp-item\" href=\"https:\/\/www.radiopiu.net\/wordpress\/wp-content\/uploads\/2025\/02\/holzhockar-archivio_2PhotoSolero_1.jpg\" data-dt-img-description=\"\" data-large_image_width=\"1500\" data-large_image_height=\"1000\"><img loading=\"lazy\" decoding=\"async\" class=\" wp-image-433213 alignleft\" src=\"https:\/\/www.radiopiu.net\/wordpress\/wp-content\/uploads\/2025\/02\/holzhockar-archivio_2PhotoSolero_1-300x200.jpg\" alt=\"\" width=\"185\" height=\"123\" srcset=\"https:\/\/www.radiopiu.net\/wordpress\/wp-content\/uploads\/2025\/02\/holzhockar-archivio_2PhotoSolero_1-300x200.jpg 300w, https:\/\/www.radiopiu.net\/wordpress\/wp-content\/uploads\/2025\/02\/holzhockar-archivio_2PhotoSolero_1-1024x683.jpg 1024w, https:\/\/www.radiopiu.net\/wordpress\/wp-content\/uploads\/2025\/02\/holzhockar-archivio_2PhotoSolero_1-768x512.jpg 768w, https:\/\/www.radiopiu.net\/wordpress\/wp-content\/uploads\/2025\/02\/holzhockar-archivio_2PhotoSolero_1.jpg 1500w\" sizes=\"auto, (max-width: 185px) 100vw, 185px\" \/><\/a>SAPPADA<\/strong> Nel 2025 il Gruppo Folkloristico Holzhockar di Sappada festegger\u00e0 i suoi 50 anni di storia. L\u2019anniversario inizier\u00e0 il 6 febbraio, data simbolica in cui, nel 1975, il gruppo sfil\u00f2 per la prima volta. I festeggiamenti proseguiranno con numerosi eventi, tra cui la 25\u00aa edizione del Festival internazionale del Folklore il 2 agosto e la 10\u00aa Plodar Fest dal 13 al 17 agosto. L&#8217;anno sar\u00e0 ricco di celebrazioni, sfilate e le tradizionali Serate dell\u2019Ospite. Il presidente Andrea Polencic sottolinea l\u2019importanza del traguardo, ricordando l\u2019impegno e la passione che hanno contraddistinto il gruppo negli anni. Un ringraziamento speciale va a tutti i membri, volontari e sostenitori che hanno contribuito al successo del sodalizio.<\/p>\n<p>&nbsp;<\/p>\n<p>&nbsp;<\/p>\n<hr \/>\n<p>&nbsp;<\/p>\n<blockquote>\n<h3>SERVIZIO CIVILE UNIVERSALE: GLI INCONTRI CON IL CEIS<\/h3>\n<\/blockquote>\n<p><strong><a class=\"dt-pswp-item\" href=\"https:\/\/www.radiopiu.net\/wordpress\/wp-content\/uploads\/2023\/05\/CEIS-BELLUNO.png\" data-dt-img-description=\"\" data-large_image_width=\"441\" data-large_image_height=\"174\"><img loading=\"lazy\" decoding=\"async\" class=\" wp-image-334334 alignleft\" src=\"https:\/\/www.radiopiu.net\/wordpress\/wp-content\/uploads\/2023\/05\/CEIS-BELLUNO-300x118.png\" alt=\"\" width=\"193\" height=\"76\" srcset=\"https:\/\/www.radiopiu.net\/wordpress\/wp-content\/uploads\/2023\/05\/CEIS-BELLUNO-300x118.png 300w, https:\/\/www.radiopiu.net\/wordpress\/wp-content\/uploads\/2023\/05\/CEIS-BELLUNO.png 441w\" sizes=\"auto, (max-width: 193px) 100vw, 193px\" \/><\/a>BELLUNO<\/strong> Il Centro Italiano di Solidariet\u00e0 di Belluno organizza due incontri informativi sul Servizio Civile Universale il domani alle 17:30 e sabato\u00a0alle 10:00 presso l\u2019Urban Hub di Belluno. Nell\u2019ambito del progetto \u201cReti di Solidariet\u00e0\u201d, il CeIS cerca 10 volontari tra i 18 e i 28 anni, con scadenza per la candidatura il 18 febbraio 2025. Il servizio prevede 25 ore settimanali per un anno con un rimborso di 507,30 euro mensili. I volontari potranno operare in tre settori: comunit\u00e0 terapeutiche residenziali, progettazione sociale e inserimento lavorativo. Durante gli incontri verranno presentate testimonianze di ex volontari. Un ulteriore appuntamento informativo si terr\u00e0 il 13 febbraio 2025 alle 16:00. Per informazioni: 0437 950895 o <a rel=\"noopener\">info@ceisbelluno.org<\/a>.<\/p>\n<p>&nbsp;<\/p>\n<p>&nbsp;<\/p>\n<hr \/>\n<p>&nbsp;<\/p>\n<blockquote>\n<h3>RI-PENSARE L\u2019ADOLESCENZA: IN PARTENZA UN CICLO DI INCONTRI<\/h3>\n<\/blockquote>\n<p><strong><a class=\"dt-pswp-item\" href=\"https:\/\/www.radiopiu.net\/wordpress\/wp-content\/uploads\/2025\/02\/kldgkaglakg.jpg\" data-dt-img-description=\"\" data-large_image_width=\"939\" data-large_image_height=\"577\"><img loading=\"lazy\" decoding=\"async\" class=\" wp-image-433228 alignleft\" src=\"https:\/\/www.radiopiu.net\/wordpress\/wp-content\/uploads\/2025\/02\/kldgkaglakg-300x184.jpg\" alt=\"\" width=\"192\" height=\"118\" srcset=\"https:\/\/www.radiopiu.net\/wordpress\/wp-content\/uploads\/2025\/02\/kldgkaglakg-300x184.jpg 300w, https:\/\/www.radiopiu.net\/wordpress\/wp-content\/uploads\/2025\/02\/kldgkaglakg-768x472.jpg 768w, https:\/\/www.radiopiu.net\/wordpress\/wp-content\/uploads\/2025\/02\/kldgkaglakg.jpg 939w\" sizes=\"auto, (max-width: 192px) 100vw, 192px\" \/><\/a>BELLUNO <\/strong>L\u2019Ulss Dolomiti, con il Dipartimento Dipendenze, avvia il progetto &#8220;Ri-pensare l&#8217;adolescenza&#8221;, rivolto agli adulti di riferimento di ragazzi dagli 11 ai 14 anni. Inserito nel Piano Triennale Dipendenze 2024-2026, mira a prevenire i comportamenti a rischio e il disagio giovanile, coinvolgendo genitori, allenatori ed educatori. Il progetto prevede tre incontri gratuiti in varie sedi: Alano di Piave (Sala delle Associazioni) dalle 20:15 alle 21:30 il 18 e 25 febbraio, 11 marzo \u2013 Iscrizioni entro il 13\/02, Puos d\u2019Alpago (Impianti sportivi) dalle 20:15 alle 21:45 il 20 e 27 febbraio, 6 marzo \u2013 Iscrizioni entro il 14\/02.\u00a0Posti limitati (25 per sede). Per info e iscrizioni: SerD Belluno 0437 514971<\/p>\n<p>&nbsp;<\/p>\n<p>&nbsp;<\/p>\n<hr \/>\n<p>&nbsp;<\/p>\n<blockquote>\n<h3><a class=\"dt-pswp-item\" href=\"https:\/\/www.radiopiu.net\/wordpress\/wp-content\/uploads\/2025\/02\/ePUOPHBSAOJBHA.jpg\" data-dt-img-description=\"\" data-large_image_width=\"628\" data-large_image_height=\"300\"><img loading=\"lazy\" decoding=\"async\" class=\"size-medium wp-image-433232 alignright\" src=\"https:\/\/www.radiopiu.net\/wordpress\/wp-content\/uploads\/2025\/02\/ePUOPHBSAOJBHA-300x143.jpg\" alt=\"\" width=\"300\" height=\"143\" srcset=\"https:\/\/www.radiopiu.net\/wordpress\/wp-content\/uploads\/2025\/02\/ePUOPHBSAOJBHA-300x143.jpg 300w, https:\/\/www.radiopiu.net\/wordpress\/wp-content\/uploads\/2025\/02\/ePUOPHBSAOJBHA.jpg 628w\" sizes=\"auto, (max-width: 300px) 100vw, 300px\" \/><\/a>NASCERE A BELLUNO: L&#8217;OPEN DAY PER MAMME PAPA&#8217;<\/h3>\n<\/blockquote>\n<p><strong>BELLUNO <\/strong>L\u2019Ulss Dolomiti con l\u2019unit\u00e0 operativa di Ostetricia e Ginecologia dell\u2019ospedale di Belluno propone un open day dal titolo \u201cNascere a Belluno\u201d dedicato alle mamme dalla 35\u00b0 settimana di gravidanza e ai pap\u00e0. L\u2019appuntamento \u00e8 per sabato 15 febbraio 2025 dalle 14.30 in sala riunioni dell\u2019Ospedale San Martino di Belluno (2\u00b0 piano, blocco E). Durante l\u2019incontro con le ostetriche saranno illustrati il punto nascita e i percorsi di assistenza. Per partecipare \u00e8 possibile <strong>iscriversi<\/strong> scrivendo una mail a ginecologia.bl.rep@aulss1.veneto.it<\/p>\n<p>&nbsp;<\/p>\n<p>&nbsp;<\/p>\n<hr \/>\n<p>&nbsp;<\/p>\n<blockquote>\n<h3><a class=\"dt-pswp-item\" href=\"https:\/\/www.radiopiu.net\/wordpress\/wp-content\/uploads\/2025\/02\/SETT-CUORE-2025.jpg\" data-dt-img-description=\"\" data-large_image_width=\"752\" data-large_image_height=\"365\"><img loading=\"lazy\" decoding=\"async\" class=\" wp-image-433230 alignleft\" src=\"https:\/\/www.radiopiu.net\/wordpress\/wp-content\/uploads\/2025\/02\/SETT-CUORE-2025-300x146.jpg\" alt=\"\" width=\"240\" height=\"117\" srcset=\"https:\/\/www.radiopiu.net\/wordpress\/wp-content\/uploads\/2025\/02\/SETT-CUORE-2025-300x146.jpg 300w, https:\/\/www.radiopiu.net\/wordpress\/wp-content\/uploads\/2025\/02\/SETT-CUORE-2025.jpg 752w\" sizes=\"auto, (max-width: 240px) 100vw, 240px\" \/><\/a>CUORE E SESSUALITA&#8217;: GLI INCONTRI A FELTRE<\/h3>\n<\/blockquote>\n<p><strong>FELTRE <\/strong>In occasione della Settimana del Cuore, l\u2019Ulss Dolomiti con l\u2019unit\u00e0 operativa di Cardiologia di Feltre organizza un incontro con la cittadinanza dal titolo \u201cCuore e sessualit\u00e0: parliamone!\u201d, un momento di incontro con medici cardiologi, l\u2019urologo e la ginecologa. L\u2019appuntamento, ad ingresso libero, si terr\u00e0 mercoled\u00ec 12 febbraio 2025 alle 17.30 in Sala convegni dell\u2019Ospedale di Feltre<\/p>\n<p>&nbsp;<\/p>\n<p>&nbsp;<\/p>\n<hr \/>\n<p>&nbsp;<\/p>\n<blockquote>\n<h3>NASCE &#8220;IO SOCCORRO&#8221; A DANTA DI CADORE<\/h3>\n<\/blockquote>\n<p><strong>DANTA DI CADORE<\/strong> A Danta di Cadore nasce il progetto \u201cIo socCORRO\u201d, frutto della collaborazione tra il Comune e la sezione locale dell\u2019ABVS. L\u2019iniziativa prevede l\u2019installazione di un defibrillatore nell\u2019area sportiva e la promozione dello sport come elemento di salute e coesione sociale. Il progetto mira anche a sensibilizzare la comunit\u00e0 sull\u2019uso dei dispositivi salvavita e sull\u2019importanza della donazione del sangue. Prevista una giornata informativa su pronto intervento e manovre salvavita, coinvolgendo anche le scuole elementari. L\u2019iniziativa \u00e8 sostenuta dall\u2019ABVS e dall\u2019AC Danta, rafforzando il senso di comunit\u00e0 e collaborazione.<\/p>\n<p>&nbsp;<\/p>\n<p>&nbsp;<\/p>\n<hr \/>\n<p>&nbsp;<\/p>\n<blockquote>\n<h3><a class=\"dt-pswp-item\" href=\"https:\/\/www.radiopiu.net\/wordpress\/wp-content\/uploads\/2023\/06\/Scuola_Don_Zalivani.jpg\" data-dt-img-description=\"\" data-large_image_width=\"1152\" data-large_image_height=\"768\"><img loading=\"lazy\" decoding=\"async\" class=\"wp-image-339897 alignleft\" src=\"https:\/\/www.radiopiu.net\/wordpress\/wp-content\/uploads\/2023\/06\/Scuola_Don_Zalivani-300x200.jpg\" alt=\"\" width=\"206\" height=\"137\" srcset=\"https:\/\/www.radiopiu.net\/wordpress\/wp-content\/uploads\/2023\/06\/Scuola_Don_Zalivani-300x200.jpg 300w, https:\/\/www.radiopiu.net\/wordpress\/wp-content\/uploads\/2023\/06\/Scuola_Don_Zalivani-1024x683.jpg 1024w, https:\/\/www.radiopiu.net\/wordpress\/wp-content\/uploads\/2023\/06\/Scuola_Don_Zalivani-768x512.jpg 768w, https:\/\/www.radiopiu.net\/wordpress\/wp-content\/uploads\/2023\/06\/Scuola_Don_Zalivani.jpg 1152w\" sizes=\"auto, (max-width: 206px) 100vw, 206px\" \/><\/a>SE NON LA SMETTI DI MANDO DAL PRESIDE, SCUOLA. CON LA PROF. MARIA ROSA SALMAZO puntata 19<\/h3>\n<\/blockquote>\n<p>&nbsp;<\/p>\n<p>&nbsp;<\/p>\n<p><strong>DI MIRKO MEZZACASA<\/strong><\/p>\n<audio class=\"wp-audio-shortcode\" id=\"audio-433060-11\" preload=\"none\" style=\"width: 100%;\" controls=\"controls\"><source type=\"audio\/mpeg\" src=\"https:\/\/www.radiopiu.net\/wordpress\/wp-content\/uploads\/2025\/02\/SE-NON-LA-SMETTI-19-24.mp3?_=11\" \/><a href=\"https:\/\/www.radiopiu.net\/wordpress\/wp-content\/uploads\/2025\/02\/SE-NON-LA-SMETTI-19-24.mp3\">https:\/\/www.radiopiu.net\/wordpress\/wp-content\/uploads\/2025\/02\/SE-NON-LA-SMETTI-19-24.mp3<\/a><\/audio>\n<p><strong>LA RACCOLTA COMPLETA <span style=\"color: #0000ff;\"><a style=\"color: #0000ff;\" href=\"https:\/\/www.radiopiu.net\/wordpress\/se-non-la-smetti-di-mando-dal-preside\/\">CLICCA QUI<\/a><\/span><\/strong><\/p>\n<p>&nbsp;<\/p>\n<p>&nbsp;<\/p>\n<hr \/>\n<blockquote>\n<h3><\/h3>\n<h3>TAVOLA ROTONDA SU DIPENDENZE E RESPONSABILIT\u00c0, LA COMUNIT\u00c0 SI METTE IN GIOCO<\/h3>\n<\/blockquote>\n<p><strong>AGORDO<\/strong><\/p>\n<p><strong><a class=\"dt-pswp-item\" href=\"https:\/\/www.radiopiu.net\/wordpress\/wp-content\/uploads\/2025\/02\/Senza-nome-6.png\" data-dt-img-description=\"\" data-large_image_width=\"742\" data-large_image_height=\"339\"><img loading=\"lazy\" decoding=\"async\" class=\"size-medium wp-image-432779 alignleft\" src=\"https:\/\/www.radiopiu.net\/wordpress\/wp-content\/uploads\/2025\/02\/Senza-nome-6-300x137.png\" alt=\"\" width=\"300\" height=\"137\" srcset=\"https:\/\/www.radiopiu.net\/wordpress\/wp-content\/uploads\/2025\/02\/Senza-nome-6-300x137.png 300w, https:\/\/www.radiopiu.net\/wordpress\/wp-content\/uploads\/2025\/02\/Senza-nome-6.png 742w\" sizes=\"auto, (max-width: 300px) 100vw, 300px\" \/><\/a><\/strong> Le parrocchie di Agordo, La Valle e Taibon Agordino promuovono un incontro dedicato al tema delle dipendenze e delle responsabilit\u00e0 della comunit\u00e0, in programma domani alle 20:30 presso l\u2019Auditorium del Centro Parrocchiale \u201cV. Savio\u201d di Agordo. L\u2019evento, intitolato &#8220;Dipendenze e responsabilit\u00e0: la comunit\u00e0 si mette in gioco!&#8221;, si propone di affrontare un tema di grande rilevanza sociale, con il coinvolgimento di esperti e istituzioni. Interverranno: Dott. Alfio De Sandre, rappresentante del Ser.D di Agordo ULSS 1 Dolomiti; Dott.ssa Giulia Gallinari, direttrice della comunit\u00e0 per tossicodipendenti di Landris; Un rappresentante del Comando Provinciale dell\u2019Arma dei Carabinieri; Testimonianza di Daniela, che condivider\u00e0 la sua esperienza personale. Al termine degli interventi, ci sar\u00e0 spazio per un dibattito aperto, offrendo ai presenti l\u2019opportunit\u00e0 di porre domande e confrontarsi direttamente con gli esperti. L\u2019incontro si propone di sensibilizzare la comunit\u00e0 sul problema delle dipendenze e sulle azioni di prevenzione e supporto necessarie per affrontarlo insieme.<\/p>\n<p>&nbsp;<\/p>\n<p>&nbsp;<\/p>\n<hr \/>\n<p>&nbsp;<\/p>\n<blockquote>\n<h3><a class=\"dt-pswp-item\" href=\"https:\/\/www.radiopiu.net\/wordpress\/wp-content\/uploads\/2025\/02\/JKLAGHHLAK.jpg\" data-dt-img-description=\"\" data-large_image_width=\"1124\" data-large_image_height=\"760\"><img loading=\"lazy\" decoding=\"async\" class=\" wp-image-432993 alignleft\" src=\"https:\/\/www.radiopiu.net\/wordpress\/wp-content\/uploads\/2025\/02\/JKLAGHHLAK-300x203.jpg\" alt=\"\" width=\"232\" height=\"157\" srcset=\"https:\/\/www.radiopiu.net\/wordpress\/wp-content\/uploads\/2025\/02\/JKLAGHHLAK-300x203.jpg 300w, https:\/\/www.radiopiu.net\/wordpress\/wp-content\/uploads\/2025\/02\/JKLAGHHLAK-1024x692.jpg 1024w, https:\/\/www.radiopiu.net\/wordpress\/wp-content\/uploads\/2025\/02\/JKLAGHHLAK-768x519.jpg 768w, https:\/\/www.radiopiu.net\/wordpress\/wp-content\/uploads\/2025\/02\/JKLAGHHLAK.jpg 1124w\" sizes=\"auto, (max-width: 232px) 100vw, 232px\" \/><\/a>ALLA LIBRERIA QUATTRO SASS A RASAI IL SECONDO INCONTRO DI \u201cALPINIA\u201d<\/h3>\n<\/blockquote>\n<p><strong>SEREN DEL GRAPPA<\/strong> Domani alle 20.30, presso la Libreria Quattro Sass a Rasai di Seren del Grappa, si terr\u00e0 il secondo incontro della serie &#8220;Alpinia&#8221; organizzata dal Centro Studi A.N.A. di Feltre. Il Tenente Colonnello Mario Renna presenter\u00e0 il suo libro sugli Alpini, ripercorrendo la loro storia dal 1872 fino alle missioni e alle sfide moderne. L\u2019opera esplora il legame tra Alpini e montagna, includendo successi sportivi e spedizioni alpinistiche. L\u2019incontro \u00e8 a ingresso libero. Renna, ufficiale esperto in comunicazione e giornalista, ha partecipato a numerose missioni internazionali con NATO e UE.<\/p>\n<p>&nbsp;<\/p>\n<p>&nbsp;<\/p>\n<hr \/>\n<p>&nbsp;<\/p>\n<blockquote>\n<h3>LA GIORNATA DELLA LINGUA MADRE<\/h3>\n<\/blockquote>\n<p><strong><a class=\"dt-pswp-item\" href=\"https:\/\/www.radiopiu.net\/wordpress\/wp-content\/uploads\/2025\/02\/busatta_celentin_de_bona.jpeg\" data-dt-img-description=\"\" data-large_image_width=\"2016\" data-large_image_height=\"1134\"><img loading=\"lazy\" decoding=\"async\" class=\" wp-image-432968 alignleft\" src=\"https:\/\/www.radiopiu.net\/wordpress\/wp-content\/uploads\/2025\/02\/busatta_celentin_de_bona-300x169.jpeg\" alt=\"\" width=\"213\" height=\"120\" srcset=\"https:\/\/www.radiopiu.net\/wordpress\/wp-content\/uploads\/2025\/02\/busatta_celentin_de_bona-300x169.jpeg 300w, https:\/\/www.radiopiu.net\/wordpress\/wp-content\/uploads\/2025\/02\/busatta_celentin_de_bona-1024x576.jpeg 1024w, https:\/\/www.radiopiu.net\/wordpress\/wp-content\/uploads\/2025\/02\/busatta_celentin_de_bona-768x432.jpeg 768w, https:\/\/www.radiopiu.net\/wordpress\/wp-content\/uploads\/2025\/02\/busatta_celentin_de_bona-1536x864.jpeg 1536w, https:\/\/www.radiopiu.net\/wordpress\/wp-content\/uploads\/2025\/02\/busatta_celentin_de_bona.jpeg 2016w\" sizes=\"auto, (max-width: 213px) 100vw, 213px\" \/><\/a>BELLUNO<\/strong> Belluno celebra la Giornata della Lingua Madre con l\u2019evento &#8220;Le lingue del cuore&#8221; il 15 febbraio, promosso da diverse associazioni per valorizzare il plurilinguismo. La giornata prevede convegni, mostre e laboratori interattivi per bambini, con il coinvolgimento di esperti e docenti. Il programma include un convegno sulla diversit\u00e0 linguistica presso l\u2019Associazione Bellunesi nel Mondo e attivit\u00e0 pomeridiane al Museo Etnografico Dolomiti. Tra le iniziative, una mostra sui richiedenti asilo e un reading poetico plurilingue. L\u2019evento mira a riscoprire il valore identitario delle lingue, favorendo il dialogo interculturale. Tutte le attivit\u00e0 sono gratuite, con prenotazione per i laboratori infantili scrivendo a <a class=\"moz-txt-link-freetext\" href=\"mailto:servizieducativi@isoipse.it\">servizieducativi@isoipse.it<\/a>.<\/p>\n<p>&nbsp;<\/p>\n<hr \/>\n<p>&nbsp;<\/p>\n<p>&nbsp;<\/p>\n<blockquote>\n<h3><strong><a class=\"dt-pswp-item\" href=\"https:\/\/www.radiopiu.net\/wordpress\/wp-content\/uploads\/2025\/02\/GIORNO-DEL-RICORDO-2025-CARTELLONE-TRIESTE.jpg\" data-dt-img-description=\"\" data-large_image_width=\"1447\" data-large_image_height=\"2048\"><img loading=\"lazy\" decoding=\"async\" class=\" wp-image-433189 alignleft\" src=\"https:\/\/www.radiopiu.net\/wordpress\/wp-content\/uploads\/2025\/02\/GIORNO-DEL-RICORDO-2025-CARTELLONE-TRIESTE-212x300.jpg\" alt=\"\" width=\"116\" height=\"164\" srcset=\"https:\/\/www.radiopiu.net\/wordpress\/wp-content\/uploads\/2025\/02\/GIORNO-DEL-RICORDO-2025-CARTELLONE-TRIESTE-212x300.jpg 212w, https:\/\/www.radiopiu.net\/wordpress\/wp-content\/uploads\/2025\/02\/GIORNO-DEL-RICORDO-2025-CARTELLONE-TRIESTE-724x1024.jpg 724w, https:\/\/www.radiopiu.net\/wordpress\/wp-content\/uploads\/2025\/02\/GIORNO-DEL-RICORDO-2025-CARTELLONE-TRIESTE-768x1087.jpg 768w, https:\/\/www.radiopiu.net\/wordpress\/wp-content\/uploads\/2025\/02\/GIORNO-DEL-RICORDO-2025-CARTELLONE-TRIESTE-1085x1536.jpg 1085w, https:\/\/www.radiopiu.net\/wordpress\/wp-content\/uploads\/2025\/02\/GIORNO-DEL-RICORDO-2025-CARTELLONE-TRIESTE.jpg 1447w\" sizes=\"auto, (max-width: 116px) 100vw, 116px\" \/><\/a>Giorno del Ricordo: evento a Belluno per commemorare le vittime delle Foibe<\/strong><\/h3>\n<\/blockquote>\n<p><strong>BELLUNO<\/strong> Sabato alle 17, nella sede del Circolo culturale &#8220;La Terra dei Padri &#8211; Belluno APS&#8221;, si terr\u00e0 un evento dedicato al Giorno del Ricordo, in collaborazione con la Lega Nazionale. L&#8217;incontro, che si svolger\u00e0 in via dei Molini, 10 (Borgo Piave), prevede la proiezione di documentari sul 70\u00b0 anniversario del ritorno di Trieste alla Madrepatria e un\u2019introduzione storica a cura di Francesco Dematt\u00e8. L\u2019evento vuole mantenere viva la memoria della tragedia delle Foibe e dell\u2019Esodo degli Istriani, Fiumani e Dalmati, ricordando una pagina dolorosa della storia italiana.<\/p>\n<blockquote><p>&nbsp;<\/p><\/blockquote>\n<p>&nbsp;<\/p>\n<div class=\"mb-2 flex gap-3 empty:hidden -ml-2\">\n<div class=\"items-center justify-start rounded-xl p-1 flex\">\n<div class=\"flex items-center\">\n<hr \/>\n<p>&nbsp;<\/p>\n<\/div>\n<\/div>\n<\/div>\n<p><strong><a class=\"dt-pswp-item\" href=\"https:\/\/www.radiopiu.net\/wordpress\/wp-content\/uploads\/2024\/11\/AMICI-MINERARI.png\" data-dt-img-description=\"\" data-large_image_width=\"209\" data-large_image_height=\"174\"><img loading=\"lazy\" decoding=\"async\" class=\" wp-image-419180 alignleft\" src=\"https:\/\/www.radiopiu.net\/wordpress\/wp-content\/uploads\/2024\/11\/AMICI-MINERARI.png\" alt=\"\" width=\"168\" height=\"140\" \/><\/a>&#8220;Con gli Amici dei Minerari: Serate d&#8217;Inverno \u2013 un viaggio tra storia, scienza e meraviglie. Incontri presso la Sala con Tamis. Non mancare!&#8221;<\/strong><\/p>\n<ul>\n<li><em>Venerd\u00ec 21 febbraio, ore 20:30<\/em>: &#8220;Il traforo del Brennero: studio, progettazione e realizzazione&#8221; \u2013 Relatori Vittorio Fenti e Mario Guadagnini.<\/li>\n<\/ul>\n<p><strong>Vivi la cultura e la passione per la montagna!<\/strong><\/p>\n<p>&nbsp;<\/p>\n<hr \/>\n<p>&nbsp;<\/p>\n<blockquote>\n<h3><strong>Grigory Sokolov torna a Belluno: recital al Teatro Dino Buzzati<\/strong><\/h3>\n<\/blockquote>\n<p><strong>BELLUNO <\/strong>Domani\u00a0 alle 20:30 Grigory Sokolov torna a incantare il pubblico bellunese con un recital al Teatro Dino Buzzati. Considerato uno dei pi\u00f9 grandi pianisti viventi, proporr\u00e0 un programma che include William Byrd E \u00a0Johannes Brahms. Maggiori dettagli sulla 72\u00aa Stagione 2025 su belcircolo.org.<\/p>\n<p>&nbsp;<\/p>\n<hr \/>\n<p>&nbsp;<\/p>\n<blockquote>\n<h2><a class=\"dt-pswp-item\" href=\"https:\/\/www.radiopiu.net\/wordpress\/wp-content\/uploads\/2024\/01\/Foto-Carnevale_0001-9-scaled.jpg\" data-dt-img-description=\"\" data-large_image_width=\"1825\" data-large_image_height=\"2560\"><img loading=\"lazy\" decoding=\"async\" class=\"wp-image-371954 alignleft\" src=\"https:\/\/www.radiopiu.net\/wordpress\/wp-content\/uploads\/2024\/01\/Foto-Carnevale_0001-9-214x300.jpg\" alt=\"\" width=\"85\" height=\"119\" srcset=\"https:\/\/www.radiopiu.net\/wordpress\/wp-content\/uploads\/2024\/01\/Foto-Carnevale_0001-9-214x300.jpg 214w, https:\/\/www.radiopiu.net\/wordpress\/wp-content\/uploads\/2024\/01\/Foto-Carnevale_0001-9-730x1024.jpg 730w, https:\/\/www.radiopiu.net\/wordpress\/wp-content\/uploads\/2024\/01\/Foto-Carnevale_0001-9-768x1078.jpg 768w, https:\/\/www.radiopiu.net\/wordpress\/wp-content\/uploads\/2024\/01\/Foto-Carnevale_0001-9-1095x1536.jpg 1095w, https:\/\/www.radiopiu.net\/wordpress\/wp-content\/uploads\/2024\/01\/Foto-Carnevale_0001-9-1460x2048.jpg 1460w, https:\/\/www.radiopiu.net\/wordpress\/wp-content\/uploads\/2024\/01\/Foto-Carnevale_0001-9-scaled.jpg 1825w\" sizes=\"auto, (max-width: 85px) 100vw, 85px\" \/><\/a>APPUNTAMENTI COL CARNEVALE<\/h2>\n<\/blockquote>\n<p>Ritorna carnevai de la vai, mascherate tradizionali delle dolomiti agordine.\u00a0 I prossimi appuntamenti: 22 febbraio LASTE DI ROCCA PIETORE, 23 febbraio a Rivamonte Agordino, 1 Marzo Sottoguda di Rocca Pietore, e 2 marzo a CANALE D&#8217;AGORDO aspettiamo anche te, con la tua maschera, tradizionale o di fantasia<\/p>\n<p>&nbsp;<\/p>\n<p>&nbsp;<\/p>\n<p>&nbsp;<\/p>\n<p>&nbsp;<\/p>\n<hr \/>\n<p>&nbsp;<\/p>\n<p>&nbsp;<\/p>\n<h1 style=\"text-align: center;\">LA FESTA STUDENTESCA<\/h1>\n<p><a class=\"dt-pswp-item\" href=\"https:\/\/www.radiopiu.net\/wordpress\/wp-content\/uploads\/2025\/01\/98c08a82-572c-4113-bead-264f62e1626a-scaled.jpg\" data-dt-img-description=\"\" data-large_image_width=\"1810\" data-large_image_height=\"2560\"><img loading=\"lazy\" decoding=\"async\" class=\"size-medium wp-image-432012 aligncenter\" src=\"https:\/\/www.radiopiu.net\/wordpress\/wp-content\/uploads\/2025\/01\/98c08a82-572c-4113-bead-264f62e1626a-212x300.jpg\" alt=\"\" width=\"212\" height=\"300\" srcset=\"https:\/\/www.radiopiu.net\/wordpress\/wp-content\/uploads\/2025\/01\/98c08a82-572c-4113-bead-264f62e1626a-212x300.jpg 212w, https:\/\/www.radiopiu.net\/wordpress\/wp-content\/uploads\/2025\/01\/98c08a82-572c-4113-bead-264f62e1626a-724x1024.jpg 724w, https:\/\/www.radiopiu.net\/wordpress\/wp-content\/uploads\/2025\/01\/98c08a82-572c-4113-bead-264f62e1626a-768x1086.jpg 768w, https:\/\/www.radiopiu.net\/wordpress\/wp-content\/uploads\/2025\/01\/98c08a82-572c-4113-bead-264f62e1626a-1086x1536.jpg 1086w, https:\/\/www.radiopiu.net\/wordpress\/wp-content\/uploads\/2025\/01\/98c08a82-572c-4113-bead-264f62e1626a-1448x2048.jpg 1448w, https:\/\/www.radiopiu.net\/wordpress\/wp-content\/uploads\/2025\/01\/98c08a82-572c-4113-bead-264f62e1626a-scaled.jpg 1810w\" sizes=\"auto, (max-width: 212px) 100vw, 212px\" \/><\/a><\/p>\n<p>&nbsp;<\/p>\n<p><strong>FALCADE<\/strong> Paradise Lost&#8230;ritorno alle origini 7-8 febbraio, al Palafalcade domani dalle 15 torneo di briscola e beer pong, alle 18 estrazione lotteria e dalle 21 ballo liscio con Dino e la nuova stagione. Sabato 8 febbraio dalle 15.30 apre ski con dj set, dalle 21 party con Komoro 7-8 febbraio, Palafalcadef, la festa studentesca, con la quinta liceo sportivo di Agordo<\/p>\n<p>&nbsp;<\/p>\n<p>&nbsp;<\/p>\n<p>&nbsp;<\/p>\n<p>&nbsp;<\/p>\n<hr \/>\n<p><strong><a class=\"dt-pswp-item\" href=\"https:\/\/www.radiopiu.net\/wordpress\/wp-content\/uploads\/2025\/01\/d8ab62da-aba7-455c-8632-184910af88dc.jpg\" data-dt-img-description=\"\" data-large_image_width=\"1134\" data-large_image_height=\"1600\"><img loading=\"lazy\" decoding=\"async\" class=\"wp-image-431685 alignleft\" src=\"https:\/\/www.radiopiu.net\/wordpress\/wp-content\/uploads\/2025\/01\/d8ab62da-aba7-455c-8632-184910af88dc-213x300.jpg\" alt=\"\" width=\"142\" height=\"200\" srcset=\"https:\/\/www.radiopiu.net\/wordpress\/wp-content\/uploads\/2025\/01\/d8ab62da-aba7-455c-8632-184910af88dc-213x300.jpg 213w, https:\/\/www.radiopiu.net\/wordpress\/wp-content\/uploads\/2025\/01\/d8ab62da-aba7-455c-8632-184910af88dc-726x1024.jpg 726w, https:\/\/www.radiopiu.net\/wordpress\/wp-content\/uploads\/2025\/01\/d8ab62da-aba7-455c-8632-184910af88dc-768x1084.jpg 768w, https:\/\/www.radiopiu.net\/wordpress\/wp-content\/uploads\/2025\/01\/d8ab62da-aba7-455c-8632-184910af88dc-1089x1536.jpg 1089w, https:\/\/www.radiopiu.net\/wordpress\/wp-content\/uploads\/2025\/01\/d8ab62da-aba7-455c-8632-184910af88dc.jpg 1134w\" sizes=\"auto, (max-width: 142px) 100vw, 142px\" \/><\/a>La famiglia ex emigranti dell&#8217;agordino ti invita al gran ballo di San Valentino<\/strong><\/p>\n<p>Venerdi 14 febbraio al Nof Filo&#8217; di Cencenighe&#8230;<br \/>\nPer l&#8217;ultima volta, gli ultimi balli prima della ristrutturazione della storica e gloriosa sala.<br \/>\nDalle 21&#8230; con la musica degli ORO PURO&#8230;all other music<br \/>\nBiglietto ridotto per i coscritti del 2005, 1985, 1965 e 1945 dell&#8217;Agordino<\/p>\n<p>Gran Ballo di San Valentino, venerdi 14 febbraio&#8230; nof filo&#8217;&#8230;. cencenighe<\/p>\n<p>&nbsp;<\/p>\n<p>&nbsp;<\/p>\n<p>&nbsp;<\/p>\n<p>&nbsp;<\/p>\n<hr \/>\n<p>&nbsp;<\/p>\n<p><strong><a class=\"dt-pswp-item\" href=\"https:\/\/www.radiopiu.net\/wordpress\/wp-content\/uploads\/2025\/01\/f3df1628-8254-4b99-80ee-8393db63af21.jpg\" data-dt-img-description=\"\" data-large_image_width=\"1446\" data-large_image_height=\"2048\"><img loading=\"lazy\" decoding=\"async\" class=\"size-medium wp-image-431684 alignleft\" src=\"https:\/\/www.radiopiu.net\/wordpress\/wp-content\/uploads\/2025\/01\/f3df1628-8254-4b99-80ee-8393db63af21-212x300.jpg\" alt=\"\" width=\"212\" height=\"300\" srcset=\"https:\/\/www.radiopiu.net\/wordpress\/wp-content\/uploads\/2025\/01\/f3df1628-8254-4b99-80ee-8393db63af21-212x300.jpg 212w, https:\/\/www.radiopiu.net\/wordpress\/wp-content\/uploads\/2025\/01\/f3df1628-8254-4b99-80ee-8393db63af21-723x1024.jpg 723w, https:\/\/www.radiopiu.net\/wordpress\/wp-content\/uploads\/2025\/01\/f3df1628-8254-4b99-80ee-8393db63af21-768x1088.jpg 768w, https:\/\/www.radiopiu.net\/wordpress\/wp-content\/uploads\/2025\/01\/f3df1628-8254-4b99-80ee-8393db63af21-1085x1536.jpg 1085w, https:\/\/www.radiopiu.net\/wordpress\/wp-content\/uploads\/2025\/01\/f3df1628-8254-4b99-80ee-8393db63af21.jpg 1446w\" sizes=\"auto, (max-width: 212px) 100vw, 212px\" \/><\/a>NOF FILO&#8217;&#8230; The last night.<\/strong><br \/>\nRivivi in una notte 40 anni di musica dance.\u00a0 Ottanta voglia di dance&#8230; e la paura fa Novanta<br \/>\nLE ROCCE: Moreno Tocchetto, Dj Fabio Lazzarini, Dj Morgan e Battaglia<br \/>\ncocktail lounge by Oh per Bacco WIne<br \/>\nConsumazione gratuita con dress code winter, vintage anni ottanta e novanta<br \/>\nIngresso libero e servizio &#8220;taxy Thomas&#8221;<br \/>\nIn diretta su RADIOPIU<\/p>\n<p>con il sostegno di Mobilificio Collarin Emozioni in legno, qualit\u00e0 artigianale per arredare i tuoi spazi. Concessionario Cucine Scavolini, \u00a0 arredamenti, mobili e finiture su misura nel caratteristico stile di montagna come con l\u2019abete massiccio. Progettazione, arredamento di montagna e moderno per il giorno e per la notte. A\u00a0 Cencenighe in via xx settembre<\/p>\n<p>&nbsp;<\/p>\n<p>&nbsp;<\/p>\n<p>&nbsp;<\/p>\n<hr \/>\n<p>&nbsp;<\/p>\n<blockquote>\n<h2><strong><a class=\"dt-pswp-item\" href=\"https:\/\/www.radiopiu.net\/wordpress\/wp-content\/uploads\/2025\/01\/Senza-nome-77.png\" data-dt-img-description=\"\" data-large_image_width=\"227\" data-large_image_height=\"182\"><img loading=\"lazy\" decoding=\"async\" class=\"size-full wp-image-431216 alignleft\" src=\"https:\/\/www.radiopiu.net\/wordpress\/wp-content\/uploads\/2025\/01\/Senza-nome-77.png\" alt=\"\" width=\"227\" height=\"182\" \/><\/a><\/strong>07 FEBBRAIO, LA DEGUSTAZIONE A FELTRE PER GLI AMANTI DEL VINO<\/h2>\n<\/blockquote>\n<p>&nbsp;<\/p>\n<p><strong>L&#8217;INVITO&#8230; DI VALENTINA &#8220;esperienza di gusto unico con la cantina Cecchetto&#8221;<\/strong><\/p>\n<audio class=\"wp-audio-shortcode\" id=\"audio-433060-12\" preload=\"none\" style=\"width: 100%;\" controls=\"controls\"><source type=\"audio\/mpeg\" src=\"https:\/\/www.radiopiu.net\/wordpress\/wp-content\/uploads\/2025\/02\/VVVVVV.mp3?_=12\" \/><a href=\"https:\/\/www.radiopiu.net\/wordpress\/wp-content\/uploads\/2025\/02\/VVVVVV.mp3\">https:\/\/www.radiopiu.net\/wordpress\/wp-content\/uploads\/2025\/02\/VVVVVV.mp3<\/a><\/audio>\n<p>&nbsp;<\/p>\n<p>&nbsp;<\/p>\n<hr \/>\n<p><strong>\u00a0<\/strong><\/p>\n<p><strong>\u00a0<\/strong><\/p>\n<p>&nbsp;<\/p>\n<blockquote class=\"wp-embedded-content\" data-secret=\"wSeKLTzJR3\"><p><a href=\"https:\/\/www.radiopiu.net\/wordpress\/26-aprile-2006-auser-di-tiser-archivio-giuliano-laveder\/\">26 aprile 2006, AUSER DI TISER, ARCHIVIO GIULIANO LAVEDER<\/a><\/p><\/blockquote>\n<p><iframe loading=\"lazy\" class=\"wp-embedded-content\" sandbox=\"allow-scripts\" security=\"restricted\" style=\"position: absolute; visibility: hidden;\" title=\"&#8220;26 aprile 2006, AUSER DI TISER, ARCHIVIO GIULIANO LAVEDER&#8221; &#8212; Radio Pi\u00f9\" src=\"https:\/\/www.radiopiu.net\/wordpress\/26-aprile-2006-auser-di-tiser-archivio-giuliano-laveder\/embed\/#?secret=kNhcwTPpMB#?secret=wSeKLTzJR3\" data-secret=\"wSeKLTzJR3\" width=\"600\" height=\"338\" frameborder=\"0\" marginwidth=\"0\" marginheight=\"0\" scrolling=\"no\"><\/iframe><\/p>\n<p>&nbsp;<\/p>\n<hr \/>\n<p>&nbsp;<\/p>\n<p>&nbsp;<\/p>\n<h1><span style=\"color: #ff6600;\">IERI ALLA RADIO\u00a0 \u00a0<\/span><\/h1>\n<h2><span style=\"color: #008000;\">CISL E FEMCA CISL LA VOCE PER I LAVORATORI<\/span><\/h2>\n<p><a class=\"dt-pswp-item\" href=\"https:\/\/www.radiopiu.net\/wordpress\/wp-content\/uploads\/2023\/10\/Senza-nome-7.png\" data-dt-img-description=\"\" data-large_image_width=\"235\" data-large_image_height=\"378\"><img loading=\"lazy\" decoding=\"async\" class=\"wp-image-355326 alignleft\" src=\"https:\/\/www.radiopiu.net\/wordpress\/wp-content\/uploads\/2023\/10\/Senza-nome-7-187x300.png\" alt=\"\" width=\"92\" height=\"148\" srcset=\"https:\/\/www.radiopiu.net\/wordpress\/wp-content\/uploads\/2023\/10\/Senza-nome-7-187x300.png 187w, https:\/\/www.radiopiu.net\/wordpress\/wp-content\/uploads\/2023\/10\/Senza-nome-7.png 235w\" sizes=\"auto, (max-width: 92px) 100vw, 92px\" \/><\/a>puntata del 05 FEBBRAIO 2025<\/p>\n<p><strong>OSPITE ALESSIO PICCOLI<\/strong><\/p>\n<audio class=\"wp-audio-shortcode\" id=\"audio-433060-13\" preload=\"none\" style=\"width: 100%;\" controls=\"controls\"><source type=\"audio\/mpeg\" src=\"https:\/\/www.radiopiu.net\/wordpress\/wp-content\/uploads\/2025\/01\/FEMCA-CISL-2.mp3?_=13\" \/><a href=\"https:\/\/www.radiopiu.net\/wordpress\/wp-content\/uploads\/2025\/01\/FEMCA-CISL-2.mp3\">https:\/\/www.radiopiu.net\/wordpress\/wp-content\/uploads\/2025\/01\/FEMCA-CISL-2.mp3<\/a><\/audio>\n<p>&nbsp;<\/p>\n<p><strong>LA RACCOLTA COMPLETA <a href=\"https:\/\/www.radiopiu.net\/wordpress\/cisl-e-femca-cisl-la-vocef\/\"><span style=\"color: #3366ff;\">CLICCA QUI<\/span><\/a><\/strong><\/p>\n<p>&nbsp;<\/p>\n<hr \/>\n<p>&nbsp;<\/p>\n<h2><span style=\"color: #ff00ff;\">AMAZING CALENDAR, CON MICHELA E MARINA<\/span><\/h2>\n<p><span style=\"color: #0000ff;\"><strong><a class=\"dt-pswp-item\" href=\"https:\/\/www.radiopiu.net\/wordpress\/wp-content\/uploads\/2025\/01\/CROCERA.jpg\" data-dt-img-description=\"\" data-large_image_width=\"1280\" data-large_image_height=\"852\"><img loading=\"lazy\" decoding=\"async\" class=\" wp-image-433219 alignleft\" src=\"https:\/\/www.radiopiu.net\/wordpress\/wp-content\/uploads\/2025\/01\/CROCERA-300x200.jpg\" alt=\"\" width=\"174\" height=\"116\" srcset=\"https:\/\/www.radiopiu.net\/wordpress\/wp-content\/uploads\/2025\/01\/CROCERA-300x200.jpg 300w, https:\/\/www.radiopiu.net\/wordpress\/wp-content\/uploads\/2025\/01\/CROCERA-1024x682.jpg 1024w, https:\/\/www.radiopiu.net\/wordpress\/wp-content\/uploads\/2025\/01\/CROCERA-768x511.jpg 768w, https:\/\/www.radiopiu.net\/wordpress\/wp-content\/uploads\/2025\/01\/CROCERA.jpg 1280w\" sizes=\"auto, (max-width: 174px) 100vw, 174px\" \/><\/a>8A PUNTATA &#8211; PARTE UNO<\/strong><\/span><\/p>\n<audio class=\"wp-audio-shortcode\" id=\"audio-433060-14\" preload=\"none\" style=\"width: 100%;\" controls=\"controls\"><source type=\"audio\/mpeg\" src=\"https:\/\/www.radiopiu.net\/wordpress\/wp-content\/uploads\/2025\/01\/AMAZING-CALENDAR-OTTAVA-PUNTATA-1.mp3?_=14\" \/><a href=\"https:\/\/www.radiopiu.net\/wordpress\/wp-content\/uploads\/2025\/01\/AMAZING-CALENDAR-OTTAVA-PUNTATA-1.mp3\">https:\/\/www.radiopiu.net\/wordpress\/wp-content\/uploads\/2025\/01\/AMAZING-CALENDAR-OTTAVA-PUNTATA-1.mp3<\/a><\/audio>\n<p><span style=\"color: #0000ff;\">\u00a0<\/span><\/p>\n<p><span style=\"color: #0000ff;\"><strong>PARTE DUE<\/strong><\/span><\/p>\n<audio class=\"wp-audio-shortcode\" id=\"audio-433060-15\" preload=\"none\" style=\"width: 100%;\" controls=\"controls\"><source type=\"audio\/mpeg\" src=\"https:\/\/www.radiopiu.net\/wordpress\/wp-content\/uploads\/2025\/01\/AMAZING-CALENDAR-OTTAVA-PUNTATA-2.mp3?_=15\" \/><a href=\"https:\/\/www.radiopiu.net\/wordpress\/wp-content\/uploads\/2025\/01\/AMAZING-CALENDAR-OTTAVA-PUNTATA-2.mp3\">https:\/\/www.radiopiu.net\/wordpress\/wp-content\/uploads\/2025\/01\/AMAZING-CALENDAR-OTTAVA-PUNTATA-2.mp3<\/a><\/audio>\n<p><span style=\"color: #0000ff;\">\u00a0<\/span><\/p>\n<p><span style=\"color: #0000ff;\"><strong>PARTE TRE<\/strong><\/span><\/p>\n<audio class=\"wp-audio-shortcode\" id=\"audio-433060-16\" preload=\"none\" style=\"width: 100%;\" controls=\"controls\"><source type=\"audio\/mpeg\" src=\"https:\/\/www.radiopiu.net\/wordpress\/wp-content\/uploads\/2025\/01\/AMAZING-CALENDAR-OTTAVA-PUNTATA-3.mp3?_=16\" \/><a href=\"https:\/\/www.radiopiu.net\/wordpress\/wp-content\/uploads\/2025\/01\/AMAZING-CALENDAR-OTTAVA-PUNTATA-3.mp3\">https:\/\/www.radiopiu.net\/wordpress\/wp-content\/uploads\/2025\/01\/AMAZING-CALENDAR-OTTAVA-PUNTATA-3.mp3<\/a><\/audio>\n<p>&nbsp;<\/p>\n<p><strong>LA RACCOLTA COMPLETA <a href=\"https:\/\/www.radiopiu.net\/wordpress\/amazing-calendar-con-michela-e-marina-la-raccolta\/\"><span style=\"color: #3366ff;\">CLICCA QUI<\/span><\/a><\/strong><\/p>\n<p>&nbsp;<\/p>\n<hr \/>\n<p>&nbsp;<\/p>\n<h2><span style=\"color: #ff0000;\">OGGI COME IERI, TERZO ANNO. CON SILVIA BALDO<\/span><\/h2>\n<p><strong><a class=\"dt-pswp-item\" href=\"https:\/\/www.radiopiu.net\/wordpress\/wp-content\/uploads\/2025\/02\/download.png\" data-dt-img-description=\"\" data-large_image_width=\"225\" data-large_image_height=\"225\"><img loading=\"lazy\" decoding=\"async\" class=\"wp-image-433179 alignleft\" src=\"https:\/\/www.radiopiu.net\/wordpress\/wp-content\/uploads\/2025\/02\/download.png\" alt=\"\" width=\"108\" height=\"108\" srcset=\"https:\/\/www.radiopiu.net\/wordpress\/wp-content\/uploads\/2025\/02\/download.png 225w, https:\/\/www.radiopiu.net\/wordpress\/wp-content\/uploads\/2025\/02\/download-150x150.png 150w\" sizes=\"auto, (max-width: 108px) 100vw, 108px\" \/><\/a>05 FEBBRAIO 2025 &#8220;GIORNATA NAZIONALE PREVENZIONE SPRECO ALIMENTARE&#8221;<\/strong><\/p>\n<audio class=\"wp-audio-shortcode\" id=\"audio-433060-17\" preload=\"none\" style=\"width: 100%;\" controls=\"controls\"><source type=\"audio\/mpeg\" src=\"https:\/\/www.radiopiu.net\/wordpress\/wp-content\/uploads\/2025\/02\/SIBI2.mp3?_=17\" \/><a href=\"https:\/\/www.radiopiu.net\/wordpress\/wp-content\/uploads\/2025\/02\/SIBI2.mp3\">https:\/\/www.radiopiu.net\/wordpress\/wp-content\/uploads\/2025\/02\/SIBI2.mp3<\/a><\/audio>\n<p>LA RACCOLTA COMPLETA<span style=\"color: #0000ff;\"><strong><a style=\"color: #0000ff;\" href=\"https:\/\/www.radiopiu.net\/wordpress\/oggi-come-ieri-terzo-anno-con-silvia-baldo\/\"> CLICCA QUI\u00a0<\/a><\/strong><\/span><\/p>\n<p>&nbsp;<\/p>\n<hr \/>\n<p>&nbsp;<\/p>\n<blockquote>\n<h1><a class=\"dt-pswp-item\" href=\"https:\/\/www.radiopiu.net\/wordpress\/wp-content\/uploads\/2025\/02\/WhatsApp-Image-2025-02-03-at-12.40.41.jpeg\" data-dt-img-description=\"\" data-large_image_width=\"547\" data-large_image_height=\"883\"><img loading=\"lazy\" decoding=\"async\" class=\" wp-image-433136 alignleft\" src=\"https:\/\/www.radiopiu.net\/wordpress\/wp-content\/uploads\/2025\/02\/WhatsApp-Image-2025-02-03-at-12.40.41-186x300.jpeg\" alt=\"\" width=\"97\" height=\"157\" srcset=\"https:\/\/www.radiopiu.net\/wordpress\/wp-content\/uploads\/2025\/02\/WhatsApp-Image-2025-02-03-at-12.40.41-186x300.jpeg 186w, https:\/\/www.radiopiu.net\/wordpress\/wp-content\/uploads\/2025\/02\/WhatsApp-Image-2025-02-03-at-12.40.41.jpeg 547w\" sizes=\"auto, (max-width: 97px) 100vw, 97px\" \/><\/a>LIBER &#8211; LE PUNTATE IN ONDA DAL 01 GENNAIO 2025<\/h1>\n<\/blockquote>\n<p><strong>PUNTATA 21 05 FEBBRAIO 2025 &#8220;L&#8217;ETA&#8217; FRAGILE&#8221; DONATELLA DI PIETRANTONIO<\/strong><\/p>\n<audio class=\"wp-audio-shortcode\" id=\"audio-433060-18\" preload=\"none\" style=\"width: 100%;\" controls=\"controls\"><source type=\"audio\/mpeg\" src=\"https:\/\/www.radiopiu.net\/wordpress\/wp-content\/uploads\/2024\/01\/LIANA-10.mp3?_=18\" \/><a href=\"https:\/\/www.radiopiu.net\/wordpress\/wp-content\/uploads\/2024\/01\/LIANA-10.mp3\">https:\/\/www.radiopiu.net\/wordpress\/wp-content\/uploads\/2024\/01\/LIANA-10.mp3<\/a><\/audio>\n<p>LA RACCOLTA COMPLETA <span style=\"color: #0000ff;\"><strong><a style=\"color: #0000ff;\" href=\"https:\/\/www.radiopiu.net\/wordpress\/liber-di-liana-cavallet-raccolta-2023-2024\/\">CLICCA QUI\u00a0<\/a><\/strong><\/span><\/p>\n<p>&nbsp;<\/p>\n<hr \/>\n<p>&nbsp;<\/p>\n<blockquote>\n<h2>grazie Lorenzo, pensiero stupendo<\/h2>\n<\/blockquote>\n<div class=\"group\/conversation-turn relative flex w-full min-w-0 flex-col agent-turn px-4 @xs\/thread:px-0 @sm\/thread:px-1.5\">\n<div class=\"flex-col gap-1 md:gap-3\">\n<div class=\"flex max-w-full flex-col flex-grow\">\n<div class=\"min-h-8 text-message flex w-full flex-col items-end gap-2 whitespace-normal break-words text-start [.text-message+&amp;]:mt-5\" dir=\"auto\" data-message-author-role=\"assistant\" data-message-id=\"a0a22596-6440-4ae2-8e8e-0e40dc88d157\" data-message-model-slug=\"gpt-4o\">\n<div class=\"flex w-full flex-col gap-1 empty:hidden first:pt-[3px]\">\n<div class=\"markdown prose w-full break-words dark:prose-invert dark\">\n<blockquote><p><strong>in Legno: Il Dono di Lorenzo Riva<\/strong><\/p><\/blockquote>\n<p><img loading=\"lazy\" decoding=\"async\" class=\"alignleft\" src=\"https:\/\/www.radiopiu.net\/wordpress\/wp-content\/uploads\/2025\/02\/3acbb80f-d6d0-4c92-ba73-feef8492da85.jpg\" width=\"278\" height=\"156\" \/>A Voltago Agordino, tra le montagne dove il legno racconta storie antiche, c\u2019\u00e8 chi ancora custodisce l\u2019arte del <em>caregheta<\/em>, il seggiolaio. Lorenzo Riva, maestro artigiano e custode di un sapere prezioso, ha voluto regalare a Radio Pi\u00f9 un piccolo gioiello fatto con le sue mani: uno sgabello unico, frutto di passione e tradizione.<\/p>\n<p>Un gesto semplice, ma dal grande valore. Perch\u00e9 in ogni fibra di quel legno si sente il calore di una tradizione che resiste al tempo, il rispetto per il lavoro fatto con il cuore e il desiderio di condividere un pezzo della propria arte.<\/p>\n<p>E allora, prendendo in prestito le parole di Patty Pravo, <strong>\u201cGrazie Lorenzo per il pensiero stupendo\u201d<\/strong>. Un dono che profuma di bosco e di storia, un simbolo di quell\u2019artigianato che rende unico il nostro territorio.<\/p>\n<p>Mirko &amp; Radio Pi\u00f9<\/p>\n<p><strong>VIDEO<\/strong><\/p>\n<\/div>\n<\/div>\n<\/div>\n<\/div>\n<\/div>\n<\/div>\n<div style=\"width: 480px;\" class=\"wp-video\"><video class=\"wp-video-shortcode\" id=\"video-433060-3\" width=\"480\" height=\"848\" preload=\"metadata\" controls=\"controls\"><source type=\"video\/mp4\" src=\"https:\/\/www.radiopiu.net\/wordpress\/wp-content\/uploads\/2025\/02\/WhatsApp-Video-2025-02-05-at-07.37.09.mp4?_=3\" \/><a href=\"https:\/\/www.radiopiu.net\/wordpress\/wp-content\/uploads\/2025\/02\/WhatsApp-Video-2025-02-05-at-07.37.09.mp4\">https:\/\/www.radiopiu.net\/wordpress\/wp-content\/uploads\/2025\/02\/WhatsApp-Video-2025-02-05-at-07.37.09.mp4<\/a><\/video><\/div>\n<p>&nbsp;<\/p>\n<p><strong>ARCHIVIO RADIOPIU, LORENZO RIVA ALLA RADIO&#8230;<\/strong><br \/>\n<strong>IL CAREGHETA LORENZO RIVA<\/strong><\/p>\n<p><strong><a class=\"dt-pswp-item\" href=\"https:\/\/www.radiopiu.net\/wordpress\/wp-content\/uploads\/2025\/01\/725b9917-39c6-46fb-a5af-80dc003e001f.jpg\" data-dt-img-description=\"\" data-large_image_width=\"2048\" data-large_image_height=\"1152\"><img loading=\"lazy\" decoding=\"async\" class=\" wp-image-429691 alignleft\" src=\"https:\/\/www.radiopiu.net\/wordpress\/wp-content\/uploads\/2025\/01\/725b9917-39c6-46fb-a5af-80dc003e001f-300x169.jpg\" alt=\"\" width=\"218\" height=\"123\" srcset=\"https:\/\/www.radiopiu.net\/wordpress\/wp-content\/uploads\/2025\/01\/725b9917-39c6-46fb-a5af-80dc003e001f-300x169.jpg 300w, https:\/\/www.radiopiu.net\/wordpress\/wp-content\/uploads\/2025\/01\/725b9917-39c6-46fb-a5af-80dc003e001f-1024x576.jpg 1024w, https:\/\/www.radiopiu.net\/wordpress\/wp-content\/uploads\/2025\/01\/725b9917-39c6-46fb-a5af-80dc003e001f-768x432.jpg 768w, https:\/\/www.radiopiu.net\/wordpress\/wp-content\/uploads\/2025\/01\/725b9917-39c6-46fb-a5af-80dc003e001f-1536x864.jpg 1536w, https:\/\/www.radiopiu.net\/wordpress\/wp-content\/uploads\/2025\/01\/725b9917-39c6-46fb-a5af-80dc003e001f.jpg 2048w\" sizes=\"auto, (max-width: 218px) 100vw, 218px\" \/><\/a>DI MIRKO MEZZACASA<\/strong><\/p>\n<p>OSPITE: Lorenzo Riva<\/p>\n<audio class=\"wp-audio-shortcode\" id=\"audio-433060-19\" preload=\"none\" style=\"width: 100%;\" controls=\"controls\"><source type=\"audio\/mpeg\" src=\"https:\/\/www.radiopiu.net\/wordpress\/wp-content\/uploads\/2025\/01\/lorenzo-riva-_votlago-caregheta.mp3?_=19\" \/><a href=\"https:\/\/www.radiopiu.net\/wordpress\/wp-content\/uploads\/2025\/01\/lorenzo-riva-_votlago-caregheta.mp3\">https:\/\/www.radiopiu.net\/wordpress\/wp-content\/uploads\/2025\/01\/lorenzo-riva-_votlago-caregheta.mp3<\/a><\/audio>\n<p>&nbsp;<\/p>\n<hr \/>\n<h2><span style=\"color: #ff0000;\"><a class=\"dt-pswp-item\" href=\"https:\/\/www.radiopiu.net\/wordpress\/wp-content\/uploads\/2018\/09\/appuntamenti.jpeg\" data-dt-img-description=\"\" data-large_image_width=\"800\" data-large_image_height=\"100\"><img loading=\"lazy\" decoding=\"async\" class=\"wp-image-61958 size-full aligncenter\" src=\"https:\/\/www.radiopiu.net\/wordpress\/wp-content\/uploads\/2018\/09\/appuntamenti.jpeg\" alt=\"\" width=\"800\" height=\"100\" srcset=\"https:\/\/www.radiopiu.net\/wordpress\/wp-content\/uploads\/2018\/09\/appuntamenti.jpeg 800w, https:\/\/www.radiopiu.net\/wordpress\/wp-content\/uploads\/2018\/09\/appuntamenti-300x38.jpeg 300w, https:\/\/www.radiopiu.net\/wordpress\/wp-content\/uploads\/2018\/09\/appuntamenti-768x96.jpeg 768w\" sizes=\"auto, (max-width: 800px) 100vw, 800px\" \/><\/a><\/span><\/h2>\n<div dir=\"auto\"><\/div>\n<div class=\"xdj266r x11i5rnm xat24cr x1mh8g0r x1vvkbs x126k92a\">\n<div dir=\"auto\"><\/div>\n<\/div>\n<div>\n<div class=\"\" dir=\"auto\">\n<div id=\":r9h:\" class=\"x1iorvi4 x1pi30zi x1l90r2v x1swvt13\" data-ad-comet-preview=\"message\" data-ad-preview=\"message\">\n<div>\n<div class=\"\" dir=\"auto\">\n<div id=\":r9h:\" class=\"x1iorvi4 x1pi30zi x1l90r2v x1swvt13\" data-ad-comet-preview=\"message\" data-ad-preview=\"message\">\n<div class=\"xdj266r x11i5rnm xat24cr x1mh8g0r x1vvkbs x126k92a\">\n<div dir=\"auto\"><\/div>\n<\/div>\n<div>\n<div class=\"\" dir=\"auto\">\n<div id=\":r9h:\" class=\"x1iorvi4 x1pi30zi x1l90r2v x1swvt13\" data-ad-comet-preview=\"message\" data-ad-preview=\"message\">\n<div>\n<div class=\"\" dir=\"auto\">\n<div id=\":r9h:\" class=\"x1iorvi4 x1pi30zi x1l90r2v x1swvt13\" data-ad-comet-preview=\"message\" data-ad-preview=\"message\">\n<div dir=\"auto\"><\/div>\n<div class=\"xdj266r x11i5rnm xat24cr x1mh8g0r x1vvkbs x126k92a\">\n<div dir=\"auto\"><\/div>\n<\/div>\n<div>\n<div class=\"\" dir=\"auto\">\n<div id=\":r9h:\" class=\"x1iorvi4 x1pi30zi x1l90r2v x1swvt13\" data-ad-comet-preview=\"message\" data-ad-preview=\"message\">\n<div>\n<div class=\"\" dir=\"auto\">\n<div id=\":r9h:\" class=\"x1iorvi4 x1pi30zi x1l90r2v x1swvt13\" data-ad-comet-preview=\"message\" data-ad-preview=\"message\">\n<div class=\"xdj266r x11i5rnm xat24cr x1mh8g0r x1vvkbs x126k92a\">\n<div dir=\"auto\"><\/div>\n<\/div>\n<div>\n<div class=\"\" dir=\"auto\">\n<div id=\":r9h:\" class=\"x1iorvi4 x1pi30zi x1l90r2v x1swvt13\" data-ad-comet-preview=\"message\" data-ad-preview=\"message\">\n<div>\n<div class=\"\" dir=\"auto\">\n<div id=\":r9h:\" class=\"x1iorvi4 x1pi30zi x1l90r2v x1swvt13\" data-ad-comet-preview=\"message\" data-ad-preview=\"message\">\n\n\t\t\t<style type='text\/css'>\n\t\t\t\t#gallery-4 {\n\t\t\t\t\tmargin: auto;\n\t\t\t\t}\n\t\t\t\t#gallery-4 .gallery-item {\n\t\t\t\t\tfloat: left;\n\t\t\t\t\tmargin-top: 10px;\n\t\t\t\t\ttext-align: center;\n\t\t\t\t\twidth: 25%;\n\t\t\t\t}\n\t\t\t\t#gallery-4 img {\n\t\t\t\t\tborder: 2px solid #cfcfcf;\n\t\t\t\t}\n\t\t\t\t#gallery-4 .gallery-caption {\n\t\t\t\t\tmargin-left: 0;\n\t\t\t\t}\n\t\t\t\t\/* see gallery_shortcode() in wp-includes\/media.php *\/\n\t\t\t<\/style>\n\t\t<div id='gallery-4' class='dt-gallery-container gallery galleryid-433060 gallery-columns-4 gallery-size-thumbnail'><dl class='gallery-item'>\n\t\t\t\t<dt class='gallery-icon portrait'>\n\t\t\t\t\t<a class=\"rollover rollover-zoom dt-pswp-item\" title=\"WhatsApp Image 2025-01-18 at 11.32.14\" data-dt-img-description=\"\" data-large_image_width=\"842\" data-large_image_height=\"1191\"href='https:\/\/www.radiopiu.net\/wordpress\/wp-content\/uploads\/2025\/02\/WhatsApp-Image-2025-01-18-at-11.32.14.jpeg'><img loading=\"lazy\" decoding=\"async\" width=\"150\" height=\"150\" src=\"https:\/\/www.radiopiu.net\/wordpress\/wp-content\/uploads\/2025\/02\/WhatsApp-Image-2025-01-18-at-11.32.14-150x150.jpeg\" class=\"attachment-thumbnail size-thumbnail\" alt=\"\" \/><\/a>\n\t\t\t\t<\/dt><\/dl><dl class='gallery-item'>\n\t\t\t\t<dt class='gallery-icon portrait'>\n\t\t\t\t\t<a class=\"rollover rollover-zoom dt-pswp-item\" title=\"manifesto serate invernali\" data-dt-img-description=\"\" data-large_image_width=\"1683\" data-large_image_height=\"2383\"href='https:\/\/www.radiopiu.net\/wordpress\/wp-content\/uploads\/2024\/11\/manifesto-serate-invernali.jpg'><img loading=\"lazy\" decoding=\"async\" width=\"150\" height=\"150\" src=\"https:\/\/www.radiopiu.net\/wordpress\/wp-content\/uploads\/2024\/11\/manifesto-serate-invernali-150x150.jpg\" class=\"attachment-thumbnail size-thumbnail\" alt=\"\" aria-describedby=\"gallery-4-418816\" \/><\/a>\n\t\t\t\t<\/dt>\n\t\t\t\t\t<dd class='wp-caption-text gallery-caption' id='gallery-4-418816'>\n\t\t\t\t\t21 FEBBRAIO\n\t\t\t\t\t<\/dd><\/dl><dl class='gallery-item'>\n\t\t\t\t<dt class='gallery-icon portrait'>\n\t\t\t\t\t<a class=\"rollover rollover-zoom dt-pswp-item\" title=\"921dc2b9-84ff-433f-bdf0-12b966e4d28c\" data-dt-img-description=\"\" data-large_image_width=\"1132\" data-large_image_height=\"1600\"href='https:\/\/www.radiopiu.net\/wordpress\/wp-content\/uploads\/2025\/01\/921dc2b9-84ff-433f-bdf0-12b966e4d28c.jpg'><img loading=\"lazy\" decoding=\"async\" width=\"150\" height=\"150\" src=\"https:\/\/www.radiopiu.net\/wordpress\/wp-content\/uploads\/2025\/01\/921dc2b9-84ff-433f-bdf0-12b966e4d28c-150x150.jpg\" class=\"attachment-thumbnail size-thumbnail\" alt=\"\" aria-describedby=\"gallery-4-430056\" \/><\/a>\n\t\t\t\t<\/dt>\n\t\t\t\t\t<dd class='wp-caption-text gallery-caption' id='gallery-4-430056'>\n\t\t\t\t\tLA CENA ALLA REVERSA\n\t\t\t\t\t<\/dd><\/dl><dl class='gallery-item'>\n\t\t\t\t<dt class='gallery-icon portrait'>\n\t\t\t\t\t<a class=\"rollover rollover-zoom dt-pswp-item\" title=\"e353010f-a09e-439a-aa68-6e7aaf93fc09\" data-dt-img-description=\"\" data-large_image_width=\"1146\" data-large_image_height=\"1600\"href='https:\/\/www.radiopiu.net\/wordpress\/wp-content\/uploads\/2025\/01\/e353010f-a09e-439a-aa68-6e7aaf93fc09.jpg'><img loading=\"lazy\" decoding=\"async\" width=\"150\" height=\"150\" src=\"https:\/\/www.radiopiu.net\/wordpress\/wp-content\/uploads\/2025\/01\/e353010f-a09e-439a-aa68-6e7aaf93fc09-150x150.jpg\" class=\"attachment-thumbnail size-thumbnail\" alt=\"\" \/><\/a>\n\t\t\t\t<\/dt><\/dl><br style=\"clear: both\" \/><dl class='gallery-item'>\n\t\t\t\t<dt class='gallery-icon portrait'>\n\t\t\t\t\t<a class=\"rollover rollover-zoom dt-pswp-item\" title=\"Don Bosco - LocandinaTerrazza-finale\" data-dt-img-description=\"\" data-large_image_width=\"1240\" data-large_image_height=\"1755\"href='https:\/\/www.radiopiu.net\/wordpress\/wp-content\/uploads\/2025\/01\/Don-Bosco-LocandinaTerrazza-finale.jpg'><img loading=\"lazy\" decoding=\"async\" width=\"150\" height=\"150\" src=\"https:\/\/www.radiopiu.net\/wordpress\/wp-content\/uploads\/2025\/01\/Don-Bosco-LocandinaTerrazza-finale-150x150.jpg\" class=\"attachment-thumbnail size-thumbnail\" alt=\"\" aria-describedby=\"gallery-4-431006\" \/><\/a>\n\t\t\t\t<\/dt>\n\t\t\t\t\t<dd class='wp-caption-text gallery-caption' id='gallery-4-431006'>\n\t\t\t\t\tIL 16 FEBBRAIO A SOSPIROLO\n\t\t\t\t\t<\/dd><\/dl><dl class='gallery-item'>\n\t\t\t\t<dt class='gallery-icon landscape'>\n\t\t\t\t\t<a class=\"rollover rollover-zoom dt-pswp-item\" title=\"bagno di gong\" data-dt-img-description=\"\" data-large_image_width=\"841\" data-large_image_height=\"595\"href='https:\/\/www.radiopiu.net\/wordpress\/wp-content\/uploads\/2025\/01\/bagno-di-gong.jpg'><img loading=\"lazy\" decoding=\"async\" width=\"150\" height=\"150\" src=\"https:\/\/www.radiopiu.net\/wordpress\/wp-content\/uploads\/2025\/01\/bagno-di-gong-150x150.jpg\" class=\"attachment-thumbnail size-thumbnail\" alt=\"\" aria-describedby=\"gallery-4-431421\" \/><\/a>\n\t\t\t\t<\/dt>\n\t\t\t\t\t<dd class='wp-caption-text gallery-caption' id='gallery-4-431421'>\n\t\t\t\t\tBAGNO DI GONG A LA VALLE\n\t\t\t\t\t<\/dd><\/dl><dl class='gallery-item'>\n\t\t\t\t<dt class='gallery-icon portrait'>\n\t\t\t\t\t<a class=\"rollover rollover-zoom dt-pswp-item\" title=\"df2b0862-a430-4afa-8e2b-8579fa15f25a\" data-dt-img-description=\"\" data-large_image_width=\"1134\" data-large_image_height=\"1600\"href='https:\/\/www.radiopiu.net\/wordpress\/wp-content\/uploads\/2025\/01\/df2b0862-a430-4afa-8e2b-8579fa15f25a.jpg'><img loading=\"lazy\" decoding=\"async\" width=\"150\" height=\"150\" src=\"https:\/\/www.radiopiu.net\/wordpress\/wp-content\/uploads\/2025\/01\/df2b0862-a430-4afa-8e2b-8579fa15f25a-150x150.jpg\" class=\"attachment-thumbnail size-thumbnail\" alt=\"\" \/><\/a>\n\t\t\t\t<\/dt><\/dl><dl class='gallery-item'>\n\t\t\t\t<dt class='gallery-icon portrait'>\n\t\t\t\t\t<a class=\"rollover rollover-zoom dt-pswp-item\" title=\"dad1d0d2-12e8-494a-9390-929e17ce5985\" data-dt-img-description=\"\" data-large_image_width=\"900\" data-large_image_height=\"1600\"href='https:\/\/www.radiopiu.net\/wordpress\/wp-content\/uploads\/2025\/01\/dad1d0d2-12e8-494a-9390-929e17ce5985.jpg'><img loading=\"lazy\" decoding=\"async\" width=\"150\" height=\"150\" src=\"https:\/\/www.radiopiu.net\/wordpress\/wp-content\/uploads\/2025\/01\/dad1d0d2-12e8-494a-9390-929e17ce5985-150x150.jpg\" class=\"attachment-thumbnail size-thumbnail\" alt=\"\" \/><\/a>\n\t\t\t\t<\/dt><\/dl><br style=\"clear: both\" \/><dl class='gallery-item'>\n\t\t\t\t<dt class='gallery-icon portrait'>\n\t\t\t\t\t<a class=\"rollover rollover-zoom dt-pswp-item\" title=\"Unknown\" data-dt-img-description=\"\" data-large_image_width=\"1754\" data-large_image_height=\"2480\"href='https:\/\/www.radiopiu.net\/wordpress\/wp-content\/uploads\/2025\/01\/Unknown-2.jpeg'><img loading=\"lazy\" decoding=\"async\" width=\"150\" height=\"150\" src=\"https:\/\/www.radiopiu.net\/wordpress\/wp-content\/uploads\/2025\/01\/Unknown-2-150x150.jpeg\" class=\"attachment-thumbnail size-thumbnail\" alt=\"\" \/><\/a>\n\t\t\t\t<\/dt><\/dl><dl class='gallery-item'>\n\t\t\t\t<dt class='gallery-icon portrait'>\n\t\t\t\t\t<a class=\"rollover rollover-zoom dt-pswp-item\" title=\"98c08a82-572c-4113-bead-264f62e1626a\" data-dt-img-description=\"\" data-large_image_width=\"1810\" data-large_image_height=\"2560\"href='https:\/\/www.radiopiu.net\/wordpress\/wp-content\/uploads\/2025\/01\/98c08a82-572c-4113-bead-264f62e1626a-scaled.jpg'><img loading=\"lazy\" decoding=\"async\" width=\"150\" height=\"150\" src=\"https:\/\/www.radiopiu.net\/wordpress\/wp-content\/uploads\/2025\/01\/98c08a82-572c-4113-bead-264f62e1626a-150x150.jpg\" class=\"attachment-thumbnail size-thumbnail\" alt=\"\" \/><\/a>\n\t\t\t\t<\/dt><\/dl><dl class='gallery-item'>\n\t\t\t\t<dt class='gallery-icon portrait'>\n\t\t\t\t\t<a class=\"rollover rollover-zoom dt-pswp-item\" title=\"WhatsApp Image 2025-01-31 at 06.55.42\" data-dt-img-description=\"\" data-large_image_width=\"1131\" data-large_image_height=\"1600\"href='https:\/\/www.radiopiu.net\/wordpress\/wp-content\/uploads\/2025\/01\/WhatsApp-Image-2025-01-31-at-06.55.42.jpeg'><img loading=\"lazy\" decoding=\"async\" width=\"150\" height=\"150\" src=\"https:\/\/www.radiopiu.net\/wordpress\/wp-content\/uploads\/2025\/01\/WhatsApp-Image-2025-01-31-at-06.55.42-150x150.jpeg\" class=\"attachment-thumbnail size-thumbnail\" alt=\"\" \/><\/a>\n\t\t\t\t<\/dt><\/dl><dl class='gallery-item'>\n\t\t\t\t<dt class='gallery-icon landscape'>\n\t\t\t\t\t<a class=\"rollover rollover-zoom dt-pswp-item\" title=\"51814602-60fc-47fd-b4ca-03c62e278a76\" data-dt-img-description=\"\" data-large_image_width=\"689\" data-large_image_height=\"679\"href='https:\/\/www.radiopiu.net\/wordpress\/wp-content\/uploads\/2025\/01\/51814602-60fc-47fd-b4ca-03c62e278a76.jpg'><img loading=\"lazy\" decoding=\"async\" width=\"150\" height=\"150\" src=\"https:\/\/www.radiopiu.net\/wordpress\/wp-content\/uploads\/2025\/01\/51814602-60fc-47fd-b4ca-03c62e278a76-150x150.jpg\" class=\"attachment-thumbnail size-thumbnail\" alt=\"\" \/><\/a>\n\t\t\t\t<\/dt><\/dl><br style=\"clear: both\" \/><dl class='gallery-item'>\n\t\t\t\t<dt class='gallery-icon portrait'>\n\t\t\t\t\t<a class=\"rollover rollover-zoom dt-pswp-item\" title=\"e258e2fd-cc57-4b7b-9b81-49c4e8fccab1\" data-dt-img-description=\"\" data-large_image_width=\"1123\" data-large_image_height=\"1600\"href='https:\/\/www.radiopiu.net\/wordpress\/wp-content\/uploads\/2025\/02\/e258e2fd-cc57-4b7b-9b81-49c4e8fccab1.jpg'><img loading=\"lazy\" decoding=\"async\" width=\"150\" height=\"150\" src=\"https:\/\/www.radiopiu.net\/wordpress\/wp-content\/uploads\/2025\/02\/e258e2fd-cc57-4b7b-9b81-49c4e8fccab1-150x150.jpg\" class=\"attachment-thumbnail size-thumbnail\" alt=\"\" \/><\/a>\n\t\t\t\t<\/dt><\/dl><dl class='gallery-item'>\n\t\t\t\t<dt class='gallery-icon portrait'>\n\t\t\t\t\t<a class=\"rollover rollover-zoom dt-pswp-item\" title=\"50d42b86-70ee-4299-b8c1-a03c3d2e1e6a\" data-dt-img-description=\"\" data-large_image_width=\"908\" data-large_image_height=\"1600\"href='https:\/\/www.radiopiu.net\/wordpress\/wp-content\/uploads\/2025\/02\/50d42b86-70ee-4299-b8c1-a03c3d2e1e6a.jpg'><img loading=\"lazy\" decoding=\"async\" width=\"150\" height=\"150\" src=\"https:\/\/www.radiopiu.net\/wordpress\/wp-content\/uploads\/2025\/02\/50d42b86-70ee-4299-b8c1-a03c3d2e1e6a-150x150.jpg\" class=\"attachment-thumbnail size-thumbnail\" alt=\"\" \/><\/a>\n\t\t\t\t<\/dt><\/dl>\n\t\t\t\t<br style='clear: both' \/>\n\t\t\t<\/div>\n\n<p>&nbsp;<\/p>\n<p>&nbsp;<\/p>\n<\/div>\n<\/div>\n<\/div>\n<\/div>\n<\/div>\n<\/div>\n<\/div>\n<\/div>\n<\/div>\n<\/div>\n<\/div>\n<\/div>\n<p>&nbsp;<\/p>\n<\/div>\n<\/div>\n<\/div>\n<\/div>\n<\/div>\n<\/div>\n<\/div>\n<\/div>\n<\/div>\n<\/div>\n<\/div>\n<\/div>\n<hr \/>\n<p>&nbsp;<\/p>\n<p class=\"mceTemp\"><a class=\"dt-pswp-item\" href=\"https:\/\/www.radiopiu.net\/wordpress\/wp-content\/uploads\/2018\/09\/WhatsApp-Image-2018-09-20-at-16.04.06.jpeg\" data-dt-img-description=\"\" data-large_image_width=\"800\" data-large_image_height=\"100\"><img loading=\"lazy\" decoding=\"async\" class=\"wp-image-61378 size-full aligncenter\" src=\"https:\/\/www.radiopiu.net\/wordpress\/wp-content\/uploads\/2018\/09\/WhatsApp-Image-2018-09-20-at-16.04.06.jpeg\" alt=\"\" width=\"800\" height=\"100\" srcset=\"https:\/\/www.radiopiu.net\/wordpress\/wp-content\/uploads\/2018\/09\/WhatsApp-Image-2018-09-20-at-16.04.06.jpeg 800w, https:\/\/www.radiopiu.net\/wordpress\/wp-content\/uploads\/2018\/09\/WhatsApp-Image-2018-09-20-at-16.04.06-300x38.jpeg 300w, https:\/\/www.radiopiu.net\/wordpress\/wp-content\/uploads\/2018\/09\/WhatsApp-Image-2018-09-20-at-16.04.06-768x96.jpeg 768w\" sizes=\"auto, (max-width: 800px) 100vw, 800px\" \/><\/a><\/p>\n<p><center><\/center><center><\/center>&nbsp;<\/p>\n<p><center><b>OGGI<\/b><\/center><b>Tempo atteso: <\/b>Splendida giornata di sole con cielo terso, aria limpida ed ottima visibilit\u00e0, senza insidia nebbia nei fondovalle prealpini. Prime nubi in tarda serata. Persistenza dell&#8217;inversione termica nei fondovalle, la quale persister\u00e0 tutto il giorno nelle valli a lungo in ombra, mentre ci sar\u00e0 una forte escursione termica giornaliera in quelle pi\u00f9 assolate.<br \/>\n<b>Precipitazioni: <\/b>Assenti <b>Temperature: <\/b>In generale lieve calo<\/p>\n<hr \/>\n<p><center><b>DOMANI\u00a0<\/b><\/center><b>Tempo atteso: <\/b>Sulle Dolomiti nuvolosit\u00e0 medio-alta stratiforme, gi\u00e0 ben presente al mattino, anche se in grado di lasciare filtrare qualche raggio di sole. Sulle Prealpi condizioni migliori con sole velato da sottili nubi alte. Con il passare delle ore intensificazione della nuvolosit\u00e0 ovunque. Il freddo inizier\u00e0 ad insinuarsi a quote sempre pi\u00f9 basse.<br \/>\n<b>Precipitazioni: <\/b>Assenti\u00a0 <b>Temperature: <\/b>Ad eccezione del rialzo delle minime del mattino nei fondovalle, l&#8217;andamento termico sar\u00e0 particolare con massime nella notte tra gioved\u00ec e venerd\u00ec, prima di assistere a un graduale ma continuo calo con minime assolute osservate nella serata di venerd\u00ec.<\/p>\n<hr \/>\n<p><center><b>SABATO\u00a0<\/b><\/center>Graduale lieve peggioramento del tempo con cielo coperto e primi debolissime precipitazioni a partire da ovest, dapprima per leggera neve burrascosa sulle cime, dal tardo pomeriggio in poi fenomeni in estensione a tutto il territorio montano ma sempre molto deboli. Limite neve tra gli 800 e 1000 m. Temperature in ulteriore lieve calo con debole escursione termica giornaliera.<\/p>\n<hr \/>\n<p><center><b>DOMENICA\u00a0<\/b><\/center>Lieve maltempo con deboli precipitazioni sparse. Al pomeriggio attenuazione ed esaurimento della lieve perturbabilit\u00e0. Limite della neve inizialmente sui 900-1000 m, in rialzo fino sui 1300 m sulle Dolomiti ed anche 1400 m sulle Prealpi. Temperature in generale lieve ripresa.<\/p>\n<p>&nbsp;<\/p>\n<hr \/>\n<p>&nbsp;<\/p>\n<p class=\"mceTemp\"><a class=\"dt-pswp-item\" href=\"https:\/\/www.radiopiu.net\/wordpress\/wp-content\/uploads\/2018\/09\/sport.jpg\" data-dt-img-description=\"\" data-large_image_width=\"800\" data-large_image_height=\"100\"><img loading=\"lazy\" decoding=\"async\" class=\"aligncenter wp-image-60761 size-full\" src=\"https:\/\/www.radiopiu.net\/wordpress\/wp-content\/uploads\/2018\/09\/sport.jpg\" alt=\"\" width=\"800\" height=\"100\" srcset=\"https:\/\/www.radiopiu.net\/wordpress\/wp-content\/uploads\/2018\/09\/sport.jpg 800w, https:\/\/www.radiopiu.net\/wordpress\/wp-content\/uploads\/2018\/09\/sport-300x38.jpg 300w, https:\/\/www.radiopiu.net\/wordpress\/wp-content\/uploads\/2018\/09\/sport-768x96.jpg 768w\" sizes=\"auto, (max-width: 800px) 100vw, 800px\" \/> <\/a><\/p>\n<p class=\"mceTemp\"><span style=\"color: #0000ff;\"><strong>\u00a0 \u00a0\u00a0<\/strong><\/span><\/p>\n<p>&nbsp;<\/p>\n<p><span style=\"color: #0000ff;\"><strong>CORSA IN MONTAGNA<\/strong><\/span><\/p>\n<p>&nbsp;<\/p>\n<p>&nbsp;<\/p>\n<p>&nbsp;<\/p>\n<p>&nbsp;<\/p>\n","protected":false},"excerpt":{"rendered":"<p>******** &nbsp; LA\u00a0 APP PER IOS-IPHONE di Nicola Vettorello https:\/\/apps.apple.com\/it\/app\/radio-pi%C3%B9-emittente-agordina\/id1515939845 LA\u00a0 APP RADIO\u00a0 PER ANDROID di Nicola Vettorello https:\/\/play.google.com\/store\/apps\/details?id=net.radiopiu.iniko\u00a0\u00a0\u00a0\u00a0 &nbsp; ULTIMO MINUTO 4.47 DEL MATTINO TREMA LA TERRA IN VALBELLUNA&#8230; E AD AGORDO LENTIAI \u2013 Un terremoto di magnitudo 1.4 \u00e8 stato registrato questa mattina alle 4:47 a Lentiai, con una profondit\u00e0 di 10 chilometri.&hellip;<\/p>\n","protected":false},"author":4,"featured_media":433273,"comment_status":"closed","ping_status":"closed","sticky":false,"template":"","format":"standard","meta":{"_monsterinsights_skip_tracking":false,"_monsterinsights_sitenote_active":false,"_monsterinsights_sitenote_note":"","_monsterinsights_sitenote_category":0,"footnotes":""},"categories":[51,86,49],"tags":[],"class_list":["post-433060","post","type-post","status-publish","format-standard","has-post-thumbnail","hentry","category-evidenza-top","category-gr","category-news-18","category-51","category-86","category-49","description-off"],"img_url":"https:\/\/www.radiopiu.net\/wordpress\/wp-content\/uploads\/2025\/02\/Senza-nome-17.png","_links":{"self":[{"href":"https:\/\/www.radiopiu.net\/wordpress\/wp-json\/wp\/v2\/posts\/433060","targetHints":{"allow":["GET"]}}],"collection":[{"href":"https:\/\/www.radiopiu.net\/wordpress\/wp-json\/wp\/v2\/posts"}],"about":[{"href":"https:\/\/www.radiopiu.net\/wordpress\/wp-json\/wp\/v2\/types\/post"}],"author":[{"embeddable":true,"href":"https:\/\/www.radiopiu.net\/wordpress\/wp-json\/wp\/v2\/users\/4"}],"replies":[{"embeddable":true,"href":"https:\/\/www.radiopiu.net\/wordpress\/wp-json\/wp\/v2\/comments?post=433060"}],"version-history":[{"count":32,"href":"https:\/\/www.radiopiu.net\/wordpress\/wp-json\/wp\/v2\/posts\/433060\/revisions"}],"predecessor-version":[{"id":433311,"href":"https:\/\/www.radiopiu.net\/wordpress\/wp-json\/wp\/v2\/posts\/433060\/revisions\/433311"}],"wp:featuredmedia":[{"embeddable":true,"href":"https:\/\/www.radiopiu.net\/wordpress\/wp-json\/wp\/v2\/media\/433273"}],"wp:attachment":[{"href":"https:\/\/www.radiopiu.net\/wordpress\/wp-json\/wp\/v2\/media?parent=433060"}],"wp:term":[{"taxonomy":"category","embeddable":true,"href":"https:\/\/www.radiopiu.net\/wordpress\/wp-json\/wp\/v2\/categories?post=433060"},{"taxonomy":"post_tag","embeddable":true,"href":"https:\/\/www.radiopiu.net\/wordpress\/wp-json\/wp\/v2\/tags?post=433060"}],"curies":[{"name":"wp","href":"https:\/\/api.w.org\/{rel}","templated":true}]}}