{"id":433163,"date":"2025-02-11T05:29:36","date_gmt":"2025-02-11T04:29:36","guid":{"rendered":"https:\/\/www.radiopiu.net\/wordpress\/?p=433163"},"modified":"2025-02-11T05:34:32","modified_gmt":"2025-02-11T04:34:32","slug":"scoperta-discarica-abusiva-vicino-al-ponte-sul-biotis-la-denuncia-sui-social","status":"publish","type":"post","link":"https:\/\/www.radiopiu.net\/wordpress\/scoperta-discarica-abusiva-vicino-al-ponte-sul-biotis-la-denuncia-sui-social\/","title":{"rendered":"Lungo la Fenadora: rifiuti abbandonati raccolti dall\u2019Anas"},"content":{"rendered":"<p>***<\/p>\n<p>&nbsp;<\/p>\n<p><strong><img loading=\"lazy\" decoding=\"async\" class=\"alignleft\" src=\"https:\/\/www.radiopiu.net\/wordpress\/wp-content\/uploads\/2025\/02\/Senza-nome-16.png\" width=\"230\" height=\"121\" \/>SEREN DEL GRAPPA<\/strong> \u2013 Continua la lotta contro l\u2019abbandono dei rifiuti lungo il tratto Fenadora-Anz\u00f9 nel territorio di Seren del Grappa. Sacchetti, oggetti ingombranti, pneumatici e materiali inerti vengono spesso lasciati dai trasgressori, sia di giorno sia approfittando delle ore notturne. Ieri il personale dell\u2019Anas \u00e8 intervenuto per effettuare una pulizia straordinaria della strada, liberandola dall&#8217;immondizia accumulata. Il sindaco Dario Scopel ha ringraziato l\u2019Anas per il lavoro svolto e ha sottolineato l\u2019importanza di un impegno collettivo. La strada, gi\u00e0 in passato oggetto di interventi di pulizia, dimostra quanto sia necessario sensibilizzare la comunit\u00e0 sul tema del rispetto ambientale.<\/p>\n<p>&nbsp;<\/p>\n<p><span style=\"color: #ff0000;\"><strong>ARCHIVIO 6 FEBBRAIO 2025<\/strong><\/span><\/p>\n<blockquote>\n<h1>Scoperta discarica abusiva vicino al ponte sul Biotis: la denuncia sui social<\/h1>\n<\/blockquote>\n<p><strong>SEREN DEL GRAPPA \u2013<\/strong> Una segnalazione accompagnata da fotografie da Seren del Grappa. Sulla pagina Facebook <em>&#8220;Te se da Seren se&#8230;&#8221;<\/em>, Bruno Marchesin ha denunciato la presenza di una discarica abusiva a fianco della superstrada, proprio sotto la piazzola di sosta vicino al ponte sul Biotis. Le immagini pubblicate mostrano rifiuti abbandonati in modo indiscriminato. Marchesin, oltre a documentare lo stato di degrado, ha anche avanzato una proposta concreta per contrastare il fenomeno: <em>\u201cSuggerirei l\u2019installazione di una fotocamera\u201d<\/em>, scrive nel post, per individuare e sanzionare i responsabili di questi atti di incivilt\u00e0. Tra i commenti alla denuncia, spicca quello di Angelo Sebben, che sottolinea come il problema sia ancora pi\u00f9 grave considerando che esistono gi\u00e0 soluzioni efficienti per lo smaltimento dei rifiuti: <em>\u201cCi sono gli ecocentri che funzionano bene e ancora succedono queste cose, possono solo vergognarsi\u201d<\/em>. Il fenomeno dell\u2019abbandono di rifiuti nelle aree pubbliche \u00e8 un problema che purtroppo si ripresenta ciclicamente, nonostante i servizi di raccolta differenziata e gli ecocentri attivi sul territorio.<\/p>\n<div class=\"flex-1 overflow-hidden @container\/thread translate-y-[1.5rem] -mt-[1.5rem]\">\n<div class=\"h-full\">\n<div class=\"react-scroll-to-bottom--css-kyqeh-79elbk h-full\">\n<div class=\"react-scroll-to-bottom--css-kyqeh-1n7m0yu\">\n<div class=\"flex flex-col text-sm md:pb-9\">\n<article class=\"w-full text-token-text-primary focus-visible:outline-2 focus-visible:outline-offset-[-4px]\" dir=\"auto\" data-testid=\"conversation-turn-3\" data-scroll-anchor=\"true\">\n<div class=\"m-auto text-base py-[18px] px-3 md:px-4 w-full md:px-5 lg:px-4 xl:px-5\">\n<div class=\"mx-auto flex flex-1 gap-4 text-base md:gap-5 lg:gap-6 md:max-w-3xl lg:max-w-[40rem] xl:max-w-[48rem]\">\n<div class=\"group\/conversation-turn relative flex w-full min-w-0 flex-col agent-turn px-4 @xs\/thread:px-0 @sm\/thread:px-1.5\">\n<div class=\"flex-col gap-1 md:gap-3\">\n<div class=\"flex max-w-full flex-col flex-grow\">\n<div class=\"min-h-8 text-message flex w-full flex-col items-end gap-2 whitespace-normal break-words text-start [.text-message+&amp;]:mt-5\" dir=\"auto\" data-message-author-role=\"assistant\" data-message-id=\"a7bbad52-4345-47bb-9441-5042a9d28b7d\" data-message-model-slug=\"gpt-4o\">\n<div class=\"flex w-full flex-col gap-1 empty:hidden first:pt-[3px]\">\n<div class=\"markdown prose w-full break-words dark:prose-invert dark\">\n\n\t\t\t<style type='text\/css'>\n\t\t\t\t#gallery-1 {\n\t\t\t\t\tmargin: auto;\n\t\t\t\t}\n\t\t\t\t#gallery-1 .gallery-item {\n\t\t\t\t\tfloat: left;\n\t\t\t\t\tmargin-top: 10px;\n\t\t\t\t\ttext-align: center;\n\t\t\t\t\twidth: 50%;\n\t\t\t\t}\n\t\t\t\t#gallery-1 img {\n\t\t\t\t\tborder: 2px solid #cfcfcf;\n\t\t\t\t}\n\t\t\t\t#gallery-1 .gallery-caption {\n\t\t\t\t\tmargin-left: 0;\n\t\t\t\t}\n\t\t\t\t\/* see gallery_shortcode() in wp-includes\/media.php *\/\n\t\t\t<\/style>\n\t\t<div id='gallery-1' class='dt-gallery-container gallery galleryid-433163 gallery-columns-2 gallery-size-medium'><dl class='gallery-item'>\n\t\t\t\t<dt class='gallery-icon portrait'>\n\t\t\t\t\t<a class=\"rollover rollover-zoom dt-pswp-item\" title=\"476016691_10222707789998295_7586108071940298271_n\" data-dt-img-description=\"\" data-large_image_width=\"450\" data-large_image_height=\"600\"href='https:\/\/www.radiopiu.net\/wordpress\/wp-content\/uploads\/2025\/02\/476016691_10222707789998295_7586108071940298271_n.jpg'><img loading=\"lazy\" decoding=\"async\" width=\"225\" height=\"300\" src=\"https:\/\/www.radiopiu.net\/wordpress\/wp-content\/uploads\/2025\/02\/476016691_10222707789998295_7586108071940298271_n-225x300.jpg\" class=\"attachment-medium size-medium\" alt=\"\" srcset=\"https:\/\/www.radiopiu.net\/wordpress\/wp-content\/uploads\/2025\/02\/476016691_10222707789998295_7586108071940298271_n-225x300.jpg 225w, https:\/\/www.radiopiu.net\/wordpress\/wp-content\/uploads\/2025\/02\/476016691_10222707789998295_7586108071940298271_n.jpg 450w\" sizes=\"auto, (max-width: 225px) 100vw, 225px\" \/><\/a>\n\t\t\t\t<\/dt><\/dl><dl class='gallery-item'>\n\t\t\t\t<dt class='gallery-icon portrait'>\n\t\t\t\t\t<a class=\"rollover rollover-zoom dt-pswp-item\" title=\"475977130_10222707790678312_2698384113321439095_n\" data-dt-img-description=\"\" data-large_image_width=\"450\" data-large_image_height=\"600\"href='https:\/\/www.radiopiu.net\/wordpress\/wp-content\/uploads\/2025\/02\/475977130_10222707790678312_2698384113321439095_n.jpg'><img loading=\"lazy\" decoding=\"async\" width=\"225\" height=\"300\" src=\"https:\/\/www.radiopiu.net\/wordpress\/wp-content\/uploads\/2025\/02\/475977130_10222707790678312_2698384113321439095_n-225x300.jpg\" class=\"attachment-medium size-medium\" alt=\"\" srcset=\"https:\/\/www.radiopiu.net\/wordpress\/wp-content\/uploads\/2025\/02\/475977130_10222707790678312_2698384113321439095_n-225x300.jpg 225w, https:\/\/www.radiopiu.net\/wordpress\/wp-content\/uploads\/2025\/02\/475977130_10222707790678312_2698384113321439095_n.jpg 450w\" sizes=\"auto, (max-width: 225px) 100vw, 225px\" \/><\/a>\n\t\t\t\t<\/dt><\/dl><br style=\"clear: both\" \/>\n\t\t\t<\/div>\n\n<\/div>\n<p>____<\/p>\n<\/div>\n<\/div>\n<\/div>\n<\/div>\n<\/div>\n<\/div>\n<\/div>\n<\/article>\n<\/div>\n<\/div>\n<\/div>\n<\/div>\n<\/div>\n","protected":false},"excerpt":{"rendered":"<p>*** &nbsp; SEREN DEL GRAPPA \u2013 Continua la lotta contro l\u2019abbandono dei rifiuti lungo il tratto Fenadora-Anz\u00f9 nel territorio di Seren del Grappa. Sacchetti, oggetti ingombranti, pneumatici e materiali inerti vengono spesso lasciati dai trasgressori, sia di giorno sia approfittando delle ore notturne. Ieri il personale dell\u2019Anas \u00e8 intervenuto per effettuare una pulizia straordinaria della&hellip;<\/p>\n","protected":false},"author":4,"featured_media":433164,"comment_status":"closed","ping_status":"closed","sticky":false,"template":"","format":"standard","meta":{"_monsterinsights_skip_tracking":false,"_monsterinsights_sitenote_active":false,"_monsterinsights_sitenote_note":"","_monsterinsights_sitenote_category":0,"footnotes":""},"categories":[51,49],"tags":[],"class_list":["post-433163","post","type-post","status-publish","format-standard","has-post-thumbnail","hentry","category-evidenza-top","category-news-18","category-51","category-49","description-off"],"img_url":"https:\/\/www.radiopiu.net\/wordpress\/wp-content\/uploads\/2025\/02\/Senza-nome-16.png","_links":{"self":[{"href":"https:\/\/www.radiopiu.net\/wordpress\/wp-json\/wp\/v2\/posts\/433163","targetHints":{"allow":["GET"]}}],"collection":[{"href":"https:\/\/www.radiopiu.net\/wordpress\/wp-json\/wp\/v2\/posts"}],"about":[{"href":"https:\/\/www.radiopiu.net\/wordpress\/wp-json\/wp\/v2\/types\/post"}],"author":[{"embeddable":true,"href":"https:\/\/www.radiopiu.net\/wordpress\/wp-json\/wp\/v2\/users\/4"}],"replies":[{"embeddable":true,"href":"https:\/\/www.radiopiu.net\/wordpress\/wp-json\/wp\/v2\/comments?post=433163"}],"version-history":[{"count":4,"href":"https:\/\/www.radiopiu.net\/wordpress\/wp-json\/wp\/v2\/posts\/433163\/revisions"}],"predecessor-version":[{"id":434008,"href":"https:\/\/www.radiopiu.net\/wordpress\/wp-json\/wp\/v2\/posts\/433163\/revisions\/434008"}],"wp:featuredmedia":[{"embeddable":true,"href":"https:\/\/www.radiopiu.net\/wordpress\/wp-json\/wp\/v2\/media\/433164"}],"wp:attachment":[{"href":"https:\/\/www.radiopiu.net\/wordpress\/wp-json\/wp\/v2\/media?parent=433163"}],"wp:term":[{"taxonomy":"category","embeddable":true,"href":"https:\/\/www.radiopiu.net\/wordpress\/wp-json\/wp\/v2\/categories?post=433163"},{"taxonomy":"post_tag","embeddable":true,"href":"https:\/\/www.radiopiu.net\/wordpress\/wp-json\/wp\/v2\/tags?post=433163"}],"curies":[{"name":"wp","href":"https:\/\/api.w.org\/{rel}","templated":true}]}}