{"id":433193,"date":"2025-02-06T05:27:09","date_gmt":"2025-02-06T04:27:09","guid":{"rendered":"https:\/\/www.radiopiu.net\/wordpress\/?p=433193"},"modified":"2025-02-06T05:46:31","modified_gmt":"2025-02-06T04:46:31","slug":"433193-2","status":"publish","type":"post","link":"https:\/\/www.radiopiu.net\/wordpress\/433193-2\/","title":{"rendered":"Conto alla rovescia per Milano-Cortina 2026: la Valbelluna si veste a festa"},"content":{"rendered":"<p>***<\/p>\n<blockquote>\n<h3><\/h3>\n<\/blockquote>\n<p><strong>BELLUNO <\/strong>Un \u00a0anno esatto dall\u2019inizio delle Olimpiadi e Paralimpiadi Milano-Cortina 2026. La citt\u00e0 si \u00e8 gi\u00e0 vestita con bandiere e striscioni olimpici, un primo passo di un percorso di city dressing che proseguir\u00e0 fino all\u2019evento. L&#8217;iniziativa coinvolge Sedico, Santa Giustina, Borgo Valbelluna, Cesiomaggiore e Feltre, rafforzando il legame tra sport e territorio.<em> \u201cLo sport \u00e8 inclusione e sfida ai propri limiti\u201d<\/em> \u2013 ha dichiarato il <strong><a class=\"dt-pswp-item\" href=\"https:\/\/www.radiopiu.net\/wordpress\/wp-content\/uploads\/2025\/02\/985b7e92-6d4c-4c45-935a-6e679622df1d-scaled-1.jpg\" data-dt-img-description=\"\" data-large_image_width=\"2560\" data-large_image_height=\"1920\"><img loading=\"lazy\" decoding=\"async\" class=\" wp-image-433188 alignleft\" src=\"https:\/\/www.radiopiu.net\/wordpress\/wp-content\/uploads\/2025\/02\/985b7e92-6d4c-4c45-935a-6e679622df1d-scaled-1-300x225.jpg\" alt=\"\" width=\"251\" height=\"188\" srcset=\"https:\/\/www.radiopiu.net\/wordpress\/wp-content\/uploads\/2025\/02\/985b7e92-6d4c-4c45-935a-6e679622df1d-scaled-1-300x225.jpg 300w, https:\/\/www.radiopiu.net\/wordpress\/wp-content\/uploads\/2025\/02\/985b7e92-6d4c-4c45-935a-6e679622df1d-scaled-1-1024x768.jpg 1024w, https:\/\/www.radiopiu.net\/wordpress\/wp-content\/uploads\/2025\/02\/985b7e92-6d4c-4c45-935a-6e679622df1d-scaled-1-768x576.jpg 768w, https:\/\/www.radiopiu.net\/wordpress\/wp-content\/uploads\/2025\/02\/985b7e92-6d4c-4c45-935a-6e679622df1d-scaled-1-1536x1152.jpg 1536w, https:\/\/www.radiopiu.net\/wordpress\/wp-content\/uploads\/2025\/02\/985b7e92-6d4c-4c45-935a-6e679622df1d-scaled-1-2048x1536.jpg 2048w\" sizes=\"auto, (max-width: 251px) 100vw, 251px\" \/><\/a><\/strong>sindaco di Belluno Oscar De Pellegrin. Nei prossimi mesi arriveranno anche cartonati delle mascotte e nuove installazioni per mantenere viva l\u2019attesa.<em> \u201cQueste Olimpiadi lasceranno un\u2019eredit\u00e0 importante alle future generazioni\u201d<\/em> \u2013 ha concluso il sindaco di Feltre, Viviana Fusaro.<\/p>\n<blockquote>\n<h3><strong>Milano-Cortina 2026: il piacere dell\u2019attesa e le opportunit\u00e0 per il futuro<\/strong><\/h3>\n<\/blockquote>\n<p><strong>BELLUNO<\/strong> L\u2019attesa delle Olimpiadi e Paralimpiadi di Milano-Cortina 2026 per il presidente della Provincia Roberto Padrin \u00e8 un\u2019occasione per vivere questi mesi con entusiasmo e consapevolezza. <em>&#8220;L\u2019evento &#8211; dice Padrin &#8211;\u00a0 porter\u00e0 flussi turistici, investimenti e crescita sportiva, come dimostrano i dati sulle discipline invernali. Le infrastrutture e le iniziative per l\u2019accessibilit\u00e0 e l\u2019inclusione lasceranno un\u2019eredit\u00e0 duratura&#8221;.<br \/>\n<\/em><\/p>\n<p><em>AUDIO, ROBERTO PADRIN<\/em><\/p>\n<audio class=\"wp-audio-shortcode\" id=\"audio-433193-1\" preload=\"none\" style=\"width: 100%;\" controls=\"controls\"><source type=\"audio\/mpeg\" src=\"https:\/\/www.radiopiu.net\/wordpress\/wp-content\/uploads\/2025\/02\/padrin-olimpiadi.mp3?_=1\" \/><a href=\"https:\/\/www.radiopiu.net\/wordpress\/wp-content\/uploads\/2025\/02\/padrin-olimpiadi.mp3\">https:\/\/www.radiopiu.net\/wordpress\/wp-content\/uploads\/2025\/02\/padrin-olimpiadi.mp3<\/a><\/audio>\n<p><em>\u00a0FOTO COPERTINA ARCHIVIO RADIOPIU&#8230; GIORNO &#8220;ZERO&#8221; CON I SINDACI DI MILANO, CORTINA E IL PRESIDENTE ZAIA<\/em><\/p>\n<hr \/>\n<p>&nbsp;<\/p>\n","protected":false},"excerpt":{"rendered":"<p>*** BELLUNO Un \u00a0anno esatto dall\u2019inizio delle Olimpiadi e Paralimpiadi Milano-Cortina 2026. La citt\u00e0 si \u00e8 gi\u00e0 vestita con bandiere e striscioni olimpici, un primo passo di un percorso di city dressing che proseguir\u00e0 fino all\u2019evento. L&#8217;iniziativa coinvolge Sedico, Santa Giustina, Borgo Valbelluna, Cesiomaggiore e Feltre, rafforzando il legame tra sport e territorio. \u201cLo sport&hellip;<\/p>\n","protected":false},"author":4,"featured_media":62841,"comment_status":"closed","ping_status":"closed","sticky":false,"template":"","format":"standard","meta":{"_monsterinsights_skip_tracking":false,"_monsterinsights_sitenote_active":false,"_monsterinsights_sitenote_note":"","_monsterinsights_sitenote_category":0,"footnotes":""},"categories":[51,49],"tags":[],"class_list":["post-433193","post","type-post","status-publish","format-standard","has-post-thumbnail","hentry","category-evidenza-top","category-news-18","category-51","category-49","description-off"],"img_url":"https:\/\/www.radiopiu.net\/wordpress\/wp-content\/uploads\/2018\/10\/OLIMPIADI-TERRAZZO.jpg","_links":{"self":[{"href":"https:\/\/www.radiopiu.net\/wordpress\/wp-json\/wp\/v2\/posts\/433193","targetHints":{"allow":["GET"]}}],"collection":[{"href":"https:\/\/www.radiopiu.net\/wordpress\/wp-json\/wp\/v2\/posts"}],"about":[{"href":"https:\/\/www.radiopiu.net\/wordpress\/wp-json\/wp\/v2\/types\/post"}],"author":[{"embeddable":true,"href":"https:\/\/www.radiopiu.net\/wordpress\/wp-json\/wp\/v2\/users\/4"}],"replies":[{"embeddable":true,"href":"https:\/\/www.radiopiu.net\/wordpress\/wp-json\/wp\/v2\/comments?post=433193"}],"version-history":[{"count":2,"href":"https:\/\/www.radiopiu.net\/wordpress\/wp-json\/wp\/v2\/posts\/433193\/revisions"}],"predecessor-version":[{"id":433195,"href":"https:\/\/www.radiopiu.net\/wordpress\/wp-json\/wp\/v2\/posts\/433193\/revisions\/433195"}],"wp:featuredmedia":[{"embeddable":true,"href":"https:\/\/www.radiopiu.net\/wordpress\/wp-json\/wp\/v2\/media\/62841"}],"wp:attachment":[{"href":"https:\/\/www.radiopiu.net\/wordpress\/wp-json\/wp\/v2\/media?parent=433193"}],"wp:term":[{"taxonomy":"category","embeddable":true,"href":"https:\/\/www.radiopiu.net\/wordpress\/wp-json\/wp\/v2\/categories?post=433193"},{"taxonomy":"post_tag","embeddable":true,"href":"https:\/\/www.radiopiu.net\/wordpress\/wp-json\/wp\/v2\/tags?post=433193"}],"curies":[{"name":"wp","href":"https:\/\/api.w.org\/{rel}","templated":true}]}}