{"id":433243,"date":"2025-02-07T05:45:57","date_gmt":"2025-02-07T04:45:57","guid":{"rendered":"https:\/\/www.radiopiu.net\/wordpress\/?p=433243"},"modified":"2025-02-07T09:05:02","modified_gmt":"2025-02-07T08:05:02","slug":"giornale-radiopiu-07-febbraio-2025-direttore-mirko-mezzacasada-41-anni-25-giugno-1983-25-giugno-2024","status":"publish","type":"post","link":"https:\/\/www.radiopiu.net\/wordpress\/giornale-radiopiu-07-febbraio-2025-direttore-mirko-mezzacasada-41-anni-25-giugno-1983-25-giugno-2024\/","title":{"rendered":"GIORNALE RADIOPIU 07 FEBBRAIO 2025 DIRETTORE MIRKO MEZZACASA\u2026DA 41 ANNI 25 GIUGNO 1983-25 GIUGNO 2024"},"content":{"rendered":"<p>********<\/p>\n<p>&nbsp;<\/p>\n<p><span style=\"color: #0000ff;\"><strong>OGGI 7 FEBBRAIO 2025, CON IL BUNGIORNO DI VIP, PIERALDO VIGNAZIA<\/strong><\/span><\/p>\n<p><a class=\"dt-pswp-item\" href=\"https:\/\/www.radiopiu.net\/wordpress\/wp-content\/uploads\/2025\/02\/76e583f6-2298-42ba-9955-23a31280cf5a.jpg\" data-dt-img-description=\"\" data-large_image_width=\"1336\" data-large_image_height=\"1049\"><img loading=\"lazy\" decoding=\"async\" class=\"size-medium wp-image-433460 aligncenter\" src=\"https:\/\/www.radiopiu.net\/wordpress\/wp-content\/uploads\/2025\/02\/76e583f6-2298-42ba-9955-23a31280cf5a-300x236.jpg\" alt=\"\" width=\"300\" height=\"236\" srcset=\"https:\/\/www.radiopiu.net\/wordpress\/wp-content\/uploads\/2025\/02\/76e583f6-2298-42ba-9955-23a31280cf5a-300x236.jpg 300w, https:\/\/www.radiopiu.net\/wordpress\/wp-content\/uploads\/2025\/02\/76e583f6-2298-42ba-9955-23a31280cf5a-1024x804.jpg 1024w, https:\/\/www.radiopiu.net\/wordpress\/wp-content\/uploads\/2025\/02\/76e583f6-2298-42ba-9955-23a31280cf5a-768x603.jpg 768w, https:\/\/www.radiopiu.net\/wordpress\/wp-content\/uploads\/2025\/02\/76e583f6-2298-42ba-9955-23a31280cf5a.jpg 1336w\" sizes=\"auto, (max-width: 300px) 100vw, 300px\" \/><\/a><\/p>\n<p>&nbsp;<\/p>\n<p><em><span style=\"color: #ff0000;\"><a class=\"dt-pswp-item\" href=\"https:\/\/www.radiopiu.net\/wordpress\/wp-content\/uploads\/2024\/10\/Senza-nome-8.png\" data-dt-img-description=\"\" data-large_image_width=\"343\" data-large_image_height=\"303\"><img loading=\"lazy\" decoding=\"async\" class=\"wp-image-412130 alignleft\" src=\"https:\/\/www.radiopiu.net\/wordpress\/wp-content\/uploads\/2024\/10\/Senza-nome-8-300x265.png\" alt=\"\" width=\"105\" height=\"93\" srcset=\"https:\/\/www.radiopiu.net\/wordpress\/wp-content\/uploads\/2024\/10\/Senza-nome-8-300x265.png 300w, https:\/\/www.radiopiu.net\/wordpress\/wp-content\/uploads\/2024\/10\/Senza-nome-8.png 343w\" sizes=\"auto, (max-width: 105px) 100vw, 105px\" \/><\/a><\/span><\/em><strong><em><span style=\"color: #ff0000;\"> LA\u00a0 APP PER IOS-IPHONE di Nicola Vettorello<\/span><\/em><\/strong><\/p>\n<p><strong><span style=\"color: #0000ff;\"><a style=\"color: #0000ff;\" href=\"https:\/\/apps.apple.com\/it\/app\/radio-pi%C3%B9-emittente-agordina\/id1515939845\">https:\/\/apps.apple.com\/it\/app\/radio-pi%C3%B9-emittente-agordina\/id1515939845<\/a><\/span><\/strong><\/p>\n<p><strong><em style=\"color: #ff0000;\">LA\u00a0 APP RADIO\u00a0 PER ANDROID di Nicola Vettorello<\/em><\/strong><\/p>\n<p><strong><span style=\"color: #0000ff;\"><a style=\"color: #0000ff;\" href=\"https:\/\/play.google.com\/store\/apps\/details?id=net.radiopiu.iniko\" target=\"_blank\" rel=\"noopener noreferrer\">https:\/\/<\/a><a style=\"color: #0000ff;\" href=\"https:\/\/play.google.com\/store\/apps\/details?id=net.radiopiu.iniko\" target=\"_blank\" rel=\"noopener noreferrer\">play.google.com\/store\/apps\/details?id=net.radiopiu.iniko\u00a0\u00a0\u00a0\u00a0<\/a><\/span><\/strong><\/p>\n<p>&nbsp;<\/p>\n<p>&nbsp;<\/p>\n<hr \/>\n<p>&nbsp;<\/p>\n<p><span style=\"color: #ff0000;\"><strong><a class=\"dt-pswp-item\" href=\"https:\/\/www.radiopiu.net\/wordpress\/wp-content\/uploads\/2023\/05\/MONICA-FONTANIVE.jpg\" data-dt-img-description=\"\" data-large_image_width=\"292\" data-large_image_height=\"493\"><img loading=\"lazy\" decoding=\"async\" class=\" wp-image-334199 alignleft\" src=\"https:\/\/www.radiopiu.net\/wordpress\/wp-content\/uploads\/2023\/05\/MONICA-FONTANIVE-178x300.jpg\" alt=\"\" width=\"103\" height=\"174\" srcset=\"https:\/\/www.radiopiu.net\/wordpress\/wp-content\/uploads\/2023\/05\/MONICA-FONTANIVE-178x300.jpg 178w, https:\/\/www.radiopiu.net\/wordpress\/wp-content\/uploads\/2023\/05\/MONICA-FONTANIVE.jpg 292w\" sizes=\"auto, (max-width: 103px) 100vw, 103px\" \/><\/a>OGGI ALLA RADIO:\u00a0\u00a0<\/strong><\/span><\/p>\n<p><strong>rassegna stampa nazionale,<\/strong> ogni giorno alle 5 e alle 6 del mattino.<br \/>\ngiornali locali 7 rassegna stampa flash, 8 rassegna stampa, gr flash alle 10 e alle 11, principale 12.30. Informazione pomeriggio ogni ora fino alle 20, in coda ai notiziari nazionali. Giornale radio nazionale: ogni ora dalle 4 del mattino, alle 20 della sera. Alle 19 le anticipazioni dal TG di Antenna 3 di Tiziana Bolognani.<\/p>\n<p><span style=\"color: #0000ff;\"><strong>OGGI ALLE<\/strong>\u00a0<\/span> \u00a0<strong>9.00\u00a0 <\/strong>premier di Marco Gaz, le novit\u00e0 musicali alla radio ed a seguire alle <strong>9.40\u00a0<\/strong> la musica anni Ottanta con le selezioni presentate da Monica Fontanive (foto)\u00a0<strong>\u00a010.30<\/strong>\u00a0 solidarieta&#8217; veneto fondo pensione, il primo venerdi del mese su radiopiu con il direttore Paolo Stefan<strong>\u00a0 14.00 <\/strong>music abc con david ben e marina don\u00e0\u00a0<strong>15.00<\/strong>\u00a0 \u00a0WEEK END marina c&#8217;e&#8217;!<\/p>\n<p>&nbsp;<\/p>\n<hr \/>\n<p>&nbsp;<\/p>\n<p>&nbsp;<\/p>\n<div class=\"x11i5rnm xat24cr x1mh8g0r x1vvkbs xtlvy1s x126k92a\">\n<div dir=\"auto\">\n<div dir=\"auto\">\n<p><strong><a class=\"dt-pswp-item\" href=\"https:\/\/www.radiopiu.net\/wordpress\/wp-content\/uploads\/2024\/02\/2d44e751-d8a8-461b-8e22-d8e4e853b032.jpg\" data-dt-img-description=\"\" data-large_image_width=\"1600\" data-large_image_height=\"1200\"><img loading=\"lazy\" decoding=\"async\" class=\"wp-image-373307 alignleft\" src=\"https:\/\/www.radiopiu.net\/wordpress\/wp-content\/uploads\/2024\/02\/2d44e751-d8a8-461b-8e22-d8e4e853b032-300x225.jpg\" alt=\"\" width=\"105\" height=\"79\" srcset=\"https:\/\/www.radiopiu.net\/wordpress\/wp-content\/uploads\/2024\/02\/2d44e751-d8a8-461b-8e22-d8e4e853b032-300x225.jpg 300w, https:\/\/www.radiopiu.net\/wordpress\/wp-content\/uploads\/2024\/02\/2d44e751-d8a8-461b-8e22-d8e4e853b032-1024x768.jpg 1024w, https:\/\/www.radiopiu.net\/wordpress\/wp-content\/uploads\/2024\/02\/2d44e751-d8a8-461b-8e22-d8e4e853b032-768x576.jpg 768w, https:\/\/www.radiopiu.net\/wordpress\/wp-content\/uploads\/2024\/02\/2d44e751-d8a8-461b-8e22-d8e4e853b032-1536x1152.jpg 1536w, https:\/\/www.radiopiu.net\/wordpress\/wp-content\/uploads\/2024\/02\/2d44e751-d8a8-461b-8e22-d8e4e853b032.jpg 1600w\" sizes=\"auto, (max-width: 105px) 100vw, 105px\" \/><\/a>EL BAL DEL FIOR, DI GIULIANA DA RONCH, 07 FEBBRAIO<\/strong><strong> 2025<\/strong><\/p>\n<p>&nbsp;<\/p>\n<audio class=\"wp-audio-shortcode\" id=\"audio-433243-1\" preload=\"none\" style=\"width: 100%;\" controls=\"controls\"><source type=\"audio\/mpeg\" src=\"https:\/\/www.radiopiu.net\/wordpress\/wp-content\/uploads\/2025\/02\/GVE.mp3?_=1\" \/><a href=\"https:\/\/www.radiopiu.net\/wordpress\/wp-content\/uploads\/2025\/02\/GVE.mp3\">https:\/\/www.radiopiu.net\/wordpress\/wp-content\/uploads\/2025\/02\/GVE.mp3<\/a><\/audio>\n<p>&nbsp;<\/p>\n<hr \/>\n<p>&nbsp;<\/p>\n<p>&nbsp;<\/p>\n<\/div>\n<\/div>\n<\/div>\n<div class=\"x11i5rnm xat24cr x1mh8g0r x1vvkbs xtlvy1s x126k92a\">\n<blockquote>\n<h1><strong><a class=\"dt-pswp-item\" href=\"https:\/\/www.radiopiu.net\/wordpress\/wp-content\/uploads\/2024\/10\/629301fd-708d-4f53-95c2-d28cbefd500f.jpg\" data-dt-img-description=\"\" data-large_image_width=\"1600\" data-large_image_height=\"1322\"><img loading=\"lazy\" decoding=\"async\" class=\"wp-image-413782 alignright\" src=\"https:\/\/www.radiopiu.net\/wordpress\/wp-content\/uploads\/2024\/10\/629301fd-708d-4f53-95c2-d28cbefd500f-300x248.jpg\" alt=\"\" width=\"106\" height=\"88\" srcset=\"https:\/\/www.radiopiu.net\/wordpress\/wp-content\/uploads\/2024\/10\/629301fd-708d-4f53-95c2-d28cbefd500f-300x248.jpg 300w, https:\/\/www.radiopiu.net\/wordpress\/wp-content\/uploads\/2024\/10\/629301fd-708d-4f53-95c2-d28cbefd500f-1024x846.jpg 1024w, https:\/\/www.radiopiu.net\/wordpress\/wp-content\/uploads\/2024\/10\/629301fd-708d-4f53-95c2-d28cbefd500f-768x635.jpg 768w, https:\/\/www.radiopiu.net\/wordpress\/wp-content\/uploads\/2024\/10\/629301fd-708d-4f53-95c2-d28cbefd500f-1536x1269.jpg 1536w, https:\/\/www.radiopiu.net\/wordpress\/wp-content\/uploads\/2024\/10\/629301fd-708d-4f53-95c2-d28cbefd500f.jpg 1600w\" sizes=\"auto, (max-width: 106px) 100vw, 106px\" \/><\/a><\/strong><\/h1>\n<h1><strong><a class=\"dt-pswp-item\" href=\"https:\/\/www.radiopiu.net\/wordpress\/wp-content\/uploads\/2024\/11\/th-18.jpg\" data-dt-img-description=\"\" data-large_image_width=\"156\" data-large_image_height=\"180\"><img loading=\"lazy\" decoding=\"async\" class=\"size-full wp-image-421611 alignleft\" src=\"https:\/\/www.radiopiu.net\/wordpress\/wp-content\/uploads\/2024\/11\/th-18.jpg\" alt=\"\" width=\"156\" height=\"180\" \/><\/a><\/strong><\/h1>\n<h1><strong>N di parom &#8211; L Almanach de la nosta jent<\/strong><\/h1>\n<\/blockquote>\n<p>&nbsp;<\/p>\n<p>Le voci: Davide Conedera, Agordo, Michela Dell&#8217;Osbel, La Valle Agordina Simone Ganz, Falcade Veronica Lezuo, Colle Santa Lucia. La voce nella sigla \u00e8 di Giorgia Taio<\/p>\n<p><strong>LA PUNTATA DI OGGI, 07 FEBBRAIO 2025<\/strong><\/p>\n<audio class=\"wp-audio-shortcode\" id=\"audio-433243-2\" preload=\"none\" style=\"width: 100%;\" controls=\"controls\"><source type=\"audio\/mpeg\" src=\"https:\/\/www.radiopiu.net\/wordpress\/wp-content\/uploads\/2025\/02\/AL5.mp3?_=2\" \/><a href=\"https:\/\/www.radiopiu.net\/wordpress\/wp-content\/uploads\/2025\/02\/AL5.mp3\">https:\/\/www.radiopiu.net\/wordpress\/wp-content\/uploads\/2025\/02\/AL5.mp3<\/a><\/audio>\n<p>&nbsp;<\/p>\n<\/div>\n<div class=\"x11i5rnm xat24cr x1mh8g0r x1vvkbs xtlvy1s x126k92a\">\n<div dir=\"auto\">\n<hr \/>\n<\/div>\n<\/div>\n<blockquote>\n<blockquote>\n<h1><span style=\"color: #ff0000;\">\u00a0<\/span><\/h1>\n<h1><span style=\"color: #ff0000;\">I podcast informativi del mattino &#8211; audio &#8211;\u00a0\u00a0<\/span><\/h1>\n<\/blockquote>\n<p><strong><a class=\"dt-pswp-item\" href=\"https:\/\/www.radiopiu.net\/wordpress\/wp-content\/uploads\/2024\/11\/6.jpg\" data-dt-img-description=\"\" data-large_image_width=\"177\" data-large_image_height=\"180\"><img loading=\"lazy\" decoding=\"async\" class=\"size-full wp-image-417911 alignleft\" src=\"https:\/\/www.radiopiu.net\/wordpress\/wp-content\/uploads\/2024\/11\/6.jpg\" alt=\"\" width=\"177\" height=\"180\" \/><\/a>LA RASSEGNA STAMPA NAZIONALE ALLA RADIO, OGNI GIORNO ALLE 5 E ALLE 6 DEL MATTINO <span style=\"color: #0000ff;\">viene pubblicata alle 6.00 <span style=\"color: #ff0000;\">DIRETTA RADIO\u00a0 \u00a0\u00a0<\/span><\/span><\/strong><\/p><\/blockquote>\n<p>&nbsp;<\/p>\n<p><strong>NOTIZIE DELLA NOTTE<\/strong><\/p>\n<p><strong><span style=\"color: #ff0000;\">Uomo giustiziato in Alabama tramite inalazione di azoto <\/span><\/strong><strong>Taiwan,<\/strong> rilevati 9 jet militari e sei palloni aerostatici cinesi<br \/>\n<strong>Israele:<\/strong> colpiti due siti in Libano contenenti armi di Hezbollah <strong>Borsa:<\/strong> Hong Kong negativa, apre a -0,16% <strong>Borsa<\/strong>: Shanghai apre a -0,04%, Shenzhen a +0,10% <strong>Ecuador,<\/strong> chiusa la campagna per le elezioni di domenica <strong>Zuckerberg<\/strong> alla Casa Bianca, focus su leadership tecnologica Usa <strong>Amministrazione Trump<\/strong> fa causa a Chicago per difesa clandestini<\/p>\n<h2>AUDIO dalle 6 del mattino<\/h2>\n<audio class=\"wp-audio-shortcode\" id=\"audio-433243-3\" preload=\"none\" style=\"width: 100%;\" controls=\"controls\"><source type=\"audio\/mpeg\" src=\"https:\/\/www.radiopiu.net\/wordpress\/wp-content\/uploads\/2025\/02\/GIORNALEDELLESEI-5.mp3?_=3\" \/><a href=\"https:\/\/www.radiopiu.net\/wordpress\/wp-content\/uploads\/2025\/02\/GIORNALEDELLESEI-5.mp3\">https:\/\/www.radiopiu.net\/wordpress\/wp-content\/uploads\/2025\/02\/GIORNALEDELLESEI-5.mp3<\/a><\/audio>\n<p>&nbsp;<\/p>\n<p>&nbsp;<\/p>\n<hr \/>\n<p>&nbsp;<\/p>\n<h1 style=\"text-align: center;\"><span style=\"color: #ff0000;\"><a class=\"dt-pswp-item\" href=\"https:\/\/www.radiopiu.net\/wordpress\/wp-content\/uploads\/2024\/11\/7.jpg\" data-dt-img-description=\"\" data-large_image_width=\"180\" data-large_image_height=\"180\"><img loading=\"lazy\" decoding=\"async\" class=\"size-full wp-image-417912 alignleft\" src=\"https:\/\/www.radiopiu.net\/wordpress\/wp-content\/uploads\/2024\/11\/7.jpg\" alt=\"\" width=\"180\" height=\"180\" srcset=\"https:\/\/www.radiopiu.net\/wordpress\/wp-content\/uploads\/2024\/11\/7.jpg 180w, https:\/\/www.radiopiu.net\/wordpress\/wp-content\/uploads\/2024\/11\/7-150x150.jpg 150w\" sizes=\"auto, (max-width: 180px) 100vw, 180px\" \/><\/a>I podcast informativi del mattino &#8211; audio &#8211;\u00a0<\/span><\/h1>\n<p><strong>OGNI GIORNO ALLE SETTE DEL MATTINO, LA RASSEGNA STAMPA LOCALE FLASH&#8230; PER CHI VA IN FRETTA. I TITOLI DAI GIORNALI E DAL SITO WWW.RADIOPIU.NET <span style=\"color: #0000ff;\">viene pubblicato alle 7.00<\/span> <span style=\"color: #ff0000;\">DIRETTA RADIO\u00a0<\/span><\/strong><\/p>\n<p><em><span style=\"color: #ff0000;\">per chi va in fretta&#8230; tante notizie in pochi minuti. L&#8217;informazione locale alla radio, ogni ora dalle 7 del mattino alle 19 della sera.<\/span><\/em><\/p>\n<h1>AUDIO dalle 7 del mattino<\/h1>\n<audio class=\"wp-audio-shortcode\" id=\"audio-433243-4\" preload=\"none\" style=\"width: 100%;\" controls=\"controls\"><source type=\"audio\/mpeg\" src=\"https:\/\/www.radiopiu.net\/wordpress\/wp-content\/uploads\/2025\/02\/GF07-5.mp3?_=4\" \/><a href=\"https:\/\/www.radiopiu.net\/wordpress\/wp-content\/uploads\/2025\/02\/GF07-5.mp3\">https:\/\/www.radiopiu.net\/wordpress\/wp-content\/uploads\/2025\/02\/GF07-5.mp3<\/a><\/audio>\n<p>&nbsp;<\/p>\n<p>&nbsp;<\/p>\n<hr \/>\n<p>&nbsp;<\/p>\n<h1><\/h1>\n<h1 style=\"text-align: center;\"><span style=\"color: #ff0000;\"><a class=\"dt-pswp-item\" href=\"https:\/\/www.radiopiu.net\/wordpress\/wp-content\/uploads\/2024\/11\/th.jpg\" data-dt-img-description=\"\" data-large_image_width=\"148\" data-large_image_height=\"179\"><img loading=\"lazy\" decoding=\"async\" class=\"size-full wp-image-417913 alignleft\" src=\"https:\/\/www.radiopiu.net\/wordpress\/wp-content\/uploads\/2024\/11\/th.jpg\" alt=\"\" width=\"148\" height=\"179\" \/><\/a>I podcast informativi del mattino &#8211; audio &#8211;\u00a0<\/span><\/h1>\n<blockquote><p><strong>GIORNALE RADIO NAZIONALE, EDIZIONE DELLE SETTE <span style=\"color: #0000ff;\">viene pubblicato alle 7.05 <span style=\"color: #ff0000;\">DIRETTA RADIO\u00a0<\/span><\/span><\/strong><\/p><\/blockquote>\n<p><strong>il giornale radionazionale e&#8217; in onda ogni ora, dalle sette del mattino alle venti della sera\u00a0 \u00a0<\/strong><\/p>\n<p><strong>VICENZA<\/strong> Tav Verona-Vicenza,scavata galleria di S.Martino Buon Albergo <strong>VENEZIA<\/strong> Giunte prove sulle buone condizioni di salute di Trentini<br \/>\nIl giovane cooperante da novembre \u00e8 detenuto in Venezuela <strong>PADOVA<\/strong> Furti in abitazione, polizia Padova sgomina banda di stranieri <strong>TREVISO<\/strong> Due arresti e due denunce, blitz in appartamento nel Trevigiano <strong>VERONA<\/strong> Maltrattava i bimbi all&#8217;asilo, maestra ai domiciliari Incastrata dai video. &#8216;Gli alunni lasciati piangere fino allo sfinimento&#8217; <span style=\"color: #ff0000;\"><strong>BELLUNO<\/strong> <\/span>Nasce il &#8220;Cammino delle Dolomiti&#8221;, 500 km con 30 tappe <strong>PARMA<\/strong> Nebbia, errore o guasto: si indaga sull&#8217;elicottero caduto <strong>SICILIA<\/strong> Sbarco a Lampedusa, morti due migranti <strong>REGGIO EMILIA<\/strong> Frode per 100 milioni, 179 indagati da Torino a Crotone <strong>ROMA<\/strong> Minaccia con un coltello e sequestra la ex 18enne, arrestato La ragazza stava andando a scuola quando \u00e8 stata costretta a salire in auto<\/p>\n<h2><span style=\"color: #ff0000;\"><span style=\"color: #0000ff;\">ULTIM&#8217;ORA<\/span> <span style=\"color: #000000;\">AUDIO dalle sette del mattino, ogni ora alla radio EDIZIONE DELLE SETTE<\/span><\/span><\/h2>\n<audio class=\"wp-audio-shortcode\" id=\"audio-433243-5\" preload=\"none\" style=\"width: 100%;\" controls=\"controls\"><source type=\"audio\/mpeg\" src=\"https:\/\/www.radiopiu.net\/wordpress\/wp-content\/uploads\/2025\/02\/giornale07-5.mp3?_=5\" \/><a href=\"https:\/\/www.radiopiu.net\/wordpress\/wp-content\/uploads\/2025\/02\/giornale07-5.mp3\">https:\/\/www.radiopiu.net\/wordpress\/wp-content\/uploads\/2025\/02\/giornale07-5.mp3<\/a><\/audio>\n<p>&nbsp;<\/p>\n<p>&nbsp;<\/p>\n<hr \/>\n<p>&nbsp;<\/p>\n<p>&nbsp;<\/p>\n<h1><span style=\"color: #ff0000;\"><a class=\"dt-pswp-item\" href=\"https:\/\/www.radiopiu.net\/wordpress\/wp-content\/uploads\/2024\/11\/8.jpg\" data-dt-img-description=\"\" data-large_image_width=\"180\" data-large_image_height=\"180\"><img loading=\"lazy\" decoding=\"async\" class=\"size-full wp-image-417910 alignleft\" src=\"https:\/\/www.radiopiu.net\/wordpress\/wp-content\/uploads\/2024\/11\/8.jpg\" alt=\"\" width=\"180\" height=\"180\" srcset=\"https:\/\/www.radiopiu.net\/wordpress\/wp-content\/uploads\/2024\/11\/8.jpg 180w, https:\/\/www.radiopiu.net\/wordpress\/wp-content\/uploads\/2024\/11\/8-150x150.jpg 150w\" sizes=\"auto, (max-width: 180px) 100vw, 180px\" \/><\/a>I podcast informativi del mattino &#8211; video &#8211;\u00a0<\/span><\/h1>\n<h2 style=\"text-align: left;\"><strong>RASSEGNA STAMPA LOCALE, ORE OTTO<\/strong><\/h2>\n<h2><strong> <span style=\"color: #0000ff;\">viene\u00a0 <\/span><\/strong><strong><span style=\"color: #0000ff;\">pubblicata alle 8.05 <span style=\"color: #ff0000;\">DIRETTA RADIO\u00a0 \u00a0<\/span><\/span><\/strong><strong>DI MIRKO MEZZACASA<\/strong><\/h2>\n<h2><span style=\"color: #ff0000;\"><strong>\u00a0<\/strong><\/span><\/h2>\n<h2><span style=\"color: #ff0000;\"><strong>\u00a0<\/strong><\/span><span style=\"color: #ff0000;\"><strong>VIDEO\u00a0 \u00a0in diretta AGGIORNAMENTO\u00a0 dalle 8 del mattino\u00a0\u00a0<\/strong><\/span><\/h2>\n<p><iframe loading=\"lazy\" style=\"border: none; overflow: hidden;\" src=\"https:\/\/www.facebook.com\/plugins\/video.php?height=314&amp;href=https%3A%2F%2Fwww.facebook.com%2Fradiopiu%2Fvideos%2F974675214053863%2F&amp;show_text=false&amp;width=560&amp;t=0\" width=\"560\" height=\"314\" frameborder=\"0\" scrolling=\"no\" allowfullscreen=\"allowfullscreen\"><\/iframe><\/p>\n<p>&nbsp;<\/p>\n<hr \/>\n<p>&nbsp;<\/p>\n<p>&nbsp;<\/p>\n<p><strong><a class=\"dt-pswp-item\" href=\"https:\/\/www.radiopiu.net\/wordpress\/wp-content\/uploads\/2023\/12\/ANTENNA.png\" data-dt-img-description=\"\" data-large_image_width=\"300\" data-large_image_height=\"166\"><img loading=\"lazy\" decoding=\"async\" class=\"wp-image-366306 alignright\" src=\"https:\/\/www.radiopiu.net\/wordpress\/wp-content\/uploads\/2023\/12\/ANTENNA.png\" alt=\"\" width=\"101\" height=\"56\" \/><\/a><a class=\"dt-pswp-item\" href=\"https:\/\/www.radiopiu.net\/wordpress\/wp-content\/uploads\/2024\/11\/th-17.jpg\" data-dt-img-description=\"\" data-large_image_width=\"224\" data-large_image_height=\"180\"><img loading=\"lazy\" decoding=\"async\" class=\" wp-image-421610 alignleft\" src=\"https:\/\/www.radiopiu.net\/wordpress\/wp-content\/uploads\/2024\/11\/th-17.jpg\" alt=\"\" width=\"167\" height=\"134\" \/><\/a>ogni sera alle 19 le anticipazioni alla radio, quello che poi seguirete nel TELEGIORNALE BELLUNESE\u00a0 in onda alle 19.30 sul CANALE 10 del digitale terrestre.\u00a0\u00a0<\/strong><\/p>\n<p>&nbsp;<\/p>\n<p><b>\u00a0\u00a0<\/b><\/p>\n<p>&nbsp;<\/p>\n<p><span style=\"color: #ff0000;\"><strong>LE ANTICIPAZIONI DI\u00a0 STEFANO BOZZI<\/strong><\/span><\/p>\n<audio class=\"wp-audio-shortcode\" id=\"audio-433243-6\" preload=\"none\" style=\"width: 100%;\" controls=\"controls\"><source type=\"audio\/mpeg\" src=\"https:\/\/www.radiopiu.net\/wordpress\/wp-content\/uploads\/2025\/02\/ANTENNA3-4.mp3?_=6\" \/><a href=\"https:\/\/www.radiopiu.net\/wordpress\/wp-content\/uploads\/2025\/02\/ANTENNA3-4.mp3\">https:\/\/www.radiopiu.net\/wordpress\/wp-content\/uploads\/2025\/02\/ANTENNA3-4.mp3<\/a><\/audio>\n<p>&nbsp;<\/p>\n<p>&nbsp;<\/p>\n<hr \/>\n<p>&nbsp;<\/p>\n<blockquote>\n<h2>Intervento dell\u2019elicottero Falco per una giovane sciatrice ferita sulle piste del Civetta<\/h2>\n<\/blockquote>\n<p><strong>ALLEGHE<\/strong><\/p>\n<p><img loading=\"lazy\" decoding=\"async\" class=\"alignleft\" src=\"https:\/\/www.radiopiu.net\/wordpress\/wp-content\/uploads\/2019\/12\/SKICIVETTA2-1.jpg\" width=\"218\" height=\"124\" \/>\u00c8 stato necessario l\u2019intervento dell\u2019elicottero Falco e del personale sanitario del Suem 118 per soccorrere una giovane sciatrice di nazionalit\u00e0 polacca, vittima di una caduta sulle piste del comprensorio del Civetta. L\u2019incidente \u00e8 avvenuto nella mattinata di ieri, quando la minore ha perso l\u2019equilibrio e ha riportato un trauma cranico non grave. Per precauzione, \u00e8 stata trasportata all\u2019ospedale San Martino di Belluno, dove \u00e8 stata sottoposta a tutti gli accertamenti del caso. Alle 12:20 l&#8217;elicottero Falco si \u00e8 diretto ad Arabba per soccorrere un minorenne di Genova che si era fatto male. In seguito ad un trauma cranico \u00e8 stato elitrasportato al nosocomio di Belluno. Poco prima delle 15 la centrale operativa del Suem \u00e8 stata allertata per un trauma cranico. Vittima un 30enne del Lussemburgo che, anche in questo caso, dopo essere stato elitrasportato, \u00e8 stato affidato alle cure dei medici dell&#8217;ospedale di Belluno.<\/p>\n<p>&nbsp;<\/p>\n<p>&nbsp;<\/p>\n<hr \/>\n<blockquote>\n<h2><\/h2>\n<h2>Operazione \u201cCuscus\u201d: arresti domiciliari per circonvenzione di incapace<\/h2>\n<\/blockquote>\n<blockquote>\n<h4><em><strong>La Guardia di Finanza di Belluno esegue la misura cautelare con braccialetto elettronico<\/strong><\/em><\/h4>\n<\/blockquote>\n<p><strong>BELLUNO<\/strong><\/p>\n<p><img loading=\"lazy\" decoding=\"async\" class=\"alignleft\" src=\"https:\/\/www.radiopiu.net\/wordpress\/wp-content\/uploads\/2021\/07\/2eb8f214-39a6-4e15-bd1e-539b9100c08b.jpg\" width=\"352\" height=\"234\" \/>La Guardia di Finanza di Belluno ha eseguito una misura cautelare di arresti domiciliari con braccialetto elettronico nei confronti di un 47enne di origine marocchina, accusato di circonvenzione di incapace. L\u2019uomo, attualmente ristretto nella sua abitazione a Ponte nelle Alpi, avrebbe sottratto oltre 363.800 euro a quattro vittime vulnerabili, due in provincia di Belluno e due a Pordenone. Le indagini, condotte dal Nucleo di Polizia Economico-Finanziaria di Belluno, avevano gi\u00e0 portato, nel settembre scorso, alla sua custodia cautelare in carcere. L\u2019indagato avrebbe approfittato delle fragilit\u00e0 psichiche delle vittime, sottraendo loro ingenti somme di denaro. Nonostante avesse inizialmente confessato e promesso di restituire il maltolto, la somma non \u00e8 mai stata risarcita. Dopo un primo provvedimento di scarcerazione con obbligo di presentazione alla polizia giudiziaria, il Pubblico Ministero ha presentato appello, evidenziando il mancato risarcimento e il rischio di reiterazione del reato, dato che l\u2019uomo esercita l\u2019attivit\u00e0 di venditore porta a porta. Il Tribunale del Riesame di Trieste ha cos\u00ec disposto gli arresti domiciliari, misura poi confermata dalla Corte di Cassazione, che ha respinto il ricorso dell\u2019indagato, condannandolo anche al pagamento delle spese processuali. L\u2019operazione \u201cCuscus\u201d dimostra l\u2019impegno della Guardia di Finanza nel tutelare le fasce pi\u00f9 deboli e contrastare le frodi di natura patrimoniale, garantendo sicurezza e giustizia nel territorio.<\/p>\n<p>&nbsp;<\/p>\n<hr \/>\n<p>&nbsp;<\/p>\n<blockquote>\n<h3>Rapina alla tabaccheria Brandalise di Baldenich: il malvivente fugge con l\u2019incasso<\/h3>\n<\/blockquote>\n<p><strong>BELLUNO<\/strong><\/p>\n<p><img loading=\"lazy\" decoding=\"async\" class=\"alignleft\" src=\"https:\/\/www.radiopiu.net\/wordpress\/wp-content\/uploads\/2025\/02\/th-300x300.jpg\" width=\"110\" height=\"110\" \/>A distanza di otto anni, la tabaccheria Brandalise di Baldenich, \u00e8 stata nuovamente vittima di una rapina. Poco prima della chiusura, un individuo vestito di nero e con il volto coperto \u00e8 entrato nel negozio armato di coltello, facendosi consegnare l&#8217;incasso, stimato tra i 100 e i 200 euro, dalla titolare Lorena Brandalise. Dopo il colpo, il malvivente \u00e8 fuggito, facendo perdere le proprie tracce. Sul posto sono intervenute le forze dell&#8217;ordine, che hanno avviato le indagini visionando le immagini delle telecamere di sorveglianza della zona e raccogliendo testimonianze dai negozi vicini. L&#8217;episodio ricorda una tentata rapina avvenuta nello stesso esercizio nel febbraio 2017, quando un giovane, sempre armato di coltello, era stato messo in fuga dalle urla delle titolari.<\/p>\n<p>&nbsp;<\/p>\n<hr \/>\n<p>&nbsp;<\/p>\n<blockquote>\n<h3><strong><a class=\"dt-pswp-item\" href=\"https:\/\/www.radiopiu.net\/wordpress\/wp-content\/uploads\/2025\/02\/Senza-nome-18.png\" data-dt-img-description=\"\" data-large_image_width=\"63\" data-large_image_height=\"81\"><img loading=\"lazy\" decoding=\"async\" class=\"size-full wp-image-433441 alignleft\" src=\"https:\/\/www.radiopiu.net\/wordpress\/wp-content\/uploads\/2025\/02\/Senza-nome-18.png\" alt=\"\" width=\"63\" height=\"81\" \/><\/a>Valle di Cadore dice addio alla maestra Noemi Ciliotta<\/strong><\/h3>\n<\/blockquote>\n<p><strong>VALLE DI CADORE<\/strong> \u00c8 scomparsa a 97 anni Noemi Ciliotta, storica maestra di Valle di Cadore, amata da generazioni di studenti. Ha iniziato a insegnare nel 1947, dopo aver lavorato alla Lozza di Calalzo nel dopoguerra. Ha svolto il suo ruolo con passione in diverse scuole del territorio, mantenendo cordiali rapporti con ex studenti e colleghe fino agli ultimi giorni. \u00c8 stata anche vigilatrice d\u2019infanzia nelle colonie estive, con un\u2019esperienza significativa a Gallipoli. Ora riposer\u00e0 nel cimitero di Valle.<\/p>\n<p>&nbsp;<\/p>\n<hr \/>\n<p>&nbsp;<\/p>\n<p><strong>OGGI LA GIUDIZIARIA<\/strong><br \/>\n<strong>SUL CORRIERE DELLE ALPI, GIGI SOSSO (SINTESI)<\/strong><\/p>\n<div class=\"flex max-w-full flex-col flex-grow\">\n<div class=\"min-h-8 text-message flex w-full flex-col items-end gap-2 whitespace-normal break-words text-start [.text-message+&amp;]:mt-5\" dir=\"auto\" data-message-author-role=\"assistant\" data-message-id=\"30b31d1a-8aef-4afa-a46d-3c1ee4c5a5c1\" data-message-model-slug=\"gpt-4o\">\n<div class=\"flex w-full flex-col gap-1 empty:hidden first:pt-[3px]\">\n<div class=\"markdown prose w-full break-words dark:prose-invert dark\">\n<blockquote>\n<h3><strong><img decoding=\"async\" class=\"alignleft\" src=\"https:\/\/www.radiopiu.net\/wordpress\/wp-content\/uploads\/2025\/02\/Senza-nome-20.png\" \/>Banda di giostrai condannata per furti in abitazioni a Belluno<\/strong><\/h3>\n<\/blockquote>\n<p><strong>BELLUNO<\/strong> Una famiglia sinti di giostrai \u00e8 stata condannata dal Tribunale di Belluno per una serie di furti in case di anziani tra agosto e novembre 2020. La pena pi\u00f9 severa \u00e8 stata inflitta a Elisabet Levakovic: 5 anni e 10 mesi di reclusione, oltre alla perdita della potest\u00e0 genitoriale. Gli altri cinque imputati hanno ricevuto condanne tra 3 e 3 anni e 1 mese. I furti avvenivano con un metodo collaudato: le donne distraevano gli anziani, mentre un complice rubava gioielli e carte di pagamento. Le indagini dei carabinieri hanno portato alla condanna, ma la difesa annuncia ricorso in appello.<\/p>\n<\/div>\n<\/div>\n<\/div>\n<\/div>\n<blockquote>\n<h3><strong>Ciclista investito: ottenuti i primi risarcimenti, ma il caso prosegue<\/strong><\/h3>\n<\/blockquote>\n<p><strong>IBELLUNO<\/strong> l ciclista investito alla rotatoria del ponte Bailey avr\u00e0 almeno un risarcimento provvisorio di 3.000 euro, deciso dal giudice Paolo Velo. L\u2019automobilista Anna Poletti era stata assolta dal giudice di pace per insufficienza di prove, ma il verdetto \u00e8 stato impugnato ai soli fini civilistici. L\u2019appello, presentato dall\u2019avvocato Stefano Zallot, \u00e8 stato accolto e il caso passer\u00e0 al giudice civile per la determinazione del risarcimento completo. Nei prossimi mesi si terr\u00e0 una causa civile per definire l\u2019importo definitivo.<\/p>\n<blockquote>\n<h3><strong>Donna denuncia il marito: \u201cHo sposato un mostro\u201d<\/strong><\/h3>\n<\/blockquote>\n<p><strong>BELLUNO<\/strong> Una donna nigeriana ha raccontato in tribunale gli abusi subiti dal marito, T.A., accusato di maltrattamenti, lesioni e minacce aggravate. Dopo il matrimonio, l\u2019uomo ha iniziato a insultarla e picchiarla, lanciandole oggetti e minacciandola con una motosega e un fil di ferro. La vittima ha chiesto aiuto a Belluno Donna e ora il marito ha il braccialetto elettronico e il divieto di avvicinamento. Il giudice ha respinto il rinvio del processo, fissando la prossima udienza per il 20 febbraio.<\/p>\n<blockquote>\n<h3><strong>Arsi\u00e8: archiviata l\u2019indagine voluta dall\u2019ex sindaco Strappazzon<\/strong><\/h3>\n<\/blockquote>\n<p><strong>ARSIE<\/strong> Il GIP Elisabetta Scolozzi ha disposto l\u2019archiviazione definitiva dell\u2019indagine avviata dal sindaco di Arsi\u00e8 Luca Strappazzon, poich\u00e9 il successore Ivano Faoro non ha chiesto ulteriori approfondimenti. Il Tribunale di Belluno ha ritenuto legittima la critica politica di Gianantonio Sottile sull\u2019autovelox in curva. Intanto, la Digos ha perquisito la sede di Altvelox, su disposizione della Procura, sequestrando dispositivi elettronici. Il prefetto Roccoberton si ritiene diffamato e le indagini sono in corso. Sottile ha espresso stupore e ipotizza una manifestazione di protesta.<\/p>\n<p>&nbsp;<\/p>\n<p>&nbsp;<\/p>\n<hr \/>\n<h2><\/h2>\n<h2 class=\"titolonews\">Comitato tecnico regionale VIA ha espresso giudizio favorevole di compatibilit\u00e0 ambientale per nuovo sistema di mobilit\u00e0 intermodale nel Comune di Cortina, comprensivo della nuova funivia Apollonio-Socrepes<\/h2>\n<blockquote>\n<h3><strong><a class=\"dt-pswp-item\" href=\"https:\/\/www.radiopiu.net\/wordpress\/wp-content\/uploads\/2025\/02\/SOCREPES.png\" data-dt-img-description=\"\" data-large_image_width=\"307\" data-large_image_height=\"181\"><img loading=\"lazy\" decoding=\"async\" class=\" wp-image-433338 alignleft\" src=\"https:\/\/www.radiopiu.net\/wordpress\/wp-content\/uploads\/2025\/02\/SOCREPES-300x177.png\" alt=\"\" width=\"246\" height=\"145\" srcset=\"https:\/\/www.radiopiu.net\/wordpress\/wp-content\/uploads\/2025\/02\/SOCREPES-300x177.png 300w, https:\/\/www.radiopiu.net\/wordpress\/wp-content\/uploads\/2025\/02\/SOCREPES.png 307w\" sizes=\"auto, (max-width: 246px) 100vw, 246px\" \/><\/a>Via libera alla funivia Apollonio-Socrepes: svolta importante per Cortina 2026<\/strong><\/h3>\n<\/blockquote>\n<p><strong>CORTINA<\/strong> Il Presidente della Regione Veneto, Luca Zaia, ha accolto con soddisfazione il via libera della Commissione VIA alla funivia Apollonio-Socrepes di Cortina d\u2019Ampezzo. La decisione \u00e8 stata presa con piena indipendenza tecnica, includendo prescrizioni specifiche. \u201cA un anno dai Giochi Olimpici e Paralimpici Milano-Cortina 2026, questa approvazione \u00e8 particolarmente significativa\u201d, ha dichiarato Zaia, sottolineando come il Veneto si prepari a un evento indimenticabile. Con questo passo, il progetto entra in una fase decisiva per la realizzazione di un\u2019infrastruttura strategica per il territorio.<\/p>\n<p>&nbsp;<\/p>\n<p>&nbsp;<\/p>\n<hr \/>\n<p>&nbsp;<\/p>\n<blockquote>\n<h3>GIANPAOLO BOTTACIN IN VISITA AI CANTIERI DELL&#8217;ALPAGO<\/h3>\n<\/blockquote>\n<p><strong>VENEZIA <\/strong>L\u2019assessore al Dissesto idrogeologico Gianpaolo Bottacin oggi si \u00e8 recato in sopralluogo ad alcuni cantieri presenti nei Comuni di Alpago e di Tambre eseguiti dai Servizi forestali regionali. La prima visita \u00e8 stata fatta in Valturcana, a monte dell\u2019abitato di Cornei, dove sono in corso dei lavori localizzati prevalentemente lungo l\u2019alveo dell\u2019omonimo torrente Valturcana, nei pressi della frana di Saviane, che prende origine nel territorio di Tambre avanzando poi in Comune di Alpago. Il secondo sopralluogo si \u00e8 svolto sul torrente Borsoia, in Comune di Tambre. Nel sopralluogo Bottacin ha in particolare visitato un intervento a monte dell\u2019abitato di Borsoi e subito a valle della localit\u00e0 Lavina. Il terzo sopralluogo si \u00e8 invece svolto a sud dell\u2019abitato di Borsoi, in corrispondenza di un drenaggio di acque meteoriche caratterizzato da un cunettone in calcestruzzo che nel suo tratto terminale risultava danneggiato.<\/p>\n<div style=\"width: 1200px;\" class=\"wp-video\"><video class=\"wp-video-shortcode\" id=\"video-433243-1\" width=\"1200\" height=\"675\" preload=\"metadata\" controls=\"controls\"><source type=\"video\/mp4\" src=\"https:\/\/www.radiopiu.net\/wordpress\/wp-content\/uploads\/2025\/02\/WhatsApp-Video-2025-02-06-at-15.43.24.mp4?_=1\" \/><a href=\"https:\/\/www.radiopiu.net\/wordpress\/wp-content\/uploads\/2025\/02\/WhatsApp-Video-2025-02-06-at-15.43.24.mp4\">https:\/\/www.radiopiu.net\/wordpress\/wp-content\/uploads\/2025\/02\/WhatsApp-Video-2025-02-06-at-15.43.24.mp4<\/a><\/video><\/div>\n<p>&nbsp;<\/p>\n\n\t\t\t<style type='text\/css'>\n\t\t\t\t#gallery-1 {\n\t\t\t\t\tmargin: auto;\n\t\t\t\t}\n\t\t\t\t#gallery-1 .gallery-item {\n\t\t\t\t\tfloat: left;\n\t\t\t\t\tmargin-top: 10px;\n\t\t\t\t\ttext-align: center;\n\t\t\t\t\twidth: 20%;\n\t\t\t\t}\n\t\t\t\t#gallery-1 img {\n\t\t\t\t\tborder: 2px solid #cfcfcf;\n\t\t\t\t}\n\t\t\t\t#gallery-1 .gallery-caption {\n\t\t\t\t\tmargin-left: 0;\n\t\t\t\t}\n\t\t\t\t\/* see gallery_shortcode() in wp-includes\/media.php *\/\n\t\t\t<\/style>\n\t\t<div id='gallery-1' class='dt-gallery-container gallery galleryid-433243 gallery-columns-5 gallery-size-thumbnail'><dl class='gallery-item'>\n\t\t\t\t<dt class='gallery-icon landscape'>\n\t\t\t\t\t<a class=\"rollover rollover-zoom dt-pswp-item\" title=\"90c087ba-31aa-4cd6-aebb-d3d22e889673\" data-dt-img-description=\"\" data-large_image_width=\"1600\" data-large_image_height=\"1200\"href='https:\/\/www.radiopiu.net\/wordpress\/wp-content\/uploads\/2025\/02\/90c087ba-31aa-4cd6-aebb-d3d22e889673.jpg'><img loading=\"lazy\" decoding=\"async\" width=\"150\" height=\"150\" src=\"https:\/\/www.radiopiu.net\/wordpress\/wp-content\/uploads\/2025\/02\/90c087ba-31aa-4cd6-aebb-d3d22e889673-150x150.jpg\" class=\"attachment-thumbnail size-thumbnail\" alt=\"\" \/><\/a>\n\t\t\t\t<\/dt><\/dl><dl class='gallery-item'>\n\t\t\t\t<dt class='gallery-icon landscape'>\n\t\t\t\t\t<a class=\"rollover rollover-zoom dt-pswp-item\" title=\"b388de3d-e2e6-4b57-b73f-e38172ef44d2\" data-dt-img-description=\"\" data-large_image_width=\"1600\" data-large_image_height=\"900\"href='https:\/\/www.radiopiu.net\/wordpress\/wp-content\/uploads\/2025\/02\/b388de3d-e2e6-4b57-b73f-e38172ef44d2.jpg'><img loading=\"lazy\" decoding=\"async\" width=\"150\" height=\"150\" src=\"https:\/\/www.radiopiu.net\/wordpress\/wp-content\/uploads\/2025\/02\/b388de3d-e2e6-4b57-b73f-e38172ef44d2-150x150.jpg\" class=\"attachment-thumbnail size-thumbnail\" alt=\"\" \/><\/a>\n\t\t\t\t<\/dt><\/dl><dl class='gallery-item'>\n\t\t\t\t<dt class='gallery-icon landscape'>\n\t\t\t\t\t<a class=\"rollover rollover-zoom dt-pswp-item\" title=\"7fdadfb6-e363-45eb-be48-537d62a2bf18\" data-dt-img-description=\"\" data-large_image_width=\"1600\" data-large_image_height=\"1200\"href='https:\/\/www.radiopiu.net\/wordpress\/wp-content\/uploads\/2025\/02\/7fdadfb6-e363-45eb-be48-537d62a2bf18.jpg'><img loading=\"lazy\" decoding=\"async\" width=\"150\" height=\"150\" src=\"https:\/\/www.radiopiu.net\/wordpress\/wp-content\/uploads\/2025\/02\/7fdadfb6-e363-45eb-be48-537d62a2bf18-150x150.jpg\" class=\"attachment-thumbnail size-thumbnail\" alt=\"\" \/><\/a>\n\t\t\t\t<\/dt><\/dl><dl class='gallery-item'>\n\t\t\t\t<dt class='gallery-icon landscape'>\n\t\t\t\t\t<a class=\"rollover rollover-zoom dt-pswp-item\" title=\"74e040c0-4400-4aaa-b874-163b0b0bda06\" data-dt-img-description=\"\" data-large_image_width=\"1600\" data-large_image_height=\"1200\"href='https:\/\/www.radiopiu.net\/wordpress\/wp-content\/uploads\/2025\/02\/74e040c0-4400-4aaa-b874-163b0b0bda06.jpg'><img loading=\"lazy\" decoding=\"async\" width=\"150\" height=\"150\" src=\"https:\/\/www.radiopiu.net\/wordpress\/wp-content\/uploads\/2025\/02\/74e040c0-4400-4aaa-b874-163b0b0bda06-150x150.jpg\" class=\"attachment-thumbnail size-thumbnail\" alt=\"\" \/><\/a>\n\t\t\t\t<\/dt><\/dl><dl class='gallery-item'>\n\t\t\t\t<dt class='gallery-icon landscape'>\n\t\t\t\t\t<a class=\"rollover rollover-zoom dt-pswp-item\" title=\"821b4a73-4272-400b-82bb-4502b6a5ae8f\" data-dt-img-description=\"\" data-large_image_width=\"1600\" data-large_image_height=\"1200\"href='https:\/\/www.radiopiu.net\/wordpress\/wp-content\/uploads\/2025\/02\/821b4a73-4272-400b-82bb-4502b6a5ae8f.jpg'><img loading=\"lazy\" decoding=\"async\" width=\"150\" height=\"150\" src=\"https:\/\/www.radiopiu.net\/wordpress\/wp-content\/uploads\/2025\/02\/821b4a73-4272-400b-82bb-4502b6a5ae8f-150x150.jpg\" class=\"attachment-thumbnail size-thumbnail\" alt=\"\" \/><\/a>\n\t\t\t\t<\/dt><\/dl><br style=\"clear: both\" \/><dl class='gallery-item'>\n\t\t\t\t<dt class='gallery-icon landscape'>\n\t\t\t\t\t<a class=\"rollover rollover-zoom dt-pswp-item\" title=\"7a576061-8895-46ee-abb4-0e5730a79472\" data-dt-img-description=\"\" data-large_image_width=\"1600\" data-large_image_height=\"1200\"href='https:\/\/www.radiopiu.net\/wordpress\/wp-content\/uploads\/2025\/02\/7a576061-8895-46ee-abb4-0e5730a79472.jpg'><img loading=\"lazy\" decoding=\"async\" width=\"150\" height=\"150\" src=\"https:\/\/www.radiopiu.net\/wordpress\/wp-content\/uploads\/2025\/02\/7a576061-8895-46ee-abb4-0e5730a79472-150x150.jpg\" class=\"attachment-thumbnail size-thumbnail\" alt=\"\" \/><\/a>\n\t\t\t\t<\/dt><\/dl><dl class='gallery-item'>\n\t\t\t\t<dt class='gallery-icon landscape'>\n\t\t\t\t\t<a class=\"rollover rollover-zoom dt-pswp-item\" title=\"a310f3aa-0921-43eb-ab91-f8b698ae4753\" data-dt-img-description=\"\" data-large_image_width=\"1600\" data-large_image_height=\"1200\"href='https:\/\/www.radiopiu.net\/wordpress\/wp-content\/uploads\/2025\/02\/a310f3aa-0921-43eb-ab91-f8b698ae4753.jpg'><img loading=\"lazy\" decoding=\"async\" width=\"150\" height=\"150\" src=\"https:\/\/www.radiopiu.net\/wordpress\/wp-content\/uploads\/2025\/02\/a310f3aa-0921-43eb-ab91-f8b698ae4753-150x150.jpg\" class=\"attachment-thumbnail size-thumbnail\" alt=\"\" \/><\/a>\n\t\t\t\t<\/dt><\/dl><dl class='gallery-item'>\n\t\t\t\t<dt class='gallery-icon landscape'>\n\t\t\t\t\t<a class=\"rollover rollover-zoom dt-pswp-item\" title=\"8e9f99d7-f971-4ee2-8721-a0d49dc704b8\" data-dt-img-description=\"\" data-large_image_width=\"1599\" data-large_image_height=\"899\"href='https:\/\/www.radiopiu.net\/wordpress\/wp-content\/uploads\/2025\/02\/8e9f99d7-f971-4ee2-8721-a0d49dc704b8.jpg'><img loading=\"lazy\" decoding=\"async\" width=\"150\" height=\"150\" src=\"https:\/\/www.radiopiu.net\/wordpress\/wp-content\/uploads\/2025\/02\/8e9f99d7-f971-4ee2-8721-a0d49dc704b8-150x150.jpg\" class=\"attachment-thumbnail size-thumbnail\" alt=\"\" \/><\/a>\n\t\t\t\t<\/dt><\/dl><dl class='gallery-item'>\n\t\t\t\t<dt class='gallery-icon landscape'>\n\t\t\t\t\t<a class=\"rollover rollover-zoom dt-pswp-item\" title=\"db253cef-05a6-424c-aab4-ae30280f2c1f\" data-dt-img-description=\"\" data-large_image_width=\"1600\" data-large_image_height=\"900\"href='https:\/\/www.radiopiu.net\/wordpress\/wp-content\/uploads\/2025\/02\/db253cef-05a6-424c-aab4-ae30280f2c1f.jpg'><img loading=\"lazy\" decoding=\"async\" width=\"150\" height=\"150\" src=\"https:\/\/www.radiopiu.net\/wordpress\/wp-content\/uploads\/2025\/02\/db253cef-05a6-424c-aab4-ae30280f2c1f-150x150.jpg\" class=\"attachment-thumbnail size-thumbnail\" alt=\"\" \/><\/a>\n\t\t\t\t<\/dt><\/dl><dl class='gallery-item'>\n\t\t\t\t<dt class='gallery-icon landscape'>\n\t\t\t\t\t<a class=\"rollover rollover-zoom dt-pswp-item\" title=\"a419c9d8-d4e5-426c-aac5-034bb12f176b\" data-dt-img-description=\"\" data-large_image_width=\"1600\" data-large_image_height=\"1200\"href='https:\/\/www.radiopiu.net\/wordpress\/wp-content\/uploads\/2025\/02\/a419c9d8-d4e5-426c-aac5-034bb12f176b.jpg'><img loading=\"lazy\" decoding=\"async\" width=\"150\" height=\"150\" src=\"https:\/\/www.radiopiu.net\/wordpress\/wp-content\/uploads\/2025\/02\/a419c9d8-d4e5-426c-aac5-034bb12f176b-150x150.jpg\" class=\"attachment-thumbnail size-thumbnail\" alt=\"\" \/><\/a>\n\t\t\t\t<\/dt><\/dl><br style=\"clear: both\" \/>\n\t\t\t<\/div>\n\n<p>&nbsp;<\/p>\n<hr \/>\n<p>&nbsp;<\/p>\n<blockquote>\n<h3><strong><a class=\"dt-pswp-item\" href=\"https:\/\/www.radiopiu.net\/wordpress\/wp-content\/uploads\/2024\/12\/CANER.jpeg\" data-dt-img-description=\"Screenshot\" data-large_image_width=\"2098\" data-large_image_height=\"1400\"><img loading=\"lazy\" decoding=\"async\" class=\" wp-image-424999 alignleft\" src=\"https:\/\/www.radiopiu.net\/wordpress\/wp-content\/uploads\/2024\/12\/CANER-300x200.jpeg\" alt=\"\" width=\"239\" height=\"159\" srcset=\"https:\/\/www.radiopiu.net\/wordpress\/wp-content\/uploads\/2024\/12\/CANER-300x200.jpeg 300w, https:\/\/www.radiopiu.net\/wordpress\/wp-content\/uploads\/2024\/12\/CANER-1024x683.jpeg 1024w, https:\/\/www.radiopiu.net\/wordpress\/wp-content\/uploads\/2024\/12\/CANER-768x512.jpeg 768w, https:\/\/www.radiopiu.net\/wordpress\/wp-content\/uploads\/2024\/12\/CANER-1536x1025.jpeg 1536w, https:\/\/www.radiopiu.net\/wordpress\/wp-content\/uploads\/2024\/12\/CANER-2048x1367.jpeg 2048w\" sizes=\"auto, (max-width: 239px) 100vw, 239px\" \/><\/a>Un nuovo percorso escursionistico d\u2019eccezione: il Cammino delle Dolomiti<\/strong><\/h3>\n<\/blockquote>\n<p><strong>VENEZIA<\/strong> Il Cammino delle Dolomiti, un anello di 500 km suddiviso in 30 tappe, arricchisce l\u2019offerta turistica del Veneto. Un percorso immerso nella natura delle Dolomiti Bellunesi, tra storia, cultura e spiritualit\u00e0. Il tracciato, percorribile gran parte dell\u2019anno, offre un\u2019esperienza accessibile e autentica, con segnaletica e servizi dedicati. L\u2019iniziativa, annunciata dall\u2019Assessore al Turismo Federico Caner, promuove un turismo sostenibile, valorizzando il patrimonio locale e offrendo un viaggio lento e consapevole, tra luoghi di grande fascino e significato.<\/p>\n<p>&nbsp;<\/p>\n<p>&nbsp;<\/p>\n<hr \/>\n<p>&nbsp;<\/p>\n<blockquote>\n<h3><strong><a class=\"dt-pswp-item\" href=\"https:\/\/www.radiopiu.net\/wordpress\/wp-content\/uploads\/2021\/09\/CAMANI-scaled.jpg\" data-dt-img-description=\"\" data-large_image_width=\"2560\" data-large_image_height=\"1707\"><img loading=\"lazy\" decoding=\"async\" class=\" wp-image-233251 alignleft\" src=\"https:\/\/www.radiopiu.net\/wordpress\/wp-content\/uploads\/2021\/09\/CAMANI-300x200.jpg\" alt=\"\" width=\"210\" height=\"140\" srcset=\"https:\/\/www.radiopiu.net\/wordpress\/wp-content\/uploads\/2021\/09\/CAMANI-300x200.jpg 300w, https:\/\/www.radiopiu.net\/wordpress\/wp-content\/uploads\/2021\/09\/CAMANI-1024x683.jpg 1024w, https:\/\/www.radiopiu.net\/wordpress\/wp-content\/uploads\/2021\/09\/CAMANI-768x512.jpg 768w, https:\/\/www.radiopiu.net\/wordpress\/wp-content\/uploads\/2021\/09\/CAMANI-1536x1024.jpg 1536w, https:\/\/www.radiopiu.net\/wordpress\/wp-content\/uploads\/2021\/09\/CAMANI-2048x1365.jpg 2048w\" sizes=\"auto, (max-width: 210px) 100vw, 210px\" \/><\/a>Elezioni regionali, Camani (Pd): \u201cNessuna ragione valida per prolungare la legislatura\u201d<\/strong><\/h3>\n<\/blockquote>\n<p><strong>VENEZIA <\/strong>La capogruppo del Pd in Consiglio regionale del Veneto, Vanessa Camani, critica l\u2019ipotesi di prolungamento della legislatura, definendola un vantaggio politico per il centrodestra. Secondo Camani, non esistono impedimenti oggettivi per il voto anticipato, n\u00e9 motivazioni legate all\u2019election day. Accusa Zaia di fare pressing per ottenere pi\u00f9 tempo, mentre il caos sul terzo mandato agita la maggioranza. Infine, chiede chiarimenti sulla posizione della Regione Veneto e ribadisce la necessit\u00e0 di chiudere l\u2019era Zaia al pi\u00f9 presto.<\/p>\n<p>&nbsp;<\/p>\n<hr \/>\n<blockquote>\n<h3><\/h3>\n<h3><strong><a class=\"dt-pswp-item\" href=\"https:\/\/www.radiopiu.net\/wordpress\/wp-content\/uploads\/2021\/03\/anna-maria-bigon.jpg\" data-dt-img-description=\"\" data-large_image_width=\"400\" data-large_image_height=\"400\"><img loading=\"lazy\" decoding=\"async\" class=\"wp-image-195997 alignleft\" src=\"https:\/\/www.radiopiu.net\/wordpress\/wp-content\/uploads\/2021\/03\/anna-maria-bigon-300x300.jpg\" alt=\"\" width=\"150\" height=\"150\" srcset=\"https:\/\/www.radiopiu.net\/wordpress\/wp-content\/uploads\/2021\/03\/anna-maria-bigon-300x300.jpg 300w, https:\/\/www.radiopiu.net\/wordpress\/wp-content\/uploads\/2021\/03\/anna-maria-bigon-150x150.jpg 150w, https:\/\/www.radiopiu.net\/wordpress\/wp-content\/uploads\/2021\/03\/anna-maria-bigon.jpg 400w\" sizes=\"auto, (max-width: 150px) 100vw, 150px\" \/><\/a>Bigon (Pd) critica Zaia: \u201cServe un vero dialogo sulla carenza di medici\u201d<\/strong><\/h3>\n<\/blockquote>\n<p><strong>VENEZIA<\/strong> La consigliera regionale del Pd, Anna Maria Bigon, critica la proposta del presidente Zaia di trasformare i medici di famiglia in dipendenti pubblici, definendola una lettura superficiale. Secondo Bigon, le zone carenti sono 650 e non 400, mentre la carenza totale di personale sanitario ammonta a 3.500 unit\u00e0. Chiede di rendere la professione pi\u00f9 attrattiva, equiparando le borse di studio per i medici di medicina generale a quelle universitarie e migliorando il supporto amministrativo. Infine, invita ad aprire un dialogo con Ordini e sindacati, sottolineando che la fiducia medico-paziente \u00e8 fondamentale.<\/p>\n<p>&nbsp;<\/p>\n<p>&nbsp;<\/p>\n<hr \/>\n<p>&nbsp;<\/p>\n<div class=\"markdown prose w-full break-words dark:prose-invert dark\">\n<p>&nbsp;<\/p>\n<h1>Milano Cortina 2026: ufficialmente aperto il conto alla rovescia<\/h1>\n<h3><strong><a class=\"dt-pswp-item\" href=\"https:\/\/www.radiopiu.net\/wordpress\/wp-content\/uploads\/2025\/02\/ba7236ee-08e0-4328-895d-11cf10d3b536-scaled.jpg\" data-dt-img-description=\"\" data-large_image_width=\"2560\" data-large_image_height=\"1708\"><img loading=\"lazy\" decoding=\"async\" class=\" wp-image-433440 alignleft\" src=\"https:\/\/www.radiopiu.net\/wordpress\/wp-content\/uploads\/2025\/02\/ba7236ee-08e0-4328-895d-11cf10d3b536-300x200.jpg\" alt=\"\" width=\"213\" height=\"142\" srcset=\"https:\/\/www.radiopiu.net\/wordpress\/wp-content\/uploads\/2025\/02\/ba7236ee-08e0-4328-895d-11cf10d3b536-300x200.jpg 300w, https:\/\/www.radiopiu.net\/wordpress\/wp-content\/uploads\/2025\/02\/ba7236ee-08e0-4328-895d-11cf10d3b536-1024x683.jpg 1024w, https:\/\/www.radiopiu.net\/wordpress\/wp-content\/uploads\/2025\/02\/ba7236ee-08e0-4328-895d-11cf10d3b536-768x512.jpg 768w, https:\/\/www.radiopiu.net\/wordpress\/wp-content\/uploads\/2025\/02\/ba7236ee-08e0-4328-895d-11cf10d3b536-1536x1025.jpg 1536w, https:\/\/www.radiopiu.net\/wordpress\/wp-content\/uploads\/2025\/02\/ba7236ee-08e0-4328-895d-11cf10d3b536-2048x1366.jpg 2048w\" sizes=\"auto, (max-width: 213px) 100vw, 213px\" \/><\/a> <\/strong><\/h3>\n<h3><strong>\u00a0<\/strong><strong style=\"font-size: 14px;\">MILANO<\/strong><span style=\"font-size: 14px; font-weight: normal;\"> Ieri, al Teatro Strehler di Milano, il Comitato Olimpico Internazionale (CIO) ha ufficialmente invitato i Comitati Olimpici Nazionali (NOC) a partecipare ai Giochi Olimpici Milano Cortina 2026, in programma dal 6 al 22 febbraio 2026.L\u2019evento, presentato da Mia Ceran, ha visto la partecipazione di autorit\u00e0 locali, il CONI e il Ministero dello Sport. Il presidente del CIO, Thomas Bach, ha sottolineato il valore storico delle prime Olimpiadi diffuse, con gare in luoghi iconici delle Alpi italiane.Il presidente del Veneto, Luca Zaia, ha ringraziato il CIO per aver creduto nell\u2019Italia anche per i Giochi giovanili 2028, mentre il sindaco di Cortina, Gianluca Lorenzi, ha evidenziato i lavori in corso per il rinnovamento della citt\u00e0.<\/span><\/h3>\n<p>&nbsp;<\/p>\n<blockquote>\n<h2><a class=\"dt-pswp-item\" href=\"https:\/\/www.radiopiu.net\/wordpress\/wp-content\/uploads\/2025\/02\/309fb319-4b81-4d98-8026-fb611e92b770.jpg\" data-dt-img-description=\"\" data-large_image_width=\"1600\" data-large_image_height=\"897\"><img loading=\"lazy\" decoding=\"async\" class=\" wp-image-433436 alignleft\" src=\"https:\/\/www.radiopiu.net\/wordpress\/wp-content\/uploads\/2025\/02\/309fb319-4b81-4d98-8026-fb611e92b770-300x168.jpg\" alt=\"\" width=\"246\" height=\"138\" srcset=\"https:\/\/www.radiopiu.net\/wordpress\/wp-content\/uploads\/2025\/02\/309fb319-4b81-4d98-8026-fb611e92b770-300x168.jpg 300w, https:\/\/www.radiopiu.net\/wordpress\/wp-content\/uploads\/2025\/02\/309fb319-4b81-4d98-8026-fb611e92b770-1024x574.jpg 1024w, https:\/\/www.radiopiu.net\/wordpress\/wp-content\/uploads\/2025\/02\/309fb319-4b81-4d98-8026-fb611e92b770-768x431.jpg 768w, https:\/\/www.radiopiu.net\/wordpress\/wp-content\/uploads\/2025\/02\/309fb319-4b81-4d98-8026-fb611e92b770-1536x861.jpg 1536w, https:\/\/www.radiopiu.net\/wordpress\/wp-content\/uploads\/2025\/02\/309fb319-4b81-4d98-8026-fb611e92b770.jpg 1600w\" sizes=\"auto, (max-width: 246px) 100vw, 246px\" \/><\/a><\/h2>\n<h2><\/h2>\n<h2>365 GIORNI ALLE OLIMPIADI, IERI SERA A CORTINA<\/h2>\n<\/blockquote>\n<p>CORTINA<\/p>\n<p>IL SINDACO GIANLUCA LORENZI<\/p>\n<audio class=\"wp-audio-shortcode\" id=\"audio-433243-7\" preload=\"none\" style=\"width: 100%;\" controls=\"controls\"><source type=\"audio\/mpeg\" src=\"https:\/\/www.radiopiu.net\/wordpress\/wp-content\/uploads\/2025\/02\/SINDACO-LORENZI.mp3?_=7\" \/><a href=\"https:\/\/www.radiopiu.net\/wordpress\/wp-content\/uploads\/2025\/02\/SINDACO-LORENZI.mp3\">https:\/\/www.radiopiu.net\/wordpress\/wp-content\/uploads\/2025\/02\/SINDACO-LORENZI.mp3<\/a><\/audio>\n<p>&nbsp;<\/p>\n<p>&nbsp;<\/p>\n<h1 class=\"_title post-title entry-title\"><a class=\"dt-pswp-item\" href=\"https:\/\/www.radiopiu.net\/wordpress\/wp-content\/uploads\/2023\/12\/ANTENNA.png\" data-dt-img-description=\"\" data-large_image_width=\"300\" data-large_image_height=\"166\"><img loading=\"lazy\" decoding=\"async\" class=\"size-full wp-image-366306 alignleft\" src=\"https:\/\/www.radiopiu.net\/wordpress\/wp-content\/uploads\/2023\/12\/ANTENNA.png\" alt=\"\" width=\"300\" height=\"166\" \/><\/a>CORTINA D\u2019AMPEZZO | MENO UN ANNO ALLE OLIMPIADI, INIZIA IL CONTO ALLA ROVESCIA<\/h1>\n<\/div>\n<p>06\/02\/2025 CORTINA D\u2019AMPEZZO \u2013 Meno 365 giorni alle Olimpiadi invernali 2026: stamattina la cerimonia ufficiale a Milano, stasera festa in piazza a Cortina per dare il via al conto alla rovescia. L\u2019 hanno seguita per noi Tiziana Bolognani e Simone Merlo (Servizio di\u00a0<a href=\"https:\/\/antennatre.medianordest.it\/redazione\/Tiziana-Bolognani\/\">Tiziana Bolognani<\/a>)<\/p>\n<p><iframe loading=\"lazy\" title=\"MENO UN ANNO ALLE OLIMPIADI, INIZIA IL CONTO ALLA ROVESCIA  | 06\/02\/2025\" width=\"1200\" height=\"675\" src=\"https:\/\/www.youtube.com\/embed\/Tond3aglnZs?feature=oembed\" frameborder=\"0\" allow=\"accelerometer; autoplay; clipboard-write; encrypted-media; gyroscope; picture-in-picture; web-share\" referrerpolicy=\"strict-origin-when-cross-origin\" allowfullscreen><\/iframe><\/p>\n<p>&nbsp;<\/p>\n<p>&nbsp;<\/p>\n<hr \/>\n<p>&nbsp;<\/p>\n<blockquote>\n<h3>AUMENTANO I COSTI DELL\u2019ENERGIA PER IL TURISMO<\/h3>\n<\/blockquote>\n<p><strong><a class=\"dt-pswp-item\" href=\"https:\/\/www.radiopiu.net\/wordpress\/wp-content\/uploads\/2021\/03\/THINK-THANK-NORD-EST.png\" data-dt-img-description=\"\" data-large_image_width=\"340\" data-large_image_height=\"292\"><img loading=\"lazy\" decoding=\"async\" class=\" wp-image-197788 alignleft\" src=\"https:\/\/www.radiopiu.net\/wordpress\/wp-content\/uploads\/2021\/03\/THINK-THANK-NORD-EST-300x258.png\" alt=\"\" width=\"179\" height=\"154\" srcset=\"https:\/\/www.radiopiu.net\/wordpress\/wp-content\/uploads\/2021\/03\/THINK-THANK-NORD-EST-300x258.png 300w, https:\/\/www.radiopiu.net\/wordpress\/wp-content\/uploads\/2021\/03\/THINK-THANK-NORD-EST.png 340w\" sizes=\"auto, (max-width: 179px) 100vw, 179px\" \/><\/a>VENEZIA<\/strong> I prezzi dell\u2019energia continuano a salire nel 2025, con il gas aumentato del 60% e l\u2019energia elettrica del 44% rispetto all\u2019anno precedente. Questo rincaro preoccupa il settore turistico veneto, che rischia bollette pi\u00f9 alte di 70 milioni di euro nel 2025. Nel 2024, i costi energetici per le imprese venete erano gi\u00e0 del 46% superiori rispetto al 2019. L\u2019Italia continua a pagare l\u2019energia pi\u00f9 cara rispetto ad altri Paesi europei: nel 2024, la Francia ha avuto prezzi inferiori del 47%, la Spagna del 42% e la Germania del 28%. Se le imprese venete avessero avuto i costi spagnoli, avrebbero risparmiato 500 milioni tra il 2021 e il 2024. Il riscaldamento globale aggrava la domanda estiva di energia, mettendo sotto pressione la rete elettrica. Antonio Ferrarelli della Fondazione Think Tank Nord Est sottolinea la necessit\u00e0 di investire nelle rinnovabili, migliorare la rete e creare comunit\u00e0 energetiche. Serve una strategia locale per sostenere il turismo e garantire la sostenibilit\u00e0 del territorio.<\/p>\n<p>&nbsp;<\/p>\n<p>&nbsp;<\/p>\n<hr \/>\n<p>&nbsp;<\/p>\n<blockquote>\n<h3>CONSOLIDAMENTO DELLE FRANE DI BORGO PRA E VIA SAN FRANCESCO A BELLUNO<\/h3>\n<\/blockquote>\n<p><strong>BELLUNO<\/strong> \u00c8 iniziato il cantiere per la messa in sicurezza della frana di Borgo Pr\u00e0, con conclusione prevista entro febbraio, seguita da un intervento analogo in via San Francesco. Il progetto, finanziato con 380 mila euro di fondi PNRR, risolver\u00e0 un problema aggravato dalle piogge. Il sindaco Oscar De Pellegrin sottolinea l\u2019importanza di ottenere risorse per opere utili. L\u2019assessore Franco Roccon spiega che il finanziamento ha liberato fondi provinciali per altri interventi, come la ciclopedonale di via Meassa. I lavori prevedono la rimozione del materiale instabile e la posa di reti di contenimento.<\/p>\n<p><strong>LE FOTO<\/strong><\/p>\n\n\t\t\t<style type='text\/css'>\n\t\t\t\t#gallery-2 {\n\t\t\t\t\tmargin: auto;\n\t\t\t\t}\n\t\t\t\t#gallery-2 .gallery-item {\n\t\t\t\t\tfloat: left;\n\t\t\t\t\tmargin-top: 10px;\n\t\t\t\t\ttext-align: center;\n\t\t\t\t\twidth: 20%;\n\t\t\t\t}\n\t\t\t\t#gallery-2 img {\n\t\t\t\t\tborder: 2px solid #cfcfcf;\n\t\t\t\t}\n\t\t\t\t#gallery-2 .gallery-caption {\n\t\t\t\t\tmargin-left: 0;\n\t\t\t\t}\n\t\t\t\t\/* see gallery_shortcode() in wp-includes\/media.php *\/\n\t\t\t<\/style>\n\t\t<div id='gallery-2' class='dt-gallery-container gallery galleryid-433243 gallery-columns-5 gallery-size-thumbnail'><dl class='gallery-item'>\n\t\t\t\t<dt class='gallery-icon landscape'>\n\t\t\t\t\t<a class=\"rollover rollover-zoom dt-pswp-item\" title=\"image00001 (2)\" data-dt-img-description=\"\" data-large_image_width=\"2560\" data-large_image_height=\"1920\"href='https:\/\/www.radiopiu.net\/wordpress\/wp-content\/uploads\/2025\/02\/image00001-2-scaled.jpeg'><img loading=\"lazy\" decoding=\"async\" width=\"150\" height=\"150\" src=\"https:\/\/www.radiopiu.net\/wordpress\/wp-content\/uploads\/2025\/02\/image00001-2-150x150.jpeg\" class=\"attachment-thumbnail size-thumbnail\" alt=\"\" \/><\/a>\n\t\t\t\t<\/dt><\/dl><dl class='gallery-item'>\n\t\t\t\t<dt class='gallery-icon landscape'>\n\t\t\t\t\t<a class=\"rollover rollover-zoom dt-pswp-item\" title=\"image01\" data-dt-img-description=\"\" data-large_image_width=\"2560\" data-large_image_height=\"1920\"href='https:\/\/www.radiopiu.net\/wordpress\/wp-content\/uploads\/2025\/02\/image01-scaled.jpeg'><img loading=\"lazy\" decoding=\"async\" width=\"150\" height=\"150\" src=\"https:\/\/www.radiopiu.net\/wordpress\/wp-content\/uploads\/2025\/02\/image01-150x150.jpeg\" class=\"attachment-thumbnail size-thumbnail\" alt=\"\" \/><\/a>\n\t\t\t\t<\/dt><\/dl><dl class='gallery-item'>\n\t\t\t\t<dt class='gallery-icon landscape'>\n\t\t\t\t\t<a class=\"rollover rollover-zoom dt-pswp-item\" title=\"image00002\" data-dt-img-description=\"\" data-large_image_width=\"2560\" data-large_image_height=\"1920\"href='https:\/\/www.radiopiu.net\/wordpress\/wp-content\/uploads\/2025\/02\/image00002-scaled.jpeg'><img loading=\"lazy\" decoding=\"async\" width=\"150\" height=\"150\" src=\"https:\/\/www.radiopiu.net\/wordpress\/wp-content\/uploads\/2025\/02\/image00002-150x150.jpeg\" class=\"attachment-thumbnail size-thumbnail\" alt=\"\" \/><\/a>\n\t\t\t\t<\/dt><\/dl><dl class='gallery-item'>\n\t\t\t\t<dt class='gallery-icon landscape'>\n\t\t\t\t\t<a class=\"rollover rollover-zoom dt-pswp-item\" title=\"image00003\" data-dt-img-description=\"\" data-large_image_width=\"2560\" data-large_image_height=\"1920\"href='https:\/\/www.radiopiu.net\/wordpress\/wp-content\/uploads\/2025\/02\/image00003-scaled.jpeg'><img loading=\"lazy\" decoding=\"async\" width=\"150\" height=\"150\" src=\"https:\/\/www.radiopiu.net\/wordpress\/wp-content\/uploads\/2025\/02\/image00003-150x150.jpeg\" class=\"attachment-thumbnail size-thumbnail\" alt=\"\" \/><\/a>\n\t\t\t\t<\/dt><\/dl><dl class='gallery-item'>\n\t\t\t\t<dt class='gallery-icon landscape'>\n\t\t\t\t\t<a class=\"rollover rollover-zoom dt-pswp-item\" title=\"image00004\" data-dt-img-description=\"\" data-large_image_width=\"2560\" data-large_image_height=\"1920\"href='https:\/\/www.radiopiu.net\/wordpress\/wp-content\/uploads\/2025\/02\/image00004-scaled.jpeg'><img loading=\"lazy\" decoding=\"async\" width=\"150\" height=\"150\" src=\"https:\/\/www.radiopiu.net\/wordpress\/wp-content\/uploads\/2025\/02\/image00004-150x150.jpeg\" class=\"attachment-thumbnail size-thumbnail\" alt=\"\" \/><\/a>\n\t\t\t\t<\/dt><\/dl><br style=\"clear: both\" \/>\n\t\t\t<\/div>\n\n<p>&nbsp;<\/p>\n<p><strong>IL VIDEO<\/strong><\/p>\n<div style=\"width: 1200px;\" class=\"wp-video\"><video class=\"wp-video-shortcode\" id=\"video-433243-2\" width=\"1200\" height=\"675\" preload=\"metadata\" controls=\"controls\"><source type=\"video\/mp4\" src=\"https:\/\/www.radiopiu.net\/wordpress\/wp-content\/uploads\/2025\/02\/FRANE-BORGO-PRA.mp4?_=2\" \/><a href=\"https:\/\/www.radiopiu.net\/wordpress\/wp-content\/uploads\/2025\/02\/FRANE-BORGO-PRA.mp4\">https:\/\/www.radiopiu.net\/wordpress\/wp-content\/uploads\/2025\/02\/FRANE-BORGO-PRA.mp4<\/a><\/video><\/div>\n<p>&nbsp;<\/p>\n<hr \/>\n<p>&nbsp;<\/p>\n<blockquote>\n<h3>MARCO NICOLUSSI IL NUOVO PRIMARIO DEL REPARTO DISABILITA&#8217; E NON AUTOSUFFICIENZA A FELTRE<\/h3>\n<\/blockquote>\n<p><strong>FELTRE<\/strong> Nuovo tassello nella direzione dei reparti dell&#8217;ospedale di Feltre: gi\u00e0 in attivit\u00e0 Marco Nicolussi, nuovo primario del reparto di Disabilit\u00e0 e non autosufficienza, incarico vacante da oltre due anni.<\/p>\n<p><strong>DI DANIELE DALVIT<\/strong><\/p>\n<audio class=\"wp-audio-shortcode\" id=\"audio-433243-8\" preload=\"none\" style=\"width: 100%;\" controls=\"controls\"><source type=\"audio\/mpeg\" src=\"https:\/\/www.radiopiu.net\/wordpress\/wp-content\/uploads\/2025\/02\/Servizio-Nuovo-primario-disabilita-Feltre.mp3?_=8\" \/><a href=\"https:\/\/www.radiopiu.net\/wordpress\/wp-content\/uploads\/2025\/02\/Servizio-Nuovo-primario-disabilita-Feltre.mp3\">https:\/\/www.radiopiu.net\/wordpress\/wp-content\/uploads\/2025\/02\/Servizio-Nuovo-primario-disabilita-Feltre.mp3<\/a><\/audio>\n<p>&nbsp;<\/p>\n\n\t\t\t<style type='text\/css'>\n\t\t\t\t#gallery-3 {\n\t\t\t\t\tmargin: auto;\n\t\t\t\t}\n\t\t\t\t#gallery-3 .gallery-item {\n\t\t\t\t\tfloat: left;\n\t\t\t\t\tmargin-top: 10px;\n\t\t\t\t\ttext-align: center;\n\t\t\t\t\twidth: 50%;\n\t\t\t\t}\n\t\t\t\t#gallery-3 img {\n\t\t\t\t\tborder: 2px solid #cfcfcf;\n\t\t\t\t}\n\t\t\t\t#gallery-3 .gallery-caption {\n\t\t\t\t\tmargin-left: 0;\n\t\t\t\t}\n\t\t\t\t\/* see gallery_shortcode() in wp-includes\/media.php *\/\n\t\t\t<\/style>\n\t\t<div id='gallery-3' class='dt-gallery-container gallery galleryid-433243 gallery-columns-2 gallery-size-medium'><dl class='gallery-item'>\n\t\t\t\t<dt class='gallery-icon landscape'>\n\t\t\t\t\t<a class=\"rollover rollover-zoom dt-pswp-item\" title=\"36cde6ed-c222-4823-8868-ce72f2130058\" data-dt-img-description=\"\" data-large_image_width=\"2560\" data-large_image_height=\"1920\"href='https:\/\/www.radiopiu.net\/wordpress\/wp-content\/uploads\/2025\/02\/36cde6ed-c222-4823-8868-ce72f2130058-scaled.jpg'><img loading=\"lazy\" decoding=\"async\" width=\"300\" height=\"225\" src=\"https:\/\/www.radiopiu.net\/wordpress\/wp-content\/uploads\/2025\/02\/36cde6ed-c222-4823-8868-ce72f2130058-300x225.jpg\" class=\"attachment-medium size-medium\" alt=\"\" srcset=\"https:\/\/www.radiopiu.net\/wordpress\/wp-content\/uploads\/2025\/02\/36cde6ed-c222-4823-8868-ce72f2130058-300x225.jpg 300w, https:\/\/www.radiopiu.net\/wordpress\/wp-content\/uploads\/2025\/02\/36cde6ed-c222-4823-8868-ce72f2130058-1024x768.jpg 1024w, https:\/\/www.radiopiu.net\/wordpress\/wp-content\/uploads\/2025\/02\/36cde6ed-c222-4823-8868-ce72f2130058-768x576.jpg 768w, https:\/\/www.radiopiu.net\/wordpress\/wp-content\/uploads\/2025\/02\/36cde6ed-c222-4823-8868-ce72f2130058-1536x1152.jpg 1536w, https:\/\/www.radiopiu.net\/wordpress\/wp-content\/uploads\/2025\/02\/36cde6ed-c222-4823-8868-ce72f2130058-2048x1536.jpg 2048w\" sizes=\"auto, (max-width: 300px) 100vw, 300px\" \/><\/a>\n\t\t\t\t<\/dt><\/dl><dl class='gallery-item'>\n\t\t\t\t<dt class='gallery-icon landscape'>\n\t\t\t\t\t<a class=\"rollover rollover-zoom dt-pswp-item\" title=\"af556b87-f409-4cec-898d-d26bb02918f0\" data-dt-img-description=\"\" data-large_image_width=\"2560\" data-large_image_height=\"1920\"href='https:\/\/www.radiopiu.net\/wordpress\/wp-content\/uploads\/2025\/02\/af556b87-f409-4cec-898d-d26bb02918f0-scaled.jpg'><img loading=\"lazy\" decoding=\"async\" width=\"300\" height=\"225\" src=\"https:\/\/www.radiopiu.net\/wordpress\/wp-content\/uploads\/2025\/02\/af556b87-f409-4cec-898d-d26bb02918f0-300x225.jpg\" class=\"attachment-medium size-medium\" alt=\"\" srcset=\"https:\/\/www.radiopiu.net\/wordpress\/wp-content\/uploads\/2025\/02\/af556b87-f409-4cec-898d-d26bb02918f0-300x225.jpg 300w, https:\/\/www.radiopiu.net\/wordpress\/wp-content\/uploads\/2025\/02\/af556b87-f409-4cec-898d-d26bb02918f0-1024x768.jpg 1024w, https:\/\/www.radiopiu.net\/wordpress\/wp-content\/uploads\/2025\/02\/af556b87-f409-4cec-898d-d26bb02918f0-768x576.jpg 768w, https:\/\/www.radiopiu.net\/wordpress\/wp-content\/uploads\/2025\/02\/af556b87-f409-4cec-898d-d26bb02918f0-1536x1152.jpg 1536w, https:\/\/www.radiopiu.net\/wordpress\/wp-content\/uploads\/2025\/02\/af556b87-f409-4cec-898d-d26bb02918f0-2048x1536.jpg 2048w\" sizes=\"auto, (max-width: 300px) 100vw, 300px\" \/><\/a>\n\t\t\t\t<\/dt><\/dl><br style=\"clear: both\" \/>\n\t\t\t<\/div>\n\n<p>&nbsp;<\/p>\n<p>&nbsp;<\/p>\n<hr \/>\n<p>&nbsp;<\/p>\n<blockquote>\n<h3><strong><a class=\"dt-pswp-item\" href=\"https:\/\/www.radiopiu.net\/wordpress\/wp-content\/uploads\/2018\/09\/corsi-oss-operatore-socio-sanitario.jpg\" data-dt-img-description=\"\" data-large_image_width=\"780\" data-large_image_height=\"324\"><img loading=\"lazy\" decoding=\"async\" class=\"size-medium wp-image-60812 alignleft\" src=\"https:\/\/www.radiopiu.net\/wordpress\/wp-content\/uploads\/2018\/09\/corsi-oss-operatore-socio-sanitario-300x125.jpg\" alt=\"\" width=\"300\" height=\"125\" srcset=\"https:\/\/www.radiopiu.net\/wordpress\/wp-content\/uploads\/2018\/09\/corsi-oss-operatore-socio-sanitario-300x125.jpg 300w, https:\/\/www.radiopiu.net\/wordpress\/wp-content\/uploads\/2018\/09\/corsi-oss-operatore-socio-sanitario-768x319.jpg 768w, https:\/\/www.radiopiu.net\/wordpress\/wp-content\/uploads\/2018\/09\/corsi-oss-operatore-socio-sanitario.jpg 780w\" sizes=\"auto, (max-width: 300px) 100vw, 300px\" \/><\/a>Belluno: servono pi\u00f9 operatori socio-sanitari, la Provincia chiede aiuto alla Regione<\/strong><\/h3>\n<\/blockquote>\n<p><strong>BELLUNO <\/strong>La Provincia di Belluno lavora per formare pi\u00f9 operatori socio-sanitari (Oss), dato che il fabbisogno attuale \u00e8 di 400 professionisti, ma nei prossimi tre anni si prevede di formarne solo 90. La consigliera provinciale Donatella De Pellegrin punta a ridurre i costi di formazione, rendendoli gratuiti.Per questo, \u00e8 stata inviata una richiesta di fondi regionali al presidente Zaia. Con l\u2019invecchiamento della popolazione \u2013 nel 2043 gli over 70 saranno il 28% \u2013 la necessit\u00e0 di assistenza sanitaria crescer\u00e0. Si valuta anche il coinvolgimento di lavoratori immigrati, ma servono sinergie territoriali per garantire una risposta efficace.<\/p>\n<div class=\"flex max-w-full flex-col flex-grow\">\n<div class=\"min-h-8 text-message flex w-full flex-col items-end gap-2 whitespace-normal break-words text-start [.text-message+&amp;]:mt-5\" dir=\"auto\" data-message-author-role=\"assistant\" data-message-id=\"09191727-7ab9-4367-8e52-64ac2c84deb4\" data-message-model-slug=\"gpt-4o\">\n<div class=\"flex w-full flex-col gap-1 empty:hidden first:pt-[3px]\">\n<div class=\"markdown prose w-full break-words dark:prose-invert dark\">\n<p>&nbsp;<\/p>\n<hr \/>\n<p>&nbsp;<\/p>\n<\/div>\n<p>&nbsp;<\/p>\n<hr \/>\n<blockquote>\n<h2><\/h2>\n<h2>AIUTI ALLE FAMIGLIE PER IL CONTENIMENTO DELLA SPESA<\/h2>\n<\/blockquote>\n<p><strong><a class=\"dt-pswp-item\" href=\"https:\/\/www.radiopiu.net\/wordpress\/wp-content\/uploads\/2021\/06\/244f56bc-9696-40f1-b3e8-f2f5b3cf36c3.jpg\" data-dt-img-description=\"\" data-large_image_width=\"768\" data-large_image_height=\"1024\"><img loading=\"lazy\" decoding=\"async\" class=\"wp-image-215002 alignleft\" src=\"https:\/\/www.radiopiu.net\/wordpress\/wp-content\/uploads\/2021\/06\/244f56bc-9696-40f1-b3e8-f2f5b3cf36c3-225x300.jpg\" alt=\"\" width=\"116\" height=\"155\" srcset=\"https:\/\/www.radiopiu.net\/wordpress\/wp-content\/uploads\/2021\/06\/244f56bc-9696-40f1-b3e8-f2f5b3cf36c3-225x300.jpg 225w, https:\/\/www.radiopiu.net\/wordpress\/wp-content\/uploads\/2021\/06\/244f56bc-9696-40f1-b3e8-f2f5b3cf36c3.jpg 768w\" sizes=\"auto, (max-width: 116px) 100vw, 116px\" \/><\/a>ROCCA PIETORE<\/strong><\/p>\n<p>l&#8217;Amministrazione comunale ha istituito per l&#8217;anno scolastico 2024-2025 un contributo economico in favore delle famiglie per il contenimento della spesa legata al trasporto scolastico e ai costi per l&#8217;alloggio degli studenti residenti nel\u00a0 comune e frequentanti le scuole secondarie di secondo grado. Maggiori informazioni, scadenze e modalit\u00e0 delle domande sul sito istituzionale del Comune.<\/p>\n<p>&nbsp;<\/p>\n<p>&nbsp;<\/p>\n<p>&nbsp;<\/p>\n<hr \/>\n<p>&nbsp;<\/p>\n<blockquote>\n<h3>BORSE DI STUDIO PER STUDENTI DI INFERMIERISTICA DELL&#8217;AGORDINO<\/h3>\n<\/blockquote>\n<p><strong><a class=\"dt-pswp-item\" href=\"https:\/\/www.radiopiu.net\/wordpress\/wp-content\/uploads\/2021\/11\/INFERMIERE-OSS.png\" data-dt-img-description=\"\" data-large_image_width=\"1784\" data-large_image_height=\"1068\"><img loading=\"lazy\" decoding=\"async\" class=\" wp-image-242263 alignleft\" src=\"https:\/\/www.radiopiu.net\/wordpress\/wp-content\/uploads\/2021\/11\/INFERMIERE-OSS-300x180.png\" alt=\"\" width=\"205\" height=\"123\" srcset=\"https:\/\/www.radiopiu.net\/wordpress\/wp-content\/uploads\/2021\/11\/INFERMIERE-OSS-300x180.png 300w, https:\/\/www.radiopiu.net\/wordpress\/wp-content\/uploads\/2021\/11\/INFERMIERE-OSS-1024x613.png 1024w, https:\/\/www.radiopiu.net\/wordpress\/wp-content\/uploads\/2021\/11\/INFERMIERE-OSS-768x460.png 768w, https:\/\/www.radiopiu.net\/wordpress\/wp-content\/uploads\/2021\/11\/INFERMIERE-OSS-1536x920.png 1536w, https:\/\/www.radiopiu.net\/wordpress\/wp-content\/uploads\/2021\/11\/INFERMIERE-OSS.png 1784w\" sizes=\"auto, (max-width: 205px) 100vw, 205px\" \/><\/a>AGORDO <\/strong>L\u2019Unione Montana Agordina ha istituito aiuti economici per gli studenti residenti nell\u2019Agordino iscritti al Corso di Laurea in Infermieristica nell\u2019anno accademico 2024-2025. Sono previste: Tre borse di studio da 775\u20ac per studenti del primo anno (assegnate in base al voto di maturit\u00e0). Tre premi di incentivazione da 260\u20ac per studenti del secondo o terzo anno (assegnati in base ai voti universitari). I requisiti principali includono la residenza nell\u2019Agordino, un\u2019et\u00e0 massima di 25 anni e il non aver gi\u00e0 ricevuto altri aiuti economici locali. Le domande devono essere inviate entro il 31 marzo 2025 tramite posta, PEC o consegna diretta. Le graduatorie saranno pubblicate sul sito ufficiale dell\u2019Unione Montana Agordina. Per maggiori informazioni, visitare <strong><a href=\"http:\/\/www.agordino.bl.it\/\" target=\"_new\" rel=\"noopener\">www.agordino.bl.it<\/a><\/strong>.<\/p>\n<p>&nbsp;<\/p>\n<p>&nbsp;<\/p>\n<\/div>\n<\/div>\n<\/div>\n<hr \/>\n<p>&nbsp;<\/p>\n<blockquote>\n<h3>GAL PREALPI E DOLOMITI: UN GRANDE SUCCESSO PER I BANDI DEDICATI AL POTENZIAMENTO DEI SERVIZI DI BASE NEL TERRITORIO<\/h3>\n<\/blockquote>\n<p><strong><a class=\"dt-pswp-item\" href=\"https:\/\/www.radiopiu.net\/wordpress\/wp-content\/uploads\/2024\/09\/GAL_logo.png\" data-dt-img-description=\"\" data-large_image_width=\"286\" data-large_image_height=\"88\"><img loading=\"lazy\" decoding=\"async\" class=\" wp-image-408811 alignleft\" src=\"https:\/\/www.radiopiu.net\/wordpress\/wp-content\/uploads\/2024\/09\/GAL_logo.png\" alt=\"\" width=\"211\" height=\"65\" \/><\/a>BORGO VALBELLUNA<\/strong> Il GAL Prealpi e Dolomiti ha concluso con successo la valutazione delle domande per due bandi del 2024, finalizzati al potenziamento dei servizi di base nel territorio. L\u2019iniziativa ha registrato un\u2019ampia partecipazione di Enti Pubblici, Fondazioni e Associazioni senza scopo di lucro, evidenziando l\u2019importanza strategica degli interventi. I bandi, parte del Piano Strategico Nazionale PAC 2023-2027 per il Veneto, mirano a migliorare servizi per famiglie, giovani e comunit\u00e0. Per supportare la partecipazione, il GAL ha organizzato incontri formativi e fornito assistenza tecnica, portando alla presentazione di 37 domande per oltre 3 milioni di euro. Data la qualit\u00e0 e quantit\u00e0 delle richieste, la dotazione finanziaria \u00e8 stata aumentata di 500.000 \u20ac, raggiungendo circa 2,9 milioni di euro, permettendo il finanziamento di 27 progetti. I fondi sono stati destinati a quattro categorie principali: servizi alla persona (asili nido, mense), strutture sociali (housing, centri multiservizi), spazi culturali e ricreativi (Casa della Musica, Fablab) e progetti per incentivare la residenzialit\u00e0. Oltre il 50% delle iniziative riguarda minori e giovani. La presidente Milena De Zanet ha sottolineato il bisogno del territorio di rafforzare i servizi essenziali e il ruolo cruciale del GAL nel finanziare pi\u00f9 progetti grazie alla collaborazione con la Regione Veneto e AVEPA. Il direttore Matteo Aguanno ha evidenziato l\u2019importanza del coinvolgimento degli enti locali per il successo della strategia di sviluppo. Ora l\u2019attenzione si sposta sulla realizzazione degli interventi per garantire benefici concreti e duraturi alle comunit\u00e0.<\/p>\n<p>&nbsp;<\/p>\n<p>&nbsp;<\/p>\n<hr \/>\n<p>&nbsp;<\/p>\n<blockquote>\n<h3><strong>GenerAZIONE2026: un anno ai Giochi Olimpici e Paralimpici Milano Cortina 2026<\/strong><\/h3>\n<\/blockquote>\n<p><strong><a class=\"dt-pswp-item\" href=\"https:\/\/www.radiopiu.net\/wordpress\/wp-content\/uploads\/2021\/10\/th-16.jpg\" data-dt-img-description=\"\" data-large_image_width=\"251\" data-large_image_height=\"184\"><img loading=\"lazy\" decoding=\"async\" class=\" wp-image-237607 alignleft\" src=\"https:\/\/www.radiopiu.net\/wordpress\/wp-content\/uploads\/2021\/10\/th-16.jpg\" alt=\"\" width=\"216\" height=\"158\" \/><\/a>TREVISO_BELLUNO <\/strong>Ieri, esattamente un anno dal via dei Giochi Olimpici e Paralimpici Milano Cortina 2026 e quattro anni di percorso con GenerAZIONE2026, un progetto che ha coinvolto oltre 42.000 studenti. <em>&#8220;Grazie alla collaborazione tra la Regione del Veneto, la Camera di Commercio di Treviso \u2013 Belluno|Dolomiti, la Camera di Commercio di Verona, l\u2019Ufficio Scolastico Regionale del Veneto e la FICTS &#8211; dice il Presidente Mario Pozza &#8211; \u00a0il progetto ha promosso i valori olimpici e paralimpici attraverso cinema, sport e formazione. Questo cammino ha unito sport, impresa e territorio, creando un legame solido tra le nuove generazioni e lo spirito olimpico. Con un anno ancora davanti, l\u2019impegno continua per costruire un\u2019eredit\u00e0 che durer\u00e0 ben oltre i Giochi del 2026&#8221;.<\/em><\/p>\n<p>&nbsp;<\/p>\n<hr \/>\n<p>&nbsp;<\/p>\n<blockquote>\n<h3><strong><a class=\"dt-pswp-item\" href=\"https:\/\/www.radiopiu.net\/wordpress\/wp-content\/uploads\/2024\/08\/Lorraine_Berton-COPERTINA.jpg\" data-dt-img-description=\"\" data-large_image_width=\"767\" data-large_image_height=\"573\"><img loading=\"lazy\" decoding=\"async\" class=\"wp-image-405420 alignleft\" src=\"https:\/\/www.radiopiu.net\/wordpress\/wp-content\/uploads\/2024\/08\/Lorraine_Berton-COPERTINA-300x224.jpg\" alt=\"\" width=\"221\" height=\"165\" srcset=\"https:\/\/www.radiopiu.net\/wordpress\/wp-content\/uploads\/2024\/08\/Lorraine_Berton-COPERTINA-300x224.jpg 300w, https:\/\/www.radiopiu.net\/wordpress\/wp-content\/uploads\/2024\/08\/Lorraine_Berton-COPERTINA.jpg 767w\" sizes=\"auto, (max-width: 221px) 100vw, 221px\" \/><\/a>Iniziato il conto alla rovescia per le Olimpiadi di Milano Cortina 2026<\/strong><\/h3>\n<\/blockquote>\n<p><strong>BELLUNO<\/strong> La presidente di Confindustria Belluno Dolomiti, Lorraine Berton, sottolinea l\u2019importanza di una mobilitazione permanente, coinvolgendo i giovani e le scuole. Milano-Cortina rappresenta un\u2019occasione strategica non solo per sport e turismo, ma anche per la manifattura italiana. L\u2019esempio \u00e8 Mido, la principale fiera dell\u2019occhialeria, che rafforza la sinergia tra Milano e il Distretto veneto dell\u2019occhiale. I Giochi Olimpici favoriranno investimenti, infrastrutture e nuove opportunit\u00e0, consolidando il legame tra aree urbane e montane nel cuore economico d\u2019Europa.<\/p>\n<p>&nbsp;<\/p>\n<p>&nbsp;<\/p>\n<hr \/>\n<p>&nbsp;<\/p>\n<blockquote>\n<h3><strong><a class=\"dt-pswp-item\" href=\"https:\/\/www.radiopiu.net\/wordpress\/wp-content\/uploads\/2023\/12\/Roberto-Toigo.jpeg\" data-dt-img-description=\"\" data-large_image_width=\"640\" data-large_image_height=\"640\"><img loading=\"lazy\" decoding=\"async\" class=\"wp-image-364090 alignleft\" src=\"https:\/\/www.radiopiu.net\/wordpress\/wp-content\/uploads\/2023\/12\/Roberto-Toigo-300x300.jpeg\" alt=\"\" width=\"152\" height=\"152\" srcset=\"https:\/\/www.radiopiu.net\/wordpress\/wp-content\/uploads\/2023\/12\/Roberto-Toigo-300x300.jpeg 300w, https:\/\/www.radiopiu.net\/wordpress\/wp-content\/uploads\/2023\/12\/Roberto-Toigo-150x150.jpeg 150w, https:\/\/www.radiopiu.net\/wordpress\/wp-content\/uploads\/2023\/12\/Roberto-Toigo.jpeg 640w\" sizes=\"auto, (max-width: 152px) 100vw, 152px\" \/><\/a>Uil Veneto contro bullismo e cyberbullismo: un impegno concreto<\/strong><\/h3>\n<\/blockquote>\n<p><strong>BELLUNO<\/strong> In occasione della Giornata nazionale contro il Bullismo e il Cyberbullismo del 7 febbraio, Uil Veneto annuncia un primo evento dedicato al tema. Secondo un sondaggio, il 21,5% dei giovani veneti lo considera il problema principale. Il segretario Roberto Toigo (foto) denuncia la crescita del fenomeno e la difficolt\u00e0 dei ragazzi nel denunciarlo. Uil Veneto si impegna ad affrontare la questione con azioni concrete, coinvolgendo istituzioni e comunit\u00e0 per promuovere solidariet\u00e0 e supporto tra i giovani.<\/p>\n<p>&nbsp;<\/p>\n<p>&nbsp;<\/p>\n<hr \/>\n<p>&nbsp;<\/p>\n<blockquote>\n<h3><strong><a class=\"dt-pswp-item\" href=\"https:\/\/www.radiopiu.net\/wordpress\/wp-content\/uploads\/2025\/02\/Progetto-senza-titolo_20250205_180428_0000.png\" data-dt-img-description=\"\" data-large_image_width=\"1080\" data-large_image_height=\"1350\"><img loading=\"lazy\" decoding=\"async\" class=\"wp-image-433350 alignleft\" src=\"https:\/\/www.radiopiu.net\/wordpress\/wp-content\/uploads\/2025\/02\/Progetto-senza-titolo_20250205_180428_0000-240x300.png\" alt=\"\" width=\"134\" height=\"168\" srcset=\"https:\/\/www.radiopiu.net\/wordpress\/wp-content\/uploads\/2025\/02\/Progetto-senza-titolo_20250205_180428_0000-240x300.png 240w, https:\/\/www.radiopiu.net\/wordpress\/wp-content\/uploads\/2025\/02\/Progetto-senza-titolo_20250205_180428_0000-819x1024.png 819w, https:\/\/www.radiopiu.net\/wordpress\/wp-content\/uploads\/2025\/02\/Progetto-senza-titolo_20250205_180428_0000-768x960.png 768w, https:\/\/www.radiopiu.net\/wordpress\/wp-content\/uploads\/2025\/02\/Progetto-senza-titolo_20250205_180428_0000.png 1080w\" sizes=\"auto, (max-width: 134px) 100vw, 134px\" \/><\/a>Belluno: raccolta firme per il parco polifunzionale in Piazza dei Martiri<\/strong><\/h3>\n<\/blockquote>\n<p><strong>BELLUNO <\/strong>Sabato 8 febbraio, dalle 9:00 alle 13:00, in Piazza dei Martiri a Belluno, i cittadini potranno firmare la petizione per la costruzione di un parco polifunzionale, con skatepark, spazi per climbing, pista per pattini a rotelle e un\u2019area di aggregazione giovanile. L\u2019iniziativa mira a creare un luogo dedicato a sport, cultura e socializzazione, valorizzando spazi urbani inutilizzati. Il gruppo GEL e gli altri promotori invitano la cittadinanza a partecipare, affinch\u00e9 il Comune di Belluno prenda in considerazione il progetto. Un\u2019opportunit\u00e0 per investire nel futuro dei giovani, offrendo loro infrastrutture moderne e sicure.<\/p>\n<p>&nbsp;<\/p>\n<hr \/>\n<p>&nbsp;<\/p>\n<blockquote>\n<h2>AGORDINI CHE SI FANNO ONORE, GIORGIO DI EDIGIO<\/h2>\n<\/blockquote>\n<p><strong>Stampato in 3D a Taibon&#8230; Montato ed esposto alla skyupacademy di Montebelluna. <\/strong><a class=\"x1i10hfl xjbqb8w x1ejq31n xd10rxx x1sy0etr x17r0tee x972fbf xcfux6l x1qhh985 xm0m39n x9f619 x1ypdohk xt0psk2 xe8uvvx xdj266r x11i5rnm xat24cr x1mh8g0r xexx8yu x4uap5 x18d9i69 xkhd6sd x16tdsg8 x1hl2dhg xggy1nq x1a2a7pz x1sur9pj xkrqix3 xzsf02u x1s688f\" tabindex=\"0\" role=\"link\" href=\"https:\/\/www.facebook.com\/GiDiO?__cft__[0]=AZULfb0sPc55ezgN5UPR4QkHjCWo9pMAIGBDhy_gz_9zmxh4lKWGyReS98zvPDDQooNRevBdwumPfS_GCoNF86zjEpo3c1p8xfFLgaTDi2OcqVQhKtQfeMXKGoJcfrGTQkzbLoEcI49o0OkvS__zStaqiQ3Fo_aYdI-z7ZHrrCTxRQ&amp;__tn__=-UC%2CP-R\" aria-describedby=\":r54b:\"><strong class=\"html-strong xdj266r x11i5rnm xat24cr x1mh8g0r xexx8yu x4uap5 x18d9i69 xkhd6sd x1hl2dhg x16tdsg8 x1vvkbs x1s688f\"><span class=\"html-span xdj266r x11i5rnm xat24cr x1mh8g0r xexx8yu x4uap5 x18d9i69 xkhd6sd x1hl2dhg x16tdsg8 x1vvkbs\">Giorgio Gidio Di Egidio<\/span><\/strong><\/a>: <span class=\"html-span xdj266r x11i5rnm xat24cr x1mh8g0r xexx8yu x4uap5 x18d9i69 xkhd6sd x1hl2dhg x16tdsg8 x1vvkbs\"><span aria-hidden=\"true\">\u00a0 &#8220;<\/span><\/span><em><span class=\"html-span xdj266r x11i5rnm xat24cr x1mh8g0r xexx8yu x4uap5 x18d9i69 xkhd6sd x1hl2dhg x16tdsg8 x1vvkbs\"><a class=\"x1i10hfl xjbqb8w x1ejq31n xd10rxx x1sy0etr x17r0tee x972fbf xcfux6l x1qhh985 xm0m39n x9f619 x1ypdohk xt0psk2 xe8uvvx xdj266r x11i5rnm xat24cr x1mh8g0r xexx8yu x4uap5 x18d9i69 xkhd6sd x16tdsg8 x1hl2dhg xggy1nq x1a2a7pz x1sur9pj xkrqix3 x1fey0fg x1s688f\" tabindex=\"0\" role=\"link\" href=\"https:\/\/www.facebook.com\/skyupacademy?__cft__[0]=AZULfb0sPc55ezgN5UPR4QkHjCWo9pMAIGBDhy_gz_9zmxh4lKWGyReS98zvPDDQooNRevBdwumPfS_GCoNF86zjEpo3c1p8xfFLgaTDi2OcqVQhKtQfeMXKGoJcfrGTQkzbLoEcI49o0OkvS__zStaqiQ3Fo_aYdI-z7ZHrrCTxRQ&amp;__tn__=-]K-R\"><span class=\"xt0psk2\"><span class=\"xjp7ctv\"><span aria-describedby=\":r54k:\">Skyup Academy<\/span><\/span><\/span><\/a><\/span> grazie per questa Mission impossible&#8230;.spettacolare. Chiara (Rovot) dettagli oltre l&#8217;impossibile, mitica&#8221;.\u00a0\u00a0<\/em><\/p>\n<p>&nbsp;<\/p>\n<p><a class=\"dt-pswp-item\" href=\"https:\/\/www.radiopiu.net\/wordpress\/wp-content\/uploads\/2025\/02\/Senza-nome-22.png\" data-dt-img-description=\"\" data-large_image_width=\"485\" data-large_image_height=\"353\"><img loading=\"lazy\" decoding=\"async\" class=\"alignnone size-medium wp-image-433465\" src=\"https:\/\/www.radiopiu.net\/wordpress\/wp-content\/uploads\/2025\/02\/Senza-nome-22-300x218.png\" alt=\"\" width=\"300\" height=\"218\" srcset=\"https:\/\/www.radiopiu.net\/wordpress\/wp-content\/uploads\/2025\/02\/Senza-nome-22-300x218.png 300w, https:\/\/www.radiopiu.net\/wordpress\/wp-content\/uploads\/2025\/02\/Senza-nome-22.png 485w\" sizes=\"auto, (max-width: 300px) 100vw, 300px\" \/><\/a><a class=\"dt-pswp-item\" href=\"https:\/\/www.radiopiu.net\/wordpress\/wp-content\/uploads\/2025\/02\/Senza-nome-21.png\" data-dt-img-description=\"\" data-large_image_width=\"517\" data-large_image_height=\"587\"><img loading=\"lazy\" decoding=\"async\" class=\"alignnone wp-image-433463\" src=\"https:\/\/www.radiopiu.net\/wordpress\/wp-content\/uploads\/2025\/02\/Senza-nome-21-264x300.png\" alt=\"\" width=\"193\" height=\"219\" srcset=\"https:\/\/www.radiopiu.net\/wordpress\/wp-content\/uploads\/2025\/02\/Senza-nome-21-264x300.png 264w, https:\/\/www.radiopiu.net\/wordpress\/wp-content\/uploads\/2025\/02\/Senza-nome-21.png 517w\" sizes=\"auto, (max-width: 193px) 100vw, 193px\" \/>\u00a0<\/a><\/p>\n<p><iframe loading=\"lazy\" title=\"WhatsApp Video 2025 02 06 at 23 32 31 1\" width=\"1200\" height=\"675\" src=\"https:\/\/www.youtube.com\/embed\/HLF-WUHMLm8?feature=oembed\" frameborder=\"0\" allow=\"accelerometer; autoplay; clipboard-write; encrypted-media; gyroscope; picture-in-picture; web-share\" referrerpolicy=\"strict-origin-when-cross-origin\" allowfullscreen><\/iframe><\/p>\n<p>&nbsp;<\/p>\n<p>&nbsp;<\/p>\n<hr \/>\n<p>&nbsp;<\/p>\n<blockquote>\n<h3>A VILLABRUNA DI FELTRE TERMINATA LA NUOVA STACCIONATA<\/h3>\n<\/blockquote>\n<p><strong><a class=\"dt-pswp-item\" href=\"https:\/\/www.radiopiu.net\/wordpress\/wp-content\/uploads\/2025\/02\/Nuova-staccionata-a-Villabruna.jpg\" data-dt-img-description=\"\" data-large_image_width=\"1072\" data-large_image_height=\"820\"><img loading=\"lazy\" decoding=\"async\" class=\" wp-image-433413 alignleft\" src=\"https:\/\/www.radiopiu.net\/wordpress\/wp-content\/uploads\/2025\/02\/Nuova-staccionata-a-Villabruna-300x229.jpg\" alt=\"\" width=\"156\" height=\"119\" srcset=\"https:\/\/www.radiopiu.net\/wordpress\/wp-content\/uploads\/2025\/02\/Nuova-staccionata-a-Villabruna-300x229.jpg 300w, https:\/\/www.radiopiu.net\/wordpress\/wp-content\/uploads\/2025\/02\/Nuova-staccionata-a-Villabruna-1024x783.jpg 1024w, https:\/\/www.radiopiu.net\/wordpress\/wp-content\/uploads\/2025\/02\/Nuova-staccionata-a-Villabruna-768x587.jpg 768w, https:\/\/www.radiopiu.net\/wordpress\/wp-content\/uploads\/2025\/02\/Nuova-staccionata-a-Villabruna.jpg 1072w\" sizes=\"auto, (max-width: 156px) 100vw, 156px\" \/><\/a>FELTRE<\/strong> Nei mesi scorsi, a Villabruna \u00e8 stata realizzata un&#8217;importante opera di manutenzione grazie alla collaborazione tra il Comune e i cittadini. L\u2019intervento ha riguardato la sostituzione di una vecchia staccionata deteriorata con una nuova di castagno, lunga oltre 60 metri, migliorando sicurezza e decoro urbano. Contestualmente, \u00e8 stato rinnovato il tavolato dell\u2019isola ecologica con legno di larice. Il Comune ha fornito i materiali per un costo di circa 3.000 euro, mentre tre residenti e un tecnico comunale hanno eseguito i lavori volontariamente. L\u2019iniziativa \u00e8 stata possibile grazie ai Patti di Collaborazione, che promuovono la partecipazione civica nella cura degli spazi pubblici. Questo strumento rafforza il senso di comunit\u00e0 e valorizza competenze locali. Il Consigliere Slongo ha elogiato il progetto, auspicando una maggiore adesione futura.<\/p>\n<p>&nbsp;<\/p>\n<p>&nbsp;<\/p>\n<hr \/>\n<p>&nbsp;<\/p>\n<blockquote>\n<h3>GALLERIA DEL COMELICO: SABATO CHIUSURA STRAORDINARIA<\/h3>\n<\/blockquote>\n<p><strong><img loading=\"lazy\" decoding=\"async\" class=\"alignleft\" src=\"https:\/\/www.radiopiu.net\/wordpress\/wp-content\/uploads\/2024\/10\/ANAS.jpg\" width=\"146\" height=\"103\" \/>COMELICO<\/strong> Nell\u2019ambito dei lavori di manutenzione della galleria Comelico, sulla strada statale 52 \u201cCarnica\u201d, \u00e8 prevista una chiusura straordinaria al traffico nella notte di sabato 8 febbraio, dalle 22:00 alle 6:00. Rimangono confermate le chiusure notturne dal luned\u00ec al venerd\u00ec, in vigore dal 9 settembre. Durante la chiusura, potranno transitare solo mezzi di emergenza e veicoli autorizzati. L\u2019intervento, del valore di 100 milioni di euro, prevede il consolidamento della struttura, il rinnovamento degli impianti tecnologici, tra cui illuminazione, ventilazione, videosorveglianza e sicurezza antincendio. Inoltre, sar\u00e0 installato un nuovo sistema di drenaggio per il contenimento di sostanze infiammabili e tossiche. L\u2019ammodernamento garantir\u00e0 maggiore sicurezza e funzionalit\u00e0 per gli utenti della strada.<\/p>\n<p>&nbsp;<\/p>\n<hr \/>\n<p>&nbsp;<\/p>\n<blockquote>\n<h3><a class=\"dt-pswp-item\" href=\"https:\/\/www.radiopiu.net\/wordpress\/wp-content\/uploads\/2025\/02\/Incontro-serale-al-Catullo-scaled.jpg\" data-dt-img-description=\"\" data-large_image_width=\"2560\" data-large_image_height=\"1920\"><img loading=\"lazy\" decoding=\"async\" class=\" wp-image-433420 alignleft\" src=\"https:\/\/www.radiopiu.net\/wordpress\/wp-content\/uploads\/2025\/02\/Incontro-serale-al-Catullo-300x225.jpg\" alt=\"\" width=\"181\" height=\"136\" srcset=\"https:\/\/www.radiopiu.net\/wordpress\/wp-content\/uploads\/2025\/02\/Incontro-serale-al-Catullo-300x225.jpg 300w, https:\/\/www.radiopiu.net\/wordpress\/wp-content\/uploads\/2025\/02\/Incontro-serale-al-Catullo-1024x768.jpg 1024w, https:\/\/www.radiopiu.net\/wordpress\/wp-content\/uploads\/2025\/02\/Incontro-serale-al-Catullo-768x576.jpg 768w, https:\/\/www.radiopiu.net\/wordpress\/wp-content\/uploads\/2025\/02\/Incontro-serale-al-Catullo-1536x1152.jpg 1536w, https:\/\/www.radiopiu.net\/wordpress\/wp-content\/uploads\/2025\/02\/Incontro-serale-al-Catullo-2048x1536.jpg 2048w\" sizes=\"auto, (max-width: 181px) 100vw, 181px\" \/><\/a>PROGETTO MARTINA: EDUCAZIONE ALLA SALUTE<\/h3>\n<\/blockquote>\n<p><strong>BELLUNO<\/strong> Il Lions Club Belluno, guidato da Laura Ripoli, ha presentato il Progetto Martina in diversi istituti superiori di Belluno per sensibilizzare i giovani sulla prevenzione dei tumori. Il 1\u00b0 febbraio si \u00e8 tenuto un incontro al Liceo Giustina Renier con 170 studenti, seguito da due incontri il 4 febbraio all\u2019Istituto Catullo, coinvolgendo 217 studenti. Un\u2019ulteriore sessione per i corsi serali \u00e8 prevista il 15 febbraio. Il progetto promuove la prevenzione attraverso stili di vita sani, combattendo fumo, alcol, obesit\u00e0 e sedentariet\u00e0, per ridurre il rischio di malattie in et\u00e0 adulta.<\/p>\n<p>&nbsp;<\/p>\n<p>&nbsp;<\/p>\n<hr \/>\n<p>&nbsp;<\/p>\n<blockquote>\n<h3>RIAPERTO L&#8217;UFFICIO POSTALE DI CANALE D&#8217;AGORDO<\/h3>\n<\/blockquote>\n<p><strong><a class=\"dt-pswp-item\" href=\"https:\/\/www.radiopiu.net\/wordpress\/wp-content\/uploads\/2025\/02\/Poste-Italiane-ufficio-postale-Canale-dAgordo-2025-1.jpeg-rotated.jpg\" data-dt-img-description=\"\" data-large_image_width=\"2048\" data-large_image_height=\"1536\"><img loading=\"lazy\" decoding=\"async\" class=\" wp-image-433399 alignleft\" src=\"https:\/\/www.radiopiu.net\/wordpress\/wp-content\/uploads\/2025\/02\/Poste-Italiane-ufficio-postale-Canale-dAgordo-2025-1.jpeg-300x225.jpg\" alt=\"\" width=\"149\" height=\"112\" srcset=\"https:\/\/www.radiopiu.net\/wordpress\/wp-content\/uploads\/2025\/02\/Poste-Italiane-ufficio-postale-Canale-dAgordo-2025-1.jpeg-300x225.jpg 300w, https:\/\/www.radiopiu.net\/wordpress\/wp-content\/uploads\/2025\/02\/Poste-Italiane-ufficio-postale-Canale-dAgordo-2025-1.jpeg-1024x768.jpg 1024w, https:\/\/www.radiopiu.net\/wordpress\/wp-content\/uploads\/2025\/02\/Poste-Italiane-ufficio-postale-Canale-dAgordo-2025-1.jpeg-768x576.jpg 768w, https:\/\/www.radiopiu.net\/wordpress\/wp-content\/uploads\/2025\/02\/Poste-Italiane-ufficio-postale-Canale-dAgordo-2025-1.jpeg-1536x1152.jpg 1536w, https:\/\/www.radiopiu.net\/wordpress\/wp-content\/uploads\/2025\/02\/Poste-Italiane-ufficio-postale-Canale-dAgordo-2025-1.jpeg-rotated.jpg 2048w\" sizes=\"auto, (max-width: 149px) 100vw, 149px\" \/><\/a>CANALE D&#8217;AGORDO<\/strong> Ha riaperto ieri l\u2019ufficio postale di piazza Serafini a Canale d\u2019Agordo, rinnovato secondo il modello \u201cPolis\u201d. I lavori hanno reso la sede pi\u00f9 accessibile e pronta ad accogliere i servizi digitali della Pubblica Amministrazione, nell\u2019ambito del progetto di Poste Italiane per i piccoli comuni. Gli interventi hanno migliorato il comfort e l\u2019accessibilit\u00e0, con sportelli ribassati, postazioni ergonomiche e pavimentazione tattile per non vedenti. L\u2019ufficio sar\u00e0 operativo marted\u00ec e gioved\u00ec dalle 08:20 alle 13:45, e il sabato fino alle 12:45.<\/p>\n<p>&nbsp;<\/p>\n<p>&nbsp;<\/p>\n<hr \/>\n<p>&nbsp;<\/p>\n<blockquote>\n<h3>VIAGGIO DELLA MEMORIA A MATTMARK<\/h3>\n<\/blockquote>\n<p><strong>BELLUNO<\/strong> L&#8217;Associazione Bellunesi nel Mondo organizza un viaggio in Svizzera dal 29 al 31 agosto per commemorare il 60\u00b0 anniversario della Tragedia di Mattmark, in cui morirono 88 persone, tra cui 17 bellunesi. Il programma prevede una cerimonia a Brig-Naters il 29 agosto, una Messa e commemorazione alla diga di Mattmark il 30, seguite da un concerto a Domodossola. Il 31 agosto si concluder\u00e0 con un tour delle Isole Borromee prima del rientro a Belluno. L&#8217;iniziativa unisce memoria, cultura e comunit\u00e0. Per informazioni e prenotazioni, contattare l\u2019Associazione Bellunesi nel Mondo.<\/p>\n<p>&nbsp;<\/p>\n<p>&nbsp;<\/p>\n<hr \/>\n<p>&nbsp;<\/p>\n<blockquote>\n<h3>RI-PENSARE L\u2019ADOLESCENZA: IN PARTENZA UN CICLO DI INCONTRI<\/h3>\n<\/blockquote>\n<p><strong><a class=\"dt-pswp-item\" href=\"https:\/\/www.radiopiu.net\/wordpress\/wp-content\/uploads\/2025\/02\/kldgkaglakg.jpg\" data-dt-img-description=\"\" data-large_image_width=\"939\" data-large_image_height=\"577\"><img loading=\"lazy\" decoding=\"async\" class=\" wp-image-433228 alignleft\" src=\"https:\/\/www.radiopiu.net\/wordpress\/wp-content\/uploads\/2025\/02\/kldgkaglakg-300x184.jpg\" alt=\"\" width=\"192\" height=\"118\" srcset=\"https:\/\/www.radiopiu.net\/wordpress\/wp-content\/uploads\/2025\/02\/kldgkaglakg-300x184.jpg 300w, https:\/\/www.radiopiu.net\/wordpress\/wp-content\/uploads\/2025\/02\/kldgkaglakg-768x472.jpg 768w, https:\/\/www.radiopiu.net\/wordpress\/wp-content\/uploads\/2025\/02\/kldgkaglakg.jpg 939w\" sizes=\"auto, (max-width: 192px) 100vw, 192px\" \/><\/a>BELLUNO <\/strong>L\u2019Ulss Dolomiti, con il Dipartimento Dipendenze, avvia il progetto &#8220;Ri-pensare l&#8217;adolescenza&#8221;, rivolto agli adulti di riferimento di ragazzi dagli 11 ai 14 anni. Inserito nel Piano Triennale Dipendenze 2024-2026, mira a prevenire i comportamenti a rischio e il disagio giovanile, coinvolgendo genitori, allenatori ed educatori. Il progetto prevede tre incontri gratuiti in varie sedi: Alano di Piave (Sala delle Associazioni) dalle 20:15 alle 21:30 il 18 e 25 febbraio, 11 marzo \u2013 Iscrizioni entro il 13\/02, Puos d\u2019Alpago (Impianti sportivi) dalle 20:15 alle 21:45 il 20 e 27 febbraio, 6 marzo \u2013 Iscrizioni entro il 14\/02.\u00a0Posti limitati (25 per sede). Per info e iscrizioni: SerD Belluno 0437 514971<\/p>\n<p>&nbsp;<\/p>\n<p>&nbsp;<\/p>\n<hr \/>\n<p>&nbsp;<\/p>\n<blockquote>\n<h3><a class=\"dt-pswp-item\" href=\"https:\/\/www.radiopiu.net\/wordpress\/wp-content\/uploads\/2025\/02\/ePUOPHBSAOJBHA.jpg\" data-dt-img-description=\"\" data-large_image_width=\"628\" data-large_image_height=\"300\"><img loading=\"lazy\" decoding=\"async\" class=\"size-medium wp-image-433232 alignright\" src=\"https:\/\/www.radiopiu.net\/wordpress\/wp-content\/uploads\/2025\/02\/ePUOPHBSAOJBHA-300x143.jpg\" alt=\"\" width=\"300\" height=\"143\" srcset=\"https:\/\/www.radiopiu.net\/wordpress\/wp-content\/uploads\/2025\/02\/ePUOPHBSAOJBHA-300x143.jpg 300w, https:\/\/www.radiopiu.net\/wordpress\/wp-content\/uploads\/2025\/02\/ePUOPHBSAOJBHA.jpg 628w\" sizes=\"auto, (max-width: 300px) 100vw, 300px\" \/><\/a>NASCERE A BELLUNO: L&#8217;OPEN DAY PER MAMME PAPA&#8217;<\/h3>\n<\/blockquote>\n<p><strong>BELLUNO <\/strong>L\u2019Ulss Dolomiti con l\u2019unit\u00e0 operativa di Ostetricia e Ginecologia dell\u2019ospedale di Belluno propone un open day dal titolo \u201cNascere a Belluno\u201d dedicato alle mamme dalla 35\u00b0 settimana di gravidanza e ai pap\u00e0. L\u2019appuntamento \u00e8 per sabato 15 febbraio 2025 dalle 14.30 in sala riunioni dell\u2019Ospedale San Martino di Belluno (2\u00b0 piano, blocco E). Durante l\u2019incontro con le ostetriche saranno illustrati il punto nascita e i percorsi di assistenza. Per partecipare \u00e8 possibile <strong>iscriversi<\/strong> scrivendo una mail a ginecologia.bl.rep@aulss1.veneto.it<\/p>\n<p>&nbsp;<\/p>\n<p>&nbsp;<\/p>\n<hr \/>\n<p>&nbsp;<\/p>\n<blockquote>\n<h3><a class=\"dt-pswp-item\" href=\"https:\/\/www.radiopiu.net\/wordpress\/wp-content\/uploads\/2025\/02\/SETT-CUORE-2025.jpg\" data-dt-img-description=\"\" data-large_image_width=\"752\" data-large_image_height=\"365\"><img loading=\"lazy\" decoding=\"async\" class=\" wp-image-433230 alignleft\" src=\"https:\/\/www.radiopiu.net\/wordpress\/wp-content\/uploads\/2025\/02\/SETT-CUORE-2025-300x146.jpg\" alt=\"\" width=\"240\" height=\"117\" srcset=\"https:\/\/www.radiopiu.net\/wordpress\/wp-content\/uploads\/2025\/02\/SETT-CUORE-2025-300x146.jpg 300w, https:\/\/www.radiopiu.net\/wordpress\/wp-content\/uploads\/2025\/02\/SETT-CUORE-2025.jpg 752w\" sizes=\"auto, (max-width: 240px) 100vw, 240px\" \/><\/a>CUORE E SESSUALITA&#8217;: GLI INCONTRI A FELTRE<\/h3>\n<\/blockquote>\n<p><strong>FELTRE <\/strong>In occasione della Settimana del Cuore, l\u2019Ulss Dolomiti con l\u2019unit\u00e0 operativa di Cardiologia di Feltre organizza un incontro con la cittadinanza dal titolo \u201cCuore e sessualit\u00e0: parliamone!\u201d, un momento di incontro con medici cardiologi, l\u2019urologo e la ginecologa. L\u2019appuntamento, ad ingresso libero, si terr\u00e0 mercoled\u00ec 12 febbraio 2025 alle 17.30 in Sala convegni dell\u2019Ospedale di Feltre<\/p>\n<p>&nbsp;<\/p>\n<p>&nbsp;<\/p>\n<hr \/>\n<p>&nbsp;<\/p>\n<blockquote>\n<h3>TAVOLA ROTONDA SU DIPENDENZE E RESPONSABILIT\u00c0, LA COMUNIT\u00c0 SI METTE IN GIOCO<\/h3>\n<\/blockquote>\n<p><strong>AGORDO<\/strong><\/p>\n<p><strong><a class=\"dt-pswp-item\" href=\"https:\/\/www.radiopiu.net\/wordpress\/wp-content\/uploads\/2025\/02\/Senza-nome-6.png\" data-dt-img-description=\"\" data-large_image_width=\"742\" data-large_image_height=\"339\"><img loading=\"lazy\" decoding=\"async\" class=\"size-medium wp-image-432779 alignleft\" src=\"https:\/\/www.radiopiu.net\/wordpress\/wp-content\/uploads\/2025\/02\/Senza-nome-6-300x137.png\" alt=\"\" width=\"300\" height=\"137\" srcset=\"https:\/\/www.radiopiu.net\/wordpress\/wp-content\/uploads\/2025\/02\/Senza-nome-6-300x137.png 300w, https:\/\/www.radiopiu.net\/wordpress\/wp-content\/uploads\/2025\/02\/Senza-nome-6.png 742w\" sizes=\"auto, (max-width: 300px) 100vw, 300px\" \/><\/a><\/strong> Le parrocchie di Agordo, La Valle e Taibon Agordino promuovono un incontro dedicato al tema delle dipendenze e delle responsabilit\u00e0 della comunit\u00e0, in programma oggi alle 20:30 presso l\u2019Auditorium del Centro Parrocchiale \u201cV. Savio\u201d di Agordo. L\u2019evento, intitolato &#8220;Dipendenze e responsabilit\u00e0: la comunit\u00e0 si mette in gioco!&#8221;, si propone di affrontare un tema di grande rilevanza sociale, con il coinvolgimento di esperti e istituzioni. Interverranno: Dott. Alfio De Sandre, rappresentante del Ser.D di Agordo ULSS 1 Dolomiti; Dott.ssa Giulia Gallinari, direttrice della comunit\u00e0 per tossicodipendenti di Landris; Un rappresentante del Comando Provinciale dell\u2019Arma dei Carabinieri; Testimonianza di Daniela, che condivider\u00e0 la sua esperienza personale. Al termine degli interventi, ci sar\u00e0 spazio per un dibattito aperto, offrendo ai presenti l\u2019opportunit\u00e0 di porre domande e confrontarsi direttamente con gli esperti. L\u2019incontro si propone di sensibilizzare la comunit\u00e0 sul problema delle dipendenze e sulle azioni di prevenzione e supporto necessarie per affrontarlo insieme.<\/p>\n<p>&nbsp;<\/p>\n<p>&nbsp;<\/p>\n<hr \/>\n<p>&nbsp;<\/p>\n<blockquote>\n<h3><a class=\"dt-pswp-item\" href=\"https:\/\/www.radiopiu.net\/wordpress\/wp-content\/uploads\/2025\/02\/JKLAGHHLAK.jpg\" data-dt-img-description=\"\" data-large_image_width=\"1124\" data-large_image_height=\"760\"><img loading=\"lazy\" decoding=\"async\" class=\" wp-image-432993 alignleft\" src=\"https:\/\/www.radiopiu.net\/wordpress\/wp-content\/uploads\/2025\/02\/JKLAGHHLAK-300x203.jpg\" alt=\"\" width=\"232\" height=\"157\" srcset=\"https:\/\/www.radiopiu.net\/wordpress\/wp-content\/uploads\/2025\/02\/JKLAGHHLAK-300x203.jpg 300w, https:\/\/www.radiopiu.net\/wordpress\/wp-content\/uploads\/2025\/02\/JKLAGHHLAK-1024x692.jpg 1024w, https:\/\/www.radiopiu.net\/wordpress\/wp-content\/uploads\/2025\/02\/JKLAGHHLAK-768x519.jpg 768w, https:\/\/www.radiopiu.net\/wordpress\/wp-content\/uploads\/2025\/02\/JKLAGHHLAK.jpg 1124w\" sizes=\"auto, (max-width: 232px) 100vw, 232px\" \/><\/a>ALLA LIBRERIA QUATTRO SASS A RASAI IL SECONDO INCONTRO DI \u201cALPINIA\u201d<\/h3>\n<\/blockquote>\n<p><strong>SEREN DEL GRAPPA<\/strong> Oggi alle 20.30, presso la Libreria Quattro Sass a Rasai di Seren del Grappa, si terr\u00e0 il secondo incontro della serie &#8220;Alpinia&#8221; organizzata dal Centro Studi A.N.A. di Feltre. Il Tenente Colonnello Mario Renna presenter\u00e0 il suo libro sugli Alpini, ripercorrendo la loro storia dal 1872 fino alle missioni e alle sfide moderne. L\u2019opera esplora il legame tra Alpini e montagna, includendo successi sportivi e spedizioni alpinistiche. L\u2019incontro \u00e8 a ingresso libero. Renna, ufficiale esperto in comunicazione e giornalista, ha partecipato a numerose missioni internazionali con NATO e UE.<\/p>\n<p>&nbsp;<\/p>\n<p>&nbsp;<\/p>\n<hr \/>\n<p>&nbsp;<\/p>\n<blockquote>\n<h3><strong><a class=\"dt-pswp-item\" href=\"https:\/\/www.radiopiu.net\/wordpress\/wp-content\/uploads\/2025\/02\/DellAgnola-scala-slegato-in-Patagonia.jpg\" data-dt-img-description=\"\" data-large_image_width=\"1015\" data-large_image_height=\"1575\"><img loading=\"lazy\" decoding=\"async\" class=\"wp-image-433353 alignleft\" src=\"https:\/\/www.radiopiu.net\/wordpress\/wp-content\/uploads\/2025\/02\/DellAgnola-scala-slegato-in-Patagonia-193x300.jpg\" alt=\"\" width=\"103\" height=\"160\" srcset=\"https:\/\/www.radiopiu.net\/wordpress\/wp-content\/uploads\/2025\/02\/DellAgnola-scala-slegato-in-Patagonia-193x300.jpg 193w, https:\/\/www.radiopiu.net\/wordpress\/wp-content\/uploads\/2025\/02\/DellAgnola-scala-slegato-in-Patagonia-660x1024.jpg 660w, https:\/\/www.radiopiu.net\/wordpress\/wp-content\/uploads\/2025\/02\/DellAgnola-scala-slegato-in-Patagonia-768x1192.jpg 768w, https:\/\/www.radiopiu.net\/wordpress\/wp-content\/uploads\/2025\/02\/DellAgnola-scala-slegato-in-Patagonia-990x1536.jpg 990w, https:\/\/www.radiopiu.net\/wordpress\/wp-content\/uploads\/2025\/02\/DellAgnola-scala-slegato-in-Patagonia.jpg 1015w\" sizes=\"auto, (max-width: 103px) 100vw, 103px\" \/><\/a>Manrico Dell\u2019Agnola in Patagonia con il CAI Eagle Team per un\u2019avventura unica<\/strong><\/h3>\n<\/blockquote>\n<p>Il noto alpinista e fotografo Manrico Dell\u2019Agnola accompagna il CAI Eagle Team in una spedizione in Patagonia per aprire nuove vie alpinistiche su montagne leggendarie come Fitz Roy, Cerro Torre e Cerro Piergiorgio. Sei giovani alpinisti, guidati da esperti del settore, affronteranno sfide estreme tra pareti di granito e condizioni proibitive. Dell\u2019Agnola fornir\u00e0 supporto logistico e documenter\u00e0 l\u2019impresa per un documentario Mediaset, in onda su Focus TV ad aprile. Il progetto, promosso dal Club Alpino Italiano, valorizza passione, dedizione e avventura, narrando non solo l\u2019impresa alpinistica ma anche gli aspetti umani di questa incredibile esperienza.<\/p>\n<p>&nbsp;<\/p>\n<p>&nbsp;<\/p>\n<hr \/>\n<p>&nbsp;<\/p>\n<p>&nbsp;<\/p>\n<blockquote>\n<h3><strong><a class=\"dt-pswp-item\" href=\"https:\/\/www.radiopiu.net\/wordpress\/wp-content\/uploads\/2025\/02\/GIORNO-DEL-RICORDO-2025-CARTELLONE-TRIESTE.jpg\" data-dt-img-description=\"\" data-large_image_width=\"1447\" data-large_image_height=\"2048\"><img loading=\"lazy\" decoding=\"async\" class=\" wp-image-433189 alignleft\" src=\"https:\/\/www.radiopiu.net\/wordpress\/wp-content\/uploads\/2025\/02\/GIORNO-DEL-RICORDO-2025-CARTELLONE-TRIESTE-212x300.jpg\" alt=\"\" width=\"116\" height=\"164\" srcset=\"https:\/\/www.radiopiu.net\/wordpress\/wp-content\/uploads\/2025\/02\/GIORNO-DEL-RICORDO-2025-CARTELLONE-TRIESTE-212x300.jpg 212w, https:\/\/www.radiopiu.net\/wordpress\/wp-content\/uploads\/2025\/02\/GIORNO-DEL-RICORDO-2025-CARTELLONE-TRIESTE-724x1024.jpg 724w, https:\/\/www.radiopiu.net\/wordpress\/wp-content\/uploads\/2025\/02\/GIORNO-DEL-RICORDO-2025-CARTELLONE-TRIESTE-768x1087.jpg 768w, https:\/\/www.radiopiu.net\/wordpress\/wp-content\/uploads\/2025\/02\/GIORNO-DEL-RICORDO-2025-CARTELLONE-TRIESTE-1085x1536.jpg 1085w, https:\/\/www.radiopiu.net\/wordpress\/wp-content\/uploads\/2025\/02\/GIORNO-DEL-RICORDO-2025-CARTELLONE-TRIESTE.jpg 1447w\" sizes=\"auto, (max-width: 116px) 100vw, 116px\" \/><\/a>Giorno del Ricordo: evento a Belluno per commemorare le vittime delle Foibe<\/strong><\/h3>\n<\/blockquote>\n<p><strong>BELLUNO<\/strong> Domani alle 17, nella sede del Circolo culturale &#8220;La Terra dei Padri &#8211; Belluno APS&#8221;, si terr\u00e0 un evento dedicato al Giorno del Ricordo, in collaborazione con la Lega Nazionale. L&#8217;incontro, che si svolger\u00e0 in via dei Molini, 10 (Borgo Piave), prevede la proiezione di documentari sul 70\u00b0 anniversario del ritorno di Trieste alla Madrepatria e un\u2019introduzione storica a cura di Francesco Dematt\u00e8. L\u2019evento vuole mantenere viva la memoria della tragedia delle Foibe e dell\u2019Esodo degli Istriani, Fiumani e Dalmati, ricordando una pagina dolorosa della storia italiana.<\/p>\n<blockquote><p>&nbsp;<\/p><\/blockquote>\n<p>&nbsp;<\/p>\n<div class=\"mb-2 flex gap-3 empty:hidden -ml-2\">\n<div class=\"items-center justify-start rounded-xl p-1 flex\">\n<div class=\"flex items-center\">\n<hr \/>\n<p>&nbsp;<\/p>\n<\/div>\n<\/div>\n<\/div>\n<p><strong><a class=\"dt-pswp-item\" href=\"https:\/\/www.radiopiu.net\/wordpress\/wp-content\/uploads\/2024\/11\/AMICI-MINERARI.png\" data-dt-img-description=\"\" data-large_image_width=\"209\" data-large_image_height=\"174\"><img loading=\"lazy\" decoding=\"async\" class=\" wp-image-419180 alignleft\" src=\"https:\/\/www.radiopiu.net\/wordpress\/wp-content\/uploads\/2024\/11\/AMICI-MINERARI.png\" alt=\"\" width=\"168\" height=\"140\" \/><\/a>&#8220;Con gli Amici dei Minerari: Serate d&#8217;Inverno \u2013 un viaggio tra storia, scienza e meraviglie. Incontri presso la Sala con Tamis. Non mancare!&#8221;<\/strong><\/p>\n<ul>\n<li><em>Venerd\u00ec 21 febbraio, ore 20:30<\/em>: &#8220;Il traforo del Brennero: studio, progettazione e realizzazione&#8221; \u2013 Relatori Vittorio Fenti e Mario Guadagnini.<\/li>\n<\/ul>\n<p><strong>Vivi la cultura e la passione per la montagna!<\/strong><\/p>\n<p>&nbsp;<\/p>\n<hr \/>\n<p>&nbsp;<\/p>\n<blockquote>\n<h3><strong>A Feltre il 14 febbraio la presentazione del libro su Nicol\u00f2 Tommaseo<\/strong><\/h3>\n<\/blockquote>\n<p><strong>FELTRE<\/strong> Il 14 febbraio 2025, alle ore 18, presso il Museo Diocesano di Belluno Feltre, l\u2019associazione \u201cIl Fondaco per Feltre\u201d presenter\u00e0 il volume <em>\u201cNicol\u00f2 Tommaseo tra storia e ricordi familiari a 150 anni dalla morte\u201d<\/em>, edito da Gianni Sartori Editore. L\u2019autore, Alvise Tommaseo Ponzetta, racconter\u00e0 il ruolo di Tommaseo nel Risorgimento italiano, in particolare durante la Rivolta di Venezia del 1848, offrendo anche aneddoti familiari e curiosit\u00e0. Il dialogo con Eugenia Candosin e la presentazione di Giuditta Guiotto arricchiranno l\u2019incontro. L\u2019evento \u00e8 organizzato con il supporto del Museo Diocesano e del Lions Club, con il patrocinio del Comune di Feltre.<\/p>\n<p>&nbsp;<\/p>\n<p>&nbsp;<\/p>\n<hr \/>\n<p>&nbsp;<\/p>\n<blockquote>\n<h2><a class=\"dt-pswp-item\" href=\"https:\/\/www.radiopiu.net\/wordpress\/wp-content\/uploads\/2024\/01\/Foto-Carnevale_0001-9-scaled.jpg\" data-dt-img-description=\"\" data-large_image_width=\"1825\" data-large_image_height=\"2560\"><img loading=\"lazy\" decoding=\"async\" class=\"wp-image-371954 alignleft\" src=\"https:\/\/www.radiopiu.net\/wordpress\/wp-content\/uploads\/2024\/01\/Foto-Carnevale_0001-9-214x300.jpg\" alt=\"\" width=\"85\" height=\"119\" srcset=\"https:\/\/www.radiopiu.net\/wordpress\/wp-content\/uploads\/2024\/01\/Foto-Carnevale_0001-9-214x300.jpg 214w, https:\/\/www.radiopiu.net\/wordpress\/wp-content\/uploads\/2024\/01\/Foto-Carnevale_0001-9-730x1024.jpg 730w, https:\/\/www.radiopiu.net\/wordpress\/wp-content\/uploads\/2024\/01\/Foto-Carnevale_0001-9-768x1078.jpg 768w, https:\/\/www.radiopiu.net\/wordpress\/wp-content\/uploads\/2024\/01\/Foto-Carnevale_0001-9-1095x1536.jpg 1095w, https:\/\/www.radiopiu.net\/wordpress\/wp-content\/uploads\/2024\/01\/Foto-Carnevale_0001-9-1460x2048.jpg 1460w, https:\/\/www.radiopiu.net\/wordpress\/wp-content\/uploads\/2024\/01\/Foto-Carnevale_0001-9-scaled.jpg 1825w\" sizes=\"auto, (max-width: 85px) 100vw, 85px\" \/><\/a>APPUNTAMENTI COL CARNEVALE<\/h2>\n<\/blockquote>\n<p>Ritorna carnevai de la vai, mascherate tradizionali delle dolomiti agordine.\u00a0 I prossimi appuntamenti: 22 febbraio LASTE DI ROCCA PIETORE, 23 febbraio a Rivamonte Agordino, 1 Marzo Sottoguda di Rocca Pietore, e 2 marzo a CANALE D&#8217;AGORDO aspettiamo anche te, con la tua maschera, tradizionale o di fantasia<\/p>\n<p>&nbsp;<\/p>\n<p>&nbsp;<\/p>\n<p>&nbsp;<\/p>\n<p>&nbsp;<\/p>\n<hr \/>\n<p>&nbsp;<\/p>\n<p>&nbsp;<\/p>\n<h1 style=\"text-align: center;\">LA FESTA STUDENTESCA<\/h1>\n<p><a class=\"dt-pswp-item\" href=\"https:\/\/www.radiopiu.net\/wordpress\/wp-content\/uploads\/2025\/01\/98c08a82-572c-4113-bead-264f62e1626a-scaled.jpg\" data-dt-img-description=\"\" data-large_image_width=\"1810\" data-large_image_height=\"2560\"><img loading=\"lazy\" decoding=\"async\" class=\"size-medium wp-image-432012 aligncenter\" src=\"https:\/\/www.radiopiu.net\/wordpress\/wp-content\/uploads\/2025\/01\/98c08a82-572c-4113-bead-264f62e1626a-212x300.jpg\" alt=\"\" width=\"212\" height=\"300\" srcset=\"https:\/\/www.radiopiu.net\/wordpress\/wp-content\/uploads\/2025\/01\/98c08a82-572c-4113-bead-264f62e1626a-212x300.jpg 212w, https:\/\/www.radiopiu.net\/wordpress\/wp-content\/uploads\/2025\/01\/98c08a82-572c-4113-bead-264f62e1626a-724x1024.jpg 724w, https:\/\/www.radiopiu.net\/wordpress\/wp-content\/uploads\/2025\/01\/98c08a82-572c-4113-bead-264f62e1626a-768x1086.jpg 768w, https:\/\/www.radiopiu.net\/wordpress\/wp-content\/uploads\/2025\/01\/98c08a82-572c-4113-bead-264f62e1626a-1086x1536.jpg 1086w, https:\/\/www.radiopiu.net\/wordpress\/wp-content\/uploads\/2025\/01\/98c08a82-572c-4113-bead-264f62e1626a-1448x2048.jpg 1448w, https:\/\/www.radiopiu.net\/wordpress\/wp-content\/uploads\/2025\/01\/98c08a82-572c-4113-bead-264f62e1626a-scaled.jpg 1810w\" sizes=\"auto, (max-width: 212px) 100vw, 212px\" \/><\/a><\/p>\n<p>&nbsp;<\/p>\n<p><strong>FALCADE<\/strong> Paradise Lost&#8230;ritorno alle origini 7-8 febbraio, al Palafalcade domani dalle 15 torneo di briscola e beer pong, alle 18 estrazione lotteria e dalle 21 ballo liscio con Dino e la nuova stagione. Sabato 8 febbraio dalle 15.30 apre ski con dj set, dalle 21 party con Komoro 7-8 febbraio, Palafalcadef, la festa studentesca, con la quinta liceo sportivo di Agordo<\/p>\n<p>&nbsp;<\/p>\n<p>&nbsp;<\/p>\n<p>&nbsp;<\/p>\n<p>&nbsp;<\/p>\n<hr \/>\n<p><strong><a class=\"dt-pswp-item\" href=\"https:\/\/www.radiopiu.net\/wordpress\/wp-content\/uploads\/2025\/01\/d8ab62da-aba7-455c-8632-184910af88dc.jpg\" data-dt-img-description=\"\" data-large_image_width=\"1134\" data-large_image_height=\"1600\"><img loading=\"lazy\" decoding=\"async\" class=\"wp-image-431685 alignleft\" src=\"https:\/\/www.radiopiu.net\/wordpress\/wp-content\/uploads\/2025\/01\/d8ab62da-aba7-455c-8632-184910af88dc-213x300.jpg\" alt=\"\" width=\"142\" height=\"200\" srcset=\"https:\/\/www.radiopiu.net\/wordpress\/wp-content\/uploads\/2025\/01\/d8ab62da-aba7-455c-8632-184910af88dc-213x300.jpg 213w, https:\/\/www.radiopiu.net\/wordpress\/wp-content\/uploads\/2025\/01\/d8ab62da-aba7-455c-8632-184910af88dc-726x1024.jpg 726w, https:\/\/www.radiopiu.net\/wordpress\/wp-content\/uploads\/2025\/01\/d8ab62da-aba7-455c-8632-184910af88dc-768x1084.jpg 768w, https:\/\/www.radiopiu.net\/wordpress\/wp-content\/uploads\/2025\/01\/d8ab62da-aba7-455c-8632-184910af88dc-1089x1536.jpg 1089w, https:\/\/www.radiopiu.net\/wordpress\/wp-content\/uploads\/2025\/01\/d8ab62da-aba7-455c-8632-184910af88dc.jpg 1134w\" sizes=\"auto, (max-width: 142px) 100vw, 142px\" \/><\/a>La famiglia ex emigranti dell&#8217;agordino ti invita al gran ballo di San Valentino<\/strong><\/p>\n<p>Venerdi 14 febbraio al Nof Filo&#8217; di Cencenighe&#8230;<br \/>\nPer l&#8217;ultima volta, gli ultimi balli prima della ristrutturazione della storica e gloriosa sala.<br \/>\nDalle 21&#8230; con la musica degli ORO PURO&#8230;all other music<br \/>\nBiglietto ridotto per i coscritti del 2005, 1985, 1965 e 1945 dell&#8217;Agordino<\/p>\n<p>Gran Ballo di San Valentino, venerdi 14 febbraio&#8230; nof filo&#8217;&#8230;. cencenighe<\/p>\n<p>&nbsp;<\/p>\n<p>&nbsp;<\/p>\n<p>&nbsp;<\/p>\n<p>&nbsp;<\/p>\n<hr \/>\n<p>&nbsp;<\/p>\n<p><strong><a class=\"dt-pswp-item\" href=\"https:\/\/www.radiopiu.net\/wordpress\/wp-content\/uploads\/2025\/01\/f3df1628-8254-4b99-80ee-8393db63af21.jpg\" data-dt-img-description=\"\" data-large_image_width=\"1446\" data-large_image_height=\"2048\"><img loading=\"lazy\" decoding=\"async\" class=\"size-medium wp-image-431684 alignleft\" src=\"https:\/\/www.radiopiu.net\/wordpress\/wp-content\/uploads\/2025\/01\/f3df1628-8254-4b99-80ee-8393db63af21-212x300.jpg\" alt=\"\" width=\"212\" height=\"300\" srcset=\"https:\/\/www.radiopiu.net\/wordpress\/wp-content\/uploads\/2025\/01\/f3df1628-8254-4b99-80ee-8393db63af21-212x300.jpg 212w, https:\/\/www.radiopiu.net\/wordpress\/wp-content\/uploads\/2025\/01\/f3df1628-8254-4b99-80ee-8393db63af21-723x1024.jpg 723w, https:\/\/www.radiopiu.net\/wordpress\/wp-content\/uploads\/2025\/01\/f3df1628-8254-4b99-80ee-8393db63af21-768x1088.jpg 768w, https:\/\/www.radiopiu.net\/wordpress\/wp-content\/uploads\/2025\/01\/f3df1628-8254-4b99-80ee-8393db63af21-1085x1536.jpg 1085w, https:\/\/www.radiopiu.net\/wordpress\/wp-content\/uploads\/2025\/01\/f3df1628-8254-4b99-80ee-8393db63af21.jpg 1446w\" sizes=\"auto, (max-width: 212px) 100vw, 212px\" \/><\/a>NOF FILO&#8217;&#8230; The last night.<\/strong><br \/>\nRivivi in una notte 40 anni di musica dance.\u00a0 Ottanta voglia di dance&#8230; e la paura fa Novanta<br \/>\nLE ROCCE: Moreno Tocchetto, Dj Fabio Lazzarini, Dj Morgan e Battaglia<br \/>\ncocktail lounge by Oh per Bacco WIne<br \/>\nConsumazione gratuita con dress code winter, vintage anni ottanta e novanta<br \/>\nIngresso libero e servizio &#8220;taxy Thomas&#8221;<br \/>\nIn diretta su RADIOPIU<\/p>\n<p>con il sostegno di Mobilificio Collarin Emozioni in legno, qualit\u00e0 artigianale per arredare i tuoi spazi. Concessionario Cucine Scavolini, \u00a0 arredamenti, mobili e finiture su misura nel caratteristico stile di montagna come con l\u2019abete massiccio. Progettazione, arredamento di montagna e moderno per il giorno e per la notte. A\u00a0 Cencenighe in via xx settembre<\/p>\n<p>&nbsp;<\/p>\n<p>&nbsp;<\/p>\n<p>&nbsp;<\/p>\n<hr \/>\n<p>&nbsp;<\/p>\n<h1><span style=\"color: #ff6600;\">IERI ALLA RADIO<\/span><\/h1>\n<h2><span style=\"color: #808000;\">OGGI COME IERI, TERZO ANNO. CON SILVIA BALDO<\/span><\/h2>\n<p><strong><a class=\"dt-pswp-item\" href=\"https:\/\/www.radiopiu.net\/wordpress\/wp-content\/uploads\/2025\/02\/bob-marley.jpg\" data-dt-img-description=\"\" data-large_image_width=\"1600\" data-large_image_height=\"1173\"><img loading=\"lazy\" decoding=\"async\" class=\" wp-image-433409 alignleft\" src=\"https:\/\/www.radiopiu.net\/wordpress\/wp-content\/uploads\/2025\/02\/bob-marley-300x220.jpg\" alt=\"\" width=\"169\" height=\"124\" srcset=\"https:\/\/www.radiopiu.net\/wordpress\/wp-content\/uploads\/2025\/02\/bob-marley-300x220.jpg 300w, https:\/\/www.radiopiu.net\/wordpress\/wp-content\/uploads\/2025\/02\/bob-marley-1024x751.jpg 1024w, https:\/\/www.radiopiu.net\/wordpress\/wp-content\/uploads\/2025\/02\/bob-marley-768x563.jpg 768w, https:\/\/www.radiopiu.net\/wordpress\/wp-content\/uploads\/2025\/02\/bob-marley-1536x1126.jpg 1536w, https:\/\/www.radiopiu.net\/wordpress\/wp-content\/uploads\/2025\/02\/bob-marley.jpg 1600w\" sizes=\"auto, (max-width: 169px) 100vw, 169px\" \/><\/a>06 FEBBRAIO 2025 BOB MARLEY<\/strong><\/p>\n<audio class=\"wp-audio-shortcode\" id=\"audio-433243-9\" preload=\"none\" style=\"width: 100%;\" controls=\"controls\"><source type=\"audio\/mpeg\" src=\"https:\/\/www.radiopiu.net\/wordpress\/wp-content\/uploads\/2025\/02\/SIBI3.mp3?_=9\" \/><a href=\"https:\/\/www.radiopiu.net\/wordpress\/wp-content\/uploads\/2025\/02\/SIBI3.mp3\">https:\/\/www.radiopiu.net\/wordpress\/wp-content\/uploads\/2025\/02\/SIBI3.mp3<\/a><\/audio>\n<p>&nbsp;<\/p>\n<p><strong>LA RACCOLTA COMPLETA <a href=\"https:\/\/www.radiopiu.net\/wordpress\/oggi-come-ieri-terzo-anno-con-silvia-baldo\/\"><span style=\"color: #3366ff;\">CLICCA QUI<\/span><\/a><\/strong><\/p>\n<p>&nbsp;<\/p>\n<hr \/>\n<p>&nbsp;<\/p>\n<h2><span style=\"color: #00ccff;\">TIME 4 ME&#8230;SHAGORT E LA PISCINA DI AGORDO<\/span><\/h2>\n<p><strong><a class=\"dt-pswp-item\" href=\"https:\/\/www.radiopiu.net\/wordpress\/wp-content\/uploads\/2025\/02\/7822f1bf-82ea-4488-bafc-fa3b0f7634c0.jpg\" data-dt-img-description=\"\" data-large_image_width=\"1080\" data-large_image_height=\"951\"><img loading=\"lazy\" decoding=\"async\" class=\" wp-image-433267 alignleft\" src=\"https:\/\/www.radiopiu.net\/wordpress\/wp-content\/uploads\/2025\/02\/7822f1bf-82ea-4488-bafc-fa3b0f7634c0-300x264.jpg\" alt=\"\" width=\"178\" height=\"157\" srcset=\"https:\/\/www.radiopiu.net\/wordpress\/wp-content\/uploads\/2025\/02\/7822f1bf-82ea-4488-bafc-fa3b0f7634c0-300x264.jpg 300w, https:\/\/www.radiopiu.net\/wordpress\/wp-content\/uploads\/2025\/02\/7822f1bf-82ea-4488-bafc-fa3b0f7634c0-1024x902.jpg 1024w, https:\/\/www.radiopiu.net\/wordpress\/wp-content\/uploads\/2025\/02\/7822f1bf-82ea-4488-bafc-fa3b0f7634c0-768x676.jpg 768w, https:\/\/www.radiopiu.net\/wordpress\/wp-content\/uploads\/2025\/02\/7822f1bf-82ea-4488-bafc-fa3b0f7634c0.jpg 1080w\" sizes=\"auto, (max-width: 178px) 100vw, 178px\" \/><\/a>DI MARINA DONA&#8217;<\/strong><\/p>\n<p>OSPITI: Shagort, Giorgio De Nardin e i giovani della piscina di Agordo<\/p>\n<p>&nbsp;<\/p>\n<p>&nbsp;<\/p>\n<p>&nbsp;<\/p>\n<p>&nbsp;<\/p>\n<p><strong>PRIMA PARTE<\/strong><\/p>\n<audio class=\"wp-audio-shortcode\" id=\"audio-433243-10\" preload=\"none\" style=\"width: 100%;\" controls=\"controls\"><source type=\"audio\/mpeg\" src=\"https:\/\/www.radiopiu.net\/wordpress\/wp-content\/uploads\/2025\/02\/TIME-4-ME-SHAGORT-1.mp3?_=10\" \/><a href=\"https:\/\/www.radiopiu.net\/wordpress\/wp-content\/uploads\/2025\/02\/TIME-4-ME-SHAGORT-1.mp3\">https:\/\/www.radiopiu.net\/wordpress\/wp-content\/uploads\/2025\/02\/TIME-4-ME-SHAGORT-1.mp3<\/a><\/audio>\n<p>&nbsp;<\/p>\n<p><strong>SECONDA PARTE<\/strong><\/p>\n<audio class=\"wp-audio-shortcode\" id=\"audio-433243-11\" preload=\"none\" style=\"width: 100%;\" controls=\"controls\"><source type=\"audio\/mpeg\" src=\"https:\/\/www.radiopiu.net\/wordpress\/wp-content\/uploads\/2025\/02\/TIME-4-ME-SHAGORT-2.mp3?_=11\" \/><a href=\"https:\/\/www.radiopiu.net\/wordpress\/wp-content\/uploads\/2025\/02\/TIME-4-ME-SHAGORT-2.mp3\">https:\/\/www.radiopiu.net\/wordpress\/wp-content\/uploads\/2025\/02\/TIME-4-ME-SHAGORT-2.mp3<\/a><\/audio>\n<p><strong>\u00a0<\/strong><\/p>\n<p><strong>TERZA PARTE<\/strong><\/p>\n<audio class=\"wp-audio-shortcode\" id=\"audio-433243-12\" preload=\"none\" style=\"width: 100%;\" controls=\"controls\"><source type=\"audio\/mpeg\" src=\"https:\/\/www.radiopiu.net\/wordpress\/wp-content\/uploads\/2025\/02\/TIME-4-ME-SHAGORT-3.mp3?_=12\" \/><a href=\"https:\/\/www.radiopiu.net\/wordpress\/wp-content\/uploads\/2025\/02\/TIME-4-ME-SHAGORT-3.mp3\">https:\/\/www.radiopiu.net\/wordpress\/wp-content\/uploads\/2025\/02\/TIME-4-ME-SHAGORT-3.mp3<\/a><\/audio>\n<p>&nbsp;<\/p>\n<hr \/>\n<p>&nbsp;<\/p>\n<h2><span style=\"color: #ff0000;\">SPECIALE SPI CGIL &#8211; 06 febbraio 2025<\/span><\/h2>\n<p><strong><a href=\"https:\/\/www.radiopiu.net\/wordpress\/giornale-radiopiu-06-febbraio-2019-direttore-mirko-mezzacasa\/logo_spi-cgil-800x445\/\" rel=\"attachment wp-att-75538\"><img loading=\"lazy\" decoding=\"async\" class=\"size-medium wp-image-75538 alignleft\" src=\"https:\/\/www.radiopiu.net\/wordpress\/wp-content\/uploads\/2019\/02\/Logo_Spi-CGIL-800x445-300x167.jpg\" alt=\"\" width=\"300\" height=\"167\" srcset=\"https:\/\/www.radiopiu.net\/wordpress\/wp-content\/uploads\/2019\/02\/Logo_Spi-CGIL-800x445-300x167.jpg 300w, https:\/\/www.radiopiu.net\/wordpress\/wp-content\/uploads\/2019\/02\/Logo_Spi-CGIL-800x445-768x427.jpg 768w, https:\/\/www.radiopiu.net\/wordpress\/wp-content\/uploads\/2019\/02\/Logo_Spi-CGIL-800x445.jpg 800w\" sizes=\"auto, (max-width: 300px) 100vw, 300px\" \/><\/a>di\u00a0 Mirko Mezzacasa<\/strong><\/p>\n<p>OSPITE: Maria Grazia Gentilin e Renato Bressan<\/p>\n<p>&nbsp;<\/p>\n<p>&nbsp;<\/p>\n<p>&nbsp;<\/p>\n<p>&nbsp;<\/p>\n<audio class=\"wp-audio-shortcode\" id=\"audio-433243-13\" preload=\"none\" style=\"width: 100%;\" controls=\"controls\"><source type=\"audio\/mpeg\" src=\"https:\/\/www.radiopiu.net\/wordpress\/wp-content\/uploads\/2021\/10\/SPI-FEBBRAIO-2025-MARIA-RITA.mp3?_=13\" \/><a href=\"https:\/\/www.radiopiu.net\/wordpress\/wp-content\/uploads\/2021\/10\/SPI-FEBBRAIO-2025-MARIA-RITA.mp3\">https:\/\/www.radiopiu.net\/wordpress\/wp-content\/uploads\/2021\/10\/SPI-FEBBRAIO-2025-MARIA-RITA.mp3<\/a><\/audio>\n<p>&nbsp;<\/p>\n<hr \/>\n<p>&nbsp;<\/p>\n<blockquote>\n<h2>OGGI 07 FEBBRAIO, LA DEGUSTAZIONE A FELTRE PER GLI AMANTI DEL VINO<\/h2>\n<\/blockquote>\n<p>&nbsp;<\/p>\n<p>&nbsp;<\/p>\n<p><strong>L&#8217;INVITO&#8230; DI VALENTINA &#8220;esperienza di gusto unico con la cantina Cecchetto&#8221;<\/strong><\/p>\n<audio class=\"wp-audio-shortcode\" id=\"audio-433243-14\" preload=\"none\" style=\"width: 100%;\" controls=\"controls\"><source type=\"audio\/mpeg\" src=\"https:\/\/www.radiopiu.net\/wordpress\/wp-content\/uploads\/2025\/02\/VVVVVV.mp3?_=14\" \/><a href=\"https:\/\/www.radiopiu.net\/wordpress\/wp-content\/uploads\/2025\/02\/VVVVVV.mp3\">https:\/\/www.radiopiu.net\/wordpress\/wp-content\/uploads\/2025\/02\/VVVVVV.mp3<\/a><\/audio>\n<p>&nbsp;<\/p>\n<p><strong><a class=\"dt-pswp-item\" href=\"https:\/\/www.radiopiu.net\/wordpress\/wp-content\/uploads\/2025\/01\/Senza-nome-77.png\" data-dt-img-description=\"\" data-large_image_width=\"227\" data-large_image_height=\"182\"><img loading=\"lazy\" decoding=\"async\" class=\"size-full wp-image-431216 aligncenter\" src=\"https:\/\/www.radiopiu.net\/wordpress\/wp-content\/uploads\/2025\/01\/Senza-nome-77.png\" alt=\"\" width=\"227\" height=\"182\" \/><\/a><\/strong><\/p>\n<p>&nbsp;<\/p>\n<p>&nbsp;<\/p>\n<hr \/>\n<p>&nbsp;<\/p>\n<header class=\"entry-header\" aria-label=\"Contenuto\">\n<h2 class=\"entry-title\"><a class=\"dt-pswp-item\" href=\"https:\/\/www.radiopiu.net\/wordpress\/wp-content\/uploads\/2024\/12\/WhatsApp-Image-2024-12-13-at-11.29.03-1.jpg\" data-dt-img-description=\"\" data-large_image_width=\"800\" data-large_image_height=\"382\"><img loading=\"lazy\" decoding=\"async\" class=\"size-medium wp-image-426333 alignleft\" src=\"https:\/\/www.radiopiu.net\/wordpress\/wp-content\/uploads\/2024\/12\/WhatsApp-Image-2024-12-13-at-11.29.03-1-300x143.jpg\" alt=\"\" width=\"300\" height=\"143\" srcset=\"https:\/\/www.radiopiu.net\/wordpress\/wp-content\/uploads\/2024\/12\/WhatsApp-Image-2024-12-13-at-11.29.03-1-300x143.jpg 300w, https:\/\/www.radiopiu.net\/wordpress\/wp-content\/uploads\/2024\/12\/WhatsApp-Image-2024-12-13-at-11.29.03-1-768x367.jpg 768w, https:\/\/www.radiopiu.net\/wordpress\/wp-content\/uploads\/2024\/12\/WhatsApp-Image-2024-12-13-at-11.29.03-1.jpg 800w\" sizes=\"auto, (max-width: 300px) 100vw, 300px\" \/><\/a><span style=\"color: #800080;\">\u201cL\u2019eredit\u00e0\u00a0delle\u00a0Olimpiadi\u00a01956\u201d \u00e8 la trasmissione prodotta da Radio Club 103 e in onda su \u201cLe Tre Radio\u201d con il patrocinio della Fondazione Cortina.<\/span> Audio<\/h2>\n<\/header>\n<div class=\"entry-content\">\n<p class=\"has-text-align-center\">Un viaggio nel passato che dal\u00a0<strong>17 dic<\/strong>embre e\u00a0per\u00a0due mesi\u00a0e\u00a0mezzo, accompagner\u00e0 alla\u00a0<strong>riscoperta\u00a0delle\u00a0storiche\u00a0Olimpiadi\u00a0Invernali di\u00a0Cortina\u00a0d\u2019Ampezzo\u00a0del\u00a01956<\/strong>, un evento che ha segnato la storia di\u00a0Cortina\u00a0e\u00a0dell\u2019Italia tutta.<\/p>\n<p><strong>PUNTATA 08<\/strong><\/p>\n<audio class=\"wp-audio-shortcode\" id=\"audio-433243-15\" preload=\"none\" style=\"width: 100%;\" controls=\"controls\"><source type=\"audio\/mpeg\" src=\"https:\/\/www.radiopiu.net\/wordpress\/wp-content\/uploads\/2025\/02\/TX-NR.-8.mp3?_=15\" \/><a href=\"https:\/\/www.radiopiu.net\/wordpress\/wp-content\/uploads\/2025\/02\/TX-NR.-8.mp3\">https:\/\/www.radiopiu.net\/wordpress\/wp-content\/uploads\/2025\/02\/TX-NR.-8.mp3<\/a><\/audio>\n<p>&nbsp;<\/p>\n<p><strong>LA RACCOLTA COMPLETA <a href=\"https:\/\/www.radiopiu.net\/wordpress\/tre-radio-ununica-voce-tra-le-dolomiti-il-programma-olimpico\/\"><span style=\"color: #3366ff;\">CLICCA QUI<\/span><\/a><\/strong><\/p>\n<p>&nbsp;<\/p>\n<hr \/>\n<p>&nbsp;<\/p>\n<\/div>\n<div class=\"page-title-head hgroup\">\n<h2 class=\"entry-title\"><span style=\"color: #ffcc00;\">COSA GUARDO STASERA IN TV?\u2026CON PAOLA LANCIATO<\/span><\/h2>\n<\/div>\n<h1><span style=\"color: #ff0000;\"><strong><a class=\"dt-pswp-item\" href=\"https:\/\/www.radiopiu.net\/wordpress\/wp-content\/uploads\/2025\/02\/download.jpg\" data-dt-img-description=\"\" data-large_image_width=\"184\" data-large_image_height=\"273\"><img loading=\"lazy\" decoding=\"async\" class=\"size-full wp-image-433335 alignleft\" src=\"https:\/\/www.radiopiu.net\/wordpress\/wp-content\/uploads\/2025\/02\/download.jpg\" alt=\"\" width=\"184\" height=\"273\" \/><\/a>Puntata 22 del 05 febbraio\u00a0 2025<\/strong><\/span><\/h1>\n<audio class=\"wp-audio-shortcode\" id=\"audio-433243-16\" preload=\"none\" style=\"width: 100%;\" controls=\"controls\"><source type=\"audio\/mpeg\" src=\"https:\/\/www.radiopiu.net\/wordpress\/wp-content\/uploads\/2025\/02\/CIAK2.mp3?_=16\" \/><a href=\"https:\/\/www.radiopiu.net\/wordpress\/wp-content\/uploads\/2025\/02\/CIAK2.mp3\">https:\/\/www.radiopiu.net\/wordpress\/wp-content\/uploads\/2025\/02\/CIAK2.mp3<\/a><\/audio>\n<p>&nbsp;<\/p>\n<p>LA RACCOLTA COMPLETA <span style=\"color: #0000ff;\"><strong><a style=\"color: #0000ff;\" href=\"https:\/\/www.radiopiu.net\/wordpress\/cosa-guardo-stasera-in-tv-con-paola-lanciato-la-raccolta\/\">CLICCA QUI<\/a><\/strong><\/span><\/p>\n<p>&nbsp;<\/p>\n<p>&nbsp;<\/p>\n<p>&nbsp;<\/p>\n<blockquote class=\"wp-embedded-content\" data-secret=\"Uay7SPJOKZ\"><p><a href=\"https:\/\/www.radiopiu.net\/wordpress\/quel-giorno-in-valle-di-san-lucano-con-sandro-pertini\/\">QUEL GIORNO IN VALLE DI SAN LUCANO&#8230;CON SANDRO PERTINI<\/a><\/p><\/blockquote>\n<p><iframe loading=\"lazy\" class=\"wp-embedded-content\" sandbox=\"allow-scripts\" security=\"restricted\" style=\"position: absolute; visibility: hidden;\" title=\"&#8220;QUEL GIORNO IN VALLE DI SAN LUCANO&#8230;CON SANDRO PERTINI&#8221; &#8212; Radio Pi\u00f9\" src=\"https:\/\/www.radiopiu.net\/wordpress\/quel-giorno-in-valle-di-san-lucano-con-sandro-pertini\/embed\/#?secret=hLgg0PttFz#?secret=Uay7SPJOKZ\" data-secret=\"Uay7SPJOKZ\" width=\"600\" height=\"338\" frameborder=\"0\" marginwidth=\"0\" marginheight=\"0\" scrolling=\"no\"><\/iframe><\/p>\n<hr \/>\n<p>&nbsp;<\/p>\n<h2><span style=\"color: #ff0000;\"><a class=\"dt-pswp-item\" href=\"https:\/\/www.radiopiu.net\/wordpress\/wp-content\/uploads\/2018\/09\/appuntamenti.jpeg\" data-dt-img-description=\"\" data-large_image_width=\"800\" data-large_image_height=\"100\"><img loading=\"lazy\" decoding=\"async\" class=\"wp-image-61958 size-full aligncenter\" src=\"https:\/\/www.radiopiu.net\/wordpress\/wp-content\/uploads\/2018\/09\/appuntamenti.jpeg\" alt=\"\" width=\"800\" height=\"100\" srcset=\"https:\/\/www.radiopiu.net\/wordpress\/wp-content\/uploads\/2018\/09\/appuntamenti.jpeg 800w, https:\/\/www.radiopiu.net\/wordpress\/wp-content\/uploads\/2018\/09\/appuntamenti-300x38.jpeg 300w, https:\/\/www.radiopiu.net\/wordpress\/wp-content\/uploads\/2018\/09\/appuntamenti-768x96.jpeg 768w\" sizes=\"auto, (max-width: 800px) 100vw, 800px\" \/><\/a><\/span><\/h2>\n<div dir=\"auto\"><\/div>\n<div>\n<div class=\"\" dir=\"auto\">\n<div id=\":r9h:\" class=\"x1iorvi4 x1pi30zi x1l90r2v x1swvt13\" data-ad-comet-preview=\"message\" data-ad-preview=\"message\">\n<div>\n<div class=\"\" dir=\"auto\">\n<div id=\":r9h:\" class=\"x1iorvi4 x1pi30zi x1l90r2v x1swvt13\" data-ad-comet-preview=\"message\" data-ad-preview=\"message\">\n<div>\n<div class=\"\" dir=\"auto\">\n<div id=\":r9h:\" class=\"x1iorvi4 x1pi30zi x1l90r2v x1swvt13\" data-ad-comet-preview=\"message\" data-ad-preview=\"message\">\n<div>\n<div class=\"\" dir=\"auto\">\n<div id=\":r9h:\" class=\"x1iorvi4 x1pi30zi x1l90r2v x1swvt13\" data-ad-comet-preview=\"message\" data-ad-preview=\"message\">\n<div class=\"xdj266r x11i5rnm xat24cr x1mh8g0r x1vvkbs x126k92a\">\n<div dir=\"auto\"><\/div>\n<\/div>\n<div>\n<div class=\"\" dir=\"auto\">\n<div id=\":r9h:\" class=\"x1iorvi4 x1pi30zi x1l90r2v x1swvt13\" data-ad-comet-preview=\"message\" data-ad-preview=\"message\">\n<div>\n<div class=\"\" dir=\"auto\">\n<div id=\":r9h:\" class=\"x1iorvi4 x1pi30zi x1l90r2v x1swvt13\" data-ad-comet-preview=\"message\" data-ad-preview=\"message\">\n<div class=\"xdj266r x11i5rnm xat24cr x1mh8g0r x1vvkbs x126k92a\">\n<div dir=\"auto\"><\/div>\n<\/div>\n<div>\n<div class=\"\" dir=\"auto\">\n<div id=\":r9h:\" class=\"x1iorvi4 x1pi30zi x1l90r2v x1swvt13\" data-ad-comet-preview=\"message\" data-ad-preview=\"message\">\n<div>\n<div class=\"\" dir=\"auto\">\n<div id=\":r9h:\" class=\"x1iorvi4 x1pi30zi x1l90r2v x1swvt13\" data-ad-comet-preview=\"message\" data-ad-preview=\"message\">\n\n\t\t\t<style type='text\/css'>\n\t\t\t\t#gallery-4 {\n\t\t\t\t\tmargin: auto;\n\t\t\t\t}\n\t\t\t\t#gallery-4 .gallery-item {\n\t\t\t\t\tfloat: left;\n\t\t\t\t\tmargin-top: 10px;\n\t\t\t\t\ttext-align: center;\n\t\t\t\t\twidth: 25%;\n\t\t\t\t}\n\t\t\t\t#gallery-4 img {\n\t\t\t\t\tborder: 2px solid #cfcfcf;\n\t\t\t\t}\n\t\t\t\t#gallery-4 .gallery-caption {\n\t\t\t\t\tmargin-left: 0;\n\t\t\t\t}\n\t\t\t\t\/* see gallery_shortcode() in wp-includes\/media.php *\/\n\t\t\t<\/style>\n\t\t<div id='gallery-4' class='dt-gallery-container gallery galleryid-433243 gallery-columns-4 gallery-size-thumbnail'><dl class='gallery-item'>\n\t\t\t\t<dt class='gallery-icon portrait'>\n\t\t\t\t\t<a class=\"rollover rollover-zoom dt-pswp-item\" title=\"WhatsApp Image 2025-01-18 at 11.32.14\" data-dt-img-description=\"\" data-large_image_width=\"842\" data-large_image_height=\"1191\"href='https:\/\/www.radiopiu.net\/wordpress\/wp-content\/uploads\/2025\/02\/WhatsApp-Image-2025-01-18-at-11.32.14.jpeg'><img loading=\"lazy\" decoding=\"async\" width=\"150\" height=\"150\" src=\"https:\/\/www.radiopiu.net\/wordpress\/wp-content\/uploads\/2025\/02\/WhatsApp-Image-2025-01-18-at-11.32.14-150x150.jpeg\" class=\"attachment-thumbnail size-thumbnail\" alt=\"\" \/><\/a>\n\t\t\t\t<\/dt><\/dl><dl class='gallery-item'>\n\t\t\t\t<dt class='gallery-icon portrait'>\n\t\t\t\t\t<a class=\"rollover rollover-zoom dt-pswp-item\" title=\"manifesto serate invernali\" data-dt-img-description=\"\" data-large_image_width=\"1683\" data-large_image_height=\"2383\"href='https:\/\/www.radiopiu.net\/wordpress\/wp-content\/uploads\/2024\/11\/manifesto-serate-invernali.jpg'><img loading=\"lazy\" decoding=\"async\" width=\"150\" height=\"150\" src=\"https:\/\/www.radiopiu.net\/wordpress\/wp-content\/uploads\/2024\/11\/manifesto-serate-invernali-150x150.jpg\" class=\"attachment-thumbnail size-thumbnail\" alt=\"\" aria-describedby=\"gallery-4-418816\" \/><\/a>\n\t\t\t\t<\/dt>\n\t\t\t\t\t<dd class='wp-caption-text gallery-caption' id='gallery-4-418816'>\n\t\t\t\t\t21 FEBBRAIO\n\t\t\t\t\t<\/dd><\/dl><dl class='gallery-item'>\n\t\t\t\t<dt class='gallery-icon portrait'>\n\t\t\t\t\t<a class=\"rollover rollover-zoom dt-pswp-item\" title=\"921dc2b9-84ff-433f-bdf0-12b966e4d28c\" data-dt-img-description=\"\" data-large_image_width=\"1132\" data-large_image_height=\"1600\"href='https:\/\/www.radiopiu.net\/wordpress\/wp-content\/uploads\/2025\/01\/921dc2b9-84ff-433f-bdf0-12b966e4d28c.jpg'><img loading=\"lazy\" decoding=\"async\" width=\"150\" height=\"150\" src=\"https:\/\/www.radiopiu.net\/wordpress\/wp-content\/uploads\/2025\/01\/921dc2b9-84ff-433f-bdf0-12b966e4d28c-150x150.jpg\" class=\"attachment-thumbnail size-thumbnail\" alt=\"\" aria-describedby=\"gallery-4-430056\" \/><\/a>\n\t\t\t\t<\/dt>\n\t\t\t\t\t<dd class='wp-caption-text gallery-caption' id='gallery-4-430056'>\n\t\t\t\t\tLA CENA ALLA REVERSA\n\t\t\t\t\t<\/dd><\/dl><dl class='gallery-item'>\n\t\t\t\t<dt class='gallery-icon portrait'>\n\t\t\t\t\t<a class=\"rollover rollover-zoom dt-pswp-item\" title=\"e353010f-a09e-439a-aa68-6e7aaf93fc09\" data-dt-img-description=\"\" data-large_image_width=\"1146\" data-large_image_height=\"1600\"href='https:\/\/www.radiopiu.net\/wordpress\/wp-content\/uploads\/2025\/01\/e353010f-a09e-439a-aa68-6e7aaf93fc09.jpg'><img loading=\"lazy\" decoding=\"async\" width=\"150\" height=\"150\" src=\"https:\/\/www.radiopiu.net\/wordpress\/wp-content\/uploads\/2025\/01\/e353010f-a09e-439a-aa68-6e7aaf93fc09-150x150.jpg\" class=\"attachment-thumbnail size-thumbnail\" alt=\"\" \/><\/a>\n\t\t\t\t<\/dt><\/dl><br style=\"clear: both\" \/><dl class='gallery-item'>\n\t\t\t\t<dt class='gallery-icon portrait'>\n\t\t\t\t\t<a class=\"rollover rollover-zoom dt-pswp-item\" title=\"Don Bosco - LocandinaTerrazza-finale\" data-dt-img-description=\"\" data-large_image_width=\"1240\" data-large_image_height=\"1755\"href='https:\/\/www.radiopiu.net\/wordpress\/wp-content\/uploads\/2025\/01\/Don-Bosco-LocandinaTerrazza-finale.jpg'><img loading=\"lazy\" decoding=\"async\" width=\"150\" height=\"150\" src=\"https:\/\/www.radiopiu.net\/wordpress\/wp-content\/uploads\/2025\/01\/Don-Bosco-LocandinaTerrazza-finale-150x150.jpg\" class=\"attachment-thumbnail size-thumbnail\" alt=\"\" aria-describedby=\"gallery-4-431006\" \/><\/a>\n\t\t\t\t<\/dt>\n\t\t\t\t\t<dd class='wp-caption-text gallery-caption' id='gallery-4-431006'>\n\t\t\t\t\tIL 16 FEBBRAIO A SOSPIROLO\n\t\t\t\t\t<\/dd><\/dl><dl class='gallery-item'>\n\t\t\t\t<dt class='gallery-icon landscape'>\n\t\t\t\t\t<a class=\"rollover rollover-zoom dt-pswp-item\" title=\"bagno di gong\" data-dt-img-description=\"\" data-large_image_width=\"841\" data-large_image_height=\"595\"href='https:\/\/www.radiopiu.net\/wordpress\/wp-content\/uploads\/2025\/01\/bagno-di-gong.jpg'><img loading=\"lazy\" decoding=\"async\" width=\"150\" height=\"150\" src=\"https:\/\/www.radiopiu.net\/wordpress\/wp-content\/uploads\/2025\/01\/bagno-di-gong-150x150.jpg\" class=\"attachment-thumbnail size-thumbnail\" alt=\"\" aria-describedby=\"gallery-4-431421\" \/><\/a>\n\t\t\t\t<\/dt>\n\t\t\t\t\t<dd class='wp-caption-text gallery-caption' id='gallery-4-431421'>\n\t\t\t\t\tBAGNO DI GONG A LA VALLE\n\t\t\t\t\t<\/dd><\/dl><dl class='gallery-item'>\n\t\t\t\t<dt class='gallery-icon portrait'>\n\t\t\t\t\t<a class=\"rollover rollover-zoom dt-pswp-item\" title=\"df2b0862-a430-4afa-8e2b-8579fa15f25a\" data-dt-img-description=\"\" data-large_image_width=\"1134\" data-large_image_height=\"1600\"href='https:\/\/www.radiopiu.net\/wordpress\/wp-content\/uploads\/2025\/01\/df2b0862-a430-4afa-8e2b-8579fa15f25a.jpg'><img loading=\"lazy\" decoding=\"async\" width=\"150\" height=\"150\" src=\"https:\/\/www.radiopiu.net\/wordpress\/wp-content\/uploads\/2025\/01\/df2b0862-a430-4afa-8e2b-8579fa15f25a-150x150.jpg\" class=\"attachment-thumbnail size-thumbnail\" alt=\"\" \/><\/a>\n\t\t\t\t<\/dt><\/dl><dl class='gallery-item'>\n\t\t\t\t<dt class='gallery-icon portrait'>\n\t\t\t\t\t<a class=\"rollover rollover-zoom dt-pswp-item\" title=\"dad1d0d2-12e8-494a-9390-929e17ce5985\" data-dt-img-description=\"\" data-large_image_width=\"900\" data-large_image_height=\"1600\"href='https:\/\/www.radiopiu.net\/wordpress\/wp-content\/uploads\/2025\/01\/dad1d0d2-12e8-494a-9390-929e17ce5985.jpg'><img loading=\"lazy\" decoding=\"async\" width=\"150\" height=\"150\" src=\"https:\/\/www.radiopiu.net\/wordpress\/wp-content\/uploads\/2025\/01\/dad1d0d2-12e8-494a-9390-929e17ce5985-150x150.jpg\" class=\"attachment-thumbnail size-thumbnail\" alt=\"\" \/><\/a>\n\t\t\t\t<\/dt><\/dl><br style=\"clear: both\" \/><dl class='gallery-item'>\n\t\t\t\t<dt class='gallery-icon portrait'>\n\t\t\t\t\t<a class=\"rollover rollover-zoom dt-pswp-item\" title=\"Unknown\" data-dt-img-description=\"\" data-large_image_width=\"1754\" data-large_image_height=\"2480\"href='https:\/\/www.radiopiu.net\/wordpress\/wp-content\/uploads\/2025\/01\/Unknown-2.jpeg'><img loading=\"lazy\" decoding=\"async\" width=\"150\" height=\"150\" src=\"https:\/\/www.radiopiu.net\/wordpress\/wp-content\/uploads\/2025\/01\/Unknown-2-150x150.jpeg\" class=\"attachment-thumbnail size-thumbnail\" alt=\"\" \/><\/a>\n\t\t\t\t<\/dt><\/dl><dl class='gallery-item'>\n\t\t\t\t<dt class='gallery-icon portrait'>\n\t\t\t\t\t<a class=\"rollover rollover-zoom dt-pswp-item\" title=\"98c08a82-572c-4113-bead-264f62e1626a\" data-dt-img-description=\"\" data-large_image_width=\"1810\" data-large_image_height=\"2560\"href='https:\/\/www.radiopiu.net\/wordpress\/wp-content\/uploads\/2025\/01\/98c08a82-572c-4113-bead-264f62e1626a-scaled.jpg'><img loading=\"lazy\" decoding=\"async\" width=\"150\" height=\"150\" src=\"https:\/\/www.radiopiu.net\/wordpress\/wp-content\/uploads\/2025\/01\/98c08a82-572c-4113-bead-264f62e1626a-150x150.jpg\" class=\"attachment-thumbnail size-thumbnail\" alt=\"\" \/><\/a>\n\t\t\t\t<\/dt><\/dl><dl class='gallery-item'>\n\t\t\t\t<dt class='gallery-icon landscape'>\n\t\t\t\t\t<a class=\"rollover rollover-zoom dt-pswp-item\" title=\"51814602-60fc-47fd-b4ca-03c62e278a76\" data-dt-img-description=\"\" data-large_image_width=\"689\" data-large_image_height=\"679\"href='https:\/\/www.radiopiu.net\/wordpress\/wp-content\/uploads\/2025\/01\/51814602-60fc-47fd-b4ca-03c62e278a76.jpg'><img loading=\"lazy\" decoding=\"async\" width=\"150\" height=\"150\" src=\"https:\/\/www.radiopiu.net\/wordpress\/wp-content\/uploads\/2025\/01\/51814602-60fc-47fd-b4ca-03c62e278a76-150x150.jpg\" class=\"attachment-thumbnail size-thumbnail\" alt=\"\" \/><\/a>\n\t\t\t\t<\/dt><\/dl><dl class='gallery-item'>\n\t\t\t\t<dt class='gallery-icon portrait'>\n\t\t\t\t\t<a class=\"rollover rollover-zoom dt-pswp-item\" title=\"e258e2fd-cc57-4b7b-9b81-49c4e8fccab1\" data-dt-img-description=\"\" data-large_image_width=\"1123\" data-large_image_height=\"1600\"href='https:\/\/www.radiopiu.net\/wordpress\/wp-content\/uploads\/2025\/02\/e258e2fd-cc57-4b7b-9b81-49c4e8fccab1.jpg'><img loading=\"lazy\" decoding=\"async\" width=\"150\" height=\"150\" src=\"https:\/\/www.radiopiu.net\/wordpress\/wp-content\/uploads\/2025\/02\/e258e2fd-cc57-4b7b-9b81-49c4e8fccab1-150x150.jpg\" class=\"attachment-thumbnail size-thumbnail\" alt=\"\" \/><\/a>\n\t\t\t\t<\/dt><\/dl><br style=\"clear: both\" \/><dl class='gallery-item'>\n\t\t\t\t<dt class='gallery-icon portrait'>\n\t\t\t\t\t<a class=\"rollover rollover-zoom dt-pswp-item\" title=\"50d42b86-70ee-4299-b8c1-a03c3d2e1e6a\" data-dt-img-description=\"\" data-large_image_width=\"908\" data-large_image_height=\"1600\"href='https:\/\/www.radiopiu.net\/wordpress\/wp-content\/uploads\/2025\/02\/50d42b86-70ee-4299-b8c1-a03c3d2e1e6a.jpg'><img loading=\"lazy\" decoding=\"async\" width=\"150\" height=\"150\" src=\"https:\/\/www.radiopiu.net\/wordpress\/wp-content\/uploads\/2025\/02\/50d42b86-70ee-4299-b8c1-a03c3d2e1e6a-150x150.jpg\" class=\"attachment-thumbnail size-thumbnail\" alt=\"\" \/><\/a>\n\t\t\t\t<\/dt><\/dl>\n\t\t\t\t<br style='clear: both' \/>\n\t\t\t<\/div>\n\n<p>&nbsp;<\/p>\n<p>&nbsp;<\/p>\n<\/div>\n<\/div>\n<\/div>\n<\/div>\n<\/div>\n<\/div>\n<\/div>\n<\/div>\n<\/div>\n<\/div>\n<\/div>\n<\/div>\n<p>&nbsp;<\/p>\n<\/div>\n<\/div>\n<\/div>\n<\/div>\n<\/div>\n<\/div>\n<\/div>\n<\/div>\n<\/div>\n<\/div>\n<\/div>\n<\/div>\n<hr \/>\n<p>&nbsp;<\/p>\n<p class=\"mceTemp\"><a class=\"dt-pswp-item\" href=\"https:\/\/www.radiopiu.net\/wordpress\/wp-content\/uploads\/2018\/09\/WhatsApp-Image-2018-09-20-at-16.04.06.jpeg\" data-dt-img-description=\"\" data-large_image_width=\"800\" data-large_image_height=\"100\"><img loading=\"lazy\" decoding=\"async\" class=\"wp-image-61378 size-full aligncenter\" src=\"https:\/\/www.radiopiu.net\/wordpress\/wp-content\/uploads\/2018\/09\/WhatsApp-Image-2018-09-20-at-16.04.06.jpeg\" alt=\"\" width=\"800\" height=\"100\" srcset=\"https:\/\/www.radiopiu.net\/wordpress\/wp-content\/uploads\/2018\/09\/WhatsApp-Image-2018-09-20-at-16.04.06.jpeg 800w, https:\/\/www.radiopiu.net\/wordpress\/wp-content\/uploads\/2018\/09\/WhatsApp-Image-2018-09-20-at-16.04.06-300x38.jpeg 300w, https:\/\/www.radiopiu.net\/wordpress\/wp-content\/uploads\/2018\/09\/WhatsApp-Image-2018-09-20-at-16.04.06-768x96.jpeg 768w\" sizes=\"auto, (max-width: 800px) 100vw, 800px\" \/><\/a><\/p>\n<p><center><\/center><center><\/center>&nbsp;<\/p>\n<p><center><b>OGGI<\/b><\/center><b>Tempo atteso: <\/b>Al mattino sole e velature del cielo per presenza di sottili nubi alte, sulle Prealpi potrebbero arrivare le prime nubi medio-alte. Al pomeriggio ulteriore intensificazione della nuvolosit\u00e0 per irregolare nuvolosit\u00e0, sempre medio-alta, dapprima sulle Prealpi e pi\u00f9 tardi sulle Dolomiti. Il freddo inizier\u00e0 ad insinuarsi a tutte le quote per avvezione fredda fino sui 1200-1400 m. <b>Precipitazioni: <\/b>Assenti <b>Temperature: <\/b>Ad eccezione della stazionariet\u00e0 delle minime del mattino nei fondovalle, l&#8217;andamento termico sar\u00e0 particolare con massime in quota nella notte tra gioved\u00ec e venerd\u00ec<\/p>\n<hr \/>\n<p><center><b>DOMANI<\/b><\/center><b>Tempo atteso: <\/b>Ulteriore aumento della nuvolosit\u00e0 per nubi medie e medio-alte stratiformi, magari con qualche chance di schiarite specie al mattino sulle Dolomiti. Al contrario la nuvolosit\u00e0 sar\u00e0 a tratti pi\u00f9 compatta sulle Prealpi occidentali, prima di intensificarsi altrove. Dal fine pomeriggio il rischio di qualche debole fenomeno non potr\u00e0 essere del tutto escluso sui Lessini. Altrove tale rischio sar\u00e0 assai minore se non del tutto assente. Contesto freddo in alta quota e molto fresco nei fondovalle. <b>Precipitazioni: <\/b>Su gran parte delle montagna veneta pressoch\u00e9 assenti, salvo qualche fiocco in alta quota verso sera. Sulle Prealpi occidentali deboli o debolissimi fenomeni sparsi dal tardo pomeriggio. <b>Temperature: <\/b>In generale lieve rialzo con debole escursione termica giornaliera a tutte le quote.<\/p>\n<hr \/>\n<p><center><b>DOMENICA<\/b><\/center>Qualche sporadico e debolissimo fenomeno notturno con tracce di neve sopra i 1100-1300 m qua e l\u00e0. In giornata iniziale nuvolosit\u00e0 stratiforme irregolare al mattino, assieme a qualche squarcio di sereno. Al pomeriggio parziale miglioramento con riduzione della nuvolosit\u00e0 e maggiori chance di schiarite. Temperature in generale lieve ripresa.<\/p>\n<hr \/>\n<p><center><b>LUNEDI<\/b><\/center>Sole e cielo piuttosto sereno al mattino, poi nuovo aumento della nuvolosit\u00e0 fino a cielo molto nuovloso\/coperto al pomeriggio. Temperature in generale calo.<\/p>\n<p>&nbsp;<\/p>\n<hr \/>\n<p>&nbsp;<\/p>\n<p class=\"mceTemp\"><a class=\"dt-pswp-item\" href=\"https:\/\/www.radiopiu.net\/wordpress\/wp-content\/uploads\/2018\/09\/sport.jpg\" data-dt-img-description=\"\" data-large_image_width=\"800\" data-large_image_height=\"100\"><img loading=\"lazy\" decoding=\"async\" class=\"aligncenter wp-image-60761 size-full\" src=\"https:\/\/www.radiopiu.net\/wordpress\/wp-content\/uploads\/2018\/09\/sport.jpg\" alt=\"\" width=\"800\" height=\"100\" srcset=\"https:\/\/www.radiopiu.net\/wordpress\/wp-content\/uploads\/2018\/09\/sport.jpg 800w, https:\/\/www.radiopiu.net\/wordpress\/wp-content\/uploads\/2018\/09\/sport-300x38.jpg 300w, https:\/\/www.radiopiu.net\/wordpress\/wp-content\/uploads\/2018\/09\/sport-768x96.jpg 768w\" sizes=\"auto, (max-width: 800px) 100vw, 800px\" \/> <\/a><\/p>\n<p class=\"mceTemp\"><span style=\"color: #0000ff;\"><strong>\u00a0 \u00a0\u00a0<\/strong><\/span><\/p>\n<p><span style=\"color: #0000ff;\"><strong>SCI NORDICO<\/strong><\/span><\/p>\n<blockquote>\n<h3>Sci Nordico: gli Alpini del Cadore conquistano il titolo nazionale, <strong>Belluno sul podio, Feltre nella top ten<\/strong><\/h3>\n<\/blockquote>\n<div class=\"flex-1 overflow-hidden @container\/thread translate-y-[1.5rem] -mt-[1.5rem] pb-[1.5rem]\">\n<div class=\"h-full\">\n<div class=\"react-scroll-to-bottom--css-dwtwm-79elbk h-full\">\n<div class=\"react-scroll-to-bottom--css-dwtwm-1n7m0yu\">\n<div class=\"flex flex-col text-sm\">\n<article class=\"w-full text-token-text-primary focus-visible:outline-2 focus-visible:outline-offset-[-4px]\" dir=\"auto\" data-testid=\"conversation-turn-55\" data-scroll-anchor=\"true\">\n<div class=\"m-auto text-base py-[18px] px-6\">\n<div class=\"mx-auto flex flex-1 gap-4 text-base md:gap-5 lg:gap-6 md:max-w-3xl lg:max-w-[40rem] xl:max-w-[48rem]\">\n<div class=\"group\/conversation-turn relative flex w-full min-w-0 flex-col agent-turn @xs\/thread:px-0 @sm\/thread:px-1.5 @md\/thread:px-4\">\n<div class=\"flex-col gap-1 md:gap-3\">\n<div class=\"flex max-w-full flex-col flex-grow\">\n<div class=\"min-h-8 text-message flex w-full flex-col items-end gap-2 whitespace-normal break-words text-start [.text-message+&amp;]:mt-5\" dir=\"auto\" data-message-author-role=\"assistant\" data-message-id=\"0cad6ce8-00ae-447c-8a57-1a9db2cc054c\" data-message-model-slug=\"gpt-4o\">\n<div class=\"flex w-full flex-col gap-1 empty:hidden first:pt-[3px]\">\n<div class=\"markdown prose w-full break-words dark:prose-invert dark\">\n<p><img loading=\"lazy\" decoding=\"async\" class=\"alignleft\" src=\"https:\/\/www.radiopiu.net\/wordpress\/wp-content\/uploads\/2025\/02\/Senza-nome-19.png\" width=\"271\" height=\"140\" \/>Grande successo per le Penne Nere bellunesi alla 88\u00aa edizione del Campionato nazionale di sci di fondo dell\u2019Associazione Nazionale Alpini, svoltasi lo scorso fine settimana nell\u2019Arena Carnia di Forni Avoltri. La sezione Cadore ha conquistato il titolo nazionale a squadre con 1.173 punti, davanti a Bergamo (1.087 punti) e Belluno (981 punti). Ottimo risultato anche per la sezione di Feltre, che si \u00e8 classificata nona con 349 punti.<\/p>\n<p>A livello individuale, nella classifica assoluta, si sono distinti tre atleti bellunesi: Damiano Fontanive (4\u00b0), Eudio De Col (6\u00b0) e Martino Ploner (9\u00b0).<\/p>\n<p>Ecco i podi bellunesi nelle diverse categorie:<\/p>\n<table>\n<thead>\n<tr>\n<th><strong>Categoria<\/strong><\/th>\n<th><strong>Atleta<\/strong><\/th>\n<th><strong>Sezione<\/strong><\/th>\n<th><strong>Piazzamento<\/strong><\/th>\n<\/tr>\n<\/thead>\n<tbody>\n<tr>\n<td>A1<\/td>\n<td>Nicola Fontanive<\/td>\n<td>Belluno<\/td>\n<td>2\u00b0<\/td>\n<\/tr>\n<tr>\n<td>A2<\/td>\n<td>Damiano Fontanive<\/td>\n<td>Belluno<\/td>\n<td>2\u00b0<\/td>\n<\/tr>\n<tr>\n<td>A5<\/td>\n<td>Martino Ploner<\/td>\n<td>Belluno<\/td>\n<td>3\u00b0<\/td>\n<\/tr>\n<tr>\n<td>A6<\/td>\n<td>Eudio De Col<\/td>\n<td>Belluno<\/td>\n<td>1\u00b0<\/td>\n<\/tr>\n<tr>\n<td>B7<\/td>\n<td>Stefano De Martin Pinter<\/td>\n<td>Cadore<\/td>\n<td>1\u00b0<\/td>\n<\/tr>\n<tr>\n<td>B7<\/td>\n<td>Valentino De Martin Bianco<\/td>\n<td>Cadore<\/td>\n<td>3\u00b0<\/td>\n<\/tr>\n<tr>\n<td>B8<\/td>\n<td>Paolo Cancel<\/td>\n<td>Belluno<\/td>\n<td>2\u00b0<\/td>\n<\/tr>\n<tr>\n<td>B10<\/td>\n<td>Ivo Andrich<\/td>\n<td>Belluno<\/td>\n<td>2\u00b0<\/td>\n<\/tr>\n<tr>\n<td>B3 (Aggregati)<\/td>\n<td>Nicola De Lorenzo<\/td>\n<td>Cadore<\/td>\n<td>1\u00b0<\/td>\n<\/tr>\n<tr>\n<td>B3 (Aggregati)<\/td>\n<td>Isidoro De Bortoli<\/td>\n<td>Feltre<\/td>\n<td>2\u00b0<\/td>\n<\/tr>\n<tr>\n<td>B3 (Aggregati)<\/td>\n<td>Sandro Zandonella<\/td>\n<td>Cadore<\/td>\n<td>3\u00b0<\/td>\n<\/tr>\n<\/tbody>\n<\/table>\n<\/div>\n<\/div>\n<\/div>\n<\/div>\n<\/div>\n<\/div>\n<\/div>\n<\/div>\n<\/article>\n<\/div>\n<\/div>\n<\/div>\n<\/div>\n<\/div>\n<blockquote>\n<h4><\/h4>\n<\/blockquote>\n<blockquote><p>&nbsp;<\/p><\/blockquote>\n<p>&nbsp;<\/p>\n<p><span style=\"color: #0000ff;\"><strong>HOCKEY SU GHIACCIO<\/strong><\/span><\/p>\n<blockquote>\n<h3>BENTORNATO GRANDE ORSO&#8230;JOHAN BULOW AD ALLEGHE<\/h3>\n<\/blockquote>\n<p><strong>ALLEGHE<\/strong> I giocatori che hanno giocato nell&#8217;Alleghe tornano sempre in Agordino e anche Johan Bulow ha deciso fare vista al paese che lo ha ospitato in passato. Lo svedese \u00e8 sul lungo lago nelle ultime ore ed \u00e8 passato a trovare i fratelli Fontanive, Fabrizio e Alberto, ex compagni di squadra nella stagione 2005-06.<\/p>\n<p><a class=\"dt-pswp-item\" href=\"https:\/\/www.radiopiu.net\/wordpress\/wp-content\/uploads\/2025\/02\/6a1e27d0-2737-4993-972d-db7da582adc3.jpg\" data-dt-img-description=\"\" data-large_image_width=\"1600\" data-large_image_height=\"1200\"><img loading=\"lazy\" decoding=\"async\" class=\"alignnone wp-image-433424 size-large\" src=\"https:\/\/www.radiopiu.net\/wordpress\/wp-content\/uploads\/2025\/02\/6a1e27d0-2737-4993-972d-db7da582adc3-1024x768.jpg\" alt=\"\" width=\"1024\" height=\"768\" srcset=\"https:\/\/www.radiopiu.net\/wordpress\/wp-content\/uploads\/2025\/02\/6a1e27d0-2737-4993-972d-db7da582adc3-1024x768.jpg 1024w, https:\/\/www.radiopiu.net\/wordpress\/wp-content\/uploads\/2025\/02\/6a1e27d0-2737-4993-972d-db7da582adc3-300x225.jpg 300w, https:\/\/www.radiopiu.net\/wordpress\/wp-content\/uploads\/2025\/02\/6a1e27d0-2737-4993-972d-db7da582adc3-768x576.jpg 768w, https:\/\/www.radiopiu.net\/wordpress\/wp-content\/uploads\/2025\/02\/6a1e27d0-2737-4993-972d-db7da582adc3-1536x1152.jpg 1536w, https:\/\/www.radiopiu.net\/wordpress\/wp-content\/uploads\/2025\/02\/6a1e27d0-2737-4993-972d-db7da582adc3.jpg 1600w\" sizes=\"auto, (max-width: 1024px) 100vw, 1024px\" \/><\/a><\/p>\n<p>&nbsp;<\/p>\n<p>&nbsp;<\/p>\n<p>&nbsp;<\/p>\n<p>&nbsp;<\/p>\n<p>&nbsp;<\/p>\n<p>&nbsp;<\/p>\n","protected":false},"excerpt":{"rendered":"<p>******** &nbsp; OGGI 7 FEBBRAIO 2025, CON IL BUNGIORNO DI VIP, PIERALDO VIGNAZIA &nbsp; LA\u00a0 APP PER IOS-IPHONE di Nicola Vettorello https:\/\/apps.apple.com\/it\/app\/radio-pi%C3%B9-emittente-agordina\/id1515939845 LA\u00a0 APP RADIO\u00a0 PER ANDROID di Nicola Vettorello https:\/\/play.google.com\/store\/apps\/details?id=net.radiopiu.iniko\u00a0\u00a0\u00a0\u00a0 &nbsp; &nbsp; &nbsp; OGGI ALLA RADIO:\u00a0\u00a0 rassegna stampa nazionale, ogni giorno alle 5 e alle 6 del mattino. giornali locali 7 rassegna stampa flash,&hellip;<\/p>\n","protected":false},"author":4,"featured_media":433455,"comment_status":"closed","ping_status":"closed","sticky":false,"template":"","format":"standard","meta":{"_monsterinsights_skip_tracking":false,"_monsterinsights_sitenote_active":false,"_monsterinsights_sitenote_note":"","_monsterinsights_sitenote_category":0,"footnotes":""},"categories":[51,86,49],"tags":[],"class_list":["post-433243","post","type-post","status-publish","format-standard","has-post-thumbnail","hentry","category-evidenza-top","category-gr","category-news-18","category-51","category-86","category-49","description-off"],"img_url":"https:\/\/www.radiopiu.net\/wordpress\/wp-content\/uploads\/2025\/02\/d13c60c4-f651-4604-9e8e-75256bd4722a.jpg","_links":{"self":[{"href":"https:\/\/www.radiopiu.net\/wordpress\/wp-json\/wp\/v2\/posts\/433243","targetHints":{"allow":["GET"]}}],"collection":[{"href":"https:\/\/www.radiopiu.net\/wordpress\/wp-json\/wp\/v2\/posts"}],"about":[{"href":"https:\/\/www.radiopiu.net\/wordpress\/wp-json\/wp\/v2\/types\/post"}],"author":[{"embeddable":true,"href":"https:\/\/www.radiopiu.net\/wordpress\/wp-json\/wp\/v2\/users\/4"}],"replies":[{"embeddable":true,"href":"https:\/\/www.radiopiu.net\/wordpress\/wp-json\/wp\/v2\/comments?post=433243"}],"version-history":[{"count":31,"href":"https:\/\/www.radiopiu.net\/wordpress\/wp-json\/wp\/v2\/posts\/433243\/revisions"}],"predecessor-version":[{"id":433508,"href":"https:\/\/www.radiopiu.net\/wordpress\/wp-json\/wp\/v2\/posts\/433243\/revisions\/433508"}],"wp:featuredmedia":[{"embeddable":true,"href":"https:\/\/www.radiopiu.net\/wordpress\/wp-json\/wp\/v2\/media\/433455"}],"wp:attachment":[{"href":"https:\/\/www.radiopiu.net\/wordpress\/wp-json\/wp\/v2\/media?parent=433243"}],"wp:term":[{"taxonomy":"category","embeddable":true,"href":"https:\/\/www.radiopiu.net\/wordpress\/wp-json\/wp\/v2\/categories?post=433243"},{"taxonomy":"post_tag","embeddable":true,"href":"https:\/\/www.radiopiu.net\/wordpress\/wp-json\/wp\/v2\/tags?post=433243"}],"curies":[{"name":"wp","href":"https:\/\/api.w.org\/{rel}","templated":true}]}}