{"id":433622,"date":"2025-02-10T05:25:20","date_gmt":"2025-02-10T04:25:20","guid":{"rendered":"https:\/\/www.radiopiu.net\/wordpress\/?p=433622"},"modified":"2025-02-10T11:39:56","modified_gmt":"2025-02-10T10:39:56","slug":"giornale-radiopiu-10-febbraio-2025-direttore-mirko-mezzacasada-41-anni-25-giugno-1983-25-giugno-2024","status":"publish","type":"post","link":"https:\/\/www.radiopiu.net\/wordpress\/giornale-radiopiu-10-febbraio-2025-direttore-mirko-mezzacasada-41-anni-25-giugno-1983-25-giugno-2024\/","title":{"rendered":"GIORNALE RADIOPIU 10 FEBBRAIO 2025 DIRETTORE MIRKO MEZZACASA\u2026DA 41 ANNI 25 GIUGNO 1983-25 GIUGNO 2024"},"content":{"rendered":"<p>********<\/p>\n<p>&nbsp;<\/p>\n<p><em><span style=\"color: #ff0000;\"><a class=\"dt-pswp-item\" href=\"https:\/\/www.radiopiu.net\/wordpress\/wp-content\/uploads\/2024\/10\/Senza-nome-8.png\" data-dt-img-description=\"\" data-large_image_width=\"343\" data-large_image_height=\"303\"><img loading=\"lazy\" decoding=\"async\" class=\"wp-image-412130 alignleft\" src=\"https:\/\/www.radiopiu.net\/wordpress\/wp-content\/uploads\/2024\/10\/Senza-nome-8-300x265.png\" alt=\"\" width=\"105\" height=\"93\" srcset=\"https:\/\/www.radiopiu.net\/wordpress\/wp-content\/uploads\/2024\/10\/Senza-nome-8-300x265.png 300w, https:\/\/www.radiopiu.net\/wordpress\/wp-content\/uploads\/2024\/10\/Senza-nome-8.png 343w\" sizes=\"auto, (max-width: 105px) 100vw, 105px\" \/><\/a><\/span><\/em><strong><em><span style=\"color: #ff0000;\"> LA\u00a0 APP PER IOS-IPHONE di Nicola Vettorello<\/span><\/em><\/strong><\/p>\n<p><strong><span style=\"color: #0000ff;\"><a style=\"color: #0000ff;\" href=\"https:\/\/apps.apple.com\/it\/app\/radio-pi%C3%B9-emittente-agordina\/id1515939845\">https:\/\/apps.apple.com\/it\/app\/radio-pi%C3%B9-emittente-agordina\/id1515939845<\/a><\/span><\/strong><\/p>\n<p><strong><em style=\"color: #ff0000;\">LA\u00a0 APP RADIO\u00a0 PER ANDROID di Nicola Vettorello<\/em><\/strong><\/p>\n<p><strong><span style=\"color: #0000ff;\"><a style=\"color: #0000ff;\" href=\"https:\/\/play.google.com\/store\/apps\/details?id=net.radiopiu.iniko\" target=\"_blank\" rel=\"noopener noreferrer\">https:\/\/<\/a><a style=\"color: #0000ff;\" href=\"https:\/\/play.google.com\/store\/apps\/details?id=net.radiopiu.iniko\" target=\"_blank\" rel=\"noopener noreferrer\">play.google.com\/store\/apps\/details?id=net.radiopiu.iniko\u00a0\u00a0\u00a0\u00a0<\/a><\/span><\/strong><\/p>\n<p>&nbsp;<\/p>\n<p>&nbsp;<\/p>\n<hr \/>\n<p>&nbsp;<\/p>\n<p><span style=\"color: #ff0000;\"><strong>OGGI ALLA RADIO:\u00a0\u00a0<\/strong><\/span><\/p>\n<p><strong><a href=\"https:\/\/www.radiopiu.net\/wordpress\/wp-content\/uploads\/2022\/09\/loris-scussel.bmp\"><img loading=\"lazy\" decoding=\"async\" class=\"wp-image-299122 alignleft\" src=\"https:\/\/www.radiopiu.net\/wordpress\/wp-content\/uploads\/2022\/09\/loris-scussel.bmp\" alt=\"\" width=\"161\" height=\"216\" \/><\/a>rassegna stampa nazionale,<\/strong> ogni giorno alle 5 e alle 6 del mattino.<br \/>\ngiornali locali 7 rassegna stampa flash, 8 rassegna stampa, gr flash alle 10 e alle 11, principale 12.30. Informazione pomeriggio ogni ora fino alle 20, in coda ai notiziari nazionali. Giornale radio nazionale: ogni ora dalle 4 del mattino, alle 20 della sera. Alle 19 le anticipazioni dal TG di Antenna 3 di Tiziana Bolognani.<\/p>\n<p><span style=\"color: #0000ff;\"><strong>OGGI ALLE<\/strong>\u00a0<\/span> \u00a0<strong>9.00\u00a0 <\/strong>OGGI COME IERI, CON SILVIA BALDO\u00a0<strong>9.40\u00a0<\/strong>\u00a0 I RACCONTI DI PAOLO SOPPELSA <strong>\u00a010.30<\/strong>\u00a0 SIB.. LO SPECIALE ALLA RADIO CON BARBARA PAOLAZZI PER LE TRE RADIO<strong> 13.05 <\/strong>SALUTE E SOCIETA&#8217; CON IL DOTTOR MARCO CARACCIOLO\u00a0<strong>14.00<\/strong> PIU&#8217; MUSICA CON MARINA DONA&#8217; <strong>15.00<\/strong>\u00a0 RITRATTI SONORI CON ALESSIA DALL&#8217;O OSPITE SUSAN GAGLIANO<\/p>\n<p>e da domani: <strong> 13.20<\/strong> COLLAGE OPERAZIONE NOSTALGIA\u00a0 RIASCOLTIAMOLI CON LORIS SCUSSEL (FOTO) dal martedi alla domenica<\/p>\n<p>&nbsp;<\/p>\n<hr \/>\n<p>&nbsp;<\/p>\n<p>&nbsp;<\/p>\n<div class=\"x11i5rnm xat24cr x1mh8g0r x1vvkbs xtlvy1s x126k92a\">\n<div dir=\"auto\">\n<div dir=\"auto\">\n<p><strong><a class=\"dt-pswp-item\" href=\"https:\/\/www.radiopiu.net\/wordpress\/wp-content\/uploads\/2024\/02\/2d44e751-d8a8-461b-8e22-d8e4e853b032.jpg\" data-dt-img-description=\"\" data-large_image_width=\"1600\" data-large_image_height=\"1200\"><img loading=\"lazy\" decoding=\"async\" class=\"wp-image-373307 alignleft\" src=\"https:\/\/www.radiopiu.net\/wordpress\/wp-content\/uploads\/2024\/02\/2d44e751-d8a8-461b-8e22-d8e4e853b032-300x225.jpg\" alt=\"\" width=\"105\" height=\"79\" srcset=\"https:\/\/www.radiopiu.net\/wordpress\/wp-content\/uploads\/2024\/02\/2d44e751-d8a8-461b-8e22-d8e4e853b032-300x225.jpg 300w, https:\/\/www.radiopiu.net\/wordpress\/wp-content\/uploads\/2024\/02\/2d44e751-d8a8-461b-8e22-d8e4e853b032-1024x768.jpg 1024w, https:\/\/www.radiopiu.net\/wordpress\/wp-content\/uploads\/2024\/02\/2d44e751-d8a8-461b-8e22-d8e4e853b032-768x576.jpg 768w, https:\/\/www.radiopiu.net\/wordpress\/wp-content\/uploads\/2024\/02\/2d44e751-d8a8-461b-8e22-d8e4e853b032-1536x1152.jpg 1536w, https:\/\/www.radiopiu.net\/wordpress\/wp-content\/uploads\/2024\/02\/2d44e751-d8a8-461b-8e22-d8e4e853b032.jpg 1600w\" sizes=\"auto, (max-width: 105px) 100vw, 105px\" \/><\/a>EL BAL DEL FIOR, DI GIULIANA DA RONCH, 10 FEBBRAIO<\/strong><strong> 2025\u00a0<\/strong><\/p>\n<p>&nbsp;<\/p>\n<audio class=\"wp-audio-shortcode\" id=\"audio-433622-1\" preload=\"none\" style=\"width: 100%;\" controls=\"controls\"><source type=\"audio\/mpeg\" src=\"https:\/\/www.radiopiu.net\/wordpress\/wp-content\/uploads\/2025\/02\/GLU-1.mp3?_=1\" \/><a href=\"https:\/\/www.radiopiu.net\/wordpress\/wp-content\/uploads\/2025\/02\/GLU-1.mp3\">https:\/\/www.radiopiu.net\/wordpress\/wp-content\/uploads\/2025\/02\/GLU-1.mp3<\/a><\/audio>\n<p>&nbsp;<\/p>\n<hr \/>\n<p>&nbsp;<\/p>\n<p>&nbsp;<\/p>\n<\/div>\n<\/div>\n<\/div>\n<div class=\"x11i5rnm xat24cr x1mh8g0r x1vvkbs xtlvy1s x126k92a\">\n<blockquote>\n<h1><strong><a class=\"dt-pswp-item\" href=\"https:\/\/www.radiopiu.net\/wordpress\/wp-content\/uploads\/2024\/10\/629301fd-708d-4f53-95c2-d28cbefd500f.jpg\" data-dt-img-description=\"\" data-large_image_width=\"1600\" data-large_image_height=\"1322\"><img loading=\"lazy\" decoding=\"async\" class=\"wp-image-413782 alignright\" src=\"https:\/\/www.radiopiu.net\/wordpress\/wp-content\/uploads\/2024\/10\/629301fd-708d-4f53-95c2-d28cbefd500f-300x248.jpg\" alt=\"\" width=\"106\" height=\"88\" srcset=\"https:\/\/www.radiopiu.net\/wordpress\/wp-content\/uploads\/2024\/10\/629301fd-708d-4f53-95c2-d28cbefd500f-300x248.jpg 300w, https:\/\/www.radiopiu.net\/wordpress\/wp-content\/uploads\/2024\/10\/629301fd-708d-4f53-95c2-d28cbefd500f-1024x846.jpg 1024w, https:\/\/www.radiopiu.net\/wordpress\/wp-content\/uploads\/2024\/10\/629301fd-708d-4f53-95c2-d28cbefd500f-768x635.jpg 768w, https:\/\/www.radiopiu.net\/wordpress\/wp-content\/uploads\/2024\/10\/629301fd-708d-4f53-95c2-d28cbefd500f-1536x1269.jpg 1536w, https:\/\/www.radiopiu.net\/wordpress\/wp-content\/uploads\/2024\/10\/629301fd-708d-4f53-95c2-d28cbefd500f.jpg 1600w\" sizes=\"auto, (max-width: 106px) 100vw, 106px\" \/><\/a><\/strong><\/h1>\n<h1><strong><a class=\"dt-pswp-item\" href=\"https:\/\/www.radiopiu.net\/wordpress\/wp-content\/uploads\/2024\/11\/th-18.jpg\" data-dt-img-description=\"\" data-large_image_width=\"156\" data-large_image_height=\"180\"><img loading=\"lazy\" decoding=\"async\" class=\"size-full wp-image-421611 alignleft\" src=\"https:\/\/www.radiopiu.net\/wordpress\/wp-content\/uploads\/2024\/11\/th-18.jpg\" alt=\"\" width=\"156\" height=\"180\" \/><\/a><\/strong><\/h1>\n<h1><strong>N di parom &#8211; L Almanach de la nosta jent<\/strong><\/h1>\n<\/blockquote>\n<p>&nbsp;<\/p>\n<p>Le voci: Davide Conedera, Agordo, Michela Dell&#8217;Osbel, La Valle Agordina Simone Ganz, Falcade Veronica Lezuo, Colle Santa Lucia. La voce nella sigla \u00e8 di Giorgia Taio<\/p>\n<p><strong>LA PUNTATA DI OGGI, 10 FEBBRAIO 2025<\/strong><\/p>\n<audio class=\"wp-audio-shortcode\" id=\"audio-433622-2\" preload=\"none\" style=\"width: 100%;\" controls=\"controls\"><source type=\"audio\/mpeg\" src=\"https:\/\/www.radiopiu.net\/wordpress\/wp-content\/uploads\/2025\/02\/AL1-1.mp3?_=2\" \/><a href=\"https:\/\/www.radiopiu.net\/wordpress\/wp-content\/uploads\/2025\/02\/AL1-1.mp3\">https:\/\/www.radiopiu.net\/wordpress\/wp-content\/uploads\/2025\/02\/AL1-1.mp3<\/a><\/audio>\n<p>&nbsp;<\/p>\n<hr \/>\n<p>&nbsp;<\/p>\n<\/div>\n<blockquote>\n<blockquote>\n<h1><span style=\"color: #ff0000;\">\u00a0<\/span><\/h1>\n<h1><span style=\"color: #ff0000;\">I podcast informativi del mattino &#8211; audio &#8211;\u00a0\u00a0<\/span><\/h1>\n<\/blockquote>\n<p><strong><a class=\"dt-pswp-item\" href=\"https:\/\/www.radiopiu.net\/wordpress\/wp-content\/uploads\/2024\/11\/6.jpg\" data-dt-img-description=\"\" data-large_image_width=\"177\" data-large_image_height=\"180\"><img loading=\"lazy\" decoding=\"async\" class=\"size-full wp-image-417911 alignleft\" src=\"https:\/\/www.radiopiu.net\/wordpress\/wp-content\/uploads\/2024\/11\/6.jpg\" alt=\"\" width=\"177\" height=\"180\" \/><\/a>LA RASSEGNA STAMPA NAZIONALE ALLA RADIO, OGNI GIORNO ALLE 5 E ALLE 6 DEL MATTINO <span style=\"color: #0000ff;\">viene pubblicata alle 6.00 <span style=\"color: #ff0000;\">DIRETTA RADIO\u00a0 \u00a0\u00a0<\/span><\/span><\/strong><\/p><\/blockquote>\n<p>&nbsp;<\/p>\n<p><strong>NOTIZIE DELLA NOTTE<\/strong><\/p>\n<p><strong>Superbowl<\/strong>, gli Eagles battono i Chiefs 40 a 22 <strong>Borsa:<\/strong> Tokyo, apertura in leggero calo (-0,20%)<br \/>\n<strong>Ecuador<\/strong>, primo exit poll: Noboa 50,12%; Gonz\u00e1lez 42,21% <strong>Trump<\/strong> proclama il 9 febbraio la giornata del Golfo d&#8217;America <strong>Fonti palestinesi,<\/strong> un terzo ucciso oggi in Cisgiordania <strong>Israele<\/strong>, &#8216;colpito un tunnel Hezbollah tra Libano e Siria&#8217;<\/p>\n<h2>AUDIO dalle 6 del mattino<\/h2>\n<audio class=\"wp-audio-shortcode\" id=\"audio-433622-3\" preload=\"none\" style=\"width: 100%;\" controls=\"controls\"><source type=\"audio\/mpeg\" src=\"https:\/\/www.radiopiu.net\/wordpress\/wp-content\/uploads\/2025\/02\/GIORNALEDELLESEI-6.mp3?_=3\" \/><a href=\"https:\/\/www.radiopiu.net\/wordpress\/wp-content\/uploads\/2025\/02\/GIORNALEDELLESEI-6.mp3\">https:\/\/www.radiopiu.net\/wordpress\/wp-content\/uploads\/2025\/02\/GIORNALEDELLESEI-6.mp3<\/a><\/audio>\n<p>&nbsp;<\/p>\n<p>&nbsp;<\/p>\n<hr \/>\n<p>&nbsp;<\/p>\n<h1 style=\"text-align: center;\"><span style=\"color: #ff0000;\"><a class=\"dt-pswp-item\" href=\"https:\/\/www.radiopiu.net\/wordpress\/wp-content\/uploads\/2024\/11\/7.jpg\" data-dt-img-description=\"\" data-large_image_width=\"180\" data-large_image_height=\"180\"><img loading=\"lazy\" decoding=\"async\" class=\"size-full wp-image-417912 alignleft\" src=\"https:\/\/www.radiopiu.net\/wordpress\/wp-content\/uploads\/2024\/11\/7.jpg\" alt=\"\" width=\"180\" height=\"180\" srcset=\"https:\/\/www.radiopiu.net\/wordpress\/wp-content\/uploads\/2024\/11\/7.jpg 180w, https:\/\/www.radiopiu.net\/wordpress\/wp-content\/uploads\/2024\/11\/7-150x150.jpg 150w\" sizes=\"auto, (max-width: 180px) 100vw, 180px\" \/><\/a>I podcast informativi del mattino &#8211; audio &#8211;\u00a0<\/span><\/h1>\n<p><strong>OGNI GIORNO ALLE SETTE DEL MATTINO, LA RASSEGNA STAMPA LOCALE FLASH&#8230; PER CHI VA IN FRETTA. I TITOLI DAI GIORNALI E DAL SITO WWW.RADIOPIU.NET <span style=\"color: #0000ff;\">viene pubblicato alle 7.00<\/span> <span style=\"color: #ff0000;\">DIRETTA RADIO\u00a0<\/span><\/strong><\/p>\n<p><em><span style=\"color: #ff0000;\">per chi va in fretta&#8230; tante notizie in pochi minuti. L&#8217;informazione locale alla radio, ogni ora dalle 7 del mattino alle 19 della sera.<\/span><\/em><\/p>\n<h1>AUDIO dalle 7 del mattino<\/h1>\n<audio class=\"wp-audio-shortcode\" id=\"audio-433622-4\" preload=\"none\" style=\"width: 100%;\" controls=\"controls\"><source type=\"audio\/mpeg\" src=\"https:\/\/www.radiopiu.net\/wordpress\/wp-content\/uploads\/2025\/02\/GF07-7.mp3?_=4\" \/><a href=\"https:\/\/www.radiopiu.net\/wordpress\/wp-content\/uploads\/2025\/02\/GF07-7.mp3\">https:\/\/www.radiopiu.net\/wordpress\/wp-content\/uploads\/2025\/02\/GF07-7.mp3<\/a><\/audio>\n<p>&nbsp;<\/p>\n<p>&nbsp;<\/p>\n<hr \/>\n<p>&nbsp;<\/p>\n<h1><\/h1>\n<h1 style=\"text-align: center;\"><span style=\"color: #ff0000;\"><a class=\"dt-pswp-item\" href=\"https:\/\/www.radiopiu.net\/wordpress\/wp-content\/uploads\/2024\/11\/th.jpg\" data-dt-img-description=\"\" data-large_image_width=\"148\" data-large_image_height=\"179\"><img loading=\"lazy\" decoding=\"async\" class=\"size-full wp-image-417913 alignleft\" src=\"https:\/\/www.radiopiu.net\/wordpress\/wp-content\/uploads\/2024\/11\/th.jpg\" alt=\"\" width=\"148\" height=\"179\" \/><\/a>I podcast informativi del mattino &#8211; audio &#8211;\u00a0<\/span><\/h1>\n<blockquote><p><strong>GIORNALE RADIO NAZIONALE, EDIZIONE DELLE SETTE <span style=\"color: #0000ff;\">viene pubblicato alle 7.05 <span style=\"color: #ff0000;\">DIRETTA RADIO\u00a0<\/span><\/span><\/strong><\/p><\/blockquote>\n<p><strong>il giornale radionazionale e&#8217; in onda ogni ora, dalle sette del mattino alle venti della sera\u00a0 \u00a0<\/strong><\/p>\n<p><strong>VERONA<\/strong> Quindicenne morta per overdose, arrestato il pusher. Polizia e carabinieri denunciano anche due persone<br \/>\n<strong>VENEZIA<\/strong> Violento in famiglia trovato con droga, arrestato <strong>VERONA<\/strong> Facevano prostituire donne nel nord Italia,2 arresti e 7 denunce. Banda da 300.000 euro al mese fermata dai Carabinieri di Arco <strong>PORDENONE<\/strong> Arrestato giovane che ricatt\u00f2 cliente di una prostituta. Rintracciato da Carabinieri dopo 10 anni.\u00a0 \u00a0<strong>VERONA<\/strong> A 10 anni resta infilzato da ringhiera, non \u00e8 in pericolo vita, gi\u00e0 operato alla\u00a0 <strong>PADOVA<\/strong> Universit\u00e0 di Padova garantir\u00e0 tutte le borse di studio 2024-25 Grazie a 7,4 milioni di euro, sono 11.452 gli aventi diritto <strong>BOLZANO<\/strong> Maxi operazione in A22, sequestrati 11 chili di coca e hashish L&#8217;uomo era appena uscito dal carcere per tentato omicidio <strong>TORINO\u00a0<\/strong> Le tolgono un tumore e le mettono elettrodi, una donna sorda ritrova l&#8217;udito <strong>LECCO<\/strong> Alpinisti dispersi sulla Grignetta, proseguono le ricerche <strong>PERUGIA<\/strong> Csm e Copasir: i tanti fronti di Lo Voi<\/p>\n<h2><span style=\"color: #ff0000;\"><span style=\"color: #0000ff;\">ULTIM&#8217;ORA<\/span> <span style=\"color: #000000;\">AUDIO dalle sette del mattino, ogni ora alla radio EDIZIONE DELLE SETTE<\/span><\/span><\/h2>\n<audio class=\"wp-audio-shortcode\" id=\"audio-433622-5\" preload=\"none\" style=\"width: 100%;\" controls=\"controls\"><source type=\"audio\/mpeg\" src=\"https:\/\/www.radiopiu.net\/wordpress\/wp-content\/uploads\/2025\/02\/giornale07-8.mp3?_=5\" \/><a href=\"https:\/\/www.radiopiu.net\/wordpress\/wp-content\/uploads\/2025\/02\/giornale07-8.mp3\">https:\/\/www.radiopiu.net\/wordpress\/wp-content\/uploads\/2025\/02\/giornale07-8.mp3<\/a><\/audio>\n<p>&nbsp;<\/p>\n<p>&nbsp;<\/p>\n<hr \/>\n<p>&nbsp;<\/p>\n<p>&nbsp;<\/p>\n<h1><span style=\"color: #ff0000;\"><a class=\"dt-pswp-item\" href=\"https:\/\/www.radiopiu.net\/wordpress\/wp-content\/uploads\/2024\/11\/8.jpg\" data-dt-img-description=\"\" data-large_image_width=\"180\" data-large_image_height=\"180\"><img loading=\"lazy\" decoding=\"async\" class=\"size-full wp-image-417910 alignleft\" src=\"https:\/\/www.radiopiu.net\/wordpress\/wp-content\/uploads\/2024\/11\/8.jpg\" alt=\"\" width=\"180\" height=\"180\" srcset=\"https:\/\/www.radiopiu.net\/wordpress\/wp-content\/uploads\/2024\/11\/8.jpg 180w, https:\/\/www.radiopiu.net\/wordpress\/wp-content\/uploads\/2024\/11\/8-150x150.jpg 150w\" sizes=\"auto, (max-width: 180px) 100vw, 180px\" \/><\/a>I podcast informativi del mattino &#8211; video &#8211;\u00a0<\/span><\/h1>\n<h2 style=\"text-align: left;\"><strong>RASSEGNA STAMPA LOCALE, ORE OTTO<\/strong><\/h2>\n<h2><strong> <span style=\"color: #0000ff;\">viene\u00a0 <\/span><\/strong><strong><span style=\"color: #0000ff;\">pubblicata alle 8.05 <span style=\"color: #ff0000;\">DIRETTA RADIO\u00a0 \u00a0<\/span><\/span><\/strong><strong>DI MIRKO MEZZACASA<\/strong><\/h2>\n<h2><span style=\"color: #ff0000;\"><strong>\u00a0<\/strong><\/span><\/h2>\n<h2><span style=\"color: #ff0000;\"><strong>\u00a0<\/strong><\/span><span style=\"color: #ff0000;\"><strong>VIDEO\u00a0 \u00a0in diretta AGGIORNAMENTO\u00a0 dalle 8 del mattino\u00a0<\/strong><\/span><\/h2>\n<p>&nbsp;<\/p>\n<p>&nbsp;<\/p>\n<hr \/>\n<p>&nbsp;<\/p>\n<p>&nbsp;<\/p>\n<p><strong><a class=\"dt-pswp-item\" href=\"https:\/\/www.radiopiu.net\/wordpress\/wp-content\/uploads\/2023\/12\/ANTENNA.png\" data-dt-img-description=\"\" data-large_image_width=\"300\" data-large_image_height=\"166\"><img loading=\"lazy\" decoding=\"async\" class=\"wp-image-366306 alignright\" src=\"https:\/\/www.radiopiu.net\/wordpress\/wp-content\/uploads\/2023\/12\/ANTENNA.png\" alt=\"\" width=\"101\" height=\"56\" \/><\/a><a class=\"dt-pswp-item\" href=\"https:\/\/www.radiopiu.net\/wordpress\/wp-content\/uploads\/2024\/11\/th-17.jpg\" data-dt-img-description=\"\" data-large_image_width=\"224\" data-large_image_height=\"180\"><img loading=\"lazy\" decoding=\"async\" class=\" wp-image-421610 alignleft\" src=\"https:\/\/www.radiopiu.net\/wordpress\/wp-content\/uploads\/2024\/11\/th-17.jpg\" alt=\"\" width=\"167\" height=\"134\" \/><\/a>ogni sera alle 19 le anticipazioni alla radio, quello che poi seguirete nel TELEGIORNALE BELLUNESE\u00a0 in onda alle 19.30 sul CANALE 10 del digitale terrestre.\u00a0\u00a0<\/strong><\/p>\n<p>&nbsp;<\/p>\n<p><b>\u00a0\u00a0<\/b><\/p>\n<p>&nbsp;<\/p>\n<p>&nbsp;<\/p>\n<p>&nbsp;<\/p>\n<hr \/>\n<p>&nbsp;<\/p>\n<blockquote>\n<h3>AUTO FINISCE ROVESCIATA, FERITA LA CONDUCENTE<\/h3>\n<\/blockquote>\n<p><strong><a class=\"dt-pswp-item\" href=\"https:\/\/www.radiopiu.net\/wordpress\/wp-content\/uploads\/2025\/02\/4f174f75-fbc0-409f-9a43-054cd3ddb796.jpg\" data-dt-img-description=\"\" data-large_image_width=\"812\" data-large_image_height=\"560\"><img loading=\"lazy\" decoding=\"async\" class=\" wp-image-433762 alignleft\" src=\"https:\/\/www.radiopiu.net\/wordpress\/wp-content\/uploads\/2025\/02\/4f174f75-fbc0-409f-9a43-054cd3ddb796-300x207.jpg\" alt=\"\" width=\"236\" height=\"163\" srcset=\"https:\/\/www.radiopiu.net\/wordpress\/wp-content\/uploads\/2025\/02\/4f174f75-fbc0-409f-9a43-054cd3ddb796-300x207.jpg 300w, https:\/\/www.radiopiu.net\/wordpress\/wp-content\/uploads\/2025\/02\/4f174f75-fbc0-409f-9a43-054cd3ddb796-768x530.jpg 768w, https:\/\/www.radiopiu.net\/wordpress\/wp-content\/uploads\/2025\/02\/4f174f75-fbc0-409f-9a43-054cd3ddb796.jpg 812w\" sizes=\"auto, (max-width: 236px) 100vw, 236px\" \/><\/a> <\/strong><\/p>\n<p><strong>BELLUNO <\/strong>Nel pomeriggio di ieri, intorno alle 14:40, un\u2019auto si \u00e8 ribaltata in Via Pedecastello a seguito della perdita di controllo da parte della conducente. Sul posto sono intervenuti i Vigili del Fuoco di Belluno, che hanno messo in sicurezza il mezzo. La donna alla guida, una 35enne di Belluno fortunatamente \u00e8 riuscita a uscire autonomamente dall\u2019auto ed \u00e8 stata assistita dal personale sanitario del Suem ma ha rifiutato il trasferimento in ambulanza all&#8217;ospedale. Le operazioni di soccorso si sono concluse dopo circa due ore con la rimozione del veicolo.<\/p>\n<p><strong>GLI ALTRI INTERVENTI DEL SUEM 118<\/strong><\/p>\n<p>Poco prima delle 10:30 l&#8217;elicottero Falco \u00e8 volato in Alpago per una donna di 75 anni che aveva accusato un malore a causa di una patologia medica ed \u00e8 stata portata al San Martino di Belluno. Poco dopo le 16 l&#8217;ultimo intervento a Misurina dove un 70enne di san Marino aveva accusato un malore.<\/p>\n<p>&nbsp;<\/p>\n<p>&nbsp;<\/p>\n<hr \/>\n<p>&nbsp;<\/p>\n<blockquote>\n<h3>STANCO E CON I CRAMPI. ESCURSIONISTA RECUPERATO DAL SOCCORSO ALPINO<\/h3>\n<\/blockquote>\n<p><strong><a class=\"dt-pswp-item\" href=\"https:\/\/www.radiopiu.net\/wordpress\/wp-content\/uploads\/2024\/03\/e040112e-5e6f-4e7a-9965-35c6262d822e.jpg\" data-dt-img-description=\"\" data-large_image_width=\"1071\" data-large_image_height=\"679\"><img loading=\"lazy\" decoding=\"async\" class=\" wp-image-379219 alignleft\" src=\"https:\/\/www.radiopiu.net\/wordpress\/wp-content\/uploads\/2024\/03\/e040112e-5e6f-4e7a-9965-35c6262d822e-300x190.jpg\" alt=\"\" width=\"185\" height=\"117\" srcset=\"https:\/\/www.radiopiu.net\/wordpress\/wp-content\/uploads\/2024\/03\/e040112e-5e6f-4e7a-9965-35c6262d822e-300x190.jpg 300w, https:\/\/www.radiopiu.net\/wordpress\/wp-content\/uploads\/2024\/03\/e040112e-5e6f-4e7a-9965-35c6262d822e-1024x649.jpg 1024w, https:\/\/www.radiopiu.net\/wordpress\/wp-content\/uploads\/2024\/03\/e040112e-5e6f-4e7a-9965-35c6262d822e-768x487.jpg 768w, https:\/\/www.radiopiu.net\/wordpress\/wp-content\/uploads\/2024\/03\/e040112e-5e6f-4e7a-9965-35c6262d822e.jpg 1071w\" sizes=\"auto, (max-width: 185px) 100vw, 185px\" \/><\/a>SANTO STEFANO DI CADORE<\/strong> Verso le 17.30 di sabato la Centrale del 118 \u00e8 stata contattata da sei ragazzi in difficolt\u00e0 non distante dal Bivacco Caimi, sul Monte Cornon, dove erano diretti per passare la notte. Uno di loro, in particolare, non era pi\u00f9 in grado di proseguire, bloccato nella neve dai crampi e dalla stanchezza. Dopo aver geolocalizzato il gruppo, verificando che avrebbero dovuto superare ancora un centinaio di metri di dislivello soltanto, si \u00e8 provato a indirizzarli verso il Bivacco ormai vicino, ma il 24enne di Savignano sul Panaro (MO) non \u00e8 pi\u00f9 stato in grado di proseguire. L&#8217;escursionista \u00e8 stato quindi recuperato dall&#8217;elicottero dell&#8217;Aiut Alpin Dolomites di Bolzano, che lo ha trasportato per accertamenti all&#8217;ospedale di Pieve di Cadore. I suoi compagni hanno invece proseguito. Pronto a intervenire il Soccorso alpino della Val Comelico.<\/p>\n<p>&nbsp;<\/p>\n<hr \/>\n<p>&nbsp;<\/p>\n<blockquote>\n<h3>SCIVOLA SUL GHIACCIO E SI FA MALE. RAGAZZO SOCCORSO A VAL DI ZOLDO<\/h3>\n<\/blockquote>\n<p><strong>VAL DI ZOLDO <\/strong>Attorno alle 13 di ieri una squadra del Soccorso alpino della Val di Zoldo \u00e8 intervenuta in supporto agli operatori dell&#8217;ambulanza, impossibilitata a raggiungere un&#8217;abitazione in localit\u00e0 Colcerver, dove un ragazzo si era fatto male scivolando a terra sul ghiaccio. I soccorritori hanno affiancato il personale sanitario, che ha prestato aiuto al trentenne del posto a seguito del possibile trauma alla schiena riportato, per poi trasportare un centinaio di metri la barella lungo la stradina scoscesa fino all&#8217;ambulanza, partita in direzione dell&#8217;ospedale di Belluno.<\/p>\n<p>&nbsp;<\/p>\n<hr \/>\n<p>&nbsp;<\/p>\n<blockquote>\n<h2>Sedico piange Gioia Nardin: esempio di sensibilit\u00e0 e impegno<\/h2>\n<\/blockquote>\n<p><img loading=\"lazy\" decoding=\"async\" class=\"alignleft\" src=\"https:\/\/www.radiopiu.net\/wordpress\/wp-content\/uploads\/2025\/02\/Senza-nome-27.png\" width=\"171\" height=\"190\" \/><\/p>\n<p><strong>SEDICO<\/strong><\/p>\n<p>La comunit\u00e0 di Sedico d\u00e0 l\u2019addio a <strong>Gioia Nardin<\/strong>, scomparsa a 49 anni. Consigliera comunale e poi assessore, Nardin si \u00e8 sempre distinta per il suo impegno civico e la dedizione alla collettivit\u00e0.<\/p>\n<p>Attiva nel volontariato, membro della commissione giovanile dell\u2019ABVS e collaboratrice parrocchiale, ha dedicato la sua vita al territorio, affrontando con coraggio la malattia che l\u2019aveva colpita nel 2019.<\/p>\n<p>\u00abEra un esempio di sensibilit\u00e0 e determinazione\u00bb, ricorda il gruppo <strong>Progetto per Sedico<\/strong>, che si unisce al dolore dei familiari. I funerali si terranno <strong>mercoled\u00ec alle 14.30<\/strong> nella chiesa di Mas. La famiglia invita a devolvere eventuali offerte all\u2019<strong>Acto Triveneto<\/strong>, a sostegno della ricerca oncologica.<\/p>\n<p>&nbsp;<\/p>\n<p>&nbsp;<\/p>\n<hr \/>\n<p>&nbsp;<\/p>\n<blockquote>\n<h2>Addio a Riccardo Da Pos, emigrante legato alle sue radici<\/h2>\n<\/blockquote>\n<p><strong><a class=\"dt-pswp-item\" href=\"https:\/\/www.radiopiu.net\/wordpress\/wp-content\/uploads\/2025\/02\/Senza-nome-29.png\" data-dt-img-description=\"\" data-large_image_width=\"147\" data-large_image_height=\"175\"><img loading=\"lazy\" decoding=\"async\" class=\"size-full wp-image-433816 alignleft\" src=\"https:\/\/www.radiopiu.net\/wordpress\/wp-content\/uploads\/2025\/02\/Senza-nome-29.png\" alt=\"\" width=\"147\" height=\"175\" \/><\/a>CANALE D\u2019AGORDO<\/strong> \u2013 Colpito da un malore nella sua casa di Carfon, Riccardo Da Pos, 84 anni, emigrante residente in Lussemburgo, \u00e8 morto marted\u00ec scorso dopo essere stato ricoverato in gravi condizioni al Ca\u2019 Foncello di Treviso.<\/p>\n<p>Da Pos, profondamente legato al suo paese natale, tornava regolarmente per curare la sua propriet\u00e0 e vivere tra i monti che aveva lasciato da giovane. I funerali si terranno domani, marted\u00ec, alle ore 14.30 nella chiesa arcipretale di Canale. Le sue ceneri torneranno in Lussemburgo, dove viveva. La comunit\u00e0 lo ricorda per la sua dedizione e amore per le proprie radici.<\/p>\n<p><strong style=\"color: #111111; font-family: 'normal Arial', Helvetica, sans-serif; font-size: 14px;\">ARCHIVIO, 2 FEBBRAIO 2025<\/strong><strong><a class=\"dt-pswp-item\" href=\"https:\/\/www.radiopiu.net\/wordpress\/wp-content\/uploads\/2025\/02\/Da-Pos-Riccardo-epi-sito-718x1024-1.jpg\" data-dt-img-description=\"\" data-large_image_width=\"718\" data-large_image_height=\"1024\"><img loading=\"lazy\" decoding=\"async\" class=\" wp-image-433909 alignleft\" src=\"https:\/\/www.radiopiu.net\/wordpress\/wp-content\/uploads\/2025\/02\/Da-Pos-Riccardo-epi-sito-718x1024-1-210x300.jpg\" alt=\"\" width=\"111\" height=\"159\" srcset=\"https:\/\/www.radiopiu.net\/wordpress\/wp-content\/uploads\/2025\/02\/Da-Pos-Riccardo-epi-sito-718x1024-1-210x300.jpg 210w, https:\/\/www.radiopiu.net\/wordpress\/wp-content\/uploads\/2025\/02\/Da-Pos-Riccardo-epi-sito-718x1024-1.jpg 718w\" sizes=\"auto, (max-width: 111px) 100vw, 111px\" \/><\/a>CANALE D\u2019AGORDO\u00a0<\/strong>Falco poco dopo le 17:\u00a0 anziano colto da malore in frazione Carfon a Canale d\u2019Agordo.\u00a0 Un 84enne della frazione, Riccardo Da Pos si \u00e8 sentito male ed \u00e8 stato richiesto l\u2019intervento dei sanitari. \u00c8 intervenuto l\u2019elicottero Falco e l\u2019uomo era in condizioni molto gravi. Il paziente \u00e8 stato preso in carico in codice 3. L\u2019uomo non usciva di casa da un paio di giorni, emigrante in Lussenburgo torna spesso nella sua abitazione dove \u00e8 molto conosciuto nella piccola frazione, proprio per questo \u00e8 stata notata la sua assenza, da almeno due giorni. I vigili del fuoco sono entrati in casa dopo aver forzato la porta d\u2019ingresso.<\/p>\n<p>&nbsp;<\/p>\n<hr \/>\n<p>&nbsp;<\/p>\n<blockquote><p><strong>MARTEDI&#8217; L&#8217;ULTIMO SALUTO A TULLIO FOLLADOR<\/strong><\/p><\/blockquote>\n<p><strong><a class=\"dt-pswp-item\" href=\"https:\/\/www.radiopiu.net\/wordpress\/wp-content\/uploads\/2025\/02\/SCR-20250209-snfg.png\" data-dt-img-description=\"\" data-large_image_width=\"372\" data-large_image_height=\"516\"><img loading=\"lazy\" decoding=\"async\" class=\" wp-image-433795 alignleft\" src=\"https:\/\/www.radiopiu.net\/wordpress\/wp-content\/uploads\/2025\/02\/SCR-20250209-snfg-216x300.png\" alt=\"\" width=\"99\" height=\"137\" srcset=\"https:\/\/www.radiopiu.net\/wordpress\/wp-content\/uploads\/2025\/02\/SCR-20250209-snfg-216x300.png 216w, https:\/\/www.radiopiu.net\/wordpress\/wp-content\/uploads\/2025\/02\/SCR-20250209-snfg.png 372w\" sizes=\"auto, (max-width: 99px) 100vw, 99px\" \/><\/a> <\/strong><\/p>\n<p><strong>\u00a0<\/strong><\/p>\n<p><strong>FALCADE<\/strong> Verranno celebrati marted\u00ec alle 10:30 nella chiesa parrocchiale di Caviola i funerali di Tullio Follador. A darne il triste annuncio sono la moglie Luisa, il figlio Maikol con Annacarla, la sorella Miranda, i cognati, le cognate, i nipoti e i parenti tutti. La famiglia porge un sentito ringraziamento alla dottoressa Corazzin, al reparto oncologia dell&#8217;Ospedale San Martino di Belluno, al reparto Medicina di Agordo e al dottor Barone per le amorevoli cure prestate.<\/p>\n<p>&nbsp;<\/p>\n<p>&nbsp;<\/p>\n<p>&nbsp;<\/p>\n<hr \/>\n<p>&nbsp;<\/p>\n<blockquote>\n<h3>IL GIORNO DEL RICORDO: LE PAROLE DI ZAIA<\/h3>\n<\/blockquote>\n<p><strong><a class=\"dt-pswp-item\" href=\"https:\/\/www.radiopiu.net\/wordpress\/wp-content\/uploads\/2024\/08\/LUCA-ZAIA-COPERTINA.jpg\" data-dt-img-description=\"\" data-large_image_width=\"1600\" data-large_image_height=\"1143\"><img loading=\"lazy\" decoding=\"async\" class=\" wp-image-403496 alignleft\" src=\"https:\/\/www.radiopiu.net\/wordpress\/wp-content\/uploads\/2024\/08\/LUCA-ZAIA-COPERTINA-300x214.jpg\" alt=\"\" width=\"196\" height=\"140\" \/><\/a>VENEZIA<\/strong> Il presidente del Veneto, Luca Zaia, sottolinea l&#8217;importanza del rispetto della verit\u00e0 storica per evitare il ripetersi delle tragedie. In occasione dell\u2019ottantesimo anniversario della fine della Seconda Guerra Mondiale, il Giorno del Ricordo assume un valore universale, commemorando le vittime delle Foibe e dell\u2019Esodo giuliano-dalmata. Migliaia di persone furono massacrate per odio etnico e centinaia di migliaia costrette all\u2019abbandono delle proprie terre. Il Veneto, storicamente legato a quelle zone, fu tra le principali mete degli esuli, accogliendoli con solidariet\u00e0. Zaia invita a vivere questa giornata non come un atto politico, ma con una coscienza condivisa che rifiuti la violenza e condanni ogni forma di persecuzione, per una societ\u00e0 basata sulla convivenza civile.<\/p>\n<p>&nbsp;<\/p>\n<p>&nbsp;<\/p>\n<hr \/>\n<p>&nbsp;<\/p>\n<blockquote>\n<h3>IL 2024 L&#8217;ANNO PIU&#8217; CALDO DEGLI ULTIMI 30 ANNI<\/h3>\n<\/blockquote>\n<p><strong><a class=\"dt-pswp-item\" href=\"https:\/\/www.radiopiu.net\/wordpress\/wp-content\/uploads\/2021\/06\/CALDO-AFA.png\" data-dt-img-description=\"\" data-large_image_width=\"1694\" data-large_image_height=\"1694\"><img loading=\"lazy\" decoding=\"async\" class=\" wp-image-218959 alignleft\" src=\"https:\/\/www.radiopiu.net\/wordpress\/wp-content\/uploads\/2021\/06\/CALDO-AFA-300x300.png\" alt=\"\" width=\"141\" height=\"141\" srcset=\"https:\/\/www.radiopiu.net\/wordpress\/wp-content\/uploads\/2021\/06\/CALDO-AFA-300x300.png 300w, https:\/\/www.radiopiu.net\/wordpress\/wp-content\/uploads\/2021\/06\/CALDO-AFA-1024x1024.png 1024w, https:\/\/www.radiopiu.net\/wordpress\/wp-content\/uploads\/2021\/06\/CALDO-AFA-150x150.png 150w, https:\/\/www.radiopiu.net\/wordpress\/wp-content\/uploads\/2021\/06\/CALDO-AFA-768x768.png 768w, https:\/\/www.radiopiu.net\/wordpress\/wp-content\/uploads\/2021\/06\/CALDO-AFA-1536x1536.png 1536w, https:\/\/www.radiopiu.net\/wordpress\/wp-content\/uploads\/2021\/06\/CALDO-AFA.png 1694w\" sizes=\"auto, (max-width: 141px) 100vw, 141px\" \/><\/a>VENEZIA<\/strong> Il 2024 in Veneto \u00e8 stato l&#8217;anno pi\u00f9 caldo dal 1991-2020, con un&#8217;anomalia di +1,4\u00b0C. Le precipitazioni sono risultate pi\u00f9 intense ma meno frequenti, con lunghi periodi di siccit\u00e0 e un aumento degli eventi estremi. La temperatura media \u00e8 passata da 11,4\u00b0C nel periodo di riferimento a oltre 12,8\u00b0C nel 2024. Le piogge sono aumentate del 38,5% rispetto alla media trentennale, con un picco dell&#8217;87% in primavera. La Regione ha attuato strategie per mitigare il rischio idrogeologico e ridurre le emissioni, puntando su energie rinnovabili. Il Veneto deve aumentare la potenza installata di 5.828 MW entro il 2030. Le aree verdi giocano un ruolo chiave nell&#8217;assorbimento di CO2. La Giunta ha adottato una strategia integrata di adattamento ai cambiamenti climatici.<\/p>\n<p>&nbsp;<\/p>\n<p>&nbsp;<\/p>\n<hr \/>\n<p>&nbsp;<\/p>\n<blockquote>\n<h3>CONFARTIGIANATO: IL LAVORO C&#8217;E&#8217; MA IL PERSONALE E&#8217; DIFFICILE DA REPERIRE<\/h3>\n<\/blockquote>\n<p><strong><a class=\"dt-pswp-item\" href=\"https:\/\/www.radiopiu.net\/wordpress\/wp-content\/uploads\/2022\/07\/CONFARTIGIANATO.png\" data-dt-img-description=\"\" data-large_image_width=\"1001\" data-large_image_height=\"431\"><img loading=\"lazy\" decoding=\"async\" class=\" wp-image-288229 alignleft\" src=\"https:\/\/www.radiopiu.net\/wordpress\/wp-content\/uploads\/2022\/07\/CONFARTIGIANATO-300x129.png\" alt=\"\" width=\"207\" height=\"89\" srcset=\"https:\/\/www.radiopiu.net\/wordpress\/wp-content\/uploads\/2022\/07\/CONFARTIGIANATO-300x129.png 300w, https:\/\/www.radiopiu.net\/wordpress\/wp-content\/uploads\/2022\/07\/CONFARTIGIANATO-768x331.png 768w, https:\/\/www.radiopiu.net\/wordpress\/wp-content\/uploads\/2022\/07\/CONFARTIGIANATO.png 1001w\" sizes=\"auto, (max-width: 207px) 100vw, 207px\" \/><\/a>BELLUNO<\/strong> Il mercato del lavoro soffre di un forte disallineamento tra domanda e offerta, con una crescente difficolt\u00e0 nel reperire personale qualificato, specialmente nelle PMI. In Veneto, nel 2024, il 65,2% delle imprese artigiane ha segnalato problemi di reclutamento, con un peggioramento rispetto all&#8217;anno precedente. A Belluno, il tasso di ingresso nel lavoro \u00e8 alto, ma il 57% delle posizioni risulta difficile da coprire. Il problema \u00e8 anche culturale: i giovani prediligono una maggiore flessibilit\u00e0 di orario e qualit\u00e0 della vita. Le imprese cercano di attrarre lavoratori con incentivi economici e benefit, ma il nodo resta la formazione. Il mismatch \u00e8 amplificato dalla transizione digitale e verde, richiedendo una maggiore integrazione tra istruzione e mercato del lavoro. Anche assumere stranieri non risolve il problema per la mancanza di competenze e difficolt\u00e0 linguistiche. La crisi demografica e l\u2019invecchiamento della popolazione aggravano il quadro, rendendo necessaria una riforma strutturale del lavoro. Le PMI prevedono comunque un incremento delle assunzioni (+1,7%), mentre il numero di giovani inattivi rimane un punto critico da affrontare.<\/p>\n<p>&nbsp;<\/p>\n<p>&nbsp;<\/p>\n<hr \/>\n<p>&nbsp;<\/p>\n<blockquote>\n<h3>ICECLIMBING, ADDESTRAMENTO SU CASCATE DI GHIACCIO IN VAL TRAVENANZES<\/h3>\n<\/blockquote>\n<p><strong>CORTINA <\/strong>Con l&#8217;aumento dell&#8217;affluenza in tutto il territorio bellunese degli appassionati di iceclimbing, la disciplina di arrampicata su cascate di ghiaccio, si \u00e8 tenuto ieri in Val Travenanzes un impegnativo addestramento mirato al ripasso e consolidamento delle manovre di soccorso in caso di incidente, rivolto alle figure tecniche, tecnici di soccorso alpino, tecnici di elisoccorso e istruttori regionali. Ieri mattina le squadre si sono ritrovate a Fiames, dove l&#8217;elicottero dell&#8217;Air Service Center, convenzionato con la Delegazione Dolomiti Bellunesi, ha imbarcato i soccorritori per provvedere al loro trasporto in quota, in cima agli Orti di Travenanzes, nella parte terminale di uscita delle cascate ghiacciate, uno degli scenari delle Dolomiti pi\u00f9 impegnativi per difficolt\u00e0 e tempi di avvicinamento. Si sono quindi svolte dall&#8217;alto le operazioni di calata e recupero degli &#8220;infortunati&#8221;, con imbarellamento in parete e utilizzo della specifica tecnica del freno a M (o freno cortinese). Una volta concluse le manovre, le squadre sono state recuperate dall&#8217;elicottero e trasportate nuovamente a Fiames. L&#8217;addestramento si \u00e8 svolto in stretta collaborazione con il Soccorso alpino di Cortina.<\/p>\n\n\t\t\t<style type='text\/css'>\n\t\t\t\t#gallery-1 {\n\t\t\t\t\tmargin: auto;\n\t\t\t\t}\n\t\t\t\t#gallery-1 .gallery-item {\n\t\t\t\t\tfloat: left;\n\t\t\t\t\tmargin-top: 10px;\n\t\t\t\t\ttext-align: center;\n\t\t\t\t\twidth: 20%;\n\t\t\t\t}\n\t\t\t\t#gallery-1 img {\n\t\t\t\t\tborder: 2px solid #cfcfcf;\n\t\t\t\t}\n\t\t\t\t#gallery-1 .gallery-caption {\n\t\t\t\t\tmargin-left: 0;\n\t\t\t\t}\n\t\t\t\t\/* see gallery_shortcode() in wp-includes\/media.php *\/\n\t\t\t<\/style>\n\t\t<div id='gallery-1' class='dt-gallery-container gallery galleryid-433622 gallery-columns-5 gallery-size-thumbnail'><dl class='gallery-item'>\n\t\t\t\t<dt class='gallery-icon portrait'>\n\t\t\t\t\t<a class=\"rollover rollover-zoom dt-pswp-item\" title=\"Watermark_20250209_102435_820\" data-dt-img-description=\"\" data-large_image_width=\"1773\" data-large_image_height=\"2364\"href='https:\/\/www.radiopiu.net\/wordpress\/wp-content\/uploads\/2025\/02\/Watermark_20250209_102435_820.jpg'><img loading=\"lazy\" decoding=\"async\" width=\"150\" height=\"150\" src=\"https:\/\/www.radiopiu.net\/wordpress\/wp-content\/uploads\/2025\/02\/Watermark_20250209_102435_820-150x150.jpg\" class=\"attachment-thumbnail size-thumbnail\" alt=\"\" \/><\/a>\n\t\t\t\t<\/dt><\/dl><dl class='gallery-item'>\n\t\t\t\t<dt class='gallery-icon portrait'>\n\t\t\t\t\t<a class=\"rollover rollover-zoom dt-pswp-item\" title=\"Watermark_20250209_102409_362\" data-dt-img-description=\"\" data-large_image_width=\"1773\" data-large_image_height=\"2364\"href='https:\/\/www.radiopiu.net\/wordpress\/wp-content\/uploads\/2025\/02\/Watermark_20250209_102409_362.jpg'><img loading=\"lazy\" decoding=\"async\" width=\"150\" height=\"150\" src=\"https:\/\/www.radiopiu.net\/wordpress\/wp-content\/uploads\/2025\/02\/Watermark_20250209_102409_362-150x150.jpg\" class=\"attachment-thumbnail size-thumbnail\" alt=\"\" \/><\/a>\n\t\t\t\t<\/dt><\/dl><dl class='gallery-item'>\n\t\t\t\t<dt class='gallery-icon landscape'>\n\t\t\t\t\t<a class=\"rollover rollover-zoom dt-pswp-item\" title=\"Watermark_20250209_102425_226\" data-dt-img-description=\"\" data-large_image_width=\"2364\" data-large_image_height=\"1773\"href='https:\/\/www.radiopiu.net\/wordpress\/wp-content\/uploads\/2025\/02\/Watermark_20250209_102425_226.jpg'><img loading=\"lazy\" decoding=\"async\" width=\"150\" height=\"150\" src=\"https:\/\/www.radiopiu.net\/wordpress\/wp-content\/uploads\/2025\/02\/Watermark_20250209_102425_226-150x150.jpg\" class=\"attachment-thumbnail size-thumbnail\" alt=\"\" \/><\/a>\n\t\t\t\t<\/dt><\/dl><dl class='gallery-item'>\n\t\t\t\t<dt class='gallery-icon portrait'>\n\t\t\t\t\t<a class=\"rollover rollover-zoom dt-pswp-item\" title=\"Watermark_20250209_102509_787\" data-dt-img-description=\"\" data-large_image_width=\"1773\" data-large_image_height=\"2364\"href='https:\/\/www.radiopiu.net\/wordpress\/wp-content\/uploads\/2025\/02\/Watermark_20250209_102509_787.jpg'><img loading=\"lazy\" decoding=\"async\" width=\"150\" height=\"150\" src=\"https:\/\/www.radiopiu.net\/wordpress\/wp-content\/uploads\/2025\/02\/Watermark_20250209_102509_787-150x150.jpg\" class=\"attachment-thumbnail size-thumbnail\" alt=\"\" \/><\/a>\n\t\t\t\t<\/dt><\/dl><dl class='gallery-item'>\n\t\t\t\t<dt class='gallery-icon portrait'>\n\t\t\t\t\t<a class=\"rollover rollover-zoom dt-pswp-item\" title=\"Watermark_20250209_102455_004\" data-dt-img-description=\"\" data-large_image_width=\"1773\" data-large_image_height=\"2364\"href='https:\/\/www.radiopiu.net\/wordpress\/wp-content\/uploads\/2025\/02\/Watermark_20250209_102455_004.jpg'><img loading=\"lazy\" decoding=\"async\" width=\"150\" height=\"150\" src=\"https:\/\/www.radiopiu.net\/wordpress\/wp-content\/uploads\/2025\/02\/Watermark_20250209_102455_004-150x150.jpg\" class=\"attachment-thumbnail size-thumbnail\" alt=\"\" \/><\/a>\n\t\t\t\t<\/dt><\/dl><br style=\"clear: both\" \/>\n\t\t\t<\/div>\n\n<p>&nbsp;<\/p>\n<hr \/>\n<p>&nbsp;<\/p>\n<blockquote>\n<h3 class=\"p1\">FONDAZIONE DOLOMITI BELLUNESI CONCLUDE CON SUCCESSO IL TOUR EDUCATIVO DEDICATO ALLE COMPAGNIE AEREE<\/h3>\n<\/blockquote>\n<p><strong><a class=\"dt-pswp-item\" href=\"https:\/\/www.radiopiu.net\/wordpress\/wp-content\/uploads\/2022\/06\/DMO-DOLOMITI-LOGO.png\" data-dt-img-description=\"\" data-large_image_width=\"640\" data-large_image_height=\"292\"><img loading=\"lazy\" decoding=\"async\" class=\" wp-image-281802 alignleft\" src=\"https:\/\/www.radiopiu.net\/wordpress\/wp-content\/uploads\/2022\/06\/DMO-DOLOMITI-LOGO-300x137.png\" alt=\"\" width=\"173\" height=\"79\" srcset=\"https:\/\/www.radiopiu.net\/wordpress\/wp-content\/uploads\/2022\/06\/DMO-DOLOMITI-LOGO-300x137.png 300w, https:\/\/www.radiopiu.net\/wordpress\/wp-content\/uploads\/2022\/06\/DMO-DOLOMITI-LOGO.png 640w\" sizes=\"auto, (max-width: 173px) 100vw, 173px\" \/><\/a>BELLUNO<\/strong> Le Dolomiti si confermano una meta d\u2019eccellenza per il turismo invernale. La Fondazione Dolomiti Bellunesi, insieme al Gruppo Save e Trentino Marketing, ha organizzato un tour educativo per compagnie aeree selezionate, mostrando le opportunit\u00e0 del territorio. L\u2019iniziativa ha mantenuto il focus sui Giochi Olimpici e Paralimpici, evidenziando anche la bellezza e la cultura locali. Il tour \u00e8 iniziato il 7 febbraio con attivit\u00e0 sportive come il curling e presentazioni sulla destinazione. L\u20198 febbraio gli ospiti hanno sciato sulla pista Olympia delle Tofane e visitato la bottega artigianale di Diego Menardi, esperto costruttore di bob. Il viaggio si \u00e8 concluso con un tour esplorativo prima del ritorno a Venezia. L\u2019evento ha rafforzato i legami con il settore aereo e promosso le Dolomiti come destinazione imperdibile.<\/p>\n\n\t\t\t<style type='text\/css'>\n\t\t\t\t#gallery-2 {\n\t\t\t\t\tmargin: auto;\n\t\t\t\t}\n\t\t\t\t#gallery-2 .gallery-item {\n\t\t\t\t\tfloat: left;\n\t\t\t\t\tmargin-top: 10px;\n\t\t\t\t\ttext-align: center;\n\t\t\t\t\twidth: 33%;\n\t\t\t\t}\n\t\t\t\t#gallery-2 img {\n\t\t\t\t\tborder: 2px solid #cfcfcf;\n\t\t\t\t}\n\t\t\t\t#gallery-2 .gallery-caption {\n\t\t\t\t\tmargin-left: 0;\n\t\t\t\t}\n\t\t\t\t\/* see gallery_shortcode() in wp-includes\/media.php *\/\n\t\t\t<\/style>\n\t\t<div id='gallery-2' class='dt-gallery-container gallery galleryid-433622 gallery-columns-3 gallery-size-thumbnail'><dl class='gallery-item'>\n\t\t\t\t<dt class='gallery-icon landscape'>\n\t\t\t\t\t<a class=\"rollover rollover-zoom dt-pswp-item\" title=\"GRUPPO BOB\" data-dt-img-description=\"\" data-large_image_width=\"2560\" data-large_image_height=\"1920\"href='https:\/\/www.radiopiu.net\/wordpress\/wp-content\/uploads\/2025\/02\/GRUPPO-BOB-scaled.jpg'><img loading=\"lazy\" decoding=\"async\" width=\"150\" height=\"150\" src=\"https:\/\/www.radiopiu.net\/wordpress\/wp-content\/uploads\/2025\/02\/GRUPPO-BOB-150x150.jpg\" class=\"attachment-thumbnail size-thumbnail\" alt=\"\" \/><\/a>\n\t\t\t\t<\/dt><\/dl><dl class='gallery-item'>\n\t\t\t\t<dt class='gallery-icon landscape'>\n\t\t\t\t\t<a class=\"rollover rollover-zoom dt-pswp-item\" title=\"Gruppo CURLING\" data-dt-img-description=\"\" data-large_image_width=\"2016\" data-large_image_height=\"1512\"href='https:\/\/www.radiopiu.net\/wordpress\/wp-content\/uploads\/2025\/02\/Gruppo-CURLING.jpg'><img loading=\"lazy\" decoding=\"async\" width=\"150\" height=\"150\" src=\"https:\/\/www.radiopiu.net\/wordpress\/wp-content\/uploads\/2025\/02\/Gruppo-CURLING-150x150.jpg\" class=\"attachment-thumbnail size-thumbnail\" alt=\"\" \/><\/a>\n\t\t\t\t<\/dt><\/dl><dl class='gallery-item'>\n\t\t\t\t<dt class='gallery-icon landscape'>\n\t\t\t\t\t<a class=\"rollover rollover-zoom dt-pswp-item\" title=\"GRUPPO 5 TORRI con Presidente Zardini\" data-dt-img-description=\"\" data-large_image_width=\"1600\" data-large_image_height=\"1200\"href='https:\/\/www.radiopiu.net\/wordpress\/wp-content\/uploads\/2025\/02\/GRUPPO-5-TORRI-con-Presidente-Zardini.jpg'><img loading=\"lazy\" decoding=\"async\" width=\"150\" height=\"150\" src=\"https:\/\/www.radiopiu.net\/wordpress\/wp-content\/uploads\/2025\/02\/GRUPPO-5-TORRI-con-Presidente-Zardini-150x150.jpg\" class=\"attachment-thumbnail size-thumbnail\" alt=\"\" \/><\/a>\n\t\t\t\t<\/dt><\/dl><br style=\"clear: both\" \/>\n\t\t\t<\/div>\n\n<p>&nbsp;<\/p>\n<hr \/>\n<p>&nbsp;<\/p>\n<blockquote>\n<h3><a class=\"dt-pswp-item\" href=\"https:\/\/www.radiopiu.net\/wordpress\/wp-content\/uploads\/2025\/02\/Mido-2025-Padrin-Berton-Costacurta.jpg\" data-dt-img-description=\"\" data-large_image_width=\"1200\" data-large_image_height=\"1600\"><img loading=\"lazy\" decoding=\"async\" class=\" wp-image-433759 alignleft\" src=\"https:\/\/www.radiopiu.net\/wordpress\/wp-content\/uploads\/2025\/02\/Mido-2025-Padrin-Berton-Costacurta-225x300.jpg\" alt=\"\" width=\"159\" height=\"212\" srcset=\"https:\/\/www.radiopiu.net\/wordpress\/wp-content\/uploads\/2025\/02\/Mido-2025-Padrin-Berton-Costacurta-225x300.jpg 225w, https:\/\/www.radiopiu.net\/wordpress\/wp-content\/uploads\/2025\/02\/Mido-2025-Padrin-Berton-Costacurta-768x1024.jpg 768w, https:\/\/www.radiopiu.net\/wordpress\/wp-content\/uploads\/2025\/02\/Mido-2025-Padrin-Berton-Costacurta-1152x1536.jpg 1152w, https:\/\/www.radiopiu.net\/wordpress\/wp-content\/uploads\/2025\/02\/Mido-2025-Padrin-Berton-Costacurta.jpg 1200w\" sizes=\"auto, (max-width: 159px) 100vw, 159px\" \/><\/a>PROVINCIA DI BELLUNO E CONFINDUSTRIA BELLUNO DOLOMITI AL MIDO<\/h3>\n<\/blockquote>\n<p><strong>MILANO<\/strong> L\u2019occhialeria \u00e8 un settore strategico per Belluno, capace di generare lavoro e benessere. Il presidente della Provincia, Roberto Padrin, ha sottolineato l\u2019importanza del settore durante la sua visita al Mido Eyewear Show, insieme a Lorraine Berton, presidente di Confindustria Belluno Dolomiti. In vista delle Olimpiadi Milano Cortina 2026, Confindustria Belluno ha avviato un progetto di valorizzazione del distretto dell\u2019occhialeria. L\u2019iniziativa prevede spazi dedicati in fiera a Longarone, promozione mediatica ed eventi espositivi. L\u2019obiettivo \u00e8 raccontare i valori del territorio attraverso il prodotto occhiale. Il progetto sar\u00e0 discusso nel tavolo olimpico istituito in Provincia. Berton evidenzia l\u2019opportunit\u00e0 di promuovere il distretto a livello internazionale. Si punta ad attrarre giovani talenti attraverso ricerca e innovazione. L\u2019evento olimpico diventer\u00e0 un motore di sviluppo per il territorio.<\/p>\n<p>&nbsp;<\/p>\n<p>&nbsp;<\/p>\n<hr \/>\n<p>&nbsp;<\/p>\n<blockquote>\n<h3>TAVOLO VERDE IN PROVINCIA DI BELLUNO<\/h3>\n<\/blockquote>\n<p><strong><a class=\"dt-pswp-item\" href=\"https:\/\/www.radiopiu.net\/wordpress\/wp-content\/uploads\/2024\/02\/SILVIA-CALLIGARO.jpg\" data-dt-img-description=\"\" data-large_image_width=\"2560\" data-large_image_height=\"1341\"><img loading=\"lazy\" decoding=\"async\" class=\" wp-image-376702 alignleft\" src=\"https:\/\/www.radiopiu.net\/wordpress\/wp-content\/uploads\/2024\/02\/SILVIA-CALLIGARO-300x157.jpg\" alt=\"\" width=\"183\" height=\"96\" srcset=\"https:\/\/www.radiopiu.net\/wordpress\/wp-content\/uploads\/2024\/02\/SILVIA-CALLIGARO-300x157.jpg 300w, https:\/\/www.radiopiu.net\/wordpress\/wp-content\/uploads\/2024\/02\/SILVIA-CALLIGARO-1024x536.jpg 1024w, https:\/\/www.radiopiu.net\/wordpress\/wp-content\/uploads\/2024\/02\/SILVIA-CALLIGARO-768x402.jpg 768w, https:\/\/www.radiopiu.net\/wordpress\/wp-content\/uploads\/2024\/02\/SILVIA-CALLIGARO-1536x805.jpg 1536w, https:\/\/www.radiopiu.net\/wordpress\/wp-content\/uploads\/2024\/02\/SILVIA-CALLIGARO-2048x1073.jpg 2048w\" sizes=\"auto, (max-width: 183px) 100vw, 183px\" \/><\/a>BELLUNO<\/strong> La Provincia di Belluno promuove la collaborazione tra agricoltura e attivit\u00e0 venatoria per proteggere le coltivazioni dai danni della fauna selvatica. Nel \u201cTavolo verde\u201d si \u00e8 discusso delle azioni di dissuasione e prevenzione, con il supporto della Polizia Provinciale e dei cacciatori, per limitare l\u2019impatto di cinghiali, corvidi e ungulati. In primavera partiranno per la prima volta controlli mirati a tutela dell\u2019agricoltura montana. Si lavora anche per uniformare i regolamenti di polizia rurale, riducendo le difficolt\u00e0 per le aziende agricole. Infine, \u00e8 stata presentata la fiera \u201cCaccia, pesca, natura\u201d (11-13 aprile) con un focus sulla filiera della carne e della selvaggina.<\/p>\n<p><strong>SILVIA CALLIGARO, VICEPRESIDENTE DELLA PROVINCIA DI BELLUNO<\/strong><\/p>\n<audio class=\"wp-audio-shortcode\" id=\"audio-433622-6\" preload=\"none\" style=\"width: 100%;\" controls=\"controls\"><source type=\"audio\/mpeg\" src=\"https:\/\/www.radiopiu.net\/wordpress\/wp-content\/uploads\/2025\/02\/CALLIGARO-CACCIA-PESCA.mp3?_=6\" \/><a href=\"https:\/\/www.radiopiu.net\/wordpress\/wp-content\/uploads\/2025\/02\/CALLIGARO-CACCIA-PESCA.mp3\">https:\/\/www.radiopiu.net\/wordpress\/wp-content\/uploads\/2025\/02\/CALLIGARO-CACCIA-PESCA.mp3<\/a><\/audio>\n<p>&nbsp;<\/p>\n<p>&nbsp;<\/p>\n<hr \/>\n<p>&nbsp;<\/p>\n<blockquote>\n<h3>SONO RIPRESE LE LEZIONI ALL&#8217;UNIVERSITA&#8217; DEGLI ANZIANI DI AGORDO<\/h3>\n<\/blockquote>\n<p><strong><a class=\"dt-pswp-item\" href=\"https:\/\/www.radiopiu.net\/wordpress\/wp-content\/uploads\/2021\/07\/SALA-DON-TAMIS.png\" data-dt-img-description=\"\" data-large_image_width=\"1354\" data-large_image_height=\"920\"><img loading=\"lazy\" decoding=\"async\" class=\" wp-image-220859 alignleft\" src=\"https:\/\/www.radiopiu.net\/wordpress\/wp-content\/uploads\/2021\/07\/SALA-DON-TAMIS-300x204.png\" alt=\"\" width=\"215\" height=\"146\" srcset=\"https:\/\/www.radiopiu.net\/wordpress\/wp-content\/uploads\/2021\/07\/SALA-DON-TAMIS-300x204.png 300w, https:\/\/www.radiopiu.net\/wordpress\/wp-content\/uploads\/2021\/07\/SALA-DON-TAMIS-1024x696.png 1024w, https:\/\/www.radiopiu.net\/wordpress\/wp-content\/uploads\/2021\/07\/SALA-DON-TAMIS-768x522.png 768w, https:\/\/www.radiopiu.net\/wordpress\/wp-content\/uploads\/2021\/07\/SALA-DON-TAMIS.png 1354w\" sizes=\"auto, (max-width: 215px) 100vw, 215px\" \/><\/a>AGORDO<\/strong><\/p>\n<p>DI GIANNI SANTOMASO<\/p>\n<audio class=\"wp-audio-shortcode\" id=\"audio-433622-7\" preload=\"none\" style=\"width: 100%;\" controls=\"controls\"><source type=\"audio\/mpeg\" src=\"https:\/\/www.radiopiu.net\/wordpress\/wp-content\/uploads\/2025\/02\/GIANNI-UNIVERSITA-ANZIANI-AGORDO.mp3?_=7\" \/><a href=\"https:\/\/www.radiopiu.net\/wordpress\/wp-content\/uploads\/2025\/02\/GIANNI-UNIVERSITA-ANZIANI-AGORDO.mp3\">https:\/\/www.radiopiu.net\/wordpress\/wp-content\/uploads\/2025\/02\/GIANNI-UNIVERSITA-ANZIANI-AGORDO.mp3<\/a><\/audio>\n<p>&nbsp;<\/p>\n<hr \/>\n<p>&nbsp;<\/p>\n<blockquote>\n<h3>VIABILITA&#8217; NELLE ZONE INDUSTRIALI DI LONGARONE: IL QUESTIONARIO<\/h3>\n<\/blockquote>\n<p><strong><a class=\"dt-pswp-item\" href=\"https:\/\/www.radiopiu.net\/wordpress\/wp-content\/uploads\/2023\/03\/MUNICIPIO-LONGARONE-scaled.jpg\" data-dt-img-description=\"\" data-large_image_width=\"2560\" data-large_image_height=\"1707\"><img loading=\"lazy\" decoding=\"async\" class=\" wp-image-328192 alignleft\" src=\"https:\/\/www.radiopiu.net\/wordpress\/wp-content\/uploads\/2023\/03\/MUNICIPIO-LONGARONE-300x200.jpg\" alt=\"\" width=\"165\" height=\"110\" srcset=\"https:\/\/www.radiopiu.net\/wordpress\/wp-content\/uploads\/2023\/03\/MUNICIPIO-LONGARONE-300x200.jpg 300w, https:\/\/www.radiopiu.net\/wordpress\/wp-content\/uploads\/2023\/03\/MUNICIPIO-LONGARONE-1024x683.jpg 1024w, https:\/\/www.radiopiu.net\/wordpress\/wp-content\/uploads\/2023\/03\/MUNICIPIO-LONGARONE-768x512.jpg 768w, https:\/\/www.radiopiu.net\/wordpress\/wp-content\/uploads\/2023\/03\/MUNICIPIO-LONGARONE-1536x1024.jpg 1536w, https:\/\/www.radiopiu.net\/wordpress\/wp-content\/uploads\/2023\/03\/MUNICIPIO-LONGARONE-2048x1366.jpg 2048w\" sizes=\"auto, (max-width: 165px) 100vw, 165px\" \/><\/a>LONGARONE<\/strong> Il Comune di Longarone invier\u00e0 un questionario alle aziende delle aree industriali per raccogliere dati sulla viabilit\u00e0 e il traffico. Le domande riguardano il numero di mezzi pesanti, i veicoli in transito giornaliero e i lavoratori auto-muniti. L\u2019iniziativa, parte del Piano degli interventi, mira a ottenere una base dati per pianificare miglioramenti alla viabilit\u00e0. Il questionario considera anche l&#8217;impatto della variante alla Alemagna, attualmente in progettazione. Le aziende esprimeranno inoltre il loro grado di soddisfazione su parcheggi, viabilit\u00e0 e servizi. Verranno raccolte ulteriori esigenze, inclusa la possibilit\u00e0 di rinominare le vie delle aree industriali.<\/p>\n<p>&nbsp;<\/p>\n<p>&nbsp;<\/p>\n<hr \/>\n<p>&nbsp;<\/p>\n<blockquote>\n<h3>DANIELE MATTERAZZO ALL&#8217;ISTITUTO COMPRENSIVO DI MEL<\/h3>\n<\/blockquote>\n<p><strong><a class=\"dt-pswp-item\" href=\"https:\/\/www.radiopiu.net\/wordpress\/wp-content\/uploads\/2025\/02\/The-Way-scaled.jpg\" data-dt-img-description=\"\" data-large_image_width=\"2560\" data-large_image_height=\"1928\"><img loading=\"lazy\" decoding=\"async\" class=\" wp-image-433695 alignleft\" src=\"https:\/\/www.radiopiu.net\/wordpress\/wp-content\/uploads\/2025\/02\/The-Way-300x226.jpg\" alt=\"\" width=\"154\" height=\"116\" srcset=\"https:\/\/www.radiopiu.net\/wordpress\/wp-content\/uploads\/2025\/02\/The-Way-300x226.jpg 300w, https:\/\/www.radiopiu.net\/wordpress\/wp-content\/uploads\/2025\/02\/The-Way-1024x771.jpg 1024w, https:\/\/www.radiopiu.net\/wordpress\/wp-content\/uploads\/2025\/02\/The-Way-768x578.jpg 768w, https:\/\/www.radiopiu.net\/wordpress\/wp-content\/uploads\/2025\/02\/The-Way-1536x1157.jpg 1536w, https:\/\/www.radiopiu.net\/wordpress\/wp-content\/uploads\/2025\/02\/The-Way-2048x1542.jpg 2048w\" sizes=\"auto, (max-width: 154px) 100vw, 154px\" \/><\/a>BORGO VALBELLUNA<\/strong> Testimoniare il coraggio di superare il disagio \u00e8 fondamentale, soprattutto per i giovani. Daniele Matterazzo, esploratore disabile, ha condiviso la sua esperienza con gli studenti dell\u2019Istituto Comprensivo di Mel, raccontando il suo percorso di rinascita dopo un grave incidente. Da un&#8217;adolescenza segnata dalla depressione e dalle cattive frequentazioni, ha trovato nel cammino una terapia per l\u2019anima, trasformando la sua disabilit\u00e0 in un punto di forza. Attraverso sfide sempre pi\u00f9 estreme, ha dimostrato che i limiti sono spesso imposti da noi stessi. Il suo messaggio invita i ragazzi a credere in s\u00e9 stessi e a trovare sempre un motivo per impegnarsi.<\/p>\n<p>&nbsp;<\/p>\n<p>&nbsp;<\/p>\n<hr \/>\n<p>&nbsp;<\/p>\n<blockquote>\n<h3>PREMIAZIONE DEL BANDO MARIACRISTINA MASOCCO: I GIOVANI PROTAGONISTI DELLA LEGALITA&#8217;<\/h3>\n<\/blockquote>\n<p><strong><a class=\"dt-pswp-item\" href=\"https:\/\/www.radiopiu.net\/wordpress\/wp-content\/uploads\/2025\/02\/Mariacristina-Masocco.jpg\" data-dt-img-description=\"\" data-large_image_width=\"656\" data-large_image_height=\"492\"><img loading=\"lazy\" decoding=\"async\" class=\" wp-image-433697 alignleft\" src=\"https:\/\/www.radiopiu.net\/wordpress\/wp-content\/uploads\/2025\/02\/Mariacristina-Masocco-300x225.jpg\" alt=\"\" width=\"191\" height=\"143\" srcset=\"https:\/\/www.radiopiu.net\/wordpress\/wp-content\/uploads\/2025\/02\/Mariacristina-Masocco-300x225.jpg 300w, https:\/\/www.radiopiu.net\/wordpress\/wp-content\/uploads\/2025\/02\/Mariacristina-Masocco.jpg 656w\" sizes=\"auto, (max-width: 191px) 100vw, 191px\" \/><\/a>FELTRE<\/strong> Le associazioni Palio di Feltre, Quartiere Port\u2019Oria, Giro delle Mura e il Gruppo Scout AGESCI Feltre annunciano un evento per presentare il progetto vincitore del bando Mariacristina Masocco. Dopo la votazione pubblica, il progetto \u201cVandalismo o arte? Ripuliamo la citt\u00e0 di legalit\u00e0\u201d degli studenti dell\u2019Istituto Superiore di Feltre ha ottenuto il primo posto. L\u2019evento si terr\u00e0 sabato 15 alle ore 15:00 presso la sala Lauretana del Patronato dei Padri Canossiani. Sar\u00e0 un\u2019occasione per celebrare i giovani e ricordare Mariacristina e i suoi valori. Gli studenti presenteranno il loro progetto, seguito dalla premiazione e da un momento commemorativo. La giornata si concluder\u00e0 con un rinfresco aperto a tutti. Le associazioni promotrici ringraziano chi ha partecipato al bando e alla votazione. L\u2019incontro \u00e8 aperto alla comunit\u00e0 per condividere ricordi e celebrare l\u2019impegno dei giovani.<\/p>\n<p>&nbsp;<\/p>\n<p>&nbsp;<\/p>\n<hr \/>\n<p>&nbsp;<\/p>\n<blockquote>\n<h3>CONCLUSI I PRIMI CORSI ALLA SCUOLA GINO ROCCA DI FELTRE<\/h3>\n<\/blockquote>\n<p><strong><a class=\"dt-pswp-item\" href=\"https:\/\/www.radiopiu.net\/wordpress\/wp-content\/uploads\/2025\/02\/Secondaria-Gino-Rocca-copia.jpg\" data-dt-img-description=\"\" data-large_image_width=\"1575\" data-large_image_height=\"1055\"><img loading=\"lazy\" decoding=\"async\" class=\" wp-image-433737 alignleft\" src=\"https:\/\/www.radiopiu.net\/wordpress\/wp-content\/uploads\/2025\/02\/Secondaria-Gino-Rocca-copia-300x201.jpg\" alt=\"\" width=\"179\" height=\"120\" srcset=\"https:\/\/www.radiopiu.net\/wordpress\/wp-content\/uploads\/2025\/02\/Secondaria-Gino-Rocca-copia-300x201.jpg 300w, https:\/\/www.radiopiu.net\/wordpress\/wp-content\/uploads\/2025\/02\/Secondaria-Gino-Rocca-copia-1024x686.jpg 1024w, https:\/\/www.radiopiu.net\/wordpress\/wp-content\/uploads\/2025\/02\/Secondaria-Gino-Rocca-copia-768x514.jpg 768w, https:\/\/www.radiopiu.net\/wordpress\/wp-content\/uploads\/2025\/02\/Secondaria-Gino-Rocca-copia-1536x1029.jpg 1536w, https:\/\/www.radiopiu.net\/wordpress\/wp-content\/uploads\/2025\/02\/Secondaria-Gino-Rocca-copia.jpg 1575w\" sizes=\"auto, (max-width: 179px) 100vw, 179px\" \/><\/a>FELTRE<\/strong> La scuola Rocca ha recentemente concluso corsi per studenti su lettura ad alta voce, microscopi, stampa 3D, robotica educativa e formazione docenti su registro elettronico, monitor digitali e inglese. Attualmente sono attivi corsi di podcast, robotica e web-video con Marco Recalchi. Presto inizieranno nuovi corsi pomeridiani su stampa 3D, robotica M-BOT, web-radio e realt\u00e0 virtuale. Sono in corso attivit\u00e0 di recupero, alfabetizzazione e studio assistito. Per i docenti, restano corsi su inglese, storytelling, intelligenza artificiale e registro elettronico per gli esami. La scuola dispone di mensa, aula STEM, informatica, strumento musicale e laboratori. Organizza visite a musei, scavi archeologici e concorsi artistici. Attivit\u00e0 sportive includono sci, escursioni e ippoterapia. Il progetto &#8220;Rocca Orienta&#8221; aiuta gli studenti a scegliere la scuola superiore. Sensibile a inclusione e lotta al bullismo, offre incontri con esperti e spettacoli per studenti con disabilit\u00e0. Infine, corsi teatrali gratuiti arricchiscono l\u2019offerta formativa.<\/p>\n<p>&nbsp;<\/p>\n<p>&nbsp;<\/p>\n<hr \/>\n<p>&nbsp;<\/p>\n<blockquote>\n<h3>DILLO A RADIO PIU&#8217;&#8230;E SE DOVESSE PASSARE UN MEZZO DI SOCCORSO?<\/h3>\n<\/blockquote>\n<p><strong>REDAZIONE<\/strong> Siamo in Via Lotta a Canale D&#8217;Agordo. L&#8217;immagine si commenta da sola, anche con la domanda che pone il nostro ascoltatore&#8230;e se dovesse passare un mezzo di soccorso? Riflettiamo.<\/p>\n<p><span style=\"color: #ff0000;\"><strong>DILLO A RADIO PIU&#8217; 2<\/strong><\/span><\/p>\n<p>La stessa e giusta domanda si potrebbe porgere riguardo alla piazza dello stesso paese quando il pomeriggio\/sera le macchine degli avventori dei due locali vengono parcheggiate ovunque, nonostante un ampio parcheggio posto dietro il municipio, occupando quasi totalmente l&#8217;unico accesso a via Cavallera ed impedendo un ipotetico intervento di mezzi di soccorso.<\/p>\n<p><span style=\"color: #ff0000;\"><strong>DILLO A RADIO PIU&#8217; 3<\/strong><\/span><\/p>\n<p><strong>RICEVIAMO E PUBBLICHIAMO<\/strong> Sono stato richiamato dai Vigili per aver lasciato l&#8217;auto accesa a bordo strada, in modo da non intralciare nessuno, con la freccia a destra in funzione, su una strada principale che non era trafficata e senza altre auto parcheggiate. Il giorno seguente, invece, in Piazza Papa Luciani c\u2019erano pi\u00f9 di 27 auto: 7 nei parcheggi regolari di fronte alla chiesa e le restanti sulla piazza, nonostante il divieto di sosta. Inoltre, 2 auto erano parcheggiate di fronte al municipio, dove vige lo stesso divieto, e altre 3 accanto alla chiesa, lato campanile, anch\u2019esse in divieto di sosta.<\/p>\n<p>&nbsp;<\/p>\n<p><a class=\"dt-pswp-item\" href=\"https:\/\/www.radiopiu.net\/wordpress\/wp-content\/uploads\/2025\/02\/fdc82b96-3bf3-40ab-85eb-f3fc61d8e0d0.jpg\" data-dt-img-description=\"\" data-large_image_width=\"1600\" data-large_image_height=\"721\"><img loading=\"lazy\" decoding=\"async\" class=\"alignnone wp-image-433747 size-large\" src=\"https:\/\/www.radiopiu.net\/wordpress\/wp-content\/uploads\/2025\/02\/fdc82b96-3bf3-40ab-85eb-f3fc61d8e0d0-1024x461.jpg\" alt=\"\" width=\"1024\" height=\"461\" srcset=\"https:\/\/www.radiopiu.net\/wordpress\/wp-content\/uploads\/2025\/02\/fdc82b96-3bf3-40ab-85eb-f3fc61d8e0d0-1024x461.jpg 1024w, https:\/\/www.radiopiu.net\/wordpress\/wp-content\/uploads\/2025\/02\/fdc82b96-3bf3-40ab-85eb-f3fc61d8e0d0-300x135.jpg 300w, https:\/\/www.radiopiu.net\/wordpress\/wp-content\/uploads\/2025\/02\/fdc82b96-3bf3-40ab-85eb-f3fc61d8e0d0-768x346.jpg 768w, https:\/\/www.radiopiu.net\/wordpress\/wp-content\/uploads\/2025\/02\/fdc82b96-3bf3-40ab-85eb-f3fc61d8e0d0-1536x692.jpg 1536w, https:\/\/www.radiopiu.net\/wordpress\/wp-content\/uploads\/2025\/02\/fdc82b96-3bf3-40ab-85eb-f3fc61d8e0d0.jpg 1600w\" sizes=\"auto, (max-width: 1024px) 100vw, 1024px\" \/><\/a><\/p>\n<p>&nbsp;<\/p>\n<hr \/>\n<p>&nbsp;<\/p>\n<blockquote>\n<h3>EXPORT VENETO: PIU\u2019 DANNI DALLA CRISI TEDESCA CHE, FORSE, DAI DAZI<\/h3>\n<\/blockquote>\n<p>La crisi economica che ha colpito la Germania negli ultimi due anni ha comportato un danno pari a 662 milioni di euro per il sistema produttivo veneto. Nel 2023, il valore delle nostre esportazioni verso il mercato tedesco \u00e8 diminuito di 90 milioni, mentre nei primi nove mesi del 2024 (periodo in cui abbiamo i dati disponibili) la contrazione \u00e8 stata di ben 572 milioni. Praticamente una caduta verticale. Pertanto, sebbene numerosi imprenditori e l&#8217;opinione pubblica in generale esprimano una marcata preoccupazione per le conseguenze negative che l&#8217;introduzione dei dazi da parte dell\u2019Amministrazione Trump potrebbe arrecare alle nostre imprese esportatrici, la crisi tedesca degli ultimi due anni ha gi\u00e0 generato e potrebbe continuare a produrre danni pi\u00f9 gravi. Infatti, non si pu\u00f2 escludere che, come avvenne nel 2019 a seguito dell&#8217;implementazione delle barriere commerciali sempre introdotte da Trump, le ripercussioni commerciali negative possano risultare meno gravose di quanto ipotizzato. \u00c8 vero che nel 2020 le vendite delle imprese venete negli Stati Uniti sono diminuite di 79 milioni; tuttavia, \u00e8 probabile che tale calo sia stato principalmente influenzato dal crollo del commercio mondiale causato dall&#8217;insorgere della pandemia, piuttosto che dai dazi &#8220;innalzati&#8221; dal governo statunitense. A segnalarlo \u00e8 l\u2019Ufficio studi della CGIA.<\/p>\n<p><strong>Dazi: si stimano danni da 300 milioni. Occhiali, vini e gioielli i prodotti pi\u00f9 penalizzati<\/strong><br \/>\nSecondo l\u2019OCSE, l\u2019eventuale introduzione di dazi al 10 per cento sull\u2019intera gamma dei prodotti e dei servizi importati dall\u2019UE, provocherebbe una riduzione in termini economici delle esportazioni italiane verso gli USA pari a 3,5 miliardi di euro che salirebbe a 10\/12 miliardi nel caso l\u2019aliquota fosse elevata al 20 per cento. Per il Veneto la contrazione delle vendite nel mercato statunitense potrebbe provocare nel primo caso un danno di 300 milioni di euro e nel secondo caso di circa 1 miliardo. Quasi sicuramente i settori pi\u00f9 penalizzati sarebbero quelli che ad oggi hanno un tasso di penetrazione nel mercato statunitense pi\u00f9 significativo. Ricordiamo, infatti, che a fronte di 7,5 miliardi di prodotti veneti venduti nel 2023 negli USA, 1,4 miliardi erano riferiti all\u2019occhialeria, 614 milioni alle bevande (in particolare vini) e 581 milioni a gioielli, pietre preziose e bigiotteria (vedi Tab. 1). A fronte di queste tipologie merceologiche, \u00e8 evidente che per quanto riguarda l\u2019occhialeria \u00e8 a rischio la provincia di Belluno, in merito alle bevande (in particolare vini, ovvero prosecco e amarone) segnaliamo Treviso e Verona e in virt\u00f9 dei prodotti di lusso Vicenza.<\/p>\n<p><strong>Lombardia, Emilia Romagna e Toscana le pi\u00f9 a rischio<\/strong><br \/>\nLe aree regionali pi\u00f9 vocate all\u2019export verso gli USA sono la Lombardia (14,2 miliardi), l\u2019Emilia Romagna (10,4) e la Toscana (9,1). Il Veneto con 7,5 miliardi \u00e8 al quarto posto. Complessivamente, la quota esportata dalle aziende venete sul totale nazionale verso gli USA \u00e8 pari all\u201911,3 per cento. Tra il 2022 e il 2023 il Veneto ha visto scendere il valore commerciale delle vendite verso gli USA di 472 milioni di euro (-5,9 per cento). Dopo Marche (-30,2 per cento) e Friuli Venezia Giulia (-25,1 per cento) siamo la regione italiana che ha subito la contrazione percentuale pi\u00f9 elevata.<\/p>\n<p><strong>Oltre ai dazi e la crisi tedesca preoccupa anche il caro energia<\/strong><br \/>\nGli aumenti del prezzo del gas registrati nelle prime settimane di quest\u2019anno non lasciano presagire nulla di buono. Nel 2025 le bollette potrebbero costare all\u2019intero sistema imprenditoriale del Veneto ben 1,5 miliardi di euro in pi\u00f9 rispetto al 2024, pari a un aumento del 19,3 per cento. In totale, la spesa complessiva dovrebbe toccare 9,5 miliardi: di questi, 7,1 sarebbero per l\u2019energia elettrica e 2,4 per il gas. Queste stime si basano su un\u2019ipotesi del prezzo medio dell\u2019energia elettrica nel 2025 di 150 euro per MWh e del gas a 50 euro per MWh; mantenendo cos\u00ec una proporzione di tre a uno tra le due tariffe, come si \u00e8 verificato nei due anni precedenti. Per quanto riguarda i consumi, si \u00e8 fatto riferimento ai dati del 2023 e si \u00e8 ipotizzato che rimangano costanti anche nei successivi due anni. In buona sostanza, tra le preoccupazioni legate ai dazi, gli impatti della crisi in Germania e l&#8217;aumento dei costi energetici, il panorama complessivo continua a presentarsi con sfumature piuttosto cupe.<\/p>\n<p><strong>VEDI TABELLE NEL PDF<\/strong><\/p>\n<a href=\"https:\/\/www.radiopiu.net\/wordpress\/wp-content\/uploads\/2025\/02\/dazi.pdf\" class=\"pdfemb-viewer\" style=\"\" data-width=\"max\" data-height=\"max\" data-toolbar=\"top\" data-toolbar-fixed=\"on\">dazi<\/a>\n<p>&nbsp;<\/p>\n<hr \/>\n<p>&nbsp;<\/p>\n<blockquote>\n<h3>RI-PENSARE L\u2019ADOLESCENZA: IN PARTENZA UN CICLO DI INCONTRI<\/h3>\n<\/blockquote>\n<p><strong><a class=\"dt-pswp-item\" href=\"https:\/\/www.radiopiu.net\/wordpress\/wp-content\/uploads\/2025\/02\/kldgkaglakg.jpg\" data-dt-img-description=\"\" data-large_image_width=\"939\" data-large_image_height=\"577\"><img loading=\"lazy\" decoding=\"async\" class=\" wp-image-433228 alignleft\" src=\"https:\/\/www.radiopiu.net\/wordpress\/wp-content\/uploads\/2025\/02\/kldgkaglakg-300x184.jpg\" alt=\"\" width=\"192\" height=\"118\" srcset=\"https:\/\/www.radiopiu.net\/wordpress\/wp-content\/uploads\/2025\/02\/kldgkaglakg-300x184.jpg 300w, https:\/\/www.radiopiu.net\/wordpress\/wp-content\/uploads\/2025\/02\/kldgkaglakg-768x472.jpg 768w, https:\/\/www.radiopiu.net\/wordpress\/wp-content\/uploads\/2025\/02\/kldgkaglakg.jpg 939w\" sizes=\"auto, (max-width: 192px) 100vw, 192px\" \/><\/a>BELLUNO <\/strong>L\u2019Ulss Dolomiti, con il Dipartimento Dipendenze, avvia il progetto &#8220;Ri-pensare l&#8217;adolescenza&#8221;, rivolto agli adulti di riferimento di ragazzi dagli 11 ai 14 anni. Inserito nel Piano Triennale Dipendenze 2024-2026, mira a prevenire i comportamenti a rischio e il disagio giovanile, coinvolgendo genitori, allenatori ed educatori. Il progetto prevede tre incontri gratuiti in varie sedi: Alano di Piave (Sala delle Associazioni) dalle 20:15 alle 21:30 il 18 e 25 febbraio, 11 marzo \u2013 Iscrizioni entro il 13\/02, Puos d\u2019Alpago (Impianti sportivi) dalle 20:15 alle 21:45 il 20 e 27 febbraio, 6 marzo \u2013 Iscrizioni entro il 14\/02.\u00a0Posti limitati (25 per sede). Per info e iscrizioni: SerD Belluno 0437 514971<\/p>\n<p>&nbsp;<\/p>\n<p>&nbsp;<\/p>\n<hr \/>\n<p>&nbsp;<\/p>\n<blockquote>\n<h3><a class=\"dt-pswp-item\" href=\"https:\/\/www.radiopiu.net\/wordpress\/wp-content\/uploads\/2025\/02\/ePUOPHBSAOJBHA.jpg\" data-dt-img-description=\"\" data-large_image_width=\"628\" data-large_image_height=\"300\"><img loading=\"lazy\" decoding=\"async\" class=\"size-medium wp-image-433232 alignright\" src=\"https:\/\/www.radiopiu.net\/wordpress\/wp-content\/uploads\/2025\/02\/ePUOPHBSAOJBHA-300x143.jpg\" alt=\"\" width=\"300\" height=\"143\" srcset=\"https:\/\/www.radiopiu.net\/wordpress\/wp-content\/uploads\/2025\/02\/ePUOPHBSAOJBHA-300x143.jpg 300w, https:\/\/www.radiopiu.net\/wordpress\/wp-content\/uploads\/2025\/02\/ePUOPHBSAOJBHA.jpg 628w\" sizes=\"auto, (max-width: 300px) 100vw, 300px\" \/><\/a>NASCERE A BELLUNO: L&#8217;OPEN DAY PER MAMME PAPA&#8217;<\/h3>\n<\/blockquote>\n<p><strong>BELLUNO <\/strong>L\u2019Ulss Dolomiti con l\u2019unit\u00e0 operativa di Ostetricia e Ginecologia dell\u2019ospedale di Belluno propone un open day dal titolo \u201cNascere a Belluno\u201d dedicato alle mamme dalla 35\u00b0 settimana di gravidanza e ai pap\u00e0. L\u2019appuntamento \u00e8 per sabato 15 febbraio 2025 dalle 14.30 in sala riunioni dell\u2019Ospedale San Martino di Belluno (2\u00b0 piano, blocco E). Durante l\u2019incontro con le ostetriche saranno illustrati il punto nascita e i percorsi di assistenza. Per partecipare \u00e8 possibile <strong>iscriversi<\/strong> scrivendo una mail a ginecologia.bl.rep@aulss1.veneto.it<\/p>\n<p>&nbsp;<\/p>\n<p>&nbsp;<\/p>\n<hr \/>\n<p>&nbsp;<\/p>\n<blockquote>\n<h3><a class=\"dt-pswp-item\" href=\"https:\/\/www.radiopiu.net\/wordpress\/wp-content\/uploads\/2025\/02\/SETT-CUORE-2025.jpg\" data-dt-img-description=\"\" data-large_image_width=\"752\" data-large_image_height=\"365\"><img loading=\"lazy\" decoding=\"async\" class=\" wp-image-433230 alignleft\" src=\"https:\/\/www.radiopiu.net\/wordpress\/wp-content\/uploads\/2025\/02\/SETT-CUORE-2025-300x146.jpg\" alt=\"\" width=\"240\" height=\"117\" srcset=\"https:\/\/www.radiopiu.net\/wordpress\/wp-content\/uploads\/2025\/02\/SETT-CUORE-2025-300x146.jpg 300w, https:\/\/www.radiopiu.net\/wordpress\/wp-content\/uploads\/2025\/02\/SETT-CUORE-2025.jpg 752w\" sizes=\"auto, (max-width: 240px) 100vw, 240px\" \/><\/a>CUORE E SESSUALITA&#8217;: GLI INCONTRI A FELTRE<\/h3>\n<\/blockquote>\n<p><strong>FELTRE <\/strong>In occasione della Settimana del Cuore, l\u2019Ulss Dolomiti con l\u2019unit\u00e0 operativa di Cardiologia di Feltre organizza un incontro con la cittadinanza dal titolo \u201cCuore e sessualit\u00e0: parliamone!\u201d, un momento di incontro con medici cardiologi, l\u2019urologo e la ginecologa. L\u2019appuntamento, ad ingresso libero, si terr\u00e0 mercoled\u00ec 12 febbraio 2025 alle 17.30 in Sala convegni dell\u2019Ospedale di Feltre<\/p>\n<p>&nbsp;<\/p>\n<p>&nbsp;<\/p>\n<hr \/>\n<p>&nbsp;<\/p>\n<blockquote>\n<h3>INAUGURATA LA MOSTRA &#8220;COSE LEGGERE E VAGANTI&#8221;<\/h3>\n<\/blockquote>\n<p><strong>BORGO VALBELLUNA<\/strong> Sabato 8 febbraio, presso l\u2019associazione culturale \u201cCivicaMente\u201d a Trichiana, \u00e8 stata inaugurata la mostra <em>Cose leggere e vaganti<\/em> degli artisti Cosetta Vedana e Franco Gatti. Presentata da Giancarlo Navarra, l\u2019esposizione esplora il tema della leggerezza come nuovo sguardo sulla realt\u00e0. I disegni, ricchi di collegamenti inaspettati, invitano alla riflessione e alla scoperta. Navarra ha sottolineato come l\u2019arte possa superare i vincoli della realt\u00e0 e offrire nuove prospettive. Il presidente dell\u2019associazione, Edy Fontana, ha ringraziato gli artisti e il pubblico. La mostra \u00e8 visitabile gratuitamente in giorni e orari specifici: il mercoled\u00ec, il venerd\u00ec e il sabato dalle ore 10 alle 12 e dalle ore 16 alle 18; la domenica dalle ore 10 alle 12. L\u2019ingresso \u00e8 libero<\/p>\n<p>&nbsp;<\/p>\n<p>&nbsp;<\/p>\n<hr \/>\n<p>&nbsp;<\/p>\n<p><strong><a class=\"dt-pswp-item\" href=\"https:\/\/www.radiopiu.net\/wordpress\/wp-content\/uploads\/2024\/11\/AMICI-MINERARI.png\" data-dt-img-description=\"\" data-large_image_width=\"209\" data-large_image_height=\"174\"><img loading=\"lazy\" decoding=\"async\" class=\" wp-image-419180 alignleft\" src=\"https:\/\/www.radiopiu.net\/wordpress\/wp-content\/uploads\/2024\/11\/AMICI-MINERARI.png\" alt=\"\" width=\"168\" height=\"140\" \/><\/a>&#8220;Con gli Amici dei Minerari: Serate d&#8217;Inverno \u2013 un viaggio tra storia, scienza e meraviglie. Incontri presso la Sala con Tamis. Non mancare!&#8221;<\/strong><\/p>\n<ul>\n<li><em>Venerd\u00ec 21 febbraio, ore 20:30<\/em>: &#8220;Il traforo del Brennero: studio, progettazione e realizzazione&#8221; \u2013 Relatori Vittorio Fenti e Mario Guadagnini.<\/li>\n<\/ul>\n<p><strong>Vivi la cultura e la passione per la montagna!<\/strong><\/p>\n<p>&nbsp;<\/p>\n<hr \/>\n<p>&nbsp;<\/p>\n<blockquote>\n<h3>AIDO BELLUNO ALLA FESTA DI SAN VALENTINO DI LIMANA<\/h3>\n<\/blockquote>\n<p><strong><a class=\"dt-pswp-item\" href=\"https:\/\/www.radiopiu.net\/wordpress\/wp-content\/uploads\/2022\/06\/AIDO.png\" data-dt-img-description=\"\" data-large_image_width=\"233\" data-large_image_height=\"233\"><img loading=\"lazy\" decoding=\"async\" class=\" wp-image-279760 alignleft\" src=\"https:\/\/www.radiopiu.net\/wordpress\/wp-content\/uploads\/2022\/06\/AIDO.png\" alt=\"\" width=\"112\" height=\"112\" srcset=\"https:\/\/www.radiopiu.net\/wordpress\/wp-content\/uploads\/2022\/06\/AIDO.png 233w, https:\/\/www.radiopiu.net\/wordpress\/wp-content\/uploads\/2022\/06\/AIDO-150x150.png 150w\" sizes=\"auto, (max-width: 112px) 100vw, 112px\" \/><\/a>LIMANA<\/strong> L\u2019edizione 2025 della festa patronale di San Valentino a Limana vedr\u00e0 la partecipazione di Aido Belluno con la passeggiata &#8220;Cammina con cuore&#8221; sabato 15 febbraio. Il ritrovo sar\u00e0 alle 14.30 in piazza Lorenzi, con iscrizione a 5 euro per gli adulti e gratuita per i bambini sotto i dieci anni. Il percorso, di cinque chilometri, attraverser\u00e0 il centro e la periferia, con una bevanda calda all\u2019arrivo. L&#8217;evento promuove il movimento e il messaggio di Aido sulla donazione degli organi. Sar\u00e0 presente un gazebo informativo con materiale cartaceo e digitale. Collaborano il Comune di Limana e la Pro Loco. Inoltre, gioved\u00ec 13 febbraio alle 20.30, in municipio, si terr\u00e0 la presentazione del libro &#8220;Volti di rinascita&#8221;, con testimonianze di trapiantati, a cura di Edoardo Comiotto e Mirko Dalle Mulle.<\/p>\n<p>&nbsp;<\/p>\n<p>&nbsp;<\/p>\n<hr \/>\n<p>&nbsp;<\/p>\n<blockquote>\n<h3><strong>A Feltre il 14 febbraio la presentazione del libro su Nicol\u00f2 Tommaseo<\/strong><\/h3>\n<\/blockquote>\n<p><strong>FELTRE<\/strong> Il 14 febbraio 2025, alle ore 18, presso il Museo Diocesano di Belluno Feltre, l\u2019associazione \u201cIl Fondaco per Feltre\u201d presenter\u00e0 il volume <em>\u201cNicol\u00f2 Tommaseo tra storia e ricordi familiari a 150 anni dalla morte\u201d<\/em>, edito da Gianni Sartori Editore. L\u2019autore, Alvise Tommaseo Ponzetta, racconter\u00e0 il ruolo di Tommaseo nel Risorgimento italiano, in particolare durante la Rivolta di Venezia del 1848, offrendo anche aneddoti familiari e curiosit\u00e0. Il dialogo con Eugenia Candosin e la presentazione di Giuditta Guiotto arricchiranno l\u2019incontro. L\u2019evento \u00e8 organizzato con il supporto del Museo Diocesano e del Lions Club, con il patrocinio del Comune di Feltre.<\/p>\n<p>&nbsp;<\/p>\n<p>&nbsp;<\/p>\n<hr \/>\n<p>&nbsp;<\/p>\n<blockquote>\n<h2><a class=\"dt-pswp-item\" href=\"https:\/\/www.radiopiu.net\/wordpress\/wp-content\/uploads\/2024\/01\/Foto-Carnevale_0001-9-scaled.jpg\" data-dt-img-description=\"\" data-large_image_width=\"1825\" data-large_image_height=\"2560\"><img loading=\"lazy\" decoding=\"async\" class=\"wp-image-371954 alignleft\" src=\"https:\/\/www.radiopiu.net\/wordpress\/wp-content\/uploads\/2024\/01\/Foto-Carnevale_0001-9-214x300.jpg\" alt=\"\" width=\"85\" height=\"119\" srcset=\"https:\/\/www.radiopiu.net\/wordpress\/wp-content\/uploads\/2024\/01\/Foto-Carnevale_0001-9-214x300.jpg 214w, https:\/\/www.radiopiu.net\/wordpress\/wp-content\/uploads\/2024\/01\/Foto-Carnevale_0001-9-730x1024.jpg 730w, https:\/\/www.radiopiu.net\/wordpress\/wp-content\/uploads\/2024\/01\/Foto-Carnevale_0001-9-768x1078.jpg 768w, https:\/\/www.radiopiu.net\/wordpress\/wp-content\/uploads\/2024\/01\/Foto-Carnevale_0001-9-1095x1536.jpg 1095w, https:\/\/www.radiopiu.net\/wordpress\/wp-content\/uploads\/2024\/01\/Foto-Carnevale_0001-9-1460x2048.jpg 1460w, https:\/\/www.radiopiu.net\/wordpress\/wp-content\/uploads\/2024\/01\/Foto-Carnevale_0001-9-scaled.jpg 1825w\" sizes=\"auto, (max-width: 85px) 100vw, 85px\" \/><\/a>APPUNTAMENTI COL CARNEVALE<\/h2>\n<\/blockquote>\n<p>Ritorna carnevai de la vai, mascherate tradizionali delle dolomiti agordine.\u00a0 I prossimi appuntamenti: 22 febbraio LASTE DI ROCCA PIETORE, 23 febbraio a Rivamonte Agordino, 1 Marzo Sottoguda di Rocca Pietore, e 2 marzo a CANALE D&#8217;AGORDO aspettiamo anche te, con la tua maschera, tradizionale o di fantasia<\/p>\n<p>&nbsp;<\/p>\n<p>&nbsp;<\/p>\n<hr \/>\n<p>&nbsp;<\/p>\n<p><strong><a class=\"dt-pswp-item\" href=\"https:\/\/www.radiopiu.net\/wordpress\/wp-content\/uploads\/2025\/01\/d8ab62da-aba7-455c-8632-184910af88dc.jpg\" data-dt-img-description=\"\" data-large_image_width=\"1134\" data-large_image_height=\"1600\"><img loading=\"lazy\" decoding=\"async\" class=\"wp-image-431685 alignleft\" src=\"https:\/\/www.radiopiu.net\/wordpress\/wp-content\/uploads\/2025\/01\/d8ab62da-aba7-455c-8632-184910af88dc-213x300.jpg\" alt=\"\" width=\"142\" height=\"200\" srcset=\"https:\/\/www.radiopiu.net\/wordpress\/wp-content\/uploads\/2025\/01\/d8ab62da-aba7-455c-8632-184910af88dc-213x300.jpg 213w, https:\/\/www.radiopiu.net\/wordpress\/wp-content\/uploads\/2025\/01\/d8ab62da-aba7-455c-8632-184910af88dc-726x1024.jpg 726w, https:\/\/www.radiopiu.net\/wordpress\/wp-content\/uploads\/2025\/01\/d8ab62da-aba7-455c-8632-184910af88dc-768x1084.jpg 768w, https:\/\/www.radiopiu.net\/wordpress\/wp-content\/uploads\/2025\/01\/d8ab62da-aba7-455c-8632-184910af88dc-1089x1536.jpg 1089w, https:\/\/www.radiopiu.net\/wordpress\/wp-content\/uploads\/2025\/01\/d8ab62da-aba7-455c-8632-184910af88dc.jpg 1134w\" sizes=\"auto, (max-width: 142px) 100vw, 142px\" \/><\/a>La famiglia ex emigranti dell&#8217;agordino ti invita al gran ballo di San Valentino<\/strong><\/p>\n<p>Venerdi 14 febbraio al Nof Filo&#8217; di Cencenighe&#8230;<br \/>\nPer l&#8217;ultima volta, gli ultimi balli prima della ristrutturazione della storica e gloriosa sala.<br \/>\nDalle 21&#8230; con la musica degli ORO PURO&#8230;all other music<br \/>\nBiglietto ridotto per i coscritti del 2005, 1985, 1965 e 1945 dell&#8217;Agordino<\/p>\n<p>Gran Ballo di San Valentino, venerdi 14 febbraio&#8230; nof filo&#8217;&#8230;. cencenighe<\/p>\n<p>&nbsp;<\/p>\n<p>&nbsp;<\/p>\n<p>&nbsp;<\/p>\n<p>&nbsp;<\/p>\n<hr \/>\n<p>&nbsp;<\/p>\n<p><strong><a class=\"dt-pswp-item\" href=\"https:\/\/www.radiopiu.net\/wordpress\/wp-content\/uploads\/2025\/01\/f3df1628-8254-4b99-80ee-8393db63af21.jpg\" data-dt-img-description=\"\" data-large_image_width=\"1446\" data-large_image_height=\"2048\"><img loading=\"lazy\" decoding=\"async\" class=\"size-medium wp-image-431684 alignleft\" src=\"https:\/\/www.radiopiu.net\/wordpress\/wp-content\/uploads\/2025\/01\/f3df1628-8254-4b99-80ee-8393db63af21-212x300.jpg\" alt=\"\" width=\"212\" height=\"300\" srcset=\"https:\/\/www.radiopiu.net\/wordpress\/wp-content\/uploads\/2025\/01\/f3df1628-8254-4b99-80ee-8393db63af21-212x300.jpg 212w, https:\/\/www.radiopiu.net\/wordpress\/wp-content\/uploads\/2025\/01\/f3df1628-8254-4b99-80ee-8393db63af21-723x1024.jpg 723w, https:\/\/www.radiopiu.net\/wordpress\/wp-content\/uploads\/2025\/01\/f3df1628-8254-4b99-80ee-8393db63af21-768x1088.jpg 768w, https:\/\/www.radiopiu.net\/wordpress\/wp-content\/uploads\/2025\/01\/f3df1628-8254-4b99-80ee-8393db63af21-1085x1536.jpg 1085w, https:\/\/www.radiopiu.net\/wordpress\/wp-content\/uploads\/2025\/01\/f3df1628-8254-4b99-80ee-8393db63af21.jpg 1446w\" sizes=\"auto, (max-width: 212px) 100vw, 212px\" \/><\/a>NOF FILO&#8217;&#8230; The last night.<\/strong><br \/>\nRivivi in una notte 40 anni di musica dance.\u00a0 Ottanta voglia di dance&#8230; e la paura fa Novanta<br \/>\nLE ROCCE: Moreno Tocchetto, Dj Fabio Lazzarini, Dj Morgan e Battaglia<br \/>\ncocktail lounge by Oh per Bacco WIne<br \/>\nConsumazione gratuita con dress code winter, vintage anni ottanta e novanta<br \/>\nIngresso libero e servizio &#8220;taxy Thomas&#8221;<br \/>\nIn diretta su RADIOPIU<\/p>\n<p>con il sostegno di Mobilificio Collarin Emozioni in legno, qualit\u00e0 artigianale per arredare i tuoi spazi. Concessionario Cucine Scavolini, \u00a0 arredamenti, mobili e finiture su misura nel caratteristico stile di montagna come con l\u2019abete massiccio. Progettazione, arredamento di montagna e moderno per il giorno e per la notte. A\u00a0 Cencenighe in via xx settembre<\/p>\n<p>&nbsp;<\/p>\n<p>&nbsp;<\/p>\n<p>&nbsp;<\/p>\n<p>&nbsp;<\/p>\n<hr \/>\n<p>&nbsp;<\/p>\n<h1><span style=\"color: #ff6600;\">IERI ALLA RADIO<\/span><\/h1>\n<h2><span style=\"color: #800080;\">DUE MINUTI PER TE <\/span><\/h2>\n<p><strong><a class=\"dt-pswp-item\" href=\"https:\/\/www.radiopiu.net\/wordpress\/wp-content\/uploads\/2020\/12\/DON-GIORGIO-LISE.jpg\" data-dt-img-description=\"\" data-large_image_width=\"1600\" data-large_image_height=\"901\"><img loading=\"lazy\" decoding=\"async\" class=\" wp-image-177420 alignleft\" src=\"https:\/\/www.radiopiu.net\/wordpress\/wp-content\/uploads\/2020\/12\/DON-GIORGIO-LISE-300x169.jpg\" alt=\"\" width=\"185\" height=\"104\" srcset=\"https:\/\/www.radiopiu.net\/wordpress\/wp-content\/uploads\/2020\/12\/DON-GIORGIO-LISE-300x169.jpg 300w, https:\/\/www.radiopiu.net\/wordpress\/wp-content\/uploads\/2020\/12\/DON-GIORGIO-LISE-1024x577.jpg 1024w, https:\/\/www.radiopiu.net\/wordpress\/wp-content\/uploads\/2020\/12\/DON-GIORGIO-LISE-768x432.jpg 768w, https:\/\/www.radiopiu.net\/wordpress\/wp-content\/uploads\/2020\/12\/DON-GIORGIO-LISE-1536x865.jpg 1536w, https:\/\/www.radiopiu.net\/wordpress\/wp-content\/uploads\/2020\/12\/DON-GIORGIO-LISE.jpg 1600w\" sizes=\"auto, (max-width: 185px) 100vw, 185px\" \/><\/a>APPUNTAMENTO DELLA DOMENICA CON IL PENSIERO DI MONSIGNOR GIORGIO LISE<\/strong><\/p>\n<audio class=\"wp-audio-shortcode\" id=\"audio-433622-8\" preload=\"none\" style=\"width: 100%;\" controls=\"controls\"><source type=\"audio\/mpeg\" src=\"https:\/\/www.radiopiu.net\/wordpress\/wp-content\/uploads\/2025\/02\/DON-GIORGIO-1.mp3?_=8\" \/><a href=\"https:\/\/www.radiopiu.net\/wordpress\/wp-content\/uploads\/2025\/02\/DON-GIORGIO-1.mp3\">https:\/\/www.radiopiu.net\/wordpress\/wp-content\/uploads\/2025\/02\/DON-GIORGIO-1.mp3<\/a><\/audio>\n<p>&nbsp;<\/p>\n<h2><span style=\"color: #808000;\">LA RASSEGNA STAMPA DA L&#8217;AMICO DEL POPOLO<\/span><\/h2>\n<p><strong><a class=\"dt-pswp-item\" href=\"https:\/\/www.radiopiu.net\/wordpress\/wp-content\/uploads\/2023\/11\/SCUOLE-IN-RETE.png\" data-dt-img-description=\"\" data-large_image_width=\"570\" data-large_image_height=\"392\"><img loading=\"lazy\" decoding=\"async\" class=\" wp-image-361125 alignleft\" src=\"https:\/\/www.radiopiu.net\/wordpress\/wp-content\/uploads\/2023\/11\/SCUOLE-IN-RETE-300x206.png\" alt=\"\" width=\"218\" height=\"150\" srcset=\"https:\/\/www.radiopiu.net\/wordpress\/wp-content\/uploads\/2023\/11\/SCUOLE-IN-RETE-300x206.png 300w, https:\/\/www.radiopiu.net\/wordpress\/wp-content\/uploads\/2023\/11\/SCUOLE-IN-RETE.png 570w\" sizes=\"auto, (max-width: 218px) 100vw, 218px\" \/><\/a>DI GIANNI SANTOMASO<\/strong><\/p>\n<p>OSPITE. Franco Chemello, Scuole In Rete<\/p>\n<audio class=\"wp-audio-shortcode\" id=\"audio-433622-9\" preload=\"none\" style=\"width: 100%;\" controls=\"controls\"><source type=\"audio\/mpeg\" src=\"https:\/\/www.radiopiu.net\/wordpress\/wp-content\/uploads\/2025\/02\/RASSEGNA-GIANNI-PER-SITO.mp3?_=9\" \/><a href=\"https:\/\/www.radiopiu.net\/wordpress\/wp-content\/uploads\/2025\/02\/RASSEGNA-GIANNI-PER-SITO.mp3\">https:\/\/www.radiopiu.net\/wordpress\/wp-content\/uploads\/2025\/02\/RASSEGNA-GIANNI-PER-SITO.mp3<\/a><\/audio>\n<p>&nbsp;<\/p>\n<hr \/>\n<p>&nbsp;<\/p>\n<h2><span style=\"color: #ff0000;\"><a class=\"dt-pswp-item\" href=\"https:\/\/www.radiopiu.net\/wordpress\/wp-content\/uploads\/2018\/09\/appuntamenti.jpeg\" data-dt-img-description=\"\" data-large_image_width=\"800\" data-large_image_height=\"100\"><img loading=\"lazy\" decoding=\"async\" class=\"wp-image-61958 size-full aligncenter\" src=\"https:\/\/www.radiopiu.net\/wordpress\/wp-content\/uploads\/2018\/09\/appuntamenti.jpeg\" alt=\"\" width=\"800\" height=\"100\" srcset=\"https:\/\/www.radiopiu.net\/wordpress\/wp-content\/uploads\/2018\/09\/appuntamenti.jpeg 800w, https:\/\/www.radiopiu.net\/wordpress\/wp-content\/uploads\/2018\/09\/appuntamenti-300x38.jpeg 300w, https:\/\/www.radiopiu.net\/wordpress\/wp-content\/uploads\/2018\/09\/appuntamenti-768x96.jpeg 768w\" sizes=\"auto, (max-width: 800px) 100vw, 800px\" \/><\/a><\/span><\/h2>\n<div dir=\"auto\"><\/div>\n<div>\n<div class=\"\" dir=\"auto\">\n<div id=\":r9h:\" class=\"x1iorvi4 x1pi30zi x1l90r2v x1swvt13\" data-ad-comet-preview=\"message\" data-ad-preview=\"message\">\n<div>\n<div class=\"\" dir=\"auto\">\n<div id=\":r9h:\" class=\"x1iorvi4 x1pi30zi x1l90r2v x1swvt13\" data-ad-comet-preview=\"message\" data-ad-preview=\"message\">\n<div>\n<div class=\"\" dir=\"auto\">\n<div id=\":r9h:\" class=\"x1iorvi4 x1pi30zi x1l90r2v x1swvt13\" data-ad-comet-preview=\"message\" data-ad-preview=\"message\">\n<div>\n<div class=\"\" dir=\"auto\">\n<div id=\":r9h:\" class=\"x1iorvi4 x1pi30zi x1l90r2v x1swvt13\" data-ad-comet-preview=\"message\" data-ad-preview=\"message\">\n<div class=\"xdj266r x11i5rnm xat24cr x1mh8g0r x1vvkbs x126k92a\">\n<div dir=\"auto\"><\/div>\n<\/div>\n<div>\n<div class=\"\" dir=\"auto\">\n<div id=\":r9h:\" class=\"x1iorvi4 x1pi30zi x1l90r2v x1swvt13\" data-ad-comet-preview=\"message\" data-ad-preview=\"message\">\n<div>\n<div class=\"\" dir=\"auto\">\n<div id=\":r9h:\" class=\"x1iorvi4 x1pi30zi x1l90r2v x1swvt13\" data-ad-comet-preview=\"message\" data-ad-preview=\"message\">\n<div class=\"xdj266r x11i5rnm xat24cr x1mh8g0r x1vvkbs x126k92a\">\n<div dir=\"auto\"><\/div>\n<\/div>\n<div>\n<div class=\"\" dir=\"auto\">\n<div id=\":r9h:\" class=\"x1iorvi4 x1pi30zi x1l90r2v x1swvt13\" data-ad-comet-preview=\"message\" data-ad-preview=\"message\">\n<div>\n<div class=\"\" dir=\"auto\">\n<div id=\":r9h:\" class=\"x1iorvi4 x1pi30zi x1l90r2v x1swvt13\" data-ad-comet-preview=\"message\" data-ad-preview=\"message\">\n\n\t\t\t<style type='text\/css'>\n\t\t\t\t#gallery-3 {\n\t\t\t\t\tmargin: auto;\n\t\t\t\t}\n\t\t\t\t#gallery-3 .gallery-item {\n\t\t\t\t\tfloat: left;\n\t\t\t\t\tmargin-top: 10px;\n\t\t\t\t\ttext-align: center;\n\t\t\t\t\twidth: 20%;\n\t\t\t\t}\n\t\t\t\t#gallery-3 img {\n\t\t\t\t\tborder: 2px solid #cfcfcf;\n\t\t\t\t}\n\t\t\t\t#gallery-3 .gallery-caption {\n\t\t\t\t\tmargin-left: 0;\n\t\t\t\t}\n\t\t\t\t\/* see gallery_shortcode() in wp-includes\/media.php *\/\n\t\t\t<\/style>\n\t\t<div id='gallery-3' class='dt-gallery-container gallery galleryid-433622 gallery-columns-5 gallery-size-thumbnail'><dl class='gallery-item'>\n\t\t\t\t<dt class='gallery-icon portrait'>\n\t\t\t\t\t<a class=\"rollover rollover-zoom dt-pswp-item\" title=\"manifesto serate invernali\" data-dt-img-description=\"\" data-large_image_width=\"1683\" data-large_image_height=\"2383\"href='https:\/\/www.radiopiu.net\/wordpress\/wp-content\/uploads\/2024\/11\/manifesto-serate-invernali.jpg'><img loading=\"lazy\" decoding=\"async\" width=\"150\" height=\"150\" src=\"https:\/\/www.radiopiu.net\/wordpress\/wp-content\/uploads\/2024\/11\/manifesto-serate-invernali-150x150.jpg\" class=\"attachment-thumbnail size-thumbnail\" alt=\"\" aria-describedby=\"gallery-3-418816\" \/><\/a>\n\t\t\t\t<\/dt>\n\t\t\t\t\t<dd class='wp-caption-text gallery-caption' id='gallery-3-418816'>\n\t\t\t\t\t21 FEBBRAIO\n\t\t\t\t\t<\/dd><\/dl><dl class='gallery-item'>\n\t\t\t\t<dt class='gallery-icon portrait'>\n\t\t\t\t\t<a class=\"rollover rollover-zoom dt-pswp-item\" title=\"Don Bosco - LocandinaTerrazza-finale\" data-dt-img-description=\"\" data-large_image_width=\"1240\" data-large_image_height=\"1755\"href='https:\/\/www.radiopiu.net\/wordpress\/wp-content\/uploads\/2025\/01\/Don-Bosco-LocandinaTerrazza-finale.jpg'><img loading=\"lazy\" decoding=\"async\" width=\"150\" height=\"150\" src=\"https:\/\/www.radiopiu.net\/wordpress\/wp-content\/uploads\/2025\/01\/Don-Bosco-LocandinaTerrazza-finale-150x150.jpg\" class=\"attachment-thumbnail size-thumbnail\" alt=\"\" aria-describedby=\"gallery-3-431006\" \/><\/a>\n\t\t\t\t<\/dt>\n\t\t\t\t\t<dd class='wp-caption-text gallery-caption' id='gallery-3-431006'>\n\t\t\t\t\tIL 16 FEBBRAIO A SOSPIROLO\n\t\t\t\t\t<\/dd><\/dl><dl class='gallery-item'>\n\t\t\t\t<dt class='gallery-icon landscape'>\n\t\t\t\t\t<a class=\"rollover rollover-zoom dt-pswp-item\" title=\"bagno di gong\" data-dt-img-description=\"\" data-large_image_width=\"841\" data-large_image_height=\"595\"href='https:\/\/www.radiopiu.net\/wordpress\/wp-content\/uploads\/2025\/01\/bagno-di-gong.jpg'><img loading=\"lazy\" decoding=\"async\" width=\"150\" height=\"150\" src=\"https:\/\/www.radiopiu.net\/wordpress\/wp-content\/uploads\/2025\/01\/bagno-di-gong-150x150.jpg\" class=\"attachment-thumbnail size-thumbnail\" alt=\"\" aria-describedby=\"gallery-3-431421\" \/><\/a>\n\t\t\t\t<\/dt>\n\t\t\t\t\t<dd class='wp-caption-text gallery-caption' id='gallery-3-431421'>\n\t\t\t\t\tBAGNO DI GONG A LA VALLE\n\t\t\t\t\t<\/dd><\/dl><dl class='gallery-item'>\n\t\t\t\t<dt class='gallery-icon portrait'>\n\t\t\t\t\t<a class=\"rollover rollover-zoom dt-pswp-item\" title=\"df2b0862-a430-4afa-8e2b-8579fa15f25a\" data-dt-img-description=\"\" data-large_image_width=\"1134\" data-large_image_height=\"1600\"href='https:\/\/www.radiopiu.net\/wordpress\/wp-content\/uploads\/2025\/01\/df2b0862-a430-4afa-8e2b-8579fa15f25a.jpg'><img loading=\"lazy\" decoding=\"async\" width=\"150\" height=\"150\" src=\"https:\/\/www.radiopiu.net\/wordpress\/wp-content\/uploads\/2025\/01\/df2b0862-a430-4afa-8e2b-8579fa15f25a-150x150.jpg\" class=\"attachment-thumbnail size-thumbnail\" alt=\"\" \/><\/a>\n\t\t\t\t<\/dt><\/dl><dl class='gallery-item'>\n\t\t\t\t<dt class='gallery-icon portrait'>\n\t\t\t\t\t<a class=\"rollover rollover-zoom dt-pswp-item\" title=\"dad1d0d2-12e8-494a-9390-929e17ce5985\" data-dt-img-description=\"\" data-large_image_width=\"900\" data-large_image_height=\"1600\"href='https:\/\/www.radiopiu.net\/wordpress\/wp-content\/uploads\/2025\/01\/dad1d0d2-12e8-494a-9390-929e17ce5985.jpg'><img loading=\"lazy\" decoding=\"async\" width=\"150\" height=\"150\" src=\"https:\/\/www.radiopiu.net\/wordpress\/wp-content\/uploads\/2025\/01\/dad1d0d2-12e8-494a-9390-929e17ce5985-150x150.jpg\" class=\"attachment-thumbnail size-thumbnail\" alt=\"\" \/><\/a>\n\t\t\t\t<\/dt><\/dl><br style=\"clear: both\" \/><dl class='gallery-item'>\n\t\t\t\t<dt class='gallery-icon landscape'>\n\t\t\t\t\t<a class=\"rollover rollover-zoom dt-pswp-item\" title=\"51814602-60fc-47fd-b4ca-03c62e278a76\" data-dt-img-description=\"\" data-large_image_width=\"689\" data-large_image_height=\"679\"href='https:\/\/www.radiopiu.net\/wordpress\/wp-content\/uploads\/2025\/01\/51814602-60fc-47fd-b4ca-03c62e278a76.jpg'><img loading=\"lazy\" decoding=\"async\" width=\"150\" height=\"150\" src=\"https:\/\/www.radiopiu.net\/wordpress\/wp-content\/uploads\/2025\/01\/51814602-60fc-47fd-b4ca-03c62e278a76-150x150.jpg\" class=\"attachment-thumbnail size-thumbnail\" alt=\"\" \/><\/a>\n\t\t\t\t<\/dt><\/dl><dl class='gallery-item'>\n\t\t\t\t<dt class='gallery-icon portrait'>\n\t\t\t\t\t<a class=\"rollover rollover-zoom dt-pswp-item\" title=\"50d42b86-70ee-4299-b8c1-a03c3d2e1e6a\" data-dt-img-description=\"\" data-large_image_width=\"908\" data-large_image_height=\"1600\"href='https:\/\/www.radiopiu.net\/wordpress\/wp-content\/uploads\/2025\/02\/50d42b86-70ee-4299-b8c1-a03c3d2e1e6a.jpg'><img loading=\"lazy\" decoding=\"async\" width=\"150\" height=\"150\" src=\"https:\/\/www.radiopiu.net\/wordpress\/wp-content\/uploads\/2025\/02\/50d42b86-70ee-4299-b8c1-a03c3d2e1e6a-150x150.jpg\" class=\"attachment-thumbnail size-thumbnail\" alt=\"\" \/><\/a>\n\t\t\t\t<\/dt><\/dl><dl class='gallery-item'>\n\t\t\t\t<dt class='gallery-icon portrait'>\n\t\t\t\t\t<a class=\"rollover rollover-zoom dt-pswp-item\" title=\"Senza nome\" data-dt-img-description=\"\" data-large_image_width=\"569\" data-large_image_height=\"801\"href='https:\/\/www.radiopiu.net\/wordpress\/wp-content\/uploads\/2025\/02\/Senza-nome-23.png'><img loading=\"lazy\" decoding=\"async\" width=\"150\" height=\"150\" src=\"https:\/\/www.radiopiu.net\/wordpress\/wp-content\/uploads\/2025\/02\/Senza-nome-23-150x150.png\" class=\"attachment-thumbnail size-thumbnail\" alt=\"\" \/><\/a>\n\t\t\t\t<\/dt><\/dl><dl class='gallery-item'>\n\t\t\t\t<dt class='gallery-icon portrait'>\n\t\t\t\t\t<a class=\"rollover rollover-zoom dt-pswp-item\" title=\"dded7801-5555-4f92-8fc8-879f7c1a2e62\" data-dt-img-description=\"\" data-large_image_width=\"1131\" data-large_image_height=\"1600\"href='https:\/\/www.radiopiu.net\/wordpress\/wp-content\/uploads\/2025\/02\/dded7801-5555-4f92-8fc8-879f7c1a2e62.jpg'><img loading=\"lazy\" decoding=\"async\" width=\"150\" height=\"150\" src=\"https:\/\/www.radiopiu.net\/wordpress\/wp-content\/uploads\/2025\/02\/dded7801-5555-4f92-8fc8-879f7c1a2e62-150x150.jpg\" class=\"attachment-thumbnail size-thumbnail\" alt=\"\" \/><\/a>\n\t\t\t\t<\/dt><\/dl><dl class='gallery-item'>\n\t\t\t\t<dt class='gallery-icon portrait'>\n\t\t\t\t\t<a class=\"rollover rollover-zoom dt-pswp-item\" title=\"Denver\" data-dt-img-description=\"\" data-large_image_width=\"841\" data-large_image_height=\"1190\"href='https:\/\/www.radiopiu.net\/wordpress\/wp-content\/uploads\/2025\/02\/Denver.jpg'><img loading=\"lazy\" decoding=\"async\" width=\"150\" height=\"150\" src=\"https:\/\/www.radiopiu.net\/wordpress\/wp-content\/uploads\/2025\/02\/Denver-150x150.jpg\" class=\"attachment-thumbnail size-thumbnail\" alt=\"\" aria-describedby=\"gallery-3-433726\" \/><\/a>\n\t\t\t\t<\/dt>\n\t\t\t\t\t<dd class='wp-caption-text gallery-caption' id='gallery-3-433726'>\n\t\t\t\t\t16 FEBBRAIO \n\t\t\t\t\t<\/dd><\/dl><br style=\"clear: both\" \/>\n\t\t\t<\/div>\n\n<p>&nbsp;<\/p>\n<p>&nbsp;<\/p>\n<\/div>\n<\/div>\n<\/div>\n<\/div>\n<\/div>\n<\/div>\n<\/div>\n<\/div>\n<\/div>\n<\/div>\n<\/div>\n<\/div>\n<p>&nbsp;<\/p>\n<\/div>\n<\/div>\n<\/div>\n<\/div>\n<\/div>\n<\/div>\n<\/div>\n<\/div>\n<\/div>\n<\/div>\n<\/div>\n<\/div>\n<hr \/>\n<p>&nbsp;<\/p>\n<p class=\"mceTemp\"><a class=\"dt-pswp-item\" href=\"https:\/\/www.radiopiu.net\/wordpress\/wp-content\/uploads\/2018\/09\/WhatsApp-Image-2018-09-20-at-16.04.06.jpeg\" data-dt-img-description=\"\" data-large_image_width=\"800\" data-large_image_height=\"100\"><img loading=\"lazy\" decoding=\"async\" class=\"wp-image-61378 size-full aligncenter\" src=\"https:\/\/www.radiopiu.net\/wordpress\/wp-content\/uploads\/2018\/09\/WhatsApp-Image-2018-09-20-at-16.04.06.jpeg\" alt=\"\" width=\"800\" height=\"100\" srcset=\"https:\/\/www.radiopiu.net\/wordpress\/wp-content\/uploads\/2018\/09\/WhatsApp-Image-2018-09-20-at-16.04.06.jpeg 800w, https:\/\/www.radiopiu.net\/wordpress\/wp-content\/uploads\/2018\/09\/WhatsApp-Image-2018-09-20-at-16.04.06-300x38.jpeg 300w, https:\/\/www.radiopiu.net\/wordpress\/wp-content\/uploads\/2018\/09\/WhatsApp-Image-2018-09-20-at-16.04.06-768x96.jpeg 768w\" sizes=\"auto, (max-width: 800px) 100vw, 800px\" \/><\/a><\/p>\n<p><center><\/center><center><\/center>&nbsp;<\/p>\n<p><center><b>OGGI<\/b><\/center>Cielo da nuvoloso a molto nuvoloso con poche chance di schiarite, se non sulle Dolomiti al mattino. In questo contesto uggioso e fresco con debole escursione termica giornaliera sar\u00e0 facile osservare qualche debolissimo ed intermittente fenomeno sparso sia al mattino che al pomeriggio.<br \/>\n<b>Precipitazioni: <\/b>Probabilit\u00e0 medio-bassa di qualche intermittente pioviggina sparsa e di qualche fiocco di neve oltre i 1200-1400 m.<br \/>\n<b>Temperature: <\/b>Senza notevoli variazioni, salvo qualche aumento delle minime alla mattina, ma sembra che si verifichi un nuovo calo delle stesse alla sera, specie in quota.<\/p>\n<hr \/>\n<p><center><b>DOMANI<\/b><\/center>Giornata uggiosa e fresca con cielo molto nuvolosa o coperto da estese nubi stratiformi. La lieve e persistente ciclonicit\u00e0 potr\u00e0 favorire il verificarsi di debolissimi fenomeni intermittenti nel corso della giornata, pur considerando che per la maggiore parte del tempo sar\u00e0 l&#8217;assenza di fenomeni a prevalere.<br \/>\n<b>Precipitazioni: <\/b>Probabilit\u00e0 medio-bassa di qualche intermittente pioviggina sparsa e di qualche fiocco di neve oltre i 1100-1400 m.<br \/>\n<b>Temperature: <\/b>Variazioni di poco conto rispetto a luned\u00ec con qualche calo notturno nelle valli in caso di brevi schiarite, come sembra possa accadere sulle Dolomiti.<\/p>\n<hr \/>\n<p><center><b>MERCOLEDI<\/b><\/center>La lieve e persistente ciclonicit\u00e0 e l&#8217;alta umidit\u00e0 determineranno cielo ancora molto nuvoloso con il verificarsi di qualche pioviggina nelle valli e qualche fiocco di neve sopra i 1200-1300 m. Temperature senza notevoli variazioni, se non a carattere locale.<\/p>\n<hr \/>\n<p><center><b>GIOVEDI<\/b><\/center>Nuvolosit\u00e0 ancora prevalente, ma con maggiore probabilit\u00e0 di schiarite, specie la mattino. A differenza dei giorni precedenti sembra che ci sia una maggiore probabilit\u00e0 di precipitazioni assenti. Temperature minime in leggero calo e massime in ripresa.<\/p>\n<p>&nbsp;<\/p>\n<p>&nbsp;<\/p>\n<blockquote class=\"wp-embedded-content\" data-secret=\"FJfOYV8yd3\"><p><a href=\"https:\/\/www.radiopiu.net\/wordpress\/la-neve-arriva-ma-sulle-prealpi-vicentine-il-bollettino-neve-al-suolo-di-arpav\/\">LA NEVE ARRIVA&#8230;MA SULLE PREALPI VICENTINE. IL BOLLETTINO NEVE AL SUOLO DI ARPAV<\/a><\/p><\/blockquote>\n<p><iframe loading=\"lazy\" class=\"wp-embedded-content\" sandbox=\"allow-scripts\" security=\"restricted\" style=\"position: absolute; visibility: hidden;\" title=\"&#8220;LA NEVE ARRIVA&#8230;MA SULLE PREALPI VICENTINE. IL BOLLETTINO NEVE AL SUOLO DI ARPAV&#8221; &#8212; Radio Pi\u00f9\" src=\"https:\/\/www.radiopiu.net\/wordpress\/la-neve-arriva-ma-sulle-prealpi-vicentine-il-bollettino-neve-al-suolo-di-arpav\/embed\/#?secret=yRzmzq3JoH#?secret=FJfOYV8yd3\" data-secret=\"FJfOYV8yd3\" width=\"600\" height=\"338\" frameborder=\"0\" marginwidth=\"0\" marginheight=\"0\" scrolling=\"no\"><\/iframe><\/p>\n<p>&nbsp;<\/p>\n<hr \/>\n<p>&nbsp;<\/p>\n<p class=\"mceTemp\"><a class=\"dt-pswp-item\" href=\"https:\/\/www.radiopiu.net\/wordpress\/wp-content\/uploads\/2018\/09\/sport.jpg\" data-dt-img-description=\"\" data-large_image_width=\"800\" data-large_image_height=\"100\"><img loading=\"lazy\" decoding=\"async\" class=\"aligncenter wp-image-60761 size-full\" src=\"https:\/\/www.radiopiu.net\/wordpress\/wp-content\/uploads\/2018\/09\/sport.jpg\" alt=\"\" width=\"800\" height=\"100\" srcset=\"https:\/\/www.radiopiu.net\/wordpress\/wp-content\/uploads\/2018\/09\/sport.jpg 800w, https:\/\/www.radiopiu.net\/wordpress\/wp-content\/uploads\/2018\/09\/sport-300x38.jpg 300w, https:\/\/www.radiopiu.net\/wordpress\/wp-content\/uploads\/2018\/09\/sport-768x96.jpg 768w\" sizes=\"auto, (max-width: 800px) 100vw, 800px\" \/> <\/a><\/p>\n<p class=\"mceTemp\"><span style=\"color: #0000ff;\"><strong>\u00a0 \u00a0\u00a0<\/strong><\/span><\/p>\n<p><span style=\"color: #0000ff;\"><strong>HOCKEY SU GHIACCIO<\/strong><\/span><\/p>\n<blockquote>\n<h3>IL FELTRE SI AGGIUDICA LA COPPA ITALIA IHL. BATTUTO IL CALDARO CON UN GOL PER TEMPO<\/h3>\n<\/blockquote>\n<p><strong><img decoding=\"async\" src=\"https:\/\/www.radiopiu.net\/wordpress\/wp-content\/uploads\/2025\/02\/Senza-nome-26.png\" \/>CALDARO &#8211; FELTRE 0-3<\/strong><\/p>\n<p><strong>PARZIALI: 0-1, 0-1, 0-1<\/strong><\/p>\n<p><strong>GOL:\u00a0<\/strong>pt. 15&#8217;09&#8221; Korkiakoski. st. 18&#8217;40&#8221; Kadlec. tt. 6&#8217;58&#8221; Foltin<\/p>\n<p>Grande impresa del Feltre che mette in bacheca la Coppa Italia IHL. Alla Acinque Arena di Varese i picchi battono il Caldaro, favoriti alla vigilia. Una prestazione superlativa per i feltrini che hanno saputo colpire al momento giusto e difendersi ordinatamente dalle incursioni altoatesine. Un gol per tempo, Korkiakoscki porta in vantaggio il Feltre con un siluro dalla distanza che si infila sotto al sette. Nella seconda frazione la rete del raddoppio a firma di Kadlec. Foltin sigla la terza marcatura della serata nel terzo drittel. I picchi gestiscono al meglio la sfida e alzano il trofeo, il primo che viene assegnato in questo 2025 e primo trofeo vinto dal Feltre a livello nazionale.<\/p>\n<p>&nbsp;<\/p>\n<p><span style=\"color: #0000ff;\"><strong>PATTINAGGIO ARTISTICO<\/strong><\/span><\/p>\n<blockquote>\n<h3>Grinta e Talento sul Ghiaccio: Weekend di Successi per le agordine<\/h3>\n<\/blockquote>\n<p>Le atlete agordine si sono distinte nel weekend tra il Trofeo Piccole Promesse e la S\u00fcdtirol Cup. Alla S\u00fcdtirol Cup di Bolzano, Martina Da Tos ha ottenuto il 6\u00b0 posto nella categoria Intermediate Novice Girl. Al Trofeo Piccole Promesse di Trento, Stephanie Tibolla ha conquistato il 3\u00b0 posto nella categoria Novice B. Irene De Pra ha raggiunto il podio con un altro 3\u00b0 posto nella categoria Interpretativo. Gaia Serafini si \u00e8 classificata 5\u00aa nella categoria Junior, mostrando grande determinazione. Marianna Veggiato ha chiuso al 9\u00b0 posto nella categoria Esordienti A con entusiasmo. Nella categoria Pulcini, Livia e Lucrezia Appamea hanno partecipato senza classifica. Le atlete hanno dimostrato impegno e talento nelle competizioni. Le gare si sono svolte tra Trento e Bolzano l\u20198 febbraio. Il pattinaggio artistico locale continua a crescere con risultati promettenti.<\/p>\n\n\t\t\t<style type='text\/css'>\n\t\t\t\t#gallery-4 {\n\t\t\t\t\tmargin: auto;\n\t\t\t\t}\n\t\t\t\t#gallery-4 .gallery-item {\n\t\t\t\t\tfloat: left;\n\t\t\t\t\tmargin-top: 10px;\n\t\t\t\t\ttext-align: center;\n\t\t\t\t\twidth: 33%;\n\t\t\t\t}\n\t\t\t\t#gallery-4 img {\n\t\t\t\t\tborder: 2px solid #cfcfcf;\n\t\t\t\t}\n\t\t\t\t#gallery-4 .gallery-caption {\n\t\t\t\t\tmargin-left: 0;\n\t\t\t\t}\n\t\t\t\t\/* see gallery_shortcode() in wp-includes\/media.php *\/\n\t\t\t<\/style>\n\t\t<div id='gallery-4' class='dt-gallery-container gallery galleryid-433622 gallery-columns-3 gallery-size-thumbnail'><dl class='gallery-item'>\n\t\t\t\t<dt class='gallery-icon portrait'>\n\t\t\t\t\t<a class=\"rollover rollover-zoom dt-pswp-item\" title=\"Livia e Lucrezia Appamea\" data-dt-img-description=\"\" data-large_image_width=\"1200\" data-large_image_height=\"1600\"href='https:\/\/www.radiopiu.net\/wordpress\/wp-content\/uploads\/2025\/02\/Livia-e-Lucrezia-Appamea.jpg'><img loading=\"lazy\" decoding=\"async\" width=\"150\" height=\"150\" src=\"https:\/\/www.radiopiu.net\/wordpress\/wp-content\/uploads\/2025\/02\/Livia-e-Lucrezia-Appamea-150x150.jpg\" class=\"attachment-thumbnail size-thumbnail\" alt=\"\" aria-describedby=\"gallery-4-433794\" \/><\/a>\n\t\t\t\t<\/dt>\n\t\t\t\t\t<dd class='wp-caption-text gallery-caption' id='gallery-4-433794'>\n\t\t\t\t\tLivia e Lucrezia Appamea\n\t\t\t\t\t<\/dd><\/dl><dl class='gallery-item'>\n\t\t\t\t<dt class='gallery-icon portrait'>\n\t\t\t\t\t<a class=\"rollover rollover-zoom dt-pswp-item\" title=\"marianna veggiato\" data-dt-img-description=\"\" data-large_image_width=\"1536\" data-large_image_height=\"2048\"href='https:\/\/www.radiopiu.net\/wordpress\/wp-content\/uploads\/2025\/02\/marianna-veggiato-1.jpg'><img loading=\"lazy\" decoding=\"async\" width=\"150\" height=\"150\" src=\"https:\/\/www.radiopiu.net\/wordpress\/wp-content\/uploads\/2025\/02\/marianna-veggiato-1-150x150.jpg\" class=\"attachment-thumbnail size-thumbnail\" alt=\"\" aria-describedby=\"gallery-4-433793\" \/><\/a>\n\t\t\t\t<\/dt>\n\t\t\t\t\t<dd class='wp-caption-text gallery-caption' id='gallery-4-433793'>\n\t\t\t\t\tmarianna veggiato\n\t\t\t\t\t<\/dd><\/dl><dl class='gallery-item'>\n\t\t\t\t<dt class='gallery-icon landscape'>\n\t\t\t\t\t<a class=\"rollover rollover-zoom dt-pswp-item\" title=\"martina da tos e l&#039;allenatrice Daina\" data-dt-img-description=\"\" data-large_image_width=\"2048\" data-large_image_height=\"1539\"href='https:\/\/www.radiopiu.net\/wordpress\/wp-content\/uploads\/2025\/02\/martina-da-tos-e-lallenatrice-Daina-1.jpg'><img loading=\"lazy\" decoding=\"async\" width=\"150\" height=\"150\" src=\"https:\/\/www.radiopiu.net\/wordpress\/wp-content\/uploads\/2025\/02\/martina-da-tos-e-lallenatrice-Daina-1-150x150.jpg\" class=\"attachment-thumbnail size-thumbnail\" alt=\"\" aria-describedby=\"gallery-4-433792\" \/><\/a>\n\t\t\t\t<\/dt>\n\t\t\t\t\t<dd class='wp-caption-text gallery-caption' id='gallery-4-433792'>\n\t\t\t\t\tmartina da tos e l&#8217;allenatrice Daina Pini\u00e8\n\t\t\t\t\t<\/dd><\/dl><br style=\"clear: both\" \/><dl class='gallery-item'>\n\t\t\t\t<dt class='gallery-icon portrait'>\n\t\t\t\t\t<a class=\"rollover rollover-zoom dt-pswp-item\" title=\"Gaia Serafini e Stephanie Tibolla\" data-dt-img-description=\"\" data-large_image_width=\"1200\" data-large_image_height=\"1600\"href='https:\/\/www.radiopiu.net\/wordpress\/wp-content\/uploads\/2025\/02\/download-1.jpg'><img loading=\"lazy\" decoding=\"async\" width=\"150\" height=\"150\" src=\"https:\/\/www.radiopiu.net\/wordpress\/wp-content\/uploads\/2025\/02\/download-1-150x150.jpg\" class=\"attachment-thumbnail size-thumbnail\" alt=\"\" aria-describedby=\"gallery-4-433791\" \/><\/a>\n\t\t\t\t<\/dt>\n\t\t\t\t\t<dd class='wp-caption-text gallery-caption' id='gallery-4-433791'>\n\t\t\t\t\t Gaia Serafini e Stephanie Tibolla\n\t\t\t\t\t<\/dd><\/dl><dl class='gallery-item'>\n\t\t\t\t<dt class='gallery-icon portrait'>\n\t\t\t\t\t<a class=\"rollover rollover-zoom dt-pswp-item\" title=\"podio terzo posto Stephanie Tibolla\" data-dt-img-description=\"\" data-large_image_width=\"1536\" data-large_image_height=\"2048\"href='https:\/\/www.radiopiu.net\/wordpress\/wp-content\/uploads\/2025\/02\/podio-terzo-posto-Stephanie-Tibolla-1.jpg'><img loading=\"lazy\" decoding=\"async\" width=\"150\" height=\"150\" src=\"https:\/\/www.radiopiu.net\/wordpress\/wp-content\/uploads\/2025\/02\/podio-terzo-posto-Stephanie-Tibolla-1-150x150.jpg\" class=\"attachment-thumbnail size-thumbnail\" alt=\"\" aria-describedby=\"gallery-4-433790\" \/><\/a>\n\t\t\t\t<\/dt>\n\t\t\t\t\t<dd class='wp-caption-text gallery-caption' id='gallery-4-433790'>\n\t\t\t\t\tpodio terzo posto Stephanie Tibolla\n\t\t\t\t\t<\/dd><\/dl><dl class='gallery-item'>\n\t\t\t\t<dt class='gallery-icon portrait'>\n\t\t\t\t\t<a class=\"rollover rollover-zoom dt-pswp-item\" title=\"podio Irene De Pra\" data-dt-img-description=\"\" data-large_image_width=\"900\" data-large_image_height=\"1600\"href='https:\/\/www.radiopiu.net\/wordpress\/wp-content\/uploads\/2025\/02\/podio-Irene-De-Pra.jpg'><img loading=\"lazy\" decoding=\"async\" width=\"150\" height=\"150\" src=\"https:\/\/www.radiopiu.net\/wordpress\/wp-content\/uploads\/2025\/02\/podio-Irene-De-Pra-150x150.jpg\" class=\"attachment-thumbnail size-thumbnail\" alt=\"\" aria-describedby=\"gallery-4-433799\" \/><\/a>\n\t\t\t\t<\/dt>\n\t\t\t\t\t<dd class='wp-caption-text gallery-caption' id='gallery-4-433799'>\n\t\t\t\t\tpodio Irene De Pra\n\t\t\t\t\t<\/dd><\/dl><br style=\"clear: both\" \/>\n\t\t\t<\/div>\n\n<p><span style=\"color: #0000ff;\"><strong>PALLAVOLO<\/strong><\/span><\/p>\n<blockquote>\n<h3>IL BELLUNO VOLLEY VINCE E CONSOLIDA IL SECONDO POSTO IN CLASSIFICA<\/h3>\n<\/blockquote>\n<p><b><a class=\"dt-pswp-item\" href=\"https:\/\/www.radiopiu.net\/wordpress\/wp-content\/uploads\/2025\/02\/Sorride_bomber_Mian.jpg\" data-dt-img-description=\"\" data-large_image_width=\"1280\" data-large_image_height=\"786\"><img loading=\"lazy\" decoding=\"async\" class=\" wp-image-433707 alignleft\" src=\"https:\/\/www.radiopiu.net\/wordpress\/wp-content\/uploads\/2025\/02\/Sorride_bomber_Mian-300x184.jpg\" alt=\"\" width=\"178\" height=\"109\" srcset=\"https:\/\/www.radiopiu.net\/wordpress\/wp-content\/uploads\/2025\/02\/Sorride_bomber_Mian-300x184.jpg 300w, https:\/\/www.radiopiu.net\/wordpress\/wp-content\/uploads\/2025\/02\/Sorride_bomber_Mian-1024x629.jpg 1024w, https:\/\/www.radiopiu.net\/wordpress\/wp-content\/uploads\/2025\/02\/Sorride_bomber_Mian-768x472.jpg 768w, https:\/\/www.radiopiu.net\/wordpress\/wp-content\/uploads\/2025\/02\/Sorride_bomber_Mian.jpg 1280w\" sizes=\"auto, (max-width: 178px) 100vw, 178px\" \/><\/a>BELLUNO VOLLEY-SARLUX SARROCH 3-0 (<\/b><strong>25-18, 25-19, 25-15)<\/strong><\/p>\n<p>Il Belluno Volley ottiene una vittoria importante contro la Sarlux Sarroch, consolidando il secondo posto in classifica in attesa dello scontro diretto tra San Don\u00e0 e Acqui Terme. I bellunesi si confermano superiori ai sardi, vincendo sia all\u2019andata che al ritorno. Decisivi Ferrato, autore di 7 punti e 4 muri, Mozzato sotto rete e Mian, top scorer con 15 punti. La squadra parte forte al servizio e domina a muro, chiudendo ogni possibilit\u00e0 di rimonta agli avversari. Il coach Marzola elogia l\u2019ordine e la solidit\u00e0 del team, sottolineando l\u2019efficacia della ricezione. Ora testa alla trasferta di San Giustino, prima di concentrarsi sulla Final Four di Coppa Italia.<\/p>\n<p>&nbsp;<\/p>\n<blockquote>\n<h3>DECIMA VITTORIA IN CAMPIONATO PER LA SB VOLLEY<\/h3>\n<\/blockquote>\n<p><b><a class=\"dt-pswp-item\" href=\"https:\/\/www.radiopiu.net\/wordpress\/wp-content\/uploads\/2025\/02\/Festa_SB_Volley.jpg\" data-dt-img-description=\"\" data-large_image_width=\"1440\" data-large_image_height=\"1151\"><img loading=\"lazy\" decoding=\"async\" class=\"wp-image-433708 alignright\" src=\"https:\/\/www.radiopiu.net\/wordpress\/wp-content\/uploads\/2025\/02\/Festa_SB_Volley-300x240.jpg\" alt=\"\" width=\"170\" height=\"136\" srcset=\"https:\/\/www.radiopiu.net\/wordpress\/wp-content\/uploads\/2025\/02\/Festa_SB_Volley-300x240.jpg 300w, https:\/\/www.radiopiu.net\/wordpress\/wp-content\/uploads\/2025\/02\/Festa_SB_Volley-1024x818.jpg 1024w, https:\/\/www.radiopiu.net\/wordpress\/wp-content\/uploads\/2025\/02\/Festa_SB_Volley-768x614.jpg 768w, https:\/\/www.radiopiu.net\/wordpress\/wp-content\/uploads\/2025\/02\/Festa_SB_Volley.jpg 1440w\" sizes=\"auto, (max-width: 170px) 100vw, 170px\" \/><\/a>SB VOLLEY-ORMESANI ANNIA 3-1 (<\/b><b>2<\/b><strong>5-13, 26-28, 25-13, 25-17)<\/strong><\/p>\n<p>La SB Volley supera l\u2019Ormesani Annia e conquista la decima vittoria stagionale in Serie C femminile. Nonostante la perdita di un set, la squadra di Sedico-Belluno dimostra solidit\u00e0 e mantiene la posizione in zona playoff. Decisiva la prestazione di Camilla Consoli, mvp con 20 punti, 3 ace e un muro. Il palasport De Mas si conferma un fortino, con cinque vittorie consecutive. Il coach Salvadego evidenzia un calo di concentrazione nel secondo set, ma elogia la reazione del gruppo e il miglioramento nella difesa. Ora la squadra si prepara alla trasferta contro il Volley Colombo, con l\u2019obiettivo di continuare il trend positivo.<\/p>\n<p>&nbsp;<\/p>\n<p><span style=\"color: #0000ff;\"><strong>SCI DI FONDO<\/strong><\/span><\/p>\n<blockquote>\n<h3>BELLA PRESTAZIONE DI LORENZO BUSIN IN REPUBBLICA CECA, SIA NELLA SPRINT CHE NEI 50 KM<\/h3>\n<\/blockquote>\n<p><strong><a class=\"dt-pswp-item\" href=\"https:\/\/www.radiopiu.net\/wordpress\/wp-content\/uploads\/2025\/02\/SCR-20250208-kzse.jpeg\" data-dt-img-description=\"\" data-large_image_width=\"1400\" data-large_image_height=\"1002\"><img loading=\"lazy\" decoding=\"async\" class=\" wp-image-433682 alignleft\" src=\"https:\/\/www.radiopiu.net\/wordpress\/wp-content\/uploads\/2025\/02\/SCR-20250208-kzse-300x215.jpeg\" alt=\"\" width=\"128\" height=\"92\" srcset=\"https:\/\/www.radiopiu.net\/wordpress\/wp-content\/uploads\/2025\/02\/SCR-20250208-kzse-300x215.jpeg 300w, https:\/\/www.radiopiu.net\/wordpress\/wp-content\/uploads\/2025\/02\/SCR-20250208-kzse-1024x733.jpeg 1024w, https:\/\/www.radiopiu.net\/wordpress\/wp-content\/uploads\/2025\/02\/SCR-20250208-kzse-768x550.jpeg 768w, https:\/\/www.radiopiu.net\/wordpress\/wp-content\/uploads\/2025\/02\/SCR-20250208-kzse.jpeg 1400w\" sizes=\"auto, (max-width: 128px) 100vw, 128px\" \/><\/a>REDAZIONE <\/strong>Lorenzo Busin si \u00e8 distinto nell&#8217;Orlen Sprint a Bedrichov, qualificandosi per la semifinale e confermando la sua versatilit\u00e0 tra sprint e lunghe distanze. La vittoria \u00e8 andata allo svedese Alvar Myhlback. Nella Jizersk\u00e1 50, gara prestigiosa con quasi 5000 partecipanti, Busin \u00e8 stato il miglior italiano, chiudendo al 36\u00b0 posto nonostante materiali non ottimali. Il suo risultato conferma la crescita e la competitivit\u00e0 dell\u2019azzurro nel panorama internazionale dello sci di fondo.<\/p>\n<p>&nbsp;<\/p>\n<blockquote>\n<h3>ANCHE IL GRUPPO VASABROKE IN TRASFERTA IN REPUBBLICA CECA<\/h3>\n<\/blockquote>\n<p><strong>REDAZIONE<\/strong> Trasferta in Repubblica ceca per il gruppo Vasabroke che nel fine settimana sono stati a Liberec per la Jizersk\u00e1 50, gara di sci di fondo del circuito Ski Classic dove hanno partecipato oltre 5 mila appassionati.<\/p>\n\n\t\t\t<style type='text\/css'>\n\t\t\t\t#gallery-5 {\n\t\t\t\t\tmargin: auto;\n\t\t\t\t}\n\t\t\t\t#gallery-5 .gallery-item {\n\t\t\t\t\tfloat: left;\n\t\t\t\t\tmargin-top: 10px;\n\t\t\t\t\ttext-align: center;\n\t\t\t\t\twidth: 20%;\n\t\t\t\t}\n\t\t\t\t#gallery-5 img {\n\t\t\t\t\tborder: 2px solid #cfcfcf;\n\t\t\t\t}\n\t\t\t\t#gallery-5 .gallery-caption {\n\t\t\t\t\tmargin-left: 0;\n\t\t\t\t}\n\t\t\t\t\/* see gallery_shortcode() in wp-includes\/media.php *\/\n\t\t\t<\/style>\n\t\t<div id='gallery-5' class='dt-gallery-container gallery galleryid-433622 gallery-columns-5 gallery-size-thumbnail'><dl class='gallery-item'>\n\t\t\t\t<dt class='gallery-icon portrait'>\n\t\t\t\t\t<a class=\"rollover rollover-zoom dt-pswp-item\" title=\"6c56e42b-ef42-4e94-b9a7-ad8d34004bec\" data-dt-img-description=\"\" data-large_image_width=\"1148\" data-large_image_height=\"2040\"href='https:\/\/www.radiopiu.net\/wordpress\/wp-content\/uploads\/2025\/02\/6c56e42b-ef42-4e94-b9a7-ad8d34004bec.jpg'><img loading=\"lazy\" decoding=\"async\" width=\"150\" height=\"150\" src=\"https:\/\/www.radiopiu.net\/wordpress\/wp-content\/uploads\/2025\/02\/6c56e42b-ef42-4e94-b9a7-ad8d34004bec-150x150.jpg\" class=\"attachment-thumbnail size-thumbnail\" alt=\"\" \/><\/a>\n\t\t\t\t<\/dt><\/dl><dl class='gallery-item'>\n\t\t\t\t<dt class='gallery-icon landscape'>\n\t\t\t\t\t<a class=\"rollover rollover-zoom dt-pswp-item\" title=\"69051d8b-7745-4984-8d84-0fb28c7ab4c7\" data-dt-img-description=\"\" data-large_image_width=\"2040\" data-large_image_height=\"1148\"href='https:\/\/www.radiopiu.net\/wordpress\/wp-content\/uploads\/2025\/02\/69051d8b-7745-4984-8d84-0fb28c7ab4c7.jpg'><img loading=\"lazy\" decoding=\"async\" width=\"150\" height=\"150\" src=\"https:\/\/www.radiopiu.net\/wordpress\/wp-content\/uploads\/2025\/02\/69051d8b-7745-4984-8d84-0fb28c7ab4c7-150x150.jpg\" class=\"attachment-thumbnail size-thumbnail\" alt=\"\" \/><\/a>\n\t\t\t\t<\/dt><\/dl><dl class='gallery-item'>\n\t\t\t\t<dt class='gallery-icon portrait'>\n\t\t\t\t\t<a class=\"rollover rollover-zoom dt-pswp-item\" title=\"0d9b1a99-8f75-4475-a447-cbf888d7c8cd\" data-dt-img-description=\"\" data-large_image_width=\"1148\" data-large_image_height=\"2040\"href='https:\/\/www.radiopiu.net\/wordpress\/wp-content\/uploads\/2025\/02\/0d9b1a99-8f75-4475-a447-cbf888d7c8cd.jpg'><img loading=\"lazy\" decoding=\"async\" width=\"150\" height=\"150\" src=\"https:\/\/www.radiopiu.net\/wordpress\/wp-content\/uploads\/2025\/02\/0d9b1a99-8f75-4475-a447-cbf888d7c8cd-150x150.jpg\" class=\"attachment-thumbnail size-thumbnail\" alt=\"\" \/><\/a>\n\t\t\t\t<\/dt><\/dl><dl class='gallery-item'>\n\t\t\t\t<dt class='gallery-icon landscape'>\n\t\t\t\t\t<a class=\"rollover rollover-zoom dt-pswp-item\" title=\"c6624c59-8250-41e4-b481-3b2b02e17ebb\" data-dt-img-description=\"\" data-large_image_width=\"1600\" data-large_image_height=\"737\"href='https:\/\/www.radiopiu.net\/wordpress\/wp-content\/uploads\/2025\/02\/c6624c59-8250-41e4-b481-3b2b02e17ebb.jpg'><img loading=\"lazy\" decoding=\"async\" width=\"150\" height=\"150\" src=\"https:\/\/www.radiopiu.net\/wordpress\/wp-content\/uploads\/2025\/02\/c6624c59-8250-41e4-b481-3b2b02e17ebb-150x150.jpg\" class=\"attachment-thumbnail size-thumbnail\" alt=\"\" \/><\/a>\n\t\t\t\t<\/dt><\/dl><dl class='gallery-item'>\n\t\t\t\t<dt class='gallery-icon landscape'>\n\t\t\t\t\t<a class=\"rollover rollover-zoom dt-pswp-item\" title=\"654cb1e7-6a82-4d5e-9935-19d1f24f7553\" data-dt-img-description=\"\" data-large_image_width=\"1310\" data-large_image_height=\"886\"href='https:\/\/www.radiopiu.net\/wordpress\/wp-content\/uploads\/2025\/02\/654cb1e7-6a82-4d5e-9935-19d1f24f7553.jpg'><img loading=\"lazy\" decoding=\"async\" width=\"150\" height=\"150\" src=\"https:\/\/www.radiopiu.net\/wordpress\/wp-content\/uploads\/2025\/02\/654cb1e7-6a82-4d5e-9935-19d1f24f7553-150x150.jpg\" class=\"attachment-thumbnail size-thumbnail\" alt=\"\" \/><\/a>\n\t\t\t\t<\/dt><\/dl><br style=\"clear: both\" \/>\n\t\t\t<\/div>\n\n<p>&nbsp;<\/p>\n","protected":false},"excerpt":{"rendered":"<p>******** &nbsp; LA\u00a0 APP PER IOS-IPHONE di Nicola Vettorello https:\/\/apps.apple.com\/it\/app\/radio-pi%C3%B9-emittente-agordina\/id1515939845 LA\u00a0 APP RADIO\u00a0 PER ANDROID di Nicola Vettorello https:\/\/play.google.com\/store\/apps\/details?id=net.radiopiu.iniko\u00a0\u00a0\u00a0\u00a0 &nbsp; &nbsp; &nbsp; OGGI ALLA RADIO:\u00a0\u00a0 rassegna stampa nazionale, ogni giorno alle 5 e alle 6 del mattino. giornali locali 7 rassegna stampa flash, 8 rassegna stampa, gr flash alle 10 e alle 11, principale 12.30.&hellip;<\/p>\n","protected":false},"author":4,"featured_media":433718,"comment_status":"closed","ping_status":"closed","sticky":false,"template":"","format":"standard","meta":{"_monsterinsights_skip_tracking":false,"_monsterinsights_sitenote_active":false,"_monsterinsights_sitenote_note":"","_monsterinsights_sitenote_category":0,"footnotes":""},"categories":[51,86,49],"tags":[],"class_list":["post-433622","post","type-post","status-publish","format-standard","has-post-thumbnail","hentry","category-evidenza-top","category-gr","category-news-18","category-51","category-86","category-49","description-off"],"img_url":"https:\/\/www.radiopiu.net\/wordpress\/wp-content\/uploads\/2025\/02\/Watermark_20250209_102509_787.jpg","_links":{"self":[{"href":"https:\/\/www.radiopiu.net\/wordpress\/wp-json\/wp\/v2\/posts\/433622","targetHints":{"allow":["GET"]}}],"collection":[{"href":"https:\/\/www.radiopiu.net\/wordpress\/wp-json\/wp\/v2\/posts"}],"about":[{"href":"https:\/\/www.radiopiu.net\/wordpress\/wp-json\/wp\/v2\/types\/post"}],"author":[{"embeddable":true,"href":"https:\/\/www.radiopiu.net\/wordpress\/wp-json\/wp\/v2\/users\/4"}],"replies":[{"embeddable":true,"href":"https:\/\/www.radiopiu.net\/wordpress\/wp-json\/wp\/v2\/comments?post=433622"}],"version-history":[{"count":46,"href":"https:\/\/www.radiopiu.net\/wordpress\/wp-json\/wp\/v2\/posts\/433622\/revisions"}],"predecessor-version":[{"id":433843,"href":"https:\/\/www.radiopiu.net\/wordpress\/wp-json\/wp\/v2\/posts\/433622\/revisions\/433843"}],"wp:featuredmedia":[{"embeddable":true,"href":"https:\/\/www.radiopiu.net\/wordpress\/wp-json\/wp\/v2\/media\/433718"}],"wp:attachment":[{"href":"https:\/\/www.radiopiu.net\/wordpress\/wp-json\/wp\/v2\/media?parent=433622"}],"wp:term":[{"taxonomy":"category","embeddable":true,"href":"https:\/\/www.radiopiu.net\/wordpress\/wp-json\/wp\/v2\/categories?post=433622"},{"taxonomy":"post_tag","embeddable":true,"href":"https:\/\/www.radiopiu.net\/wordpress\/wp-json\/wp\/v2\/tags?post=433622"}],"curies":[{"name":"wp","href":"https:\/\/api.w.org\/{rel}","templated":true}]}}