{"id":433702,"date":"2025-02-10T05:20:18","date_gmt":"2025-02-10T04:20:18","guid":{"rendered":"https:\/\/www.radiopiu.net\/wordpress\/?p=433702"},"modified":"2025-02-10T05:29:32","modified_gmt":"2025-02-10T04:29:32","slug":"stanco-e-con-i-crampi-escursionista-recuperato-dal-soccorso-alpino","status":"publish","type":"post","link":"https:\/\/www.radiopiu.net\/wordpress\/stanco-e-con-i-crampi-escursionista-recuperato-dal-soccorso-alpino\/","title":{"rendered":"STANCO E CON I CRAMPI. ESCURSIONISTA RECUPERATO DAL SOCCORSO ALPINO"},"content":{"rendered":"<p>******<\/p>\n<p>&nbsp;<\/p>\n<p><strong>SANTO STEFANO DI CADORE<\/strong> Verso le 17.30 la Centrale del 118 \u00e8 stata contattata da sei ragazzi in difficolt\u00e0 non distante dal Bivacco Caimi, sul Monte Cornon, dove erano diretti per passare la notte. Uno di loro, in particolare, non era pi\u00f9 in grado di proseguire, bloccato nella neve dai crampi e dalla stanchezza. Dopo aver geolocalizzato il gruppo, verificando che avrebbero dovuto superare ancora un centinaio di metri di dislivello soltanto, si \u00e8 provato a indirizzarli verso il Bivacco ormai vicino, ma il 24enne di Savignano sul Panaro (MO) non \u00e8 pi\u00f9 stato in grado di proseguire. L&#8217;escursionista \u00e8 stato quindi recuperato dall&#8217;elicottero dell&#8217;Aiut Alpin Dolomites di Bolzano, che lo ha trasportato per accertamenti all&#8217;ospedale di Pieve di Cadore. I suoi compagni hanno invece proseguito. Pronto a intervenire il Soccorso alpino della Val Comelico.<\/p>\n<p>&nbsp;<\/p>\n<p>&nbsp;<\/p>\n<p>&nbsp;<\/p>\n<p>*******<\/p>\n","protected":false},"excerpt":{"rendered":"<p>****** &nbsp; SANTO STEFANO DI CADORE Verso le 17.30 la Centrale del 118 \u00e8 stata contattata da sei ragazzi in difficolt\u00e0 non distante dal Bivacco Caimi, sul Monte Cornon, dove erano diretti per passare la notte. Uno di loro, in particolare, non era pi\u00f9 in grado di proseguire, bloccato nella neve dai crampi e dalla&hellip;<\/p>\n","protected":false},"author":4,"featured_media":379219,"comment_status":"closed","ping_status":"closed","sticky":false,"template":"","format":"standard","meta":{"_monsterinsights_skip_tracking":false,"_monsterinsights_sitenote_active":false,"_monsterinsights_sitenote_note":"","_monsterinsights_sitenote_category":0,"footnotes":""},"categories":[51,49],"tags":[],"class_list":["post-433702","post","type-post","status-publish","format-standard","has-post-thumbnail","hentry","category-evidenza-top","category-news-18","category-51","category-49","description-off"],"img_url":"https:\/\/www.radiopiu.net\/wordpress\/wp-content\/uploads\/2024\/03\/e040112e-5e6f-4e7a-9965-35c6262d822e.jpg","_links":{"self":[{"href":"https:\/\/www.radiopiu.net\/wordpress\/wp-json\/wp\/v2\/posts\/433702","targetHints":{"allow":["GET"]}}],"collection":[{"href":"https:\/\/www.radiopiu.net\/wordpress\/wp-json\/wp\/v2\/posts"}],"about":[{"href":"https:\/\/www.radiopiu.net\/wordpress\/wp-json\/wp\/v2\/types\/post"}],"author":[{"embeddable":true,"href":"https:\/\/www.radiopiu.net\/wordpress\/wp-json\/wp\/v2\/users\/4"}],"replies":[{"embeddable":true,"href":"https:\/\/www.radiopiu.net\/wordpress\/wp-json\/wp\/v2\/comments?post=433702"}],"version-history":[{"count":1,"href":"https:\/\/www.radiopiu.net\/wordpress\/wp-json\/wp\/v2\/posts\/433702\/revisions"}],"predecessor-version":[{"id":433704,"href":"https:\/\/www.radiopiu.net\/wordpress\/wp-json\/wp\/v2\/posts\/433702\/revisions\/433704"}],"wp:featuredmedia":[{"embeddable":true,"href":"https:\/\/www.radiopiu.net\/wordpress\/wp-json\/wp\/v2\/media\/379219"}],"wp:attachment":[{"href":"https:\/\/www.radiopiu.net\/wordpress\/wp-json\/wp\/v2\/media?parent=433702"}],"wp:term":[{"taxonomy":"category","embeddable":true,"href":"https:\/\/www.radiopiu.net\/wordpress\/wp-json\/wp\/v2\/categories?post=433702"},{"taxonomy":"post_tag","embeddable":true,"href":"https:\/\/www.radiopiu.net\/wordpress\/wp-json\/wp\/v2\/tags?post=433702"}],"curies":[{"name":"wp","href":"https:\/\/api.w.org\/{rel}","templated":true}]}}