{"id":433729,"date":"2025-02-09T14:45:55","date_gmt":"2025-02-09T13:45:55","guid":{"rendered":"https:\/\/www.radiopiu.net\/wordpress\/?p=433729"},"modified":"2025-02-10T05:30:38","modified_gmt":"2025-02-10T04:30:38","slug":"lorenzo-busin-miglior-italiano-alla-jizereska-in-repubblica-ceca","status":"publish","type":"post","link":"https:\/\/www.radiopiu.net\/wordpress\/lorenzo-busin-miglior-italiano-alla-jizereska-in-repubblica-ceca\/","title":{"rendered":"LORENZO BUSIN MIGLIOR ITALIANO ALLA JIZERESKA IN REPUBBLICA CECA"},"content":{"rendered":"<p>******<\/p>\n<p>&nbsp;<\/p>\n<p><strong><a class=\"dt-pswp-item\" href=\"https:\/\/www.radiopiu.net\/wordpress\/wp-content\/uploads\/2022\/01\/LORENZO-BUSIN-2022.png\" data-dt-img-description=\"\" data-large_image_width=\"1488\" data-large_image_height=\"1090\"><img loading=\"lazy\" decoding=\"async\" class=\" wp-image-255677 alignleft\" src=\"https:\/\/www.radiopiu.net\/wordpress\/wp-content\/uploads\/2022\/01\/LORENZO-BUSIN-2022-300x220.png\" alt=\"\" width=\"161\" height=\"118\" srcset=\"https:\/\/www.radiopiu.net\/wordpress\/wp-content\/uploads\/2022\/01\/LORENZO-BUSIN-2022-300x220.png 300w, https:\/\/www.radiopiu.net\/wordpress\/wp-content\/uploads\/2022\/01\/LORENZO-BUSIN-2022-1024x750.png 1024w, https:\/\/www.radiopiu.net\/wordpress\/wp-content\/uploads\/2022\/01\/LORENZO-BUSIN-2022-768x563.png 768w, https:\/\/www.radiopiu.net\/wordpress\/wp-content\/uploads\/2022\/01\/LORENZO-BUSIN-2022.png 1488w\" sizes=\"auto, (max-width: 161px) 100vw, 161px\" \/><\/a>REDAZIONE <\/strong>Si \u00e8 svolta in Repubblica Ceca la Jizersk\u00e1 50, la gara di sci di fondo pi\u00f9 prestigiosa dell\u2019Europa Centrale, che ha visto al via quasi 5000 partecipanti. Ancora una volta, il miglior italiano al traguardo \u00e8 stato Lorenzo Busin, che ha chiuso al 36\u00b0 posto. Nonostante una buona prova, l\u2019azzurro ha dovuto fare i conti con materiali non ottimali, che hanno penalizzato la sua prestazione. Resta comunque un risultato di rilievo in una competizione di altissimo livello, confermando Busin tra gli atleti italiani pi\u00f9 competitivi sulle lunghe distanze.<\/p>\n<p>&nbsp;<\/p>\n<p>&nbsp;<\/p>\n<p>********<\/p>\n","protected":false},"excerpt":{"rendered":"<p>****** &nbsp; REDAZIONE Si \u00e8 svolta in Repubblica Ceca la Jizersk\u00e1 50, la gara di sci di fondo pi\u00f9 prestigiosa dell\u2019Europa Centrale, che ha visto al via quasi 5000 partecipanti. Ancora una volta, il miglior italiano al traguardo \u00e8 stato Lorenzo Busin, che ha chiuso al 36\u00b0 posto. Nonostante una buona prova, l\u2019azzurro ha dovuto&hellip;<\/p>\n","protected":false},"author":4,"featured_media":255677,"comment_status":"closed","ping_status":"closed","sticky":false,"template":"","format":"standard","meta":{"_monsterinsights_skip_tracking":false,"_monsterinsights_sitenote_active":false,"_monsterinsights_sitenote_note":"","_monsterinsights_sitenote_category":0,"footnotes":""},"categories":[104,49],"tags":[],"class_list":["post-433729","post","type-post","status-publish","format-standard","has-post-thumbnail","hentry","category-evidenza_3","category-news-18","category-104","category-49","description-off"],"img_url":"https:\/\/www.radiopiu.net\/wordpress\/wp-content\/uploads\/2022\/01\/LORENZO-BUSIN-2022.png","_links":{"self":[{"href":"https:\/\/www.radiopiu.net\/wordpress\/wp-json\/wp\/v2\/posts\/433729","targetHints":{"allow":["GET"]}}],"collection":[{"href":"https:\/\/www.radiopiu.net\/wordpress\/wp-json\/wp\/v2\/posts"}],"about":[{"href":"https:\/\/www.radiopiu.net\/wordpress\/wp-json\/wp\/v2\/types\/post"}],"author":[{"embeddable":true,"href":"https:\/\/www.radiopiu.net\/wordpress\/wp-json\/wp\/v2\/users\/4"}],"replies":[{"embeddable":true,"href":"https:\/\/www.radiopiu.net\/wordpress\/wp-json\/wp\/v2\/comments?post=433729"}],"version-history":[{"count":1,"href":"https:\/\/www.radiopiu.net\/wordpress\/wp-json\/wp\/v2\/posts\/433729\/revisions"}],"predecessor-version":[{"id":433730,"href":"https:\/\/www.radiopiu.net\/wordpress\/wp-json\/wp\/v2\/posts\/433729\/revisions\/433730"}],"wp:featuredmedia":[{"embeddable":true,"href":"https:\/\/www.radiopiu.net\/wordpress\/wp-json\/wp\/v2\/media\/255677"}],"wp:attachment":[{"href":"https:\/\/www.radiopiu.net\/wordpress\/wp-json\/wp\/v2\/media?parent=433729"}],"wp:term":[{"taxonomy":"category","embeddable":true,"href":"https:\/\/www.radiopiu.net\/wordpress\/wp-json\/wp\/v2\/categories?post=433729"},{"taxonomy":"post_tag","embeddable":true,"href":"https:\/\/www.radiopiu.net\/wordpress\/wp-json\/wp\/v2\/tags?post=433729"}],"curies":[{"name":"wp","href":"https:\/\/api.w.org\/{rel}","templated":true}]}}