{"id":433807,"date":"2025-02-11T05:41:38","date_gmt":"2025-02-11T04:41:38","guid":{"rendered":"https:\/\/www.radiopiu.net\/wordpress\/?p=433807"},"modified":"2025-02-11T08:19:39","modified_gmt":"2025-02-11T07:19:39","slug":"giornale-radiopiu-11-febbraio-2025-direttore-mirko-mezzacasada-41-anni-25-giugno-1983-25-giugno-2024","status":"publish","type":"post","link":"https:\/\/www.radiopiu.net\/wordpress\/giornale-radiopiu-11-febbraio-2025-direttore-mirko-mezzacasada-41-anni-25-giugno-1983-25-giugno-2024\/","title":{"rendered":"GIORNALE RADIOPIU 11 FEBBRAIO 2025 DIRETTORE MIRKO MEZZACASA\u2026DA 41 ANNI 25 GIUGNO 1983-25 GIUGNO 2024"},"content":{"rendered":"<p>********<\/p>\n<p>&nbsp;<\/p>\n<p><em><span style=\"color: #ff0000;\"><a class=\"dt-pswp-item\" href=\"https:\/\/www.radiopiu.net\/wordpress\/wp-content\/uploads\/2024\/10\/Senza-nome-8.png\" data-dt-img-description=\"\" data-large_image_width=\"343\" data-large_image_height=\"303\"><img loading=\"lazy\" decoding=\"async\" class=\"wp-image-412130 alignleft\" src=\"https:\/\/www.radiopiu.net\/wordpress\/wp-content\/uploads\/2024\/10\/Senza-nome-8-300x265.png\" alt=\"\" width=\"105\" height=\"93\" srcset=\"https:\/\/www.radiopiu.net\/wordpress\/wp-content\/uploads\/2024\/10\/Senza-nome-8-300x265.png 300w, https:\/\/www.radiopiu.net\/wordpress\/wp-content\/uploads\/2024\/10\/Senza-nome-8.png 343w\" sizes=\"auto, (max-width: 105px) 100vw, 105px\" \/><\/a><\/span><\/em><strong><em><span style=\"color: #ff0000;\"> LA\u00a0 APP PER IOS-IPHONE di Nicola Vettorello<\/span><\/em><\/strong><\/p>\n<p><strong><span style=\"color: #0000ff;\"><a style=\"color: #0000ff;\" href=\"https:\/\/apps.apple.com\/it\/app\/radio-pi%C3%B9-emittente-agordina\/id1515939845\">https:\/\/apps.apple.com\/it\/app\/radio-pi%C3%B9-emittente-agordina\/id1515939845<\/a><\/span><\/strong><\/p>\n<p><strong><em style=\"color: #ff0000;\">LA\u00a0 APP RADIO\u00a0 PER ANDROID di Nicola Vettorello<\/em><\/strong><\/p>\n<p><strong><span style=\"color: #0000ff;\"><a style=\"color: #0000ff;\" href=\"https:\/\/play.google.com\/store\/apps\/details?id=net.radiopiu.iniko\" target=\"_blank\" rel=\"noopener noreferrer\">https:\/\/<\/a><a style=\"color: #0000ff;\" href=\"https:\/\/play.google.com\/store\/apps\/details?id=net.radiopiu.iniko\" target=\"_blank\" rel=\"noopener noreferrer\">play.google.com\/store\/apps\/details?id=net.radiopiu.iniko\u00a0\u00a0\u00a0\u00a0<\/a><\/span><\/strong><\/p>\n<p>&nbsp;<\/p>\n<blockquote>\n<h3 class=\"l-entry__title u-heading-01 u-mb-small\" data-amp=\"amp-title\"><a class=\"dt-pswp-item\" href=\"https:\/\/www.radiopiu.net\/wordpress\/wp-content\/uploads\/2021\/07\/AUTOSTRADA-A-27.png\" data-dt-img-description=\"\" data-large_image_width=\"1024\" data-large_image_height=\"1024\"><img loading=\"lazy\" decoding=\"async\" class=\"wp-image-221382 alignleft\" src=\"https:\/\/www.radiopiu.net\/wordpress\/wp-content\/uploads\/2021\/07\/AUTOSTRADA-A-27-300x300.png\" alt=\"\" width=\"100\" height=\"100\" srcset=\"https:\/\/www.radiopiu.net\/wordpress\/wp-content\/uploads\/2021\/07\/AUTOSTRADA-A-27-300x300.png 300w, https:\/\/www.radiopiu.net\/wordpress\/wp-content\/uploads\/2021\/07\/AUTOSTRADA-A-27-150x150.png 150w, https:\/\/www.radiopiu.net\/wordpress\/wp-content\/uploads\/2021\/07\/AUTOSTRADA-A-27-768x768.png 768w, https:\/\/www.radiopiu.net\/wordpress\/wp-content\/uploads\/2021\/07\/AUTOSTRADA-A-27.png 1024w\" sizes=\"auto, (max-width: 100px) 100vw, 100px\" \/><\/a>Lavori alla galleria Monte Baldo: A27 chiusa tra i due caselli di Vittorio Veneto<\/h3>\n<\/blockquote>\n<p class=\"l-entry__summary u-body-03 u-color-secondary u-mb-small\" data-amp=\"amp-abstract\">Dalle 22 di gioved\u00ec 13 febbraio\u00a0 alle 6 di venerd\u00ec 14, chiuso il tratto tra Vittorio Veneto sud e Vittorio Veneto nord, verso Belluno<\/p>\n<p data-amp=\"amp-abstract\">\n<p data-amp=\"amp-abstract\">\n<hr \/>\n<p>&nbsp;<\/p>\n<p><span style=\"color: #ff0000;\"><strong>OGGI ALLA RADIO:\u00a0\u00a0<\/strong><\/span><\/p>\n<p><strong><a class=\"dt-pswp-item\" href=\"https:\/\/www.radiopiu.net\/wordpress\/wp-content\/uploads\/2025\/02\/7ece3cde-10dd-48d7-835c-21137d4d7743.jpg\" data-dt-img-description=\"\" data-large_image_width=\"918\" data-large_image_height=\"1076\"><img loading=\"lazy\" decoding=\"async\" class=\" wp-image-433882 alignleft\" src=\"https:\/\/www.radiopiu.net\/wordpress\/wp-content\/uploads\/2025\/02\/7ece3cde-10dd-48d7-835c-21137d4d7743-256x300.jpg\" alt=\"\" width=\"159\" height=\"186\" srcset=\"https:\/\/www.radiopiu.net\/wordpress\/wp-content\/uploads\/2025\/02\/7ece3cde-10dd-48d7-835c-21137d4d7743-256x300.jpg 256w, https:\/\/www.radiopiu.net\/wordpress\/wp-content\/uploads\/2025\/02\/7ece3cde-10dd-48d7-835c-21137d4d7743-874x1024.jpg 874w, https:\/\/www.radiopiu.net\/wordpress\/wp-content\/uploads\/2025\/02\/7ece3cde-10dd-48d7-835c-21137d4d7743-768x900.jpg 768w, https:\/\/www.radiopiu.net\/wordpress\/wp-content\/uploads\/2025\/02\/7ece3cde-10dd-48d7-835c-21137d4d7743.jpg 918w\" sizes=\"auto, (max-width: 159px) 100vw, 159px\" \/><\/a>rassegna stampa nazionale,<\/strong> ogni giorno alle 5 e alle 6 del mattino.<br \/>\ngiornali locali 7 rassegna stampa flash, 8 rassegna stampa, gr flash alle 10 e alle 11, principale 12.30. Informazione pomeriggio ogni ora fino alle 20, in coda ai notiziari nazionali. Giornale radio nazionale: ogni ora dalle 4 del mattino, alle 20 della sera. Alle 19 le anticipazioni dal TG di Antenna 3 di Tiziana Bolognani.<\/p>\n<p><span style=\"color: #0000ff;\"><strong>OGGI ALLE<\/strong>\u00a0<\/span> \u00a0<strong>9.00 <\/strong>la musica country di alex nascinmben <strong>9.40<\/strong> speciale olimpiadi cortina 1956 di Andrea Chicca dalla redazione di Radio Club 103 per le tre radio <strong>10.10<\/strong> musla, le nove in ladin, notiziario in ladino il martedi e\u00a0 venerdi alle radio <strong>10.30<\/strong>\u00a0 <span style=\"color: #ff0000;\">\u00a0<strong>REPORTER<\/strong><\/span> di marina dona&#8217;, oggi il doposcuola alle medi di Agordo e servizio mensa con la dottoressa Gloria Casot (educatrice) <strong>14.00 <\/strong>piu musica\u00a0 <strong>15.00<\/strong>\u00a0 \u00a0il martedi pomeriggio di luisa alchini, ospite l&#8217;artista SARA ANDRICH\u00a0 (foto)<\/p>\n<p><strong>SU RADIOPIU<\/strong>: il giornale radionazionale e\u2019 in onda ogni ora, dalle sette del mattino alle venti della sera&#8230;Cronaca italiana: tragedie e inchieste in primo piano Omicidi, overdose, violenze e sfruttamento emergono nelle cronache da Milano a Trento, mentre a Venezia si discute di fine vita. Arresti e denunce rafforzano la lotta alla criminalit\u00e0.<\/p>\n<p>&nbsp;<\/p>\n<p>&nbsp;<\/p>\n<hr \/>\n<p>&nbsp;<\/p>\n<p>&nbsp;<\/p>\n<div class=\"x11i5rnm xat24cr x1mh8g0r x1vvkbs xtlvy1s x126k92a\">\n<div dir=\"auto\">\n<div dir=\"auto\">\n<p><strong><a class=\"dt-pswp-item\" href=\"https:\/\/www.radiopiu.net\/wordpress\/wp-content\/uploads\/2024\/02\/2d44e751-d8a8-461b-8e22-d8e4e853b032.jpg\" data-dt-img-description=\"\" data-large_image_width=\"1600\" data-large_image_height=\"1200\"><img loading=\"lazy\" decoding=\"async\" class=\"wp-image-373307 alignleft\" src=\"https:\/\/www.radiopiu.net\/wordpress\/wp-content\/uploads\/2024\/02\/2d44e751-d8a8-461b-8e22-d8e4e853b032-300x225.jpg\" alt=\"\" width=\"105\" height=\"79\" srcset=\"https:\/\/www.radiopiu.net\/wordpress\/wp-content\/uploads\/2024\/02\/2d44e751-d8a8-461b-8e22-d8e4e853b032-300x225.jpg 300w, https:\/\/www.radiopiu.net\/wordpress\/wp-content\/uploads\/2024\/02\/2d44e751-d8a8-461b-8e22-d8e4e853b032-1024x768.jpg 1024w, https:\/\/www.radiopiu.net\/wordpress\/wp-content\/uploads\/2024\/02\/2d44e751-d8a8-461b-8e22-d8e4e853b032-768x576.jpg 768w, https:\/\/www.radiopiu.net\/wordpress\/wp-content\/uploads\/2024\/02\/2d44e751-d8a8-461b-8e22-d8e4e853b032-1536x1152.jpg 1536w, https:\/\/www.radiopiu.net\/wordpress\/wp-content\/uploads\/2024\/02\/2d44e751-d8a8-461b-8e22-d8e4e853b032.jpg 1600w\" sizes=\"auto, (max-width: 105px) 100vw, 105px\" \/><\/a>EL BAL DEL FIOR, DI GIULIANA DA RONCH, 11 FEBBRAIO<\/strong><strong> 2025<\/strong><\/p>\n<p>&nbsp;<\/p>\n<audio class=\"wp-audio-shortcode\" id=\"audio-433807-1\" preload=\"none\" style=\"width: 100%;\" controls=\"controls\"><source type=\"audio\/mpeg\" src=\"https:\/\/www.radiopiu.net\/wordpress\/wp-content\/uploads\/2025\/02\/GMA-1.mp3?_=1\" \/><a href=\"https:\/\/www.radiopiu.net\/wordpress\/wp-content\/uploads\/2025\/02\/GMA-1.mp3\">https:\/\/www.radiopiu.net\/wordpress\/wp-content\/uploads\/2025\/02\/GMA-1.mp3<\/a><\/audio>\n<p>&nbsp;<\/p>\n<p>&nbsp;<\/p>\n<hr \/>\n<p>&nbsp;<\/p>\n<p>&nbsp;<\/p>\n<\/div>\n<\/div>\n<\/div>\n<div class=\"x11i5rnm xat24cr x1mh8g0r x1vvkbs xtlvy1s x126k92a\">\n<blockquote>\n<h1><strong><a class=\"dt-pswp-item\" href=\"https:\/\/www.radiopiu.net\/wordpress\/wp-content\/uploads\/2024\/10\/629301fd-708d-4f53-95c2-d28cbefd500f.jpg\" data-dt-img-description=\"\" data-large_image_width=\"1600\" data-large_image_height=\"1322\"><img loading=\"lazy\" decoding=\"async\" class=\"wp-image-413782 alignright\" src=\"https:\/\/www.radiopiu.net\/wordpress\/wp-content\/uploads\/2024\/10\/629301fd-708d-4f53-95c2-d28cbefd500f-300x248.jpg\" alt=\"\" width=\"106\" height=\"88\" srcset=\"https:\/\/www.radiopiu.net\/wordpress\/wp-content\/uploads\/2024\/10\/629301fd-708d-4f53-95c2-d28cbefd500f-300x248.jpg 300w, https:\/\/www.radiopiu.net\/wordpress\/wp-content\/uploads\/2024\/10\/629301fd-708d-4f53-95c2-d28cbefd500f-1024x846.jpg 1024w, https:\/\/www.radiopiu.net\/wordpress\/wp-content\/uploads\/2024\/10\/629301fd-708d-4f53-95c2-d28cbefd500f-768x635.jpg 768w, https:\/\/www.radiopiu.net\/wordpress\/wp-content\/uploads\/2024\/10\/629301fd-708d-4f53-95c2-d28cbefd500f-1536x1269.jpg 1536w, https:\/\/www.radiopiu.net\/wordpress\/wp-content\/uploads\/2024\/10\/629301fd-708d-4f53-95c2-d28cbefd500f.jpg 1600w\" sizes=\"auto, (max-width: 106px) 100vw, 106px\" \/><\/a><\/strong><\/h1>\n<h1><strong><a class=\"dt-pswp-item\" href=\"https:\/\/www.radiopiu.net\/wordpress\/wp-content\/uploads\/2024\/11\/th-18.jpg\" data-dt-img-description=\"\" data-large_image_width=\"156\" data-large_image_height=\"180\"><img loading=\"lazy\" decoding=\"async\" class=\"size-full wp-image-421611 alignleft\" src=\"https:\/\/www.radiopiu.net\/wordpress\/wp-content\/uploads\/2024\/11\/th-18.jpg\" alt=\"\" width=\"156\" height=\"180\" \/><\/a><\/strong><\/h1>\n<h1><strong>N di parom &#8211; L Almanach de la nosta jent<\/strong><\/h1>\n<\/blockquote>\n<p>&nbsp;<\/p>\n<p>Le voci: Davide Conedera, Agordo, Michela Dell&#8217;Osbel, La Valle Agordina Simone Ganz, Falcade Veronica Lezuo, Colle Santa Lucia. La voce nella sigla \u00e8 di Giorgia Taio<\/p>\n<p><strong>LA PUNTATA DI OGGI, 11 FEBBRAIO 2025<\/strong><\/p>\n<audio class=\"wp-audio-shortcode\" id=\"audio-433807-2\" preload=\"none\" style=\"width: 100%;\" controls=\"controls\"><source type=\"audio\/mpeg\" src=\"https:\/\/www.radiopiu.net\/wordpress\/wp-content\/uploads\/2025\/02\/AL2.mp3?_=2\" \/><a href=\"https:\/\/www.radiopiu.net\/wordpress\/wp-content\/uploads\/2025\/02\/AL2.mp3\">https:\/\/www.radiopiu.net\/wordpress\/wp-content\/uploads\/2025\/02\/AL2.mp3<\/a><\/audio>\n<p>&nbsp;<\/p>\n<p>&nbsp;<\/p>\n<p>&nbsp;<\/p>\n<\/div>\n<div class=\"x11i5rnm xat24cr x1mh8g0r x1vvkbs xtlvy1s x126k92a\">\n<div dir=\"auto\">\n<hr \/>\n<\/div>\n<\/div>\n<blockquote>\n<blockquote>\n<h1><span style=\"color: #ff0000;\">\u00a0<\/span><\/h1>\n<h1><span style=\"color: #ff0000;\">I podcast informativi del mattino &#8211; audio &#8211;\u00a0\u00a0<\/span><\/h1>\n<\/blockquote>\n<p><strong><a class=\"dt-pswp-item\" href=\"https:\/\/www.radiopiu.net\/wordpress\/wp-content\/uploads\/2024\/11\/6.jpg\" data-dt-img-description=\"\" data-large_image_width=\"177\" data-large_image_height=\"180\"><img loading=\"lazy\" decoding=\"async\" class=\"size-full wp-image-417911 alignleft\" src=\"https:\/\/www.radiopiu.net\/wordpress\/wp-content\/uploads\/2024\/11\/6.jpg\" alt=\"\" width=\"177\" height=\"180\" \/><\/a>LA RASSEGNA STAMPA NAZIONALE ALLA RADIO, OGNI GIORNO ALLE 5 E ALLE 6 DEL MATTINO <span style=\"color: #0000ff;\">viene pubblicata alle 6.00 <span style=\"color: #ff0000;\">DIRETTA RADIO\u00a0 \u00a0\u00a0<\/span><\/span><\/strong><\/p><\/blockquote>\n<p>&nbsp;<\/p>\n<p><strong>NOTIZIE DELLA NOTTE<\/strong><\/p>\n<p><strong>Byd<\/strong> lancia software e-car con IA DeepSeek e guida autonoma <strong>Trump<\/strong>, tregua da annullare se Hamas non libera gli ostaggi <strong>Trump, sar\u00e0 un vero inferno<\/strong> se Hamas non libera ostaggi <strong>Trump firm<\/strong>a i decreti sui dazi per acciaio e alluminio<br \/>\n<strong>Altman a Musk<\/strong>,no grazie ma offriamo 9 miliardi per Twitter <strong>Israele<\/strong> manda rinforzi alle sue truppe schierate a Gaza<\/p>\n<h2>AUDIO dalle 6 del mattino<\/h2>\n<audio class=\"wp-audio-shortcode\" id=\"audio-433807-3\" preload=\"none\" style=\"width: 100%;\" controls=\"controls\"><source type=\"audio\/mpeg\" src=\"https:\/\/www.radiopiu.net\/wordpress\/wp-content\/uploads\/2025\/02\/GIORNALEDELLESEI-7.mp3?_=3\" \/><a href=\"https:\/\/www.radiopiu.net\/wordpress\/wp-content\/uploads\/2025\/02\/GIORNALEDELLESEI-7.mp3\">https:\/\/www.radiopiu.net\/wordpress\/wp-content\/uploads\/2025\/02\/GIORNALEDELLESEI-7.mp3<\/a><\/audio>\n<p>&nbsp;<\/p>\n<p>&nbsp;<\/p>\n<hr \/>\n<p>&nbsp;<\/p>\n<h1 style=\"text-align: center;\"><span style=\"color: #ff0000;\"><a class=\"dt-pswp-item\" href=\"https:\/\/www.radiopiu.net\/wordpress\/wp-content\/uploads\/2024\/11\/7.jpg\" data-dt-img-description=\"\" data-large_image_width=\"180\" data-large_image_height=\"180\"><img loading=\"lazy\" decoding=\"async\" class=\"size-full wp-image-417912 alignleft\" src=\"https:\/\/www.radiopiu.net\/wordpress\/wp-content\/uploads\/2024\/11\/7.jpg\" alt=\"\" width=\"180\" height=\"180\" srcset=\"https:\/\/www.radiopiu.net\/wordpress\/wp-content\/uploads\/2024\/11\/7.jpg 180w, https:\/\/www.radiopiu.net\/wordpress\/wp-content\/uploads\/2024\/11\/7-150x150.jpg 150w\" sizes=\"auto, (max-width: 180px) 100vw, 180px\" \/><\/a>I podcast informativi del mattino &#8211; audio &#8211;\u00a0<\/span><\/h1>\n<p><strong>OGNI GIORNO ALLE SETTE DEL MATTINO, LA RASSEGNA STAMPA LOCALE FLASH&#8230; PER CHI VA IN FRETTA. I TITOLI DAI GIORNALI E DAL SITO WWW.RADIOPIU.NET <span style=\"color: #0000ff;\">viene pubblicato alle 7.00<\/span> <span style=\"color: #ff0000;\">DIRETTA RADIO\u00a0<\/span><\/strong><\/p>\n<p><em><span style=\"color: #ff0000;\">per chi va in fretta&#8230; tante notizie in pochi minuti. L&#8217;informazione locale alla radio, ogni ora dalle 7 del mattino alle 19 della sera.<\/span><\/em><\/p>\n<h1>AUDIO dalle 7 del mattino<\/h1>\n<audio class=\"wp-audio-shortcode\" id=\"audio-433807-4\" preload=\"none\" style=\"width: 100%;\" controls=\"controls\"><source type=\"audio\/mpeg\" src=\"https:\/\/www.radiopiu.net\/wordpress\/wp-content\/uploads\/2025\/02\/GF07-8.mp3?_=4\" \/><a href=\"https:\/\/www.radiopiu.net\/wordpress\/wp-content\/uploads\/2025\/02\/GF07-8.mp3\">https:\/\/www.radiopiu.net\/wordpress\/wp-content\/uploads\/2025\/02\/GF07-8.mp3<\/a><\/audio>\n<p>&nbsp;<\/p>\n<p>&nbsp;<\/p>\n<hr \/>\n<p>&nbsp;<\/p>\n<h1><\/h1>\n<h1 style=\"text-align: center;\"><span style=\"color: #ff0000;\"><a class=\"dt-pswp-item\" href=\"https:\/\/www.radiopiu.net\/wordpress\/wp-content\/uploads\/2024\/11\/th.jpg\" data-dt-img-description=\"\" data-large_image_width=\"148\" data-large_image_height=\"179\"><img loading=\"lazy\" decoding=\"async\" class=\"size-full wp-image-417913 alignleft\" src=\"https:\/\/www.radiopiu.net\/wordpress\/wp-content\/uploads\/2024\/11\/th.jpg\" alt=\"\" width=\"148\" height=\"179\" \/><\/a>I podcast informativi del mattino &#8211; audio &#8211;\u00a0<\/span><\/h1>\n<blockquote><p><strong>GIORNALE RADIO NAZIONALE, EDIZIONE DELLE SETTE <span style=\"color: #0000ff;\">viene pubblicato alle 7.05 <span style=\"color: #ff0000;\">DIRETTA RADIO\u00a0<\/span><\/span><\/strong><\/p><\/blockquote>\n<p><strong>il giornale radionazionale e&#8217; in onda ogni ora, dalle sette del mattino alle venti della sera\u00a0 \u00a0 \u00a0<\/strong><\/p>\n<h2>Cronaca italiana: tragedie e inchieste in primo piano<\/h2>\n<p><em><strong>Omicidi, overdose, violenze e sfruttamento emergono nelle cronache da Milano a Trento, mentre a Venezia si discute di fine vita. Arresti e denunce rafforzano la lotta alla criminalit\u00e0.<\/strong><\/em><\/p>\n<p><strong>MILANO<\/strong> Baby-sitter uccisa, video mostra il compagno trascinare un borsone<br \/>\n<strong>CREMONA<\/strong> Si accascia all&#8217;ora di ginnastica, morto un ragazzo di 14\u00a0 <strong>FIRENZE<\/strong> L&#8217;autopsia rivela: Eleonora Guidi \u00e8 stata uccisa con 24 coltellate <strong>LATINA<\/strong> Bracciante esposto a pesticidi perde le <a href=\"https:\/\/www.radiopiu.net\/wordpress\/wp-content\/uploads\/2025\/02\/244036e7-8e0c-45cb-a732-77feb830c209.webp\"><img loading=\"lazy\" decoding=\"async\" class=\" wp-image-434016 alignleft\" src=\"https:\/\/www.radiopiu.net\/wordpress\/wp-content\/uploads\/2025\/02\/244036e7-8e0c-45cb-a732-77feb830c209-300x300.webp\" alt=\"\" width=\"170\" height=\"170\" srcset=\"https:\/\/www.radiopiu.net\/wordpress\/wp-content\/uploads\/2025\/02\/244036e7-8e0c-45cb-a732-77feb830c209-300x300.webp 300w, https:\/\/www.radiopiu.net\/wordpress\/wp-content\/uploads\/2025\/02\/244036e7-8e0c-45cb-a732-77feb830c209-150x150.webp 150w, https:\/\/www.radiopiu.net\/wordpress\/wp-content\/uploads\/2025\/02\/244036e7-8e0c-45cb-a732-77feb830c209-768x768.webp 768w, https:\/\/www.radiopiu.net\/wordpress\/wp-content\/uploads\/2025\/02\/244036e7-8e0c-45cb-a732-77feb830c209.webp 1024w\" sizes=\"auto, (max-width: 170px) 100vw, 170px\" \/><\/a>gambe, aperta un&#8217;inchiesta <strong>GENOVA<\/strong> Si sente male in classe e confida ai professori: &#8220;Sono stata violentata da un amico&#8221; <strong><span style=\"color: #000000;\">TRENTO<\/span><\/strong> Facevano prostituire donne nel nord Italia,2 arresti e 7 denunce ad Arco.<\/p>\n<p><span style=\"color: #0000ff;\">VENEZIA<\/span> Fine vita: Zaia, &#8216;lavoriamo a tempi certi per le pratiche&#8217; <span style=\"color: #0000ff;\">ROVIGO<\/span> Paura in classe, entra e spruzza lo spray al peperoncino <span style=\"color: #0000ff;\">VENEZIA<\/span> Scoperto macello clandestino anatre selvatiche a Mestre<span style=\"color: #0000ff;\"> VITTORIO VENETO<\/span> Rissa in strada, tre feriti <span style=\"color: #0000ff;\">PADOVA<\/span> Trovato con sostanze illegali per 1.500 euro, arrestato VERONA Quindicenne morta per overdose arrestato il pusher <span style=\"color: #0000ff;\">VERONA\u00a0<\/span> A 10 anni resta infilzato da ringhiera, non \u00e8 in pericolo vita <span style=\"color: #0000ff;\">TRENTO<\/span> Facevano prostituire donne nel nord Italia,2 arresti e 7 denunce ad Arco.<\/p>\n<h2><span style=\"color: #ff0000;\"><span style=\"color: #0000ff;\">ULTIM&#8217;ORA<\/span> <span style=\"color: #000000;\">AUDIO dalle sette del mattino, ogni ora alla radio EDIZIONE DELLE SETTE<\/span><\/span><\/h2>\n<audio class=\"wp-audio-shortcode\" id=\"audio-433807-5\" preload=\"none\" style=\"width: 100%;\" controls=\"controls\"><source type=\"audio\/mpeg\" src=\"https:\/\/www.radiopiu.net\/wordpress\/wp-content\/uploads\/2025\/02\/giornale07-9.mp3?_=5\" \/><a href=\"https:\/\/www.radiopiu.net\/wordpress\/wp-content\/uploads\/2025\/02\/giornale07-9.mp3\">https:\/\/www.radiopiu.net\/wordpress\/wp-content\/uploads\/2025\/02\/giornale07-9.mp3<\/a><\/audio>\n<p>&nbsp;<\/p>\n<p>&nbsp;<\/p>\n<hr \/>\n<p>&nbsp;<\/p>\n<p>&nbsp;<\/p>\n<h1><span style=\"color: #ff0000;\"><a class=\"dt-pswp-item\" href=\"https:\/\/www.radiopiu.net\/wordpress\/wp-content\/uploads\/2024\/11\/8.jpg\" data-dt-img-description=\"\" data-large_image_width=\"180\" data-large_image_height=\"180\"><img loading=\"lazy\" decoding=\"async\" class=\"size-full wp-image-417910 alignleft\" src=\"https:\/\/www.radiopiu.net\/wordpress\/wp-content\/uploads\/2024\/11\/8.jpg\" alt=\"\" width=\"180\" height=\"180\" srcset=\"https:\/\/www.radiopiu.net\/wordpress\/wp-content\/uploads\/2024\/11\/8.jpg 180w, https:\/\/www.radiopiu.net\/wordpress\/wp-content\/uploads\/2024\/11\/8-150x150.jpg 150w\" sizes=\"auto, (max-width: 180px) 100vw, 180px\" \/><\/a>I podcast informativi del mattino &#8211; video &#8211;\u00a0<\/span><\/h1>\n<h2 style=\"text-align: left;\"><strong>RASSEGNA STAMPA LOCALE, ORE OTTO<\/strong><\/h2>\n<h2><strong> <span style=\"color: #0000ff;\">viene\u00a0 <\/span><\/strong><strong><span style=\"color: #0000ff;\">pubblicata alle 8.05 <span style=\"color: #ff0000;\">DIRETTA RADIO\u00a0 \u00a0<\/span><\/span><\/strong><strong>DI MIRKO MEZZACASA<\/strong><\/h2>\n<h2><span style=\"color: #ff0000;\"><strong>\u00a0<\/strong><\/span><\/h2>\n<h2><span style=\"color: #ff0000;\"><strong>\u00a0<\/strong><\/span><span style=\"color: #ff0000;\"><strong>VIDEO\u00a0 \u00a0in diretta AGGIORNAMENTO\u00a0 dalle 8 del mattino\u00a0\u00a0<\/strong><\/span><\/h2>\n<p>&nbsp;<\/p>\n<p><iframe loading=\"lazy\" style=\"border: none; overflow: hidden;\" src=\"https:\/\/www.facebook.com\/plugins\/video.php?height=314&amp;href=https%3A%2F%2Fwww.facebook.com%2Fradiopiu%2Fvideos%2F1293009931925808%2F&amp;show_text=false&amp;width=560&amp;t=0\" width=\"560\" height=\"314\" frameborder=\"0\" scrolling=\"no\" allowfullscreen=\"allowfullscreen\"><\/iframe><\/p>\n<p>&nbsp;<\/p>\n<p>&nbsp;<\/p>\n<hr \/>\n<p>&nbsp;<\/p>\n<p>&nbsp;<\/p>\n<p><strong><a class=\"dt-pswp-item\" href=\"https:\/\/www.radiopiu.net\/wordpress\/wp-content\/uploads\/2023\/12\/ANTENNA.png\" data-dt-img-description=\"\" data-large_image_width=\"300\" data-large_image_height=\"166\"><img loading=\"lazy\" decoding=\"async\" class=\"wp-image-366306 alignright\" src=\"https:\/\/www.radiopiu.net\/wordpress\/wp-content\/uploads\/2023\/12\/ANTENNA.png\" alt=\"\" width=\"101\" height=\"56\" \/><\/a><a class=\"dt-pswp-item\" href=\"https:\/\/www.radiopiu.net\/wordpress\/wp-content\/uploads\/2024\/11\/th-17.jpg\" data-dt-img-description=\"\" data-large_image_width=\"224\" data-large_image_height=\"180\"><img loading=\"lazy\" decoding=\"async\" class=\" wp-image-421610 alignleft\" src=\"https:\/\/www.radiopiu.net\/wordpress\/wp-content\/uploads\/2024\/11\/th-17.jpg\" alt=\"\" width=\"167\" height=\"134\" \/><\/a>ogni sera alle 19 le anticipazioni alla radio, quello che poi seguirete nel TELEGIORNALE BELLUNESE\u00a0 in onda alle 19.30 sul CANALE 10 del digitale terrestre.\u00a0\u00a0<\/strong><\/p>\n<p>&nbsp;<\/p>\n<p><b>\u00a0\u00a0<\/b><\/p>\n<p>&nbsp;<\/p>\n<p><span style=\"color: #ff0000;\"><strong>LE ANTICIPAZIONI DI TIZIANA BOLOGNANI<\/strong><\/span><\/p>\n<audio class=\"wp-audio-shortcode\" id=\"audio-433807-6\" preload=\"none\" style=\"width: 100%;\" controls=\"controls\"><source type=\"audio\/mpeg\" src=\"https:\/\/www.radiopiu.net\/wordpress\/wp-content\/uploads\/2025\/02\/ANTENNA3-6.mp3?_=6\" \/><a href=\"https:\/\/www.radiopiu.net\/wordpress\/wp-content\/uploads\/2025\/02\/ANTENNA3-6.mp3\">https:\/\/www.radiopiu.net\/wordpress\/wp-content\/uploads\/2025\/02\/ANTENNA3-6.mp3<\/a><\/audio>\n<p>&nbsp;<\/p>\n<hr \/>\n<p>&nbsp;<\/p>\n<blockquote>\n<h2>Addio a Riccardo Da Pos, emigrante legato alle sue radici<\/h2>\n<\/blockquote>\n<p><strong><a class=\"dt-pswp-item\" href=\"https:\/\/www.radiopiu.net\/wordpress\/wp-content\/uploads\/2025\/02\/Senza-nome-29.png\" data-dt-img-description=\"\" data-large_image_width=\"147\" data-large_image_height=\"175\"><img loading=\"lazy\" decoding=\"async\" class=\" wp-image-433816 alignleft\" src=\"https:\/\/www.radiopiu.net\/wordpress\/wp-content\/uploads\/2025\/02\/Senza-nome-29.png\" alt=\"\" width=\"76\" height=\"90\" \/><\/a>CANALE D\u2019AGORDO<\/strong> \u2013\u00a0 Oggi\u00a0 <strong>alle\u00a0 14.30<\/strong> nella chiesa arcipretale di Canale l&#8217;ultimo saluto all&#8217;emigrante di Carfon.\u00a0 Le sue ceneri torneranno in Lussemburgo, dove viveva. La comunit\u00e0 lo ricorda per la sua dedizione e amore per le proprie radici.<\/p>\n<p>&nbsp;<\/p>\n<p>&nbsp;<\/p>\n<blockquote><p><strong>OGGI L&#8217;ULTIMO SALUTO AL CAPOGRUPPO<\/strong><\/p><\/blockquote>\n<p><strong><a class=\"dt-pswp-item\" href=\"https:\/\/www.radiopiu.net\/wordpress\/wp-content\/uploads\/2025\/02\/SCR-20250209-snfg.png\" data-dt-img-description=\"\" data-large_image_width=\"372\" data-large_image_height=\"516\"><img loading=\"lazy\" decoding=\"async\" class=\" wp-image-433795 alignleft\" src=\"https:\/\/www.radiopiu.net\/wordpress\/wp-content\/uploads\/2025\/02\/SCR-20250209-snfg-216x300.png\" alt=\"\" width=\"99\" height=\"137\" srcset=\"https:\/\/www.radiopiu.net\/wordpress\/wp-content\/uploads\/2025\/02\/SCR-20250209-snfg-216x300.png 216w, https:\/\/www.radiopiu.net\/wordpress\/wp-content\/uploads\/2025\/02\/SCR-20250209-snfg.png 372w\" sizes=\"auto, (max-width: 99px) 100vw, 99px\" \/><\/a> <\/strong><\/p>\n<p><strong>\u00a0<\/strong><\/p>\n<p><strong>FALCADE<\/strong> Verranno celebrati oggi alle 10:30 nella chiesa parrocchiale di Caviola i funerali di Tullio Follador scomparso a 70 anni.\u00a0 A darne il triste annuncio sono la moglie Luisa, il figlio Maikol con Annacarla, la sorella Miranda, i cognati, le cognate, i nipoti e i parenti tutti. La famiglia porge un sentito ringraziamento alla dottoressa Corazzin, al reparto oncologia dell&#8217;Ospedale San Martino di Belluno, al reparto Medicina di Agordo e al dottor Barone per le amorevoli cure prestate. Tullio per 10 anni ha guidato lo locale sezione del gruppo alpini (Canale-Caviola).<\/p>\n<p>&nbsp;<\/p>\n<p>&nbsp;<\/p>\n<hr \/>\n<p>&nbsp;<\/p>\n<blockquote>\n<h2>Boscaiolo scivola e si infortuna a Colle Santa Lucia<\/h2>\n<\/blockquote>\n<p><b><img loading=\"lazy\" decoding=\"async\" class=\"alignleft\" src=\"https:\/\/www.radiopiu.net\/wordpress\/wp-content\/uploads\/2024\/12\/DSC00443-Modifica-scaled.jpg\" width=\"242\" height=\"161\" \/>COLLE SANTA LUCIA <\/b>\u00a0\u2013 Intervento delicato ieri mattina per le squadre del Soccorso Alpino di Alleghe &#8211; Val Fiorentina, Livinallongo e Val Pettorina, impegnate in localit\u00e0 Rucav\u00e0 per soccorrere un boscaiolo trentenne di Colle Santa Lucia. L\u2019uomo, impegnato nei lavori di taglio boschivo, \u00e8 scivolato su un ripido pendio, riportando un sospetto trauma lombare dopo aver battuto la schiena. Sul posto sono intervenuti i soccorritori e il personale sanitario dell\u2019ambulanza, che hanno stabilizzato l\u2019infortunato. Il boscaiolo \u00e8 <a class=\"dt-pswp-item\" href=\"https:\/\/www.radiopiu.net\/wordpress\/wp-content\/uploads\/2025\/02\/ef414511-d886-4460-bfaf-d9bc4627fac2.jpg\" data-dt-img-description=\"\" data-large_image_width=\"1600\" data-large_image_height=\"1200\"><img loading=\"lazy\" decoding=\"async\" class=\"wp-image-433934 alignright\" src=\"https:\/\/www.radiopiu.net\/wordpress\/wp-content\/uploads\/2025\/02\/ef414511-d886-4460-bfaf-d9bc4627fac2-300x225.jpg\" alt=\"\" width=\"201\" height=\"151\" srcset=\"https:\/\/www.radiopiu.net\/wordpress\/wp-content\/uploads\/2025\/02\/ef414511-d886-4460-bfaf-d9bc4627fac2-300x225.jpg 300w, https:\/\/www.radiopiu.net\/wordpress\/wp-content\/uploads\/2025\/02\/ef414511-d886-4460-bfaf-d9bc4627fac2-1024x768.jpg 1024w, https:\/\/www.radiopiu.net\/wordpress\/wp-content\/uploads\/2025\/02\/ef414511-d886-4460-bfaf-d9bc4627fac2-768x576.jpg 768w, https:\/\/www.radiopiu.net\/wordpress\/wp-content\/uploads\/2025\/02\/ef414511-d886-4460-bfaf-d9bc4627fac2-1536x1152.jpg 1536w, https:\/\/www.radiopiu.net\/wordpress\/wp-content\/uploads\/2025\/02\/ef414511-d886-4460-bfaf-d9bc4627fac2.jpg 1600w\" sizes=\"auto, (max-width: 201px) 100vw, 201px\" \/><\/a>stato trasportato in barella, calato lungo un tratto di 120 metri tra gli schianti e successivamente portato a spalla per 500 metri fino alla statale. Da l\u00ec \u00e8 stato trasferito all\u2019incontro con l\u2019eliambulanza, che lo ha condotto all\u2019ospedale per le cure del caso.<\/p>\n<p><strong>ALLEGHE<\/strong> Ieri all&#8217;ora di pranzo incidente sugli sci, paziente sempre cosciente trasportato al San Martino di Belluno con un codice di media gravit\u00e0.<\/p>\n<p><strong>FELTRE<\/strong> Alle 15 incidente stradale tra auto e moto, ad avere la peggio un minorenne trasportato per accertamenti al Santa Maria del Prato con ferite di lieve entit\u00e0.<\/p>\n<p><strong>AURONZO<\/strong> Poco prima delle 16 l&#8217;ultimo intervento della giornata per soccorrere una donna rumena di 65 anni che aveva avuto un problema vascolare. La paziente \u00e8 stata elitrasportata al San Martino di Belluno in condizioni di media gravit\u00e0.<\/p>\n<p>&nbsp;<\/p>\n<hr \/>\n<p>&nbsp;<\/p>\n<blockquote>\n<h3>AUTOCARRO FUORI STRADA E INCENDIO DI CANNA FUMARIA<\/h3>\n<\/blockquote>\n<p>Giornata di lavoro per i <strong>Vigili del Fuoco di Agordo<\/strong>, impegnati in due distinti interventi nella giornata di ieri.<\/p>\n<h3><strong><a class=\"dt-pswp-item\" href=\"https:\/\/www.radiopiu.net\/wordpress\/wp-content\/uploads\/2025\/02\/476559557_1031076209062362_2120973708431879576_n.jpg\" data-dt-img-description=\"\" data-large_image_width=\"800\" data-large_image_height=\"600\"><img loading=\"lazy\" decoding=\"async\" class=\" wp-image-434023 alignleft\" src=\"https:\/\/www.radiopiu.net\/wordpress\/wp-content\/uploads\/2025\/02\/476559557_1031076209062362_2120973708431879576_n-300x225.jpg\" alt=\"\" width=\"247\" height=\"185\" srcset=\"https:\/\/www.radiopiu.net\/wordpress\/wp-content\/uploads\/2025\/02\/476559557_1031076209062362_2120973708431879576_n-300x225.jpg 300w, https:\/\/www.radiopiu.net\/wordpress\/wp-content\/uploads\/2025\/02\/476559557_1031076209062362_2120973708431879576_n-768x576.jpg 768w, https:\/\/www.radiopiu.net\/wordpress\/wp-content\/uploads\/2025\/02\/476559557_1031076209062362_2120973708431879576_n.jpg 800w\" sizes=\"auto, (max-width: 247px) 100vw, 247px\" \/><\/a>Recupero autocarro a Cencenighe Agordino<\/strong><\/h3>\n<p>Alle ore 13:30, i Vigili del Fuoco sono intervenuti in <strong>via Mazzarol a Cencenighe Agordino<\/strong> per il recupero di un autocarro uscito autonomamente di strada. Sul posto \u00e8 stata necessaria l\u2019autogru proveniente da Belluno. L\u2019intervento si \u00e8 concluso senza feriti.<\/p>\n<h3><strong>Incendio canna fumaria a Saviner di Laste<\/strong><\/h3>\n<p>Intorno alle 18:30, un incendio ha interessato una <strong>canna fumaria<\/strong> in localit\u00e0 <strong>Saviner di Laste<\/strong>. Sul posto sono intervenuti i volontari dei Vigili del Fuoco di Caprile con i colleghi permanenti di Agordo. L\u2019incendio \u00e8 stato circoscritto rapidamente e non ha coinvolto persone. Entrambi gli episodi si sono risolti senza gravi conseguenze<\/p>\n<p>&nbsp;<\/p>\n<p>&nbsp;<\/p>\n<hr \/>\n<p>&nbsp;<\/p>\n<blockquote>\n<h3><a class=\"dt-pswp-item\" href=\"https:\/\/www.radiopiu.net\/wordpress\/wp-content\/uploads\/2023\/09\/th-17.jpg\" data-dt-img-description=\"\" data-large_image_width=\"320\" data-large_image_height=\"180\"><img loading=\"lazy\" decoding=\"async\" class=\" wp-image-352956 alignleft\" src=\"https:\/\/www.radiopiu.net\/wordpress\/wp-content\/uploads\/2023\/09\/th-17-300x169.jpg\" alt=\"\" width=\"213\" height=\"120\" srcset=\"https:\/\/www.radiopiu.net\/wordpress\/wp-content\/uploads\/2023\/09\/th-17-300x169.jpg 300w, https:\/\/www.radiopiu.net\/wordpress\/wp-content\/uploads\/2023\/09\/th-17.jpg 320w\" sizes=\"auto, (max-width: 213px) 100vw, 213px\" \/><\/a>LITE A PIEVE DI CADORE, PRESO DI MIRA UN NIGERIANO<\/h3>\n<\/blockquote>\n<p><strong>DI BARBARA PAOLAZZI<\/strong><\/p>\n<audio class=\"wp-audio-shortcode\" id=\"audio-433807-7\" preload=\"none\" style=\"width: 100%;\" controls=\"controls\"><source type=\"audio\/mpeg\" src=\"https:\/\/www.radiopiu.net\/wordpress\/wp-content\/uploads\/2025\/02\/PAOLAZZI-LITE-A-PIEVE-DI-CADORE.mp3?_=7\" \/><a href=\"https:\/\/www.radiopiu.net\/wordpress\/wp-content\/uploads\/2025\/02\/PAOLAZZI-LITE-A-PIEVE-DI-CADORE.mp3\">https:\/\/www.radiopiu.net\/wordpress\/wp-content\/uploads\/2025\/02\/PAOLAZZI-LITE-A-PIEVE-DI-CADORE.mp3<\/a><\/audio>\n<p>&nbsp;<\/p>\n<hr \/>\n<p>&nbsp;<\/p>\n<blockquote>\n<h3>Lungo la Fenadora: rifiuti abbandonati raccolti dall\u2019Anas<\/h3>\n<\/blockquote>\n<p><strong><img loading=\"lazy\" decoding=\"async\" class=\"alignleft\" src=\"https:\/\/www.radiopiu.net\/wordpress\/wp-content\/uploads\/2025\/02\/Senza-nome-16.png\" width=\"280\" height=\"147\" \/>SEREN DEL GRAPPA<\/strong> \u2013 Continua la lotta contro l\u2019abbandono dei rifiuti lungo il tratto Fenadora-Anz\u00f9 nel territorio di Seren del Grappa. Sacchetti, oggetti ingombranti, pneumatici e materiali inerti vengono spesso lasciati dai trasgressori, sia di giorno sia approfittando delle ore notturne. Ieri il personale dell\u2019Anas \u00e8 intervenuto per effettuare una pulizia straordinaria della strada, liberandola dall&#8217;immondizia accumulata. Il sindaco Dario Scopel ha ringraziato l\u2019Anas per il lavoro svolto e ha sottolineato l\u2019importanza di un impegno collettivo. La strada, gi\u00e0 in passato oggetto di interventi di pulizia, dimostra quanto sia necessario sensibilizzare la comunit\u00e0 sul tema del rispetto ambientale.<\/p>\n<p>&nbsp;<\/p>\n<hr \/>\n<p>&nbsp;<\/p>\n<blockquote>\n<h3>Belluno, tra psichiatria, accuse e condanne: quattro casi giudiziari al centro dell\u2019attenzione<\/h3>\n<\/blockquote>\n<p><span style=\"color: #0000ff;\"><strong>OGGI LA GIUDIZIARIA<\/strong><\/span><\/p>\n<p><span style=\"color: #0000ff;\"><strong>SUL CORRIERE DELLE ALPI, GIGI SOSSO<\/strong><\/span><\/p>\n<p><span style=\"color: #0000ff;\"><strong>SINTES<\/strong>I<\/span><\/p>\n<div class=\"flex max-w-full flex-col flex-grow\">\n<div class=\"min-h-8 text-message flex w-full flex-col items-end gap-2 whitespace-normal break-words text-start [.text-message+&amp;]:mt-5\" dir=\"auto\" data-message-author-role=\"assistant\" data-message-id=\"f61c7aeb-e607-4661-9be0-dd69f197fa2d\" data-message-model-slug=\"gpt-4o\">\n<div class=\"flex w-full flex-col gap-1 empty:hidden first:pt-[3px]\">\n<div class=\"markdown prose w-full break-words dark:prose-invert dark\">\n<blockquote><p><strong><img loading=\"lazy\" decoding=\"async\" class=\"alignleft\" src=\"https:\/\/www.radiopiu.net\/wordpress\/wp-content\/uploads\/2025\/02\/71d3888e-c677-448e-9c5b-4a32181dfe45-300x300.webp\" width=\"183\" height=\"183\" \/>Perizia psichiatrica: parziale vizio di mente per il 28enne accusato di stalking<\/strong><\/p><\/blockquote>\n<p><strong>BELLUNO<\/strong> Un 28enne bellunese, accusato di stalking contro una minorenne, presenta un disturbo del neurosviluppo combinato con tratti borderline, secondo la perizia della difesa. La capacit\u00e0 di volere \u00e8 gravemente scemata. Il processo si concluder\u00e0 il 18 settembre.<\/p>\n<\/div>\n<\/div>\n<\/div>\n<\/div>\n<div class=\"mb-2 flex gap-3 empty:hidden -ml-2\">\n<div class=\"items-center justify-start rounded-xl p-1 flex\">\n<div class=\"flex items-center\">\n<blockquote><p><strong>Accusa di stalking si ribalta: rischia la condanna per calunnia<\/strong><\/p><\/blockquote>\n<p><strong>BELLUNO<\/strong> Una donna di Belluno, accusata di calunnia verso l\u2019ex compagno, rischia due anni di reclusione e 20mila euro di risarcimento. Secondo la Procura, le sue accuse di stalking erano infondate. Sentenza rinviata dopo le repliche.<\/p>\n<blockquote><p><strong>Diffamazione in diretta: si cerca una soluzione tra Bottacin e Peruffo<\/strong><\/p><\/blockquote>\n<p><strong>BELLUNO<\/strong> L\u2019assessore Gianpaolo Bottacin accusa Alberto Peruffo di diffamazione in diretta radiofonica per aver insinuato che nascondesse documenti sull\u2019emergenza Pfas. Il giudice invita le parti a trovare un accordo prima della prossima udienza, fissata per il 9 giugno.<\/p>\n<blockquote><p><strong>Infortunio all&#8217;Ideal Standard: condannato il vicepresidente<\/strong><\/p><\/blockquote>\n<p><strong>BORGO VALBELLUNA\u00a0<\/strong> \u00a0il vicepresidente della vecchia Ideal Standard\u00a0\u00e8 stato condannato a due mesi di reclusione con sospensione condizionale per lesioni colpose. L\u2019incidente risale al 2020, quando un operaio si schiacci\u00f2 la mano su un carrello elevatore. Responsabilit\u00e0 condivise tra operai e datore di lavoro.<\/p>\n<\/div>\n<\/div>\n<\/div>\n<p>&nbsp;<\/p>\n<hr \/>\n<p>&nbsp;<\/p>\n<p>&nbsp;<\/p>\n<blockquote>\n<h2>Camera di Commercio Treviso-Belluno: priorit\u00e0 2025<\/h2>\n<\/blockquote>\n<p><strong><img loading=\"lazy\" decoding=\"async\" class=\"alignleft\" src=\"https:\/\/www.radiopiu.net\/wordpress\/wp-content\/uploads\/2025\/02\/8b695a95-8451-4548-9875-aaea05b8be6d-scaled.jpg\" width=\"205\" height=\"154\" \/>BELLUNO<\/strong><\/p>\n<p>Sostegno alle imprese, promozione del turismo, contrasto allo spopolamento e progetti per i giovani sono i punti chiave per il 2025 della Camera di Commercio Treviso-Belluno Dolomiti, guidata dal presidente Mario Pozza.<\/p>\n<p><strong>DI DANIELE DALVIT<\/strong><\/p>\n<audio class=\"wp-audio-shortcode\" id=\"audio-433807-8\" preload=\"none\" style=\"width: 100%;\" controls=\"controls\"><source type=\"audio\/mpeg\" src=\"https:\/\/www.radiopiu.net\/wordpress\/wp-content\/uploads\/2025\/02\/Servizio-Bilancio-e-iniziative-Camera-di-Commercio.mp3?_=8\" \/><a href=\"https:\/\/www.radiopiu.net\/wordpress\/wp-content\/uploads\/2025\/02\/Servizio-Bilancio-e-iniziative-Camera-di-Commercio.mp3\">https:\/\/www.radiopiu.net\/wordpress\/wp-content\/uploads\/2025\/02\/Servizio-Bilancio-e-iniziative-Camera-di-Commercio.mp3<\/a><\/audio>\n<p>&nbsp;<\/p>\n<p>&nbsp;<\/p>\n<hr \/>\n<p>&nbsp;<\/p>\n<blockquote>\n<h3 class=\"_title post-title entry-title\">CCIAA E CONFINDUSTRIA AI FERRI CORTI. POZZA: \u00abBASTA \u2018MARCHESI DEL GRILLO\u2019\u00bb<\/h3>\n<\/blockquote>\n<p>\u2013 Intervistati MARIO POZZA (PRESIDENTE CCIAA BELLUNO TREVISO) (Servizio di\u00a0<a href=\"https:\/\/antennatre.medianordest.it\/redazione\/Tiziana-Bolognani\/\">Tiziana Bolognani<\/a>)<\/p>\n<p><iframe loading=\"lazy\" title=\"CCIAA E CONFINDUSTRIA AI FERRI CORTI. POZZA: \u00abBASTA &#039;MARCHESI DEL GRILLO&#039;\u00bb | 10\/02\/2025\" width=\"1200\" height=\"675\" src=\"https:\/\/www.youtube.com\/embed\/lWBOKwRPHmo?feature=oembed\" frameborder=\"0\" allow=\"accelerometer; autoplay; clipboard-write; encrypted-media; gyroscope; picture-in-picture; web-share\" referrerpolicy=\"strict-origin-when-cross-origin\" allowfullscreen><\/iframe><\/p>\n<p>&nbsp;<\/p>\n<hr \/>\n<p>&nbsp;<\/p>\n<p>&nbsp;<\/p>\n<blockquote>\n<h2>Il coraggio della partecipazione: 50 delegati della Cisl Belluno Treviso a Roma<\/h2>\n<p><strong><a class=\"dt-pswp-item\" href=\"https:\/\/www.radiopiu.net\/wordpress\/wp-content\/uploads\/2025\/02\/e6e868d9-de20-415f-a247-e9ca5533fb8a.png\" data-dt-img-description=\"\" data-large_image_width=\"1979\" data-large_image_height=\"1180\"><img loading=\"lazy\" decoding=\"async\" class=\"size-medium wp-image-433887 alignleft\" src=\"https:\/\/www.radiopiu.net\/wordpress\/wp-content\/uploads\/2025\/02\/e6e868d9-de20-415f-a247-e9ca5533fb8a-300x179.png\" alt=\"\" width=\"300\" height=\"179\" srcset=\"https:\/\/www.radiopiu.net\/wordpress\/wp-content\/uploads\/2025\/02\/e6e868d9-de20-415f-a247-e9ca5533fb8a-300x179.png 300w, https:\/\/www.radiopiu.net\/wordpress\/wp-content\/uploads\/2025\/02\/e6e868d9-de20-415f-a247-e9ca5533fb8a-1024x611.png 1024w, https:\/\/www.radiopiu.net\/wordpress\/wp-content\/uploads\/2025\/02\/e6e868d9-de20-415f-a247-e9ca5533fb8a-768x458.png 768w, https:\/\/www.radiopiu.net\/wordpress\/wp-content\/uploads\/2025\/02\/e6e868d9-de20-415f-a247-e9ca5533fb8a-1536x916.png 1536w, https:\/\/www.radiopiu.net\/wordpress\/wp-content\/uploads\/2025\/02\/e6e868d9-de20-415f-a247-e9ca5533fb8a.png 1979w\" sizes=\"auto, (max-width: 300px) 100vw, 300px\" \/><\/a><\/strong><em>Accelerare la partecipazione dei lavoratori nelle imprese<\/em><\/p><\/blockquote>\n<p><strong>BELLUNO_TREVISO<\/strong> Oggi oltre 50 delegati della Cisl Belluno Treviso parteciperanno a Roma all\u2019Assemblea nazionale di quadri e delegati della Cisl, dedicata al progetto di legge sulla partecipazione dei lavoratori alla gestione delle imprese. Con l\u2019obiettivo di sollecitare il Parlamento a dare attuazione all\u2019Articolo 46 della Costituzione, il segretario Francesco Orr\u00f9 evidenzia:<em> \u201cLa partecipazione \u00e8 sinonimo di giustizia sociale e <strong><a class=\"dt-pswp-item\" href=\"https:\/\/www.radiopiu.net\/wordpress\/wp-content\/uploads\/2025\/02\/Francesco-Orru1-scaled.jpeg\" data-dt-img-description=\"\" data-large_image_width=\"2560\" data-large_image_height=\"1920\"><img loading=\"lazy\" decoding=\"async\" class=\"wp-image-433886 alignleft\" src=\"https:\/\/www.radiopiu.net\/wordpress\/wp-content\/uploads\/2025\/02\/Francesco-Orru1-300x225.jpeg\" alt=\"\" width=\"146\" height=\"109\" srcset=\"https:\/\/www.radiopiu.net\/wordpress\/wp-content\/uploads\/2025\/02\/Francesco-Orru1-300x225.jpeg 300w, https:\/\/www.radiopiu.net\/wordpress\/wp-content\/uploads\/2025\/02\/Francesco-Orru1-1024x768.jpeg 1024w, https:\/\/www.radiopiu.net\/wordpress\/wp-content\/uploads\/2025\/02\/Francesco-Orru1-768x576.jpeg 768w, https:\/\/www.radiopiu.net\/wordpress\/wp-content\/uploads\/2025\/02\/Francesco-Orru1-1536x1152.jpeg 1536w, https:\/\/www.radiopiu.net\/wordpress\/wp-content\/uploads\/2025\/02\/Francesco-Orru1-2048x1536.jpeg 2048w\" sizes=\"auto, (max-width: 146px) 100vw, 146px\" \/><\/a><\/strong>progresso. Vogliamo un modello di sviluppo con i lavoratori al centro\u201d.<\/em><\/p>\n<p>&nbsp;<\/p>\n<p><strong>IL SEGRETARIO FRANCESCO ORRU&#8217;<\/strong><\/p>\n<audio class=\"wp-audio-shortcode\" id=\"audio-433807-9\" preload=\"none\" style=\"width: 100%;\" controls=\"controls\"><source type=\"audio\/mpeg\" src=\"https:\/\/www.radiopiu.net\/wordpress\/wp-content\/uploads\/2025\/02\/CISL-ORRU.mp3?_=9\" \/><a href=\"https:\/\/www.radiopiu.net\/wordpress\/wp-content\/uploads\/2025\/02\/CISL-ORRU.mp3\">https:\/\/www.radiopiu.net\/wordpress\/wp-content\/uploads\/2025\/02\/CISL-ORRU.mp3<\/a><\/audio>\n<h3><\/h3>\n<hr \/>\n<p>&nbsp;<\/p>\n<blockquote>\n<h3>Belluno accoglie 53 nuovi Carabinieri, tra cui 21 donne: un rinforzo cruciale per la sicurezza del territorio<\/h3>\n<\/blockquote>\n<p>&nbsp;<\/p>\n<p><strong>BELLUNO<\/strong><\/p>\n<div class=\"flex max-w-full flex-col flex-grow\">\n<div class=\"min-h-8 text-message flex w-full flex-col items-end gap-2 whitespace-normal break-words text-start [.text-message+&amp;]:mt-5\" dir=\"auto\" data-message-author-role=\"assistant\" data-message-id=\"931e30b2-36a7-4965-a221-abc4176c1acf\" data-message-model-slug=\"gpt-4o\">\n<div class=\"flex w-full flex-col gap-1 empty:hidden first:pt-[3px]\">\n<div class=\"markdown prose w-full break-words dark:prose-invert dark\">\n<p><a class=\"dt-pswp-item\" href=\"https:\/\/www.radiopiu.net\/wordpress\/wp-content\/uploads\/2025\/02\/78798fa4-ca72-4083-ac52-cdd9f5c8738f-scaled.jpg\" data-dt-img-description=\"\" data-large_image_width=\"2560\" data-large_image_height=\"1920\"><img loading=\"lazy\" decoding=\"async\" class=\"size-medium wp-image-433923 alignleft\" src=\"https:\/\/www.radiopiu.net\/wordpress\/wp-content\/uploads\/2025\/02\/78798fa4-ca72-4083-ac52-cdd9f5c8738f-300x225.jpg\" alt=\"\" width=\"300\" height=\"225\" srcset=\"https:\/\/www.radiopiu.net\/wordpress\/wp-content\/uploads\/2025\/02\/78798fa4-ca72-4083-ac52-cdd9f5c8738f-300x225.jpg 300w, https:\/\/www.radiopiu.net\/wordpress\/wp-content\/uploads\/2025\/02\/78798fa4-ca72-4083-ac52-cdd9f5c8738f-1024x768.jpg 1024w, https:\/\/www.radiopiu.net\/wordpress\/wp-content\/uploads\/2025\/02\/78798fa4-ca72-4083-ac52-cdd9f5c8738f-768x576.jpg 768w, https:\/\/www.radiopiu.net\/wordpress\/wp-content\/uploads\/2025\/02\/78798fa4-ca72-4083-ac52-cdd9f5c8738f-1536x1152.jpg 1536w, https:\/\/www.radiopiu.net\/wordpress\/wp-content\/uploads\/2025\/02\/78798fa4-ca72-4083-ac52-cdd9f5c8738f-2048x1536.jpg 2048w\" sizes=\"auto, (max-width: 300px) 100vw, 300px\" \/><\/a>Un importante rafforzamento per la sicurezza della provincia di Belluno: 53 nuovi Carabinieri, tra cui 21 donne, sono entrati in servizio presso le 24 Stazioni Carabinieri del territorio. Accolti oggi dal Comandante Provinciale e dai loro nuovi superiori, i militari hanno ricevuto il benvenuto ufficiale e gli auguri di buon lavoro. <em>\u201c\u00c8 un segnale significativo di attenzione verso la provincia di Belluno \u2013 sottolinea il Colonnello Enrico Pigozzo \u2013. La presenza di personale femminile in quasi ogni stazione \u00e8 fondamentale, soprattutto per affrontare tematiche come la violenza di genere, garantendo un supporto pi\u00f9 sensibile e adeguato alle vittime\u201d. <\/em>I nuovi Carabinieri provengono da diverse regioni italiane, tra cui Toscana, Friuli Venezia Giulia, Lombardia ed Emilia Romagna, e hanno recentemente concluso il corso di formazione presso scuole dell\u2019Arma come Torino, Campobasso, Velletri e Reggio Calabria. La pi\u00f9 &#8220;anziana&#8221; del gruppo \u00e8 Rebecca, 24 anni, di Pistoia, mentre il pi\u00f9 giovane \u00e8 Simone, 20 anni, di Bologna. Il Prefetto di Belluno, Antonello Roccoberton, ha accolto i militari a Palazzo dei Rettori, ribadendo l\u2019importanza del loro ruolo nella prevenzione e controllo del territorio. <em>\u201cQuesti giovani, motivati e pieni di entusiasmo, rappresentano un potenziamento significativo per la sicurezza delle comunit\u00e0 \u2013 conclude il Colonnello Pigozzo \u2013. Siamo certi che, con il supporto dei colleghi pi\u00f9 esperti, sapranno rispondere alle aspettative dei cittadini\u201d. <\/em>Il presidente della Provincia di Belluno, Roberto Padrin, accoglie con soddisfazione la notizia, definendo gli uomini e le donne dell&#8217;Arma un rinforzo significativo per la sicurezza locale. L\u2019arrivo, legato anche alla preparazione per le Olimpiadi Milano Cortina 2026, rafforza l\u2019organico per il futuro del Bellunese. Padrin sottolinea l&#8217;importanza della presenza femminile per affrontare temi come la violenza di genere, in collaborazione con associazioni come Belluno Donna.<\/p>\n<\/div>\n<\/div>\n<\/div>\n<\/div>\n<p>&nbsp;<\/p>\n<hr \/>\n<p>&nbsp;<\/p>\n<blockquote>\n<h1 class=\"_title post-title entry-title\">BELLUNO | GIORNO DEL RICORDO<\/h1>\n<h3>Intervistati NOEMI D\u2019INCA\u2019 (COMITATO 10 FEBBRAIO) (Servizio di <a href=\"https:\/\/antennatre.medianordest.it\/redazione\/Tiziana-Bolognani\/\">Tiziana Bolognani<\/a>)<\/h3>\n<\/blockquote>\n<p><iframe loading=\"lazy\" title=\"GIORNO DEL RICORDO, DE CARLO: \u00abINFOIBATI PERCHE&#039; ITALIANI. BASTA FAVOLETTE\u00bb | 10\/02\/2025\" width=\"1200\" height=\"675\" src=\"https:\/\/www.youtube.com\/embed\/NvnoJyXZvgs?feature=oembed\" frameborder=\"0\" allow=\"accelerometer; autoplay; clipboard-write; encrypted-media; gyroscope; picture-in-picture; web-share\" referrerpolicy=\"strict-origin-when-cross-origin\" allowfullscreen><\/iframe><\/p>\n<p>&nbsp;<\/p>\n<p>&nbsp;<\/p>\n<hr \/>\n<p>&nbsp;<\/p>\n<blockquote>\n<h3><a class=\"dt-pswp-item\" href=\"https:\/\/www.radiopiu.net\/wordpress\/wp-content\/uploads\/2020\/08\/SLOT-MACHINE.jpg\" data-dt-img-description=\"\" data-large_image_width=\"1920\" data-large_image_height=\"1278\"><img loading=\"lazy\" decoding=\"async\" class=\" wp-image-152886 alignleft\" src=\"https:\/\/www.radiopiu.net\/wordpress\/wp-content\/uploads\/2020\/08\/SLOT-MACHINE-300x200.jpg\" alt=\"\" width=\"179\" height=\"119\" srcset=\"https:\/\/www.radiopiu.net\/wordpress\/wp-content\/uploads\/2020\/08\/SLOT-MACHINE-300x200.jpg 300w, https:\/\/www.radiopiu.net\/wordpress\/wp-content\/uploads\/2020\/08\/SLOT-MACHINE-1024x682.jpg 1024w, https:\/\/www.radiopiu.net\/wordpress\/wp-content\/uploads\/2020\/08\/SLOT-MACHINE-768x511.jpg 768w, https:\/\/www.radiopiu.net\/wordpress\/wp-content\/uploads\/2020\/08\/SLOT-MACHINE-1536x1022.jpg 1536w, https:\/\/www.radiopiu.net\/wordpress\/wp-content\/uploads\/2020\/08\/SLOT-MACHINE.jpg 1920w\" sizes=\"auto, (max-width: 179px) 100vw, 179px\" \/><\/a>PROSEGUE LA TUTELA DEI CITTADINI DAL GIOCO ILLEGALE<\/h3>\n<\/blockquote>\n<p><strong>ROMA<\/strong> Il Comitato CoPReGI, guidato dal Direttore dell\u2019Agenzia delle Dogane e dei Monopoli, ha svolto un&#8217;ampia operazione di controllo sul gioco pubblico dal 26 novembre al 6 dicembre 2024. In collaborazione con Polizia di Stato, Carabinieri e Guardia di Finanza, sono stati verificati 548 punti di gioco su tutto il territorio nazionale. Sono stati individuati 24 punti scommesse non autorizzati e sequestrati 111 apparecchi AWP, 12 totem e 25 PC collegati a siti illegali. Sono state inflitte 134 sanzioni per un totale di 3,42 milioni di euro e denunciati 48 soggetti. L\u2019azione mira a contrastare il gioco illegale e tutelare i minori.<\/p>\n<p>&nbsp;<\/p>\n<blockquote>\n<h2>Vincite e pubblicit\u00e0: la trasparenza che manca<\/h2>\n<\/blockquote>\n<p><em>di Mirko Mezzacasa<\/em><\/p>\n<p><a href=\"https:\/\/www.radiopiu.net\/wordpress\/wp-content\/uploads\/2025\/02\/75fa817b-a025-4dd2-aa23-28d4817c3400.webp\"><img loading=\"lazy\" decoding=\"async\" class=\" wp-image-433684 alignleft\" src=\"https:\/\/www.radiopiu.net\/wordpress\/wp-content\/uploads\/2025\/02\/75fa817b-a025-4dd2-aa23-28d4817c3400-300x300.webp\" alt=\"\" width=\"221\" height=\"221\" srcset=\"https:\/\/www.radiopiu.net\/wordpress\/wp-content\/uploads\/2025\/02\/75fa817b-a025-4dd2-aa23-28d4817c3400-300x300.webp 300w, https:\/\/www.radiopiu.net\/wordpress\/wp-content\/uploads\/2025\/02\/75fa817b-a025-4dd2-aa23-28d4817c3400-150x150.webp 150w, https:\/\/www.radiopiu.net\/wordpress\/wp-content\/uploads\/2025\/02\/75fa817b-a025-4dd2-aa23-28d4817c3400-768x768.webp 768w, https:\/\/www.radiopiu.net\/wordpress\/wp-content\/uploads\/2025\/02\/75fa817b-a025-4dd2-aa23-28d4817c3400.webp 1024w\" sizes=\"auto, (max-width: 221px) 100vw, 221px\" \/><\/a>Capita sempre pi\u00f9 spesso di imbattersi in notizie che celebrano vincite straordinarie: un giorno il gratta e vinci, l\u2019altro il Superenalotto, e cos\u00ec via. Centinaia di migliaia, a volte milioni di euro, che trasformano sconosciuti in improvvisi &#8220;fortunati&#8221;, almeno per un giorno. Ed \u00e8 proprio in quei momenti che il clamore si alza, con grande soddisfazione di chi gestisce il sistema: testate giornalistiche, siti web e aziende legate al gioco d\u2019azzardo non perdono l\u2019occasione di battere la gran cassa. Del resto, come dice il detto: <em>chi arte no sa far bot\u00e9ga s\u00e8ra<\/em> (chi non sa fare il proprio lavoro chiude bottega). E cos\u00ec, queste operazioni di marketing fanno il loro dovere, attirando altre migliaia di persone nella rete del gioco.<\/p>\n<p>Ma fermiamoci un attimo a riflettere: \u00e8 giusto tutto questo?<br \/>\nLa risposta \u00e8 no. Per questo RadioPi\u00f9 (testata giornalistica) ha scelto il &#8220;silenzio stampa&#8221; in queste occasioni che pur attirano lettori e clic sui siti. Non \u00e8 giusto che si parli solo delle vincite, come fossero miracolosi colpi di fortuna che attendono dietro l\u2019angolo. Sarebbe invece necessario, anzi obbligatorio, che chi pubblicizza questi episodi comunichi contestualmente un dato fondamentale: quanti soldi sono stati giocati nello stesso giorno in cui \u00e8 maturata quella vincita. Perch\u00e9 ogni euro vinto ne nasconde migliaia spesi, spesso da persone che magari non se lo possono nemmeno permettere.<\/p>\n<p>Pensiamoci: sulle confezioni di sigarette, che non si possono certe pubblicizzare, vietatissimo con ogni mezzo,\u00a0 siamo abituati a vedere immagini inquietanti legate ai danni del fumo, o frasi che ti avvisano, senza mezzi termini, che il tuo vizio potrebbe portarti alla tomba. Allora perch\u00e9 nel mondo del gioco d\u2019azzardo tutto questo non avviene? Perch\u00e9 si parla solo del lato scintillante, senza mostrare i rischi, le dipendenze, i drammi personali ed economici che si nascondono dietro?<\/p>\n<p>Serve una legge, e serve subito. Una normativa che obblighi alla trasparenza, che equilibri la narrazione, senza tralasciare i lati oscuri di un fenomeno che, ogni giorno, coinvolge e rovina la vita di troppe persone. Perch\u00e9 un\u2019informazione incompleta non \u00e8 informazione: \u00e8 pubblicit\u00e0 mascherata. E su questo, non possiamo chiudere gli occhi.<\/p>\n<blockquote><p>&nbsp;<\/p>\n<p>&nbsp;<\/p><\/blockquote>\n<hr \/>\n<p>&nbsp;<\/p>\n<blockquote>\n<h3>ESSILORLUXOTTICA NEL PROGETTO PREMYOM PER LA RICERCA E LA GESTIONE DELLA MIOPIA<\/h3>\n<\/blockquote>\n<p><strong><a class=\"dt-pswp-item\" href=\"https:\/\/www.radiopiu.net\/wordpress\/wp-content\/uploads\/2024\/04\/essilorluxottica.png\" data-dt-img-description=\"\" data-large_image_width=\"400\" data-large_image_height=\"400\"><img loading=\"lazy\" decoding=\"async\" class=\" wp-image-386124 alignleft\" src=\"https:\/\/www.radiopiu.net\/wordpress\/wp-content\/uploads\/2024\/04\/essilorluxottica-300x300.png\" alt=\"\" width=\"146\" height=\"146\" srcset=\"https:\/\/www.radiopiu.net\/wordpress\/wp-content\/uploads\/2024\/04\/essilorluxottica-300x300.png 300w, https:\/\/www.radiopiu.net\/wordpress\/wp-content\/uploads\/2024\/04\/essilorluxottica-150x150.png 150w, https:\/\/www.radiopiu.net\/wordpress\/wp-content\/uploads\/2024\/04\/essilorluxottica.png 400w\" sizes=\"auto, (max-width: 146px) 100vw, 146px\" \/><\/a>PARIGI\u00a0<\/strong>EssilorLuxottica, insieme a importanti istituti di ricerca e med-tech, ha lanciato PREMYOM, un progetto quinquennale per contrastare la miopia attraverso soluzioni oftalmiche avanzate. L\u2019iniziativa mira a sviluppare lenti personalizzate per rallentare la progressione della miopia nei bambini, affrontando questa crescente problematica di salute pubblica. Il progetto riunisce esperti di ottica, ricerca clinica e biologia per comprendere i meccanismi della miopia e offrire trattamenti innovativi. PREMYOM utilizzer\u00e0 studi di coorte, big data, simulazioni biomeccaniche e nuove tecnologie di produzione per ottimizzare le soluzioni ottiche. EssilorLuxottica guider\u00e0 il progetto, puntando a creare la pi\u00f9 grande coorte di miopia nel mondo occidentale. Secondo le stime, entro il 2050 oltre 4,7 miliardi di persone saranno miopi, con un miliardo affetto da miopia elevata, aumentando il rischio di patologie oculari gravi come glaucoma e distacco della retina. L\u2019obiettivo \u00e8 offrire terapie ottiche avanzate che vadano oltre la semplice correzione visiva.<\/p>\n<p>&nbsp;<\/p>\n<hr \/>\n<p>&nbsp;<\/p>\n<blockquote>\n<h3>L&#8217;UNIONE MONTANA AGORDINA ASSEGNA BORSE DI STUDIO PER STUDENTI DI INFERMIERISTICA<\/h3>\n<\/blockquote>\n<p><strong><a class=\"dt-pswp-item\" href=\"https:\/\/www.radiopiu.net\/wordpress\/wp-content\/uploads\/2023\/11\/unione-montana-agordina.png\" data-dt-img-description=\"\" data-large_image_width=\"791\" data-large_image_height=\"517\"><img loading=\"lazy\" decoding=\"async\" class=\" wp-image-363432 alignleft\" src=\"https:\/\/www.radiopiu.net\/wordpress\/wp-content\/uploads\/2023\/11\/unione-montana-agordina-300x196.png\" alt=\"\" width=\"210\" height=\"137\" srcset=\"https:\/\/www.radiopiu.net\/wordpress\/wp-content\/uploads\/2023\/11\/unione-montana-agordina-300x196.png 300w, https:\/\/www.radiopiu.net\/wordpress\/wp-content\/uploads\/2023\/11\/unione-montana-agordina-768x502.png 768w, https:\/\/www.radiopiu.net\/wordpress\/wp-content\/uploads\/2023\/11\/unione-montana-agordina.png 791w\" sizes=\"auto, (max-width: 210px) 100vw, 210px\" \/><\/a>AGORDO<\/strong><\/p>\n<p>DI GIANNI SANTOMASO<\/p>\n<audio class=\"wp-audio-shortcode\" id=\"audio-433807-10\" preload=\"none\" style=\"width: 100%;\" controls=\"controls\"><source type=\"audio\/mpeg\" src=\"https:\/\/www.radiopiu.net\/wordpress\/wp-content\/uploads\/2025\/02\/GIANNI-BORSE-DI-STUDIO-PER-STUDENTI-DI-INFERMIERISTICA.mp3?_=10\" \/><a href=\"https:\/\/www.radiopiu.net\/wordpress\/wp-content\/uploads\/2025\/02\/GIANNI-BORSE-DI-STUDIO-PER-STUDENTI-DI-INFERMIERISTICA.mp3\">https:\/\/www.radiopiu.net\/wordpress\/wp-content\/uploads\/2025\/02\/GIANNI-BORSE-DI-STUDIO-PER-STUDENTI-DI-INFERMIERISTICA.mp3<\/a><\/audio>\n<p>&nbsp;<\/p>\n<p>&nbsp;<\/p>\n<hr \/>\n<p>&nbsp;<\/p>\n<div class=\"flex max-w-full flex-col flex-grow\">\n<div class=\"min-h-8 text-message flex w-full flex-col items-end gap-2 whitespace-normal break-words text-start [.text-message+&amp;]:mt-5\" dir=\"auto\" data-message-author-role=\"assistant\" data-message-id=\"85282f5e-200e-4ab8-9041-60ca7e470f2d\" data-message-model-slug=\"gpt-4o\">\n<div class=\"flex w-full flex-col gap-1 empty:hidden first:pt-[3px]\">\n<div class=\"markdown prose w-full break-words dark:prose-invert dark\">\n<blockquote>\n<h3><strong>Sanit\u00e0 veneta: abbattute le liste d\u2019attesa, priorit\u00e0 su innovazione e personale<\/strong><\/h3>\n<\/blockquote>\n<p><strong><a class=\"dt-pswp-item\" href=\"https:\/\/www.radiopiu.net\/wordpress\/wp-content\/uploads\/2025\/02\/4-02-2025-PUNTO-STAMPA-SANITA-7908-scaled.jpg\" data-dt-img-description=\"\" data-large_image_width=\"2560\" data-large_image_height=\"1708\"><img loading=\"lazy\" decoding=\"async\" class=\" wp-image-432976 alignleft\" src=\"https:\/\/www.radiopiu.net\/wordpress\/wp-content\/uploads\/2025\/02\/4-02-2025-PUNTO-STAMPA-SANITA-7908-300x200.jpg\" alt=\"\" width=\"248\" height=\"165\" srcset=\"https:\/\/www.radiopiu.net\/wordpress\/wp-content\/uploads\/2025\/02\/4-02-2025-PUNTO-STAMPA-SANITA-7908-300x200.jpg 300w, https:\/\/www.radiopiu.net\/wordpress\/wp-content\/uploads\/2025\/02\/4-02-2025-PUNTO-STAMPA-SANITA-7908-1024x683.jpg 1024w, https:\/\/www.radiopiu.net\/wordpress\/wp-content\/uploads\/2025\/02\/4-02-2025-PUNTO-STAMPA-SANITA-7908-768x512.jpg 768w, https:\/\/www.radiopiu.net\/wordpress\/wp-content\/uploads\/2025\/02\/4-02-2025-PUNTO-STAMPA-SANITA-7908-1536x1025.jpg 1536w, https:\/\/www.radiopiu.net\/wordpress\/wp-content\/uploads\/2025\/02\/4-02-2025-PUNTO-STAMPA-SANITA-7908-2048x1366.jpg 2048w\" sizes=\"auto, (max-width: 248px) 100vw, 248px\" \/><\/a>VENEZIA<\/strong> Tra maggio 2023 e dicembre 2024, la Regione Veneto ha ridotto drasticamente le liste d\u2019attesa per prestazioni sanitarie: azzerate le priorit\u00e0 B (entro 10 giorni), diminuite dell\u201987% le priorit\u00e0 D (30 giorni) e del 77% le priorit\u00e0 P (60\/90 giorni). Il presidente Luca Zaia, insieme all\u2019assessore alla Sanit\u00e0 Manuela Lanzarin, ha presentato i risultati, frutto di monitoraggi digitali, collaborazione tra ospedali e medici di base, potenziamento dei CUP e investimenti nel personale. Dal Fondo sanitario, sono stati destinati 27 milioni di euro nel 2023 e oltre 48 milioni per il 2024 e 2025, con prestazioni aggiuntive fornite sia da strutture pubbliche sia private accreditate. Zaia ha sottolineato la necessit\u00e0 di eliminare i test di ingresso a Medicina e permettere ai medici di lavorare oltre l\u2019et\u00e0 pensionabile per compensare la carenza di 3500 professionisti nella regione.<\/p>\n<\/div>\n<\/div>\n<\/div>\n<\/div>\n<p>&nbsp;<\/p>\n<p>&nbsp;<\/p>\n<hr \/>\n<p>&nbsp;<\/p>\n<blockquote>\n<h3>GAL PREALPI E DOLOMITI: SARA BONA ELETTA PRESIDENTE ALL&#8217;UNANIMITA&#8217;<\/h3>\n<\/blockquote>\n<p><strong> <a class=\"dt-pswp-item\" href=\"https:\/\/www.radiopiu.net\/wordpress\/wp-content\/uploads\/2025\/02\/SARA-BONA-TAMBRE.jpg\" data-dt-img-description=\"\" data-large_image_width=\"2048\" data-large_image_height=\"1536\"><img loading=\"lazy\" decoding=\"async\" class=\" wp-image-433992 alignleft\" src=\"https:\/\/www.radiopiu.net\/wordpress\/wp-content\/uploads\/2025\/02\/SARA-BONA-TAMBRE-300x225.jpg\" alt=\"\" width=\"167\" height=\"125\" srcset=\"https:\/\/www.radiopiu.net\/wordpress\/wp-content\/uploads\/2025\/02\/SARA-BONA-TAMBRE-300x225.jpg 300w, https:\/\/www.radiopiu.net\/wordpress\/wp-content\/uploads\/2025\/02\/SARA-BONA-TAMBRE-1024x768.jpg 1024w, https:\/\/www.radiopiu.net\/wordpress\/wp-content\/uploads\/2025\/02\/SARA-BONA-TAMBRE-768x576.jpg 768w, https:\/\/www.radiopiu.net\/wordpress\/wp-content\/uploads\/2025\/02\/SARA-BONA-TAMBRE-1536x1152.jpg 1536w, https:\/\/www.radiopiu.net\/wordpress\/wp-content\/uploads\/2025\/02\/SARA-BONA-TAMBRE.jpg 2048w\" sizes=\"auto, (max-width: 167px) 100vw, 167px\" \/><\/a>BELLUNO<\/strong> Sara Bona, Sindaco di Tambre, \u00e8 stata eletta all&#8217;unanimit\u00e0 nuova presidente del GAL Prealpi e Dolomiti, succedendo a Milena De Zanet. Contestualmente, Simone Deola, vicesindaco di Borgo Valbelluna, \u00e8 stato nominato consigliere, sostituendo Alex Gallina. Deola si unisce ai consiglieri Enzo Guarnieri, Francesco De Toffol e Cristian Sacchet, nominati nel 2023. De Zanet ha evidenziato i successi del suo mandato, tra cui la pubblicazione dei primi bandi LEADER 2023-2027 e l\u2019assegnazione di 3,5 milioni di euro per nuove imprese e servizi. Ha ringraziato il Consiglio Direttivo e la Regione Veneto per il supporto, augurandosi che il GAL continui a promuovere lo sviluppo locale.<\/p>\n<p>&nbsp;<\/p>\n<p>&nbsp;<\/p>\n<hr \/>\n<p>&nbsp;<\/p>\n<blockquote>\n<h3>PROVINCIA DI BELLUNO ALLA BIT DI MILANO PER PROMUOVERE IL TURISMO<\/h3>\n<\/blockquote>\n<p><strong><a class=\"dt-pswp-item\" href=\"https:\/\/www.radiopiu.net\/wordpress\/wp-content\/uploads\/2025\/02\/Bit-Milano_Padrin_Unpli.jpeg\" data-dt-img-description=\"\" data-large_image_width=\"1600\" data-large_image_height=\"1200\"><img loading=\"lazy\" decoding=\"async\" class=\" wp-image-433955 alignleft\" src=\"https:\/\/www.radiopiu.net\/wordpress\/wp-content\/uploads\/2025\/02\/Bit-Milano_Padrin_Unpli-300x225.jpeg\" alt=\"\" width=\"201\" height=\"151\" srcset=\"https:\/\/www.radiopiu.net\/wordpress\/wp-content\/uploads\/2025\/02\/Bit-Milano_Padrin_Unpli-300x225.jpeg 300w, https:\/\/www.radiopiu.net\/wordpress\/wp-content\/uploads\/2025\/02\/Bit-Milano_Padrin_Unpli-1024x768.jpeg 1024w, https:\/\/www.radiopiu.net\/wordpress\/wp-content\/uploads\/2025\/02\/Bit-Milano_Padrin_Unpli-768x576.jpeg 768w, https:\/\/www.radiopiu.net\/wordpress\/wp-content\/uploads\/2025\/02\/Bit-Milano_Padrin_Unpli-1536x1152.jpeg 1536w, https:\/\/www.radiopiu.net\/wordpress\/wp-content\/uploads\/2025\/02\/Bit-Milano_Padrin_Unpli.jpeg 1600w\" sizes=\"auto, (max-width: 201px) 100vw, 201px\" \/><\/a>MILANO<\/strong> La vocazione turistica del Bellunese \u00e8 in forte crescita e rappresenta un&#8217;opportunit\u00e0 per garantire sviluppo ed evitare lo spopolamento delle aree montane. Il presidente della Provincia di Belluno, Roberto Padrin, ha ribadito questo concetto alla Bit di Milano, sottolineando l&#8217;importanza del turismo per l&#8217;economia locale. Alla fiera, la Fondazione Dmo Dolomiti Bellunesi ha ricevuto numerose richieste di informazioni sulle Olimpiadi Milano-Cortina 2026, dimostrando l&#8217;interesse internazionale verso l\u2019evento. Durante un incontro con l\u2019Unpli, si \u00e8 discusso del ruolo delle Pro loco nel promuovere il territorio attraverso eventi popolari, come sagre e manifestazioni locali. L\u2019attenzione \u00e8 rivolta anche alla valorizzazione di queste iniziative in chiave olimpica. I dati Istat confermano la crescita del turismo internazionale nel Bellunese: tra gennaio e novembre 2024 gli arrivi esteri sono aumentati del 9,4% rispetto al 2023 e del 33% rispetto al 2019, superando i 574mila. Anche le presenze straniere sono cresciute, raggiungendo quasi 1,7 milioni, compensando il leggero calo del turismo italiano. Complessivamente, nel 2024 il Bellunese ha registrato 3,7 milioni di pernottamenti, consolidando il trend positivo del turismo.<\/p>\n<p>&nbsp;<\/p>\n<p>&nbsp;<\/p>\n<hr \/>\n<p>&nbsp;<\/p>\n<blockquote>\n<h3><a class=\"dt-pswp-item\" href=\"https:\/\/www.radiopiu.net\/wordpress\/wp-content\/uploads\/2022\/12\/PALAZZO-ROSSO.png\" data-dt-img-description=\"\" data-large_image_width=\"2076\" data-large_image_height=\"1328\"><img loading=\"lazy\" decoding=\"async\" class=\" wp-image-313801 alignleft\" src=\"https:\/\/www.radiopiu.net\/wordpress\/wp-content\/uploads\/2022\/12\/PALAZZO-ROSSO-300x192.png\" alt=\"\" width=\"233\" height=\"149\" srcset=\"https:\/\/www.radiopiu.net\/wordpress\/wp-content\/uploads\/2022\/12\/PALAZZO-ROSSO-300x192.png 300w, https:\/\/www.radiopiu.net\/wordpress\/wp-content\/uploads\/2022\/12\/PALAZZO-ROSSO-1024x655.png 1024w, https:\/\/www.radiopiu.net\/wordpress\/wp-content\/uploads\/2022\/12\/PALAZZO-ROSSO-768x491.png 768w, https:\/\/www.radiopiu.net\/wordpress\/wp-content\/uploads\/2022\/12\/PALAZZO-ROSSO-1536x983.png 1536w, https:\/\/www.radiopiu.net\/wordpress\/wp-content\/uploads\/2022\/12\/PALAZZO-ROSSO-2048x1310.png 2048w\" sizes=\"auto, (max-width: 233px) 100vw, 233px\" \/><\/a>PROCLAMATI I CAPI FRAZIONE A BELLUNO<\/h3>\n<\/blockquote>\n<p><strong>BELLUNO<\/strong> Il Sindaco di Belluno Oscar De Pellegrin ha firmato l\u2019atto di proclamazione che ufficializza la nomina dei capifrazione eletti nelle recenti assemblee. Questo conclude il processo burocratico e avvia un nuovo strumento di partecipazione cittadina: le assemblee frazionali. Il percorso \u00e8 stato lungo, caratterizzato da incontri, tavoli di concertazione e grande coinvolgimento dei cittadini. Il risultato non \u00e8 solo l\u2019elezione dei capifrazione, ma anche un rinnovato interesse per l\u2019Istituzione e il bene comune. Nei prossimi giorni sar\u00e0 convocata una prima assemblea plenaria per definire le modalit\u00e0 operative. I capifrazione resteranno in carica per cinque anni.<\/p>\n<p>&nbsp;<\/p>\n<p>&nbsp;<\/p>\n<hr \/>\n<p>&nbsp;<\/p>\n<blockquote>\n<h3>UNIFARCO PREMIATA TRA LE IMPRESE PIU&#8217; INNOVATIVE DEL TRIVENETO<\/h3>\n<\/blockquote>\n<p><strong><a class=\"dt-pswp-item\" href=\"https:\/\/www.radiopiu.net\/wordpress\/wp-content\/uploads\/2025\/02\/unifarco_2020-2215-HDR_mod-1.jpg\" data-dt-img-description=\"\" data-large_image_width=\"2000\" data-large_image_height=\"1335\"><img loading=\"lazy\" decoding=\"async\" class=\" wp-image-433950 alignleft\" src=\"https:\/\/www.radiopiu.net\/wordpress\/wp-content\/uploads\/2025\/02\/unifarco_2020-2215-HDR_mod-1-300x200.jpg\" alt=\"\" width=\"179\" height=\"119\" srcset=\"https:\/\/www.radiopiu.net\/wordpress\/wp-content\/uploads\/2025\/02\/unifarco_2020-2215-HDR_mod-1-300x200.jpg 300w, https:\/\/www.radiopiu.net\/wordpress\/wp-content\/uploads\/2025\/02\/unifarco_2020-2215-HDR_mod-1-1024x684.jpg 1024w, https:\/\/www.radiopiu.net\/wordpress\/wp-content\/uploads\/2025\/02\/unifarco_2020-2215-HDR_mod-1-768x513.jpg 768w, https:\/\/www.radiopiu.net\/wordpress\/wp-content\/uploads\/2025\/02\/unifarco_2020-2215-HDR_mod-1-1536x1025.jpg 1536w, https:\/\/www.radiopiu.net\/wordpress\/wp-content\/uploads\/2025\/02\/unifarco_2020-2215-HDR_mod-1.jpg 2000w\" sizes=\"auto, (max-width: 179px) 100vw, 179px\" \/><\/a>BELLUNO\u00a0<\/strong>Unifarco, leader in Italia nella produzione e distribuzione di cosmetici, nutraceutici e dispositivi medici per farmacie, \u00e8 stata premiata per il suo impegno nell\u2019innovazione durante l\u2019Open Innovation Day, svoltosi il 30 gennaio all\u2019Universit\u00e0 di Padova. L\u2019azienda \u00e8 stata selezionata tra le 40 imprese pi\u00f9 innovative del Nord Est, a seguito di uno studio su oltre 285.000 aziende basato su investimenti in ricerca, brevetti e pubblicazioni. Il premio conferma l\u2019impegno di Unifarco nella ricerca scientifica e nell\u2019innovazione per migliorare prodotti e servizi. L\u2019evento ha riunito le principali aziende del territorio, promuovendo il confronto sull\u2019Open Innovation e la collaborazione tra settori diversi.<\/p>\n<p>&nbsp;<\/p>\n<p>&nbsp;<\/p>\n<p>&nbsp;<\/p>\n<hr \/>\n<p>&nbsp;<\/p>\n<blockquote>\n<h3><a class=\"dt-pswp-item\" href=\"https:\/\/www.radiopiu.net\/wordpress\/wp-content\/uploads\/2023\/02\/SPI-CGIL.png\" data-dt-img-description=\"\" data-large_image_width=\"278\" data-large_image_height=\"244\"><img loading=\"lazy\" decoding=\"async\" class=\" wp-image-322694 alignleft\" src=\"https:\/\/www.radiopiu.net\/wordpress\/wp-content\/uploads\/2023\/02\/SPI-CGIL.png\" alt=\"\" width=\"127\" height=\"112\" \/><\/a>VENERDI&#8217; L&#8217;INAUGURAZIONE DELLA NUOVA SEDE SPI CGIL DI BELLUNO<\/h3>\n<\/blockquote>\n<p><strong>BELLUNO<\/strong> Il 14 febbraio 2025 alle 11:00 sar\u00e0 inaugurata la nuova sede dello SPI CGIL, CAF e INCA a Longarone, in Via Umberto I, 8. Parteciperanno importanti rappresentanti sindacali e istituzionali. La nuova sede offrir\u00e0 servizi di consulenza pensionistica, assistenza fiscale e tutela dei diritti dei lavoratori. L\u2019evento \u00e8 aperto alla cittadinanza, confermando l\u2019impegno dello SPI CGIL nella difesa dei pensionati e nel supporto alle loro esigenze.<\/p>\n<p>&nbsp;<\/p>\n<p>&nbsp;<\/p>\n<hr \/>\n<p>&nbsp;<\/p>\n<blockquote>\n<h3>RI-PENSARE L\u2019ADOLESCENZA: IN PARTENZA UN CICLO DI INCONTRI<\/h3>\n<\/blockquote>\n<p><strong><a class=\"dt-pswp-item\" href=\"https:\/\/www.radiopiu.net\/wordpress\/wp-content\/uploads\/2025\/02\/kldgkaglakg.jpg\" data-dt-img-description=\"\" data-large_image_width=\"939\" data-large_image_height=\"577\"><img loading=\"lazy\" decoding=\"async\" class=\" wp-image-433228 alignleft\" src=\"https:\/\/www.radiopiu.net\/wordpress\/wp-content\/uploads\/2025\/02\/kldgkaglakg-300x184.jpg\" alt=\"\" width=\"192\" height=\"118\" srcset=\"https:\/\/www.radiopiu.net\/wordpress\/wp-content\/uploads\/2025\/02\/kldgkaglakg-300x184.jpg 300w, https:\/\/www.radiopiu.net\/wordpress\/wp-content\/uploads\/2025\/02\/kldgkaglakg-768x472.jpg 768w, https:\/\/www.radiopiu.net\/wordpress\/wp-content\/uploads\/2025\/02\/kldgkaglakg.jpg 939w\" sizes=\"auto, (max-width: 192px) 100vw, 192px\" \/><\/a>BELLUNO <\/strong>L\u2019Ulss Dolomiti, con il Dipartimento Dipendenze, avvia il progetto &#8220;Ri-pensare l&#8217;adolescenza&#8221;, rivolto agli adulti di riferimento di ragazzi dagli 11 ai 14 anni. Inserito nel Piano Triennale Dipendenze 2024-2026, mira a prevenire i comportamenti a rischio e il disagio giovanile, coinvolgendo genitori, allenatori ed educatori. Il progetto prevede tre incontri gratuiti in varie sedi: Alano di Piave (Sala delle Associazioni) dalle 20:15 alle 21:30 il 18 e 25 febbraio, 11 marzo \u2013 Iscrizioni entro il 13\/02, Puos d\u2019Alpago (Impianti sportivi) dalle 20:15 alle 21:45 il 20 e 27 febbraio, 6 marzo \u2013 Iscrizioni entro il 14\/02.\u00a0Posti limitati (25 per sede). Per info e iscrizioni: SerD Belluno 0437 514971<\/p>\n<p>&nbsp;<\/p>\n<p>&nbsp;<\/p>\n<hr \/>\n<p>&nbsp;<\/p>\n<blockquote>\n<h3><a class=\"dt-pswp-item\" href=\"https:\/\/www.radiopiu.net\/wordpress\/wp-content\/uploads\/2025\/02\/ePUOPHBSAOJBHA.jpg\" data-dt-img-description=\"\" data-large_image_width=\"628\" data-large_image_height=\"300\"><img loading=\"lazy\" decoding=\"async\" class=\"size-medium wp-image-433232 alignright\" src=\"https:\/\/www.radiopiu.net\/wordpress\/wp-content\/uploads\/2025\/02\/ePUOPHBSAOJBHA-300x143.jpg\" alt=\"\" width=\"300\" height=\"143\" srcset=\"https:\/\/www.radiopiu.net\/wordpress\/wp-content\/uploads\/2025\/02\/ePUOPHBSAOJBHA-300x143.jpg 300w, https:\/\/www.radiopiu.net\/wordpress\/wp-content\/uploads\/2025\/02\/ePUOPHBSAOJBHA.jpg 628w\" sizes=\"auto, (max-width: 300px) 100vw, 300px\" \/><\/a>NASCERE A BELLUNO: L&#8217;OPEN DAY PER MAMME PAPA&#8217;<\/h3>\n<\/blockquote>\n<p><strong>BELLUNO <\/strong>L\u2019Ulss Dolomiti con l\u2019unit\u00e0 operativa di Ostetricia e Ginecologia dell\u2019ospedale di Belluno propone un open day dal titolo \u201cNascere a Belluno\u201d dedicato alle mamme dalla 35\u00b0 settimana di gravidanza e ai pap\u00e0. L\u2019appuntamento \u00e8 per sabato 15 febbraio 2025 dalle 14.30 in sala riunioni dell\u2019Ospedale San Martino di Belluno (2\u00b0 piano, blocco E). Durante l\u2019incontro con le ostetriche saranno illustrati il punto nascita e i percorsi di assistenza. Per partecipare \u00e8 possibile <strong>iscriversi<\/strong> scrivendo una mail a ginecologia.bl.rep@aulss1.veneto.it<\/p>\n<p>&nbsp;<\/p>\n<p>&nbsp;<\/p>\n<hr \/>\n<p>&nbsp;<\/p>\n<blockquote>\n<h3><a class=\"dt-pswp-item\" href=\"https:\/\/www.radiopiu.net\/wordpress\/wp-content\/uploads\/2025\/02\/SETT-CUORE-2025.jpg\" data-dt-img-description=\"\" data-large_image_width=\"752\" data-large_image_height=\"365\"><img loading=\"lazy\" decoding=\"async\" class=\" wp-image-433230 alignleft\" src=\"https:\/\/www.radiopiu.net\/wordpress\/wp-content\/uploads\/2025\/02\/SETT-CUORE-2025-300x146.jpg\" alt=\"\" width=\"240\" height=\"117\" srcset=\"https:\/\/www.radiopiu.net\/wordpress\/wp-content\/uploads\/2025\/02\/SETT-CUORE-2025-300x146.jpg 300w, https:\/\/www.radiopiu.net\/wordpress\/wp-content\/uploads\/2025\/02\/SETT-CUORE-2025.jpg 752w\" sizes=\"auto, (max-width: 240px) 100vw, 240px\" \/><\/a>CUORE E SESSUALITA&#8217;: GLI INCONTRI A FELTRE<\/h3>\n<\/blockquote>\n<p><strong>FELTRE <\/strong>In occasione della Settimana del Cuore, l\u2019Ulss Dolomiti con l\u2019unit\u00e0 operativa di Cardiologia di Feltre organizza un incontro con la cittadinanza dal titolo \u201cCuore e sessualit\u00e0: parliamone!\u201d, un momento di incontro con medici cardiologi, l\u2019urologo e la ginecologa. L\u2019appuntamento, ad ingresso libero, si terr\u00e0 domani 2025 alle 17.30 in Sala convegni dell\u2019Ospedale di Feltre<\/p>\n<p>&nbsp;<\/p>\n<p>&nbsp;<\/p>\n<p>&nbsp;<\/p>\n<hr \/>\n<p>&nbsp;<\/p>\n<blockquote>\n<h3>TRE ITINERARI PER IL GIUBILEO CON LA FONDAZIONE PAPA LUCIANI<\/h3>\n<\/blockquote>\n<p><strong>CANALE D&#8217;AGORDO<\/strong> Per il Giubileo 2025, il Museo Albino Luciani (Musal) propone tre itinerari dedicati al beato papa Giovanni Paolo I. <strong>&#8220;Dalle Dolomiti alla Cattedra di Pietro&#8221;<\/strong> ripercorre i luoghi della sua vita, da Canale d\u2019Agordo fino al Vaticano, passando per Feltre, Belluno, Agordo, Vittorio Veneto e Venezia. <strong>&#8220;Il Papa delle Dolomiti&#8221;<\/strong> \u00e8 invece un viaggio tra i santuari mariani delle Dolomiti, toccando Canale d\u2019Agordo, Pietralba, San Romedio, Pin\u00e8, Trento e Bressanone. Infine, <strong>&#8220;Il Giubileo dei Pontefici&#8221;<\/strong> collega i luoghi natali di cinque papi italiani del Novecento tra Veneto e Lombardia, da San Pio X a Paolo VI. Questi pellegrinaggi offrono un&#8217;opportunit\u00e0 per approfondire la spiritualit\u00e0 di papa Luciani e il suo legame con la montagna. Inoltre, una mostra itinerante celebrer\u00e0 la sua figura con eventi speciali.<\/p>\n\n\t\t\t<style type='text\/css'>\n\t\t\t\t#gallery-1 {\n\t\t\t\t\tmargin: auto;\n\t\t\t\t}\n\t\t\t\t#gallery-1 .gallery-item {\n\t\t\t\t\tfloat: left;\n\t\t\t\t\tmargin-top: 10px;\n\t\t\t\t\ttext-align: center;\n\t\t\t\t\twidth: 33%;\n\t\t\t\t}\n\t\t\t\t#gallery-1 img {\n\t\t\t\t\tborder: 2px solid #cfcfcf;\n\t\t\t\t}\n\t\t\t\t#gallery-1 .gallery-caption {\n\t\t\t\t\tmargin-left: 0;\n\t\t\t\t}\n\t\t\t\t\/* see gallery_shortcode() in wp-includes\/media.php *\/\n\t\t\t<\/style>\n\t\t<div id='gallery-1' class='dt-gallery-container gallery galleryid-433807 gallery-columns-3 gallery-size-thumbnail'><dl class='gallery-item'>\n\t\t\t\t<dt class='gallery-icon portrait'>\n\t\t\t\t\t<a class=\"rollover rollover-zoom dt-pswp-item\" title=\"Dalle Dolomiti Alla Cattedra di Pietro - Musal Giubileo 2025\" data-dt-img-description=\"\" data-large_image_width=\"621\" data-large_image_height=\"1241\"href='https:\/\/www.radiopiu.net\/wordpress\/wp-content\/uploads\/2025\/02\/Dalle-Dolomiti-Alla-Cattedra-di-Pietro-Musal-Giubileo-2025.jpg'><img loading=\"lazy\" decoding=\"async\" width=\"150\" height=\"150\" src=\"https:\/\/www.radiopiu.net\/wordpress\/wp-content\/uploads\/2025\/02\/Dalle-Dolomiti-Alla-Cattedra-di-Pietro-Musal-Giubileo-2025-150x150.jpg\" class=\"attachment-thumbnail size-thumbnail\" alt=\"\" \/><\/a>\n\t\t\t\t<\/dt><\/dl><dl class='gallery-item'>\n\t\t\t\t<dt class='gallery-icon portrait'>\n\t\t\t\t\t<a class=\"rollover rollover-zoom dt-pswp-item\" title=\"Il Papa Delle Dolomiti - Musal Giubileo 2025\" data-dt-img-description=\"\" data-large_image_width=\"933\" data-large_image_height=\"1300\"href='https:\/\/www.radiopiu.net\/wordpress\/wp-content\/uploads\/2025\/02\/Il-Papa-Delle-Dolomiti-Musal-Giubileo-2025.jpg'><img loading=\"lazy\" decoding=\"async\" width=\"150\" height=\"150\" src=\"https:\/\/www.radiopiu.net\/wordpress\/wp-content\/uploads\/2025\/02\/Il-Papa-Delle-Dolomiti-Musal-Giubileo-2025-150x150.jpg\" class=\"attachment-thumbnail size-thumbnail\" alt=\"\" \/><\/a>\n\t\t\t\t<\/dt><\/dl><dl class='gallery-item'>\n\t\t\t\t<dt class='gallery-icon landscape'>\n\t\t\t\t\t<a class=\"rollover rollover-zoom dt-pswp-item\" title=\"Giubileo Dei Pontefici - Musal Giubileo 2025 (2)\" data-dt-img-description=\"\" data-large_image_width=\"866\" data-large_image_height=\"840\"href='https:\/\/www.radiopiu.net\/wordpress\/wp-content\/uploads\/2025\/02\/Giubileo-Dei-Pontefici-Musal-Giubileo-2025-2.jpg'><img loading=\"lazy\" decoding=\"async\" width=\"150\" height=\"150\" src=\"https:\/\/www.radiopiu.net\/wordpress\/wp-content\/uploads\/2025\/02\/Giubileo-Dei-Pontefici-Musal-Giubileo-2025-2-150x150.jpg\" class=\"attachment-thumbnail size-thumbnail\" alt=\"\" \/><\/a>\n\t\t\t\t<\/dt><\/dl><br style=\"clear: both\" \/>\n\t\t\t<\/div>\n\n<p>&nbsp;<\/p>\n<p>&nbsp;<\/p>\n<hr \/>\n<p>&nbsp;<\/p>\n<blockquote>\n<h3><span style=\"color: #ff6600;\"><span style=\"color: #000000;\">IERI ALLA RADIO, salute e societ\u00e0 con il dottor MARCO CARACCIOLO\u00a0<\/span><br \/>\n<\/span><\/h3>\n<\/blockquote>\n<p><strong><a class=\"dt-pswp-item\" href=\"https:\/\/www.radiopiu.net\/wordpress\/wp-content\/uploads\/2025\/02\/78783014-0ea2-920f-b696-c74f824f062d.jpg\" data-dt-img-description=\"\" data-large_image_width=\"800\" data-large_image_height=\"445\"><img loading=\"lazy\" decoding=\"async\" class=\" wp-image-433881 alignleft\" src=\"https:\/\/www.radiopiu.net\/wordpress\/wp-content\/uploads\/2025\/02\/78783014-0ea2-920f-b696-c74f824f062d-300x167.jpg\" alt=\"\" width=\"239\" height=\"133\" srcset=\"https:\/\/www.radiopiu.net\/wordpress\/wp-content\/uploads\/2025\/02\/78783014-0ea2-920f-b696-c74f824f062d-300x167.jpg 300w, https:\/\/www.radiopiu.net\/wordpress\/wp-content\/uploads\/2025\/02\/78783014-0ea2-920f-b696-c74f824f062d-768x427.jpg 768w, https:\/\/www.radiopiu.net\/wordpress\/wp-content\/uploads\/2025\/02\/78783014-0ea2-920f-b696-c74f824f062d.jpg 800w\" sizes=\"auto, (max-width: 239px) 100vw, 239px\" \/><\/a>Lotta all\u2019obesit\u00e0<\/strong><\/p>\n<p>Lotta all\u2019obesit\u00e0: un\u2019installazione a Termini per cambiare prospettiva su una patologia di cui si sa poco. A Roma arriva \u201cThe Impossible Gym\u201d, una palestra impossibile per raccontare le difficolt\u00e0 nascoste dei pazienti e scardinare lo stigma<\/p>\n<p><strong>Fecondazione eterologa<\/strong><\/p>\n<p>Fecondazione eterologa, social freezing e test genetici in Sardegna: a Cagliari il primo centro di Pma che garantisce tutte le tecniche sull\u2019isola senza necessit\u00e0 di viaggi sanitari in altre Regioni o all\u2019estero<\/p>\n<audio class=\"wp-audio-shortcode\" id=\"audio-433807-11\" preload=\"none\" style=\"width: 100%;\" controls=\"controls\"><source type=\"audio\/mpeg\" src=\"https:\/\/www.radiopiu.net\/wordpress\/wp-content\/uploads\/2025\/02\/SALUTE-1.mp3?_=11\" \/><a href=\"https:\/\/www.radiopiu.net\/wordpress\/wp-content\/uploads\/2025\/02\/SALUTE-1.mp3\">https:\/\/www.radiopiu.net\/wordpress\/wp-content\/uploads\/2025\/02\/SALUTE-1.mp3<\/a><\/audio>\n<h3><span style=\"color: #ff6600;\">\u00a0<\/span><\/h3>\n<p>&nbsp;<\/p>\n<hr \/>\n<p>&nbsp;<\/p>\n<p><strong><a class=\"dt-pswp-item\" href=\"https:\/\/www.radiopiu.net\/wordpress\/wp-content\/uploads\/2024\/11\/AMICI-MINERARI.png\" data-dt-img-description=\"\" data-large_image_width=\"209\" data-large_image_height=\"174\"><img loading=\"lazy\" decoding=\"async\" class=\" wp-image-419180 alignleft\" src=\"https:\/\/www.radiopiu.net\/wordpress\/wp-content\/uploads\/2024\/11\/AMICI-MINERARI.png\" alt=\"\" width=\"168\" height=\"140\" \/><\/a>&#8220;Con gli Amici dei Minerari: Serate d&#8217;Inverno \u2013 un viaggio tra storia, scienza e meraviglie. Incontri presso la Sala con Tamis. Non mancare!&#8221;<\/strong><\/p>\n<ul>\n<li><em>Venerd\u00ec 21 febbraio, ore 20:30<\/em>: &#8220;Il traforo del Brennero: studio, progettazione e realizzazione&#8221; \u2013 Relatori Vittorio Fenti e Mario Guadagnini.<\/li>\n<\/ul>\n<p><strong>Vivi la cultura e la passione per la montagna!\u00a0<\/strong><\/p>\n<p>&nbsp;<\/p>\n<blockquote class=\"wp-embedded-content\" data-secret=\"24LVfGAhvM\"><p><a href=\"https:\/\/www.radiopiu.net\/wordpress\/quando-nel-1800-brentari-citava-il-miniere-ad-agordo\/\">QUANDO NEL 1800 BRENTARI CITAVA &#8230; IL MINIERE AD AGORDO<\/a><\/p><\/blockquote>\n<p><iframe loading=\"lazy\" class=\"wp-embedded-content\" sandbox=\"allow-scripts\" security=\"restricted\" style=\"position: absolute; visibility: hidden;\" title=\"&#8220;QUANDO NEL 1800 BRENTARI CITAVA &#8230; IL MINIERE AD AGORDO&#8221; &#8212; Radio Pi\u00f9\" src=\"https:\/\/www.radiopiu.net\/wordpress\/quando-nel-1800-brentari-citava-il-miniere-ad-agordo\/embed\/#?secret=1vTIptzEYA#?secret=24LVfGAhvM\" data-secret=\"24LVfGAhvM\" width=\"600\" height=\"338\" frameborder=\"0\" marginwidth=\"0\" marginheight=\"0\" scrolling=\"no\"><\/iframe><\/p>\n<p>&nbsp;<\/p>\n<p>&nbsp;<\/p>\n<hr \/>\n<p>&nbsp;<\/p>\n<blockquote>\n<h3>AIDO BELLUNO ALLA FESTA DI SAN VALENTINO DI LIMANA<\/h3>\n<\/blockquote>\n<p><strong><a class=\"dt-pswp-item\" href=\"https:\/\/www.radiopiu.net\/wordpress\/wp-content\/uploads\/2022\/06\/AIDO.png\" data-dt-img-description=\"\" data-large_image_width=\"233\" data-large_image_height=\"233\"><img loading=\"lazy\" decoding=\"async\" class=\" wp-image-279760 alignleft\" src=\"https:\/\/www.radiopiu.net\/wordpress\/wp-content\/uploads\/2022\/06\/AIDO.png\" alt=\"\" width=\"112\" height=\"112\" srcset=\"https:\/\/www.radiopiu.net\/wordpress\/wp-content\/uploads\/2022\/06\/AIDO.png 233w, https:\/\/www.radiopiu.net\/wordpress\/wp-content\/uploads\/2022\/06\/AIDO-150x150.png 150w\" sizes=\"auto, (max-width: 112px) 100vw, 112px\" \/><\/a>LIMANA<\/strong> L\u2019edizione 2025 della festa patronale di San Valentino a Limana vedr\u00e0 la partecipazione di Aido Belluno con la passeggiata &#8220;Cammina con cuore&#8221; sabato 15 febbraio. Il ritrovo sar\u00e0 alle 14.30 in piazza Lorenzi, con iscrizione a 5 euro per gli adulti e gratuita per i bambini sotto i dieci anni. Il percorso, di cinque chilometri, attraverser\u00e0 il centro e la periferia, con una bevanda calda all\u2019arrivo. L&#8217;evento promuove il movimento e il messaggio di Aido sulla donazione degli organi. Sar\u00e0 presente un gazebo informativo con materiale cartaceo e digitale. Collaborano il Comune di Limana e la Pro Loco. Inoltre, gioved\u00ec 13 febbraio alle 20.30, in municipio, si terr\u00e0 la presentazione del libro &#8220;Volti di rinascita&#8221;, con testimonianze di trapiantati, a cura di Edoardo Comiotto e Mirko Dalle Mulle.<\/p>\n<p>&nbsp;<\/p>\n<p>&nbsp;<\/p>\n<hr \/>\n<p>&nbsp;<\/p>\n<blockquote>\n<h3><strong>A Feltre il 14 febbraio la presentazione del libro su Nicol\u00f2 Tommaseo<\/strong><\/h3>\n<\/blockquote>\n<p><strong>FELTRE<\/strong> Il 14 febbraio 2025, alle ore 18, presso il Museo Diocesano di Belluno Feltre, l\u2019associazione \u201cIl Fondaco per Feltre\u201d presenter\u00e0 il volume <em>\u201cNicol\u00f2 Tommaseo tra storia e ricordi familiari a 150 anni dalla morte\u201d<\/em>, edito da Gianni Sartori Editore. L\u2019autore, Alvise Tommaseo Ponzetta, racconter\u00e0 il ruolo di Tommaseo nel Risorgimento italiano, in particolare durante la Rivolta di Venezia del 1848, offrendo anche aneddoti familiari e curiosit\u00e0. Il dialogo con Eugenia Candosin e la presentazione di Giuditta Guiotto arricchiranno l\u2019incontro. L\u2019evento \u00e8 organizzato con il supporto del Museo Diocesano e del Lions Club, con il patrocinio del Comune di Feltre.<\/p>\n<p>&nbsp;<\/p>\n<p>&nbsp;<\/p>\n<hr \/>\n<p>&nbsp;<\/p>\n<blockquote>\n<h2><a class=\"dt-pswp-item\" href=\"https:\/\/www.radiopiu.net\/wordpress\/wp-content\/uploads\/2024\/01\/Foto-Carnevale_0001-9-scaled.jpg\" data-dt-img-description=\"\" data-large_image_width=\"1825\" data-large_image_height=\"2560\"><img loading=\"lazy\" decoding=\"async\" class=\"wp-image-371954 alignleft\" src=\"https:\/\/www.radiopiu.net\/wordpress\/wp-content\/uploads\/2024\/01\/Foto-Carnevale_0001-9-214x300.jpg\" alt=\"\" width=\"85\" height=\"119\" srcset=\"https:\/\/www.radiopiu.net\/wordpress\/wp-content\/uploads\/2024\/01\/Foto-Carnevale_0001-9-214x300.jpg 214w, https:\/\/www.radiopiu.net\/wordpress\/wp-content\/uploads\/2024\/01\/Foto-Carnevale_0001-9-730x1024.jpg 730w, https:\/\/www.radiopiu.net\/wordpress\/wp-content\/uploads\/2024\/01\/Foto-Carnevale_0001-9-768x1078.jpg 768w, https:\/\/www.radiopiu.net\/wordpress\/wp-content\/uploads\/2024\/01\/Foto-Carnevale_0001-9-1095x1536.jpg 1095w, https:\/\/www.radiopiu.net\/wordpress\/wp-content\/uploads\/2024\/01\/Foto-Carnevale_0001-9-1460x2048.jpg 1460w, https:\/\/www.radiopiu.net\/wordpress\/wp-content\/uploads\/2024\/01\/Foto-Carnevale_0001-9-scaled.jpg 1825w\" sizes=\"auto, (max-width: 85px) 100vw, 85px\" \/><\/a>APPUNTAMENTI COL CARNEVALE<\/h2>\n<\/blockquote>\n<p>Ritorna carnevai de la vai, mascherate tradizionali delle dolomiti agordine.\u00a0 I prossimi appuntamenti: 22 febbraio LASTE DI ROCCA PIETORE, 23 febbraio a Rivamonte Agordino, 1 Marzo Sottoguda di Rocca Pietore, e 2 marzo a CANALE D&#8217;AGORDO aspettiamo anche te, con la tua maschera, tradizionale o di fantasia<\/p>\n<p>&nbsp;<\/p>\n<p>&nbsp;<\/p>\n<hr \/>\n<p>&nbsp;<\/p>\n<p><strong><a class=\"dt-pswp-item\" href=\"https:\/\/www.radiopiu.net\/wordpress\/wp-content\/uploads\/2025\/01\/d8ab62da-aba7-455c-8632-184910af88dc.jpg\" data-dt-img-description=\"\" data-large_image_width=\"1134\" data-large_image_height=\"1600\"><img loading=\"lazy\" decoding=\"async\" class=\"wp-image-431685 alignleft\" src=\"https:\/\/www.radiopiu.net\/wordpress\/wp-content\/uploads\/2025\/01\/d8ab62da-aba7-455c-8632-184910af88dc-213x300.jpg\" alt=\"\" width=\"142\" height=\"200\" srcset=\"https:\/\/www.radiopiu.net\/wordpress\/wp-content\/uploads\/2025\/01\/d8ab62da-aba7-455c-8632-184910af88dc-213x300.jpg 213w, https:\/\/www.radiopiu.net\/wordpress\/wp-content\/uploads\/2025\/01\/d8ab62da-aba7-455c-8632-184910af88dc-726x1024.jpg 726w, https:\/\/www.radiopiu.net\/wordpress\/wp-content\/uploads\/2025\/01\/d8ab62da-aba7-455c-8632-184910af88dc-768x1084.jpg 768w, https:\/\/www.radiopiu.net\/wordpress\/wp-content\/uploads\/2025\/01\/d8ab62da-aba7-455c-8632-184910af88dc-1089x1536.jpg 1089w, https:\/\/www.radiopiu.net\/wordpress\/wp-content\/uploads\/2025\/01\/d8ab62da-aba7-455c-8632-184910af88dc.jpg 1134w\" sizes=\"auto, (max-width: 142px) 100vw, 142px\" \/><\/a>La famiglia ex emigranti dell&#8217;agordino ti invita al gran ballo di San Valentino<\/strong><\/p>\n<p>Venerdi 14 febbraio al Nof Filo&#8217; di Cencenighe&#8230;<br \/>\nPer l&#8217;ultima volta, gli ultimi balli prima della ristrutturazione della storica e gloriosa sala.<br \/>\nDalle 21&#8230; con la musica degli ORO PURO&#8230;all other music<br \/>\nBiglietto ridotto per i coscritti del 2005, 1985, 1965 e 1945 dell&#8217;Agordino<\/p>\n<p>Gran Ballo di San Valentino, venerdi 14 febbraio&#8230; nof filo&#8217;&#8230;. cencenighe<\/p>\n<p>&nbsp;<\/p>\n<p>&nbsp;<\/p>\n<p>&nbsp;<\/p>\n<p>&nbsp;<\/p>\n<hr \/>\n<p>&nbsp;<\/p>\n<p><strong><a class=\"dt-pswp-item\" href=\"https:\/\/www.radiopiu.net\/wordpress\/wp-content\/uploads\/2025\/01\/f3df1628-8254-4b99-80ee-8393db63af21.jpg\" data-dt-img-description=\"\" data-large_image_width=\"1446\" data-large_image_height=\"2048\"><img loading=\"lazy\" decoding=\"async\" class=\"size-medium wp-image-431684 alignleft\" src=\"https:\/\/www.radiopiu.net\/wordpress\/wp-content\/uploads\/2025\/01\/f3df1628-8254-4b99-80ee-8393db63af21-212x300.jpg\" alt=\"\" width=\"212\" height=\"300\" srcset=\"https:\/\/www.radiopiu.net\/wordpress\/wp-content\/uploads\/2025\/01\/f3df1628-8254-4b99-80ee-8393db63af21-212x300.jpg 212w, https:\/\/www.radiopiu.net\/wordpress\/wp-content\/uploads\/2025\/01\/f3df1628-8254-4b99-80ee-8393db63af21-723x1024.jpg 723w, https:\/\/www.radiopiu.net\/wordpress\/wp-content\/uploads\/2025\/01\/f3df1628-8254-4b99-80ee-8393db63af21-768x1088.jpg 768w, https:\/\/www.radiopiu.net\/wordpress\/wp-content\/uploads\/2025\/01\/f3df1628-8254-4b99-80ee-8393db63af21-1085x1536.jpg 1085w, https:\/\/www.radiopiu.net\/wordpress\/wp-content\/uploads\/2025\/01\/f3df1628-8254-4b99-80ee-8393db63af21.jpg 1446w\" sizes=\"auto, (max-width: 212px) 100vw, 212px\" \/><\/a>NOF FILO&#8217;&#8230; The last night.<\/strong><br \/>\nRivivi in una notte 40 anni di musica dance.\u00a0 Ottanta voglia di dance&#8230; e la paura fa Novanta<br \/>\nLE ROCCE: Moreno Tocchetto, Dj Fabio Lazzarini, Dj Morgan e Battaglia<br \/>\ncocktail lounge by Oh per Bacco WIne<br \/>\nConsumazione gratuita con dress code winter, vintage anni ottanta e novanta<br \/>\nIngresso libero e servizio &#8220;taxy Thomas&#8221;<br \/>\nIn diretta su RADIOPIU<\/p>\n<p>con il sostegno di Mobilificio Collarin Emozioni in legno, qualit\u00e0 artigianale per arredare i tuoi spazi. Concessionario Cucine Scavolini, \u00a0 arredamenti, mobili e finiture su misura nel caratteristico stile di montagna come con l\u2019abete massiccio. Progettazione, arredamento di montagna e moderno per il giorno e per la notte. A\u00a0 Cencenighe in via xx settembre<\/p>\n<p>&nbsp;<\/p>\n<p>&nbsp;<\/p>\n<p>&nbsp;<\/p>\n<p>&nbsp;<\/p>\n<hr \/>\n<p>&nbsp;<\/p>\n<blockquote>\n<h3><a class=\"dt-pswp-item\" href=\"https:\/\/www.radiopiu.net\/wordpress\/wp-content\/uploads\/2025\/02\/Ametastrada.jpg\" data-dt-img-description=\"\" data-large_image_width=\"1080\" data-large_image_height=\"1080\"><img loading=\"lazy\" decoding=\"async\" class=\" wp-image-433961 alignleft\" src=\"https:\/\/www.radiopiu.net\/wordpress\/wp-content\/uploads\/2025\/02\/Ametastrada-300x300.jpg\" alt=\"\" width=\"119\" height=\"119\" srcset=\"https:\/\/www.radiopiu.net\/wordpress\/wp-content\/uploads\/2025\/02\/Ametastrada-300x300.jpg 300w, https:\/\/www.radiopiu.net\/wordpress\/wp-content\/uploads\/2025\/02\/Ametastrada-1024x1024.jpg 1024w, https:\/\/www.radiopiu.net\/wordpress\/wp-content\/uploads\/2025\/02\/Ametastrada-150x150.jpg 150w, https:\/\/www.radiopiu.net\/wordpress\/wp-content\/uploads\/2025\/02\/Ametastrada-768x768.jpg 768w, https:\/\/www.radiopiu.net\/wordpress\/wp-content\/uploads\/2025\/02\/Ametastrada.jpg 1080w\" sizes=\"auto, (max-width: 119px) 100vw, 119px\" \/><\/a>STORIA DI GIRAFFA E PINGUINO AL TEATRO DINO BUZZATI DI BELLUNO<\/h3>\n<\/blockquote>\n<p><strong>BELLUNO <\/strong>Continua la meravigliosa rassegna di <em>Comincio dai 3 &#8211; Famiglie a teatro<\/em>, questa <strong>domenica<\/strong> <strong>16 febbraio, <\/strong>sempre alle <strong>ore 17.00, <\/strong>al <strong>Teatro \u201cDino Buzzati\u201d di Belluno <\/strong>arriva l\u2019esilarante <strong>A MET\u00c0 STRADA. STORIA DI GIRAFFA E PINGUINO <\/strong>una produzione di Teatro del Buratto. Due protagonisti d\u2019eccezione ci accoglieranno in teatro! Una giraffa (che non sa sedersi) e un pinguino (inventore)! Lo spettacolo, adatto anche ai piccolissimi, che ha solcato i migliori palchi italiani sta per arrivare a Belluno.<\/p>\n<p>&nbsp;<\/p>\n<p>&nbsp;<\/p>\n<hr \/>\n<p>&nbsp;<\/p>\n<h1><span style=\"color: #ff6600;\">IERI ALLA RADIO<\/span><\/h1>\n<h2><span style=\"color: #ff0000;\">OGGI COME IERI, TERZO ANNO. CON SILVIA BALDO<\/span><\/h2>\n<p><strong><a class=\"dt-pswp-item\" href=\"https:\/\/www.radiopiu.net\/wordpress\/wp-content\/uploads\/2025\/02\/piero-pelu.jpg\" data-dt-img-description=\"\" data-large_image_width=\"1200\" data-large_image_height=\"675\"><img loading=\"lazy\" decoding=\"async\" class=\" wp-image-433965 alignleft\" src=\"https:\/\/www.radiopiu.net\/wordpress\/wp-content\/uploads\/2025\/02\/piero-pelu-300x169.jpg\" alt=\"\" width=\"185\" height=\"104\" srcset=\"https:\/\/www.radiopiu.net\/wordpress\/wp-content\/uploads\/2025\/02\/piero-pelu-300x169.jpg 300w, https:\/\/www.radiopiu.net\/wordpress\/wp-content\/uploads\/2025\/02\/piero-pelu-1024x576.jpg 1024w, https:\/\/www.radiopiu.net\/wordpress\/wp-content\/uploads\/2025\/02\/piero-pelu-768x432.jpg 768w, https:\/\/www.radiopiu.net\/wordpress\/wp-content\/uploads\/2025\/02\/piero-pelu.jpg 1200w\" sizes=\"auto, (max-width: 185px) 100vw, 185px\" \/><\/a>10 FEBBRAIO 2025 PIERO PELU&#8217;<\/strong><\/p>\n<audio class=\"wp-audio-shortcode\" id=\"audio-433807-12\" preload=\"none\" style=\"width: 100%;\" controls=\"controls\"><source type=\"audio\/mpeg\" src=\"https:\/\/www.radiopiu.net\/wordpress\/wp-content\/uploads\/2025\/02\/SIBI-1.mp3?_=12\" \/><a href=\"https:\/\/www.radiopiu.net\/wordpress\/wp-content\/uploads\/2025\/02\/SIBI-1.mp3\">https:\/\/www.radiopiu.net\/wordpress\/wp-content\/uploads\/2025\/02\/SIBI-1.mp3<\/a><\/audio>\n<p>&nbsp;<\/p>\n<p><strong>LA RACCOLTA COMPLETA <a href=\"https:\/\/www.radiopiu.net\/wordpress\/oggi-come-ieri-terzo-anno-con-silvia-baldo\/\"><span style=\"color: #3366ff;\">CLICCA QUI<\/span><\/a><\/strong><\/p>\n<p>&nbsp;<\/p>\n<hr \/>\n<p>&nbsp;<\/p>\n<h2><span style=\"color: #333399;\">RITRATTI SONORI, IL PROGRAMMA DI ALESSIA DALL&#8217;O&#8217; <\/span><\/h2>\n<p><span style=\"color: #ff0000;\"><strong><a class=\"dt-pswp-item\" href=\"https:\/\/www.radiopiu.net\/wordpress\/wp-content\/uploads\/2025\/02\/17a8091a-105f-4caa-8706-a0b00bd3caf2.jpg\" data-dt-img-description=\"\" data-large_image_width=\"1600\" data-large_image_height=\"1200\"><img loading=\"lazy\" decoding=\"async\" class=\" wp-image-433975 alignleft\" src=\"https:\/\/www.radiopiu.net\/wordpress\/wp-content\/uploads\/2025\/02\/17a8091a-105f-4caa-8706-a0b00bd3caf2-300x225.jpg\" alt=\"\" width=\"170\" height=\"127\" srcset=\"https:\/\/www.radiopiu.net\/wordpress\/wp-content\/uploads\/2025\/02\/17a8091a-105f-4caa-8706-a0b00bd3caf2-300x225.jpg 300w, https:\/\/www.radiopiu.net\/wordpress\/wp-content\/uploads\/2025\/02\/17a8091a-105f-4caa-8706-a0b00bd3caf2-1024x768.jpg 1024w, https:\/\/www.radiopiu.net\/wordpress\/wp-content\/uploads\/2025\/02\/17a8091a-105f-4caa-8706-a0b00bd3caf2-768x576.jpg 768w, https:\/\/www.radiopiu.net\/wordpress\/wp-content\/uploads\/2025\/02\/17a8091a-105f-4caa-8706-a0b00bd3caf2-1536x1152.jpg 1536w, https:\/\/www.radiopiu.net\/wordpress\/wp-content\/uploads\/2025\/02\/17a8091a-105f-4caa-8706-a0b00bd3caf2.jpg 1600w\" sizes=\"auto, (max-width: 170px) 100vw, 170px\" \/><\/a>PUNTATA 14 &#8211; SUSAN GAGLIANO<\/strong><\/span><\/p>\n<p>PRIMA PARTE<\/p>\n<audio class=\"wp-audio-shortcode\" id=\"audio-433807-13\" preload=\"none\" style=\"width: 100%;\" controls=\"controls\"><source type=\"audio\/mpeg\" src=\"https:\/\/www.radiopiu.net\/wordpress\/wp-content\/uploads\/2025\/02\/RF1-1.mp3?_=13\" \/><a href=\"https:\/\/www.radiopiu.net\/wordpress\/wp-content\/uploads\/2025\/02\/RF1-1.mp3\">https:\/\/www.radiopiu.net\/wordpress\/wp-content\/uploads\/2025\/02\/RF1-1.mp3<\/a><\/audio>\n<p>&nbsp;<\/p>\n<p>SECONDA PARTE<\/p>\n<audio class=\"wp-audio-shortcode\" id=\"audio-433807-14\" preload=\"none\" style=\"width: 100%;\" controls=\"controls\"><source type=\"audio\/mpeg\" src=\"https:\/\/www.radiopiu.net\/wordpress\/wp-content\/uploads\/2025\/02\/RF2-1.mp3?_=14\" \/><a href=\"https:\/\/www.radiopiu.net\/wordpress\/wp-content\/uploads\/2025\/02\/RF2-1.mp3\">https:\/\/www.radiopiu.net\/wordpress\/wp-content\/uploads\/2025\/02\/RF2-1.mp3<\/a><\/audio>\n<p>&nbsp;<\/p>\n<p>TERZA PARTE<\/p>\n<audio class=\"wp-audio-shortcode\" id=\"audio-433807-15\" preload=\"none\" style=\"width: 100%;\" controls=\"controls\"><source type=\"audio\/mpeg\" src=\"https:\/\/www.radiopiu.net\/wordpress\/wp-content\/uploads\/2025\/02\/RF3-1.mp3?_=15\" \/><a href=\"https:\/\/www.radiopiu.net\/wordpress\/wp-content\/uploads\/2025\/02\/RF3-1.mp3\">https:\/\/www.radiopiu.net\/wordpress\/wp-content\/uploads\/2025\/02\/RF3-1.mp3<\/a><\/audio>\n<p>&nbsp;<\/p>\n<p><strong>LA RACCOLTA COMPLETA <a href=\"https:\/\/www.radiopiu.net\/wordpress\/ritratti-sonori-il-programma-di-alessia-dallo-la-raccolta\/\"><span style=\"color: #3366ff;\">CLICCA QUI<\/span><\/a><\/strong><\/p>\n<p>&nbsp;<\/p>\n<hr \/>\n<p>&nbsp;<\/p>\n<h2><span style=\"color: #ff00ff;\">COSA GUARDO STASERA IN TV?&#8230;CON PAOLA LANCIATO<\/span><\/h2>\n<h1><span style=\"color: #ff0000;\"><strong><a class=\"dt-pswp-item\" href=\"https:\/\/www.radiopiu.net\/wordpress\/wp-content\/uploads\/2025\/02\/33d2da85-42cc-476a-a479-446634184d63.jpg\" data-dt-img-description=\"\" data-large_image_width=\"677\" data-large_image_height=\"1000\"><img loading=\"lazy\" decoding=\"async\" class=\"size-medium wp-image-433969 alignleft\" src=\"https:\/\/www.radiopiu.net\/wordpress\/wp-content\/uploads\/2025\/02\/33d2da85-42cc-476a-a479-446634184d63-203x300.jpg\" alt=\"\" width=\"203\" height=\"300\" srcset=\"https:\/\/www.radiopiu.net\/wordpress\/wp-content\/uploads\/2025\/02\/33d2da85-42cc-476a-a479-446634184d63-203x300.jpg 203w, https:\/\/www.radiopiu.net\/wordpress\/wp-content\/uploads\/2025\/02\/33d2da85-42cc-476a-a479-446634184d63.jpg 677w\" sizes=\"auto, (max-width: 203px) 100vw, 203px\" \/><\/a>Puntata 23 del 10 febbraio\u00a0 2025<\/strong><\/span><\/h1>\n<audio class=\"wp-audio-shortcode\" id=\"audio-433807-16\" preload=\"none\" style=\"width: 100%;\" controls=\"controls\"><source type=\"audio\/mpeg\" src=\"https:\/\/www.radiopiu.net\/wordpress\/wp-content\/uploads\/2025\/02\/CIAK1-1.mp3?_=16\" \/><a href=\"https:\/\/www.radiopiu.net\/wordpress\/wp-content\/uploads\/2025\/02\/CIAK1-1.mp3\">https:\/\/www.radiopiu.net\/wordpress\/wp-content\/uploads\/2025\/02\/CIAK1-1.mp3<\/a><\/audio>\n<p>&nbsp;<\/p>\n<p><strong>LA RACCOLTA COMPLETA <a href=\"https:\/\/www.radiopiu.net\/wordpress\/cosa-guardo-stasera-in-tv-con-paola-lanciato-la-raccolta\/\"><span style=\"color: #3366ff;\">CLICCA QUI<\/span><\/a><\/strong><\/p>\n<p>&nbsp;<\/p>\n<hr \/>\n<p>&nbsp;<\/p>\n<h2><span style=\"color: #99cc00;\">I RACCONTI DI PAOLO SOPPELSA<\/span><\/h2>\n<p><strong>NOTTE D&#8217;INVERNO<\/strong><\/p>\n<p><strong> AUDIO<\/strong><\/p>\n<audio class=\"wp-audio-shortcode\" id=\"audio-433807-17\" preload=\"none\" style=\"width: 100%;\" controls=\"controls\"><source type=\"audio\/mpeg\" src=\"https:\/\/www.radiopiu.net\/wordpress\/wp-content\/uploads\/2025\/02\/PAOLOS-1.mp3?_=17\" \/><a href=\"https:\/\/www.radiopiu.net\/wordpress\/wp-content\/uploads\/2025\/02\/PAOLOS-1.mp3\">https:\/\/www.radiopiu.net\/wordpress\/wp-content\/uploads\/2025\/02\/PAOLOS-1.mp3<\/a><\/audio>\n<p>&nbsp;<\/p>\n<p><a class=\"dt-pswp-item\" href=\"https:\/\/www.radiopiu.net\/wordpress\/wp-content\/uploads\/2025\/02\/913182d3-5268-485b-9859-05f291396ca2.jpg\" data-dt-img-description=\"\" data-large_image_width=\"1080\" data-large_image_height=\"810\"><img loading=\"lazy\" decoding=\"async\" class=\"size-medium wp-image-433723 alignleft\" src=\"https:\/\/www.radiopiu.net\/wordpress\/wp-content\/uploads\/2025\/02\/913182d3-5268-485b-9859-05f291396ca2-300x225.jpg\" alt=\"\" width=\"300\" height=\"225\" srcset=\"https:\/\/www.radiopiu.net\/wordpress\/wp-content\/uploads\/2025\/02\/913182d3-5268-485b-9859-05f291396ca2-300x225.jpg 300w, https:\/\/www.radiopiu.net\/wordpress\/wp-content\/uploads\/2025\/02\/913182d3-5268-485b-9859-05f291396ca2-1024x768.jpg 1024w, https:\/\/www.radiopiu.net\/wordpress\/wp-content\/uploads\/2025\/02\/913182d3-5268-485b-9859-05f291396ca2-768x576.jpg 768w, https:\/\/www.radiopiu.net\/wordpress\/wp-content\/uploads\/2025\/02\/913182d3-5268-485b-9859-05f291396ca2.jpg 1080w\" sizes=\"auto, (max-width: 300px) 100vw, 300px\" \/><\/a>Mi sono svegliato nel cuore di una notte di un inverno senza neve. C&#8217;era uno spicchio di Luna crescente a fare compagnia alle stelle, e poi un gran silenzio di fine gennaio. Mi sono alzato, ho indossato abiti pesanti e sono uscito a vivere quegli attimi di notte fonda. Un freddo d&#8217;altri tempi ha sferzato il mio viso appena varcato l&#8217;uscio. Era un gelo che ridestava sensi e memorie, che raccontava di un tempo in cui, a quell&#8217;ora di buio profondo, fra queste case a mezza costa che guardano il Pelsa, c&#8217;era gi\u00e0 vita. A settentrione le luci di Alleghe e il lungo profilo del Fertazza a chiudere la valle, a sud le Pale di San Lucano con i versanti nord che narravano il lungo inverno di lass\u00f9. E poi la sagoma scura del tabi\u00e0 e delle case vicine e la malinconica luce arancione dei lampioni che illuminavano la provinciale deserta. Sono salito in strada e mi sono fermato ad osservare le case. Nessun chiarore ad illuminare le finestre. In alcune di queste abitazioni qualcuno stava dormendo, altre, invece, erano abitate dal silenzio dell\u2019assenza. Osservavo e ricordavo, e li avevo davanti agli occhi quei visi anziani di un tempo, rammentavo le loro voci e lo stanco modo di camminare di ognuno. Una grande stella brillava sopra Col Mandro e non c&#8217;era un filo di vento. Tutto era immobile in quell&#8217;ora in cui, tanti anni, prima, iniziava il vivere quotidiano di quella gente che parlava poco e andava a letto presto. A quel tempo, quasi tutte le finestre delle cucine erano illuminate. Fioche lampadine rendevano vive quelle case semplici nelle quali gli uomini iniziavano i preparativi per la mungitura della vacca. Affrontavano il gelo potente di quegli inverni con un secchio di ferro in una mano e una pila oppure un feral nell&#8217;altra. Una trentina di metri e poi il tepore della stalla, il suono soffuso prodotto da quel latte schiumoso e tiepido che lentamente riempiva il secchio. Poi il frusciare del fieno nella carpia ed il ritorno a casa dove avrebbero acceso il fuoco e mangiato qualcosa per colazione. Osservavo i tabi\u00e0 e le stalle e ricordavo quel muovere notturno che per me era quasi misterioso. Rammentavo quel movimento a notte ancora fonda e quello scricchiolare dei pavimenti sotto i passi lenti dei vecchi. Ricordavo che, per quanto certi miei risvegli fossero stati a volte precoci, quel primo compito di giornata era gi\u00e0 stato compiuto da tempo; al mio arrivo in cucina il fuoco ardeva gi\u00e0 allegro e la scodella di latte fresco mi attendeva sul tavolo mentre fuori il nuovo giorno era nato da poco. Immerso in quella quiete d&#8217;inverno ricordavo visi voci e andature stanche, poi, a distogliermi da quei pensieri, fu una femmina di cervo salita agilmente dalla scarpata sottostante e accompagnata dal piccolo dell&#8217;anno. Percorsero qualche metro lungo la provinciale deserta e mi passarono accanto guardandomi con curiosit\u00e0 e forse stupore. Abbiamo incrociato per un attimo i nostri sguardi e poi hanno continuato in tranquillit\u00e0 il loro vagare notturno fra le case. Ora il freddo iniziava a farsi sentire e il cielo mostrava il primo timido chiarore che annunciava un lungo e lento nascere di una domenica d&#8217;inverno. Era tempo di rientrare in casa e ritornare per un po\u2019 sotto le coperte mentre le anime di quegli uomini di un tempo si preparavano per portare el lat a caselo mentre fuori albeggiava.<\/p>\n<p>&nbsp;<\/p>\n<p>&nbsp;<\/p>\n<hr \/>\n<p>&nbsp;<\/p>\n<h2><span style=\"color: #ff0000;\"><a class=\"dt-pswp-item\" href=\"https:\/\/www.radiopiu.net\/wordpress\/wp-content\/uploads\/2018\/09\/appuntamenti.jpeg\" data-dt-img-description=\"\" data-large_image_width=\"800\" data-large_image_height=\"100\"><img loading=\"lazy\" decoding=\"async\" class=\"wp-image-61958 size-full aligncenter\" src=\"https:\/\/www.radiopiu.net\/wordpress\/wp-content\/uploads\/2018\/09\/appuntamenti.jpeg\" alt=\"\" width=\"800\" height=\"100\" srcset=\"https:\/\/www.radiopiu.net\/wordpress\/wp-content\/uploads\/2018\/09\/appuntamenti.jpeg 800w, https:\/\/www.radiopiu.net\/wordpress\/wp-content\/uploads\/2018\/09\/appuntamenti-300x38.jpeg 300w, https:\/\/www.radiopiu.net\/wordpress\/wp-content\/uploads\/2018\/09\/appuntamenti-768x96.jpeg 768w\" sizes=\"auto, (max-width: 800px) 100vw, 800px\" \/><\/a><\/span><\/h2>\n<div dir=\"auto\"><\/div>\n<div>\n<div class=\"\" dir=\"auto\">\n<div id=\":r9h:\" class=\"x1iorvi4 x1pi30zi x1l90r2v x1swvt13\" data-ad-comet-preview=\"message\" data-ad-preview=\"message\">\n<div>\n<div class=\"\" dir=\"auto\">\n<div id=\":r9h:\" class=\"x1iorvi4 x1pi30zi x1l90r2v x1swvt13\" data-ad-comet-preview=\"message\" data-ad-preview=\"message\">\n<div>\n<div class=\"\" dir=\"auto\">\n<div id=\":r9h:\" class=\"x1iorvi4 x1pi30zi x1l90r2v x1swvt13\" data-ad-comet-preview=\"message\" data-ad-preview=\"message\">\n<div>\n<div class=\"\" dir=\"auto\">\n<div id=\":r9h:\" class=\"x1iorvi4 x1pi30zi x1l90r2v x1swvt13\" data-ad-comet-preview=\"message\" data-ad-preview=\"message\">\n<div class=\"xdj266r x11i5rnm xat24cr x1mh8g0r x1vvkbs x126k92a\">\n<div dir=\"auto\"><\/div>\n<\/div>\n<div>\n<div class=\"\" dir=\"auto\">\n<div id=\":r9h:\" class=\"x1iorvi4 x1pi30zi x1l90r2v x1swvt13\" data-ad-comet-preview=\"message\" data-ad-preview=\"message\">\n<div>\n<div class=\"\" dir=\"auto\">\n<div id=\":r9h:\" class=\"x1iorvi4 x1pi30zi x1l90r2v x1swvt13\" data-ad-comet-preview=\"message\" data-ad-preview=\"message\">\n<div class=\"xdj266r x11i5rnm xat24cr x1mh8g0r x1vvkbs x126k92a\">\n<div dir=\"auto\"><\/div>\n<\/div>\n<div>\n<div class=\"\" dir=\"auto\">\n<div id=\":r9h:\" class=\"x1iorvi4 x1pi30zi x1l90r2v x1swvt13\" data-ad-comet-preview=\"message\" data-ad-preview=\"message\">\n<div>\n<div class=\"\" dir=\"auto\">\n<div id=\":r9h:\" class=\"x1iorvi4 x1pi30zi x1l90r2v x1swvt13\" data-ad-comet-preview=\"message\" data-ad-preview=\"message\">\n\n\t\t\t<style type='text\/css'>\n\t\t\t\t#gallery-2 {\n\t\t\t\t\tmargin: auto;\n\t\t\t\t}\n\t\t\t\t#gallery-2 .gallery-item {\n\t\t\t\t\tfloat: left;\n\t\t\t\t\tmargin-top: 10px;\n\t\t\t\t\ttext-align: center;\n\t\t\t\t\twidth: 20%;\n\t\t\t\t}\n\t\t\t\t#gallery-2 img {\n\t\t\t\t\tborder: 2px solid #cfcfcf;\n\t\t\t\t}\n\t\t\t\t#gallery-2 .gallery-caption {\n\t\t\t\t\tmargin-left: 0;\n\t\t\t\t}\n\t\t\t\t\/* see gallery_shortcode() in wp-includes\/media.php *\/\n\t\t\t<\/style>\n\t\t<div id='gallery-2' class='dt-gallery-container gallery galleryid-433807 gallery-columns-5 gallery-size-thumbnail'><dl class='gallery-item'>\n\t\t\t\t<dt class='gallery-icon portrait'>\n\t\t\t\t\t<a class=\"rollover rollover-zoom dt-pswp-item\" title=\"manifesto serate invernali\" data-dt-img-description=\"\" data-large_image_width=\"1683\" data-large_image_height=\"2383\"href='https:\/\/www.radiopiu.net\/wordpress\/wp-content\/uploads\/2024\/11\/manifesto-serate-invernali.jpg'><img loading=\"lazy\" decoding=\"async\" width=\"150\" height=\"150\" src=\"https:\/\/www.radiopiu.net\/wordpress\/wp-content\/uploads\/2024\/11\/manifesto-serate-invernali-150x150.jpg\" class=\"attachment-thumbnail size-thumbnail\" alt=\"\" aria-describedby=\"gallery-2-418816\" \/><\/a>\n\t\t\t\t<\/dt>\n\t\t\t\t\t<dd class='wp-caption-text gallery-caption' id='gallery-2-418816'>\n\t\t\t\t\t21 FEBBRAIO\n\t\t\t\t\t<\/dd><\/dl><dl class='gallery-item'>\n\t\t\t\t<dt class='gallery-icon portrait'>\n\t\t\t\t\t<a class=\"rollover rollover-zoom dt-pswp-item\" title=\"Don Bosco - LocandinaTerrazza-finale\" data-dt-img-description=\"\" data-large_image_width=\"1240\" data-large_image_height=\"1755\"href='https:\/\/www.radiopiu.net\/wordpress\/wp-content\/uploads\/2025\/01\/Don-Bosco-LocandinaTerrazza-finale.jpg'><img loading=\"lazy\" decoding=\"async\" width=\"150\" height=\"150\" src=\"https:\/\/www.radiopiu.net\/wordpress\/wp-content\/uploads\/2025\/01\/Don-Bosco-LocandinaTerrazza-finale-150x150.jpg\" class=\"attachment-thumbnail size-thumbnail\" alt=\"\" aria-describedby=\"gallery-2-431006\" \/><\/a>\n\t\t\t\t<\/dt>\n\t\t\t\t\t<dd class='wp-caption-text gallery-caption' id='gallery-2-431006'>\n\t\t\t\t\tIL 16 FEBBRAIO A SOSPIROLO\n\t\t\t\t\t<\/dd><\/dl><dl class='gallery-item'>\n\t\t\t\t<dt class='gallery-icon landscape'>\n\t\t\t\t\t<a class=\"rollover rollover-zoom dt-pswp-item\" title=\"bagno di gong\" data-dt-img-description=\"\" data-large_image_width=\"841\" data-large_image_height=\"595\"href='https:\/\/www.radiopiu.net\/wordpress\/wp-content\/uploads\/2025\/01\/bagno-di-gong.jpg'><img loading=\"lazy\" decoding=\"async\" width=\"150\" height=\"150\" src=\"https:\/\/www.radiopiu.net\/wordpress\/wp-content\/uploads\/2025\/01\/bagno-di-gong-150x150.jpg\" class=\"attachment-thumbnail size-thumbnail\" alt=\"\" aria-describedby=\"gallery-2-431421\" \/><\/a>\n\t\t\t\t<\/dt>\n\t\t\t\t\t<dd class='wp-caption-text gallery-caption' id='gallery-2-431421'>\n\t\t\t\t\tBAGNO DI GONG A LA VALLE\n\t\t\t\t\t<\/dd><\/dl><dl class='gallery-item'>\n\t\t\t\t<dt class='gallery-icon portrait'>\n\t\t\t\t\t<a class=\"rollover rollover-zoom dt-pswp-item\" title=\"df2b0862-a430-4afa-8e2b-8579fa15f25a\" data-dt-img-description=\"\" data-large_image_width=\"1134\" data-large_image_height=\"1600\"href='https:\/\/www.radiopiu.net\/wordpress\/wp-content\/uploads\/2025\/01\/df2b0862-a430-4afa-8e2b-8579fa15f25a.jpg'><img loading=\"lazy\" decoding=\"async\" width=\"150\" height=\"150\" src=\"https:\/\/www.radiopiu.net\/wordpress\/wp-content\/uploads\/2025\/01\/df2b0862-a430-4afa-8e2b-8579fa15f25a-150x150.jpg\" class=\"attachment-thumbnail size-thumbnail\" alt=\"\" \/><\/a>\n\t\t\t\t<\/dt><\/dl><dl class='gallery-item'>\n\t\t\t\t<dt class='gallery-icon portrait'>\n\t\t\t\t\t<a class=\"rollover rollover-zoom dt-pswp-item\" title=\"dad1d0d2-12e8-494a-9390-929e17ce5985\" data-dt-img-description=\"\" data-large_image_width=\"900\" data-large_image_height=\"1600\"href='https:\/\/www.radiopiu.net\/wordpress\/wp-content\/uploads\/2025\/01\/dad1d0d2-12e8-494a-9390-929e17ce5985.jpg'><img loading=\"lazy\" decoding=\"async\" width=\"150\" height=\"150\" src=\"https:\/\/www.radiopiu.net\/wordpress\/wp-content\/uploads\/2025\/01\/dad1d0d2-12e8-494a-9390-929e17ce5985-150x150.jpg\" class=\"attachment-thumbnail size-thumbnail\" alt=\"\" \/><\/a>\n\t\t\t\t<\/dt><\/dl><br style=\"clear: both\" \/><dl class='gallery-item'>\n\t\t\t\t<dt class='gallery-icon landscape'>\n\t\t\t\t\t<a class=\"rollover rollover-zoom dt-pswp-item\" title=\"51814602-60fc-47fd-b4ca-03c62e278a76\" data-dt-img-description=\"\" data-large_image_width=\"689\" data-large_image_height=\"679\"href='https:\/\/www.radiopiu.net\/wordpress\/wp-content\/uploads\/2025\/01\/51814602-60fc-47fd-b4ca-03c62e278a76.jpg'><img loading=\"lazy\" decoding=\"async\" width=\"150\" height=\"150\" src=\"https:\/\/www.radiopiu.net\/wordpress\/wp-content\/uploads\/2025\/01\/51814602-60fc-47fd-b4ca-03c62e278a76-150x150.jpg\" class=\"attachment-thumbnail size-thumbnail\" alt=\"\" \/><\/a>\n\t\t\t\t<\/dt><\/dl><dl class='gallery-item'>\n\t\t\t\t<dt class='gallery-icon portrait'>\n\t\t\t\t\t<a class=\"rollover rollover-zoom dt-pswp-item\" title=\"50d42b86-70ee-4299-b8c1-a03c3d2e1e6a\" data-dt-img-description=\"\" data-large_image_width=\"908\" data-large_image_height=\"1600\"href='https:\/\/www.radiopiu.net\/wordpress\/wp-content\/uploads\/2025\/02\/50d42b86-70ee-4299-b8c1-a03c3d2e1e6a.jpg'><img loading=\"lazy\" decoding=\"async\" width=\"150\" height=\"150\" src=\"https:\/\/www.radiopiu.net\/wordpress\/wp-content\/uploads\/2025\/02\/50d42b86-70ee-4299-b8c1-a03c3d2e1e6a-150x150.jpg\" class=\"attachment-thumbnail size-thumbnail\" alt=\"\" \/><\/a>\n\t\t\t\t<\/dt><\/dl><dl class='gallery-item'>\n\t\t\t\t<dt class='gallery-icon portrait'>\n\t\t\t\t\t<a class=\"rollover rollover-zoom dt-pswp-item\" title=\"Senza nome\" data-dt-img-description=\"\" data-large_image_width=\"569\" data-large_image_height=\"801\"href='https:\/\/www.radiopiu.net\/wordpress\/wp-content\/uploads\/2025\/02\/Senza-nome-23.png'><img loading=\"lazy\" decoding=\"async\" width=\"150\" height=\"150\" src=\"https:\/\/www.radiopiu.net\/wordpress\/wp-content\/uploads\/2025\/02\/Senza-nome-23-150x150.png\" class=\"attachment-thumbnail size-thumbnail\" alt=\"\" \/><\/a>\n\t\t\t\t<\/dt><\/dl><dl class='gallery-item'>\n\t\t\t\t<dt class='gallery-icon portrait'>\n\t\t\t\t\t<a class=\"rollover rollover-zoom dt-pswp-item\" title=\"dded7801-5555-4f92-8fc8-879f7c1a2e62\" data-dt-img-description=\"\" data-large_image_width=\"1131\" data-large_image_height=\"1600\"href='https:\/\/www.radiopiu.net\/wordpress\/wp-content\/uploads\/2025\/02\/dded7801-5555-4f92-8fc8-879f7c1a2e62.jpg'><img loading=\"lazy\" decoding=\"async\" width=\"150\" height=\"150\" src=\"https:\/\/www.radiopiu.net\/wordpress\/wp-content\/uploads\/2025\/02\/dded7801-5555-4f92-8fc8-879f7c1a2e62-150x150.jpg\" class=\"attachment-thumbnail size-thumbnail\" alt=\"\" \/><\/a>\n\t\t\t\t<\/dt><\/dl><dl class='gallery-item'>\n\t\t\t\t<dt class='gallery-icon portrait'>\n\t\t\t\t\t<a class=\"rollover rollover-zoom dt-pswp-item\" title=\"Denver\" data-dt-img-description=\"\" data-large_image_width=\"841\" data-large_image_height=\"1190\"href='https:\/\/www.radiopiu.net\/wordpress\/wp-content\/uploads\/2025\/02\/Denver.jpg'><img loading=\"lazy\" decoding=\"async\" width=\"150\" height=\"150\" src=\"https:\/\/www.radiopiu.net\/wordpress\/wp-content\/uploads\/2025\/02\/Denver-150x150.jpg\" class=\"attachment-thumbnail size-thumbnail\" alt=\"\" aria-describedby=\"gallery-2-433726\" \/><\/a>\n\t\t\t\t<\/dt>\n\t\t\t\t\t<dd class='wp-caption-text gallery-caption' id='gallery-2-433726'>\n\t\t\t\t\t16 FEBBRAIO \n\t\t\t\t\t<\/dd><\/dl><br style=\"clear: both\" \/>\n\t\t\t<\/div>\n\n<p>&nbsp;<\/p>\n<p>&nbsp;<\/p>\n<\/div>\n<\/div>\n<\/div>\n<\/div>\n<\/div>\n<\/div>\n<\/div>\n<\/div>\n<\/div>\n<\/div>\n<\/div>\n<\/div>\n<p>&nbsp;<\/p>\n<\/div>\n<\/div>\n<\/div>\n<\/div>\n<\/div>\n<\/div>\n<\/div>\n<\/div>\n<\/div>\n<\/div>\n<\/div>\n<\/div>\n<hr \/>\n<p>&nbsp;<\/p>\n<p class=\"mceTemp\"><a class=\"dt-pswp-item\" href=\"https:\/\/www.radiopiu.net\/wordpress\/wp-content\/uploads\/2018\/09\/WhatsApp-Image-2018-09-20-at-16.04.06.jpeg\" data-dt-img-description=\"\" data-large_image_width=\"800\" data-large_image_height=\"100\"><img loading=\"lazy\" decoding=\"async\" class=\"wp-image-61378 size-full aligncenter\" src=\"https:\/\/www.radiopiu.net\/wordpress\/wp-content\/uploads\/2018\/09\/WhatsApp-Image-2018-09-20-at-16.04.06.jpeg\" alt=\"\" width=\"800\" height=\"100\" srcset=\"https:\/\/www.radiopiu.net\/wordpress\/wp-content\/uploads\/2018\/09\/WhatsApp-Image-2018-09-20-at-16.04.06.jpeg 800w, https:\/\/www.radiopiu.net\/wordpress\/wp-content\/uploads\/2018\/09\/WhatsApp-Image-2018-09-20-at-16.04.06-300x38.jpeg 300w, https:\/\/www.radiopiu.net\/wordpress\/wp-content\/uploads\/2018\/09\/WhatsApp-Image-2018-09-20-at-16.04.06-768x96.jpeg 768w\" sizes=\"auto, (max-width: 800px) 100vw, 800px\" \/><\/a><\/p>\n<p><center><\/center><center><\/center>&nbsp;<\/p>\n<p><center><b>OGGI<\/b><\/center>Giornata uggiosa e fresca con cielo molto nuvoloso o coperto da estese nubi stratiformi. La lieve e persistente ciclonicit\u00e0 potr\u00e0 favorire il verificarsi di debolissimi fenomeni, pur considerando che per la maggiore parte del tempo sar\u00e0 l&#8217;assenza di fenomeni a prevalere, ma non alla sera quando la probabilit\u00e0 aumenter\u00e0 un po&#8217;.<br \/>\n<b>Precipitazioni: <\/b>Probabilit\u00e0 piuttosto bassa, ma non esclusa al mattino con qualche fiocco oltre i 1300-1400 m. Nel tardo pomeriggio\/sera maggiore probabilit\u00e0 per deboli piogge nelle valli e un po&#8217; di neve oltre i 1100-1300 m.<br \/>\n<b>Temperature: <\/b>Variazioni di poco conto rispetto a luned\u00ec, eccetto lieve calo serale con probabili minime assolute a fine giornata.<\/p>\n<hr \/>\n<p><center><b>DOMANI<\/b><\/center>La persistente lieve ciclonicit\u00e0 e l&#8217;alta umidit\u00e0 determineranno cielo ancora molto nuvoloso con il probabile verificarsi di qualche fenomeno, specie nella notte ed al mattino.<br \/>\n<b>Precipitazioni: <\/b>Probabilit\u00e0 media notte tempo di deboli piogge sparse con limite neve a 1100-1300 m. Poi fenomeni sempre pi\u00f9 radi ed intermittenti (20-30%) e limite neve in rialzo a 1400-1500 m.<br \/>\n<b>Temperature: <\/b>Minime stazionarie fino sugli 800-1000 m e in lieve aumento sotto tali quote; massime in calo oltre i 1800-2000 m e in leggero aumento sotto tali quote.<\/p>\n<hr \/>\n<p><center><b>GiIOVEDI<\/b><\/center>Al mattino tratti soleggiati e annuvolamenti irregolari. Al pomeriggio aumento della nuvolosit\u00e0, ma perlopi\u00f9 senza precipitazioni, eccetto qualche locale rovescio serale, nevoso a 1100-1300 m. Temperature minime in leggero calo, almeno in quota, e massime in ripresa.<\/p>\n<hr \/>\n<p><center><b>VENERDI<\/b><\/center>Nottetempo passaggio di un fronte freddo sulle Dolomiti con neve burrascosa, successivamente sulle Prealpi con rovesci per instabilit\u00e0 diurna sulle Prealpi. La neve scender\u00e0 fino sui 600-800 m. In giornata rapido miglioramento a partire dalle Dolomiti, pi\u00f9 tardivamente sulle Prealpi. Temperature in generale calo,specie dal pomeriggio, eccetto improvvisi aumenti per condizioni di Foehn in alcune valli.<\/p>\n<p>&nbsp;<\/p>\n<p>&nbsp;<\/p>\n<blockquote class=\"wp-embedded-content\" data-secret=\"CedhSt8cxX\"><p><a href=\"https:\/\/www.radiopiu.net\/wordpress\/dolomiti-neve-al-suolo\/\">DOLOMITI NEVE AL SUOLO<\/a><\/p><\/blockquote>\n<p><iframe loading=\"lazy\" class=\"wp-embedded-content\" sandbox=\"allow-scripts\" security=\"restricted\" style=\"position: absolute; visibility: hidden;\" title=\"&#8220;DOLOMITI NEVE AL SUOLO&#8221; &#8212; Radio Pi\u00f9\" src=\"https:\/\/www.radiopiu.net\/wordpress\/dolomiti-neve-al-suolo\/embed\/#?secret=PcIo5B2w7y#?secret=CedhSt8cxX\" data-secret=\"CedhSt8cxX\" width=\"600\" height=\"338\" frameborder=\"0\" marginwidth=\"0\" marginheight=\"0\" scrolling=\"no\"><\/iframe><\/p>\n<p>&nbsp;<\/p>\n<p>&nbsp;<\/p>\n<hr \/>\n<p>&nbsp;<\/p>\n<p class=\"mceTemp\"><a class=\"dt-pswp-item\" href=\"https:\/\/www.radiopiu.net\/wordpress\/wp-content\/uploads\/2018\/09\/sport.jpg\" data-dt-img-description=\"\" data-large_image_width=\"800\" data-large_image_height=\"100\"><img loading=\"lazy\" decoding=\"async\" class=\"aligncenter wp-image-60761 size-full\" src=\"https:\/\/www.radiopiu.net\/wordpress\/wp-content\/uploads\/2018\/09\/sport.jpg\" alt=\"\" width=\"800\" height=\"100\" srcset=\"https:\/\/www.radiopiu.net\/wordpress\/wp-content\/uploads\/2018\/09\/sport.jpg 800w, https:\/\/www.radiopiu.net\/wordpress\/wp-content\/uploads\/2018\/09\/sport-300x38.jpg 300w, https:\/\/www.radiopiu.net\/wordpress\/wp-content\/uploads\/2018\/09\/sport-768x96.jpg 768w\" sizes=\"auto, (max-width: 800px) 100vw, 800px\" \/> <\/a><\/p>\n<p class=\"mceTemp\"><span style=\"color: #0000ff;\"><strong>\u00a0 \u00a0\u00a0<\/strong><\/span><\/p>\n<p><span style=\"color: #0000ff;\"><strong>NUOTO<br \/>\n<\/strong><\/span><\/p>\n<blockquote>\n<h3>Esordienti bellunesi: medaglie ed emozioni a Montebelluna<\/h3>\n<\/blockquote>\n<p><strong>BELLUNO <\/strong>Sportivamente Belluno, protagonista alla quarta giornata di attivit\u00e0 zonale presso la piscina \u201cChiara Giavi\u201d di Montebelluna. Tra gli Esordienti B, ottimo inizio nei 400 stile per Mattia Brianti, Nicola De Min, Marco Candeago e Yari Broi, mentre Jacopo Viel conquista l\u2019argento nei 50 farfalla con 39\u201d0. Nei 200 misti, il bronzo va a Mattia Brianti (2\u201958\u201d9). Bene anche la staffetta 4&#215;50 mista maschile, quarta a un soffio dal podio. Nella fascia A, Alessandro Morra si distingue con due argenti nei 200 rana (2\u201944\u201d6) e nei 200 farfalla (2\u201933\u201d5). Greta Galanti e Laura Ivessa salgono sul podio nei 400 misti, mentre Elisa Thomas si qualifica per la fase regionale nei 200 rana. Applausi per Pietro Battistel, Erik De Nardin, Sebastiano Migotto, Aurora Camposeo e Teresa Zammatteo, che migliorano i loro personali. Le staffette femminili e maschili chiudono rispettivamente al quarto e sesto posto. \u00abSono soddisfatta della crescita della squadra, nonostante alcune assenze per malanni di stagione\u00bb, commenta l\u2019allenatrice Daniela Piermarini.<\/p>\n<blockquote>\n<p align=\"LEFT\"><span style=\"color: #000000;\"><span style=\"font-family: Helvetica Neue, serif;\"><span style=\"font-size: small;\"><em><span style=\"font-family: Helvetica, serif;\"><span lang=\"it-IT\">\u00abNonostante le assenze per malanni di stagione &#8211; commenta l<\/span><\/span><span style=\"font-family: Helvetica, serif;\">\u2019<\/span><span style=\"font-family: Helvetica, serif;\"><span lang=\"it-IT\">allenatrice Daniela Piermarini &#8211; ho visto grandi prestazioni. Sono soddisfatta della crescita di una squadra che, giorno dopo giorno, diventa consapevole delle proprie potenzialit<\/span><\/span><span style=\"font-family: Helvetica, serif;\">\u00e0<\/span><\/em><span style=\"font-family: Helvetica, serif;\"><span lang=\"it-IT\"><em>\u00bb.<\/em><\/span><\/span><\/span><\/span><\/span><\/p>\n<\/blockquote>\n<p><a class=\"dt-pswp-item\" href=\"https:\/\/www.radiopiu.net\/wordpress\/wp-content\/uploads\/2025\/02\/Esordienti_A-1.jpg\" data-dt-img-description=\"\" data-large_image_width=\"640\" data-large_image_height=\"550\"><img loading=\"lazy\" decoding=\"async\" class=\"alignnone wp-image-433900\" src=\"https:\/\/www.radiopiu.net\/wordpress\/wp-content\/uploads\/2025\/02\/Esordienti_A-1-300x258.jpg\" alt=\"\" width=\"242\" height=\"208\" srcset=\"https:\/\/www.radiopiu.net\/wordpress\/wp-content\/uploads\/2025\/02\/Esordienti_A-1-300x258.jpg 300w, https:\/\/www.radiopiu.net\/wordpress\/wp-content\/uploads\/2025\/02\/Esordienti_A-1.jpg 640w\" sizes=\"auto, (max-width: 242px) 100vw, 242px\" \/><\/a><a class=\"dt-pswp-item\" href=\"https:\/\/www.radiopiu.net\/wordpress\/wp-content\/uploads\/2025\/02\/Esordienti_B.jpg\" data-dt-img-description=\"\" data-large_image_width=\"640\" data-large_image_height=\"453\"><img loading=\"lazy\" decoding=\"async\" class=\"alignnone size-medium wp-image-433901\" src=\"https:\/\/www.radiopiu.net\/wordpress\/wp-content\/uploads\/2025\/02\/Esordienti_B-300x212.jpg\" alt=\"\" width=\"300\" height=\"212\" srcset=\"https:\/\/www.radiopiu.net\/wordpress\/wp-content\/uploads\/2025\/02\/Esordienti_B-300x212.jpg 300w, https:\/\/www.radiopiu.net\/wordpress\/wp-content\/uploads\/2025\/02\/Esordienti_B.jpg 640w\" sizes=\"auto, (max-width: 300px) 100vw, 300px\" \/><\/a><\/p>\n<p>&nbsp;<\/p>\n<hr \/>\n<p>&nbsp;<\/p>\n<p>&nbsp;<\/p>\n<p>&nbsp;<\/p>\n","protected":false},"excerpt":{"rendered":"<p>******** &nbsp; LA\u00a0 APP PER IOS-IPHONE di Nicola Vettorello https:\/\/apps.apple.com\/it\/app\/radio-pi%C3%B9-emittente-agordina\/id1515939845 LA\u00a0 APP RADIO\u00a0 PER ANDROID di Nicola Vettorello https:\/\/play.google.com\/store\/apps\/details?id=net.radiopiu.iniko\u00a0\u00a0\u00a0\u00a0 &nbsp; Lavori alla galleria Monte Baldo: A27 chiusa tra i due caselli di Vittorio Veneto Dalle 22 di gioved\u00ec 13 febbraio\u00a0 alle 6 di venerd\u00ec 14, chiuso il tratto tra Vittorio Veneto sud e Vittorio Veneto&hellip;<\/p>\n","protected":false},"author":4,"featured_media":433934,"comment_status":"closed","ping_status":"closed","sticky":false,"template":"","format":"standard","meta":{"_monsterinsights_skip_tracking":false,"_monsterinsights_sitenote_active":false,"_monsterinsights_sitenote_note":"","_monsterinsights_sitenote_category":0,"footnotes":""},"categories":[51,86,49],"tags":[],"class_list":["post-433807","post","type-post","status-publish","format-standard","has-post-thumbnail","hentry","category-evidenza-top","category-gr","category-news-18","category-51","category-86","category-49","description-off"],"img_url":"https:\/\/www.radiopiu.net\/wordpress\/wp-content\/uploads\/2025\/02\/ef414511-d886-4460-bfaf-d9bc4627fac2.jpg","_links":{"self":[{"href":"https:\/\/www.radiopiu.net\/wordpress\/wp-json\/wp\/v2\/posts\/433807","targetHints":{"allow":["GET"]}}],"collection":[{"href":"https:\/\/www.radiopiu.net\/wordpress\/wp-json\/wp\/v2\/posts"}],"about":[{"href":"https:\/\/www.radiopiu.net\/wordpress\/wp-json\/wp\/v2\/types\/post"}],"author":[{"embeddable":true,"href":"https:\/\/www.radiopiu.net\/wordpress\/wp-json\/wp\/v2\/users\/4"}],"replies":[{"embeddable":true,"href":"https:\/\/www.radiopiu.net\/wordpress\/wp-json\/wp\/v2\/comments?post=433807"}],"version-history":[{"count":36,"href":"https:\/\/www.radiopiu.net\/wordpress\/wp-json\/wp\/v2\/posts\/433807\/revisions"}],"predecessor-version":[{"id":433897,"href":"https:\/\/www.radiopiu.net\/wordpress\/wp-json\/wp\/v2\/posts\/433807\/revisions\/433897"}],"wp:featuredmedia":[{"embeddable":true,"href":"https:\/\/www.radiopiu.net\/wordpress\/wp-json\/wp\/v2\/media\/433934"}],"wp:attachment":[{"href":"https:\/\/www.radiopiu.net\/wordpress\/wp-json\/wp\/v2\/media?parent=433807"}],"wp:term":[{"taxonomy":"category","embeddable":true,"href":"https:\/\/www.radiopiu.net\/wordpress\/wp-json\/wp\/v2\/categories?post=433807"},{"taxonomy":"post_tag","embeddable":true,"href":"https:\/\/www.radiopiu.net\/wordpress\/wp-json\/wp\/v2\/tags?post=433807"}],"curies":[{"name":"wp","href":"https:\/\/api.w.org\/{rel}","templated":true}]}}