{"id":433987,"date":"2025-02-11T05:27:36","date_gmt":"2025-02-11T04:27:36","guid":{"rendered":"https:\/\/www.radiopiu.net\/wordpress\/?p=433987"},"modified":"2025-02-11T05:35:04","modified_gmt":"2025-02-11T04:35:04","slug":"essilorluxottica-nel-progetto-premyom-per-la-ricerca-e-la-gestione-della-miopia","status":"publish","type":"post","link":"https:\/\/www.radiopiu.net\/wordpress\/essilorluxottica-nel-progetto-premyom-per-la-ricerca-e-la-gestione-della-miopia\/","title":{"rendered":"ESSILORLUXOTTICA NEL PROGETTO PREMYOM PER LA RICERCA E LA GESTIONE DELLA MIOPIA"},"content":{"rendered":"<p>******<\/p>\n<p>&nbsp;<\/p>\n<p><strong><a class=\"dt-pswp-item\" href=\"https:\/\/www.radiopiu.net\/wordpress\/wp-content\/uploads\/2024\/04\/essilorluxottica.png\" data-dt-img-description=\"\" data-large_image_width=\"400\" data-large_image_height=\"400\"><img loading=\"lazy\" decoding=\"async\" class=\" wp-image-386124 alignleft\" src=\"https:\/\/www.radiopiu.net\/wordpress\/wp-content\/uploads\/2024\/04\/essilorluxottica-300x300.png\" alt=\"\" width=\"171\" height=\"171\" srcset=\"https:\/\/www.radiopiu.net\/wordpress\/wp-content\/uploads\/2024\/04\/essilorluxottica-300x300.png 300w, https:\/\/www.radiopiu.net\/wordpress\/wp-content\/uploads\/2024\/04\/essilorluxottica-150x150.png 150w, https:\/\/www.radiopiu.net\/wordpress\/wp-content\/uploads\/2024\/04\/essilorluxottica.png 400w\" sizes=\"auto, (max-width: 171px) 100vw, 171px\" \/><\/a>PARIGI<\/strong> EssilorLuxottica, H\u00f4pital Fondation Adolphe de Rothschild, Inria, InSimo, Institut Mines-T\u00e9l\u00e9com e Institut de la Vision presentano PREMYOM (Prise en charge et Ralentissement de l\u2019Epid\u00e9mie de MYopie par l\u2019Optique M\u00e9dicale), un progetto di ricerca quinquennale volto a definire nuovi standard in ambito med-tech e a offrire trattamenti personalizzati per la gestione della miopia tramite l\u2019ottica medica. PREMYOM unisce le competenze tecniche, cliniche e digitali di leader del settore sanitario, della ricerca e dell\u2019ottica, con l\u2019obiettivo di approfondire la comprensione dei meccanismi clinici e biologici alla base della progressione della miopia e cos\u00ec sviluppare soluzioni oftalmiche avanzate per rispondere in modo personalizzato alle esigenze di ogni paziente. L\u2019iniziativa pone al centro la salute visiva dei bambini e il rallentamento della progressione della miopia come priorit\u00e0 di salute pubblica. Il progetto contribuir\u00e0 a sviluppare lenti altamente personalizzate in grado di rallentare efficacemente la progressione della miopia nei bambini, garantendone al tempo stesso la pi\u00f9 ampia accessibilit\u00e0. Sotto la guida di EssilorLuxottica, PREMYOM si avvarr\u00e0 di ricerche all\u2019avanguardia in biologia retinica, studi di coorte su larga scala, trial clinici e analisi di big data, assieme a modelli digitali avanzati e simulazioni biomeccaniche dell\u2019occhio miope, concetti ottici innovativi e tecnologie per la produzione di lenti e strumenti optometrici di nuova generazione. Thierry Villette, Partnerships and Science Outreach Director at EssilorLuxottica e Project Director di PREMYOM, ha affermato: \u201cEssilorLuxottica \u00e8 orgogliosa di guidare un progetto come PREMYOM che mette insieme straordinarie competenze scientifiche e sperimentali. Con un\u2019attenzione particolare alla miopia dei bambini, una delle sfide pi\u00f9 urgenti per l\u2019oftalmologia di oggi, grazie a PREMYOM saremo in grado di fare davvero la differenza, con un\u2019ambizione e un impegno che vanno dalla semplice correzione visiva alle terapie ottiche personalizzate, dalla comprensione empirica alla modellizzazione digitale, fino alla creazione della pi\u00f9 grande coorte di miopia del mondo occidentale\u201d. Le stime indicano che, entro il 2050, la miopia colpir\u00e0 circa 4,7 miliardi di persone, cio\u00e8 pi\u00f9 della met\u00e0 della popolazione mondiale, rispetto ai 2,8 miliardi di oggi. Oltre a compromette in maniera significativa la qualit\u00e0 della vista, questa condizione aumenta il rischio di gravi patologie oculari, tra cui il glaucoma e il distacco della retina in et\u00e0 avanzata. Ancora pi\u00f9 allarmante \u00e8 la previsione secondo cui, nello stesso periodo, circa un miliardo di persone sar\u00e0 affetto da miopia elevata (oltre -6 diottrie), associata a un rischio significativamente maggiore di cecit\u00e0.<\/p>\n<p>&nbsp;<\/p>\n<p>&nbsp;<\/p>\n<p>*******<\/p>\n","protected":false},"excerpt":{"rendered":"<p>****** &nbsp; PARIGI EssilorLuxottica, H\u00f4pital Fondation Adolphe de Rothschild, Inria, InSimo, Institut Mines-T\u00e9l\u00e9com e Institut de la Vision presentano PREMYOM (Prise en charge et Ralentissement de l\u2019Epid\u00e9mie de MYopie par l\u2019Optique M\u00e9dicale), un progetto di ricerca quinquennale volto a definire nuovi standard in ambito med-tech e a offrire trattamenti personalizzati per la gestione della miopia&hellip;<\/p>\n","protected":false},"author":4,"featured_media":386124,"comment_status":"closed","ping_status":"closed","sticky":false,"template":"","format":"standard","meta":{"_monsterinsights_skip_tracking":false,"_monsterinsights_sitenote_active":false,"_monsterinsights_sitenote_note":"","_monsterinsights_sitenote_category":0,"footnotes":""},"categories":[51,49],"tags":[],"class_list":["post-433987","post","type-post","status-publish","format-standard","has-post-thumbnail","hentry","category-evidenza-top","category-news-18","category-51","category-49","description-off"],"img_url":"https:\/\/www.radiopiu.net\/wordpress\/wp-content\/uploads\/2024\/04\/essilorluxottica.png","_links":{"self":[{"href":"https:\/\/www.radiopiu.net\/wordpress\/wp-json\/wp\/v2\/posts\/433987","targetHints":{"allow":["GET"]}}],"collection":[{"href":"https:\/\/www.radiopiu.net\/wordpress\/wp-json\/wp\/v2\/posts"}],"about":[{"href":"https:\/\/www.radiopiu.net\/wordpress\/wp-json\/wp\/v2\/types\/post"}],"author":[{"embeddable":true,"href":"https:\/\/www.radiopiu.net\/wordpress\/wp-json\/wp\/v2\/users\/4"}],"replies":[{"embeddable":true,"href":"https:\/\/www.radiopiu.net\/wordpress\/wp-json\/wp\/v2\/comments?post=433987"}],"version-history":[{"count":1,"href":"https:\/\/www.radiopiu.net\/wordpress\/wp-json\/wp\/v2\/posts\/433987\/revisions"}],"predecessor-version":[{"id":433988,"href":"https:\/\/www.radiopiu.net\/wordpress\/wp-json\/wp\/v2\/posts\/433987\/revisions\/433988"}],"wp:featuredmedia":[{"embeddable":true,"href":"https:\/\/www.radiopiu.net\/wordpress\/wp-json\/wp\/v2\/media\/386124"}],"wp:attachment":[{"href":"https:\/\/www.radiopiu.net\/wordpress\/wp-json\/wp\/v2\/media?parent=433987"}],"wp:term":[{"taxonomy":"category","embeddable":true,"href":"https:\/\/www.radiopiu.net\/wordpress\/wp-json\/wp\/v2\/categories?post=433987"},{"taxonomy":"post_tag","embeddable":true,"href":"https:\/\/www.radiopiu.net\/wordpress\/wp-json\/wp\/v2\/tags?post=433987"}],"curies":[{"name":"wp","href":"https:\/\/api.w.org\/{rel}","templated":true}]}}