{"id":434005,"date":"2025-02-11T05:00:57","date_gmt":"2025-02-11T04:00:57","guid":{"rendered":"https:\/\/www.radiopiu.net\/wordpress\/?p=434005"},"modified":"2025-02-11T05:35:31","modified_gmt":"2025-02-11T04:35:31","slug":"belluno-tra-psichiatria-accuse-e-condanne-quattro-casi-giudiziari-al-centro-dellattenzione","status":"publish","type":"post","link":"https:\/\/www.radiopiu.net\/wordpress\/belluno-tra-psichiatria-accuse-e-condanne-quattro-casi-giudiziari-al-centro-dellattenzione\/","title":{"rendered":"Belluno, tra psichiatria, accuse e condanne: quattro casi giudiziari al centro dell\u2019attenzione"},"content":{"rendered":"<p>**<\/p>\n<p><strong>OGGI LA GIUDIZIARIA<\/strong><\/p>\n<p><strong>SUL CORRIERE DELLE ALPI, GIGI SOSSO<\/strong><\/p>\n<p><strong>SINTES<\/strong>I<\/p>\n<div class=\"flex max-w-full flex-col flex-grow\">\n<div class=\"min-h-8 text-message flex w-full flex-col items-end gap-2 whitespace-normal break-words text-start [.text-message+&amp;]:mt-5\" dir=\"auto\" data-message-author-role=\"assistant\" data-message-id=\"f61c7aeb-e607-4661-9be0-dd69f197fa2d\" data-message-model-slug=\"gpt-4o\">\n<div class=\"flex w-full flex-col gap-1 empty:hidden first:pt-[3px]\">\n<div class=\"markdown prose w-full break-words dark:prose-invert dark\">\n<blockquote><p><strong><img loading=\"lazy\" decoding=\"async\" class=\"alignleft\" src=\"https:\/\/www.radiopiu.net\/wordpress\/wp-content\/uploads\/2025\/02\/71d3888e-c677-448e-9c5b-4a32181dfe45-300x300.webp\" width=\"183\" height=\"183\" \/>Perizia psichiatrica: parziale vizio di mente per il 28enne accusato di stalking<\/strong><\/p><\/blockquote>\n<p><strong>BELLUNO<\/strong> Un 28enne bellunese, accusato di stalking contro una minorenne, presenta un disturbo del neurosviluppo combinato con tratti borderline, secondo la perizia della difesa. La capacit\u00e0 di volere \u00e8 gravemente scemata. Il processo si concluder\u00e0 il 18 settembre.<\/p>\n<\/div>\n<\/div>\n<\/div>\n<\/div>\n<div class=\"mb-2 flex gap-3 empty:hidden -ml-2\">\n<div class=\"items-center justify-start rounded-xl p-1 flex\">\n<div class=\"flex items-center\">\n<blockquote><p><strong>Accusa di stalking si ribalta: rischia la condanna per calunnia<\/strong><\/p><\/blockquote>\n<p><strong>BELLUNO<\/strong> Una donna di Belluno, accusata di calunnia verso l\u2019ex compagno, rischia due anni di reclusione e 20mila euro di risarcimento. Secondo la Procura, le sue accuse di stalking erano infondate. Sentenza rinviata dopo le repliche.<\/p>\n<blockquote><p><strong>Diffamazione in diretta: si cerca una soluzione tra Bottacin e Peruffo<\/strong><\/p><\/blockquote>\n<p><strong>BELLUNO<\/strong> L\u2019assessore Gianpaolo Bottacin accusa Alberto Peruffo di diffamazione in diretta radiofonica per aver insinuato che nascondesse documenti sull\u2019emergenza Pfas. Il giudice invita le parti a trovare un accordo prima della prossima udienza, fissata per il 9 giugno.<\/p>\n<blockquote><p><strong>Infortunio all&#8217;Ideal Standard: condannato il vicepresidente<\/strong><\/p><\/blockquote>\n<p><strong>BORGO VALBELLUNA\u00a0<\/strong> \u00a0il vicepresidente della vecchia Ideal Standard\u00a0\u00e8 stato condannato a due mesi di reclusione con sospensione condizionale per lesioni colpose. L\u2019incidente risale al 2020, quando un operaio si schiacci\u00f2 la mano su un carrello elevatore. Responsabilit\u00e0 condivise tra operai e datore di lavoro.<\/p>\n<\/div>\n<\/div>\n<\/div>\n","protected":false},"excerpt":{"rendered":"<p>** OGGI LA GIUDIZIARIA SUL CORRIERE DELLE ALPI, GIGI SOSSO SINTESI Perizia psichiatrica: parziale vizio di mente per il 28enne accusato di stalking BELLUNO Un 28enne bellunese, accusato di stalking contro una minorenne, presenta un disturbo del neurosviluppo combinato con tratti borderline, secondo la perizia della difesa. La capacit\u00e0 di volere \u00e8 gravemente scemata. Il&hellip;<\/p>\n","protected":false},"author":4,"featured_media":434012,"comment_status":"closed","ping_status":"closed","sticky":false,"template":"","format":"standard","meta":{"_monsterinsights_skip_tracking":false,"_monsterinsights_sitenote_active":false,"_monsterinsights_sitenote_note":"","_monsterinsights_sitenote_category":0,"footnotes":""},"categories":[104,49],"tags":[],"class_list":["post-434005","post","type-post","status-publish","format-standard","has-post-thumbnail","hentry","category-evidenza_3","category-news-18","category-104","category-49","description-off"],"img_url":"https:\/\/www.radiopiu.net\/wordpress\/wp-content\/uploads\/2025\/02\/71d3888e-c677-448e-9c5b-4a32181dfe45.webp","_links":{"self":[{"href":"https:\/\/www.radiopiu.net\/wordpress\/wp-json\/wp\/v2\/posts\/434005","targetHints":{"allow":["GET"]}}],"collection":[{"href":"https:\/\/www.radiopiu.net\/wordpress\/wp-json\/wp\/v2\/posts"}],"about":[{"href":"https:\/\/www.radiopiu.net\/wordpress\/wp-json\/wp\/v2\/types\/post"}],"author":[{"embeddable":true,"href":"https:\/\/www.radiopiu.net\/wordpress\/wp-json\/wp\/v2\/users\/4"}],"replies":[{"embeddable":true,"href":"https:\/\/www.radiopiu.net\/wordpress\/wp-json\/wp\/v2\/comments?post=434005"}],"version-history":[{"count":1,"href":"https:\/\/www.radiopiu.net\/wordpress\/wp-json\/wp\/v2\/posts\/434005\/revisions"}],"predecessor-version":[{"id":434013,"href":"https:\/\/www.radiopiu.net\/wordpress\/wp-json\/wp\/v2\/posts\/434005\/revisions\/434013"}],"wp:featuredmedia":[{"embeddable":true,"href":"https:\/\/www.radiopiu.net\/wordpress\/wp-json\/wp\/v2\/media\/434012"}],"wp:attachment":[{"href":"https:\/\/www.radiopiu.net\/wordpress\/wp-json\/wp\/v2\/media?parent=434005"}],"wp:term":[{"taxonomy":"category","embeddable":true,"href":"https:\/\/www.radiopiu.net\/wordpress\/wp-json\/wp\/v2\/categories?post=434005"},{"taxonomy":"post_tag","embeddable":true,"href":"https:\/\/www.radiopiu.net\/wordpress\/wp-json\/wp\/v2\/tags?post=434005"}],"curies":[{"name":"wp","href":"https:\/\/api.w.org\/{rel}","templated":true}]}}