{"id":434059,"date":"2025-02-11T13:54:25","date_gmt":"2025-02-11T12:54:25","guid":{"rendered":"https:\/\/www.radiopiu.net\/wordpress\/?p=434059"},"modified":"2025-02-11T13:59:26","modified_gmt":"2025-02-11T12:59:26","slug":"dolomiti-allalba-la-magia-di-ra-valles-immortalata-da-omar","status":"publish","type":"post","link":"https:\/\/www.radiopiu.net\/wordpress\/dolomiti-allalba-la-magia-di-ra-valles-immortalata-da-omar\/","title":{"rendered":"Dolomiti all&#8217;alba: la magia di Ra Valles immortalata da Omar"},"content":{"rendered":"<p>*<\/p>\n<p><strong>CORTINA\u00a0<\/strong><\/p>\n<p><strong><a class=\"dt-pswp-item\" href=\"https:\/\/www.radiopiu.net\/wordpress\/wp-content\/uploads\/2025\/02\/file-1-e1739278324163.jpg\" data-dt-img-description=\"\" data-large_image_width=\"640\" data-large_image_height=\"640\"><img loading=\"lazy\" decoding=\"async\" class=\"wp-image-434060 alignleft\" src=\"https:\/\/www.radiopiu.net\/wordpress\/wp-content\/uploads\/2025\/02\/file-1-e1739278324163-300x300.jpg\" alt=\"\" width=\"147\" height=\"147\" srcset=\"https:\/\/www.radiopiu.net\/wordpress\/wp-content\/uploads\/2025\/02\/file-1-e1739278324163-300x300.jpg 300w, https:\/\/www.radiopiu.net\/wordpress\/wp-content\/uploads\/2025\/02\/file-1-e1739278324163-150x150.jpg 150w, https:\/\/www.radiopiu.net\/wordpress\/wp-content\/uploads\/2025\/02\/file-1-e1739278324163.jpg 640w\" sizes=\"auto, (max-width: 147px) 100vw, 147px\" \/><\/a><\/strong>Le Dolomiti regalano sempre emozioni uniche, e l\u2019alba a <strong>Ra Valles<\/strong>, sopra Cortina, non fa eccezione. Questa mattina, Omar, ascoltatore di <strong>Radio Pi\u00f9<\/strong>, ha condiviso con noi sette splendide fotografie scattate durante il suo turno di lavoro.<\/p>\n<p><strong>\u201cCiao Mirko, ti mando un paio di foto che ho fatto stamattina all\u2019alba al lavoro a Cortina, zona Ra Valles\u201d<\/strong>, scrive Omar. E cos\u00ec, attraverso il suo obiettivo, possiamo ammirare il cielo che si tinge di sfumature calde, dal rosa all\u2019arancione, illuminando le cime innevate delle Dolomiti con una luce quasi magica.<\/p>\n<p>Le immagini catturano la serenit\u00e0 e la maestosit\u00e0 di un paesaggio unico, ricordandoci perch\u00e9 le Dolomiti siano patrimonio dell\u2019umanit\u00e0 UNESCO. Grazie a Omar, questi istanti di bellezza mozzafiato sono diventati un regalo per tutti gli ascoltatori e gli appassionati della montagna.<\/p>\n\n\t\t\t<style type='text\/css'>\n\t\t\t\t#gallery-1 {\n\t\t\t\t\tmargin: auto;\n\t\t\t\t}\n\t\t\t\t#gallery-1 .gallery-item {\n\t\t\t\t\tfloat: left;\n\t\t\t\t\tmargin-top: 10px;\n\t\t\t\t\ttext-align: center;\n\t\t\t\t\twidth: 33%;\n\t\t\t\t}\n\t\t\t\t#gallery-1 img {\n\t\t\t\t\tborder: 2px solid #cfcfcf;\n\t\t\t\t}\n\t\t\t\t#gallery-1 .gallery-caption {\n\t\t\t\t\tmargin-left: 0;\n\t\t\t\t}\n\t\t\t\t\/* see gallery_shortcode() in wp-includes\/media.php *\/\n\t\t\t<\/style>\n\t\t<div id='gallery-1' class='dt-gallery-container gallery galleryid-434059 gallery-columns-3 gallery-size-thumbnail'><dl class='gallery-item'>\n\t\t\t\t<dt class='gallery-icon portrait'>\n\t\t\t\t\t<a class=\"rollover rollover-zoom dt-pswp-item\" title=\"ra vales cortina foto omar\" data-dt-img-description=\"\" data-large_image_width=\"924\" data-large_image_height=\"2000\"href='https:\/\/www.radiopiu.net\/wordpress\/wp-content\/uploads\/2025\/02\/1ff829bb-d33f-4da0-b6a6-29b3deb5dbab.jpg'><img loading=\"lazy\" decoding=\"async\" width=\"150\" height=\"150\" src=\"https:\/\/www.radiopiu.net\/wordpress\/wp-content\/uploads\/2025\/02\/1ff829bb-d33f-4da0-b6a6-29b3deb5dbab-150x150.jpg\" class=\"attachment-thumbnail size-thumbnail\" alt=\"\" \/><\/a>\n\t\t\t\t<\/dt><\/dl><dl class='gallery-item'>\n\t\t\t\t<dt class='gallery-icon landscape'>\n\t\t\t\t\t<a class=\"rollover rollover-zoom dt-pswp-item\" title=\"ra vales cortina foto omar\" data-dt-img-description=\"\" data-large_image_width=\"2000\" data-large_image_height=\"924\"href='https:\/\/www.radiopiu.net\/wordpress\/wp-content\/uploads\/2025\/02\/ed5167a0-77aa-444d-a5e1-533d2d79d5fa.jpg'><img loading=\"lazy\" decoding=\"async\" width=\"150\" height=\"150\" src=\"https:\/\/www.radiopiu.net\/wordpress\/wp-content\/uploads\/2025\/02\/ed5167a0-77aa-444d-a5e1-533d2d79d5fa-150x150.jpg\" class=\"attachment-thumbnail size-thumbnail\" alt=\"\" \/><\/a>\n\t\t\t\t<\/dt><\/dl><dl class='gallery-item'>\n\t\t\t\t<dt class='gallery-icon landscape'>\n\t\t\t\t\t<a class=\"rollover rollover-zoom dt-pswp-item\" title=\"ra vales cortina foto omar\" data-dt-img-description=\"\" data-large_image_width=\"2000\" data-large_image_height=\"924\"href='https:\/\/www.radiopiu.net\/wordpress\/wp-content\/uploads\/2025\/02\/4b1b38a6-9dc1-4e92-9011-d21062e4bd07.jpg'><img loading=\"lazy\" decoding=\"async\" width=\"150\" height=\"150\" src=\"https:\/\/www.radiopiu.net\/wordpress\/wp-content\/uploads\/2025\/02\/4b1b38a6-9dc1-4e92-9011-d21062e4bd07-150x150.jpg\" class=\"attachment-thumbnail size-thumbnail\" alt=\"\" \/><\/a>\n\t\t\t\t<\/dt><\/dl><br style=\"clear: both\" \/><dl class='gallery-item'>\n\t\t\t\t<dt class='gallery-icon landscape'>\n\t\t\t\t\t<a class=\"rollover rollover-zoom dt-pswp-item\" title=\"ra vales cortina foto omar\" data-dt-img-description=\"\" data-large_image_width=\"2000\" data-large_image_height=\"924\"href='https:\/\/www.radiopiu.net\/wordpress\/wp-content\/uploads\/2025\/02\/7d7c1c6c-2b4f-4bf2-9e8e-6818216f52bf.jpg'><img loading=\"lazy\" decoding=\"async\" width=\"150\" height=\"150\" src=\"https:\/\/www.radiopiu.net\/wordpress\/wp-content\/uploads\/2025\/02\/7d7c1c6c-2b4f-4bf2-9e8e-6818216f52bf-150x150.jpg\" class=\"attachment-thumbnail size-thumbnail\" alt=\"\" \/><\/a>\n\t\t\t\t<\/dt><\/dl><dl class='gallery-item'>\n\t\t\t\t<dt class='gallery-icon landscape'>\n\t\t\t\t\t<a class=\"rollover rollover-zoom dt-pswp-item\" title=\"ra vales cortina foto omar\" data-dt-img-description=\"\" data-large_image_width=\"2000\" data-large_image_height=\"924\"href='https:\/\/www.radiopiu.net\/wordpress\/wp-content\/uploads\/2025\/02\/08644993-e26e-4987-9d7f-ddf1311b130d.jpg'><img loading=\"lazy\" decoding=\"async\" width=\"150\" height=\"150\" src=\"https:\/\/www.radiopiu.net\/wordpress\/wp-content\/uploads\/2025\/02\/08644993-e26e-4987-9d7f-ddf1311b130d-150x150.jpg\" class=\"attachment-thumbnail size-thumbnail\" alt=\"\" \/><\/a>\n\t\t\t\t<\/dt><\/dl><dl class='gallery-item'>\n\t\t\t\t<dt class='gallery-icon portrait'>\n\t\t\t\t\t<a class=\"rollover rollover-zoom dt-pswp-item\" title=\"ra vales cortina foto omar\" data-dt-img-description=\"\" data-large_image_width=\"924\" data-large_image_height=\"2000\"href='https:\/\/www.radiopiu.net\/wordpress\/wp-content\/uploads\/2025\/02\/e3ed4a58-bd77-4bd2-8d7b-cb81ba3b925b.jpg'><img loading=\"lazy\" decoding=\"async\" width=\"150\" height=\"150\" src=\"https:\/\/www.radiopiu.net\/wordpress\/wp-content\/uploads\/2025\/02\/e3ed4a58-bd77-4bd2-8d7b-cb81ba3b925b-150x150.jpg\" class=\"attachment-thumbnail size-thumbnail\" alt=\"\" \/><\/a>\n\t\t\t\t<\/dt><\/dl><br style=\"clear: both\" \/><dl class='gallery-item'>\n\t\t\t\t<dt class='gallery-icon portrait'>\n\t\t\t\t\t<a class=\"rollover rollover-zoom dt-pswp-item\" title=\"ra vales cortina foto omar\" data-dt-img-description=\"\" data-large_image_width=\"924\" data-large_image_height=\"2000\"href='https:\/\/www.radiopiu.net\/wordpress\/wp-content\/uploads\/2025\/02\/5d2d4377-d562-41c9-a8b9-1aad43d5bc84.jpg'><img loading=\"lazy\" decoding=\"async\" width=\"150\" height=\"150\" src=\"https:\/\/www.radiopiu.net\/wordpress\/wp-content\/uploads\/2025\/02\/5d2d4377-d562-41c9-a8b9-1aad43d5bc84-150x150.jpg\" class=\"attachment-thumbnail size-thumbnail\" alt=\"\" \/><\/a>\n\t\t\t\t<\/dt><\/dl>\n\t\t\t\t<br style='clear: both' \/>\n\t\t\t<\/div>\n\n<p>&nbsp;<\/p>\n","protected":false},"excerpt":{"rendered":"<p>* CORTINA\u00a0 Le Dolomiti regalano sempre emozioni uniche, e l\u2019alba a Ra Valles, sopra Cortina, non fa eccezione. Questa mattina, Omar, ascoltatore di Radio Pi\u00f9, ha condiviso con noi sette splendide fotografie scattate durante il suo turno di lavoro. \u201cCiao Mirko, ti mando un paio di foto che ho fatto stamattina all\u2019alba al lavoro a&hellip;<\/p>\n","protected":false},"author":4,"featured_media":434063,"comment_status":"closed","ping_status":"closed","sticky":false,"template":"","format":"standard","meta":{"_monsterinsights_skip_tracking":false,"_monsterinsights_sitenote_active":false,"_monsterinsights_sitenote_note":"","_monsterinsights_sitenote_category":0,"footnotes":""},"categories":[49],"tags":[],"class_list":["post-434059","post","type-post","status-publish","format-standard","has-post-thumbnail","hentry","category-news-18","category-49","description-off"],"img_url":"https:\/\/www.radiopiu.net\/wordpress\/wp-content\/uploads\/2025\/02\/08644993-e26e-4987-9d7f-ddf1311b130d.jpg","_links":{"self":[{"href":"https:\/\/www.radiopiu.net\/wordpress\/wp-json\/wp\/v2\/posts\/434059","targetHints":{"allow":["GET"]}}],"collection":[{"href":"https:\/\/www.radiopiu.net\/wordpress\/wp-json\/wp\/v2\/posts"}],"about":[{"href":"https:\/\/www.radiopiu.net\/wordpress\/wp-json\/wp\/v2\/types\/post"}],"author":[{"embeddable":true,"href":"https:\/\/www.radiopiu.net\/wordpress\/wp-json\/wp\/v2\/users\/4"}],"replies":[{"embeddable":true,"href":"https:\/\/www.radiopiu.net\/wordpress\/wp-json\/wp\/v2\/comments?post=434059"}],"version-history":[{"count":4,"href":"https:\/\/www.radiopiu.net\/wordpress\/wp-json\/wp\/v2\/posts\/434059\/revisions"}],"predecessor-version":[{"id":434071,"href":"https:\/\/www.radiopiu.net\/wordpress\/wp-json\/wp\/v2\/posts\/434059\/revisions\/434071"}],"wp:featuredmedia":[{"embeddable":true,"href":"https:\/\/www.radiopiu.net\/wordpress\/wp-json\/wp\/v2\/media\/434063"}],"wp:attachment":[{"href":"https:\/\/www.radiopiu.net\/wordpress\/wp-json\/wp\/v2\/media?parent=434059"}],"wp:term":[{"taxonomy":"category","embeddable":true,"href":"https:\/\/www.radiopiu.net\/wordpress\/wp-json\/wp\/v2\/categories?post=434059"},{"taxonomy":"post_tag","embeddable":true,"href":"https:\/\/www.radiopiu.net\/wordpress\/wp-json\/wp\/v2\/tags?post=434059"}],"curies":[{"name":"wp","href":"https:\/\/api.w.org\/{rel}","templated":true}]}}