{"id":434147,"date":"2025-02-12T05:19:47","date_gmt":"2025-02-12T04:19:47","guid":{"rendered":"https:\/\/www.radiopiu.net\/wordpress\/?p=434147"},"modified":"2025-02-12T05:28:14","modified_gmt":"2025-02-12T04:28:14","slug":"perde-ciaspe-e-scarpe-nella-neve-recuperato-con-principio-di-ipotermia-ai-piedi","status":"publish","type":"post","link":"https:\/\/www.radiopiu.net\/wordpress\/perde-ciaspe-e-scarpe-nella-neve-recuperato-con-principio-di-ipotermia-ai-piedi\/","title":{"rendered":"PERDE CIASPE E SCARPE NELLA NEVE, RECUPERATO CON PRINCIPIO DI IPOTERMIA AI PIEDI"},"content":{"rendered":"<p>******<\/p>\n<p>&nbsp;<\/p>\n<p><strong>AURONZO DI CADORE\u00a0<\/strong>Attorno alle 14.30 un escursionista ha contattato la Centrale del Suem, poich\u00e9 aveva perso nella neve scarpe e ciaspe, camminando in salita verso il Rifugio Fonda Savio lungo il sentiero 115, aveva invano tentato di recuperarle ed era stato costretto dal gelo a fermarsi. Con la comunicazione disturbata e i tentativi di geolocalizzazione difficoltosi, gli operatori sono riusciti a risalire infine alla sua posizione, dopo una prima errata, che lo poneva nei pressi del Lago d&#8217;Antorno. Mentre una squadra del Soccorso alpino di Auronzo di Cadore si preparava in piazzola per eventuale supporto, l&#8217;elicottero del Suem di Pieve di Cadore \u00e8 volato nel punto indicato, ma non ha trovato il ventenne spagnolo, che non rispondeva pi\u00f9 al cellulare. Fortunatamente, insistendo nel sorvolo quando ormai le nubi si stavano abbassando, l&#8217;equipaggio \u00e8 riuscito poi a individuare il ragazzo, che aveva cercato riparo sotto una roccia nella zona dei Ciadin dei Toci. Issato a bordo con un verricello dal tecnico di elisoccorso, l&#8217;escursionista \u00e8 stato trasportato all&#8217;ospedale di Pieve di Cadore con un probabile principio di ipotermia ai piedi.<\/p>\n\n\t\t\t<style type='text\/css'>\n\t\t\t\t#gallery-1 {\n\t\t\t\t\tmargin: auto;\n\t\t\t\t}\n\t\t\t\t#gallery-1 .gallery-item {\n\t\t\t\t\tfloat: left;\n\t\t\t\t\tmargin-top: 10px;\n\t\t\t\t\ttext-align: center;\n\t\t\t\t\twidth: 50%;\n\t\t\t\t}\n\t\t\t\t#gallery-1 img {\n\t\t\t\t\tborder: 2px solid #cfcfcf;\n\t\t\t\t}\n\t\t\t\t#gallery-1 .gallery-caption {\n\t\t\t\t\tmargin-left: 0;\n\t\t\t\t}\n\t\t\t\t\/* see gallery_shortcode() in wp-includes\/media.php *\/\n\t\t\t<\/style>\n\t\t<div id='gallery-1' class='dt-gallery-container gallery galleryid-434147 gallery-columns-2 gallery-size-medium'><dl class='gallery-item'>\n\t\t\t\t<dt class='gallery-icon landscape'>\n\t\t\t\t\t<a class=\"rollover rollover-zoom dt-pswp-item\" title=\"Watermark_20250211_180015_637\" data-dt-img-description=\"\" data-large_image_width=\"2364\" data-large_image_height=\"1773\"href='https:\/\/www.radiopiu.net\/wordpress\/wp-content\/uploads\/2025\/02\/Watermark_20250211_180015_637.jpg'><img loading=\"lazy\" decoding=\"async\" width=\"300\" height=\"225\" src=\"https:\/\/www.radiopiu.net\/wordpress\/wp-content\/uploads\/2025\/02\/Watermark_20250211_180015_637-300x225.jpg\" class=\"attachment-medium size-medium\" alt=\"\" srcset=\"https:\/\/www.radiopiu.net\/wordpress\/wp-content\/uploads\/2025\/02\/Watermark_20250211_180015_637-300x225.jpg 300w, https:\/\/www.radiopiu.net\/wordpress\/wp-content\/uploads\/2025\/02\/Watermark_20250211_180015_637-1024x768.jpg 1024w, https:\/\/www.radiopiu.net\/wordpress\/wp-content\/uploads\/2025\/02\/Watermark_20250211_180015_637-768x576.jpg 768w, https:\/\/www.radiopiu.net\/wordpress\/wp-content\/uploads\/2025\/02\/Watermark_20250211_180015_637-1536x1152.jpg 1536w, https:\/\/www.radiopiu.net\/wordpress\/wp-content\/uploads\/2025\/02\/Watermark_20250211_180015_637-2048x1536.jpg 2048w\" sizes=\"auto, (max-width: 300px) 100vw, 300px\" \/><\/a>\n\t\t\t\t<\/dt><\/dl><dl class='gallery-item'>\n\t\t\t\t<dt class='gallery-icon portrait'>\n\t\t\t\t\t<a class=\"rollover rollover-zoom dt-pswp-item\" title=\"Watermark_20250211_180250_800\" data-dt-img-description=\"\" data-large_image_width=\"1773\" data-large_image_height=\"2364\"href='https:\/\/www.radiopiu.net\/wordpress\/wp-content\/uploads\/2025\/02\/Watermark_20250211_180250_800.jpg'><img loading=\"lazy\" decoding=\"async\" width=\"225\" height=\"300\" src=\"https:\/\/www.radiopiu.net\/wordpress\/wp-content\/uploads\/2025\/02\/Watermark_20250211_180250_800-225x300.jpg\" class=\"attachment-medium size-medium\" alt=\"\" srcset=\"https:\/\/www.radiopiu.net\/wordpress\/wp-content\/uploads\/2025\/02\/Watermark_20250211_180250_800-225x300.jpg 225w, https:\/\/www.radiopiu.net\/wordpress\/wp-content\/uploads\/2025\/02\/Watermark_20250211_180250_800-768x1024.jpg 768w, https:\/\/www.radiopiu.net\/wordpress\/wp-content\/uploads\/2025\/02\/Watermark_20250211_180250_800-1152x1536.jpg 1152w, https:\/\/www.radiopiu.net\/wordpress\/wp-content\/uploads\/2025\/02\/Watermark_20250211_180250_800-1536x2048.jpg 1536w, https:\/\/www.radiopiu.net\/wordpress\/wp-content\/uploads\/2025\/02\/Watermark_20250211_180250_800.jpg 1773w\" sizes=\"auto, (max-width: 225px) 100vw, 225px\" \/><\/a>\n\t\t\t\t<\/dt><\/dl><br style=\"clear: both\" \/>\n\t\t\t<\/div>\n\n<p>&nbsp;<\/p>\n<p>&nbsp;<\/p>\n<p>&nbsp;<\/p>\n<p>********<\/p>\n","protected":false},"excerpt":{"rendered":"<p>****** &nbsp; AURONZO DI CADORE\u00a0Attorno alle 14.30 un escursionista ha contattato la Centrale del Suem, poich\u00e9 aveva perso nella neve scarpe e ciaspe, camminando in salita verso il Rifugio Fonda Savio lungo il sentiero 115, aveva invano tentato di recuperarle ed era stato costretto dal gelo a fermarsi. Con la comunicazione disturbata e i tentativi&hellip;<\/p>\n","protected":false},"author":4,"featured_media":434151,"comment_status":"closed","ping_status":"closed","sticky":false,"template":"","format":"standard","meta":{"_monsterinsights_skip_tracking":false,"_monsterinsights_sitenote_active":false,"_monsterinsights_sitenote_note":"","_monsterinsights_sitenote_category":0,"footnotes":""},"categories":[51,49],"tags":[],"class_list":["post-434147","post","type-post","status-publish","format-standard","has-post-thumbnail","hentry","category-evidenza-top","category-news-18","category-51","category-49","description-off"],"img_url":"https:\/\/www.radiopiu.net\/wordpress\/wp-content\/uploads\/2025\/02\/LJoFHGASOGYHS.jpg","_links":{"self":[{"href":"https:\/\/www.radiopiu.net\/wordpress\/wp-json\/wp\/v2\/posts\/434147","targetHints":{"allow":["GET"]}}],"collection":[{"href":"https:\/\/www.radiopiu.net\/wordpress\/wp-json\/wp\/v2\/posts"}],"about":[{"href":"https:\/\/www.radiopiu.net\/wordpress\/wp-json\/wp\/v2\/types\/post"}],"author":[{"embeddable":true,"href":"https:\/\/www.radiopiu.net\/wordpress\/wp-json\/wp\/v2\/users\/4"}],"replies":[{"embeddable":true,"href":"https:\/\/www.radiopiu.net\/wordpress\/wp-json\/wp\/v2\/comments?post=434147"}],"version-history":[{"count":1,"href":"https:\/\/www.radiopiu.net\/wordpress\/wp-json\/wp\/v2\/posts\/434147\/revisions"}],"predecessor-version":[{"id":434152,"href":"https:\/\/www.radiopiu.net\/wordpress\/wp-json\/wp\/v2\/posts\/434147\/revisions\/434152"}],"wp:featuredmedia":[{"embeddable":true,"href":"https:\/\/www.radiopiu.net\/wordpress\/wp-json\/wp\/v2\/media\/434151"}],"wp:attachment":[{"href":"https:\/\/www.radiopiu.net\/wordpress\/wp-json\/wp\/v2\/media?parent=434147"}],"wp:term":[{"taxonomy":"category","embeddable":true,"href":"https:\/\/www.radiopiu.net\/wordpress\/wp-json\/wp\/v2\/categories?post=434147"},{"taxonomy":"post_tag","embeddable":true,"href":"https:\/\/www.radiopiu.net\/wordpress\/wp-json\/wp\/v2\/tags?post=434147"}],"curies":[{"name":"wp","href":"https:\/\/api.w.org\/{rel}","templated":true}]}}